{"id":278619,"date":"2023-06-27T12:24:10","date_gmt":"2023-06-27T08:24:10","guid":{"rendered":"https:\/\/www.meydan.tv\/?p=278619"},"modified":"2023-06-27T12:24:12","modified_gmt":"2023-06-27T08:24:12","slug":"covid-19-tanri-xatirine-acin-yollari","status":"publish","type":"post","link":"https:\/\/www.meydan.tv\/az\/article\/covid-19-tanri-xatirine-acin-yollari\/","title":{"rendered":"Covid-19: Tanr\u0131 xatirin\u0259, a\u00e7\u0131n yollar\u0131&#8230;"},"content":{"rendered":"\n<p><em>\u201cPrezident\u0259 m\u0259ktublar\u201d silsil\u0259sind\u0259n<\/em><\/p>\n\n\n\n<p><strong>R\u00f6v\u015f\u0259n Hac\u0131b\u0259yli<\/strong><\/p>\n\n\n\n<p>H\u00f6rm\u0259tli c\u0259nab Prezident!<\/p>\n\n\n\n<p>\u00c7ox d\u00fc\u015f\u00fcn\u00fcb-da\u015f\u0131nd\u0131qdan sonra siz\u0259 m\u0259ktub yazmaq q\u0259rar\u0131na g\u0259ldim. M\u0259ni sizin \u00f6lk\u0259d\u0259 Covid-19 adland\u0131rsalar da, Az\u0259rbaycana 2020-d\u0259 g\u0259lmi\u015f\u0259m, daha do\u011frusu, g\u0259tirilmi\u015f\u0259m. M\u0259murlar\u0131n\u0131z\u0131n t\u0259l\u0259sin\u0259 d\u00fc\u015fm\u00fc\u015f\u0259m. Onlar\u0131 bilmir\u0259m, m\u0259n bundan d\u0259rin sars\u0131nt\u0131 ke\u00e7irmi\u015f\u0259m. A\u00e7\u0131\u011f\u0131, do\u011fuldu\u011fum g\u00fcnd\u0259n sizin f\u00fcsunkar \u00f6lk\u0259 haqda \u00e7ox \u015feyl\u0259r e\u015fitmi\u015fdim, o \u00fczd\u0259n an\u0131ndaca m\u0259nd\u0259 bu diyara g\u0259lm\u0259k, buran\u0131n adamlar\u0131yla, coxillik prezidentlik t\u0259cr\u00fcb\u0259si olan sizinl\u0259 \u015f\u0259xs\u0259n tan\u0131\u015f olmaq ist\u0259yi yarand\u0131. \u00c7ox t\u0259\u0259ss\u00fcf, sizin xalq kimi arzum \u00fcr\u0259yimd\u0259 qald\u0131, he\u00e7 h\u0259nd\u0259v\u0259riniz\u0259 yax\u0131nla\u015fma\u011fa bel\u0259 imkan verm\u0259dil\u0259r. Ancaq \u00fcz\u00fclm\u0259dim, incim\u0259dim, q\u0131zmad\u0131m, burda \u0259ziz qonaq kimi qar\u015f\u0131lanma\u011f\u0131m m\u0259n\u0259 sanki d\u00fcnyan\u0131 vermi\u015fdi. Sizinl\u0259 g\u00f6r\u00fc\u015f\u0259 bilm\u0259s\u0259m d\u0259, el diliyl\u0259 des\u0259k, yen\u0259 Allah kas\u0131blara b\u0259r\u0259k\u0259t versin, onlara qonaq oldum, ham\u0131s\u0131 qap\u0131lar\u0131n\u0131 \u00fcz\u00fcm\u0259 taybatay a\u00e7d\u0131&#8230;<\/p>\n\n\n\n<p>\u0130lk \u00e7a\u011flar g\u0259li\u015fimd\u0259n panikaya d\u00fc\u015f\u0259nl\u0259r vard\u0131: x\u00fcsusil\u0259 sizin m\u0259murlar, asayi\u015f ke\u015fik\u00e7il\u0259ri aras\u0131nda. Zamanla h\u0259r \u015fey yoluna d\u00fc\u015fd\u00fc. \u018fslind\u0259, el\u0259 \u00e7ox da zamana ehtiyac qalmad\u0131, tezlikl\u0259 sizinkil\u0259rl\u0259 dil tapd\u0131q. N\u0259 i\u015f oldusa, m\u0259ni qaba\u011fa verdil\u0259r, h\u0259r \u015feyi m\u0259nim \u00fcst\u00fcm\u0259 atd\u0131lar, m\u0259nim g\u0259li\u015fimd\u0259n sonra \u00f6lk\u0259y\u0259 giri\u015f-\u00e7\u0131x\u0131\u015f\u0131 yasaq etdil\u0259r. Aya\u011f\u0131m d\u00fc\u015f\u0259rli oldu, he\u00e7 tan\u0131nmayan adamlar h\u0259r g\u00fcn televiziyalara \u00e7\u0131xd\u0131lar, \u00fcz\u00fc \u00fcz\u00fcm\u0259, g\u00f6z\u00fc g\u00f6z\u00fcm\u0259 m\u0259nd\u0259n dan\u0131\u015fd\u0131lar, yamanlad\u0131lar, ancaq x\u0259lv\u0259t\u0259 d\u00fc\u015f\u0259nd\u0259 in\u0259k balas\u0131n\u0131 yalayan kimi \u0259l \u00e7\u0259km\u0259dil\u0259r m\u0259nd\u0259n, \u00fczd\u0259 dedikl\u0259rin\u0259 g\u00f6r\u0259 daldada \u00fczr ist\u0259dil\u0259r, x\u0259yal bel\u0259 etm\u0259dikl\u0259rin\u0259 sahib oldular. Nazirl\u0259r Kabineti yan\u0131nda Operativ Q\u0259rargah, T\u018fB\u0130B, polis m\u0259ni \u00f6z aralar\u0131nda b\u00f6ld\u00fcl\u0259r sanki. H\u0259l\u0259 d\u0259 \u00f6z\u00fcm\u0259 g\u0259l\u0259 bilm\u0259mi\u015f\u0259m, \u00fcst\u0259lik, ili\u015fib qalm\u0131\u015fam burda, ged\u0259 bilmir\u0259m.<\/p>\n\n\n\n<p>Sizin \u015fair xalq\u0131n bununla ba\u011fl\u0131 bayat\u0131s\u0131 da var:<\/p>\n\n\n\n<p>\u018fslim \u00c7in torpaql\u0131d\u0131r,<\/p>\n\n\n\n<p>Sin\u0259m \u00e7arpaz da\u011fl\u0131d\u0131r,<\/p>\n\n\n\n<p>N\u0259 g\u0259l\u0259n var, n\u0259 ged\u0259n,<\/p>\n\n\n\n<p>M\u0259g\u0259r yollar ba\u011fl\u0131d\u0131r?!<\/p>\n\n\n\n<p>A\u00e7\u0131\u011f\u0131, o bayat\u0131n\u0131 h\u0259r e\u015fid\u0259nd\u0259 k\u00f6vr\u0259lir\u0259m, el\u0259 bilir\u0259m bu ah-nal\u0259nin \u0259sl s\u0259b\u0259bkar\u0131 m\u0259n\u0259m, ba\u015f g\u00f6t\u00fcr\u00fcb getm\u0259k ist\u0259yir\u0259m. Ancaq sizin T\u018fB\u0130B, Operativ Q\u0259rargah (polisd\u0259n birt\u0259h\u0259r qurtulmu\u015fam) \u0259l \u00e7\u0259kmir, m\u0259n\u0259 h\u0259l\u0259 d\u0259 ehtiyac oldu\u011funu deyir. Bu qurumun ke\u00e7mi\u015f r\u0259hb\u0259ri Ramin Bayraml\u0131 m\u0259nd\u0259n lap m\u00f6hk\u0259m yap\u0131\u015fm\u0131\u015fd\u0131, el\u0259 bilirdim sevgid\u0259ndi, d\u00fcz\u00fc, ancaq siz onu i\u015fd\u0259n \u00e7\u0131xaranda ortada n\u0259s\u0259 problem ya\u015fand\u0131\u011f\u0131n\u0131 bildim, onun gedi\u015find\u0259n xeyli rahatla\u015faca\u011f\u0131m\u0131 d\u00fc\u015f\u00fcnd\u00fcm. El\u0259 olmad\u0131, yerin\u0259 g\u0259l\u0259n d\u0259 onun kimidir, yaxamdan m\u00f6hk\u0259m yap\u0131\u015f\u0131b. Bel\u0259 ba\u015fa d\u00fc\u015f\u00fcr\u0259m ki, sizd\u0259 adamlar\u0131n yerini d\u0259yi\u015f\u0259nd\u0259 he\u00e7 n\u0259 d\u0259yi\u015fmir. Biri var, ad \u00e7\u0259kmir\u0259m, deyir, problem sistemd\u0259dir. Tanr\u0131ya and olsun ki, sisteml\u0259 ba\u011fl\u0131 b\u00fct\u00fcn d\u00fcnyada h\u0259r \u015fey eynidir, D\u00fcnya S\u0259hiyy\u0259 T\u0259\u015fkilat\u0131 da t\u0259sdiql\u0259y\u0259r, \u015flanqlar\u0131n r\u0259ngi m\u00fcxt\u0259lif ola bil\u0259r, t\u0259rkib el\u0259 sizd\u0259ki kimidir&#8230; Bax\u0131ram, sizd\u0259 d\u0259 t\u0259xribat\u00e7\u0131lar var, bel\u0259 m\u0259nas\u0131z fikirl\u0259rl\u0259 ba\u015f qat\u0131rlar, suyu buland\u0131r\u0131rlar, burda deyirl\u0259r e, n\u0259 bilim, kimins\u0259 d\u0259yirman\u0131na su t\u00f6k\u00fcrl\u0259r&#8230;Ancaq bu su v\u0259 d\u0259yirman m\u0259s\u0259l\u0259sinin n\u0259 oldu\u011funu burda ya\u015fad\u0131\u011f\u0131m 4 ild\u0259 h\u0259l\u0259 d\u0259 anlaya bilm\u0259mi\u015f\u0259m. D\u0259yirman hardad\u0131sa, orda su da olmal\u0131d\u0131r, niy\u0259 min bir \u0259ziyy\u0259tl\u0259 burdan su da\u015f\u0131s\u0131nlar ki suyun bu q\u0131t vaxt\u0131nda? Biz t\u0259r\u0259fl\u0259rd\u0259 kim d\u0259yirman i\u015fl\u0259dirs\u0259, suyu da \u00f6z\u00fc tap\u0131r&#8230;<\/p>\n\n\n\n<p>C\u0259nab Prezident!<\/p>\n\n\n\n<p>M\u0259n\u0259 d\u0259 b\u00f6htan at\u0131r, az a\u015f\u0131n duzu olmad\u0131\u011f\u0131m\u0131 deyirl\u0259r, \u00fcst\u0259lik, \u015f\u0259rl\u0259yirl\u0259r d\u0259. D\u00fcn\u0259n\u0259 q\u0259d\u0259r (25.06.2023) sizin \u00f6lk\u0259d\u0259 hans\u0131sa s\u0259b\u0259bd\u0259n \u00f6l\u0259n 10 min 282 n\u0259f\u0259rin s\u0259b\u0259bkar\u0131 kimi m\u0259ni g\u00f6st\u0259rirl\u0259r. Bundan vicdan \u0259zab\u0131 \u00e7\u0259kir\u0259m. S\u0259mimi s\u00f6z\u00fcmd\u00fcr, bura g\u0259li\u015fim\u0259 \u00e7ox pe\u015fmanam. Bildiyiniz kimi, \u0259halisinin say\u0131 sizd\u0259n d\u0259f\u0259l\u0259rl\u0259 \u00e7ox olan bir \u00f6lk\u0259d\u0259n g\u0259lmi\u015f\u0259m, Tanr\u0131n\u0131n i\u015fidir, bilmir\u0259m hans\u0131 g\u00fcnah\u0131n sahibiy\u0259m ki, m\u0259n\u0259 bu z\u00fclml\u0259ri ya\u015fad\u0131r. \u0130ki ildir \u00e7al\u0131\u015f\u0131ram, ancaq \u00e7\u0131xa bilmir\u0259m burdan, sizin o bayat\u0131da deyildiyi kimi, yollar\u0131m\u0131 ba\u011flay\u0131blar, kim bilir, b\u0259lk\u0259 d\u0259, cadu edibl\u0259r&#8230;<\/p>\n\n\n\n<p>H\u0259l\u0259 bura g\u0259lm\u0259mi\u015fd\u0259n d\u0259 sizin daxili v\u0259 xarici siyas\u0259tinizi d\u0259rind\u0259n izl\u0259yirdim, g\u0259l\u0259nd\u0259n sonra, \u00fcst\u0259lik, yax\u0131ndan izl\u0259m\u0259k imkan\u0131 qazand\u0131m. D\u00fcnyan\u0131n he\u00e7 bir \u00f6lk\u0259sind\u0259, he\u00e7 bir liderind\u0259 bu c\u0259sar\u0259t, bu humanizm, bu d\u0259mir yumruq yoxdur. M\u00fcdrikliyiniz\u0259 g\u00fcv\u0259nib bu m\u0259ktubu siz\u0259 yaz\u0131ram. Cavabs\u0131z qoymayaca\u011f\u0131n\u0131za \u0259min\u0259m, burax\u0131n m\u0259ni \u00f6lk\u0259d\u0259n, atama l\u0259n\u0259t bir d\u0259 buralara \u00fcz tutsam. Sizin o Nazirl\u0259r Kabinetinin Operativ Q\u0259rargah\u0131, T\u018fB\u0130B, yollar\u0131n ba\u011flanmas\u0131n\u0131 f\u00fcrs\u0259t bilib Tanr\u0131n\u0131n havas\u0131nda qiym\u0259tl\u0259ri qald\u0131ran AZAL&#8230; Ham\u0131s\u0131 el\u0259dikl\u0259rind\u0259 m\u0259ni su\u00e7lu say\u0131r, bu n\u0259 loodu d\u00fc\u015fm\u00fc\u015f\u0259m, \u0130lahi?!<\/p>\n\n\n\n<p>H\u00f6rm\u0259tli c\u0259nab Prezident!<\/p>\n\n\n\n<p>Yad\u0131ma d\u00fc\u015fm\u00fc\u015fk\u0259n deyim, ilk g\u0259li\u015fimd\u0259 b\u0259zil\u0259rind\u0259 m\u0259n\u0259 qar\u015f\u0131 yaranan nifr\u0259t sonradan sevgiy\u0259 \u00e7evrildi. Etiraf edir\u0259m ki, oldu\u011fum ba\u015fqa \u00f6lk\u0259l\u0259rin he\u00e7 birind\u0259 bu miqyasda sevgi g\u00f6rm\u0259dim. Sizin \u00f6lk\u0259nin analoqsuzlu\u011funu onda bir daha d\u0259rk etdim. Ba\u015fqa \u00f6lk\u0259l\u0259r m\u0259nd\u0259n m\u00fcmk\u00fcn q\u0259d\u0259r tez can qurtarma\u011fa \u00e7al\u0131\u015fd\u0131qlar\u0131 halda, siz qucaq a\u00e7d\u0131n\u0131z, ba\u015f\u0131ma s\u0131\u011fal \u00e7\u0259kdiniz, ne\u00e7\u0259 ill\u0259rin h\u0259sr\u0259tlisi kimi ba\u011fr\u0131n\u0131za bas\u0131b he\u00e7 yana buraxmamaq ist\u0259yinizi dil\u0259 g\u0259tirdiniz. Bunlar\u0131 yada salanda indi d\u0259 k\u00f6vr\u0259lir\u0259m. B\u00fct\u00fcn bunlara g\u00f6r\u0259 \u00e7ox sa\u011f olun, burda uzun m\u00fcdd\u0259t\u0259 qalma\u011f\u0131mda \u0259m\u0259yi ke\u00e7\u0259n h\u0259r k\u0259s\u0259 sevgimi v\u0259 say\u011f\u0131m\u0131 bildirir\u0259m, bu yax\u015f\u0131l\u0131\u011f\u0131 he\u00e7 vaxt unutmayacam, ancaq getm\u0259k ist\u0259yir\u0259m, bu \u00f6lk\u0259d\u0259s\u0259 n\u0259yi n\u0259 vaxt, nec\u0259 etm\u0259yi yaln\u0131z Sizin bildiyinizi deyirl\u0259r, Tanr\u0131 xatirin\u0259, a\u00e7\u0131n yollar\u0131,\u00e7\u0131x\u0131m gedim&#8230;<\/p>\n\n\n\n<p>Qabaqcadan minn\u0259tdarl\u0131qla v\u0259 bir daha h\u00f6rm\u0259tl\u0259, sizin Covid-19.<\/p>\n","protected":false},"excerpt":{"rendered":"<p>\u201cPrezident\u0259 m\u0259ktublar\u201d silsil\u0259sind\u0259n R\u00f6v\u015f\u0259n Hac\u0131b\u0259yli H\u00f6rm\u0259tli c\u0259nab Prezident! \u00c7ox d\u00fc\u015f\u00fcn\u00fcb-da\u015f\u0131nd\u0131qdan &#8230; <\/p>\n<p class=\"read-more-container\"><a title=\"Covid-19: Tanr\u0131 xatirin\u0259, a\u00e7\u0131n yollar\u0131&#8230;\" class=\"read-more button\" href=\"https:\/\/www.meydan.tv\/az\/article\/covid-19-tanri-xatirine-acin-yollari\/#more-278619\" aria-label=\"Read more about Covid-19: Tanr\u0131 xatirin\u0259, a\u00e7\u0131n yollar\u0131&#8230;\">Davam\u0131<\/a><\/p>\n","protected":false},"author":12,"featured_media":125837,"comment_status":"closed","ping_status":"closed","sticky":false,"template":"","format":"standard","meta":{"_acf_changed":false,"_sitemap_exclude":false,"_sitemap_priority":"","_sitemap_frequency":"","footnotes":""},"categories":[57,59],"tags":[],"class_list":["post-278619","post","type-post","status-publish","format-standard","has-post-thumbnail","hentry","category-menim-fikrimce","category-siyaset","infinite-scroll-item","generate-columns","tablet-grid-50","mobile-grid-100","grid-parent","grid-33","no-featured-image-padding"],"acf":[],"yoast_head":"<!-- This site is optimized with the Yoast SEO plugin v27.4 - https:\/\/yoast.com\/product\/yoast-seo-wordpress\/ -->\n<title>Covid-19: Tanr\u0131 xatirin\u0259, a\u00e7\u0131n yollar\u0131... - MEYDAN.TV<\/title>\n<meta name=\"robots\" content=\"index, follow, max-snippet:-1, max-image-preview:large, max-video-preview:-1\" \/>\n<link rel=\"canonical\" href=\"https:\/\/www.meydan.tv\/az\/article\/covid-19-tanri-xatirine-acin-yollari\/\" \/>\n<meta property=\"og:locale\" content=\"az_AZ\" \/>\n<meta property=\"og:type\" content=\"article\" \/>\n<meta property=\"og:title\" content=\"Covid-19: Tanr\u0131 xatirin\u0259, a\u00e7\u0131n yollar\u0131... - MEYDAN.TV\" \/>\n<meta property=\"og:description\" content=\"\u201cPrezident\u0259 m\u0259ktublar\u201d silsil\u0259sind\u0259n R\u00f6v\u015f\u0259n Hac\u0131b\u0259yli H\u00f6rm\u0259tli c\u0259nab Prezident! \u00c7ox d\u00fc\u015f\u00fcn\u00fcb-da\u015f\u0131nd\u0131qdan ... Davam\u0131\" \/>\n<meta property=\"og:url\" content=\"https:\/\/www.meydan.tv\/az\/article\/covid-19-tanri-xatirine-acin-yollari\/\" \/>\n<meta property=\"og:site_name\" content=\"MEYDAN.TV\" \/>\n<meta property=\"article:published_time\" content=\"2023-06-27T08:24:10+00:00\" \/>\n<meta property=\"article:modified_time\" content=\"2023-06-27T08:24:12+00:00\" \/>\n<meta property=\"og:image\" content=\"https:\/\/www.meydan.tv\/wp-content\/uploads\/image_from_ios_unrqckb.original-scaled-e1685106480202.jpg\" \/>\n\t<meta property=\"og:image:width\" content=\"2560\" \/>\n\t<meta property=\"og:image:height\" content=\"1228\" \/>\n\t<meta property=\"og:image:type\" content=\"image\/jpeg\" \/>\n<meta name=\"author\" content=\"aleks\" \/>\n<meta name=\"twitter:card\" content=\"summary_large_image\" \/>\n<script type=\"application\/ld+json\" class=\"yoast-schema-graph\">{\"@context\":\"https:\\\/\\\/schema.org\",\"@graph\":[{\"@type\":\"Article\",\"@id\":\"https:\\\/\\\/www.meydan.tv\\\/az\\\/article\\\/covid-19-tanri-xatirine-acin-yollari\\\/#article\",\"isPartOf\":{\"@id\":\"https:\\\/\\\/www.meydan.tv\\\/az\\\/article\\\/covid-19-tanri-xatirine-acin-yollari\\\/\"},\"author\":{\"name\":\"aleks\",\"@id\":\"https:\\\/\\\/www.meydan.tv\\\/az\\\/#\\\/schema\\\/person\\\/476e9360e593fa131d5d71d51866f8da\"},\"headline\":\"Covid-19: Tanr\u0131 xatirin\u0259, a\u00e7\u0131n yollar\u0131&#8230;\",\"datePublished\":\"2023-06-27T08:24:10+00:00\",\"dateModified\":\"2023-06-27T08:24:12+00:00\",\"mainEntityOfPage\":{\"@id\":\"https:\\\/\\\/www.meydan.tv\\\/az\\\/article\\\/covid-19-tanri-xatirine-acin-yollari\\\/\"},\"wordCount\":1229,\"publisher\":{\"@id\":\"https:\\\/\\\/www.meydan.tv\\\/az\\\/#organization\"},\"image\":{\"@id\":\"https:\\\/\\\/www.meydan.tv\\\/az\\\/article\\\/covid-19-tanri-xatirine-acin-yollari\\\/#primaryimage\"},\"thumbnailUrl\":\"https:\\\/\\\/www.meydan.tv\\\/wp-content\\\/uploads\\\/image_from_ios_unrqckb.original-scaled-e1685106480202.jpg\",\"articleSection\":[\"M\u0259nim Fikrimc\u0259\",\"Siyas\u0259t\"],\"inLanguage\":\"az\"},{\"@type\":\"WebPage\",\"@id\":\"https:\\\/\\\/www.meydan.tv\\\/az\\\/article\\\/covid-19-tanri-xatirine-acin-yollari\\\/\",\"url\":\"https:\\\/\\\/www.meydan.tv\\\/az\\\/article\\\/covid-19-tanri-xatirine-acin-yollari\\\/\",\"name\":\"Covid-19: Tanr\u0131 xatirin\u0259, a\u00e7\u0131n yollar\u0131... - MEYDAN.TV\",\"isPartOf\":{\"@id\":\"https:\\\/\\\/www.meydan.tv\\\/az\\\/#website\"},\"primaryImageOfPage\":{\"@id\":\"https:\\\/\\\/www.meydan.tv\\\/az\\\/article\\\/covid-19-tanri-xatirine-acin-yollari\\\/#primaryimage\"},\"image\":{\"@id\":\"https:\\\/\\\/www.meydan.tv\\\/az\\\/article\\\/covid-19-tanri-xatirine-acin-yollari\\\/#primaryimage\"},\"thumbnailUrl\":\"https:\\\/\\\/www.meydan.tv\\\/wp-content\\\/uploads\\\/image_from_ios_unrqckb.original-scaled-e1685106480202.jpg\",\"datePublished\":\"2023-06-27T08:24:10+00:00\",\"dateModified\":\"2023-06-27T08:24:12+00:00\",\"breadcrumb\":{\"@id\":\"https:\\\/\\\/www.meydan.tv\\\/az\\\/article\\\/covid-19-tanri-xatirine-acin-yollari\\\/#breadcrumb\"},\"inLanguage\":\"az\",\"potentialAction\":[{\"@type\":\"ReadAction\",\"target\":[\"https:\\\/\\\/www.meydan.tv\\\/az\\\/article\\\/covid-19-tanri-xatirine-acin-yollari\\\/\"]}]},{\"@type\":\"ImageObject\",\"inLanguage\":\"az\",\"@id\":\"https:\\\/\\\/www.meydan.tv\\\/az\\\/article\\\/covid-19-tanri-xatirine-acin-yollari\\\/#primaryimage\",\"url\":\"https:\\\/\\\/www.meydan.tv\\\/wp-content\\\/uploads\\\/image_from_ios_unrqckb.original-scaled-e1685106480202.jpg\",\"contentUrl\":\"https:\\\/\\\/www.meydan.tv\\\/wp-content\\\/uploads\\\/image_from_ios_unrqckb.original-scaled-e1685106480202.jpg\",\"width\":2560,\"height\":1228,\"caption\":\"M\u0259nb\u0259: Meydan TV\"},{\"@type\":\"BreadcrumbList\",\"@id\":\"https:\\\/\\\/www.meydan.tv\\\/az\\\/article\\\/covid-19-tanri-xatirine-acin-yollari\\\/#breadcrumb\",\"itemListElement\":[{\"@type\":\"ListItem\",\"position\":1,\"name\":\"Ana s\u0259hif\u0259\",\"item\":\"https:\\\/\\\/www.meydan.tv\\\/az\\\/\"},{\"@type\":\"ListItem\",\"position\":2,\"name\":\"M\u0259nim Fikrimc\u0259\",\"item\":\"https:\\\/\\\/www.meydan.tv\\\/az\\\/section\\\/menim-fikrimce\\\/\"},{\"@type\":\"ListItem\",\"position\":3,\"name\":\"Covid-19: Tanr\u0131 xatirin\u0259, a\u00e7\u0131n yollar\u0131&#8230;\"}]},{\"@type\":\"WebSite\",\"@id\":\"https:\\\/\\\/www.meydan.tv\\\/az\\\/#website\",\"url\":\"https:\\\/\\\/www.meydan.tv\\\/az\\\/\",\"name\":\"MEYDAN.TV\",\"description\":\"Meydan TV Az\u0259rbaycan\u0131n media m\u0259kan\u0131ndak\u0131 alternativ s\u0259sidir\",\"publisher\":{\"@id\":\"https:\\\/\\\/www.meydan.tv\\\/az\\\/#organization\"},\"potentialAction\":[{\"@type\":\"SearchAction\",\"target\":{\"@type\":\"EntryPoint\",\"urlTemplate\":\"https:\\\/\\\/www.meydan.tv\\\/az\\\/?s={search_term_string}\"},\"query-input\":{\"@type\":\"PropertyValueSpecification\",\"valueRequired\":true,\"valueName\":\"search_term_string\"}}],\"inLanguage\":\"az\"},{\"@type\":\"Organization\",\"@id\":\"https:\\\/\\\/www.meydan.tv\\\/az\\\/#organization\",\"name\":\"Meydan TV\",\"url\":\"https:\\\/\\\/www.meydan.tv\\\/az\\\/\",\"logo\":{\"@type\":\"ImageObject\",\"inLanguage\":\"az\",\"@id\":\"https:\\\/\\\/www.meydan.tv\\\/az\\\/#\\\/schema\\\/logo\\\/image\\\/\",\"url\":\"https:\\\/\\\/www.meydan.tv\\\/wp-content\\\/uploads\\\/2021\\\/07\\\/meydan-logo.svg\",\"contentUrl\":\"https:\\\/\\\/www.meydan.tv\\\/wp-content\\\/uploads\\\/2021\\\/07\\\/meydan-logo.svg\",\"width\":195,\"height\":46,\"caption\":\"Meydan TV\"},\"image\":{\"@id\":\"https:\\\/\\\/www.meydan.tv\\\/az\\\/#\\\/schema\\\/logo\\\/image\\\/\"}},{\"@type\":\"Person\",\"@id\":\"https:\\\/\\\/www.meydan.tv\\\/az\\\/#\\\/schema\\\/person\\\/476e9360e593fa131d5d71d51866f8da\",\"name\":\"aleks\"}]}<\/script>\n<!-- \/ Yoast SEO plugin. -->","yoast_head_json":{"title":"Covid-19: Tanr\u0131 xatirin\u0259, a\u00e7\u0131n yollar\u0131... - MEYDAN.TV","robots":{"index":"index","follow":"follow","max-snippet":"max-snippet:-1","max-image-preview":"max-image-preview:large","max-video-preview":"max-video-preview:-1"},"canonical":"https:\/\/www.meydan.tv\/az\/article\/covid-19-tanri-xatirine-acin-yollari\/","og_locale":"az_AZ","og_type":"article","og_title":"Covid-19: Tanr\u0131 xatirin\u0259, a\u00e7\u0131n yollar\u0131... - MEYDAN.TV","og_description":"\u201cPrezident\u0259 m\u0259ktublar\u201d silsil\u0259sind\u0259n R\u00f6v\u015f\u0259n Hac\u0131b\u0259yli H\u00f6rm\u0259tli c\u0259nab Prezident! \u00c7ox d\u00fc\u015f\u00fcn\u00fcb-da\u015f\u0131nd\u0131qdan ... Davam\u0131","og_url":"https:\/\/www.meydan.tv\/az\/article\/covid-19-tanri-xatirine-acin-yollari\/","og_site_name":"MEYDAN.TV","article_published_time":"2023-06-27T08:24:10+00:00","article_modified_time":"2023-06-27T08:24:12+00:00","og_image":[{"width":2560,"height":1228,"url":"https:\/\/www.meydan.tv\/wp-content\/uploads\/image_from_ios_unrqckb.original-scaled-e1685106480202.jpg","type":"image\/jpeg"}],"author":"aleks","twitter_card":"summary_large_image","schema":{"@context":"https:\/\/schema.org","@graph":[{"@type":"Article","@id":"https:\/\/www.meydan.tv\/az\/article\/covid-19-tanri-xatirine-acin-yollari\/#article","isPartOf":{"@id":"https:\/\/www.meydan.tv\/az\/article\/covid-19-tanri-xatirine-acin-yollari\/"},"author":{"name":"aleks","@id":"https:\/\/www.meydan.tv\/az\/#\/schema\/person\/476e9360e593fa131d5d71d51866f8da"},"headline":"Covid-19: Tanr\u0131 xatirin\u0259, a\u00e7\u0131n yollar\u0131&#8230;","datePublished":"2023-06-27T08:24:10+00:00","dateModified":"2023-06-27T08:24:12+00:00","mainEntityOfPage":{"@id":"https:\/\/www.meydan.tv\/az\/article\/covid-19-tanri-xatirine-acin-yollari\/"},"wordCount":1229,"publisher":{"@id":"https:\/\/www.meydan.tv\/az\/#organization"},"image":{"@id":"https:\/\/www.meydan.tv\/az\/article\/covid-19-tanri-xatirine-acin-yollari\/#primaryimage"},"thumbnailUrl":"https:\/\/www.meydan.tv\/wp-content\/uploads\/image_from_ios_unrqckb.original-scaled-e1685106480202.jpg","articleSection":["M\u0259nim Fikrimc\u0259","Siyas\u0259t"],"inLanguage":"az"},{"@type":"WebPage","@id":"https:\/\/www.meydan.tv\/az\/article\/covid-19-tanri-xatirine-acin-yollari\/","url":"https:\/\/www.meydan.tv\/az\/article\/covid-19-tanri-xatirine-acin-yollari\/","name":"Covid-19: Tanr\u0131 xatirin\u0259, a\u00e7\u0131n yollar\u0131... - MEYDAN.TV","isPartOf":{"@id":"https:\/\/www.meydan.tv\/az\/#website"},"primaryImageOfPage":{"@id":"https:\/\/www.meydan.tv\/az\/article\/covid-19-tanri-xatirine-acin-yollari\/#primaryimage"},"image":{"@id":"https:\/\/www.meydan.tv\/az\/article\/covid-19-tanri-xatirine-acin-yollari\/#primaryimage"},"thumbnailUrl":"https:\/\/www.meydan.tv\/wp-content\/uploads\/image_from_ios_unrqckb.original-scaled-e1685106480202.jpg","datePublished":"2023-06-27T08:24:10+00:00","dateModified":"2023-06-27T08:24:12+00:00","breadcrumb":{"@id":"https:\/\/www.meydan.tv\/az\/article\/covid-19-tanri-xatirine-acin-yollari\/#breadcrumb"},"inLanguage":"az","potentialAction":[{"@type":"ReadAction","target":["https:\/\/www.meydan.tv\/az\/article\/covid-19-tanri-xatirine-acin-yollari\/"]}]},{"@type":"ImageObject","inLanguage":"az","@id":"https:\/\/www.meydan.tv\/az\/article\/covid-19-tanri-xatirine-acin-yollari\/#primaryimage","url":"https:\/\/www.meydan.tv\/wp-content\/uploads\/image_from_ios_unrqckb.original-scaled-e1685106480202.jpg","contentUrl":"https:\/\/www.meydan.tv\/wp-content\/uploads\/image_from_ios_unrqckb.original-scaled-e1685106480202.jpg","width":2560,"height":1228,"caption":"M\u0259nb\u0259: Meydan TV"},{"@type":"BreadcrumbList","@id":"https:\/\/www.meydan.tv\/az\/article\/covid-19-tanri-xatirine-acin-yollari\/#breadcrumb","itemListElement":[{"@type":"ListItem","position":1,"name":"Ana s\u0259hif\u0259","item":"https:\/\/www.meydan.tv\/az\/"},{"@type":"ListItem","position":2,"name":"M\u0259nim Fikrimc\u0259","item":"https:\/\/www.meydan.tv\/az\/section\/menim-fikrimce\/"},{"@type":"ListItem","position":3,"name":"Covid-19: Tanr\u0131 xatirin\u0259, a\u00e7\u0131n yollar\u0131&#8230;"}]},{"@type":"WebSite","@id":"https:\/\/www.meydan.tv\/az\/#website","url":"https:\/\/www.meydan.tv\/az\/","name":"MEYDAN.TV","description":"Meydan TV Az\u0259rbaycan\u0131n media m\u0259kan\u0131ndak\u0131 alternativ s\u0259sidir","publisher":{"@id":"https:\/\/www.meydan.tv\/az\/#organization"},"potentialAction":[{"@type":"SearchAction","target":{"@type":"EntryPoint","urlTemplate":"https:\/\/www.meydan.tv\/az\/?s={search_term_string}"},"query-input":{"@type":"PropertyValueSpecification","valueRequired":true,"valueName":"search_term_string"}}],"inLanguage":"az"},{"@type":"Organization","@id":"https:\/\/www.meydan.tv\/az\/#organization","name":"Meydan TV","url":"https:\/\/www.meydan.tv\/az\/","logo":{"@type":"ImageObject","inLanguage":"az","@id":"https:\/\/www.meydan.tv\/az\/#\/schema\/logo\/image\/","url":"https:\/\/www.meydan.tv\/wp-content\/uploads\/2021\/07\/meydan-logo.svg","contentUrl":"https:\/\/www.meydan.tv\/wp-content\/uploads\/2021\/07\/meydan-logo.svg","width":195,"height":46,"caption":"Meydan TV"},"image":{"@id":"https:\/\/www.meydan.tv\/az\/#\/schema\/logo\/image\/"}},{"@type":"Person","@id":"https:\/\/www.meydan.tv\/az\/#\/schema\/person\/476e9360e593fa131d5d71d51866f8da","name":"aleks"}]}},"_links":{"self":[{"href":"https:\/\/www.meydan.tv\/az\/wp-json\/wp\/v2\/posts\/278619","targetHints":{"allow":["GET"]}}],"collection":[{"href":"https:\/\/www.meydan.tv\/az\/wp-json\/wp\/v2\/posts"}],"about":[{"href":"https:\/\/www.meydan.tv\/az\/wp-json\/wp\/v2\/types\/post"}],"author":[{"embeddable":true,"href":"https:\/\/www.meydan.tv\/az\/wp-json\/wp\/v2\/users\/12"}],"replies":[{"embeddable":true,"href":"https:\/\/www.meydan.tv\/az\/wp-json\/wp\/v2\/comments?post=278619"}],"version-history":[{"count":1,"href":"https:\/\/www.meydan.tv\/az\/wp-json\/wp\/v2\/posts\/278619\/revisions"}],"predecessor-version":[{"id":278620,"href":"https:\/\/www.meydan.tv\/az\/wp-json\/wp\/v2\/posts\/278619\/revisions\/278620"}],"wp:featuredmedia":[{"embeddable":true,"href":"https:\/\/www.meydan.tv\/az\/wp-json\/wp\/v2\/media\/125837"}],"wp:attachment":[{"href":"https:\/\/www.meydan.tv\/az\/wp-json\/wp\/v2\/media?parent=278619"}],"wp:term":[{"taxonomy":"category","embeddable":true,"href":"https:\/\/www.meydan.tv\/az\/wp-json\/wp\/v2\/categories?post=278619"},{"taxonomy":"post_tag","embeddable":true,"href":"https:\/\/www.meydan.tv\/az\/wp-json\/wp\/v2\/tags?post=278619"}],"curies":[{"name":"wp","href":"https:\/\/api.w.org\/{rel}","templated":true}]}}