{"id":278592,"date":"2023-06-26T22:18:54","date_gmt":"2023-06-26T18:18:54","guid":{"rendered":"https:\/\/www.meydan.tv\/?p=278592"},"modified":"2023-06-26T22:20:52","modified_gmt":"2023-06-26T18:20:52","slug":"nazim-beydemirli-aztv-ni-yeni-musavati-deputati-mehkemeye-verdi","status":"publish","type":"post","link":"https:\/\/www.meydan.tv\/az\/article\/nazim-beydemirli-aztv-ni-yeni-musavati-deputati-mehkemeye-verdi\/","title":{"rendered":"Nazim B\u0259yd\u0259mirli AzTV-ni, \u201cYeni M\u00fcsavat\u201d\u0131, deputat\u0131 m\u0259hk\u0259m\u0259y\u0259 verdi"},"content":{"rendered":"\n<p><\/p>\n\n\n\n<p><em><strong>Ke\u00e7mi\u015f deputat h\u0259r birind\u0259n t\u0259zminat ist\u0259yir<\/strong><\/em><\/p>\n\n\n\n<p>Sabiq deputat Nazim B\u0259yd\u0259mirli &#8220;Yeni M\u00fcsavat&#8221; sayt\u0131n\u0131, Az\u0259rbaycan D\u00f6vl\u0259t Televiziyas\u0131n\u0131 v\u0259 deputat Elman N\u0259sirova qar\u015f\u0131 m\u0259hk\u0259m\u0259 iddias\u0131 qald\u0131r\u0131b.<\/p>\n\n\n\n<p>Nazim B\u0259yd\u0259mirli \u015fikay\u0259tini Nizami Rayon M\u0259hk\u0259m\u0259sin\u0259 g\u00f6nd\u0259rib.<\/p>\n\n\n\n<p>Bu bar\u0259d\u0259 o, &#8220;Facebook&#8221; s\u0259hif\u0259sind\u0259 payla\u015f\u0131m <a href=\"https:\/\/www.facebook.com\/permalink.php?story_fbid=pfbid0rHCnWWug2Uu9CPDXEBZpRoncicu2DBC6PRkW6GKjnbPsxpQb3nRMezt2gEM6c1dVl&amp;id=100000649714076\" target=\"_blank\" rel=\"noreferrer noopener\">edib.<\/a><\/p>\n\n\n\n<p><em>&#8220;G\u0259d\u0259b\u0259y rayonunda q\u0131z\u0131l zavodunun f\u0259aliyy\u0259tind\u0259n ortaya \u00e7\u0131xm\u0131\u015f m\u0259nz\u0259r\u0259d\u0259 m\u0259n\u0259 qar\u015f\u0131 b\u00f6htan yayanlar\u0131 m\u0259hk\u0259m\u0259y\u0259 verdim. H\u0259r \u00fc\u00e7 cavabdehd\u0259n t\u0259kzib verm\u0259l\u0259rini, \u00fczr ist\u0259m\u0259l\u0259rini v\u0259 r\u0259mzi olaraq 1 (bir) manat t\u0259zminat \u00f6d\u0259m\u0259l\u0259rini t\u0259l\u0259b edir\u0259m!&#8221;,<\/em>-dey\u0259 B\u0259yd\u0259mirli yaz\u0131b.<\/p>\n\n\n\n<p>N.B\u0259yd\u0259mirli qeyd edib ki, m\u0259hk\u0259m\u0259 i\u015f\u0259 baxana q\u0259d\u0259r \u00f6zl\u0259ri k\u00f6n\u00fcll\u00fc t\u0259kzib verib \u00fczr ist\u0259m\u0259s\u0259l\u0259r, t\u0259zminat m\u0259s\u0259l\u0259sin\u0259 yenid\u0259n baxacaq:<\/p>\n\n\n\n<p><em>&#8220;Nec\u0259 deyirl\u0259r: T\u00f6vb\u0259 qap\u0131s\u0131 h\u0259l\u0259ki a\u00e7\u0131qd\u0131r!&#8221;.<\/em><\/p>\n\n\n\n<p>G\u0259d\u0259b\u0259y rayonunun S\u00f6y\u00fcdl\u00fc k\u0259ndind\u0259ki etirazlar\u0131 hakimiyy\u0259t\u0259 yax\u0131n media xarici amill\u0259rl\u0259 \u0259laq\u0259l\u0259ndirmi\u015fdi.<\/p>\n\n\n\n<p>Konkret olaraq, &#8220;Yeni M\u00fcsavat&#8221; q\u0259zeti etirazlar\u0131n t\u0259\u015fkilind\u0259 Rusiyan\u0131n ad\u0131n\u0131 \u00e7\u0259k\u0259r\u0259k bildirmi\u015fdi ki, t\u0259xribat\u0131n haz\u0131rlanmas\u0131 zaman\u0131 t\u0259\u015fkilat\u00e7\u0131lar G\u0259d\u0259b\u0259yin ke\u00e7mi\u015f icra ba\u015f\u00e7\u0131s\u0131, bir m\u00fcdd\u0259t h\u0259bsd\u0259 olmu\u015f AXCP \u00fczv\u00fc Saleh R\u00fcst\u0259mov v\u0259 onun o\u011flu Sezgin R\u00fcst\u0259movla da t\u0259masa ke\u00e7ibl\u0259r:<\/p>\n\n\n\n<figure class=\"wp-block-image size-full\"><img decoding=\"async\" width=\"712\" height=\"506\" data-src=\"https:\/\/www.meydan.tv\/wp-content\/uploads\/mehkeme-3.jpg\" alt=\"\" class=\"wp-image-278599 lazyload\" src=\"data:image\/svg+xml;base64,PHN2ZyB3aWR0aD0iMSIgaGVpZ2h0PSIxIiB4bWxucz0iaHR0cDovL3d3dy53My5vcmcvMjAwMC9zdmciPjwvc3ZnPg==\" style=\"--smush-placeholder-width: 712px; --smush-placeholder-aspect-ratio: 712\/506;\" \/><\/figure>\n\n\n\n<p><em>&#8220;Saleh R\u00fcst\u0259mov m\u00f6vzunu siyasil\u0259\u015fdir\u0259r\u0259k AXCP-nin g\u00fcnd\u0259min\u0259 \u00e7\u0131xarmal\u0131, o\u011flu Sezgin is\u0259 g\u0259ncl\u0259r aras\u0131nda t\u0259bli\u011fat i\u015fi g\u00f6rm\u0259li idi. T\u0259xribat\u00e7\u0131lar\u0131n Rusiya il\u0259 ba\u011fl\u0131 \u201c5-ci kolon\u201d \u00fczvl\u0259rind\u0259n olan ke\u00e7mi\u015f mill\u0259t v\u0259kili Nazim B\u0259yd\u0259mirli il\u0259 d\u0259 t\u0259maslar\u0131 olub v\u0259 o, Bak\u0131dan bu prosesl\u0259rin koordinasiyas\u0131 il\u0259 m\u0259\u015f\u011ful olub. M\u0259lumat \u00fc\u00e7\u00fcn bildir\u0259k ki, vaxtil\u0259 vergil\u0259r naziri Fazil M\u0259mm\u0259dovun d\u0259st\u0259yi v\u0259 Ramiz Mehdiyevin raz\u0131l\u0131\u011f\u0131 il\u0259 parlamentd\u0259 t\u0259msil olunmu\u015f N.M\u0259mm\u0259dovun bir m\u00fcdd\u0259t AXCP-y\u0259 maliyy\u0259 d\u0259st\u0259yi ay\u0131rd\u0131\u011f\u0131 m\u0259lumdur\u201d.<\/em><\/p>\n\n\n\n<p>Bunun ard\u0131nca Az\u0259rbaycan D\u00f6vl\u0259t Televiziyas\u0131 h\u0259min m\u0259tni efird\u0259n oxumu\u015f, o c\u00fcml\u0259d\u0259n, deputat E.N\u0259sirov Milli M\u0259clisin iclas\u0131nda bu iddialar\u0131 t\u0259krar etmi\u015fdi.<\/p>\n\n\n\n<p><strong>G\u0259d\u0259b\u0259yd\u0259 n\u0259 ba\u015f verib?<\/strong><\/p>\n\n\n\n<p>\u0130yunun 20-d\u0259n G\u0259d\u0259b\u0259y rayonunun S\u00f6y\u00fcdl\u00fc k\u0259ndinin \u0259razisind\u0259 q\u0131z\u0131l yata\u011f\u0131n\u0131n sular\u0131ndan s\u00fcni g\u00f6l\u00fcn yarad\u0131lmas\u0131na etiraz aksiyas\u0131 ba\u015flay\u0131b.<\/p>\n\n\n\n<p>\u0130yunun 22-d\u0259 G\u0259d\u0259b\u0259yin S\u00f6y\u00fcdl\u00fc k\u0259ndin\u0259 sakinl\u0259rd\u0259n ba\u015fqa \u015f\u0259xsl\u0259rin giri\u015fi m\u0259hdudla\u015fd\u0131r\u0131l\u0131b.<\/p>\n\n\n\n<p>Daxili \u0130\u015fl\u0259r Nazirliyi (D\u0130N) s\u0259b\u0259b kimi ictimai qaydan\u0131n v\u0259 ictimai t\u0259hl\u00fck\u0259sizliyin t\u0259min edilm\u0259sini g\u00f6st\u0259rib.<\/p>\n\n\n\n<p>K\u0259ndin sakinl\u0259ri is\u0259 bildirirl\u0259r ki, \u0259sl s\u0259b\u0259b iyunun 20-21-d\u0259 etdikl\u0259ri etiraz aksiyas\u0131d\u0131r, onlar\u0131 n\u0259zar\u0259td\u0259 saxlamaq ist\u0259yirl\u0259r.<\/p>\n\n\n\n<p>S\u00f6y\u00fcdl\u00fc k\u0259ndinin sakinl\u0259ri iki g\u00fcn ard-arda evl\u0259rinin yax\u0131nl\u0131\u011f\u0131nda q\u0131z\u0131l m\u0259d\u0259nl\u0259ri \u00fc\u00e7\u00fcn ikinci s\u00fcni g\u00f6l\u00fcn sal\u0131nmas\u0131na etiraz edib.<\/p>\n\n\n\n<p>Sakinl\u0259r k\u0259ndl\u0259rind\u0259 ikinci bel\u0259 yarad\u0131lacaq su h\u00f6vz\u0259sinin kimy\u0259vi madd\u0259l\u0259rl\u0259 dolu oldu\u011funu, bunun is\u0259 sa\u011flaml\u0131\u011fa z\u0259r\u0259r vurdu\u011funu bildiribl\u0259r.<\/p>\n\n\n\n<p>Onlar\u0131n s\u00f6zl\u0259rin\u0259 g\u00f6r\u0259, bu su h\u00f6vz\u0259l\u0259ri onlar\u0131n \u0259kin v\u0259 \u00f6r\u00fc\u015f sah\u0259l\u0259rind\u0259 sal\u0131n\u0131r.<\/p>\n\n\n\n<p>Bu da \u0259kin\u0259, meyv\u0259y\u0259, a\u011faclara v\u0259 insanlar\u0131n sa\u011flaml\u0131\u011f\u0131na z\u0259r\u0259r vurur.<\/p>\n\n\n\n<p>Aksiyada k\u0259nd sakinl\u0259rind\u0259n h\u0259bs edil\u0259nl\u0259r var.<\/p>\n\n\n\n<p>\u0130yunun 20-d\u0259 G\u0259d\u0259b\u0259y rayonunun S\u00f6y\u00fcdl\u00fc k\u0259ndind\u0259 etiraz aksiyas\u0131nda saxlan\u0131lan 5 n\u0259f\u0259r k\u0259nd sakininin h\u0259r birin\u0259 20 sutka inzibati h\u0259bs c\u0259zas\u0131 verilib. Onlar\u0131n haqq\u0131nda h\u0259bs q\u0259rarlar\u0131n\u0131 G\u0259d\u0259b\u0259y rayon M\u0259hk\u0259m\u0259sinin hakimi F\u00fczuli Mirz\u0259quliyev \u00e7\u0131xar\u0131b.<\/p>\n\n\n\n<p>Meydan TV-nin m\u0259hk\u0259m\u0259d\u0259n \u0259ld\u0259 etdiyi m\u0259lumata g\u00f6r\u0259, saxlan\u0131lanlar haqq\u0131nda rayon polis \u015f\u00f6b\u0259sind\u0259 \u0130nzibati X\u0259talar M\u0259c\u0259ll\u0259sinin 513-c\u00fc (toplant\u0131lar\u0131n t\u0259\u015fkili v\u0259 ke\u00e7irilm\u0259si qaydas\u0131n\u0131n pozulmas\u0131) madd\u0259sil\u0259 protokol t\u0259rtib olunub.<\/p>\n\n\n\n<p>Saxlan\u0131lanlardan ikisi icaz\u0259siz aksiyan\u0131n t\u0259\u015fkilind\u0259, \u00fc\u00e7\u00fc is\u0259 bu aksiyada i\u015ftirakda ittiham olunur.<\/p>\n\n\n\n<p>Be\u015f n\u0259f\u0259rin m\u0259hk\u0259m\u0259si ayr\u0131-ayr\u0131l\u0131qda ke\u00e7irils\u0259 d\u0259, ham\u0131s\u0131na eyni hakim bax\u0131b.<\/p>\n\n\n\n<p>Ay\u0131n 21-d\u0259 d\u0259 daha 5 n\u0259f\u0259rin saxlan\u0131ld\u0131\u011f\u0131 bildirilir. Daha 1 n\u0259f\u0259r is\u0259 1200 manat c\u0259rim\u0259 edilib.<\/p>\n\n\n\n<p>Saxlan\u0131lan k\u0259nd sakinl\u0259ri izahatlar\u0131nda da deyibl\u0259r ki, he\u00e7 bir qanun pozuntusuna yol verm\u0259yibl\u0259r. Sad\u0259c\u0259, S\u00f6y\u00fcdl\u00fc k\u0259ndind\u0259 q\u0131z\u0131l zavodu \u00fc\u00e7\u00fcn ikinci tullant\u0131 g\u00f6l\u00fcn\u00fcn in\u015fas\u0131na etiraz edirl\u0259r. \u00c7\u00fcnki g\u00f6l h\u0259m t\u0259bi\u0259t\u0259, h\u0259m d\u0259 sa\u011flaml\u0131qlar\u0131na ziyand\u0131r.<\/p>\n\n\n\n<p>Saxlan\u0131lanlara d\u00f6vl\u0259t hesab\u0131na v\u0259kil t\u0259yin edilib.<\/p>\n\n\n\n<p>O is\u0259 m\u0259hk\u0259m\u0259d\u0259 \u00e7\u0131x\u0131\u015f\u0131nda k\u0259nd sakinl\u0259ri \u00fc\u00e7\u00fcn c\u0259rim\u0259 c\u0259zas\u0131 k\u0259silm\u0259sini ist\u0259yib. Lakin hakim F\u00fczuli Mirz\u0259quliyev m\u0259hk\u0259m\u0259 qar\u015f\u0131s\u0131na \u00e7\u0131xar\u0131lm\u0131\u015f S\u00f6y\u00fcdl\u00fc sakinl\u0259rinin h\u0259r birin\u0259 20 g\u00fcn inzibati h\u0259bs c\u0259zas\u0131 verilm\u0259si haqda q\u0259rar \u00e7\u0131xar\u0131b.<\/p>\n\n\n\n<p>K\u0259nd sakinl\u0259ri h\u0259bs edil\u0259n yax\u0131nlar\u0131 il\u0259 g\u00f6r\u00fc\u015f\u0259 bilm\u0259dikl\u0259rini, onlara apard\u0131qlar\u0131 sovqat\u0131 geri qaytard\u0131qlar\u0131n\u0131 bildirir.<\/p>\n\n\n\n<p>S\u00f6y\u00fcdl\u00fc sakinl\u0259ri daha \u00f6nc\u0259 d\u0259 eyni \u015fikay\u0259tl\u0259rl\u0259 etiraz etmi\u015fdil\u0259r.<\/p>\n\n\n\n<p>Sakinl\u0259r bildirirl\u0259r ki, 2012-ci ild\u0259 k\u0259ndl\u0259rinin yax\u0131nl\u0131\u011f\u0131nda q\u0131z\u0131l m\u0259d\u0259ninin tullant\u0131lar\u0131ndan yaranan g\u00f6l sal\u0131n\u0131b.<\/p>\n\n\n\n<p>Onlar bundan sonra ba\u011flar\u0131nda meyv\u0259 qalmad\u0131\u011f\u0131n\u0131, ar\u0131 t\u0259s\u0259rr\u00fcfatlar\u0131n\u0131n da\u011f\u0131ld\u0131\u011f\u0131n\u0131 deyibl\u0259r.<\/p>\n\n\n\n<p>Sakinl\u0259r h\u0259m\u00e7inin g\u00f6l\u00fcn suyunun i\u00e7m\u0259li sulara qar\u0131\u015faca\u011f\u0131ndan ehtiyat edir, bunun n\u0259tic\u0259sind\u0259 yaranacaq x\u0259st\u0259likl\u0259rd\u0259n qorxurlar.<\/p>\n\n\n\n<p>Nazirl\u0259r Kabineti m\u0259s\u0259l\u0259 il\u0259 ba\u011fl\u0131 komissiya yarad\u0131ld\u0131\u011f\u0131n\u0131 deyir.<\/p>\n\n\n\n<p>Komissiya d\u00f6vl\u0259t m\u0259murlar\u0131ndan formala\u015f\u0131b, t\u0259rkibind\u0259 m\u00fcst\u0259qil ekspert yoxdur.<\/p>\n\n\n\n<p>Hakimiyy\u0259t hadis\u0259y\u0259 t\u0259xribat donu geyindirir, yerli mediada bununla ba\u011fl\u0131 eynim\u0259zmunlu materiallar d\u0259rc olunur, hadis\u0259ni i\u015f\u0131qland\u0131ran m\u00fcst\u0259qil media h\u0259d\u0259f\u0259 al\u0131n\u0131r.<\/p>\n","protected":false},"excerpt":{"rendered":"<p>Ke\u00e7mi\u015f deputat h\u0259r birind\u0259n t\u0259zminat ist\u0259yir Sabiq deputat Nazim B\u0259yd\u0259mirli &#8230; <\/p>\n<p class=\"read-more-container\"><a title=\"Nazim B\u0259yd\u0259mirli AzTV-ni, \u201cYeni M\u00fcsavat\u201d\u0131, deputat\u0131 m\u0259hk\u0259m\u0259y\u0259 verdi\" class=\"read-more button\" href=\"https:\/\/www.meydan.tv\/az\/article\/nazim-beydemirli-aztv-ni-yeni-musavati-deputati-mehkemeye-verdi\/#more-278592\" aria-label=\"Read more about Nazim B\u0259yd\u0259mirli AzTV-ni, \u201cYeni M\u00fcsavat\u201d\u0131, deputat\u0131 m\u0259hk\u0259m\u0259y\u0259 verdi\">Davam\u0131<\/a><\/p>\n","protected":false},"author":8,"featured_media":99638,"comment_status":"closed","ping_status":"closed","sticky":false,"template":"","format":"standard","meta":{"_acf_changed":false,"_sitemap_exclude":false,"_sitemap_priority":"","_sitemap_frequency":"","footnotes":""},"categories":[59,56],"tags":[],"class_list":["post-278592","post","type-post","status-publish","format-standard","has-post-thumbnail","hentry","category-siyaset","category-xeberler","infinite-scroll-item","generate-columns","tablet-grid-50","mobile-grid-100","grid-parent","grid-33","no-featured-image-padding"],"acf":[],"yoast_head":"<!-- This site is optimized with the Yoast SEO plugin v27.4 - https:\/\/yoast.com\/product\/yoast-seo-wordpress\/ -->\n<title>Nazim B\u0259yd\u0259mirli AzTV-ni, \u201cYeni M\u00fcsavat\u201d\u0131, deputat\u0131 m\u0259hk\u0259m\u0259y\u0259 verdi - MEYDAN.TV<\/title>\n<meta name=\"robots\" content=\"index, follow, max-snippet:-1, max-image-preview:large, max-video-preview:-1\" \/>\n<link rel=\"canonical\" href=\"https:\/\/www.meydan.tv\/az\/article\/nazim-beydemirli-aztv-ni-yeni-musavati-deputati-mehkemeye-verdi\/\" \/>\n<meta property=\"og:locale\" content=\"az_AZ\" \/>\n<meta property=\"og:type\" content=\"article\" \/>\n<meta property=\"og:title\" content=\"Nazim B\u0259yd\u0259mirli AzTV-ni, \u201cYeni M\u00fcsavat\u201d\u0131, deputat\u0131 m\u0259hk\u0259m\u0259y\u0259 verdi - MEYDAN.TV\" \/>\n<meta property=\"og:description\" content=\"Ke\u00e7mi\u015f deputat h\u0259r birind\u0259n t\u0259zminat ist\u0259yir Sabiq deputat Nazim B\u0259yd\u0259mirli ... Davam\u0131\" \/>\n<meta property=\"og:url\" content=\"https:\/\/www.meydan.tv\/az\/article\/nazim-beydemirli-aztv-ni-yeni-musavati-deputati-mehkemeye-verdi\/\" \/>\n<meta property=\"og:site_name\" content=\"MEYDAN.TV\" \/>\n<meta property=\"article:published_time\" content=\"2023-06-26T18:18:54+00:00\" \/>\n<meta property=\"article:modified_time\" content=\"2023-06-26T18:20:52+00:00\" \/>\n<meta property=\"og:image\" content=\"https:\/\/www.meydan.tv\/wp-content\/uploads\/39407-e1659024531643.jpg\" \/>\n\t<meta property=\"og:image:width\" content=\"2000\" \/>\n\t<meta property=\"og:image:height\" content=\"1135\" \/>\n\t<meta property=\"og:image:type\" content=\"image\/jpeg\" \/>\n<meta name=\"author\" content=\"elli\" \/>\n<meta name=\"twitter:card\" content=\"summary_large_image\" \/>\n<meta name=\"twitter:creator\" content=\"@elli\" \/>\n<script type=\"application\/ld+json\" class=\"yoast-schema-graph\">{\"@context\":\"https:\\\/\\\/schema.org\",\"@graph\":[{\"@type\":\"Article\",\"@id\":\"https:\\\/\\\/www.meydan.tv\\\/az\\\/article\\\/nazim-beydemirli-aztv-ni-yeni-musavati-deputati-mehkemeye-verdi\\\/#article\",\"isPartOf\":{\"@id\":\"https:\\\/\\\/www.meydan.tv\\\/az\\\/article\\\/nazim-beydemirli-aztv-ni-yeni-musavati-deputati-mehkemeye-verdi\\\/\"},\"author\":{\"name\":\"elli\",\"@id\":\"https:\\\/\\\/www.meydan.tv\\\/az\\\/#\\\/schema\\\/person\\\/9cdbecf90d17180ce1dfbd95b08dcf47\"},\"headline\":\"Nazim B\u0259yd\u0259mirli AzTV-ni, \u201cYeni M\u00fcsavat\u201d\u0131, deputat\u0131 m\u0259hk\u0259m\u0259y\u0259 verdi\",\"datePublished\":\"2023-06-26T18:18:54+00:00\",\"dateModified\":\"2023-06-26T18:20:52+00:00\",\"mainEntityOfPage\":{\"@id\":\"https:\\\/\\\/www.meydan.tv\\\/az\\\/article\\\/nazim-beydemirli-aztv-ni-yeni-musavati-deputati-mehkemeye-verdi\\\/\"},\"wordCount\":1166,\"publisher\":{\"@id\":\"https:\\\/\\\/www.meydan.tv\\\/az\\\/#organization\"},\"image\":{\"@id\":\"https:\\\/\\\/www.meydan.tv\\\/az\\\/article\\\/nazim-beydemirli-aztv-ni-yeni-musavati-deputati-mehkemeye-verdi\\\/#primaryimage\"},\"thumbnailUrl\":\"https:\\\/\\\/www.meydan.tv\\\/wp-content\\\/uploads\\\/39407-e1688495850650.jpg\",\"articleSection\":[\"Siyas\u0259t\",\"X\u0259b\u0259rl\u0259r\"],\"inLanguage\":\"az\"},{\"@type\":\"WebPage\",\"@id\":\"https:\\\/\\\/www.meydan.tv\\\/az\\\/article\\\/nazim-beydemirli-aztv-ni-yeni-musavati-deputati-mehkemeye-verdi\\\/\",\"url\":\"https:\\\/\\\/www.meydan.tv\\\/az\\\/article\\\/nazim-beydemirli-aztv-ni-yeni-musavati-deputati-mehkemeye-verdi\\\/\",\"name\":\"Nazim B\u0259yd\u0259mirli AzTV-ni, \u201cYeni M\u00fcsavat\u201d\u0131, deputat\u0131 m\u0259hk\u0259m\u0259y\u0259 verdi - MEYDAN.TV\",\"isPartOf\":{\"@id\":\"https:\\\/\\\/www.meydan.tv\\\/az\\\/#website\"},\"primaryImageOfPage\":{\"@id\":\"https:\\\/\\\/www.meydan.tv\\\/az\\\/article\\\/nazim-beydemirli-aztv-ni-yeni-musavati-deputati-mehkemeye-verdi\\\/#primaryimage\"},\"image\":{\"@id\":\"https:\\\/\\\/www.meydan.tv\\\/az\\\/article\\\/nazim-beydemirli-aztv-ni-yeni-musavati-deputati-mehkemeye-verdi\\\/#primaryimage\"},\"thumbnailUrl\":\"https:\\\/\\\/www.meydan.tv\\\/wp-content\\\/uploads\\\/39407-e1688495850650.jpg\",\"datePublished\":\"2023-06-26T18:18:54+00:00\",\"dateModified\":\"2023-06-26T18:20:52+00:00\",\"breadcrumb\":{\"@id\":\"https:\\\/\\\/www.meydan.tv\\\/az\\\/article\\\/nazim-beydemirli-aztv-ni-yeni-musavati-deputati-mehkemeye-verdi\\\/#breadcrumb\"},\"inLanguage\":\"az\",\"potentialAction\":[{\"@type\":\"ReadAction\",\"target\":[\"https:\\\/\\\/www.meydan.tv\\\/az\\\/article\\\/nazim-beydemirli-aztv-ni-yeni-musavati-deputati-mehkemeye-verdi\\\/\"]}]},{\"@type\":\"ImageObject\",\"inLanguage\":\"az\",\"@id\":\"https:\\\/\\\/www.meydan.tv\\\/az\\\/article\\\/nazim-beydemirli-aztv-ni-yeni-musavati-deputati-mehkemeye-verdi\\\/#primaryimage\",\"url\":\"https:\\\/\\\/www.meydan.tv\\\/wp-content\\\/uploads\\\/39407-e1688495850650.jpg\",\"contentUrl\":\"https:\\\/\\\/www.meydan.tv\\\/wp-content\\\/uploads\\\/39407-e1688495850650.jpg\",\"width\":2000,\"height\":1085,\"caption\":\"Nazim B\u0259yd\u0259mirli, Foto: APA\"},{\"@type\":\"BreadcrumbList\",\"@id\":\"https:\\\/\\\/www.meydan.tv\\\/az\\\/article\\\/nazim-beydemirli-aztv-ni-yeni-musavati-deputati-mehkemeye-verdi\\\/#breadcrumb\",\"itemListElement\":[{\"@type\":\"ListItem\",\"position\":1,\"name\":\"Ana s\u0259hif\u0259\",\"item\":\"https:\\\/\\\/www.meydan.tv\\\/az\\\/\"},{\"@type\":\"ListItem\",\"position\":2,\"name\":\"Siyas\u0259t\",\"item\":\"https:\\\/\\\/www.meydan.tv\\\/az\\\/section\\\/siyaset\\\/\"},{\"@type\":\"ListItem\",\"position\":3,\"name\":\"Nazim B\u0259yd\u0259mirli AzTV-ni, \u201cYeni M\u00fcsavat\u201d\u0131, deputat\u0131 m\u0259hk\u0259m\u0259y\u0259 verdi\"}]},{\"@type\":\"WebSite\",\"@id\":\"https:\\\/\\\/www.meydan.tv\\\/az\\\/#website\",\"url\":\"https:\\\/\\\/www.meydan.tv\\\/az\\\/\",\"name\":\"MEYDAN.TV\",\"description\":\"Meydan TV Az\u0259rbaycan\u0131n media m\u0259kan\u0131ndak\u0131 alternativ s\u0259sidir\",\"publisher\":{\"@id\":\"https:\\\/\\\/www.meydan.tv\\\/az\\\/#organization\"},\"potentialAction\":[{\"@type\":\"SearchAction\",\"target\":{\"@type\":\"EntryPoint\",\"urlTemplate\":\"https:\\\/\\\/www.meydan.tv\\\/az\\\/?s={search_term_string}\"},\"query-input\":{\"@type\":\"PropertyValueSpecification\",\"valueRequired\":true,\"valueName\":\"search_term_string\"}}],\"inLanguage\":\"az\"},{\"@type\":\"Organization\",\"@id\":\"https:\\\/\\\/www.meydan.tv\\\/az\\\/#organization\",\"name\":\"Meydan TV\",\"url\":\"https:\\\/\\\/www.meydan.tv\\\/az\\\/\",\"logo\":{\"@type\":\"ImageObject\",\"inLanguage\":\"az\",\"@id\":\"https:\\\/\\\/www.meydan.tv\\\/az\\\/#\\\/schema\\\/logo\\\/image\\\/\",\"url\":\"https:\\\/\\\/www.meydan.tv\\\/wp-content\\\/uploads\\\/2021\\\/07\\\/meydan-logo.svg\",\"contentUrl\":\"https:\\\/\\\/www.meydan.tv\\\/wp-content\\\/uploads\\\/2021\\\/07\\\/meydan-logo.svg\",\"width\":195,\"height\":46,\"caption\":\"Meydan TV\"},\"image\":{\"@id\":\"https:\\\/\\\/www.meydan.tv\\\/az\\\/#\\\/schema\\\/logo\\\/image\\\/\"}},{\"@type\":\"Person\",\"@id\":\"https:\\\/\\\/www.meydan.tv\\\/az\\\/#\\\/schema\\\/person\\\/9cdbecf90d17180ce1dfbd95b08dcf47\",\"name\":\"elli\",\"sameAs\":[\"https:\\\/\\\/x.com\\\/elli\"]}]}<\/script>\n<!-- \/ Yoast SEO plugin. -->","yoast_head_json":{"title":"Nazim B\u0259yd\u0259mirli AzTV-ni, \u201cYeni M\u00fcsavat\u201d\u0131, deputat\u0131 m\u0259hk\u0259m\u0259y\u0259 verdi - MEYDAN.TV","robots":{"index":"index","follow":"follow","max-snippet":"max-snippet:-1","max-image-preview":"max-image-preview:large","max-video-preview":"max-video-preview:-1"},"canonical":"https:\/\/www.meydan.tv\/az\/article\/nazim-beydemirli-aztv-ni-yeni-musavati-deputati-mehkemeye-verdi\/","og_locale":"az_AZ","og_type":"article","og_title":"Nazim B\u0259yd\u0259mirli AzTV-ni, \u201cYeni M\u00fcsavat\u201d\u0131, deputat\u0131 m\u0259hk\u0259m\u0259y\u0259 verdi - MEYDAN.TV","og_description":"Ke\u00e7mi\u015f deputat h\u0259r birind\u0259n t\u0259zminat ist\u0259yir Sabiq deputat Nazim B\u0259yd\u0259mirli ... Davam\u0131","og_url":"https:\/\/www.meydan.tv\/az\/article\/nazim-beydemirli-aztv-ni-yeni-musavati-deputati-mehkemeye-verdi\/","og_site_name":"MEYDAN.TV","article_published_time":"2023-06-26T18:18:54+00:00","article_modified_time":"2023-06-26T18:20:52+00:00","og_image":[{"width":2000,"height":1135,"url":"https:\/\/www.meydan.tv\/wp-content\/uploads\/39407-e1659024531643.jpg","type":"image\/jpeg"}],"author":"elli","twitter_card":"summary_large_image","twitter_creator":"@elli","schema":{"@context":"https:\/\/schema.org","@graph":[{"@type":"Article","@id":"https:\/\/www.meydan.tv\/az\/article\/nazim-beydemirli-aztv-ni-yeni-musavati-deputati-mehkemeye-verdi\/#article","isPartOf":{"@id":"https:\/\/www.meydan.tv\/az\/article\/nazim-beydemirli-aztv-ni-yeni-musavati-deputati-mehkemeye-verdi\/"},"author":{"name":"elli","@id":"https:\/\/www.meydan.tv\/az\/#\/schema\/person\/9cdbecf90d17180ce1dfbd95b08dcf47"},"headline":"Nazim B\u0259yd\u0259mirli AzTV-ni, \u201cYeni M\u00fcsavat\u201d\u0131, deputat\u0131 m\u0259hk\u0259m\u0259y\u0259 verdi","datePublished":"2023-06-26T18:18:54+00:00","dateModified":"2023-06-26T18:20:52+00:00","mainEntityOfPage":{"@id":"https:\/\/www.meydan.tv\/az\/article\/nazim-beydemirli-aztv-ni-yeni-musavati-deputati-mehkemeye-verdi\/"},"wordCount":1166,"publisher":{"@id":"https:\/\/www.meydan.tv\/az\/#organization"},"image":{"@id":"https:\/\/www.meydan.tv\/az\/article\/nazim-beydemirli-aztv-ni-yeni-musavati-deputati-mehkemeye-verdi\/#primaryimage"},"thumbnailUrl":"https:\/\/www.meydan.tv\/wp-content\/uploads\/39407-e1688495850650.jpg","articleSection":["Siyas\u0259t","X\u0259b\u0259rl\u0259r"],"inLanguage":"az"},{"@type":"WebPage","@id":"https:\/\/www.meydan.tv\/az\/article\/nazim-beydemirli-aztv-ni-yeni-musavati-deputati-mehkemeye-verdi\/","url":"https:\/\/www.meydan.tv\/az\/article\/nazim-beydemirli-aztv-ni-yeni-musavati-deputati-mehkemeye-verdi\/","name":"Nazim B\u0259yd\u0259mirli AzTV-ni, \u201cYeni M\u00fcsavat\u201d\u0131, deputat\u0131 m\u0259hk\u0259m\u0259y\u0259 verdi - MEYDAN.TV","isPartOf":{"@id":"https:\/\/www.meydan.tv\/az\/#website"},"primaryImageOfPage":{"@id":"https:\/\/www.meydan.tv\/az\/article\/nazim-beydemirli-aztv-ni-yeni-musavati-deputati-mehkemeye-verdi\/#primaryimage"},"image":{"@id":"https:\/\/www.meydan.tv\/az\/article\/nazim-beydemirli-aztv-ni-yeni-musavati-deputati-mehkemeye-verdi\/#primaryimage"},"thumbnailUrl":"https:\/\/www.meydan.tv\/wp-content\/uploads\/39407-e1688495850650.jpg","datePublished":"2023-06-26T18:18:54+00:00","dateModified":"2023-06-26T18:20:52+00:00","breadcrumb":{"@id":"https:\/\/www.meydan.tv\/az\/article\/nazim-beydemirli-aztv-ni-yeni-musavati-deputati-mehkemeye-verdi\/#breadcrumb"},"inLanguage":"az","potentialAction":[{"@type":"ReadAction","target":["https:\/\/www.meydan.tv\/az\/article\/nazim-beydemirli-aztv-ni-yeni-musavati-deputati-mehkemeye-verdi\/"]}]},{"@type":"ImageObject","inLanguage":"az","@id":"https:\/\/www.meydan.tv\/az\/article\/nazim-beydemirli-aztv-ni-yeni-musavati-deputati-mehkemeye-verdi\/#primaryimage","url":"https:\/\/www.meydan.tv\/wp-content\/uploads\/39407-e1688495850650.jpg","contentUrl":"https:\/\/www.meydan.tv\/wp-content\/uploads\/39407-e1688495850650.jpg","width":2000,"height":1085,"caption":"Nazim B\u0259yd\u0259mirli, Foto: APA"},{"@type":"BreadcrumbList","@id":"https:\/\/www.meydan.tv\/az\/article\/nazim-beydemirli-aztv-ni-yeni-musavati-deputati-mehkemeye-verdi\/#breadcrumb","itemListElement":[{"@type":"ListItem","position":1,"name":"Ana s\u0259hif\u0259","item":"https:\/\/www.meydan.tv\/az\/"},{"@type":"ListItem","position":2,"name":"Siyas\u0259t","item":"https:\/\/www.meydan.tv\/az\/section\/siyaset\/"},{"@type":"ListItem","position":3,"name":"Nazim B\u0259yd\u0259mirli AzTV-ni, \u201cYeni M\u00fcsavat\u201d\u0131, deputat\u0131 m\u0259hk\u0259m\u0259y\u0259 verdi"}]},{"@type":"WebSite","@id":"https:\/\/www.meydan.tv\/az\/#website","url":"https:\/\/www.meydan.tv\/az\/","name":"MEYDAN.TV","description":"Meydan TV Az\u0259rbaycan\u0131n media m\u0259kan\u0131ndak\u0131 alternativ s\u0259sidir","publisher":{"@id":"https:\/\/www.meydan.tv\/az\/#organization"},"potentialAction":[{"@type":"SearchAction","target":{"@type":"EntryPoint","urlTemplate":"https:\/\/www.meydan.tv\/az\/?s={search_term_string}"},"query-input":{"@type":"PropertyValueSpecification","valueRequired":true,"valueName":"search_term_string"}}],"inLanguage":"az"},{"@type":"Organization","@id":"https:\/\/www.meydan.tv\/az\/#organization","name":"Meydan TV","url":"https:\/\/www.meydan.tv\/az\/","logo":{"@type":"ImageObject","inLanguage":"az","@id":"https:\/\/www.meydan.tv\/az\/#\/schema\/logo\/image\/","url":"https:\/\/www.meydan.tv\/wp-content\/uploads\/2021\/07\/meydan-logo.svg","contentUrl":"https:\/\/www.meydan.tv\/wp-content\/uploads\/2021\/07\/meydan-logo.svg","width":195,"height":46,"caption":"Meydan TV"},"image":{"@id":"https:\/\/www.meydan.tv\/az\/#\/schema\/logo\/image\/"}},{"@type":"Person","@id":"https:\/\/www.meydan.tv\/az\/#\/schema\/person\/9cdbecf90d17180ce1dfbd95b08dcf47","name":"elli","sameAs":["https:\/\/x.com\/elli"]}]}},"_links":{"self":[{"href":"https:\/\/www.meydan.tv\/az\/wp-json\/wp\/v2\/posts\/278592","targetHints":{"allow":["GET"]}}],"collection":[{"href":"https:\/\/www.meydan.tv\/az\/wp-json\/wp\/v2\/posts"}],"about":[{"href":"https:\/\/www.meydan.tv\/az\/wp-json\/wp\/v2\/types\/post"}],"author":[{"embeddable":true,"href":"https:\/\/www.meydan.tv\/az\/wp-json\/wp\/v2\/users\/8"}],"replies":[{"embeddable":true,"href":"https:\/\/www.meydan.tv\/az\/wp-json\/wp\/v2\/comments?post=278592"}],"version-history":[{"count":4,"href":"https:\/\/www.meydan.tv\/az\/wp-json\/wp\/v2\/posts\/278592\/revisions"}],"predecessor-version":[{"id":278602,"href":"https:\/\/www.meydan.tv\/az\/wp-json\/wp\/v2\/posts\/278592\/revisions\/278602"}],"wp:featuredmedia":[{"embeddable":true,"href":"https:\/\/www.meydan.tv\/az\/wp-json\/wp\/v2\/media\/99638"}],"wp:attachment":[{"href":"https:\/\/www.meydan.tv\/az\/wp-json\/wp\/v2\/media?parent=278592"}],"wp:term":[{"taxonomy":"category","embeddable":true,"href":"https:\/\/www.meydan.tv\/az\/wp-json\/wp\/v2\/categories?post=278592"},{"taxonomy":"post_tag","embeddable":true,"href":"https:\/\/www.meydan.tv\/az\/wp-json\/wp\/v2\/tags?post=278592"}],"curies":[{"name":"wp","href":"https:\/\/api.w.org\/{rel}","templated":true}]}}