{"id":278569,"date":"2023-06-26T18:47:29","date_gmt":"2023-06-26T14:47:29","guid":{"rendered":"https:\/\/www.meydan.tv\/?p=278569"},"modified":"2023-06-26T19:27:55","modified_gmt":"2023-06-26T15:27:55","slug":"soyudludeki-qizil-medeninin-azerbaycan-hakimiyyeti-ile-elaqesi","status":"publish","type":"post","link":"https:\/\/www.meydan.tv\/az\/article\/soyudludeki-qizil-medeninin-azerbaycan-hakimiyyeti-ile-elaqesi\/","title":{"rendered":"S\u00f6y\u00fcdl\u00fcd\u0259ki q\u0131z\u0131l m\u0259d\u0259ninin Az\u0259rbaycan hakimiyy\u0259ti il\u0259 \u0259laq\u0259si"},"content":{"rendered":"\n<p>\u0130yunun 20-d\u0259 v\u0259 ert\u0259si g\u00fcn G\u0259d\u0259b\u0259y rayonunun S\u00f6y\u00fcdl\u00fc k\u0259ndinin sakinl\u0259ri q\u0131z\u0131l m\u0259d\u0259nl\u0259rinin tullant\u0131xanas\u0131 kimi istifad\u0259 olunan ikinci g\u00f6l\u00fcn in\u015fas\u0131na etiraz olaraq aksiya ke\u00e7irib. Polis zorak\u0131l\u0131\u011f\u0131 il\u0259 yat\u0131r\u0131lan aksiyan\u0131n t\u0259kc\u0259 i\u015ftirak\u00e7\u0131lar\u0131 deyil, zorak\u0131l\u0131\u011fa etiraz ed\u0259n f\u0259allar da h\u0259bs olunub. El\u0259 jurnalistl\u0259r aras\u0131nda da t\u0259zyiq g\u00f6r\u0259n, t\u0259hdid olunanlar var.&nbsp;<\/p>\n\n\n\n<p>Az\u0259rbaycan hakimiyy\u0259tin\u0259 yax\u0131n media, QHT n\u00fcmay\u0259nd\u0259l\u0259ri v\u0259 tezisl\u0259rl\u0259 dan\u0131\u015fan deputatlar hadis\u0259ni t\u0259xribat adland\u0131r\u0131b, xarici \u00f6lk\u0259 izi g\u0259zdil\u0259r. \u018fslind\u0259 is\u0259 bu, S\u00f6y\u00fcdl\u00fc sakinl\u0259rinin ilk naraz\u0131l\u0131\u011f\u0131 deyildi\u2026&nbsp;<\/p>\n\n\n\n<figure class=\"wp-block-image size-large\"><img decoding=\"async\" width=\"1080\" height=\"821\" data-src=\"https:\/\/www.meydan.tv\/wp-content\/uploads\/26-1-1080x821.png\" alt=\"\" class=\"wp-image-278582 lazyload\" src=\"data:image\/svg+xml;base64,PHN2ZyB3aWR0aD0iMSIgaGVpZ2h0PSIxIiB4bWxucz0iaHR0cDovL3d3dy53My5vcmcvMjAwMC9zdmciPjwvc3ZnPg==\" style=\"--smush-placeholder-width: 1080px; --smush-placeholder-aspect-ratio: 1080\/821;\" \/><figcaption class=\"wp-element-caption\">21 iyun 2023-c\u00fc il, G\u0259d\u0259b\u0259yin S\u00f6y\u00fcdl\u00fc k\u0259ndind\u0259 \u00c7evik Polis Alay\u0131 M\u0259nb\u0259: Ulviyy\u0259 \u018fli<\/figcaption><\/figure>\n\n\n\n<p>2012-ci ild\u0259 g\u0259d\u0259b\u0259ylil\u0259r k\u0259ndl\u0259rind\u0259 \u00e7\u0131xar\u0131lan q\u0131z\u0131l\u0131n onlar\u0131 yoxsulla\u015fd\u0131rd\u0131qlar\u0131n\u0131<a href=\"https:\/\/musavat.com\/news\/gedebeyde-cixan-qizil-yerli-sakinleri-yoxsullasdirir_124903.html\"> bildirirdil\u0259r<\/a>. Onlar iddia edirdil\u0259r ki, sakinl\u0259rd\u0259n 95 n\u0259f\u0259rin torpa\u011f\u0131 \u0259lind\u0259n al\u0131n\u0131b. 70 n\u0259f\u0259ri a\u015fa\u011f\u0131 m\u0259bl\u0259\u011fd\u0259 kompensasiya il\u0259 raz\u0131la\u015fma\u011fa m\u0259cbur edibl\u0259r. \u0130ddiaya g\u00f6r\u0259 54 hektar \u0259halinin m\u00fclkiyy\u0259tind\u0259 olan torpaqlar\u0131 \u0259ll\u0259rind\u0259n zorla al\u0131n\u0131b. B\u0259s bu torpaqlar\u0131 hans\u0131 \u015firk\u0259tl\u0259r hakimiyy\u0259tin d\u0259st\u0259yi say\u0259sind\u0259 sakinl\u0259rin \u0259ll\u0259rind\u0259n al\u0131rd\u0131?<\/p>\n\n\n\n<p>Az\u0259rbaycanda neft-qaz sah\u0259sind\u0259n sonra \u0259n \u00e7ox kapital g\u0259tir\u0259n sah\u0259 q\u0131z\u0131l, mis v\u0259 g\u00fcm\u00fc\u015f ixracat\u0131 sektorudur. Neft v\u0259 qazda oldu\u011fu kimi bu sah\u0259nin d\u0259 ixracat\u00e7\u0131s\u0131 B\u00f6y\u00fck Britaniyad\u0131r, y\u0259ni onun \u015firk\u0259tl\u0259ridir. Bu \u015firk\u0259tl\u0259rd\u0259n biri is\u0259 &#8220;Anglo Asian Mining PLC&#8221; \u015firk\u0259tidir.<\/p>\n\n\n\n<p>1997-ci ild\u0259 Az\u0259rbaycan\u0131n \u201cAz\u0259rq\u0131z\u0131l\u201d D\u00f6vl\u0259t \u015eirk\u0259ti il\u0259 AB\u015e-\u0131n \u201cR.V. Investment Group Services LLC\u201d \u015firk\u0259ti aras\u0131nda G\u0259d\u0259b\u0259y, Qo\u015fa, Ordubad qrupu, S\u00f6y\u00fcdl\u00fc, Q\u0131z\u0131lbulaq v\u0259 Vecn\u0259li perspektiv q\u0131z\u0131l filizi yataqlar\u0131n\u0131n k\u0259\u015ffiyyat\u0131, i\u015fl\u0259nm\u0259si v\u0259 hasilat\u0131n pay b\u00f6lg\u00fcs\u00fc haqq\u0131nda sazi\u015f imzalan\u0131b.<\/p>\n\n\n\n<p>G\u0259d\u0259b\u0259y q\u0131z\u0131l-mis layih\u0259sinin g\u0259lird\u0259 pay\u0131 51 faiz olmaqla Az\u0259rbaycan h\u00f6kum\u0259ti il\u0259 birlikd\u0259 h\u0259yata ke\u00e7irilir. Pay\u0131 49 faiz olan \u201cAIMCL\u201d \u015eirk\u0259ti layih\u0259y\u0259 r\u0259hb\u0259rlik edir. Layih\u0259 \u00e7\u0259r\u00e7iv\u0259sind\u0259 ilk zavod 2009-cu ild\u0259 Prezident \u0130lham \u018fliyevin i\u015ftirak\u0131 il\u0259 f\u0259aliyy\u0259t\u0259 ba\u015flay\u0131b.<\/p>\n\n\n\n<p>Tarix 10 sentyabr 2013-c\u00fc il, \u0130lham \u018fliyev G\u0259d\u0259b\u0259yd\u0259 \u201cAzerbaijan International Mining Company Limited\u201d (\u201cAIMCL\u201d) \u015firk\u0259tinin yeni zavodunun a\u00e7\u0131l\u0131\u015f\u0131nda i\u015ftirak edib. Zavodda saatda 100-150 ton filiz emal olunur. K\u00f6hn\u0259 zavodda filizin t\u0259rkibind\u0259n 70 faiz q\u0131z\u0131l al\u0131n\u0131rd\u0131sa, yeni m\u00fc\u0259ssis\u0259d\u0259 bu g\u00f6st\u0259rici 85 faiz <a href=\"https:\/\/president.az\/az\/articles\/view\/9268\">t\u0259\u015fkil edir<\/a>.<\/p>\n\n\n\n<figure class=\"wp-block-image size-large\"><img decoding=\"async\" width=\"961\" height=\"821\" data-src=\"https:\/\/www.meydan.tv\/wp-content\/uploads\/4bd2e2b57e_24080-961x821.jpg\" alt=\"\" class=\"wp-image-278573 lazyload\" src=\"data:image\/svg+xml;base64,PHN2ZyB3aWR0aD0iMSIgaGVpZ2h0PSIxIiB4bWxucz0iaHR0cDovL3d3dy53My5vcmcvMjAwMC9zdmciPjwvc3ZnPg==\" style=\"--smush-placeholder-width: 961px; --smush-placeholder-aspect-ratio: 961\/821;\" \/><figcaption class=\"wp-element-caption\">\u0130lham \u018fliyev v\u0259 Reza V\u0259ziri 10 sentyabr 2013-c\u00fc il tarixind\u0259 G\u0259d\u0259b\u0259yd\u0259ki zavodun a\u00e7\u0131l\u0131\u015f\u0131 zaman\u0131 &#8211; M\u0259nb\u0259: Az\u0259rtac<\/figcaption><\/figure>\n\n\n\n<p>\u201cAIMCL\u201d \u015firk\u0259tinin \u00f6z<a href=\"https:\/\/www.aimc.az\/History?language=AZ\"> sayt\u0131nda<\/a> qeyd olunur ki, \u015firk\u0259t, &#8220;Anglo Asian Mining PLC&#8221;-nin (AAM) t\u00f6r\u0259m\u0259 \u015firk\u0259tidir. &#8220;Anglo Asian Mining PLC&#8221; is\u0259 &#8220;R.V. Investment Group Services LLC&#8221; \u015firk\u0259tinin t\u00f6r\u0259m\u0259<a href=\"https:\/\/az.trend.az\/business\/3108078.html\"> \u015firk\u0259tidir<\/a>.<\/p>\n\n\n\n<p>B\u00fct\u00fcn bu \u015firk\u0259tl\u0259ri Mohammad Reza Vaziri adl\u0131 \u0130ran \u0259silli amerika v\u0259t\u0259nda\u015f\u0131 olan q\u0131z\u0131l maqnat\u0131 idar\u0259 edir. Biznesmen h\u0259m\u00e7inin AB\u015e-Az\u0259rbaycan Ticar\u0259t Palatas\u0131n\u0131n h\u0259ms\u0259dridir, Birinci vitse-prezident Mehriban \u018fliyevan\u0131n \u0259misi Hafiz Pa\u015fayevin \u0259n yax\u0131n dostudur.<\/p>\n\n\n\n<p>1995-ci ild\u0259 AB\u015e-da Heyd\u0259r \u018fliyev BMT-nin ilk iclas\u0131na qat\u0131ld\u0131\u011f\u0131 zaman Reza Vaziri il\u0259 tan\u0131\u015f olur, o zamank\u0131 Az\u0259rbaycan\u0131n AB\u015e-dak\u0131 s\u0259firi, Birinci vitse-prezident Mehriban \u018fliyevan\u0131n \u0259misi Hafiz Pa\u015fayevin<a href=\"https:\/\/youtu.be\/krQaWVT-oiQ\"> d\u0259st\u0259yi<\/a> il\u0259 AB\u015e-Az\u0259rbaycan Ticar\u0259t Palatas\u0131n\u0131n a\u00e7\u0131l\u0131\u015f\u0131 olur. O, d\u0259f\u0259l\u0259rl\u0259 ata \u018fliyevl\u0259<a href=\"http:\/\/users.javanet.com\/u\/s\/usacc\/chamber\/4conf.htm\"> g\u00f6r\u00fc\u015f\u00fcb<\/a>.<\/p>\n\n\n\n<figure class=\"wp-block-image size-full\"><img decoding=\"async\" width=\"1000\" height=\"708\" data-src=\"https:\/\/www.meydan.tv\/wp-content\/uploads\/opening4.jpeg\" alt=\"\" class=\"wp-image-278576 lazyload\" src=\"data:image\/svg+xml;base64,PHN2ZyB3aWR0aD0iMSIgaGVpZ2h0PSIxIiB4bWxucz0iaHR0cDovL3d3dy53My5vcmcvMjAwMC9zdmciPjwvc3ZnPg==\" style=\"--smush-placeholder-width: 1000px; --smush-placeholder-aspect-ratio: 1000\/708;\" \/><figcaption class=\"wp-element-caption\"><strong>2000<\/strong>-ci ild\u0259 Va\u015finqtonda AB\u015e-Az\u0259rbaycan Ticar\u0259t Palatas\u0131n\u0131n d\u00f6rd\u00fcnc\u00fc illik g\u00f6r\u00fc\u015f\u00fc zaman\u0131 eks prezident Heyd\u0259r \u018fliyev v\u0259 palatan\u0131n h\u0259ms\u0259dri Reza V\u0259ziri &#8211; M\u0259nb\u0259: <strong>USACC<\/strong><\/figcaption><\/figure>\n\n\n\n<p>&#8220;Anglo Asian Mining PLC&#8221; (AAM) \u015firk\u0259tinin 2007-2015-ci ill\u0259rin<a href=\"https:\/\/www.annualreports.com\/HostedData\/AnnualReportArchive\/a\/LSE_AAZ_2009.pdf\"> hesabatlar\u0131na<\/a> g\u00f6r\u0259 X\u0259qani B\u0259\u015firov Reza V\u0259zirid\u0259n sonra \u015firk\u0259tin \u0259n b\u00f6y\u00fck s\u0259hmdar\u0131 olub. \u015eirk\u0259tin 16%-12% s\u0259hml\u0259rin\u0259 sahib olub. O, 2015-ci il May ay\u0131ndan sonra \u015firk\u0259ti <a href=\"https:\/\/wp-angloasianmining-2020.s3.eu-west-2.amazonaws.com\/media\/2019\/01\/Annual_report_accounts_2015.pdf\">t\u0259rk edib<\/a>.&nbsp;<\/p>\n\n\n\n<p>X\u0259qani B\u0259\u015firovun ad\u0131n\u0131 ictimaiyy\u0259t Beyn\u0259lxalq Bankdan 185 milyon manat\u0131n yoxa \u00e7\u0131xmas\u0131 il\u0259<a href=\"https:\/\/www.azadliq.org\/a\/24263362.html\"> tan\u0131y\u0131blar<\/a>. Fransa v\u0259t\u0259nda\u015f\u0131 olan bu biznesmenin bir zamanlar Beyn\u0259lxalq Bankda xarici layih\u0259l\u0259r\u0259 r\u0259hb\u0259rlik etdiyi iddia edilib. B\u0259\u015firov v\u0259 Hac\u0131yev h\u0259l\u0259 1994-c\u00fc ild\u0259n dost olublar.&nbsp;<\/p>\n\n\n\n<p>13 ild\u0259n sonra ilk d\u0259f\u0259 X\u0259qani B\u0259\u015firov mediaya m\u00fcsahib\u0259 verib. O,<a href=\"https:\/\/www.opendemocracy.net\/en\/dark-money-investigations\/bob-stewart-hid-directorship-defence-firm-ksantex-committee-azerbaijan-tory-mp\/\"> openDemocracy<\/a>-a ke\u00e7mi\u015fd\u0259 h\u0259bsd\u0259 oldu\u011funu t\u0259sdiql\u0259s\u0259 d\u0259, Az\u0259rbaycan h\u00f6kum\u0259ti il\u0259 \u0259m\u0259kda\u015fl\u0131q ed\u0259r\u0259k bank aktivl\u0259rinin geri qaytar\u0131lmas\u0131na k\u00f6m\u0259k etdiyini a\u00e7\u0131qlay\u0131b.&nbsp;<\/p>\n\n\n\n<p>\u201cM\u0259nim kriminal ke\u00e7mi\u015fim h\u0259r yerd\u0259 t\u0259mizdir. Bu, asanl\u0131qla s\u00fcbuta yetiril\u0259 bil\u0259r\u201d, &#8211; dey\u0259 o bildirib.<\/p>\n\n\n\n<figure class=\"wp-block-image size-large\"><img decoding=\"async\" width=\"1200\" height=\"675\" data-src=\"https:\/\/www.meydan.tv\/wp-content\/uploads\/copy-of-untitled-design-4-1200x675.png\" alt=\"\" class=\"wp-image-278579 lazyload\" src=\"data:image\/svg+xml;base64,PHN2ZyB3aWR0aD0iMSIgaGVpZ2h0PSIxIiB4bWxucz0iaHR0cDovL3d3dy53My5vcmcvMjAwMC9zdmciPjwvc3ZnPg==\" style=\"--smush-placeholder-width: 1200px; --smush-placeholder-aspect-ratio: 1200\/675;\" \/><figcaption class=\"wp-element-caption\">Solda az\u0259rbaycanl\u0131 biznesmen X\u0259qani B\u0259\u015firov v\u0259 sa\u011fda iranl\u0131 biznesmen Reza V\u0259ziri &#8211; M\u0259nb\u0259: Azadl\u0131q Radiosu v\u0259 \u0130TV<\/figcaption><\/figure>\n\n\n\n<p>B\u0259\u015firov eyni zamanda bildirib ki, bank aktivl\u0259rinin d\u00f6vl\u0259t\u0259 qaytar\u0131lmas\u0131 \u00fc\u00e7\u00fcn Az\u0259rbaycan hakimiyy\u0259t orqanlar\u0131 il\u0259 \u0259m\u0259kda\u015fl\u0131q etdiyin\u0259 g\u00f6r\u0259 Cahangir Hac\u0131yevl\u0259 m\u00fcnasib\u0259tl\u0259ri korlan\u0131b.&nbsp;<\/p>\n\n\n\n<p>&#8220;M\u00fcnasib\u0259tl\u0259rimiz 2013-c\u00fc ilin \u0259vv\u0259lind\u0259 pisl\u0259\u015fm\u0259y\u0259 ba\u015flad\u0131 v\u0259 2015-ci ilin noyabr\u0131nda tamamil\u0259 sona \u00e7atd\u0131. O, (Hac\u0131yev- red.) m\u0259n\u0259 dedi ki, ona x\u0259yan\u0259t etmi\u015f\u0259m\u201d.<\/p>\n\n\n\n<p>Az\u0259rbaycan d\u00f6vl\u0259tin\u0259 m\u0259xsus olan Az\u0259rbaycan Beyn\u0259lxalq Bank\u0131 (ABB) ill\u0259rdir &#8220;Anglo Asian Mining PLC&#8221; \u015firk\u0259tin\u0259 milyonlarla manat kredit ay\u0131r\u0131r. M\u0259s\u0259l\u0259n bu il, y\u0259ni 2023-c\u00fc ild\u0259 Az\u0259rbaycanda q\u0131z\u0131l hasilat\u00e7\u0131s\u0131 olan &#8220;AAM&#8221; \u015firk\u0259ti &#8220;ABB&#8221; il\u0259 55 milyonluq kredit m\u00fcqavil\u0259si<a href=\"https:\/\/fed.az\/az\/bank\/azerbaycanda-qizil-hasilatcisi-abb-ile-55-milyonluq-kredit-muqavilesi-imzalayib-157411\"> imzalay\u0131b<\/a>.<\/p>\n\n\n\n<p>22 iyunda Londonda ke\u00e7irdiyi illik hesabat y\u0131\u011f\u0131nca\u011f\u0131nda, 2022-ci ili yax\u015f\u0131 ba\u015fa vurduqlar\u0131n\u0131 qeyd ed\u0259n Reza V\u0259ziri<a href=\"https:\/\/polaris.brighterir.com\/public\/anglo_asian_mining\/news\/rns_widget\/story\/xlel4gw\"> bildirib<\/a> ki, ke\u00e7\u0259n ilin iyulunda Az\u0259rbaycan h\u00f6kum\u0259ti il\u0259 ba\u011flan\u0131lan pay b\u00f6lg\u00fcs\u00fc haqq\u0131nda sazi\u015f\u0259 d\u0259yi\u015fiklikl\u0259r edilib. D\u0259yi\u015fikliy\u0259 \u0259sas\u0259n \u015firk\u0259t yeni 3 \u0259razi (Xarxar, D\u0259mirli, Qarada\u011f) sah\u0259l\u0259ri \u00fczr\u0259 5 illik m\u00fcqavil\u0259 imzalay\u0131b.\u00a0<\/p>\n\n\n\n<p>\u201c84,7 milyon dollar g\u0259lir v\u0259 7,5 milyon dollar vergid\u0259n \u0259vv\u0259l m\u0259nf\u0259\u0259tl\u0259 yax\u015f\u0131 maliyy\u0259 g\u00f6st\u0259ricil\u0259rinin hesabat\u0131n\u0131 verdik. 31 dekabr 2022-ci il tarixind\u0259 il \u0259rzind\u0259 8,6 milyon AB\u015e dollar\u0131 dividendl\u0259r \u00f6d\u0259m\u0259kl\u0259 20,4 milyon funt sterlinq na\u011fd pula sahib olmu\u015fuq\u201d &#8211; dey\u0259, V\u0259ziri bildirib.<\/p>\n\n\n\n<p>Bu G\u0259d\u0259b\u0259yd\u0259 yegan\u0259 q\u0131z\u0131l m\u0259d\u0259ni deyil. \u00c7ovdar k\u0259ndind\u0259 d\u0259 bu zavoddan biri daha var v\u0259 vaxtiyl\u0259 bu zavodu istismar ed\u0259n \u015firk\u0259tin \u0130lham \u018fliyevin q\u0131zlar\u0131na aid olmas\u0131 bar\u0259d\u0259 s\u00fcbutlar h\u0259m<a href=\"https:\/\/www.azadliq.org\/a\/24569260.html\"> Azadl\u0131q Radiosu<\/a>, h\u0259m d\u0259<a href=\"https:\/\/www.occrp.org\/en\/panamapapers\/aliyev-mining-empire\"> OCCRP<\/a>-nin ara\u015fd\u0131rmalar\u0131nda \u00f6z \u0259ksini tap\u0131b.<\/p>\n\n\n\n<p><em>M\u00fc\u0259llif: H\u0259bib M\u00fcnt\u0259zir<\/em><\/p>\n","protected":false},"excerpt":{"rendered":"<p>\u0130yunun 20-d\u0259 v\u0259 ert\u0259si g\u00fcn G\u0259d\u0259b\u0259y rayonunun S\u00f6y\u00fcdl\u00fc k\u0259ndinin sakinl\u0259ri &#8230; <\/p>\n<p class=\"read-more-container\"><a title=\"S\u00f6y\u00fcdl\u00fcd\u0259ki q\u0131z\u0131l m\u0259d\u0259ninin Az\u0259rbaycan hakimiyy\u0259ti il\u0259 \u0259laq\u0259si\" class=\"read-more button\" href=\"https:\/\/www.meydan.tv\/az\/article\/soyudludeki-qizil-medeninin-azerbaycan-hakimiyyeti-ile-elaqesi\/#more-278569\" aria-label=\"Read more about S\u00f6y\u00fcdl\u00fcd\u0259ki q\u0131z\u0131l m\u0259d\u0259ninin Az\u0259rbaycan hakimiyy\u0259ti il\u0259 \u0259laq\u0259si\">Davam\u0131<\/a><\/p>\n","protected":false},"author":14,"featured_media":278570,"comment_status":"closed","ping_status":"closed","sticky":false,"template":"","format":"standard","meta":{"_acf_changed":false,"_sitemap_exclude":false,"_sitemap_priority":"","_sitemap_frequency":"","footnotes":""},"categories":[55,79],"tags":[],"class_list":["post-278569","post","type-post","status-publish","format-standard","has-post-thumbnail","hentry","category-arasdirma","category-featured","infinite-scroll-item","generate-columns","tablet-grid-50","mobile-grid-100","grid-parent","grid-33","no-featured-image-padding"],"acf":[],"yoast_head":"<!-- This site is optimized with the Yoast SEO plugin v27.4 - https:\/\/yoast.com\/product\/yoast-seo-wordpress\/ -->\n<title>S\u00f6y\u00fcdl\u00fcd\u0259ki q\u0131z\u0131l m\u0259d\u0259ninin Az\u0259rbaycan hakimiyy\u0259ti il\u0259 \u0259laq\u0259si - MEYDAN.TV<\/title>\n<meta name=\"robots\" content=\"index, follow, max-snippet:-1, max-image-preview:large, max-video-preview:-1\" \/>\n<link rel=\"canonical\" href=\"https:\/\/www.meydan.tv\/az\/article\/soyudludeki-qizil-medeninin-azerbaycan-hakimiyyeti-ile-elaqesi\/\" \/>\n<meta property=\"og:locale\" content=\"az_AZ\" \/>\n<meta property=\"og:type\" content=\"article\" \/>\n<meta property=\"og:title\" content=\"S\u00f6y\u00fcdl\u00fcd\u0259ki q\u0131z\u0131l m\u0259d\u0259ninin Az\u0259rbaycan hakimiyy\u0259ti il\u0259 \u0259laq\u0259si - MEYDAN.TV\" \/>\n<meta property=\"og:description\" content=\"\u0130yunun 20-d\u0259 v\u0259 ert\u0259si g\u00fcn G\u0259d\u0259b\u0259y rayonunun S\u00f6y\u00fcdl\u00fc k\u0259ndinin sakinl\u0259ri ... Davam\u0131\" \/>\n<meta property=\"og:url\" content=\"https:\/\/www.meydan.tv\/az\/article\/soyudludeki-qizil-medeninin-azerbaycan-hakimiyyeti-ile-elaqesi\/\" \/>\n<meta property=\"og:site_name\" content=\"MEYDAN.TV\" \/>\n<meta property=\"article:published_time\" content=\"2023-06-26T14:47:29+00:00\" \/>\n<meta property=\"article:modified_time\" content=\"2023-06-26T15:27:55+00:00\" \/>\n<meta property=\"og:image\" content=\"https:\/\/www.meydan.tv\/wp-content\/uploads\/0988-1200x670.png\" \/>\n\t<meta property=\"og:image:width\" content=\"1200\" \/>\n\t<meta property=\"og:image:height\" content=\"670\" \/>\n\t<meta property=\"og:image:type\" content=\"image\/png\" \/>\n<meta name=\"author\" content=\"roma\" \/>\n<meta name=\"twitter:card\" content=\"summary_large_image\" \/>\n<script type=\"application\/ld+json\" class=\"yoast-schema-graph\">{\"@context\":\"https:\\\/\\\/schema.org\",\"@graph\":[{\"@type\":\"Article\",\"@id\":\"https:\\\/\\\/www.meydan.tv\\\/az\\\/article\\\/soyudludeki-qizil-medeninin-azerbaycan-hakimiyyeti-ile-elaqesi\\\/#article\",\"isPartOf\":{\"@id\":\"https:\\\/\\\/www.meydan.tv\\\/az\\\/article\\\/soyudludeki-qizil-medeninin-azerbaycan-hakimiyyeti-ile-elaqesi\\\/\"},\"author\":{\"name\":\"roma\",\"@id\":\"https:\\\/\\\/www.meydan.tv\\\/az\\\/#\\\/schema\\\/person\\\/8f23e01c4de63326c13c319fb65ee65d\"},\"headline\":\"S\u00f6y\u00fcdl\u00fcd\u0259ki q\u0131z\u0131l m\u0259d\u0259ninin Az\u0259rbaycan hakimiyy\u0259ti il\u0259 \u0259laq\u0259si\",\"datePublished\":\"2023-06-26T14:47:29+00:00\",\"dateModified\":\"2023-06-26T15:27:55+00:00\",\"mainEntityOfPage\":{\"@id\":\"https:\\\/\\\/www.meydan.tv\\\/az\\\/article\\\/soyudludeki-qizil-medeninin-azerbaycan-hakimiyyeti-ile-elaqesi\\\/\"},\"wordCount\":1258,\"publisher\":{\"@id\":\"https:\\\/\\\/www.meydan.tv\\\/az\\\/#organization\"},\"image\":{\"@id\":\"https:\\\/\\\/www.meydan.tv\\\/az\\\/article\\\/soyudludeki-qizil-medeninin-azerbaycan-hakimiyyeti-ile-elaqesi\\\/#primaryimage\"},\"thumbnailUrl\":\"https:\\\/\\\/www.meydan.tv\\\/wp-content\\\/uploads\\\/0988.png\",\"articleSection\":[\"Ara\u015fd\u0131rma\",\"T\u00f6vsiy\u0259\"],\"inLanguage\":\"az\"},{\"@type\":\"WebPage\",\"@id\":\"https:\\\/\\\/www.meydan.tv\\\/az\\\/article\\\/soyudludeki-qizil-medeninin-azerbaycan-hakimiyyeti-ile-elaqesi\\\/\",\"url\":\"https:\\\/\\\/www.meydan.tv\\\/az\\\/article\\\/soyudludeki-qizil-medeninin-azerbaycan-hakimiyyeti-ile-elaqesi\\\/\",\"name\":\"S\u00f6y\u00fcdl\u00fcd\u0259ki q\u0131z\u0131l m\u0259d\u0259ninin Az\u0259rbaycan hakimiyy\u0259ti il\u0259 \u0259laq\u0259si - MEYDAN.TV\",\"isPartOf\":{\"@id\":\"https:\\\/\\\/www.meydan.tv\\\/az\\\/#website\"},\"primaryImageOfPage\":{\"@id\":\"https:\\\/\\\/www.meydan.tv\\\/az\\\/article\\\/soyudludeki-qizil-medeninin-azerbaycan-hakimiyyeti-ile-elaqesi\\\/#primaryimage\"},\"image\":{\"@id\":\"https:\\\/\\\/www.meydan.tv\\\/az\\\/article\\\/soyudludeki-qizil-medeninin-azerbaycan-hakimiyyeti-ile-elaqesi\\\/#primaryimage\"},\"thumbnailUrl\":\"https:\\\/\\\/www.meydan.tv\\\/wp-content\\\/uploads\\\/0988.png\",\"datePublished\":\"2023-06-26T14:47:29+00:00\",\"dateModified\":\"2023-06-26T15:27:55+00:00\",\"breadcrumb\":{\"@id\":\"https:\\\/\\\/www.meydan.tv\\\/az\\\/article\\\/soyudludeki-qizil-medeninin-azerbaycan-hakimiyyeti-ile-elaqesi\\\/#breadcrumb\"},\"inLanguage\":\"az\",\"potentialAction\":[{\"@type\":\"ReadAction\",\"target\":[\"https:\\\/\\\/www.meydan.tv\\\/az\\\/article\\\/soyudludeki-qizil-medeninin-azerbaycan-hakimiyyeti-ile-elaqesi\\\/\"]}]},{\"@type\":\"ImageObject\",\"inLanguage\":\"az\",\"@id\":\"https:\\\/\\\/www.meydan.tv\\\/az\\\/article\\\/soyudludeki-qizil-medeninin-azerbaycan-hakimiyyeti-ile-elaqesi\\\/#primaryimage\",\"url\":\"https:\\\/\\\/www.meydan.tv\\\/wp-content\\\/uploads\\\/0988.png\",\"contentUrl\":\"https:\\\/\\\/www.meydan.tv\\\/wp-content\\\/uploads\\\/0988.png\",\"width\":1800,\"height\":1005,\"caption\":\"Fondak\u0131 fotonun m\u00fc\u0259llifi: Elm\u0259ddin \u015eamilzad\u0259\"},{\"@type\":\"BreadcrumbList\",\"@id\":\"https:\\\/\\\/www.meydan.tv\\\/az\\\/article\\\/soyudludeki-qizil-medeninin-azerbaycan-hakimiyyeti-ile-elaqesi\\\/#breadcrumb\",\"itemListElement\":[{\"@type\":\"ListItem\",\"position\":1,\"name\":\"Ana s\u0259hif\u0259\",\"item\":\"https:\\\/\\\/www.meydan.tv\\\/az\\\/\"},{\"@type\":\"ListItem\",\"position\":2,\"name\":\"Ara\u015fd\u0131rma\",\"item\":\"https:\\\/\\\/www.meydan.tv\\\/az\\\/section\\\/arasdirma\\\/\"},{\"@type\":\"ListItem\",\"position\":3,\"name\":\"S\u00f6y\u00fcdl\u00fcd\u0259ki q\u0131z\u0131l m\u0259d\u0259ninin Az\u0259rbaycan hakimiyy\u0259ti il\u0259 \u0259laq\u0259si\"}]},{\"@type\":\"WebSite\",\"@id\":\"https:\\\/\\\/www.meydan.tv\\\/az\\\/#website\",\"url\":\"https:\\\/\\\/www.meydan.tv\\\/az\\\/\",\"name\":\"MEYDAN.TV\",\"description\":\"Meydan TV Az\u0259rbaycan\u0131n media m\u0259kan\u0131ndak\u0131 alternativ s\u0259sidir\",\"publisher\":{\"@id\":\"https:\\\/\\\/www.meydan.tv\\\/az\\\/#organization\"},\"potentialAction\":[{\"@type\":\"SearchAction\",\"target\":{\"@type\":\"EntryPoint\",\"urlTemplate\":\"https:\\\/\\\/www.meydan.tv\\\/az\\\/?s={search_term_string}\"},\"query-input\":{\"@type\":\"PropertyValueSpecification\",\"valueRequired\":true,\"valueName\":\"search_term_string\"}}],\"inLanguage\":\"az\"},{\"@type\":\"Organization\",\"@id\":\"https:\\\/\\\/www.meydan.tv\\\/az\\\/#organization\",\"name\":\"Meydan TV\",\"url\":\"https:\\\/\\\/www.meydan.tv\\\/az\\\/\",\"logo\":{\"@type\":\"ImageObject\",\"inLanguage\":\"az\",\"@id\":\"https:\\\/\\\/www.meydan.tv\\\/az\\\/#\\\/schema\\\/logo\\\/image\\\/\",\"url\":\"https:\\\/\\\/www.meydan.tv\\\/wp-content\\\/uploads\\\/2021\\\/07\\\/meydan-logo.svg\",\"contentUrl\":\"https:\\\/\\\/www.meydan.tv\\\/wp-content\\\/uploads\\\/2021\\\/07\\\/meydan-logo.svg\",\"width\":195,\"height\":46,\"caption\":\"Meydan TV\"},\"image\":{\"@id\":\"https:\\\/\\\/www.meydan.tv\\\/az\\\/#\\\/schema\\\/logo\\\/image\\\/\"}},{\"@type\":\"Person\",\"@id\":\"https:\\\/\\\/www.meydan.tv\\\/az\\\/#\\\/schema\\\/person\\\/8f23e01c4de63326c13c319fb65ee65d\",\"name\":\"roma\"}]}<\/script>\n<!-- \/ Yoast SEO plugin. -->","yoast_head_json":{"title":"S\u00f6y\u00fcdl\u00fcd\u0259ki q\u0131z\u0131l m\u0259d\u0259ninin Az\u0259rbaycan hakimiyy\u0259ti il\u0259 \u0259laq\u0259si - MEYDAN.TV","robots":{"index":"index","follow":"follow","max-snippet":"max-snippet:-1","max-image-preview":"max-image-preview:large","max-video-preview":"max-video-preview:-1"},"canonical":"https:\/\/www.meydan.tv\/az\/article\/soyudludeki-qizil-medeninin-azerbaycan-hakimiyyeti-ile-elaqesi\/","og_locale":"az_AZ","og_type":"article","og_title":"S\u00f6y\u00fcdl\u00fcd\u0259ki q\u0131z\u0131l m\u0259d\u0259ninin Az\u0259rbaycan hakimiyy\u0259ti il\u0259 \u0259laq\u0259si - MEYDAN.TV","og_description":"\u0130yunun 20-d\u0259 v\u0259 ert\u0259si g\u00fcn G\u0259d\u0259b\u0259y rayonunun S\u00f6y\u00fcdl\u00fc k\u0259ndinin sakinl\u0259ri ... Davam\u0131","og_url":"https:\/\/www.meydan.tv\/az\/article\/soyudludeki-qizil-medeninin-azerbaycan-hakimiyyeti-ile-elaqesi\/","og_site_name":"MEYDAN.TV","article_published_time":"2023-06-26T14:47:29+00:00","article_modified_time":"2023-06-26T15:27:55+00:00","og_image":[{"width":1200,"height":670,"url":"https:\/\/www.meydan.tv\/wp-content\/uploads\/0988-1200x670.png","type":"image\/png"}],"author":"roma","twitter_card":"summary_large_image","schema":{"@context":"https:\/\/schema.org","@graph":[{"@type":"Article","@id":"https:\/\/www.meydan.tv\/az\/article\/soyudludeki-qizil-medeninin-azerbaycan-hakimiyyeti-ile-elaqesi\/#article","isPartOf":{"@id":"https:\/\/www.meydan.tv\/az\/article\/soyudludeki-qizil-medeninin-azerbaycan-hakimiyyeti-ile-elaqesi\/"},"author":{"name":"roma","@id":"https:\/\/www.meydan.tv\/az\/#\/schema\/person\/8f23e01c4de63326c13c319fb65ee65d"},"headline":"S\u00f6y\u00fcdl\u00fcd\u0259ki q\u0131z\u0131l m\u0259d\u0259ninin Az\u0259rbaycan hakimiyy\u0259ti il\u0259 \u0259laq\u0259si","datePublished":"2023-06-26T14:47:29+00:00","dateModified":"2023-06-26T15:27:55+00:00","mainEntityOfPage":{"@id":"https:\/\/www.meydan.tv\/az\/article\/soyudludeki-qizil-medeninin-azerbaycan-hakimiyyeti-ile-elaqesi\/"},"wordCount":1258,"publisher":{"@id":"https:\/\/www.meydan.tv\/az\/#organization"},"image":{"@id":"https:\/\/www.meydan.tv\/az\/article\/soyudludeki-qizil-medeninin-azerbaycan-hakimiyyeti-ile-elaqesi\/#primaryimage"},"thumbnailUrl":"https:\/\/www.meydan.tv\/wp-content\/uploads\/0988.png","articleSection":["Ara\u015fd\u0131rma","T\u00f6vsiy\u0259"],"inLanguage":"az"},{"@type":"WebPage","@id":"https:\/\/www.meydan.tv\/az\/article\/soyudludeki-qizil-medeninin-azerbaycan-hakimiyyeti-ile-elaqesi\/","url":"https:\/\/www.meydan.tv\/az\/article\/soyudludeki-qizil-medeninin-azerbaycan-hakimiyyeti-ile-elaqesi\/","name":"S\u00f6y\u00fcdl\u00fcd\u0259ki q\u0131z\u0131l m\u0259d\u0259ninin Az\u0259rbaycan hakimiyy\u0259ti il\u0259 \u0259laq\u0259si - MEYDAN.TV","isPartOf":{"@id":"https:\/\/www.meydan.tv\/az\/#website"},"primaryImageOfPage":{"@id":"https:\/\/www.meydan.tv\/az\/article\/soyudludeki-qizil-medeninin-azerbaycan-hakimiyyeti-ile-elaqesi\/#primaryimage"},"image":{"@id":"https:\/\/www.meydan.tv\/az\/article\/soyudludeki-qizil-medeninin-azerbaycan-hakimiyyeti-ile-elaqesi\/#primaryimage"},"thumbnailUrl":"https:\/\/www.meydan.tv\/wp-content\/uploads\/0988.png","datePublished":"2023-06-26T14:47:29+00:00","dateModified":"2023-06-26T15:27:55+00:00","breadcrumb":{"@id":"https:\/\/www.meydan.tv\/az\/article\/soyudludeki-qizil-medeninin-azerbaycan-hakimiyyeti-ile-elaqesi\/#breadcrumb"},"inLanguage":"az","potentialAction":[{"@type":"ReadAction","target":["https:\/\/www.meydan.tv\/az\/article\/soyudludeki-qizil-medeninin-azerbaycan-hakimiyyeti-ile-elaqesi\/"]}]},{"@type":"ImageObject","inLanguage":"az","@id":"https:\/\/www.meydan.tv\/az\/article\/soyudludeki-qizil-medeninin-azerbaycan-hakimiyyeti-ile-elaqesi\/#primaryimage","url":"https:\/\/www.meydan.tv\/wp-content\/uploads\/0988.png","contentUrl":"https:\/\/www.meydan.tv\/wp-content\/uploads\/0988.png","width":1800,"height":1005,"caption":"Fondak\u0131 fotonun m\u00fc\u0259llifi: Elm\u0259ddin \u015eamilzad\u0259"},{"@type":"BreadcrumbList","@id":"https:\/\/www.meydan.tv\/az\/article\/soyudludeki-qizil-medeninin-azerbaycan-hakimiyyeti-ile-elaqesi\/#breadcrumb","itemListElement":[{"@type":"ListItem","position":1,"name":"Ana s\u0259hif\u0259","item":"https:\/\/www.meydan.tv\/az\/"},{"@type":"ListItem","position":2,"name":"Ara\u015fd\u0131rma","item":"https:\/\/www.meydan.tv\/az\/section\/arasdirma\/"},{"@type":"ListItem","position":3,"name":"S\u00f6y\u00fcdl\u00fcd\u0259ki q\u0131z\u0131l m\u0259d\u0259ninin Az\u0259rbaycan hakimiyy\u0259ti il\u0259 \u0259laq\u0259si"}]},{"@type":"WebSite","@id":"https:\/\/www.meydan.tv\/az\/#website","url":"https:\/\/www.meydan.tv\/az\/","name":"MEYDAN.TV","description":"Meydan TV Az\u0259rbaycan\u0131n media m\u0259kan\u0131ndak\u0131 alternativ s\u0259sidir","publisher":{"@id":"https:\/\/www.meydan.tv\/az\/#organization"},"potentialAction":[{"@type":"SearchAction","target":{"@type":"EntryPoint","urlTemplate":"https:\/\/www.meydan.tv\/az\/?s={search_term_string}"},"query-input":{"@type":"PropertyValueSpecification","valueRequired":true,"valueName":"search_term_string"}}],"inLanguage":"az"},{"@type":"Organization","@id":"https:\/\/www.meydan.tv\/az\/#organization","name":"Meydan TV","url":"https:\/\/www.meydan.tv\/az\/","logo":{"@type":"ImageObject","inLanguage":"az","@id":"https:\/\/www.meydan.tv\/az\/#\/schema\/logo\/image\/","url":"https:\/\/www.meydan.tv\/wp-content\/uploads\/2021\/07\/meydan-logo.svg","contentUrl":"https:\/\/www.meydan.tv\/wp-content\/uploads\/2021\/07\/meydan-logo.svg","width":195,"height":46,"caption":"Meydan TV"},"image":{"@id":"https:\/\/www.meydan.tv\/az\/#\/schema\/logo\/image\/"}},{"@type":"Person","@id":"https:\/\/www.meydan.tv\/az\/#\/schema\/person\/8f23e01c4de63326c13c319fb65ee65d","name":"roma"}]}},"_links":{"self":[{"href":"https:\/\/www.meydan.tv\/az\/wp-json\/wp\/v2\/posts\/278569","targetHints":{"allow":["GET"]}}],"collection":[{"href":"https:\/\/www.meydan.tv\/az\/wp-json\/wp\/v2\/posts"}],"about":[{"href":"https:\/\/www.meydan.tv\/az\/wp-json\/wp\/v2\/types\/post"}],"author":[{"embeddable":true,"href":"https:\/\/www.meydan.tv\/az\/wp-json\/wp\/v2\/users\/14"}],"replies":[{"embeddable":true,"href":"https:\/\/www.meydan.tv\/az\/wp-json\/wp\/v2\/comments?post=278569"}],"version-history":[{"count":5,"href":"https:\/\/www.meydan.tv\/az\/wp-json\/wp\/v2\/posts\/278569\/revisions"}],"predecessor-version":[{"id":278589,"href":"https:\/\/www.meydan.tv\/az\/wp-json\/wp\/v2\/posts\/278569\/revisions\/278589"}],"wp:featuredmedia":[{"embeddable":true,"href":"https:\/\/www.meydan.tv\/az\/wp-json\/wp\/v2\/media\/278570"}],"wp:attachment":[{"href":"https:\/\/www.meydan.tv\/az\/wp-json\/wp\/v2\/media?parent=278569"}],"wp:term":[{"taxonomy":"category","embeddable":true,"href":"https:\/\/www.meydan.tv\/az\/wp-json\/wp\/v2\/categories?post=278569"},{"taxonomy":"post_tag","embeddable":true,"href":"https:\/\/www.meydan.tv\/az\/wp-json\/wp\/v2\/tags?post=278569"}],"curies":[{"name":"wp","href":"https:\/\/api.w.org\/{rel}","templated":true}]}}