{"id":278496,"date":"2023-06-25T11:04:45","date_gmt":"2023-06-25T07:04:45","guid":{"rendered":"https:\/\/www.meydan.tv\/?p=278496"},"modified":"2023-06-25T11:04:48","modified_gmt":"2023-06-25T07:04:48","slug":"goycayda-festival-bu-defe-el-isleri-satisa-cixarilib","status":"publish","type":"post","link":"https:\/\/www.meydan.tv\/az\/article\/goycayda-festival-bu-defe-el-isleri-satisa-cixarilib\/","title":{"rendered":"G\u00f6y\u00e7ayda festival: Bu d\u0259f\u0259 \u0259l i\u015fl\u0259ri sat\u0131\u015fa \u00e7\u0131xar\u0131l\u0131b"},"content":{"rendered":"\n<p><\/p>\n\n\n\n<p><em><strong>T\u0259dbird\u0259 m\u00fcxt\u0259lif rayonlardan, Bak\u0131dan qat\u0131lanlar var<\/strong><\/em><\/p>\n\n\n\n<p>G\u00f6y\u00e7ayda ba\u015f tutan &#8220;Aqroturizm v\u0259 sosial sahibkarl\u0131q&#8221; adl\u0131 festival son ill\u0259r ke\u00e7irilm\u0259y\u0259n&nbsp; \u0259n\u0259n\u0259vi&nbsp; nar festival\u0131ndan sonra n\u00f6vb\u0259ti yenilikdir. Region g\u0259ncl\u0259rinin&nbsp; m\u0259\u015f\u011fullu\u011fu \u00fc\u00e7\u00fcn n\u0259z\u0259rd\u0259 tutulan&nbsp; festivalda paytaxtdan v\u0259 m\u00fcxt\u0259lif regionlardan bacar\u0131ql\u0131 insanlar, qonaqlar t\u0259\u015frif buyurub. Onlar \u00f6z stendl\u0259rinin arxas\u0131nda dayanaraq \u0259l i\u015fl\u0259rini n\u00fcmayi\u015f etdiribl\u0259r.<\/p>\n\n\n\n<p>Festivala A\u011fda\u015f rayonun Orta L\u0259ki k\u0259ndind\u0259n qat\u0131lan&nbsp; 50 ya\u015fl\u0131 M\u0259tan\u0259t \u018fzizova deyir ki, ill\u0259rdir \u0259l i\u015fl\u0259rini n\u00fcmayi\u015f etdirm\u0259k \u00fc\u00e7\u00fcn bel\u0259 festivallar g\u00f6zl\u0259ntisind\u0259dir. \u00c7\u00fcnki region qad\u0131nlar\u0131n\u0131n h\u0259m i\u015fin\u0259 motivasiya, h\u0259m dolan\u0131\u015f\u0131\u011f\u0131 \u00fc\u00e7\u00fcn bu t\u0259dbirl\u0259r\u0259 ehtiyac var.<\/p>\n\n\n\n<p>&#8220;<em>Bizim \u00fc\u00e7\u00fcn h\u0259m ziyar\u0259t, h\u0259m ticar\u0259tdir. M\u0259n 10 ildir ki, toxuculuqla m\u0259\u015f\u011ful oluram. 40-a yax\u0131n \u0259l i\u015fimi g\u0259tirmi\u015f\u0259m. M\u00fcxt\u0259lif na\u011f\u0131l q\u0259hr\u0259manlar\u0131n\u0131 toxuyaraq sat\u0131ram. \u018fsas u\u015faqlar\u0131n sevimli i\u015fl\u0259rini h\u0259yata ke\u00e7irir\u0259m. Qiym\u0259tl\u0259ri 3 manatdan 35 manata q\u0259d\u0259rdi ki, \u0259l\u00e7atan olsun. Festivalara son vaxtlar qo\u015fulmu\u015fam. Bundan \u0259vv\u0259l G\u0259nc\u0259d\u0259, G\u00f6yg\u00f6ld\u0259 oldum, orada \u0259l i\u015fl\u0259rimizl\u0259 maraq g\u00f6rd\u00fcm. Bizim kimiistedad\u0131 olan qad\u0131nlar \u00fc\u00e7\u00fcn yax\u015f\u0131d\u0131r bel\u0259 festivallar. Ancaq\u00a0 etiraf edim ki, sat\u0131\u015f z\u0259ifdir, insanlar daha \u00e7ox baxma\u011fa, tan\u0131ma\u011fa \u00fcst\u00fcnl\u00fck verirl\u0259r&#8221;.<\/em><\/p>\n\n\n<div class=\"wp-block-image\">\n<figure class=\"aligncenter size-full\"><img decoding=\"async\" width=\"1200\" height=\"675\" data-src=\"https:\/\/www.meydan.tv\/wp-content\/uploads\/img-20230624-wa0065.jpg\" alt=\"\" class=\"wp-image-278466 lazyload\" src=\"data:image\/svg+xml;base64,PHN2ZyB3aWR0aD0iMSIgaGVpZ2h0PSIxIiB4bWxucz0iaHR0cDovL3d3dy53My5vcmcvMjAwMC9zdmciPjwvc3ZnPg==\" style=\"--smush-placeholder-width: 1200px; --smush-placeholder-aspect-ratio: 1200\/675;\" \/><figcaption class=\"wp-element-caption\">M\u0259tan\u0259t \u018fzizova<\/figcaption><\/figure>\n<\/div>\n\n\n<p>G\u00f6y\u00e7ay\u0131n \u00f6z\u00fcnd\u0259n qat\u0131lan K\u0259mal\u0259 S\u0259m\u0259dova is\u0259 deyir ki, festivalda i\u015ftirak\u0131 g\u00f6zl\u0259nilm\u0259z olub. Nar festival\u0131na v\u0259rdi\u015f ed\u0259n xan\u0131m son ill\u0259r \u00e7\u0259tinlikl\u0259r \u00e7\u0259kdiyini bildirir.<\/p>\n\n\n\n<p>&#8220;<em>Pandemiyadan sonra festival yoxdur dey\u0259 \u00e7\u0259tinlik \u00e7\u0259kirdik. \u018fl i\u015fimiz o festivallarda \u00e7ox sat\u0131l\u0131rd\u0131. \u0130ndi bu festival maraql\u0131 oldu. 30-ya yax\u0131n i\u015f g\u0259tirmi\u015f\u0259m. M\u0259n ancaq\u00a0 saplarla i\u015fl\u0259yir\u0259m. Burada dig\u0259r xan\u0131mlar\u0131n da \u0259l i\u015fl\u0259ri var, muncuqlarla \u00e7antalar, b\u0259z\u0259k aksesuarlar\u0131 d\u00fcz\u0259ldib g\u0259tiribl\u0259r. \u00c7al\u0131\u015f\u0131r\u0131q ki, uy\u011fun qiym\u0259t qoyaq, \u00e7\u00fcnki baha olsa, h\u0259m insanlar\u0131n g\u00fcc\u00fc \u00e7atmaz alma\u011fa, h\u0259m d\u0259 biz ziyan ed\u0259rik\u201d.<\/em><\/p>\n\n\n<div class=\"wp-block-image\">\n<figure class=\"aligncenter size-full\"><img decoding=\"async\" width=\"1200\" height=\"676\" data-src=\"https:\/\/www.meydan.tv\/wp-content\/uploads\/img-20230624-wa0031.jpg\" alt=\"\" class=\"wp-image-278502 lazyload\" src=\"data:image\/svg+xml;base64,PHN2ZyB3aWR0aD0iMSIgaGVpZ2h0PSIxIiB4bWxucz0iaHR0cDovL3d3dy53My5vcmcvMjAwMC9zdmciPjwvc3ZnPg==\" style=\"--smush-placeholder-width: 1200px; --smush-placeholder-aspect-ratio: 1200\/676;\" \/><figcaption class=\"wp-element-caption\">K\u0259mal\u0259 S\u0259m\u0259dova<\/figcaption><\/figure>\n<\/div>\n\n\n<p>K\u0259mal\u0259 S\u0259m\u0259dova deyir ki, l\u0259vazimatlar da \u00e7ox bahad\u0131r:<\/p>\n\n\n\n<p>\u201c<em>\u018fl z\u0259hm\u0259ti, g\u00f6z nurudur bu i\u015fl\u0259r. B\u0259z\u0259n g\u00fcnl\u0259rl\u0259 evimizin b\u00fct\u00fcn i\u015fini at\u0131b bu i\u015fl\u0259ri g\u00f6r\u00fcr\u00fck. M\u0259nim \u0259l i\u015fl\u0259rimin qiym\u0259ti 50 manatdan \u00fcst\u00fcn deyil. Bu i\u015f hobbimiz, h\u0259yat\u0131m\u0131z\u0131n bir hiss\u0259sidir. Bizi, \u0259l i\u015fl\u0259rimizi\u00a0 tan\u0131s\u0131nlar ki, al\u0131\u015f \u00e7ox olsun&#8221;.<\/em><\/p>\n\n\n\n<p>N\u00f6vb\u0259ti masaya yax\u0131nla\u015f\u0131r\u0131q. R\u0259ngli t\u0259bii da\u015flar g\u00f6z ox\u015fay\u0131r. 35 ya\u015fl\u0131, Bak\u0131dan G\u00f6y\u00e7aya ilk d\u0259f\u0259dir \u00fcz tutan&nbsp; G\u00fcnay M\u0259h\u0259rr\u0259mova iki ali t\u0259hsil al\u0131b, \u0259l bacar\u0131qlar\u0131&nbsp; say\u0259sind\u0259&nbsp; \u00f6z biznesini qurub. S\u0259rgil\u0259diyi \u0259l i\u015fl\u0259ri is\u0259 3 manatdan 35 manata q\u0259d\u0259rdir.<\/p>\n\n\n<div class=\"wp-block-image\">\n<figure class=\"aligncenter size-full\"><img decoding=\"async\" width=\"1200\" height=\"676\" data-src=\"https:\/\/www.meydan.tv\/wp-content\/uploads\/img-20230624-wa0024.jpg\" alt=\"\" class=\"wp-image-278469 lazyload\" src=\"data:image\/svg+xml;base64,PHN2ZyB3aWR0aD0iMSIgaGVpZ2h0PSIxIiB4bWxucz0iaHR0cDovL3d3dy53My5vcmcvMjAwMC9zdmciPjwvc3ZnPg==\" style=\"--smush-placeholder-width: 1200px; --smush-placeholder-aspect-ratio: 1200\/676;\" \/><figcaption class=\"wp-element-caption\">G\u00fcnay M\u0259h\u0259rr\u0259mova<\/figcaption><\/figure>\n<\/div>\n\n\n<p>&#8220;<em>Buradak\u0131 b\u00fct\u00fcn i\u015fl\u0259r m\u0259nimdir. Aksesuarlardak\u0131 t\u0259bii da\u015flard\u0131r. Aralar\u0131nda h\u0259tta q\u0131z\u0131l suyuna sal\u0131nm\u0131\u015f aksesuarlar var. 12 ildir ki, bu i\u015fin i\u00e7ind\u0259y\u0259m. Bel\u0259 festivallarda biz qad\u0131nlara, \u0259lill\u0259r\u0259\u00a0 xo\u015f s\u00f6zl\u0259r, xo\u015f m\u00fcnasib\u0259t m\u00fcsb\u0259t t\u0259sir g\u00f6st\u0259rir. \u0130\u015fl\u0259m\u0259k \u00fc\u00e7\u00fcn motivasiya \u00e7ox olur. Bak\u0131da bir ne\u00e7\u0259 ma\u011faza sahibiy\u0259m, h\u0259m d\u0259 mallar al\u0131nd\u0131qca, xeyriyy\u0259 fonduna k\u00f6m\u0259klik edirik&#8221;.<\/em><\/p>\n\n\n\n<p>R\u0259ngar\u0259ng k\u0259la\u011fay\u0131lar n\u00f6vb\u0259ti stendd\u0259&nbsp; g\u00f6z ox\u015fay\u0131r.&nbsp; \u0130smay\u0131ll\u0131n\u0131n Basqal k\u0259ndind\u0259n festivala 35 k\u0259la\u011fay\u0131 il\u0259 g\u0259l\u0259n M\u0259tan\u0259t Vicidova bu ba\u015f \u00f6rt\u00fcy\u00fcn\u0259 mara\u011f\u0131n son vaxtlar artd\u0131\u011f\u0131n\u0131 deyir.<\/p>\n\n\n\n<p>&#8220;<em>Bel\u0259 festivallardan sonra sifari\u015fl\u0259rimiz olur, \u0259sas\u0259n toy, ni\u015fan m\u0259rasiml\u0259rind\u0259. \u018fn\u0259n\u0259vi toy \u00f6rt\u00fckl\u0259ri geri d\u00f6n\u00fcr. Ni\u015fanda q\u0131z evin\u0259 apar\u0131rlar. \u015e\u0259xs\u0259n\u00a0 k\u0259la\u011fay\u0131ya \u00e7ox mara\u011f\u0131n olmas\u0131 m\u0259ni sevindirir. \u018fvv\u0259l\u0259r sanki he\u00e7 ad\u0131n\u0131 \u00e7\u0259kirmirdil\u0259r. Bu da bizim i\u015fimizdir ax\u0131. \u018fm\u0259yimiz h\u0259d\u0259r getm\u0259sin&#8221;.<\/em><\/p>\n\n\n<div class=\"wp-block-image\">\n<figure class=\"aligncenter size-full\"><img decoding=\"async\" width=\"1200\" height=\"676\" data-src=\"https:\/\/www.meydan.tv\/wp-content\/uploads\/img-20230624-wa0047.jpg\" alt=\"\" class=\"wp-image-278475 lazyload\" src=\"data:image\/svg+xml;base64,PHN2ZyB3aWR0aD0iMSIgaGVpZ2h0PSIxIiB4bWxucz0iaHR0cDovL3d3dy53My5vcmcvMjAwMC9zdmciPjwvc3ZnPg==\" style=\"--smush-placeholder-width: 1200px; --smush-placeholder-aspect-ratio: 1200\/676;\" \/><figcaption class=\"wp-element-caption\">Vicidova M\u0259tan\u0259t<\/figcaption><\/figure>\n<\/div>\n\n\n<p>Ali t\u0259hsili olsa da, 15 ildir g\u0259lincikl\u0259r, s\u0259b\u0259tl\u0259r tikib satan Mahir\u0259 Abdullayeva Bak\u0131dan f\u0259rqli olaraq regionlarda bu i\u015fl\u0259r\u0259 mara\u011f\u0131n azl\u0131\u011f\u0131n\u0131 m\u0259hz tan\u0131\u015fl\u0131q v\u0259 s\u0259n\u0259td\u0259n anlay\u0131\u015f\u0131n az olmas\u0131 il\u0259 \u0259laq\u0259l\u0259ndirir.<\/p>\n\n\n\n<p><em>&#8220;Bak\u0131dan sev\u0259r\u0259k g\u0259lmi\u015f\u0259m. \u0130nteryer g\u0259lincikl\u0259r, milli araq\u00e7\u0131nlar tikir\u0259m. U\u015faqlar \u00fc\u00e7\u00fcn \u00e7antalar,\u00a0 g\u0259linl\u0259r \u00fc\u00e7\u00fcn bukletl\u0259r haz\u0131rlay\u0131ram.\u00a0 \u00d6z\u00fcm\u00fcz\u00fc tan\u0131td\u0131r\u0131r\u0131q ilk n\u00f6vb\u0259d\u0259, \u00f6z \u0259l i\u015fl\u0259rimizi sat\u0131r\u0131q.\u00a0 \u018fl i\u015fl\u0259rimi daha \u00e7ox xaricil\u0259r al\u0131r, q\u0259rara g\u0259ldim ki, yerli festivallarda i\u015ftirak edim, yerli al\u0131c\u0131lar da m\u0259ni, i\u015fl\u0259rimi tan\u0131s\u0131n. \u018fl i\u015fl\u0259rinin individual oldu\u011funu g\u00f6st\u0259ririk, anlad\u0131r\u0131q insanlara. Qiym\u0259tl\u0259rimiz\u00a0 is\u0259 30-50 manat aras\u0131nda d\u0259yi\u015fir\u201d.<\/em><\/p>\n\n\n<div class=\"wp-block-image\">\n<figure class=\"aligncenter size-full\"><img decoding=\"async\" width=\"1200\" height=\"676\" data-src=\"https:\/\/www.meydan.tv\/wp-content\/uploads\/img-20230624-wa0077.jpg\" alt=\"\" class=\"wp-image-278478 lazyload\" src=\"data:image\/svg+xml;base64,PHN2ZyB3aWR0aD0iMSIgaGVpZ2h0PSIxIiB4bWxucz0iaHR0cDovL3d3dy53My5vcmcvMjAwMC9zdmciPjwvc3ZnPg==\" style=\"--smush-placeholder-width: 1200px; --smush-placeholder-aspect-ratio: 1200\/676;\" \/><figcaption class=\"wp-element-caption\">Mahir\u0259 Abdullayeva<\/figcaption><\/figure>\n<\/div>\n\n\n<p>Festivalda \u0259lilliyi olan \u015f\u0259xsl\u0259r d\u0259 i\u015ftirak ed\u0259r\u0259k, \u00f6z \u0259l i\u015fl\u0259rini qonaqlara t\u0259qdim edir. Onlar bel\u0259 festivallar\u0131n t\u0259\u015fkilini daha vacib hesab edirl\u0259r.<\/p>\n\n\n\n<p>&#8220;<em>Qolbaqlar, s\u0131r\u011falar, \u00fcz\u00fck d\u0259stl\u0259ri, boyunba\u011f\u0131lar haz\u0131rlay\u0131r\u0131q. A\u011facdan m\u00fcxt\u0259lif musiqi al\u0259tl\u0259ri, heyk\u0259ll\u0259r yonub haz\u0131rlay\u0131r\u0131q. 5 ildir bu i\u015fl\u0259 m\u0259\u015f\u011ful oluruq, h\u0259m oxuyuruq pe\u015f\u0259ni, h\u0259m bu i\u015fl\u0259ri edirik. Qad\u0131nlar\u0131n, \u0259lliliyi olan \u015f\u0259xsl\u0259rin x\u00fcsusil\u0259 buna ehtiyac\u0131 var.\u00a0 D\u0259v\u0259tl\u0259r \u00e7ox olsun ki, \u0259l i\u015fl\u0259rimiz al\u0131ns\u0131n, biz \u00f6z\u00fcm\u00fcz\u00fc tan\u0131daq v\u0259 s\u0259n\u0259timizi t\u0259qdim ed\u0259k&#8221;, &#8211;<\/em> onlar deyirl\u0259r.<\/p>\n\n\n\n<figure class=\"wp-block-image size-full\"><img decoding=\"async\" width=\"1200\" height=\"676\" data-src=\"https:\/\/www.meydan.tv\/wp-content\/uploads\/img-20230624-wa0090.jpg\" alt=\"\" class=\"wp-image-278484 lazyload\" src=\"data:image\/svg+xml;base64,PHN2ZyB3aWR0aD0iMSIgaGVpZ2h0PSIxIiB4bWxucz0iaHR0cDovL3d3dy53My5vcmcvMjAwMC9zdmciPjwvc3ZnPg==\" style=\"--smush-placeholder-width: 1200px; --smush-placeholder-aspect-ratio: 1200\/676;\" \/><\/figure>\n\n\n\n<p>Festivalda m\u00fcxt\u0259lif k\u0259nd t\u0259s\u0259rr\u00fcfat\u0131 bitkil\u0259ri, meyv\u0259l\u0259r, g\u00fcll\u0259r d\u0259 n\u00fcmayi\u015f olunaraq, \u0259h\u0259miyy\u0259ti&nbsp; izah olunur. Meyv\u0259\u00e7ilik v\u0259 \u00c7ay\u00e7\u0131l\u0131q Elmi T\u0259dqiqat \u0130nistutunun elmi katibi Z\u0259min\u0259 S\u0259rh\u0259dova&nbsp; d\u00fcnyada yaranan&nbsp; \u0259rzaq q\u0131tl\u0131\u011f\u0131na qar\u015f\u0131&nbsp; yeni n\u00f6v virusdan azad calaqalt\u0131lar\u0131n \u0259kinin\u0259 \u00f6lk\u0259d\u0259 d\u0259 ciddi ehtiyac oldu\u011funu vur\u011fulay\u0131r:<\/p>\n\n\n\n<figure class=\"wp-block-image size-full\"><img decoding=\"async\" width=\"1200\" height=\"676\" data-src=\"https:\/\/www.meydan.tv\/wp-content\/uploads\/img-20230624-wa0052.jpg\" alt=\"\" class=\"wp-image-278481 lazyload\" src=\"data:image\/svg+xml;base64,PHN2ZyB3aWR0aD0iMSIgaGVpZ2h0PSIxIiB4bWxucz0iaHR0cDovL3d3dy53My5vcmcvMjAwMC9zdmciPjwvc3ZnPg==\" style=\"--smush-placeholder-width: 1200px; --smush-placeholder-aspect-ratio: 1200\/676;\" \/><figcaption class=\"wp-element-caption\">Z\u0259min\u0259 S\u0259rh\u0259dova <\/figcaption><\/figure>\n\n\n\n<p><em>&#8220;Elmi n\u0259\u015frl\u0259rimiz var burda. O c\u00fcml\u0259d\u0259n, biotexnologiya laboratoriyas\u0131nda istehsal olunan, virusdan azad\u00a0 \u0259n m\u00fcasir vegatativ calaqalt\u0131lar g\u0259tirmi\u015fik. Bu bitkil\u0259r \u0259n\u0259n\u0259vi calaqlardan\u00a0 tez bar verm\u0259si,\u00a0 al\u00e7aqboylu olduqlar\u0131 \u00fc\u00e7\u00fcn bir hektara daha \u00e7ox a\u011fac getm\u0259si il\u0259 se\u00e7ilir. Fermerl\u0259rin bu calaqalt\u0131lar\u0131na mara\u011f\u0131\u00a0 \u00e7ox olur, \u00e7\u00fcnki aqrar rayonda buna ehtiyac var. \u018fm\u0259k az s\u0259rf etm\u0259kl\u0259, \u00e7ox m\u0259hsul ver\u0259n a\u011faclara, bitkil\u0259r\u0259 \u00e7\u0259kilm\u0259lidir, \u00e7\u00fcnki d\u00fcnyada getdikc\u0259 \u0259rzaq q\u0131tl\u0131\u011f\u0131 art\u0131r&#8221;.<\/em><\/p>\n\n\n<div class=\"wp-block-image\">\n<figure class=\"aligncenter size-full\"><img decoding=\"async\" width=\"1200\" height=\"676\" data-src=\"https:\/\/www.meydan.tv\/wp-content\/uploads\/img-20230624-wa0085.jpg\" alt=\"\" class=\"wp-image-278487 lazyload\" src=\"data:image\/svg+xml;base64,PHN2ZyB3aWR0aD0iMSIgaGVpZ2h0PSIxIiB4bWxucz0iaHR0cDovL3d3dy53My5vcmcvMjAwMC9zdmciPjwvc3ZnPg==\" style=\"--smush-placeholder-width: 1200px; --smush-placeholder-aspect-ratio: 1200\/676;\" \/><\/figure>\n<\/div>\n\n\n<p>Festivalda m\u00fcxt\u0259lif r\u0259ssamlar\u0131n, heyk\u0259lt\u0259ra\u015flar\u0131n, xal\u00e7a\u00e7\u0131lar\u0131n da \u0259l i\u015fl\u0259ri d\u0259 yer al\u0131b.<\/p>\n\n\n<div class=\"wp-block-image\">\n<figure class=\"aligncenter size-full\"><img decoding=\"async\" width=\"1200\" height=\"676\" data-src=\"https:\/\/www.meydan.tv\/wp-content\/uploads\/img-20230624-wa0106.jpg\" alt=\"\" class=\"wp-image-278493 lazyload\" src=\"data:image\/svg+xml;base64,PHN2ZyB3aWR0aD0iMSIgaGVpZ2h0PSIxIiB4bWxucz0iaHR0cDovL3d3dy53My5vcmcvMjAwMC9zdmciPjwvc3ZnPg==\" style=\"--smush-placeholder-width: 1200px; --smush-placeholder-aspect-ratio: 1200\/676;\" \/><\/figure>\n<\/div>","protected":false},"excerpt":{"rendered":"<p>T\u0259dbird\u0259 m\u00fcxt\u0259lif rayonlardan, Bak\u0131dan qat\u0131lanlar var G\u00f6y\u00e7ayda ba\u015f tutan &#8220;Aqroturizm &#8230; <\/p>\n<p class=\"read-more-container\"><a title=\"G\u00f6y\u00e7ayda festival: Bu d\u0259f\u0259 \u0259l i\u015fl\u0259ri sat\u0131\u015fa \u00e7\u0131xar\u0131l\u0131b\" class=\"read-more button\" href=\"https:\/\/www.meydan.tv\/az\/article\/goycayda-festival-bu-defe-el-isleri-satisa-cixarilib\/#more-278496\" aria-label=\"Read more about G\u00f6y\u00e7ayda festival: Bu d\u0259f\u0259 \u0259l i\u015fl\u0259ri sat\u0131\u015fa \u00e7\u0131xar\u0131l\u0131b\">Davam\u0131<\/a><\/p>\n","protected":false},"author":8,"featured_media":278490,"comment_status":"closed","ping_status":"closed","sticky":false,"template":"","format":"standard","meta":{"_acf_changed":false,"_sitemap_exclude":false,"_sitemap_priority":"","_sitemap_frequency":"","footnotes":""},"categories":[60,56],"tags":[],"class_list":["post-278496","post","type-post","status-publish","format-standard","has-post-thumbnail","hentry","category-bolge","category-xeberler","infinite-scroll-item","generate-columns","tablet-grid-50","mobile-grid-100","grid-parent","grid-33","no-featured-image-padding"],"acf":[],"yoast_head":"<!-- This site is optimized with the Yoast SEO plugin v27.5 - https:\/\/yoast.com\/product\/yoast-seo-wordpress\/ -->\n<title>G\u00f6y\u00e7ayda festival: Bu d\u0259f\u0259 \u0259l i\u015fl\u0259ri sat\u0131\u015fa \u00e7\u0131xar\u0131l\u0131b - MEYDAN.TV<\/title>\n<meta name=\"robots\" content=\"index, follow, max-snippet:-1, max-image-preview:large, max-video-preview:-1\" \/>\n<link rel=\"canonical\" href=\"https:\/\/www.meydan.tv\/az\/article\/goycayda-festival-bu-defe-el-isleri-satisa-cixarilib\/\" \/>\n<meta property=\"og:locale\" content=\"az_AZ\" \/>\n<meta property=\"og:type\" content=\"article\" \/>\n<meta property=\"og:title\" content=\"G\u00f6y\u00e7ayda festival: Bu d\u0259f\u0259 \u0259l i\u015fl\u0259ri sat\u0131\u015fa \u00e7\u0131xar\u0131l\u0131b - MEYDAN.TV\" \/>\n<meta property=\"og:description\" content=\"T\u0259dbird\u0259 m\u00fcxt\u0259lif rayonlardan, Bak\u0131dan qat\u0131lanlar var G\u00f6y\u00e7ayda ba\u015f tutan &#8220;Aqroturizm ... Davam\u0131\" \/>\n<meta property=\"og:url\" content=\"https:\/\/www.meydan.tv\/az\/article\/goycayda-festival-bu-defe-el-isleri-satisa-cixarilib\/\" \/>\n<meta property=\"og:site_name\" content=\"MEYDAN.TV\" \/>\n<meta property=\"article:published_time\" content=\"2023-06-25T07:04:45+00:00\" \/>\n<meta property=\"article:modified_time\" content=\"2023-06-25T07:04:48+00:00\" \/>\n<meta property=\"og:image\" content=\"https:\/\/www.meydan.tv\/wp-content\/uploads\/img-20230624-wa0078.jpg\" \/>\n\t<meta property=\"og:image:width\" content=\"1200\" \/>\n\t<meta property=\"og:image:height\" content=\"676\" \/>\n\t<meta property=\"og:image:type\" content=\"image\/jpeg\" \/>\n<meta name=\"author\" content=\"elli\" \/>\n<meta name=\"twitter:card\" content=\"summary_large_image\" \/>\n<meta name=\"twitter:creator\" content=\"@elli\" \/>\n<script type=\"application\/ld+json\" class=\"yoast-schema-graph\">{\"@context\":\"https:\\\/\\\/schema.org\",\"@graph\":[{\"@type\":\"Article\",\"@id\":\"https:\\\/\\\/www.meydan.tv\\\/az\\\/article\\\/goycayda-festival-bu-defe-el-isleri-satisa-cixarilib\\\/#article\",\"isPartOf\":{\"@id\":\"https:\\\/\\\/www.meydan.tv\\\/az\\\/article\\\/goycayda-festival-bu-defe-el-isleri-satisa-cixarilib\\\/\"},\"author\":{\"name\":\"elli\",\"@id\":\"https:\\\/\\\/www.meydan.tv\\\/az\\\/#\\\/schema\\\/person\\\/9cdbecf90d17180ce1dfbd95b08dcf47\"},\"headline\":\"G\u00f6y\u00e7ayda festival: Bu d\u0259f\u0259 \u0259l i\u015fl\u0259ri sat\u0131\u015fa \u00e7\u0131xar\u0131l\u0131b\",\"datePublished\":\"2023-06-25T07:04:45+00:00\",\"dateModified\":\"2023-06-25T07:04:48+00:00\",\"mainEntityOfPage\":{\"@id\":\"https:\\\/\\\/www.meydan.tv\\\/az\\\/article\\\/goycayda-festival-bu-defe-el-isleri-satisa-cixarilib\\\/\"},\"wordCount\":1268,\"publisher\":{\"@id\":\"https:\\\/\\\/www.meydan.tv\\\/az\\\/#organization\"},\"image\":{\"@id\":\"https:\\\/\\\/www.meydan.tv\\\/az\\\/article\\\/goycayda-festival-bu-defe-el-isleri-satisa-cixarilib\\\/#primaryimage\"},\"thumbnailUrl\":\"https:\\\/\\\/www.meydan.tv\\\/wp-content\\\/uploads\\\/img-20230624-wa0078.jpg\",\"articleSection\":[\"B\u00f6lg\u0259\",\"X\u0259b\u0259rl\u0259r\"],\"inLanguage\":\"az\"},{\"@type\":\"WebPage\",\"@id\":\"https:\\\/\\\/www.meydan.tv\\\/az\\\/article\\\/goycayda-festival-bu-defe-el-isleri-satisa-cixarilib\\\/\",\"url\":\"https:\\\/\\\/www.meydan.tv\\\/az\\\/article\\\/goycayda-festival-bu-defe-el-isleri-satisa-cixarilib\\\/\",\"name\":\"G\u00f6y\u00e7ayda festival: Bu d\u0259f\u0259 \u0259l i\u015fl\u0259ri sat\u0131\u015fa \u00e7\u0131xar\u0131l\u0131b - MEYDAN.TV\",\"isPartOf\":{\"@id\":\"https:\\\/\\\/www.meydan.tv\\\/az\\\/#website\"},\"primaryImageOfPage\":{\"@id\":\"https:\\\/\\\/www.meydan.tv\\\/az\\\/article\\\/goycayda-festival-bu-defe-el-isleri-satisa-cixarilib\\\/#primaryimage\"},\"image\":{\"@id\":\"https:\\\/\\\/www.meydan.tv\\\/az\\\/article\\\/goycayda-festival-bu-defe-el-isleri-satisa-cixarilib\\\/#primaryimage\"},\"thumbnailUrl\":\"https:\\\/\\\/www.meydan.tv\\\/wp-content\\\/uploads\\\/img-20230624-wa0078.jpg\",\"datePublished\":\"2023-06-25T07:04:45+00:00\",\"dateModified\":\"2023-06-25T07:04:48+00:00\",\"breadcrumb\":{\"@id\":\"https:\\\/\\\/www.meydan.tv\\\/az\\\/article\\\/goycayda-festival-bu-defe-el-isleri-satisa-cixarilib\\\/#breadcrumb\"},\"inLanguage\":\"az\",\"potentialAction\":[{\"@type\":\"ReadAction\",\"target\":[\"https:\\\/\\\/www.meydan.tv\\\/az\\\/article\\\/goycayda-festival-bu-defe-el-isleri-satisa-cixarilib\\\/\"]}]},{\"@type\":\"ImageObject\",\"inLanguage\":\"az\",\"@id\":\"https:\\\/\\\/www.meydan.tv\\\/az\\\/article\\\/goycayda-festival-bu-defe-el-isleri-satisa-cixarilib\\\/#primaryimage\",\"url\":\"https:\\\/\\\/www.meydan.tv\\\/wp-content\\\/uploads\\\/img-20230624-wa0078.jpg\",\"contentUrl\":\"https:\\\/\\\/www.meydan.tv\\\/wp-content\\\/uploads\\\/img-20230624-wa0078.jpg\",\"width\":1200,\"height\":676,\"caption\":\"Fotolar: Meydan TV\"},{\"@type\":\"BreadcrumbList\",\"@id\":\"https:\\\/\\\/www.meydan.tv\\\/az\\\/article\\\/goycayda-festival-bu-defe-el-isleri-satisa-cixarilib\\\/#breadcrumb\",\"itemListElement\":[{\"@type\":\"ListItem\",\"position\":1,\"name\":\"Ana s\u0259hif\u0259\",\"item\":\"https:\\\/\\\/www.meydan.tv\\\/az\\\/\"},{\"@type\":\"ListItem\",\"position\":2,\"name\":\"B\u00f6lg\u0259\",\"item\":\"https:\\\/\\\/www.meydan.tv\\\/az\\\/section\\\/bolge\\\/\"},{\"@type\":\"ListItem\",\"position\":3,\"name\":\"G\u00f6y\u00e7ayda festival: Bu d\u0259f\u0259 \u0259l i\u015fl\u0259ri sat\u0131\u015fa \u00e7\u0131xar\u0131l\u0131b\"}]},{\"@type\":\"WebSite\",\"@id\":\"https:\\\/\\\/www.meydan.tv\\\/az\\\/#website\",\"url\":\"https:\\\/\\\/www.meydan.tv\\\/az\\\/\",\"name\":\"MEYDAN.TV\",\"description\":\"Meydan TV Az\u0259rbaycan\u0131n media m\u0259kan\u0131ndak\u0131 alternativ s\u0259sidir\",\"publisher\":{\"@id\":\"https:\\\/\\\/www.meydan.tv\\\/az\\\/#organization\"},\"potentialAction\":[{\"@type\":\"SearchAction\",\"target\":{\"@type\":\"EntryPoint\",\"urlTemplate\":\"https:\\\/\\\/www.meydan.tv\\\/az\\\/?s={search_term_string}\"},\"query-input\":{\"@type\":\"PropertyValueSpecification\",\"valueRequired\":true,\"valueName\":\"search_term_string\"}}],\"inLanguage\":\"az\"},{\"@type\":\"Organization\",\"@id\":\"https:\\\/\\\/www.meydan.tv\\\/az\\\/#organization\",\"name\":\"Meydan TV\",\"url\":\"https:\\\/\\\/www.meydan.tv\\\/az\\\/\",\"logo\":{\"@type\":\"ImageObject\",\"inLanguage\":\"az\",\"@id\":\"https:\\\/\\\/www.meydan.tv\\\/az\\\/#\\\/schema\\\/logo\\\/image\\\/\",\"url\":\"https:\\\/\\\/www.meydan.tv\\\/wp-content\\\/uploads\\\/2021\\\/07\\\/meydan-logo.svg\",\"contentUrl\":\"https:\\\/\\\/www.meydan.tv\\\/wp-content\\\/uploads\\\/2021\\\/07\\\/meydan-logo.svg\",\"width\":195,\"height\":46,\"caption\":\"Meydan TV\"},\"image\":{\"@id\":\"https:\\\/\\\/www.meydan.tv\\\/az\\\/#\\\/schema\\\/logo\\\/image\\\/\"}},{\"@type\":\"Person\",\"@id\":\"https:\\\/\\\/www.meydan.tv\\\/az\\\/#\\\/schema\\\/person\\\/9cdbecf90d17180ce1dfbd95b08dcf47\",\"name\":\"elli\",\"sameAs\":[\"https:\\\/\\\/x.com\\\/elli\"]}]}<\/script>\n<!-- \/ Yoast SEO plugin. -->","yoast_head_json":{"title":"G\u00f6y\u00e7ayda festival: Bu d\u0259f\u0259 \u0259l i\u015fl\u0259ri sat\u0131\u015fa \u00e7\u0131xar\u0131l\u0131b - MEYDAN.TV","robots":{"index":"index","follow":"follow","max-snippet":"max-snippet:-1","max-image-preview":"max-image-preview:large","max-video-preview":"max-video-preview:-1"},"canonical":"https:\/\/www.meydan.tv\/az\/article\/goycayda-festival-bu-defe-el-isleri-satisa-cixarilib\/","og_locale":"az_AZ","og_type":"article","og_title":"G\u00f6y\u00e7ayda festival: Bu d\u0259f\u0259 \u0259l i\u015fl\u0259ri sat\u0131\u015fa \u00e7\u0131xar\u0131l\u0131b - MEYDAN.TV","og_description":"T\u0259dbird\u0259 m\u00fcxt\u0259lif rayonlardan, Bak\u0131dan qat\u0131lanlar var G\u00f6y\u00e7ayda ba\u015f tutan &#8220;Aqroturizm ... Davam\u0131","og_url":"https:\/\/www.meydan.tv\/az\/article\/goycayda-festival-bu-defe-el-isleri-satisa-cixarilib\/","og_site_name":"MEYDAN.TV","article_published_time":"2023-06-25T07:04:45+00:00","article_modified_time":"2023-06-25T07:04:48+00:00","og_image":[{"width":1200,"height":676,"url":"https:\/\/www.meydan.tv\/wp-content\/uploads\/img-20230624-wa0078.jpg","type":"image\/jpeg"}],"author":"elli","twitter_card":"summary_large_image","twitter_creator":"@elli","schema":{"@context":"https:\/\/schema.org","@graph":[{"@type":"Article","@id":"https:\/\/www.meydan.tv\/az\/article\/goycayda-festival-bu-defe-el-isleri-satisa-cixarilib\/#article","isPartOf":{"@id":"https:\/\/www.meydan.tv\/az\/article\/goycayda-festival-bu-defe-el-isleri-satisa-cixarilib\/"},"author":{"name":"elli","@id":"https:\/\/www.meydan.tv\/az\/#\/schema\/person\/9cdbecf90d17180ce1dfbd95b08dcf47"},"headline":"G\u00f6y\u00e7ayda festival: Bu d\u0259f\u0259 \u0259l i\u015fl\u0259ri sat\u0131\u015fa \u00e7\u0131xar\u0131l\u0131b","datePublished":"2023-06-25T07:04:45+00:00","dateModified":"2023-06-25T07:04:48+00:00","mainEntityOfPage":{"@id":"https:\/\/www.meydan.tv\/az\/article\/goycayda-festival-bu-defe-el-isleri-satisa-cixarilib\/"},"wordCount":1268,"publisher":{"@id":"https:\/\/www.meydan.tv\/az\/#organization"},"image":{"@id":"https:\/\/www.meydan.tv\/az\/article\/goycayda-festival-bu-defe-el-isleri-satisa-cixarilib\/#primaryimage"},"thumbnailUrl":"https:\/\/www.meydan.tv\/wp-content\/uploads\/img-20230624-wa0078.jpg","articleSection":["B\u00f6lg\u0259","X\u0259b\u0259rl\u0259r"],"inLanguage":"az"},{"@type":"WebPage","@id":"https:\/\/www.meydan.tv\/az\/article\/goycayda-festival-bu-defe-el-isleri-satisa-cixarilib\/","url":"https:\/\/www.meydan.tv\/az\/article\/goycayda-festival-bu-defe-el-isleri-satisa-cixarilib\/","name":"G\u00f6y\u00e7ayda festival: Bu d\u0259f\u0259 \u0259l i\u015fl\u0259ri sat\u0131\u015fa \u00e7\u0131xar\u0131l\u0131b - MEYDAN.TV","isPartOf":{"@id":"https:\/\/www.meydan.tv\/az\/#website"},"primaryImageOfPage":{"@id":"https:\/\/www.meydan.tv\/az\/article\/goycayda-festival-bu-defe-el-isleri-satisa-cixarilib\/#primaryimage"},"image":{"@id":"https:\/\/www.meydan.tv\/az\/article\/goycayda-festival-bu-defe-el-isleri-satisa-cixarilib\/#primaryimage"},"thumbnailUrl":"https:\/\/www.meydan.tv\/wp-content\/uploads\/img-20230624-wa0078.jpg","datePublished":"2023-06-25T07:04:45+00:00","dateModified":"2023-06-25T07:04:48+00:00","breadcrumb":{"@id":"https:\/\/www.meydan.tv\/az\/article\/goycayda-festival-bu-defe-el-isleri-satisa-cixarilib\/#breadcrumb"},"inLanguage":"az","potentialAction":[{"@type":"ReadAction","target":["https:\/\/www.meydan.tv\/az\/article\/goycayda-festival-bu-defe-el-isleri-satisa-cixarilib\/"]}]},{"@type":"ImageObject","inLanguage":"az","@id":"https:\/\/www.meydan.tv\/az\/article\/goycayda-festival-bu-defe-el-isleri-satisa-cixarilib\/#primaryimage","url":"https:\/\/www.meydan.tv\/wp-content\/uploads\/img-20230624-wa0078.jpg","contentUrl":"https:\/\/www.meydan.tv\/wp-content\/uploads\/img-20230624-wa0078.jpg","width":1200,"height":676,"caption":"Fotolar: Meydan TV"},{"@type":"BreadcrumbList","@id":"https:\/\/www.meydan.tv\/az\/article\/goycayda-festival-bu-defe-el-isleri-satisa-cixarilib\/#breadcrumb","itemListElement":[{"@type":"ListItem","position":1,"name":"Ana s\u0259hif\u0259","item":"https:\/\/www.meydan.tv\/az\/"},{"@type":"ListItem","position":2,"name":"B\u00f6lg\u0259","item":"https:\/\/www.meydan.tv\/az\/section\/bolge\/"},{"@type":"ListItem","position":3,"name":"G\u00f6y\u00e7ayda festival: Bu d\u0259f\u0259 \u0259l i\u015fl\u0259ri sat\u0131\u015fa \u00e7\u0131xar\u0131l\u0131b"}]},{"@type":"WebSite","@id":"https:\/\/www.meydan.tv\/az\/#website","url":"https:\/\/www.meydan.tv\/az\/","name":"MEYDAN.TV","description":"Meydan TV Az\u0259rbaycan\u0131n media m\u0259kan\u0131ndak\u0131 alternativ s\u0259sidir","publisher":{"@id":"https:\/\/www.meydan.tv\/az\/#organization"},"potentialAction":[{"@type":"SearchAction","target":{"@type":"EntryPoint","urlTemplate":"https:\/\/www.meydan.tv\/az\/?s={search_term_string}"},"query-input":{"@type":"PropertyValueSpecification","valueRequired":true,"valueName":"search_term_string"}}],"inLanguage":"az"},{"@type":"Organization","@id":"https:\/\/www.meydan.tv\/az\/#organization","name":"Meydan TV","url":"https:\/\/www.meydan.tv\/az\/","logo":{"@type":"ImageObject","inLanguage":"az","@id":"https:\/\/www.meydan.tv\/az\/#\/schema\/logo\/image\/","url":"https:\/\/www.meydan.tv\/wp-content\/uploads\/2021\/07\/meydan-logo.svg","contentUrl":"https:\/\/www.meydan.tv\/wp-content\/uploads\/2021\/07\/meydan-logo.svg","width":195,"height":46,"caption":"Meydan TV"},"image":{"@id":"https:\/\/www.meydan.tv\/az\/#\/schema\/logo\/image\/"}},{"@type":"Person","@id":"https:\/\/www.meydan.tv\/az\/#\/schema\/person\/9cdbecf90d17180ce1dfbd95b08dcf47","name":"elli","sameAs":["https:\/\/x.com\/elli"]}]}},"_links":{"self":[{"href":"https:\/\/www.meydan.tv\/az\/wp-json\/wp\/v2\/posts\/278496","targetHints":{"allow":["GET"]}}],"collection":[{"href":"https:\/\/www.meydan.tv\/az\/wp-json\/wp\/v2\/posts"}],"about":[{"href":"https:\/\/www.meydan.tv\/az\/wp-json\/wp\/v2\/types\/post"}],"author":[{"embeddable":true,"href":"https:\/\/www.meydan.tv\/az\/wp-json\/wp\/v2\/users\/8"}],"replies":[{"embeddable":true,"href":"https:\/\/www.meydan.tv\/az\/wp-json\/wp\/v2\/comments?post=278496"}],"version-history":[{"count":1,"href":"https:\/\/www.meydan.tv\/az\/wp-json\/wp\/v2\/posts\/278496\/revisions"}],"predecessor-version":[{"id":278505,"href":"https:\/\/www.meydan.tv\/az\/wp-json\/wp\/v2\/posts\/278496\/revisions\/278505"}],"wp:featuredmedia":[{"embeddable":true,"href":"https:\/\/www.meydan.tv\/az\/wp-json\/wp\/v2\/media\/278490"}],"wp:attachment":[{"href":"https:\/\/www.meydan.tv\/az\/wp-json\/wp\/v2\/media?parent=278496"}],"wp:term":[{"taxonomy":"category","embeddable":true,"href":"https:\/\/www.meydan.tv\/az\/wp-json\/wp\/v2\/categories?post=278496"},{"taxonomy":"post_tag","embeddable":true,"href":"https:\/\/www.meydan.tv\/az\/wp-json\/wp\/v2\/tags?post=278496"}],"curies":[{"name":"wp","href":"https:\/\/api.w.org\/{rel}","templated":true}]}}