{"id":278426,"date":"2023-06-24T19:39:41","date_gmt":"2023-06-24T15:39:41","guid":{"rendered":"https:\/\/www.meydan.tv\/?p=278426"},"modified":"2023-06-24T21:31:26","modified_gmt":"2023-06-24T17:31:26","slug":"sehid-ve-qazi-aileleri-torpaqlarin-menimsenilmesinden-narazidirlar","status":"publish","type":"post","link":"https:\/\/www.meydan.tv\/az\/article\/sehid-ve-qazi-aileleri-torpaqlarin-menimsenilmesinden-narazidirlar\/","title":{"rendered":"Qazil\u0259r v\u0259 \u015f\u0259hid ail\u0259l\u0259ri torpaqlar\u0131n\u0131n m\u0259nims\u0259nildiyini deyirl\u0259r"},"content":{"rendered":"\n<p><\/p>\n\n\n\n<p><strong><em>&#8220;B\u0259l\u0259diyy\u0259nin 22&nbsp; hektar torpa\u011f\u0131n\u0131n 20 hektar\u0131n\u0131 Zakir A\u011fayev al\u0131b&#8221;<\/em><\/strong><\/p>\n\n\n\n<p>C\u0259lilabad\u0131n Kaz\u0131mabad k\u0259ndinin bir qrup sakini \u2013 Birinci v\u0259 \u0130kinci Qaraba\u011f \u0259lill\u0259ri, \u015f\u0259hid ail\u0259l\u0259ri etiraz edirl\u0259r.<\/p>\n\n\n\n<p>Naraz\u0131l\u0131qlar\u0131 is\u0259 h\u0259mk\u0259ndlil\u0259ri Zakir A\u011fayevd\u0259ndir.<\/p>\n\n\n\n<p>V\u0259t\u0259nda\u015flar iddia edirl\u0259r ki, Zakir A\u011fayev 2007-ci ild\u0259 k\u0259nd b\u0259l\u0259diyy\u0259sinin ehtiyat fondunda olan iyirmi iki hektar torpa\u011f\u0131 qanunsuz m\u0259nims\u0259yib.<\/p>\n\n\n\n<p>Birinci Qaraba\u011f m\u00fchrib\u0259sind\u0259 h\u0259lak olan Vidadi A\u011fayevin qarda\u015f\u0131 N\u0259hm\u0259d A\u011fayev Meydan TV-y\u0259 deyir ki, \u00f6t\u0259n il ail\u0259sin\u0259 icra hakimiyy\u0259ti t\u0259r\u0259find\u0259n k\u0259ndin \u00f6r\u00fc\u015f sah\u0259sind\u0259n torpaq verilib. Lakin h\u0259min torpaq istifad\u0259y\u0259 yarars\u0131zd\u0131r:<\/p>\n\n\n\n<p>\u201c<em>K\u0259nd b\u0259l\u0259diyy\u0259sinin ehtiyat fondundan torpaq ist\u0259yirik. B\u0259l\u0259diyy\u0259 deyir ki, Zakir A\u011fayev ehtiyat fondunun iyirmi iki hektar torpa\u011f\u0131n\u0131 \u00f6zba\u015f\u0131na z\u0259bt edib. Bir d\u0259f\u0259 m\u0259hk\u0259m\u0259 yolu il\u0259 torpaqlar\u0131 ald\u0131q. N\u0259 hoqqa i\u015fl\u0259tdil\u0259rs\u0259, t\u0259z\u0259d\u0259n h\u0259min torpa\u011f\u0131 ona icar\u0259y\u0259 verdil\u0259r. \u018fv\u0259zind\u0259 d\u0259 k\u0259ndin \u00f6r\u00fc\u015f sah\u0259sind\u0259n \u0259kin\u0259 yarars\u0131z torpaqdan \u015f\u0259hid ail\u0259l\u0259rin\u0259 pay veribl\u0259r. B\u0259l\u0259diyy\u0259y\u0259 m\u00fcraci\u0259t edirik, s\u0259dr deyir ki, m\u0259n qol \u00e7\u0259km\u0259mi\u015f\u0259m, bizim x\u0259b\u0259rimiz yoxdur. \u015eikay\u0259t edirik, aidiyy\u0259ti qurum da deyir ki, torpa\u011f\u0131 b\u0259l\u0259diyy\u0259 verib. Zakir A\u011fayev d\u0259 deyir ki, m\u0259n torpa\u011f\u0131 icra n\u00fcmay\u0259nd\u0259l\u0259rind\u0259n qanuni icar\u0259y\u0259 g\u00f6t\u00fcrm\u00fc\u015f\u0259m\u201d.<\/em><\/p>\n\n\n\n<p>\u0130kinci Qaraba\u011f m\u00fcharib\u0259sind\u0259 h\u0259yat\u0131n\u0131 itir\u0259n Murad B\u0259dirovun atas\u0131 Qism\u0259t B\u0259dirova is\u0259 b\u0259l\u0259diyy\u0259 torpaqlar\u0131ndan iki sot ayr\u0131l\u0131b:<\/p>\n\n\n\n<p><em>\u201cLakin h\u0259l\u0259 d\u0259 o torpa\u011f\u0131 ala bilm\u0259mi\u015fik. Zakir A\u011fayev torpaqlar\u0131 z\u0259bt edib, vermir. \u0130ki ildir ki, m\u0259ni incidir. \u0130yunun 13-d\u0259 m\u0259ni d\u00f6y\u00fcb, x\u0259st\u0259xanal\u0131q etdi. \u0130ki hektar torpa\u011f\u0131 prezident m\u0259n\u0259 h\u0259lak olan u\u015fa\u011f\u0131ma g\u00f6r\u0259 verib. Onu \u0259limd\u0259n almaq ist\u0259yir ki, m\u0259nimdir. Daxili \u0130\u015fl\u0259r Nazirliyin\u0259, yerli icra hakimiyy\u0259tin\u0259 m\u00fcraci\u0259t etmi\u015f\u0259m. He\u00e7 kim d\u0259 \u015fikay\u0259timiz\u0259 qulaq asm\u0131r, baxm\u0131r. Yalandan g\u0259lib, hay-k\u00fcy sal\u0131rlar, sonra da gedirl\u0259r. M\u0259ni d\u00f6yd\u00fcy\u00fcn\u0259 g\u00f6r\u0259 polis\u0259 \u015fikay\u0259t etmi\u015f\u0259m, he\u00e7 baxan da yoxdur. M\u0259ni vurdu\u011fu \u00fc\u00e7\u00fcn qanun qar\u015f\u0131s\u0131nda cavab verm\u0259lidir, torpa\u011f\u0131m\u0131 qaytarmal\u0131d\u0131r\u201d.<\/em><\/p>\n\n\n\n<p>F\u00fczuli istiqam\u0259tind\u0259 ged\u0259n d\u00f6y\u00fc\u015fl\u0259rd\u0259 yaralanan, \u00fc\u00e7\u00fcnc\u00fc qrup \u0259lil K\u0259nan A\u011fayev d\u0259 deyir ki, ona da torpaq verilib. Lakin h\u0259l\u0259 d\u0259 torpa\u011f\u0131ndan istifad\u0259 ed\u0259 bilmir:<\/p>\n\n\n\n<p><em>\u201c\u00d6t\u0259n il pay\u0131z aylar\u0131nda m\u0259n\u0259 \u0259lli sot torpaq verilib. H\u0259min yerd\u0259n \u015f\u0259hid ail\u0259l\u0259rin\u0259, dig\u0259r qazi v\u0259 veteranlara torpaq verilib. Zakir A\u011fayev d\u0259 g\u0259lib \u015f\u0259hid atas\u0131n\u0131n torpa\u011f\u0131n\u0131, \u00fcmumi k\u0259ndin torpaqlar\u0131n\u0131 m\u0259nims\u0259yib. Ne\u00e7\u0259 ill\u0259rdir ki, bel\u0259dir. Biz d\u0259 torpaq ist\u0259y\u0259nd\u0259 aidiyy\u0259ti qurumlar deyirl\u0259r ki, bacara bilmirik. Onun arxas\u0131nda kiml\u0259rs\u0259 var ki, bu h\u0259r\u0259k\u0259ti edib. Otuz ildir ki, torpaqlar\u0131m\u0131z i\u015f\u011fal alt\u0131nda idi. Biz onu can\u0131m\u0131z, qan\u0131m\u0131z bahas\u0131na ald\u0131q. \u0130ndi k\u0259nd torpa\u011f\u0131ndan ist\u0259yirik ki, dolan\u0131\u015f\u0131\u011f\u0131m\u0131z\u0131 d\u00fcz\u0259ld\u0259k, vermirl\u0259r\u201d.<\/em><\/p>\n\n\n\n<p>Birinci Qaraba\u011f m\u00fcharib\u0259si \u0259lili R\u00f6v\u015f\u0259n A\u011fayev d\u0259f\u0259l\u0259rl\u0259 rayon icra hakimiyy\u0259ti ba\u015f\u00e7\u0131s\u0131n\u0131n yan\u0131nda oldu\u011funu qeyd edib:<\/p>\n\n\n\n<p>\u201c<em>Biz qazil\u0259r, veteranlar, \u015f\u0259hid ail\u0259l\u0259ri torpaqs\u0131z qalm\u0131\u015f\u0131q. Biz\u0259 k\u0259ndin mal \u00f6r\u00fc\u015f\u00fc torpa\u011f\u0131ndan verilib. H\u0259min torpaq da \u015forand\u0131r, \u0259kin\u0259 yararl\u0131 deyil. Bitki \u0259kirs\u0259n, h\u0259min torpaqda inki\u015faf ed\u0259 bilmir. \u018fkin\u0259 yarars\u0131zd\u0131rsa, m\u0259n o torpa\u011f\u0131 neynir\u0259m? Yalandan ad olur ki, qazil\u0259r\u0259, \u015f\u0259hid ail\u0259l\u0259rin\u0259 torpaq verilib. B\u0259l\u0259diyy\u0259nin ehtiyat fonduna aid olan iyirmi iki hektar torpaq da \u0259kin\u0259 yararl\u0131d\u0131r. Onun \u00fcst\u00fcnd\u0259 b\u00f6y\u00fck m\u00fcbahis\u0259l\u0259r gedir. Rayonda icra hakimiyy\u0259tind\u0259n b\u00f6y\u00fck struktur yoxdur. \u0130st\u0259yirik ki, icra ba\u015f\u00e7\u0131s\u0131 k\u00f6m\u0259yimiz\u0259 g\u0259lib, bizim torpa\u011f\u0131m\u0131z\u0131 versin. Bu torpaq u\u011frunda sa\u011flaml\u0131\u011f\u0131m\u0131z\u0131 itirmi\u015fiks\u0259, biz\u0259 \u0259kin\u0259 yararl\u0131 torpaq versin. He\u00e7 olmasa istifad\u0259 ed\u0259k, maddi durumumuzu yax\u015f\u0131la\u015fd\u0131raq\u201d.<\/em><\/p>\n\n\n\n<p>Meydan TV C\u0259lilabad Rayon \u0130cra Hakimiyy\u0259tinin aidiyy\u0259ti \u015f\u00f6b\u0259l\u0259rin\u0259 d\u0259f\u0259l\u0259rl\u0259 z\u0259ng ets\u0259 d\u0259, cavab ver\u0259n olmay\u0131b.<\/p>\n\n\n\n<p>Kaz\u0131mabad k\u0259nd b\u0259l\u0259diyy\u0259sinin s\u0259dri Arif \u018fliyev Meydan TV-y\u0259 deyib ki, b\u0259l\u0259diyy\u0259nin 22 hektar torpa\u011f\u0131n\u0131n 20 hektar\u0131n\u0131 2003-c\u00fc ild\u0259 Zakir A\u011fayev al\u0131b:<\/p>\n\n\n\n<p><em>\u201cV\u0259t\u0259nda\u015f h\u0259min torpa\u011f\u0131n iyirmi hektar\u0131n\u0131 al\u0131b, \u0259lind\u0259 \u00e7\u0131xar\u0131\u015f\u0131 var. Oradan iki hektar ay\u0131r\u0131b, \u015f\u0259hid atas\u0131 Qism\u0259t B\u0259dirova vermi\u015f\u0259m. M\u0259s\u0259l\u0259 ondad\u0131r ki, Zakir A\u011fayev \u00f6z torpaqlar\u0131 il\u0259 kifay\u0259tl\u0259nmir, b\u0259l\u0259diyy\u0259nin \u00f6r\u00fc\u015f sah\u0259l\u0259rini d\u0259 z\u0259bt edir. Torpa\u011f\u0131n relyefini pozur. K\u0259nar yerd\u0259ki torpaqlara m\u00fcdaxil\u0259 etdiyi \u00fc\u00e7\u00fcn d\u0259 \u0259halid\u0259 q\u0131c\u0131q yaran\u0131r\u201d.<\/em><\/p>\n\n\n\n<p>Zakir A\u011fayev a\u00e7\u0131qlamas\u0131nda deyib ki, h\u0259min torpaqla \u0259laq\u0259dar \u0259lind\u0259 s\u0259n\u0259dl\u0259ri <a href=\"https:\/\/www.facebook.com\/Murad.Huseynov.182\/videos\/112304551892457\" target=\"_blank\" rel=\"noreferrer noopener\">var.<\/a><\/p>\n\n\n\n<p>\u201c<em>Aidiyy\u0259ti qurumlar\u0131n n\u00fcmay\u0259nd\u0259l\u0259ri t\u0259r\u0259find\u0259n yoxlan\u0131l\u0131b, s\u0259n\u0259dl\u0259rimin qaydas\u0131nda oldu\u011fu bildirilib\u201d, &#8211;<\/em> Zakir A\u011fayev deyib.<\/p>\n","protected":false},"excerpt":{"rendered":"<p>&#8220;B\u0259l\u0259diyy\u0259nin 22&nbsp; hektar torpa\u011f\u0131n\u0131n 20 hektar\u0131n\u0131 Zakir A\u011fayev al\u0131b&#8221; C\u0259lilabad\u0131n &#8230; <\/p>\n<p class=\"read-more-container\"><a title=\"Qazil\u0259r v\u0259 \u015f\u0259hid ail\u0259l\u0259ri torpaqlar\u0131n\u0131n m\u0259nims\u0259nildiyini deyirl\u0259r\" class=\"read-more button\" href=\"https:\/\/www.meydan.tv\/az\/article\/sehid-ve-qazi-aileleri-torpaqlarin-menimsenilmesinden-narazidirlar\/#more-278426\" aria-label=\"Read more about Qazil\u0259r v\u0259 \u015f\u0259hid ail\u0259l\u0259ri torpaqlar\u0131n\u0131n m\u0259nims\u0259nildiyini deyirl\u0259r\">Davam\u0131<\/a><\/p>\n","protected":false},"author":8,"featured_media":278428,"comment_status":"closed","ping_status":"closed","sticky":false,"template":"","format":"standard","meta":{"_acf_changed":false,"_sitemap_exclude":false,"_sitemap_priority":"","_sitemap_frequency":"","footnotes":""},"categories":[60,56],"tags":[],"class_list":["post-278426","post","type-post","status-publish","format-standard","has-post-thumbnail","hentry","category-bolge","category-xeberler","infinite-scroll-item","generate-columns","tablet-grid-50","mobile-grid-100","grid-parent","grid-33","no-featured-image-padding"],"acf":[],"yoast_head":"<!-- This site is optimized with the Yoast SEO plugin v27.5 - https:\/\/yoast.com\/product\/yoast-seo-wordpress\/ -->\n<title>Qazil\u0259r v\u0259 \u015f\u0259hid ail\u0259l\u0259ri torpaqlar\u0131n\u0131n m\u0259nims\u0259nildiyini deyirl\u0259r - MEYDAN.TV<\/title>\n<meta name=\"robots\" content=\"index, follow, max-snippet:-1, max-image-preview:large, max-video-preview:-1\" \/>\n<link rel=\"canonical\" href=\"https:\/\/www.meydan.tv\/az\/article\/sehid-ve-qazi-aileleri-torpaqlarin-menimsenilmesinden-narazidirlar\/\" \/>\n<meta property=\"og:locale\" content=\"az_AZ\" \/>\n<meta property=\"og:type\" content=\"article\" \/>\n<meta property=\"og:title\" content=\"Qazil\u0259r v\u0259 \u015f\u0259hid ail\u0259l\u0259ri torpaqlar\u0131n\u0131n m\u0259nims\u0259nildiyini deyirl\u0259r - MEYDAN.TV\" \/>\n<meta property=\"og:description\" content=\"&#8220;B\u0259l\u0259diyy\u0259nin 22&nbsp; hektar torpa\u011f\u0131n\u0131n 20 hektar\u0131n\u0131 Zakir A\u011fayev al\u0131b&#8221; C\u0259lilabad\u0131n ... Davam\u0131\" \/>\n<meta property=\"og:url\" content=\"https:\/\/www.meydan.tv\/az\/article\/sehid-ve-qazi-aileleri-torpaqlarin-menimsenilmesinden-narazidirlar\/\" \/>\n<meta property=\"og:site_name\" content=\"MEYDAN.TV\" \/>\n<meta property=\"article:published_time\" content=\"2023-06-24T15:39:41+00:00\" \/>\n<meta property=\"article:modified_time\" content=\"2023-06-24T17:31:26+00:00\" \/>\n<meta property=\"og:image\" content=\"https:\/\/www.meydan.tv\/wp-content\/uploads\/1643092668_1643092616190.png\" \/>\n\t<meta property=\"og:image:width\" content=\"1200\" \/>\n\t<meta property=\"og:image:height\" content=\"664\" \/>\n\t<meta property=\"og:image:type\" content=\"image\/png\" \/>\n<meta name=\"author\" content=\"elli\" \/>\n<meta name=\"twitter:card\" content=\"summary_large_image\" \/>\n<meta name=\"twitter:creator\" content=\"@elli\" \/>\n<script type=\"application\/ld+json\" class=\"yoast-schema-graph\">{\"@context\":\"https:\\\/\\\/schema.org\",\"@graph\":[{\"@type\":\"Article\",\"@id\":\"https:\\\/\\\/www.meydan.tv\\\/az\\\/article\\\/sehid-ve-qazi-aileleri-torpaqlarin-menimsenilmesinden-narazidirlar\\\/#article\",\"isPartOf\":{\"@id\":\"https:\\\/\\\/www.meydan.tv\\\/az\\\/article\\\/sehid-ve-qazi-aileleri-torpaqlarin-menimsenilmesinden-narazidirlar\\\/\"},\"author\":{\"name\":\"elli\",\"@id\":\"https:\\\/\\\/www.meydan.tv\\\/az\\\/#\\\/schema\\\/person\\\/9cdbecf90d17180ce1dfbd95b08dcf47\"},\"headline\":\"Qazil\u0259r v\u0259 \u015f\u0259hid ail\u0259l\u0259ri torpaqlar\u0131n\u0131n m\u0259nims\u0259nildiyini deyirl\u0259r\",\"datePublished\":\"2023-06-24T15:39:41+00:00\",\"dateModified\":\"2023-06-24T17:31:26+00:00\",\"mainEntityOfPage\":{\"@id\":\"https:\\\/\\\/www.meydan.tv\\\/az\\\/article\\\/sehid-ve-qazi-aileleri-torpaqlarin-menimsenilmesinden-narazidirlar\\\/\"},\"wordCount\":952,\"publisher\":{\"@id\":\"https:\\\/\\\/www.meydan.tv\\\/az\\\/#organization\"},\"image\":{\"@id\":\"https:\\\/\\\/www.meydan.tv\\\/az\\\/article\\\/sehid-ve-qazi-aileleri-torpaqlarin-menimsenilmesinden-narazidirlar\\\/#primaryimage\"},\"thumbnailUrl\":\"https:\\\/\\\/www.meydan.tv\\\/wp-content\\\/uploads\\\/1643092668_1643092616190.png\",\"articleSection\":[\"B\u00f6lg\u0259\",\"X\u0259b\u0259rl\u0259r\"],\"inLanguage\":\"az\"},{\"@type\":\"WebPage\",\"@id\":\"https:\\\/\\\/www.meydan.tv\\\/az\\\/article\\\/sehid-ve-qazi-aileleri-torpaqlarin-menimsenilmesinden-narazidirlar\\\/\",\"url\":\"https:\\\/\\\/www.meydan.tv\\\/az\\\/article\\\/sehid-ve-qazi-aileleri-torpaqlarin-menimsenilmesinden-narazidirlar\\\/\",\"name\":\"Qazil\u0259r v\u0259 \u015f\u0259hid ail\u0259l\u0259ri torpaqlar\u0131n\u0131n m\u0259nims\u0259nildiyini deyirl\u0259r - MEYDAN.TV\",\"isPartOf\":{\"@id\":\"https:\\\/\\\/www.meydan.tv\\\/az\\\/#website\"},\"primaryImageOfPage\":{\"@id\":\"https:\\\/\\\/www.meydan.tv\\\/az\\\/article\\\/sehid-ve-qazi-aileleri-torpaqlarin-menimsenilmesinden-narazidirlar\\\/#primaryimage\"},\"image\":{\"@id\":\"https:\\\/\\\/www.meydan.tv\\\/az\\\/article\\\/sehid-ve-qazi-aileleri-torpaqlarin-menimsenilmesinden-narazidirlar\\\/#primaryimage\"},\"thumbnailUrl\":\"https:\\\/\\\/www.meydan.tv\\\/wp-content\\\/uploads\\\/1643092668_1643092616190.png\",\"datePublished\":\"2023-06-24T15:39:41+00:00\",\"dateModified\":\"2023-06-24T17:31:26+00:00\",\"breadcrumb\":{\"@id\":\"https:\\\/\\\/www.meydan.tv\\\/az\\\/article\\\/sehid-ve-qazi-aileleri-torpaqlarin-menimsenilmesinden-narazidirlar\\\/#breadcrumb\"},\"inLanguage\":\"az\",\"potentialAction\":[{\"@type\":\"ReadAction\",\"target\":[\"https:\\\/\\\/www.meydan.tv\\\/az\\\/article\\\/sehid-ve-qazi-aileleri-torpaqlarin-menimsenilmesinden-narazidirlar\\\/\"]}]},{\"@type\":\"ImageObject\",\"inLanguage\":\"az\",\"@id\":\"https:\\\/\\\/www.meydan.tv\\\/az\\\/article\\\/sehid-ve-qazi-aileleri-torpaqlarin-menimsenilmesinden-narazidirlar\\\/#primaryimage\",\"url\":\"https:\\\/\\\/www.meydan.tv\\\/wp-content\\\/uploads\\\/1643092668_1643092616190.png\",\"contentUrl\":\"https:\\\/\\\/www.meydan.tv\\\/wp-content\\\/uploads\\\/1643092668_1643092616190.png\",\"width\":1200,\"height\":664,\"caption\":\"Foto: C\u0259lilabad rayon \u0130cra Hakimiyy\u0259ti\"},{\"@type\":\"BreadcrumbList\",\"@id\":\"https:\\\/\\\/www.meydan.tv\\\/az\\\/article\\\/sehid-ve-qazi-aileleri-torpaqlarin-menimsenilmesinden-narazidirlar\\\/#breadcrumb\",\"itemListElement\":[{\"@type\":\"ListItem\",\"position\":1,\"name\":\"Ana s\u0259hif\u0259\",\"item\":\"https:\\\/\\\/www.meydan.tv\\\/az\\\/\"},{\"@type\":\"ListItem\",\"position\":2,\"name\":\"B\u00f6lg\u0259\",\"item\":\"https:\\\/\\\/www.meydan.tv\\\/az\\\/section\\\/bolge\\\/\"},{\"@type\":\"ListItem\",\"position\":3,\"name\":\"Qazil\u0259r v\u0259 \u015f\u0259hid ail\u0259l\u0259ri torpaqlar\u0131n\u0131n m\u0259nims\u0259nildiyini deyirl\u0259r\"}]},{\"@type\":\"WebSite\",\"@id\":\"https:\\\/\\\/www.meydan.tv\\\/az\\\/#website\",\"url\":\"https:\\\/\\\/www.meydan.tv\\\/az\\\/\",\"name\":\"MEYDAN.TV\",\"description\":\"Meydan TV Az\u0259rbaycan\u0131n media m\u0259kan\u0131ndak\u0131 alternativ s\u0259sidir\",\"publisher\":{\"@id\":\"https:\\\/\\\/www.meydan.tv\\\/az\\\/#organization\"},\"potentialAction\":[{\"@type\":\"SearchAction\",\"target\":{\"@type\":\"EntryPoint\",\"urlTemplate\":\"https:\\\/\\\/www.meydan.tv\\\/az\\\/?s={search_term_string}\"},\"query-input\":{\"@type\":\"PropertyValueSpecification\",\"valueRequired\":true,\"valueName\":\"search_term_string\"}}],\"inLanguage\":\"az\"},{\"@type\":\"Organization\",\"@id\":\"https:\\\/\\\/www.meydan.tv\\\/az\\\/#organization\",\"name\":\"Meydan TV\",\"url\":\"https:\\\/\\\/www.meydan.tv\\\/az\\\/\",\"logo\":{\"@type\":\"ImageObject\",\"inLanguage\":\"az\",\"@id\":\"https:\\\/\\\/www.meydan.tv\\\/az\\\/#\\\/schema\\\/logo\\\/image\\\/\",\"url\":\"https:\\\/\\\/www.meydan.tv\\\/wp-content\\\/uploads\\\/2021\\\/07\\\/meydan-logo.svg\",\"contentUrl\":\"https:\\\/\\\/www.meydan.tv\\\/wp-content\\\/uploads\\\/2021\\\/07\\\/meydan-logo.svg\",\"width\":195,\"height\":46,\"caption\":\"Meydan TV\"},\"image\":{\"@id\":\"https:\\\/\\\/www.meydan.tv\\\/az\\\/#\\\/schema\\\/logo\\\/image\\\/\"}},{\"@type\":\"Person\",\"@id\":\"https:\\\/\\\/www.meydan.tv\\\/az\\\/#\\\/schema\\\/person\\\/9cdbecf90d17180ce1dfbd95b08dcf47\",\"name\":\"elli\",\"sameAs\":[\"https:\\\/\\\/x.com\\\/elli\"]}]}<\/script>\n<!-- \/ Yoast SEO plugin. -->","yoast_head_json":{"title":"Qazil\u0259r v\u0259 \u015f\u0259hid ail\u0259l\u0259ri torpaqlar\u0131n\u0131n m\u0259nims\u0259nildiyini deyirl\u0259r - MEYDAN.TV","robots":{"index":"index","follow":"follow","max-snippet":"max-snippet:-1","max-image-preview":"max-image-preview:large","max-video-preview":"max-video-preview:-1"},"canonical":"https:\/\/www.meydan.tv\/az\/article\/sehid-ve-qazi-aileleri-torpaqlarin-menimsenilmesinden-narazidirlar\/","og_locale":"az_AZ","og_type":"article","og_title":"Qazil\u0259r v\u0259 \u015f\u0259hid ail\u0259l\u0259ri torpaqlar\u0131n\u0131n m\u0259nims\u0259nildiyini deyirl\u0259r - MEYDAN.TV","og_description":"&#8220;B\u0259l\u0259diyy\u0259nin 22&nbsp; hektar torpa\u011f\u0131n\u0131n 20 hektar\u0131n\u0131 Zakir A\u011fayev al\u0131b&#8221; C\u0259lilabad\u0131n ... Davam\u0131","og_url":"https:\/\/www.meydan.tv\/az\/article\/sehid-ve-qazi-aileleri-torpaqlarin-menimsenilmesinden-narazidirlar\/","og_site_name":"MEYDAN.TV","article_published_time":"2023-06-24T15:39:41+00:00","article_modified_time":"2023-06-24T17:31:26+00:00","og_image":[{"width":1200,"height":664,"url":"https:\/\/www.meydan.tv\/wp-content\/uploads\/1643092668_1643092616190.png","type":"image\/png"}],"author":"elli","twitter_card":"summary_large_image","twitter_creator":"@elli","schema":{"@context":"https:\/\/schema.org","@graph":[{"@type":"Article","@id":"https:\/\/www.meydan.tv\/az\/article\/sehid-ve-qazi-aileleri-torpaqlarin-menimsenilmesinden-narazidirlar\/#article","isPartOf":{"@id":"https:\/\/www.meydan.tv\/az\/article\/sehid-ve-qazi-aileleri-torpaqlarin-menimsenilmesinden-narazidirlar\/"},"author":{"name":"elli","@id":"https:\/\/www.meydan.tv\/az\/#\/schema\/person\/9cdbecf90d17180ce1dfbd95b08dcf47"},"headline":"Qazil\u0259r v\u0259 \u015f\u0259hid ail\u0259l\u0259ri torpaqlar\u0131n\u0131n m\u0259nims\u0259nildiyini deyirl\u0259r","datePublished":"2023-06-24T15:39:41+00:00","dateModified":"2023-06-24T17:31:26+00:00","mainEntityOfPage":{"@id":"https:\/\/www.meydan.tv\/az\/article\/sehid-ve-qazi-aileleri-torpaqlarin-menimsenilmesinden-narazidirlar\/"},"wordCount":952,"publisher":{"@id":"https:\/\/www.meydan.tv\/az\/#organization"},"image":{"@id":"https:\/\/www.meydan.tv\/az\/article\/sehid-ve-qazi-aileleri-torpaqlarin-menimsenilmesinden-narazidirlar\/#primaryimage"},"thumbnailUrl":"https:\/\/www.meydan.tv\/wp-content\/uploads\/1643092668_1643092616190.png","articleSection":["B\u00f6lg\u0259","X\u0259b\u0259rl\u0259r"],"inLanguage":"az"},{"@type":"WebPage","@id":"https:\/\/www.meydan.tv\/az\/article\/sehid-ve-qazi-aileleri-torpaqlarin-menimsenilmesinden-narazidirlar\/","url":"https:\/\/www.meydan.tv\/az\/article\/sehid-ve-qazi-aileleri-torpaqlarin-menimsenilmesinden-narazidirlar\/","name":"Qazil\u0259r v\u0259 \u015f\u0259hid ail\u0259l\u0259ri torpaqlar\u0131n\u0131n m\u0259nims\u0259nildiyini deyirl\u0259r - MEYDAN.TV","isPartOf":{"@id":"https:\/\/www.meydan.tv\/az\/#website"},"primaryImageOfPage":{"@id":"https:\/\/www.meydan.tv\/az\/article\/sehid-ve-qazi-aileleri-torpaqlarin-menimsenilmesinden-narazidirlar\/#primaryimage"},"image":{"@id":"https:\/\/www.meydan.tv\/az\/article\/sehid-ve-qazi-aileleri-torpaqlarin-menimsenilmesinden-narazidirlar\/#primaryimage"},"thumbnailUrl":"https:\/\/www.meydan.tv\/wp-content\/uploads\/1643092668_1643092616190.png","datePublished":"2023-06-24T15:39:41+00:00","dateModified":"2023-06-24T17:31:26+00:00","breadcrumb":{"@id":"https:\/\/www.meydan.tv\/az\/article\/sehid-ve-qazi-aileleri-torpaqlarin-menimsenilmesinden-narazidirlar\/#breadcrumb"},"inLanguage":"az","potentialAction":[{"@type":"ReadAction","target":["https:\/\/www.meydan.tv\/az\/article\/sehid-ve-qazi-aileleri-torpaqlarin-menimsenilmesinden-narazidirlar\/"]}]},{"@type":"ImageObject","inLanguage":"az","@id":"https:\/\/www.meydan.tv\/az\/article\/sehid-ve-qazi-aileleri-torpaqlarin-menimsenilmesinden-narazidirlar\/#primaryimage","url":"https:\/\/www.meydan.tv\/wp-content\/uploads\/1643092668_1643092616190.png","contentUrl":"https:\/\/www.meydan.tv\/wp-content\/uploads\/1643092668_1643092616190.png","width":1200,"height":664,"caption":"Foto: C\u0259lilabad rayon \u0130cra Hakimiyy\u0259ti"},{"@type":"BreadcrumbList","@id":"https:\/\/www.meydan.tv\/az\/article\/sehid-ve-qazi-aileleri-torpaqlarin-menimsenilmesinden-narazidirlar\/#breadcrumb","itemListElement":[{"@type":"ListItem","position":1,"name":"Ana s\u0259hif\u0259","item":"https:\/\/www.meydan.tv\/az\/"},{"@type":"ListItem","position":2,"name":"B\u00f6lg\u0259","item":"https:\/\/www.meydan.tv\/az\/section\/bolge\/"},{"@type":"ListItem","position":3,"name":"Qazil\u0259r v\u0259 \u015f\u0259hid ail\u0259l\u0259ri torpaqlar\u0131n\u0131n m\u0259nims\u0259nildiyini deyirl\u0259r"}]},{"@type":"WebSite","@id":"https:\/\/www.meydan.tv\/az\/#website","url":"https:\/\/www.meydan.tv\/az\/","name":"MEYDAN.TV","description":"Meydan TV Az\u0259rbaycan\u0131n media m\u0259kan\u0131ndak\u0131 alternativ s\u0259sidir","publisher":{"@id":"https:\/\/www.meydan.tv\/az\/#organization"},"potentialAction":[{"@type":"SearchAction","target":{"@type":"EntryPoint","urlTemplate":"https:\/\/www.meydan.tv\/az\/?s={search_term_string}"},"query-input":{"@type":"PropertyValueSpecification","valueRequired":true,"valueName":"search_term_string"}}],"inLanguage":"az"},{"@type":"Organization","@id":"https:\/\/www.meydan.tv\/az\/#organization","name":"Meydan TV","url":"https:\/\/www.meydan.tv\/az\/","logo":{"@type":"ImageObject","inLanguage":"az","@id":"https:\/\/www.meydan.tv\/az\/#\/schema\/logo\/image\/","url":"https:\/\/www.meydan.tv\/wp-content\/uploads\/2021\/07\/meydan-logo.svg","contentUrl":"https:\/\/www.meydan.tv\/wp-content\/uploads\/2021\/07\/meydan-logo.svg","width":195,"height":46,"caption":"Meydan TV"},"image":{"@id":"https:\/\/www.meydan.tv\/az\/#\/schema\/logo\/image\/"}},{"@type":"Person","@id":"https:\/\/www.meydan.tv\/az\/#\/schema\/person\/9cdbecf90d17180ce1dfbd95b08dcf47","name":"elli","sameAs":["https:\/\/x.com\/elli"]}]}},"_links":{"self":[{"href":"https:\/\/www.meydan.tv\/az\/wp-json\/wp\/v2\/posts\/278426","targetHints":{"allow":["GET"]}}],"collection":[{"href":"https:\/\/www.meydan.tv\/az\/wp-json\/wp\/v2\/posts"}],"about":[{"href":"https:\/\/www.meydan.tv\/az\/wp-json\/wp\/v2\/types\/post"}],"author":[{"embeddable":true,"href":"https:\/\/www.meydan.tv\/az\/wp-json\/wp\/v2\/users\/8"}],"replies":[{"embeddable":true,"href":"https:\/\/www.meydan.tv\/az\/wp-json\/wp\/v2\/comments?post=278426"}],"version-history":[{"count":4,"href":"https:\/\/www.meydan.tv\/az\/wp-json\/wp\/v2\/posts\/278426\/revisions"}],"predecessor-version":[{"id":278447,"href":"https:\/\/www.meydan.tv\/az\/wp-json\/wp\/v2\/posts\/278426\/revisions\/278447"}],"wp:featuredmedia":[{"embeddable":true,"href":"https:\/\/www.meydan.tv\/az\/wp-json\/wp\/v2\/media\/278428"}],"wp:attachment":[{"href":"https:\/\/www.meydan.tv\/az\/wp-json\/wp\/v2\/media?parent=278426"}],"wp:term":[{"taxonomy":"category","embeddable":true,"href":"https:\/\/www.meydan.tv\/az\/wp-json\/wp\/v2\/categories?post=278426"},{"taxonomy":"post_tag","embeddable":true,"href":"https:\/\/www.meydan.tv\/az\/wp-json\/wp\/v2\/tags?post=278426"}],"curies":[{"name":"wp","href":"https:\/\/api.w.org\/{rel}","templated":true}]}}