{"id":278399,"date":"2023-06-24T17:15:52","date_gmt":"2023-06-24T13:15:52","guid":{"rendered":"https:\/\/www.meydan.tv\/?p=278399"},"modified":"2023-06-24T19:25:09","modified_gmt":"2023-06-24T15:25:09","slug":"eli-kerimli-yene-axcp-nin-sedri-secildi","status":"publish","type":"post","link":"https:\/\/www.meydan.tv\/az\/article\/eli-kerimli-yene-axcp-nin-sedri-secildi\/","title":{"rendered":"\u018fli K\u0259rimli yen\u0259 AXCP-nin s\u0259dri se\u00e7ildi"},"content":{"rendered":"\n<p><strong><em>Qurultayda 1 n\u0259f\u0259rin onun \u0259leyhin\u0259 s\u0259s verdiyi bildirilir<\/em><\/strong><\/p>\n\n\n\n<p>\u0130yunun 24-d\u0259 Ma\u015fta\u011fa M\u0259d\u0259niyy\u0259t Evind\u0259 Az\u0259rbaycan Xalq C\u0259bh\u0259si Partiyas\u0131n\u0131n VII qurultay\u0131 ke\u00e7irilib.<\/p>\n\n\n\n<p>Qurultayda bir n\u0259f\u0259r \u0259leyhin\u0259 olmaqla \u018fli K\u0259rimli yenid\u0259n partiyan\u0131n s\u0259dri se\u00e7ilib.<\/p>\n\n\n\n<p>Eyni zamanda, 7 n\u0259f\u0259rd\u0259n ibar\u0259t M\u0259rk\u0259zi N\u0259zar\u0259t-T\u0259fti\u015f Komisiyas\u0131 se\u00e7ilib.<\/p>\n\n\n\n<p>Bu bar\u0259d\u0259 Meydan TV-y\u0259 partiya \u00fczv\u00fc \u0130lham H\u00fcseyn m\u0259lumat verib.<\/p>\n\n\n\n<p>Onun s\u00f6zl\u0259rin\u0259 g\u00f6r\u0259, 2 h\u0259ft\u0259d\u0259n sonra partiyan\u0131n Ali M\u0259clisin\u0259 v\u0259 R\u0259yas\u0259t Hey\u0259tin\u0259 yeni se\u00e7kil\u0259r olacaq.<\/p>\n\n\n<div class=\"wp-block-image\">\n<figure class=\"aligncenter size-large\"><img decoding=\"async\" width=\"1095\" height=\"821\" data-src=\"https:\/\/www.meydan.tv\/wp-content\/uploads\/img_1308-1095x821.jpg\" alt=\"\" class=\"wp-image-278420 lazyload\" src=\"data:image\/svg+xml;base64,PHN2ZyB3aWR0aD0iMSIgaGVpZ2h0PSIxIiB4bWxucz0iaHR0cDovL3d3dy53My5vcmcvMjAwMC9zdmciPjwvc3ZnPg==\" style=\"--smush-placeholder-width: 1095px; --smush-placeholder-aspect-ratio: 1095\/821;\" \/><\/figure>\n<\/div>\n\n\n<p>Qurultayda 4 q\u0259tnam\u0259 q\u0259bul edilib.<\/p>\n\n\n\n<p>AXCP Az\u0259rbaycan Milli Azadl\u0131q H\u0259r\u0259kat\u0131n\u0131n v\u0259 1993-c\u00fc il\u0259 q\u0259d\u0259rki d\u00f6vr\u00fcn apar\u0131c\u0131 ictimai-siyasi t\u0259\u015fkilat\u0131 olan Az\u0259rbaycan Xalq C\u0259bh\u0259sinin varisidir.<\/p>\n\n\n\n<p>Partiya kimi 1995-ci ild\u0259 Az\u0259rbaycan Xalq C\u0259bh\u0259sinin bazas\u0131nda \u018fdliyy\u0259 Nazirliyi t\u0259r\u0259find\u0259n r\u0259smi qeydiyyata al\u0131n\u0131b.<\/p>\n\n\n\n<p>Partiyan\u0131n s\u0259dri \u018fb\u00fclf\u0259z El\u00e7ib\u0259y 2000-ci ild\u0259 v\u0259fat edib.<\/p>\n\n\n\n<p>El\u0259 h\u0259min ild\u0259n \u018fli K\u0259rimli Az\u0259rbaycan Xalq C\u0259bh\u0259si Partiyas\u0131n\u0131n s\u0259dridir.<\/p>\n\n\n<div class=\"wp-block-image\">\n<figure class=\"aligncenter size-large\"><img decoding=\"async\" width=\"1095\" height=\"821\" data-src=\"https:\/\/www.meydan.tv\/wp-content\/uploads\/img_1142-1095x821.jpg\" alt=\"\" class=\"wp-image-278414 lazyload\" src=\"data:image\/svg+xml;base64,PHN2ZyB3aWR0aD0iMSIgaGVpZ2h0PSIxIiB4bWxucz0iaHR0cDovL3d3dy53My5vcmcvMjAwMC9zdmciPjwvc3ZnPg==\" style=\"--smush-placeholder-width: 1095px; --smush-placeholder-aspect-ratio: 1095\/821;\" \/><\/figure>\n<\/div>","protected":false},"excerpt":{"rendered":"<p>Qurultayda 1 n\u0259f\u0259rin onun \u0259leyhin\u0259 s\u0259s verdiyi bildirilir \u0130yunun 24-d\u0259 &#8230; <\/p>\n<p class=\"read-more-container\"><a title=\"\u018fli K\u0259rimli yen\u0259 AXCP-nin s\u0259dri se\u00e7ildi\" class=\"read-more button\" href=\"https:\/\/www.meydan.tv\/az\/article\/eli-kerimli-yene-axcp-nin-sedri-secildi\/#more-278399\" aria-label=\"Read more about \u018fli K\u0259rimli yen\u0259 AXCP-nin s\u0259dri se\u00e7ildi\">Davam\u0131<\/a><\/p>\n","protected":false},"author":8,"featured_media":278417,"comment_status":"closed","ping_status":"closed","sticky":false,"template":"","format":"standard","meta":{"_acf_changed":false,"_sitemap_exclude":false,"_sitemap_priority":"","_sitemap_frequency":"","footnotes":""},"categories":[59,56],"tags":[],"class_list":["post-278399","post","type-post","status-publish","format-standard","has-post-thumbnail","hentry","category-siyaset","category-xeberler","infinite-scroll-item","generate-columns","tablet-grid-50","mobile-grid-100","grid-parent","grid-33","no-featured-image-padding"],"acf":[],"yoast_head":"<!-- This site is optimized with the Yoast SEO plugin v27.4 - https:\/\/yoast.com\/product\/yoast-seo-wordpress\/ -->\n<title>\u018fli K\u0259rimli yen\u0259 AXCP-nin s\u0259dri se\u00e7ildi - MEYDAN.TV<\/title>\n<meta name=\"robots\" content=\"index, follow, max-snippet:-1, max-image-preview:large, max-video-preview:-1\" \/>\n<link rel=\"canonical\" href=\"https:\/\/www.meydan.tv\/az\/article\/eli-kerimli-yene-axcp-nin-sedri-secildi\/\" \/>\n<meta property=\"og:locale\" content=\"az_AZ\" \/>\n<meta property=\"og:type\" content=\"article\" \/>\n<meta property=\"og:title\" content=\"\u018fli K\u0259rimli yen\u0259 AXCP-nin s\u0259dri se\u00e7ildi - MEYDAN.TV\" \/>\n<meta property=\"og:description\" content=\"Qurultayda 1 n\u0259f\u0259rin onun \u0259leyhin\u0259 s\u0259s verdiyi bildirilir \u0130yunun 24-d\u0259 ... Davam\u0131\" \/>\n<meta property=\"og:url\" content=\"https:\/\/www.meydan.tv\/az\/article\/eli-kerimli-yene-axcp-nin-sedri-secildi\/\" \/>\n<meta property=\"og:site_name\" content=\"MEYDAN.TV\" \/>\n<meta property=\"article:published_time\" content=\"2023-06-24T13:15:52+00:00\" \/>\n<meta property=\"article:modified_time\" content=\"2023-06-24T15:25:09+00:00\" \/>\n<meta property=\"og:image\" content=\"https:\/\/www.meydan.tv\/wp-content\/uploads\/img_1171.jpg\" \/>\n\t<meta property=\"og:image:width\" content=\"1200\" \/>\n\t<meta property=\"og:image:height\" content=\"900\" \/>\n\t<meta property=\"og:image:type\" content=\"image\/jpeg\" \/>\n<meta name=\"author\" content=\"elli\" \/>\n<meta name=\"twitter:card\" content=\"summary_large_image\" \/>\n<meta name=\"twitter:creator\" content=\"@elli\" \/>\n<script type=\"application\/ld+json\" class=\"yoast-schema-graph\">{\"@context\":\"https:\\\/\\\/schema.org\",\"@graph\":[{\"@type\":\"Article\",\"@id\":\"https:\\\/\\\/www.meydan.tv\\\/az\\\/article\\\/eli-kerimli-yene-axcp-nin-sedri-secildi\\\/#article\",\"isPartOf\":{\"@id\":\"https:\\\/\\\/www.meydan.tv\\\/az\\\/article\\\/eli-kerimli-yene-axcp-nin-sedri-secildi\\\/\"},\"author\":{\"name\":\"elli\",\"@id\":\"https:\\\/\\\/www.meydan.tv\\\/az\\\/#\\\/schema\\\/person\\\/9cdbecf90d17180ce1dfbd95b08dcf47\"},\"headline\":\"\u018fli K\u0259rimli yen\u0259 AXCP-nin s\u0259dri se\u00e7ildi\",\"datePublished\":\"2023-06-24T13:15:52+00:00\",\"dateModified\":\"2023-06-24T15:25:09+00:00\",\"mainEntityOfPage\":{\"@id\":\"https:\\\/\\\/www.meydan.tv\\\/az\\\/article\\\/eli-kerimli-yene-axcp-nin-sedri-secildi\\\/\"},\"wordCount\":215,\"publisher\":{\"@id\":\"https:\\\/\\\/www.meydan.tv\\\/az\\\/#organization\"},\"image\":{\"@id\":\"https:\\\/\\\/www.meydan.tv\\\/az\\\/article\\\/eli-kerimli-yene-axcp-nin-sedri-secildi\\\/#primaryimage\"},\"thumbnailUrl\":\"https:\\\/\\\/www.meydan.tv\\\/wp-content\\\/uploads\\\/img_1171.jpg\",\"articleSection\":[\"Siyas\u0259t\",\"X\u0259b\u0259rl\u0259r\"],\"inLanguage\":\"az\"},{\"@type\":\"WebPage\",\"@id\":\"https:\\\/\\\/www.meydan.tv\\\/az\\\/article\\\/eli-kerimli-yene-axcp-nin-sedri-secildi\\\/\",\"url\":\"https:\\\/\\\/www.meydan.tv\\\/az\\\/article\\\/eli-kerimli-yene-axcp-nin-sedri-secildi\\\/\",\"name\":\"\u018fli K\u0259rimli yen\u0259 AXCP-nin s\u0259dri se\u00e7ildi - MEYDAN.TV\",\"isPartOf\":{\"@id\":\"https:\\\/\\\/www.meydan.tv\\\/az\\\/#website\"},\"primaryImageOfPage\":{\"@id\":\"https:\\\/\\\/www.meydan.tv\\\/az\\\/article\\\/eli-kerimli-yene-axcp-nin-sedri-secildi\\\/#primaryimage\"},\"image\":{\"@id\":\"https:\\\/\\\/www.meydan.tv\\\/az\\\/article\\\/eli-kerimli-yene-axcp-nin-sedri-secildi\\\/#primaryimage\"},\"thumbnailUrl\":\"https:\\\/\\\/www.meydan.tv\\\/wp-content\\\/uploads\\\/img_1171.jpg\",\"datePublished\":\"2023-06-24T13:15:52+00:00\",\"dateModified\":\"2023-06-24T15:25:09+00:00\",\"breadcrumb\":{\"@id\":\"https:\\\/\\\/www.meydan.tv\\\/az\\\/article\\\/eli-kerimli-yene-axcp-nin-sedri-secildi\\\/#breadcrumb\"},\"inLanguage\":\"az\",\"potentialAction\":[{\"@type\":\"ReadAction\",\"target\":[\"https:\\\/\\\/www.meydan.tv\\\/az\\\/article\\\/eli-kerimli-yene-axcp-nin-sedri-secildi\\\/\"]}]},{\"@type\":\"ImageObject\",\"inLanguage\":\"az\",\"@id\":\"https:\\\/\\\/www.meydan.tv\\\/az\\\/article\\\/eli-kerimli-yene-axcp-nin-sedri-secildi\\\/#primaryimage\",\"url\":\"https:\\\/\\\/www.meydan.tv\\\/wp-content\\\/uploads\\\/img_1171.jpg\",\"contentUrl\":\"https:\\\/\\\/www.meydan.tv\\\/wp-content\\\/uploads\\\/img_1171.jpg\",\"width\":1200,\"height\":900,\"caption\":\"Fotolar: Meydan TV\"},{\"@type\":\"BreadcrumbList\",\"@id\":\"https:\\\/\\\/www.meydan.tv\\\/az\\\/article\\\/eli-kerimli-yene-axcp-nin-sedri-secildi\\\/#breadcrumb\",\"itemListElement\":[{\"@type\":\"ListItem\",\"position\":1,\"name\":\"Ana s\u0259hif\u0259\",\"item\":\"https:\\\/\\\/www.meydan.tv\\\/az\\\/\"},{\"@type\":\"ListItem\",\"position\":2,\"name\":\"Siyas\u0259t\",\"item\":\"https:\\\/\\\/www.meydan.tv\\\/az\\\/section\\\/siyaset\\\/\"},{\"@type\":\"ListItem\",\"position\":3,\"name\":\"\u018fli K\u0259rimli yen\u0259 AXCP-nin s\u0259dri se\u00e7ildi\"}]},{\"@type\":\"WebSite\",\"@id\":\"https:\\\/\\\/www.meydan.tv\\\/az\\\/#website\",\"url\":\"https:\\\/\\\/www.meydan.tv\\\/az\\\/\",\"name\":\"MEYDAN.TV\",\"description\":\"Meydan TV Az\u0259rbaycan\u0131n media m\u0259kan\u0131ndak\u0131 alternativ s\u0259sidir\",\"publisher\":{\"@id\":\"https:\\\/\\\/www.meydan.tv\\\/az\\\/#organization\"},\"potentialAction\":[{\"@type\":\"SearchAction\",\"target\":{\"@type\":\"EntryPoint\",\"urlTemplate\":\"https:\\\/\\\/www.meydan.tv\\\/az\\\/?s={search_term_string}\"},\"query-input\":{\"@type\":\"PropertyValueSpecification\",\"valueRequired\":true,\"valueName\":\"search_term_string\"}}],\"inLanguage\":\"az\"},{\"@type\":\"Organization\",\"@id\":\"https:\\\/\\\/www.meydan.tv\\\/az\\\/#organization\",\"name\":\"Meydan TV\",\"url\":\"https:\\\/\\\/www.meydan.tv\\\/az\\\/\",\"logo\":{\"@type\":\"ImageObject\",\"inLanguage\":\"az\",\"@id\":\"https:\\\/\\\/www.meydan.tv\\\/az\\\/#\\\/schema\\\/logo\\\/image\\\/\",\"url\":\"https:\\\/\\\/www.meydan.tv\\\/wp-content\\\/uploads\\\/2021\\\/07\\\/meydan-logo.svg\",\"contentUrl\":\"https:\\\/\\\/www.meydan.tv\\\/wp-content\\\/uploads\\\/2021\\\/07\\\/meydan-logo.svg\",\"width\":195,\"height\":46,\"caption\":\"Meydan TV\"},\"image\":{\"@id\":\"https:\\\/\\\/www.meydan.tv\\\/az\\\/#\\\/schema\\\/logo\\\/image\\\/\"}},{\"@type\":\"Person\",\"@id\":\"https:\\\/\\\/www.meydan.tv\\\/az\\\/#\\\/schema\\\/person\\\/9cdbecf90d17180ce1dfbd95b08dcf47\",\"name\":\"elli\",\"sameAs\":[\"https:\\\/\\\/x.com\\\/elli\"]}]}<\/script>\n<!-- \/ Yoast SEO plugin. -->","yoast_head_json":{"title":"\u018fli K\u0259rimli yen\u0259 AXCP-nin s\u0259dri se\u00e7ildi - MEYDAN.TV","robots":{"index":"index","follow":"follow","max-snippet":"max-snippet:-1","max-image-preview":"max-image-preview:large","max-video-preview":"max-video-preview:-1"},"canonical":"https:\/\/www.meydan.tv\/az\/article\/eli-kerimli-yene-axcp-nin-sedri-secildi\/","og_locale":"az_AZ","og_type":"article","og_title":"\u018fli K\u0259rimli yen\u0259 AXCP-nin s\u0259dri se\u00e7ildi - MEYDAN.TV","og_description":"Qurultayda 1 n\u0259f\u0259rin onun \u0259leyhin\u0259 s\u0259s verdiyi bildirilir \u0130yunun 24-d\u0259 ... Davam\u0131","og_url":"https:\/\/www.meydan.tv\/az\/article\/eli-kerimli-yene-axcp-nin-sedri-secildi\/","og_site_name":"MEYDAN.TV","article_published_time":"2023-06-24T13:15:52+00:00","article_modified_time":"2023-06-24T15:25:09+00:00","og_image":[{"width":1200,"height":900,"url":"https:\/\/www.meydan.tv\/wp-content\/uploads\/img_1171.jpg","type":"image\/jpeg"}],"author":"elli","twitter_card":"summary_large_image","twitter_creator":"@elli","schema":{"@context":"https:\/\/schema.org","@graph":[{"@type":"Article","@id":"https:\/\/www.meydan.tv\/az\/article\/eli-kerimli-yene-axcp-nin-sedri-secildi\/#article","isPartOf":{"@id":"https:\/\/www.meydan.tv\/az\/article\/eli-kerimli-yene-axcp-nin-sedri-secildi\/"},"author":{"name":"elli","@id":"https:\/\/www.meydan.tv\/az\/#\/schema\/person\/9cdbecf90d17180ce1dfbd95b08dcf47"},"headline":"\u018fli K\u0259rimli yen\u0259 AXCP-nin s\u0259dri se\u00e7ildi","datePublished":"2023-06-24T13:15:52+00:00","dateModified":"2023-06-24T15:25:09+00:00","mainEntityOfPage":{"@id":"https:\/\/www.meydan.tv\/az\/article\/eli-kerimli-yene-axcp-nin-sedri-secildi\/"},"wordCount":215,"publisher":{"@id":"https:\/\/www.meydan.tv\/az\/#organization"},"image":{"@id":"https:\/\/www.meydan.tv\/az\/article\/eli-kerimli-yene-axcp-nin-sedri-secildi\/#primaryimage"},"thumbnailUrl":"https:\/\/www.meydan.tv\/wp-content\/uploads\/img_1171.jpg","articleSection":["Siyas\u0259t","X\u0259b\u0259rl\u0259r"],"inLanguage":"az"},{"@type":"WebPage","@id":"https:\/\/www.meydan.tv\/az\/article\/eli-kerimli-yene-axcp-nin-sedri-secildi\/","url":"https:\/\/www.meydan.tv\/az\/article\/eli-kerimli-yene-axcp-nin-sedri-secildi\/","name":"\u018fli K\u0259rimli yen\u0259 AXCP-nin s\u0259dri se\u00e7ildi - MEYDAN.TV","isPartOf":{"@id":"https:\/\/www.meydan.tv\/az\/#website"},"primaryImageOfPage":{"@id":"https:\/\/www.meydan.tv\/az\/article\/eli-kerimli-yene-axcp-nin-sedri-secildi\/#primaryimage"},"image":{"@id":"https:\/\/www.meydan.tv\/az\/article\/eli-kerimli-yene-axcp-nin-sedri-secildi\/#primaryimage"},"thumbnailUrl":"https:\/\/www.meydan.tv\/wp-content\/uploads\/img_1171.jpg","datePublished":"2023-06-24T13:15:52+00:00","dateModified":"2023-06-24T15:25:09+00:00","breadcrumb":{"@id":"https:\/\/www.meydan.tv\/az\/article\/eli-kerimli-yene-axcp-nin-sedri-secildi\/#breadcrumb"},"inLanguage":"az","potentialAction":[{"@type":"ReadAction","target":["https:\/\/www.meydan.tv\/az\/article\/eli-kerimli-yene-axcp-nin-sedri-secildi\/"]}]},{"@type":"ImageObject","inLanguage":"az","@id":"https:\/\/www.meydan.tv\/az\/article\/eli-kerimli-yene-axcp-nin-sedri-secildi\/#primaryimage","url":"https:\/\/www.meydan.tv\/wp-content\/uploads\/img_1171.jpg","contentUrl":"https:\/\/www.meydan.tv\/wp-content\/uploads\/img_1171.jpg","width":1200,"height":900,"caption":"Fotolar: Meydan TV"},{"@type":"BreadcrumbList","@id":"https:\/\/www.meydan.tv\/az\/article\/eli-kerimli-yene-axcp-nin-sedri-secildi\/#breadcrumb","itemListElement":[{"@type":"ListItem","position":1,"name":"Ana s\u0259hif\u0259","item":"https:\/\/www.meydan.tv\/az\/"},{"@type":"ListItem","position":2,"name":"Siyas\u0259t","item":"https:\/\/www.meydan.tv\/az\/section\/siyaset\/"},{"@type":"ListItem","position":3,"name":"\u018fli K\u0259rimli yen\u0259 AXCP-nin s\u0259dri se\u00e7ildi"}]},{"@type":"WebSite","@id":"https:\/\/www.meydan.tv\/az\/#website","url":"https:\/\/www.meydan.tv\/az\/","name":"MEYDAN.TV","description":"Meydan TV Az\u0259rbaycan\u0131n media m\u0259kan\u0131ndak\u0131 alternativ s\u0259sidir","publisher":{"@id":"https:\/\/www.meydan.tv\/az\/#organization"},"potentialAction":[{"@type":"SearchAction","target":{"@type":"EntryPoint","urlTemplate":"https:\/\/www.meydan.tv\/az\/?s={search_term_string}"},"query-input":{"@type":"PropertyValueSpecification","valueRequired":true,"valueName":"search_term_string"}}],"inLanguage":"az"},{"@type":"Organization","@id":"https:\/\/www.meydan.tv\/az\/#organization","name":"Meydan TV","url":"https:\/\/www.meydan.tv\/az\/","logo":{"@type":"ImageObject","inLanguage":"az","@id":"https:\/\/www.meydan.tv\/az\/#\/schema\/logo\/image\/","url":"https:\/\/www.meydan.tv\/wp-content\/uploads\/2021\/07\/meydan-logo.svg","contentUrl":"https:\/\/www.meydan.tv\/wp-content\/uploads\/2021\/07\/meydan-logo.svg","width":195,"height":46,"caption":"Meydan TV"},"image":{"@id":"https:\/\/www.meydan.tv\/az\/#\/schema\/logo\/image\/"}},{"@type":"Person","@id":"https:\/\/www.meydan.tv\/az\/#\/schema\/person\/9cdbecf90d17180ce1dfbd95b08dcf47","name":"elli","sameAs":["https:\/\/x.com\/elli"]}]}},"_links":{"self":[{"href":"https:\/\/www.meydan.tv\/az\/wp-json\/wp\/v2\/posts\/278399","targetHints":{"allow":["GET"]}}],"collection":[{"href":"https:\/\/www.meydan.tv\/az\/wp-json\/wp\/v2\/posts"}],"about":[{"href":"https:\/\/www.meydan.tv\/az\/wp-json\/wp\/v2\/types\/post"}],"author":[{"embeddable":true,"href":"https:\/\/www.meydan.tv\/az\/wp-json\/wp\/v2\/users\/8"}],"replies":[{"embeddable":true,"href":"https:\/\/www.meydan.tv\/az\/wp-json\/wp\/v2\/comments?post=278399"}],"version-history":[{"count":6,"href":"https:\/\/www.meydan.tv\/az\/wp-json\/wp\/v2\/posts\/278399\/revisions"}],"predecessor-version":[{"id":278431,"href":"https:\/\/www.meydan.tv\/az\/wp-json\/wp\/v2\/posts\/278399\/revisions\/278431"}],"wp:featuredmedia":[{"embeddable":true,"href":"https:\/\/www.meydan.tv\/az\/wp-json\/wp\/v2\/media\/278417"}],"wp:attachment":[{"href":"https:\/\/www.meydan.tv\/az\/wp-json\/wp\/v2\/media?parent=278399"}],"wp:term":[{"taxonomy":"category","embeddable":true,"href":"https:\/\/www.meydan.tv\/az\/wp-json\/wp\/v2\/categories?post=278399"},{"taxonomy":"post_tag","embeddable":true,"href":"https:\/\/www.meydan.tv\/az\/wp-json\/wp\/v2\/tags?post=278399"}],"curies":[{"name":"wp","href":"https:\/\/api.w.org\/{rel}","templated":true}]}}