{"id":278362,"date":"2023-06-24T16:29:02","date_gmt":"2023-06-24T12:29:02","guid":{"rendered":"https:\/\/www.meydan.tv\/?p=278362"},"modified":"2023-06-24T16:29:05","modified_gmt":"2023-06-24T12:29:05","slug":"celilabad-sakini-elil-adamam-ev-ucsa-korpelerimle-altinda-qalacagiq","status":"publish","type":"post","link":"https:\/\/www.meydan.tv\/az\/article\/celilabad-sakini-elil-adamam-ev-ucsa-korpelerimle-altinda-qalacagiq\/","title":{"rendered":"C\u0259lilabad sakini: \u201c\u018flil adamam, ev u\u00e7sa, k\u00f6rp\u0259l\u0259riml\u0259 alt\u0131nda qalaca\u011f\u0131q\u201d"},"content":{"rendered":"\n<p><\/p>\n\n\n\n<p><strong><em>P\u0259rviz A\u011fayev deyir ki, nazirlik he\u00e7 bir bax\u0131\u015f ke\u00e7irm\u0259d\u0259n \u0259leyhin\u0259 q\u0259rar verir<\/em><\/strong><\/p>\n\n\n\n<p>C\u0259lilabad\u0131n S\u0259rh\u0259dabad k\u0259ndind\u0259 ya\u015fayan P\u0259rviz A\u011fayev ill\u0259rdir miopatiya x\u0259st\u0259liyi il\u0259 m\u00fcbariz\u0259 apar\u0131r. K\u0259nd sakini orta m\u0259kt\u0259bi bitir\u0259nd\u0259n sonra h\u0259r\u0259k\u0259t qabiliyy\u0259tini itirm\u0259y\u0259 ba\u015flay\u0131b. \u0130ndi o, \u00fcmumiyy\u0259tl\u0259, g\u0259z\u0259 bilmir. Amma P\u0259rviz A\u011fayev x\u0259st\u0259liyind\u0259n \u00e7ox, evinin q\u0259zal\u0131 v\u0259ziyy\u0259td\u0259 olmas\u0131na g\u00f6r\u0259 narahatd\u0131r.<\/p>\n\n\n\n<p><strong>\u201cEv u\u00e7sa, \u015f\u0259xs\u0259n m\u0259n sa\u011f qalmayaca\u011fam\u201d<\/strong><\/p>\n\n\n\n<p>S\u0259rh\u0259dabad k\u0259nd sakini birinci qrup \u0259lildir. X\u0259st\u0259likl\u0259 ba\u011fl\u0131 \u00e7\u0259kdiyi \u0259ziyy\u0259t bar\u0259d\u0259 \u00e7ox dan\u0131\u015fmaq ist\u0259mir. H\u0259tta fotosunun yay\u0131lmas\u0131n\u0131 da arzulam\u0131r. P\u0259rviz A\u011fayev aya\u011fa qalxmaq \u00fc\u00e7\u00fcn \u00e7ox \u00e7al\u0131\u015f\u0131b. Xeyli yerd\u0259 m\u00fcalic\u0259 kursu ke\u00e7ib. Son ill\u0259r \u00fcmidsizliy\u0259 qap\u0131l\u0131b. Hesab edir ki, indi daha \u00e7ox evinin v\u0259ziyy\u0259ti haqda d\u00fc\u015f\u00fcnm\u0259lidir. \u00c7\u00fcnki u\u015faqlar\u0131 balacad\u0131r, onlar q\u0259zal\u0131 tikilid\u0259 ya\u015famamal\u0131d\u0131r.<\/p>\n\n\n\n<p><em>\u201c\u0130ki k\u00f6rp\u0259 \u00f6vlad\u0131m var. Valideynl\u0259riml\u0259 ya\u015fay\u0131ram. Ya\u015fad\u0131\u011f\u0131m\u0131z ev q\u0259zal\u0131 v\u0259ziyy\u0259td\u0259 oldu\u011fundan, h\u0259r an u\u00e7a bil\u0259r. \u0130st\u0259yim odur ki, qanunvericiliy\u0259 uy\u011fun add\u0131m ats\u0131nlar. Yeni ev tikilm\u0259lidirs\u0259, tiksinl\u0259r. T\u0259mir olunmal\u0131d\u0131rsa, t\u0259mir etsinl\u0259r. M\u0259n konkret t\u0259l\u0259b d\u0259 ir\u0259li s\u00fcrm\u00fcr\u0259m. \u018flil adamam, k\u00f6rp\u0259l\u0259riml\u0259 bu v\u0259ziyy\u0259td\u0259 evd\u0259 ya\u015famal\u0131 oluram. Gec\u0259 saatlar\u0131nda bu ev u\u00e7sa, faci\u0259 ba\u015f ver\u0259c\u0259k, k\u00f6rp\u0259l\u0259riml\u0259 alt\u0131nda qalaca\u011f\u0131q. B\u00fct\u00fcn g\u00fcn\u00fc evd\u0259 oluram. He\u00e7 yer\u0259 \u00e7\u0131xa bilmir\u0259m. Bu evd\u0259 u\u00e7qun olsa, \u015f\u0259xs\u0259n m\u0259n sa\u011f qalmayaca\u011fam. \u00c7ox xahi\u015f edir\u0259m ki, n\u0259 d\u00fc\u015f\u00fcrs\u0259, onu etsinl\u0259r\u201d.<\/em><\/p>\n\n\n\n<p>P\u0259rviz A\u011fayev problemin h\u0259lli \u00fc\u00e7\u00fcn uy\u011fun add\u0131mlar\u0131 at\u0131b. O, m\u00fcxt\u0259lif d\u00f6vl\u0259t orqanlar\u0131na m\u00fcraci\u0259t \u00fcnvanlay\u0131b, laz\u0131mi s\u0259n\u0259dl\u0259ri \u0259ld\u0259 edib. Son s\u00f6z F\u00f6vq\u0259lad\u0259 Hallar Nazirliyinindir. Amma k\u0259nd sakini deyir ki, nazirlik bu il he\u00e7 bir bax\u0131\u015f ke\u00e7irm\u0259d\u0259n onun \u0259leyhin\u0259 q\u0259rar verib.<\/p>\n\n\n\n<p><strong>\u201c\u00c7atlar v\u0259 deformasiya qeyd\u0259 al\u0131n\u0131b\u201d<\/strong><\/p>\n\n\n\n<p>P\u0259rviz A\u011fayev \u0259vv\u0259lc\u0259 2023-c\u00fc il fevral\u0131n 14-d\u0259 Ekologiya v\u0259 T\u0259bii S\u0259rv\u0259tl\u0259r Nazirliyinin \u201cQaynar x\u0259tt\u201din\u0259 z\u0259ng vurub. Bundan sonra mart\u0131n 30-da Geoloji K\u0259\u015ffiyyat Agentliyinin Axtar\u0131\u015f-planaalma v\u0259 monitorinq \u015f\u00f6b\u0259sinin layih\u0259 meneceri Temuraz \u018fl\u0259kb\u0259rov S\u0259rh\u0259dabad k\u0259ndin\u0259 vizual hidrogeoloji v\u0259 m\u00fch\u0259ndisi-geoloji bax\u0131\u015f ke\u00e7irib. Bunu \u00f6z\u00fc imzalad\u0131\u011f\u0131 v\u0259 m\u00f6h\u00fcrl\u0259diyi aray\u0131\u015fda da t\u0259sdiq edir. Aray\u0131\u015fda yaz\u0131l\u0131b:<\/p>\n\n\n\n<p>\u201c<em>F\u0259rdi tikilinin yerl\u0259\u015fdiyi \u0259razid\u0259 \u00e7oxillik atmosfer ya\u011f\u0131nt\u0131lar\u0131n\u0131n t\u0259sirind\u0259n k\u0259nd \u0259razisind\u0259 yay\u0131lm\u0131\u015f \u00f6rt\u00fck \u00e7\u00f6k\u00fcnt\u00fcl\u0259rinin v\u0259 geoloji qurulu\u015funda i\u015ftirak ed\u0259n b\u0259rkim\u0259mi\u015f \u00e7\u00f6k\u00fcnt\u00fcl\u0259rin su il\u0259 doymas\u0131 n\u0259tic\u0259sind\u0259 ili\u015fm\u0259 q\u00fcvv\u0259sinin v\u0259 s\u00fcxurlar\u0131n dayan\u0131ql\u0131\u011f\u0131n\u0131n z\u0259ifl\u0259m\u0259si a\u011f\u0131rl\u0131q q\u00fcvv\u0259sinin t\u0259siri alt\u0131nda s\u00f6z\u00fcged\u0259n \u0259razid\u0259 \u00e7\u00f6km\u0259 prosesinin yaranmas\u0131na z\u0259min yarad\u0131b. Bu prosesl\u0259r n\u0259tic\u0259sind\u0259 tikilinin istinad v\u0259 \u00e7\u00f6l divarlar\u0131nda m\u00fcxt\u0259lif \u00f6l\u00e7\u00fcl\u00fc \u00e7atlar v\u0259 deformasiya prosesi qeyd\u0259 al\u0131n\u0131b\u201d.<\/em><\/p>\n\n\n\n<figure class=\"wp-block-image size-large is-resized\"><img decoding=\"async\" data-src=\"https:\/\/www.meydan.tv\/wp-content\/uploads\/photo-2023-06-24-14-34-45-596x821.jpg\" alt=\"\" class=\"wp-image-278370 lazyload\" width=\"792\" height=\"1091\" src=\"data:image\/svg+xml;base64,PHN2ZyB3aWR0aD0iMSIgaGVpZ2h0PSIxIiB4bWxucz0iaHR0cDovL3d3dy53My5vcmcvMjAwMC9zdmciPjwvc3ZnPg==\" style=\"--smush-placeholder-width: 792px; --smush-placeholder-aspect-ratio: 792\/1091;\" \/><\/figure>\n\n\n\n<p>H\u0259l\u0259 2021-ci il fevral\u0131n 19-da t\u0259rtib olunan texniki bax\u0131\u015f akt\u0131nda da f\u0259rqli \u015feyl\u0259r yaz\u0131lmay\u0131b. Burada \u201cbina texniki c\u0259h\u0259td\u0259n yolverilm\u0259zdir\u201d ifad\u0259si ayd\u0131n oxunur.<\/p>\n\n\n\n<p>Aprelin 14-d\u0259 Geoloji K\u0259\u015ffiyyat agentliyinin idar\u0259 hey\u0259tinin s\u0259dri \u018fli \u018fliyev P\u0259rviz A\u011fayev\u0259 m\u0259ktub g\u00f6nd\u0259rib. Burada laz\u0131mi ara\u015fd\u0131rmalar\u0131n apar\u0131ld\u0131\u011f\u0131, aray\u0131\u015f\u0131n C\u0259lilabad Rayon \u0130cra Hakimiyy\u0259tin\u0259 g\u00f6nd\u0259rildiyi bildirilib. \u0130cra hakimiyy\u0259ti d\u0259 may\u0131n 1-d\u0259 F\u00f6vq\u0259lad\u0259 Hallar Nazirliyinin Tikintid\u0259 T\u0259hl\u00fck\u0259sizliy\u0259 N\u0259zar\u0259t D\u00f6vl\u0259t Agentliyinin r\u0259isi C\u0259bray\u0131l Xanlarova m\u00fcraci\u0259t edib. M\u0259ktubda t\u0259dbir g\u00f6r\u00fclm\u0259si, v\u0259t\u0259nda\u015fa m\u0259lumat verilm\u0259si xahi\u015f olunub.<\/p>\n\n\n\n<p><strong>Nazirlik \u00fcz\u0259rin\u0259 m\u0259suliyy\u0259t g\u00f6t\u00fcrm\u00fcr<\/strong><\/p>\n\n\n\n<p>F\u00f6vq\u0259lad\u0259 Hallar Nazirliyinin Tikintid\u0259 T\u0259hl\u00fck\u0259sizliy\u0259 N\u0259zar\u0259t D\u00f6vl\u0259t Agentliyi may\u0131n 8-d\u0259 P\u0259rviz A\u011fayevin m\u00fcraci\u0259tin\u0259 reaksiya verib &#8211; C\u0259lilabad Rayon \u0130cra Hakimiyy\u0259tin\u0259 m\u0259ktub g\u00f6nd\u0259rilib. \u0130cra hakimiyy\u0259ti bununla ba\u011fl\u0131 k\u0259nd sakinini m\u0259lumatland\u0131r\u0131b. Agentlik \u00fcz\u0259rin\u0259 m\u0259suliyy\u0259t g\u00f6t\u00fcrm\u0259k ist\u0259m\u0259diyini bildirir.<\/p>\n\n\n\n<p>\u0130cra hakimiyy\u0259tinin Memarl\u0131q v\u0259 tikinti \u015f\u00f6b\u0259sinin m\u00fcdiri, ba\u015f memar Sahil Q\u0259nb\u0259rlinin imzas\u0131yla v\u0259t\u0259nda\u015fa g\u00f6nd\u0259ril\u0259n m\u0259ktubda vur\u011fulan\u0131b ki, fiziki v\u0259 h\u00fcquqi \u015f\u0259xsl\u0259rin m\u00fclkiyy\u0259tind\u0259ki \u0259mlak\u0131 s\u0131\u011fortalamal\u0131d\u0131r.<\/p>\n\n\n\n<figure class=\"wp-block-image size-large is-resized\"><img decoding=\"async\" data-src=\"https:\/\/www.meydan.tv\/wp-content\/uploads\/photo-2023-06-24-14-34-39-538x821.jpg\" alt=\"\" class=\"wp-image-278376 lazyload\" width=\"799\" height=\"1219\" src=\"data:image\/svg+xml;base64,PHN2ZyB3aWR0aD0iMSIgaGVpZ2h0PSIxIiB4bWxucz0iaHR0cDovL3d3dy53My5vcmcvMjAwMC9zdmciPjwvc3ZnPg==\" style=\"--smush-placeholder-width: 799px; --smush-placeholder-aspect-ratio: 799\/1219;\" \/><\/figure>\n\n\n\n<p>Q\u0131sas\u0131, F\u00f6vq\u0259lad\u0259 Hallar Nazirliyi evin s\u0131\u011fortalanmad\u0131\u011f\u0131n\u0131, ortada h\u0259r hans\u0131 m\u00fcqavil\u0259nin olmamas\u0131n\u0131 s\u0259b\u0259b g\u00f6st\u0259rir.<\/p>\n\n\n\n<p>P\u0259rviz A\u011fayev bununla raz\u0131la\u015fmaq fikrind\u0259 deyil. S\u0259rh\u0259dabad k\u0259nd sakini deyir ki, onun evi m\u0259hz f\u00f6vq\u0259lad\u0259 hala g\u00f6r\u0259 q\u0259zal\u0131 v\u0259ziyy\u0259t\u0259 d\u00fc\u015f\u00fcb. Bu, Geoloji K\u0259\u015ffiyyat Agentliyinin aray\u0131\u015f\u0131nda da \u0259ksini tap\u0131b.<\/p>\n\n\n\n<p>F\u00f6vq\u0259lad\u0259 Hallar Nazirliyi Tikintid\u0259 T\u0259hl\u00fck\u0259sizliy\u0259 N\u0259zar\u0259t D\u00f6vl\u0259t Agentliyinin \u0259m\u0259kda\u015f\u0131 \u018frturqut \u018fliyev Meydan TV-y\u0259 bildirib ki, v\u0259t\u0259nda\u015f\u0131n m\u00fclkiyy\u0259tinin t\u0259miri v\u0259 ya b\u0259rpas\u0131 t\u0259bii f\u0259lak\u0259t hal\u0131nda ba\u015f tuta bil\u0259r:<\/p>\n\n\n\n<p> <em>\u201c\u018fks halda, biz bu i\u015f\u0259 baxa bilmirik. Ev yaln\u0131z t\u0259bii f\u0259lak\u0259t n\u0259tic\u0259sind\u0259 ziyan g\u00f6r\u0259rs\u0259, m\u0259s\u0259l\u0259 m\u00fczakir\u0259y\u0259 \u00e7\u0131xar\u0131l\u0131r\u201d.<\/em><\/p>\n","protected":false},"excerpt":{"rendered":"<p>P\u0259rviz A\u011fayev deyir ki, nazirlik he\u00e7 bir bax\u0131\u015f ke\u00e7irm\u0259d\u0259n \u0259leyhin\u0259 &#8230; <\/p>\n<p class=\"read-more-container\"><a title=\"C\u0259lilabad sakini: \u201c\u018flil adamam, ev u\u00e7sa, k\u00f6rp\u0259l\u0259riml\u0259 alt\u0131nda qalaca\u011f\u0131q\u201d\" class=\"read-more button\" href=\"https:\/\/www.meydan.tv\/az\/article\/celilabad-sakini-elil-adamam-ev-ucsa-korpelerimle-altinda-qalacagiq\/#more-278362\" aria-label=\"Read more about C\u0259lilabad sakini: \u201c\u018flil adamam, ev u\u00e7sa, k\u00f6rp\u0259l\u0259riml\u0259 alt\u0131nda qalaca\u011f\u0131q\u201d\">Davam\u0131<\/a><\/p>\n","protected":false},"author":8,"featured_media":278363,"comment_status":"closed","ping_status":"closed","sticky":false,"template":"","format":"standard","meta":{"_acf_changed":false,"_sitemap_exclude":false,"_sitemap_priority":"","_sitemap_frequency":"","footnotes":""},"categories":[60,56],"tags":[],"class_list":["post-278362","post","type-post","status-publish","format-standard","has-post-thumbnail","hentry","category-bolge","category-xeberler","infinite-scroll-item","generate-columns","tablet-grid-50","mobile-grid-100","grid-parent","grid-33","no-featured-image-padding"],"acf":[],"yoast_head":"<!-- This site is optimized with the Yoast SEO plugin v27.5 - https:\/\/yoast.com\/product\/yoast-seo-wordpress\/ -->\n<title>C\u0259lilabad sakini: \u201c\u018flil adamam, ev u\u00e7sa, k\u00f6rp\u0259l\u0259riml\u0259 alt\u0131nda qalaca\u011f\u0131q\u201d - MEYDAN.TV<\/title>\n<meta name=\"robots\" content=\"index, follow, max-snippet:-1, max-image-preview:large, max-video-preview:-1\" \/>\n<link rel=\"canonical\" href=\"https:\/\/www.meydan.tv\/az\/article\/celilabad-sakini-elil-adamam-ev-ucsa-korpelerimle-altinda-qalacagiq\/\" \/>\n<meta property=\"og:locale\" content=\"az_AZ\" \/>\n<meta property=\"og:type\" content=\"article\" \/>\n<meta property=\"og:title\" content=\"C\u0259lilabad sakini: \u201c\u018flil adamam, ev u\u00e7sa, k\u00f6rp\u0259l\u0259riml\u0259 alt\u0131nda qalaca\u011f\u0131q\u201d - MEYDAN.TV\" \/>\n<meta property=\"og:description\" content=\"P\u0259rviz A\u011fayev deyir ki, nazirlik he\u00e7 bir bax\u0131\u015f ke\u00e7irm\u0259d\u0259n \u0259leyhin\u0259 ... Davam\u0131\" \/>\n<meta property=\"og:url\" content=\"https:\/\/www.meydan.tv\/az\/article\/celilabad-sakini-elil-adamam-ev-ucsa-korpelerimle-altinda-qalacagiq\/\" \/>\n<meta property=\"og:site_name\" content=\"MEYDAN.TV\" \/>\n<meta property=\"article:published_time\" content=\"2023-06-24T12:29:02+00:00\" \/>\n<meta property=\"article:modified_time\" content=\"2023-06-24T12:29:05+00:00\" \/>\n<meta property=\"og:image\" content=\"https:\/\/www.meydan.tv\/wp-content\/uploads\/untitled-design-3-97.jpg\" \/>\n\t<meta property=\"og:image:width\" content=\"1200\" \/>\n\t<meta property=\"og:image:height\" content=\"800\" \/>\n\t<meta property=\"og:image:type\" content=\"image\/jpeg\" \/>\n<meta name=\"author\" content=\"elli\" \/>\n<meta name=\"twitter:card\" content=\"summary_large_image\" \/>\n<meta name=\"twitter:creator\" content=\"@elli\" \/>\n<script type=\"application\/ld+json\" class=\"yoast-schema-graph\">{\"@context\":\"https:\\\/\\\/schema.org\",\"@graph\":[{\"@type\":\"Article\",\"@id\":\"https:\\\/\\\/www.meydan.tv\\\/az\\\/article\\\/celilabad-sakini-elil-adamam-ev-ucsa-korpelerimle-altinda-qalacagiq\\\/#article\",\"isPartOf\":{\"@id\":\"https:\\\/\\\/www.meydan.tv\\\/az\\\/article\\\/celilabad-sakini-elil-adamam-ev-ucsa-korpelerimle-altinda-qalacagiq\\\/\"},\"author\":{\"name\":\"elli\",\"@id\":\"https:\\\/\\\/www.meydan.tv\\\/az\\\/#\\\/schema\\\/person\\\/9cdbecf90d17180ce1dfbd95b08dcf47\"},\"headline\":\"C\u0259lilabad sakini: \u201c\u018flil adamam, ev u\u00e7sa, k\u00f6rp\u0259l\u0259riml\u0259 alt\u0131nda qalaca\u011f\u0131q\u201d\",\"datePublished\":\"2023-06-24T12:29:02+00:00\",\"dateModified\":\"2023-06-24T12:29:05+00:00\",\"mainEntityOfPage\":{\"@id\":\"https:\\\/\\\/www.meydan.tv\\\/az\\\/article\\\/celilabad-sakini-elil-adamam-ev-ucsa-korpelerimle-altinda-qalacagiq\\\/\"},\"wordCount\":1018,\"publisher\":{\"@id\":\"https:\\\/\\\/www.meydan.tv\\\/az\\\/#organization\"},\"image\":{\"@id\":\"https:\\\/\\\/www.meydan.tv\\\/az\\\/article\\\/celilabad-sakini-elil-adamam-ev-ucsa-korpelerimle-altinda-qalacagiq\\\/#primaryimage\"},\"thumbnailUrl\":\"https:\\\/\\\/www.meydan.tv\\\/wp-content\\\/uploads\\\/untitled-design-3-97.jpg\",\"articleSection\":[\"B\u00f6lg\u0259\",\"X\u0259b\u0259rl\u0259r\"],\"inLanguage\":\"az\"},{\"@type\":\"WebPage\",\"@id\":\"https:\\\/\\\/www.meydan.tv\\\/az\\\/article\\\/celilabad-sakini-elil-adamam-ev-ucsa-korpelerimle-altinda-qalacagiq\\\/\",\"url\":\"https:\\\/\\\/www.meydan.tv\\\/az\\\/article\\\/celilabad-sakini-elil-adamam-ev-ucsa-korpelerimle-altinda-qalacagiq\\\/\",\"name\":\"C\u0259lilabad sakini: \u201c\u018flil adamam, ev u\u00e7sa, k\u00f6rp\u0259l\u0259riml\u0259 alt\u0131nda qalaca\u011f\u0131q\u201d - MEYDAN.TV\",\"isPartOf\":{\"@id\":\"https:\\\/\\\/www.meydan.tv\\\/az\\\/#website\"},\"primaryImageOfPage\":{\"@id\":\"https:\\\/\\\/www.meydan.tv\\\/az\\\/article\\\/celilabad-sakini-elil-adamam-ev-ucsa-korpelerimle-altinda-qalacagiq\\\/#primaryimage\"},\"image\":{\"@id\":\"https:\\\/\\\/www.meydan.tv\\\/az\\\/article\\\/celilabad-sakini-elil-adamam-ev-ucsa-korpelerimle-altinda-qalacagiq\\\/#primaryimage\"},\"thumbnailUrl\":\"https:\\\/\\\/www.meydan.tv\\\/wp-content\\\/uploads\\\/untitled-design-3-97.jpg\",\"datePublished\":\"2023-06-24T12:29:02+00:00\",\"dateModified\":\"2023-06-24T12:29:05+00:00\",\"breadcrumb\":{\"@id\":\"https:\\\/\\\/www.meydan.tv\\\/az\\\/article\\\/celilabad-sakini-elil-adamam-ev-ucsa-korpelerimle-altinda-qalacagiq\\\/#breadcrumb\"},\"inLanguage\":\"az\",\"potentialAction\":[{\"@type\":\"ReadAction\",\"target\":[\"https:\\\/\\\/www.meydan.tv\\\/az\\\/article\\\/celilabad-sakini-elil-adamam-ev-ucsa-korpelerimle-altinda-qalacagiq\\\/\"]}]},{\"@type\":\"ImageObject\",\"inLanguage\":\"az\",\"@id\":\"https:\\\/\\\/www.meydan.tv\\\/az\\\/article\\\/celilabad-sakini-elil-adamam-ev-ucsa-korpelerimle-altinda-qalacagiq\\\/#primaryimage\",\"url\":\"https:\\\/\\\/www.meydan.tv\\\/wp-content\\\/uploads\\\/untitled-design-3-97.jpg\",\"contentUrl\":\"https:\\\/\\\/www.meydan.tv\\\/wp-content\\\/uploads\\\/untitled-design-3-97.jpg\",\"width\":1200,\"height\":800,\"caption\":\"Fotolar: Meydan TV\"},{\"@type\":\"BreadcrumbList\",\"@id\":\"https:\\\/\\\/www.meydan.tv\\\/az\\\/article\\\/celilabad-sakini-elil-adamam-ev-ucsa-korpelerimle-altinda-qalacagiq\\\/#breadcrumb\",\"itemListElement\":[{\"@type\":\"ListItem\",\"position\":1,\"name\":\"Ana s\u0259hif\u0259\",\"item\":\"https:\\\/\\\/www.meydan.tv\\\/az\\\/\"},{\"@type\":\"ListItem\",\"position\":2,\"name\":\"B\u00f6lg\u0259\",\"item\":\"https:\\\/\\\/www.meydan.tv\\\/az\\\/section\\\/bolge\\\/\"},{\"@type\":\"ListItem\",\"position\":3,\"name\":\"C\u0259lilabad sakini: \u201c\u018flil adamam, ev u\u00e7sa, k\u00f6rp\u0259l\u0259riml\u0259 alt\u0131nda qalaca\u011f\u0131q\u201d\"}]},{\"@type\":\"WebSite\",\"@id\":\"https:\\\/\\\/www.meydan.tv\\\/az\\\/#website\",\"url\":\"https:\\\/\\\/www.meydan.tv\\\/az\\\/\",\"name\":\"MEYDAN.TV\",\"description\":\"Meydan TV Az\u0259rbaycan\u0131n media m\u0259kan\u0131ndak\u0131 alternativ s\u0259sidir\",\"publisher\":{\"@id\":\"https:\\\/\\\/www.meydan.tv\\\/az\\\/#organization\"},\"potentialAction\":[{\"@type\":\"SearchAction\",\"target\":{\"@type\":\"EntryPoint\",\"urlTemplate\":\"https:\\\/\\\/www.meydan.tv\\\/az\\\/?s={search_term_string}\"},\"query-input\":{\"@type\":\"PropertyValueSpecification\",\"valueRequired\":true,\"valueName\":\"search_term_string\"}}],\"inLanguage\":\"az\"},{\"@type\":\"Organization\",\"@id\":\"https:\\\/\\\/www.meydan.tv\\\/az\\\/#organization\",\"name\":\"Meydan TV\",\"url\":\"https:\\\/\\\/www.meydan.tv\\\/az\\\/\",\"logo\":{\"@type\":\"ImageObject\",\"inLanguage\":\"az\",\"@id\":\"https:\\\/\\\/www.meydan.tv\\\/az\\\/#\\\/schema\\\/logo\\\/image\\\/\",\"url\":\"https:\\\/\\\/www.meydan.tv\\\/wp-content\\\/uploads\\\/2021\\\/07\\\/meydan-logo.svg\",\"contentUrl\":\"https:\\\/\\\/www.meydan.tv\\\/wp-content\\\/uploads\\\/2021\\\/07\\\/meydan-logo.svg\",\"width\":195,\"height\":46,\"caption\":\"Meydan TV\"},\"image\":{\"@id\":\"https:\\\/\\\/www.meydan.tv\\\/az\\\/#\\\/schema\\\/logo\\\/image\\\/\"}},{\"@type\":\"Person\",\"@id\":\"https:\\\/\\\/www.meydan.tv\\\/az\\\/#\\\/schema\\\/person\\\/9cdbecf90d17180ce1dfbd95b08dcf47\",\"name\":\"elli\",\"sameAs\":[\"https:\\\/\\\/x.com\\\/elli\"]}]}<\/script>\n<!-- \/ Yoast SEO plugin. -->","yoast_head_json":{"title":"C\u0259lilabad sakini: \u201c\u018flil adamam, ev u\u00e7sa, k\u00f6rp\u0259l\u0259riml\u0259 alt\u0131nda qalaca\u011f\u0131q\u201d - MEYDAN.TV","robots":{"index":"index","follow":"follow","max-snippet":"max-snippet:-1","max-image-preview":"max-image-preview:large","max-video-preview":"max-video-preview:-1"},"canonical":"https:\/\/www.meydan.tv\/az\/article\/celilabad-sakini-elil-adamam-ev-ucsa-korpelerimle-altinda-qalacagiq\/","og_locale":"az_AZ","og_type":"article","og_title":"C\u0259lilabad sakini: \u201c\u018flil adamam, ev u\u00e7sa, k\u00f6rp\u0259l\u0259riml\u0259 alt\u0131nda qalaca\u011f\u0131q\u201d - MEYDAN.TV","og_description":"P\u0259rviz A\u011fayev deyir ki, nazirlik he\u00e7 bir bax\u0131\u015f ke\u00e7irm\u0259d\u0259n \u0259leyhin\u0259 ... Davam\u0131","og_url":"https:\/\/www.meydan.tv\/az\/article\/celilabad-sakini-elil-adamam-ev-ucsa-korpelerimle-altinda-qalacagiq\/","og_site_name":"MEYDAN.TV","article_published_time":"2023-06-24T12:29:02+00:00","article_modified_time":"2023-06-24T12:29:05+00:00","og_image":[{"width":1200,"height":800,"url":"https:\/\/www.meydan.tv\/wp-content\/uploads\/untitled-design-3-97.jpg","type":"image\/jpeg"}],"author":"elli","twitter_card":"summary_large_image","twitter_creator":"@elli","schema":{"@context":"https:\/\/schema.org","@graph":[{"@type":"Article","@id":"https:\/\/www.meydan.tv\/az\/article\/celilabad-sakini-elil-adamam-ev-ucsa-korpelerimle-altinda-qalacagiq\/#article","isPartOf":{"@id":"https:\/\/www.meydan.tv\/az\/article\/celilabad-sakini-elil-adamam-ev-ucsa-korpelerimle-altinda-qalacagiq\/"},"author":{"name":"elli","@id":"https:\/\/www.meydan.tv\/az\/#\/schema\/person\/9cdbecf90d17180ce1dfbd95b08dcf47"},"headline":"C\u0259lilabad sakini: \u201c\u018flil adamam, ev u\u00e7sa, k\u00f6rp\u0259l\u0259riml\u0259 alt\u0131nda qalaca\u011f\u0131q\u201d","datePublished":"2023-06-24T12:29:02+00:00","dateModified":"2023-06-24T12:29:05+00:00","mainEntityOfPage":{"@id":"https:\/\/www.meydan.tv\/az\/article\/celilabad-sakini-elil-adamam-ev-ucsa-korpelerimle-altinda-qalacagiq\/"},"wordCount":1018,"publisher":{"@id":"https:\/\/www.meydan.tv\/az\/#organization"},"image":{"@id":"https:\/\/www.meydan.tv\/az\/article\/celilabad-sakini-elil-adamam-ev-ucsa-korpelerimle-altinda-qalacagiq\/#primaryimage"},"thumbnailUrl":"https:\/\/www.meydan.tv\/wp-content\/uploads\/untitled-design-3-97.jpg","articleSection":["B\u00f6lg\u0259","X\u0259b\u0259rl\u0259r"],"inLanguage":"az"},{"@type":"WebPage","@id":"https:\/\/www.meydan.tv\/az\/article\/celilabad-sakini-elil-adamam-ev-ucsa-korpelerimle-altinda-qalacagiq\/","url":"https:\/\/www.meydan.tv\/az\/article\/celilabad-sakini-elil-adamam-ev-ucsa-korpelerimle-altinda-qalacagiq\/","name":"C\u0259lilabad sakini: \u201c\u018flil adamam, ev u\u00e7sa, k\u00f6rp\u0259l\u0259riml\u0259 alt\u0131nda qalaca\u011f\u0131q\u201d - MEYDAN.TV","isPartOf":{"@id":"https:\/\/www.meydan.tv\/az\/#website"},"primaryImageOfPage":{"@id":"https:\/\/www.meydan.tv\/az\/article\/celilabad-sakini-elil-adamam-ev-ucsa-korpelerimle-altinda-qalacagiq\/#primaryimage"},"image":{"@id":"https:\/\/www.meydan.tv\/az\/article\/celilabad-sakini-elil-adamam-ev-ucsa-korpelerimle-altinda-qalacagiq\/#primaryimage"},"thumbnailUrl":"https:\/\/www.meydan.tv\/wp-content\/uploads\/untitled-design-3-97.jpg","datePublished":"2023-06-24T12:29:02+00:00","dateModified":"2023-06-24T12:29:05+00:00","breadcrumb":{"@id":"https:\/\/www.meydan.tv\/az\/article\/celilabad-sakini-elil-adamam-ev-ucsa-korpelerimle-altinda-qalacagiq\/#breadcrumb"},"inLanguage":"az","potentialAction":[{"@type":"ReadAction","target":["https:\/\/www.meydan.tv\/az\/article\/celilabad-sakini-elil-adamam-ev-ucsa-korpelerimle-altinda-qalacagiq\/"]}]},{"@type":"ImageObject","inLanguage":"az","@id":"https:\/\/www.meydan.tv\/az\/article\/celilabad-sakini-elil-adamam-ev-ucsa-korpelerimle-altinda-qalacagiq\/#primaryimage","url":"https:\/\/www.meydan.tv\/wp-content\/uploads\/untitled-design-3-97.jpg","contentUrl":"https:\/\/www.meydan.tv\/wp-content\/uploads\/untitled-design-3-97.jpg","width":1200,"height":800,"caption":"Fotolar: Meydan TV"},{"@type":"BreadcrumbList","@id":"https:\/\/www.meydan.tv\/az\/article\/celilabad-sakini-elil-adamam-ev-ucsa-korpelerimle-altinda-qalacagiq\/#breadcrumb","itemListElement":[{"@type":"ListItem","position":1,"name":"Ana s\u0259hif\u0259","item":"https:\/\/www.meydan.tv\/az\/"},{"@type":"ListItem","position":2,"name":"B\u00f6lg\u0259","item":"https:\/\/www.meydan.tv\/az\/section\/bolge\/"},{"@type":"ListItem","position":3,"name":"C\u0259lilabad sakini: \u201c\u018flil adamam, ev u\u00e7sa, k\u00f6rp\u0259l\u0259riml\u0259 alt\u0131nda qalaca\u011f\u0131q\u201d"}]},{"@type":"WebSite","@id":"https:\/\/www.meydan.tv\/az\/#website","url":"https:\/\/www.meydan.tv\/az\/","name":"MEYDAN.TV","description":"Meydan TV Az\u0259rbaycan\u0131n media m\u0259kan\u0131ndak\u0131 alternativ s\u0259sidir","publisher":{"@id":"https:\/\/www.meydan.tv\/az\/#organization"},"potentialAction":[{"@type":"SearchAction","target":{"@type":"EntryPoint","urlTemplate":"https:\/\/www.meydan.tv\/az\/?s={search_term_string}"},"query-input":{"@type":"PropertyValueSpecification","valueRequired":true,"valueName":"search_term_string"}}],"inLanguage":"az"},{"@type":"Organization","@id":"https:\/\/www.meydan.tv\/az\/#organization","name":"Meydan TV","url":"https:\/\/www.meydan.tv\/az\/","logo":{"@type":"ImageObject","inLanguage":"az","@id":"https:\/\/www.meydan.tv\/az\/#\/schema\/logo\/image\/","url":"https:\/\/www.meydan.tv\/wp-content\/uploads\/2021\/07\/meydan-logo.svg","contentUrl":"https:\/\/www.meydan.tv\/wp-content\/uploads\/2021\/07\/meydan-logo.svg","width":195,"height":46,"caption":"Meydan TV"},"image":{"@id":"https:\/\/www.meydan.tv\/az\/#\/schema\/logo\/image\/"}},{"@type":"Person","@id":"https:\/\/www.meydan.tv\/az\/#\/schema\/person\/9cdbecf90d17180ce1dfbd95b08dcf47","name":"elli","sameAs":["https:\/\/x.com\/elli"]}]}},"_links":{"self":[{"href":"https:\/\/www.meydan.tv\/az\/wp-json\/wp\/v2\/posts\/278362","targetHints":{"allow":["GET"]}}],"collection":[{"href":"https:\/\/www.meydan.tv\/az\/wp-json\/wp\/v2\/posts"}],"about":[{"href":"https:\/\/www.meydan.tv\/az\/wp-json\/wp\/v2\/types\/post"}],"author":[{"embeddable":true,"href":"https:\/\/www.meydan.tv\/az\/wp-json\/wp\/v2\/users\/8"}],"replies":[{"embeddable":true,"href":"https:\/\/www.meydan.tv\/az\/wp-json\/wp\/v2\/comments?post=278362"}],"version-history":[{"count":1,"href":"https:\/\/www.meydan.tv\/az\/wp-json\/wp\/v2\/posts\/278362\/revisions"}],"predecessor-version":[{"id":278379,"href":"https:\/\/www.meydan.tv\/az\/wp-json\/wp\/v2\/posts\/278362\/revisions\/278379"}],"wp:featuredmedia":[{"embeddable":true,"href":"https:\/\/www.meydan.tv\/az\/wp-json\/wp\/v2\/media\/278363"}],"wp:attachment":[{"href":"https:\/\/www.meydan.tv\/az\/wp-json\/wp\/v2\/media?parent=278362"}],"wp:term":[{"taxonomy":"category","embeddable":true,"href":"https:\/\/www.meydan.tv\/az\/wp-json\/wp\/v2\/categories?post=278362"},{"taxonomy":"post_tag","embeddable":true,"href":"https:\/\/www.meydan.tv\/az\/wp-json\/wp\/v2\/tags?post=278362"}],"curies":[{"name":"wp","href":"https:\/\/api.w.org\/{rel}","templated":true}]}}