{"id":278269,"date":"2023-06-23T21:16:32","date_gmt":"2023-06-23T17:16:32","guid":{"rendered":"https:\/\/www.meydan.tv\/?p=278269"},"modified":"2023-06-23T23:32:36","modified_gmt":"2023-06-23T19:32:36","slug":"qizil-medeninin-tullanti-sulari-anbarinda-cekilis-aparan-ekoaktivist-saxlanilib-bir-nece-sonra-serbest-buraxilib","status":"publish","type":"post","link":"https:\/\/www.meydan.tv\/az\/article\/qizil-medeninin-tullanti-sulari-anbarinda-cekilis-aparan-ekoaktivist-saxlanilib-bir-nece-sonra-serbest-buraxilib\/","title":{"rendered":"Q\u0131z\u0131l m\u0259d\u0259ninin tullant\u0131 sular\u0131 anbar\u0131nda \u00e7\u0259kili\u015f aparan ekoaktivist saxlan\u0131l\u0131b, bir ne\u00e7\u0259 saat sonra s\u0259rb\u0259st burax\u0131l\u0131b"},"content":{"rendered":"\n<p><\/p>\n\n\n\n<p><em>\u201c<strong>Sionid anbar\u0131 \u00e7ox b\u0259rbad idar\u0259 edilib\u201d<\/strong><\/em><\/p>\n\n\n\n<p>\u201cEcofront\u201d t\u0259\u015fkilat\u0131n\u0131n \u0259m\u0259kda\u015f\u0131 K\u0259nan X\u0259lilzad\u0259 S\u00f6y\u00fcdl\u00fc m\u0259d\u0259ninin tullant\u0131 sular\u0131 anbar\u0131nda canl\u0131 yay\u0131m ed\u0259rk\u0259n polis \u0259m\u0259kda\u015flar\u0131 t\u0259r\u0259find\u0259n saxlan\u0131l\u0131b. Canl\u0131 yay\u0131m internet ba\u011flant\u0131s\u0131 itdiyi \u00fc\u00e7\u00fcn k\u0259silib.<\/p>\n\n\n\n<p>Bu bar\u0259d\u0259 \u201cEcofront\u201d t\u0259\u015fkilat\u0131ndan bildiribl\u0259r.<\/p>\n\n\n\n<p><em>&#8220;D\u0130N-in m\u0259tbuat katibi El\u015fad Hac\u0131yev m\u0259s\u0259l\u0259ni ara\u015fd\u0131rd\u0131qdan sonra K\u0259nan\u0131n polisl\u0259r t\u0259rfind\u0259n saxlan\u0131ld\u0131\u011f\u0131n\u0131 t\u0259sdiql\u0259di. Bir ne\u00e7\u0259 saat sor\u011fu-sual edildikd\u0259n sonra K\u0259nan s\u0259rb\u0259st burax\u0131l\u0131b&#8221;,-<\/em> t\u0259\u015fkilatdan deyibl\u0259r.&nbsp;<\/p>\n\n\n\n<p>T\u0259\u015fkilatdan qeyd edilib ki, sionid anbar\u0131 \u00e7ox b\u0259rbad idar\u0259 edilib. N\u0259inki beton \u00f6rt\u00fckl\u00fc anbar, \u0259n primitiv su ke\u00e7irm\u0259z membranlar (tarp) bel\u0259 anbar\u0131n ancaq b\u0259nd hiss\u0259sini \u0259hat\u0259 edir:<\/p>\n\n\n\n<p>\u201c<em>Dig\u0259r hiss\u0259l\u0259rd\u0259 s\u0131zman\u0131n qar\u015f\u0131s\u0131n\u0131 almaq \u00fc\u015f\u00fcn he\u00e7 bir add\u0131m at\u0131lmay\u0131b. Bu anbardan davaml\u0131 olaraq s\u0131zma olmas\u0131 qa\u00e7\u0131lmazd\u0131r\u201d.<\/em><\/p>\n\n\n\n<p>\u201c<em>Bu anbar\u0131 idar\u0259 ed\u0259n \u015firk\u0259t v\u0259 n\u0259zar\u0259tedici qurum kimi Ekologiya v\u0259 T\u0259bii S\u0259rv\u0259tl\u0259r Nazirliyi m\u0259suliyy\u0259t\u0259 c\u0259lb edilm\u0259lidir. M\u0259d\u0259nin v\u0259 emal m\u00fc\u0259ssis\u0259l\u0259rin f\u0259aliyy\u0259ti d\u0259rhal dayand\u0131r\u0131lmal\u0131d\u0131r. Anbarda t\u0259hl\u00fck\u0259sizlik t\u0259dbirl\u0259ri g\u00fccl\u0259ndirilm\u0259li v\u0259 toksik tullant\u0131n\u0131n z\u0259r\u0259rsizl\u0259\u015fdirilm\u0259si \u00fc\u00e7\u00fcn f\u0259aliyy\u0259t plan\u0131 haz\u0131rlanmal\u0131d\u0131r. B\u00fct\u00fcn x\u0259rcl\u0259r d\u0259 bu f\u00fcrs\u0259t\u00e7i \u015firk\u0259t\u0259 y\u00fckl\u0259nm\u0259lidir&#8221;, &#8211; <\/em>\u201cEcofront\u201dun a\u00e7\u0131qlamas\u0131nda bildirilir.<\/p>\n","protected":false},"excerpt":{"rendered":"<p>\u201cSionid anbar\u0131 \u00e7ox b\u0259rbad idar\u0259 edilib\u201d \u201cEcofront\u201d t\u0259\u015fkilat\u0131n\u0131n \u0259m\u0259kda\u015f\u0131 K\u0259nan &#8230; <\/p>\n<p class=\"read-more-container\"><a title=\"Q\u0131z\u0131l m\u0259d\u0259ninin tullant\u0131 sular\u0131 anbar\u0131nda \u00e7\u0259kili\u015f aparan ekoaktivist saxlan\u0131l\u0131b, bir ne\u00e7\u0259 saat sonra s\u0259rb\u0259st burax\u0131l\u0131b\" class=\"read-more button\" href=\"https:\/\/www.meydan.tv\/az\/article\/qizil-medeninin-tullanti-sulari-anbarinda-cekilis-aparan-ekoaktivist-saxlanilib-bir-nece-sonra-serbest-buraxilib\/#more-278269\" aria-label=\"Read more about Q\u0131z\u0131l m\u0259d\u0259ninin tullant\u0131 sular\u0131 anbar\u0131nda \u00e7\u0259kili\u015f aparan ekoaktivist saxlan\u0131l\u0131b, bir ne\u00e7\u0259 saat sonra s\u0259rb\u0259st burax\u0131l\u0131b\">Davam\u0131<\/a><\/p>\n","protected":false},"author":8,"featured_media":278270,"comment_status":"closed","ping_status":"closed","sticky":false,"template":"","format":"standard","meta":{"_acf_changed":false,"_sitemap_exclude":false,"_sitemap_priority":"","_sitemap_frequency":"","footnotes":""},"categories":[60,56],"tags":[],"class_list":["post-278269","post","type-post","status-publish","format-standard","has-post-thumbnail","hentry","category-bolge","category-xeberler","infinite-scroll-item","generate-columns","tablet-grid-50","mobile-grid-100","grid-parent","grid-33","no-featured-image-padding"],"acf":[],"yoast_head":"<!-- This site is optimized with the Yoast SEO plugin v27.5 - https:\/\/yoast.com\/product\/yoast-seo-wordpress\/ -->\n<title>Q\u0131z\u0131l m\u0259d\u0259ninin tullant\u0131 sular\u0131 anbar\u0131nda \u00e7\u0259kili\u015f aparan ekoaktivist saxlan\u0131l\u0131b, bir ne\u00e7\u0259 saat sonra s\u0259rb\u0259st burax\u0131l\u0131b - MEYDAN.TV<\/title>\n<meta name=\"robots\" content=\"index, follow, max-snippet:-1, max-image-preview:large, max-video-preview:-1\" \/>\n<link rel=\"canonical\" href=\"https:\/\/www.meydan.tv\/az\/article\/qizil-medeninin-tullanti-sulari-anbarinda-cekilis-aparan-ekoaktivist-saxlanilib-bir-nece-sonra-serbest-buraxilib\/\" \/>\n<meta property=\"og:locale\" content=\"az_AZ\" \/>\n<meta property=\"og:type\" content=\"article\" \/>\n<meta property=\"og:title\" content=\"Q\u0131z\u0131l m\u0259d\u0259ninin tullant\u0131 sular\u0131 anbar\u0131nda \u00e7\u0259kili\u015f aparan ekoaktivist saxlan\u0131l\u0131b, bir ne\u00e7\u0259 saat sonra s\u0259rb\u0259st burax\u0131l\u0131b - MEYDAN.TV\" \/>\n<meta property=\"og:description\" content=\"\u201cSionid anbar\u0131 \u00e7ox b\u0259rbad idar\u0259 edilib\u201d \u201cEcofront\u201d t\u0259\u015fkilat\u0131n\u0131n \u0259m\u0259kda\u015f\u0131 K\u0259nan ... Davam\u0131\" \/>\n<meta property=\"og:url\" content=\"https:\/\/www.meydan.tv\/az\/article\/qizil-medeninin-tullanti-sulari-anbarinda-cekilis-aparan-ekoaktivist-saxlanilib-bir-nece-sonra-serbest-buraxilib\/\" \/>\n<meta property=\"og:site_name\" content=\"MEYDAN.TV\" \/>\n<meta property=\"article:published_time\" content=\"2023-06-23T17:16:32+00:00\" \/>\n<meta property=\"article:modified_time\" content=\"2023-06-23T19:32:36+00:00\" \/>\n<meta property=\"og:image\" content=\"https:\/\/www.meydan.tv\/wp-content\/uploads\/untitled-design-2-113.jpg\" \/>\n\t<meta property=\"og:image:width\" content=\"1200\" \/>\n\t<meta property=\"og:image:height\" content=\"800\" \/>\n\t<meta property=\"og:image:type\" content=\"image\/jpeg\" \/>\n<meta name=\"author\" content=\"elli\" \/>\n<meta name=\"twitter:card\" content=\"summary_large_image\" \/>\n<meta name=\"twitter:creator\" content=\"@elli\" \/>\n<script type=\"application\/ld+json\" class=\"yoast-schema-graph\">{\"@context\":\"https:\\\/\\\/schema.org\",\"@graph\":[{\"@type\":\"Article\",\"@id\":\"https:\\\/\\\/www.meydan.tv\\\/az\\\/article\\\/qizil-medeninin-tullanti-sulari-anbarinda-cekilis-aparan-ekoaktivist-saxlanilib-bir-nece-sonra-serbest-buraxilib\\\/#article\",\"isPartOf\":{\"@id\":\"https:\\\/\\\/www.meydan.tv\\\/az\\\/article\\\/qizil-medeninin-tullanti-sulari-anbarinda-cekilis-aparan-ekoaktivist-saxlanilib-bir-nece-sonra-serbest-buraxilib\\\/\"},\"author\":{\"name\":\"elli\",\"@id\":\"https:\\\/\\\/www.meydan.tv\\\/az\\\/#\\\/schema\\\/person\\\/9cdbecf90d17180ce1dfbd95b08dcf47\"},\"headline\":\"Q\u0131z\u0131l m\u0259d\u0259ninin tullant\u0131 sular\u0131 anbar\u0131nda \u00e7\u0259kili\u015f aparan ekoaktivist saxlan\u0131l\u0131b, bir ne\u00e7\u0259 saat sonra s\u0259rb\u0259st burax\u0131l\u0131b\",\"datePublished\":\"2023-06-23T17:16:32+00:00\",\"dateModified\":\"2023-06-23T19:32:36+00:00\",\"mainEntityOfPage\":{\"@id\":\"https:\\\/\\\/www.meydan.tv\\\/az\\\/article\\\/qizil-medeninin-tullanti-sulari-anbarinda-cekilis-aparan-ekoaktivist-saxlanilib-bir-nece-sonra-serbest-buraxilib\\\/\"},\"wordCount\":315,\"publisher\":{\"@id\":\"https:\\\/\\\/www.meydan.tv\\\/az\\\/#organization\"},\"image\":{\"@id\":\"https:\\\/\\\/www.meydan.tv\\\/az\\\/article\\\/qizil-medeninin-tullanti-sulari-anbarinda-cekilis-aparan-ekoaktivist-saxlanilib-bir-nece-sonra-serbest-buraxilib\\\/#primaryimage\"},\"thumbnailUrl\":\"https:\\\/\\\/www.meydan.tv\\\/wp-content\\\/uploads\\\/untitled-design-2-113.jpg\",\"articleSection\":[\"B\u00f6lg\u0259\",\"X\u0259b\u0259rl\u0259r\"],\"inLanguage\":\"az\"},{\"@type\":\"WebPage\",\"@id\":\"https:\\\/\\\/www.meydan.tv\\\/az\\\/article\\\/qizil-medeninin-tullanti-sulari-anbarinda-cekilis-aparan-ekoaktivist-saxlanilib-bir-nece-sonra-serbest-buraxilib\\\/\",\"url\":\"https:\\\/\\\/www.meydan.tv\\\/az\\\/article\\\/qizil-medeninin-tullanti-sulari-anbarinda-cekilis-aparan-ekoaktivist-saxlanilib-bir-nece-sonra-serbest-buraxilib\\\/\",\"name\":\"Q\u0131z\u0131l m\u0259d\u0259ninin tullant\u0131 sular\u0131 anbar\u0131nda \u00e7\u0259kili\u015f aparan ekoaktivist saxlan\u0131l\u0131b, bir ne\u00e7\u0259 saat sonra s\u0259rb\u0259st burax\u0131l\u0131b - MEYDAN.TV\",\"isPartOf\":{\"@id\":\"https:\\\/\\\/www.meydan.tv\\\/az\\\/#website\"},\"primaryImageOfPage\":{\"@id\":\"https:\\\/\\\/www.meydan.tv\\\/az\\\/article\\\/qizil-medeninin-tullanti-sulari-anbarinda-cekilis-aparan-ekoaktivist-saxlanilib-bir-nece-sonra-serbest-buraxilib\\\/#primaryimage\"},\"image\":{\"@id\":\"https:\\\/\\\/www.meydan.tv\\\/az\\\/article\\\/qizil-medeninin-tullanti-sulari-anbarinda-cekilis-aparan-ekoaktivist-saxlanilib-bir-nece-sonra-serbest-buraxilib\\\/#primaryimage\"},\"thumbnailUrl\":\"https:\\\/\\\/www.meydan.tv\\\/wp-content\\\/uploads\\\/untitled-design-2-113.jpg\",\"datePublished\":\"2023-06-23T17:16:32+00:00\",\"dateModified\":\"2023-06-23T19:32:36+00:00\",\"breadcrumb\":{\"@id\":\"https:\\\/\\\/www.meydan.tv\\\/az\\\/article\\\/qizil-medeninin-tullanti-sulari-anbarinda-cekilis-aparan-ekoaktivist-saxlanilib-bir-nece-sonra-serbest-buraxilib\\\/#breadcrumb\"},\"inLanguage\":\"az\",\"potentialAction\":[{\"@type\":\"ReadAction\",\"target\":[\"https:\\\/\\\/www.meydan.tv\\\/az\\\/article\\\/qizil-medeninin-tullanti-sulari-anbarinda-cekilis-aparan-ekoaktivist-saxlanilib-bir-nece-sonra-serbest-buraxilib\\\/\"]}]},{\"@type\":\"ImageObject\",\"inLanguage\":\"az\",\"@id\":\"https:\\\/\\\/www.meydan.tv\\\/az\\\/article\\\/qizil-medeninin-tullanti-sulari-anbarinda-cekilis-aparan-ekoaktivist-saxlanilib-bir-nece-sonra-serbest-buraxilib\\\/#primaryimage\",\"url\":\"https:\\\/\\\/www.meydan.tv\\\/wp-content\\\/uploads\\\/untitled-design-2-113.jpg\",\"contentUrl\":\"https:\\\/\\\/www.meydan.tv\\\/wp-content\\\/uploads\\\/untitled-design-2-113.jpg\",\"width\":1200,\"height\":800,\"caption\":\"Foto: \u201cEcofront\u201d\"},{\"@type\":\"BreadcrumbList\",\"@id\":\"https:\\\/\\\/www.meydan.tv\\\/az\\\/article\\\/qizil-medeninin-tullanti-sulari-anbarinda-cekilis-aparan-ekoaktivist-saxlanilib-bir-nece-sonra-serbest-buraxilib\\\/#breadcrumb\",\"itemListElement\":[{\"@type\":\"ListItem\",\"position\":1,\"name\":\"Ana s\u0259hif\u0259\",\"item\":\"https:\\\/\\\/www.meydan.tv\\\/az\\\/\"},{\"@type\":\"ListItem\",\"position\":2,\"name\":\"B\u00f6lg\u0259\",\"item\":\"https:\\\/\\\/www.meydan.tv\\\/az\\\/section\\\/bolge\\\/\"},{\"@type\":\"ListItem\",\"position\":3,\"name\":\"Q\u0131z\u0131l m\u0259d\u0259ninin tullant\u0131 sular\u0131 anbar\u0131nda \u00e7\u0259kili\u015f aparan ekoaktivist saxlan\u0131l\u0131b, bir ne\u00e7\u0259 saat sonra s\u0259rb\u0259st burax\u0131l\u0131b\"}]},{\"@type\":\"WebSite\",\"@id\":\"https:\\\/\\\/www.meydan.tv\\\/az\\\/#website\",\"url\":\"https:\\\/\\\/www.meydan.tv\\\/az\\\/\",\"name\":\"MEYDAN.TV\",\"description\":\"Meydan TV Az\u0259rbaycan\u0131n media m\u0259kan\u0131ndak\u0131 alternativ s\u0259sidir\",\"publisher\":{\"@id\":\"https:\\\/\\\/www.meydan.tv\\\/az\\\/#organization\"},\"potentialAction\":[{\"@type\":\"SearchAction\",\"target\":{\"@type\":\"EntryPoint\",\"urlTemplate\":\"https:\\\/\\\/www.meydan.tv\\\/az\\\/?s={search_term_string}\"},\"query-input\":{\"@type\":\"PropertyValueSpecification\",\"valueRequired\":true,\"valueName\":\"search_term_string\"}}],\"inLanguage\":\"az\"},{\"@type\":\"Organization\",\"@id\":\"https:\\\/\\\/www.meydan.tv\\\/az\\\/#organization\",\"name\":\"Meydan TV\",\"url\":\"https:\\\/\\\/www.meydan.tv\\\/az\\\/\",\"logo\":{\"@type\":\"ImageObject\",\"inLanguage\":\"az\",\"@id\":\"https:\\\/\\\/www.meydan.tv\\\/az\\\/#\\\/schema\\\/logo\\\/image\\\/\",\"url\":\"https:\\\/\\\/www.meydan.tv\\\/wp-content\\\/uploads\\\/2021\\\/07\\\/meydan-logo.svg\",\"contentUrl\":\"https:\\\/\\\/www.meydan.tv\\\/wp-content\\\/uploads\\\/2021\\\/07\\\/meydan-logo.svg\",\"width\":195,\"height\":46,\"caption\":\"Meydan TV\"},\"image\":{\"@id\":\"https:\\\/\\\/www.meydan.tv\\\/az\\\/#\\\/schema\\\/logo\\\/image\\\/\"}},{\"@type\":\"Person\",\"@id\":\"https:\\\/\\\/www.meydan.tv\\\/az\\\/#\\\/schema\\\/person\\\/9cdbecf90d17180ce1dfbd95b08dcf47\",\"name\":\"elli\",\"sameAs\":[\"https:\\\/\\\/x.com\\\/elli\"]}]}<\/script>\n<!-- \/ Yoast SEO plugin. -->","yoast_head_json":{"title":"Q\u0131z\u0131l m\u0259d\u0259ninin tullant\u0131 sular\u0131 anbar\u0131nda \u00e7\u0259kili\u015f aparan ekoaktivist saxlan\u0131l\u0131b, bir ne\u00e7\u0259 saat sonra s\u0259rb\u0259st burax\u0131l\u0131b - MEYDAN.TV","robots":{"index":"index","follow":"follow","max-snippet":"max-snippet:-1","max-image-preview":"max-image-preview:large","max-video-preview":"max-video-preview:-1"},"canonical":"https:\/\/www.meydan.tv\/az\/article\/qizil-medeninin-tullanti-sulari-anbarinda-cekilis-aparan-ekoaktivist-saxlanilib-bir-nece-sonra-serbest-buraxilib\/","og_locale":"az_AZ","og_type":"article","og_title":"Q\u0131z\u0131l m\u0259d\u0259ninin tullant\u0131 sular\u0131 anbar\u0131nda \u00e7\u0259kili\u015f aparan ekoaktivist saxlan\u0131l\u0131b, bir ne\u00e7\u0259 saat sonra s\u0259rb\u0259st burax\u0131l\u0131b - MEYDAN.TV","og_description":"\u201cSionid anbar\u0131 \u00e7ox b\u0259rbad idar\u0259 edilib\u201d \u201cEcofront\u201d t\u0259\u015fkilat\u0131n\u0131n \u0259m\u0259kda\u015f\u0131 K\u0259nan ... Davam\u0131","og_url":"https:\/\/www.meydan.tv\/az\/article\/qizil-medeninin-tullanti-sulari-anbarinda-cekilis-aparan-ekoaktivist-saxlanilib-bir-nece-sonra-serbest-buraxilib\/","og_site_name":"MEYDAN.TV","article_published_time":"2023-06-23T17:16:32+00:00","article_modified_time":"2023-06-23T19:32:36+00:00","og_image":[{"width":1200,"height":800,"url":"https:\/\/www.meydan.tv\/wp-content\/uploads\/untitled-design-2-113.jpg","type":"image\/jpeg"}],"author":"elli","twitter_card":"summary_large_image","twitter_creator":"@elli","schema":{"@context":"https:\/\/schema.org","@graph":[{"@type":"Article","@id":"https:\/\/www.meydan.tv\/az\/article\/qizil-medeninin-tullanti-sulari-anbarinda-cekilis-aparan-ekoaktivist-saxlanilib-bir-nece-sonra-serbest-buraxilib\/#article","isPartOf":{"@id":"https:\/\/www.meydan.tv\/az\/article\/qizil-medeninin-tullanti-sulari-anbarinda-cekilis-aparan-ekoaktivist-saxlanilib-bir-nece-sonra-serbest-buraxilib\/"},"author":{"name":"elli","@id":"https:\/\/www.meydan.tv\/az\/#\/schema\/person\/9cdbecf90d17180ce1dfbd95b08dcf47"},"headline":"Q\u0131z\u0131l m\u0259d\u0259ninin tullant\u0131 sular\u0131 anbar\u0131nda \u00e7\u0259kili\u015f aparan ekoaktivist saxlan\u0131l\u0131b, bir ne\u00e7\u0259 saat sonra s\u0259rb\u0259st burax\u0131l\u0131b","datePublished":"2023-06-23T17:16:32+00:00","dateModified":"2023-06-23T19:32:36+00:00","mainEntityOfPage":{"@id":"https:\/\/www.meydan.tv\/az\/article\/qizil-medeninin-tullanti-sulari-anbarinda-cekilis-aparan-ekoaktivist-saxlanilib-bir-nece-sonra-serbest-buraxilib\/"},"wordCount":315,"publisher":{"@id":"https:\/\/www.meydan.tv\/az\/#organization"},"image":{"@id":"https:\/\/www.meydan.tv\/az\/article\/qizil-medeninin-tullanti-sulari-anbarinda-cekilis-aparan-ekoaktivist-saxlanilib-bir-nece-sonra-serbest-buraxilib\/#primaryimage"},"thumbnailUrl":"https:\/\/www.meydan.tv\/wp-content\/uploads\/untitled-design-2-113.jpg","articleSection":["B\u00f6lg\u0259","X\u0259b\u0259rl\u0259r"],"inLanguage":"az"},{"@type":"WebPage","@id":"https:\/\/www.meydan.tv\/az\/article\/qizil-medeninin-tullanti-sulari-anbarinda-cekilis-aparan-ekoaktivist-saxlanilib-bir-nece-sonra-serbest-buraxilib\/","url":"https:\/\/www.meydan.tv\/az\/article\/qizil-medeninin-tullanti-sulari-anbarinda-cekilis-aparan-ekoaktivist-saxlanilib-bir-nece-sonra-serbest-buraxilib\/","name":"Q\u0131z\u0131l m\u0259d\u0259ninin tullant\u0131 sular\u0131 anbar\u0131nda \u00e7\u0259kili\u015f aparan ekoaktivist saxlan\u0131l\u0131b, bir ne\u00e7\u0259 saat sonra s\u0259rb\u0259st burax\u0131l\u0131b - MEYDAN.TV","isPartOf":{"@id":"https:\/\/www.meydan.tv\/az\/#website"},"primaryImageOfPage":{"@id":"https:\/\/www.meydan.tv\/az\/article\/qizil-medeninin-tullanti-sulari-anbarinda-cekilis-aparan-ekoaktivist-saxlanilib-bir-nece-sonra-serbest-buraxilib\/#primaryimage"},"image":{"@id":"https:\/\/www.meydan.tv\/az\/article\/qizil-medeninin-tullanti-sulari-anbarinda-cekilis-aparan-ekoaktivist-saxlanilib-bir-nece-sonra-serbest-buraxilib\/#primaryimage"},"thumbnailUrl":"https:\/\/www.meydan.tv\/wp-content\/uploads\/untitled-design-2-113.jpg","datePublished":"2023-06-23T17:16:32+00:00","dateModified":"2023-06-23T19:32:36+00:00","breadcrumb":{"@id":"https:\/\/www.meydan.tv\/az\/article\/qizil-medeninin-tullanti-sulari-anbarinda-cekilis-aparan-ekoaktivist-saxlanilib-bir-nece-sonra-serbest-buraxilib\/#breadcrumb"},"inLanguage":"az","potentialAction":[{"@type":"ReadAction","target":["https:\/\/www.meydan.tv\/az\/article\/qizil-medeninin-tullanti-sulari-anbarinda-cekilis-aparan-ekoaktivist-saxlanilib-bir-nece-sonra-serbest-buraxilib\/"]}]},{"@type":"ImageObject","inLanguage":"az","@id":"https:\/\/www.meydan.tv\/az\/article\/qizil-medeninin-tullanti-sulari-anbarinda-cekilis-aparan-ekoaktivist-saxlanilib-bir-nece-sonra-serbest-buraxilib\/#primaryimage","url":"https:\/\/www.meydan.tv\/wp-content\/uploads\/untitled-design-2-113.jpg","contentUrl":"https:\/\/www.meydan.tv\/wp-content\/uploads\/untitled-design-2-113.jpg","width":1200,"height":800,"caption":"Foto: \u201cEcofront\u201d"},{"@type":"BreadcrumbList","@id":"https:\/\/www.meydan.tv\/az\/article\/qizil-medeninin-tullanti-sulari-anbarinda-cekilis-aparan-ekoaktivist-saxlanilib-bir-nece-sonra-serbest-buraxilib\/#breadcrumb","itemListElement":[{"@type":"ListItem","position":1,"name":"Ana s\u0259hif\u0259","item":"https:\/\/www.meydan.tv\/az\/"},{"@type":"ListItem","position":2,"name":"B\u00f6lg\u0259","item":"https:\/\/www.meydan.tv\/az\/section\/bolge\/"},{"@type":"ListItem","position":3,"name":"Q\u0131z\u0131l m\u0259d\u0259ninin tullant\u0131 sular\u0131 anbar\u0131nda \u00e7\u0259kili\u015f aparan ekoaktivist saxlan\u0131l\u0131b, bir ne\u00e7\u0259 saat sonra s\u0259rb\u0259st burax\u0131l\u0131b"}]},{"@type":"WebSite","@id":"https:\/\/www.meydan.tv\/az\/#website","url":"https:\/\/www.meydan.tv\/az\/","name":"MEYDAN.TV","description":"Meydan TV Az\u0259rbaycan\u0131n media m\u0259kan\u0131ndak\u0131 alternativ s\u0259sidir","publisher":{"@id":"https:\/\/www.meydan.tv\/az\/#organization"},"potentialAction":[{"@type":"SearchAction","target":{"@type":"EntryPoint","urlTemplate":"https:\/\/www.meydan.tv\/az\/?s={search_term_string}"},"query-input":{"@type":"PropertyValueSpecification","valueRequired":true,"valueName":"search_term_string"}}],"inLanguage":"az"},{"@type":"Organization","@id":"https:\/\/www.meydan.tv\/az\/#organization","name":"Meydan TV","url":"https:\/\/www.meydan.tv\/az\/","logo":{"@type":"ImageObject","inLanguage":"az","@id":"https:\/\/www.meydan.tv\/az\/#\/schema\/logo\/image\/","url":"https:\/\/www.meydan.tv\/wp-content\/uploads\/2021\/07\/meydan-logo.svg","contentUrl":"https:\/\/www.meydan.tv\/wp-content\/uploads\/2021\/07\/meydan-logo.svg","width":195,"height":46,"caption":"Meydan TV"},"image":{"@id":"https:\/\/www.meydan.tv\/az\/#\/schema\/logo\/image\/"}},{"@type":"Person","@id":"https:\/\/www.meydan.tv\/az\/#\/schema\/person\/9cdbecf90d17180ce1dfbd95b08dcf47","name":"elli","sameAs":["https:\/\/x.com\/elli"]}]}},"_links":{"self":[{"href":"https:\/\/www.meydan.tv\/az\/wp-json\/wp\/v2\/posts\/278269","targetHints":{"allow":["GET"]}}],"collection":[{"href":"https:\/\/www.meydan.tv\/az\/wp-json\/wp\/v2\/posts"}],"about":[{"href":"https:\/\/www.meydan.tv\/az\/wp-json\/wp\/v2\/types\/post"}],"author":[{"embeddable":true,"href":"https:\/\/www.meydan.tv\/az\/wp-json\/wp\/v2\/users\/8"}],"replies":[{"embeddable":true,"href":"https:\/\/www.meydan.tv\/az\/wp-json\/wp\/v2\/comments?post=278269"}],"version-history":[{"count":2,"href":"https:\/\/www.meydan.tv\/az\/wp-json\/wp\/v2\/posts\/278269\/revisions"}],"predecessor-version":[{"id":278283,"href":"https:\/\/www.meydan.tv\/az\/wp-json\/wp\/v2\/posts\/278269\/revisions\/278283"}],"wp:featuredmedia":[{"embeddable":true,"href":"https:\/\/www.meydan.tv\/az\/wp-json\/wp\/v2\/media\/278270"}],"wp:attachment":[{"href":"https:\/\/www.meydan.tv\/az\/wp-json\/wp\/v2\/media?parent=278269"}],"wp:term":[{"taxonomy":"category","embeddable":true,"href":"https:\/\/www.meydan.tv\/az\/wp-json\/wp\/v2\/categories?post=278269"},{"taxonomy":"post_tag","embeddable":true,"href":"https:\/\/www.meydan.tv\/az\/wp-json\/wp\/v2\/tags?post=278269"}],"curies":[{"name":"wp","href":"https:\/\/api.w.org\/{rel}","templated":true}]}}