{"id":278237,"date":"2023-06-23T16:39:35","date_gmt":"2023-06-23T12:39:35","guid":{"rendered":"https:\/\/www.meydan.tv\/?p=278237"},"modified":"2023-06-23T16:39:42","modified_gmt":"2023-06-23T12:39:42","slug":"qarabag-doyuscusu-ilham-eliyevden-yardim-isteyir","status":"publish","type":"post","link":"https:\/\/www.meydan.tv\/az\/article\/qarabag-doyuscusu-ilham-eliyevden-yardim-isteyir\/","title":{"rendered":"Qaraba\u011f d\u00f6y\u00fc\u015f\u00e7\u00fcs\u00fc \u0130lham \u018fliyevd\u0259n yard\u0131m ist\u0259yir"},"content":{"rendered":"\n<p><\/p>\n\n\n\n<p><strong><em>&#8220;\u018fg\u0259r x\u0259st\u0259 idims\u0259, m\u0259ni niy\u0259 m\u00fcharib\u0259y\u0259 apar\u0131rd\u0131lar?&#8221;<\/em><\/strong><\/p>\n\n\n\n<p>\u201c<em>M\u00fcharib\u0259y\u0259 q\u0259d\u0259r s\u0259hh\u0259timd\u0259n \u015fikay\u0259tim olmay\u0131b. M\u00fcharib\u0259 vaxt\u0131 is\u0259 d\u0259f\u0259l\u0259rl\u0259 hospitala yerl\u0259\u015fdirilmi\u015f\u0259m. A\u011fcab\u0259di H\u0259rbi Komissarl\u0131\u011f\u0131 deyir ki, biz s\u0259ni m\u00fcharib\u0259y\u0259 sa\u011flam g\u00f6nd\u0259rmi\u015fdik. M\u00fcdafi\u0259 Nazirliyi is\u0259 deyir ki, s\u0259n el\u0259 x\u0259st\u0259 idin. \u018fg\u0259r x\u0259st\u0259 idims\u0259, m\u0259ni niy\u0259 m\u00fcharib\u0259y\u0259 apar\u0131rd\u0131lar?\u201d.<\/em><\/p>\n\n\n\n<p>Bunu Meydan TV-y\u0259 A\u011fcab\u0259dinin K\u0259hrizli k\u0259nd sakini, ke\u00e7mi\u015f d\u00f6y\u00fc\u015f\u00e7\u00fc S\u0259yyaf Mustafa o\u011flu \u018fs\u0259dov deyir.<\/p>\n\n\n<div class=\"wp-block-image\">\n<figure class=\"aligncenter size-large\"><img decoding=\"async\" width=\"1095\" height=\"821\" data-src=\"https:\/\/www.meydan.tv\/wp-content\/uploads\/img-20230623-wa0009-1095x821.jpg\" alt=\"\" class=\"wp-image-278210 lazyload\" src=\"data:image\/svg+xml;base64,PHN2ZyB3aWR0aD0iMSIgaGVpZ2h0PSIxIiB4bWxucz0iaHR0cDovL3d3dy53My5vcmcvMjAwMC9zdmciPjwvc3ZnPg==\" style=\"--smush-placeholder-width: 1095px; --smush-placeholder-aspect-ratio: 1095\/821;\" \/><\/figure>\n<\/div>\n\n\n<p>O bildirib ki, 44 g\u00fcnl\u00fck m\u00fcharib\u0259 zaman\u0131 s\u0259hh\u0259tind\u0259 probleml\u0259r yaran\u0131b:<\/p>\n\n\n\n<p>\u201c<em>M\u00fcharib\u0259 ba\u015flayanda d\u00f6y\u00fc\u015fl\u0259r\u0259 \u00e7a\u011f\u0131r\u0131ld\u0131m. \u0130lk olaraq Goranboyun Goran q\u0259s\u0259b\u0259sin\u0259 g\u00f6nd\u0259rildim. Boyum 155 santimetr, \u00e7\u0259kim d\u0259 49 kiloqramd\u0131r. \u00d6z\u00fcmd\u0259n a\u011f\u0131r h\u0259rbi silah-s\u00fcrsat g\u0259lirdi, onlar\u0131 anbara da\u015f\u0131y\u0131rd\u0131m. Sonra da d\u00f6y\u00fc\u015f b\u00f6lg\u0259sin\u0259 g\u00f6nd\u0259rm\u0259k \u00fc\u00e7\u00fcn t\u0259krar ma\u015f\u0131nlara da\u015f\u0131y\u0131rd\u0131m. Bir h\u0259ft\u0259 orada oldum. Daha sonra is\u0259 Z\u0259ngilan, Qubadl\u0131 v\u0259 La\u00e7\u0131n istiqam\u0259tind\u0259 ged\u0259n d\u00f6y\u00fc\u015fl\u0259rd\u0259 g\u00f6nd\u0259rdil\u0259r\u201d.<\/em><\/p>\n\n\n\n<p>S\u0259yyaf \u018fs\u0259dovun s\u00f6zl\u0259rin\u0259 g\u00f6r\u0259, m\u00fcharib\u0259y\u0259 q\u0259d\u0259r sa\u011flaml\u0131qla ba\u011fl\u0131 problemi, \u015fikay\u0259ti olmay\u0131b. <\/p>\n\n\n<div class=\"wp-block-image\">\n<figure class=\"aligncenter size-full\"><img decoding=\"async\" width=\"1200\" height=\"800\" data-src=\"https:\/\/www.meydan.tv\/wp-content\/uploads\/untitled-design-1-96.jpg\" alt=\"\" class=\"wp-image-278219 lazyload\" src=\"data:image\/svg+xml;base64,PHN2ZyB3aWR0aD0iMSIgaGVpZ2h0PSIxIiB4bWxucz0iaHR0cDovL3d3dy53My5vcmcvMjAwMC9zdmciPjwvc3ZnPg==\" style=\"--smush-placeholder-width: 1200px; --smush-placeholder-aspect-ratio: 1200\/800;\" \/><figcaption class=\"wp-element-caption\">S\u0259yyaf \u018fs\u0259dov<\/figcaption><\/figure>\n<\/div>\n\n\n<p>D\u00f6y\u00fc\u015fl\u0259r zaman\u0131 a\u011f\u0131r \u015f\u0259raitd\u0259 oldu\u011fu \u00fc\u00e7\u00fcn v\u0259ziyy\u0259ti pisl\u0259\u015fib:<\/p>\n\n\n\n<p><em>\u201cM\u00fcharib\u0259 vaxt\u0131 burnumdan qan g\u0259ldi, \u0259vv\u0259l fikir verm\u0259dim, sonradan hal\u0131m pisl\u0259\u015fdi, m\u0259ni G\u0259nc\u0259 H\u0259rbi Hospital\u0131na apard\u0131lar. Orada m\u0259ni q\u0259bul etm\u0259dil\u0259r. Bak\u0131ya Silahl\u0131 Q\u00fcvv\u0259l\u0259rin Ba\u015f Klinik Hospital\u0131na g\u0259tirdil\u0259r. Hospitalda on \u00fc\u00e7 g\u00fcn yatd\u0131m, h\u0259kiml\u0259r dedil\u0259r ki, talassemiyasan, t\u0259rxis olunmal\u0131san. Lakin buna baxmayaraq, m\u0259ni \u0259vv\u0259lc\u0259 Z\u0259ngilana daha sonra is\u0259 Qubadl\u0131 v\u0259 La\u00e7\u0131na g\u00f6nd\u0259rdil\u0259r. Qubadl\u0131da hal\u0131m yenid\u0259n pisl\u0259\u015fdi, m\u0259ni F\u00fczuli M\u00fcalic\u0259 Diaqnostika M\u0259rk\u0259zin\u0259 apard\u0131lar. Orada dedil\u0259r ki, s\u0259n buran\u0131n x\u0259st\u0259si deyils\u0259n, Bak\u0131ya apar\u0131lmal\u0131san. Bel\u0259c\u0259, x\u0259st\u0259 v\u0259ziyy\u0259td\u0259 d\u00f6y\u00fc\u015f b\u00f6lg\u0259sind\u0259 qald\u0131m. Yaln\u0131z dekabr\u0131n 7-d\u0259 prezidentin f\u0259rman\u0131ndan sonra t\u0259rxis olundum\u201d.<\/em><\/p>\n\n\n\n<figure class=\"wp-block-image size-large is-resized\"><img decoding=\"async\" data-src=\"https:\/\/www.meydan.tv\/wp-content\/uploads\/img-20230623-wa0006-538x821.jpg\" alt=\"\" class=\"wp-image-278222 lazyload\" width=\"798\" height=\"1218\" src=\"data:image\/svg+xml;base64,PHN2ZyB3aWR0aD0iMSIgaGVpZ2h0PSIxIiB4bWxucz0iaHR0cDovL3d3dy53My5vcmcvMjAwMC9zdmciPjwvc3ZnPg==\" style=\"--smush-placeholder-width: 798px; --smush-placeholder-aspect-ratio: 798\/1218;\" \/><\/figure>\n\n\n\n<p>S\u0259yyaf \u018fs\u0259dov deyir ki, t\u0259rxis olunandan sonra ona qoyulan diaqnozun yanl\u0131\u015f oldu\u011fu ortaya \u00e7\u0131x\u0131b.<\/p>\n\n\n\n<p>Elmi-T\u0259dqiqat Hematologiya v\u0259 Transfuziologiya \u0130nstitutunda m\u00fcayin\u0259l\u0259r zaman\u0131 ke\u00e7mi\u015f d\u00f6y\u00fc\u015f\u00e7\u00fcd\u0259 d\u00f6rd\u00fcnc\u00fc d\u0259r\u0259c\u0259li qaraciy\u0259r sirrozu a\u015fkarlan\u0131b.<\/p>\n\n\n\n<p>Talassemiya diqanozu qaraciy\u0259r sirrozu il\u0259 \u0259v\u0259zl\u0259nib, lakin M\u00fcsafi\u0259 Nazirliyinin M\u0259rk\u0259zi H\u0259rbi H\u0259kim Komissiyas\u0131n\u0131n aray\u0131\u015f\u0131nda s\u0259hh\u0259tind\u0259ki problemin m\u00fcharib\u0259 vaxt\u0131 yaranmad\u0131\u011f\u0131 qeyd edilib:<\/p>\n\n\n\n<figure class=\"wp-block-image size-large\"><img decoding=\"async\" width=\"1095\" height=\"821\" data-src=\"https:\/\/www.meydan.tv\/wp-content\/uploads\/img-20230623-wa0008-1095x821.jpg\" alt=\"\" class=\"wp-image-278207 lazyload\" src=\"data:image\/svg+xml;base64,PHN2ZyB3aWR0aD0iMSIgaGVpZ2h0PSIxIiB4bWxucz0iaHR0cDovL3d3dy53My5vcmcvMjAwMC9zdmciPjwvc3ZnPg==\" style=\"--smush-placeholder-width: 1095px; --smush-placeholder-aspect-ratio: 1095\/821;\" \/><\/figure>\n\n\n\n<p>\u201c<em>A\u011fcab\u0259di H\u0259rbi Komissarl\u0131\u011f\u0131 da deyir ki, m\u0259n s\u0259ni sa\u011flam g\u00f6nd\u0259rmi\u015fdim, orada x\u0259st\u0259l\u0259nmis\u0259n. Biri deyir ki, s\u0259n x\u0259st\u0259ydin, dig\u0259ri d\u0259 deyir ki, sa\u011flam idin. T\u0259k ist\u0259diyim odur ki, 27 ya\u015f\u0131mda \u00f6l\u00fcm\u0259yim\u0259 izin verm\u0259sinl\u0259r. 44 g\u00fcn v\u0259t\u0259n u\u011frunda d\u00f6y\u00fc\u015fm\u00fc\u015f\u0259m. M\u0259ni \u00f6lm\u0259y\u0259 qoymay\u0131n\u201d.<\/em><\/p>\n\n\n\n<p>Ke\u00e7mi\u015f d\u00f6y\u00fc\u015f\u00e7\u00fcy\u0259 qaraciy\u0259r k\u00f6\u00e7\u00fcr\u00fclm\u0259lidir.<\/p>\n\n\n\n<p>\u201c<em>M\u0259rk\u0259zi G\u00f6mr\u00fck Hospital\u0131nda m\u0259n\u0259 qaraciy\u0259ri k\u00f6\u00e7\u00fcr\u00fclm\u0259si m\u0259sl\u0259h\u0259t g\u00f6r\u00fcl\u00fcb. \u018fm\u0259liyyat\u0131n qiym\u0259ti \u0259lli min manatd\u0131r. Donor anamd\u0131r, lakin bizim bu q\u0259d\u0259r pulumuz yoxdur. Valideynl\u0259rim i\u015fl\u0259mir. Atam Mustafa \u018fs\u0259dov Birinci Qaraba\u011f d\u00f6y\u00fc\u015fl\u0259rind\u0259 aya\u011f\u0131ndan bir ne\u00e7\u0259 q\u0259lp\u0259 yaras\u0131 alm\u0131\u015fd\u0131. Ona \u0259llilik verilm\u0259diyi \u00fc\u00e7\u00fcn veteranl\u0131qdan da imtina etmi\u015fdi. Haz\u0131rda axsaya-axsaya yeriyir. \u00dc\u00e7 n\u0259f\u0259rd\u0259n ibar\u0259t ail\u0259 m\u0259n\u0259 veri\u0259n 80 manat veteran pulu il\u0259 dolan\u0131r. Prezident \u0130lham \u018fliyevd\u0259n m\u0259n\u0259 yard\u0131m edilm\u0259sini xahi\u015f edir\u0259m\u201d, &#8211; <\/em>S\u0259yyaf \u018fs\u0259dov deyir.<\/p>\n\n\n\n<p>M\u00fcdafi\u0259 Nazirliyinin m\u0259tbuat xidm\u0259tind\u0259n Meydan TV-nin m\u0259s\u0259l\u0259 il\u0259 \u0259laq\u0259dar sor\u011fusu cavabland\u0131r\u0131lmay\u0131b.<\/p>\n\n\n<div class=\"wp-block-image\">\n<figure class=\"aligncenter size-large\"><img decoding=\"async\" width=\"1095\" height=\"821\" data-src=\"https:\/\/www.meydan.tv\/wp-content\/uploads\/img-20230623-wa0010-1095x821.jpg\" alt=\"\" class=\"wp-image-278213 lazyload\" src=\"data:image\/svg+xml;base64,PHN2ZyB3aWR0aD0iMSIgaGVpZ2h0PSIxIiB4bWxucz0iaHR0cDovL3d3dy53My5vcmcvMjAwMC9zdmciPjwvc3ZnPg==\" style=\"--smush-placeholder-width: 1095px; --smush-placeholder-aspect-ratio: 1095\/821;\" \/><\/figure>\n<\/div>\n\n\n<p>S\u0259f\u0259rb\u0259rlik v\u0259 H\u0259rbi Xidm\u0259t\u0259 \u00c7a\u011f\u0131r\u0131\u015f \u00fczr\u0259 D\u00f6vl\u0259t Xidm\u0259tind\u0259n m\u00fcnasib\u0259t \u00f6yr\u0259nm\u0259k m\u00fcmk\u00fcn olmay\u0131b.<\/p>\n\n\n\n<p>\u201cYA\u015eAT&#8221;dan bildirilib ki, S\u0259rraf \u018fs\u0259dova \u0259llilik verilm\u0259diyi \u00fc\u00e7\u00fcn onun \u0259m\u0259liyyat\u0131 qar\u015f\u0131lanm\u0131r.<\/p>\n\n\n\n<p>\u018flav\u0259 olunub ki, v\u0259t\u0259nda\u015f\u0131n tibbi x\u0259rcl\u0259ri \u00fc\u00e7\u00fcn ona 2021-ci ild\u0259 2 500 manat, d\u0259rmanlar\u0131 \u00fc\u00e7\u00fcn 165 manat \u00f6d\u0259nilib.<\/p>\n\n\n\n<p>2022-ci ilin yanvar\u0131n 1-d\u0259n Az\u0259rbaycanda \u201c\u0130nsan orqan v\u0259 toxumalar\u0131n\u0131n donorlu\u011fu v\u0259 transplantasiyas\u0131 haqq\u0131nda\u201d Qanun q\u00fcvv\u0259y\u0259 minib.<\/p>\n\n\n\n<p>Orqan k\u00f6\u00e7\u00fcrm\u0259l\u0259ri icbari tibbi s\u0131\u011forta \u00fczr\u0259 xidm\u0259tl\u0259r z\u0259rfin\u0259 2022-ci ilin \u0259vv\u0259lind\u0259n sal\u0131n\u0131b.<\/p>\n","protected":false},"excerpt":{"rendered":"<p>&#8220;\u018fg\u0259r x\u0259st\u0259 idims\u0259, m\u0259ni niy\u0259 m\u00fcharib\u0259y\u0259 apar\u0131rd\u0131lar?&#8221; \u201cM\u00fcharib\u0259y\u0259 q\u0259d\u0259r s\u0259hh\u0259timd\u0259n &#8230; <\/p>\n<p class=\"read-more-container\"><a title=\"Qaraba\u011f d\u00f6y\u00fc\u015f\u00e7\u00fcs\u00fc \u0130lham \u018fliyevd\u0259n yard\u0131m ist\u0259yir\" class=\"read-more button\" href=\"https:\/\/www.meydan.tv\/az\/article\/qarabag-doyuscusu-ilham-eliyevden-yardim-isteyir\/#more-278237\" aria-label=\"Read more about Qaraba\u011f d\u00f6y\u00fc\u015f\u00e7\u00fcs\u00fc \u0130lham \u018fliyevd\u0259n yard\u0131m ist\u0259yir\">Davam\u0131<\/a><\/p>\n","protected":false},"author":8,"featured_media":278216,"comment_status":"closed","ping_status":"closed","sticky":false,"template":"","format":"standard","meta":{"_acf_changed":false,"_sitemap_exclude":false,"_sitemap_priority":"","_sitemap_frequency":"","footnotes":""},"categories":[60,56],"tags":[],"class_list":["post-278237","post","type-post","status-publish","format-standard","has-post-thumbnail","hentry","category-bolge","category-xeberler","infinite-scroll-item","generate-columns","tablet-grid-50","mobile-grid-100","grid-parent","grid-33","no-featured-image-padding"],"acf":[],"yoast_head":"<!-- This site is optimized with the Yoast SEO plugin v27.5 - https:\/\/yoast.com\/product\/yoast-seo-wordpress\/ -->\n<title>Qaraba\u011f d\u00f6y\u00fc\u015f\u00e7\u00fcs\u00fc \u0130lham \u018fliyevd\u0259n yard\u0131m ist\u0259yir - MEYDAN.TV<\/title>\n<meta name=\"robots\" content=\"index, follow, max-snippet:-1, max-image-preview:large, max-video-preview:-1\" \/>\n<link rel=\"canonical\" href=\"https:\/\/www.meydan.tv\/az\/article\/qarabag-doyuscusu-ilham-eliyevden-yardim-isteyir\/\" \/>\n<meta property=\"og:locale\" content=\"az_AZ\" \/>\n<meta property=\"og:type\" content=\"article\" \/>\n<meta property=\"og:title\" content=\"Qaraba\u011f d\u00f6y\u00fc\u015f\u00e7\u00fcs\u00fc \u0130lham \u018fliyevd\u0259n yard\u0131m ist\u0259yir - MEYDAN.TV\" \/>\n<meta property=\"og:description\" content=\"&#8220;\u018fg\u0259r x\u0259st\u0259 idims\u0259, m\u0259ni niy\u0259 m\u00fcharib\u0259y\u0259 apar\u0131rd\u0131lar?&#8221; \u201cM\u00fcharib\u0259y\u0259 q\u0259d\u0259r s\u0259hh\u0259timd\u0259n ... Davam\u0131\" \/>\n<meta property=\"og:url\" content=\"https:\/\/www.meydan.tv\/az\/article\/qarabag-doyuscusu-ilham-eliyevden-yardim-isteyir\/\" \/>\n<meta property=\"og:site_name\" content=\"MEYDAN.TV\" \/>\n<meta property=\"article:published_time\" content=\"2023-06-23T12:39:35+00:00\" \/>\n<meta property=\"article:modified_time\" content=\"2023-06-23T12:39:42+00:00\" \/>\n<meta property=\"og:image\" content=\"https:\/\/www.meydan.tv\/wp-content\/uploads\/untitled-design-149-e1687522619322.jpg\" \/>\n\t<meta property=\"og:image:width\" content=\"1200\" \/>\n\t<meta property=\"og:image:height\" content=\"549\" \/>\n\t<meta property=\"og:image:type\" content=\"image\/jpeg\" \/>\n<meta name=\"author\" content=\"elli\" \/>\n<meta name=\"twitter:card\" content=\"summary_large_image\" \/>\n<meta name=\"twitter:creator\" content=\"@elli\" \/>\n<script type=\"application\/ld+json\" class=\"yoast-schema-graph\">{\"@context\":\"https:\\\/\\\/schema.org\",\"@graph\":[{\"@type\":\"Article\",\"@id\":\"https:\\\/\\\/www.meydan.tv\\\/az\\\/article\\\/qarabag-doyuscusu-ilham-eliyevden-yardim-isteyir\\\/#article\",\"isPartOf\":{\"@id\":\"https:\\\/\\\/www.meydan.tv\\\/az\\\/article\\\/qarabag-doyuscusu-ilham-eliyevden-yardim-isteyir\\\/\"},\"author\":{\"name\":\"elli\",\"@id\":\"https:\\\/\\\/www.meydan.tv\\\/az\\\/#\\\/schema\\\/person\\\/9cdbecf90d17180ce1dfbd95b08dcf47\"},\"headline\":\"Qaraba\u011f d\u00f6y\u00fc\u015f\u00e7\u00fcs\u00fc \u0130lham \u018fliyevd\u0259n yard\u0131m ist\u0259yir\",\"datePublished\":\"2023-06-23T12:39:35+00:00\",\"dateModified\":\"2023-06-23T12:39:42+00:00\",\"mainEntityOfPage\":{\"@id\":\"https:\\\/\\\/www.meydan.tv\\\/az\\\/article\\\/qarabag-doyuscusu-ilham-eliyevden-yardim-isteyir\\\/\"},\"wordCount\":851,\"publisher\":{\"@id\":\"https:\\\/\\\/www.meydan.tv\\\/az\\\/#organization\"},\"image\":{\"@id\":\"https:\\\/\\\/www.meydan.tv\\\/az\\\/article\\\/qarabag-doyuscusu-ilham-eliyevden-yardim-isteyir\\\/#primaryimage\"},\"thumbnailUrl\":\"https:\\\/\\\/www.meydan.tv\\\/wp-content\\\/uploads\\\/untitled-design-149-e1687522619322.jpg\",\"articleSection\":[\"B\u00f6lg\u0259\",\"X\u0259b\u0259rl\u0259r\"],\"inLanguage\":\"az\"},{\"@type\":\"WebPage\",\"@id\":\"https:\\\/\\\/www.meydan.tv\\\/az\\\/article\\\/qarabag-doyuscusu-ilham-eliyevden-yardim-isteyir\\\/\",\"url\":\"https:\\\/\\\/www.meydan.tv\\\/az\\\/article\\\/qarabag-doyuscusu-ilham-eliyevden-yardim-isteyir\\\/\",\"name\":\"Qaraba\u011f d\u00f6y\u00fc\u015f\u00e7\u00fcs\u00fc \u0130lham \u018fliyevd\u0259n yard\u0131m ist\u0259yir - MEYDAN.TV\",\"isPartOf\":{\"@id\":\"https:\\\/\\\/www.meydan.tv\\\/az\\\/#website\"},\"primaryImageOfPage\":{\"@id\":\"https:\\\/\\\/www.meydan.tv\\\/az\\\/article\\\/qarabag-doyuscusu-ilham-eliyevden-yardim-isteyir\\\/#primaryimage\"},\"image\":{\"@id\":\"https:\\\/\\\/www.meydan.tv\\\/az\\\/article\\\/qarabag-doyuscusu-ilham-eliyevden-yardim-isteyir\\\/#primaryimage\"},\"thumbnailUrl\":\"https:\\\/\\\/www.meydan.tv\\\/wp-content\\\/uploads\\\/untitled-design-149-e1687522619322.jpg\",\"datePublished\":\"2023-06-23T12:39:35+00:00\",\"dateModified\":\"2023-06-23T12:39:42+00:00\",\"breadcrumb\":{\"@id\":\"https:\\\/\\\/www.meydan.tv\\\/az\\\/article\\\/qarabag-doyuscusu-ilham-eliyevden-yardim-isteyir\\\/#breadcrumb\"},\"inLanguage\":\"az\",\"potentialAction\":[{\"@type\":\"ReadAction\",\"target\":[\"https:\\\/\\\/www.meydan.tv\\\/az\\\/article\\\/qarabag-doyuscusu-ilham-eliyevden-yardim-isteyir\\\/\"]}]},{\"@type\":\"ImageObject\",\"inLanguage\":\"az\",\"@id\":\"https:\\\/\\\/www.meydan.tv\\\/az\\\/article\\\/qarabag-doyuscusu-ilham-eliyevden-yardim-isteyir\\\/#primaryimage\",\"url\":\"https:\\\/\\\/www.meydan.tv\\\/wp-content\\\/uploads\\\/untitled-design-149-e1687522619322.jpg\",\"contentUrl\":\"https:\\\/\\\/www.meydan.tv\\\/wp-content\\\/uploads\\\/untitled-design-149-e1687522619322.jpg\",\"width\":1200,\"height\":549,\"caption\":\"S\u0259yyaf \u018fs\u0259dov v\u0259 valideynl\u0259ri. Fotolar: Meydan TV\"},{\"@type\":\"BreadcrumbList\",\"@id\":\"https:\\\/\\\/www.meydan.tv\\\/az\\\/article\\\/qarabag-doyuscusu-ilham-eliyevden-yardim-isteyir\\\/#breadcrumb\",\"itemListElement\":[{\"@type\":\"ListItem\",\"position\":1,\"name\":\"Ana s\u0259hif\u0259\",\"item\":\"https:\\\/\\\/www.meydan.tv\\\/az\\\/\"},{\"@type\":\"ListItem\",\"position\":2,\"name\":\"B\u00f6lg\u0259\",\"item\":\"https:\\\/\\\/www.meydan.tv\\\/az\\\/section\\\/bolge\\\/\"},{\"@type\":\"ListItem\",\"position\":3,\"name\":\"Qaraba\u011f d\u00f6y\u00fc\u015f\u00e7\u00fcs\u00fc \u0130lham \u018fliyevd\u0259n yard\u0131m ist\u0259yir\"}]},{\"@type\":\"WebSite\",\"@id\":\"https:\\\/\\\/www.meydan.tv\\\/az\\\/#website\",\"url\":\"https:\\\/\\\/www.meydan.tv\\\/az\\\/\",\"name\":\"MEYDAN.TV\",\"description\":\"Meydan TV Az\u0259rbaycan\u0131n media m\u0259kan\u0131ndak\u0131 alternativ s\u0259sidir\",\"publisher\":{\"@id\":\"https:\\\/\\\/www.meydan.tv\\\/az\\\/#organization\"},\"potentialAction\":[{\"@type\":\"SearchAction\",\"target\":{\"@type\":\"EntryPoint\",\"urlTemplate\":\"https:\\\/\\\/www.meydan.tv\\\/az\\\/?s={search_term_string}\"},\"query-input\":{\"@type\":\"PropertyValueSpecification\",\"valueRequired\":true,\"valueName\":\"search_term_string\"}}],\"inLanguage\":\"az\"},{\"@type\":\"Organization\",\"@id\":\"https:\\\/\\\/www.meydan.tv\\\/az\\\/#organization\",\"name\":\"Meydan TV\",\"url\":\"https:\\\/\\\/www.meydan.tv\\\/az\\\/\",\"logo\":{\"@type\":\"ImageObject\",\"inLanguage\":\"az\",\"@id\":\"https:\\\/\\\/www.meydan.tv\\\/az\\\/#\\\/schema\\\/logo\\\/image\\\/\",\"url\":\"https:\\\/\\\/www.meydan.tv\\\/wp-content\\\/uploads\\\/2021\\\/07\\\/meydan-logo.svg\",\"contentUrl\":\"https:\\\/\\\/www.meydan.tv\\\/wp-content\\\/uploads\\\/2021\\\/07\\\/meydan-logo.svg\",\"width\":195,\"height\":46,\"caption\":\"Meydan TV\"},\"image\":{\"@id\":\"https:\\\/\\\/www.meydan.tv\\\/az\\\/#\\\/schema\\\/logo\\\/image\\\/\"}},{\"@type\":\"Person\",\"@id\":\"https:\\\/\\\/www.meydan.tv\\\/az\\\/#\\\/schema\\\/person\\\/9cdbecf90d17180ce1dfbd95b08dcf47\",\"name\":\"elli\",\"sameAs\":[\"https:\\\/\\\/x.com\\\/elli\"]}]}<\/script>\n<!-- \/ Yoast SEO plugin. -->","yoast_head_json":{"title":"Qaraba\u011f d\u00f6y\u00fc\u015f\u00e7\u00fcs\u00fc \u0130lham \u018fliyevd\u0259n yard\u0131m ist\u0259yir - MEYDAN.TV","robots":{"index":"index","follow":"follow","max-snippet":"max-snippet:-1","max-image-preview":"max-image-preview:large","max-video-preview":"max-video-preview:-1"},"canonical":"https:\/\/www.meydan.tv\/az\/article\/qarabag-doyuscusu-ilham-eliyevden-yardim-isteyir\/","og_locale":"az_AZ","og_type":"article","og_title":"Qaraba\u011f d\u00f6y\u00fc\u015f\u00e7\u00fcs\u00fc \u0130lham \u018fliyevd\u0259n yard\u0131m ist\u0259yir - MEYDAN.TV","og_description":"&#8220;\u018fg\u0259r x\u0259st\u0259 idims\u0259, m\u0259ni niy\u0259 m\u00fcharib\u0259y\u0259 apar\u0131rd\u0131lar?&#8221; \u201cM\u00fcharib\u0259y\u0259 q\u0259d\u0259r s\u0259hh\u0259timd\u0259n ... Davam\u0131","og_url":"https:\/\/www.meydan.tv\/az\/article\/qarabag-doyuscusu-ilham-eliyevden-yardim-isteyir\/","og_site_name":"MEYDAN.TV","article_published_time":"2023-06-23T12:39:35+00:00","article_modified_time":"2023-06-23T12:39:42+00:00","og_image":[{"width":1200,"height":549,"url":"https:\/\/www.meydan.tv\/wp-content\/uploads\/untitled-design-149-e1687522619322.jpg","type":"image\/jpeg"}],"author":"elli","twitter_card":"summary_large_image","twitter_creator":"@elli","schema":{"@context":"https:\/\/schema.org","@graph":[{"@type":"Article","@id":"https:\/\/www.meydan.tv\/az\/article\/qarabag-doyuscusu-ilham-eliyevden-yardim-isteyir\/#article","isPartOf":{"@id":"https:\/\/www.meydan.tv\/az\/article\/qarabag-doyuscusu-ilham-eliyevden-yardim-isteyir\/"},"author":{"name":"elli","@id":"https:\/\/www.meydan.tv\/az\/#\/schema\/person\/9cdbecf90d17180ce1dfbd95b08dcf47"},"headline":"Qaraba\u011f d\u00f6y\u00fc\u015f\u00e7\u00fcs\u00fc \u0130lham \u018fliyevd\u0259n yard\u0131m ist\u0259yir","datePublished":"2023-06-23T12:39:35+00:00","dateModified":"2023-06-23T12:39:42+00:00","mainEntityOfPage":{"@id":"https:\/\/www.meydan.tv\/az\/article\/qarabag-doyuscusu-ilham-eliyevden-yardim-isteyir\/"},"wordCount":851,"publisher":{"@id":"https:\/\/www.meydan.tv\/az\/#organization"},"image":{"@id":"https:\/\/www.meydan.tv\/az\/article\/qarabag-doyuscusu-ilham-eliyevden-yardim-isteyir\/#primaryimage"},"thumbnailUrl":"https:\/\/www.meydan.tv\/wp-content\/uploads\/untitled-design-149-e1687522619322.jpg","articleSection":["B\u00f6lg\u0259","X\u0259b\u0259rl\u0259r"],"inLanguage":"az"},{"@type":"WebPage","@id":"https:\/\/www.meydan.tv\/az\/article\/qarabag-doyuscusu-ilham-eliyevden-yardim-isteyir\/","url":"https:\/\/www.meydan.tv\/az\/article\/qarabag-doyuscusu-ilham-eliyevden-yardim-isteyir\/","name":"Qaraba\u011f d\u00f6y\u00fc\u015f\u00e7\u00fcs\u00fc \u0130lham \u018fliyevd\u0259n yard\u0131m ist\u0259yir - MEYDAN.TV","isPartOf":{"@id":"https:\/\/www.meydan.tv\/az\/#website"},"primaryImageOfPage":{"@id":"https:\/\/www.meydan.tv\/az\/article\/qarabag-doyuscusu-ilham-eliyevden-yardim-isteyir\/#primaryimage"},"image":{"@id":"https:\/\/www.meydan.tv\/az\/article\/qarabag-doyuscusu-ilham-eliyevden-yardim-isteyir\/#primaryimage"},"thumbnailUrl":"https:\/\/www.meydan.tv\/wp-content\/uploads\/untitled-design-149-e1687522619322.jpg","datePublished":"2023-06-23T12:39:35+00:00","dateModified":"2023-06-23T12:39:42+00:00","breadcrumb":{"@id":"https:\/\/www.meydan.tv\/az\/article\/qarabag-doyuscusu-ilham-eliyevden-yardim-isteyir\/#breadcrumb"},"inLanguage":"az","potentialAction":[{"@type":"ReadAction","target":["https:\/\/www.meydan.tv\/az\/article\/qarabag-doyuscusu-ilham-eliyevden-yardim-isteyir\/"]}]},{"@type":"ImageObject","inLanguage":"az","@id":"https:\/\/www.meydan.tv\/az\/article\/qarabag-doyuscusu-ilham-eliyevden-yardim-isteyir\/#primaryimage","url":"https:\/\/www.meydan.tv\/wp-content\/uploads\/untitled-design-149-e1687522619322.jpg","contentUrl":"https:\/\/www.meydan.tv\/wp-content\/uploads\/untitled-design-149-e1687522619322.jpg","width":1200,"height":549,"caption":"S\u0259yyaf \u018fs\u0259dov v\u0259 valideynl\u0259ri. Fotolar: Meydan TV"},{"@type":"BreadcrumbList","@id":"https:\/\/www.meydan.tv\/az\/article\/qarabag-doyuscusu-ilham-eliyevden-yardim-isteyir\/#breadcrumb","itemListElement":[{"@type":"ListItem","position":1,"name":"Ana s\u0259hif\u0259","item":"https:\/\/www.meydan.tv\/az\/"},{"@type":"ListItem","position":2,"name":"B\u00f6lg\u0259","item":"https:\/\/www.meydan.tv\/az\/section\/bolge\/"},{"@type":"ListItem","position":3,"name":"Qaraba\u011f d\u00f6y\u00fc\u015f\u00e7\u00fcs\u00fc \u0130lham \u018fliyevd\u0259n yard\u0131m ist\u0259yir"}]},{"@type":"WebSite","@id":"https:\/\/www.meydan.tv\/az\/#website","url":"https:\/\/www.meydan.tv\/az\/","name":"MEYDAN.TV","description":"Meydan TV Az\u0259rbaycan\u0131n media m\u0259kan\u0131ndak\u0131 alternativ s\u0259sidir","publisher":{"@id":"https:\/\/www.meydan.tv\/az\/#organization"},"potentialAction":[{"@type":"SearchAction","target":{"@type":"EntryPoint","urlTemplate":"https:\/\/www.meydan.tv\/az\/?s={search_term_string}"},"query-input":{"@type":"PropertyValueSpecification","valueRequired":true,"valueName":"search_term_string"}}],"inLanguage":"az"},{"@type":"Organization","@id":"https:\/\/www.meydan.tv\/az\/#organization","name":"Meydan TV","url":"https:\/\/www.meydan.tv\/az\/","logo":{"@type":"ImageObject","inLanguage":"az","@id":"https:\/\/www.meydan.tv\/az\/#\/schema\/logo\/image\/","url":"https:\/\/www.meydan.tv\/wp-content\/uploads\/2021\/07\/meydan-logo.svg","contentUrl":"https:\/\/www.meydan.tv\/wp-content\/uploads\/2021\/07\/meydan-logo.svg","width":195,"height":46,"caption":"Meydan TV"},"image":{"@id":"https:\/\/www.meydan.tv\/az\/#\/schema\/logo\/image\/"}},{"@type":"Person","@id":"https:\/\/www.meydan.tv\/az\/#\/schema\/person\/9cdbecf90d17180ce1dfbd95b08dcf47","name":"elli","sameAs":["https:\/\/x.com\/elli"]}]}},"_links":{"self":[{"href":"https:\/\/www.meydan.tv\/az\/wp-json\/wp\/v2\/posts\/278237","targetHints":{"allow":["GET"]}}],"collection":[{"href":"https:\/\/www.meydan.tv\/az\/wp-json\/wp\/v2\/posts"}],"about":[{"href":"https:\/\/www.meydan.tv\/az\/wp-json\/wp\/v2\/types\/post"}],"author":[{"embeddable":true,"href":"https:\/\/www.meydan.tv\/az\/wp-json\/wp\/v2\/users\/8"}],"replies":[{"embeddable":true,"href":"https:\/\/www.meydan.tv\/az\/wp-json\/wp\/v2\/comments?post=278237"}],"version-history":[{"count":1,"href":"https:\/\/www.meydan.tv\/az\/wp-json\/wp\/v2\/posts\/278237\/revisions"}],"predecessor-version":[{"id":278238,"href":"https:\/\/www.meydan.tv\/az\/wp-json\/wp\/v2\/posts\/278237\/revisions\/278238"}],"wp:featuredmedia":[{"embeddable":true,"href":"https:\/\/www.meydan.tv\/az\/wp-json\/wp\/v2\/media\/278216"}],"wp:attachment":[{"href":"https:\/\/www.meydan.tv\/az\/wp-json\/wp\/v2\/media?parent=278237"}],"wp:term":[{"taxonomy":"category","embeddable":true,"href":"https:\/\/www.meydan.tv\/az\/wp-json\/wp\/v2\/categories?post=278237"},{"taxonomy":"post_tag","embeddable":true,"href":"https:\/\/www.meydan.tv\/az\/wp-json\/wp\/v2\/tags?post=278237"}],"curies":[{"name":"wp","href":"https:\/\/api.w.org\/{rel}","templated":true}]}}