{"id":277857,"date":"2023-06-20T15:40:49","date_gmt":"2023-06-20T11:40:49","guid":{"rendered":"https:\/\/www.meydan.tv\/?p=277857"},"modified":"2023-06-20T15:40:54","modified_gmt":"2023-06-20T11:40:54","slug":"siyasi-qetller-onlarin-coxu-eliyevlerin-hakimiyyeti-dovrunde-bas-verib","status":"publish","type":"post","link":"https:\/\/www.meydan.tv\/az\/article\/siyasi-qetller-onlarin-coxu-eliyevlerin-hakimiyyeti-dovrunde-bas-verib\/","title":{"rendered":"Siyasi q\u0259tll\u0259r: Onlar\u0131n \u00e7oxu \u018fliyevl\u0259rin hakimiyy\u0259ti d\u00f6vr\u00fcnd\u0259 ba\u015f verib"},"content":{"rendered":"\n<p><\/p>\n\n\n\n<p><strong><em>S\u0259s-k\u00fcyl\u00fc q\u0259tll\u0259rin \u0259ks\u0259riyy\u0259tinin \u00fcst\u00fc a\u00e7\u0131lmay\u0131b<\/em><\/strong><\/p>\n\n\n\n<p>Az\u0259rbaycan m\u00fcst\u0259qilliyini b\u0259rpa etdikd\u0259n sonra \u00f6lk\u0259d\u0259 \u00e7oxsayl\u0131 siyas\u0131 q\u0259tll\u0259r t\u00f6r\u0259dilib.<br>X\u00fcsusil\u0259 90-c\u0131 ill\u0259r siyasi h\u0259bsl\u0259r, \u00e7evrili\u015fl\u0259r, hakimiyy\u0259t d\u0259yi\u015fiklikl\u0259ri, m\u00fcharib\u0259 il\u0259 yadda qald\u0131\u011f\u0131 kimi, h\u0259m d\u0259 siyasi q\u0259tll\u0259rl\u0259 yadda\u015flarda iz burax\u0131b. Bu q\u0259tll\u0259rin b\u00f6y\u00fck hiss\u0259si Heyd\u0259r \u018fliyevin hakimiyy\u0259td\u0259 oldu\u011fu d\u00f6vr\u0259 t\u0259sad\u00fcf edir. Ancaq n\u0259 h\u0259min d\u00f6vrd\u0259, n\u0259 d\u0259 o\u011ful \u018fliyevin prezidentliyi ill\u0259rind\u0259 ba\u015f ver\u0259n bu siyasi q\u0259tll\u0259rin \u00fcst\u00fc a\u00e7\u0131l\u0131b.<\/p>\n\n\n\n<p><strong>Xanbabayevin \u00f6l\u00fcm\u00fc il\u0259 ba\u015flayan q\u0259tll\u0259r&#8230;<\/strong><\/p>\n\n\n\n<p>Az\u0259rbaycanda bu d\u00f6vr\u00fcn ilk s\u0259s-k\u00fcyl\u00fc siyasi q\u0259tli 1990-c\u0131 il may\u0131n 30-da ba\u015f verib &#8211; M\u0259tbuat \u0130\u015fl\u0259ri \u00fczr\u0259 D\u00f6vl\u0259t Komit\u0259si s\u0259drinin m\u00fcavini, \u201cAz\u0259rn\u0259\u015fr\u201din direktoru, jurnalist \u018fjd\u0259r Xanbabayev \u015f\u0259xsi avtomobilind\u0259 g\u00fcll\u0259l\u0259nib. \u018fjd\u0259r Xanbabayev \u201cSema\u015fko\u201d ad\u0131na x\u0259st\u0259xanaya \u00e7atd\u0131r\u0131lsa da, xilas etm\u0259k m\u00fcmk\u00fcn olmay\u0131b.<\/p>\n\n\n\n<p>Zaman-zaman onun \u00f6l\u00fcm\u00fc il\u0259 ba\u011fl\u0131 m\u00fcxt\u0259lif iddialar s\u0259sl\u0259ndirilib. Az\u0259rbaycan\u0131n Ukraynadak\u0131 ke\u00e7mi\u015f s\u0259firi, sabiq deputat v\u0259 yaz\u0131\u00e7\u0131-publisist Elmira Axundova onun \u00f6l\u00fcm\u00fc il\u0259 ba\u011fl\u0131 kitab\u0131nda yaz\u0131rd\u0131:<\/p>\n\n\n\n<p><em>\u201c\u018fjd\u0259r Xanbabayevi, \u018fliyevi qorxutmaq v\u0259 onun Bak\u0131ya g\u0259li\u015finin qar\u015f\u0131s\u0131n\u0131 almaq \u00fc\u00e7\u00fcn q\u0259tl\u0259 yetiribl\u0259r. M\u0259hz Xanbabayev 1990-c\u0131 il iyunun 1-d\u0259 Heyd\u0259r \u018fliyevin paytaxta g\u0259li\u015fini haz\u0131rlay\u0131r v\u0259 onun, hakimiyy\u0259t m\u0259s\u0259l\u0259sinin h\u0259ll olundu\u011fu Respublika Kommunist Partiyas\u0131n\u0131n XXXII qurultay\u0131nda i\u015ftirak\u0131nda t\u0259kid edirdi. \u018fg\u0259r \u018fliyev o qurultayda i\u015ftirak ed\u0259rdis\u0259 (o is\u0259 Nax\u00e7\u0131vandan deputat se\u00e7ilmi\u015fdi), ola bil\u0259r ki, \u201ck\u00f6hn\u0259 qvardiya\u201d M\u00fct\u0259llibovu deyil, m\u0259hz \u018fliyevi M\u0259rk\u0259zi Komit\u0259nin birinci katibi se\u00e7\u0259c\u0259kdi. O zaman Az\u0259rbaycan\u0131n \u0259n m\u00fcasir tarixi f\u0259rqli c\u00fcr inki\u015faf ed\u0259rdi\u201d, &#8211; 1992-ci il noyabr\u0131n 2-d\u0259 Heyd\u0259r \u018fliyev Nax\u00e7\u0131van MR-in Ali M\u0259clisinin s\u0259dri olark\u0259n \u00e7\u0131x\u0131\u015f\u0131nda bildirmi\u015fdi \u2013 \u201cXanbabayevi, m\u0259ni qorxutmaq v\u0259 Az\u0259rbaycana g\u0259li\u015fim\u0259 mane olmaq \u00fc\u00e7\u00fcn q\u0259tl\u0259 yetirdil\u0259r\u201d.<\/em><\/p>\n\n\n\n<p>Cinay\u0259td\u0259n bir g\u00fcn sonra Bak\u0131 \u015e\u0259h\u0259r Prokurorlu\u011funda cinay\u0259t i\u015fi ba\u015flan\u0131b. Lakin cinay\u0259t i\u015finin materiallar\u0131na \u0259sas\u0259n, prokurorluq \u00e7oxsayl\u0131 versiya aras\u0131ndan \u201cm\u0259i\u015f\u0259t\u201d m\u00f6vzusunun &#8211; y\u0259ni qisas, yaxud q\u0131sqancl\u0131q z\u0259minind\u0259 q\u0259tl versiyas\u0131 \u00fcz\u0259rind\u0259 dayan\u0131b.<br>1991-ci il yanvar\u0131n 30-da Bak\u0131 \u015e\u0259h\u0259r Prokurorlu\u011funun b\u00f6y\u00fck m\u00fcst\u0259ntiqi Q.\u018flixanov ilkin istintaq\u0131n dayand\u0131r\u0131ld\u0131\u011f\u0131n\u0131 bildirib:<\/p>\n\n\n\n<p><em>\u201cCinay\u0259ti t\u00f6r\u0259tmi\u015f \u015f\u0259xsin m\u00fc\u0259yy\u0259n edilm\u0259m\u0259si s\u0259b\u0259bind\u0259n 44808 sayl\u0131 cinay\u0259t i\u015fi \u00fczr\u0259 ilkin istintaq dayand\u0131r\u0131ls\u0131n\u201d.<\/em><\/p>\n\n\n\n<p>Heyd\u0259r \u018fliyev iqtidara g\u0259l\u0259nd\u0259n sonra i\u015fin \u00fcst\u00fc a\u00e7\u0131l\u0131b. 1995-ci il may\u0131n 18-d\u0259 istintaq qrupu yarad\u0131l\u0131b. \u0130stintaq qrupu m\u00fc\u0259yy\u0259n edib ki, may\u0131n 30-da o d\u00f6n\u0259min D\u00f6vl\u0259t T\u0259hl\u00fck\u0259sizliyi Komit\u0259sinin (DTK) \u015fefi Vaqif H\u00fcseynova H.\u018fliyevin g\u0259li\u015fi haqq\u0131nda m\u0259lumatlar t\u0259qdim olunur. H\u0259min g\u00fcn Xanbabayevin izl\u0259nm\u0259si g\u00fccl\u0259ndirilir. Lakin istintaq materiallar\u0131ndan ayd\u0131n olur ki, daxili normativ t\u0259limatlar\u0131n\u0131n t\u0259l\u0259bl\u0259rin\u0259 zidd olaraq, DTK s\u0259dri he\u00e7 bir xidm\u0259ti ara\u015fd\u0131rma aparm\u0131r.<\/p>\n\n\n\n<p>Bundan ba\u015fqa, \u018f.Xanbabayevin q\u0259tlind\u0259n sonra bu cinay\u0259tin a\u00e7\u0131lmas\u0131 il\u0259 ba\u011fl\u0131 yard\u0131m g\u00f6st\u0259rilm\u0259sin\u0259 dair Daxili \u0130\u015fl\u0259r Nazirliyind\u0259n komit\u0259y\u0259 m\u0259ktub daxil olsa da, V.H\u00fcseynov he\u00e7 bir t\u0259dbir g\u00f6rm\u00fcr. 1996-c\u0131 il yanvar\u0131n 17-d\u0259 b\u00f6y\u00fck m\u00fcst\u0259ntiq A.\u018fhm\u0259dov DTK-n\u0131n ke\u00e7mi\u015f s\u0259dri V.H\u00fcseynov bar\u0259sind\u0259 axtar\u0131\u015f elan edilm\u0259si bar\u0259d\u0259 q\u0259rar q\u0259bul edir v\u0259 onun h\u0259bsin\u0259 sanksiya verir. V.H\u00fcseynovun Rusiya \u0259razisind\u0259 gizl\u0259ndi m\u00fc\u0259yy\u0259nl\u0259\u015fdirilir. Bu m\u0259qs\u0259dl\u0259 Rusiya prokurorlu\u011funa sor\u011fular g\u00f6nd\u0259rilir. Bundan \u0259lav\u0259, 1995-ci il noyabr\u0131n 5-d\u0259 Milli M\u0259clisin \u00fczv\u00fc S.Babayevin deputat toxunulmazl\u0131\u011f\u0131n\u0131 l\u0259\u011fv edir. \u0130stintaq\u0131n versiyas\u0131na g\u00f6r\u0259, A.Xanbabayevin q\u0259tl\u0259 yetirilm\u0259sini T.Quliyev\u0259 m\u0259hz o sifari\u015f veribmi\u015f. Lakin S.Babayev a\u011f\u0131r x\u0259st\u0259l\u0259nir. El\u0259 h\u0259min il noyabr\u0131n 5-d\u0259 o h\u0259bs edilir. O, \u00f6z g\u00fcnah\u0131n\u0131 etiraf etm\u0259d\u0259n, h\u0259bsxana x\u0259st\u0259xanas\u0131nda v\u0259fat edir. Q\u0259tli icra ed\u0259n T.Quliyev is\u0259 \u0259n a\u011f\u0131r c\u0259zaya \u2013 g\u00fcll\u0259l\u0259nm\u0259y\u0259 m\u0259hkum edilir.<\/p>\n\n\n\n<p><strong>Mikay\u0131l G\u00f6z\u0259lovla Eldar Ba\u011f\u0131rovun m\u00fc\u0259mmal\u0131 q\u0259tli<\/strong><\/p>\n\n\n\n<p>1991-ci ilin dekabr\u0131nda is\u0259 m\u00fcst\u0259qilliyini yenic\u0259 elan ed\u0259n Az\u0259rbaycanda ilk v\u0259zif\u0259li \u015f\u0259xs siyasi q\u0259tlin qurban\u0131 olur. \u015eu\u015fa rayonunun icra ba\u015f\u00e7\u0131s\u0131 Mikay\u0131l G\u00f6z\u0259lov \u00f6z kabinetind\u0259 g\u00fcll\u0259l\u0259nir. Mikay\u0131l G\u00f6z\u0259lov 1988-ci ild\u0259 \u015eu\u015fa Rayon Xalq Deputatlar\u0131 Soveti \u0130craiyy\u0259 Komit\u0259sinin s\u0259dri se\u00e7ilir. 90-c\u0131 ill\u0259rd\u0259 alovlanan Da\u011fl\u0131q Qaraba\u011f m\u00fcnaqi\u015f\u0259si zaman\u0131 \u015eu\u015fan\u0131n erm\u0259nil\u0259r ya\u015fayan k\u0259ndl\u0259rinin azad edilm\u0259si \u0259m\u0259liyyat\u0131na r\u0259hb\u0259rlik edir. O, La\u00e7\u0131n-\u015eu\u015fa yolunun t\u0259hl\u00fck\u0259sizliyini t\u0259min ed\u0259nl\u0259rd\u0259n biri olub.<\/p>\n\n\n\n<p>Ayaz M\u00fct\u0259llibovun f\u0259rman\u0131na \u0259sas\u0259n, Mikay\u0131l G\u00f6z\u0259lov \u015eu\u015fa rayonunun icra ba\u015f\u00e7\u0131s\u0131 v\u0259zif\u0259sin\u0259 t\u0259yin olunur. \u0130cra ba\u015f\u00e7\u0131s\u0131 oldu\u011fu m\u00fcdd\u0259td\u0259 Xank\u0259ndid\u0259n qovulan \u0259hali \u00fc\u00e7\u00fcn \u015eu\u015fada q\u0259s\u0259b\u0259 sal\u0131r, \u015f\u0259h\u0259rin m\u00fcdafi\u0259sind\u0259 i\u015ftirak ed\u0259n 816 sayl\u0131 taborun qurucular\u0131ndan olur. H\u0259min ild\u0259 Mikay\u0131l G\u00f6z\u0259lovun da oldu\u011fu helikopter \u015eu\u015fa s\u0259mas\u0131nda vurulur, lakin o yaralanaraq sa\u011f qal\u0131r. <\/p>\n\n\n\n<p>1991-ci ilin sonlar\u0131nda erm\u0259ni silahl\u0131 birl\u0259\u015fm\u0259l\u0259rinin \u015eu\u015faya h\u00fccumlar\u0131 art\u0131r, \u015f\u0259h\u0259r fasil\u0259siz olaraq at\u0259\u015f\u0259 tutulur. H\u0259min il dekabr\u0131n 11-d\u0259 Mikay\u0131l G\u00f6z\u0259lov \u00f6z kabinetind\u0259 TTY ma\u015f\u0131n\u0131n\u0131n s\u00fcr\u00fcc\u00fcs\u00fc t\u0259r\u0259find\u0259n avtomat silahdan a\u00e7\u0131lan at\u0259\u015fl\u0259 q\u0259tl\u0259 yetirilir. Bundan sonra \u015eu\u015fan\u0131n i\u015f\u011fal\u0131na aparan yol s\u00fcr\u0259tl\u0259nir. Hadis\u0259d\u0259 t\u0259qsirl\u0259ndiril\u0259n \u015f\u0259xs m\u0259hk\u0259m\u0259d\u0259 q\u0259tlin s\u0259b\u0259bini demir. M\u0259hk\u0259m\u0259nin h\u00f6km\u00fc il\u0259 \u00f6m\u00fcrl\u00fck azadl\u0131qdan m\u0259hrum edil\u0259n E.\u0130brahimov 2019-cu ild\u0259 h\u0259bsxanada v\u0259fat edir. Q\u0259tlin hans\u0131 m\u0259qs\u0259dl\u0259 t\u00f6r\u0259dildiyi bu g\u00fcn d\u0259 m\u0259lum deyil.<\/p>\n\n\n\n<p>H\u0259min ilin dekabr\u0131nda \u00f6lk\u0259 daha bir q\u0259tll\u0259 \u00e7alxalan\u0131r. Ali Sovetin deputat\u0131, Az\u0259rbaycan Xalq C\u0259bh\u0259sinin A\u011fdam Rayon \u015e\u00f6b\u0259sinin s\u0259dri Eldar Ba\u011f\u0131rov Ali Sovetin iclas\u0131ndan qay\u0131dark\u0259n bac\u0131s\u0131n\u0131n ya\u015fad\u0131\u011f\u0131 evin qar\u015f\u0131s\u0131nda odlu silahdan a\u00e7\u0131lan at\u0259\u015fl\u0259 q\u0259tl\u0259 yetirilir. Eldar Ba\u011f\u0131rov 1988-ci ild\u0259 Da\u011fl\u0131q Qaraba\u011fda erm\u0259nil\u0259r t\u0259r\u0259find\u0259n qovulan az\u0259rbaycanl\u0131lar\u0131n yerl\u0259\u015fdirilm\u0259si, A\u011fdam\u0131n \u0259rzaq v\u0259 silah-sursatla t\u0259min edilm\u0259sind\u0259 b\u00f6y\u00fck rolu olan v\u0259 A\u011fdamda \u015f\u00f6hr\u0259t qazanan bir isim idi. Q\u0259tlin kiml\u0259r t\u0259r\u0259find\u0259n hans\u0131 m\u0259qs\u0259dl\u0259 t\u00f6r\u0259dildiyi bu g\u00fcn d\u0259 m\u0259lum deyil.<\/p>\n\n\n\n<p>Eldar Ba\u011f\u0131rov h\u0259m d\u0259 il \u0259rzind\u0259 q\u0259tl\u0259 yetiril\u0259n \u00fc\u00e7\u00fcnc\u00fc Ali Sovet deputat\u0131 idi (dig\u0259r ikisi m\u00fc\u0259mmal\u0131 hadis\u0259l\u0259r hiss\u0259sind\u0259).<\/p>\n\n\n\n<p><strong>Zabit q\u0259tll\u0259ri<\/strong><\/p>\n\n\n\n<p>1992-ci il h\u0259r n\u0259 q\u0259d\u0259r Az\u0259rbaycan \u00fc\u00e7\u00fcn hakimiyy\u0259t d\u0259yi\u015fiklikl\u0259ri il\u0259 yadda qalsa da, \u00f6lk\u0259d\u0259 siyasi q\u0259tll\u0259r ba\u015f verm\u0259di.<\/p>\n\n\n\n<p>1993-c\u00fc ilin \u0259vv\u0259lind\u0259n is\u0259 ard-arda zabitl\u0259rin q\u0259tli h\u0259yata ke\u00e7irildi. Yanvar\u0131n 2-d\u0259 Daxili \u0130\u015fl\u0259r Nazirliyinin \u015f\u00f6b\u0259 r\u0259isi \u018fl\u0259kb\u0259r \u018fsg\u0259rov q\u0259tl\u0259 yetirilir. Aprelin 26-da Bak\u0131 Ali H\u0259rbi D\u0259niz\u00e7ilik M\u0259kt\u0259binin r\u0259isi, kontr-admiral Eduard H\u00fcseynov ya\u015fad\u0131\u011f\u0131 binan\u0131n blokunda q\u0259tl\u0259 yetirilir. 2000-ci ild\u0259 Ba\u015f Prokurorluq r\u0259smi m\u0259lumat\u0131nda h\u0259r iki q\u0259tlin l\u0259\u011fv edil\u0259n X\u00fcsusi T\u0259yinatl\u0131 Milis (Polis) D\u0259st\u0259si (OM(P)ON) t\u0259r\u0259find\u0259n t\u00f6r\u0259dildiyini bildirdi. Q\u0259tlin \u201chakimiyy\u0259t u\u011frunda m\u00fcbariz\u0259\u201d namin\u0259 t\u00f6r\u0259dildiyi guman edilir.<\/p>\n\n\n\n<p><strong>Qat\u0131r M\u0259mm\u0259din m\u00fc\u0259mmal\u0131 \u00f6l\u00fcm\u00fc<\/strong><\/p>\n\n\n\n<p>H\u0259min ilin noyabr\u0131nda h\u0259m d\u0259 Bak\u0131 \u015e\u0259h\u0259r 1 n\u00f6mr\u0259li M\u0259rk\u0259zi Bazar\u0131n direktoru \u018fnv\u0259r M\u0259mm\u0259dov \u00f6ld\u00fcr\u00fcld\u00fc. Q\u0259tlin hans\u0131 s\u0259b\u0259bd\u0259n t\u00f6r\u0259dildiyi bug\u00fcn\u0259d\u0259k m\u0259lum deyil.<\/p>\n\n\n\n<p>1993-c\u00fc ilin \u0259n s\u0259s-k\u00fcyl\u00fc hadis\u0259si is\u0259 Qat\u0131r M\u0259mm\u0259d l\u0259q\u0259bli Yaqub Rzayevin h\u0259bsxanada m\u00fc\u0259mmal\u0131 \u015f\u0259raitd\u0259 \u00f6l\u00fcm\u00fc oldu. 90-c\u0131 ill\u0259rin tan\u0131nan isiml\u0259rind\u0259n biri &#8211; Hac\u0131 \u018fbd\u00fcl ill\u0259r sonra verdiyi m\u00fcsahib\u0259l\u0259rin birind\u0259 bildirmi\u015fdi ki, h\u0259bsd\u0259 oldu\u011fu g\u00fcnl\u0259rd\u0259 Yaqub Rzayevl\u0259 s\u00f6hb\u0259tl\u0259\u015fmi\u015fdi v\u0259 o, Qarank\u0259nd faci\u0259sind\u0259 AXC v\u0259 Tamerlan Qarayevin rolunun oldu\u011funu <a href=\"https:\/\/modern.az\/az\/news\/176100\/ayaz-muumltellibovdan-haci-ebduumlluumln-dediklerine-reaksiya-ldquoqarakendde-vertolyotu-qatir-memmedin-vurmasini-iddia-etmekrdquo.\" target=\"_blank\" rel=\"noreferrer noopener\">bildirmi\u015fdi<\/a>.<\/p>\n\n\n\n<p>Qat\u0131r M\u0259mm\u0259d \u0259sl\u0259n A\u011fdamdan idi v\u0259 Da\u011fl\u0131q Qaraba\u011f m\u00fcnaqi\u015f\u0259sinin alovland\u0131\u011f\u0131 ilk g\u00fcnl\u0259rd\u0259n m\u00fcharib\u0259d\u0259 i\u015ftirak edirdi. Batalyon komandiri olan Qat\u0131r M\u0259mm\u0259d h\u0259m d\u0259 Xocal\u0131 faci\u0259sinin ba\u015f verdiyi g\u00fcnl\u0259rd\u0259 hadis\u0259l\u0259rin episentrind\u0259 idi.<br>O, 1992-ci ilin noyabr\u0131nda Bak\u0131ya \u00e7a\u011f\u0131r\u0131l\u0131r v\u0259 h\u0259bs edilir. \u00d6l\u00fcm\u00fc il\u0259 ba\u011fl\u0131 m\u00fcxt\u0259lif verisiyalar s\u0259sl\u0259ns\u0259 d\u0259, \u00f6l\u00fcm\u00fcn\u00fcn d\u0259qiq s\u0259b\u0259bi m\u0259lum deyil.<\/p>\n\n\n\n<p><strong>Siyasi q\u0259tll\u0259rin miqyas\u0131 b\u00f6y\u00fcy\u00fcr<\/strong><\/p>\n\n\n\n<p>1993-c\u00fc ilin iyununda Heyd\u0259r \u018fliyevin hakimiyy\u0259t\u0259 g\u0259li\u015find\u0259n sonra siyasi motivli q\u0259tll\u0259rin miqyas\u0131 b\u00f6y\u00fcd\u00fc. 1994-c\u00fc il sentyabr\u0131n 29-da \u00f6lk\u0259 g\u00fcnd\u0259mi paralel \u015f\u0259kild\u0259 t\u00f6r\u0259dil\u0259n iki sui-q\u0259sd x\u0259b\u0259ri il\u0259 \u00e7alxaland\u0131. S\u0259h\u0259r saatlar\u0131nda Az\u0259rbaycan Ali Soveti s\u0259drinin m\u00fcavini, prezidentin m\u00fc\u015faviri Afiy\u0259ddin C\u0259lilov ya\u015fad\u0131\u011f\u0131 binan\u0131n blokunda \u00f6ld\u00fcr\u00fcld\u00fc. Bir m\u00fcdd\u0259t sonra is\u0259 Prezident yan\u0131nda X\u00fcsusi \u0130dar\u0259nin r\u0259isi, polkovnik \u015e\u0259msi R\u0259himov q\u0259tl\u0259 yetirildi. Afiy\u0259ddin C\u0259lilov v\u0259 \u015e\u0259msi R\u0259himovun q\u0259tli il\u0259 ba\u011fl\u0131 bu g\u00fcn\u0259d\u0259k m\u00fcxt\u0259lif versiyalar s\u0259sl\u0259ndirils\u0259 d\u0259, q\u0259tlin d\u0259qiq s\u0259b\u0259bi m\u0259lum deyil. Hadis\u0259d\u0259n bir g\u00fcn sonra OMON komandiri R\u00f6v\u015f\u0259n Cavadovun qarda\u015f\u0131 Mahir Cavadovun cang\u00fcd\u0259ni Fazil Famil o\u011flu Muxtarov h\u0259bs edildi. F.Muxtarov 11 il h\u0259bsxanada saxland\u0131qdan sonra 2005-ci ilin mart\u0131nda \u0130lham \u018fliyev t\u0259r\u0259find\u0259n \u0259fv edildi.<\/p>\n\n\n\n<p>1995-ci il d\u0259 \u00f6lk\u0259d\u0259 siyasi q\u0259tll\u0259 yadda qald\u0131. \u0130yunda \u015eahm\u0259rdan C\u0259f\u0259rov q\u0259tl\u0259 yetirildi. \u015eahm\u0259rdan C\u0259f\u0259rov Ali Sovetin deputat\u0131, S\u0259rh\u0259d Qo\u015funlar\u0131 \u0130dar\u0259sinin Nax\u00e7\u0131van S\u0259rh\u0259d D\u0259st\u0259sinin (indiki Nax\u00e7\u0131van \u018flahidd\u0259 S\u0259rh\u0259d Diviziyas\u0131) ke\u00e7mi\u015f komandiri idi. \u00d6l\u00fcm\u00fcnd\u0259n \u00fc\u00e7 h\u0259ft\u0259 \u0259vv\u0259l C\u0259f\u0259rov bar\u0259d\u0259 cinay\u0259t i\u015fi ba\u015flanm\u0131\u015fd\u0131 v\u0259 may\u0131n 30-da onun deputatl\u0131q toxunulmazl\u0131\u011f\u0131 l\u0259\u011fv olunmu\u015fdu.<\/p>\n\n\n\n<p>O, iyunun 17-d\u0259 K\u0259l\u0259kid\u0259n \u2014 eks-prezident \u018fb\u00fclf\u0259z El\u00e7ib\u0259yin yan\u0131ndan qay\u0131dark\u0259n Culfa rayonu yax\u0131nl\u0131\u011f\u0131nda yolda g\u00fcll\u0259l\u0259nir. Bundan sonra g\u00fcll\u0259 atan \u015f\u0259xsl\u0259r hadis\u0259 yerini t\u0259rk edir, m\u00fc\u0259yy\u0259n m\u00fcdd\u0259t sonra hadis\u0259 yerind\u0259 yaral\u0131 qalan \u015eahm\u0259rdan x\u0259st\u0259xanaya apar\u0131l\u0131r. C\u0259f\u0259rov iyunun 26-da x\u0259st\u0259xanadan \u00e7\u0131xar\u0131laraq Bak\u0131ya \u2014 \u015e\u00fcv\u0259landak\u0131 istintaq t\u0259cridxanas\u0131na k\u00f6\u00e7\u00fcr\u00fcl\u00fcr. Qarda\u015f\u0131 H\u00fcseynqulu C\u0259f\u0259rov oradak\u0131 dustaqlar\u0131n s\u00f6zl\u0259rin\u0259 \u0259saslanaraq, \u015eahm\u0259rdana iyunun 26-dan 29-na q\u0259d\u0259r i\u015fg\u0259nc\u0259l\u0259r verildiyini, iyunun 29-u y\u00fck ma\u015f\u0131n\u0131nda x\u0259st\u0259xanaya aparmaq ad\u0131 il\u0259 \u015f\u0259h\u0259rd\u0259 g\u0259zdirildiyini deyir. \u0130yunun 29-da ax\u015fam (\u201cAmnesty International\u201da \u0259sas\u0259n iyunun 29-dan 30-na ke\u00e7\u0259n gec\u0259) dustaqlar \u00fc\u00e7\u00fcn n\u0259z\u0259rd\u0259 tutulan hospitalda ald\u0131\u011f\u0131 x\u0259sar\u0259tl\u0259rd\u0259n v\u0259fat edir.<\/p>\n\n\n\n<p>1996-c\u0131 ilin fevral\u0131nda Milli M\u0259clisin deputat\u0131 \u018fli Ansuxski siyasi q\u0259tlin h\u0259d\u0259fi oldu. \u018fli Ansuxski Bak\u0131n\u0131n m\u0259rk\u0259zind\u0259 &#8211; Az\u0259rbaycan prospektind\u0259 yerl\u0259\u015f\u0259n evinin qar\u015f\u0131s\u0131nda m\u0259ruz qald\u0131\u011f\u0131 terror n\u0259tic\u0259sind\u0259 odlu silahla q\u0259tl\u0259 yetirilib. \u018f.Ansuxski deputatl\u0131qdan \u00f6nc\u0259 biznes f\u0259aliyy\u0259til\u0259 tan\u0131nm\u0131\u015fd\u0131. Q\u0259tlin motivl\u0259rinin bununla ba\u011fl\u0131 oldu\u011fu bildirilirs\u0259 d\u0259, hadis\u0259nin d\u0259qiq s\u0259b\u0259bi bu g\u00fcn\u0259d\u0259k m\u0259lum deyil.<\/p>\n\n\n\n<p><strong>Alim, ekstrasens, kriminalist \u00f6l\u00fcm\u00fc\u2026<\/strong><\/p>\n\n\n\n<p>1997-ci ild\u0259 m\u00fcst\u0259qil Az\u0259rbaycan\u0131n \u0259n s\u0259s-k\u00fcyl\u00fc q\u0259tli t\u00f6r\u0259dildi. H\u0259min ilin fevral\u0131nda Sovet \u0130ittifaq\u0131 Q\u0259hr\u0259man\u0131, \u015f\u0259rq\u015f\u00fcnas, akademik Ziya B\u00fcnyadov ya\u015fad\u0131\u011f\u0131 binadan \u00e7\u0131xark\u0259n b\u0131\u00e7aq v\u0259 odlu silahla q\u0259tl\u0259 yetirildi. Ziya B\u00fcnyadovun q\u0259tli Az\u0259rbaycan ictimaiyy\u0259tind\u0259 b\u00f6y\u00fck \u015fok yaratd\u0131. Prezidenti Heyd\u0259r \u018fliyev bunu \u201cAz\u0259rbaycan xalq\u0131 v\u0259 elmi \u00fc\u00e7\u00fcn b\u00f6y\u00fck itki\u201d adland\u0131rd\u0131.<\/p>\n\n\n\n<p>Apar\u0131lan istintaq i\u015finin n\u0259tic\u0259sin\u0259 g\u00f6r\u0259, cinay\u0259ti t\u00f6r\u0259tm\u0259kd\u0259 \u201cHizbullah\u201d v\u0259 \u201cCey\u015fullah\u201d t\u0259\u015fkilatlar\u0131na ba\u011fl\u0131 7 n\u0259f\u0259r t\u0259qsirkar hesab edildi. Onlardan Qalib Babayev q\u0259tlin \u0259sas icra\u00e7\u0131s\u0131 kimi t\u0259qdim olundu v\u0259 Az\u0259rbaycan\u2013\u0130ran s\u0259rh\u0259dind\u0259 \u00f6ld\u00fcr\u00fcld\u00fcy\u00fc bildirildi.<\/p>\n\n\n\n<p>Az\u0259rbaycan h\u00fcquq-m\u00fchafiz\u0259 orqanlar\u0131n\u0131n iddias\u0131na g\u00f6r\u0259, Ziya B\u00fcnyadov \u201cAlbaniya tarixi\u201d kitab\u0131na yazd\u0131\u011f\u0131 \u00f6n s\u00f6zd\u0259 \u0130slam dinini v\u0259 onun pey\u011f\u0259mb\u0259ri M\u0259h\u0259mm\u0259di t\u0259hqir edib, bu s\u0259b\u0259bd\u0259n d\u0259 \u0130ran m\u00fc\u015ft\u0259hidl\u0259ri onun \u00f6l\u00fcm\u00fcn\u0259 f\u0259tva verib. Buna baxmayaraq, ictimaiyy\u0259td\u0259 Ziya B\u00fcnyadovun q\u0259tli il\u0259 \u0259laq\u0259dar \u00e7oxlu iddialar yay\u0131lm\u0131\u015fd\u0131. \u0130ddialara g\u00f6r\u0259, Ziya B\u00fcnyadovun q\u0259tlinin s\u0259b\u0259bi onun Murtuz \u018fl\u0259sg\u0259rovun Milli M\u0259clisin spikeri t\u0259yin edilm\u0259sin\u0259 m\u00fcnasib\u0259ti, Milli Ordunu, h\u00f6kum\u0259ti, h\u0259tta Prezident Heyd\u0259r \u018fliyevi onlarla \u0259laq\u0259dar korrupsiya hallar\u0131n\u0131 if\u015fa ed\u0259c\u0259k s\u0259n\u0259dl\u0259ri yay\u0131mlamaqla h\u0259d\u0259l\u0259m\u0259si idi. Bu q\u0259tl\u0259 g\u00f6r\u0259 h\u0259bs olunanlar\u0131n \u0259slind\u0259, g\u00fcnahs\u0131z olmas\u0131, cinay\u0259tin \u0259slind\u0259, Daxili \u0130\u015fl\u0259r Nazirliyinin \u0259m\u0259kda\u015flar\u0131n\u0131n, o c\u00fcml\u0259d\u0259n ke\u00e7mi\u015f polis polkovnik-leytenant\u0131 Hac\u0131 M\u0259mm\u0259dovun d\u0259st\u0259si t\u0259r\u0259find\u0259n t\u00f6r\u0259dilm\u0259sil\u0259 ba\u011fl\u0131 da iddialar vard\u0131.<\/p>\n\n\n\n<p>1999-cu ild\u0259 \u00f6lk\u0259d\u0259 n\u00f6vb\u0259ti siyasi q\u0259tl ba\u015f verdi. Yanvar\u0131n 14-d\u0259 Az\u0259rbaycanda Xalq Bilicil\u0259ri v\u0259 Ekstrasensl\u0259ri \u0130ttifaq\u0131n\u0131n, Parapsixoligiya v\u0259 \u0130lahiyyat \u0130nstitutunun yarad\u0131c\u0131s\u0131, ekstrasens Etibar Erkin (M\u0259mm\u0259d\u0259liyev) v\u0259 iki o\u011flu Bay\u0131l q\u0259s\u0259b\u0259sind\u0259 yerl\u0259\u015f\u0259n evind\u0259 q\u0259tl\u0259 yetirildi. Ehtimal olunurdu ki, E.Erkinin q\u0259tlinin \u0259sas s\u0259b\u0259bi onun g\u00f6r\u00fcc\u00fcl\u00fck qabiliyy\u0259ti v\u0259 g\u00fccl\u00fc parapsixoloq olmas\u0131yla ba\u011fl\u0131d\u0131r. Ancaq m\u0259rhumun yax\u0131nlar\u0131 bu versiyan\u0131 inand\u0131r\u0131c\u0131 saym\u0131rd\u0131lar.<\/p>\n\n\n\n<p>Vaxtil\u0259 E.Erkinin \u00f6ld\u00fcr\u00fclm\u0259sinin \u00fcst\u00fcn\u00fc a\u00e7ma\u011fa yax\u0131n olan tan\u0131nm\u0131\u015f kriminalist R\u00f6v\u015f\u0259n \u018fliyevin q\u0259tlind\u0259n sonra bu bar\u0259d\u0259 dan\u0131\u015fmaq \u00e7oxu \u00fc\u00e7\u00fcn t\u0259hl\u00fck\u0259 m\u0259nb\u0259yi kimi g\u00f6r\u00fcn\u00fcr. Ekstrasensin q\u0259tlinin \u201cCey\u015fullah\u201d qrupla\u015fmas\u0131 t\u0259r\u0259find\u0259n h\u0259yata ke\u00e7irilm\u0259si versiyas\u0131 da ortaya at\u0131l\u0131b. O zaman bel\u0259 m\u0259lumatlar vard\u0131 idi ki, Etibar Erkini \u00f6ld\u00fcr\u0259n \u201cCey\u015fullah\u201d dini t\u0259\u015fkilat\u0131n\u0131n \u00fczv\u00fc ekstrasensi guya \u015feytani \u0259m\u0259ll\u0259rl\u0259 m\u0259\u015f\u011ful oldu\u011fu \u00fc\u00e7\u00fcn \u00f6ld\u00fcrd\u00fcy\u00fcn\u00fc elan edib. H\u0259min \u015f\u0259xs haz\u0131rda \u00f6m\u00fcrl\u00fck h\u0259bsd\u0259dir v\u0259 \u0259fv olunmaq \u00fc\u00e7\u00fcn bir ne\u00e7\u0259 d\u0259f\u0259 m\u00fcraci\u0259t edib.<\/p>\n\n\n\n<p>Haz\u0131rda Az\u0259rbaycan h\u0259bsxanalar\u0131nda \u201cCey\u015fullah\u201d\u0131n \u00fczv\u00fc olan xeyli m\u0259hbusun c\u0259za \u00e7\u0259kdiyi bildirilir.<\/p>\n\n\n\n<p>Daha sonra E.Erkinin q\u0259tlind\u0259 Hac\u0131 M\u0259mm\u0259dov qrupunun \u0259li olmas\u0131 il\u0259 ba\u011fl\u0131 versiyalar ortaya \u00e7\u0131xsa da, bu g\u00fcn\u0259 q\u0259d\u0259r dig\u0259r m\u00fc\u0259mmal\u0131 q\u0259tll\u0259rd\u0259 oldu\u011fu kimi bu i\u015fin d\u0259 istintaq\u0131 il\u0259 ba\u011fl\u0131 \u015f\u00fcbh\u0259l\u0259r qal\u0131r. Bu g\u00fcn d\u0259 ekstrasensin ger\u00e7\u0259k qatill\u0259rinin kimliyi sual alt\u0131ndad\u0131r. Ke\u00e7mi\u015f polis zabiti, akademik Ziya B\u00fcnyadovun q\u0259tlini ara\u015fd\u0131ran istintaq qrupunun \u00fczv\u00fc Salman \u018fliyev ekstrasensin q\u0259tli i\u015fini Hac\u0131 M\u0259mm\u0259dovla <a href=\"https:\/\/musavat.com\/news\/etibar-erkinin-qetle-yetirilmesinden-16-il-otur_239790.html\" target=\"_blank\" rel=\"noreferrer noopener\">ba\u011flay\u0131b<\/a>.<\/p>\n\n\n\n<p>2000-ci ild\u0259 \u00f6lk\u0259 daha bir s\u0259h\u0259ri siyasi q\u0259tl x\u0259b\u0259ril\u0259 a\u00e7d\u0131. Daxili \u0130\u015fl\u0259r Nazirliyinin Narkotikl\u0259rl\u0259 M\u00fcbariz\u0259 \u0130dar\u0259sinin \u015f\u00f6b\u0259 r\u0259isi Az\u0259r \u0130smay\u0131lov q\u0259tl\u0259 yetirildi. Az\u0259r \u0130smay\u0131lov iyunun 21-d\u0259 g\u00fcnd\u00fcz \u015f\u0259xsi avtomobili il\u0259 \u201cRamstor\u201d ticar\u0259t m\u0259rk\u0259zin\u0259 ged\u0259rk\u0259n yoxa \u00e7\u0131x\u0131b. Yaln\u0131z bir ne\u00e7\u0259 il sonra if\u015fa olunan Hac\u0131 M\u0259mm\u0259dov bu q\u0259tli d\u0259 \u00f6z\u00fcn\u00fcn t\u00f6r\u0259tdiyini v\u0259 bundan pe\u015fman olmad\u0131\u011f\u0131n\u0131 etiraf edib. O bildirmi\u015fdi ki, bu hadis\u0259ni \u015f\u0259xsi z\u0259mind\u0259 qisas almaq m\u0259qs\u0259dil\u0259 t\u00f6r\u0259dib.<\/p>\n\n\n\n<p>2002-ci ilin mart\u0131nda Ba\u015f prokurorun ke\u00e7mi\u015f m\u00fcavini, Ba\u015f Prokurorlu\u011fun a\u011f\u0131r cinay\u0259tl\u0259r\u0259 dair istintaq idar\u0259sinin r\u0259is m\u00fcavini, bu qurumun kriminalistika \u015f\u00f6b\u0259sini r\u0259isi R\u00f6v\u015f\u0259n \u018fliyev q\u0259tl\u0259 yetirildi. Onun q\u0259tlinin \u0259sl s\u0259b\u0259bi d\u0259qiq m\u0259lum olmasa da, cinay\u0259ti t\u00f6r\u0259tm\u0259kd\u0259 t\u0259qsirli bilin\u0259n D\u0130N-in ke\u00e7mi\u015f polkovniki Hac\u0131 M\u0259mm\u0259dov onu \u00f6ld\u00fcrm\u0259sini icraat\u0131ndak\u0131 adam o\u011furluqlar\u0131na dair cinay\u0259t i\u015fl\u0259ril\u0259 \u0259laq\u0259l\u0259ndirmi\u015fdi. Hac\u0131 M\u0259mm\u0259dov v\u0259 R\u00f6v\u015f\u0259n \u018fliyev dost olmu\u015fdular, h\u0259tta ail\u0259vi gedi\u015f-g\u0259li\u015fl\u0259ri olmu\u015fdu. R\u00f6v\u015f\u0259n \u018fliyev q\u0259tl\u0259 yetiril\u0259nd\u0259n sonra Hac\u0259 M\u0259mm\u0259dov gedib onun h\u00fczr m\u0259clisl\u0259rind\u0259 d\u0259 i\u015ftirak etmi\u015fdi.<\/p>\n\n\n\n<p>Hac\u0131 M\u0259mm\u0259dov ifad\u0259l\u0259rind\u0259n birind\u0259 demi\u015fdi ki, R\u00f6v\u015f\u0259n \u018fliyev onun t\u00f6r\u0259tdiyi adam o\u011furluqlar\u0131n\u0131 ara\u015fd\u0131r\u0131rd\u0131. H\u0259min hadis\u0259l\u0259rl\u0259 ba\u011fl\u0131 cinay\u0259t i\u015fl\u0259ri onun icraat\u0131nda idi v\u0259 ondan \u015f\u00fcbh\u0259l\u0259nmi\u015fdi. H\u0259tta Hac\u0131 M\u0259mm\u0259dov R\u00f6v\u015f\u0259n \u018fliyevin ondan pul t\u0259l\u0259b etdiyini d\u0259 iddia el\u0259mi\u015fdi.<\/p>\n\n\n\n<p><strong>F\u0259tulla H\u00fcseynovun q\u0259tli<\/strong><\/p>\n\n\n\n<p>2003-c\u00fc ild\u0259 atas\u0131ndan sonra hakimiyy\u0259t\u0259 g\u0259l\u0259n \u0130lham \u018fliyev d\u00f6n\u0259minin ilk ill\u0259rind\u0259 d\u0259 \u00f6lk\u0259d\u0259 s\u0259s-k\u00fcyl\u00fc siyasi q\u0259tll\u0259r t\u00f6r\u0259dildi. Bunlardan \u0259n birincisi 2004-c\u00fc ilin iyununda oldu. <\/p>\n\n\n\n<p>Polkovnik F\u0259tulla H\u00fcseynov 14 iyunda ya\u015fad\u0131\u011f\u0131 binan\u0131n qar\u015f\u0131s\u0131nda \u00f6ld\u00fcr\u00fcld\u00fc. Onu da Hac\u0131 M\u0259mm\u0259dovun d\u0259st\u0259 \u00fczvl\u0259rinin q\u0259tl\u0259 yetirdiyi iddia olunur. Hac\u0131 M\u0259mm\u0259dov bu cinay\u0259ti \u00fcz\u0259rin\u0259 g\u00f6t\u00fcrm\u00fc\u015f, m\u0259hk\u0259m\u0259d\u0259 demi\u015fdi ki, \u201cQara polkovnik\u201d l\u0259q\u0259bli F\u0259tulla H\u00fcseynovu onun o\u011flu il\u0259 \u00f6z\u00fcn\u00fcn bac\u0131s\u0131 o\u011flu aras\u0131ndak\u0131 m\u00fcbahis\u0259 v\u0259 probleml\u0259r \u00fcz\u00fcnd\u0259n qisas m\u0259qs\u0259dil\u0259 q\u0259tl\u0259 yetirdiyini bildirmi\u015fdi.<\/p>\n\n\n\n<p><strong>Elmar H\u00fcseynov yaz\u0131lar\u0131n\u0131n qurban\u0131 oldu<\/strong><\/p>\n\n\n\n<p>2005-ci ilin mart\u0131nda is\u0259 \u00f6lk\u0259nin tan\u0131nm\u0131\u015f jurnalistl\u0259rind\u0259n Elmar H\u00fcseynov \u00f6ld\u00fcr\u00fcld\u00fc. &#8220;Monitor&#8221; jurnal\u0131n\u0131n yarad\u0131c\u0131s\u0131 v\u0259 ba\u015f redaktoru Elmar H\u00fcseynov k\u0259skin ara\u015fd\u0131rmalar\u0131 il\u0259 tan\u0131nan, hakimiyy\u0259ti s\u0259rt t\u0259nqid ed\u0259n jurnalist idi. Elmar H\u00fcseynov sifari\u015fli hesab olunacaq q\u0259d\u0259r planl\u0131 bir sui-q\u0259sd n\u0259tic\u0259sind\u0259 q\u0259tl\u0259 yetirilib. \u00c7oxsayl\u0131 \u00f6l\u00fcm t\u0259hdidl\u0259ri alan 37 ya\u015fl\u0131 jurnalist, 2005-ci il mart\u0131n 2-d\u0259, saat 21 rad\u0259l\u0259rind\u0259, i\u015fd\u0259n ev\u0259 qay\u0131dark\u0259n ya\u015fad\u0131\u011f\u0131 Bak\u0131 \u015f\u0259h\u0259ri, Nizami rayonu Qara Qarayev k\u00fc\u00e7\u0259si 39 n\u00f6mr\u0259li evin \u00fc\u00e7\u00fcnc\u00fc m\u0259rt\u0259b\u0259sind\u0259 nam\u0259lum \u015f\u0259xs t\u0259r\u0259find\u0259n yax\u0131n m\u0259saf\u0259d\u0259n odlu silahdan a\u00e7\u0131lm\u0131\u015f at\u0259\u015f n\u0259tic\u0259sind\u0259 h\u0259yat\u0131n\u0131 itirib. <\/p>\n\n\n\n<p>H\u00fcseynova yeddi g\u00fcll\u0259 at\u0131l\u0131b. Ekspertizan\u0131n n\u0259tic\u0259l\u0259rin\u0259 g\u00f6r\u0259, yeddi g\u00fcll\u0259d\u0259n biri havaya at\u0131l\u0131b, ikisi b\u0259d\u0259nin\u0259 s\u00fcrt\u00fcl\u0259r\u0259k yan ke\u00e7ib, d\u00f6rd g\u00fcll\u0259 is\u0259 b\u0259d\u0259ninin m\u00fcxt\u0259lif nahiy\u0259l\u0259rin\u0259 d\u0259yib. \u0130ki g\u00fcll\u0259 Elmar\u0131n qarn\u0131na, biri \u00fcr\u0259yin\u0259, biri is\u0259 a\u011fz\u0131na vurulub. \u00dcr\u0259yin\u0259 d\u0259y\u0259n g\u00fcll\u0259 H\u00fcseynovun h\u0259yat\u0131na son qoyub. Hadis\u0259 yerind\u0259n t\u0259xmin\u0259n 150 metr aral\u0131da s\u0259sbo\u011fucusu olan \u201cPSM\u201d markal\u0131 tapan\u00e7a tap\u0131l\u0131b. Ekspertiza g\u00fcll\u0259l\u0259rin m\u0259hz tap\u0131lan \u201cPSM\u201d markal\u0131 tapan\u00e7adan at\u0131ld\u0131\u011f\u0131n\u0131 m\u00fc\u0259yy\u0259n edib.<\/p>\n\n\n\n<p>Elmar H\u00fcseynovun atas\u0131 Sabir H\u00fcseynov v\u0259 xan\u0131m\u0131 R\u00fc\u015fan\u0259 H\u00fcseynova hadis\u0259d\u0259n az \u0259vv\u0259l i\u015f\u0131qlar\u0131n\u0131n, q\u0259tld\u0259n sonra is\u0259 mobil v\u0259 \u015f\u0259h\u0259r telefonlar\u0131n\u0131n k\u0259sildiyini bildiribl\u0259r.<\/p>\n\n\n\n<p>2005-ci il may\u0131n 4-d\u0259 Ba\u015f Prokurorluq, Daxili \u0130\u015fl\u0259r Nazirliyi v\u0259 Milli T\u0259hl\u00fck\u0259sizlik Nazirliyi birg\u0259 b\u0259yanat yayaraq, ictimaiyy\u0259t\u0259 m\u0259lumat verib ki, Elmar H\u00fcseynovun q\u0259tlind\u0259 G\u00fcrc\u00fcstan v\u0259t\u0259nda\u015f\u0131 olan Tahir Xubanovun i\u015ftirak\u0131 m\u00fc\u0259yy\u0259nl\u0259\u015fib. B\u0259yanatda o da bildirilib ki, Tahir Xubanov hadis\u0259d\u0259n d\u0259rhal sonra Az\u0259rbaycan\u0131 t\u0259rk edib v\u0259 bu s\u0259b\u0259bd\u0259n onun bar\u0259sind\u0259 beyn\u0259lxalq axtar\u0131\u015f elan olunub. 2005-ci ilin may\u0131nda r\u0259smi Bak\u0131 G\u00fcrc\u00fcstan hakimiyy\u0259tin\u0259 m\u00fcraci\u0259t ed\u0259r\u0259k \u015f\u00fcbh\u0259li bilin\u0259nl\u0259rin verilm\u0259sini t\u0259l\u0259b edib. Lakin 28 iyul 2005-ci ild\u0259 G\u00fcrc\u00fcstan Ba\u015f Prokurorlu\u011fu Tahir Xubanov v\u0259 Teymuraz \u018fliyevi Az\u0259rbaycana t\u0259hvil verm\u0259kd\u0259n imtina edib. Tbilisi Bak\u0131dan cinay\u0259t i\u015finin materiallar\u0131n\u0131 ist\u0259yib v\u0259 t\u0259qsirl\u0259ri t\u0259sdiqini taparsa, \u015f\u00fcbh\u0259li \u015f\u0259xsl\u0259rin saxlan\u0131laca\u011f\u0131n\u0131 v\u0259 G\u00fcrc\u00fcstanda m\u0259hk\u0259m\u0259y\u0259 \u00e7\u0131xar\u0131laca\u011f\u0131n\u0131 bildirib. R\u0259smi Bak\u0131 buna cavab verm\u0259yib. 26 iyul 2005-ci ild\u0259 Bak\u0131n\u0131n Nizami rayon M\u0259hk\u0259m\u0259si Tahir Xubanov v\u0259 Teymuraz \u018fliyev \u00fc\u00e7\u00fcn mobil telefon v\u0259 n\u00f6mr\u0259 almaqda t\u0259qsirli bilin\u0259n Turqay Bayramovu 2 il yar\u0131m m\u00fcdd\u0259tin\u0259 azadl\u0131qdan m\u0259hrumetm\u0259 c\u0259zas\u0131na m\u0259hkum edib. Bayramov c\u0259zas\u0131n\u0131 \u00e7\u0259kdikd\u0259n sonra azadl\u0131\u011fa \u00e7\u0131x\u0131b. 25 iyul 2006-c\u0131 ild\u0259 cinay\u0259tkar qrupa ba\u015f\u00e7\u0131l\u0131q etmi\u015f Az\u0259rbaycan Daxili \u0130\u015fl\u0259r Nazirliyinin Ba\u015f Cinay\u0259t-Axtar\u0131\u015f \u0130dar\u0259sinin \u0259m\u0259liyyat m\u00fcv\u0259kkili olmu\u015f Hac\u0131 M\u0259mm\u0259dov A\u011f\u0131r Cinay\u0259tl\u0259r\u0259 dair \u0130\u015fl\u0259r \u00fczr\u0259 M\u0259hk\u0259m\u0259d\u0259 Elmar H\u00fcseynovu onun d\u0259st\u0259sinin \u00f6ld\u00fcrd\u00fcy\u00fcn\u00fc bildirib.<\/p>\n\n\n\n<p>O, jurnalist Elmar H\u00fcseynovu ke\u00e7mi\u015f iqtisadi inki\u015faf naziri F\u0259rhad \u018fliyevin sifari\u015fil\u0259 \u00f6ld\u00fcrd\u00fcy\u00fcn\u00fc a\u00e7\u0131qlay\u0131b. Lakin Hac\u0131 M\u0259mm\u0259dovun dedikl\u0259ri istintaqda t\u0259sdiqini tapmay\u0131b.<\/p>\n\n\n\n<p><strong>Rail Rzayevin \u00f6l\u00fcm\u00fc<\/strong><\/p>\n\n\n\n<p>Az\u0259rbaycanda n\u00f6vb\u0259ti siyasi q\u0259tl 2009-cu il fevral\u0131n 11-d\u0259 t\u00f6r\u0259dildi. Bu d\u0259f\u0259 h\u0259d\u0259f M\u00fcdafi\u0259 nazirinin m\u00fcavini &#8211; Az\u0259rbaycan H\u0259rbi Hava Q\u00fcvv\u0259l\u0259rinin komandan\u0131 general-leytenant Rail Rzayev idi.<\/p>\n\n\n\n<p>\u0130stintaq materiallar\u0131na g\u00f6r\u0259, Rail Rzayev 2009-cu il fevral ay\u0131n\u0131n 11-d\u0259 nam\u0259lum qatil t\u0259r\u0259find\u0259n \u00f6ld\u00fcr\u00fcl\u00fcb. Hadis\u0259 ba\u015f ver\u0259nd\u0259n bir m\u00fcdd\u0259t sonra Ba\u015f prokuror Zakir Qaralov jurnalistl\u0259r\u0259 a\u00e7\u0131qlamas\u0131nda Rail Rzayevin q\u0259tlind\u0259n d\u0259rhal sonra onun i\u015f ota\u011f\u0131na qanunsuz m\u00fcdaxil\u0259 olundu\u011funu v\u0259 oradan b\u0259zi maddi \u0259\u015fyalar\u0131n o\u011furland\u0131\u011f\u0131n\u0131 bildirib. General\u0131n k\u00f6m\u0259k\u00e7isi Ayd\u0131n R\u0259fiyev ba\u015fda olmaqla, daha bir ne\u00e7\u0259 \u015f\u0259xsin bu qanunsuz \u0259m\u0259ll\u0259rin gizl\u0259dilm\u0259sind\u0259 i\u015ftirak etdiyini vur\u011fulayan Z.Qaralov onlar\u0131n h\u0259bs olunduqlar\u0131n\u0131 deyib. Ba\u015f prokuror h\u0259m\u00e7inin saxlan\u0131lan \u015f\u0259xsl\u0259rin general\u0131n q\u0259tlind\u0259 bilavasit\u0259 i\u015ftirak\u0131n\u0131n olub-olmamas\u0131n\u0131n da ara\u015fd\u0131r\u0131ld\u0131\u011f\u0131n\u0131 qeyd edib.<br>2010-cu ilin noyabr\u0131nda A\u011f\u0131r Cinay\u0259tl\u0259r\u0259 Dair \u0130\u015fl\u0259r \u00fczr\u0259 H\u0259rbi M\u0259hk\u0259m\u0259nin q\u0259rar\u0131 il\u0259 Ayd\u0131n R\u0259fiyev 9, onun o\u011flu Anar R\u0259fiyev 7 il 6 ay, general\u0131n yav\u0259ri Anar H\u0259\u015fimov is\u0259 7 il azadl\u0131qdan m\u0259hrum edilibl\u0259r. \u00dcst\u00fcnd\u0259n 10 ild\u0259n \u00e7ox zaman ke\u00e7s\u0259 d\u0259, q\u0259tlin d\u0259qiq hans\u0131 s\u0259b\u0259bd\u0259n v\u0259 kimin sifari\u015fil\u0259 t\u00f6r\u0259dildiyi m\u0259lum deyil.<\/p>\n\n\n\n<p><strong>Rafiq Ta\u011f\u0131n\u0131n m\u00fc\u0259mmal\u0131 \u00f6l\u00fcm\u00fc<\/strong><\/p>\n\n\n\n<p>M\u00fcasir Az\u0259rbaycan tarixind\u0259 sonuncu siyasi q\u0259tl yaz\u0131\u00e7\u0131-filosof Rafiq Ta\u011f\u0131ya qar\u015f\u0131 t\u00f6r\u0259dilib. 2011-ci il noyabr\u0131n 19-da nam\u0259lum \u015f\u0259xsl\u0259r onu b\u0131\u00e7aqlay\u0131b. \u018fm\u0259liyyatdan sonra v\u0259ziyy\u0259ti bir m\u00fcdd\u0259t stabill\u0259\u015f\u0259n yaz\u0131\u00e7\u0131 bu \u0259r\u0259f\u0259d\u0259 jurnalistl\u0259rin suallar\u0131n\u0131 cavabland\u0131r\u0131b. O, h\u00fccumun o\u011furluq motivli oldu\u011funa inanmad\u0131\u011f\u0131n\u0131, \u201c\u0130ran v\u0259 qloballa\u015fma qa\u00e7\u0131n\u0131lmazl\u0131\u011f\u0131\u201d m\u0259qal\u0259si il\u0259 ba\u011fl\u0131 ola bil\u0259c\u0259yini qeyd edib.<\/p>\n\n\n\n<p>Yaz\u0131\u00e7\u0131n\u0131n 2006-c\u0131 ild\u0259 \u201cS\u0259n\u0259t\u201d q\u0259zetind\u0259 \u00e7\u0131xan \u201cAvropa v\u0259 biz\u201d m\u0259qal\u0259sind\u0259n sonra iranl\u0131 ay\u0259tullah Fazil L\u0259nk\u0259rani onun haqq\u0131nda \u00f6l\u00fcm f\u0259tvas\u0131 vermi\u015fdi. Rafiq Ta\u011f\u0131n\u0131n q\u0259tlind\u0259n sonra da Fazil L\u0259nk\u0259raninin o\u011flu ay\u0259tullah M\u0259h\u0259mm\u0259d Cavad L\u0259nk\u0259rani atas\u0131n\u0131n r\u0259smi sayt\u0131nda b\u0259yanat yayaraq, qatil bar\u0259sind\u0259 \u201c\u0130slam m\u00fcq\u0259dd\u0259sl\u0259rini t\u0259hqir etmi\u015f bir f\u0259rdi c\u0259h\u0259nn\u0259m\u0259 yola salan \u015f\u0259xs\u0259 Allah t\u0259r\u0259find\u0259n b\u00f6y\u00fck m\u00fckafat olaca\u011f\u0131n\u0131\u201d yazm\u0131\u015fd\u0131.<\/p>\n\n\n\n<p>H\u0259min d\u00f6vrd\u0259 jurnalist Elnur M\u0259cidli is\u0259 Rafiq Ta\u011f\u0131n\u0131n Az\u0259rbaycan hakimiyy\u0259tini t\u0259nqid ed\u0259n yaz\u0131lar\u0131na g\u00f6r\u0259 Milli T\u0259hl\u00fck\u0259sizlik Nazirliyi t\u0259r\u0259find\u0259n \u00f6ld\u00fcr\u00fcld\u00fcy\u00fcn\u00fc iddia edirdi. Rafiq Ta\u011f\u0131 2011-ci il noyabr\u0131n 23-d\u0259 Bak\u0131da haz\u0131rk\u0131 Kliniki Tibbi M\u0259rk\u0259zd\u0259 (ke\u00e7mi\u015f \u201cSema\u015fko\u201d) v\u0259fat edib.<\/p>\n\n\n\n<p><\/p>\n","protected":false},"excerpt":{"rendered":"<p>S\u0259s-k\u00fcyl\u00fc q\u0259tll\u0259rin \u0259ks\u0259riyy\u0259tinin \u00fcst\u00fc a\u00e7\u0131lmay\u0131b Az\u0259rbaycan m\u00fcst\u0259qilliyini b\u0259rpa etdikd\u0259n sonra &#8230; <\/p>\n<p class=\"read-more-container\"><a title=\"Siyasi q\u0259tll\u0259r: Onlar\u0131n \u00e7oxu \u018fliyevl\u0259rin hakimiyy\u0259ti d\u00f6vr\u00fcnd\u0259 ba\u015f verib\" class=\"read-more button\" href=\"https:\/\/www.meydan.tv\/az\/article\/siyasi-qetller-onlarin-coxu-eliyevlerin-hakimiyyeti-dovrunde-bas-verib\/#more-277857\" aria-label=\"Read more about Siyasi q\u0259tll\u0259r: Onlar\u0131n \u00e7oxu \u018fliyevl\u0259rin hakimiyy\u0259ti d\u00f6vr\u00fcnd\u0259 ba\u015f verib\">Davam\u0131<\/a><\/p>\n","protected":false},"author":8,"featured_media":277883,"comment_status":"closed","ping_status":"closed","sticky":false,"template":"","format":"standard","meta":{"_acf_changed":false,"_sitemap_exclude":false,"_sitemap_priority":"","_sitemap_frequency":"","footnotes":""},"categories":[88,59,56],"tags":[],"class_list":["post-277857","post","type-post","status-publish","format-standard","has-post-thumbnail","hentry","category-redaktor-secimi","category-siyaset","category-xeberler","infinite-scroll-item","generate-columns","tablet-grid-50","mobile-grid-100","grid-parent","grid-33","no-featured-image-padding"],"acf":[],"yoast_head":"<!-- This site is optimized with the Yoast SEO plugin v27.4 - https:\/\/yoast.com\/product\/yoast-seo-wordpress\/ -->\n<title>Siyasi q\u0259tll\u0259r: Onlar\u0131n \u00e7oxu \u018fliyevl\u0259rin hakimiyy\u0259ti d\u00f6vr\u00fcnd\u0259 ba\u015f verib - MEYDAN.TV<\/title>\n<meta name=\"robots\" content=\"index, follow, max-snippet:-1, max-image-preview:large, max-video-preview:-1\" \/>\n<link rel=\"canonical\" href=\"https:\/\/www.meydan.tv\/az\/article\/siyasi-qetller-onlarin-coxu-eliyevlerin-hakimiyyeti-dovrunde-bas-verib\/\" \/>\n<meta property=\"og:locale\" content=\"az_AZ\" \/>\n<meta property=\"og:type\" content=\"article\" \/>\n<meta property=\"og:title\" content=\"Siyasi q\u0259tll\u0259r: Onlar\u0131n \u00e7oxu \u018fliyevl\u0259rin hakimiyy\u0259ti d\u00f6vr\u00fcnd\u0259 ba\u015f verib - MEYDAN.TV\" \/>\n<meta property=\"og:description\" content=\"S\u0259s-k\u00fcyl\u00fc q\u0259tll\u0259rin \u0259ks\u0259riyy\u0259tinin \u00fcst\u00fc a\u00e7\u0131lmay\u0131b Az\u0259rbaycan m\u00fcst\u0259qilliyini b\u0259rpa etdikd\u0259n sonra ... Davam\u0131\" \/>\n<meta property=\"og:url\" content=\"https:\/\/www.meydan.tv\/az\/article\/siyasi-qetller-onlarin-coxu-eliyevlerin-hakimiyyeti-dovrunde-bas-verib\/\" \/>\n<meta property=\"og:site_name\" content=\"MEYDAN.TV\" \/>\n<meta property=\"article:published_time\" content=\"2023-06-20T11:40:49+00:00\" \/>\n<meta property=\"article:modified_time\" content=\"2023-06-20T11:40:54+00:00\" \/>\n<meta property=\"og:image\" content=\"https:\/\/www.meydan.tv\/wp-content\/uploads\/untitled_design_720-7-e1687261206872.png\" \/>\n\t<meta property=\"og:image:width\" content=\"1200\" \/>\n\t<meta property=\"og:image:height\" content=\"522\" \/>\n\t<meta property=\"og:image:type\" content=\"image\/png\" \/>\n<meta name=\"author\" content=\"elli\" \/>\n<meta name=\"twitter:card\" content=\"summary_large_image\" \/>\n<meta name=\"twitter:creator\" content=\"@elli\" \/>\n<script type=\"application\/ld+json\" class=\"yoast-schema-graph\">{\"@context\":\"https:\\\/\\\/schema.org\",\"@graph\":[{\"@type\":\"Article\",\"@id\":\"https:\\\/\\\/www.meydan.tv\\\/az\\\/article\\\/siyasi-qetller-onlarin-coxu-eliyevlerin-hakimiyyeti-dovrunde-bas-verib\\\/#article\",\"isPartOf\":{\"@id\":\"https:\\\/\\\/www.meydan.tv\\\/az\\\/article\\\/siyasi-qetller-onlarin-coxu-eliyevlerin-hakimiyyeti-dovrunde-bas-verib\\\/\"},\"author\":{\"name\":\"elli\",\"@id\":\"https:\\\/\\\/www.meydan.tv\\\/az\\\/#\\\/schema\\\/person\\\/9cdbecf90d17180ce1dfbd95b08dcf47\"},\"headline\":\"Siyasi q\u0259tll\u0259r: Onlar\u0131n \u00e7oxu \u018fliyevl\u0259rin hakimiyy\u0259ti d\u00f6vr\u00fcnd\u0259 ba\u015f verib\",\"datePublished\":\"2023-06-20T11:40:49+00:00\",\"dateModified\":\"2023-06-20T11:40:54+00:00\",\"mainEntityOfPage\":{\"@id\":\"https:\\\/\\\/www.meydan.tv\\\/az\\\/article\\\/siyasi-qetller-onlarin-coxu-eliyevlerin-hakimiyyeti-dovrunde-bas-verib\\\/\"},\"wordCount\":4507,\"publisher\":{\"@id\":\"https:\\\/\\\/www.meydan.tv\\\/az\\\/#organization\"},\"image\":{\"@id\":\"https:\\\/\\\/www.meydan.tv\\\/az\\\/article\\\/siyasi-qetller-onlarin-coxu-eliyevlerin-hakimiyyeti-dovrunde-bas-verib\\\/#primaryimage\"},\"thumbnailUrl\":\"https:\\\/\\\/www.meydan.tv\\\/wp-content\\\/uploads\\\/untitled_design_720-7-e1687261206872.png\",\"articleSection\":[\"Redaktor se\u00e7imi\",\"Siyas\u0259t\",\"X\u0259b\u0259rl\u0259r\"],\"inLanguage\":\"az\"},{\"@type\":\"WebPage\",\"@id\":\"https:\\\/\\\/www.meydan.tv\\\/az\\\/article\\\/siyasi-qetller-onlarin-coxu-eliyevlerin-hakimiyyeti-dovrunde-bas-verib\\\/\",\"url\":\"https:\\\/\\\/www.meydan.tv\\\/az\\\/article\\\/siyasi-qetller-onlarin-coxu-eliyevlerin-hakimiyyeti-dovrunde-bas-verib\\\/\",\"name\":\"Siyasi q\u0259tll\u0259r: Onlar\u0131n \u00e7oxu \u018fliyevl\u0259rin hakimiyy\u0259ti d\u00f6vr\u00fcnd\u0259 ba\u015f verib - MEYDAN.TV\",\"isPartOf\":{\"@id\":\"https:\\\/\\\/www.meydan.tv\\\/az\\\/#website\"},\"primaryImageOfPage\":{\"@id\":\"https:\\\/\\\/www.meydan.tv\\\/az\\\/article\\\/siyasi-qetller-onlarin-coxu-eliyevlerin-hakimiyyeti-dovrunde-bas-verib\\\/#primaryimage\"},\"image\":{\"@id\":\"https:\\\/\\\/www.meydan.tv\\\/az\\\/article\\\/siyasi-qetller-onlarin-coxu-eliyevlerin-hakimiyyeti-dovrunde-bas-verib\\\/#primaryimage\"},\"thumbnailUrl\":\"https:\\\/\\\/www.meydan.tv\\\/wp-content\\\/uploads\\\/untitled_design_720-7-e1687261206872.png\",\"datePublished\":\"2023-06-20T11:40:49+00:00\",\"dateModified\":\"2023-06-20T11:40:54+00:00\",\"breadcrumb\":{\"@id\":\"https:\\\/\\\/www.meydan.tv\\\/az\\\/article\\\/siyasi-qetller-onlarin-coxu-eliyevlerin-hakimiyyeti-dovrunde-bas-verib\\\/#breadcrumb\"},\"inLanguage\":\"az\",\"potentialAction\":[{\"@type\":\"ReadAction\",\"target\":[\"https:\\\/\\\/www.meydan.tv\\\/az\\\/article\\\/siyasi-qetller-onlarin-coxu-eliyevlerin-hakimiyyeti-dovrunde-bas-verib\\\/\"]}]},{\"@type\":\"ImageObject\",\"inLanguage\":\"az\",\"@id\":\"https:\\\/\\\/www.meydan.tv\\\/az\\\/article\\\/siyasi-qetller-onlarin-coxu-eliyevlerin-hakimiyyeti-dovrunde-bas-verib\\\/#primaryimage\",\"url\":\"https:\\\/\\\/www.meydan.tv\\\/wp-content\\\/uploads\\\/untitled_design_720-7-e1687261206872.png\",\"contentUrl\":\"https:\\\/\\\/www.meydan.tv\\\/wp-content\\\/uploads\\\/untitled_design_720-7-e1687261206872.png\",\"width\":1200,\"height\":522,\"caption\":\"Afiyy\u0259tdin C\u0259lilov, Rail Rzayev,\u015e\u0259msi R\u0259himov, Elmar H\u00fcseynov, Ziya B\u00fcnyadov. Foto: Meydan TV\"},{\"@type\":\"BreadcrumbList\",\"@id\":\"https:\\\/\\\/www.meydan.tv\\\/az\\\/article\\\/siyasi-qetller-onlarin-coxu-eliyevlerin-hakimiyyeti-dovrunde-bas-verib\\\/#breadcrumb\",\"itemListElement\":[{\"@type\":\"ListItem\",\"position\":1,\"name\":\"Ana s\u0259hif\u0259\",\"item\":\"https:\\\/\\\/www.meydan.tv\\\/az\\\/\"},{\"@type\":\"ListItem\",\"position\":2,\"name\":\"Redaktor se\u00e7imi\",\"item\":\"https:\\\/\\\/www.meydan.tv\\\/az\\\/section\\\/redaktor-secimi\\\/\"},{\"@type\":\"ListItem\",\"position\":3,\"name\":\"Siyasi q\u0259tll\u0259r: Onlar\u0131n \u00e7oxu \u018fliyevl\u0259rin hakimiyy\u0259ti d\u00f6vr\u00fcnd\u0259 ba\u015f verib\"}]},{\"@type\":\"WebSite\",\"@id\":\"https:\\\/\\\/www.meydan.tv\\\/az\\\/#website\",\"url\":\"https:\\\/\\\/www.meydan.tv\\\/az\\\/\",\"name\":\"MEYDAN.TV\",\"description\":\"Meydan TV Az\u0259rbaycan\u0131n media m\u0259kan\u0131ndak\u0131 alternativ s\u0259sidir\",\"publisher\":{\"@id\":\"https:\\\/\\\/www.meydan.tv\\\/az\\\/#organization\"},\"potentialAction\":[{\"@type\":\"SearchAction\",\"target\":{\"@type\":\"EntryPoint\",\"urlTemplate\":\"https:\\\/\\\/www.meydan.tv\\\/az\\\/?s={search_term_string}\"},\"query-input\":{\"@type\":\"PropertyValueSpecification\",\"valueRequired\":true,\"valueName\":\"search_term_string\"}}],\"inLanguage\":\"az\"},{\"@type\":\"Organization\",\"@id\":\"https:\\\/\\\/www.meydan.tv\\\/az\\\/#organization\",\"name\":\"Meydan TV\",\"url\":\"https:\\\/\\\/www.meydan.tv\\\/az\\\/\",\"logo\":{\"@type\":\"ImageObject\",\"inLanguage\":\"az\",\"@id\":\"https:\\\/\\\/www.meydan.tv\\\/az\\\/#\\\/schema\\\/logo\\\/image\\\/\",\"url\":\"https:\\\/\\\/www.meydan.tv\\\/wp-content\\\/uploads\\\/2021\\\/07\\\/meydan-logo.svg\",\"contentUrl\":\"https:\\\/\\\/www.meydan.tv\\\/wp-content\\\/uploads\\\/2021\\\/07\\\/meydan-logo.svg\",\"width\":195,\"height\":46,\"caption\":\"Meydan TV\"},\"image\":{\"@id\":\"https:\\\/\\\/www.meydan.tv\\\/az\\\/#\\\/schema\\\/logo\\\/image\\\/\"}},{\"@type\":\"Person\",\"@id\":\"https:\\\/\\\/www.meydan.tv\\\/az\\\/#\\\/schema\\\/person\\\/9cdbecf90d17180ce1dfbd95b08dcf47\",\"name\":\"elli\",\"sameAs\":[\"https:\\\/\\\/x.com\\\/elli\"]}]}<\/script>\n<!-- \/ Yoast SEO plugin. -->","yoast_head_json":{"title":"Siyasi q\u0259tll\u0259r: Onlar\u0131n \u00e7oxu \u018fliyevl\u0259rin hakimiyy\u0259ti d\u00f6vr\u00fcnd\u0259 ba\u015f verib - MEYDAN.TV","robots":{"index":"index","follow":"follow","max-snippet":"max-snippet:-1","max-image-preview":"max-image-preview:large","max-video-preview":"max-video-preview:-1"},"canonical":"https:\/\/www.meydan.tv\/az\/article\/siyasi-qetller-onlarin-coxu-eliyevlerin-hakimiyyeti-dovrunde-bas-verib\/","og_locale":"az_AZ","og_type":"article","og_title":"Siyasi q\u0259tll\u0259r: Onlar\u0131n \u00e7oxu \u018fliyevl\u0259rin hakimiyy\u0259ti d\u00f6vr\u00fcnd\u0259 ba\u015f verib - MEYDAN.TV","og_description":"S\u0259s-k\u00fcyl\u00fc q\u0259tll\u0259rin \u0259ks\u0259riyy\u0259tinin \u00fcst\u00fc a\u00e7\u0131lmay\u0131b Az\u0259rbaycan m\u00fcst\u0259qilliyini b\u0259rpa etdikd\u0259n sonra ... Davam\u0131","og_url":"https:\/\/www.meydan.tv\/az\/article\/siyasi-qetller-onlarin-coxu-eliyevlerin-hakimiyyeti-dovrunde-bas-verib\/","og_site_name":"MEYDAN.TV","article_published_time":"2023-06-20T11:40:49+00:00","article_modified_time":"2023-06-20T11:40:54+00:00","og_image":[{"width":1200,"height":522,"url":"https:\/\/www.meydan.tv\/wp-content\/uploads\/untitled_design_720-7-e1687261206872.png","type":"image\/png"}],"author":"elli","twitter_card":"summary_large_image","twitter_creator":"@elli","schema":{"@context":"https:\/\/schema.org","@graph":[{"@type":"Article","@id":"https:\/\/www.meydan.tv\/az\/article\/siyasi-qetller-onlarin-coxu-eliyevlerin-hakimiyyeti-dovrunde-bas-verib\/#article","isPartOf":{"@id":"https:\/\/www.meydan.tv\/az\/article\/siyasi-qetller-onlarin-coxu-eliyevlerin-hakimiyyeti-dovrunde-bas-verib\/"},"author":{"name":"elli","@id":"https:\/\/www.meydan.tv\/az\/#\/schema\/person\/9cdbecf90d17180ce1dfbd95b08dcf47"},"headline":"Siyasi q\u0259tll\u0259r: Onlar\u0131n \u00e7oxu \u018fliyevl\u0259rin hakimiyy\u0259ti d\u00f6vr\u00fcnd\u0259 ba\u015f verib","datePublished":"2023-06-20T11:40:49+00:00","dateModified":"2023-06-20T11:40:54+00:00","mainEntityOfPage":{"@id":"https:\/\/www.meydan.tv\/az\/article\/siyasi-qetller-onlarin-coxu-eliyevlerin-hakimiyyeti-dovrunde-bas-verib\/"},"wordCount":4507,"publisher":{"@id":"https:\/\/www.meydan.tv\/az\/#organization"},"image":{"@id":"https:\/\/www.meydan.tv\/az\/article\/siyasi-qetller-onlarin-coxu-eliyevlerin-hakimiyyeti-dovrunde-bas-verib\/#primaryimage"},"thumbnailUrl":"https:\/\/www.meydan.tv\/wp-content\/uploads\/untitled_design_720-7-e1687261206872.png","articleSection":["Redaktor se\u00e7imi","Siyas\u0259t","X\u0259b\u0259rl\u0259r"],"inLanguage":"az"},{"@type":"WebPage","@id":"https:\/\/www.meydan.tv\/az\/article\/siyasi-qetller-onlarin-coxu-eliyevlerin-hakimiyyeti-dovrunde-bas-verib\/","url":"https:\/\/www.meydan.tv\/az\/article\/siyasi-qetller-onlarin-coxu-eliyevlerin-hakimiyyeti-dovrunde-bas-verib\/","name":"Siyasi q\u0259tll\u0259r: Onlar\u0131n \u00e7oxu \u018fliyevl\u0259rin hakimiyy\u0259ti d\u00f6vr\u00fcnd\u0259 ba\u015f verib - MEYDAN.TV","isPartOf":{"@id":"https:\/\/www.meydan.tv\/az\/#website"},"primaryImageOfPage":{"@id":"https:\/\/www.meydan.tv\/az\/article\/siyasi-qetller-onlarin-coxu-eliyevlerin-hakimiyyeti-dovrunde-bas-verib\/#primaryimage"},"image":{"@id":"https:\/\/www.meydan.tv\/az\/article\/siyasi-qetller-onlarin-coxu-eliyevlerin-hakimiyyeti-dovrunde-bas-verib\/#primaryimage"},"thumbnailUrl":"https:\/\/www.meydan.tv\/wp-content\/uploads\/untitled_design_720-7-e1687261206872.png","datePublished":"2023-06-20T11:40:49+00:00","dateModified":"2023-06-20T11:40:54+00:00","breadcrumb":{"@id":"https:\/\/www.meydan.tv\/az\/article\/siyasi-qetller-onlarin-coxu-eliyevlerin-hakimiyyeti-dovrunde-bas-verib\/#breadcrumb"},"inLanguage":"az","potentialAction":[{"@type":"ReadAction","target":["https:\/\/www.meydan.tv\/az\/article\/siyasi-qetller-onlarin-coxu-eliyevlerin-hakimiyyeti-dovrunde-bas-verib\/"]}]},{"@type":"ImageObject","inLanguage":"az","@id":"https:\/\/www.meydan.tv\/az\/article\/siyasi-qetller-onlarin-coxu-eliyevlerin-hakimiyyeti-dovrunde-bas-verib\/#primaryimage","url":"https:\/\/www.meydan.tv\/wp-content\/uploads\/untitled_design_720-7-e1687261206872.png","contentUrl":"https:\/\/www.meydan.tv\/wp-content\/uploads\/untitled_design_720-7-e1687261206872.png","width":1200,"height":522,"caption":"Afiyy\u0259tdin C\u0259lilov, Rail Rzayev,\u015e\u0259msi R\u0259himov, Elmar H\u00fcseynov, Ziya B\u00fcnyadov. Foto: Meydan TV"},{"@type":"BreadcrumbList","@id":"https:\/\/www.meydan.tv\/az\/article\/siyasi-qetller-onlarin-coxu-eliyevlerin-hakimiyyeti-dovrunde-bas-verib\/#breadcrumb","itemListElement":[{"@type":"ListItem","position":1,"name":"Ana s\u0259hif\u0259","item":"https:\/\/www.meydan.tv\/az\/"},{"@type":"ListItem","position":2,"name":"Redaktor se\u00e7imi","item":"https:\/\/www.meydan.tv\/az\/section\/redaktor-secimi\/"},{"@type":"ListItem","position":3,"name":"Siyasi q\u0259tll\u0259r: Onlar\u0131n \u00e7oxu \u018fliyevl\u0259rin hakimiyy\u0259ti d\u00f6vr\u00fcnd\u0259 ba\u015f verib"}]},{"@type":"WebSite","@id":"https:\/\/www.meydan.tv\/az\/#website","url":"https:\/\/www.meydan.tv\/az\/","name":"MEYDAN.TV","description":"Meydan TV Az\u0259rbaycan\u0131n media m\u0259kan\u0131ndak\u0131 alternativ s\u0259sidir","publisher":{"@id":"https:\/\/www.meydan.tv\/az\/#organization"},"potentialAction":[{"@type":"SearchAction","target":{"@type":"EntryPoint","urlTemplate":"https:\/\/www.meydan.tv\/az\/?s={search_term_string}"},"query-input":{"@type":"PropertyValueSpecification","valueRequired":true,"valueName":"search_term_string"}}],"inLanguage":"az"},{"@type":"Organization","@id":"https:\/\/www.meydan.tv\/az\/#organization","name":"Meydan TV","url":"https:\/\/www.meydan.tv\/az\/","logo":{"@type":"ImageObject","inLanguage":"az","@id":"https:\/\/www.meydan.tv\/az\/#\/schema\/logo\/image\/","url":"https:\/\/www.meydan.tv\/wp-content\/uploads\/2021\/07\/meydan-logo.svg","contentUrl":"https:\/\/www.meydan.tv\/wp-content\/uploads\/2021\/07\/meydan-logo.svg","width":195,"height":46,"caption":"Meydan TV"},"image":{"@id":"https:\/\/www.meydan.tv\/az\/#\/schema\/logo\/image\/"}},{"@type":"Person","@id":"https:\/\/www.meydan.tv\/az\/#\/schema\/person\/9cdbecf90d17180ce1dfbd95b08dcf47","name":"elli","sameAs":["https:\/\/x.com\/elli"]}]}},"_links":{"self":[{"href":"https:\/\/www.meydan.tv\/az\/wp-json\/wp\/v2\/posts\/277857","targetHints":{"allow":["GET"]}}],"collection":[{"href":"https:\/\/www.meydan.tv\/az\/wp-json\/wp\/v2\/posts"}],"about":[{"href":"https:\/\/www.meydan.tv\/az\/wp-json\/wp\/v2\/types\/post"}],"author":[{"embeddable":true,"href":"https:\/\/www.meydan.tv\/az\/wp-json\/wp\/v2\/users\/8"}],"replies":[{"embeddable":true,"href":"https:\/\/www.meydan.tv\/az\/wp-json\/wp\/v2\/comments?post=277857"}],"version-history":[{"count":1,"href":"https:\/\/www.meydan.tv\/az\/wp-json\/wp\/v2\/posts\/277857\/revisions"}],"predecessor-version":[{"id":277886,"href":"https:\/\/www.meydan.tv\/az\/wp-json\/wp\/v2\/posts\/277857\/revisions\/277886"}],"wp:featuredmedia":[{"embeddable":true,"href":"https:\/\/www.meydan.tv\/az\/wp-json\/wp\/v2\/media\/277883"}],"wp:attachment":[{"href":"https:\/\/www.meydan.tv\/az\/wp-json\/wp\/v2\/media?parent=277857"}],"wp:term":[{"taxonomy":"category","embeddable":true,"href":"https:\/\/www.meydan.tv\/az\/wp-json\/wp\/v2\/categories?post=277857"},{"taxonomy":"post_tag","embeddable":true,"href":"https:\/\/www.meydan.tv\/az\/wp-json\/wp\/v2\/tags?post=277857"}],"curies":[{"name":"wp","href":"https:\/\/api.w.org\/{rel}","templated":true}]}}