{"id":277842,"date":"2023-06-20T13:24:00","date_gmt":"2023-06-20T09:24:00","guid":{"rendered":"https:\/\/www.meydan.tv\/?p=277842"},"modified":"2023-06-20T13:31:25","modified_gmt":"2023-06-20T09:31:25","slug":"gence-sakinleri-yagis-yagan-kimi-arx-dasir-cirkab-kuce-boyu-yayilir","status":"publish","type":"post","link":"https:\/\/www.meydan.tv\/az\/article\/gence-sakinleri-yagis-yagan-kimi-arx-dasir-cirkab-kuce-boyu-yayilir\/","title":{"rendered":"G\u0259nc\u0259 sakinl\u0259ri: \u201cYa\u011f\u0131\u015f ya\u011fan kimi arx da\u015f\u0131r, \u00e7irkab k\u00fc\u00e7\u0259 boyu yay\u0131l\u0131r\u201d"},"content":{"rendered":"\n<p><\/p>\n\n\n\n<p><strong><em>Leysan ya\u011f\u0131\u015flar\u0131ndan sonra b\u0259zi k\u00fc\u00e7\u0259l\u0259rin ke\u00e7ilm\u0259z oldu\u011fu bildirilir<\/em><\/strong><\/p>\n\n\n\n<p>\u201c<em>Ya\u011f\u0131\u015f ya\u011fan kimi k\u00fc\u00e7\u0259 su il\u0259 dolur. Bir ne\u00e7\u0259 saat davam ed\u0259n leysan ya\u011f\u0131\u015flar\u0131ndan sonra \u00fcmumiyy\u0259tl\u0259, qap\u0131n\u0131 a\u00e7\u0131b \u00e7\u00f6l\u0259 \u00e7\u0131xa bilmirik. Ne\u00e7\u0259 ill\u0259rdir bu problem davam edir\u201d.<\/em><\/p>\n\n\n\n<p>Bunu Meydan TV-y\u0259 G\u0259nc\u0259 \u015f\u0259h\u0259r sakini Hikm\u0259t \u018fliyev bildirib. Onun s\u00f6zl\u0259rin\u0259 g\u00f6r\u0259, r\u0259smil\u0259r evl\u0259rin qanunsuz tikildiyini \u0259sas g\u0259tirir, halbuki kommunal xidm\u0259t haqlar\u0131n\u0131 \u00f6d\u0259yirl\u0259r. Evl\u0259r tikil\u0259rk\u0259n r\u0259smi olmasa, da icaz\u0259 al\u0131blar.<\/p>\n\n\n\n<p><em>\u201c1941-1945 m\u0259\u015f\u0259linin, Nizami Rayon H\u0259rbi Komissarl\u0131\u011f\u0131n yax\u0131nl\u0131\u011f\u0131, el\u0259c\u0259 d\u0259 Qaraba\u011f k\u00fc\u00e7\u0259si d\u0259 daxil olmaqla m\u0259h\u0259ll\u0259l\u0259rin \u0259ks\u0259riyy\u0259ti bu v\u0259ziyy\u0259td\u0259dir. G\u0259nc\u0259 kimi iri \u015f\u0259h\u0259rd\u0259 kanalizasiya sistemi i\u015fl\u0259mir, ya\u011f\u0131\u015f ya\u011fan kimi k\u00fc\u00e7\u0259l\u0259r su il\u0259 dolur. H\u0259r d\u0259f\u0259 nasoslarla su \u00e7\u0259kirl\u0259r\u201d, <\/em>&#8211; sakin deyib.<\/p>\n\n\n\n<figure class=\"wp-block-image size-full\"><img decoding=\"async\" width=\"1200\" height=\"416\" data-src=\"https:\/\/www.meydan.tv\/wp-content\/uploads\/5c54529b-9bde-4016-9bdc-8e97d6c283b7.jpg\" alt=\"\" class=\"wp-image-277844 lazyload\" src=\"data:image\/svg+xml;base64,PHN2ZyB3aWR0aD0iMSIgaGVpZ2h0PSIxIiB4bWxucz0iaHR0cDovL3d3dy53My5vcmcvMjAwMC9zdmciPjwvc3ZnPg==\" style=\"--smush-placeholder-width: 1200px; --smush-placeholder-aspect-ratio: 1200\/416;\" \/><\/figure>\n\n\n\n<p>G\u0259nc\u0259lil\u0259r deyirl\u0259r ki, Sad\u0131ll\u0131 q\u0259s\u0259b\u0259sind\u0259ki Ayaz Nuriyev k\u00fc\u00e7\u0259si boyunca arx gedir, kanalizasiya sular\u0131 arxa t\u00f6k\u00fcl\u00fcr. Ya\u011f\u0131\u015f ya\u011fan kimi arx da\u015f\u0131r, \u00e7irkab k\u00fc\u00e7\u0259 boyu yay\u0131l\u0131r:<\/p>\n\n\n\n<p><em>\u201cDeyirl\u0259r ki, arxlar sakinl\u0259r t\u0259r\u0259find\u0259n \u00e7irkl\u0259ndirilir. Bunun qar\u015f\u0131s\u0131n\u0131 alma\u011f\u0131n bir yolu olmal\u0131d\u0131r. \u018fhalinin ora zibil atmamas\u0131na da n\u0259zar\u0259t edilm\u0259lidir. H\u0259min \u0259razid\u0259n ke\u00e7m\u0259k m\u00fcmk\u00fcn deyil, \u00fcfun\u0259t dig\u0259r k\u00fc\u00e7\u0259l\u0259rd\u0259n d\u0259 hiss olunur. Po\u00e7t q\u0259s\u0259b\u0259sind\u0259ki arx da o v\u0259ziyy\u0259td\u0259dir. Bundan ba\u015fqa, k\u00fcl\u0259k \u0259s\u0259n kimi m\u0259rk\u0259zi k\u00fc\u00e7\u0259l\u0259r d\u0259 daxil olmaqla evl\u0259rin dam\u0131 u\u00e7ur, ne\u00e7\u0259 d\u0259f\u0259 avtomobill\u0259rin \u00fcz\u0259rin\u0259 d\u00fc\u015f\u00fcb\u201d.<\/em><\/p>\n\n\n\n<p>Ekologiya v\u0259 T\u0259bii S\u0259rv\u0259tl\u0259r Nazirliyinin m\u0259lumat\u0131na g\u00f6r\u0259, son g\u00fcnl\u0259r bir s\u0131ra b\u00f6lg\u0259l\u0259rd\u0259, o c\u00fcml\u0259d\u0259n G\u0259nc\u0259d\u0259 leysan xarakterli ya\u011f\u0131\u015flar ya\u011f\u0131b. \u0130yunun 18-d\u0259 d\u0259 G\u0259nc\u0259y\u0259 k\u00fcl\u0259kl\u0259 m\u00fc\u015fayi\u0259t olan leysan ya\u011f\u0131\u015flar ya\u011f\u0131b.<\/p>\n\n\n\n<figure class=\"wp-block-image size-full\"><img decoding=\"async\" width=\"1200\" height=\"800\" data-src=\"https:\/\/www.meydan.tv\/wp-content\/uploads\/untitled-design-147.jpg\" alt=\"\" class=\"wp-image-277850 lazyload\" src=\"data:image\/svg+xml;base64,PHN2ZyB3aWR0aD0iMSIgaGVpZ2h0PSIxIiB4bWxucz0iaHR0cDovL3d3dy53My5vcmcvMjAwMC9zdmciPjwvc3ZnPg==\" style=\"--smush-placeholder-width: 1200px; --smush-placeholder-aspect-ratio: 1200\/800;\" \/><\/figure>\n\n\n\n<p>\u201cAz\u0259rsu\u201d ASC-nin G\u0259nc\u0259 Sukanal \u0130dar\u0259sind\u0259n Meydan TV-y\u0259 bildiribl\u0259r ki, \u0259hali qanunsuz olaraq kanalizasiya sistemini su arxlar\u0131na qo\u015fub. Bununla da kanalizasiya sistemi olmayan \u0259razid\u0259 probleml\u0259r yaran\u0131b. H\u0259min \u00fcnvanda kanalizasiya xidm\u0259tl\u0259ri idar\u0259nin xidm\u0259t sah\u0259sind\u0259 deyil.<\/p>\n\n\n\n<p>G\u0259nc\u0259 \u015e\u0259h\u0259r \u0130cra Hakimiyy\u0259tind\u0259n bildiribl\u0259r ki, ya\u011f\u0131\u015f ya\u011fanda b\u0259zi k\u00fc\u00e7\u0259l\u0259r\u0259 su dolur, lakin d\u0259rhal t\u0259dbirl\u0259r g\u00f6r\u00fcl\u00fcr:<br><em>\u201cT\u0259bii hadis\u0259l\u0259rdir, neyl\u0259m\u0259k olar? \u018fsas odur ki, d\u0259rhal t\u0259dbirl\u0259r g\u00f6r\u00fcl\u00fcr\u201d.<\/em><\/p>\n","protected":false},"excerpt":{"rendered":"<p>Leysan ya\u011f\u0131\u015flar\u0131ndan sonra b\u0259zi k\u00fc\u00e7\u0259l\u0259rin ke\u00e7ilm\u0259z oldu\u011fu bildirilir \u201cYa\u011f\u0131\u015f ya\u011fan &#8230; <\/p>\n<p class=\"read-more-container\"><a title=\"G\u0259nc\u0259 sakinl\u0259ri: \u201cYa\u011f\u0131\u015f ya\u011fan kimi arx da\u015f\u0131r, \u00e7irkab k\u00fc\u00e7\u0259 boyu yay\u0131l\u0131r\u201d\" class=\"read-more button\" href=\"https:\/\/www.meydan.tv\/az\/article\/gence-sakinleri-yagis-yagan-kimi-arx-dasir-cirkab-kuce-boyu-yayilir\/#more-277842\" aria-label=\"Read more about G\u0259nc\u0259 sakinl\u0259ri: \u201cYa\u011f\u0131\u015f ya\u011fan kimi arx da\u015f\u0131r, \u00e7irkab k\u00fc\u00e7\u0259 boyu yay\u0131l\u0131r\u201d\">Davam\u0131<\/a><\/p>\n","protected":false},"author":8,"featured_media":277847,"comment_status":"closed","ping_status":"closed","sticky":false,"template":"","format":"standard","meta":{"_acf_changed":false,"_sitemap_exclude":false,"_sitemap_priority":"","_sitemap_frequency":"","footnotes":""},"categories":[60,56],"tags":[],"class_list":["post-277842","post","type-post","status-publish","format-standard","has-post-thumbnail","hentry","category-bolge","category-xeberler","infinite-scroll-item","generate-columns","tablet-grid-50","mobile-grid-100","grid-parent","grid-33","no-featured-image-padding"],"acf":[],"yoast_head":"<!-- This site is optimized with the Yoast SEO plugin v27.5 - https:\/\/yoast.com\/product\/yoast-seo-wordpress\/ -->\n<title>G\u0259nc\u0259 sakinl\u0259ri: \u201cYa\u011f\u0131\u015f ya\u011fan kimi arx da\u015f\u0131r, \u00e7irkab k\u00fc\u00e7\u0259 boyu yay\u0131l\u0131r\u201d - MEYDAN.TV<\/title>\n<meta name=\"robots\" content=\"index, follow, max-snippet:-1, max-image-preview:large, max-video-preview:-1\" \/>\n<link rel=\"canonical\" href=\"https:\/\/www.meydan.tv\/az\/article\/gence-sakinleri-yagis-yagan-kimi-arx-dasir-cirkab-kuce-boyu-yayilir\/\" \/>\n<meta property=\"og:locale\" content=\"az_AZ\" \/>\n<meta property=\"og:type\" content=\"article\" \/>\n<meta property=\"og:title\" content=\"G\u0259nc\u0259 sakinl\u0259ri: \u201cYa\u011f\u0131\u015f ya\u011fan kimi arx da\u015f\u0131r, \u00e7irkab k\u00fc\u00e7\u0259 boyu yay\u0131l\u0131r\u201d - MEYDAN.TV\" \/>\n<meta property=\"og:description\" content=\"Leysan ya\u011f\u0131\u015flar\u0131ndan sonra b\u0259zi k\u00fc\u00e7\u0259l\u0259rin ke\u00e7ilm\u0259z oldu\u011fu bildirilir \u201cYa\u011f\u0131\u015f ya\u011fan ... Davam\u0131\" \/>\n<meta property=\"og:url\" content=\"https:\/\/www.meydan.tv\/az\/article\/gence-sakinleri-yagis-yagan-kimi-arx-dasir-cirkab-kuce-boyu-yayilir\/\" \/>\n<meta property=\"og:site_name\" content=\"MEYDAN.TV\" \/>\n<meta property=\"article:published_time\" content=\"2023-06-20T09:24:00+00:00\" \/>\n<meta property=\"article:modified_time\" content=\"2023-06-20T09:31:25+00:00\" \/>\n<meta property=\"og:image\" content=\"https:\/\/www.meydan.tv\/wp-content\/uploads\/untitled-design-1-95.jpg\" \/>\n\t<meta property=\"og:image:width\" content=\"1200\" \/>\n\t<meta property=\"og:image:height\" content=\"800\" \/>\n\t<meta property=\"og:image:type\" content=\"image\/jpeg\" \/>\n<meta name=\"author\" content=\"elli\" \/>\n<meta name=\"twitter:card\" content=\"summary_large_image\" \/>\n<meta name=\"twitter:creator\" content=\"@elli\" \/>\n<script type=\"application\/ld+json\" class=\"yoast-schema-graph\">{\"@context\":\"https:\\\/\\\/schema.org\",\"@graph\":[{\"@type\":\"Article\",\"@id\":\"https:\\\/\\\/www.meydan.tv\\\/az\\\/article\\\/gence-sakinleri-yagis-yagan-kimi-arx-dasir-cirkab-kuce-boyu-yayilir\\\/#article\",\"isPartOf\":{\"@id\":\"https:\\\/\\\/www.meydan.tv\\\/az\\\/article\\\/gence-sakinleri-yagis-yagan-kimi-arx-dasir-cirkab-kuce-boyu-yayilir\\\/\"},\"author\":{\"name\":\"elli\",\"@id\":\"https:\\\/\\\/www.meydan.tv\\\/az\\\/#\\\/schema\\\/person\\\/9cdbecf90d17180ce1dfbd95b08dcf47\"},\"headline\":\"G\u0259nc\u0259 sakinl\u0259ri: \u201cYa\u011f\u0131\u015f ya\u011fan kimi arx da\u015f\u0131r, \u00e7irkab k\u00fc\u00e7\u0259 boyu yay\u0131l\u0131r\u201d\",\"datePublished\":\"2023-06-20T09:24:00+00:00\",\"dateModified\":\"2023-06-20T09:31:25+00:00\",\"mainEntityOfPage\":{\"@id\":\"https:\\\/\\\/www.meydan.tv\\\/az\\\/article\\\/gence-sakinleri-yagis-yagan-kimi-arx-dasir-cirkab-kuce-boyu-yayilir\\\/\"},\"wordCount\":482,\"publisher\":{\"@id\":\"https:\\\/\\\/www.meydan.tv\\\/az\\\/#organization\"},\"image\":{\"@id\":\"https:\\\/\\\/www.meydan.tv\\\/az\\\/article\\\/gence-sakinleri-yagis-yagan-kimi-arx-dasir-cirkab-kuce-boyu-yayilir\\\/#primaryimage\"},\"thumbnailUrl\":\"https:\\\/\\\/www.meydan.tv\\\/wp-content\\\/uploads\\\/untitled-design-1-95.jpg\",\"articleSection\":[\"B\u00f6lg\u0259\",\"X\u0259b\u0259rl\u0259r\"],\"inLanguage\":\"az\"},{\"@type\":\"WebPage\",\"@id\":\"https:\\\/\\\/www.meydan.tv\\\/az\\\/article\\\/gence-sakinleri-yagis-yagan-kimi-arx-dasir-cirkab-kuce-boyu-yayilir\\\/\",\"url\":\"https:\\\/\\\/www.meydan.tv\\\/az\\\/article\\\/gence-sakinleri-yagis-yagan-kimi-arx-dasir-cirkab-kuce-boyu-yayilir\\\/\",\"name\":\"G\u0259nc\u0259 sakinl\u0259ri: \u201cYa\u011f\u0131\u015f ya\u011fan kimi arx da\u015f\u0131r, \u00e7irkab k\u00fc\u00e7\u0259 boyu yay\u0131l\u0131r\u201d - MEYDAN.TV\",\"isPartOf\":{\"@id\":\"https:\\\/\\\/www.meydan.tv\\\/az\\\/#website\"},\"primaryImageOfPage\":{\"@id\":\"https:\\\/\\\/www.meydan.tv\\\/az\\\/article\\\/gence-sakinleri-yagis-yagan-kimi-arx-dasir-cirkab-kuce-boyu-yayilir\\\/#primaryimage\"},\"image\":{\"@id\":\"https:\\\/\\\/www.meydan.tv\\\/az\\\/article\\\/gence-sakinleri-yagis-yagan-kimi-arx-dasir-cirkab-kuce-boyu-yayilir\\\/#primaryimage\"},\"thumbnailUrl\":\"https:\\\/\\\/www.meydan.tv\\\/wp-content\\\/uploads\\\/untitled-design-1-95.jpg\",\"datePublished\":\"2023-06-20T09:24:00+00:00\",\"dateModified\":\"2023-06-20T09:31:25+00:00\",\"breadcrumb\":{\"@id\":\"https:\\\/\\\/www.meydan.tv\\\/az\\\/article\\\/gence-sakinleri-yagis-yagan-kimi-arx-dasir-cirkab-kuce-boyu-yayilir\\\/#breadcrumb\"},\"inLanguage\":\"az\",\"potentialAction\":[{\"@type\":\"ReadAction\",\"target\":[\"https:\\\/\\\/www.meydan.tv\\\/az\\\/article\\\/gence-sakinleri-yagis-yagan-kimi-arx-dasir-cirkab-kuce-boyu-yayilir\\\/\"]}]},{\"@type\":\"ImageObject\",\"inLanguage\":\"az\",\"@id\":\"https:\\\/\\\/www.meydan.tv\\\/az\\\/article\\\/gence-sakinleri-yagis-yagan-kimi-arx-dasir-cirkab-kuce-boyu-yayilir\\\/#primaryimage\",\"url\":\"https:\\\/\\\/www.meydan.tv\\\/wp-content\\\/uploads\\\/untitled-design-1-95.jpg\",\"contentUrl\":\"https:\\\/\\\/www.meydan.tv\\\/wp-content\\\/uploads\\\/untitled-design-1-95.jpg\",\"width\":1200,\"height\":800,\"caption\":\"Fotolar: Meydan TV\"},{\"@type\":\"BreadcrumbList\",\"@id\":\"https:\\\/\\\/www.meydan.tv\\\/az\\\/article\\\/gence-sakinleri-yagis-yagan-kimi-arx-dasir-cirkab-kuce-boyu-yayilir\\\/#breadcrumb\",\"itemListElement\":[{\"@type\":\"ListItem\",\"position\":1,\"name\":\"Ana s\u0259hif\u0259\",\"item\":\"https:\\\/\\\/www.meydan.tv\\\/az\\\/\"},{\"@type\":\"ListItem\",\"position\":2,\"name\":\"B\u00f6lg\u0259\",\"item\":\"https:\\\/\\\/www.meydan.tv\\\/az\\\/section\\\/bolge\\\/\"},{\"@type\":\"ListItem\",\"position\":3,\"name\":\"G\u0259nc\u0259 sakinl\u0259ri: \u201cYa\u011f\u0131\u015f ya\u011fan kimi arx da\u015f\u0131r, \u00e7irkab k\u00fc\u00e7\u0259 boyu yay\u0131l\u0131r\u201d\"}]},{\"@type\":\"WebSite\",\"@id\":\"https:\\\/\\\/www.meydan.tv\\\/az\\\/#website\",\"url\":\"https:\\\/\\\/www.meydan.tv\\\/az\\\/\",\"name\":\"MEYDAN.TV\",\"description\":\"Meydan TV Az\u0259rbaycan\u0131n media m\u0259kan\u0131ndak\u0131 alternativ s\u0259sidir\",\"publisher\":{\"@id\":\"https:\\\/\\\/www.meydan.tv\\\/az\\\/#organization\"},\"potentialAction\":[{\"@type\":\"SearchAction\",\"target\":{\"@type\":\"EntryPoint\",\"urlTemplate\":\"https:\\\/\\\/www.meydan.tv\\\/az\\\/?s={search_term_string}\"},\"query-input\":{\"@type\":\"PropertyValueSpecification\",\"valueRequired\":true,\"valueName\":\"search_term_string\"}}],\"inLanguage\":\"az\"},{\"@type\":\"Organization\",\"@id\":\"https:\\\/\\\/www.meydan.tv\\\/az\\\/#organization\",\"name\":\"Meydan TV\",\"url\":\"https:\\\/\\\/www.meydan.tv\\\/az\\\/\",\"logo\":{\"@type\":\"ImageObject\",\"inLanguage\":\"az\",\"@id\":\"https:\\\/\\\/www.meydan.tv\\\/az\\\/#\\\/schema\\\/logo\\\/image\\\/\",\"url\":\"https:\\\/\\\/www.meydan.tv\\\/wp-content\\\/uploads\\\/2021\\\/07\\\/meydan-logo.svg\",\"contentUrl\":\"https:\\\/\\\/www.meydan.tv\\\/wp-content\\\/uploads\\\/2021\\\/07\\\/meydan-logo.svg\",\"width\":195,\"height\":46,\"caption\":\"Meydan TV\"},\"image\":{\"@id\":\"https:\\\/\\\/www.meydan.tv\\\/az\\\/#\\\/schema\\\/logo\\\/image\\\/\"}},{\"@type\":\"Person\",\"@id\":\"https:\\\/\\\/www.meydan.tv\\\/az\\\/#\\\/schema\\\/person\\\/9cdbecf90d17180ce1dfbd95b08dcf47\",\"name\":\"elli\",\"sameAs\":[\"https:\\\/\\\/x.com\\\/elli\"]}]}<\/script>\n<!-- \/ Yoast SEO plugin. -->","yoast_head_json":{"title":"G\u0259nc\u0259 sakinl\u0259ri: \u201cYa\u011f\u0131\u015f ya\u011fan kimi arx da\u015f\u0131r, \u00e7irkab k\u00fc\u00e7\u0259 boyu yay\u0131l\u0131r\u201d - MEYDAN.TV","robots":{"index":"index","follow":"follow","max-snippet":"max-snippet:-1","max-image-preview":"max-image-preview:large","max-video-preview":"max-video-preview:-1"},"canonical":"https:\/\/www.meydan.tv\/az\/article\/gence-sakinleri-yagis-yagan-kimi-arx-dasir-cirkab-kuce-boyu-yayilir\/","og_locale":"az_AZ","og_type":"article","og_title":"G\u0259nc\u0259 sakinl\u0259ri: \u201cYa\u011f\u0131\u015f ya\u011fan kimi arx da\u015f\u0131r, \u00e7irkab k\u00fc\u00e7\u0259 boyu yay\u0131l\u0131r\u201d - MEYDAN.TV","og_description":"Leysan ya\u011f\u0131\u015flar\u0131ndan sonra b\u0259zi k\u00fc\u00e7\u0259l\u0259rin ke\u00e7ilm\u0259z oldu\u011fu bildirilir \u201cYa\u011f\u0131\u015f ya\u011fan ... Davam\u0131","og_url":"https:\/\/www.meydan.tv\/az\/article\/gence-sakinleri-yagis-yagan-kimi-arx-dasir-cirkab-kuce-boyu-yayilir\/","og_site_name":"MEYDAN.TV","article_published_time":"2023-06-20T09:24:00+00:00","article_modified_time":"2023-06-20T09:31:25+00:00","og_image":[{"width":1200,"height":800,"url":"https:\/\/www.meydan.tv\/wp-content\/uploads\/untitled-design-1-95.jpg","type":"image\/jpeg"}],"author":"elli","twitter_card":"summary_large_image","twitter_creator":"@elli","schema":{"@context":"https:\/\/schema.org","@graph":[{"@type":"Article","@id":"https:\/\/www.meydan.tv\/az\/article\/gence-sakinleri-yagis-yagan-kimi-arx-dasir-cirkab-kuce-boyu-yayilir\/#article","isPartOf":{"@id":"https:\/\/www.meydan.tv\/az\/article\/gence-sakinleri-yagis-yagan-kimi-arx-dasir-cirkab-kuce-boyu-yayilir\/"},"author":{"name":"elli","@id":"https:\/\/www.meydan.tv\/az\/#\/schema\/person\/9cdbecf90d17180ce1dfbd95b08dcf47"},"headline":"G\u0259nc\u0259 sakinl\u0259ri: \u201cYa\u011f\u0131\u015f ya\u011fan kimi arx da\u015f\u0131r, \u00e7irkab k\u00fc\u00e7\u0259 boyu yay\u0131l\u0131r\u201d","datePublished":"2023-06-20T09:24:00+00:00","dateModified":"2023-06-20T09:31:25+00:00","mainEntityOfPage":{"@id":"https:\/\/www.meydan.tv\/az\/article\/gence-sakinleri-yagis-yagan-kimi-arx-dasir-cirkab-kuce-boyu-yayilir\/"},"wordCount":482,"publisher":{"@id":"https:\/\/www.meydan.tv\/az\/#organization"},"image":{"@id":"https:\/\/www.meydan.tv\/az\/article\/gence-sakinleri-yagis-yagan-kimi-arx-dasir-cirkab-kuce-boyu-yayilir\/#primaryimage"},"thumbnailUrl":"https:\/\/www.meydan.tv\/wp-content\/uploads\/untitled-design-1-95.jpg","articleSection":["B\u00f6lg\u0259","X\u0259b\u0259rl\u0259r"],"inLanguage":"az"},{"@type":"WebPage","@id":"https:\/\/www.meydan.tv\/az\/article\/gence-sakinleri-yagis-yagan-kimi-arx-dasir-cirkab-kuce-boyu-yayilir\/","url":"https:\/\/www.meydan.tv\/az\/article\/gence-sakinleri-yagis-yagan-kimi-arx-dasir-cirkab-kuce-boyu-yayilir\/","name":"G\u0259nc\u0259 sakinl\u0259ri: \u201cYa\u011f\u0131\u015f ya\u011fan kimi arx da\u015f\u0131r, \u00e7irkab k\u00fc\u00e7\u0259 boyu yay\u0131l\u0131r\u201d - MEYDAN.TV","isPartOf":{"@id":"https:\/\/www.meydan.tv\/az\/#website"},"primaryImageOfPage":{"@id":"https:\/\/www.meydan.tv\/az\/article\/gence-sakinleri-yagis-yagan-kimi-arx-dasir-cirkab-kuce-boyu-yayilir\/#primaryimage"},"image":{"@id":"https:\/\/www.meydan.tv\/az\/article\/gence-sakinleri-yagis-yagan-kimi-arx-dasir-cirkab-kuce-boyu-yayilir\/#primaryimage"},"thumbnailUrl":"https:\/\/www.meydan.tv\/wp-content\/uploads\/untitled-design-1-95.jpg","datePublished":"2023-06-20T09:24:00+00:00","dateModified":"2023-06-20T09:31:25+00:00","breadcrumb":{"@id":"https:\/\/www.meydan.tv\/az\/article\/gence-sakinleri-yagis-yagan-kimi-arx-dasir-cirkab-kuce-boyu-yayilir\/#breadcrumb"},"inLanguage":"az","potentialAction":[{"@type":"ReadAction","target":["https:\/\/www.meydan.tv\/az\/article\/gence-sakinleri-yagis-yagan-kimi-arx-dasir-cirkab-kuce-boyu-yayilir\/"]}]},{"@type":"ImageObject","inLanguage":"az","@id":"https:\/\/www.meydan.tv\/az\/article\/gence-sakinleri-yagis-yagan-kimi-arx-dasir-cirkab-kuce-boyu-yayilir\/#primaryimage","url":"https:\/\/www.meydan.tv\/wp-content\/uploads\/untitled-design-1-95.jpg","contentUrl":"https:\/\/www.meydan.tv\/wp-content\/uploads\/untitled-design-1-95.jpg","width":1200,"height":800,"caption":"Fotolar: Meydan TV"},{"@type":"BreadcrumbList","@id":"https:\/\/www.meydan.tv\/az\/article\/gence-sakinleri-yagis-yagan-kimi-arx-dasir-cirkab-kuce-boyu-yayilir\/#breadcrumb","itemListElement":[{"@type":"ListItem","position":1,"name":"Ana s\u0259hif\u0259","item":"https:\/\/www.meydan.tv\/az\/"},{"@type":"ListItem","position":2,"name":"B\u00f6lg\u0259","item":"https:\/\/www.meydan.tv\/az\/section\/bolge\/"},{"@type":"ListItem","position":3,"name":"G\u0259nc\u0259 sakinl\u0259ri: \u201cYa\u011f\u0131\u015f ya\u011fan kimi arx da\u015f\u0131r, \u00e7irkab k\u00fc\u00e7\u0259 boyu yay\u0131l\u0131r\u201d"}]},{"@type":"WebSite","@id":"https:\/\/www.meydan.tv\/az\/#website","url":"https:\/\/www.meydan.tv\/az\/","name":"MEYDAN.TV","description":"Meydan TV Az\u0259rbaycan\u0131n media m\u0259kan\u0131ndak\u0131 alternativ s\u0259sidir","publisher":{"@id":"https:\/\/www.meydan.tv\/az\/#organization"},"potentialAction":[{"@type":"SearchAction","target":{"@type":"EntryPoint","urlTemplate":"https:\/\/www.meydan.tv\/az\/?s={search_term_string}"},"query-input":{"@type":"PropertyValueSpecification","valueRequired":true,"valueName":"search_term_string"}}],"inLanguage":"az"},{"@type":"Organization","@id":"https:\/\/www.meydan.tv\/az\/#organization","name":"Meydan TV","url":"https:\/\/www.meydan.tv\/az\/","logo":{"@type":"ImageObject","inLanguage":"az","@id":"https:\/\/www.meydan.tv\/az\/#\/schema\/logo\/image\/","url":"https:\/\/www.meydan.tv\/wp-content\/uploads\/2021\/07\/meydan-logo.svg","contentUrl":"https:\/\/www.meydan.tv\/wp-content\/uploads\/2021\/07\/meydan-logo.svg","width":195,"height":46,"caption":"Meydan TV"},"image":{"@id":"https:\/\/www.meydan.tv\/az\/#\/schema\/logo\/image\/"}},{"@type":"Person","@id":"https:\/\/www.meydan.tv\/az\/#\/schema\/person\/9cdbecf90d17180ce1dfbd95b08dcf47","name":"elli","sameAs":["https:\/\/x.com\/elli"]}]}},"_links":{"self":[{"href":"https:\/\/www.meydan.tv\/az\/wp-json\/wp\/v2\/posts\/277842","targetHints":{"allow":["GET"]}}],"collection":[{"href":"https:\/\/www.meydan.tv\/az\/wp-json\/wp\/v2\/posts"}],"about":[{"href":"https:\/\/www.meydan.tv\/az\/wp-json\/wp\/v2\/types\/post"}],"author":[{"embeddable":true,"href":"https:\/\/www.meydan.tv\/az\/wp-json\/wp\/v2\/users\/8"}],"replies":[{"embeddable":true,"href":"https:\/\/www.meydan.tv\/az\/wp-json\/wp\/v2\/comments?post=277842"}],"version-history":[{"count":2,"href":"https:\/\/www.meydan.tv\/az\/wp-json\/wp\/v2\/posts\/277842\/revisions"}],"predecessor-version":[{"id":277853,"href":"https:\/\/www.meydan.tv\/az\/wp-json\/wp\/v2\/posts\/277842\/revisions\/277853"}],"wp:featuredmedia":[{"embeddable":true,"href":"https:\/\/www.meydan.tv\/az\/wp-json\/wp\/v2\/media\/277847"}],"wp:attachment":[{"href":"https:\/\/www.meydan.tv\/az\/wp-json\/wp\/v2\/media?parent=277842"}],"wp:term":[{"taxonomy":"category","embeddable":true,"href":"https:\/\/www.meydan.tv\/az\/wp-json\/wp\/v2\/categories?post=277842"},{"taxonomy":"post_tag","embeddable":true,"href":"https:\/\/www.meydan.tv\/az\/wp-json\/wp\/v2\/tags?post=277842"}],"curies":[{"name":"wp","href":"https:\/\/api.w.org\/{rel}","templated":true}]}}