{"id":277815,"date":"2023-06-19T19:02:46","date_gmt":"2023-06-19T15:02:46","guid":{"rendered":"https:\/\/www.meydan.tv\/?p=277815"},"modified":"2023-06-19T19:02:50","modified_gmt":"2023-06-19T15:02:50","slug":"azerbaycanin-daha-bir-herbcisinin-ozunu-gullelediyi-bildirilir","status":"publish","type":"post","link":"https:\/\/www.meydan.tv\/az\/article\/azerbaycanin-daha-bir-herbcisinin-ozunu-gullelediyi-bildirilir\/","title":{"rendered":"Az\u0259rbaycan\u0131n daha bir h\u0259rb\u00e7isinin \u00f6z\u00fcn\u00fc g\u00fcll\u0259l\u0259diyi bildirilir"},"content":{"rendered":"\n<p><\/p>\n\n\n\n<p><strong><em>Prokurorluq cinay\u0259t i\u015fi a\u00e7d\u0131\u011f\u0131n\u0131 deyir<\/em><\/strong><\/p>\n\n\n\n<p>M\u00fcdafi\u0259 Nazirliyinin H\u0259rbi Polis \u0130dar\u0259sinin m\u00fcdd\u0259td\u0259n art\u0131q h\u0259qiqi h\u0259rbi xidm\u0259t qulluq\u00e7usu, ba\u015f \u0259sg\u0259r F\u0259rid \u018fzizovun intihar etdiyi bildirilir.<\/p>\n\n\n\n<p>Bu bar\u0259d\u0259 H\u0259rbi Prokurorlu\u011fun m\u0259tbuat xidm\u0259ti m\u0259lumat yay\u0131b.<\/p>\n\n\n\n<p>M\u0259lumatda 1996-c\u0131 il t\u0259v\u0259ll\u00fcdl\u00fc F\u0259rid \u018fsg\u0259rovun F\u00fczuli rayonunda odlu silahla \u00f6z\u00fcn\u00fc \u00f6ld\u00fcrd\u00fcy\u00fc qeyd olunub.<\/p>\n\n\n\n<p>Fakt \u00fczr\u0259 F\u00fczuli H\u0259rbi Prokurorlu\u011funda Cinay\u0259t M\u0259c\u0259ll\u0259sinin 125-ci (\u00f6z\u00fcn\u00fc \u00f6ld\u00fcrm\u0259 h\u0259ddin\u0259 \u00e7atd\u0131rma) madd\u0259si il\u0259 cinay\u0259t i\u015finin a\u00e7\u0131ld\u0131\u011f\u0131 bildirilir:<\/p>\n\n\n\n<p><em>&#8220;\u015eahidl\u0259r dindirilib, m\u00fcvafiq ekspertizalar t\u0259yin edilib v\u0259 t\u0259xir\u0259sal\u0131nmaz z\u0259ruri istintaq h\u0259r\u0259k\u0259tl\u0259ri h\u0259yata ke\u00e7irilib. Eyni zamanda, F\u00fczuli H\u0259rbi Prokurorlu\u011funun v\u0259 qurumun Kriminalistika v\u0259 \u0130nformasiya Texnologiyalar\u0131 \u0130dar\u0259sinin \u0259m\u0259kda\u015flar\u0131 hadis\u0259 yerin\u0259 v\u0259 meyit\u0259 bax\u0131\u015f ke\u00e7iribl\u0259r&#8221;.<\/em><\/p>\n\n\n\n<p>H\u0259rbi Prokurorluq \u0259sg\u0259rin hans\u0131 rayondan oldu\u011fu bar\u0259d\u0259 he\u00e7 bir m\u0259lumat verm\u0259yib.<\/p>\n\n\n\n<p>Meydan TV h\u0259rb\u00e7inin yax\u0131nlar\u0131 il\u0259 \u0259laq\u0259 saxlaya bilm\u0259yib.<\/p>\n\n\n\n<p>Son iki g\u00fcnd\u0259 bu, r\u0259smi a\u00e7\u0131qlanan ikinci \u0259sg\u0259r \u00f6l\u00fcm\u00fc hadis\u0259sidir.<\/p>\n\n\n\n<p>\u0130yunun 17-d\u0259 D\u00f6vl\u0259t S\u0259rh\u0259d Xidm\u0259tinin (DSX) ba\u015f \u00e7avu\u015fu P\u0259rviz Hac\u0131yevin d\u0259 intihar etm\u0259si bar\u0259d\u0259 m\u0259lumat yay\u0131lm\u0131\u015fd\u0131.<\/p>\n\n\n\n<p>DSX bildirirdi ki, hadis\u0259 Qazax \u0259lahidd\u0259 s\u0259rh\u0259d diviziyas\u0131nda ba\u015f <a href=\"https:\/\/storage.googleapis.com\/qurium\/www.meydan.tv\/az-article-dsx-bas-cavus-ozunu-gulleleyerek-oldurub.html\" target=\"_blank\" rel=\"noreferrer noopener\">verib.<\/a><\/p>\n","protected":false},"excerpt":{"rendered":"<p>Prokurorluq cinay\u0259t i\u015fi a\u00e7d\u0131\u011f\u0131n\u0131 deyir M\u00fcdafi\u0259 Nazirliyinin H\u0259rbi Polis \u0130dar\u0259sinin &#8230; <\/p>\n<p class=\"read-more-container\"><a title=\"Az\u0259rbaycan\u0131n daha bir h\u0259rb\u00e7isinin \u00f6z\u00fcn\u00fc g\u00fcll\u0259l\u0259diyi bildirilir\" class=\"read-more button\" href=\"https:\/\/www.meydan.tv\/az\/article\/azerbaycanin-daha-bir-herbcisinin-ozunu-gullelediyi-bildirilir\/#more-277815\" aria-label=\"Read more about Az\u0259rbaycan\u0131n daha bir h\u0259rb\u00e7isinin \u00f6z\u00fcn\u00fc g\u00fcll\u0259l\u0259diyi bildirilir\">Davam\u0131<\/a><\/p>\n","protected":false},"author":8,"featured_media":277812,"comment_status":"closed","ping_status":"closed","sticky":false,"template":"","format":"standard","meta":{"_acf_changed":false,"_sitemap_exclude":false,"_sitemap_priority":"","_sitemap_frequency":"","footnotes":""},"categories":[60,79,56],"tags":[],"class_list":["post-277815","post","type-post","status-publish","format-standard","has-post-thumbnail","hentry","category-bolge","category-featured","category-xeberler","infinite-scroll-item","generate-columns","tablet-grid-50","mobile-grid-100","grid-parent","grid-33","no-featured-image-padding"],"acf":[],"yoast_head":"<!-- This site is optimized with the Yoast SEO plugin v27.5 - https:\/\/yoast.com\/product\/yoast-seo-wordpress\/ -->\n<title>Az\u0259rbaycan\u0131n daha bir h\u0259rb\u00e7isinin \u00f6z\u00fcn\u00fc g\u00fcll\u0259l\u0259diyi bildirilir - MEYDAN.TV<\/title>\n<meta name=\"robots\" content=\"index, follow, max-snippet:-1, max-image-preview:large, max-video-preview:-1\" \/>\n<link rel=\"canonical\" href=\"https:\/\/www.meydan.tv\/az\/article\/azerbaycanin-daha-bir-herbcisinin-ozunu-gullelediyi-bildirilir\/\" \/>\n<meta property=\"og:locale\" content=\"az_AZ\" \/>\n<meta property=\"og:type\" content=\"article\" \/>\n<meta property=\"og:title\" content=\"Az\u0259rbaycan\u0131n daha bir h\u0259rb\u00e7isinin \u00f6z\u00fcn\u00fc g\u00fcll\u0259l\u0259diyi bildirilir - MEYDAN.TV\" \/>\n<meta property=\"og:description\" content=\"Prokurorluq cinay\u0259t i\u015fi a\u00e7d\u0131\u011f\u0131n\u0131 deyir M\u00fcdafi\u0259 Nazirliyinin H\u0259rbi Polis \u0130dar\u0259sinin ... Davam\u0131\" \/>\n<meta property=\"og:url\" content=\"https:\/\/www.meydan.tv\/az\/article\/azerbaycanin-daha-bir-herbcisinin-ozunu-gullelediyi-bildirilir\/\" \/>\n<meta property=\"og:site_name\" content=\"MEYDAN.TV\" \/>\n<meta property=\"article:published_time\" content=\"2023-06-19T15:02:46+00:00\" \/>\n<meta property=\"article:modified_time\" content=\"2023-06-19T15:02:50+00:00\" \/>\n<meta property=\"og:image\" content=\"https:\/\/www.meydan.tv\/wp-content\/uploads\/soldier-walking-silhouette.jpg\" \/>\n\t<meta property=\"og:image:width\" content=\"1200\" \/>\n\t<meta property=\"og:image:height\" content=\"639\" \/>\n\t<meta property=\"og:image:type\" content=\"image\/jpeg\" \/>\n<meta name=\"author\" content=\"elli\" \/>\n<meta name=\"twitter:card\" content=\"summary_large_image\" \/>\n<meta name=\"twitter:creator\" content=\"@elli\" \/>\n<script type=\"application\/ld+json\" class=\"yoast-schema-graph\">{\"@context\":\"https:\\\/\\\/schema.org\",\"@graph\":[{\"@type\":\"Article\",\"@id\":\"https:\\\/\\\/www.meydan.tv\\\/az\\\/article\\\/azerbaycanin-daha-bir-herbcisinin-ozunu-gullelediyi-bildirilir\\\/#article\",\"isPartOf\":{\"@id\":\"https:\\\/\\\/www.meydan.tv\\\/az\\\/article\\\/azerbaycanin-daha-bir-herbcisinin-ozunu-gullelediyi-bildirilir\\\/\"},\"author\":{\"name\":\"elli\",\"@id\":\"https:\\\/\\\/www.meydan.tv\\\/az\\\/#\\\/schema\\\/person\\\/9cdbecf90d17180ce1dfbd95b08dcf47\"},\"headline\":\"Az\u0259rbaycan\u0131n daha bir h\u0259rb\u00e7isinin \u00f6z\u00fcn\u00fc g\u00fcll\u0259l\u0259diyi bildirilir\",\"datePublished\":\"2023-06-19T15:02:46+00:00\",\"dateModified\":\"2023-06-19T15:02:50+00:00\",\"mainEntityOfPage\":{\"@id\":\"https:\\\/\\\/www.meydan.tv\\\/az\\\/article\\\/azerbaycanin-daha-bir-herbcisinin-ozunu-gullelediyi-bildirilir\\\/\"},\"wordCount\":267,\"publisher\":{\"@id\":\"https:\\\/\\\/www.meydan.tv\\\/az\\\/#organization\"},\"image\":{\"@id\":\"https:\\\/\\\/www.meydan.tv\\\/az\\\/article\\\/azerbaycanin-daha-bir-herbcisinin-ozunu-gullelediyi-bildirilir\\\/#primaryimage\"},\"thumbnailUrl\":\"https:\\\/\\\/www.meydan.tv\\\/wp-content\\\/uploads\\\/soldier-walking-silhouette.jpg\",\"articleSection\":[\"B\u00f6lg\u0259\",\"T\u00f6vsiy\u0259\",\"X\u0259b\u0259rl\u0259r\"],\"inLanguage\":\"az\"},{\"@type\":\"WebPage\",\"@id\":\"https:\\\/\\\/www.meydan.tv\\\/az\\\/article\\\/azerbaycanin-daha-bir-herbcisinin-ozunu-gullelediyi-bildirilir\\\/\",\"url\":\"https:\\\/\\\/www.meydan.tv\\\/az\\\/article\\\/azerbaycanin-daha-bir-herbcisinin-ozunu-gullelediyi-bildirilir\\\/\",\"name\":\"Az\u0259rbaycan\u0131n daha bir h\u0259rb\u00e7isinin \u00f6z\u00fcn\u00fc g\u00fcll\u0259l\u0259diyi bildirilir - MEYDAN.TV\",\"isPartOf\":{\"@id\":\"https:\\\/\\\/www.meydan.tv\\\/az\\\/#website\"},\"primaryImageOfPage\":{\"@id\":\"https:\\\/\\\/www.meydan.tv\\\/az\\\/article\\\/azerbaycanin-daha-bir-herbcisinin-ozunu-gullelediyi-bildirilir\\\/#primaryimage\"},\"image\":{\"@id\":\"https:\\\/\\\/www.meydan.tv\\\/az\\\/article\\\/azerbaycanin-daha-bir-herbcisinin-ozunu-gullelediyi-bildirilir\\\/#primaryimage\"},\"thumbnailUrl\":\"https:\\\/\\\/www.meydan.tv\\\/wp-content\\\/uploads\\\/soldier-walking-silhouette.jpg\",\"datePublished\":\"2023-06-19T15:02:46+00:00\",\"dateModified\":\"2023-06-19T15:02:50+00:00\",\"breadcrumb\":{\"@id\":\"https:\\\/\\\/www.meydan.tv\\\/az\\\/article\\\/azerbaycanin-daha-bir-herbcisinin-ozunu-gullelediyi-bildirilir\\\/#breadcrumb\"},\"inLanguage\":\"az\",\"potentialAction\":[{\"@type\":\"ReadAction\",\"target\":[\"https:\\\/\\\/www.meydan.tv\\\/az\\\/article\\\/azerbaycanin-daha-bir-herbcisinin-ozunu-gullelediyi-bildirilir\\\/\"]}]},{\"@type\":\"ImageObject\",\"inLanguage\":\"az\",\"@id\":\"https:\\\/\\\/www.meydan.tv\\\/az\\\/article\\\/azerbaycanin-daha-bir-herbcisinin-ozunu-gullelediyi-bildirilir\\\/#primaryimage\",\"url\":\"https:\\\/\\\/www.meydan.tv\\\/wp-content\\\/uploads\\\/soldier-walking-silhouette.jpg\",\"contentUrl\":\"https:\\\/\\\/www.meydan.tv\\\/wp-content\\\/uploads\\\/soldier-walking-silhouette.jpg\",\"width\":1200,\"height\":639,\"caption\":\"\u018fsg\u0259r. M\u0259nb\u0259: \\\"Freepik\\\"\"},{\"@type\":\"BreadcrumbList\",\"@id\":\"https:\\\/\\\/www.meydan.tv\\\/az\\\/article\\\/azerbaycanin-daha-bir-herbcisinin-ozunu-gullelediyi-bildirilir\\\/#breadcrumb\",\"itemListElement\":[{\"@type\":\"ListItem\",\"position\":1,\"name\":\"Ana s\u0259hif\u0259\",\"item\":\"https:\\\/\\\/www.meydan.tv\\\/az\\\/\"},{\"@type\":\"ListItem\",\"position\":2,\"name\":\"B\u00f6lg\u0259\",\"item\":\"https:\\\/\\\/www.meydan.tv\\\/az\\\/section\\\/bolge\\\/\"},{\"@type\":\"ListItem\",\"position\":3,\"name\":\"Az\u0259rbaycan\u0131n daha bir h\u0259rb\u00e7isinin \u00f6z\u00fcn\u00fc g\u00fcll\u0259l\u0259diyi bildirilir\"}]},{\"@type\":\"WebSite\",\"@id\":\"https:\\\/\\\/www.meydan.tv\\\/az\\\/#website\",\"url\":\"https:\\\/\\\/www.meydan.tv\\\/az\\\/\",\"name\":\"MEYDAN.TV\",\"description\":\"Meydan TV Az\u0259rbaycan\u0131n media m\u0259kan\u0131ndak\u0131 alternativ s\u0259sidir\",\"publisher\":{\"@id\":\"https:\\\/\\\/www.meydan.tv\\\/az\\\/#organization\"},\"potentialAction\":[{\"@type\":\"SearchAction\",\"target\":{\"@type\":\"EntryPoint\",\"urlTemplate\":\"https:\\\/\\\/www.meydan.tv\\\/az\\\/?s={search_term_string}\"},\"query-input\":{\"@type\":\"PropertyValueSpecification\",\"valueRequired\":true,\"valueName\":\"search_term_string\"}}],\"inLanguage\":\"az\"},{\"@type\":\"Organization\",\"@id\":\"https:\\\/\\\/www.meydan.tv\\\/az\\\/#organization\",\"name\":\"Meydan TV\",\"url\":\"https:\\\/\\\/www.meydan.tv\\\/az\\\/\",\"logo\":{\"@type\":\"ImageObject\",\"inLanguage\":\"az\",\"@id\":\"https:\\\/\\\/www.meydan.tv\\\/az\\\/#\\\/schema\\\/logo\\\/image\\\/\",\"url\":\"https:\\\/\\\/www.meydan.tv\\\/wp-content\\\/uploads\\\/2021\\\/07\\\/meydan-logo.svg\",\"contentUrl\":\"https:\\\/\\\/www.meydan.tv\\\/wp-content\\\/uploads\\\/2021\\\/07\\\/meydan-logo.svg\",\"width\":195,\"height\":46,\"caption\":\"Meydan TV\"},\"image\":{\"@id\":\"https:\\\/\\\/www.meydan.tv\\\/az\\\/#\\\/schema\\\/logo\\\/image\\\/\"}},{\"@type\":\"Person\",\"@id\":\"https:\\\/\\\/www.meydan.tv\\\/az\\\/#\\\/schema\\\/person\\\/9cdbecf90d17180ce1dfbd95b08dcf47\",\"name\":\"elli\",\"sameAs\":[\"https:\\\/\\\/x.com\\\/elli\"]}]}<\/script>\n<!-- \/ Yoast SEO plugin. -->","yoast_head_json":{"title":"Az\u0259rbaycan\u0131n daha bir h\u0259rb\u00e7isinin \u00f6z\u00fcn\u00fc g\u00fcll\u0259l\u0259diyi bildirilir - MEYDAN.TV","robots":{"index":"index","follow":"follow","max-snippet":"max-snippet:-1","max-image-preview":"max-image-preview:large","max-video-preview":"max-video-preview:-1"},"canonical":"https:\/\/www.meydan.tv\/az\/article\/azerbaycanin-daha-bir-herbcisinin-ozunu-gullelediyi-bildirilir\/","og_locale":"az_AZ","og_type":"article","og_title":"Az\u0259rbaycan\u0131n daha bir h\u0259rb\u00e7isinin \u00f6z\u00fcn\u00fc g\u00fcll\u0259l\u0259diyi bildirilir - MEYDAN.TV","og_description":"Prokurorluq cinay\u0259t i\u015fi a\u00e7d\u0131\u011f\u0131n\u0131 deyir M\u00fcdafi\u0259 Nazirliyinin H\u0259rbi Polis \u0130dar\u0259sinin ... Davam\u0131","og_url":"https:\/\/www.meydan.tv\/az\/article\/azerbaycanin-daha-bir-herbcisinin-ozunu-gullelediyi-bildirilir\/","og_site_name":"MEYDAN.TV","article_published_time":"2023-06-19T15:02:46+00:00","article_modified_time":"2023-06-19T15:02:50+00:00","og_image":[{"width":1200,"height":639,"url":"https:\/\/www.meydan.tv\/wp-content\/uploads\/soldier-walking-silhouette.jpg","type":"image\/jpeg"}],"author":"elli","twitter_card":"summary_large_image","twitter_creator":"@elli","schema":{"@context":"https:\/\/schema.org","@graph":[{"@type":"Article","@id":"https:\/\/www.meydan.tv\/az\/article\/azerbaycanin-daha-bir-herbcisinin-ozunu-gullelediyi-bildirilir\/#article","isPartOf":{"@id":"https:\/\/www.meydan.tv\/az\/article\/azerbaycanin-daha-bir-herbcisinin-ozunu-gullelediyi-bildirilir\/"},"author":{"name":"elli","@id":"https:\/\/www.meydan.tv\/az\/#\/schema\/person\/9cdbecf90d17180ce1dfbd95b08dcf47"},"headline":"Az\u0259rbaycan\u0131n daha bir h\u0259rb\u00e7isinin \u00f6z\u00fcn\u00fc g\u00fcll\u0259l\u0259diyi bildirilir","datePublished":"2023-06-19T15:02:46+00:00","dateModified":"2023-06-19T15:02:50+00:00","mainEntityOfPage":{"@id":"https:\/\/www.meydan.tv\/az\/article\/azerbaycanin-daha-bir-herbcisinin-ozunu-gullelediyi-bildirilir\/"},"wordCount":267,"publisher":{"@id":"https:\/\/www.meydan.tv\/az\/#organization"},"image":{"@id":"https:\/\/www.meydan.tv\/az\/article\/azerbaycanin-daha-bir-herbcisinin-ozunu-gullelediyi-bildirilir\/#primaryimage"},"thumbnailUrl":"https:\/\/www.meydan.tv\/wp-content\/uploads\/soldier-walking-silhouette.jpg","articleSection":["B\u00f6lg\u0259","T\u00f6vsiy\u0259","X\u0259b\u0259rl\u0259r"],"inLanguage":"az"},{"@type":"WebPage","@id":"https:\/\/www.meydan.tv\/az\/article\/azerbaycanin-daha-bir-herbcisinin-ozunu-gullelediyi-bildirilir\/","url":"https:\/\/www.meydan.tv\/az\/article\/azerbaycanin-daha-bir-herbcisinin-ozunu-gullelediyi-bildirilir\/","name":"Az\u0259rbaycan\u0131n daha bir h\u0259rb\u00e7isinin \u00f6z\u00fcn\u00fc g\u00fcll\u0259l\u0259diyi bildirilir - MEYDAN.TV","isPartOf":{"@id":"https:\/\/www.meydan.tv\/az\/#website"},"primaryImageOfPage":{"@id":"https:\/\/www.meydan.tv\/az\/article\/azerbaycanin-daha-bir-herbcisinin-ozunu-gullelediyi-bildirilir\/#primaryimage"},"image":{"@id":"https:\/\/www.meydan.tv\/az\/article\/azerbaycanin-daha-bir-herbcisinin-ozunu-gullelediyi-bildirilir\/#primaryimage"},"thumbnailUrl":"https:\/\/www.meydan.tv\/wp-content\/uploads\/soldier-walking-silhouette.jpg","datePublished":"2023-06-19T15:02:46+00:00","dateModified":"2023-06-19T15:02:50+00:00","breadcrumb":{"@id":"https:\/\/www.meydan.tv\/az\/article\/azerbaycanin-daha-bir-herbcisinin-ozunu-gullelediyi-bildirilir\/#breadcrumb"},"inLanguage":"az","potentialAction":[{"@type":"ReadAction","target":["https:\/\/www.meydan.tv\/az\/article\/azerbaycanin-daha-bir-herbcisinin-ozunu-gullelediyi-bildirilir\/"]}]},{"@type":"ImageObject","inLanguage":"az","@id":"https:\/\/www.meydan.tv\/az\/article\/azerbaycanin-daha-bir-herbcisinin-ozunu-gullelediyi-bildirilir\/#primaryimage","url":"https:\/\/www.meydan.tv\/wp-content\/uploads\/soldier-walking-silhouette.jpg","contentUrl":"https:\/\/www.meydan.tv\/wp-content\/uploads\/soldier-walking-silhouette.jpg","width":1200,"height":639,"caption":"\u018fsg\u0259r. M\u0259nb\u0259: \"Freepik\""},{"@type":"BreadcrumbList","@id":"https:\/\/www.meydan.tv\/az\/article\/azerbaycanin-daha-bir-herbcisinin-ozunu-gullelediyi-bildirilir\/#breadcrumb","itemListElement":[{"@type":"ListItem","position":1,"name":"Ana s\u0259hif\u0259","item":"https:\/\/www.meydan.tv\/az\/"},{"@type":"ListItem","position":2,"name":"B\u00f6lg\u0259","item":"https:\/\/www.meydan.tv\/az\/section\/bolge\/"},{"@type":"ListItem","position":3,"name":"Az\u0259rbaycan\u0131n daha bir h\u0259rb\u00e7isinin \u00f6z\u00fcn\u00fc g\u00fcll\u0259l\u0259diyi bildirilir"}]},{"@type":"WebSite","@id":"https:\/\/www.meydan.tv\/az\/#website","url":"https:\/\/www.meydan.tv\/az\/","name":"MEYDAN.TV","description":"Meydan TV Az\u0259rbaycan\u0131n media m\u0259kan\u0131ndak\u0131 alternativ s\u0259sidir","publisher":{"@id":"https:\/\/www.meydan.tv\/az\/#organization"},"potentialAction":[{"@type":"SearchAction","target":{"@type":"EntryPoint","urlTemplate":"https:\/\/www.meydan.tv\/az\/?s={search_term_string}"},"query-input":{"@type":"PropertyValueSpecification","valueRequired":true,"valueName":"search_term_string"}}],"inLanguage":"az"},{"@type":"Organization","@id":"https:\/\/www.meydan.tv\/az\/#organization","name":"Meydan TV","url":"https:\/\/www.meydan.tv\/az\/","logo":{"@type":"ImageObject","inLanguage":"az","@id":"https:\/\/www.meydan.tv\/az\/#\/schema\/logo\/image\/","url":"https:\/\/www.meydan.tv\/wp-content\/uploads\/2021\/07\/meydan-logo.svg","contentUrl":"https:\/\/www.meydan.tv\/wp-content\/uploads\/2021\/07\/meydan-logo.svg","width":195,"height":46,"caption":"Meydan TV"},"image":{"@id":"https:\/\/www.meydan.tv\/az\/#\/schema\/logo\/image\/"}},{"@type":"Person","@id":"https:\/\/www.meydan.tv\/az\/#\/schema\/person\/9cdbecf90d17180ce1dfbd95b08dcf47","name":"elli","sameAs":["https:\/\/x.com\/elli"]}]}},"_links":{"self":[{"href":"https:\/\/www.meydan.tv\/az\/wp-json\/wp\/v2\/posts\/277815","targetHints":{"allow":["GET"]}}],"collection":[{"href":"https:\/\/www.meydan.tv\/az\/wp-json\/wp\/v2\/posts"}],"about":[{"href":"https:\/\/www.meydan.tv\/az\/wp-json\/wp\/v2\/types\/post"}],"author":[{"embeddable":true,"href":"https:\/\/www.meydan.tv\/az\/wp-json\/wp\/v2\/users\/8"}],"replies":[{"embeddable":true,"href":"https:\/\/www.meydan.tv\/az\/wp-json\/wp\/v2\/comments?post=277815"}],"version-history":[{"count":2,"href":"https:\/\/www.meydan.tv\/az\/wp-json\/wp\/v2\/posts\/277815\/revisions"}],"predecessor-version":[{"id":277817,"href":"https:\/\/www.meydan.tv\/az\/wp-json\/wp\/v2\/posts\/277815\/revisions\/277817"}],"wp:featuredmedia":[{"embeddable":true,"href":"https:\/\/www.meydan.tv\/az\/wp-json\/wp\/v2\/media\/277812"}],"wp:attachment":[{"href":"https:\/\/www.meydan.tv\/az\/wp-json\/wp\/v2\/media?parent=277815"}],"wp:term":[{"taxonomy":"category","embeddable":true,"href":"https:\/\/www.meydan.tv\/az\/wp-json\/wp\/v2\/categories?post=277815"},{"taxonomy":"post_tag","embeddable":true,"href":"https:\/\/www.meydan.tv\/az\/wp-json\/wp\/v2\/tags?post=277815"}],"curies":[{"name":"wp","href":"https:\/\/api.w.org\/{rel}","templated":true}]}}