{"id":277756,"date":"2023-06-19T13:48:26","date_gmt":"2023-06-19T09:48:26","guid":{"rendered":"https:\/\/www.meydan.tv\/?p=277756"},"modified":"2023-06-19T13:48:28","modified_gmt":"2023-06-19T09:48:28","slug":"kendiri-ozumuz-getirmeliyik","status":"publish","type":"post","link":"https:\/\/www.meydan.tv\/az\/article\/kendiri-ozumuz-getirmeliyik\/","title":{"rendered":"K\u0259ndiri \u00f6z\u00fcm\u00fcz g\u0259tirm\u0259liyik?"},"content":{"rendered":"\n<p><\/p>\n\n\n\n<p><strong>Z\u0259rd\u00fc\u015ft \u018flizad\u0259<\/strong><\/p>\n\n\n\n<p><strong><em>Az\u0259rbaycan n\u00fcmun\u0259vi istibdad \u00f6lk\u0259sidir v\u0259 bu \u00f6lk\u0259d\u0259 bir beyin v\u0259 bir irad\u0259 i\u015fl\u0259yir<\/em><\/strong><br><br>\u0130nternet saytlar\u0131na \u015f\u0259rh yazanlar\u0131n \u00e7oxu \u00e7al\u0131\u015f\u0131r m\u0259tl\u0259bin d\u0259rinin\u0259 getm\u0259sin, sad\u0259c\u0259 \u00f6z ilkin r\u0259yini yaz\u0131b h\u0259dd\u0259n ziyad\u0259 ba\u015f qo\u015fmas\u0131n.<\/p>\n\n\n\n<p>F\u0259q\u0259t h\u0259tta \u00f6t\u0259ri bildiril\u0259n fikir bel\u0259 \u015f\u0259rh sahibinin kimliyini, onun d\u00fc\u015f\u00fcnc\u0259 t\u0259rzini d\u0259qiq a\u015fkar ed\u0259 bilir, nec\u0259 ki, d\u0259niz suyunun bir damlas\u0131 onun \u015forlu\u011fundan x\u0259b\u0259r verir.<\/p>\n\n\n\n<p>Saytlarda Qaraba\u011f erm\u0259nil\u0259rinin reinteqrasiyas\u0131 il\u0259 ba\u011fl\u0131 \u00e7arxlar\u0131 diqq\u0259tl\u0259 izl\u0259yir\u0259m, o c\u00fcml\u0259d\u0259n \u015f\u0259rhl\u0259ri oxuyuram ki, camaat\u0131n \u0259hval\u0131n\u0131 tuta bilim. \u018flb\u0259tt\u0259, camaat\u0131n \u0259hval\u0131 bizim \u00f6lk\u0259d\u0259 \u0259n vacib m\u0259s\u0259l\u0259 deyil, lakin h\u0259r nec\u0259 d\u0259 olsa, m\u0259n ki, prezident aparat\u0131n\u0131n m\u0259muru deyil\u0259m, camaat\u0131n r\u0259yini bils\u0259m, faydal\u0131 olar.<\/p>\n\n\n\n<p>B\u0259li, m\u00fct\u0259x\u0259ssisl\u0259r erm\u0259nil\u0259rin c\u0259miyy\u0259timiz\u0259 qay\u0131d\u0131\u015f\u0131n\u0131 m\u00fczakir\u0259 edir. Burada kimins\u0259 yad\u0131na m\u0259rhum \u018fbd\u00fcrr\u0259hman V\u0259zirovun o vaxtk\u0131 v\u0259t\u0259n\u015fiv\u0259nl\u0259ri h\u0259dsiz q\u0259z\u0259bl\u0259ndirmi\u015f \u201cerm\u0259nil\u0259r qay\u0131d\u0131r\u201d m\u00fcjd\u0259si d\u00fc\u015f\u0259 bil\u0259r, lakin etiraf ed\u0259k ki, z\u0259man\u0259 az da olsa, \u0259halimiz\u0259 n\u0259yi is\u0259 \u00f6yr\u0259d\u0259 bilib. Bu x\u0259b\u0259r\u0259 q\u0259z\u0259bl\u0259n\u0259nl\u0259rin say\u0131 bu d\u0259f\u0259 k\u0259ll\u0259\u00e7arxa \u00e7\u0131xmayacaq, az\u0131 he\u00e7 kim Azadl\u0131q meydan\u0131na \u00e7\u0131x\u0131b \u201cistefa\u201d ba\u011f\u0131rmayacaq.<\/p>\n\n\n\n<p>M\u00fczakir\u0259 \u0259snas\u0131nda d\u00fcnyan\u0131n m\u00fcxt\u0259lif \u00f6lk\u0259l\u0259rind\u0259 ox\u015far d\u0259rdl\u0259r\u0259 tap\u0131lm\u0131\u015f \u00e7ar\u0259l\u0259rd\u0259n s\u00f6hb\u0259t apar\u0131l\u0131r. M\u0259s\u0259l\u0259n, sabiq Yuqoslaviya d\u00f6vl\u0259tl\u0259rind\u0259 qanl\u0131 m\u00fcharib\u0259l\u0259rd\u0259n sonra bir d\u00f6vl\u0259tin s\u0259rh\u0259dl\u0259ri i\u00e7\u0259risind\u0259 bar\u0131\u015f\u0131b ya\u015fayan xalqlar\u0131n dinc birg\u0259ya\u015fay\u0131\u015f\u0131n\u0131 t\u0259min etm\u0259k m\u0259qs\u0259dil\u0259 azl\u0131qlar\u0131n ana dili h\u00fcququna qanunla veril\u0259n t\u0259minat xat\u0131rlan\u0131r v\u0259 deyilir ki, Az\u0259rbaycanda da erm\u0259ni dilin\u0259 ox\u015far t\u0259minat veril\u0259 bil\u0259r.<\/p>\n\n\n\n<p>M\u0259n Balkanlardak\u0131 bu t\u0259minat\u0131n m\u0259nas\u0131n\u0131 v\u0259 g\u0259r\u0259yini anlay\u0131ram: bu xalqlar Avropada ya\u015fay\u0131r v\u0259 Avropa \u0130ttifaq\u0131n\u0131n qanunlar\u0131na uy\u011funla\u015fma\u011fa \u00e7al\u0131\u015f\u0131r. Avropa qanunlar\u0131 is\u0259 milli azl\u0131qlar\u0131n ana dilinin t\u0259drisi, qorunmas\u0131 v\u0259 inki\u015faf\u0131 m\u00f6vzusuna ciddi \u00f6n\u0259m verir.<\/p>\n\n\n\n<p>B\u0259li, ke\u00e7ir\u0259m bizim q\u0259dim v\u0259 m\u0259d\u0259ni xalq\u0131m\u0131z\u0131n n\u00fcmay\u0259nd\u0259l\u0259rinin \u015f\u0259rhl\u0259rini oxuma\u011fa. Nec\u0259 dey\u0259rl\u0259r, onlar \u00f6z k\u00f6n\u00fcll\u0259rini a\u00e7\u0131b \u00fcr\u0259k s\u00f6zl\u0259rini s\u0259pirl\u0259r mill\u0259tin ekranlar\u0131na. \u201cAl\u0131n a, bax\u0131n a, yana-yana qal\u0131n a!\u201d.<\/p>\n\n\n\n<p>Bir daha xat\u0131rlad\u0131ram ki, m\u00f6vzu m\u00fcharib\u0259 deyil, m\u00f6vzu bar\u0131\u015f, dinc birg\u0259 v\u0259 yana\u015f\u0131 ya\u015fama yollar\u0131n\u0131n m\u00fczakir\u0259sidir. Bu \u015f\u0259rh yazanlar K\u0259lb\u0259c\u0259r v\u0259 La\u00e7\u0131n da\u011flar\u0131nda postda v\u0259 s\u0259ng\u0259rd\u0259 \u0259ll\u0259rind\u0259 silah durmay\u0131blar, evl\u0259rind\u0259 masa arxas\u0131nda \u0259yl\u0259\u015fib ekrana tama\u015fa edirl\u0259r.\u00a0 M\u00fcharib\u0259 iki il yar\u0131m bundan \u0259qd\u0259m qurtar\u0131b, indi bar\u0131\u015f d\u0259midir.<\/p>\n\n\n\n<p>Bir igid \u015f\u0259rhd\u0259 q\u0259z\u0259bl\u0259 yaz\u0131r ki, \u201cerm\u0259ni dilin\u0259 he\u00e7 bir h\u00fcquq verilm\u0259sin!\u201d O birisi yaz\u0131r ki, \u201cerm\u0259ni dilind\u0259 m\u0259kt\u0259b v\u0259 d\u0259rslik olmaz\u201d.<\/p>\n\n\n\n<p>Xub, bel\u0259l\u0259rini \u00f6mr\u00fcm boyu az g\u00f6rm\u0259mi\u015f\u0259m v\u0259 \u00f6yr\u0259nc\u0259liy\u0259m. Mirz\u0259 \u018fl\u0259kb\u0259r Sabir bel\u0259 v\u00fccudlar\u0131 \u201cheyv\u0259r\u0259\u201d adland\u0131randa \u00e7ox \u00fcmid edirdi ki, g\u0259l\u0259c\u0259k Az\u0259rbaycanda onlar yoxa \u00e7\u0131xacaqlar, onlar\u0131n yerin\u0259 qanacaql\u0131 v\u0259 m\u0259rif\u0259tli az\u0259rbaycanl\u0131lar g\u0259l\u0259c\u0259k. Dahi \u015fairimiz, \u00e7ox t\u0259\u0259ss\u00fcf ki, yan\u0131l\u0131rd\u0131.<\/p>\n\n\n\n<p>Lakin m\u0259ni m\u00fct\u0259\u0259ssir ed\u0259n bir \u015f\u0259rhi cavabs\u0131z qoymaq ist\u0259m\u0259dim v\u0259 \u0259lim dinc durmad\u0131.<br>Bir arkada\u015f\u0131m\u0131z yazd\u0131 ki: <em>\u201cErm\u0259nil\u0259r\u0259 ana dili v\u0259 bu dild\u0259 d\u0259rslik h\u00fcququ verm\u0259k olmaz. M\u0259n tal\u0131\u015fam v\u0259 bizim m\u0259kt\u0259bl\u0259rd\u0259 tal\u0131\u015f dilind\u0259 n\u0259 d\u0259rs deyirl\u0259r, n\u0259 d\u0259 tal\u0131\u015f dilind\u0259 d\u0259rslikl\u0259r var. Odur ki, m\u0259n erm\u0259ni dilind\u0259 t\u0259drisin \u0259leyhin\u0259y\u0259m. Onlar\u0131n n\u0259yi tal\u0131\u015flardan art\u0131qd\u0131r? Bizd\u0259 yoxdursa, qoy onlarda da olmas\u0131n\u201d.<\/em><\/p>\n\n\n\n<p>B\u0259h-b\u0259h, nec\u0259 d\u0259 qibt\u0259edil\u0259si v\u0259t\u0259np\u0259rv\u0259rlik! Nec\u0259 d\u0259 misilsiz v\u0259t\u0259nda\u015f \u015f\u00fcuru! \u018fmin\u0259m ki, m\u0259hz bel\u0259 v\u0259t\u0259nda\u015flar\u0131n say\u0259sind\u0259 \u00f6lk\u0259mizd\u0259 misli-b\u0259rab\u0259ri olmayan sabitlik \u015f\u0259raitind\u0259 son 30 ild\u0259 20 saxta se\u00e7ki ke\u00e7irilib, minl\u0259rl\u0259 insan \u015f\u0259rl\u0259nib qazamata sal\u0131n\u0131b, onlarla milyard dollar o\u011furlan\u0131b xaric\u0259 da\u015f\u0131n\u0131b v\u0259 d\u00f6vl\u0259timizin ad\u0131 d\u00fcnyan\u0131n b\u00fct\u00fcn b\u0259dnam siyah\u0131lar\u0131nda \u00f6nc\u00fcll\u0259r s\u0131ras\u0131ndad\u0131r.<\/p>\n\n\n\n<p>Bu s\u0259tirl\u0259ri yazan tal\u0131\u015f arkada\u015f\u0131m\u0131z\u0131n sanki n\u0259 d\u00fcnyadan, n\u0259 d\u0259 Az\u0259rbaycan Respublikas\u0131n\u0131n Konstitusiyas\u0131ndan x\u0259b\u0259ri var. Bu insan bilmir ki, d\u00f6vl\u0259timizin \u0259n ali qanunu milli azl\u0131qlar\u0131n dilind\u0259 t\u0259hsili v\u0259 d\u0259rslikl\u0259ri bunu ist\u0259y\u0259n v\u0259t\u0259nda\u015flar\u0131n dan\u0131lmaz h\u00fcququ kimi tan\u0131y\u0131b. Bu qanuni h\u00fcquq b\u00fct\u00fcn m\u0259d\u0259ni d\u00f6vl\u0259tl\u0259rin konstitusiyalar\u0131nda t\u0259sbit edildiyin\u0259 g\u00f6r\u0259 bizim d\u00f6vl\u0259tin d\u0259 ali qanununa sal\u0131n\u0131b.<\/p>\n\n\n\n<p>\u015e\u00fcbh\u0259siz ki, reinteqrasiya bar\u0259d\u0259 dan\u0131\u015f\u0131qlar ba\u015flasa v\u0259 erm\u0259ni \u0259halisi Qaraba\u011fda qalsa, Az\u0259rbaycan h\u00f6kum\u0259ti erm\u0259ni \u0259halisinin bu h\u00fcququnu, o c\u00fcml\u0259d\u0259n erm\u0259ni dilind\u0259 d\u0259rslikd\u0259n oxumaq h\u00fcququnu tan\u0131yacaq. Ba\u015fqa c\u00fcr ola da bilm\u0259z! H\u00f6kum\u0259timiz erm\u0259nil\u0259rin bu h\u00fcququnu tan\u0131masa, t\u0259crid olunacaq, beyn\u0259lxalq al\u0259min g\u00f6z\u00fcnd\u0259 44-g\u00fcnl\u00fck m\u00fcharib\u0259nin d\u0259y\u0259rini v\u0259 \u015f\u0259hidl\u0259rimizin qan\u0131n\u0131 he\u00e7\u0259 endir\u0259c\u0259k.<\/p>\n\n\n\n<p>Burada sual yaran\u0131r: b\u0259s bizim \u0259ziz tal\u0131\u015f arkada\u015f\u0131m\u0131z n\u0259 \u00fc\u00e7\u00fcn b\u00fct\u00fcn v\u0259t\u0259nda\u015flara verilmi\u015f bu Konstitusiya h\u00fcququnun pozulmas\u0131na bel\u0259 d\u00f6z\u00fcml\u00fc yana\u015f\u0131r?<\/p>\n\n\n\n<p>Ax\u0131 sirr deyil ki, d\u00f6vl\u0259timizin Konstitusiyas\u0131n\u0131n bizim v\u0259t\u0259nda\u015flara t\u0259min etdiyi bu h\u00fcquqlar\u0131n ger\u00e7\u0259kl\u0259\u015fm\u0259sin\u0259 mane olan s\u0259b\u0259b \u015f\u0259xs\u0259n Prezidentin v\u0259 Ali Ba\u015f Komandan\u0131n g\u00f6st\u0259ri\u015fi il\u0259 xeyli sayda vicdans\u0131z m\u0259murun h\u0259yata ke\u00e7irdiyi zorak\u0131 qada\u011fanlard\u0131r.<\/p>\n\n\n\n<p>N\u0259 \u00fc\u00e7\u00fcn \u201cprezidentin g\u00f6st\u0259ri\u015fi\u201d\u201d yaz\u0131ram? \u00c7\u00fcnki bilir\u0259m ki, \u00f6lk\u0259mizd\u0259 b\u00fct\u00fcn yax\u015f\u0131 v\u0259 b\u00fct\u00fcn pis i\u015fl\u0259r onun g\u00f6st\u0259ri\u015fi olmadan h\u0259yata ke\u00e7iril\u0259 bilm\u0259z. Az\u0259rbaycan n\u00fcmun\u0259vi istibdad \u00f6lk\u0259sidir v\u0259 bu \u00f6lk\u0259d\u0259 bir beyin v\u0259 bir irad\u0259 i\u015fl\u0259yir. V\u0259t\u0259nda\u015flar\u0131n Konstitusion h\u00fcquqlar\u0131n\u0131 pozan, tal\u0131\u015f dilini v\u0259 bu dild\u0259 t\u0259drisi yasaq ed\u0259n m\u0259murlar, prezidentin icaz\u0259si olmadan bel\u0259 a\u015fkar qanun pozuntusuna c\u00fcr\u0259t etm\u0259zdil\u0259r.<\/p>\n\n\n\n<p>Qald\u0131 tal\u0131\u015f arkada\u015f\u0131n \u201cbiz\u0259 icaz\u0259 vermirl\u0259rs\u0259, qoy erm\u0259niy\u0259 d\u0259 icaz\u0259 verm\u0259sinl\u0259r\u201d m\u00f6vqeyin\u0259, onun bu s\u00f6zl\u0259ri m\u0259n\u0259 k\u00f6hn\u0259 sovet l\u0259tif\u0259sini xat\u0131rlatd\u0131.<\/p>\n\n\n\n<p>\u201c<em>SSR\u0130-d\u0259 iqtisadi v\u0259ziyy\u0259t durmadan pisl\u0259\u015fir. \u018ft-ya\u011f, \u00e7\u00f6r\u0259k q\u0259h\u0259t olur, f\u0259hl\u0259l\u0259rin maa\u015flar\u0131 k\u0259silir, h\u0259r ay azald\u0131l\u0131r. B\u00f6y\u00fck bir zavodun direktoru kollektivi toplay\u0131b deyir ki, \u201cM\u0259rk\u0259zi Komit\u0259d\u0259n g\u00f6st\u0259ri\u015f g\u0259lib, maa\u015flar\u0131n azald\u0131lmas\u0131 kifay\u0259t etmir, biz bundan sonra h\u0259r g\u00fcn g\u0259r\u0259k bir f\u0259hl\u0259ni sexd\u0259 bo\u011faz\u0131ndan asaq. Yolda\u015flar, n\u0259 t\u0259klifl\u0259r var?\u201d.<\/em><\/p>\n\n\n\n<p>F\u0259hl\u0259l\u0259r susur, yaln\u0131z bir f\u0259hl\u0259 \u0259lini qald\u0131r\u0131r. Direktor \u0259s\u0259bi soru\u015fur: \u201cN\u0259 s\u00f6z\u00fcn var\u201d? F\u0259hl\u0259 soru\u015fur: \u201c<em>K\u0259ndiri \u00f6z\u00fcm\u00fcz evd\u0259n g\u0259tirm\u0259liyik?\u201d.<\/em><\/p>\n\n\n\n<p>\u0130ndi d\u0259 iyirmi birinci \u0259srin 23-c\u00fc ilind\u0259 \u00f6z konstitusion h\u00fcquqlar\u0131ndan, bu h\u00fcquqlar\u0131n ger\u00e7\u0259kl\u0259\u015fdirilm\u0259si namin\u0259 Az\u0259rbaycan\u0131n tal\u0131\u015f f\u0259allar\u0131n\u0131n apard\u0131qlar\u0131 f\u0259dakar m\u00fcbariz\u0259d\u0259n x\u0259b\u0259ri olmayan tal\u0131\u015f arkada\u015f\u0131m\u0131z\u0131n bu m\u00fcasir z\u0259man\u0259 il\u0259 ayaqla\u015fmayan m\u00f6vqeyini g\u00f6r\u0259nd\u0259 v\u0259 oxuyanda anlay\u0131ram ki, c\u0259miyy\u0259timizin \u0259ks\u0259r \u00fczvl\u0259ri, komp\u00fcterd\u0259 oxuyub-yazma\u011f\u0131 \u00f6yr\u0259ns\u0259l\u0259r d\u0259, \u0259slind\u0259 Vasif Tal\u0131bov c\u0259nablar\u0131 demi\u015fk\u0259n, \u201ciks-iks\u201d\u0259srinin \u0259vv\u0259lind\u0259 ili\u015fib qal\u0131blar.<\/p>\n\n\n\n<p>M\u0259n\u0259 n\u0259 qal\u0131r? Arzu etm\u0259k ki, v\u0259t\u0259nda\u015flar\u0131m\u0131z q\u0259fl\u0259t yuxusundan oyan\u0131b \u00f6z h\u00fcquqlar\u0131n\u0131 \u00f6zl\u0259ri m\u00fcdafi\u0259 etsinl\u0259r, daha g\u00f6zl\u0259m\u0259sinl\u0259r ki, \u201cerm\u0259ni \u00f6z h\u00fcququnu t\u0259l\u0259b ed\u0259nd\u0259 bizim d\u0259 h\u00fcququmuz yada d\u00fc\u015f\u0259c\u0259k\u201d.<\/p>\n","protected":false},"excerpt":{"rendered":"<p>Z\u0259rd\u00fc\u015ft \u018flizad\u0259 Az\u0259rbaycan n\u00fcmun\u0259vi istibdad \u00f6lk\u0259sidir v\u0259 bu \u00f6lk\u0259d\u0259 bir &#8230; <\/p>\n<p class=\"read-more-container\"><a title=\"K\u0259ndiri \u00f6z\u00fcm\u00fcz g\u0259tirm\u0259liyik?\" class=\"read-more button\" href=\"https:\/\/www.meydan.tv\/az\/article\/kendiri-ozumuz-getirmeliyik\/#more-277756\" aria-label=\"Read more about K\u0259ndiri \u00f6z\u00fcm\u00fcz g\u0259tirm\u0259liyik?\">Davam\u0131<\/a><\/p>\n","protected":false},"author":8,"featured_media":126823,"comment_status":"closed","ping_status":"closed","sticky":false,"template":"","format":"standard","meta":{"_acf_changed":false,"_sitemap_exclude":false,"_sitemap_priority":"","_sitemap_frequency":"","footnotes":""},"categories":[57],"tags":[],"class_list":["post-277756","post","type-post","status-publish","format-standard","has-post-thumbnail","hentry","category-menim-fikrimce","infinite-scroll-item","generate-columns","tablet-grid-50","mobile-grid-100","grid-parent","grid-33","no-featured-image-padding"],"acf":[],"yoast_head":"<!-- This site is optimized with the Yoast SEO plugin v27.4 - https:\/\/yoast.com\/product\/yoast-seo-wordpress\/ -->\n<title>K\u0259ndiri \u00f6z\u00fcm\u00fcz g\u0259tirm\u0259liyik? - MEYDAN.TV<\/title>\n<meta name=\"robots\" content=\"index, follow, max-snippet:-1, max-image-preview:large, max-video-preview:-1\" \/>\n<link rel=\"canonical\" href=\"https:\/\/www.meydan.tv\/az\/article\/kendiri-ozumuz-getirmeliyik\/\" \/>\n<meta property=\"og:locale\" content=\"az_AZ\" \/>\n<meta property=\"og:type\" content=\"article\" \/>\n<meta property=\"og:title\" content=\"K\u0259ndiri \u00f6z\u00fcm\u00fcz g\u0259tirm\u0259liyik? - MEYDAN.TV\" \/>\n<meta property=\"og:description\" content=\"Z\u0259rd\u00fc\u015ft \u018flizad\u0259 Az\u0259rbaycan n\u00fcmun\u0259vi istibdad \u00f6lk\u0259sidir v\u0259 bu \u00f6lk\u0259d\u0259 bir ... Davam\u0131\" \/>\n<meta property=\"og:url\" content=\"https:\/\/www.meydan.tv\/az\/article\/kendiri-ozumuz-getirmeliyik\/\" \/>\n<meta property=\"og:site_name\" content=\"MEYDAN.TV\" \/>\n<meta property=\"article:published_time\" content=\"2023-06-19T09:48:26+00:00\" \/>\n<meta property=\"article:modified_time\" content=\"2023-06-19T09:48:28+00:00\" \/>\n<meta property=\"og:image\" content=\"https:\/\/www.meydan.tv\/wp-content\/uploads\/image_from_ios_2_p52ittc.original.original-scaled-e1682070233838.jpg\" \/>\n\t<meta property=\"og:image:width\" content=\"2560\" \/>\n\t<meta property=\"og:image:height\" content=\"1158\" \/>\n\t<meta property=\"og:image:type\" content=\"image\/jpeg\" \/>\n<meta name=\"author\" content=\"elli\" \/>\n<meta name=\"twitter:card\" content=\"summary_large_image\" \/>\n<meta name=\"twitter:creator\" content=\"@elli\" \/>\n<script type=\"application\/ld+json\" class=\"yoast-schema-graph\">{\"@context\":\"https:\\\/\\\/schema.org\",\"@graph\":[{\"@type\":\"Article\",\"@id\":\"https:\\\/\\\/www.meydan.tv\\\/az\\\/article\\\/kendiri-ozumuz-getirmeliyik\\\/#article\",\"isPartOf\":{\"@id\":\"https:\\\/\\\/www.meydan.tv\\\/az\\\/article\\\/kendiri-ozumuz-getirmeliyik\\\/\"},\"author\":{\"name\":\"elli\",\"@id\":\"https:\\\/\\\/www.meydan.tv\\\/az\\\/#\\\/schema\\\/person\\\/9cdbecf90d17180ce1dfbd95b08dcf47\"},\"headline\":\"K\u0259ndiri \u00f6z\u00fcm\u00fcz g\u0259tirm\u0259liyik?\",\"datePublished\":\"2023-06-19T09:48:26+00:00\",\"dateModified\":\"2023-06-19T09:48:28+00:00\",\"mainEntityOfPage\":{\"@id\":\"https:\\\/\\\/www.meydan.tv\\\/az\\\/article\\\/kendiri-ozumuz-getirmeliyik\\\/\"},\"wordCount\":1540,\"publisher\":{\"@id\":\"https:\\\/\\\/www.meydan.tv\\\/az\\\/#organization\"},\"image\":{\"@id\":\"https:\\\/\\\/www.meydan.tv\\\/az\\\/article\\\/kendiri-ozumuz-getirmeliyik\\\/#primaryimage\"},\"thumbnailUrl\":\"https:\\\/\\\/www.meydan.tv\\\/wp-content\\\/uploads\\\/image_from_ios_2_p52ittc.original.original-scaled-e1682070233838.jpg\",\"articleSection\":[\"M\u0259nim Fikrimc\u0259\"],\"inLanguage\":\"az\"},{\"@type\":\"WebPage\",\"@id\":\"https:\\\/\\\/www.meydan.tv\\\/az\\\/article\\\/kendiri-ozumuz-getirmeliyik\\\/\",\"url\":\"https:\\\/\\\/www.meydan.tv\\\/az\\\/article\\\/kendiri-ozumuz-getirmeliyik\\\/\",\"name\":\"K\u0259ndiri \u00f6z\u00fcm\u00fcz g\u0259tirm\u0259liyik? - MEYDAN.TV\",\"isPartOf\":{\"@id\":\"https:\\\/\\\/www.meydan.tv\\\/az\\\/#website\"},\"primaryImageOfPage\":{\"@id\":\"https:\\\/\\\/www.meydan.tv\\\/az\\\/article\\\/kendiri-ozumuz-getirmeliyik\\\/#primaryimage\"},\"image\":{\"@id\":\"https:\\\/\\\/www.meydan.tv\\\/az\\\/article\\\/kendiri-ozumuz-getirmeliyik\\\/#primaryimage\"},\"thumbnailUrl\":\"https:\\\/\\\/www.meydan.tv\\\/wp-content\\\/uploads\\\/image_from_ios_2_p52ittc.original.original-scaled-e1682070233838.jpg\",\"datePublished\":\"2023-06-19T09:48:26+00:00\",\"dateModified\":\"2023-06-19T09:48:28+00:00\",\"breadcrumb\":{\"@id\":\"https:\\\/\\\/www.meydan.tv\\\/az\\\/article\\\/kendiri-ozumuz-getirmeliyik\\\/#breadcrumb\"},\"inLanguage\":\"az\",\"potentialAction\":[{\"@type\":\"ReadAction\",\"target\":[\"https:\\\/\\\/www.meydan.tv\\\/az\\\/article\\\/kendiri-ozumuz-getirmeliyik\\\/\"]}]},{\"@type\":\"ImageObject\",\"inLanguage\":\"az\",\"@id\":\"https:\\\/\\\/www.meydan.tv\\\/az\\\/article\\\/kendiri-ozumuz-getirmeliyik\\\/#primaryimage\",\"url\":\"https:\\\/\\\/www.meydan.tv\\\/wp-content\\\/uploads\\\/image_from_ios_2_p52ittc.original.original-scaled-e1682070233838.jpg\",\"contentUrl\":\"https:\\\/\\\/www.meydan.tv\\\/wp-content\\\/uploads\\\/image_from_ios_2_p52ittc.original.original-scaled-e1682070233838.jpg\",\"width\":2560,\"height\":1158,\"caption\":\"Foto: Meydan TV\"},{\"@type\":\"BreadcrumbList\",\"@id\":\"https:\\\/\\\/www.meydan.tv\\\/az\\\/article\\\/kendiri-ozumuz-getirmeliyik\\\/#breadcrumb\",\"itemListElement\":[{\"@type\":\"ListItem\",\"position\":1,\"name\":\"Ana s\u0259hif\u0259\",\"item\":\"https:\\\/\\\/www.meydan.tv\\\/az\\\/\"},{\"@type\":\"ListItem\",\"position\":2,\"name\":\"M\u0259nim Fikrimc\u0259\",\"item\":\"https:\\\/\\\/www.meydan.tv\\\/az\\\/section\\\/menim-fikrimce\\\/\"},{\"@type\":\"ListItem\",\"position\":3,\"name\":\"K\u0259ndiri \u00f6z\u00fcm\u00fcz g\u0259tirm\u0259liyik?\"}]},{\"@type\":\"WebSite\",\"@id\":\"https:\\\/\\\/www.meydan.tv\\\/az\\\/#website\",\"url\":\"https:\\\/\\\/www.meydan.tv\\\/az\\\/\",\"name\":\"MEYDAN.TV\",\"description\":\"Meydan TV Az\u0259rbaycan\u0131n media m\u0259kan\u0131ndak\u0131 alternativ s\u0259sidir\",\"publisher\":{\"@id\":\"https:\\\/\\\/www.meydan.tv\\\/az\\\/#organization\"},\"potentialAction\":[{\"@type\":\"SearchAction\",\"target\":{\"@type\":\"EntryPoint\",\"urlTemplate\":\"https:\\\/\\\/www.meydan.tv\\\/az\\\/?s={search_term_string}\"},\"query-input\":{\"@type\":\"PropertyValueSpecification\",\"valueRequired\":true,\"valueName\":\"search_term_string\"}}],\"inLanguage\":\"az\"},{\"@type\":\"Organization\",\"@id\":\"https:\\\/\\\/www.meydan.tv\\\/az\\\/#organization\",\"name\":\"Meydan TV\",\"url\":\"https:\\\/\\\/www.meydan.tv\\\/az\\\/\",\"logo\":{\"@type\":\"ImageObject\",\"inLanguage\":\"az\",\"@id\":\"https:\\\/\\\/www.meydan.tv\\\/az\\\/#\\\/schema\\\/logo\\\/image\\\/\",\"url\":\"https:\\\/\\\/www.meydan.tv\\\/wp-content\\\/uploads\\\/2021\\\/07\\\/meydan-logo.svg\",\"contentUrl\":\"https:\\\/\\\/www.meydan.tv\\\/wp-content\\\/uploads\\\/2021\\\/07\\\/meydan-logo.svg\",\"width\":195,\"height\":46,\"caption\":\"Meydan TV\"},\"image\":{\"@id\":\"https:\\\/\\\/www.meydan.tv\\\/az\\\/#\\\/schema\\\/logo\\\/image\\\/\"}},{\"@type\":\"Person\",\"@id\":\"https:\\\/\\\/www.meydan.tv\\\/az\\\/#\\\/schema\\\/person\\\/9cdbecf90d17180ce1dfbd95b08dcf47\",\"name\":\"elli\",\"sameAs\":[\"https:\\\/\\\/x.com\\\/elli\"]}]}<\/script>\n<!-- \/ Yoast SEO plugin. -->","yoast_head_json":{"title":"K\u0259ndiri \u00f6z\u00fcm\u00fcz g\u0259tirm\u0259liyik? - MEYDAN.TV","robots":{"index":"index","follow":"follow","max-snippet":"max-snippet:-1","max-image-preview":"max-image-preview:large","max-video-preview":"max-video-preview:-1"},"canonical":"https:\/\/www.meydan.tv\/az\/article\/kendiri-ozumuz-getirmeliyik\/","og_locale":"az_AZ","og_type":"article","og_title":"K\u0259ndiri \u00f6z\u00fcm\u00fcz g\u0259tirm\u0259liyik? - MEYDAN.TV","og_description":"Z\u0259rd\u00fc\u015ft \u018flizad\u0259 Az\u0259rbaycan n\u00fcmun\u0259vi istibdad \u00f6lk\u0259sidir v\u0259 bu \u00f6lk\u0259d\u0259 bir ... Davam\u0131","og_url":"https:\/\/www.meydan.tv\/az\/article\/kendiri-ozumuz-getirmeliyik\/","og_site_name":"MEYDAN.TV","article_published_time":"2023-06-19T09:48:26+00:00","article_modified_time":"2023-06-19T09:48:28+00:00","og_image":[{"width":2560,"height":1158,"url":"https:\/\/www.meydan.tv\/wp-content\/uploads\/image_from_ios_2_p52ittc.original.original-scaled-e1682070233838.jpg","type":"image\/jpeg"}],"author":"elli","twitter_card":"summary_large_image","twitter_creator":"@elli","schema":{"@context":"https:\/\/schema.org","@graph":[{"@type":"Article","@id":"https:\/\/www.meydan.tv\/az\/article\/kendiri-ozumuz-getirmeliyik\/#article","isPartOf":{"@id":"https:\/\/www.meydan.tv\/az\/article\/kendiri-ozumuz-getirmeliyik\/"},"author":{"name":"elli","@id":"https:\/\/www.meydan.tv\/az\/#\/schema\/person\/9cdbecf90d17180ce1dfbd95b08dcf47"},"headline":"K\u0259ndiri \u00f6z\u00fcm\u00fcz g\u0259tirm\u0259liyik?","datePublished":"2023-06-19T09:48:26+00:00","dateModified":"2023-06-19T09:48:28+00:00","mainEntityOfPage":{"@id":"https:\/\/www.meydan.tv\/az\/article\/kendiri-ozumuz-getirmeliyik\/"},"wordCount":1540,"publisher":{"@id":"https:\/\/www.meydan.tv\/az\/#organization"},"image":{"@id":"https:\/\/www.meydan.tv\/az\/article\/kendiri-ozumuz-getirmeliyik\/#primaryimage"},"thumbnailUrl":"https:\/\/www.meydan.tv\/wp-content\/uploads\/image_from_ios_2_p52ittc.original.original-scaled-e1682070233838.jpg","articleSection":["M\u0259nim Fikrimc\u0259"],"inLanguage":"az"},{"@type":"WebPage","@id":"https:\/\/www.meydan.tv\/az\/article\/kendiri-ozumuz-getirmeliyik\/","url":"https:\/\/www.meydan.tv\/az\/article\/kendiri-ozumuz-getirmeliyik\/","name":"K\u0259ndiri \u00f6z\u00fcm\u00fcz g\u0259tirm\u0259liyik? - MEYDAN.TV","isPartOf":{"@id":"https:\/\/www.meydan.tv\/az\/#website"},"primaryImageOfPage":{"@id":"https:\/\/www.meydan.tv\/az\/article\/kendiri-ozumuz-getirmeliyik\/#primaryimage"},"image":{"@id":"https:\/\/www.meydan.tv\/az\/article\/kendiri-ozumuz-getirmeliyik\/#primaryimage"},"thumbnailUrl":"https:\/\/www.meydan.tv\/wp-content\/uploads\/image_from_ios_2_p52ittc.original.original-scaled-e1682070233838.jpg","datePublished":"2023-06-19T09:48:26+00:00","dateModified":"2023-06-19T09:48:28+00:00","breadcrumb":{"@id":"https:\/\/www.meydan.tv\/az\/article\/kendiri-ozumuz-getirmeliyik\/#breadcrumb"},"inLanguage":"az","potentialAction":[{"@type":"ReadAction","target":["https:\/\/www.meydan.tv\/az\/article\/kendiri-ozumuz-getirmeliyik\/"]}]},{"@type":"ImageObject","inLanguage":"az","@id":"https:\/\/www.meydan.tv\/az\/article\/kendiri-ozumuz-getirmeliyik\/#primaryimage","url":"https:\/\/www.meydan.tv\/wp-content\/uploads\/image_from_ios_2_p52ittc.original.original-scaled-e1682070233838.jpg","contentUrl":"https:\/\/www.meydan.tv\/wp-content\/uploads\/image_from_ios_2_p52ittc.original.original-scaled-e1682070233838.jpg","width":2560,"height":1158,"caption":"Foto: Meydan TV"},{"@type":"BreadcrumbList","@id":"https:\/\/www.meydan.tv\/az\/article\/kendiri-ozumuz-getirmeliyik\/#breadcrumb","itemListElement":[{"@type":"ListItem","position":1,"name":"Ana s\u0259hif\u0259","item":"https:\/\/www.meydan.tv\/az\/"},{"@type":"ListItem","position":2,"name":"M\u0259nim Fikrimc\u0259","item":"https:\/\/www.meydan.tv\/az\/section\/menim-fikrimce\/"},{"@type":"ListItem","position":3,"name":"K\u0259ndiri \u00f6z\u00fcm\u00fcz g\u0259tirm\u0259liyik?"}]},{"@type":"WebSite","@id":"https:\/\/www.meydan.tv\/az\/#website","url":"https:\/\/www.meydan.tv\/az\/","name":"MEYDAN.TV","description":"Meydan TV Az\u0259rbaycan\u0131n media m\u0259kan\u0131ndak\u0131 alternativ s\u0259sidir","publisher":{"@id":"https:\/\/www.meydan.tv\/az\/#organization"},"potentialAction":[{"@type":"SearchAction","target":{"@type":"EntryPoint","urlTemplate":"https:\/\/www.meydan.tv\/az\/?s={search_term_string}"},"query-input":{"@type":"PropertyValueSpecification","valueRequired":true,"valueName":"search_term_string"}}],"inLanguage":"az"},{"@type":"Organization","@id":"https:\/\/www.meydan.tv\/az\/#organization","name":"Meydan TV","url":"https:\/\/www.meydan.tv\/az\/","logo":{"@type":"ImageObject","inLanguage":"az","@id":"https:\/\/www.meydan.tv\/az\/#\/schema\/logo\/image\/","url":"https:\/\/www.meydan.tv\/wp-content\/uploads\/2021\/07\/meydan-logo.svg","contentUrl":"https:\/\/www.meydan.tv\/wp-content\/uploads\/2021\/07\/meydan-logo.svg","width":195,"height":46,"caption":"Meydan TV"},"image":{"@id":"https:\/\/www.meydan.tv\/az\/#\/schema\/logo\/image\/"}},{"@type":"Person","@id":"https:\/\/www.meydan.tv\/az\/#\/schema\/person\/9cdbecf90d17180ce1dfbd95b08dcf47","name":"elli","sameAs":["https:\/\/x.com\/elli"]}]}},"_links":{"self":[{"href":"https:\/\/www.meydan.tv\/az\/wp-json\/wp\/v2\/posts\/277756","targetHints":{"allow":["GET"]}}],"collection":[{"href":"https:\/\/www.meydan.tv\/az\/wp-json\/wp\/v2\/posts"}],"about":[{"href":"https:\/\/www.meydan.tv\/az\/wp-json\/wp\/v2\/types\/post"}],"author":[{"embeddable":true,"href":"https:\/\/www.meydan.tv\/az\/wp-json\/wp\/v2\/users\/8"}],"replies":[{"embeddable":true,"href":"https:\/\/www.meydan.tv\/az\/wp-json\/wp\/v2\/comments?post=277756"}],"version-history":[{"count":1,"href":"https:\/\/www.meydan.tv\/az\/wp-json\/wp\/v2\/posts\/277756\/revisions"}],"predecessor-version":[{"id":277757,"href":"https:\/\/www.meydan.tv\/az\/wp-json\/wp\/v2\/posts\/277756\/revisions\/277757"}],"wp:featuredmedia":[{"embeddable":true,"href":"https:\/\/www.meydan.tv\/az\/wp-json\/wp\/v2\/media\/126823"}],"wp:attachment":[{"href":"https:\/\/www.meydan.tv\/az\/wp-json\/wp\/v2\/media?parent=277756"}],"wp:term":[{"taxonomy":"category","embeddable":true,"href":"https:\/\/www.meydan.tv\/az\/wp-json\/wp\/v2\/categories?post=277756"},{"taxonomy":"post_tag","embeddable":true,"href":"https:\/\/www.meydan.tv\/az\/wp-json\/wp\/v2\/tags?post=277756"}],"curies":[{"name":"wp","href":"https:\/\/api.w.org\/{rel}","templated":true}]}}