{"id":277734,"date":"2023-06-19T13:22:27","date_gmt":"2023-06-19T09:22:27","guid":{"rendered":"https:\/\/www.meydan.tv\/?p=277734"},"modified":"2023-06-19T13:22:30","modified_gmt":"2023-06-19T09:22:30","slug":"agdamin-kendlerini-dolu-vurdu","status":"publish","type":"post","link":"https:\/\/www.meydan.tv\/az\/article\/agdamin-kendlerini-dolu-vurdu\/","title":{"rendered":"A\u011fdam\u0131n k\u0259ndl\u0259rini dolu vurdu"},"content":{"rendered":"\n<p><\/p>\n\n\n\n<p><em><strong>\u201cM\u00fcharib\u0259d\u0259n sonra bel\u0259 f\u0259lak\u0259t g\u00f6rm\u0259mi\u015fdik\u201d<\/strong><\/em><\/p>\n\n\n\n<p>\u0130yunun 18-d\u0259 ya\u011fan dolu A\u011fdamda k\u0259nd t\u0259s\u0259rr\u00fcfat\u0131na ziyan vurub. Tax\u0131l z\u0259mil\u0259ri, bostanlar t\u0259l\u0259f olub, dam \u00f6rt\u00fckl\u0259ri u\u00e7ub, meyv\u0259 a\u011faclar\u0131 q\u0131r\u0131l\u0131b.<\/p>\n\n\n\n<p><em>&#8220;\u018fkib-bi\u00e7in sah\u0259l\u0259ri m\u0259hv oldu. Bi\u00e7ilm\u0259mi\u015f tax\u0131l\u0131 dolu vurdu. M\u00fcharib\u0259d\u0259n sonra bel\u0259 f\u0259lak\u0259t g\u00f6rm\u0259mi\u015fdik&#8221;, <\/em>&#8211; A\u011fdam\u0131n \u00c7\u0259m\u0259nli k\u0259nd sakinl\u0259ri Meydan TV-y\u0259 bel\u0259 deyibl\u0259r.<\/p>\n\n\n\n<p>Onlar\u0131n s\u00f6zl\u0259rin\u0259 g\u00f6r\u0259, \u0259ks\u0259r evin dam \u00f6rt\u00fcy\u00fc u\u00e7ub.<\/p>\n\n\n\n<p>\u00a0<em>&#8220;Tax\u0131l bi\u00e7ini vaxt\u0131 idi. Bi\u00e7ilm\u0259mi\u015f tax\u0131llar m\u0259hv oldu. G\u00f6z\u00fcm\u00fcz\u00fc ona tikmi\u015fdik. G\u00fczaran\u0131m\u0131z nec\u0259 olacaq, bilmirik&#8221;,- <\/em>Sabir adl\u0131 k\u0259nd sakini deyib.<\/p>\n\n\n\n<p>Rayonun bir ne\u00e7\u0259 k\u0259ndin dolu vurub. Sakinl\u0259r deyirl\u0259r ki, b\u00fct\u00fcn m\u00fcvafiq qurumlara z\u0259ng vurublar, h\u0259l\u0259lik f\u00f6vq\u0259lad\u0259 hallar komissiyas\u0131ndan g\u0259l\u0259n yoxdur.<\/p>\n\n\n\n<p><em>\u201c\u00c7oxu dam \u00f6rt\u00fcy\u00fcn\u00fc \u00f6z\u00fc yamay\u0131r ki, ya\u011f\u0131\u015f ya\u011fanda su i\u00e7\u0259ri dolmas\u0131n\u201d, &#8211;<\/em> Mahr\u0131zl\u0131 k\u0259nd sakini M\u0259mm\u0259d \u018fliyev bildirib.<\/p>\n\n\n<div class=\"wp-block-image\">\n<figure class=\"aligncenter size-full\"><img decoding=\"async\" width=\"1200\" height=\"800\" data-src=\"https:\/\/www.meydan.tv\/wp-content\/uploads\/untitled-design-146.jpg\" alt=\"\" class=\"wp-image-277746 lazyload\" src=\"data:image\/svg+xml;base64,PHN2ZyB3aWR0aD0iMSIgaGVpZ2h0PSIxIiB4bWxucz0iaHR0cDovL3d3dy53My5vcmcvMjAwMC9zdmciPjwvc3ZnPg==\" style=\"--smush-placeholder-width: 1200px; --smush-placeholder-aspect-ratio: 1200\/800;\" \/><figcaption class=\"wp-element-caption\">screenshot<\/figcaption><\/figure>\n<\/div>\n\n\n<p>Onun s\u00f6zl\u0259rin\u0259 g\u00f6r\u0259, h\u0259y\u0259tl\u0259rind\u0259ki meyv\u0259 a\u011faclar\u0131n\u0131n budaqlar\u0131 q\u0131r\u0131l\u0131b, meyv\u0259l\u0259ri dolu vurub:<\/p>\n\n\n\n<p><em>&#8220;El\u0259 s\u0259s g\u0259lirdi, u\u015faqlar a\u011fla\u015f\u0131rd\u0131lar, sanki at\u0131\u015fmayd\u0131. M\u0259n indiy\u0259d\u0259k bu boyda dolu g\u00f6rm\u0259mi\u015fdim. Bizim s\u0259simizi \u00e7atd\u0131r\u0131n. Pul yoxdur, m\u0259hsullar\u0131m\u0131z m\u0259hv oldu, k\u00f6m\u0259klik etsinl\u0259r&#8221;.<\/em><\/p>\n\n\n\n<p>\u00c7\u0259m\u0259nli K\u0259nd B\u0259l\u0259diyy\u0259sinin s\u0259dri Lo\u011fman B\u0259xtiyarov bildirib ki, evl\u0259r\u0259 v\u0259 avtomobill\u0259r\u0259 z\u0259r\u0259r d\u0259yib. Haz\u0131rda m\u00fcraci\u0259t ed\u0259nl\u0259r var, onlar siyah\u0131ya al\u0131n\u0131rlar. T\u0259xmin\u0259n 10-a yax\u0131n avtomobil\u0259 z\u0259r\u0259r d\u0259ydiyi bildirilir.<\/p>\n\n\n\n<p>B\u0259l\u0259diyy\u0259 s\u0259dri deyib ki, b\u0259zil\u0259rin\u0259 az, b\u0259zil\u0259rin\u0259 \u00e7ox olmaqla b\u00fct\u00fcn evl\u0259r\u0259 ziyan d\u0259yib.<br>K\u0259ndd\u0259 800-\u0259 yax\u0131n ev var.<\/p>\n\n\n\n<p>A\u011fdam \u0130cra Hakimiyy\u0259tind\u0259n is\u0259 k\u0259ndl\u0259r\u0259 d\u0259ymi\u015f z\u0259r\u0259rl\u0259 ba\u011fl\u0131 ilkin m\u0259lumat\u0131n olmad\u0131\u011f\u0131n\u0131 deyibl\u0259r.<\/p>\n","protected":false},"excerpt":{"rendered":"<p>\u201cM\u00fcharib\u0259d\u0259n sonra bel\u0259 f\u0259lak\u0259t g\u00f6rm\u0259mi\u015fdik\u201d \u0130yunun 18-d\u0259 ya\u011fan dolu A\u011fdamda &#8230; <\/p>\n<p class=\"read-more-container\"><a title=\"A\u011fdam\u0131n k\u0259ndl\u0259rini dolu vurdu\" class=\"read-more button\" href=\"https:\/\/www.meydan.tv\/az\/article\/agdamin-kendlerini-dolu-vurdu\/#more-277734\" aria-label=\"Read more about A\u011fdam\u0131n k\u0259ndl\u0259rini dolu vurdu\">Davam\u0131<\/a><\/p>\n","protected":false},"author":8,"featured_media":277709,"comment_status":"closed","ping_status":"closed","sticky":false,"template":"","format":"standard","meta":{"_acf_changed":false,"_sitemap_exclude":false,"_sitemap_priority":"","_sitemap_frequency":"","footnotes":""},"categories":[60,79,56],"tags":[],"class_list":["post-277734","post","type-post","status-publish","format-standard","has-post-thumbnail","hentry","category-bolge","category-featured","category-xeberler","infinite-scroll-item","generate-columns","tablet-grid-50","mobile-grid-100","grid-parent","grid-33","no-featured-image-padding"],"acf":[],"yoast_head":"<!-- This site is optimized with the Yoast SEO plugin v27.5 - https:\/\/yoast.com\/product\/yoast-seo-wordpress\/ -->\n<title>A\u011fdam\u0131n k\u0259ndl\u0259rini dolu vurdu - MEYDAN.TV<\/title>\n<meta name=\"robots\" content=\"index, follow, max-snippet:-1, max-image-preview:large, max-video-preview:-1\" \/>\n<link rel=\"canonical\" href=\"https:\/\/www.meydan.tv\/az\/article\/agdamin-kendlerini-dolu-vurdu\/\" \/>\n<meta property=\"og:locale\" content=\"az_AZ\" \/>\n<meta property=\"og:type\" content=\"article\" \/>\n<meta property=\"og:title\" content=\"A\u011fdam\u0131n k\u0259ndl\u0259rini dolu vurdu - MEYDAN.TV\" \/>\n<meta property=\"og:description\" content=\"\u201cM\u00fcharib\u0259d\u0259n sonra bel\u0259 f\u0259lak\u0259t g\u00f6rm\u0259mi\u015fdik\u201d \u0130yunun 18-d\u0259 ya\u011fan dolu A\u011fdamda ... Davam\u0131\" \/>\n<meta property=\"og:url\" content=\"https:\/\/www.meydan.tv\/az\/article\/agdamin-kendlerini-dolu-vurdu\/\" \/>\n<meta property=\"og:site_name\" content=\"MEYDAN.TV\" \/>\n<meta property=\"article:published_time\" content=\"2023-06-19T09:22:27+00:00\" \/>\n<meta property=\"article:modified_time\" content=\"2023-06-19T09:22:30+00:00\" \/>\n<meta property=\"og:image\" content=\"https:\/\/www.meydan.tv\/wp-content\/uploads\/img_0139.jpg\" \/>\n\t<meta property=\"og:image:width\" content=\"1200\" \/>\n\t<meta property=\"og:image:height\" content=\"800\" \/>\n\t<meta property=\"og:image:type\" content=\"image\/jpeg\" \/>\n<meta name=\"author\" content=\"elli\" \/>\n<meta name=\"twitter:card\" content=\"summary_large_image\" \/>\n<meta name=\"twitter:creator\" content=\"@elli\" \/>\n<script type=\"application\/ld+json\" class=\"yoast-schema-graph\">{\"@context\":\"https:\\\/\\\/schema.org\",\"@graph\":[{\"@type\":\"Article\",\"@id\":\"https:\\\/\\\/www.meydan.tv\\\/az\\\/article\\\/agdamin-kendlerini-dolu-vurdu\\\/#article\",\"isPartOf\":{\"@id\":\"https:\\\/\\\/www.meydan.tv\\\/az\\\/article\\\/agdamin-kendlerini-dolu-vurdu\\\/\"},\"author\":{\"name\":\"elli\",\"@id\":\"https:\\\/\\\/www.meydan.tv\\\/az\\\/#\\\/schema\\\/person\\\/9cdbecf90d17180ce1dfbd95b08dcf47\"},\"headline\":\"A\u011fdam\u0131n k\u0259ndl\u0259rini dolu vurdu\",\"datePublished\":\"2023-06-19T09:22:27+00:00\",\"dateModified\":\"2023-06-19T09:22:30+00:00\",\"mainEntityOfPage\":{\"@id\":\"https:\\\/\\\/www.meydan.tv\\\/az\\\/article\\\/agdamin-kendlerini-dolu-vurdu\\\/\"},\"wordCount\":398,\"publisher\":{\"@id\":\"https:\\\/\\\/www.meydan.tv\\\/az\\\/#organization\"},\"image\":{\"@id\":\"https:\\\/\\\/www.meydan.tv\\\/az\\\/article\\\/agdamin-kendlerini-dolu-vurdu\\\/#primaryimage\"},\"thumbnailUrl\":\"https:\\\/\\\/www.meydan.tv\\\/wp-content\\\/uploads\\\/img_0139.jpg\",\"articleSection\":[\"B\u00f6lg\u0259\",\"T\u00f6vsiy\u0259\",\"X\u0259b\u0259rl\u0259r\"],\"inLanguage\":\"az\"},{\"@type\":\"WebPage\",\"@id\":\"https:\\\/\\\/www.meydan.tv\\\/az\\\/article\\\/agdamin-kendlerini-dolu-vurdu\\\/\",\"url\":\"https:\\\/\\\/www.meydan.tv\\\/az\\\/article\\\/agdamin-kendlerini-dolu-vurdu\\\/\",\"name\":\"A\u011fdam\u0131n k\u0259ndl\u0259rini dolu vurdu - MEYDAN.TV\",\"isPartOf\":{\"@id\":\"https:\\\/\\\/www.meydan.tv\\\/az\\\/#website\"},\"primaryImageOfPage\":{\"@id\":\"https:\\\/\\\/www.meydan.tv\\\/az\\\/article\\\/agdamin-kendlerini-dolu-vurdu\\\/#primaryimage\"},\"image\":{\"@id\":\"https:\\\/\\\/www.meydan.tv\\\/az\\\/article\\\/agdamin-kendlerini-dolu-vurdu\\\/#primaryimage\"},\"thumbnailUrl\":\"https:\\\/\\\/www.meydan.tv\\\/wp-content\\\/uploads\\\/img_0139.jpg\",\"datePublished\":\"2023-06-19T09:22:27+00:00\",\"dateModified\":\"2023-06-19T09:22:30+00:00\",\"breadcrumb\":{\"@id\":\"https:\\\/\\\/www.meydan.tv\\\/az\\\/article\\\/agdamin-kendlerini-dolu-vurdu\\\/#breadcrumb\"},\"inLanguage\":\"az\",\"potentialAction\":[{\"@type\":\"ReadAction\",\"target\":[\"https:\\\/\\\/www.meydan.tv\\\/az\\\/article\\\/agdamin-kendlerini-dolu-vurdu\\\/\"]}]},{\"@type\":\"ImageObject\",\"inLanguage\":\"az\",\"@id\":\"https:\\\/\\\/www.meydan.tv\\\/az\\\/article\\\/agdamin-kendlerini-dolu-vurdu\\\/#primaryimage\",\"url\":\"https:\\\/\\\/www.meydan.tv\\\/wp-content\\\/uploads\\\/img_0139.jpg\",\"contentUrl\":\"https:\\\/\\\/www.meydan.tv\\\/wp-content\\\/uploads\\\/img_0139.jpg\",\"width\":1200,\"height\":800,\"caption\":\"Ya\u011f\u0131\u015f, sel, da\u015fq\u0131n. Foto: Meydan TV\"},{\"@type\":\"BreadcrumbList\",\"@id\":\"https:\\\/\\\/www.meydan.tv\\\/az\\\/article\\\/agdamin-kendlerini-dolu-vurdu\\\/#breadcrumb\",\"itemListElement\":[{\"@type\":\"ListItem\",\"position\":1,\"name\":\"Ana s\u0259hif\u0259\",\"item\":\"https:\\\/\\\/www.meydan.tv\\\/az\\\/\"},{\"@type\":\"ListItem\",\"position\":2,\"name\":\"B\u00f6lg\u0259\",\"item\":\"https:\\\/\\\/www.meydan.tv\\\/az\\\/section\\\/bolge\\\/\"},{\"@type\":\"ListItem\",\"position\":3,\"name\":\"A\u011fdam\u0131n k\u0259ndl\u0259rini dolu vurdu\"}]},{\"@type\":\"WebSite\",\"@id\":\"https:\\\/\\\/www.meydan.tv\\\/az\\\/#website\",\"url\":\"https:\\\/\\\/www.meydan.tv\\\/az\\\/\",\"name\":\"MEYDAN.TV\",\"description\":\"Meydan TV Az\u0259rbaycan\u0131n media m\u0259kan\u0131ndak\u0131 alternativ s\u0259sidir\",\"publisher\":{\"@id\":\"https:\\\/\\\/www.meydan.tv\\\/az\\\/#organization\"},\"potentialAction\":[{\"@type\":\"SearchAction\",\"target\":{\"@type\":\"EntryPoint\",\"urlTemplate\":\"https:\\\/\\\/www.meydan.tv\\\/az\\\/?s={search_term_string}\"},\"query-input\":{\"@type\":\"PropertyValueSpecification\",\"valueRequired\":true,\"valueName\":\"search_term_string\"}}],\"inLanguage\":\"az\"},{\"@type\":\"Organization\",\"@id\":\"https:\\\/\\\/www.meydan.tv\\\/az\\\/#organization\",\"name\":\"Meydan TV\",\"url\":\"https:\\\/\\\/www.meydan.tv\\\/az\\\/\",\"logo\":{\"@type\":\"ImageObject\",\"inLanguage\":\"az\",\"@id\":\"https:\\\/\\\/www.meydan.tv\\\/az\\\/#\\\/schema\\\/logo\\\/image\\\/\",\"url\":\"https:\\\/\\\/www.meydan.tv\\\/wp-content\\\/uploads\\\/2021\\\/07\\\/meydan-logo.svg\",\"contentUrl\":\"https:\\\/\\\/www.meydan.tv\\\/wp-content\\\/uploads\\\/2021\\\/07\\\/meydan-logo.svg\",\"width\":195,\"height\":46,\"caption\":\"Meydan TV\"},\"image\":{\"@id\":\"https:\\\/\\\/www.meydan.tv\\\/az\\\/#\\\/schema\\\/logo\\\/image\\\/\"}},{\"@type\":\"Person\",\"@id\":\"https:\\\/\\\/www.meydan.tv\\\/az\\\/#\\\/schema\\\/person\\\/9cdbecf90d17180ce1dfbd95b08dcf47\",\"name\":\"elli\",\"sameAs\":[\"https:\\\/\\\/x.com\\\/elli\"]}]}<\/script>\n<!-- \/ Yoast SEO plugin. -->","yoast_head_json":{"title":"A\u011fdam\u0131n k\u0259ndl\u0259rini dolu vurdu - MEYDAN.TV","robots":{"index":"index","follow":"follow","max-snippet":"max-snippet:-1","max-image-preview":"max-image-preview:large","max-video-preview":"max-video-preview:-1"},"canonical":"https:\/\/www.meydan.tv\/az\/article\/agdamin-kendlerini-dolu-vurdu\/","og_locale":"az_AZ","og_type":"article","og_title":"A\u011fdam\u0131n k\u0259ndl\u0259rini dolu vurdu - MEYDAN.TV","og_description":"\u201cM\u00fcharib\u0259d\u0259n sonra bel\u0259 f\u0259lak\u0259t g\u00f6rm\u0259mi\u015fdik\u201d \u0130yunun 18-d\u0259 ya\u011fan dolu A\u011fdamda ... Davam\u0131","og_url":"https:\/\/www.meydan.tv\/az\/article\/agdamin-kendlerini-dolu-vurdu\/","og_site_name":"MEYDAN.TV","article_published_time":"2023-06-19T09:22:27+00:00","article_modified_time":"2023-06-19T09:22:30+00:00","og_image":[{"width":1200,"height":800,"url":"https:\/\/www.meydan.tv\/wp-content\/uploads\/img_0139.jpg","type":"image\/jpeg"}],"author":"elli","twitter_card":"summary_large_image","twitter_creator":"@elli","schema":{"@context":"https:\/\/schema.org","@graph":[{"@type":"Article","@id":"https:\/\/www.meydan.tv\/az\/article\/agdamin-kendlerini-dolu-vurdu\/#article","isPartOf":{"@id":"https:\/\/www.meydan.tv\/az\/article\/agdamin-kendlerini-dolu-vurdu\/"},"author":{"name":"elli","@id":"https:\/\/www.meydan.tv\/az\/#\/schema\/person\/9cdbecf90d17180ce1dfbd95b08dcf47"},"headline":"A\u011fdam\u0131n k\u0259ndl\u0259rini dolu vurdu","datePublished":"2023-06-19T09:22:27+00:00","dateModified":"2023-06-19T09:22:30+00:00","mainEntityOfPage":{"@id":"https:\/\/www.meydan.tv\/az\/article\/agdamin-kendlerini-dolu-vurdu\/"},"wordCount":398,"publisher":{"@id":"https:\/\/www.meydan.tv\/az\/#organization"},"image":{"@id":"https:\/\/www.meydan.tv\/az\/article\/agdamin-kendlerini-dolu-vurdu\/#primaryimage"},"thumbnailUrl":"https:\/\/www.meydan.tv\/wp-content\/uploads\/img_0139.jpg","articleSection":["B\u00f6lg\u0259","T\u00f6vsiy\u0259","X\u0259b\u0259rl\u0259r"],"inLanguage":"az"},{"@type":"WebPage","@id":"https:\/\/www.meydan.tv\/az\/article\/agdamin-kendlerini-dolu-vurdu\/","url":"https:\/\/www.meydan.tv\/az\/article\/agdamin-kendlerini-dolu-vurdu\/","name":"A\u011fdam\u0131n k\u0259ndl\u0259rini dolu vurdu - MEYDAN.TV","isPartOf":{"@id":"https:\/\/www.meydan.tv\/az\/#website"},"primaryImageOfPage":{"@id":"https:\/\/www.meydan.tv\/az\/article\/agdamin-kendlerini-dolu-vurdu\/#primaryimage"},"image":{"@id":"https:\/\/www.meydan.tv\/az\/article\/agdamin-kendlerini-dolu-vurdu\/#primaryimage"},"thumbnailUrl":"https:\/\/www.meydan.tv\/wp-content\/uploads\/img_0139.jpg","datePublished":"2023-06-19T09:22:27+00:00","dateModified":"2023-06-19T09:22:30+00:00","breadcrumb":{"@id":"https:\/\/www.meydan.tv\/az\/article\/agdamin-kendlerini-dolu-vurdu\/#breadcrumb"},"inLanguage":"az","potentialAction":[{"@type":"ReadAction","target":["https:\/\/www.meydan.tv\/az\/article\/agdamin-kendlerini-dolu-vurdu\/"]}]},{"@type":"ImageObject","inLanguage":"az","@id":"https:\/\/www.meydan.tv\/az\/article\/agdamin-kendlerini-dolu-vurdu\/#primaryimage","url":"https:\/\/www.meydan.tv\/wp-content\/uploads\/img_0139.jpg","contentUrl":"https:\/\/www.meydan.tv\/wp-content\/uploads\/img_0139.jpg","width":1200,"height":800,"caption":"Ya\u011f\u0131\u015f, sel, da\u015fq\u0131n. Foto: Meydan TV"},{"@type":"BreadcrumbList","@id":"https:\/\/www.meydan.tv\/az\/article\/agdamin-kendlerini-dolu-vurdu\/#breadcrumb","itemListElement":[{"@type":"ListItem","position":1,"name":"Ana s\u0259hif\u0259","item":"https:\/\/www.meydan.tv\/az\/"},{"@type":"ListItem","position":2,"name":"B\u00f6lg\u0259","item":"https:\/\/www.meydan.tv\/az\/section\/bolge\/"},{"@type":"ListItem","position":3,"name":"A\u011fdam\u0131n k\u0259ndl\u0259rini dolu vurdu"}]},{"@type":"WebSite","@id":"https:\/\/www.meydan.tv\/az\/#website","url":"https:\/\/www.meydan.tv\/az\/","name":"MEYDAN.TV","description":"Meydan TV Az\u0259rbaycan\u0131n media m\u0259kan\u0131ndak\u0131 alternativ s\u0259sidir","publisher":{"@id":"https:\/\/www.meydan.tv\/az\/#organization"},"potentialAction":[{"@type":"SearchAction","target":{"@type":"EntryPoint","urlTemplate":"https:\/\/www.meydan.tv\/az\/?s={search_term_string}"},"query-input":{"@type":"PropertyValueSpecification","valueRequired":true,"valueName":"search_term_string"}}],"inLanguage":"az"},{"@type":"Organization","@id":"https:\/\/www.meydan.tv\/az\/#organization","name":"Meydan TV","url":"https:\/\/www.meydan.tv\/az\/","logo":{"@type":"ImageObject","inLanguage":"az","@id":"https:\/\/www.meydan.tv\/az\/#\/schema\/logo\/image\/","url":"https:\/\/www.meydan.tv\/wp-content\/uploads\/2021\/07\/meydan-logo.svg","contentUrl":"https:\/\/www.meydan.tv\/wp-content\/uploads\/2021\/07\/meydan-logo.svg","width":195,"height":46,"caption":"Meydan TV"},"image":{"@id":"https:\/\/www.meydan.tv\/az\/#\/schema\/logo\/image\/"}},{"@type":"Person","@id":"https:\/\/www.meydan.tv\/az\/#\/schema\/person\/9cdbecf90d17180ce1dfbd95b08dcf47","name":"elli","sameAs":["https:\/\/x.com\/elli"]}]}},"_links":{"self":[{"href":"https:\/\/www.meydan.tv\/az\/wp-json\/wp\/v2\/posts\/277734","targetHints":{"allow":["GET"]}}],"collection":[{"href":"https:\/\/www.meydan.tv\/az\/wp-json\/wp\/v2\/posts"}],"about":[{"href":"https:\/\/www.meydan.tv\/az\/wp-json\/wp\/v2\/types\/post"}],"author":[{"embeddable":true,"href":"https:\/\/www.meydan.tv\/az\/wp-json\/wp\/v2\/users\/8"}],"replies":[{"embeddable":true,"href":"https:\/\/www.meydan.tv\/az\/wp-json\/wp\/v2\/comments?post=277734"}],"version-history":[{"count":1,"href":"https:\/\/www.meydan.tv\/az\/wp-json\/wp\/v2\/posts\/277734\/revisions"}],"predecessor-version":[{"id":277750,"href":"https:\/\/www.meydan.tv\/az\/wp-json\/wp\/v2\/posts\/277734\/revisions\/277750"}],"wp:featuredmedia":[{"embeddable":true,"href":"https:\/\/www.meydan.tv\/az\/wp-json\/wp\/v2\/media\/277709"}],"wp:attachment":[{"href":"https:\/\/www.meydan.tv\/az\/wp-json\/wp\/v2\/media?parent=277734"}],"wp:term":[{"taxonomy":"category","embeddable":true,"href":"https:\/\/www.meydan.tv\/az\/wp-json\/wp\/v2\/categories?post=277734"},{"taxonomy":"post_tag","embeddable":true,"href":"https:\/\/www.meydan.tv\/az\/wp-json\/wp\/v2\/tags?post=277734"}],"curies":[{"name":"wp","href":"https:\/\/api.w.org\/{rel}","templated":true}]}}