{"id":277671,"date":"2023-06-18T15:28:53","date_gmt":"2023-06-18T11:28:53","guid":{"rendered":"https:\/\/www.meydan.tv\/?p=277671"},"modified":"2023-06-18T15:30:42","modified_gmt":"2023-06-18T11:30:42","slug":"berlinde-aksiya-azerbaycanda-hebs-edilmis-siyasi-mehbuslarin-azadligi-ucun-hemrey-olaq","status":"publish","type":"post","link":"https:\/\/www.meydan.tv\/az\/article\/berlinde-aksiya-azerbaycanda-hebs-edilmis-siyasi-mehbuslarin-azadligi-ucun-hemrey-olaq\/","title":{"rendered":"Berlind\u0259 aksiya: \u201cAz\u0259rbaycanda h\u0259bs edilmi\u015f siyasi m\u0259hbuslar\u0131n azadl\u0131\u011f\u0131 \u00fc\u00e7\u00fcn h\u0259mr\u0259y olaq\u201d"},"content":{"rendered":"\n<p><\/p>\n\n\n\n<p><strong><em>DAS bu d\u0259f\u0259 Almaniyan\u0131n Xarici \u0130\u015fl\u0259r Nazirliyinin \u00f6n\u00fcnd\u0259 aksiya ke\u00e7irdi<\/em><\/strong><\/p>\n\n\n\n<p>DAS ( Demokratik Az\u0259rbaycan Se\u00e7) T\u0259\u015fkilat\u0131 Berlind\u0259 \u201cAlmaniyadan deportasiya edil\u0259r\u0259k Az\u0259rbaycanda h\u0259bs edilmi\u015f Emin M\u0259likov v\u0259 dig\u0259r siyasi m\u0259hbuslar\u0131n azadl\u0131\u011f\u0131 \u00fc\u00e7\u00fcn h\u0259mr\u0259y olaq\u201d adl\u0131 etiraz aksiyas\u0131 ke\u00e7irib.&nbsp;&nbsp;<\/p>\n\n\n\n<p>Aksiya iyunun 16-da Almaniyan\u0131n Xarici \u0130\u015fl\u0259r Nazirliyin\u0131n v\u0259 Az\u0259rbaycan\u0131n Almaniyadak\u0131 s\u0259firliyinin \u00f6n\u00fcnd\u0259 ba\u015f tutub.<\/p>\n\n\n\n<p>DAS \u00fczv\u00fc \u018fmrah Verdizad\u0259nin Meydan TV-y\u0259 verdiyi m\u0259lumata g\u00f6r\u0259, m\u0259qs\u0259dl\u0259ri d\u00fcnya ictimayy\u0259tinin d\u0259qq\u0259tini Az\u0259rbaycanda ba\u015f ver\u0259n qanunsuzluqlara \u00e7\u0259km\u0259kdir.<\/p>\n\n\n\n<p><em>\u201cAz\u0259rbaycanda avtoritar v\u0259 ail\u0259 rejiminin (\u018fliyevl\u0259r ail\u0259si) m\u00f6vcudlu\u011fu ham\u0131ya m\u0259lumdur. Art\u0131q ill\u0259rdir Beyn\u0259lxalq t\u0259\u015fkilatlar\u0131n (Amnestey \u0130nternational, Human Rights Watch, Freedom House v\u0259 s.) hesabatlar\u0131nda siyasi f\u0259allara, v\u0259t\u0259nda\u015f c\u0259miyy\u0259ti aktivl\u0259rin\u0259 qar\u015f\u0131 siyasi t\u0259zyiql\u0259rin h\u0259yata ke\u00e7irildiyi qeyd olunur\u201d, <\/em>&#8211; DAS f\u0259al\u0131 aksiyada qeyd edib. Onun s\u00f6zl\u0259rin\u0259 g\u00f6r\u0259, hesabatlarda d\u0259f\u0259l\u0259rl\u0259 vur\u011fulan\u0131r ki, Az\u0259rbaycanda t\u0259qrib\u0259n 150-d\u0259k, b\u0259zi ill\u0259rd\u0259 is\u0259 bundan da art\u0131q siyasi m\u0259hbus var.<\/p>\n\n\n\n<p>Mitinqin dig\u0259r t\u0259\u015fkilat\u00e7\u0131s\u0131 DAS t\u0259\u015fkilat\u0131n\u0131n \u00fczv\u00fc Vuqar \u018fliyev is\u0259 deyib ki, Avropadan Az\u0259rbaycana deportasiya edil\u0259n v\u0259 orada h\u0259bs olunan, i\u015fg\u0259nc\u0259l\u0259r\u0259 m\u0259ruz qalan M\u00fct\u0259llim Orucov, Malik Rzayev, Samir A\u015furov, P\u00fcnhan K\u0259rimli, C\u0259f\u0259r Mirz\u0259yev, Ziya \u0130braimov bar\u0259sind\u0259 beyn\u0259lxalq t\u0259\u015fkilatlara d\u0259f\u0259l\u0259rl\u0259 m\u00fcraci\u0259tl\u0259r \u00fcnvanlay\u0131blar. Onlar\u0131n bir \u00e7oxu art\u0131q m\u0259hk\u0259m\u0259 q\u0259rar\u0131 il\u0259 azadl\u0131qdan m\u0259hrum edilib. Konkret olaraq M\u00fct\u0259llim Orucov v\u0259 Malik Rzayevin h\u0259r birin\u0259 7il, C\u0259f\u0259r Mirz\u0259yev v\u0259 P\u00fcnhan K\u0259rimlinin is\u0259 h\u0259r birin\u0259 6 il azadl\u0131qdan m\u0259hrum etm\u0259 c\u0259zas\u0131 verilib.<\/p>\n\n\n\n<p><em>\u201cH\u0259r k\u0259s\u0259 m\u0259lumdur ki, adlar\u0131 \u00e7\u0259kil\u0259n \u015f\u0259xsl\u0259rin h\u0259r biri Almaniyadak\u0131 siyasi f\u0259aliyy\u0259tin\u0259 g\u00f6r\u0259 h\u0259bs edilib. Bununla yana\u015f\u0131 yen\u0259 d\u0259 Almaniyadan deport edil\u0259n Samir A\u015furovla Anar \u018fliyevin m\u0259hk\u0259m\u0259 prosesi ke\u00e7irilir. H\u0259r iki \u015f\u0259xs d\u0259 siyasi m\u00f6vqeyi v\u0259 f\u0259aliyy\u0259tin\u0259 g\u00f6r\u0259 h\u0259bs edilibl\u0259r\u201d,<\/em> &#8211; V\u00fcqar \u018fliyev aksiyada \u00e7\u0131x\u0131\u015f ed\u0259rk\u0259n deyib.<\/p>\n\n\n<div class=\"wp-block-image\">\n<figure class=\"aligncenter size-large\"><img decoding=\"async\" width=\"1095\" height=\"821\" data-src=\"https:\/\/www.meydan.tv\/wp-content\/uploads\/whatsapp_image_2023-06-16_at_11.39.41__3__720-1095x821.jpg\" alt=\"\" class=\"wp-image-277668 lazyload\" src=\"data:image\/svg+xml;base64,PHN2ZyB3aWR0aD0iMSIgaGVpZ2h0PSIxIiB4bWxucz0iaHR0cDovL3d3dy53My5vcmcvMjAwMC9zdmciPjwvc3ZnPg==\" style=\"--smush-placeholder-width: 1095px; --smush-placeholder-aspect-ratio: 1095\/821;\" \/><\/figure>\n<\/div>\n\n\n<p>O, 2022-ci ilin iyul ay\u0131nda Almaniyadan deportasiya edil\u0259n v\u0259 Az\u0259rbaycanda h\u0259bs olunan DAS t\u0259\u015fkilat\u0131n\u0131n \u00fczv\u00fc Emin M\u0259likov haqq\u0131nda m\u0259lumat verib. Deyib ki, Emin M\u0259likov Almaniyada, Bavariya \u0259yal\u0259tind\u0259 2019-2022-ci ill\u0259rd\u0259 ya\u015fay\u0131b, siyasi s\u0131\u011f\u0131nacaq ist\u0259yi r\u0259dd edilib v\u0259 x\u0259st\u0259xanadan birba\u015fa Az\u0259rbaycana deportasiya edilib:<\/p>\n\n\n\n<p><em>\u201cEmin M\u0259likov aylarla ald\u0131\u011f\u0131 i\u015fg\u0259nc\u0259d\u0259n olduqca a\u011f\u0131r durumdad\u0131r v\u0259 h\u0259yati t\u0259hl\u00fck\u0259si var. Veril\u0259n m\u0259lumata g\u00f6r\u0259 Emin M\u0259likovun \u0259qli durumu da yerind\u0259 deyil. Haz\u0131rda Penitensiar Xidm\u0259tin Tibb m\u00fc\u0259ssis\u0259l\u0259rin\u0259 k\u00f6\u00e7\u00fcr\u00fclm\u0259sin\u0259 d\u0259 imkan yarad\u0131lm\u0131r. Emin M\u0259likovun h\u00fcquqlar\u0131n\u0131 qoruyan v\u0259kili yoxdur, eyni zamanda siyasi t\u0259zyiql\u0259r n\u0259tic\u0259sind\u0259 yax\u0131n qohumlar\u0131 da maraqlanm\u0131r\u201d.<\/em><\/p>\n\n\n\n<p><em>\u201cAz\u0259rbaycanda f\u0259aliyy\u0259t g\u00f6st\u0259r\u0259n azsayl\u0131 h\u00fcquq m\u00fcdafi\u0259 t\u0259\u015fkilatlar\u0131ndan ald\u0131\u011f\u0131m\u0131z m\u0259lumata g\u00f6r\u0259 Emin M\u0259likov h\u0259m D\u00f6vl\u0259t T\u0259hkl\u00fck\u0259sizlik Xidm\u0259tinin istintaq \u015f\u00f6b\u0259sind\u0259, h\u0259m Daxili \u0130\u015fl\u0259r Nazirliyinin istintaq idar\u0259l\u0259rind\u0259, h\u0259m d\u0259 M\u00fcv\u0259qq\u0259ti Saxlama T\u0259cridxanalar\u0131nda a\u011f\u0131r i\u015fg\u0259nc\u0259l\u0259r al\u0131b\u201d,<\/em> &#8211; aksiyada vur\u011fulan\u0131b.<\/p>\n\n\n\n<p>DAS t\u0259\u015fkilat\u0131n\u0131n \u00fczv\u00fc Rahib B\u0259xtiyarov aksiyan\u0131n sonunda mitinq i\u015ftirak\u00e7ilar\u0131n\u0131n t\u0259l\u0259bl\u0259rini s\u0259sl\u0259ndirib v\u0259 m\u00fcraci\u0259t Almaniyan\u0131n Xarici \u0130\u015fl\u0259r Nazirliyin\u0259 v\u0259 \u201cAmnesty International\u201d t\u0259\u015fkilat\u0131n\u0131n Almaniyadak\u0131 n\u00fcmay\u0259nd\u0259liyin\u0259 t\u0259qdim edilib.<\/p>\n\n\n\n<p>M\u00fcraci\u0259td\u0259 deyilir:<\/p>\n\n\n\n<p><em>\u201cEmin M\u0259likovun v\u0259 dig\u0259r siyasi m\u0259hbuslar\u0131n d\u0259rhal azad edilm\u0259si \u00fc\u00e7\u00fcn Az\u0259rbaycan h\u00f6kum\u0259tind\u0259n t\u0259l\u0259b edilsin: Emin M\u0259likova qar\u015f\u0131 a\u00e7\u0131lan saxta cinay\u0259t i\u015fin\u0259 son verilsin; Emin M\u0259likovun d\u0259rhal m\u00fcalic\u0259 il\u0259 t\u0259min edilsin; Almaniyadan Az\u0259rbaycana deportasiya edil\u0259n v\u0259 orada siyasi sifari\u015fl\u0259 h\u0259bs edil\u0259n b\u00fct\u00fcn m\u00fchacir m\u0259hbuslar azad edilsin\u201d.<\/em><\/p>\n","protected":false},"excerpt":{"rendered":"<p>DAS bu d\u0259f\u0259 Almaniyan\u0131n Xarici \u0130\u015fl\u0259r Nazirliyinin \u00f6n\u00fcnd\u0259 aksiya ke\u00e7irdi &#8230; <\/p>\n<p class=\"read-more-container\"><a title=\"Berlind\u0259 aksiya: \u201cAz\u0259rbaycanda h\u0259bs edilmi\u015f siyasi m\u0259hbuslar\u0131n azadl\u0131\u011f\u0131 \u00fc\u00e7\u00fcn h\u0259mr\u0259y olaq\u201d\" class=\"read-more button\" href=\"https:\/\/www.meydan.tv\/az\/article\/berlinde-aksiya-azerbaycanda-hebs-edilmis-siyasi-mehbuslarin-azadligi-ucun-hemrey-olaq\/#more-277671\" aria-label=\"Read more about Berlind\u0259 aksiya: \u201cAz\u0259rbaycanda h\u0259bs edilmi\u015f siyasi m\u0259hbuslar\u0131n azadl\u0131\u011f\u0131 \u00fc\u00e7\u00fcn h\u0259mr\u0259y olaq\u201d\">Davam\u0131<\/a><\/p>\n","protected":false},"author":8,"featured_media":277665,"comment_status":"closed","ping_status":"closed","sticky":false,"template":"","format":"standard","meta":{"_acf_changed":false,"_sitemap_exclude":false,"_sitemap_priority":"","_sitemap_frequency":"","footnotes":""},"categories":[59,79,56],"tags":[],"class_list":["post-277671","post","type-post","status-publish","format-standard","has-post-thumbnail","hentry","category-siyaset","category-featured","category-xeberler","infinite-scroll-item","generate-columns","tablet-grid-50","mobile-grid-100","grid-parent","grid-33","no-featured-image-padding"],"acf":[],"yoast_head":"<!-- This site is optimized with the Yoast SEO plugin v27.4 - https:\/\/yoast.com\/product\/yoast-seo-wordpress\/ -->\n<title>Berlind\u0259 aksiya: \u201cAz\u0259rbaycanda h\u0259bs edilmi\u015f siyasi m\u0259hbuslar\u0131n azadl\u0131\u011f\u0131 \u00fc\u00e7\u00fcn h\u0259mr\u0259y olaq\u201d - MEYDAN.TV<\/title>\n<meta name=\"robots\" content=\"index, follow, max-snippet:-1, max-image-preview:large, max-video-preview:-1\" \/>\n<link rel=\"canonical\" href=\"https:\/\/www.meydan.tv\/az\/article\/berlinde-aksiya-azerbaycanda-hebs-edilmis-siyasi-mehbuslarin-azadligi-ucun-hemrey-olaq\/\" \/>\n<meta property=\"og:locale\" content=\"az_AZ\" \/>\n<meta property=\"og:type\" content=\"article\" \/>\n<meta property=\"og:title\" content=\"Berlind\u0259 aksiya: \u201cAz\u0259rbaycanda h\u0259bs edilmi\u015f siyasi m\u0259hbuslar\u0131n azadl\u0131\u011f\u0131 \u00fc\u00e7\u00fcn h\u0259mr\u0259y olaq\u201d - MEYDAN.TV\" \/>\n<meta property=\"og:description\" content=\"DAS bu d\u0259f\u0259 Almaniyan\u0131n Xarici \u0130\u015fl\u0259r Nazirliyinin \u00f6n\u00fcnd\u0259 aksiya ke\u00e7irdi ... Davam\u0131\" \/>\n<meta property=\"og:url\" content=\"https:\/\/www.meydan.tv\/az\/article\/berlinde-aksiya-azerbaycanda-hebs-edilmis-siyasi-mehbuslarin-azadligi-ucun-hemrey-olaq\/\" \/>\n<meta property=\"og:site_name\" content=\"MEYDAN.TV\" \/>\n<meta property=\"article:published_time\" content=\"2023-06-18T11:28:53+00:00\" \/>\n<meta property=\"article:modified_time\" content=\"2023-06-18T11:30:42+00:00\" \/>\n<meta property=\"og:image\" content=\"https:\/\/www.meydan.tv\/wp-content\/uploads\/whatsapp_image_2023-06-16_at_14.52.33_720.jpg\" \/>\n\t<meta property=\"og:image:width\" content=\"1200\" \/>\n\t<meta property=\"og:image:height\" content=\"900\" \/>\n\t<meta property=\"og:image:type\" content=\"image\/jpeg\" \/>\n<meta name=\"author\" content=\"elli\" \/>\n<meta name=\"twitter:card\" content=\"summary_large_image\" \/>\n<meta name=\"twitter:creator\" content=\"@elli\" \/>\n<script type=\"application\/ld+json\" class=\"yoast-schema-graph\">{\"@context\":\"https:\\\/\\\/schema.org\",\"@graph\":[{\"@type\":\"Article\",\"@id\":\"https:\\\/\\\/www.meydan.tv\\\/az\\\/article\\\/berlinde-aksiya-azerbaycanda-hebs-edilmis-siyasi-mehbuslarin-azadligi-ucun-hemrey-olaq\\\/#article\",\"isPartOf\":{\"@id\":\"https:\\\/\\\/www.meydan.tv\\\/az\\\/article\\\/berlinde-aksiya-azerbaycanda-hebs-edilmis-siyasi-mehbuslarin-azadligi-ucun-hemrey-olaq\\\/\"},\"author\":{\"name\":\"elli\",\"@id\":\"https:\\\/\\\/www.meydan.tv\\\/az\\\/#\\\/schema\\\/person\\\/9cdbecf90d17180ce1dfbd95b08dcf47\"},\"headline\":\"Berlind\u0259 aksiya: \u201cAz\u0259rbaycanda h\u0259bs edilmi\u015f siyasi m\u0259hbuslar\u0131n azadl\u0131\u011f\u0131 \u00fc\u00e7\u00fcn h\u0259mr\u0259y olaq\u201d\",\"datePublished\":\"2023-06-18T11:28:53+00:00\",\"dateModified\":\"2023-06-18T11:30:42+00:00\",\"mainEntityOfPage\":{\"@id\":\"https:\\\/\\\/www.meydan.tv\\\/az\\\/article\\\/berlinde-aksiya-azerbaycanda-hebs-edilmis-siyasi-mehbuslarin-azadligi-ucun-hemrey-olaq\\\/\"},\"wordCount\":772,\"publisher\":{\"@id\":\"https:\\\/\\\/www.meydan.tv\\\/az\\\/#organization\"},\"image\":{\"@id\":\"https:\\\/\\\/www.meydan.tv\\\/az\\\/article\\\/berlinde-aksiya-azerbaycanda-hebs-edilmis-siyasi-mehbuslarin-azadligi-ucun-hemrey-olaq\\\/#primaryimage\"},\"thumbnailUrl\":\"https:\\\/\\\/www.meydan.tv\\\/wp-content\\\/uploads\\\/whatsapp_image_2023-06-16_at_14.52.33_720.jpg\",\"articleSection\":[\"Siyas\u0259t\",\"T\u00f6vsiy\u0259\",\"X\u0259b\u0259rl\u0259r\"],\"inLanguage\":\"az\"},{\"@type\":\"WebPage\",\"@id\":\"https:\\\/\\\/www.meydan.tv\\\/az\\\/article\\\/berlinde-aksiya-azerbaycanda-hebs-edilmis-siyasi-mehbuslarin-azadligi-ucun-hemrey-olaq\\\/\",\"url\":\"https:\\\/\\\/www.meydan.tv\\\/az\\\/article\\\/berlinde-aksiya-azerbaycanda-hebs-edilmis-siyasi-mehbuslarin-azadligi-ucun-hemrey-olaq\\\/\",\"name\":\"Berlind\u0259 aksiya: \u201cAz\u0259rbaycanda h\u0259bs edilmi\u015f siyasi m\u0259hbuslar\u0131n azadl\u0131\u011f\u0131 \u00fc\u00e7\u00fcn h\u0259mr\u0259y olaq\u201d - MEYDAN.TV\",\"isPartOf\":{\"@id\":\"https:\\\/\\\/www.meydan.tv\\\/az\\\/#website\"},\"primaryImageOfPage\":{\"@id\":\"https:\\\/\\\/www.meydan.tv\\\/az\\\/article\\\/berlinde-aksiya-azerbaycanda-hebs-edilmis-siyasi-mehbuslarin-azadligi-ucun-hemrey-olaq\\\/#primaryimage\"},\"image\":{\"@id\":\"https:\\\/\\\/www.meydan.tv\\\/az\\\/article\\\/berlinde-aksiya-azerbaycanda-hebs-edilmis-siyasi-mehbuslarin-azadligi-ucun-hemrey-olaq\\\/#primaryimage\"},\"thumbnailUrl\":\"https:\\\/\\\/www.meydan.tv\\\/wp-content\\\/uploads\\\/whatsapp_image_2023-06-16_at_14.52.33_720.jpg\",\"datePublished\":\"2023-06-18T11:28:53+00:00\",\"dateModified\":\"2023-06-18T11:30:42+00:00\",\"breadcrumb\":{\"@id\":\"https:\\\/\\\/www.meydan.tv\\\/az\\\/article\\\/berlinde-aksiya-azerbaycanda-hebs-edilmis-siyasi-mehbuslarin-azadligi-ucun-hemrey-olaq\\\/#breadcrumb\"},\"inLanguage\":\"az\",\"potentialAction\":[{\"@type\":\"ReadAction\",\"target\":[\"https:\\\/\\\/www.meydan.tv\\\/az\\\/article\\\/berlinde-aksiya-azerbaycanda-hebs-edilmis-siyasi-mehbuslarin-azadligi-ucun-hemrey-olaq\\\/\"]}]},{\"@type\":\"ImageObject\",\"inLanguage\":\"az\",\"@id\":\"https:\\\/\\\/www.meydan.tv\\\/az\\\/article\\\/berlinde-aksiya-azerbaycanda-hebs-edilmis-siyasi-mehbuslarin-azadligi-ucun-hemrey-olaq\\\/#primaryimage\",\"url\":\"https:\\\/\\\/www.meydan.tv\\\/wp-content\\\/uploads\\\/whatsapp_image_2023-06-16_at_14.52.33_720.jpg\",\"contentUrl\":\"https:\\\/\\\/www.meydan.tv\\\/wp-content\\\/uploads\\\/whatsapp_image_2023-06-16_at_14.52.33_720.jpg\",\"width\":1200,\"height\":900,\"caption\":\"Fotolar: Meydan TV\"},{\"@type\":\"BreadcrumbList\",\"@id\":\"https:\\\/\\\/www.meydan.tv\\\/az\\\/article\\\/berlinde-aksiya-azerbaycanda-hebs-edilmis-siyasi-mehbuslarin-azadligi-ucun-hemrey-olaq\\\/#breadcrumb\",\"itemListElement\":[{\"@type\":\"ListItem\",\"position\":1,\"name\":\"Ana s\u0259hif\u0259\",\"item\":\"https:\\\/\\\/www.meydan.tv\\\/az\\\/\"},{\"@type\":\"ListItem\",\"position\":2,\"name\":\"Siyas\u0259t\",\"item\":\"https:\\\/\\\/www.meydan.tv\\\/az\\\/section\\\/siyaset\\\/\"},{\"@type\":\"ListItem\",\"position\":3,\"name\":\"Berlind\u0259 aksiya: \u201cAz\u0259rbaycanda h\u0259bs edilmi\u015f siyasi m\u0259hbuslar\u0131n azadl\u0131\u011f\u0131 \u00fc\u00e7\u00fcn h\u0259mr\u0259y olaq\u201d\"}]},{\"@type\":\"WebSite\",\"@id\":\"https:\\\/\\\/www.meydan.tv\\\/az\\\/#website\",\"url\":\"https:\\\/\\\/www.meydan.tv\\\/az\\\/\",\"name\":\"MEYDAN.TV\",\"description\":\"Meydan TV Az\u0259rbaycan\u0131n media m\u0259kan\u0131ndak\u0131 alternativ s\u0259sidir\",\"publisher\":{\"@id\":\"https:\\\/\\\/www.meydan.tv\\\/az\\\/#organization\"},\"potentialAction\":[{\"@type\":\"SearchAction\",\"target\":{\"@type\":\"EntryPoint\",\"urlTemplate\":\"https:\\\/\\\/www.meydan.tv\\\/az\\\/?s={search_term_string}\"},\"query-input\":{\"@type\":\"PropertyValueSpecification\",\"valueRequired\":true,\"valueName\":\"search_term_string\"}}],\"inLanguage\":\"az\"},{\"@type\":\"Organization\",\"@id\":\"https:\\\/\\\/www.meydan.tv\\\/az\\\/#organization\",\"name\":\"Meydan TV\",\"url\":\"https:\\\/\\\/www.meydan.tv\\\/az\\\/\",\"logo\":{\"@type\":\"ImageObject\",\"inLanguage\":\"az\",\"@id\":\"https:\\\/\\\/www.meydan.tv\\\/az\\\/#\\\/schema\\\/logo\\\/image\\\/\",\"url\":\"https:\\\/\\\/www.meydan.tv\\\/wp-content\\\/uploads\\\/2021\\\/07\\\/meydan-logo.svg\",\"contentUrl\":\"https:\\\/\\\/www.meydan.tv\\\/wp-content\\\/uploads\\\/2021\\\/07\\\/meydan-logo.svg\",\"width\":195,\"height\":46,\"caption\":\"Meydan TV\"},\"image\":{\"@id\":\"https:\\\/\\\/www.meydan.tv\\\/az\\\/#\\\/schema\\\/logo\\\/image\\\/\"}},{\"@type\":\"Person\",\"@id\":\"https:\\\/\\\/www.meydan.tv\\\/az\\\/#\\\/schema\\\/person\\\/9cdbecf90d17180ce1dfbd95b08dcf47\",\"name\":\"elli\",\"sameAs\":[\"https:\\\/\\\/x.com\\\/elli\"]}]}<\/script>\n<!-- \/ Yoast SEO plugin. -->","yoast_head_json":{"title":"Berlind\u0259 aksiya: \u201cAz\u0259rbaycanda h\u0259bs edilmi\u015f siyasi m\u0259hbuslar\u0131n azadl\u0131\u011f\u0131 \u00fc\u00e7\u00fcn h\u0259mr\u0259y olaq\u201d - MEYDAN.TV","robots":{"index":"index","follow":"follow","max-snippet":"max-snippet:-1","max-image-preview":"max-image-preview:large","max-video-preview":"max-video-preview:-1"},"canonical":"https:\/\/www.meydan.tv\/az\/article\/berlinde-aksiya-azerbaycanda-hebs-edilmis-siyasi-mehbuslarin-azadligi-ucun-hemrey-olaq\/","og_locale":"az_AZ","og_type":"article","og_title":"Berlind\u0259 aksiya: \u201cAz\u0259rbaycanda h\u0259bs edilmi\u015f siyasi m\u0259hbuslar\u0131n azadl\u0131\u011f\u0131 \u00fc\u00e7\u00fcn h\u0259mr\u0259y olaq\u201d - MEYDAN.TV","og_description":"DAS bu d\u0259f\u0259 Almaniyan\u0131n Xarici \u0130\u015fl\u0259r Nazirliyinin \u00f6n\u00fcnd\u0259 aksiya ke\u00e7irdi ... Davam\u0131","og_url":"https:\/\/www.meydan.tv\/az\/article\/berlinde-aksiya-azerbaycanda-hebs-edilmis-siyasi-mehbuslarin-azadligi-ucun-hemrey-olaq\/","og_site_name":"MEYDAN.TV","article_published_time":"2023-06-18T11:28:53+00:00","article_modified_time":"2023-06-18T11:30:42+00:00","og_image":[{"width":1200,"height":900,"url":"https:\/\/www.meydan.tv\/wp-content\/uploads\/whatsapp_image_2023-06-16_at_14.52.33_720.jpg","type":"image\/jpeg"}],"author":"elli","twitter_card":"summary_large_image","twitter_creator":"@elli","schema":{"@context":"https:\/\/schema.org","@graph":[{"@type":"Article","@id":"https:\/\/www.meydan.tv\/az\/article\/berlinde-aksiya-azerbaycanda-hebs-edilmis-siyasi-mehbuslarin-azadligi-ucun-hemrey-olaq\/#article","isPartOf":{"@id":"https:\/\/www.meydan.tv\/az\/article\/berlinde-aksiya-azerbaycanda-hebs-edilmis-siyasi-mehbuslarin-azadligi-ucun-hemrey-olaq\/"},"author":{"name":"elli","@id":"https:\/\/www.meydan.tv\/az\/#\/schema\/person\/9cdbecf90d17180ce1dfbd95b08dcf47"},"headline":"Berlind\u0259 aksiya: \u201cAz\u0259rbaycanda h\u0259bs edilmi\u015f siyasi m\u0259hbuslar\u0131n azadl\u0131\u011f\u0131 \u00fc\u00e7\u00fcn h\u0259mr\u0259y olaq\u201d","datePublished":"2023-06-18T11:28:53+00:00","dateModified":"2023-06-18T11:30:42+00:00","mainEntityOfPage":{"@id":"https:\/\/www.meydan.tv\/az\/article\/berlinde-aksiya-azerbaycanda-hebs-edilmis-siyasi-mehbuslarin-azadligi-ucun-hemrey-olaq\/"},"wordCount":772,"publisher":{"@id":"https:\/\/www.meydan.tv\/az\/#organization"},"image":{"@id":"https:\/\/www.meydan.tv\/az\/article\/berlinde-aksiya-azerbaycanda-hebs-edilmis-siyasi-mehbuslarin-azadligi-ucun-hemrey-olaq\/#primaryimage"},"thumbnailUrl":"https:\/\/www.meydan.tv\/wp-content\/uploads\/whatsapp_image_2023-06-16_at_14.52.33_720.jpg","articleSection":["Siyas\u0259t","T\u00f6vsiy\u0259","X\u0259b\u0259rl\u0259r"],"inLanguage":"az"},{"@type":"WebPage","@id":"https:\/\/www.meydan.tv\/az\/article\/berlinde-aksiya-azerbaycanda-hebs-edilmis-siyasi-mehbuslarin-azadligi-ucun-hemrey-olaq\/","url":"https:\/\/www.meydan.tv\/az\/article\/berlinde-aksiya-azerbaycanda-hebs-edilmis-siyasi-mehbuslarin-azadligi-ucun-hemrey-olaq\/","name":"Berlind\u0259 aksiya: \u201cAz\u0259rbaycanda h\u0259bs edilmi\u015f siyasi m\u0259hbuslar\u0131n azadl\u0131\u011f\u0131 \u00fc\u00e7\u00fcn h\u0259mr\u0259y olaq\u201d - MEYDAN.TV","isPartOf":{"@id":"https:\/\/www.meydan.tv\/az\/#website"},"primaryImageOfPage":{"@id":"https:\/\/www.meydan.tv\/az\/article\/berlinde-aksiya-azerbaycanda-hebs-edilmis-siyasi-mehbuslarin-azadligi-ucun-hemrey-olaq\/#primaryimage"},"image":{"@id":"https:\/\/www.meydan.tv\/az\/article\/berlinde-aksiya-azerbaycanda-hebs-edilmis-siyasi-mehbuslarin-azadligi-ucun-hemrey-olaq\/#primaryimage"},"thumbnailUrl":"https:\/\/www.meydan.tv\/wp-content\/uploads\/whatsapp_image_2023-06-16_at_14.52.33_720.jpg","datePublished":"2023-06-18T11:28:53+00:00","dateModified":"2023-06-18T11:30:42+00:00","breadcrumb":{"@id":"https:\/\/www.meydan.tv\/az\/article\/berlinde-aksiya-azerbaycanda-hebs-edilmis-siyasi-mehbuslarin-azadligi-ucun-hemrey-olaq\/#breadcrumb"},"inLanguage":"az","potentialAction":[{"@type":"ReadAction","target":["https:\/\/www.meydan.tv\/az\/article\/berlinde-aksiya-azerbaycanda-hebs-edilmis-siyasi-mehbuslarin-azadligi-ucun-hemrey-olaq\/"]}]},{"@type":"ImageObject","inLanguage":"az","@id":"https:\/\/www.meydan.tv\/az\/article\/berlinde-aksiya-azerbaycanda-hebs-edilmis-siyasi-mehbuslarin-azadligi-ucun-hemrey-olaq\/#primaryimage","url":"https:\/\/www.meydan.tv\/wp-content\/uploads\/whatsapp_image_2023-06-16_at_14.52.33_720.jpg","contentUrl":"https:\/\/www.meydan.tv\/wp-content\/uploads\/whatsapp_image_2023-06-16_at_14.52.33_720.jpg","width":1200,"height":900,"caption":"Fotolar: Meydan TV"},{"@type":"BreadcrumbList","@id":"https:\/\/www.meydan.tv\/az\/article\/berlinde-aksiya-azerbaycanda-hebs-edilmis-siyasi-mehbuslarin-azadligi-ucun-hemrey-olaq\/#breadcrumb","itemListElement":[{"@type":"ListItem","position":1,"name":"Ana s\u0259hif\u0259","item":"https:\/\/www.meydan.tv\/az\/"},{"@type":"ListItem","position":2,"name":"Siyas\u0259t","item":"https:\/\/www.meydan.tv\/az\/section\/siyaset\/"},{"@type":"ListItem","position":3,"name":"Berlind\u0259 aksiya: \u201cAz\u0259rbaycanda h\u0259bs edilmi\u015f siyasi m\u0259hbuslar\u0131n azadl\u0131\u011f\u0131 \u00fc\u00e7\u00fcn h\u0259mr\u0259y olaq\u201d"}]},{"@type":"WebSite","@id":"https:\/\/www.meydan.tv\/az\/#website","url":"https:\/\/www.meydan.tv\/az\/","name":"MEYDAN.TV","description":"Meydan TV Az\u0259rbaycan\u0131n media m\u0259kan\u0131ndak\u0131 alternativ s\u0259sidir","publisher":{"@id":"https:\/\/www.meydan.tv\/az\/#organization"},"potentialAction":[{"@type":"SearchAction","target":{"@type":"EntryPoint","urlTemplate":"https:\/\/www.meydan.tv\/az\/?s={search_term_string}"},"query-input":{"@type":"PropertyValueSpecification","valueRequired":true,"valueName":"search_term_string"}}],"inLanguage":"az"},{"@type":"Organization","@id":"https:\/\/www.meydan.tv\/az\/#organization","name":"Meydan TV","url":"https:\/\/www.meydan.tv\/az\/","logo":{"@type":"ImageObject","inLanguage":"az","@id":"https:\/\/www.meydan.tv\/az\/#\/schema\/logo\/image\/","url":"https:\/\/www.meydan.tv\/wp-content\/uploads\/2021\/07\/meydan-logo.svg","contentUrl":"https:\/\/www.meydan.tv\/wp-content\/uploads\/2021\/07\/meydan-logo.svg","width":195,"height":46,"caption":"Meydan TV"},"image":{"@id":"https:\/\/www.meydan.tv\/az\/#\/schema\/logo\/image\/"}},{"@type":"Person","@id":"https:\/\/www.meydan.tv\/az\/#\/schema\/person\/9cdbecf90d17180ce1dfbd95b08dcf47","name":"elli","sameAs":["https:\/\/x.com\/elli"]}]}},"_links":{"self":[{"href":"https:\/\/www.meydan.tv\/az\/wp-json\/wp\/v2\/posts\/277671","targetHints":{"allow":["GET"]}}],"collection":[{"href":"https:\/\/www.meydan.tv\/az\/wp-json\/wp\/v2\/posts"}],"about":[{"href":"https:\/\/www.meydan.tv\/az\/wp-json\/wp\/v2\/types\/post"}],"author":[{"embeddable":true,"href":"https:\/\/www.meydan.tv\/az\/wp-json\/wp\/v2\/users\/8"}],"replies":[{"embeddable":true,"href":"https:\/\/www.meydan.tv\/az\/wp-json\/wp\/v2\/comments?post=277671"}],"version-history":[{"count":2,"href":"https:\/\/www.meydan.tv\/az\/wp-json\/wp\/v2\/posts\/277671\/revisions"}],"predecessor-version":[{"id":277673,"href":"https:\/\/www.meydan.tv\/az\/wp-json\/wp\/v2\/posts\/277671\/revisions\/277673"}],"wp:featuredmedia":[{"embeddable":true,"href":"https:\/\/www.meydan.tv\/az\/wp-json\/wp\/v2\/media\/277665"}],"wp:attachment":[{"href":"https:\/\/www.meydan.tv\/az\/wp-json\/wp\/v2\/media?parent=277671"}],"wp:term":[{"taxonomy":"category","embeddable":true,"href":"https:\/\/www.meydan.tv\/az\/wp-json\/wp\/v2\/categories?post=277671"},{"taxonomy":"post_tag","embeddable":true,"href":"https:\/\/www.meydan.tv\/az\/wp-json\/wp\/v2\/tags?post=277671"}],"curies":[{"name":"wp","href":"https:\/\/api.w.org\/{rel}","templated":true}]}}