{"id":277596,"date":"2023-06-16T16:02:39","date_gmt":"2023-06-16T12:02:39","guid":{"rendered":"https:\/\/www.meydan.tv\/?p=277596"},"modified":"2023-06-16T16:02:44","modified_gmt":"2023-06-16T12:02:44","slug":"kendliler-onlara-mexsus-10-ton-pomidorun-menimsenildiyini-deyirler","status":"publish","type":"post","link":"https:\/\/www.meydan.tv\/az\/article\/kendliler-onlara-mexsus-10-ton-pomidorun-menimsenildiyini-deyirler\/","title":{"rendered":"K\u0259ndlil\u0259r onlara m\u0259xsus 10 ton pomidorun m\u0259nims\u0259nildiyini deyirl\u0259r"},"content":{"rendered":"\n<p><\/p>\n\n\n\n<p><strong><em>\u0130\u015f adam\u0131 is\u0259 deyir ki, m\u0259hsulun pulunu ona \u00f6d\u0259nil\u0259c\u0259k borca g\u00f6r\u0259 m\u0259nims\u0259yib<\/em><\/strong><\/p>\n\n\n\n<p>G\u00f6y\u00e7ay\u0131n Yalman, L\u0259k\u00e7\u0131lpaq v\u0259 B\u0131\u011f\u0131rl\u0131 k\u0259nd sakinl\u0259ri aldad\u0131ld\u0131qlar\u0131n\u0131 iddia edirl\u0259r.<\/p>\n\n\n\n<p>V\u0259t\u0259nda\u015flar\u0131n Meydan TV-y\u0259 dedikl\u0259rin\u0259 g\u00f6r\u0259, Quba sakini, i\u015f adam\u0131 R\u00fcf\u0259t Soltanov onlara m\u0259xsus 10 ton pomidoru m\u0259nims\u0259yib.<\/p>\n\n\n\n<p><em>\u201c\u0130ki il\u0259 yax\u0131nd\u0131r ki, ki\u00e7ik sahibkarl\u0131qla m\u0259\u015f\u011fulam. On be\u015f-iyirmi n\u0259f\u0259r rayon camaat\u0131 topla\u015f\u0131r\u0131q, m\u00fcxt\u0259lif meyv\u0259-t\u0259r\u0259v\u0259z m\u0259hsullar\u0131 yeti\u015fdirib, toplayaraq, Rusiyaya satma\u011fa g\u00f6nd\u0259ririk. S\u0259n\u0259dl\u0259\u015fm\u0259 i\u015fini d\u0259 vasit\u0259\u00e7i R\u00fcf\u0259t Soltanov edir. Onun Rusiya bazarlar\u0131nda tan\u0131\u015f\u0131 var, m\u0259hsullar sat\u0131landan sonra biz\u0259 aid olan m\u0259bl\u0259\u011fi geri g\u00f6nd\u0259rir. 2023-c\u00fc il may\u0131n 16-da maya d\u0259y\u0259ri on min be\u015f y\u00fcz (10500) dollar olan on ton pomidoru \u201cAteko\u201d markal\u0131 y\u00fck ma\u015f\u0131n\u0131n sahibi D\u00f6nm\u0259z \u015eahlar o\u011flu Ad\u0131g\u00f6z\u0259lova vermi\u015f\u0259m ki, R\u00fcf\u0259t Soltanova versin, o da Rusiyaya yola sals\u0131n. Lakin m\u0259hsulumuz yoxa \u00e7\u0131x\u0131b\u201d<\/em>, &#8211; B\u0131\u011f\u0131r k\u0259nd sakini R\u00f6yal Taleh o\u011flu M\u0259mm\u0259dov Meydan TV-y\u0259 bel\u0259 deyir.<\/p>\n\n\n\n<p>\u015eikay\u0259t\u00e7i bildirir ki, m\u0259hsulun t\u0259dar\u00fck edilm\u0259si v\u0259 g\u00f6nd\u0259rilm\u0259si prosesini o, icra etdiyi \u00fc\u00e7\u00fcn sahibl\u0259ri pullar\u0131n\u0131 ondan t\u0259l\u0259b edirl\u0259r:<\/p>\n\n\n\n<p><em>\u201cR\u00fcf\u0259t Soltanov iddia edir ki, m\u0259hsul bizim yox, L\u0259k\u00e7\u0131lpaq k\u0259nd sakini Elsun Yaqubovundur. Elsunun R\u00fcf\u0259t Sultanova 46 min dollar borcu oldu\u011fu \u00fc\u00e7\u00fcn m\u0259hsulumuzu geri vermirl\u0259r. Bu adla h\u0259min m\u0259hsulu m\u0259nims\u0259yib. Arada anla\u015f\u0131lmazl\u0131q olub, ya n\u0259dirs\u0259, \u0259ziyy\u0259tini biz \u00e7\u0259kirik. \u00c7\u0131x\u0131lmaz v\u0259ziyy\u0259t\u0259 d\u00fc\u015fm\u00fc\u015f\u0259m. N\u0259 ed\u0259c\u0259yimi bilmir\u0259m. M\u0259ni \u00e7ox b\u00f6y\u00fck bir problem\u0259 sal\u0131blar. M\u0259hsul sahibl\u0259ri aras\u0131nda \u015f\u0259hid ail\u0259si v\u0259 qazi d\u0259 var. H\u0259min adamlar m\u0259n\u0259 deyirl\u0259r ki, pulumuz \u00e7atd\u0131r\u0131lmasa, s\u0259ni tutduraca\u011f\u0131q\u201d.<\/em><\/p>\n\n\n\n<p>R\u00f6yal M\u0259mm\u0259dov m\u0259hsullar\u0131n\u0131n m\u0259nims\u0259nildiyi iddia olunan adamlar\u0131n siyah\u0131s\u0131n\u0131 da t\u0259qdim edib.<\/p>\n\n\n\n<p>Bunlar H\u00fcseyin Al\u015fan o\u011flu Qafarov, Sahib H\u00fcseyin o\u011flu Qafarov, \u0130lham Saleh o\u011flu Salehov, Ramil Fizuli o\u011flu B\u0259d\u0259lov, El\u015fad \u018flisa o\u011flu Zahidov, G\u00fcnd\u00fcz \u015e\u0259mail o\u011flu \u018fhm\u0259dov, R\u00f6v\u015f\u0259n \u015e\u0259mail o\u011flu \u018fhm\u0259dov, Saleh \u018fl\u0259ddin o\u011flu Quliyev, \u018fziz Seyidxan o\u011flu Seyidov, Anar Mayis o\u011flu M\u0259mm\u0259dovdur.<\/p>\n\n\n\n<p>R\u00f6yal M\u0259mm\u0259dov deyir ki, m\u0259hsulun toplanmas\u0131nda i\u015ftirak ed\u0259n be\u015f n\u0259f\u0259rin d\u0259 pulu \u00f6d\u0259nm\u0259lidir.<\/p>\n\n\n\n<p>\u0130\u015f adam\u0131 R\u00fcf\u0259t Soltanov Meydan TV-y\u0259 R\u00f6yal M\u0259mm\u0259dovun iddialar\u0131n\u0131n \u0259sass\u0131z oldu\u011funu bildirib:<\/p>\n\n\n\n<p>\u201c<em>\u015eikat\u0259t ed\u0259n v\u0259t\u0259nda\u015fla bir-birimizi tan\u0131m\u0131r\u0131q. H\u0259min m\u0259hsulu m\u0259nims\u0259nilm\u0259si iddas\u0131 il\u0259 \u0259laq\u0259dar qurumlara, h\u0259m\u00e7inin D\u00f6vl\u0259t G\u00f6mr\u00fck Komit\u0259sin\u0259 \u00e7a\u011f\u0131r\u0131l\u0131b izahat da vermi\u015f\u0259m. M\u0259hsul Elsun Yaqubovun olub. Onlar bir-birl\u0259rini yax\u015f\u0131 tan\u0131y\u0131rlar. Aralar\u0131nda alq\u0131-satq\u0131lar\u0131, alverl\u0259ri var. Problem onlar\u0131n aras\u0131ndad\u0131r. Sad\u0259c\u0259, Elsundan pulu ala bilm\u0259diyi \u00fc\u00e7\u00fcn m\u0259nim ad\u0131m\u0131 halland\u0131r\u0131b. M\u0259hsul Elsun Yaqubov t\u0259r\u0259find\u0259n g\u00f6nd\u0259rildiyi \u00fc\u00e7\u00fcn onun ad\u0131ndan da r\u0259smil\u0259\u015fdirmi\u015fik\u201d.<\/em><\/p>\n\n\n\n<p>Elsun Yaqubov Meydan TV-y\u0259 deyib ki, R\u00f6yal M\u0259mm\u0259dovun ona borcu oldu\u011fu \u00fc\u00e7\u00fcn h\u0259min m\u0259hsulu m\u0259nims\u0259yib:<\/p>\n\n\n\n<p>\u201c<em>M\u0259n\u0259 \u00fcmumilikd\u0259 on alt\u0131 min be\u015f y\u00fcz dollar borcu var. R\u00f6yala \u0130rana s\u0259kkiz min dollar pul g\u00f6nd\u0259rmi\u015f\u0259m. H\u0259min pulu qaytarmad\u0131. R\u00f6yal\u0131n on min be\u015f y\u00fcz dollar maya d\u0259y\u0259rind\u0259 m\u0259hsulu olub. M\u0259n d\u0259 h\u0259min pulu onun m\u0259n\u0259 olan borcundan silmi\u015f\u0259m. Onun h\u0259l\u0259 d\u0259 biz\u0259 borcu var. Onun iddia etdiyi kimi deyil, insanlar\u0131 aldad\u0131r\u201d.<\/em><\/p>\n\n\n\n<p>R\u00f6yal M\u0259mm\u0259dov is\u0259 deyil\u0259nl\u0259ri t\u0259kzib edib.<\/p>\n\n\n\n<p>M\u0259s\u0259l\u0259 il\u0259 \u0259laq\u0259dar D\u00f6vl\u0259t G\u00f6mr\u00fck Komit\u0259sind\u0259n Meydan TV-nin sor\u011fusu cavabland\u0131r\u0131lmay\u0131b.<\/p>\n","protected":false},"excerpt":{"rendered":"<p>\u0130\u015f adam\u0131 is\u0259 deyir ki, m\u0259hsulun pulunu ona \u00f6d\u0259nil\u0259c\u0259k borca &#8230; <\/p>\n<p class=\"read-more-container\"><a title=\"K\u0259ndlil\u0259r onlara m\u0259xsus 10 ton pomidorun m\u0259nims\u0259nildiyini deyirl\u0259r\" class=\"read-more button\" href=\"https:\/\/www.meydan.tv\/az\/article\/kendliler-onlara-mexsus-10-ton-pomidorun-menimsenildiyini-deyirler\/#more-277596\" aria-label=\"Read more about K\u0259ndlil\u0259r onlara m\u0259xsus 10 ton pomidorun m\u0259nims\u0259nildiyini deyirl\u0259r\">Davam\u0131<\/a><\/p>\n","protected":false},"author":8,"featured_media":90467,"comment_status":"closed","ping_status":"closed","sticky":false,"template":"","format":"standard","meta":{"_acf_changed":false,"_sitemap_exclude":false,"_sitemap_priority":"","_sitemap_frequency":"","footnotes":""},"categories":[60,56],"tags":[],"class_list":["post-277596","post","type-post","status-publish","format-standard","has-post-thumbnail","hentry","category-bolge","category-xeberler","infinite-scroll-item","generate-columns","tablet-grid-50","mobile-grid-100","grid-parent","grid-33","no-featured-image-padding"],"acf":[],"yoast_head":"<!-- This site is optimized with the Yoast SEO plugin v27.5 - https:\/\/yoast.com\/product\/yoast-seo-wordpress\/ -->\n<title>K\u0259ndlil\u0259r onlara m\u0259xsus 10 ton pomidorun m\u0259nims\u0259nildiyini deyirl\u0259r - MEYDAN.TV<\/title>\n<meta name=\"robots\" content=\"index, follow, max-snippet:-1, max-image-preview:large, max-video-preview:-1\" \/>\n<link rel=\"canonical\" href=\"https:\/\/www.meydan.tv\/az\/article\/kendliler-onlara-mexsus-10-ton-pomidorun-menimsenildiyini-deyirler\/\" \/>\n<meta property=\"og:locale\" content=\"az_AZ\" \/>\n<meta property=\"og:type\" content=\"article\" \/>\n<meta property=\"og:title\" content=\"K\u0259ndlil\u0259r onlara m\u0259xsus 10 ton pomidorun m\u0259nims\u0259nildiyini deyirl\u0259r - MEYDAN.TV\" \/>\n<meta property=\"og:description\" content=\"\u0130\u015f adam\u0131 is\u0259 deyir ki, m\u0259hsulun pulunu ona \u00f6d\u0259nil\u0259c\u0259k borca ... Davam\u0131\" \/>\n<meta property=\"og:url\" content=\"https:\/\/www.meydan.tv\/az\/article\/kendliler-onlara-mexsus-10-ton-pomidorun-menimsenildiyini-deyirler\/\" \/>\n<meta property=\"og:site_name\" content=\"MEYDAN.TV\" \/>\n<meta property=\"article:published_time\" content=\"2023-06-16T12:02:39+00:00\" \/>\n<meta property=\"article:modified_time\" content=\"2023-06-16T12:02:44+00:00\" \/>\n<meta property=\"og:image\" content=\"https:\/\/www.meydan.tv\/wp-content\/uploads\/35659.jpg\" \/>\n\t<meta property=\"og:image:width\" content=\"1500\" \/>\n\t<meta property=\"og:image:height\" content=\"1000\" \/>\n\t<meta property=\"og:image:type\" content=\"image\/jpeg\" \/>\n<meta name=\"author\" content=\"elli\" \/>\n<meta name=\"twitter:card\" content=\"summary_large_image\" \/>\n<meta name=\"twitter:creator\" content=\"@elli\" \/>\n<script type=\"application\/ld+json\" class=\"yoast-schema-graph\">{\"@context\":\"https:\\\/\\\/schema.org\",\"@graph\":[{\"@type\":\"Article\",\"@id\":\"https:\\\/\\\/www.meydan.tv\\\/az\\\/article\\\/kendliler-onlara-mexsus-10-ton-pomidorun-menimsenildiyini-deyirler\\\/#article\",\"isPartOf\":{\"@id\":\"https:\\\/\\\/www.meydan.tv\\\/az\\\/article\\\/kendliler-onlara-mexsus-10-ton-pomidorun-menimsenildiyini-deyirler\\\/\"},\"author\":{\"name\":\"elli\",\"@id\":\"https:\\\/\\\/www.meydan.tv\\\/az\\\/#\\\/schema\\\/person\\\/9cdbecf90d17180ce1dfbd95b08dcf47\"},\"headline\":\"K\u0259ndlil\u0259r onlara m\u0259xsus 10 ton pomidorun m\u0259nims\u0259nildiyini deyirl\u0259r\",\"datePublished\":\"2023-06-16T12:02:39+00:00\",\"dateModified\":\"2023-06-16T12:02:44+00:00\",\"mainEntityOfPage\":{\"@id\":\"https:\\\/\\\/www.meydan.tv\\\/az\\\/article\\\/kendliler-onlara-mexsus-10-ton-pomidorun-menimsenildiyini-deyirler\\\/\"},\"wordCount\":742,\"publisher\":{\"@id\":\"https:\\\/\\\/www.meydan.tv\\\/az\\\/#organization\"},\"image\":{\"@id\":\"https:\\\/\\\/www.meydan.tv\\\/az\\\/article\\\/kendliler-onlara-mexsus-10-ton-pomidorun-menimsenildiyini-deyirler\\\/#primaryimage\"},\"thumbnailUrl\":\"https:\\\/\\\/www.meydan.tv\\\/wp-content\\\/uploads\\\/35659.jpg\",\"articleSection\":[\"B\u00f6lg\u0259\",\"X\u0259b\u0259rl\u0259r\"],\"inLanguage\":\"az\"},{\"@type\":\"WebPage\",\"@id\":\"https:\\\/\\\/www.meydan.tv\\\/az\\\/article\\\/kendliler-onlara-mexsus-10-ton-pomidorun-menimsenildiyini-deyirler\\\/\",\"url\":\"https:\\\/\\\/www.meydan.tv\\\/az\\\/article\\\/kendliler-onlara-mexsus-10-ton-pomidorun-menimsenildiyini-deyirler\\\/\",\"name\":\"K\u0259ndlil\u0259r onlara m\u0259xsus 10 ton pomidorun m\u0259nims\u0259nildiyini deyirl\u0259r - MEYDAN.TV\",\"isPartOf\":{\"@id\":\"https:\\\/\\\/www.meydan.tv\\\/az\\\/#website\"},\"primaryImageOfPage\":{\"@id\":\"https:\\\/\\\/www.meydan.tv\\\/az\\\/article\\\/kendliler-onlara-mexsus-10-ton-pomidorun-menimsenildiyini-deyirler\\\/#primaryimage\"},\"image\":{\"@id\":\"https:\\\/\\\/www.meydan.tv\\\/az\\\/article\\\/kendliler-onlara-mexsus-10-ton-pomidorun-menimsenildiyini-deyirler\\\/#primaryimage\"},\"thumbnailUrl\":\"https:\\\/\\\/www.meydan.tv\\\/wp-content\\\/uploads\\\/35659.jpg\",\"datePublished\":\"2023-06-16T12:02:39+00:00\",\"dateModified\":\"2023-06-16T12:02:44+00:00\",\"breadcrumb\":{\"@id\":\"https:\\\/\\\/www.meydan.tv\\\/az\\\/article\\\/kendliler-onlara-mexsus-10-ton-pomidorun-menimsenildiyini-deyirler\\\/#breadcrumb\"},\"inLanguage\":\"az\",\"potentialAction\":[{\"@type\":\"ReadAction\",\"target\":[\"https:\\\/\\\/www.meydan.tv\\\/az\\\/article\\\/kendliler-onlara-mexsus-10-ton-pomidorun-menimsenildiyini-deyirler\\\/\"]}]},{\"@type\":\"ImageObject\",\"inLanguage\":\"az\",\"@id\":\"https:\\\/\\\/www.meydan.tv\\\/az\\\/article\\\/kendliler-onlara-mexsus-10-ton-pomidorun-menimsenildiyini-deyirler\\\/#primaryimage\",\"url\":\"https:\\\/\\\/www.meydan.tv\\\/wp-content\\\/uploads\\\/35659.jpg\",\"contentUrl\":\"https:\\\/\\\/www.meydan.tv\\\/wp-content\\\/uploads\\\/35659.jpg\",\"width\":1500,\"height\":1000,\"caption\":\"Foto: Meydan TV\"},{\"@type\":\"BreadcrumbList\",\"@id\":\"https:\\\/\\\/www.meydan.tv\\\/az\\\/article\\\/kendliler-onlara-mexsus-10-ton-pomidorun-menimsenildiyini-deyirler\\\/#breadcrumb\",\"itemListElement\":[{\"@type\":\"ListItem\",\"position\":1,\"name\":\"Ana s\u0259hif\u0259\",\"item\":\"https:\\\/\\\/www.meydan.tv\\\/az\\\/\"},{\"@type\":\"ListItem\",\"position\":2,\"name\":\"B\u00f6lg\u0259\",\"item\":\"https:\\\/\\\/www.meydan.tv\\\/az\\\/section\\\/bolge\\\/\"},{\"@type\":\"ListItem\",\"position\":3,\"name\":\"K\u0259ndlil\u0259r onlara m\u0259xsus 10 ton pomidorun m\u0259nims\u0259nildiyini deyirl\u0259r\"}]},{\"@type\":\"WebSite\",\"@id\":\"https:\\\/\\\/www.meydan.tv\\\/az\\\/#website\",\"url\":\"https:\\\/\\\/www.meydan.tv\\\/az\\\/\",\"name\":\"MEYDAN.TV\",\"description\":\"Meydan TV Az\u0259rbaycan\u0131n media m\u0259kan\u0131ndak\u0131 alternativ s\u0259sidir\",\"publisher\":{\"@id\":\"https:\\\/\\\/www.meydan.tv\\\/az\\\/#organization\"},\"potentialAction\":[{\"@type\":\"SearchAction\",\"target\":{\"@type\":\"EntryPoint\",\"urlTemplate\":\"https:\\\/\\\/www.meydan.tv\\\/az\\\/?s={search_term_string}\"},\"query-input\":{\"@type\":\"PropertyValueSpecification\",\"valueRequired\":true,\"valueName\":\"search_term_string\"}}],\"inLanguage\":\"az\"},{\"@type\":\"Organization\",\"@id\":\"https:\\\/\\\/www.meydan.tv\\\/az\\\/#organization\",\"name\":\"Meydan TV\",\"url\":\"https:\\\/\\\/www.meydan.tv\\\/az\\\/\",\"logo\":{\"@type\":\"ImageObject\",\"inLanguage\":\"az\",\"@id\":\"https:\\\/\\\/www.meydan.tv\\\/az\\\/#\\\/schema\\\/logo\\\/image\\\/\",\"url\":\"https:\\\/\\\/www.meydan.tv\\\/wp-content\\\/uploads\\\/2021\\\/07\\\/meydan-logo.svg\",\"contentUrl\":\"https:\\\/\\\/www.meydan.tv\\\/wp-content\\\/uploads\\\/2021\\\/07\\\/meydan-logo.svg\",\"width\":195,\"height\":46,\"caption\":\"Meydan TV\"},\"image\":{\"@id\":\"https:\\\/\\\/www.meydan.tv\\\/az\\\/#\\\/schema\\\/logo\\\/image\\\/\"}},{\"@type\":\"Person\",\"@id\":\"https:\\\/\\\/www.meydan.tv\\\/az\\\/#\\\/schema\\\/person\\\/9cdbecf90d17180ce1dfbd95b08dcf47\",\"name\":\"elli\",\"sameAs\":[\"https:\\\/\\\/x.com\\\/elli\"]}]}<\/script>\n<!-- \/ Yoast SEO plugin. -->","yoast_head_json":{"title":"K\u0259ndlil\u0259r onlara m\u0259xsus 10 ton pomidorun m\u0259nims\u0259nildiyini deyirl\u0259r - MEYDAN.TV","robots":{"index":"index","follow":"follow","max-snippet":"max-snippet:-1","max-image-preview":"max-image-preview:large","max-video-preview":"max-video-preview:-1"},"canonical":"https:\/\/www.meydan.tv\/az\/article\/kendliler-onlara-mexsus-10-ton-pomidorun-menimsenildiyini-deyirler\/","og_locale":"az_AZ","og_type":"article","og_title":"K\u0259ndlil\u0259r onlara m\u0259xsus 10 ton pomidorun m\u0259nims\u0259nildiyini deyirl\u0259r - MEYDAN.TV","og_description":"\u0130\u015f adam\u0131 is\u0259 deyir ki, m\u0259hsulun pulunu ona \u00f6d\u0259nil\u0259c\u0259k borca ... Davam\u0131","og_url":"https:\/\/www.meydan.tv\/az\/article\/kendliler-onlara-mexsus-10-ton-pomidorun-menimsenildiyini-deyirler\/","og_site_name":"MEYDAN.TV","article_published_time":"2023-06-16T12:02:39+00:00","article_modified_time":"2023-06-16T12:02:44+00:00","og_image":[{"width":1500,"height":1000,"url":"https:\/\/www.meydan.tv\/wp-content\/uploads\/35659.jpg","type":"image\/jpeg"}],"author":"elli","twitter_card":"summary_large_image","twitter_creator":"@elli","schema":{"@context":"https:\/\/schema.org","@graph":[{"@type":"Article","@id":"https:\/\/www.meydan.tv\/az\/article\/kendliler-onlara-mexsus-10-ton-pomidorun-menimsenildiyini-deyirler\/#article","isPartOf":{"@id":"https:\/\/www.meydan.tv\/az\/article\/kendliler-onlara-mexsus-10-ton-pomidorun-menimsenildiyini-deyirler\/"},"author":{"name":"elli","@id":"https:\/\/www.meydan.tv\/az\/#\/schema\/person\/9cdbecf90d17180ce1dfbd95b08dcf47"},"headline":"K\u0259ndlil\u0259r onlara m\u0259xsus 10 ton pomidorun m\u0259nims\u0259nildiyini deyirl\u0259r","datePublished":"2023-06-16T12:02:39+00:00","dateModified":"2023-06-16T12:02:44+00:00","mainEntityOfPage":{"@id":"https:\/\/www.meydan.tv\/az\/article\/kendliler-onlara-mexsus-10-ton-pomidorun-menimsenildiyini-deyirler\/"},"wordCount":742,"publisher":{"@id":"https:\/\/www.meydan.tv\/az\/#organization"},"image":{"@id":"https:\/\/www.meydan.tv\/az\/article\/kendliler-onlara-mexsus-10-ton-pomidorun-menimsenildiyini-deyirler\/#primaryimage"},"thumbnailUrl":"https:\/\/www.meydan.tv\/wp-content\/uploads\/35659.jpg","articleSection":["B\u00f6lg\u0259","X\u0259b\u0259rl\u0259r"],"inLanguage":"az"},{"@type":"WebPage","@id":"https:\/\/www.meydan.tv\/az\/article\/kendliler-onlara-mexsus-10-ton-pomidorun-menimsenildiyini-deyirler\/","url":"https:\/\/www.meydan.tv\/az\/article\/kendliler-onlara-mexsus-10-ton-pomidorun-menimsenildiyini-deyirler\/","name":"K\u0259ndlil\u0259r onlara m\u0259xsus 10 ton pomidorun m\u0259nims\u0259nildiyini deyirl\u0259r - MEYDAN.TV","isPartOf":{"@id":"https:\/\/www.meydan.tv\/az\/#website"},"primaryImageOfPage":{"@id":"https:\/\/www.meydan.tv\/az\/article\/kendliler-onlara-mexsus-10-ton-pomidorun-menimsenildiyini-deyirler\/#primaryimage"},"image":{"@id":"https:\/\/www.meydan.tv\/az\/article\/kendliler-onlara-mexsus-10-ton-pomidorun-menimsenildiyini-deyirler\/#primaryimage"},"thumbnailUrl":"https:\/\/www.meydan.tv\/wp-content\/uploads\/35659.jpg","datePublished":"2023-06-16T12:02:39+00:00","dateModified":"2023-06-16T12:02:44+00:00","breadcrumb":{"@id":"https:\/\/www.meydan.tv\/az\/article\/kendliler-onlara-mexsus-10-ton-pomidorun-menimsenildiyini-deyirler\/#breadcrumb"},"inLanguage":"az","potentialAction":[{"@type":"ReadAction","target":["https:\/\/www.meydan.tv\/az\/article\/kendliler-onlara-mexsus-10-ton-pomidorun-menimsenildiyini-deyirler\/"]}]},{"@type":"ImageObject","inLanguage":"az","@id":"https:\/\/www.meydan.tv\/az\/article\/kendliler-onlara-mexsus-10-ton-pomidorun-menimsenildiyini-deyirler\/#primaryimage","url":"https:\/\/www.meydan.tv\/wp-content\/uploads\/35659.jpg","contentUrl":"https:\/\/www.meydan.tv\/wp-content\/uploads\/35659.jpg","width":1500,"height":1000,"caption":"Foto: Meydan TV"},{"@type":"BreadcrumbList","@id":"https:\/\/www.meydan.tv\/az\/article\/kendliler-onlara-mexsus-10-ton-pomidorun-menimsenildiyini-deyirler\/#breadcrumb","itemListElement":[{"@type":"ListItem","position":1,"name":"Ana s\u0259hif\u0259","item":"https:\/\/www.meydan.tv\/az\/"},{"@type":"ListItem","position":2,"name":"B\u00f6lg\u0259","item":"https:\/\/www.meydan.tv\/az\/section\/bolge\/"},{"@type":"ListItem","position":3,"name":"K\u0259ndlil\u0259r onlara m\u0259xsus 10 ton pomidorun m\u0259nims\u0259nildiyini deyirl\u0259r"}]},{"@type":"WebSite","@id":"https:\/\/www.meydan.tv\/az\/#website","url":"https:\/\/www.meydan.tv\/az\/","name":"MEYDAN.TV","description":"Meydan TV Az\u0259rbaycan\u0131n media m\u0259kan\u0131ndak\u0131 alternativ s\u0259sidir","publisher":{"@id":"https:\/\/www.meydan.tv\/az\/#organization"},"potentialAction":[{"@type":"SearchAction","target":{"@type":"EntryPoint","urlTemplate":"https:\/\/www.meydan.tv\/az\/?s={search_term_string}"},"query-input":{"@type":"PropertyValueSpecification","valueRequired":true,"valueName":"search_term_string"}}],"inLanguage":"az"},{"@type":"Organization","@id":"https:\/\/www.meydan.tv\/az\/#organization","name":"Meydan TV","url":"https:\/\/www.meydan.tv\/az\/","logo":{"@type":"ImageObject","inLanguage":"az","@id":"https:\/\/www.meydan.tv\/az\/#\/schema\/logo\/image\/","url":"https:\/\/www.meydan.tv\/wp-content\/uploads\/2021\/07\/meydan-logo.svg","contentUrl":"https:\/\/www.meydan.tv\/wp-content\/uploads\/2021\/07\/meydan-logo.svg","width":195,"height":46,"caption":"Meydan TV"},"image":{"@id":"https:\/\/www.meydan.tv\/az\/#\/schema\/logo\/image\/"}},{"@type":"Person","@id":"https:\/\/www.meydan.tv\/az\/#\/schema\/person\/9cdbecf90d17180ce1dfbd95b08dcf47","name":"elli","sameAs":["https:\/\/x.com\/elli"]}]}},"_links":{"self":[{"href":"https:\/\/www.meydan.tv\/az\/wp-json\/wp\/v2\/posts\/277596","targetHints":{"allow":["GET"]}}],"collection":[{"href":"https:\/\/www.meydan.tv\/az\/wp-json\/wp\/v2\/posts"}],"about":[{"href":"https:\/\/www.meydan.tv\/az\/wp-json\/wp\/v2\/types\/post"}],"author":[{"embeddable":true,"href":"https:\/\/www.meydan.tv\/az\/wp-json\/wp\/v2\/users\/8"}],"replies":[{"embeddable":true,"href":"https:\/\/www.meydan.tv\/az\/wp-json\/wp\/v2\/comments?post=277596"}],"version-history":[{"count":3,"href":"https:\/\/www.meydan.tv\/az\/wp-json\/wp\/v2\/posts\/277596\/revisions"}],"predecessor-version":[{"id":277607,"href":"https:\/\/www.meydan.tv\/az\/wp-json\/wp\/v2\/posts\/277596\/revisions\/277607"}],"wp:featuredmedia":[{"embeddable":true,"href":"https:\/\/www.meydan.tv\/az\/wp-json\/wp\/v2\/media\/90467"}],"wp:attachment":[{"href":"https:\/\/www.meydan.tv\/az\/wp-json\/wp\/v2\/media?parent=277596"}],"wp:term":[{"taxonomy":"category","embeddable":true,"href":"https:\/\/www.meydan.tv\/az\/wp-json\/wp\/v2\/categories?post=277596"},{"taxonomy":"post_tag","embeddable":true,"href":"https:\/\/www.meydan.tv\/az\/wp-json\/wp\/v2\/tags?post=277596"}],"curies":[{"name":"wp","href":"https:\/\/api.w.org\/{rel}","templated":true}]}}