{"id":277482,"date":"2023-06-14T17:37:44","date_gmt":"2023-06-14T13:37:44","guid":{"rendered":"https:\/\/www.meydan.tv\/?p=277482"},"modified":"2023-06-14T17:37:48","modified_gmt":"2023-06-14T13:37:48","slug":"sehid-ailesi-icra-hakimiyyeti-terefinden-aldadildigini-deyir","status":"publish","type":"post","link":"https:\/\/www.meydan.tv\/az\/article\/sehid-ailesi-icra-hakimiyyeti-terefinden-aldadildigini-deyir\/","title":{"rendered":"\u015e\u0259hid ail\u0259si icra hakimiyy\u0259ti t\u0259r\u0259find\u0259n aldad\u0131ld\u0131\u011f\u0131n\u0131 deyir"},"content":{"rendered":"\n<p><\/p>\n\n\n\n<p><strong><em>&#8220;S\u00f6kd\u00fckl\u0259ri ev m\u0259nim m\u00fclk\u00fcm idi, bunu niy\u0259 \u015f\u0259hid ail\u0259sin\u0259 qay\u011f\u0131 kimi t\u0259qdim edirl\u0259r?&#8221;<\/em><\/strong><\/p>\n\n\n\n<p>\u201c<em>1988-ci ilin dekabr\u0131nda Yevlaxda Nizami k\u00fc\u00e7\u0259sind\u0259 ikiotaql\u0131 ev ald\u0131q. H\u0259yat yolda\u015f\u0131m R\u0259hnimati M\u0259mm\u0259d Birinci Qaraba\u011f m\u00fcharib\u0259sind\u0259 \u015f\u0259hid olandan sonra ev m\u0259nim m\u00fclkiyy\u0259tim\u0259 ke\u00e7di. 2008-ci ild\u0259 ke\u00e7mi\u015f icra ba\u015f\u00e7\u0131s\u0131 Elmar V\u0259liyevin d\u00f6vr\u00fcnd\u0259 icradan g\u0259lib, dedil\u0259r ki, \u0259razi plana d\u00fc\u015f\u00fcb v\u0259 s\u00f6kd\u00fcl\u0259r. \u018fv\u0259zind\u0259 is\u0259 bizi aldad\u0131b, \u015f\u0259hidl\u0259r \u00fc\u00e7\u00fcn n\u0259z\u0259rd\u0259 tutulan ikiotaql\u0131 m\u0259nzil verdil\u0259r\u201d.<\/em><\/p>\n\n\n\n<p>Bunu Meydan TV-y\u0259 Yevlax sakini N\u0259cib\u0259 Hac\u0131yeva deyir.<\/p>\n\n\n\n<p>V\u0259t\u0259nda\u015f\u0131n s\u00f6zl\u0259rin\u0259 g\u00f6r\u0259, 2008-ci ild\u0259 h\u0259min \u0259razid\u0259 olan iki bina plana sal\u0131naraq s\u00f6k\u00fcl\u00fcb.<\/p>\n\n\n\n<p>Onun m\u0259nzilin \u0259v\u0259zin\u0259 is\u0259 \u015f\u0259hid ail\u0259l\u0259ri \u00fc\u00e7\u00fcn tikil\u0259n binadan ev verilib:<\/p>\n\n\n\n<p><em>&#8220;T\u0259xmin\u0259n 80-90 kvadratmetrlik evimi s\u00f6kd\u00fcl\u0259r. \u0130cradan dedil\u0259r ki, K\u00fcr\u00fcn q\u0131ra\u011f\u0131nda \u015f\u0259hid ail\u0259l\u0259rin\u0259, \u0259lill\u0259r\u0259 ev tikirl\u0259r. Oradan s\u0259n\u0259 ev ver\u0259c\u0259yik. Raz\u0131la\u015fmad\u0131m, dedim ki, evimin yerind\u0259 bina tikirsiniz, el\u0259 oradan da ev verin. S\u00f6zl\u0259rim\u0259 \u0259h\u0259miyy\u0259t ver\u0259n olmad\u0131. Evimiz s\u00f6k\u00fcld\u00fc. Birinin yerind\u0259 d\u00f6rdm\u0259rt\u0259b\u0259li yeni bina in\u015fa edildi. Balaca \u0259razi qalm\u0131\u015fd\u0131, oran\u0131 da m\u0259kt\u0259bin ya\u015f\u0131lla\u015fd\u0131rmas\u0131na verdil\u0259r&#8221;.<\/em><\/p>\n\n\n\n<p>N\u0259cib\u0259 Hac\u0131yeva iddia edir ki, raz\u0131la\u015fmasa da, ona \u015f\u0259hid ail\u0259l\u0259ri \u00fc\u00e7\u00fcn n\u0259z\u0259rd\u0259 tutulan binadan ikiotaql\u0131 m\u0259nzil verilib:<\/p>\n\n\n\n<p>\u201c<em>S\u0259n\u0259d\u0259 yaz\u0131blar ki, \u015f\u0259hid ail\u0259si \u00fc\u00e7\u00fcn verilir. \u0130cra hakimiyy\u0259tinin n\u0259 s\u0259lahiyy\u0259ti var ki, ka\u011f\u0131za \u015f\u0259hid ail\u0259sin\u0259 ev versin? S\u00f6kd\u00fckl\u0259ri ev m\u0259nim m\u00fclk\u00fcm idi. Onun \u0259v\u0259zin\u0259 \u015f\u0259hid ail\u0259si \u00fc\u00e7\u00fcn n\u0259z\u0259rd\u0259 tutulan binadan ev verib. Bunu niy\u0259 \u015f\u0259hid ail\u0259sin\u0259 qay\u011f\u0131 kimi t\u0259qdim etm\u0259k ist\u0259yirl\u0259r? Bir il \u00f6nc\u0259 ev n\u00f6vb\u0259sin\u0259 durmaq \u00fc\u00e7\u00fcn Yasamal Rayon \u0130cra Hakimiyy\u0259tin\u0259 getdim. M\u0259ni q\u0259bul ed\u0259n adam ad-soyad\u0131m\u0131 sistem\u0259 vurdu v\u0259 dedi ki, \u018fm\u0259k v\u0259 \u018fhalinin Sosial M\u00fcdafi\u0259si Nazirliyi s\u0259n\u0259 bir d\u0259f\u0259 ev verib. \u0130kinci d\u0259f\u0259 s\u0259n\u0259 ev ver\u0259 bilm\u0259r\u0259m. Dedim ki, h\u0259min ev m\u0259nim \u00f6z\u00fcm\u00fcnk\u00fcd\u00fcr\u201d.<\/em><\/p>\n\n\n\n<p><em>\u201c\u0130cra Hakimiyy\u0259ti t\u0259r\u0259find\u0259n s\u0259n\u0259d\u0259 yaz\u0131l\u0131b ki, \u015f\u0259hid ail\u0259sidir. N\u00f6vb\u0259d\u0259nk\u0259nar siyah\u0131ya sal\u0131naraq evl\u0259 t\u0259min edilib. M\u0259n he\u00e7 icra hakimiyy\u0259tin\u0259d\u0259 \u0259riz\u0259 yaz\u0131b, n\u00f6vb\u0259y\u0259 d\u0259 durmam\u0131\u015fam. Yalandan m\u0259ni aldad\u0131b, evi ora sal\u0131b. Dedim ki, onda h\u0259min evi m\u0259nim \u015f\u0259xsi m\u00fclkiyy\u0259tim\u0259 sal\u0131n. T\u0259krar \u015f\u0259hid ail\u0259si kimi ev n\u00f6vb\u0259sin\u0259 dayan\u0131m. Yeddi n\u0259f\u0259r ail\u0259 ikiotaql\u0131 evd\u0259 ya\u015fay\u0131r\u0131q. M\u0259nim evimi verin. Yevlax \u0130cra Hakimiyy\u0259tind\u0259n \u015e\u0259ki \u0130nzibati M\u0259hk\u0259m\u0259sin\u0259 \u015fikay\u0259t etmi\u015f\u0259m. Avqust ay\u0131nda m\u0259hk\u0259m\u0259mizdir. \u00dcmid edir\u0259m ki, m\u0259hk\u0259m\u0259 \u0259dal\u0259tli q\u0259rar \u00e7\u0131xaracaq\u201d, &#8211; <\/em>dey\u0259 o bildirib.<\/p>\n\n\n\n<p>Yevlax Rayon \u0130cra Hakimiyy\u0259tinin H\u00fcquq \u015f\u00f6b\u0259sinin m\u00fcdiri Vidadi Murtuzayev Meydan TV-y\u0259 deyib ki, m\u0259nzil veril\u0259rk\u0259n v\u0259t\u0259nda\u015f\u0131n \u00f6z\u00fc il\u0259 raz\u0131la\u015fd\u0131r\u0131l\u0131b:<\/p>\n\n\n\n<p>\u201c<em>N\u0259cib\u0259 Hac\u0131yevan\u0131n evini s\u00f6k\u0259nd\u0259 h\u0259min vaxt Yevlaxda \u015f\u0259hid ail\u0259l\u0259ri \u00fc\u00e7\u00fcn n\u0259z\u0259rd\u0259 tutulan binan\u0131n tikinti i\u015fl\u0259ri yekunla\u015fmaq \u00fczr\u0259 olub. V\u0259t\u0259nda\u015f\u0131n da h\u0259min ev\u0259 n\u00f6vb\u0259si yoxmu\u015f. \u0130cra Hakimiyy\u0259ti v\u0259t\u0259nda\u015fa t\u0259klif edib ki, sizi n\u00f6vb\u0259d\u0259nk\u0259nar siyah\u0131ya salaq. H\u0259m \u015f\u0259hid ail\u0259si olaraq ev verilsin. H\u0259m d\u0259 s\u00f6k\u00fcl\u0259n evinizin kvadrat\u0131 da bura \u0259lav\u0259 edilsin&#8221;.<\/em><\/p>\n\n\n\n<p><em>&#8220;N\u0259cib\u0259 Hac\u0131yeva raz\u0131la\u015fandan sonra icra hakimiyy\u0259ti nazirlikl\u0259 dan\u0131\u015f\u0131b. N\u0259cib\u0259 Hac\u0131yevaya \u00f6z raz\u0131l\u0131\u011f\u0131 \u0259sas\u0131nda n\u00f6vb\u0259d\u0259nk\u0259nar ev verilib. Y\u0259ni ona veril\u0259n evin kvadrat\u0131 \u0259vv\u0259lki evind\u0259n d\u0259 b\u00f6y\u00fckd\u00fcr. Haz\u0131rda i\u015f m\u0259hk\u0259m\u0259d\u0259dir. M\u0259hk\u0259m\u0259 q\u0259rar\u0131n\u0131 g\u00f6zl\u0259yirik\u201d, &#8211; <\/em>dey\u0259 o qeyd edib.<\/p>\n","protected":false},"excerpt":{"rendered":"<p>&#8220;S\u00f6kd\u00fckl\u0259ri ev m\u0259nim m\u00fclk\u00fcm idi, bunu niy\u0259 \u015f\u0259hid ail\u0259sin\u0259 qay\u011f\u0131 &#8230; <\/p>\n<p class=\"read-more-container\"><a title=\"\u015e\u0259hid ail\u0259si icra hakimiyy\u0259ti t\u0259r\u0259find\u0259n aldad\u0131ld\u0131\u011f\u0131n\u0131 deyir\" class=\"read-more button\" href=\"https:\/\/www.meydan.tv\/az\/article\/sehid-ailesi-icra-hakimiyyeti-terefinden-aldadildigini-deyir\/#more-277482\" aria-label=\"Read more about \u015e\u0259hid ail\u0259si icra hakimiyy\u0259ti t\u0259r\u0259find\u0259n aldad\u0131ld\u0131\u011f\u0131n\u0131 deyir\">Davam\u0131<\/a><\/p>\n","protected":false},"author":8,"featured_media":277475,"comment_status":"closed","ping_status":"closed","sticky":false,"template":"","format":"standard","meta":{"_acf_changed":false,"_sitemap_exclude":false,"_sitemap_priority":"","_sitemap_frequency":"","footnotes":""},"categories":[60,56],"tags":[],"class_list":["post-277482","post","type-post","status-publish","format-standard","has-post-thumbnail","hentry","category-bolge","category-xeberler","infinite-scroll-item","generate-columns","tablet-grid-50","mobile-grid-100","grid-parent","grid-33","no-featured-image-padding"],"acf":[],"yoast_head":"<!-- This site is optimized with the Yoast SEO plugin v27.5 - https:\/\/yoast.com\/product\/yoast-seo-wordpress\/ -->\n<title>\u015e\u0259hid ail\u0259si icra hakimiyy\u0259ti t\u0259r\u0259find\u0259n aldad\u0131ld\u0131\u011f\u0131n\u0131 deyir - MEYDAN.TV<\/title>\n<meta name=\"robots\" content=\"index, follow, max-snippet:-1, max-image-preview:large, max-video-preview:-1\" \/>\n<link rel=\"canonical\" href=\"https:\/\/www.meydan.tv\/az\/article\/sehid-ailesi-icra-hakimiyyeti-terefinden-aldadildigini-deyir\/\" \/>\n<meta property=\"og:locale\" content=\"az_AZ\" \/>\n<meta property=\"og:type\" content=\"article\" \/>\n<meta property=\"og:title\" content=\"\u015e\u0259hid ail\u0259si icra hakimiyy\u0259ti t\u0259r\u0259find\u0259n aldad\u0131ld\u0131\u011f\u0131n\u0131 deyir - MEYDAN.TV\" \/>\n<meta property=\"og:description\" content=\"&#8220;S\u00f6kd\u00fckl\u0259ri ev m\u0259nim m\u00fclk\u00fcm idi, bunu niy\u0259 \u015f\u0259hid ail\u0259sin\u0259 qay\u011f\u0131 ... Davam\u0131\" \/>\n<meta property=\"og:url\" content=\"https:\/\/www.meydan.tv\/az\/article\/sehid-ailesi-icra-hakimiyyeti-terefinden-aldadildigini-deyir\/\" \/>\n<meta property=\"og:site_name\" content=\"MEYDAN.TV\" \/>\n<meta property=\"article:published_time\" content=\"2023-06-14T13:37:44+00:00\" \/>\n<meta property=\"article:modified_time\" content=\"2023-06-14T13:37:48+00:00\" \/>\n<meta property=\"og:image\" content=\"https:\/\/www.meydan.tv\/wp-content\/uploads\/untitled-design-2-108-e1686745475982.jpg\" \/>\n\t<meta property=\"og:image:width\" content=\"1200\" \/>\n\t<meta property=\"og:image:height\" content=\"537\" \/>\n\t<meta property=\"og:image:type\" content=\"image\/jpeg\" \/>\n<meta name=\"author\" content=\"elli\" \/>\n<meta name=\"twitter:card\" content=\"summary_large_image\" \/>\n<meta name=\"twitter:creator\" content=\"@elli\" \/>\n<script type=\"application\/ld+json\" class=\"yoast-schema-graph\">{\"@context\":\"https:\\\/\\\/schema.org\",\"@graph\":[{\"@type\":\"Article\",\"@id\":\"https:\\\/\\\/www.meydan.tv\\\/az\\\/article\\\/sehid-ailesi-icra-hakimiyyeti-terefinden-aldadildigini-deyir\\\/#article\",\"isPartOf\":{\"@id\":\"https:\\\/\\\/www.meydan.tv\\\/az\\\/article\\\/sehid-ailesi-icra-hakimiyyeti-terefinden-aldadildigini-deyir\\\/\"},\"author\":{\"name\":\"elli\",\"@id\":\"https:\\\/\\\/www.meydan.tv\\\/az\\\/#\\\/schema\\\/person\\\/9cdbecf90d17180ce1dfbd95b08dcf47\"},\"headline\":\"\u015e\u0259hid ail\u0259si icra hakimiyy\u0259ti t\u0259r\u0259find\u0259n aldad\u0131ld\u0131\u011f\u0131n\u0131 deyir\",\"datePublished\":\"2023-06-14T13:37:44+00:00\",\"dateModified\":\"2023-06-14T13:37:48+00:00\",\"mainEntityOfPage\":{\"@id\":\"https:\\\/\\\/www.meydan.tv\\\/az\\\/article\\\/sehid-ailesi-icra-hakimiyyeti-terefinden-aldadildigini-deyir\\\/\"},\"wordCount\":741,\"publisher\":{\"@id\":\"https:\\\/\\\/www.meydan.tv\\\/az\\\/#organization\"},\"image\":{\"@id\":\"https:\\\/\\\/www.meydan.tv\\\/az\\\/article\\\/sehid-ailesi-icra-hakimiyyeti-terefinden-aldadildigini-deyir\\\/#primaryimage\"},\"thumbnailUrl\":\"https:\\\/\\\/www.meydan.tv\\\/wp-content\\\/uploads\\\/untitled-design-2-108-e1686745475982.jpg\",\"articleSection\":[\"B\u00f6lg\u0259\",\"X\u0259b\u0259rl\u0259r\"],\"inLanguage\":\"az\"},{\"@type\":\"WebPage\",\"@id\":\"https:\\\/\\\/www.meydan.tv\\\/az\\\/article\\\/sehid-ailesi-icra-hakimiyyeti-terefinden-aldadildigini-deyir\\\/\",\"url\":\"https:\\\/\\\/www.meydan.tv\\\/az\\\/article\\\/sehid-ailesi-icra-hakimiyyeti-terefinden-aldadildigini-deyir\\\/\",\"name\":\"\u015e\u0259hid ail\u0259si icra hakimiyy\u0259ti t\u0259r\u0259find\u0259n aldad\u0131ld\u0131\u011f\u0131n\u0131 deyir - MEYDAN.TV\",\"isPartOf\":{\"@id\":\"https:\\\/\\\/www.meydan.tv\\\/az\\\/#website\"},\"primaryImageOfPage\":{\"@id\":\"https:\\\/\\\/www.meydan.tv\\\/az\\\/article\\\/sehid-ailesi-icra-hakimiyyeti-terefinden-aldadildigini-deyir\\\/#primaryimage\"},\"image\":{\"@id\":\"https:\\\/\\\/www.meydan.tv\\\/az\\\/article\\\/sehid-ailesi-icra-hakimiyyeti-terefinden-aldadildigini-deyir\\\/#primaryimage\"},\"thumbnailUrl\":\"https:\\\/\\\/www.meydan.tv\\\/wp-content\\\/uploads\\\/untitled-design-2-108-e1686745475982.jpg\",\"datePublished\":\"2023-06-14T13:37:44+00:00\",\"dateModified\":\"2023-06-14T13:37:48+00:00\",\"breadcrumb\":{\"@id\":\"https:\\\/\\\/www.meydan.tv\\\/az\\\/article\\\/sehid-ailesi-icra-hakimiyyeti-terefinden-aldadildigini-deyir\\\/#breadcrumb\"},\"inLanguage\":\"az\",\"potentialAction\":[{\"@type\":\"ReadAction\",\"target\":[\"https:\\\/\\\/www.meydan.tv\\\/az\\\/article\\\/sehid-ailesi-icra-hakimiyyeti-terefinden-aldadildigini-deyir\\\/\"]}]},{\"@type\":\"ImageObject\",\"inLanguage\":\"az\",\"@id\":\"https:\\\/\\\/www.meydan.tv\\\/az\\\/article\\\/sehid-ailesi-icra-hakimiyyeti-terefinden-aldadildigini-deyir\\\/#primaryimage\",\"url\":\"https:\\\/\\\/www.meydan.tv\\\/wp-content\\\/uploads\\\/untitled-design-2-108-e1686745475982.jpg\",\"contentUrl\":\"https:\\\/\\\/www.meydan.tv\\\/wp-content\\\/uploads\\\/untitled-design-2-108-e1686745475982.jpg\",\"width\":1200,\"height\":537,\"caption\":\"N\u0259cib\u0259 Hac\u0131yeva. Foto: Meydan TV\"},{\"@type\":\"BreadcrumbList\",\"@id\":\"https:\\\/\\\/www.meydan.tv\\\/az\\\/article\\\/sehid-ailesi-icra-hakimiyyeti-terefinden-aldadildigini-deyir\\\/#breadcrumb\",\"itemListElement\":[{\"@type\":\"ListItem\",\"position\":1,\"name\":\"Ana s\u0259hif\u0259\",\"item\":\"https:\\\/\\\/www.meydan.tv\\\/az\\\/\"},{\"@type\":\"ListItem\",\"position\":2,\"name\":\"B\u00f6lg\u0259\",\"item\":\"https:\\\/\\\/www.meydan.tv\\\/az\\\/section\\\/bolge\\\/\"},{\"@type\":\"ListItem\",\"position\":3,\"name\":\"\u015e\u0259hid ail\u0259si icra hakimiyy\u0259ti t\u0259r\u0259find\u0259n aldad\u0131ld\u0131\u011f\u0131n\u0131 deyir\"}]},{\"@type\":\"WebSite\",\"@id\":\"https:\\\/\\\/www.meydan.tv\\\/az\\\/#website\",\"url\":\"https:\\\/\\\/www.meydan.tv\\\/az\\\/\",\"name\":\"MEYDAN.TV\",\"description\":\"Meydan TV Az\u0259rbaycan\u0131n media m\u0259kan\u0131ndak\u0131 alternativ s\u0259sidir\",\"publisher\":{\"@id\":\"https:\\\/\\\/www.meydan.tv\\\/az\\\/#organization\"},\"potentialAction\":[{\"@type\":\"SearchAction\",\"target\":{\"@type\":\"EntryPoint\",\"urlTemplate\":\"https:\\\/\\\/www.meydan.tv\\\/az\\\/?s={search_term_string}\"},\"query-input\":{\"@type\":\"PropertyValueSpecification\",\"valueRequired\":true,\"valueName\":\"search_term_string\"}}],\"inLanguage\":\"az\"},{\"@type\":\"Organization\",\"@id\":\"https:\\\/\\\/www.meydan.tv\\\/az\\\/#organization\",\"name\":\"Meydan TV\",\"url\":\"https:\\\/\\\/www.meydan.tv\\\/az\\\/\",\"logo\":{\"@type\":\"ImageObject\",\"inLanguage\":\"az\",\"@id\":\"https:\\\/\\\/www.meydan.tv\\\/az\\\/#\\\/schema\\\/logo\\\/image\\\/\",\"url\":\"https:\\\/\\\/www.meydan.tv\\\/wp-content\\\/uploads\\\/2021\\\/07\\\/meydan-logo.svg\",\"contentUrl\":\"https:\\\/\\\/www.meydan.tv\\\/wp-content\\\/uploads\\\/2021\\\/07\\\/meydan-logo.svg\",\"width\":195,\"height\":46,\"caption\":\"Meydan TV\"},\"image\":{\"@id\":\"https:\\\/\\\/www.meydan.tv\\\/az\\\/#\\\/schema\\\/logo\\\/image\\\/\"}},{\"@type\":\"Person\",\"@id\":\"https:\\\/\\\/www.meydan.tv\\\/az\\\/#\\\/schema\\\/person\\\/9cdbecf90d17180ce1dfbd95b08dcf47\",\"name\":\"elli\",\"sameAs\":[\"https:\\\/\\\/x.com\\\/elli\"]}]}<\/script>\n<!-- \/ Yoast SEO plugin. -->","yoast_head_json":{"title":"\u015e\u0259hid ail\u0259si icra hakimiyy\u0259ti t\u0259r\u0259find\u0259n aldad\u0131ld\u0131\u011f\u0131n\u0131 deyir - MEYDAN.TV","robots":{"index":"index","follow":"follow","max-snippet":"max-snippet:-1","max-image-preview":"max-image-preview:large","max-video-preview":"max-video-preview:-1"},"canonical":"https:\/\/www.meydan.tv\/az\/article\/sehid-ailesi-icra-hakimiyyeti-terefinden-aldadildigini-deyir\/","og_locale":"az_AZ","og_type":"article","og_title":"\u015e\u0259hid ail\u0259si icra hakimiyy\u0259ti t\u0259r\u0259find\u0259n aldad\u0131ld\u0131\u011f\u0131n\u0131 deyir - MEYDAN.TV","og_description":"&#8220;S\u00f6kd\u00fckl\u0259ri ev m\u0259nim m\u00fclk\u00fcm idi, bunu niy\u0259 \u015f\u0259hid ail\u0259sin\u0259 qay\u011f\u0131 ... Davam\u0131","og_url":"https:\/\/www.meydan.tv\/az\/article\/sehid-ailesi-icra-hakimiyyeti-terefinden-aldadildigini-deyir\/","og_site_name":"MEYDAN.TV","article_published_time":"2023-06-14T13:37:44+00:00","article_modified_time":"2023-06-14T13:37:48+00:00","og_image":[{"width":1200,"height":537,"url":"https:\/\/www.meydan.tv\/wp-content\/uploads\/untitled-design-2-108-e1686745475982.jpg","type":"image\/jpeg"}],"author":"elli","twitter_card":"summary_large_image","twitter_creator":"@elli","schema":{"@context":"https:\/\/schema.org","@graph":[{"@type":"Article","@id":"https:\/\/www.meydan.tv\/az\/article\/sehid-ailesi-icra-hakimiyyeti-terefinden-aldadildigini-deyir\/#article","isPartOf":{"@id":"https:\/\/www.meydan.tv\/az\/article\/sehid-ailesi-icra-hakimiyyeti-terefinden-aldadildigini-deyir\/"},"author":{"name":"elli","@id":"https:\/\/www.meydan.tv\/az\/#\/schema\/person\/9cdbecf90d17180ce1dfbd95b08dcf47"},"headline":"\u015e\u0259hid ail\u0259si icra hakimiyy\u0259ti t\u0259r\u0259find\u0259n aldad\u0131ld\u0131\u011f\u0131n\u0131 deyir","datePublished":"2023-06-14T13:37:44+00:00","dateModified":"2023-06-14T13:37:48+00:00","mainEntityOfPage":{"@id":"https:\/\/www.meydan.tv\/az\/article\/sehid-ailesi-icra-hakimiyyeti-terefinden-aldadildigini-deyir\/"},"wordCount":741,"publisher":{"@id":"https:\/\/www.meydan.tv\/az\/#organization"},"image":{"@id":"https:\/\/www.meydan.tv\/az\/article\/sehid-ailesi-icra-hakimiyyeti-terefinden-aldadildigini-deyir\/#primaryimage"},"thumbnailUrl":"https:\/\/www.meydan.tv\/wp-content\/uploads\/untitled-design-2-108-e1686745475982.jpg","articleSection":["B\u00f6lg\u0259","X\u0259b\u0259rl\u0259r"],"inLanguage":"az"},{"@type":"WebPage","@id":"https:\/\/www.meydan.tv\/az\/article\/sehid-ailesi-icra-hakimiyyeti-terefinden-aldadildigini-deyir\/","url":"https:\/\/www.meydan.tv\/az\/article\/sehid-ailesi-icra-hakimiyyeti-terefinden-aldadildigini-deyir\/","name":"\u015e\u0259hid ail\u0259si icra hakimiyy\u0259ti t\u0259r\u0259find\u0259n aldad\u0131ld\u0131\u011f\u0131n\u0131 deyir - MEYDAN.TV","isPartOf":{"@id":"https:\/\/www.meydan.tv\/az\/#website"},"primaryImageOfPage":{"@id":"https:\/\/www.meydan.tv\/az\/article\/sehid-ailesi-icra-hakimiyyeti-terefinden-aldadildigini-deyir\/#primaryimage"},"image":{"@id":"https:\/\/www.meydan.tv\/az\/article\/sehid-ailesi-icra-hakimiyyeti-terefinden-aldadildigini-deyir\/#primaryimage"},"thumbnailUrl":"https:\/\/www.meydan.tv\/wp-content\/uploads\/untitled-design-2-108-e1686745475982.jpg","datePublished":"2023-06-14T13:37:44+00:00","dateModified":"2023-06-14T13:37:48+00:00","breadcrumb":{"@id":"https:\/\/www.meydan.tv\/az\/article\/sehid-ailesi-icra-hakimiyyeti-terefinden-aldadildigini-deyir\/#breadcrumb"},"inLanguage":"az","potentialAction":[{"@type":"ReadAction","target":["https:\/\/www.meydan.tv\/az\/article\/sehid-ailesi-icra-hakimiyyeti-terefinden-aldadildigini-deyir\/"]}]},{"@type":"ImageObject","inLanguage":"az","@id":"https:\/\/www.meydan.tv\/az\/article\/sehid-ailesi-icra-hakimiyyeti-terefinden-aldadildigini-deyir\/#primaryimage","url":"https:\/\/www.meydan.tv\/wp-content\/uploads\/untitled-design-2-108-e1686745475982.jpg","contentUrl":"https:\/\/www.meydan.tv\/wp-content\/uploads\/untitled-design-2-108-e1686745475982.jpg","width":1200,"height":537,"caption":"N\u0259cib\u0259 Hac\u0131yeva. Foto: Meydan TV"},{"@type":"BreadcrumbList","@id":"https:\/\/www.meydan.tv\/az\/article\/sehid-ailesi-icra-hakimiyyeti-terefinden-aldadildigini-deyir\/#breadcrumb","itemListElement":[{"@type":"ListItem","position":1,"name":"Ana s\u0259hif\u0259","item":"https:\/\/www.meydan.tv\/az\/"},{"@type":"ListItem","position":2,"name":"B\u00f6lg\u0259","item":"https:\/\/www.meydan.tv\/az\/section\/bolge\/"},{"@type":"ListItem","position":3,"name":"\u015e\u0259hid ail\u0259si icra hakimiyy\u0259ti t\u0259r\u0259find\u0259n aldad\u0131ld\u0131\u011f\u0131n\u0131 deyir"}]},{"@type":"WebSite","@id":"https:\/\/www.meydan.tv\/az\/#website","url":"https:\/\/www.meydan.tv\/az\/","name":"MEYDAN.TV","description":"Meydan TV Az\u0259rbaycan\u0131n media m\u0259kan\u0131ndak\u0131 alternativ s\u0259sidir","publisher":{"@id":"https:\/\/www.meydan.tv\/az\/#organization"},"potentialAction":[{"@type":"SearchAction","target":{"@type":"EntryPoint","urlTemplate":"https:\/\/www.meydan.tv\/az\/?s={search_term_string}"},"query-input":{"@type":"PropertyValueSpecification","valueRequired":true,"valueName":"search_term_string"}}],"inLanguage":"az"},{"@type":"Organization","@id":"https:\/\/www.meydan.tv\/az\/#organization","name":"Meydan TV","url":"https:\/\/www.meydan.tv\/az\/","logo":{"@type":"ImageObject","inLanguage":"az","@id":"https:\/\/www.meydan.tv\/az\/#\/schema\/logo\/image\/","url":"https:\/\/www.meydan.tv\/wp-content\/uploads\/2021\/07\/meydan-logo.svg","contentUrl":"https:\/\/www.meydan.tv\/wp-content\/uploads\/2021\/07\/meydan-logo.svg","width":195,"height":46,"caption":"Meydan TV"},"image":{"@id":"https:\/\/www.meydan.tv\/az\/#\/schema\/logo\/image\/"}},{"@type":"Person","@id":"https:\/\/www.meydan.tv\/az\/#\/schema\/person\/9cdbecf90d17180ce1dfbd95b08dcf47","name":"elli","sameAs":["https:\/\/x.com\/elli"]}]}},"_links":{"self":[{"href":"https:\/\/www.meydan.tv\/az\/wp-json\/wp\/v2\/posts\/277482","targetHints":{"allow":["GET"]}}],"collection":[{"href":"https:\/\/www.meydan.tv\/az\/wp-json\/wp\/v2\/posts"}],"about":[{"href":"https:\/\/www.meydan.tv\/az\/wp-json\/wp\/v2\/types\/post"}],"author":[{"embeddable":true,"href":"https:\/\/www.meydan.tv\/az\/wp-json\/wp\/v2\/users\/8"}],"replies":[{"embeddable":true,"href":"https:\/\/www.meydan.tv\/az\/wp-json\/wp\/v2\/comments?post=277482"}],"version-history":[{"count":3,"href":"https:\/\/www.meydan.tv\/az\/wp-json\/wp\/v2\/posts\/277482\/revisions"}],"predecessor-version":[{"id":277488,"href":"https:\/\/www.meydan.tv\/az\/wp-json\/wp\/v2\/posts\/277482\/revisions\/277488"}],"wp:featuredmedia":[{"embeddable":true,"href":"https:\/\/www.meydan.tv\/az\/wp-json\/wp\/v2\/media\/277475"}],"wp:attachment":[{"href":"https:\/\/www.meydan.tv\/az\/wp-json\/wp\/v2\/media?parent=277482"}],"wp:term":[{"taxonomy":"category","embeddable":true,"href":"https:\/\/www.meydan.tv\/az\/wp-json\/wp\/v2\/categories?post=277482"},{"taxonomy":"post_tag","embeddable":true,"href":"https:\/\/www.meydan.tv\/az\/wp-json\/wp\/v2\/tags?post=277482"}],"curies":[{"name":"wp","href":"https:\/\/api.w.org\/{rel}","templated":true}]}}