{"id":277464,"date":"2023-06-14T15:01:58","date_gmt":"2023-06-14T11:01:58","guid":{"rendered":"https:\/\/www.meydan.tv\/?p=277464"},"modified":"2023-06-14T15:02:02","modified_gmt":"2023-06-14T11:02:02","slug":"samaxi-sakini-ovladim-gozumun-qarsisinda-eriyir-butun-qurumlara-muraciet-etmisem-komek-eden-yoxdur","status":"publish","type":"post","link":"https:\/\/www.meydan.tv\/az\/article\/samaxi-sakini-ovladim-gozumun-qarsisinda-eriyir-butun-qurumlara-muraciet-etmisem-komek-eden-yoxdur\/","title":{"rendered":"\u015eamax\u0131 sakini: \u201c\u00d6vlad\u0131m g\u00f6z\u00fcm\u00fcn qar\u015f\u0131s\u0131nda \u0259riyir, b\u00fct\u00fcn qurumlara m\u00fcraci\u0259t etmi\u015f\u0259m, k\u00f6m\u0259k ed\u0259n yoxdur\u201d"},"content":{"rendered":"\n<p><\/p>\n\n\n\n<p><em><strong>Ail\u0259si g\u0259ncin \u0259m\u0259liyyat\u0131 \u00fc\u00e7\u00fcn laz\u0131m olan v\u0259saiti tapa bilmir<\/strong><\/em><\/p>\n\n\n\n<p>23 ya\u015fl\u0131 Cabar Abdurr\u0259himov anadang\u0259lm\u0259 \u00fcr\u0259k x\u0259st\u0259liyind\u0259n \u0259ziyy\u0259t \u00e7\u0259kir.&nbsp; \u015eamax\u0131 rayonunun Da\u011f Ba\u011f\u0131rl\u0131 k\u0259ndind\u0259 ya\u015fayan g\u0259ncin h\u0259yat\u0131n\u0131 \u0259m\u0259liyyatla xilas etm\u0259k m\u00fcmk\u00fcnd\u00fcr. Atas\u0131 Fayiq Abdurrahimov bel\u0259 deyir.<\/p>\n\n\n\n<p>Onun s\u00f6zl\u0259rin\u0259 g\u00f6r\u0259, \u00f6vlad\u0131n\u0131n T\u00fcrkiy\u0259d\u0259 \u0259m\u0259liyyat etdirm\u0259kl\u0259 sa\u011falmas\u0131 m\u00fcmk\u00fcnd\u00fcr. Bunun \u00fc\u00e7\u00fcn is\u0259 maddi imkan\u0131 yoxdur:<\/p>\n\n\n\n<p><em>\u201cBir \u00f6vlad\u0131m bu x\u0259st\u0259likd\u0259n v\u0259fat edib, Cabar\u0131 is\u0259 m\u00fcalic\u0259 v\u0259 \u0259m\u0259liyyat etdirm\u0259y\u0259 v\u0259saitim yoxdur. \u00d6vlad\u0131m g\u00f6z\u00fcm\u00fcn qar\u015f\u0131s\u0131nda \u0259riyir, b\u00fct\u00fcn qurumlara m\u00fcraci\u0259t etmi\u015f\u0259m, k\u00f6m\u0259k ed\u0259n yoxdur\u201d.<\/em><\/p>\n\n\n\n<p>Fayiq Abdurrahimov deyir ki, Az\u0259rbaycanda m\u00fcraci\u0259t etm\u0259diyi d\u00f6vl\u0259t v\u0259 \u00f6z\u0259l x\u0259st\u0259xana qalmay\u0131b, amma n\u0259tic\u0259si olmay\u0131b:<\/p>\n\n\n\n<p>\u201c<em>T\u00fcrkiy\u0259d\u0259ki h\u0259kiml\u0259r \u0259m\u0259liyyata raz\u0131l\u0131q veribl\u0259r. M\u00fcayin\u0259 v\u0259 m\u00fcalic\u0259si \u00fc\u00e7\u00fcn 8 min manat, \u0259m\u0259liyyata t\u0259xmin\u0259n 50 min manat v\u0259sait laz\u0131md\u0131r. K\u00f6m\u0259klik \u00fc\u00e7\u00fcn etdiyim m\u00fcraci\u0259tl\u0259r \u0130cbari Tibbi S\u0131\u011forta \u00fczr\u0259 D\u00f6vl\u0259t Agentliyin\u0259 g\u00f6nd\u0259rilir, onlar is\u0259 v\u0259saitl\u0259rinin olmad\u0131\u011f\u0131n\u0131 deyirl\u0259r\u201d,- <\/em>Abdurr\u0259himov deyib.<\/p>\n\n\n<div class=\"wp-block-image\">\n<figure class=\"alignleft size-large is-resized\"><img decoding=\"async\" data-src=\"https:\/\/www.meydan.tv\/wp-content\/uploads\/img-20230611-wa0004-616x821.jpg\" alt=\"\" class=\"wp-image-277458 lazyload\" width=\"328\" height=\"437\" src=\"data:image\/svg+xml;base64,PHN2ZyB3aWR0aD0iMSIgaGVpZ2h0PSIxIiB4bWxucz0iaHR0cDovL3d3dy53My5vcmcvMjAwMC9zdmciPjwvc3ZnPg==\" style=\"--smush-placeholder-width: 328px; --smush-placeholder-aspect-ratio: 328\/437;\" \/><\/figure>\n<\/div>\n\n\n<p>Ata dan\u0131\u015f\u0131r ki, k\u0259ndd\u0259 ail\u0259sini g\u00fccl\u0259 doland\u0131r\u0131r. U\u015fa\u011f\u0131n \u00fcr\u0259yinin d\u00f6y\u00fcnt\u00fcs\u00fc art\u0131b, tez-tez t\u0259cili yard\u0131m \u00e7a\u011f\u0131rmaq m\u0259cburiyy\u0259tind\u0259 qal\u0131rlar:<\/p>\n\n\n\n<p>\u201c<em>U\u015faq evin i\u00e7\u0259risind\u0259 g\u00fccl\u0259 h\u0259r\u0259k\u0259t edir. Bir \u00f6vlad\u0131n\u0131 x\u0259st\u0259likd\u0259n itir\u0259n ata-anan\u0131n s\u0259sin\u0259 s\u0259s versinl\u0259r, \u00f6vlad\u0131m\u0131 \u00f6lm\u0259y\u0259 qoymas\u0131nlar\u201d.<\/em><\/p>\n\n\n\n<p>\u0130cbari Tibbi Sl\u011forta \u00fczr\u0259 D\u00f6vl\u0259t Agentliyind\u0259n Meydan TV-y\u0259 bildiribl\u0259r ki, icbari tibbi s\u0131\u011fortan\u0131n Xidm\u0259tl\u0259r Z\u0259rfi il\u0259 59 \u00fcr\u0259k \u0259m\u0259liyyat\u0131 t\u0259minata al\u0131n\u0131b. Amma \u00fcr\u0259k k\u00f6\u00e7\u00fcr\u00fclm\u0259si \u0259m\u0259liyyat\u0131 Xidm\u0259tl\u0259r Z\u0259rfin\u0259 daxil deyil. V\u0259t\u0259nda\u015f Faiz Abdurr\u0259yimov agentliy\u0259 m\u00fcraci\u0259t ed\u0259rk\u0259n \u00f6vlad\u0131na \u00fcr\u0259k q\u00fcsuru \u0259m\u0259liyyat\u0131 il\u0259 ba\u011fl\u0131 deyil, \u201c\u00fcr\u0259k k\u00f6\u00e7\u00fcr\u00fclm\u0259si\u201d\u0259m\u0259liyyat\u0131 il\u0259 ba\u011fl\u0131 m\u00fcraci\u0259t edib. Cavab m\u0259ktubunda v\u0259t\u0259nda\u015fa \u00fcr\u0259k k\u00f6\u00e7\u00fcr\u00fclm\u0259si \u0259m\u0259liyyat\u0131n\u0131n Xidm\u0259tl\u0259r Z\u0259rfin\u0259 daxil olmad\u0131\u011f\u0131 haqq\u0131nda m\u0259lumat verilib.<\/p>\n","protected":false},"excerpt":{"rendered":"<p>Ail\u0259si g\u0259ncin \u0259m\u0259liyyat\u0131 \u00fc\u00e7\u00fcn laz\u0131m olan v\u0259saiti tapa bilmir 23 &#8230; <\/p>\n<p class=\"read-more-container\"><a title=\"\u015eamax\u0131 sakini: \u201c\u00d6vlad\u0131m g\u00f6z\u00fcm\u00fcn qar\u015f\u0131s\u0131nda \u0259riyir, b\u00fct\u00fcn qurumlara m\u00fcraci\u0259t etmi\u015f\u0259m, k\u00f6m\u0259k ed\u0259n yoxdur\u201d\" class=\"read-more button\" href=\"https:\/\/www.meydan.tv\/az\/article\/samaxi-sakini-ovladim-gozumun-qarsisinda-eriyir-butun-qurumlara-muraciet-etmisem-komek-eden-yoxdur\/#more-277464\" aria-label=\"Read more about \u015eamax\u0131 sakini: \u201c\u00d6vlad\u0131m g\u00f6z\u00fcm\u00fcn qar\u015f\u0131s\u0131nda \u0259riyir, b\u00fct\u00fcn qurumlara m\u00fcraci\u0259t etmi\u015f\u0259m, k\u00f6m\u0259k ed\u0259n yoxdur\u201d\">Davam\u0131<\/a><\/p>\n","protected":false},"author":8,"featured_media":277461,"comment_status":"closed","ping_status":"closed","sticky":false,"template":"","format":"standard","meta":{"_acf_changed":false,"_sitemap_exclude":false,"_sitemap_priority":"","_sitemap_frequency":"","footnotes":""},"categories":[60,56],"tags":[],"class_list":["post-277464","post","type-post","status-publish","format-standard","has-post-thumbnail","hentry","category-bolge","category-xeberler","infinite-scroll-item","generate-columns","tablet-grid-50","mobile-grid-100","grid-parent","grid-33","no-featured-image-padding"],"acf":[],"yoast_head":"<!-- This site is optimized with the Yoast SEO plugin v27.5 - https:\/\/yoast.com\/product\/yoast-seo-wordpress\/ -->\n<title>\u015eamax\u0131 sakini: \u201c\u00d6vlad\u0131m g\u00f6z\u00fcm\u00fcn qar\u015f\u0131s\u0131nda \u0259riyir, b\u00fct\u00fcn qurumlara m\u00fcraci\u0259t etmi\u015f\u0259m, k\u00f6m\u0259k ed\u0259n yoxdur\u201d - MEYDAN.TV<\/title>\n<meta name=\"robots\" content=\"index, follow, max-snippet:-1, max-image-preview:large, max-video-preview:-1\" \/>\n<link rel=\"canonical\" href=\"https:\/\/www.meydan.tv\/az\/article\/samaxi-sakini-ovladim-gozumun-qarsisinda-eriyir-butun-qurumlara-muraciet-etmisem-komek-eden-yoxdur\/\" \/>\n<meta property=\"og:locale\" content=\"az_AZ\" \/>\n<meta property=\"og:type\" content=\"article\" \/>\n<meta property=\"og:title\" content=\"\u015eamax\u0131 sakini: \u201c\u00d6vlad\u0131m g\u00f6z\u00fcm\u00fcn qar\u015f\u0131s\u0131nda \u0259riyir, b\u00fct\u00fcn qurumlara m\u00fcraci\u0259t etmi\u015f\u0259m, k\u00f6m\u0259k ed\u0259n yoxdur\u201d - MEYDAN.TV\" \/>\n<meta property=\"og:description\" content=\"Ail\u0259si g\u0259ncin \u0259m\u0259liyyat\u0131 \u00fc\u00e7\u00fcn laz\u0131m olan v\u0259saiti tapa bilmir 23 ... Davam\u0131\" \/>\n<meta property=\"og:url\" content=\"https:\/\/www.meydan.tv\/az\/article\/samaxi-sakini-ovladim-gozumun-qarsisinda-eriyir-butun-qurumlara-muraciet-etmisem-komek-eden-yoxdur\/\" \/>\n<meta property=\"og:site_name\" content=\"MEYDAN.TV\" \/>\n<meta property=\"article:published_time\" content=\"2023-06-14T11:01:58+00:00\" \/>\n<meta property=\"article:modified_time\" content=\"2023-06-14T11:02:02+00:00\" \/>\n<meta property=\"og:image\" content=\"https:\/\/www.meydan.tv\/wp-content\/uploads\/img-20230611-wa0002.jpg\" \/>\n\t<meta property=\"og:image:width\" content=\"1200\" \/>\n\t<meta property=\"og:image:height\" content=\"816\" \/>\n\t<meta property=\"og:image:type\" content=\"image\/jpeg\" \/>\n<meta name=\"author\" content=\"elli\" \/>\n<meta name=\"twitter:card\" content=\"summary_large_image\" \/>\n<meta name=\"twitter:creator\" content=\"@elli\" \/>\n<script type=\"application\/ld+json\" class=\"yoast-schema-graph\">{\"@context\":\"https:\\\/\\\/schema.org\",\"@graph\":[{\"@type\":\"Article\",\"@id\":\"https:\\\/\\\/www.meydan.tv\\\/az\\\/article\\\/samaxi-sakini-ovladim-gozumun-qarsisinda-eriyir-butun-qurumlara-muraciet-etmisem-komek-eden-yoxdur\\\/#article\",\"isPartOf\":{\"@id\":\"https:\\\/\\\/www.meydan.tv\\\/az\\\/article\\\/samaxi-sakini-ovladim-gozumun-qarsisinda-eriyir-butun-qurumlara-muraciet-etmisem-komek-eden-yoxdur\\\/\"},\"author\":{\"name\":\"elli\",\"@id\":\"https:\\\/\\\/www.meydan.tv\\\/az\\\/#\\\/schema\\\/person\\\/9cdbecf90d17180ce1dfbd95b08dcf47\"},\"headline\":\"\u015eamax\u0131 sakini: \u201c\u00d6vlad\u0131m g\u00f6z\u00fcm\u00fcn qar\u015f\u0131s\u0131nda \u0259riyir, b\u00fct\u00fcn qurumlara m\u00fcraci\u0259t etmi\u015f\u0259m, k\u00f6m\u0259k ed\u0259n yoxdur\u201d\",\"datePublished\":\"2023-06-14T11:01:58+00:00\",\"dateModified\":\"2023-06-14T11:02:02+00:00\",\"mainEntityOfPage\":{\"@id\":\"https:\\\/\\\/www.meydan.tv\\\/az\\\/article\\\/samaxi-sakini-ovladim-gozumun-qarsisinda-eriyir-butun-qurumlara-muraciet-etmisem-komek-eden-yoxdur\\\/\"},\"wordCount\":450,\"publisher\":{\"@id\":\"https:\\\/\\\/www.meydan.tv\\\/az\\\/#organization\"},\"image\":{\"@id\":\"https:\\\/\\\/www.meydan.tv\\\/az\\\/article\\\/samaxi-sakini-ovladim-gozumun-qarsisinda-eriyir-butun-qurumlara-muraciet-etmisem-komek-eden-yoxdur\\\/#primaryimage\"},\"thumbnailUrl\":\"https:\\\/\\\/www.meydan.tv\\\/wp-content\\\/uploads\\\/img-20230611-wa0002.jpg\",\"articleSection\":[\"B\u00f6lg\u0259\",\"X\u0259b\u0259rl\u0259r\"],\"inLanguage\":\"az\"},{\"@type\":\"WebPage\",\"@id\":\"https:\\\/\\\/www.meydan.tv\\\/az\\\/article\\\/samaxi-sakini-ovladim-gozumun-qarsisinda-eriyir-butun-qurumlara-muraciet-etmisem-komek-eden-yoxdur\\\/\",\"url\":\"https:\\\/\\\/www.meydan.tv\\\/az\\\/article\\\/samaxi-sakini-ovladim-gozumun-qarsisinda-eriyir-butun-qurumlara-muraciet-etmisem-komek-eden-yoxdur\\\/\",\"name\":\"\u015eamax\u0131 sakini: \u201c\u00d6vlad\u0131m g\u00f6z\u00fcm\u00fcn qar\u015f\u0131s\u0131nda \u0259riyir, b\u00fct\u00fcn qurumlara m\u00fcraci\u0259t etmi\u015f\u0259m, k\u00f6m\u0259k ed\u0259n yoxdur\u201d - MEYDAN.TV\",\"isPartOf\":{\"@id\":\"https:\\\/\\\/www.meydan.tv\\\/az\\\/#website\"},\"primaryImageOfPage\":{\"@id\":\"https:\\\/\\\/www.meydan.tv\\\/az\\\/article\\\/samaxi-sakini-ovladim-gozumun-qarsisinda-eriyir-butun-qurumlara-muraciet-etmisem-komek-eden-yoxdur\\\/#primaryimage\"},\"image\":{\"@id\":\"https:\\\/\\\/www.meydan.tv\\\/az\\\/article\\\/samaxi-sakini-ovladim-gozumun-qarsisinda-eriyir-butun-qurumlara-muraciet-etmisem-komek-eden-yoxdur\\\/#primaryimage\"},\"thumbnailUrl\":\"https:\\\/\\\/www.meydan.tv\\\/wp-content\\\/uploads\\\/img-20230611-wa0002.jpg\",\"datePublished\":\"2023-06-14T11:01:58+00:00\",\"dateModified\":\"2023-06-14T11:02:02+00:00\",\"breadcrumb\":{\"@id\":\"https:\\\/\\\/www.meydan.tv\\\/az\\\/article\\\/samaxi-sakini-ovladim-gozumun-qarsisinda-eriyir-butun-qurumlara-muraciet-etmisem-komek-eden-yoxdur\\\/#breadcrumb\"},\"inLanguage\":\"az\",\"potentialAction\":[{\"@type\":\"ReadAction\",\"target\":[\"https:\\\/\\\/www.meydan.tv\\\/az\\\/article\\\/samaxi-sakini-ovladim-gozumun-qarsisinda-eriyir-butun-qurumlara-muraciet-etmisem-komek-eden-yoxdur\\\/\"]}]},{\"@type\":\"ImageObject\",\"inLanguage\":\"az\",\"@id\":\"https:\\\/\\\/www.meydan.tv\\\/az\\\/article\\\/samaxi-sakini-ovladim-gozumun-qarsisinda-eriyir-butun-qurumlara-muraciet-etmisem-komek-eden-yoxdur\\\/#primaryimage\",\"url\":\"https:\\\/\\\/www.meydan.tv\\\/wp-content\\\/uploads\\\/img-20230611-wa0002.jpg\",\"contentUrl\":\"https:\\\/\\\/www.meydan.tv\\\/wp-content\\\/uploads\\\/img-20230611-wa0002.jpg\",\"width\":1200,\"height\":816,\"caption\":\"Cabar Abdurr\u0259himov. Foto: Meydan TV\"},{\"@type\":\"BreadcrumbList\",\"@id\":\"https:\\\/\\\/www.meydan.tv\\\/az\\\/article\\\/samaxi-sakini-ovladim-gozumun-qarsisinda-eriyir-butun-qurumlara-muraciet-etmisem-komek-eden-yoxdur\\\/#breadcrumb\",\"itemListElement\":[{\"@type\":\"ListItem\",\"position\":1,\"name\":\"Ana s\u0259hif\u0259\",\"item\":\"https:\\\/\\\/www.meydan.tv\\\/az\\\/\"},{\"@type\":\"ListItem\",\"position\":2,\"name\":\"B\u00f6lg\u0259\",\"item\":\"https:\\\/\\\/www.meydan.tv\\\/az\\\/section\\\/bolge\\\/\"},{\"@type\":\"ListItem\",\"position\":3,\"name\":\"\u015eamax\u0131 sakini: \u201c\u00d6vlad\u0131m g\u00f6z\u00fcm\u00fcn qar\u015f\u0131s\u0131nda \u0259riyir, b\u00fct\u00fcn qurumlara m\u00fcraci\u0259t etmi\u015f\u0259m, k\u00f6m\u0259k ed\u0259n yoxdur\u201d\"}]},{\"@type\":\"WebSite\",\"@id\":\"https:\\\/\\\/www.meydan.tv\\\/az\\\/#website\",\"url\":\"https:\\\/\\\/www.meydan.tv\\\/az\\\/\",\"name\":\"MEYDAN.TV\",\"description\":\"Meydan TV Az\u0259rbaycan\u0131n media m\u0259kan\u0131ndak\u0131 alternativ s\u0259sidir\",\"publisher\":{\"@id\":\"https:\\\/\\\/www.meydan.tv\\\/az\\\/#organization\"},\"potentialAction\":[{\"@type\":\"SearchAction\",\"target\":{\"@type\":\"EntryPoint\",\"urlTemplate\":\"https:\\\/\\\/www.meydan.tv\\\/az\\\/?s={search_term_string}\"},\"query-input\":{\"@type\":\"PropertyValueSpecification\",\"valueRequired\":true,\"valueName\":\"search_term_string\"}}],\"inLanguage\":\"az\"},{\"@type\":\"Organization\",\"@id\":\"https:\\\/\\\/www.meydan.tv\\\/az\\\/#organization\",\"name\":\"Meydan TV\",\"url\":\"https:\\\/\\\/www.meydan.tv\\\/az\\\/\",\"logo\":{\"@type\":\"ImageObject\",\"inLanguage\":\"az\",\"@id\":\"https:\\\/\\\/www.meydan.tv\\\/az\\\/#\\\/schema\\\/logo\\\/image\\\/\",\"url\":\"https:\\\/\\\/www.meydan.tv\\\/wp-content\\\/uploads\\\/2021\\\/07\\\/meydan-logo.svg\",\"contentUrl\":\"https:\\\/\\\/www.meydan.tv\\\/wp-content\\\/uploads\\\/2021\\\/07\\\/meydan-logo.svg\",\"width\":195,\"height\":46,\"caption\":\"Meydan TV\"},\"image\":{\"@id\":\"https:\\\/\\\/www.meydan.tv\\\/az\\\/#\\\/schema\\\/logo\\\/image\\\/\"}},{\"@type\":\"Person\",\"@id\":\"https:\\\/\\\/www.meydan.tv\\\/az\\\/#\\\/schema\\\/person\\\/9cdbecf90d17180ce1dfbd95b08dcf47\",\"name\":\"elli\",\"sameAs\":[\"https:\\\/\\\/x.com\\\/elli\"]}]}<\/script>\n<!-- \/ Yoast SEO plugin. -->","yoast_head_json":{"title":"\u015eamax\u0131 sakini: \u201c\u00d6vlad\u0131m g\u00f6z\u00fcm\u00fcn qar\u015f\u0131s\u0131nda \u0259riyir, b\u00fct\u00fcn qurumlara m\u00fcraci\u0259t etmi\u015f\u0259m, k\u00f6m\u0259k ed\u0259n yoxdur\u201d - MEYDAN.TV","robots":{"index":"index","follow":"follow","max-snippet":"max-snippet:-1","max-image-preview":"max-image-preview:large","max-video-preview":"max-video-preview:-1"},"canonical":"https:\/\/www.meydan.tv\/az\/article\/samaxi-sakini-ovladim-gozumun-qarsisinda-eriyir-butun-qurumlara-muraciet-etmisem-komek-eden-yoxdur\/","og_locale":"az_AZ","og_type":"article","og_title":"\u015eamax\u0131 sakini: \u201c\u00d6vlad\u0131m g\u00f6z\u00fcm\u00fcn qar\u015f\u0131s\u0131nda \u0259riyir, b\u00fct\u00fcn qurumlara m\u00fcraci\u0259t etmi\u015f\u0259m, k\u00f6m\u0259k ed\u0259n yoxdur\u201d - MEYDAN.TV","og_description":"Ail\u0259si g\u0259ncin \u0259m\u0259liyyat\u0131 \u00fc\u00e7\u00fcn laz\u0131m olan v\u0259saiti tapa bilmir 23 ... Davam\u0131","og_url":"https:\/\/www.meydan.tv\/az\/article\/samaxi-sakini-ovladim-gozumun-qarsisinda-eriyir-butun-qurumlara-muraciet-etmisem-komek-eden-yoxdur\/","og_site_name":"MEYDAN.TV","article_published_time":"2023-06-14T11:01:58+00:00","article_modified_time":"2023-06-14T11:02:02+00:00","og_image":[{"width":1200,"height":816,"url":"https:\/\/www.meydan.tv\/wp-content\/uploads\/img-20230611-wa0002.jpg","type":"image\/jpeg"}],"author":"elli","twitter_card":"summary_large_image","twitter_creator":"@elli","schema":{"@context":"https:\/\/schema.org","@graph":[{"@type":"Article","@id":"https:\/\/www.meydan.tv\/az\/article\/samaxi-sakini-ovladim-gozumun-qarsisinda-eriyir-butun-qurumlara-muraciet-etmisem-komek-eden-yoxdur\/#article","isPartOf":{"@id":"https:\/\/www.meydan.tv\/az\/article\/samaxi-sakini-ovladim-gozumun-qarsisinda-eriyir-butun-qurumlara-muraciet-etmisem-komek-eden-yoxdur\/"},"author":{"name":"elli","@id":"https:\/\/www.meydan.tv\/az\/#\/schema\/person\/9cdbecf90d17180ce1dfbd95b08dcf47"},"headline":"\u015eamax\u0131 sakini: \u201c\u00d6vlad\u0131m g\u00f6z\u00fcm\u00fcn qar\u015f\u0131s\u0131nda \u0259riyir, b\u00fct\u00fcn qurumlara m\u00fcraci\u0259t etmi\u015f\u0259m, k\u00f6m\u0259k ed\u0259n yoxdur\u201d","datePublished":"2023-06-14T11:01:58+00:00","dateModified":"2023-06-14T11:02:02+00:00","mainEntityOfPage":{"@id":"https:\/\/www.meydan.tv\/az\/article\/samaxi-sakini-ovladim-gozumun-qarsisinda-eriyir-butun-qurumlara-muraciet-etmisem-komek-eden-yoxdur\/"},"wordCount":450,"publisher":{"@id":"https:\/\/www.meydan.tv\/az\/#organization"},"image":{"@id":"https:\/\/www.meydan.tv\/az\/article\/samaxi-sakini-ovladim-gozumun-qarsisinda-eriyir-butun-qurumlara-muraciet-etmisem-komek-eden-yoxdur\/#primaryimage"},"thumbnailUrl":"https:\/\/www.meydan.tv\/wp-content\/uploads\/img-20230611-wa0002.jpg","articleSection":["B\u00f6lg\u0259","X\u0259b\u0259rl\u0259r"],"inLanguage":"az"},{"@type":"WebPage","@id":"https:\/\/www.meydan.tv\/az\/article\/samaxi-sakini-ovladim-gozumun-qarsisinda-eriyir-butun-qurumlara-muraciet-etmisem-komek-eden-yoxdur\/","url":"https:\/\/www.meydan.tv\/az\/article\/samaxi-sakini-ovladim-gozumun-qarsisinda-eriyir-butun-qurumlara-muraciet-etmisem-komek-eden-yoxdur\/","name":"\u015eamax\u0131 sakini: \u201c\u00d6vlad\u0131m g\u00f6z\u00fcm\u00fcn qar\u015f\u0131s\u0131nda \u0259riyir, b\u00fct\u00fcn qurumlara m\u00fcraci\u0259t etmi\u015f\u0259m, k\u00f6m\u0259k ed\u0259n yoxdur\u201d - MEYDAN.TV","isPartOf":{"@id":"https:\/\/www.meydan.tv\/az\/#website"},"primaryImageOfPage":{"@id":"https:\/\/www.meydan.tv\/az\/article\/samaxi-sakini-ovladim-gozumun-qarsisinda-eriyir-butun-qurumlara-muraciet-etmisem-komek-eden-yoxdur\/#primaryimage"},"image":{"@id":"https:\/\/www.meydan.tv\/az\/article\/samaxi-sakini-ovladim-gozumun-qarsisinda-eriyir-butun-qurumlara-muraciet-etmisem-komek-eden-yoxdur\/#primaryimage"},"thumbnailUrl":"https:\/\/www.meydan.tv\/wp-content\/uploads\/img-20230611-wa0002.jpg","datePublished":"2023-06-14T11:01:58+00:00","dateModified":"2023-06-14T11:02:02+00:00","breadcrumb":{"@id":"https:\/\/www.meydan.tv\/az\/article\/samaxi-sakini-ovladim-gozumun-qarsisinda-eriyir-butun-qurumlara-muraciet-etmisem-komek-eden-yoxdur\/#breadcrumb"},"inLanguage":"az","potentialAction":[{"@type":"ReadAction","target":["https:\/\/www.meydan.tv\/az\/article\/samaxi-sakini-ovladim-gozumun-qarsisinda-eriyir-butun-qurumlara-muraciet-etmisem-komek-eden-yoxdur\/"]}]},{"@type":"ImageObject","inLanguage":"az","@id":"https:\/\/www.meydan.tv\/az\/article\/samaxi-sakini-ovladim-gozumun-qarsisinda-eriyir-butun-qurumlara-muraciet-etmisem-komek-eden-yoxdur\/#primaryimage","url":"https:\/\/www.meydan.tv\/wp-content\/uploads\/img-20230611-wa0002.jpg","contentUrl":"https:\/\/www.meydan.tv\/wp-content\/uploads\/img-20230611-wa0002.jpg","width":1200,"height":816,"caption":"Cabar Abdurr\u0259himov. Foto: Meydan TV"},{"@type":"BreadcrumbList","@id":"https:\/\/www.meydan.tv\/az\/article\/samaxi-sakini-ovladim-gozumun-qarsisinda-eriyir-butun-qurumlara-muraciet-etmisem-komek-eden-yoxdur\/#breadcrumb","itemListElement":[{"@type":"ListItem","position":1,"name":"Ana s\u0259hif\u0259","item":"https:\/\/www.meydan.tv\/az\/"},{"@type":"ListItem","position":2,"name":"B\u00f6lg\u0259","item":"https:\/\/www.meydan.tv\/az\/section\/bolge\/"},{"@type":"ListItem","position":3,"name":"\u015eamax\u0131 sakini: \u201c\u00d6vlad\u0131m g\u00f6z\u00fcm\u00fcn qar\u015f\u0131s\u0131nda \u0259riyir, b\u00fct\u00fcn qurumlara m\u00fcraci\u0259t etmi\u015f\u0259m, k\u00f6m\u0259k ed\u0259n yoxdur\u201d"}]},{"@type":"WebSite","@id":"https:\/\/www.meydan.tv\/az\/#website","url":"https:\/\/www.meydan.tv\/az\/","name":"MEYDAN.TV","description":"Meydan TV Az\u0259rbaycan\u0131n media m\u0259kan\u0131ndak\u0131 alternativ s\u0259sidir","publisher":{"@id":"https:\/\/www.meydan.tv\/az\/#organization"},"potentialAction":[{"@type":"SearchAction","target":{"@type":"EntryPoint","urlTemplate":"https:\/\/www.meydan.tv\/az\/?s={search_term_string}"},"query-input":{"@type":"PropertyValueSpecification","valueRequired":true,"valueName":"search_term_string"}}],"inLanguage":"az"},{"@type":"Organization","@id":"https:\/\/www.meydan.tv\/az\/#organization","name":"Meydan TV","url":"https:\/\/www.meydan.tv\/az\/","logo":{"@type":"ImageObject","inLanguage":"az","@id":"https:\/\/www.meydan.tv\/az\/#\/schema\/logo\/image\/","url":"https:\/\/www.meydan.tv\/wp-content\/uploads\/2021\/07\/meydan-logo.svg","contentUrl":"https:\/\/www.meydan.tv\/wp-content\/uploads\/2021\/07\/meydan-logo.svg","width":195,"height":46,"caption":"Meydan TV"},"image":{"@id":"https:\/\/www.meydan.tv\/az\/#\/schema\/logo\/image\/"}},{"@type":"Person","@id":"https:\/\/www.meydan.tv\/az\/#\/schema\/person\/9cdbecf90d17180ce1dfbd95b08dcf47","name":"elli","sameAs":["https:\/\/x.com\/elli"]}]}},"_links":{"self":[{"href":"https:\/\/www.meydan.tv\/az\/wp-json\/wp\/v2\/posts\/277464","targetHints":{"allow":["GET"]}}],"collection":[{"href":"https:\/\/www.meydan.tv\/az\/wp-json\/wp\/v2\/posts"}],"about":[{"href":"https:\/\/www.meydan.tv\/az\/wp-json\/wp\/v2\/types\/post"}],"author":[{"embeddable":true,"href":"https:\/\/www.meydan.tv\/az\/wp-json\/wp\/v2\/users\/8"}],"replies":[{"embeddable":true,"href":"https:\/\/www.meydan.tv\/az\/wp-json\/wp\/v2\/comments?post=277464"}],"version-history":[{"count":1,"href":"https:\/\/www.meydan.tv\/az\/wp-json\/wp\/v2\/posts\/277464\/revisions"}],"predecessor-version":[{"id":277465,"href":"https:\/\/www.meydan.tv\/az\/wp-json\/wp\/v2\/posts\/277464\/revisions\/277465"}],"wp:featuredmedia":[{"embeddable":true,"href":"https:\/\/www.meydan.tv\/az\/wp-json\/wp\/v2\/media\/277461"}],"wp:attachment":[{"href":"https:\/\/www.meydan.tv\/az\/wp-json\/wp\/v2\/media?parent=277464"}],"wp:term":[{"taxonomy":"category","embeddable":true,"href":"https:\/\/www.meydan.tv\/az\/wp-json\/wp\/v2\/categories?post=277464"},{"taxonomy":"post_tag","embeddable":true,"href":"https:\/\/www.meydan.tv\/az\/wp-json\/wp\/v2\/tags?post=277464"}],"curies":[{"name":"wp","href":"https:\/\/api.w.org\/{rel}","templated":true}]}}