{"id":277407,"date":"2023-06-13T16:18:12","date_gmt":"2023-06-13T12:18:12","guid":{"rendered":"https:\/\/www.meydan.tv\/?p=277407"},"modified":"2023-06-13T16:18:12","modified_gmt":"2023-06-13T12:18:12","slug":"boradigahlilar-resad-nebiyevden-internet-isteyirler","status":"publish","type":"post","link":"https:\/\/www.meydan.tv\/az\/article\/boradigahlilar-resad-nebiyevden-internet-isteyirler\/","title":{"rendered":"Boradigahl\u0131lar R\u0259\u015fad N\u0259biyevd\u0259n internet ist\u0259yirl\u0259r"},"content":{"rendered":"\n<p><\/p>\n\n\n\n<p><strong><em>Onlar q\u0259s\u0259b\u0259nin y\u00fcks\u0259k s\u00fcr\u0259tli internet x\u0259ttin\u0259 qo\u015fulmas\u0131n\u0131 xahi\u015f edirl\u0259r<\/em><\/strong><\/p>\n\n\n\n<p>Masall\u0131 rayonunun Boradigah q\u0259s\u0259b\u0259sinin bir qrup sakini r\u0259q\u0259msal inki\u015faf v\u0259 n\u0259qliyyat naziri R\u0259\u015fad N\u0259biyev\u0259 m\u00fcraci\u0259t edib.<\/p>\n\n\n\n<p>Onlar q\u0259s\u0259b\u0259d\u0259 internetl\u0259 ba\u011fl\u0131 yaranm\u0131\u015f problemin h\u0259ll edilm\u0259sini ist\u0259yirl\u0259r.<\/p>\n\n\n\n<p>Sakinl\u0259r rabit\u0259 x\u0259tl\u0259rinin k\u00f6hn\u0259lm\u0259si il\u0259 \u0259laq\u0259dar q\u0259s\u0259b\u0259d\u0259 internet trafikinin vaxta\u015f\u0131r\u0131 k\u0259sildiyini deyirl\u0259r:<\/p>\n\n\n\n<p><em>&#8220;Son g\u00fcnl\u0259r \u0259lveri\u015fsiz hava \u015f\u0259raiti il\u0259 \u0259laq\u0259dar y\u00fczl\u0259rl\u0259 abun\u0259\u00e7i telefonsuz v\u0259 internetsiz qal\u0131b. \u0130nternetl\u0259 ba\u011fl\u0131 probleml\u0259r s\u0259b\u0259bind\u0259n m\u0259kt\u0259blil\u0259rin \u0259ks\u0259r hiss\u0259si burax\u0131l\u0131\u015f v\u0259 q\u0259bul imtahanlar\u0131na onlayn haz\u0131rl\u0131q imkan\u0131ndan m\u0259hrum olur, yerli sakinl\u0259r Az\u0259rbaycan\u0131n dig\u0259r b\u00f6lg\u0259l\u0259rind\u0259ki v\u0259 xaricd\u0259ki qohumlar\u0131 il\u0259 \u0259laq\u0259 saxlaya bilmirl\u0259r&#8221;.<\/em><\/p>\n\n\n\n<p>Sakinl\u0259r q\u0259s\u0259b\u0259nin yax\u0131nl\u0131\u011f\u0131ndan GPON sisteminin optik-lif rabit\u0259 x\u0259tti ke\u00e7diyin\u0259 diqq\u0259t \u00e7\u0259kibl\u0259r.<\/p>\n\n\n\n<p>Onlar nazird\u0259n q\u0259s\u0259b\u0259ni keyfiyy\u0259tli, y\u00fcks\u0259k s\u00fcr\u0259tli internet\u0259 \u00e7\u0131x\u0131\u015f\u0131 t\u0259min ed\u0259n bu sistem\u0259 qo\u015fma\u011f\u0131 xahi\u015f edibl\u0259r.<\/p>\n\n\n\n<p>M\u00fcraci\u0259ti q\u0259s\u0259b\u0259nin 40 sakini imzalay\u0131b.<\/p>\n\n\n<div class=\"wp-block-image\">\n<figure class=\"aligncenter size-full\"><img decoding=\"async\" width=\"1200\" height=\"800\" data-src=\"https:\/\/www.meydan.tv\/wp-content\/uploads\/untitled-design-7-39.jpg\" alt=\"\" class=\"wp-image-277397 lazyload\" src=\"data:image\/svg+xml;base64,PHN2ZyB3aWR0aD0iMSIgaGVpZ2h0PSIxIiB4bWxucz0iaHR0cDovL3d3dy53My5vcmcvMjAwMC9zdmciPjwvc3ZnPg==\" style=\"--smush-placeholder-width: 1200px; --smush-placeholder-aspect-ratio: 1200\/800;\" \/><\/figure>\n<\/div>\n\n\n<p>&#8220;Aztelekom&#8221; MMC-nin C\u0259nub Regional Filial\u0131ndan is\u0259 bildirilib ki, bu q\u0259s\u0259b\u0259 rayonda avtomat telefon stansiyalar\u0131n\u0131n (ATS) quruldu\u011fu ilk m\u0259nt\u0259q\u0259l\u0259rd\u0259ndir:<\/p>\n\n\n\n<p><em>&#8220;Bu g\u00fcn t\u0259kc\u0259 Boradigah q\u0259s\u0259b\u0259sind\u0259 4 ATS f\u0259aliyy\u0259t g\u00f6st\u0259rir. Son 5 ild\u0259 Masall\u0131da rabit\u0259 xidm\u0259ti ard\u0131c\u0131l olaraq y\u00fcks\u0259l\u0259n x\u0259tl\u0259 inki\u015faf edib. Rayonda telekommunikasiya sistemi tam komp\u00fcterl\u0259\u015fdirilib. H\u0259m \u015f\u0259h\u0259r, h\u0259m d\u0259 k\u0259nd ATS-l\u0259rind\u0259 \u0259sasl\u0131 t\u0259mir v\u0259 yenid\u0259nqurma i\u015fl\u0259ri apar\u0131l\u0131b. Lakin bu g\u00fcn yeni n\u0259sil texnologiyan\u0131n t\u0259tbiqi daha s\u00fcr\u0259tli, keyfiyy\u0259tli xidm\u0259tin t\u0259min olunmas\u0131 z\u0259rur\u0259tini yarad\u0131r. Bu m\u0259qs\u0259dl\u0259 \u00f6lk\u0259 \u0259razisind\u0259 oldu\u011fu kimi Masall\u0131 rayonunda da yeni y\u00fcks\u0259k s\u00fcr\u0259tli optik internet \u015f\u0259b\u0259k\u0259sinin t\u0259tbiqin\u0259 ba\u015flan\u0131l\u0131b. Art\u0131q \u015f\u0259h\u0259r \u0259razisind\u0259, el\u0259c\u0259 d\u0259 bir s\u0131ra k\u0259ndl\u0259rd\u0259 layih\u0259l\u0259r davam etdirilir&#8221;.<\/em><\/p>\n\n\n\n<p>Filialdan vur\u011fulan\u0131b ki, q\u0259s\u0259b\u0259 sakinl\u0259rinin telefon v\u0259 internet xidm\u0259tinin keyfiyy\u0259tind\u0259n naraz\u0131 olmas\u0131n\u0131n s\u0259b\u0259bi d\u0259 son yenilikl\u0259rl\u0259 ba\u011fl\u0131d\u0131r:<\/p>\n\n\n\n<p>&#8220;<em>\u00c7\u00fcnki \u0259trafda 40-50 megabit s\u00fcr\u0259tli internet xidm\u0259tini g\u00f6r\u0259n, ondan istifad\u0259 ed\u0259n \u015f\u0259xs \u00fc\u00e7\u00fcn art\u0131q 1-2 megabit s\u00fcr\u0259t \u00e7ox z\u0259if hesab edilir v\u0259 ona g\u00f6r\u0259 d\u0259 daha yax\u015f\u0131s\u0131n\u0131 ist\u0259yirl\u0259r. Haz\u0131rda rayon \u0259razisind\u0259 GPON sisteminin t\u0259tbiqi davam edir. Art\u0131q Boradigah q\u0259s\u0259b\u0259sin\u0259 yax\u0131n B\u0259d\u0259lan k\u0259ndind\u0259 bu i\u015fl\u0259r yekunla\u015fmaq \u00fczr\u0259dir&#8221;.<\/em><\/p>\n\n\n<div class=\"wp-block-image\">\n<figure class=\"aligncenter size-full\"><img decoding=\"async\" width=\"1200\" height=\"800\" data-src=\"https:\/\/www.meydan.tv\/wp-content\/uploads\/untitled-design-9-28.jpg\" alt=\"\" class=\"wp-image-277403 lazyload\" src=\"data:image\/svg+xml;base64,PHN2ZyB3aWR0aD0iMSIgaGVpZ2h0PSIxIiB4bWxucz0iaHR0cDovL3d3dy53My5vcmcvMjAwMC9zdmciPjwvc3ZnPg==\" style=\"--smush-placeholder-width: 1200px; --smush-placeholder-aspect-ratio: 1200\/800;\" \/><\/figure>\n<\/div>\n\n\n<p>Filial g\u00fcman edir ki, yax\u0131n vaxtlarda Boradigah q\u0259s\u0259b\u0259si \u00fc\u00e7\u00fcn d\u0259 bel\u0259 bir layih\u0259 i\u015fl\u0259n\u0259c\u0259k v\u0259 abonentl\u0259rin istifad\u0259sin\u0259 veril\u0259c\u0259k.<\/p>\n\n\n\n<p>Boradigah sakinl\u0259r is\u0259 &#8220;Aztelekom&#8221;un C\u0259nub Regional Filial\u0131n\u0131n cavab\u0131nda qeyd edil\u0259nl\u0259ri b\u00f6l\u00fc\u015fm\u00fcrl\u0259r.<\/p>\n\n\n\n<p>Onlar Meydan TV-y\u0259 yenil\u0259nm\u0259y\u0259n x\u0259tl\u0259rin \u015f\u0259kill\u0259rini g\u00f6nd\u0259rm\u0259kl\u0259 nazirliyin m\u00f6vcud m\u0259nz\u0259r\u0259y\u0259 yenid\u0259n n\u0259z\u0259r salmas\u0131n\u0131 ist\u0259ybl\u0259r.<\/p>\n","protected":false},"excerpt":{"rendered":"<p>Onlar q\u0259s\u0259b\u0259nin y\u00fcks\u0259k s\u00fcr\u0259tli internet x\u0259ttin\u0259 qo\u015fulmas\u0131n\u0131 xahi\u015f edirl\u0259r Masall\u0131 &#8230; <\/p>\n<p class=\"read-more-container\"><a title=\"Boradigahl\u0131lar R\u0259\u015fad N\u0259biyevd\u0259n internet ist\u0259yirl\u0259r\" class=\"read-more button\" href=\"https:\/\/www.meydan.tv\/az\/article\/boradigahlilar-resad-nebiyevden-internet-isteyirler\/#more-277407\" aria-label=\"Read more about Boradigahl\u0131lar R\u0259\u015fad N\u0259biyevd\u0259n internet ist\u0259yirl\u0259r\">Davam\u0131<\/a><\/p>\n","protected":false},"author":8,"featured_media":277400,"comment_status":"closed","ping_status":"closed","sticky":false,"template":"","format":"standard","meta":{"_acf_changed":false,"_sitemap_exclude":false,"_sitemap_priority":"","_sitemap_frequency":"","footnotes":""},"categories":[60,79,56],"tags":[],"class_list":["post-277407","post","type-post","status-publish","format-standard","has-post-thumbnail","hentry","category-bolge","category-featured","category-xeberler","infinite-scroll-item","generate-columns","tablet-grid-50","mobile-grid-100","grid-parent","grid-33","no-featured-image-padding"],"acf":[],"yoast_head":"<!-- This site is optimized with the Yoast SEO plugin v27.5 - https:\/\/yoast.com\/product\/yoast-seo-wordpress\/ -->\n<title>Boradigahl\u0131lar R\u0259\u015fad N\u0259biyevd\u0259n internet ist\u0259yirl\u0259r - MEYDAN.TV<\/title>\n<meta name=\"robots\" content=\"index, follow, max-snippet:-1, max-image-preview:large, max-video-preview:-1\" \/>\n<link rel=\"canonical\" href=\"https:\/\/www.meydan.tv\/az\/article\/boradigahlilar-resad-nebiyevden-internet-isteyirler\/\" \/>\n<meta property=\"og:locale\" content=\"az_AZ\" \/>\n<meta property=\"og:type\" content=\"article\" \/>\n<meta property=\"og:title\" content=\"Boradigahl\u0131lar R\u0259\u015fad N\u0259biyevd\u0259n internet ist\u0259yirl\u0259r - MEYDAN.TV\" \/>\n<meta property=\"og:description\" content=\"Onlar q\u0259s\u0259b\u0259nin y\u00fcks\u0259k s\u00fcr\u0259tli internet x\u0259ttin\u0259 qo\u015fulmas\u0131n\u0131 xahi\u015f edirl\u0259r Masall\u0131 ... Davam\u0131\" \/>\n<meta property=\"og:url\" content=\"https:\/\/www.meydan.tv\/az\/article\/boradigahlilar-resad-nebiyevden-internet-isteyirler\/\" \/>\n<meta property=\"og:site_name\" content=\"MEYDAN.TV\" \/>\n<meta property=\"article:published_time\" content=\"2023-06-13T12:18:12+00:00\" \/>\n<meta property=\"og:image\" content=\"https:\/\/www.meydan.tv\/wp-content\/uploads\/untitled-design-8-32.jpg\" \/>\n\t<meta property=\"og:image:width\" content=\"1200\" \/>\n\t<meta property=\"og:image:height\" content=\"800\" \/>\n\t<meta property=\"og:image:type\" content=\"image\/jpeg\" \/>\n<meta name=\"author\" content=\"elli\" \/>\n<meta name=\"twitter:card\" content=\"summary_large_image\" \/>\n<meta name=\"twitter:creator\" content=\"@elli\" \/>\n<script type=\"application\/ld+json\" class=\"yoast-schema-graph\">{\"@context\":\"https:\\\/\\\/schema.org\",\"@graph\":[{\"@type\":\"Article\",\"@id\":\"https:\\\/\\\/www.meydan.tv\\\/az\\\/article\\\/boradigahlilar-resad-nebiyevden-internet-isteyirler\\\/#article\",\"isPartOf\":{\"@id\":\"https:\\\/\\\/www.meydan.tv\\\/az\\\/article\\\/boradigahlilar-resad-nebiyevden-internet-isteyirler\\\/\"},\"author\":{\"name\":\"elli\",\"@id\":\"https:\\\/\\\/www.meydan.tv\\\/az\\\/#\\\/schema\\\/person\\\/9cdbecf90d17180ce1dfbd95b08dcf47\"},\"headline\":\"Boradigahl\u0131lar R\u0259\u015fad N\u0259biyevd\u0259n internet ist\u0259yirl\u0259r\",\"datePublished\":\"2023-06-13T12:18:12+00:00\",\"mainEntityOfPage\":{\"@id\":\"https:\\\/\\\/www.meydan.tv\\\/az\\\/article\\\/boradigahlilar-resad-nebiyevden-internet-isteyirler\\\/\"},\"wordCount\":603,\"publisher\":{\"@id\":\"https:\\\/\\\/www.meydan.tv\\\/az\\\/#organization\"},\"image\":{\"@id\":\"https:\\\/\\\/www.meydan.tv\\\/az\\\/article\\\/boradigahlilar-resad-nebiyevden-internet-isteyirler\\\/#primaryimage\"},\"thumbnailUrl\":\"https:\\\/\\\/www.meydan.tv\\\/wp-content\\\/uploads\\\/untitled-design-8-32.jpg\",\"articleSection\":[\"B\u00f6lg\u0259\",\"T\u00f6vsiy\u0259\",\"X\u0259b\u0259rl\u0259r\"],\"inLanguage\":\"az\"},{\"@type\":\"WebPage\",\"@id\":\"https:\\\/\\\/www.meydan.tv\\\/az\\\/article\\\/boradigahlilar-resad-nebiyevden-internet-isteyirler\\\/\",\"url\":\"https:\\\/\\\/www.meydan.tv\\\/az\\\/article\\\/boradigahlilar-resad-nebiyevden-internet-isteyirler\\\/\",\"name\":\"Boradigahl\u0131lar R\u0259\u015fad N\u0259biyevd\u0259n internet ist\u0259yirl\u0259r - MEYDAN.TV\",\"isPartOf\":{\"@id\":\"https:\\\/\\\/www.meydan.tv\\\/az\\\/#website\"},\"primaryImageOfPage\":{\"@id\":\"https:\\\/\\\/www.meydan.tv\\\/az\\\/article\\\/boradigahlilar-resad-nebiyevden-internet-isteyirler\\\/#primaryimage\"},\"image\":{\"@id\":\"https:\\\/\\\/www.meydan.tv\\\/az\\\/article\\\/boradigahlilar-resad-nebiyevden-internet-isteyirler\\\/#primaryimage\"},\"thumbnailUrl\":\"https:\\\/\\\/www.meydan.tv\\\/wp-content\\\/uploads\\\/untitled-design-8-32.jpg\",\"datePublished\":\"2023-06-13T12:18:12+00:00\",\"breadcrumb\":{\"@id\":\"https:\\\/\\\/www.meydan.tv\\\/az\\\/article\\\/boradigahlilar-resad-nebiyevden-internet-isteyirler\\\/#breadcrumb\"},\"inLanguage\":\"az\",\"potentialAction\":[{\"@type\":\"ReadAction\",\"target\":[\"https:\\\/\\\/www.meydan.tv\\\/az\\\/article\\\/boradigahlilar-resad-nebiyevden-internet-isteyirler\\\/\"]}]},{\"@type\":\"ImageObject\",\"inLanguage\":\"az\",\"@id\":\"https:\\\/\\\/www.meydan.tv\\\/az\\\/article\\\/boradigahlilar-resad-nebiyevden-internet-isteyirler\\\/#primaryimage\",\"url\":\"https:\\\/\\\/www.meydan.tv\\\/wp-content\\\/uploads\\\/untitled-design-8-32.jpg\",\"contentUrl\":\"https:\\\/\\\/www.meydan.tv\\\/wp-content\\\/uploads\\\/untitled-design-8-32.jpg\",\"width\":1200,\"height\":800,\"caption\":\"Fotolar: Meydan TV\"},{\"@type\":\"BreadcrumbList\",\"@id\":\"https:\\\/\\\/www.meydan.tv\\\/az\\\/article\\\/boradigahlilar-resad-nebiyevden-internet-isteyirler\\\/#breadcrumb\",\"itemListElement\":[{\"@type\":\"ListItem\",\"position\":1,\"name\":\"Ana s\u0259hif\u0259\",\"item\":\"https:\\\/\\\/www.meydan.tv\\\/az\\\/\"},{\"@type\":\"ListItem\",\"position\":2,\"name\":\"B\u00f6lg\u0259\",\"item\":\"https:\\\/\\\/www.meydan.tv\\\/az\\\/section\\\/bolge\\\/\"},{\"@type\":\"ListItem\",\"position\":3,\"name\":\"Boradigahl\u0131lar R\u0259\u015fad N\u0259biyevd\u0259n internet ist\u0259yirl\u0259r\"}]},{\"@type\":\"WebSite\",\"@id\":\"https:\\\/\\\/www.meydan.tv\\\/az\\\/#website\",\"url\":\"https:\\\/\\\/www.meydan.tv\\\/az\\\/\",\"name\":\"MEYDAN.TV\",\"description\":\"Meydan TV Az\u0259rbaycan\u0131n media m\u0259kan\u0131ndak\u0131 alternativ s\u0259sidir\",\"publisher\":{\"@id\":\"https:\\\/\\\/www.meydan.tv\\\/az\\\/#organization\"},\"potentialAction\":[{\"@type\":\"SearchAction\",\"target\":{\"@type\":\"EntryPoint\",\"urlTemplate\":\"https:\\\/\\\/www.meydan.tv\\\/az\\\/?s={search_term_string}\"},\"query-input\":{\"@type\":\"PropertyValueSpecification\",\"valueRequired\":true,\"valueName\":\"search_term_string\"}}],\"inLanguage\":\"az\"},{\"@type\":\"Organization\",\"@id\":\"https:\\\/\\\/www.meydan.tv\\\/az\\\/#organization\",\"name\":\"Meydan TV\",\"url\":\"https:\\\/\\\/www.meydan.tv\\\/az\\\/\",\"logo\":{\"@type\":\"ImageObject\",\"inLanguage\":\"az\",\"@id\":\"https:\\\/\\\/www.meydan.tv\\\/az\\\/#\\\/schema\\\/logo\\\/image\\\/\",\"url\":\"https:\\\/\\\/www.meydan.tv\\\/wp-content\\\/uploads\\\/2021\\\/07\\\/meydan-logo.svg\",\"contentUrl\":\"https:\\\/\\\/www.meydan.tv\\\/wp-content\\\/uploads\\\/2021\\\/07\\\/meydan-logo.svg\",\"width\":195,\"height\":46,\"caption\":\"Meydan TV\"},\"image\":{\"@id\":\"https:\\\/\\\/www.meydan.tv\\\/az\\\/#\\\/schema\\\/logo\\\/image\\\/\"}},{\"@type\":\"Person\",\"@id\":\"https:\\\/\\\/www.meydan.tv\\\/az\\\/#\\\/schema\\\/person\\\/9cdbecf90d17180ce1dfbd95b08dcf47\",\"name\":\"elli\",\"sameAs\":[\"https:\\\/\\\/x.com\\\/elli\"]}]}<\/script>\n<!-- \/ Yoast SEO plugin. -->","yoast_head_json":{"title":"Boradigahl\u0131lar R\u0259\u015fad N\u0259biyevd\u0259n internet ist\u0259yirl\u0259r - MEYDAN.TV","robots":{"index":"index","follow":"follow","max-snippet":"max-snippet:-1","max-image-preview":"max-image-preview:large","max-video-preview":"max-video-preview:-1"},"canonical":"https:\/\/www.meydan.tv\/az\/article\/boradigahlilar-resad-nebiyevden-internet-isteyirler\/","og_locale":"az_AZ","og_type":"article","og_title":"Boradigahl\u0131lar R\u0259\u015fad N\u0259biyevd\u0259n internet ist\u0259yirl\u0259r - MEYDAN.TV","og_description":"Onlar q\u0259s\u0259b\u0259nin y\u00fcks\u0259k s\u00fcr\u0259tli internet x\u0259ttin\u0259 qo\u015fulmas\u0131n\u0131 xahi\u015f edirl\u0259r Masall\u0131 ... Davam\u0131","og_url":"https:\/\/www.meydan.tv\/az\/article\/boradigahlilar-resad-nebiyevden-internet-isteyirler\/","og_site_name":"MEYDAN.TV","article_published_time":"2023-06-13T12:18:12+00:00","og_image":[{"width":1200,"height":800,"url":"https:\/\/www.meydan.tv\/wp-content\/uploads\/untitled-design-8-32.jpg","type":"image\/jpeg"}],"author":"elli","twitter_card":"summary_large_image","twitter_creator":"@elli","schema":{"@context":"https:\/\/schema.org","@graph":[{"@type":"Article","@id":"https:\/\/www.meydan.tv\/az\/article\/boradigahlilar-resad-nebiyevden-internet-isteyirler\/#article","isPartOf":{"@id":"https:\/\/www.meydan.tv\/az\/article\/boradigahlilar-resad-nebiyevden-internet-isteyirler\/"},"author":{"name":"elli","@id":"https:\/\/www.meydan.tv\/az\/#\/schema\/person\/9cdbecf90d17180ce1dfbd95b08dcf47"},"headline":"Boradigahl\u0131lar R\u0259\u015fad N\u0259biyevd\u0259n internet ist\u0259yirl\u0259r","datePublished":"2023-06-13T12:18:12+00:00","mainEntityOfPage":{"@id":"https:\/\/www.meydan.tv\/az\/article\/boradigahlilar-resad-nebiyevden-internet-isteyirler\/"},"wordCount":603,"publisher":{"@id":"https:\/\/www.meydan.tv\/az\/#organization"},"image":{"@id":"https:\/\/www.meydan.tv\/az\/article\/boradigahlilar-resad-nebiyevden-internet-isteyirler\/#primaryimage"},"thumbnailUrl":"https:\/\/www.meydan.tv\/wp-content\/uploads\/untitled-design-8-32.jpg","articleSection":["B\u00f6lg\u0259","T\u00f6vsiy\u0259","X\u0259b\u0259rl\u0259r"],"inLanguage":"az"},{"@type":"WebPage","@id":"https:\/\/www.meydan.tv\/az\/article\/boradigahlilar-resad-nebiyevden-internet-isteyirler\/","url":"https:\/\/www.meydan.tv\/az\/article\/boradigahlilar-resad-nebiyevden-internet-isteyirler\/","name":"Boradigahl\u0131lar R\u0259\u015fad N\u0259biyevd\u0259n internet ist\u0259yirl\u0259r - MEYDAN.TV","isPartOf":{"@id":"https:\/\/www.meydan.tv\/az\/#website"},"primaryImageOfPage":{"@id":"https:\/\/www.meydan.tv\/az\/article\/boradigahlilar-resad-nebiyevden-internet-isteyirler\/#primaryimage"},"image":{"@id":"https:\/\/www.meydan.tv\/az\/article\/boradigahlilar-resad-nebiyevden-internet-isteyirler\/#primaryimage"},"thumbnailUrl":"https:\/\/www.meydan.tv\/wp-content\/uploads\/untitled-design-8-32.jpg","datePublished":"2023-06-13T12:18:12+00:00","breadcrumb":{"@id":"https:\/\/www.meydan.tv\/az\/article\/boradigahlilar-resad-nebiyevden-internet-isteyirler\/#breadcrumb"},"inLanguage":"az","potentialAction":[{"@type":"ReadAction","target":["https:\/\/www.meydan.tv\/az\/article\/boradigahlilar-resad-nebiyevden-internet-isteyirler\/"]}]},{"@type":"ImageObject","inLanguage":"az","@id":"https:\/\/www.meydan.tv\/az\/article\/boradigahlilar-resad-nebiyevden-internet-isteyirler\/#primaryimage","url":"https:\/\/www.meydan.tv\/wp-content\/uploads\/untitled-design-8-32.jpg","contentUrl":"https:\/\/www.meydan.tv\/wp-content\/uploads\/untitled-design-8-32.jpg","width":1200,"height":800,"caption":"Fotolar: Meydan TV"},{"@type":"BreadcrumbList","@id":"https:\/\/www.meydan.tv\/az\/article\/boradigahlilar-resad-nebiyevden-internet-isteyirler\/#breadcrumb","itemListElement":[{"@type":"ListItem","position":1,"name":"Ana s\u0259hif\u0259","item":"https:\/\/www.meydan.tv\/az\/"},{"@type":"ListItem","position":2,"name":"B\u00f6lg\u0259","item":"https:\/\/www.meydan.tv\/az\/section\/bolge\/"},{"@type":"ListItem","position":3,"name":"Boradigahl\u0131lar R\u0259\u015fad N\u0259biyevd\u0259n internet ist\u0259yirl\u0259r"}]},{"@type":"WebSite","@id":"https:\/\/www.meydan.tv\/az\/#website","url":"https:\/\/www.meydan.tv\/az\/","name":"MEYDAN.TV","description":"Meydan TV Az\u0259rbaycan\u0131n media m\u0259kan\u0131ndak\u0131 alternativ s\u0259sidir","publisher":{"@id":"https:\/\/www.meydan.tv\/az\/#organization"},"potentialAction":[{"@type":"SearchAction","target":{"@type":"EntryPoint","urlTemplate":"https:\/\/www.meydan.tv\/az\/?s={search_term_string}"},"query-input":{"@type":"PropertyValueSpecification","valueRequired":true,"valueName":"search_term_string"}}],"inLanguage":"az"},{"@type":"Organization","@id":"https:\/\/www.meydan.tv\/az\/#organization","name":"Meydan TV","url":"https:\/\/www.meydan.tv\/az\/","logo":{"@type":"ImageObject","inLanguage":"az","@id":"https:\/\/www.meydan.tv\/az\/#\/schema\/logo\/image\/","url":"https:\/\/www.meydan.tv\/wp-content\/uploads\/2021\/07\/meydan-logo.svg","contentUrl":"https:\/\/www.meydan.tv\/wp-content\/uploads\/2021\/07\/meydan-logo.svg","width":195,"height":46,"caption":"Meydan TV"},"image":{"@id":"https:\/\/www.meydan.tv\/az\/#\/schema\/logo\/image\/"}},{"@type":"Person","@id":"https:\/\/www.meydan.tv\/az\/#\/schema\/person\/9cdbecf90d17180ce1dfbd95b08dcf47","name":"elli","sameAs":["https:\/\/x.com\/elli"]}]}},"_links":{"self":[{"href":"https:\/\/www.meydan.tv\/az\/wp-json\/wp\/v2\/posts\/277407","targetHints":{"allow":["GET"]}}],"collection":[{"href":"https:\/\/www.meydan.tv\/az\/wp-json\/wp\/v2\/posts"}],"about":[{"href":"https:\/\/www.meydan.tv\/az\/wp-json\/wp\/v2\/types\/post"}],"author":[{"embeddable":true,"href":"https:\/\/www.meydan.tv\/az\/wp-json\/wp\/v2\/users\/8"}],"replies":[{"embeddable":true,"href":"https:\/\/www.meydan.tv\/az\/wp-json\/wp\/v2\/comments?post=277407"}],"version-history":[{"count":1,"href":"https:\/\/www.meydan.tv\/az\/wp-json\/wp\/v2\/posts\/277407\/revisions"}],"predecessor-version":[{"id":277408,"href":"https:\/\/www.meydan.tv\/az\/wp-json\/wp\/v2\/posts\/277407\/revisions\/277408"}],"wp:featuredmedia":[{"embeddable":true,"href":"https:\/\/www.meydan.tv\/az\/wp-json\/wp\/v2\/media\/277400"}],"wp:attachment":[{"href":"https:\/\/www.meydan.tv\/az\/wp-json\/wp\/v2\/media?parent=277407"}],"wp:term":[{"taxonomy":"category","embeddable":true,"href":"https:\/\/www.meydan.tv\/az\/wp-json\/wp\/v2\/categories?post=277407"},{"taxonomy":"post_tag","embeddable":true,"href":"https:\/\/www.meydan.tv\/az\/wp-json\/wp\/v2\/tags?post=277407"}],"curies":[{"name":"wp","href":"https:\/\/api.w.org\/{rel}","templated":true}]}}