{"id":277319,"date":"2023-06-12T18:41:54","date_gmt":"2023-06-12T14:41:54","guid":{"rendered":"https:\/\/www.meydan.tv\/?p=277319"},"modified":"2023-06-12T18:50:03","modified_gmt":"2023-06-12T14:50:03","slug":"goycay-sakinleri-kendlinin-aqrar-sigortasi-yoxdursa-deyen-ziyan-odenilmir","status":"publish","type":"post","link":"https:\/\/www.meydan.tv\/az\/article\/goycay-sakinleri-kendlinin-aqrar-sigortasi-yoxdursa-deyen-ziyan-odenilmir\/","title":{"rendered":"G\u00f6y\u00e7ay sakinl\u0259ri: &#8220;K\u0259ndlinin aqrar s\u0131\u011fortas\u0131 yoxdursa, d\u0259y\u0259n ziyan \u00f6d\u0259nilmir&#8221;"},"content":{"rendered":"\n<p><\/p>\n\n\n\n<p><strong><em>Ekspertl\u0259r deyir ki, k\u0259ndli \u00fc\u00e7\u00fcn aqrar s\u0131\u011forta \u0259l\u00e7atmazd\u0131r, ciddi islahatlara ehtiyac var<\/em><\/strong><\/p>\n\n\n\n<p><em>&#8220;3 min\u0259 yax\u0131n \u015fitil \u0259kdiyim istixanam vard\u0131. C\u0259mi iki d\u0259f\u0259 m\u0259hsul y\u0131\u011fm\u0131\u015fd\u0131m. K\u00fcl\u0259k istixanan\u0131 yerl\u0259-yeksan etdi. \u00dc\u00e7 min ziyana d\u00fc\u015fm\u00fc\u015f\u0259m. Qon\u015funun da \u00fc\u00e7 istixanas\u0131n\u0131 da\u011f\u0131td\u0131, maraqlanan, \u00f6l\u00e7\u00fc g\u00f6t\u00fcr\u0259n yoxdur&#8221;.<\/em><\/p>\n\n\n\n<p>Bunu Meydan TV-y\u0259 G\u00f6y\u00e7ay sakini Fuad Musayev deyir.<\/p>\n\n\n\n<p><strong>&#8220;He\u00e7 borclar\u0131n\u0131 \u00f6d\u0259m\u0259m\u0259mi\u015fik, o ki qald\u0131 qazanc\u0131 olsun&#8221;<\/strong><\/p>\n\n\n\n<p>Fuad Musayev son g\u00fcnl\u0259r k\u0259skin hava \u015f\u0259raiti s\u0259b\u0259bind\u0259n \u0259kin t\u0259s\u0259rr\u00fcfat\u0131na ciddi ziyan d\u0259y\u0259n z\u0259hm\u0259tke\u015fl\u0259rd\u0259ndir.<\/p>\n\n\n\n<p>Onun kimi rayonun y\u00fczl\u0259rl\u0259 k\u0259nd sakini istixana v\u0259 meyv\u0259 ba\u011flar\u0131na d\u0259y\u0259n ciddi ziyandan dolay\u0131 p\u0259ri\u015fand\u0131r.<\/p>\n\n\n\n<p>Sakinl\u0259rin s\u00f6zl\u0259rin\u0259 g\u00f6r\u0259, ziyan k\u0259ndlinin \u0259kin\u0259 qoydu\u011fu x\u0259rci, \u00e7\u0259kdiyi z\u0259hm\u0259ti v\u0259 birillik dolan\u0131\u015f\u0131q ehtiyaclar\u0131n\u0131 alt-\u00fcst edib.<\/p>\n\n\n\n<p>Rayonun 30 k\u0259ndind\u0259n \u0259n \u00e7ox istixana \u0259kinl\u0259rinin oldu\u011fu L\u0259k\u00e7\u0131plaq, Yalman, Qaraman, Qara\u011f\u0131d\u0131r v\u0259 M\u0131rt\u0131 k\u0259ndl\u0259rin\u0259 d\u0259 ciddi ziyan d\u0259yib.<\/p>\n\n\n\n<p>\u018fn iri, 1300 ail\u0259 t\u0259s\u0259rr\u00fcfat\u0131n\u0131n c\u0259ml\u0259\u015fdiyi L\u0259k\u00e7\u0131plaq k\u0259ndind\u0259 onlarla meyv\u0259 a\u011fac\u0131na, evl\u0259r\u0259, yard\u0131m\u00e7\u0131 tikilil\u0259r\u0259 ziyan d\u0259ys\u0259 d\u0259 \u00fcmumilikd\u0259 daha \u00e7ox ziyan istixanalarda qeyd\u0259 al\u0131n\u0131b.<\/p>\n\n\n\n<figure class=\"wp-block-image size-full\"><img decoding=\"async\" width=\"1200\" height=\"675\" data-src=\"https:\/\/www.meydan.tv\/wp-content\/uploads\/img-20230606-wa0106.jpg\" alt=\"\" class=\"wp-image-277298 lazyload\" src=\"data:image\/svg+xml;base64,PHN2ZyB3aWR0aD0iMSIgaGVpZ2h0PSIxIiB4bWxucz0iaHR0cDovL3d3dy53My5vcmcvMjAwMC9zdmciPjwvc3ZnPg==\" style=\"--smush-placeholder-width: 1200px; --smush-placeholder-aspect-ratio: 1200\/675;\" \/><\/figure>\n\n\n\n<p>K\u0259ndin sakini Yasif Cavadov da ziyan \u00e7\u0259k\u0259n sakinl\u0259rd\u0259ndir.<\/p>\n\n\n\n<p>O da d\u00fc\u015f\u00fcn\u00fcr ki, d\u0259ymi\u015f ziyan kompensasiya edilm\u0259lidir:<\/p>\n\n\n\n<p>&#8220;<em>2 min pomidor \u015fitilini apreld\u0259 \u0259kdim v\u0259 yax\u015f\u0131 da yeti\u015fdirmi\u015fdim. K\u00fcl\u0259k iki istixanam\u0131n \u00fcst \u00f6rt\u00fcy\u00fcn\u00fc tamamil\u0259 apard\u0131 v\u0259 300 \u015fitilimi d\u0259 k\u00f6k\u00fcnd\u0259n \u00e7\u0131xard\u0131, m\u0259hsulunu yer\u0259 t\u00f6kd\u00fc. M\u0259n\u0259 \u00fcmumi 1300 manat ziyan d\u0259ydi. Yenid\u0259n \u00fcst\u00fcn\u00fc \u00f6rtm\u0259y\u0259 400 manat pulum \u00e7\u0131xd\u0131. 100-d\u0259n \u00e7ox meyv\u0259 a\u011fac\u0131m\u0131n meyv\u0259sin yer\u0259 t\u00f6k\u00fcld\u00fc. Ev qu\u015flar\u0131 t\u0259l\u0259f etdi. Ancaq g\u0259lib qeyd\u0259 alan, ziyanla maraqlanan olmad\u0131&#8221;.<\/em><\/p>\n\n\n\n<p><strong>&#8220;280 istixanaya g\u00fccl\u00fc ziyan d\u0259yib&#8221;<\/strong><\/p>\n\n\n\n<p>K\u0259ndin b\u0259l\u0259diyy\u0259 s\u0259dri M\u0259bud M\u0259mm\u0259dov Meydan TV-y\u0259 deyir ki, g\u00fccl\u00fc f\u0131rt\u0131na il\u0259 n\u0259tic\u0259l\u0259n\u0259n k\u00fcl\u0259k \u00e7ox k\u0259ndliy\u0259 ziyan vurub.<\/p>\n\n\n\n<p>O bildirib ki, ziyan g\u00f6r\u0259nl\u0259rin siyah\u0131s\u0131 G\u00f6y\u00e7ay Rayon \u0130cra Hakimiyy\u0259tinin F\u00f6vq\u0259lad\u0259 Hallar Komissiyas\u0131na g\u00f6nd\u0259rilib.<\/p>\n\n\n\n<p>D\u0259y\u0259n ziyan\u0131n miqdar\u0131n\u0131n \u00f6d\u0259nilm\u0259sin\u0259 is\u0259 z\u0259man\u0259t verilmir:<\/p>\n\n\n\n<figure class=\"wp-block-image size-large\"><img decoding=\"async\" width=\"1200\" height=\"675\" data-src=\"https:\/\/www.meydan.tv\/wp-content\/uploads\/img-20230606-wa0117-1200x675.jpg\" alt=\"\" class=\"wp-image-277310 lazyload\" src=\"data:image\/svg+xml;base64,PHN2ZyB3aWR0aD0iMSIgaGVpZ2h0PSIxIiB4bWxucz0iaHR0cDovL3d3dy53My5vcmcvMjAwMC9zdmciPjwvc3ZnPg==\" style=\"--smush-placeholder-width: 1200px; --smush-placeholder-aspect-ratio: 1200\/675;\" \/><\/figure>\n\n\n\n<p>&#8220;<em>280 istixanayaya g\u00fccl\u00fc ziyan d\u0259yib, \u00e7oxunu k\u00fcl\u0259k da\u011f\u0131d\u0131b. Min\u0259 yax\u0131n istixanaya y\u00fcng\u00fcl ziyan d\u0259yib, he\u00e7 onlar n\u0259z\u0259r\u0259 al\u0131nmay\u0131b, k\u0259ndlil\u0259r \u00f6zl\u0259ri etm\u0259li olur. Biz \u0259n a\u011f\u0131rlar\u0131 qeyd\u0259 al\u0131b, \u015f\u0259kil \u00e7\u0259kib, akt imzalan\u0131b icra hakimiyy\u0259tin\u0259 t\u0259hvil veririk. Ziyan\u0131n m\u0259bl\u0259\u011fi n\u0259 q\u0259d\u0259r olacaq, d\u0259y\u0259n ziyan nec\u0259 \u00f6d\u0259nil\u0259c\u0259k, onu biz dey\u0259 bilm\u0259rik, komissiya \u00f6z\u00fc hesablay\u0131b, dey\u0259c\u0259k. 4 evin v\u0259 yard\u0131m\u00e7\u0131 tikilinin d\u0259 \u00fcst \u00f6rt\u00fcy\u00fc u\u00e7ub&#8221;.<\/em><\/p>\n\n\n\n<p><strong>&#8220;Dolanmaq bir t\u0259r\u0259f\u0259, he\u00e7 x\u0259rcimiz \u00e7\u0131xm\u0131r&#8221;<\/strong><\/p>\n\n\n\n<p>Mind\u0259n \u00e7ox t\u0259s\u0259rr\u00fcfat\u0131n istixanalarla doland\u0131\u011f\u0131 M\u0131rt\u0131 v\u0259 Qarax\u0131d\u0131r k\u0259ndl\u0259rinin sakinl\u0259ri d\u0259 ziyan v\u0259 borc i\u00e7ind\u0259dirl\u0259r.<\/p>\n\n\n\n<p>G\u00fccl\u00fc k\u00fcl\u0259k f\u0259sadlar\u0131 il\u0259 yana\u015f\u0131, haz\u0131rda xarici bazara m\u0259hsulun sat\u0131\u015f\u0131n\u0131n dayanmas\u0131, daxili bazarda is\u0259 qiym\u0259tl\u0259rin 40-50 q\u0259pikd\u0259n yuxar\u0131 olmamas\u0131 z\u0259hm\u0259tke\u015fl\u0259ri narahat edir.<\/p>\n\n\n\n<p>Onlar deyir ki, istixana \u00fc\u00e7\u00fcn t\u0259l\u0259b olunan sellofan \u00f6rt\u00fck, texnika, toxum, ip, \u00e7e\u015fidli g\u00fcbr\u0259 v\u0259 pestisidl\u0259r d\u0259 od qiym\u0259tin\u0259dir. D\u0259y\u0259n ziyan x\u0259rci iki-\u00fc\u00e7 qat edir.<\/p>\n\n\n\n<figure class=\"wp-block-image size-large\"><img decoding=\"async\" width=\"1200\" height=\"675\" data-src=\"https:\/\/www.meydan.tv\/wp-content\/uploads\/img-20230606-wa0128-1200x675.jpg\" alt=\"\" class=\"wp-image-277316 lazyload\" src=\"data:image\/svg+xml;base64,PHN2ZyB3aWR0aD0iMSIgaGVpZ2h0PSIxIiB4bWxucz0iaHR0cDovL3d3dy53My5vcmcvMjAwMC9zdmciPjwvc3ZnPg==\" style=\"--smush-placeholder-width: 1200px; --smush-placeholder-aspect-ratio: 1200\/675;\" \/><\/figure>\n\n\n\n<p>N\u0259tic\u0259d\u0259 k\u0259ndlil\u0259r borclardan dolay\u0131 z\u0259hm\u0259td\u0259n soyuyur. Ail\u0259 b\u00fcdc\u0259si ciddi ziyan g\u00f6r\u00fcr.<\/p>\n\n\n\n<p>&#8220;<em>K\u0259ndimizd\u0259 100 istixanan\u0131n \u00fcst \u00f6rt\u00fcy\u00fc \u0259l\u0259 g\u0259lm\u0259z v\u0259ziyy\u0259td\u0259dir. 10 istixana \u00e7\u00f6km\u00fc\u015fd\u00fc dey\u0259 s\u00f6k\u00fcld\u00fc. 30-35 metr\u0259lik bir istixana \u00fc\u00e7\u00fcn 2 min x\u0259rc laz\u0131md\u0131r. K\u0259ndli iki d\u0259f\u0259 bu z\u0259hm\u0259ti, borcu \u00e7\u0259km\u0259k m\u0259cburiyy\u0259tind\u0259dir. Adam var he\u00e7 bir d\u0259f\u0259 m\u0259hsul y\u0131\u011fmam\u0131\u015fd\u0131. \u00d6t\u0259n il bu vaxt qim\u0259t 1 manatdan yuxar\u0131 idi. \u0130ndi kiloqram\u0131 40-50 q\u0259pik, \u0259n yax\u015f\u0131s\u0131 60 q\u0259pikdir. 4 min \u015fitilim\u0259 5 min x\u0259rcim \u00e7\u0131xd\u0131. O x\u0259rci \u00e7\u0131xarmaq \u00fc\u00e7\u00fcn k\u0259ndli m\u0259hsulu \u0259kir ki, il boyu yaranan borclar\u0131n\u0131 versin. Dolanmaq bir t\u0259r\u0259f\u0259, x\u0259rcimiz \u00e7\u0131xm\u0131r he\u00e7. Yanvar ay\u0131ndan hesablayanda bir \u015fitil he\u00e7 5 manat \u00f6d\u0259m\u0259di. \u0130ki istixanan\u0131n \u00fcst \u00f6rt\u00fcy\u00fc 500-600 manat, kiloqram\u0131 4 manatd\u0131r. 100 qram pestisid 40-50 manat, g\u00fcbr\u0259 kis\u0259si 50-60 manat, suvarmas\u0131, yanaca\u011f\u0131 1000 manatd\u0131r&#8221;, <\/em>&#8211; dey\u0259 Qarax\u0131d\u0131r k\u0259nd sakini Siyavu\u015f Babayev etiraz\u0131n\u0131 bildirir.<\/p>\n\n\n\n<p><strong>&#8220;G\u00fcc k\u0259ndlil\u0259rin \u00f6z\u00fcn\u0259 d\u00fc\u015f\u0259c\u0259k&#8221;<\/strong><\/p>\n\n\n\n<p>G\u00f6y\u00e7ay rayon icra hakimiyy\u0259ti ba\u015f\u00e7\u0131s\u0131n\u0131n birinci m\u00fcavini, f\u00f6vq\u0259lad\u0259 hallar komissiyas\u0131n\u0131n s\u0259dri \u0130kram V\u0259liyev k\u0259ndlil\u0259r\u0259 d\u0259y\u0259n ziyan v\u0259 onlara edil\u0259c\u0259k yard\u0131mla ba\u011fl\u0131 Meydan TV-nin suallar\u0131n\u0131 cavabland\u0131rmay\u0131b.<\/p>\n\n\n\n<p>Qurumdan ancaq b\u0259zi v\u0259t\u0259nda\u015flar\u0131n \u015fikay\u0259tini qeyd\u0259 ald\u0131qlar\u0131n\u0131 bildiribl\u0259r.<\/p>\n\n\n\n<p>M\u0131rt\u0131 k\u0259nd b\u0259l\u0259diyy\u0259sinin s\u0259dri Nazim Davudov is\u0259 k\u0259ndlil\u0259r\u0259 d\u0259y\u0259n ziyanla ba\u011fl\u0131 rayon icra hakimiyy\u0259tind\u0259n he\u00e7 bir g\u00f6st\u0259ri\u015f olmad\u0131\u011f\u0131n\u0131 deyib. S\u0259b\u0259bini is\u0259 arqar s\u0131\u011fortan\u0131n olmamas\u0131 il\u0259 \u0259laq\u0259l\u0259ndirib.<\/p>\n\n\n\n<p><em>&#8220;\u0130stixanalara ciddi ziyan d\u0259ys\u0259 d\u0259, k\u0259ndlil\u0259rin s\u0131\u011fortas\u0131 yoxdur. G\u00fcc k\u0259ndlil\u0259rin \u00f6z\u00fcn\u0259 d\u00fc\u015f\u0259c\u0259k. K\u0259ndlil\u0259r aqrar s\u0131\u011fortadan ke\u00e7m\u0259li idil\u0259r ki, bel\u0259 t\u0259bii f\u0259lak\u0259td\u0259 d\u0259y\u0259n ziyan \u00f6d\u0259nilsin. M\u0131rt\u0131 k\u0259ndind\u0259 1000 t\u0259s\u0259rr\u00fcfata qism\u0259n, 300 istixanaya ciddi ziyan d\u0259yib. Biz\u0259 \u0130cra Hakimiyy\u0259tind\u0259n h\u0259r hans\u0131 g\u00f6st\u0259ri\u015f olmad\u0131 ki, qeyd\u0259 al\u0131n v\u0259 ya almay\u0131n. Bir ara t\u0259l\u0259b etdil\u0259r ki, aqrar s\u0131\u011forta olsun, al\u0131nmad\u0131 o da. Rayon r\u0259hb\u0259rliyi d\u0259 deyir ki, aqrar s\u0131\u011fortas\u0131 yoxdursa, d\u0259y\u0259n ziyan \u00f6d\u0259nilmir&#8221;,<\/em> &#8211; dey\u0259 o bildirib.<\/p>\n\n\n\n<figure class=\"wp-block-image size-large\"><img decoding=\"async\" width=\"1200\" height=\"675\" data-src=\"https:\/\/www.meydan.tv\/wp-content\/uploads\/img-20230606-wa0107-1200x675.jpg\" alt=\"\" class=\"wp-image-277304 lazyload\" src=\"data:image\/svg+xml;base64,PHN2ZyB3aWR0aD0iMSIgaGVpZ2h0PSIxIiB4bWxucz0iaHR0cDovL3d3dy53My5vcmcvMjAwMC9zdmciPjwvc3ZnPg==\" style=\"--smush-placeholder-width: 1200px; --smush-placeholder-aspect-ratio: 1200\/675;\" \/><\/figure>\n\n\n\n<p><strong>&#8220;K\u0259nd t\u0259s\u0259rr\u00fcfat\u0131na d\u0259ymi\u015f z\u0259r\u0259rl\u0259 ba\u011fl\u0131 700-\u0259 yax\u0131n m\u00fcraci\u0259t daxil olub&#8221;<\/strong><\/p>\n\n\n\n<p>K\u0259nd T\u0259s\u0259rr\u00fcfat\u0131 Nazirliyinin m\u0259tbuat xidm\u0259tind\u0259n Meydan Tv-y\u0259 bildirilib ki, d\u00f6vl\u0259t d\u0259ymi\u015f ziyanla ba\u011fl\u0131 yaln\u0131z t\u0259s\u0259rr\u00fcfat\u0131n\u0131 s\u0131\u011fortalayanlara yard\u0131m g\u00f6st\u0259rir. H\u0259min \u015f\u0259xsl\u0259rin m\u00fcraci\u0259ti \u0259sas\u0131nda m\u00fcst\u0259qil s\u0131\u011forta ekspertl\u0259ri gedib d\u0259ymi\u015f ziyan\u0131 hesablay\u0131r v\u0259 ziyan\u0131n yar\u0131s\u0131 \u00f6d\u0259nilir.<\/p>\n\n\n\n<p><em>&#8220;\u0130ki ildir ki, bu sistem i\u015fl\u0259yir. Aqrar s\u0131\u011forta m\u00fcqavil\u0259si fermerl\u0259 &#8220;Aqrar S\u0131\u011forta Fondu&#8221; aras\u0131nda ba\u011flan\u0131r v\u0259 s\u0131\u011fortan\u0131n d\u0259y\u0259rinin 50%-ni d\u00f6vl\u0259t \u00f6d\u0259yir. Ancaq s\u0131\u011forta 10 hektardan yuxar\u0131 \u0259kin sah\u0259si olan fermerl\u0259r\u0259 m\u0259cburidir. Dig\u0259rl\u0259rind\u0259 k\u00f6n\u00fcll\u00fcl\u00fck prinsipi \u0259sas\u0131ndad\u0131r. Aprel ay\u0131ndan etibar\u0259n k\u0259skin hava \u015f\u0259raitinin d\u0259yi\u015fm\u0259si n\u0259tic\u0259sind\u0259 \u00f6t\u0259n ay \u0259rzind\u0259 42 rayondan 337, ilin \u0259vv\u0259lind\u0259n is\u0259&nbsp; k\u0259nd t\u0259s\u0259rr\u00fcfat\u0131na d\u0259ymi\u015f z\u0259r\u0259rl\u0259 ba\u011fl\u0131 700-\u0259 yax\u0131n m\u00fcraci\u0259t daxil olub. H\u0259l\u0259 d\u0259 m\u00fcraci\u0259tl\u0259r davam edir&#8221;, &#8211; <\/em>dey\u0259 qurumdan bildirilib.<\/p>\n\n\n<div class=\"wp-block-image\">\n<figure class=\"aligncenter size-full\"><img decoding=\"async\" width=\"1200\" height=\"724\" data-src=\"https:\/\/www.meydan.tv\/wp-content\/uploads\/ktn-bina-mansetjpg-1686047820.jpg\" alt=\"\" class=\"wp-image-277320 lazyload\" src=\"data:image\/svg+xml;base64,PHN2ZyB3aWR0aD0iMSIgaGVpZ2h0PSIxIiB4bWxucz0iaHR0cDovL3d3dy53My5vcmcvMjAwMC9zdmciPjwvc3ZnPg==\" style=\"--smush-placeholder-width: 1200px; --smush-placeholder-aspect-ratio: 1200\/724;\" \/><figcaption class=\"wp-element-caption\">K\u0259nd T\u0259s\u0259rr\u00fcfat\u0131 Nazirliyi. Foto: president.az<\/figcaption><\/figure>\n<\/div>\n\n\n<p><strong>&#8220;Z\u0259r\u0259rli oldu\u011fu \u00fc\u00e7\u00fcn \u00e7ox s\u0131\u011forta \u015firk\u0259til\u0259ri daha s\u0259rt t\u0259dbirl\u0259r g\u00f6r\u00fcr&#8221;<\/strong><\/p>\n\n\n\n<p>Aqrar sah\u0259 \u00fczr\u0259 ekspert \u0130lkin \u0130brahimov deyir ki, aqrar s\u0131\u011forta 2019-cu ild\u0259n k\u0259nd t\u0259s\u0259rr\u00fcfat\u0131 istehsal\u00e7\u0131lar\u0131n\u0131n m\u00fcdafi\u0259si \u00fc\u00e7\u00fcn &#8220;Aqrar S\u0131\u011forta Fondu&#8221; aras\u0131nda ba\u011flanan xidm\u0259tdir v\u0259 \u00e7at\u0131\u015fmazl\u0131qlar\u0131 \u00e7oxdur.<\/p>\n\n\n\n<p>&#8220;<em>Ki\u00e7ik t\u0259s\u0259rr\u00fcfat sahibl\u0259rinin s\u0131\u011fortas\u0131 \u00fc\u00e7\u00fcn imkan\u0131 yoxdur dey\u0259 ziyan da \u00f6d\u0259nilmir. \u0130ri fermer t\u0259s\u0259rr\u00fcfatlar\u0131nda subsidiya var dey\u0259 s\u0131\u011forta m\u0259cburidir v\u0259 \u00f6d\u0259nilir. Bizim \u00f6lk\u0259d\u0259ki aqrar s\u0131\u011forta T\u00fcrkiy\u0259nin &#8220;Tarsim&#8221; modeli \u0259sas\u0131nda haz\u0131rlan\u0131b. Bu model\u0259 g\u00f6r\u0259 d\u0259ymi\u015f ziyan\u0131n s\u0131\u011forta haqlar\u0131n\u0131n yar\u0131 hiss\u0259sini&nbsp; d\u00f6vl\u0259t \u00f6d\u0259yir. Dig\u0259r hiss\u0259si istehsal\u00e7\u0131n\u0131n \u00f6z \u00f6hd\u0259liyind\u0259dir. Aqrar s\u0131\u011forta d\u00fcnyada \u00e7ox z\u0259r\u0259rli xidm\u0259t kimi qeyd olunur. Z\u0259r\u0259rli oldu\u011fu \u00fc\u00e7\u00fcn \u00e7ox s\u0131\u011forta \u015firk\u0259til\u0259ri daha s\u0259rt t\u0259dbirl\u0259r g\u00f6r\u00fcr. \u00c7\u00fcnki onlar da pul qazanmaq ist\u0259diyind\u0259n xidm\u0259t haqq\u0131n\u0131 qald\u0131r\u0131rlar. Dig\u0259r t\u0259r\u0259fd\u0259n aqrar s\u0131\u011forta il\u0259 ba\u011fl\u0131 maarifl\u0259ndirm\u0259 z\u0259ifdir, h\u0259m d\u0259 internet vasit\u0259si il\u0259 \u015f\u0259xsi kabinetin yarad\u0131lmas\u0131, ondan istifad\u0259 qaydalar\u0131 indiki halda k\u0259ndlil\u0259rin \u00e7oxu \u00fc\u00e7\u00fcn \u0259l\u00e7atmazd\u0131r. Bak\u0131dan regionlara do\u011fru bunun ciddi problem oldu\u011fu g\u00f6r\u00fcn\u00fcr.&nbsp; D\u00f6vl\u0259tin d\u0259st\u0259yin\u0259 \u00e7ox ehtiyac var&#8221;.<\/em><\/p>\n\n\n\n<figure class=\"wp-block-image size-full\"><img decoding=\"async\" width=\"1200\" height=\"675\" data-src=\"https:\/\/www.meydan.tv\/wp-content\/uploads\/img-20230606-wa0126.jpg\" alt=\"\" class=\"wp-image-277313 lazyload\" src=\"data:image\/svg+xml;base64,PHN2ZyB3aWR0aD0iMSIgaGVpZ2h0PSIxIiB4bWxucz0iaHR0cDovL3d3dy53My5vcmcvMjAwMC9zdmciPjwvc3ZnPg==\" style=\"--smush-placeholder-width: 1200px; --smush-placeholder-aspect-ratio: 1200\/675;\" \/><\/figure>\n\n\n\n<p><strong><em>&#8220;<\/em>\u018fsas g\u00fcz\u0259\u015ft m\u0259hz z\u0259hm\u0259tke\u015f istehsal\u00e7\u0131lara olmal\u0131d\u0131r&#8221;<\/strong><\/p>\n\n\n\n<p>Aqrar m\u0259s\u0259l\u0259l\u0259r \u00fczr\u0259 m\u00fct\u0259x\u0259ssis Vahid M\u0259h\u0259rr\u0259mov Meydan TV-y\u0259 bildirib ki, s\u0131\u011fortadan \u00f6nc\u0259 \u00f6lk\u0259d\u0259 keyfiyy\u0259tli m\u0259hsul istehsal\u0131n\u0131 art\u0131rmaq v\u0259 z\u0259hm\u0259tke\u015fl\u0259r\u0259 d\u0259st\u0259k \u00fc\u00e7\u00fcn ucuz v\u0259 uzunm\u00fcdd\u0259tli kredit resursu yarad\u0131lmal\u0131d\u0131r.<\/p>\n\n\n\n<p>Onun s\u00f6zl\u0259rin\u0259 g\u00f6r\u0259, K\u0259nd T\u0259s\u0259rr\u00fcfat\u0131 Nazirliyi is\u0259 ixtisasl\u0131 kadrlar yeti\u015fdirm\u0259li v\u0259 m\u0259hsulun y\u00fcks\u0259k qiym\u0259t\u0259, mane\u0259siz sat\u0131\u015f\u0131 \u00fc\u00e7\u00fcn d\u00fcnyada uy\u011fun bazar axtar\u0131\u015f\u0131nda olmal\u0131d\u0131r.<\/p>\n\n\n\n<p>\u00dcst\u0259lik, iri fermer t\u0259s\u0259rr\u00fcfatlar\u0131na g\u00f6st\u0259rdiyi diqq\u0259t v\u0259 qay\u011f\u0131n\u0131 k\u0259ndlil\u0259r\u0259, ki\u00e7ik t\u0259s\u0259rr\u00fcfat sahibl\u0259rin\u0259 d\u0259 y\u00f6n\u0259ltm\u0259lidir, \u00e7\u00fcnki keyfiyy\u0259tli \u0259sas m\u0259hsul istehsal\u00e7\u0131lar\u0131 onlard\u0131r:<\/p>\n\n\n<div class=\"wp-block-image\">\n<figure class=\"aligncenter size-full\"><img decoding=\"async\" width=\"810\" height=\"450\" data-src=\"https:\/\/www.meydan.tv\/wp-content\/uploads\/41844.png\" alt=\"Vahid M\u0259h\u0259rr\u0259mli\" class=\"wp-image-105403 lazyload\" src=\"data:image\/svg+xml;base64,PHN2ZyB3aWR0aD0iMSIgaGVpZ2h0PSIxIiB4bWxucz0iaHR0cDovL3d3dy53My5vcmcvMjAwMC9zdmciPjwvc3ZnPg==\" style=\"--smush-placeholder-width: 810px; --smush-placeholder-aspect-ratio: 810\/450;\" \/><figcaption class=\"wp-element-caption\">Vahid M\u0259h\u0259rr\u0259mli. Foto: Meydan TV<\/figcaption><\/figure>\n<\/div>\n\n\n<p><\/p>\n\n\n\n<p><em>&#8220;K\u0259ndliy\u0259 qon\u015fu \u00f6lk\u0259l\u0259rd\u0259 veril\u0259n uzunm\u00fcdd\u0259tli g\u00fcz\u0259\u015ftli kreditl\u0259rin faizi 7-8% dir, \u00f6lk\u0259mizd\u0259 is\u0259 3-4 d\u0259f\u0259 baha faizl\u0259 verilir. N\u0259tic\u0259d\u0259 k\u0259ndli a\u011f\u0131r z\u0259hm\u0259tind\u0259n 20% g\u0259lir \u0259ld\u0259 edibs\u0259, \u0259v\u0259zind\u0259 25-30% banka \u00f6d\u0259m\u0259lidir. H\u00f6kum\u0259t bunu ciddi n\u0259z\u0259r\u0259 almal\u0131d\u0131r. \u0130stehsal\u0131, sat\u0131\u015fdak\u0131 probleml\u0259ri, bazarlar\u0131, emal\u0131, dig\u0259r k\u0259nd t\u0259s\u0259rr\u00fcfat\u0131nda \u0259kin\u0259, bitkiy\u0259 laz\u0131m istehsal vasit\u0259l\u0259rini, su il\u0259 t\u0259minat\u0131, texnoloji avadanl\u0131qlar\u0131n k\u0259ndliy\u0259 \u0259l \u00e7atanl\u0131\u011f\u0131n\u0131 t\u0259min etm\u0259lidir. Bu g\u00fcn \u00f6lk\u0259d\u0259 iri fermer t\u0259s\u0259rr\u00fcfatlar\u0131, aqroparklar \u00e7ox asanl\u0131qla suyu, texnikan\u0131 subsidiyan\u0131, g\u00fcz\u0259\u015ftli krediti, s\u0131\u011fortan\u0131 v\u0259 dig\u0259r imkanlar\u0131 rahat \u0259ld\u0259 ed\u0259 bilirl\u0259r. H\u0259tta z\u0259r\u0259r\u0259 u\u011frasalar d\u00f6vl\u0259t onlar\u0131n z\u0259r\u0259rini, y\u0259ni kompensasiyas\u0131n\u0131 \u00f6d\u0259yir. K\u0259ndlil\u0259r is\u0259 b\u00fct\u00fcn bunlardan m\u0259hrumdur. Ancaq \u00f6lk\u0259nin \u0259rzaqla, k\u0259nd t\u0259s\u0259rr\u00fcfat\u0131 m\u0259hsullar\u0131 il\u0259 80% t\u0259minat\u0131nda m\u0259hz ki\u00e7ik v\u0259 orta sahibkarl\u0131qla m\u0259\u015f\u011ful olan fermer v\u0259 k\u0259ndlil\u0259r \u00f6d\u0259yir. \u0130ri fermer t\u0259s\u0259rr\u00fcfatlar\u0131n pay\u0131 c\u0259mi 20%-dir. Ona g\u00f6r\u0259 d\u0259 \u0259sas g\u00fcz\u0259\u015ft m\u0259hz z\u0259hm\u0259tke\u015f istehsal\u00e7\u0131lara olmal\u0131d\u0131r&#8221;.<\/em><\/p>\n\n\n\n<p><em>&#8220;K\u0259nd T\u0259s\u0259r\u00fcfat\u0131 Nazirliyi sahibkarlar\u0131, k\u0259ndlil\u0259ri m\u00fct\u0259madi beyn\u0259lxalq bazarlarla m\u0259lumatland\u0131rmal\u0131d\u0131r. G\u00fccl\u00fc ara\u015fd\u0131rma getm\u0259lidir ki, hans\u0131 bazarda hans\u0131 m\u0259hsul \u00e7at\u0131\u015fm\u0131r, hans\u0131 m\u0259hsula ehtiyac var v\u0259 yax\u0131n ill\u0259rd\u0259 onu \u00f6d\u0259y\u0259 bilm\u0259y\u0259c\u0259k. T\u0259qdimat haz\u0131rlay\u0131b b\u00f6lg\u0259l\u0259rin istehsal\u0131na uy\u011fun bazarlar\u0131 t\u0259qdim etm\u0259lidir ki, bu m\u0259hsulunu bu \u00f6lk\u0259nin bazar\u0131na \u00e7\u0131xara bil\u0259rs\u0259n, ya da bu m\u0259hsula ehtiyac var, onu bec\u0259r. M\u00fcqavil\u0259 ba\u011flan\u0131b onu sat\u0131\u015f\u0131n\u0131 h\u0259min bazara t\u0259\u015fkil etm\u0259lidir sivil qaydada. \u0130stehsal olunan m\u0259hsul bazara uy\u011fun, keyfiyy\u0259tli, maya d\u0259y\u0259ri ucuz, qiym\u0259ti qazancl\u0131 v\u0259 istehsal r\u0259qab\u0259tli olmal\u0131d\u0131r. Aqronomlara, sah\u0259ni bil\u0259n ixtissasl\u0131 kadrlara da ehtiyac var&#8221;, <\/em>&#8211; dey\u0259 M\u0259h\u0259rr\u0259mli qeyd edib.<\/p>\n\n\n\n<p>2022-ci ild\u0259 \u00f6lk\u0259 \u00fczr\u0259 3154 min istixanadan 141.4 ton m\u0259hsul istehsal olunub v\u0259 ixrac d\u0259y\u0259ri 167 milyon olub.<\/p>\n\n\n\n<p>Bu il \u00fc\u00e7\u00fcn is\u0259 800 min ton m\u0259hsul istehsal olunub ki, adamba\u015f\u0131na 80 kq m\u0259hsul d\u00fc\u015f\u00fcr.<\/p>\n\n\n\n<p>Normal \u00f6lk\u0259l\u0259rd\u0259 is\u0259 bu 25-30 t\u0259\u015fkil edir.<\/p>\n\n\n\n<p>G\u00f6y\u00e7ayda is\u0259 g\u00f6zl\u0259nil\u0259n \u00fcmumi t\u0259r\u0259v\u0259z m\u0259hsulunun 30-35%-n\u0259 ziyan\u0131n d\u0259ydiyi proqnozla\u015fd\u0131r\u0131l\u0131r.<\/p>\n","protected":false},"excerpt":{"rendered":"<p>Ekspertl\u0259r deyir ki, k\u0259ndli \u00fc\u00e7\u00fcn aqrar s\u0131\u011forta \u0259l\u00e7atmazd\u0131r, ciddi islahatlara &#8230; <\/p>\n<p class=\"read-more-container\"><a title=\"G\u00f6y\u00e7ay sakinl\u0259ri: &#8220;K\u0259ndlinin aqrar s\u0131\u011fortas\u0131 yoxdursa, d\u0259y\u0259n ziyan \u00f6d\u0259nilmir&#8221;\" class=\"read-more button\" href=\"https:\/\/www.meydan.tv\/az\/article\/goycay-sakinleri-kendlinin-aqrar-sigortasi-yoxdursa-deyen-ziyan-odenilmir\/#more-277319\" aria-label=\"Read more about G\u00f6y\u00e7ay sakinl\u0259ri: &#8220;K\u0259ndlinin aqrar s\u0131\u011fortas\u0131 yoxdursa, d\u0259y\u0259n ziyan \u00f6d\u0259nilmir&#8221;\">Davam\u0131<\/a><\/p>\n","protected":false},"author":8,"featured_media":277307,"comment_status":"closed","ping_status":"closed","sticky":false,"template":"","format":"standard","meta":{"_acf_changed":false,"_sitemap_exclude":false,"_sitemap_priority":"","_sitemap_frequency":"","footnotes":""},"categories":[60,88,56],"tags":[],"class_list":["post-277319","post","type-post","status-publish","format-standard","has-post-thumbnail","hentry","category-bolge","category-redaktor-secimi","category-xeberler","infinite-scroll-item","generate-columns","tablet-grid-50","mobile-grid-100","grid-parent","grid-33","no-featured-image-padding"],"acf":[],"yoast_head":"<!-- This site is optimized with the Yoast SEO plugin v27.5 - https:\/\/yoast.com\/product\/yoast-seo-wordpress\/ -->\n<title>G\u00f6y\u00e7ay sakinl\u0259ri: &quot;K\u0259ndlinin aqrar s\u0131\u011fortas\u0131 yoxdursa, d\u0259y\u0259n ziyan \u00f6d\u0259nilmir&quot; - MEYDAN.TV<\/title>\n<meta name=\"robots\" content=\"index, follow, max-snippet:-1, max-image-preview:large, max-video-preview:-1\" \/>\n<link rel=\"canonical\" href=\"https:\/\/www.meydan.tv\/az\/article\/goycay-sakinleri-kendlinin-aqrar-sigortasi-yoxdursa-deyen-ziyan-odenilmir\/\" \/>\n<meta property=\"og:locale\" content=\"az_AZ\" \/>\n<meta property=\"og:type\" content=\"article\" \/>\n<meta property=\"og:title\" content=\"G\u00f6y\u00e7ay sakinl\u0259ri: &quot;K\u0259ndlinin aqrar s\u0131\u011fortas\u0131 yoxdursa, d\u0259y\u0259n ziyan \u00f6d\u0259nilmir&quot; - MEYDAN.TV\" \/>\n<meta property=\"og:description\" content=\"Ekspertl\u0259r deyir ki, k\u0259ndli \u00fc\u00e7\u00fcn aqrar s\u0131\u011forta \u0259l\u00e7atmazd\u0131r, ciddi islahatlara ... Davam\u0131\" \/>\n<meta property=\"og:url\" content=\"https:\/\/www.meydan.tv\/az\/article\/goycay-sakinleri-kendlinin-aqrar-sigortasi-yoxdursa-deyen-ziyan-odenilmir\/\" \/>\n<meta property=\"og:site_name\" content=\"MEYDAN.TV\" \/>\n<meta property=\"article:published_time\" content=\"2023-06-12T14:41:54+00:00\" \/>\n<meta property=\"article:modified_time\" content=\"2023-06-12T14:50:03+00:00\" \/>\n<meta property=\"og:image\" content=\"https:\/\/www.meydan.tv\/wp-content\/uploads\/img-20230606-wa0082.jpg\" \/>\n\t<meta property=\"og:image:width\" content=\"1200\" \/>\n\t<meta property=\"og:image:height\" content=\"675\" \/>\n\t<meta property=\"og:image:type\" content=\"image\/jpeg\" \/>\n<meta name=\"author\" content=\"elli\" \/>\n<meta name=\"twitter:card\" content=\"summary_large_image\" \/>\n<meta name=\"twitter:creator\" content=\"@elli\" \/>\n<script type=\"application\/ld+json\" class=\"yoast-schema-graph\">{\"@context\":\"https:\\\/\\\/schema.org\",\"@graph\":[{\"@type\":\"Article\",\"@id\":\"https:\\\/\\\/www.meydan.tv\\\/az\\\/article\\\/goycay-sakinleri-kendlinin-aqrar-sigortasi-yoxdursa-deyen-ziyan-odenilmir\\\/#article\",\"isPartOf\":{\"@id\":\"https:\\\/\\\/www.meydan.tv\\\/az\\\/article\\\/goycay-sakinleri-kendlinin-aqrar-sigortasi-yoxdursa-deyen-ziyan-odenilmir\\\/\"},\"author\":{\"name\":\"elli\",\"@id\":\"https:\\\/\\\/www.meydan.tv\\\/az\\\/#\\\/schema\\\/person\\\/9cdbecf90d17180ce1dfbd95b08dcf47\"},\"headline\":\"G\u00f6y\u00e7ay sakinl\u0259ri: &#8220;K\u0259ndlinin aqrar s\u0131\u011fortas\u0131 yoxdursa, d\u0259y\u0259n ziyan \u00f6d\u0259nilmir&#8221;\",\"datePublished\":\"2023-06-12T14:41:54+00:00\",\"dateModified\":\"2023-06-12T14:50:03+00:00\",\"mainEntityOfPage\":{\"@id\":\"https:\\\/\\\/www.meydan.tv\\\/az\\\/article\\\/goycay-sakinleri-kendlinin-aqrar-sigortasi-yoxdursa-deyen-ziyan-odenilmir\\\/\"},\"wordCount\":2187,\"publisher\":{\"@id\":\"https:\\\/\\\/www.meydan.tv\\\/az\\\/#organization\"},\"image\":{\"@id\":\"https:\\\/\\\/www.meydan.tv\\\/az\\\/article\\\/goycay-sakinleri-kendlinin-aqrar-sigortasi-yoxdursa-deyen-ziyan-odenilmir\\\/#primaryimage\"},\"thumbnailUrl\":\"https:\\\/\\\/www.meydan.tv\\\/wp-content\\\/uploads\\\/img-20230606-wa0082.jpg\",\"articleSection\":[\"B\u00f6lg\u0259\",\"Redaktor se\u00e7imi\",\"X\u0259b\u0259rl\u0259r\"],\"inLanguage\":\"az\"},{\"@type\":\"WebPage\",\"@id\":\"https:\\\/\\\/www.meydan.tv\\\/az\\\/article\\\/goycay-sakinleri-kendlinin-aqrar-sigortasi-yoxdursa-deyen-ziyan-odenilmir\\\/\",\"url\":\"https:\\\/\\\/www.meydan.tv\\\/az\\\/article\\\/goycay-sakinleri-kendlinin-aqrar-sigortasi-yoxdursa-deyen-ziyan-odenilmir\\\/\",\"name\":\"G\u00f6y\u00e7ay sakinl\u0259ri: \\\"K\u0259ndlinin aqrar s\u0131\u011fortas\u0131 yoxdursa, d\u0259y\u0259n ziyan \u00f6d\u0259nilmir\\\" - MEYDAN.TV\",\"isPartOf\":{\"@id\":\"https:\\\/\\\/www.meydan.tv\\\/az\\\/#website\"},\"primaryImageOfPage\":{\"@id\":\"https:\\\/\\\/www.meydan.tv\\\/az\\\/article\\\/goycay-sakinleri-kendlinin-aqrar-sigortasi-yoxdursa-deyen-ziyan-odenilmir\\\/#primaryimage\"},\"image\":{\"@id\":\"https:\\\/\\\/www.meydan.tv\\\/az\\\/article\\\/goycay-sakinleri-kendlinin-aqrar-sigortasi-yoxdursa-deyen-ziyan-odenilmir\\\/#primaryimage\"},\"thumbnailUrl\":\"https:\\\/\\\/www.meydan.tv\\\/wp-content\\\/uploads\\\/img-20230606-wa0082.jpg\",\"datePublished\":\"2023-06-12T14:41:54+00:00\",\"dateModified\":\"2023-06-12T14:50:03+00:00\",\"breadcrumb\":{\"@id\":\"https:\\\/\\\/www.meydan.tv\\\/az\\\/article\\\/goycay-sakinleri-kendlinin-aqrar-sigortasi-yoxdursa-deyen-ziyan-odenilmir\\\/#breadcrumb\"},\"inLanguage\":\"az\",\"potentialAction\":[{\"@type\":\"ReadAction\",\"target\":[\"https:\\\/\\\/www.meydan.tv\\\/az\\\/article\\\/goycay-sakinleri-kendlinin-aqrar-sigortasi-yoxdursa-deyen-ziyan-odenilmir\\\/\"]}]},{\"@type\":\"ImageObject\",\"inLanguage\":\"az\",\"@id\":\"https:\\\/\\\/www.meydan.tv\\\/az\\\/article\\\/goycay-sakinleri-kendlinin-aqrar-sigortasi-yoxdursa-deyen-ziyan-odenilmir\\\/#primaryimage\",\"url\":\"https:\\\/\\\/www.meydan.tv\\\/wp-content\\\/uploads\\\/img-20230606-wa0082.jpg\",\"contentUrl\":\"https:\\\/\\\/www.meydan.tv\\\/wp-content\\\/uploads\\\/img-20230606-wa0082.jpg\",\"width\":1200,\"height\":675,\"caption\":\"Fuad Musayev. Fotolar: Meydan TV\"},{\"@type\":\"BreadcrumbList\",\"@id\":\"https:\\\/\\\/www.meydan.tv\\\/az\\\/article\\\/goycay-sakinleri-kendlinin-aqrar-sigortasi-yoxdursa-deyen-ziyan-odenilmir\\\/#breadcrumb\",\"itemListElement\":[{\"@type\":\"ListItem\",\"position\":1,\"name\":\"Ana s\u0259hif\u0259\",\"item\":\"https:\\\/\\\/www.meydan.tv\\\/az\\\/\"},{\"@type\":\"ListItem\",\"position\":2,\"name\":\"B\u00f6lg\u0259\",\"item\":\"https:\\\/\\\/www.meydan.tv\\\/az\\\/section\\\/bolge\\\/\"},{\"@type\":\"ListItem\",\"position\":3,\"name\":\"G\u00f6y\u00e7ay sakinl\u0259ri: &#8220;K\u0259ndlinin aqrar s\u0131\u011fortas\u0131 yoxdursa, d\u0259y\u0259n ziyan \u00f6d\u0259nilmir&#8221;\"}]},{\"@type\":\"WebSite\",\"@id\":\"https:\\\/\\\/www.meydan.tv\\\/az\\\/#website\",\"url\":\"https:\\\/\\\/www.meydan.tv\\\/az\\\/\",\"name\":\"MEYDAN.TV\",\"description\":\"Meydan TV Az\u0259rbaycan\u0131n media m\u0259kan\u0131ndak\u0131 alternativ s\u0259sidir\",\"publisher\":{\"@id\":\"https:\\\/\\\/www.meydan.tv\\\/az\\\/#organization\"},\"potentialAction\":[{\"@type\":\"SearchAction\",\"target\":{\"@type\":\"EntryPoint\",\"urlTemplate\":\"https:\\\/\\\/www.meydan.tv\\\/az\\\/?s={search_term_string}\"},\"query-input\":{\"@type\":\"PropertyValueSpecification\",\"valueRequired\":true,\"valueName\":\"search_term_string\"}}],\"inLanguage\":\"az\"},{\"@type\":\"Organization\",\"@id\":\"https:\\\/\\\/www.meydan.tv\\\/az\\\/#organization\",\"name\":\"Meydan TV\",\"url\":\"https:\\\/\\\/www.meydan.tv\\\/az\\\/\",\"logo\":{\"@type\":\"ImageObject\",\"inLanguage\":\"az\",\"@id\":\"https:\\\/\\\/www.meydan.tv\\\/az\\\/#\\\/schema\\\/logo\\\/image\\\/\",\"url\":\"https:\\\/\\\/www.meydan.tv\\\/wp-content\\\/uploads\\\/2021\\\/07\\\/meydan-logo.svg\",\"contentUrl\":\"https:\\\/\\\/www.meydan.tv\\\/wp-content\\\/uploads\\\/2021\\\/07\\\/meydan-logo.svg\",\"width\":195,\"height\":46,\"caption\":\"Meydan TV\"},\"image\":{\"@id\":\"https:\\\/\\\/www.meydan.tv\\\/az\\\/#\\\/schema\\\/logo\\\/image\\\/\"}},{\"@type\":\"Person\",\"@id\":\"https:\\\/\\\/www.meydan.tv\\\/az\\\/#\\\/schema\\\/person\\\/9cdbecf90d17180ce1dfbd95b08dcf47\",\"name\":\"elli\",\"sameAs\":[\"https:\\\/\\\/x.com\\\/elli\"]}]}<\/script>\n<!-- \/ Yoast SEO plugin. -->","yoast_head_json":{"title":"G\u00f6y\u00e7ay sakinl\u0259ri: \"K\u0259ndlinin aqrar s\u0131\u011fortas\u0131 yoxdursa, d\u0259y\u0259n ziyan \u00f6d\u0259nilmir\" - MEYDAN.TV","robots":{"index":"index","follow":"follow","max-snippet":"max-snippet:-1","max-image-preview":"max-image-preview:large","max-video-preview":"max-video-preview:-1"},"canonical":"https:\/\/www.meydan.tv\/az\/article\/goycay-sakinleri-kendlinin-aqrar-sigortasi-yoxdursa-deyen-ziyan-odenilmir\/","og_locale":"az_AZ","og_type":"article","og_title":"G\u00f6y\u00e7ay sakinl\u0259ri: \"K\u0259ndlinin aqrar s\u0131\u011fortas\u0131 yoxdursa, d\u0259y\u0259n ziyan \u00f6d\u0259nilmir\" - MEYDAN.TV","og_description":"Ekspertl\u0259r deyir ki, k\u0259ndli \u00fc\u00e7\u00fcn aqrar s\u0131\u011forta \u0259l\u00e7atmazd\u0131r, ciddi islahatlara ... Davam\u0131","og_url":"https:\/\/www.meydan.tv\/az\/article\/goycay-sakinleri-kendlinin-aqrar-sigortasi-yoxdursa-deyen-ziyan-odenilmir\/","og_site_name":"MEYDAN.TV","article_published_time":"2023-06-12T14:41:54+00:00","article_modified_time":"2023-06-12T14:50:03+00:00","og_image":[{"width":1200,"height":675,"url":"https:\/\/www.meydan.tv\/wp-content\/uploads\/img-20230606-wa0082.jpg","type":"image\/jpeg"}],"author":"elli","twitter_card":"summary_large_image","twitter_creator":"@elli","schema":{"@context":"https:\/\/schema.org","@graph":[{"@type":"Article","@id":"https:\/\/www.meydan.tv\/az\/article\/goycay-sakinleri-kendlinin-aqrar-sigortasi-yoxdursa-deyen-ziyan-odenilmir\/#article","isPartOf":{"@id":"https:\/\/www.meydan.tv\/az\/article\/goycay-sakinleri-kendlinin-aqrar-sigortasi-yoxdursa-deyen-ziyan-odenilmir\/"},"author":{"name":"elli","@id":"https:\/\/www.meydan.tv\/az\/#\/schema\/person\/9cdbecf90d17180ce1dfbd95b08dcf47"},"headline":"G\u00f6y\u00e7ay sakinl\u0259ri: &#8220;K\u0259ndlinin aqrar s\u0131\u011fortas\u0131 yoxdursa, d\u0259y\u0259n ziyan \u00f6d\u0259nilmir&#8221;","datePublished":"2023-06-12T14:41:54+00:00","dateModified":"2023-06-12T14:50:03+00:00","mainEntityOfPage":{"@id":"https:\/\/www.meydan.tv\/az\/article\/goycay-sakinleri-kendlinin-aqrar-sigortasi-yoxdursa-deyen-ziyan-odenilmir\/"},"wordCount":2187,"publisher":{"@id":"https:\/\/www.meydan.tv\/az\/#organization"},"image":{"@id":"https:\/\/www.meydan.tv\/az\/article\/goycay-sakinleri-kendlinin-aqrar-sigortasi-yoxdursa-deyen-ziyan-odenilmir\/#primaryimage"},"thumbnailUrl":"https:\/\/www.meydan.tv\/wp-content\/uploads\/img-20230606-wa0082.jpg","articleSection":["B\u00f6lg\u0259","Redaktor se\u00e7imi","X\u0259b\u0259rl\u0259r"],"inLanguage":"az"},{"@type":"WebPage","@id":"https:\/\/www.meydan.tv\/az\/article\/goycay-sakinleri-kendlinin-aqrar-sigortasi-yoxdursa-deyen-ziyan-odenilmir\/","url":"https:\/\/www.meydan.tv\/az\/article\/goycay-sakinleri-kendlinin-aqrar-sigortasi-yoxdursa-deyen-ziyan-odenilmir\/","name":"G\u00f6y\u00e7ay sakinl\u0259ri: \"K\u0259ndlinin aqrar s\u0131\u011fortas\u0131 yoxdursa, d\u0259y\u0259n ziyan \u00f6d\u0259nilmir\" - MEYDAN.TV","isPartOf":{"@id":"https:\/\/www.meydan.tv\/az\/#website"},"primaryImageOfPage":{"@id":"https:\/\/www.meydan.tv\/az\/article\/goycay-sakinleri-kendlinin-aqrar-sigortasi-yoxdursa-deyen-ziyan-odenilmir\/#primaryimage"},"image":{"@id":"https:\/\/www.meydan.tv\/az\/article\/goycay-sakinleri-kendlinin-aqrar-sigortasi-yoxdursa-deyen-ziyan-odenilmir\/#primaryimage"},"thumbnailUrl":"https:\/\/www.meydan.tv\/wp-content\/uploads\/img-20230606-wa0082.jpg","datePublished":"2023-06-12T14:41:54+00:00","dateModified":"2023-06-12T14:50:03+00:00","breadcrumb":{"@id":"https:\/\/www.meydan.tv\/az\/article\/goycay-sakinleri-kendlinin-aqrar-sigortasi-yoxdursa-deyen-ziyan-odenilmir\/#breadcrumb"},"inLanguage":"az","potentialAction":[{"@type":"ReadAction","target":["https:\/\/www.meydan.tv\/az\/article\/goycay-sakinleri-kendlinin-aqrar-sigortasi-yoxdursa-deyen-ziyan-odenilmir\/"]}]},{"@type":"ImageObject","inLanguage":"az","@id":"https:\/\/www.meydan.tv\/az\/article\/goycay-sakinleri-kendlinin-aqrar-sigortasi-yoxdursa-deyen-ziyan-odenilmir\/#primaryimage","url":"https:\/\/www.meydan.tv\/wp-content\/uploads\/img-20230606-wa0082.jpg","contentUrl":"https:\/\/www.meydan.tv\/wp-content\/uploads\/img-20230606-wa0082.jpg","width":1200,"height":675,"caption":"Fuad Musayev. Fotolar: Meydan TV"},{"@type":"BreadcrumbList","@id":"https:\/\/www.meydan.tv\/az\/article\/goycay-sakinleri-kendlinin-aqrar-sigortasi-yoxdursa-deyen-ziyan-odenilmir\/#breadcrumb","itemListElement":[{"@type":"ListItem","position":1,"name":"Ana s\u0259hif\u0259","item":"https:\/\/www.meydan.tv\/az\/"},{"@type":"ListItem","position":2,"name":"B\u00f6lg\u0259","item":"https:\/\/www.meydan.tv\/az\/section\/bolge\/"},{"@type":"ListItem","position":3,"name":"G\u00f6y\u00e7ay sakinl\u0259ri: &#8220;K\u0259ndlinin aqrar s\u0131\u011fortas\u0131 yoxdursa, d\u0259y\u0259n ziyan \u00f6d\u0259nilmir&#8221;"}]},{"@type":"WebSite","@id":"https:\/\/www.meydan.tv\/az\/#website","url":"https:\/\/www.meydan.tv\/az\/","name":"MEYDAN.TV","description":"Meydan TV Az\u0259rbaycan\u0131n media m\u0259kan\u0131ndak\u0131 alternativ s\u0259sidir","publisher":{"@id":"https:\/\/www.meydan.tv\/az\/#organization"},"potentialAction":[{"@type":"SearchAction","target":{"@type":"EntryPoint","urlTemplate":"https:\/\/www.meydan.tv\/az\/?s={search_term_string}"},"query-input":{"@type":"PropertyValueSpecification","valueRequired":true,"valueName":"search_term_string"}}],"inLanguage":"az"},{"@type":"Organization","@id":"https:\/\/www.meydan.tv\/az\/#organization","name":"Meydan TV","url":"https:\/\/www.meydan.tv\/az\/","logo":{"@type":"ImageObject","inLanguage":"az","@id":"https:\/\/www.meydan.tv\/az\/#\/schema\/logo\/image\/","url":"https:\/\/www.meydan.tv\/wp-content\/uploads\/2021\/07\/meydan-logo.svg","contentUrl":"https:\/\/www.meydan.tv\/wp-content\/uploads\/2021\/07\/meydan-logo.svg","width":195,"height":46,"caption":"Meydan TV"},"image":{"@id":"https:\/\/www.meydan.tv\/az\/#\/schema\/logo\/image\/"}},{"@type":"Person","@id":"https:\/\/www.meydan.tv\/az\/#\/schema\/person\/9cdbecf90d17180ce1dfbd95b08dcf47","name":"elli","sameAs":["https:\/\/x.com\/elli"]}]}},"_links":{"self":[{"href":"https:\/\/www.meydan.tv\/az\/wp-json\/wp\/v2\/posts\/277319","targetHints":{"allow":["GET"]}}],"collection":[{"href":"https:\/\/www.meydan.tv\/az\/wp-json\/wp\/v2\/posts"}],"about":[{"href":"https:\/\/www.meydan.tv\/az\/wp-json\/wp\/v2\/types\/post"}],"author":[{"embeddable":true,"href":"https:\/\/www.meydan.tv\/az\/wp-json\/wp\/v2\/users\/8"}],"replies":[{"embeddable":true,"href":"https:\/\/www.meydan.tv\/az\/wp-json\/wp\/v2\/comments?post=277319"}],"version-history":[{"count":2,"href":"https:\/\/www.meydan.tv\/az\/wp-json\/wp\/v2\/posts\/277319\/revisions"}],"predecessor-version":[{"id":277324,"href":"https:\/\/www.meydan.tv\/az\/wp-json\/wp\/v2\/posts\/277319\/revisions\/277324"}],"wp:featuredmedia":[{"embeddable":true,"href":"https:\/\/www.meydan.tv\/az\/wp-json\/wp\/v2\/media\/277307"}],"wp:attachment":[{"href":"https:\/\/www.meydan.tv\/az\/wp-json\/wp\/v2\/media?parent=277319"}],"wp:term":[{"taxonomy":"category","embeddable":true,"href":"https:\/\/www.meydan.tv\/az\/wp-json\/wp\/v2\/categories?post=277319"},{"taxonomy":"post_tag","embeddable":true,"href":"https:\/\/www.meydan.tv\/az\/wp-json\/wp\/v2\/tags?post=277319"}],"curies":[{"name":"wp","href":"https:\/\/api.w.org\/{rel}","templated":true}]}}