{"id":277242,"date":"2023-06-11T13:59:32","date_gmt":"2023-06-11T09:59:32","guid":{"rendered":"https:\/\/www.meydan.tv\/?p=277242"},"modified":"2023-06-11T13:59:34","modified_gmt":"2023-06-11T09:59:34","slug":"meyart-cemil-hesenli-belke-de-yazilmis-yegane-memuardir-ki-sehvleri-de-orada-tapa-bilersiz","status":"publish","type":"post","link":"https:\/\/www.meydan.tv\/az\/article\/meyart-cemil-hesenli-belke-de-yazilmis-yegane-memuardir-ki-sehvleri-de-orada-tapa-bilersiz\/","title":{"rendered":"MeyArt &#8211; C\u0259mil H\u0259s\u0259nli: \u201cB\u0259lk\u0259 d\u0259 yaz\u0131lm\u0131\u015f yegan\u0259 memuard\u0131r ki, s\u0259hvl\u0259ri d\u0259 orada tapa bil\u0259rsiz\u201d"},"content":{"rendered":"\n<figure class=\"wp-block-embed is-type-video is-provider-youtube wp-block-embed-youtube wp-embed-aspect-16-9 wp-has-aspect-ratio\"><div class=\"wp-block-embed__wrapper\">\n<iframe title=\"MeyArt - C\u0259mil H\u0259s\u0259nli: \u201cB\u0259lk\u0259 d\u0259 yaz\u0131lm\u0131\u015f yegan\u0259 memuard\u0131r ki, s\u0259hvl\u0259ri d\u0259 orada tapa bil\u0259rsiz\u201d\" width=\"1200\" height=\"675\" data-src=\"https:\/\/www.youtube.com\/embed\/g9i3ZFjSd8E?feature=oembed\" frameborder=\"0\" allow=\"accelerometer; autoplay; clipboard-write; encrypted-media; gyroscope; picture-in-picture; web-share\" allowfullscreen src=\"data:image\/svg+xml;base64,PHN2ZyB3aWR0aD0iMSIgaGVpZ2h0PSIxIiB4bWxucz0iaHR0cDovL3d3dy53My5vcmcvMjAwMC9zdmciPjwvc3ZnPg==\" class=\"lazyload\" data-load-mode=\"1\"><\/iframe>\n<\/div><\/figure>\n\n\n\n<!--more-->\n\n\n\n<p>Az\u0259rbaycan\u0131n ictimai-siyasi h\u0259yat\u0131nda xatir\u0259l\u0259rin kitaba \u00e7evrilm\u0259si \u0259n\u0259n\u0259sin\u0259 niy\u0259 az rast g\u0259linir? Zaman-zaman bu sor\u011fulan\u0131r. Ancaq b\u0259zi insanlar var ki, \u00f6z h\u0259yat hekay\u0259l\u0259rini b\u00f6l\u00fc\u015fm\u0259y\u0259 c\u0259sar\u0259t edir. Bu g\u00fcnl\u0259rd\u0259 tarix\u00e7i C\u0259mil H\u0259s\u0259nlinin 70 illik \u00f6mr\u00fcnd\u0259n s\u00fcz\u00fcl\u0259n avtobiaqrafik kitab\u0131 \u201cZaman\u0131n S\u0131na\u011f\u0131nda\u201d \u00e7apdan \u00e7\u0131x\u0131b. \u018fs\u0259r sad\u0259 bir memuar deyil. C\u0259mil H\u0259s\u0259nli tarix\u00e7i kimliyind\u0259n yola \u00e7\u0131xaraq bizi Az\u0259rbaycan\u0131n yax\u0131n ke\u00e7mi\u015fin\u0259 s\u0259yah\u0259t etdirir. O, yadda\u015f\u0131nda t\u0259z\u0259 qalm\u0131\u015f ke\u00e7mi\u015fini do\u011frular\u0131 v\u0259 yanl\u0131\u015flar\u0131 il\u0259 birg\u0259 v\u0259r\u0259ql\u0259r\u0259 k\u00f6\u00e7\u00fcr\u00fcb.&nbsp;<\/p>\n\n\n\n<p>Akademik Milli Dram Teatr\u0131 beyn\u0259lxalq kibercinay\u0259tkar qrupun d\u0259l\u0259duzluq \u0259m\u0259ll\u0259ri il\u0259 ba\u011fl\u0131 ictimaiyy\u0259t\u0259 m\u00fcraci\u0259t edib. Bildirilir ki, kibercinay\u0259tkar qrup saxta yolla yaratd\u0131\u011f\u0131 <a href=\"https:\/\/theatre-azdram.com\/azb\/events\" target=\"_blank\" rel=\"noreferrer noopener\">domenli<\/a> sayt vasit\u0259si il\u0259 onlayn \u015f\u0259kild\u0259 insanlara tama\u015fa biletl\u0259ri t\u0259klif edir. Sayt\u0131n domenind\u0259 olan &#8220;azdram&#8221; s\u00f6z\u00fc insanlarda \u00e7a\u015fq\u0131nl\u0131q yarad\u0131r. Bu vasit\u0259yl\u0259 guya teatrda oynan\u0131lacaq tama\u015falar \u00fc\u00e7\u00fcn 50 manata t\u0259klif olunan onlayn bileti almaq ist\u0259y\u0259nl\u0259rd\u0259n hesab n\u00f6mr\u0259sinin m\u0259lumatlar\u0131n\u0131n daxil edilm\u0259si t\u0259l\u0259b olunur. N\u0259tic\u0259d\u0259 v\u0259t\u0259nda\u015flar\u0131n pullar\u0131 m\u0259nims\u0259nilir.\u00a0<\/p>\n\n\n\n<p>Akamedik Milli Dram teatr\u0131n\u0131n r\u0259hb\u0259rliyi m\u0259s\u0259l\u0259 il\u0259 ba\u011fl\u0131 R\u0259q\u0259msal \u0130nki\u015faf v\u0259 Rabit\u0259 Nazirliyin\u0259 m\u00fcraci\u0259t olundu\u011fu deyib.<\/p>\n\n\n\n<p>Yaz\u0131\u00e7\u0131, senarist Orxan Fikr\u0259to\u011flu Kino Agentliyind\u0259 m\u00fc\u015favir v\u0259zif\u0259sin\u0259 t\u0259yin edilib. Orxan Fikr\u0259to\u011flu bundan \u00f6nc\u0259 Milli Kulinariya M\u0259rk\u0259zinin direktoru kimi \u00e7al\u0131\u015f\u0131b. Kino Agentliyi \u00f6lk\u0259 ba\u015f\u00e7\u0131s\u0131 \u0130lham \u018fliyevin s\u0259r\u0259ncam\u0131 il\u0259 2022-ci il yaran\u0131b. Bu x\u0259b\u0259r kino cami\u0259sind\u0259 sevincl\u0259 qar\u015f\u0131lanm\u0131\u015fd\u0131. Agentliyin qar\u015f\u0131s\u0131na kino s\u0259nayesinin s\u0259rmay\u0259 c\u0259lbediciliyinin art\u0131r\u0131lmas\u0131 m\u0259qs\u0259dil\u0259 t\u0259dbirl\u0259r g\u00f6rm\u0259k, Az\u0259rbaycan kinematoqrafiyas\u0131n\u0131n d\u00fcnya kinematoqrafiyas\u0131na inteqrasiyas\u0131 etm\u0259si \u00fc\u00e7\u00fcn i\u015fl\u0259r aparmaq kimi v\u0259zif\u0259l\u0259r qoyulub.<\/p>\n\n\n\n<p>Amerikal\u0131 aktyor, musiqi\u00e7i Conni Depp \u00fczv\u00fc oldu\u011fu \u201cHollywood Vampires\u201d qrupu il\u0259 birg\u0259 konsert verm\u0259k \u00fc\u00e7\u00fcn \u0130stanbula g\u0259lib. Onlar konsertd\u0259n \u0259ld\u0259 edil\u0259n b\u00fct\u00fcn g\u0259liri bu ilin fevral\u0131nda T\u00fcrkiy\u0259d\u0259 ba\u015f ver\u0259n g\u00fccl\u00fc z\u0259lz\u0259l\u0259d\u0259 z\u0259r\u0259r\u00e7\u0259k\u0259nl\u0259r\u0259 ba\u011f\u0131\u015flayacaqlar\u0131n\u0131 a\u00e7\u0131qlay\u0131b.<\/p>\n\n\n\n<p>Fevral\u0131n 6-da T\u00fcrkiy\u0259nin b\u0259zi \u015f\u0259h\u0259rl\u0259rind\u0259 ba\u015f ver\u0259n z\u0259lz\u0259l\u0259l\u0259rd\u0259n sonra bir \u00e7ox m\u0259\u015fhurlar ian\u0259 kampaniyalar\u0131na \u00f6z t\u00f6hf\u0259l\u0259rini veribl\u0259r.<\/p>\n\n\n\n<p>\u0130ki g\u00fcn \u0259vv\u0259l topu\u011fundan ald\u0131\u011f\u0131 z\u0259d\u0259y\u0259 g\u00f6r\u0259 Amerikada \u00fc\u00e7 konsertini t\u0259xir\u0259 salan Depp \u0130stanbuldak\u0131 \u00e7\u0131x\u0131\u015f\u0131ndan imtina etm\u0259yib.<\/p>\n\n\n\n<p>Qrupu 2012-ci ild\u0259 Elis Kuper, Conni Depp v\u0259 Co Perri birg\u0259 yarad\u0131blar. Qrupda Depp h\u0259m oxuyur, h\u0259m d\u0259 bas gitara, ritm v\u0259 klaviaturada ifa edir.<\/p>\n\n\n\n<p>Pikassonun \u201cQad\u0131n b\u00fcst\u00fc\u201d \u0259s\u0259ri h\u0259rracda 3,4 milyon avroya sat\u0131l\u0131b. h\u0259rrac evinin n\u00fcmay\u0259nd\u0259si Van Ham sat\u0131\u015f\u0131n g\u00f6zl\u0259nildiyind\u0259n art\u0131q oldu\u011funu s\u00f6yl\u0259yib. \u018fs\u0259rin qiym\u0259ti 1,5-2,5 milyon avro aras\u0131nda d\u0259yi\u015fir. Pikasso bu \u0259s\u0259ri 1971-ci ild\u0259 \u00f6l\u00fcm\u00fcnd\u0259n iki il \u0259vv\u0259l \u0259rs\u0259y\u0259 g\u0259tirib. \u018fs\u0259rd\u0259 ikinci h\u0259yat yolda\u015f\u0131n\u0131n portretini yarad\u0131b.<\/p>\n","protected":false},"excerpt":{"rendered":"","protected":false},"author":14,"featured_media":277243,"comment_status":"closed","ping_status":"closed","sticky":false,"template":"","format":"standard","meta":{"_acf_changed":false,"_sitemap_exclude":false,"_sitemap_priority":"","_sitemap_frequency":"","footnotes":""},"categories":[52,63],"tags":[],"class_list":["post-277242","post","type-post","status-publish","format-standard","has-post-thumbnail","hentry","category-medeniyyet","category-video-2","infinite-scroll-item","generate-columns","tablet-grid-50","mobile-grid-100","grid-parent","grid-33","no-featured-image-padding"],"acf":[],"yoast_head":"<!-- This site is optimized with the Yoast SEO plugin v27.4 - https:\/\/yoast.com\/product\/yoast-seo-wordpress\/ -->\n<title>MeyArt - C\u0259mil H\u0259s\u0259nli: \u201cB\u0259lk\u0259 d\u0259 yaz\u0131lm\u0131\u015f yegan\u0259 memuard\u0131r ki, s\u0259hvl\u0259ri d\u0259 orada tapa bil\u0259rsiz\u201d - MEYDAN.TV<\/title>\n<meta name=\"robots\" content=\"index, follow, max-snippet:-1, max-image-preview:large, max-video-preview:-1\" \/>\n<link rel=\"canonical\" href=\"https:\/\/www.meydan.tv\/az\/article\/meyart-cemil-hesenli-belke-de-yazilmis-yegane-memuardir-ki-sehvleri-de-orada-tapa-bilersiz\/\" \/>\n<meta property=\"og:locale\" content=\"az_AZ\" \/>\n<meta property=\"og:type\" content=\"article\" \/>\n<meta property=\"og:title\" content=\"MeyArt - C\u0259mil H\u0259s\u0259nli: \u201cB\u0259lk\u0259 d\u0259 yaz\u0131lm\u0131\u015f yegan\u0259 memuard\u0131r ki, s\u0259hvl\u0259ri d\u0259 orada tapa bil\u0259rsiz\u201d - MEYDAN.TV\" \/>\n<meta property=\"og:url\" content=\"https:\/\/www.meydan.tv\/az\/article\/meyart-cemil-hesenli-belke-de-yazilmis-yegane-memuardir-ki-sehvleri-de-orada-tapa-bilersiz\/\" \/>\n<meta property=\"og:site_name\" content=\"MEYDAN.TV\" \/>\n<meta property=\"article:published_time\" content=\"2023-06-11T09:59:32+00:00\" \/>\n<meta property=\"article:modified_time\" content=\"2023-06-11T09:59:34+00:00\" \/>\n<meta property=\"og:image\" content=\"https:\/\/www.meydan.tv\/wp-content\/uploads\/screenshot-2023-06-11-at-11.55.58.png\" \/>\n\t<meta property=\"og:image:width\" content=\"1176\" \/>\n\t<meta property=\"og:image:height\" content=\"656\" \/>\n\t<meta property=\"og:image:type\" content=\"image\/png\" \/>\n<meta name=\"author\" content=\"roma\" \/>\n<meta name=\"twitter:card\" content=\"summary_large_image\" \/>\n<script type=\"application\/ld+json\" class=\"yoast-schema-graph\">{\"@context\":\"https:\\\/\\\/schema.org\",\"@graph\":[{\"@type\":\"Article\",\"@id\":\"https:\\\/\\\/www.meydan.tv\\\/az\\\/article\\\/meyart-cemil-hesenli-belke-de-yazilmis-yegane-memuardir-ki-sehvleri-de-orada-tapa-bilersiz\\\/#article\",\"isPartOf\":{\"@id\":\"https:\\\/\\\/www.meydan.tv\\\/az\\\/article\\\/meyart-cemil-hesenli-belke-de-yazilmis-yegane-memuardir-ki-sehvleri-de-orada-tapa-bilersiz\\\/\"},\"author\":{\"name\":\"roma\",\"@id\":\"https:\\\/\\\/www.meydan.tv\\\/az\\\/#\\\/schema\\\/person\\\/8f23e01c4de63326c13c319fb65ee65d\"},\"headline\":\"MeyArt &#8211; C\u0259mil H\u0259s\u0259nli: \u201cB\u0259lk\u0259 d\u0259 yaz\u0131lm\u0131\u015f yegan\u0259 memuard\u0131r ki, s\u0259hvl\u0259ri d\u0259 orada tapa bil\u0259rsiz\u201d\",\"datePublished\":\"2023-06-11T09:59:32+00:00\",\"dateModified\":\"2023-06-11T09:59:34+00:00\",\"mainEntityOfPage\":{\"@id\":\"https:\\\/\\\/www.meydan.tv\\\/az\\\/article\\\/meyart-cemil-hesenli-belke-de-yazilmis-yegane-memuardir-ki-sehvleri-de-orada-tapa-bilersiz\\\/\"},\"wordCount\":627,\"publisher\":{\"@id\":\"https:\\\/\\\/www.meydan.tv\\\/az\\\/#organization\"},\"image\":{\"@id\":\"https:\\\/\\\/www.meydan.tv\\\/az\\\/article\\\/meyart-cemil-hesenli-belke-de-yazilmis-yegane-memuardir-ki-sehvleri-de-orada-tapa-bilersiz\\\/#primaryimage\"},\"thumbnailUrl\":\"https:\\\/\\\/www.meydan.tv\\\/wp-content\\\/uploads\\\/screenshot-2023-06-11-at-11.55.58.png\",\"articleSection\":[\"M\u0259d\u0259niyy\u0259t\",\"Video\"],\"inLanguage\":\"az\"},{\"@type\":\"WebPage\",\"@id\":\"https:\\\/\\\/www.meydan.tv\\\/az\\\/article\\\/meyart-cemil-hesenli-belke-de-yazilmis-yegane-memuardir-ki-sehvleri-de-orada-tapa-bilersiz\\\/\",\"url\":\"https:\\\/\\\/www.meydan.tv\\\/az\\\/article\\\/meyart-cemil-hesenli-belke-de-yazilmis-yegane-memuardir-ki-sehvleri-de-orada-tapa-bilersiz\\\/\",\"name\":\"MeyArt - C\u0259mil H\u0259s\u0259nli: \u201cB\u0259lk\u0259 d\u0259 yaz\u0131lm\u0131\u015f yegan\u0259 memuard\u0131r ki, s\u0259hvl\u0259ri d\u0259 orada tapa bil\u0259rsiz\u201d - MEYDAN.TV\",\"isPartOf\":{\"@id\":\"https:\\\/\\\/www.meydan.tv\\\/az\\\/#website\"},\"primaryImageOfPage\":{\"@id\":\"https:\\\/\\\/www.meydan.tv\\\/az\\\/article\\\/meyart-cemil-hesenli-belke-de-yazilmis-yegane-memuardir-ki-sehvleri-de-orada-tapa-bilersiz\\\/#primaryimage\"},\"image\":{\"@id\":\"https:\\\/\\\/www.meydan.tv\\\/az\\\/article\\\/meyart-cemil-hesenli-belke-de-yazilmis-yegane-memuardir-ki-sehvleri-de-orada-tapa-bilersiz\\\/#primaryimage\"},\"thumbnailUrl\":\"https:\\\/\\\/www.meydan.tv\\\/wp-content\\\/uploads\\\/screenshot-2023-06-11-at-11.55.58.png\",\"datePublished\":\"2023-06-11T09:59:32+00:00\",\"dateModified\":\"2023-06-11T09:59:34+00:00\",\"breadcrumb\":{\"@id\":\"https:\\\/\\\/www.meydan.tv\\\/az\\\/article\\\/meyart-cemil-hesenli-belke-de-yazilmis-yegane-memuardir-ki-sehvleri-de-orada-tapa-bilersiz\\\/#breadcrumb\"},\"inLanguage\":\"az\",\"potentialAction\":[{\"@type\":\"ReadAction\",\"target\":[\"https:\\\/\\\/www.meydan.tv\\\/az\\\/article\\\/meyart-cemil-hesenli-belke-de-yazilmis-yegane-memuardir-ki-sehvleri-de-orada-tapa-bilersiz\\\/\"]}]},{\"@type\":\"ImageObject\",\"inLanguage\":\"az\",\"@id\":\"https:\\\/\\\/www.meydan.tv\\\/az\\\/article\\\/meyart-cemil-hesenli-belke-de-yazilmis-yegane-memuardir-ki-sehvleri-de-orada-tapa-bilersiz\\\/#primaryimage\",\"url\":\"https:\\\/\\\/www.meydan.tv\\\/wp-content\\\/uploads\\\/screenshot-2023-06-11-at-11.55.58.png\",\"contentUrl\":\"https:\\\/\\\/www.meydan.tv\\\/wp-content\\\/uploads\\\/screenshot-2023-06-11-at-11.55.58.png\",\"width\":1176,\"height\":656},{\"@type\":\"BreadcrumbList\",\"@id\":\"https:\\\/\\\/www.meydan.tv\\\/az\\\/article\\\/meyart-cemil-hesenli-belke-de-yazilmis-yegane-memuardir-ki-sehvleri-de-orada-tapa-bilersiz\\\/#breadcrumb\",\"itemListElement\":[{\"@type\":\"ListItem\",\"position\":1,\"name\":\"Ana s\u0259hif\u0259\",\"item\":\"https:\\\/\\\/www.meydan.tv\\\/az\\\/\"},{\"@type\":\"ListItem\",\"position\":2,\"name\":\"Video\",\"item\":\"https:\\\/\\\/www.meydan.tv\\\/az\\\/section\\\/video-2\\\/\"},{\"@type\":\"ListItem\",\"position\":3,\"name\":\"MeyArt &#8211; C\u0259mil H\u0259s\u0259nli: \u201cB\u0259lk\u0259 d\u0259 yaz\u0131lm\u0131\u015f yegan\u0259 memuard\u0131r ki, s\u0259hvl\u0259ri d\u0259 orada tapa bil\u0259rsiz\u201d\"}]},{\"@type\":\"WebSite\",\"@id\":\"https:\\\/\\\/www.meydan.tv\\\/az\\\/#website\",\"url\":\"https:\\\/\\\/www.meydan.tv\\\/az\\\/\",\"name\":\"MEYDAN.TV\",\"description\":\"Meydan TV Az\u0259rbaycan\u0131n media m\u0259kan\u0131ndak\u0131 alternativ s\u0259sidir\",\"publisher\":{\"@id\":\"https:\\\/\\\/www.meydan.tv\\\/az\\\/#organization\"},\"potentialAction\":[{\"@type\":\"SearchAction\",\"target\":{\"@type\":\"EntryPoint\",\"urlTemplate\":\"https:\\\/\\\/www.meydan.tv\\\/az\\\/?s={search_term_string}\"},\"query-input\":{\"@type\":\"PropertyValueSpecification\",\"valueRequired\":true,\"valueName\":\"search_term_string\"}}],\"inLanguage\":\"az\"},{\"@type\":\"Organization\",\"@id\":\"https:\\\/\\\/www.meydan.tv\\\/az\\\/#organization\",\"name\":\"Meydan TV\",\"url\":\"https:\\\/\\\/www.meydan.tv\\\/az\\\/\",\"logo\":{\"@type\":\"ImageObject\",\"inLanguage\":\"az\",\"@id\":\"https:\\\/\\\/www.meydan.tv\\\/az\\\/#\\\/schema\\\/logo\\\/image\\\/\",\"url\":\"https:\\\/\\\/www.meydan.tv\\\/wp-content\\\/uploads\\\/2021\\\/07\\\/meydan-logo.svg\",\"contentUrl\":\"https:\\\/\\\/www.meydan.tv\\\/wp-content\\\/uploads\\\/2021\\\/07\\\/meydan-logo.svg\",\"width\":195,\"height\":46,\"caption\":\"Meydan TV\"},\"image\":{\"@id\":\"https:\\\/\\\/www.meydan.tv\\\/az\\\/#\\\/schema\\\/logo\\\/image\\\/\"}},{\"@type\":\"Person\",\"@id\":\"https:\\\/\\\/www.meydan.tv\\\/az\\\/#\\\/schema\\\/person\\\/8f23e01c4de63326c13c319fb65ee65d\",\"name\":\"roma\"}]}<\/script>\n<!-- \/ Yoast SEO plugin. -->","yoast_head_json":{"title":"MeyArt - C\u0259mil H\u0259s\u0259nli: \u201cB\u0259lk\u0259 d\u0259 yaz\u0131lm\u0131\u015f yegan\u0259 memuard\u0131r ki, s\u0259hvl\u0259ri d\u0259 orada tapa bil\u0259rsiz\u201d - MEYDAN.TV","robots":{"index":"index","follow":"follow","max-snippet":"max-snippet:-1","max-image-preview":"max-image-preview:large","max-video-preview":"max-video-preview:-1"},"canonical":"https:\/\/www.meydan.tv\/az\/article\/meyart-cemil-hesenli-belke-de-yazilmis-yegane-memuardir-ki-sehvleri-de-orada-tapa-bilersiz\/","og_locale":"az_AZ","og_type":"article","og_title":"MeyArt - C\u0259mil H\u0259s\u0259nli: \u201cB\u0259lk\u0259 d\u0259 yaz\u0131lm\u0131\u015f yegan\u0259 memuard\u0131r ki, s\u0259hvl\u0259ri d\u0259 orada tapa bil\u0259rsiz\u201d - MEYDAN.TV","og_url":"https:\/\/www.meydan.tv\/az\/article\/meyart-cemil-hesenli-belke-de-yazilmis-yegane-memuardir-ki-sehvleri-de-orada-tapa-bilersiz\/","og_site_name":"MEYDAN.TV","article_published_time":"2023-06-11T09:59:32+00:00","article_modified_time":"2023-06-11T09:59:34+00:00","og_image":[{"width":1176,"height":656,"url":"https:\/\/www.meydan.tv\/wp-content\/uploads\/screenshot-2023-06-11-at-11.55.58.png","type":"image\/png"}],"author":"roma","twitter_card":"summary_large_image","schema":{"@context":"https:\/\/schema.org","@graph":[{"@type":"Article","@id":"https:\/\/www.meydan.tv\/az\/article\/meyart-cemil-hesenli-belke-de-yazilmis-yegane-memuardir-ki-sehvleri-de-orada-tapa-bilersiz\/#article","isPartOf":{"@id":"https:\/\/www.meydan.tv\/az\/article\/meyart-cemil-hesenli-belke-de-yazilmis-yegane-memuardir-ki-sehvleri-de-orada-tapa-bilersiz\/"},"author":{"name":"roma","@id":"https:\/\/www.meydan.tv\/az\/#\/schema\/person\/8f23e01c4de63326c13c319fb65ee65d"},"headline":"MeyArt &#8211; C\u0259mil H\u0259s\u0259nli: \u201cB\u0259lk\u0259 d\u0259 yaz\u0131lm\u0131\u015f yegan\u0259 memuard\u0131r ki, s\u0259hvl\u0259ri d\u0259 orada tapa bil\u0259rsiz\u201d","datePublished":"2023-06-11T09:59:32+00:00","dateModified":"2023-06-11T09:59:34+00:00","mainEntityOfPage":{"@id":"https:\/\/www.meydan.tv\/az\/article\/meyart-cemil-hesenli-belke-de-yazilmis-yegane-memuardir-ki-sehvleri-de-orada-tapa-bilersiz\/"},"wordCount":627,"publisher":{"@id":"https:\/\/www.meydan.tv\/az\/#organization"},"image":{"@id":"https:\/\/www.meydan.tv\/az\/article\/meyart-cemil-hesenli-belke-de-yazilmis-yegane-memuardir-ki-sehvleri-de-orada-tapa-bilersiz\/#primaryimage"},"thumbnailUrl":"https:\/\/www.meydan.tv\/wp-content\/uploads\/screenshot-2023-06-11-at-11.55.58.png","articleSection":["M\u0259d\u0259niyy\u0259t","Video"],"inLanguage":"az"},{"@type":"WebPage","@id":"https:\/\/www.meydan.tv\/az\/article\/meyart-cemil-hesenli-belke-de-yazilmis-yegane-memuardir-ki-sehvleri-de-orada-tapa-bilersiz\/","url":"https:\/\/www.meydan.tv\/az\/article\/meyart-cemil-hesenli-belke-de-yazilmis-yegane-memuardir-ki-sehvleri-de-orada-tapa-bilersiz\/","name":"MeyArt - C\u0259mil H\u0259s\u0259nli: \u201cB\u0259lk\u0259 d\u0259 yaz\u0131lm\u0131\u015f yegan\u0259 memuard\u0131r ki, s\u0259hvl\u0259ri d\u0259 orada tapa bil\u0259rsiz\u201d - MEYDAN.TV","isPartOf":{"@id":"https:\/\/www.meydan.tv\/az\/#website"},"primaryImageOfPage":{"@id":"https:\/\/www.meydan.tv\/az\/article\/meyart-cemil-hesenli-belke-de-yazilmis-yegane-memuardir-ki-sehvleri-de-orada-tapa-bilersiz\/#primaryimage"},"image":{"@id":"https:\/\/www.meydan.tv\/az\/article\/meyart-cemil-hesenli-belke-de-yazilmis-yegane-memuardir-ki-sehvleri-de-orada-tapa-bilersiz\/#primaryimage"},"thumbnailUrl":"https:\/\/www.meydan.tv\/wp-content\/uploads\/screenshot-2023-06-11-at-11.55.58.png","datePublished":"2023-06-11T09:59:32+00:00","dateModified":"2023-06-11T09:59:34+00:00","breadcrumb":{"@id":"https:\/\/www.meydan.tv\/az\/article\/meyart-cemil-hesenli-belke-de-yazilmis-yegane-memuardir-ki-sehvleri-de-orada-tapa-bilersiz\/#breadcrumb"},"inLanguage":"az","potentialAction":[{"@type":"ReadAction","target":["https:\/\/www.meydan.tv\/az\/article\/meyart-cemil-hesenli-belke-de-yazilmis-yegane-memuardir-ki-sehvleri-de-orada-tapa-bilersiz\/"]}]},{"@type":"ImageObject","inLanguage":"az","@id":"https:\/\/www.meydan.tv\/az\/article\/meyart-cemil-hesenli-belke-de-yazilmis-yegane-memuardir-ki-sehvleri-de-orada-tapa-bilersiz\/#primaryimage","url":"https:\/\/www.meydan.tv\/wp-content\/uploads\/screenshot-2023-06-11-at-11.55.58.png","contentUrl":"https:\/\/www.meydan.tv\/wp-content\/uploads\/screenshot-2023-06-11-at-11.55.58.png","width":1176,"height":656},{"@type":"BreadcrumbList","@id":"https:\/\/www.meydan.tv\/az\/article\/meyart-cemil-hesenli-belke-de-yazilmis-yegane-memuardir-ki-sehvleri-de-orada-tapa-bilersiz\/#breadcrumb","itemListElement":[{"@type":"ListItem","position":1,"name":"Ana s\u0259hif\u0259","item":"https:\/\/www.meydan.tv\/az\/"},{"@type":"ListItem","position":2,"name":"Video","item":"https:\/\/www.meydan.tv\/az\/section\/video-2\/"},{"@type":"ListItem","position":3,"name":"MeyArt &#8211; C\u0259mil H\u0259s\u0259nli: \u201cB\u0259lk\u0259 d\u0259 yaz\u0131lm\u0131\u015f yegan\u0259 memuard\u0131r ki, s\u0259hvl\u0259ri d\u0259 orada tapa bil\u0259rsiz\u201d"}]},{"@type":"WebSite","@id":"https:\/\/www.meydan.tv\/az\/#website","url":"https:\/\/www.meydan.tv\/az\/","name":"MEYDAN.TV","description":"Meydan TV Az\u0259rbaycan\u0131n media m\u0259kan\u0131ndak\u0131 alternativ s\u0259sidir","publisher":{"@id":"https:\/\/www.meydan.tv\/az\/#organization"},"potentialAction":[{"@type":"SearchAction","target":{"@type":"EntryPoint","urlTemplate":"https:\/\/www.meydan.tv\/az\/?s={search_term_string}"},"query-input":{"@type":"PropertyValueSpecification","valueRequired":true,"valueName":"search_term_string"}}],"inLanguage":"az"},{"@type":"Organization","@id":"https:\/\/www.meydan.tv\/az\/#organization","name":"Meydan TV","url":"https:\/\/www.meydan.tv\/az\/","logo":{"@type":"ImageObject","inLanguage":"az","@id":"https:\/\/www.meydan.tv\/az\/#\/schema\/logo\/image\/","url":"https:\/\/www.meydan.tv\/wp-content\/uploads\/2021\/07\/meydan-logo.svg","contentUrl":"https:\/\/www.meydan.tv\/wp-content\/uploads\/2021\/07\/meydan-logo.svg","width":195,"height":46,"caption":"Meydan TV"},"image":{"@id":"https:\/\/www.meydan.tv\/az\/#\/schema\/logo\/image\/"}},{"@type":"Person","@id":"https:\/\/www.meydan.tv\/az\/#\/schema\/person\/8f23e01c4de63326c13c319fb65ee65d","name":"roma"}]}},"_links":{"self":[{"href":"https:\/\/www.meydan.tv\/az\/wp-json\/wp\/v2\/posts\/277242","targetHints":{"allow":["GET"]}}],"collection":[{"href":"https:\/\/www.meydan.tv\/az\/wp-json\/wp\/v2\/posts"}],"about":[{"href":"https:\/\/www.meydan.tv\/az\/wp-json\/wp\/v2\/types\/post"}],"author":[{"embeddable":true,"href":"https:\/\/www.meydan.tv\/az\/wp-json\/wp\/v2\/users\/14"}],"replies":[{"embeddable":true,"href":"https:\/\/www.meydan.tv\/az\/wp-json\/wp\/v2\/comments?post=277242"}],"version-history":[{"count":1,"href":"https:\/\/www.meydan.tv\/az\/wp-json\/wp\/v2\/posts\/277242\/revisions"}],"predecessor-version":[{"id":277246,"href":"https:\/\/www.meydan.tv\/az\/wp-json\/wp\/v2\/posts\/277242\/revisions\/277246"}],"wp:featuredmedia":[{"embeddable":true,"href":"https:\/\/www.meydan.tv\/az\/wp-json\/wp\/v2\/media\/277243"}],"wp:attachment":[{"href":"https:\/\/www.meydan.tv\/az\/wp-json\/wp\/v2\/media?parent=277242"}],"wp:term":[{"taxonomy":"category","embeddable":true,"href":"https:\/\/www.meydan.tv\/az\/wp-json\/wp\/v2\/categories?post=277242"},{"taxonomy":"post_tag","embeddable":true,"href":"https:\/\/www.meydan.tv\/az\/wp-json\/wp\/v2\/tags?post=277242"}],"curies":[{"name":"wp","href":"https:\/\/api.w.org\/{rel}","templated":true}]}}