{"id":277219,"date":"2023-06-10T19:14:10","date_gmt":"2023-06-10T15:14:10","guid":{"rendered":"https:\/\/www.meydan.tv\/?p=277219"},"modified":"2023-06-10T19:15:45","modified_gmt":"2023-06-10T15:15:45","slug":"apelyasiya-mehkemesi-ictimai-feali-hebsde-saxladi","status":"publish","type":"post","link":"https:\/\/www.meydan.tv\/az\/article\/apelyasiya-mehkemesi-ictimai-feali-hebsde-saxladi\/","title":{"rendered":"Apelyasiya M\u0259hk\u0259m\u0259si ictimai f\u0259al\u0131 h\u0259bsd\u0259 saxlad\u0131"},"content":{"rendered":"\n<p><\/p>\n\n\n\n<p><strong><em>Hakim polisl\u0259rin dindirilm\u0259si v\u0259 kamera g\u00f6r\u00fcnt\u00fcl\u0259rin\u0259 bax\u0131\u015fla ba\u011fl\u0131 v\u0259sat\u0259ti t\u0259min etm\u0259yib<\/em><\/strong><\/p>\n\n\n\n<p>\u0130ctimai f\u0259al \u018fmrah T\u0259hm\u0259zov haqq\u0131nda 1 ayl\u0131q h\u0259bs q\u0259rar\u0131ndan verilmi\u015f apelyasiya \u015fikay\u0259tin\u0259 bax\u0131l\u0131b.<\/p>\n\n\n\n<p>\u0130yunun 10-da Bak\u0131 Apelyasiya M\u0259hk\u0259m\u0259sind\u0259 ke\u00e7iril\u0259n proses\u0259 onun v\u0259kilind\u0259n v\u0259 tarix\u00e7i alim Altay G\u00f6y\u00fc\u015fovdan ba\u015fqa he\u00e7 kim burax\u0131lmay\u0131b.<\/p>\n\n\n\n<p>V\u0259kil Zibeyd\u0259 Sad\u0131qova a\u00e7\u0131q m\u0259hk\u0259m\u0259 prosesin\u0259 adamlar\u0131n burax\u0131lmamas\u0131yla ba\u011fl\u0131 naraz\u0131l\u0131\u011f\u0131n\u0131 hakim \u0130brahim \u0130brahimlinin n\u0259z\u0259rin\u0259 \u00e7atd\u0131rsa da, n\u0259tic\u0259 d\u0259yi\u015fm\u0259yib.<\/p>\n\n\n\n<p><em>\u201cM\u0259n m\u0259hk\u0259m\u0259 binas\u0131na kiml\u0259rin burax\u0131lmas\u0131yla ba\u011fl\u0131 m\u0259s\u0259l\u0259y\u0259 m\u00fcdaxil\u0259 ed\u0259 bilm\u0259r\u0259m&#8230;\u201d, <\/em>&#8211; hakimin s\u0259drlik etdiyi m\u0259hk\u0259m\u0259 prosesin\u0259 adamlar\u0131n burax\u0131lmamas\u0131yla ba\u011fl\u0131 etiraza cavab\u0131 bel\u0259 olub.<\/p>\n\n\n\n<p>M\u0259hk\u0259m\u0259d\u0259 v\u0259kil iki v\u0259sat\u0259t qald\u0131r\u0131b.<\/p>\n\n\n\n<p>Bunlardan biri \u018fmrah T\u0259hm\u0259zovun \u0259leyhin\u0259 izahat ver\u0259n iki polisin \u00e7a\u011f\u0131l\u0131b dindirilm\u0259si, ikincisi is\u0259 onun tutuldu\u011fu yerd\u0259 olan kamera g\u00f6r\u00fcnt\u00fcl\u0259rinin al\u0131n\u0131b bax\u0131\u015f ke\u00e7irilm\u0259si olub.<\/p>\n\n\n\n<p>\u0130ctimai f\u0259al haqq\u0131nda 30 sutkal\u0131q h\u0259bs q\u0259rar\u0131nda iddia olunur ki, o, may\u0131n 29-da paytaxt\u0131n R\u0259sul Rza k\u00fc\u00e7\u0259sind\u0259 ged\u0259rk\u0259n s\u00f6y\u00fc\u015f s\u00f6y\u00fcb, bu s\u0259b\u0259bd\u0259n polisl\u0259r onu saxlayaraq b\u00f6lm\u0259y\u0259 g\u0259tirib.<\/p>\n\n\n\n<p>Orada onun haqq\u0131nda \u0130nzibati X\u0259talar M\u0259c\u0259ll\u0259sinin 510 (x\u0131rda xuliqanl\u0131q) v\u0259 535.1 (polisin qanuni t\u0259l\u0259bin\u0259 tabe olmama) madd\u0259l\u0259ril\u0259 protokol t\u0259rtib edilib v\u0259 m\u0259hk\u0259m\u0259y\u0259 apar\u0131l\u0131b.<\/p>\n\n\n\n<p>M\u0259hk\u0259m\u0259 d\u0259 30 sutkal\u0131q inzibati h\u0259bs q\u0259rar\u0131 \u00e7\u0131xar\u0131b.<\/p>\n\n\n\n<p>\u018fmrah T\u0259hm\u0259zov is\u0259 deyir ki, onu may\u0131n 27-d\u0259 Kukla teatr\u0131n\u0131n yax\u0131nl\u0131\u011f\u0131nda saxlay\u0131blar.<\/p>\n\n\n\n<p>Onun s\u00f6zl\u0259rin\u0259 g\u00f6r\u0259, k\u00fc\u00e7\u0259d\u0259 \u00fcnvans\u0131z s\u00f6y\u00fc\u015f s\u00f6ym\u0259si haqda yaz\u0131lanlar yaland\u0131r:<\/p>\n\n\n\n<p><em>\u201cHiss edirdim ki, izl\u0259yirl\u0259r. M\u0259ni 4 polis tutub b\u00f6lm\u0259y\u0259 g\u0259tirdi. Deyirdil\u0259r ki, guya aksiya ke\u00e7irm\u0259k ist\u0259yir\u0259m. \u018fg\u0259r bel\u0259 bir \u015fey olsayd\u0131, dey\u0259rdim ki, el\u0259m\u0259k ist\u0259yir\u0259m. Bel\u0259 bir \u015fey yox idi. Telefonumu ald\u0131lar. Apard\u0131lar Bak\u0131 \u015e\u0259h\u0259r Ba\u015f Polis \u0130dar\u0259sin\u0259. M\u0259ni iki g\u00fcn \u2013 may\u0131n 29-na q\u0259d\u0259r b\u00f6lm\u0259d\u0259 saxlad\u0131lar. May\u0131n 29-da m\u0259hk\u0259m\u0259y\u0259 g\u0259tirib, 30 sutkal\u0131q q\u0259rar\u0131 ald\u0131lar\u201d.<\/em><\/p>\n\n\n\n<p>V\u0259kilin qald\u0131rd\u0131\u011f\u0131 v\u0259sat\u0259tl\u0259rin he\u00e7 birini hakim t\u0259min etm\u0259yib.<\/p>\n\n\n\n<p>&nbsp;Deyib ki, polisl\u0259rin izahat\u0131 i\u015fin i\u00e7ind\u0259 var, g\u00f6r\u00fcnt\u00fcl\u0259ri alma\u011fa is\u0259 ehtiyac yoxdur.<\/p>\n\n\n\n<p>M\u00fcdafi\u0259\u00e7i m\u0259hk\u0259m\u0259nin n\u0259z\u0259rin\u0259 \u00e7atd\u0131r\u0131b ki, \u018fmrah T\u0259hm\u0259zov may\u0131n 27-d\u0259n 29-na q\u0259d\u0259r polis b\u00f6lm\u0259sind\u0259 saxlanmaqla yana\u015f\u0131, 1 h\u0259ft\u0259d\u0259n \u00e7ox onun ail\u0259 \u00fczvl\u0259ril\u0259 \u0259laq\u0259 saxlamas\u0131na imkan verilm\u0259yib.<\/p>\n\n\n\n<p>V\u0259kil \u018fmrah T\u0259hm\u0259zovun t\u0259qsirsiz oldu\u011funu vur\u011fulay\u0131b, onun haqq\u0131ndak\u0131 q\u0259rar\u0131n l\u0259\u011fv olunmas\u0131n\u0131 ist\u0259yib.<\/p>\n\n\n\n<p>\u0130ctimai f\u0259al\u0131n \u00f6z\u00fc d\u0259 sosial \u015f\u0259b\u0259k\u0259l\u0259rd\u0259 yazd\u0131qlar\u0131na g\u00f6r\u0259 c\u0259zaland\u0131r\u0131ld\u0131\u011f\u0131n\u0131 vur\u011fulay\u0131b.<\/p>\n\n\n\n<p>Lakin hakim \u0130brahim \u0130brahimli S\u0259bail rayon M\u0259hk\u0259m\u0259sinin \u00e7\u0131xard\u0131\u011f\u0131 q\u0259rar\u0131 da t\u0259min etm\u0259yib \u2013 30 g\u00fcnl\u00fck h\u0259bs q\u0259rar\u0131 q\u00fcvv\u0259d\u0259 saxlan\u0131l\u0131b.<\/p>\n\n\n\n<p>\u0130nzibati x\u0259talara dair i\u015fl\u0259rd\u0259 sonuncu h\u00fcquqi m\u00fcdafi\u0259 vasit\u0259si apelyasiya m\u0259hk\u0259m\u0259sidir.<\/p>\n\n\n\n<p>Zibeyd\u0259 Sad\u0131qova Meydan TV-y\u0259 bildirib ki, q\u0259rar\u0131 \u0259ld\u0259 ed\u0259nd\u0259n sonra Avropa M\u0259hk\u0259m\u0259sin\u0259 \u015fikay\u0259t g\u00f6nd\u0259ril\u0259c\u0259k.<\/p>\n\n\n\n<p>\u018fmrah T\u0259hm\u0259zovun Facebook hesab\u0131ndak\u0131 payla\u015f\u0131mlar\u0131na, x\u00fcsus\u0259n Az\u0259rbaycan Xalq C\u0259bh\u0259si Partiyas\u0131n\u0131n (AXCP) Salyan \u015f\u00f6b\u0259sinin h\u0259bsd\u0259 olan s\u0259dri, 3 ay yar\u0131m acl\u0131q ed\u0259n \u018flizamin Salayevin durumuna g\u00f6r\u0259 Prezident \u0130lham \u018fliyevi ittiham ed\u0259n statusuyla \u0259laq\u0259dar c\u0259zaland\u0131r\u0131ld\u0131\u011f\u0131 iddia olunur.<\/p>\n\n\n\n<p>O, h\u0259bsind\u0259n bir ne\u00e7\u0259 g\u00fcn \u00f6nc\u0259 yazm\u0131\u015fd\u0131 ki, evl\u0259rin\u0259 polisl\u0259r g\u0259lib, onu axtar\u0131blar:<\/p>\n\n\n\n<p>\u201c<em>2 n\u0259f\u0259r polis g\u0259lib, evd\u0259n m\u0259ni soru\u015fublar, evd\u0259kil\u0259r deyib \u015f\u0259h\u0259rd\u0259di, \u00e7\u0131x\u0131b gedibl\u0259r. \u00c7ox g\u00fcman, o g\u00fcn Elzamin b\u0259y \u00fc\u00e7\u00fcn \u018fliyev\u0259 vurgu il\u0259 yazd\u0131g\u0131m statusa g\u00f6r\u0259dir. \u015ei\u015firtm\u0259yi sevmir\u0259m, amma tutub el\u0259s\u0259l\u0259r, b\u00f6y\u00fck ehtimal el\u0259 statusuma g\u00f6r\u0259dir&#8230;\u201d.<\/em><\/p>\n","protected":false},"excerpt":{"rendered":"<p>Hakim polisl\u0259rin dindirilm\u0259si v\u0259 kamera g\u00f6r\u00fcnt\u00fcl\u0259rin\u0259 bax\u0131\u015fla ba\u011fl\u0131 v\u0259sat\u0259ti t\u0259min &#8230; <\/p>\n<p class=\"read-more-container\"><a title=\"Apelyasiya M\u0259hk\u0259m\u0259si ictimai f\u0259al\u0131 h\u0259bsd\u0259 saxlad\u0131\" class=\"read-more button\" href=\"https:\/\/www.meydan.tv\/az\/article\/apelyasiya-mehkemesi-ictimai-feali-hebsde-saxladi\/#more-277219\" aria-label=\"Read more about Apelyasiya M\u0259hk\u0259m\u0259si ictimai f\u0259al\u0131 h\u0259bsd\u0259 saxlad\u0131\">Davam\u0131<\/a><\/p>\n","protected":false},"author":8,"featured_media":277031,"comment_status":"closed","ping_status":"closed","sticky":false,"template":"","format":"standard","meta":{"_acf_changed":false,"_sitemap_exclude":false,"_sitemap_priority":"","_sitemap_frequency":"","footnotes":""},"categories":[59,79,56],"tags":[],"class_list":["post-277219","post","type-post","status-publish","format-standard","has-post-thumbnail","hentry","category-siyaset","category-featured","category-xeberler","infinite-scroll-item","generate-columns","tablet-grid-50","mobile-grid-100","grid-parent","grid-33","no-featured-image-padding"],"acf":[],"yoast_head":"<!-- This site is optimized with the Yoast SEO plugin v27.4 - https:\/\/yoast.com\/product\/yoast-seo-wordpress\/ -->\n<title>Apelyasiya M\u0259hk\u0259m\u0259si ictimai f\u0259al\u0131 h\u0259bsd\u0259 saxlad\u0131 - MEYDAN.TV<\/title>\n<meta name=\"robots\" content=\"index, follow, max-snippet:-1, max-image-preview:large, max-video-preview:-1\" \/>\n<link rel=\"canonical\" href=\"https:\/\/www.meydan.tv\/az\/article\/apelyasiya-mehkemesi-ictimai-feali-hebsde-saxladi\/\" \/>\n<meta property=\"og:locale\" content=\"az_AZ\" \/>\n<meta property=\"og:type\" content=\"article\" \/>\n<meta property=\"og:title\" content=\"Apelyasiya M\u0259hk\u0259m\u0259si ictimai f\u0259al\u0131 h\u0259bsd\u0259 saxlad\u0131 - MEYDAN.TV\" \/>\n<meta property=\"og:description\" content=\"Hakim polisl\u0259rin dindirilm\u0259si v\u0259 kamera g\u00f6r\u00fcnt\u00fcl\u0259rin\u0259 bax\u0131\u015fla ba\u011fl\u0131 v\u0259sat\u0259ti t\u0259min ... Davam\u0131\" \/>\n<meta property=\"og:url\" content=\"https:\/\/www.meydan.tv\/az\/article\/apelyasiya-mehkemesi-ictimai-feali-hebsde-saxladi\/\" \/>\n<meta property=\"og:site_name\" content=\"MEYDAN.TV\" \/>\n<meta property=\"article:published_time\" content=\"2023-06-10T15:14:10+00:00\" \/>\n<meta property=\"article:modified_time\" content=\"2023-06-10T15:15:45+00:00\" \/>\n<meta property=\"og:image\" content=\"https:\/\/www.meydan.tv\/wp-content\/uploads\/567_720.png\" \/>\n\t<meta property=\"og:image:width\" content=\"1200\" \/>\n\t<meta property=\"og:image:height\" content=\"900\" \/>\n\t<meta property=\"og:image:type\" content=\"image\/png\" \/>\n<meta name=\"author\" content=\"elli\" \/>\n<meta name=\"twitter:card\" content=\"summary_large_image\" \/>\n<meta name=\"twitter:creator\" content=\"@elli\" \/>\n<script type=\"application\/ld+json\" class=\"yoast-schema-graph\">{\"@context\":\"https:\\\/\\\/schema.org\",\"@graph\":[{\"@type\":\"Article\",\"@id\":\"https:\\\/\\\/www.meydan.tv\\\/az\\\/article\\\/apelyasiya-mehkemesi-ictimai-feali-hebsde-saxladi\\\/#article\",\"isPartOf\":{\"@id\":\"https:\\\/\\\/www.meydan.tv\\\/az\\\/article\\\/apelyasiya-mehkemesi-ictimai-feali-hebsde-saxladi\\\/\"},\"author\":{\"name\":\"elli\",\"@id\":\"https:\\\/\\\/www.meydan.tv\\\/az\\\/#\\\/schema\\\/person\\\/9cdbecf90d17180ce1dfbd95b08dcf47\"},\"headline\":\"Apelyasiya M\u0259hk\u0259m\u0259si ictimai f\u0259al\u0131 h\u0259bsd\u0259 saxlad\u0131\",\"datePublished\":\"2023-06-10T15:14:10+00:00\",\"dateModified\":\"2023-06-10T15:15:45+00:00\",\"mainEntityOfPage\":{\"@id\":\"https:\\\/\\\/www.meydan.tv\\\/az\\\/article\\\/apelyasiya-mehkemesi-ictimai-feali-hebsde-saxladi\\\/\"},\"wordCount\":798,\"publisher\":{\"@id\":\"https:\\\/\\\/www.meydan.tv\\\/az\\\/#organization\"},\"image\":{\"@id\":\"https:\\\/\\\/www.meydan.tv\\\/az\\\/article\\\/apelyasiya-mehkemesi-ictimai-feali-hebsde-saxladi\\\/#primaryimage\"},\"thumbnailUrl\":\"https:\\\/\\\/www.meydan.tv\\\/wp-content\\\/uploads\\\/567_720.png\",\"articleSection\":[\"Siyas\u0259t\",\"T\u00f6vsiy\u0259\",\"X\u0259b\u0259rl\u0259r\"],\"inLanguage\":\"az\"},{\"@type\":\"WebPage\",\"@id\":\"https:\\\/\\\/www.meydan.tv\\\/az\\\/article\\\/apelyasiya-mehkemesi-ictimai-feali-hebsde-saxladi\\\/\",\"url\":\"https:\\\/\\\/www.meydan.tv\\\/az\\\/article\\\/apelyasiya-mehkemesi-ictimai-feali-hebsde-saxladi\\\/\",\"name\":\"Apelyasiya M\u0259hk\u0259m\u0259si ictimai f\u0259al\u0131 h\u0259bsd\u0259 saxlad\u0131 - MEYDAN.TV\",\"isPartOf\":{\"@id\":\"https:\\\/\\\/www.meydan.tv\\\/az\\\/#website\"},\"primaryImageOfPage\":{\"@id\":\"https:\\\/\\\/www.meydan.tv\\\/az\\\/article\\\/apelyasiya-mehkemesi-ictimai-feali-hebsde-saxladi\\\/#primaryimage\"},\"image\":{\"@id\":\"https:\\\/\\\/www.meydan.tv\\\/az\\\/article\\\/apelyasiya-mehkemesi-ictimai-feali-hebsde-saxladi\\\/#primaryimage\"},\"thumbnailUrl\":\"https:\\\/\\\/www.meydan.tv\\\/wp-content\\\/uploads\\\/567_720.png\",\"datePublished\":\"2023-06-10T15:14:10+00:00\",\"dateModified\":\"2023-06-10T15:15:45+00:00\",\"breadcrumb\":{\"@id\":\"https:\\\/\\\/www.meydan.tv\\\/az\\\/article\\\/apelyasiya-mehkemesi-ictimai-feali-hebsde-saxladi\\\/#breadcrumb\"},\"inLanguage\":\"az\",\"potentialAction\":[{\"@type\":\"ReadAction\",\"target\":[\"https:\\\/\\\/www.meydan.tv\\\/az\\\/article\\\/apelyasiya-mehkemesi-ictimai-feali-hebsde-saxladi\\\/\"]}]},{\"@type\":\"ImageObject\",\"inLanguage\":\"az\",\"@id\":\"https:\\\/\\\/www.meydan.tv\\\/az\\\/article\\\/apelyasiya-mehkemesi-ictimai-feali-hebsde-saxladi\\\/#primaryimage\",\"url\":\"https:\\\/\\\/www.meydan.tv\\\/wp-content\\\/uploads\\\/567_720.png\",\"contentUrl\":\"https:\\\/\\\/www.meydan.tv\\\/wp-content\\\/uploads\\\/567_720.png\",\"width\":1200,\"height\":900,\"caption\":\"Foto: \u018fmrah T\u0259hm\u0259zovun \u015f\u0259xsi arxivind\u0259n\"},{\"@type\":\"BreadcrumbList\",\"@id\":\"https:\\\/\\\/www.meydan.tv\\\/az\\\/article\\\/apelyasiya-mehkemesi-ictimai-feali-hebsde-saxladi\\\/#breadcrumb\",\"itemListElement\":[{\"@type\":\"ListItem\",\"position\":1,\"name\":\"Ana s\u0259hif\u0259\",\"item\":\"https:\\\/\\\/www.meydan.tv\\\/az\\\/\"},{\"@type\":\"ListItem\",\"position\":2,\"name\":\"Siyas\u0259t\",\"item\":\"https:\\\/\\\/www.meydan.tv\\\/az\\\/section\\\/siyaset\\\/\"},{\"@type\":\"ListItem\",\"position\":3,\"name\":\"Apelyasiya M\u0259hk\u0259m\u0259si ictimai f\u0259al\u0131 h\u0259bsd\u0259 saxlad\u0131\"}]},{\"@type\":\"WebSite\",\"@id\":\"https:\\\/\\\/www.meydan.tv\\\/az\\\/#website\",\"url\":\"https:\\\/\\\/www.meydan.tv\\\/az\\\/\",\"name\":\"MEYDAN.TV\",\"description\":\"Meydan TV Az\u0259rbaycan\u0131n media m\u0259kan\u0131ndak\u0131 alternativ s\u0259sidir\",\"publisher\":{\"@id\":\"https:\\\/\\\/www.meydan.tv\\\/az\\\/#organization\"},\"potentialAction\":[{\"@type\":\"SearchAction\",\"target\":{\"@type\":\"EntryPoint\",\"urlTemplate\":\"https:\\\/\\\/www.meydan.tv\\\/az\\\/?s={search_term_string}\"},\"query-input\":{\"@type\":\"PropertyValueSpecification\",\"valueRequired\":true,\"valueName\":\"search_term_string\"}}],\"inLanguage\":\"az\"},{\"@type\":\"Organization\",\"@id\":\"https:\\\/\\\/www.meydan.tv\\\/az\\\/#organization\",\"name\":\"Meydan TV\",\"url\":\"https:\\\/\\\/www.meydan.tv\\\/az\\\/\",\"logo\":{\"@type\":\"ImageObject\",\"inLanguage\":\"az\",\"@id\":\"https:\\\/\\\/www.meydan.tv\\\/az\\\/#\\\/schema\\\/logo\\\/image\\\/\",\"url\":\"https:\\\/\\\/www.meydan.tv\\\/wp-content\\\/uploads\\\/2021\\\/07\\\/meydan-logo.svg\",\"contentUrl\":\"https:\\\/\\\/www.meydan.tv\\\/wp-content\\\/uploads\\\/2021\\\/07\\\/meydan-logo.svg\",\"width\":195,\"height\":46,\"caption\":\"Meydan TV\"},\"image\":{\"@id\":\"https:\\\/\\\/www.meydan.tv\\\/az\\\/#\\\/schema\\\/logo\\\/image\\\/\"}},{\"@type\":\"Person\",\"@id\":\"https:\\\/\\\/www.meydan.tv\\\/az\\\/#\\\/schema\\\/person\\\/9cdbecf90d17180ce1dfbd95b08dcf47\",\"name\":\"elli\",\"sameAs\":[\"https:\\\/\\\/x.com\\\/elli\"]}]}<\/script>\n<!-- \/ Yoast SEO plugin. -->","yoast_head_json":{"title":"Apelyasiya M\u0259hk\u0259m\u0259si ictimai f\u0259al\u0131 h\u0259bsd\u0259 saxlad\u0131 - MEYDAN.TV","robots":{"index":"index","follow":"follow","max-snippet":"max-snippet:-1","max-image-preview":"max-image-preview:large","max-video-preview":"max-video-preview:-1"},"canonical":"https:\/\/www.meydan.tv\/az\/article\/apelyasiya-mehkemesi-ictimai-feali-hebsde-saxladi\/","og_locale":"az_AZ","og_type":"article","og_title":"Apelyasiya M\u0259hk\u0259m\u0259si ictimai f\u0259al\u0131 h\u0259bsd\u0259 saxlad\u0131 - MEYDAN.TV","og_description":"Hakim polisl\u0259rin dindirilm\u0259si v\u0259 kamera g\u00f6r\u00fcnt\u00fcl\u0259rin\u0259 bax\u0131\u015fla ba\u011fl\u0131 v\u0259sat\u0259ti t\u0259min ... Davam\u0131","og_url":"https:\/\/www.meydan.tv\/az\/article\/apelyasiya-mehkemesi-ictimai-feali-hebsde-saxladi\/","og_site_name":"MEYDAN.TV","article_published_time":"2023-06-10T15:14:10+00:00","article_modified_time":"2023-06-10T15:15:45+00:00","og_image":[{"width":1200,"height":900,"url":"https:\/\/www.meydan.tv\/wp-content\/uploads\/567_720.png","type":"image\/png"}],"author":"elli","twitter_card":"summary_large_image","twitter_creator":"@elli","schema":{"@context":"https:\/\/schema.org","@graph":[{"@type":"Article","@id":"https:\/\/www.meydan.tv\/az\/article\/apelyasiya-mehkemesi-ictimai-feali-hebsde-saxladi\/#article","isPartOf":{"@id":"https:\/\/www.meydan.tv\/az\/article\/apelyasiya-mehkemesi-ictimai-feali-hebsde-saxladi\/"},"author":{"name":"elli","@id":"https:\/\/www.meydan.tv\/az\/#\/schema\/person\/9cdbecf90d17180ce1dfbd95b08dcf47"},"headline":"Apelyasiya M\u0259hk\u0259m\u0259si ictimai f\u0259al\u0131 h\u0259bsd\u0259 saxlad\u0131","datePublished":"2023-06-10T15:14:10+00:00","dateModified":"2023-06-10T15:15:45+00:00","mainEntityOfPage":{"@id":"https:\/\/www.meydan.tv\/az\/article\/apelyasiya-mehkemesi-ictimai-feali-hebsde-saxladi\/"},"wordCount":798,"publisher":{"@id":"https:\/\/www.meydan.tv\/az\/#organization"},"image":{"@id":"https:\/\/www.meydan.tv\/az\/article\/apelyasiya-mehkemesi-ictimai-feali-hebsde-saxladi\/#primaryimage"},"thumbnailUrl":"https:\/\/www.meydan.tv\/wp-content\/uploads\/567_720.png","articleSection":["Siyas\u0259t","T\u00f6vsiy\u0259","X\u0259b\u0259rl\u0259r"],"inLanguage":"az"},{"@type":"WebPage","@id":"https:\/\/www.meydan.tv\/az\/article\/apelyasiya-mehkemesi-ictimai-feali-hebsde-saxladi\/","url":"https:\/\/www.meydan.tv\/az\/article\/apelyasiya-mehkemesi-ictimai-feali-hebsde-saxladi\/","name":"Apelyasiya M\u0259hk\u0259m\u0259si ictimai f\u0259al\u0131 h\u0259bsd\u0259 saxlad\u0131 - MEYDAN.TV","isPartOf":{"@id":"https:\/\/www.meydan.tv\/az\/#website"},"primaryImageOfPage":{"@id":"https:\/\/www.meydan.tv\/az\/article\/apelyasiya-mehkemesi-ictimai-feali-hebsde-saxladi\/#primaryimage"},"image":{"@id":"https:\/\/www.meydan.tv\/az\/article\/apelyasiya-mehkemesi-ictimai-feali-hebsde-saxladi\/#primaryimage"},"thumbnailUrl":"https:\/\/www.meydan.tv\/wp-content\/uploads\/567_720.png","datePublished":"2023-06-10T15:14:10+00:00","dateModified":"2023-06-10T15:15:45+00:00","breadcrumb":{"@id":"https:\/\/www.meydan.tv\/az\/article\/apelyasiya-mehkemesi-ictimai-feali-hebsde-saxladi\/#breadcrumb"},"inLanguage":"az","potentialAction":[{"@type":"ReadAction","target":["https:\/\/www.meydan.tv\/az\/article\/apelyasiya-mehkemesi-ictimai-feali-hebsde-saxladi\/"]}]},{"@type":"ImageObject","inLanguage":"az","@id":"https:\/\/www.meydan.tv\/az\/article\/apelyasiya-mehkemesi-ictimai-feali-hebsde-saxladi\/#primaryimage","url":"https:\/\/www.meydan.tv\/wp-content\/uploads\/567_720.png","contentUrl":"https:\/\/www.meydan.tv\/wp-content\/uploads\/567_720.png","width":1200,"height":900,"caption":"Foto: \u018fmrah T\u0259hm\u0259zovun \u015f\u0259xsi arxivind\u0259n"},{"@type":"BreadcrumbList","@id":"https:\/\/www.meydan.tv\/az\/article\/apelyasiya-mehkemesi-ictimai-feali-hebsde-saxladi\/#breadcrumb","itemListElement":[{"@type":"ListItem","position":1,"name":"Ana s\u0259hif\u0259","item":"https:\/\/www.meydan.tv\/az\/"},{"@type":"ListItem","position":2,"name":"Siyas\u0259t","item":"https:\/\/www.meydan.tv\/az\/section\/siyaset\/"},{"@type":"ListItem","position":3,"name":"Apelyasiya M\u0259hk\u0259m\u0259si ictimai f\u0259al\u0131 h\u0259bsd\u0259 saxlad\u0131"}]},{"@type":"WebSite","@id":"https:\/\/www.meydan.tv\/az\/#website","url":"https:\/\/www.meydan.tv\/az\/","name":"MEYDAN.TV","description":"Meydan TV Az\u0259rbaycan\u0131n media m\u0259kan\u0131ndak\u0131 alternativ s\u0259sidir","publisher":{"@id":"https:\/\/www.meydan.tv\/az\/#organization"},"potentialAction":[{"@type":"SearchAction","target":{"@type":"EntryPoint","urlTemplate":"https:\/\/www.meydan.tv\/az\/?s={search_term_string}"},"query-input":{"@type":"PropertyValueSpecification","valueRequired":true,"valueName":"search_term_string"}}],"inLanguage":"az"},{"@type":"Organization","@id":"https:\/\/www.meydan.tv\/az\/#organization","name":"Meydan TV","url":"https:\/\/www.meydan.tv\/az\/","logo":{"@type":"ImageObject","inLanguage":"az","@id":"https:\/\/www.meydan.tv\/az\/#\/schema\/logo\/image\/","url":"https:\/\/www.meydan.tv\/wp-content\/uploads\/2021\/07\/meydan-logo.svg","contentUrl":"https:\/\/www.meydan.tv\/wp-content\/uploads\/2021\/07\/meydan-logo.svg","width":195,"height":46,"caption":"Meydan TV"},"image":{"@id":"https:\/\/www.meydan.tv\/az\/#\/schema\/logo\/image\/"}},{"@type":"Person","@id":"https:\/\/www.meydan.tv\/az\/#\/schema\/person\/9cdbecf90d17180ce1dfbd95b08dcf47","name":"elli","sameAs":["https:\/\/x.com\/elli"]}]}},"_links":{"self":[{"href":"https:\/\/www.meydan.tv\/az\/wp-json\/wp\/v2\/posts\/277219","targetHints":{"allow":["GET"]}}],"collection":[{"href":"https:\/\/www.meydan.tv\/az\/wp-json\/wp\/v2\/posts"}],"about":[{"href":"https:\/\/www.meydan.tv\/az\/wp-json\/wp\/v2\/types\/post"}],"author":[{"embeddable":true,"href":"https:\/\/www.meydan.tv\/az\/wp-json\/wp\/v2\/users\/8"}],"replies":[{"embeddable":true,"href":"https:\/\/www.meydan.tv\/az\/wp-json\/wp\/v2\/comments?post=277219"}],"version-history":[{"count":3,"href":"https:\/\/www.meydan.tv\/az\/wp-json\/wp\/v2\/posts\/277219\/revisions"}],"predecessor-version":[{"id":277222,"href":"https:\/\/www.meydan.tv\/az\/wp-json\/wp\/v2\/posts\/277219\/revisions\/277222"}],"wp:featuredmedia":[{"embeddable":true,"href":"https:\/\/www.meydan.tv\/az\/wp-json\/wp\/v2\/media\/277031"}],"wp:attachment":[{"href":"https:\/\/www.meydan.tv\/az\/wp-json\/wp\/v2\/media?parent=277219"}],"wp:term":[{"taxonomy":"category","embeddable":true,"href":"https:\/\/www.meydan.tv\/az\/wp-json\/wp\/v2\/categories?post=277219"},{"taxonomy":"post_tag","embeddable":true,"href":"https:\/\/www.meydan.tv\/az\/wp-json\/wp\/v2\/tags?post=277219"}],"curies":[{"name":"wp","href":"https:\/\/api.w.org\/{rel}","templated":true}]}}