{"id":277197,"date":"2023-06-09T20:10:34","date_gmt":"2023-06-09T16:10:34","guid":{"rendered":"https:\/\/www.meydan.tv\/?p=277197"},"modified":"2023-06-09T20:10:37","modified_gmt":"2023-06-09T16:10:37","slug":"nermin-isi-uzre-hokmun-verilmemesine-gore-hakimden-sikayet-olundu","status":"publish","type":"post","link":"https:\/\/www.meydan.tv\/az\/article\/nermin-isi-uzre-hokmun-verilmemesine-gore-hakimden-sikayet-olundu\/","title":{"rendered":"\u201cN\u0259rmin i\u015fi\u201d \u00fczr\u0259 h\u00f6km\u00fcn verilm\u0259m\u0259sin\u0259 g\u00f6r\u0259 hakimd\u0259n \u015fikay\u0259t olundu"},"content":{"rendered":"\n<p><\/p>\n\n\n\n<p>\u0130lkin S\u00fcleymanovun ail\u0259si bildirir ki, hakim m\u00fcxt\u0259lif b\u0259han\u0259l\u0259rl\u0259 h\u00f6km\u00fc verm\u0259kd\u0259n imtina edir<\/p>\n\n\n\n<p>Tovuz rayonunun Dondar Qu\u015f\u00e7u k\u0259ndind\u0259 10 ya\u015fl\u0131 N\u0259rmin Quliyevan\u0131 o\u011furlay\u0131b \u00f6ld\u00fcrm\u0259kd\u0259, meyiti is\u0259 yand\u0131rmaqda ittiham olunaraq, 18 il azadl\u0131qdan m\u0259hrum edil\u0259n \u0130lkin S\u00fcleymanov haqq\u0131nda \u00e7\u0131xar\u0131lm\u0131\u015f h\u00f6km h\u0259l\u0259 d\u0259 onun v\u0259kill\u0259rin\u0259 t\u0259qdim olunmay\u0131b. Bu bar\u0259d\u0259 Meydan TV-y\u0259 m\u0259lumat ver\u0259n yax\u0131nlar\u0131 bildirib ki, v\u0259kill\u0259r iyunun 9-da n\u00f6vb\u0259ti d\u0259f\u0259 G\u0259nc\u0259 A\u011f\u0131r Cinay\u0259tl\u0259r M\u0259hk\u0259m\u0259sinin hakimi Dada\u015f \u0130manova m\u00fcraci\u0259t ed\u0259r\u0259k, h\u00f6km\u00fcn sur\u0259tini ist\u0259yibl\u0259r. Lakin yen\u0259 \u201cyox\u201d cavab\u0131 al\u0131blar:<\/p>\n\n\n\n<p><em>\u201cM\u00fcxt\u0259lif b\u0259han\u0259l\u0259rl\u0259 Dada\u015f \u0130manov h\u00f6km\u00fcn sur\u0259tini verm\u0259kd\u0259n imtina edir. Halbuki, qanuna g\u00f6r\u0259, \u00fc\u00e7 g\u00fcn \u0259rzind\u0259 h\u00f6km\u00fcn sur\u0259ti t\u0259r\u0259fl\u0259r\u0259 t\u0259qdim olunmal\u0131d\u0131r\u201d.<\/em><\/p>\n\n\n\n<p>V\u0259kill\u0259r iyunun 9-da hakim Dada\u015f \u0130manovdan imtina cavab\u0131 alandan sonra M\u0259hk\u0259m\u0259-H\u00fcquq \u015euras\u0131na \u015fikay\u0259t edibl\u0259r.<\/p>\n\n\n\n<p>Ard\u0131nca \u0130lkin S\u00fcleymanovun atas\u0131 \u0130brahim S\u00fcleymanov da h\u0259m M\u0259hk\u0259m\u0259-H\u00fcquq \u015euras\u0131n\u0131n s\u0259dri Fikr\u0259t M\u0259mm\u0259dova, h\u0259m d\u0259 Ali M\u0259hk\u0259m\u0259nin s\u0259dri \u0130nam K\u0259rimova teleqram g\u00f6nd\u0259rib. O yaz\u0131r ki, Dada\u015f \u0130manovun s\u0259drliyil\u0259 iki il davam ed\u0259n m\u0259hk\u0259m\u0259 prosesi boyunca o\u011flunun t\u0259qsirsiz oldu\u011funu s\u00fcbut ed\u0259n \u00e7oxsayl\u0131 faktlar ortaya qoyuldu. Buna baxmayaraq, Dada\u015f \u0130manovun s\u0259drlik etdiyi hakiml\u0259r kollegiyas\u0131 ittiham h\u00f6km\u00fc \u00e7\u0131xard\u0131. Lakin bu h\u00f6km\u00fc nec\u0259 \u0259sasland\u0131rd\u0131\u011f\u0131 onlara m\u0259lum deyil. \u00c7\u00fcnki g\u00fcnl\u0259rdir m\u00fcxt\u0259lif b\u0259han\u0259l\u0259rl\u0259 h\u00f6km\u00fc verm\u0259kd\u0259n imtina edir.<\/p>\n\n\n\n<p>2009-cu il t\u0259v\u0259ll\u00fcdl\u00fc N\u0259rmin Quliyeva 2019-cu il noyabr\u0131n 21-d\u0259 ya\u015fad\u0131\u011f\u0131 Tovuz rayonunun Dondar Qu\u015f\u00e7u k\u0259ndind\u0259 itkin d\u00fc\u015f\u00fcb. 2020-ci il yanvar\u0131n 6-da k\u0259ndd\u0259 \u0130lkin S\u00fcleymanovgilin evinin qar\u015f\u0131s\u0131nda yand\u0131r\u0131lm\u0131\u015f meyit tap\u0131l\u0131b.<\/p>\n\n\n\n<p>1973-c\u00fc il t\u0259v\u0259ll\u00fcdl\u00fc \u0130lkin S\u00fcleymanov Cinay\u0259t M\u0259c\u0259ll\u0259sinin 120.2.4 (x\u00fcsusi amans\u0131zl\u0131qla q\u0259sd\u0259n adam \u00f6ld\u00fcrm\u0259), 120.2.9 (t\u0259qsirkar \u015f\u0259xs \u00fc\u00e7\u00fcn a\u015fkar sur\u0259td\u0259 k\u00f6m\u0259ksiz v\u0259ziyy\u0259td\u0259 olan adam\u0131 q\u0259sd\u0259n \u00f6ld\u00fcrm\u0259), 133.2.1 (o\u011furlanm\u0131\u015f \u015f\u0259xs\u0259 \u0259zab verm\u0259), 133.2.4 (yetkinlik ya\u015f\u0131na \u00e7atmayan, k\u00f6m\u0259ksiz v\u0259ziyy\u0259td\u0259 olan \u015f\u0259xs\u0259 \u0259zab verm\u0259), 144-c\u00fc (adam o\u011furlu\u011fu) madd\u0259l\u0259ril\u0259 ittiham olunur.<\/p>\n\n\n\n<p>\u0130ttihama \u0259sas\u0259n, o, sinif yolda\u015f\u0131 \u015e\u0259rif Quliyevin ail\u0259si, u\u015faqlar\u0131 oldu\u011funa g\u00f6r\u0259 onu q\u0131sqan\u0131b, buna g\u00f6r\u0259 d\u0259 onun q\u0131z\u0131 N\u0259rmini \u00f6vladl\u0131\u011fa g\u00f6t\u00fcrm\u0259k m\u0259qs\u0259dil\u0259 o\u011furlay\u0131b. Daha sonra q\u0259tl\u0259 yetir\u0259r\u0259k meyiti evl\u0259rinin yax\u0131nl\u0131\u011f\u0131nda yand\u0131r\u0131b.<\/p>\n\n\n\n<p>\u0130lkin S\u00fcleymanov is\u0259 azya\u015fl\u0131n\u0131n \u00f6l\u00fcm\u00fcn\u0259 aidiyy\u0259ti olmad\u0131\u011f\u0131n\u0131 deyir. \u0130stintaqdak\u0131 ifad\u0259sind\u0259ki etirafa g\u0259linc\u0259, o bildirib ki, 2020-ci il yanvar\u0131n 6-dan 10-na q\u0259d\u0259r Tovuz rayon Polis \u015e\u00f6b\u0259sind\u0259 i\u015fg\u0259nc\u0259y\u0259 m\u0259ruz qal\u0131b. D\u00f6rd g\u00fcn sonra i\u015fg\u0259nc\u0259l\u0259r\u0259 d\u00f6zm\u0259y\u0259r\u0259k, etiraf ifad\u0259sin\u0259 imza atma\u011fa m\u0259cbur olub.<\/p>\n\n\n\n<p>Ba\u015f Prokurorluq is\u0259 i\u015fg\u0259nc\u0259 iddialar\u0131n\u0131 t\u0259kzib edib.<\/p>\n","protected":false},"excerpt":{"rendered":"<p>\u0130lkin S\u00fcleymanovun ail\u0259si bildirir ki, hakim m\u00fcxt\u0259lif b\u0259han\u0259l\u0259rl\u0259 h\u00f6km\u00fc verm\u0259kd\u0259n &#8230; <\/p>\n<p class=\"read-more-container\"><a title=\"\u201cN\u0259rmin i\u015fi\u201d \u00fczr\u0259 h\u00f6km\u00fcn verilm\u0259m\u0259sin\u0259 g\u00f6r\u0259 hakimd\u0259n \u015fikay\u0259t olundu\" class=\"read-more button\" href=\"https:\/\/www.meydan.tv\/az\/article\/nermin-isi-uzre-hokmun-verilmemesine-gore-hakimden-sikayet-olundu\/#more-277197\" aria-label=\"Read more about \u201cN\u0259rmin i\u015fi\u201d \u00fczr\u0259 h\u00f6km\u00fcn verilm\u0259m\u0259sin\u0259 g\u00f6r\u0259 hakimd\u0259n \u015fikay\u0259t olundu\">Davam\u0131<\/a><\/p>\n","protected":false},"author":8,"featured_media":209162,"comment_status":"closed","ping_status":"closed","sticky":false,"template":"","format":"standard","meta":{"_acf_changed":false,"_sitemap_exclude":false,"_sitemap_priority":"","_sitemap_frequency":"","footnotes":""},"categories":[60,88,56],"tags":[],"class_list":["post-277197","post","type-post","status-publish","format-standard","has-post-thumbnail","hentry","category-bolge","category-redaktor-secimi","category-xeberler","infinite-scroll-item","generate-columns","tablet-grid-50","mobile-grid-100","grid-parent","grid-33","no-featured-image-padding"],"acf":[],"yoast_head":"<!-- This site is optimized with the Yoast SEO plugin v27.5 - https:\/\/yoast.com\/product\/yoast-seo-wordpress\/ -->\n<title>\u201cN\u0259rmin i\u015fi\u201d \u00fczr\u0259 h\u00f6km\u00fcn verilm\u0259m\u0259sin\u0259 g\u00f6r\u0259 hakimd\u0259n \u015fikay\u0259t olundu - MEYDAN.TV<\/title>\n<meta name=\"robots\" content=\"index, follow, max-snippet:-1, max-image-preview:large, max-video-preview:-1\" \/>\n<link rel=\"canonical\" href=\"https:\/\/www.meydan.tv\/az\/article\/nermin-isi-uzre-hokmun-verilmemesine-gore-hakimden-sikayet-olundu\/\" \/>\n<meta property=\"og:locale\" content=\"az_AZ\" \/>\n<meta property=\"og:type\" content=\"article\" \/>\n<meta property=\"og:title\" content=\"\u201cN\u0259rmin i\u015fi\u201d \u00fczr\u0259 h\u00f6km\u00fcn verilm\u0259m\u0259sin\u0259 g\u00f6r\u0259 hakimd\u0259n \u015fikay\u0259t olundu - MEYDAN.TV\" \/>\n<meta property=\"og:description\" content=\"\u0130lkin S\u00fcleymanovun ail\u0259si bildirir ki, hakim m\u00fcxt\u0259lif b\u0259han\u0259l\u0259rl\u0259 h\u00f6km\u00fc verm\u0259kd\u0259n ... Davam\u0131\" \/>\n<meta property=\"og:url\" content=\"https:\/\/www.meydan.tv\/az\/article\/nermin-isi-uzre-hokmun-verilmemesine-gore-hakimden-sikayet-olundu\/\" \/>\n<meta property=\"og:site_name\" content=\"MEYDAN.TV\" \/>\n<meta property=\"article:published_time\" content=\"2023-06-09T16:10:34+00:00\" \/>\n<meta property=\"article:modified_time\" content=\"2023-06-09T16:10:37+00:00\" \/>\n<meta property=\"og:image\" content=\"https:\/\/www.meydan.tv\/wp-content\/uploads\/screenshot_at_aug_12_12-27-58-1200x676.png\" \/>\n\t<meta property=\"og:image:width\" content=\"1200\" \/>\n\t<meta property=\"og:image:height\" content=\"676\" \/>\n\t<meta property=\"og:image:type\" content=\"image\/png\" \/>\n<meta name=\"author\" content=\"elli\" \/>\n<meta name=\"twitter:card\" content=\"summary_large_image\" \/>\n<meta name=\"twitter:creator\" content=\"@elli\" \/>\n<script type=\"application\/ld+json\" class=\"yoast-schema-graph\">{\"@context\":\"https:\\\/\\\/schema.org\",\"@graph\":[{\"@type\":\"Article\",\"@id\":\"https:\\\/\\\/www.meydan.tv\\\/az\\\/article\\\/nermin-isi-uzre-hokmun-verilmemesine-gore-hakimden-sikayet-olundu\\\/#article\",\"isPartOf\":{\"@id\":\"https:\\\/\\\/www.meydan.tv\\\/az\\\/article\\\/nermin-isi-uzre-hokmun-verilmemesine-gore-hakimden-sikayet-olundu\\\/\"},\"author\":{\"name\":\"elli\",\"@id\":\"https:\\\/\\\/www.meydan.tv\\\/az\\\/#\\\/schema\\\/person\\\/9cdbecf90d17180ce1dfbd95b08dcf47\"},\"headline\":\"\u201cN\u0259rmin i\u015fi\u201d \u00fczr\u0259 h\u00f6km\u00fcn verilm\u0259m\u0259sin\u0259 g\u00f6r\u0259 hakimd\u0259n \u015fikay\u0259t olundu\",\"datePublished\":\"2023-06-09T16:10:34+00:00\",\"dateModified\":\"2023-06-09T16:10:37+00:00\",\"mainEntityOfPage\":{\"@id\":\"https:\\\/\\\/www.meydan.tv\\\/az\\\/article\\\/nermin-isi-uzre-hokmun-verilmemesine-gore-hakimden-sikayet-olundu\\\/\"},\"wordCount\":593,\"publisher\":{\"@id\":\"https:\\\/\\\/www.meydan.tv\\\/az\\\/#organization\"},\"image\":{\"@id\":\"https:\\\/\\\/www.meydan.tv\\\/az\\\/article\\\/nermin-isi-uzre-hokmun-verilmemesine-gore-hakimden-sikayet-olundu\\\/#primaryimage\"},\"thumbnailUrl\":\"https:\\\/\\\/www.meydan.tv\\\/wp-content\\\/uploads\\\/screenshot_at_aug_12_12-27-58.png\",\"articleSection\":[\"B\u00f6lg\u0259\",\"Redaktor se\u00e7imi\",\"X\u0259b\u0259rl\u0259r\"],\"inLanguage\":\"az\"},{\"@type\":\"WebPage\",\"@id\":\"https:\\\/\\\/www.meydan.tv\\\/az\\\/article\\\/nermin-isi-uzre-hokmun-verilmemesine-gore-hakimden-sikayet-olundu\\\/\",\"url\":\"https:\\\/\\\/www.meydan.tv\\\/az\\\/article\\\/nermin-isi-uzre-hokmun-verilmemesine-gore-hakimden-sikayet-olundu\\\/\",\"name\":\"\u201cN\u0259rmin i\u015fi\u201d \u00fczr\u0259 h\u00f6km\u00fcn verilm\u0259m\u0259sin\u0259 g\u00f6r\u0259 hakimd\u0259n \u015fikay\u0259t olundu - MEYDAN.TV\",\"isPartOf\":{\"@id\":\"https:\\\/\\\/www.meydan.tv\\\/az\\\/#website\"},\"primaryImageOfPage\":{\"@id\":\"https:\\\/\\\/www.meydan.tv\\\/az\\\/article\\\/nermin-isi-uzre-hokmun-verilmemesine-gore-hakimden-sikayet-olundu\\\/#primaryimage\"},\"image\":{\"@id\":\"https:\\\/\\\/www.meydan.tv\\\/az\\\/article\\\/nermin-isi-uzre-hokmun-verilmemesine-gore-hakimden-sikayet-olundu\\\/#primaryimage\"},\"thumbnailUrl\":\"https:\\\/\\\/www.meydan.tv\\\/wp-content\\\/uploads\\\/screenshot_at_aug_12_12-27-58.png\",\"datePublished\":\"2023-06-09T16:10:34+00:00\",\"dateModified\":\"2023-06-09T16:10:37+00:00\",\"breadcrumb\":{\"@id\":\"https:\\\/\\\/www.meydan.tv\\\/az\\\/article\\\/nermin-isi-uzre-hokmun-verilmemesine-gore-hakimden-sikayet-olundu\\\/#breadcrumb\"},\"inLanguage\":\"az\",\"potentialAction\":[{\"@type\":\"ReadAction\",\"target\":[\"https:\\\/\\\/www.meydan.tv\\\/az\\\/article\\\/nermin-isi-uzre-hokmun-verilmemesine-gore-hakimden-sikayet-olundu\\\/\"]}]},{\"@type\":\"ImageObject\",\"inLanguage\":\"az\",\"@id\":\"https:\\\/\\\/www.meydan.tv\\\/az\\\/article\\\/nermin-isi-uzre-hokmun-verilmemesine-gore-hakimden-sikayet-olundu\\\/#primaryimage\",\"url\":\"https:\\\/\\\/www.meydan.tv\\\/wp-content\\\/uploads\\\/screenshot_at_aug_12_12-27-58.png\",\"contentUrl\":\"https:\\\/\\\/www.meydan.tv\\\/wp-content\\\/uploads\\\/screenshot_at_aug_12_12-27-58.png\",\"width\":1636,\"height\":922,\"caption\":\"Foto: Meydan.TV\"},{\"@type\":\"BreadcrumbList\",\"@id\":\"https:\\\/\\\/www.meydan.tv\\\/az\\\/article\\\/nermin-isi-uzre-hokmun-verilmemesine-gore-hakimden-sikayet-olundu\\\/#breadcrumb\",\"itemListElement\":[{\"@type\":\"ListItem\",\"position\":1,\"name\":\"Ana s\u0259hif\u0259\",\"item\":\"https:\\\/\\\/www.meydan.tv\\\/az\\\/\"},{\"@type\":\"ListItem\",\"position\":2,\"name\":\"B\u00f6lg\u0259\",\"item\":\"https:\\\/\\\/www.meydan.tv\\\/az\\\/section\\\/bolge\\\/\"},{\"@type\":\"ListItem\",\"position\":3,\"name\":\"\u201cN\u0259rmin i\u015fi\u201d \u00fczr\u0259 h\u00f6km\u00fcn verilm\u0259m\u0259sin\u0259 g\u00f6r\u0259 hakimd\u0259n \u015fikay\u0259t olundu\"}]},{\"@type\":\"WebSite\",\"@id\":\"https:\\\/\\\/www.meydan.tv\\\/az\\\/#website\",\"url\":\"https:\\\/\\\/www.meydan.tv\\\/az\\\/\",\"name\":\"MEYDAN.TV\",\"description\":\"Meydan TV Az\u0259rbaycan\u0131n media m\u0259kan\u0131ndak\u0131 alternativ s\u0259sidir\",\"publisher\":{\"@id\":\"https:\\\/\\\/www.meydan.tv\\\/az\\\/#organization\"},\"potentialAction\":[{\"@type\":\"SearchAction\",\"target\":{\"@type\":\"EntryPoint\",\"urlTemplate\":\"https:\\\/\\\/www.meydan.tv\\\/az\\\/?s={search_term_string}\"},\"query-input\":{\"@type\":\"PropertyValueSpecification\",\"valueRequired\":true,\"valueName\":\"search_term_string\"}}],\"inLanguage\":\"az\"},{\"@type\":\"Organization\",\"@id\":\"https:\\\/\\\/www.meydan.tv\\\/az\\\/#organization\",\"name\":\"Meydan TV\",\"url\":\"https:\\\/\\\/www.meydan.tv\\\/az\\\/\",\"logo\":{\"@type\":\"ImageObject\",\"inLanguage\":\"az\",\"@id\":\"https:\\\/\\\/www.meydan.tv\\\/az\\\/#\\\/schema\\\/logo\\\/image\\\/\",\"url\":\"https:\\\/\\\/www.meydan.tv\\\/wp-content\\\/uploads\\\/2021\\\/07\\\/meydan-logo.svg\",\"contentUrl\":\"https:\\\/\\\/www.meydan.tv\\\/wp-content\\\/uploads\\\/2021\\\/07\\\/meydan-logo.svg\",\"width\":195,\"height\":46,\"caption\":\"Meydan TV\"},\"image\":{\"@id\":\"https:\\\/\\\/www.meydan.tv\\\/az\\\/#\\\/schema\\\/logo\\\/image\\\/\"}},{\"@type\":\"Person\",\"@id\":\"https:\\\/\\\/www.meydan.tv\\\/az\\\/#\\\/schema\\\/person\\\/9cdbecf90d17180ce1dfbd95b08dcf47\",\"name\":\"elli\",\"sameAs\":[\"https:\\\/\\\/x.com\\\/elli\"]}]}<\/script>\n<!-- \/ Yoast SEO plugin. -->","yoast_head_json":{"title":"\u201cN\u0259rmin i\u015fi\u201d \u00fczr\u0259 h\u00f6km\u00fcn verilm\u0259m\u0259sin\u0259 g\u00f6r\u0259 hakimd\u0259n \u015fikay\u0259t olundu - MEYDAN.TV","robots":{"index":"index","follow":"follow","max-snippet":"max-snippet:-1","max-image-preview":"max-image-preview:large","max-video-preview":"max-video-preview:-1"},"canonical":"https:\/\/www.meydan.tv\/az\/article\/nermin-isi-uzre-hokmun-verilmemesine-gore-hakimden-sikayet-olundu\/","og_locale":"az_AZ","og_type":"article","og_title":"\u201cN\u0259rmin i\u015fi\u201d \u00fczr\u0259 h\u00f6km\u00fcn verilm\u0259m\u0259sin\u0259 g\u00f6r\u0259 hakimd\u0259n \u015fikay\u0259t olundu - MEYDAN.TV","og_description":"\u0130lkin S\u00fcleymanovun ail\u0259si bildirir ki, hakim m\u00fcxt\u0259lif b\u0259han\u0259l\u0259rl\u0259 h\u00f6km\u00fc verm\u0259kd\u0259n ... Davam\u0131","og_url":"https:\/\/www.meydan.tv\/az\/article\/nermin-isi-uzre-hokmun-verilmemesine-gore-hakimden-sikayet-olundu\/","og_site_name":"MEYDAN.TV","article_published_time":"2023-06-09T16:10:34+00:00","article_modified_time":"2023-06-09T16:10:37+00:00","og_image":[{"width":1200,"height":676,"url":"https:\/\/www.meydan.tv\/wp-content\/uploads\/screenshot_at_aug_12_12-27-58-1200x676.png","type":"image\/png"}],"author":"elli","twitter_card":"summary_large_image","twitter_creator":"@elli","schema":{"@context":"https:\/\/schema.org","@graph":[{"@type":"Article","@id":"https:\/\/www.meydan.tv\/az\/article\/nermin-isi-uzre-hokmun-verilmemesine-gore-hakimden-sikayet-olundu\/#article","isPartOf":{"@id":"https:\/\/www.meydan.tv\/az\/article\/nermin-isi-uzre-hokmun-verilmemesine-gore-hakimden-sikayet-olundu\/"},"author":{"name":"elli","@id":"https:\/\/www.meydan.tv\/az\/#\/schema\/person\/9cdbecf90d17180ce1dfbd95b08dcf47"},"headline":"\u201cN\u0259rmin i\u015fi\u201d \u00fczr\u0259 h\u00f6km\u00fcn verilm\u0259m\u0259sin\u0259 g\u00f6r\u0259 hakimd\u0259n \u015fikay\u0259t olundu","datePublished":"2023-06-09T16:10:34+00:00","dateModified":"2023-06-09T16:10:37+00:00","mainEntityOfPage":{"@id":"https:\/\/www.meydan.tv\/az\/article\/nermin-isi-uzre-hokmun-verilmemesine-gore-hakimden-sikayet-olundu\/"},"wordCount":593,"publisher":{"@id":"https:\/\/www.meydan.tv\/az\/#organization"},"image":{"@id":"https:\/\/www.meydan.tv\/az\/article\/nermin-isi-uzre-hokmun-verilmemesine-gore-hakimden-sikayet-olundu\/#primaryimage"},"thumbnailUrl":"https:\/\/www.meydan.tv\/wp-content\/uploads\/screenshot_at_aug_12_12-27-58.png","articleSection":["B\u00f6lg\u0259","Redaktor se\u00e7imi","X\u0259b\u0259rl\u0259r"],"inLanguage":"az"},{"@type":"WebPage","@id":"https:\/\/www.meydan.tv\/az\/article\/nermin-isi-uzre-hokmun-verilmemesine-gore-hakimden-sikayet-olundu\/","url":"https:\/\/www.meydan.tv\/az\/article\/nermin-isi-uzre-hokmun-verilmemesine-gore-hakimden-sikayet-olundu\/","name":"\u201cN\u0259rmin i\u015fi\u201d \u00fczr\u0259 h\u00f6km\u00fcn verilm\u0259m\u0259sin\u0259 g\u00f6r\u0259 hakimd\u0259n \u015fikay\u0259t olundu - MEYDAN.TV","isPartOf":{"@id":"https:\/\/www.meydan.tv\/az\/#website"},"primaryImageOfPage":{"@id":"https:\/\/www.meydan.tv\/az\/article\/nermin-isi-uzre-hokmun-verilmemesine-gore-hakimden-sikayet-olundu\/#primaryimage"},"image":{"@id":"https:\/\/www.meydan.tv\/az\/article\/nermin-isi-uzre-hokmun-verilmemesine-gore-hakimden-sikayet-olundu\/#primaryimage"},"thumbnailUrl":"https:\/\/www.meydan.tv\/wp-content\/uploads\/screenshot_at_aug_12_12-27-58.png","datePublished":"2023-06-09T16:10:34+00:00","dateModified":"2023-06-09T16:10:37+00:00","breadcrumb":{"@id":"https:\/\/www.meydan.tv\/az\/article\/nermin-isi-uzre-hokmun-verilmemesine-gore-hakimden-sikayet-olundu\/#breadcrumb"},"inLanguage":"az","potentialAction":[{"@type":"ReadAction","target":["https:\/\/www.meydan.tv\/az\/article\/nermin-isi-uzre-hokmun-verilmemesine-gore-hakimden-sikayet-olundu\/"]}]},{"@type":"ImageObject","inLanguage":"az","@id":"https:\/\/www.meydan.tv\/az\/article\/nermin-isi-uzre-hokmun-verilmemesine-gore-hakimden-sikayet-olundu\/#primaryimage","url":"https:\/\/www.meydan.tv\/wp-content\/uploads\/screenshot_at_aug_12_12-27-58.png","contentUrl":"https:\/\/www.meydan.tv\/wp-content\/uploads\/screenshot_at_aug_12_12-27-58.png","width":1636,"height":922,"caption":"Foto: Meydan.TV"},{"@type":"BreadcrumbList","@id":"https:\/\/www.meydan.tv\/az\/article\/nermin-isi-uzre-hokmun-verilmemesine-gore-hakimden-sikayet-olundu\/#breadcrumb","itemListElement":[{"@type":"ListItem","position":1,"name":"Ana s\u0259hif\u0259","item":"https:\/\/www.meydan.tv\/az\/"},{"@type":"ListItem","position":2,"name":"B\u00f6lg\u0259","item":"https:\/\/www.meydan.tv\/az\/section\/bolge\/"},{"@type":"ListItem","position":3,"name":"\u201cN\u0259rmin i\u015fi\u201d \u00fczr\u0259 h\u00f6km\u00fcn verilm\u0259m\u0259sin\u0259 g\u00f6r\u0259 hakimd\u0259n \u015fikay\u0259t olundu"}]},{"@type":"WebSite","@id":"https:\/\/www.meydan.tv\/az\/#website","url":"https:\/\/www.meydan.tv\/az\/","name":"MEYDAN.TV","description":"Meydan TV Az\u0259rbaycan\u0131n media m\u0259kan\u0131ndak\u0131 alternativ s\u0259sidir","publisher":{"@id":"https:\/\/www.meydan.tv\/az\/#organization"},"potentialAction":[{"@type":"SearchAction","target":{"@type":"EntryPoint","urlTemplate":"https:\/\/www.meydan.tv\/az\/?s={search_term_string}"},"query-input":{"@type":"PropertyValueSpecification","valueRequired":true,"valueName":"search_term_string"}}],"inLanguage":"az"},{"@type":"Organization","@id":"https:\/\/www.meydan.tv\/az\/#organization","name":"Meydan TV","url":"https:\/\/www.meydan.tv\/az\/","logo":{"@type":"ImageObject","inLanguage":"az","@id":"https:\/\/www.meydan.tv\/az\/#\/schema\/logo\/image\/","url":"https:\/\/www.meydan.tv\/wp-content\/uploads\/2021\/07\/meydan-logo.svg","contentUrl":"https:\/\/www.meydan.tv\/wp-content\/uploads\/2021\/07\/meydan-logo.svg","width":195,"height":46,"caption":"Meydan TV"},"image":{"@id":"https:\/\/www.meydan.tv\/az\/#\/schema\/logo\/image\/"}},{"@type":"Person","@id":"https:\/\/www.meydan.tv\/az\/#\/schema\/person\/9cdbecf90d17180ce1dfbd95b08dcf47","name":"elli","sameAs":["https:\/\/x.com\/elli"]}]}},"_links":{"self":[{"href":"https:\/\/www.meydan.tv\/az\/wp-json\/wp\/v2\/posts\/277197","targetHints":{"allow":["GET"]}}],"collection":[{"href":"https:\/\/www.meydan.tv\/az\/wp-json\/wp\/v2\/posts"}],"about":[{"href":"https:\/\/www.meydan.tv\/az\/wp-json\/wp\/v2\/types\/post"}],"author":[{"embeddable":true,"href":"https:\/\/www.meydan.tv\/az\/wp-json\/wp\/v2\/users\/8"}],"replies":[{"embeddable":true,"href":"https:\/\/www.meydan.tv\/az\/wp-json\/wp\/v2\/comments?post=277197"}],"version-history":[{"count":1,"href":"https:\/\/www.meydan.tv\/az\/wp-json\/wp\/v2\/posts\/277197\/revisions"}],"predecessor-version":[{"id":277201,"href":"https:\/\/www.meydan.tv\/az\/wp-json\/wp\/v2\/posts\/277197\/revisions\/277201"}],"wp:featuredmedia":[{"embeddable":true,"href":"https:\/\/www.meydan.tv\/az\/wp-json\/wp\/v2\/media\/209162"}],"wp:attachment":[{"href":"https:\/\/www.meydan.tv\/az\/wp-json\/wp\/v2\/media?parent=277197"}],"wp:term":[{"taxonomy":"category","embeddable":true,"href":"https:\/\/www.meydan.tv\/az\/wp-json\/wp\/v2\/categories?post=277197"},{"taxonomy":"post_tag","embeddable":true,"href":"https:\/\/www.meydan.tv\/az\/wp-json\/wp\/v2\/tags?post=277197"}],"curies":[{"name":"wp","href":"https:\/\/api.w.org\/{rel}","templated":true}]}}