{"id":277180,"date":"2023-06-09T16:17:32","date_gmt":"2023-06-09T12:17:32","guid":{"rendered":"https:\/\/www.meydan.tv\/?p=277180"},"modified":"2023-06-09T16:17:44","modified_gmt":"2023-06-09T12:17:44","slug":"bezi-qht-lerin-cinayet-isine-xitam-verile-biler-amma-hakimiyyetin-xisleti-deyismeyib","status":"publish","type":"post","link":"https:\/\/www.meydan.tv\/az\/article\/bezi-qht-lerin-cinayet-isine-xitam-verile-biler-amma-hakimiyyetin-xisleti-deyismeyib\/","title":{"rendered":"&#8220;B\u0259zi QHT-l\u0259rin cinay\u0259t i\u015fin\u0259 xitam veril\u0259 bil\u0259r, amma hakimiyy\u0259tin xisl\u0259ti d\u0259yi\u015fm\u0259yib&#8221;"},"content":{"rendered":"\n<p><\/p>\n\n\n\n<p><strong><em>\u0130ntiqam \u018fliyev deyir ki, bu c\u00fcr \u015feyl\u0259r \u201cislahat\u201d, \u201cdialoq\u201d na\u011f\u0131llar\u0131 \u00fc\u00e7\u00fcnd\u00fcr&#8230;<\/em><\/strong><\/p>\n\n\n\n<p>Ba\u015f Prokurorlu\u011fun M\u0259tbuat Xidm\u0259ti &#8220;Azadl\u0131q&#8221; radiosunun iyunun 8-d\u0259 2014-c\u00fc ild\u0259 QHT-l\u0259r\u0259 qar\u015f\u0131 a\u00e7\u0131lm\u0131\u015f cinay\u0259t i\u015fin\u0259 xitam verilm\u0259si haqda yayd\u0131\u011f\u0131 m\u0259lumat\u0131 t\u0259sdiql\u0259yib.<\/p>\n\n\n\n<p>Ba\u015f Prokurorlu\u011fun M\u0259tbuat xidm\u0259tind\u0259n Meydan TV-in sor\u011fusuna cavabda bildirilib ki, qeyd olunan cinay\u0259t i\u015f \u00fczr\u0259 b\u0259zi qeyri-h\u00f6kum\u0259t t\u0259\u015fkilatlar\u0131 bar\u0259d\u0259 cinay\u0259t t\u0259qibin\u0259 xitam verilib.<\/p>\n\n\n\n<p>M\u0259tbuat xidm\u0259ti dig\u0259r qeyri-h\u00f6kum\u0259t t\u0259\u015fkilatlar\u0131 bar\u0259d\u0259 haz\u0131rda z\u0259ruri ara\u015fd\u0131rmalar davam etdirildiyini deyib:<\/p>\n\n\n\n<p>&#8220;<em>N\u0259tic\u0259si bar\u0259d\u0259 \u0259lav\u0259 m\u0259lumat veril\u0259c\u0259k&#8221;.<\/em><\/p>\n\n\n\n<p>Ancaq Ba\u015f Prokurorluq ara\u015fd\u0131rmalar\u0131n hans\u0131 QHT-l\u0259r bar\u0259d\u0259 apar\u0131ld\u0131\u011f\u0131n\u0131 a\u00e7\u0131qlamay\u0131b.<\/p>\n\n\n<div class=\"wp-block-image\">\n<figure class=\"aligncenter size-large\"><img decoding=\"async\" width=\"1200\" height=\"668\" data-src=\"https:\/\/www.meydan.tv\/wp-content\/uploads\/screenshot-at-aug-10-14-51-49-1200x668.png\" alt=\"\" class=\"wp-image-252941 lazyload\" src=\"data:image\/svg+xml;base64,PHN2ZyB3aWR0aD0iMSIgaGVpZ2h0PSIxIiB4bWxucz0iaHR0cDovL3d3dy53My5vcmcvMjAwMC9zdmciPjwvc3ZnPg==\" style=\"--smush-placeholder-width: 1200px; --smush-placeholder-aspect-ratio: 1200\/668;\" \/><figcaption class=\"wp-element-caption\">Ba\u015f Prokurorluq. Foto: Meydan TV<\/figcaption><\/figure>\n<\/div>\n\n\n<p>&#8220;Azadl\u0131q&#8221; radiosuna dan\u0131\u015fan m\u0259nb\u0259nin s\u00f6zl\u0259rin\u0259<a href=\"https:\/\/www.azadliq.org\/a\/qht-cinayet-isi-xitam\/32449974.html\" target=\"_blank\" rel=\"noreferrer noopener\"> g\u00f6r\u0259<\/a>, QHT-l\u0259rl\u0259 ba\u011fl\u0131 cinay\u0259t i\u015find\u0259 ad\u0131ke\u00e7\u0259n t\u0259\u015fkilatlar\u0131n r\u0259hb\u0259rl\u0259ri bu g\u00fcnl\u0259rd\u0259 \u0130stintaq \u0130dar\u0259sin\u0259 \u00e7a\u011f\u0131r\u0131l\u0131b:<\/p>\n\n\n\n<p>&#8220;Onlar da art\u0131q cinay\u0259t i\u015fin\u0259 xitam verilm\u0259si haqda m\u0259lumatland\u0131r\u0131l\u0131b&#8221;.<\/p>\n\n\n\n<p>V\u0259kil El\u00e7in Sad\u0131qov Meydan TV-y\u0259 bildirib ki, 2014-c\u00fc ild\u0259 iki t\u0259\u015fkilat\u0131n m\u00fcdafi\u0259\u00e7ini h\u0259yata ke\u00e7irib:<\/p>\n\n\n\n<p><em>&#8220;2020-ci ild\u0259 h\u0259min t\u0259\u015fkilatlardan biri il\u0259 ba\u011fl\u0131 cinay\u0259t i\u015fin\u0259 xitam verilmi\u015fdi, sad\u0259c\u0259, indi t\u0259\u015fkilat\u0131n ad\u0131n\u0131 \u00e7\u0259km\u0259k ist\u0259mir\u0259m. Amma A\u00e7\u0131q C\u0259miyy\u0259t \u0130nstitutu Yard\u0131m Fonduna qar\u015f\u0131 a\u00e7\u0131lan cinay\u0259t i\u015fin\u0259 xitam verilm\u0259mi\u015fdi, indi d\u0259 davam edir. Bu t\u0259\u015fkilat\u0131n bank hesablar\u0131na, \u0259mlak\u0131na h\u0259bs qoyulub v\u0259 Avropa M\u0259hk\u0259m\u0259sin\u0259 \u015fikay\u0259t d\u0259 edilib&#8221;.<\/em><\/p>\n\n\n\n<p>E.Sad\u0131qov hesab edir ki, \u0259g\u0259r cinay\u0259t i\u015fl\u0259rin\u0259 xitam verilirs\u0259, m\u00fcsb\u0259t hald\u0131r:<\/p>\n\n\n\n<p>&#8220;Amma m\u0259nd\u0259 olan m\u0259lumata g\u00f6r\u0259, A\u00e7\u0131q C\u0259miyy\u0259t \u0130nstitutu Yard\u0131m Fonduna qar\u015f\u0131 cinay\u0259t i\u015fi davam edir&#8221;.<\/p>\n\n\n\n<p>V\u0259kilin s\u00f6zl\u0259rin\u0259 g\u00f6r\u0259, 2014-c\u00fc ild\u0259 xeyli QHT v\u0259 donor t\u0259\u015fkilatlar cinay\u0259t i\u015fin\u0259 c\u0259lb olunmu\u015fdu:<\/p>\n\n\n\n<p><em>&#8220;Dem\u0259k olar ki, bu cinay\u0259t i\u015fi m\u00fcst\u0259qil QHT-l\u0259r\u0259 qar\u015f\u0131 t\u0259qib kimi istifad\u0259 olunurdu. R\u0259sul C\u0259f\u0259rov, \u0130ntiqam \u018fliyev, Leyla Yunus h\u0259bs edildi, sonradan bu cinay\u0259t i\u015find\u0259n X\u0259dic\u0259 \u0130smay\u0131l\u0131n i\u015fi ayr\u0131ld\u0131. Yaxud bu cinay\u0259t i\u015fin\u0259 g\u00f6r\u0259 \u018fziz Orucov h\u0259bs edildi&#8221;.<\/em><\/p>\n\n\n<div class=\"wp-block-image\">\n<figure class=\"aligncenter size-full\"><img decoding=\"async\" width=\"1000\" height=\"555\" data-src=\"https:\/\/www.meydan.tv\/wp-content\/uploads\/cover-site_1_ylolg8r.png\" alt=\"V\u0259kil El\u00e7in Sad\u0131qov\" class=\"wp-image-123789 lazyload\" src=\"data:image\/svg+xml;base64,PHN2ZyB3aWR0aD0iMSIgaGVpZ2h0PSIxIiB4bWxucz0iaHR0cDovL3d3dy53My5vcmcvMjAwMC9zdmciPjwvc3ZnPg==\" style=\"--smush-placeholder-width: 1000px; --smush-placeholder-aspect-ratio: 1000\/555;\" \/><figcaption class=\"wp-element-caption\">Foto: Meydan.TV<\/figcaption><\/figure>\n<\/div>\n\n\n<p>H\u00fcquq m\u00fcdafi\u0259\u00e7isi, ke\u00e7mi\u015f vicdan m\u0259hbusu \u0130ntiqam \u018fliyev Meydan TV-y\u0259 deyib ki, onu n\u0259 prokurorlu\u011fa \u00e7a\u011f\u0131r\u0131blar, n\u0259 d\u0259 cinay\u0259t i\u015fin\u0259 xitam verilm\u0259si bar\u0259d\u0259 \u0259riz\u0259 yazmaq t\u0259klifini al\u0131b:<\/p>\n\n\n\n<p><em>\u201cD\u00fcz d\u0259 edirl\u0259r, \u00e7\u00fcnki kims\u0259y\u0259 xahi\u015fl\u0259 m\u00fcraci\u0259t etm\u0259k fikrim yoxdur\u201d.<\/em><\/p>\n\n\n\n<p>\u0130.\u018fliyev xat\u0131rlad\u0131b ki, Avropa M\u0259hk\u0259m\u0259si h\u0259bsinin siyasi motivli olmas\u0131, t\u0259\u015fkilat\u0131 bar\u0259sind\u0259 qald\u0131r\u0131lan cinay\u0259t i\u015fl\u0259rinin d\u0259 saxta olmas\u0131 bar\u0259d\u0259 q\u0259rar verib:<\/p>\n\n\n\n<p><em>\u201cH\u0259min q\u0259rarlar\u0131n icras\u0131ndan do\u011fan f\u0259rdi v\u0259 \u00fcmumi xarakterli t\u0259dbirl\u0259ri g\u00f6rm\u0259k h\u00f6kum\u0259tin v\u0259zif\u0259sidir. \u0130nsanlar\u0131 qanunsuz olaraq h\u0259bs\u0259 atasan, ill\u0259rl\u0259 \u00f6lk\u0259d\u0259n \u00e7\u0131x\u0131\u015f\u0131na qada\u011fan qoyasan, ofisini, hesablar\u0131n\u0131 ba\u011fl\u0131 saxlayasan, bar\u0259sind\u0259 yalan v\u0259 b\u00f6htanlar\u0131 tirajlayasan, indi d\u0259, dey\u0259s\u0259n, g\u0259l xahi\u015f el\u0259, m\u0259n\u0259 minn\u0259t\u00e7i d\u00fc\u015f\u201d.<\/em><\/p>\n\n\n\n<p><em>\u201cGuya, cinay\u0259t i\u015fin\u0259 xitam veril\u0259nd\u0259 n\u0259 d\u0259yi\u015f\u0259c\u0259k ki?! \u00d6lk\u0259d\u0259 v\u0259t\u0259nda\u015f c\u0259miyy\u0259ti \u2013 m\u00fcst\u0259qil media, QHT sektoru, siyasi partiyalar darmada\u011f\u0131n edilib. Hakimiyy\u0259tin atd\u0131\u011f\u0131 b\u00fct\u00fcn add\u0131mlar da onu g\u00f6st\u0259rir ki, qorxuda, sat\u0131na ala bilm\u0259diyi v\u0259t\u0259nda\u015f c\u0259miyy\u0259tini \u00f6z\u00fcn\u0259 d\u00fc\u015fm\u0259n g\u00f6r\u00fcr. 5-6 QHT-nin bar\u0259sind\u0259, \u00f6z\u00fc d\u0259 m\u0259cburiyy\u0259t qar\u015f\u0131s\u0131nda, cinay\u0259t i\u015fin\u0259 xitam verilm\u0259si n\u0259 xo\u015f niyy\u0259td\u0259n x\u0259b\u0259r verir, n\u0259 d\u0259 h\u00f6kum\u0259tin mahiyy\u0259tinin d\u0259yi\u015fm\u0259sind\u0259n. Bu c\u00fcr \u015feyl\u0259r \u201cislahat\u201d, \u201cdialoq\u201d na\u011f\u0131llar\u0131 \u00fc\u00e7\u00fcn ona g\u0259r\u0259kdir ki, beyn\u0259lxalq qurumlarla korlanm\u0131\u015f m\u00fcnasib\u0259tl\u0259rini b\u0259rpa ed\u0259 bilsin, \u00f6lk\u0259d\u0259 insan h\u00fcquqlar\u0131n\u0131n kobud pozuntular\u0131na g\u00f6z yummaqda davam etsinl\u0259r, onlardan pul qopara bilsin\u201d, &#8211;<\/em> dey\u0259 \u018fliyev \u0259lav\u0259 edib.<\/p>\n\n\n<div class=\"wp-block-image\">\n<figure class=\"aligncenter size-full\"><img decoding=\"async\" width=\"1023\" height=\"575\" data-src=\"https:\/\/www.meydan.tv\/wp-content\/uploads\/40686.jpg\" alt=\"\u0130ntiqam \u018fliyev\" class=\"wp-image-102627 lazyload\" src=\"data:image\/svg+xml;base64,PHN2ZyB3aWR0aD0iMSIgaGVpZ2h0PSIxIiB4bWxucz0iaHR0cDovL3d3dy53My5vcmcvMjAwMC9zdmciPjwvc3ZnPg==\" style=\"--smush-placeholder-width: 1023px; --smush-placeholder-aspect-ratio: 1023\/575;\" \/><figcaption class=\"wp-element-caption\">Foto: arxiv<\/figcaption><\/figure>\n<\/div>\n\n\n<p>H\u00fcquq m\u00fcdafi\u0259\u00e7isi bildirib ki, B\u0259xtiyar Hac\u0131yevin yax\u0131nlar\u0131n\u0131n, dostlar\u0131n\u0131n evind\u0259 evind\u0259 apar\u0131lan axtar\u0131\u015flar h\u00f6kum\u0259tin xisl\u0259tinin d\u0259yi\u015fm\u0259diyini g\u00f6st\u0259rib:<\/p>\n\n\n\n<p><em>\u201cH\u00f6kum\u0259t v\u0259t\u0259nda\u015f c\u0259miyy\u0259tini \u00f6z\u00fc \u00fc\u00e7\u00fcn t\u0259hl\u00fck\u0259 say\u0131r v\u0259 ist\u0259nil\u0259n vaxt 2014-c\u00fc ilin yenid\u0259n qay\u0131tma ehtimal\u0131 qal\u0131r. Qanunsuz sahibkarl\u0131q, vergid\u0259n yay\u0131nma, d\u0259l\u0259duzluq, v\u0259zif\u0259-s\u0259lahiyy\u0259tl\u0259rind\u0259n istifad\u0259 kimi ittihamlar \u201cxidm\u0259t\u201d m\u00fcqavil\u0259l\u0259ri \u0259sas\u0131nda s\u0259firlikl\u0259rd\u0259n maliyy\u0259 d\u0259st\u0259yi al\u0131b f\u0259aliyy\u0259t g\u00f6st\u0259r\u0259n t\u0259\u015fkilatlar\u0131n h\u0259r birinin \u00fcst\u00fcn\u00fc ala bil\u0259r. Onlar\u0131n \u00e7oxu g\u0259ncl\u0259r t\u0259r\u0259find\u0259n yarad\u0131l\u0131b, m\u00fcxt\u0259lif sah\u0259l\u0259rd\u0259 (ekologiya, \u0259m\u0259k h\u00fcquqlar\u0131, qad\u0131n haqlar\u0131, h\u00fcquq yard\u0131m\u0131, maarif\u00e7ilik v\u0259 s.) f\u0259aliyy\u0259t g\u00f6st\u0259rirl\u0259r. \u018fsas\u0259n yeni, t\u0259nqidi fikirli, kreativ g\u0259ncl\u0259rin c\u0259lb edildiyi bu qurumlar \u00e7ox faydal\u0131 i\u015fl\u0259r g\u00f6r\u00fcrl\u0259r, sektorda canlanma yarad\u0131blar, yeni n\u0259f\u0259s g\u0259tiribl\u0259r. Bu t\u0259\u015fkilatlar\u0131n \u00e7oxunun d\u00f6vl\u0259t qeydiyyat\u0131 yoxdur, \u00e7\u00fcnki \u00f6lk\u0259d\u0259 QHT-l\u0259rin qeydiyyat\u0131 problem olaraq qal\u0131r. Amma Az\u0259rbaycan qanunveciliyi ictimai qurumlara qeydiyyats\u0131z f\u0259aliyy\u0259ti d\u0259 qada\u011fan etmir. Onlar Az\u0259rbaycanda f\u0259aliyy\u0259t g\u00f6st\u0259r\u0259n beyn\u0259lxalq qurumlar, s\u0259firlikl\u0259rl\u0259 ba\u011flad\u0131qlar\u0131 xidm\u0259t m\u00fcqavil\u0259l\u0259ri \u0259sas\u0131nda bu f\u0259alliyy\u0259ti g\u00f6st\u0259rirl\u0259r&#8221;.<\/em><\/p>\n\n\n\n<p><em>&#8220;Qanunvericilik bu c\u00fcr f\u0259aliyy\u0259tl\u0259ri qada\u011fan etm\u0259yib. \u00c7oxu vergi orqanlar\u0131nda qeydiyyata al\u0131n\u0131b, vergil\u0259ri vaxtl\u0131-vaxt\u0131nda \u00f6d\u0259yirl\u0259r. H\u0259l\u0259 ki el\u0259 ciddi probleml\u0259ri d\u0259 yaranmay\u0131b. Kims\u0259 onlara bu c\u00fcr f\u0259aliyy\u0259tin qanunsuzlu\u011funu irad tutmur, h\u0259d\u0259l\u0259mir. G\u00f6r\u00fcn\u0259n odur ki, h\u00f6kum\u0259tl\u0259 bu bar\u0259d\u0259 raz\u0131l\u0131q \u0259ld\u0259 edilib. Amma hakimiyy\u0259timizin mahiyy\u0259tin\u0259 az-\u00e7ox b\u0259l\u0259d olanlar bilirl\u0259r ki, h\u00f6kum\u0259tin t\u0259nqid\u00e7isi olub da, bu c\u00fcr f\u0259aliyy\u0259tl\u0259rl\u0259 m\u0259\u015f\u011ful olan h\u0259r k\u0259s potensial qurband\u0131r\u201d, <\/em>&#8211; dey\u0259 \u0130ntiqam \u018fliyev qeyd edib.<\/p>\n","protected":false},"excerpt":{"rendered":"<p>\u0130ntiqam \u018fliyev deyir ki, bu c\u00fcr \u015feyl\u0259r \u201cislahat\u201d, \u201cdialoq\u201d na\u011f\u0131llar\u0131 &#8230; <\/p>\n<p class=\"read-more-container\"><a title=\"&#8220;B\u0259zi QHT-l\u0259rin cinay\u0259t i\u015fin\u0259 xitam veril\u0259 bil\u0259r, amma hakimiyy\u0259tin xisl\u0259ti d\u0259yi\u015fm\u0259yib&#8221;\" class=\"read-more button\" href=\"https:\/\/www.meydan.tv\/az\/article\/bezi-qht-lerin-cinayet-isine-xitam-verile-biler-amma-hakimiyyetin-xisleti-deyismeyib\/#more-277180\" aria-label=\"Read more about &#8220;B\u0259zi QHT-l\u0259rin cinay\u0259t i\u015fin\u0259 xitam veril\u0259 bil\u0259r, amma hakimiyy\u0259tin xisl\u0259ti d\u0259yi\u015fm\u0259yib&#8221;\">Davam\u0131<\/a><\/p>\n","protected":false},"author":8,"featured_media":277181,"comment_status":"closed","ping_status":"closed","sticky":false,"template":"","format":"standard","meta":{"_acf_changed":false,"_sitemap_exclude":false,"_sitemap_priority":"","_sitemap_frequency":"","footnotes":""},"categories":[59,79,56],"tags":[],"class_list":["post-277180","post","type-post","status-publish","format-standard","has-post-thumbnail","hentry","category-siyaset","category-featured","category-xeberler","infinite-scroll-item","generate-columns","tablet-grid-50","mobile-grid-100","grid-parent","grid-33","no-featured-image-padding"],"acf":[],"yoast_head":"<!-- This site is optimized with the Yoast SEO plugin v27.4 - https:\/\/yoast.com\/product\/yoast-seo-wordpress\/ -->\n<title>&quot;B\u0259zi QHT-l\u0259rin cinay\u0259t i\u015fin\u0259 xitam veril\u0259 bil\u0259r, amma hakimiyy\u0259tin xisl\u0259ti d\u0259yi\u015fm\u0259yib&quot; - MEYDAN.TV<\/title>\n<meta name=\"robots\" content=\"index, follow, max-snippet:-1, max-image-preview:large, max-video-preview:-1\" \/>\n<link rel=\"canonical\" href=\"https:\/\/www.meydan.tv\/az\/article\/bezi-qht-lerin-cinayet-isine-xitam-verile-biler-amma-hakimiyyetin-xisleti-deyismeyib\/\" \/>\n<meta property=\"og:locale\" content=\"az_AZ\" \/>\n<meta property=\"og:type\" content=\"article\" \/>\n<meta property=\"og:title\" content=\"&quot;B\u0259zi QHT-l\u0259rin cinay\u0259t i\u015fin\u0259 xitam veril\u0259 bil\u0259r, amma hakimiyy\u0259tin xisl\u0259ti d\u0259yi\u015fm\u0259yib&quot; - MEYDAN.TV\" \/>\n<meta property=\"og:description\" content=\"\u0130ntiqam \u018fliyev deyir ki, bu c\u00fcr \u015feyl\u0259r \u201cislahat\u201d, \u201cdialoq\u201d na\u011f\u0131llar\u0131 ... Davam\u0131\" \/>\n<meta property=\"og:url\" content=\"https:\/\/www.meydan.tv\/az\/article\/bezi-qht-lerin-cinayet-isine-xitam-verile-biler-amma-hakimiyyetin-xisleti-deyismeyib\/\" \/>\n<meta property=\"og:site_name\" content=\"MEYDAN.TV\" \/>\n<meta property=\"article:published_time\" content=\"2023-06-09T12:17:32+00:00\" \/>\n<meta property=\"article:modified_time\" content=\"2023-06-09T12:17:44+00:00\" \/>\n<meta property=\"og:image\" content=\"https:\/\/www.meydan.tv\/wp-content\/uploads\/shutterstock_1740838394.jpg\" \/>\n\t<meta property=\"og:image:width\" content=\"1200\" \/>\n\t<meta property=\"og:image:height\" content=\"666\" \/>\n\t<meta property=\"og:image:type\" content=\"image\/jpeg\" \/>\n<meta name=\"author\" content=\"elli\" \/>\n<meta name=\"twitter:card\" content=\"summary_large_image\" \/>\n<meta name=\"twitter:creator\" content=\"@elli\" \/>\n<script type=\"application\/ld+json\" class=\"yoast-schema-graph\">{\"@context\":\"https:\\\/\\\/schema.org\",\"@graph\":[{\"@type\":\"Article\",\"@id\":\"https:\\\/\\\/www.meydan.tv\\\/az\\\/article\\\/bezi-qht-lerin-cinayet-isine-xitam-verile-biler-amma-hakimiyyetin-xisleti-deyismeyib\\\/#article\",\"isPartOf\":{\"@id\":\"https:\\\/\\\/www.meydan.tv\\\/az\\\/article\\\/bezi-qht-lerin-cinayet-isine-xitam-verile-biler-amma-hakimiyyetin-xisleti-deyismeyib\\\/\"},\"author\":{\"name\":\"elli\",\"@id\":\"https:\\\/\\\/www.meydan.tv\\\/az\\\/#\\\/schema\\\/person\\\/9cdbecf90d17180ce1dfbd95b08dcf47\"},\"headline\":\"&#8220;B\u0259zi QHT-l\u0259rin cinay\u0259t i\u015fin\u0259 xitam veril\u0259 bil\u0259r, amma hakimiyy\u0259tin xisl\u0259ti d\u0259yi\u015fm\u0259yib&#8221;\",\"datePublished\":\"2023-06-09T12:17:32+00:00\",\"dateModified\":\"2023-06-09T12:17:44+00:00\",\"mainEntityOfPage\":{\"@id\":\"https:\\\/\\\/www.meydan.tv\\\/az\\\/article\\\/bezi-qht-lerin-cinayet-isine-xitam-verile-biler-amma-hakimiyyetin-xisleti-deyismeyib\\\/\"},\"wordCount\":1160,\"publisher\":{\"@id\":\"https:\\\/\\\/www.meydan.tv\\\/az\\\/#organization\"},\"image\":{\"@id\":\"https:\\\/\\\/www.meydan.tv\\\/az\\\/article\\\/bezi-qht-lerin-cinayet-isine-xitam-verile-biler-amma-hakimiyyetin-xisleti-deyismeyib\\\/#primaryimage\"},\"thumbnailUrl\":\"https:\\\/\\\/www.meydan.tv\\\/wp-content\\\/uploads\\\/shutterstock_1740838394.jpg\",\"articleSection\":[\"Siyas\u0259t\",\"T\u00f6vsiy\u0259\",\"X\u0259b\u0259rl\u0259r\"],\"inLanguage\":\"az\"},{\"@type\":\"WebPage\",\"@id\":\"https:\\\/\\\/www.meydan.tv\\\/az\\\/article\\\/bezi-qht-lerin-cinayet-isine-xitam-verile-biler-amma-hakimiyyetin-xisleti-deyismeyib\\\/\",\"url\":\"https:\\\/\\\/www.meydan.tv\\\/az\\\/article\\\/bezi-qht-lerin-cinayet-isine-xitam-verile-biler-amma-hakimiyyetin-xisleti-deyismeyib\\\/\",\"name\":\"\\\"B\u0259zi QHT-l\u0259rin cinay\u0259t i\u015fin\u0259 xitam veril\u0259 bil\u0259r, amma hakimiyy\u0259tin xisl\u0259ti d\u0259yi\u015fm\u0259yib\\\" - MEYDAN.TV\",\"isPartOf\":{\"@id\":\"https:\\\/\\\/www.meydan.tv\\\/az\\\/#website\"},\"primaryImageOfPage\":{\"@id\":\"https:\\\/\\\/www.meydan.tv\\\/az\\\/article\\\/bezi-qht-lerin-cinayet-isine-xitam-verile-biler-amma-hakimiyyetin-xisleti-deyismeyib\\\/#primaryimage\"},\"image\":{\"@id\":\"https:\\\/\\\/www.meydan.tv\\\/az\\\/article\\\/bezi-qht-lerin-cinayet-isine-xitam-verile-biler-amma-hakimiyyetin-xisleti-deyismeyib\\\/#primaryimage\"},\"thumbnailUrl\":\"https:\\\/\\\/www.meydan.tv\\\/wp-content\\\/uploads\\\/shutterstock_1740838394.jpg\",\"datePublished\":\"2023-06-09T12:17:32+00:00\",\"dateModified\":\"2023-06-09T12:17:44+00:00\",\"breadcrumb\":{\"@id\":\"https:\\\/\\\/www.meydan.tv\\\/az\\\/article\\\/bezi-qht-lerin-cinayet-isine-xitam-verile-biler-amma-hakimiyyetin-xisleti-deyismeyib\\\/#breadcrumb\"},\"inLanguage\":\"az\",\"potentialAction\":[{\"@type\":\"ReadAction\",\"target\":[\"https:\\\/\\\/www.meydan.tv\\\/az\\\/article\\\/bezi-qht-lerin-cinayet-isine-xitam-verile-biler-amma-hakimiyyetin-xisleti-deyismeyib\\\/\"]}]},{\"@type\":\"ImageObject\",\"inLanguage\":\"az\",\"@id\":\"https:\\\/\\\/www.meydan.tv\\\/az\\\/article\\\/bezi-qht-lerin-cinayet-isine-xitam-verile-biler-amma-hakimiyyetin-xisleti-deyismeyib\\\/#primaryimage\",\"url\":\"https:\\\/\\\/www.meydan.tv\\\/wp-content\\\/uploads\\\/shutterstock_1740838394.jpg\",\"contentUrl\":\"https:\\\/\\\/www.meydan.tv\\\/wp-content\\\/uploads\\\/shutterstock_1740838394.jpg\",\"width\":1200,\"height\":666,\"caption\":\"Qanun, Konstitusiya v\u0259 m\u0259hk\u0259m\u0259. Foto: AlexLMX\\\/shutterstock\"},{\"@type\":\"BreadcrumbList\",\"@id\":\"https:\\\/\\\/www.meydan.tv\\\/az\\\/article\\\/bezi-qht-lerin-cinayet-isine-xitam-verile-biler-amma-hakimiyyetin-xisleti-deyismeyib\\\/#breadcrumb\",\"itemListElement\":[{\"@type\":\"ListItem\",\"position\":1,\"name\":\"Ana s\u0259hif\u0259\",\"item\":\"https:\\\/\\\/www.meydan.tv\\\/az\\\/\"},{\"@type\":\"ListItem\",\"position\":2,\"name\":\"Siyas\u0259t\",\"item\":\"https:\\\/\\\/www.meydan.tv\\\/az\\\/section\\\/siyaset\\\/\"},{\"@type\":\"ListItem\",\"position\":3,\"name\":\"&#8220;B\u0259zi QHT-l\u0259rin cinay\u0259t i\u015fin\u0259 xitam veril\u0259 bil\u0259r, amma hakimiyy\u0259tin xisl\u0259ti d\u0259yi\u015fm\u0259yib&#8221;\"}]},{\"@type\":\"WebSite\",\"@id\":\"https:\\\/\\\/www.meydan.tv\\\/az\\\/#website\",\"url\":\"https:\\\/\\\/www.meydan.tv\\\/az\\\/\",\"name\":\"MEYDAN.TV\",\"description\":\"Meydan TV Az\u0259rbaycan\u0131n media m\u0259kan\u0131ndak\u0131 alternativ s\u0259sidir\",\"publisher\":{\"@id\":\"https:\\\/\\\/www.meydan.tv\\\/az\\\/#organization\"},\"potentialAction\":[{\"@type\":\"SearchAction\",\"target\":{\"@type\":\"EntryPoint\",\"urlTemplate\":\"https:\\\/\\\/www.meydan.tv\\\/az\\\/?s={search_term_string}\"},\"query-input\":{\"@type\":\"PropertyValueSpecification\",\"valueRequired\":true,\"valueName\":\"search_term_string\"}}],\"inLanguage\":\"az\"},{\"@type\":\"Organization\",\"@id\":\"https:\\\/\\\/www.meydan.tv\\\/az\\\/#organization\",\"name\":\"Meydan TV\",\"url\":\"https:\\\/\\\/www.meydan.tv\\\/az\\\/\",\"logo\":{\"@type\":\"ImageObject\",\"inLanguage\":\"az\",\"@id\":\"https:\\\/\\\/www.meydan.tv\\\/az\\\/#\\\/schema\\\/logo\\\/image\\\/\",\"url\":\"https:\\\/\\\/www.meydan.tv\\\/wp-content\\\/uploads\\\/2021\\\/07\\\/meydan-logo.svg\",\"contentUrl\":\"https:\\\/\\\/www.meydan.tv\\\/wp-content\\\/uploads\\\/2021\\\/07\\\/meydan-logo.svg\",\"width\":195,\"height\":46,\"caption\":\"Meydan TV\"},\"image\":{\"@id\":\"https:\\\/\\\/www.meydan.tv\\\/az\\\/#\\\/schema\\\/logo\\\/image\\\/\"}},{\"@type\":\"Person\",\"@id\":\"https:\\\/\\\/www.meydan.tv\\\/az\\\/#\\\/schema\\\/person\\\/9cdbecf90d17180ce1dfbd95b08dcf47\",\"name\":\"elli\",\"sameAs\":[\"https:\\\/\\\/x.com\\\/elli\"]}]}<\/script>\n<!-- \/ Yoast SEO plugin. -->","yoast_head_json":{"title":"\"B\u0259zi QHT-l\u0259rin cinay\u0259t i\u015fin\u0259 xitam veril\u0259 bil\u0259r, amma hakimiyy\u0259tin xisl\u0259ti d\u0259yi\u015fm\u0259yib\" - MEYDAN.TV","robots":{"index":"index","follow":"follow","max-snippet":"max-snippet:-1","max-image-preview":"max-image-preview:large","max-video-preview":"max-video-preview:-1"},"canonical":"https:\/\/www.meydan.tv\/az\/article\/bezi-qht-lerin-cinayet-isine-xitam-verile-biler-amma-hakimiyyetin-xisleti-deyismeyib\/","og_locale":"az_AZ","og_type":"article","og_title":"\"B\u0259zi QHT-l\u0259rin cinay\u0259t i\u015fin\u0259 xitam veril\u0259 bil\u0259r, amma hakimiyy\u0259tin xisl\u0259ti d\u0259yi\u015fm\u0259yib\" - MEYDAN.TV","og_description":"\u0130ntiqam \u018fliyev deyir ki, bu c\u00fcr \u015feyl\u0259r \u201cislahat\u201d, \u201cdialoq\u201d na\u011f\u0131llar\u0131 ... Davam\u0131","og_url":"https:\/\/www.meydan.tv\/az\/article\/bezi-qht-lerin-cinayet-isine-xitam-verile-biler-amma-hakimiyyetin-xisleti-deyismeyib\/","og_site_name":"MEYDAN.TV","article_published_time":"2023-06-09T12:17:32+00:00","article_modified_time":"2023-06-09T12:17:44+00:00","og_image":[{"width":1200,"height":666,"url":"https:\/\/www.meydan.tv\/wp-content\/uploads\/shutterstock_1740838394.jpg","type":"image\/jpeg"}],"author":"elli","twitter_card":"summary_large_image","twitter_creator":"@elli","schema":{"@context":"https:\/\/schema.org","@graph":[{"@type":"Article","@id":"https:\/\/www.meydan.tv\/az\/article\/bezi-qht-lerin-cinayet-isine-xitam-verile-biler-amma-hakimiyyetin-xisleti-deyismeyib\/#article","isPartOf":{"@id":"https:\/\/www.meydan.tv\/az\/article\/bezi-qht-lerin-cinayet-isine-xitam-verile-biler-amma-hakimiyyetin-xisleti-deyismeyib\/"},"author":{"name":"elli","@id":"https:\/\/www.meydan.tv\/az\/#\/schema\/person\/9cdbecf90d17180ce1dfbd95b08dcf47"},"headline":"&#8220;B\u0259zi QHT-l\u0259rin cinay\u0259t i\u015fin\u0259 xitam veril\u0259 bil\u0259r, amma hakimiyy\u0259tin xisl\u0259ti d\u0259yi\u015fm\u0259yib&#8221;","datePublished":"2023-06-09T12:17:32+00:00","dateModified":"2023-06-09T12:17:44+00:00","mainEntityOfPage":{"@id":"https:\/\/www.meydan.tv\/az\/article\/bezi-qht-lerin-cinayet-isine-xitam-verile-biler-amma-hakimiyyetin-xisleti-deyismeyib\/"},"wordCount":1160,"publisher":{"@id":"https:\/\/www.meydan.tv\/az\/#organization"},"image":{"@id":"https:\/\/www.meydan.tv\/az\/article\/bezi-qht-lerin-cinayet-isine-xitam-verile-biler-amma-hakimiyyetin-xisleti-deyismeyib\/#primaryimage"},"thumbnailUrl":"https:\/\/www.meydan.tv\/wp-content\/uploads\/shutterstock_1740838394.jpg","articleSection":["Siyas\u0259t","T\u00f6vsiy\u0259","X\u0259b\u0259rl\u0259r"],"inLanguage":"az"},{"@type":"WebPage","@id":"https:\/\/www.meydan.tv\/az\/article\/bezi-qht-lerin-cinayet-isine-xitam-verile-biler-amma-hakimiyyetin-xisleti-deyismeyib\/","url":"https:\/\/www.meydan.tv\/az\/article\/bezi-qht-lerin-cinayet-isine-xitam-verile-biler-amma-hakimiyyetin-xisleti-deyismeyib\/","name":"\"B\u0259zi QHT-l\u0259rin cinay\u0259t i\u015fin\u0259 xitam veril\u0259 bil\u0259r, amma hakimiyy\u0259tin xisl\u0259ti d\u0259yi\u015fm\u0259yib\" - MEYDAN.TV","isPartOf":{"@id":"https:\/\/www.meydan.tv\/az\/#website"},"primaryImageOfPage":{"@id":"https:\/\/www.meydan.tv\/az\/article\/bezi-qht-lerin-cinayet-isine-xitam-verile-biler-amma-hakimiyyetin-xisleti-deyismeyib\/#primaryimage"},"image":{"@id":"https:\/\/www.meydan.tv\/az\/article\/bezi-qht-lerin-cinayet-isine-xitam-verile-biler-amma-hakimiyyetin-xisleti-deyismeyib\/#primaryimage"},"thumbnailUrl":"https:\/\/www.meydan.tv\/wp-content\/uploads\/shutterstock_1740838394.jpg","datePublished":"2023-06-09T12:17:32+00:00","dateModified":"2023-06-09T12:17:44+00:00","breadcrumb":{"@id":"https:\/\/www.meydan.tv\/az\/article\/bezi-qht-lerin-cinayet-isine-xitam-verile-biler-amma-hakimiyyetin-xisleti-deyismeyib\/#breadcrumb"},"inLanguage":"az","potentialAction":[{"@type":"ReadAction","target":["https:\/\/www.meydan.tv\/az\/article\/bezi-qht-lerin-cinayet-isine-xitam-verile-biler-amma-hakimiyyetin-xisleti-deyismeyib\/"]}]},{"@type":"ImageObject","inLanguage":"az","@id":"https:\/\/www.meydan.tv\/az\/article\/bezi-qht-lerin-cinayet-isine-xitam-verile-biler-amma-hakimiyyetin-xisleti-deyismeyib\/#primaryimage","url":"https:\/\/www.meydan.tv\/wp-content\/uploads\/shutterstock_1740838394.jpg","contentUrl":"https:\/\/www.meydan.tv\/wp-content\/uploads\/shutterstock_1740838394.jpg","width":1200,"height":666,"caption":"Qanun, Konstitusiya v\u0259 m\u0259hk\u0259m\u0259. Foto: AlexLMX\/shutterstock"},{"@type":"BreadcrumbList","@id":"https:\/\/www.meydan.tv\/az\/article\/bezi-qht-lerin-cinayet-isine-xitam-verile-biler-amma-hakimiyyetin-xisleti-deyismeyib\/#breadcrumb","itemListElement":[{"@type":"ListItem","position":1,"name":"Ana s\u0259hif\u0259","item":"https:\/\/www.meydan.tv\/az\/"},{"@type":"ListItem","position":2,"name":"Siyas\u0259t","item":"https:\/\/www.meydan.tv\/az\/section\/siyaset\/"},{"@type":"ListItem","position":3,"name":"&#8220;B\u0259zi QHT-l\u0259rin cinay\u0259t i\u015fin\u0259 xitam veril\u0259 bil\u0259r, amma hakimiyy\u0259tin xisl\u0259ti d\u0259yi\u015fm\u0259yib&#8221;"}]},{"@type":"WebSite","@id":"https:\/\/www.meydan.tv\/az\/#website","url":"https:\/\/www.meydan.tv\/az\/","name":"MEYDAN.TV","description":"Meydan TV Az\u0259rbaycan\u0131n media m\u0259kan\u0131ndak\u0131 alternativ s\u0259sidir","publisher":{"@id":"https:\/\/www.meydan.tv\/az\/#organization"},"potentialAction":[{"@type":"SearchAction","target":{"@type":"EntryPoint","urlTemplate":"https:\/\/www.meydan.tv\/az\/?s={search_term_string}"},"query-input":{"@type":"PropertyValueSpecification","valueRequired":true,"valueName":"search_term_string"}}],"inLanguage":"az"},{"@type":"Organization","@id":"https:\/\/www.meydan.tv\/az\/#organization","name":"Meydan TV","url":"https:\/\/www.meydan.tv\/az\/","logo":{"@type":"ImageObject","inLanguage":"az","@id":"https:\/\/www.meydan.tv\/az\/#\/schema\/logo\/image\/","url":"https:\/\/www.meydan.tv\/wp-content\/uploads\/2021\/07\/meydan-logo.svg","contentUrl":"https:\/\/www.meydan.tv\/wp-content\/uploads\/2021\/07\/meydan-logo.svg","width":195,"height":46,"caption":"Meydan TV"},"image":{"@id":"https:\/\/www.meydan.tv\/az\/#\/schema\/logo\/image\/"}},{"@type":"Person","@id":"https:\/\/www.meydan.tv\/az\/#\/schema\/person\/9cdbecf90d17180ce1dfbd95b08dcf47","name":"elli","sameAs":["https:\/\/x.com\/elli"]}]}},"_links":{"self":[{"href":"https:\/\/www.meydan.tv\/az\/wp-json\/wp\/v2\/posts\/277180","targetHints":{"allow":["GET"]}}],"collection":[{"href":"https:\/\/www.meydan.tv\/az\/wp-json\/wp\/v2\/posts"}],"about":[{"href":"https:\/\/www.meydan.tv\/az\/wp-json\/wp\/v2\/types\/post"}],"author":[{"embeddable":true,"href":"https:\/\/www.meydan.tv\/az\/wp-json\/wp\/v2\/users\/8"}],"replies":[{"embeddable":true,"href":"https:\/\/www.meydan.tv\/az\/wp-json\/wp\/v2\/comments?post=277180"}],"version-history":[{"count":1,"href":"https:\/\/www.meydan.tv\/az\/wp-json\/wp\/v2\/posts\/277180\/revisions"}],"predecessor-version":[{"id":277184,"href":"https:\/\/www.meydan.tv\/az\/wp-json\/wp\/v2\/posts\/277180\/revisions\/277184"}],"wp:featuredmedia":[{"embeddable":true,"href":"https:\/\/www.meydan.tv\/az\/wp-json\/wp\/v2\/media\/277181"}],"wp:attachment":[{"href":"https:\/\/www.meydan.tv\/az\/wp-json\/wp\/v2\/media?parent=277180"}],"wp:term":[{"taxonomy":"category","embeddable":true,"href":"https:\/\/www.meydan.tv\/az\/wp-json\/wp\/v2\/categories?post=277180"},{"taxonomy":"post_tag","embeddable":true,"href":"https:\/\/www.meydan.tv\/az\/wp-json\/wp\/v2\/tags?post=277180"}],"curies":[{"name":"wp","href":"https:\/\/api.w.org\/{rel}","templated":true}]}}