{"id":277168,"date":"2023-06-09T14:35:51","date_gmt":"2023-06-09T10:35:51","guid":{"rendered":"https:\/\/www.meydan.tv\/?p=277168"},"modified":"2023-06-09T14:35:53","modified_gmt":"2023-06-09T10:35:53","slug":"putin-elcibeye-cevrilir","status":"publish","type":"post","link":"https:\/\/www.meydan.tv\/az\/article\/putin-elcibeye-cevrilir\/","title":{"rendered":"Putin El\u00e7ib\u0259y\u0259 \u00e7evrilir"},"content":{"rendered":"\n<p><\/p>\n\n\n\n<p><strong>Z\u0259rd\u00fc\u015ft \u018flizad\u0259<\/strong><\/p>\n\n\n\n<p><em><strong>H\u0259r ikisi ger\u00e7\u0259k v\u0259ziyy\u0259ti d\u00fczg\u00fcn qiym\u0259tl\u0259ndir\u0259 bilm\u0259yib s\u0259hv q\u0259rarlar\u0131 il\u0259 d\u00f6vl\u0259ti d\u0259rin b\u00f6hrana s\u00fcr\u00fckl\u0259yib<\/strong><\/em><br><br>Rusiya daxilind\u0259 c\u0259r\u0259yan ed\u0259n hadis\u0259I\u0259r m\u0259n\u0259 AXC hakimiyy\u0259tinin s\u00fcqutu \u0259r\u0259f\u0259sind\u0259 b\u00f6hran ya\u015fayan Az\u0259rbaycandak\u0131 hadis\u0259l\u0259ri, Rusiya Prezidenti Putinin bu hadis\u0259l\u0259r\u0259 m\u00fcnasib\u0259ti is\u0259 Az\u0259rbaycan\u0131n eks-prezidenti El\u00e7ib\u0259yin m\u00fcnasib\u0259tini xat\u0131rlad\u0131r.<\/p>\n\n\n\n<p>Rusiyan\u0131n indi qanun v\u0259 d\u00f6vl\u0259t il\u0259 hesabla\u015fmayan \u00f6z meqalotu &#8211; \u0130sg\u0259nd\u0259r H\u0259midovu var. Onun ad\u0131 Yevgeniy Priqojindir.<\/p>\n\n\n\n<p>Unutmu\u015flar\u0131n yad\u0131na sal\u0131ram: bir g\u00f6z q\u0131rp\u0131m\u0131nda q\u0259fl\u0259t\u0259n daxili i\u015fl\u0259r nazirin\u0259 \u00e7evrilmi\u015f sabiq Sosialist \u018fmlak\u0131n\u0131 Da\u011f\u0131danlara qar\u015f\u0131 M\u00fcbariz\u0259 \u0130dar\u0259sinin mayoru \u0130sg\u0259nd\u0259r H\u0259midov d\u00f6vl\u0259td\u0259 he\u00e7 kimd\u0259n icaz\u0259 ist\u0259m\u0259d\u0259n respublikan\u0131n c\u0259nub b\u00f6lg\u0259sind\u0259 pullu adamlar\u0131 soymaq m\u0259qs\u0259dil\u0259 \u201cSubtropik\u201d \u0259m\u0259liyyat\u0131 ke\u00e7irirdi, onun reketin\u0259 m\u00fcqavim\u0259t g\u00f6st\u0259r\u0259n brakonyer bal\u0131q\u00e7\u0131n\u0131n evini qumbaraatanla at\u0259\u015f\u0259 tutub evd\u0259ki d\u00f6rd adam\u0131 m\u0259hv edirdi v\u0259 bu cinay\u0259t\u0259 g\u00f6r\u0259 c\u0259zas\u0131z qal\u0131rd\u0131, jurnalistl\u0259ri d\u00f6y\u0259nd\u0259n sonra r\u00fctb\u0259si art\u0131r\u0131l\u0131rd\u0131, rayon polis idar\u0259sinin r\u0259isi rayon prokuroruna h\u0259ml\u0259 g\u0259l\u0259nd\u0259 onu m\u0259tbuatda igidliyin\u0259 g\u00f6r\u0259 t\u0259rifl\u0259yirdi, Az\u0259rbaycan Respublikas\u0131n\u0131n muxtar subyekti Nax\u00e7\u0131van\u0131n \u0259n ali m\u0259qaml\u0131 \u015f\u0259xsini \u201ccibin\u0259 qoymaq\u201dla h\u0259d\u0259l\u0259yirdi v\u0259 \u00f6lk\u0259d\u0259 he\u00e7\u00a0 kimin a\u011fl\u0131na b\u00fct\u00fcn h\u0259dl\u0259ri a\u015fan bu lotunu intizama d\u0259v\u0259t etm\u0259yin m\u00fcmk\u00fcnl\u00fcy\u00fc v\u0259 z\u0259rur\u0259ti g\u0259lmirdi.<\/p>\n\n\n\n<p>\u0130sg\u0259nd\u0259r H\u0259midovun s\u00fcqutu yaln\u0131z T\u00fcrkiy\u0259 Prezidenti Turqut \u00d6zalla Bak\u0131 hava liman\u0131nda sa\u011folla\u015fma m\u0259rasimi zaman\u0131 T\u00fcrkiy\u0259 prezidentinin b\u0259d\u0259n qurulu\u015fu bar\u0259d\u0259 dediyi \u0259d\u0259bsiz s\u00f6zl\u0259ri Turqut b\u0259yin e\u015fitm\u0259si v\u0259 t\u0259yyar\u0259nin pill\u0259kan\u0131 \u00f6n\u00fcnd\u0259 prezident El\u00e7ib\u0259y\u0259 \u201cM\u0259n T\u00fcrkiy\u0259y\u0259 \u00e7atana q\u0259d\u0259r \u0130sg\u0259nd\u0259r H\u0259midov nazir v\u0259zif\u0259sind\u0259 qalsa, m\u0259n bundan sonra Az\u0259rbaycana g\u0259lm\u0259y\u0259c\u0259y\u0259m\u201d dem\u0259sind\u0259n sonra ba\u015f verdi. El\u00e7ib\u0259y az\u011f\u0131n nazir \u0130sg\u0259nd\u0259r H\u0259midovu xalq\u0131n t\u0259l\u0259bi il\u0259 deyil, m\u0259rhum \u00d6zal\u0131n ultimatumu il\u0259 i\u015fd\u0259n \u00e7\u0131xard\u0131. Sonradan \u0130sg\u0259nd\u0259r H\u0259midov, istefaya g\u00f6nd\u0259rilm\u0259si \u0259hvalat\u0131n\u0131 xam insanlara xalq\u0131m\u0131z\u0131n sevdiyi hind filml\u0259rinin m\u0259ntiqi il\u0259 \u201cprezidentin be\u015finci m\u0259rt\u0259b\u0259d\u0259ki kabinetinin p\u0259nc\u0259r\u0259sin\u0259 d\u0131rma\u015f\u0131b El\u00e7ib\u0259y\u0259 dedim ki, \u201cistefam\u0131 q\u0259bul etm\u0259s\u0259n, \u00f6z\u00fcm\u00fc a\u015fa\u011f\u0131 ataca\u011fam\u201d kimi g\u00fcl\u00fcnc na\u011f\u0131lla izah etm\u0259y\u0259 \u00e7al\u0131\u015fd\u0131.<\/p>\n\n\n\n<p>\u018fslind\u0259 is\u0259 \u0130sg\u0259nd\u0259r H\u0259midovun h\u0259dsiz \u00e7\u0131l\u011f\u0131nl\u0131\u011f\u0131 El\u00e7ib\u0259y\u0259 \u00f6z hakimiyy\u0259tini qoruma\u011fa, prezidentin s\u0259viyy\u0259siz v\u0259 u\u011fursuz siyas\u0259tin\u0259 etiraz etm\u0259k ist\u0259y\u0259nl\u0259rin q\u0259tiyy\u0259tini q\u0131rma\u011fa xidm\u0259t etdiyind\u0259n \u00e7ox s\u0259rf\u0259li idi.<br>Yen\u0259 unutmu\u015flar\u0131n yad\u0131na sal\u0131m ki, Az\u0259rbaycan El\u00e7ib\u0259yin prezidentliyi zaman\u0131 d\u0259rin iqtisadi t\u0259n\u0259zz\u00fcl d\u00f6vr\u00fcn\u00fc ya\u015fay\u0131rd\u0131, d\u00f6vl\u0259tin idar\u0259 sistemi pozulub d\u0259r\u0259b\u0259ylik h\u0259ddin\u0259 \u00e7atm\u0131\u015fd\u0131, Az\u0259rbaycandan d\u0259f\u0259l\u0259rl\u0259 z\u0259if v\u0259 ki\u00e7ik Erm\u0259nistan torpaqlar\u0131m\u0131z\u0131 durmadan i\u015f\u011fal edirdi, \u00f6lk\u0259nin d\u00f6rd b\u00f6y\u00fck v\u0259 \u0259h\u0259miyy\u0259tli regionu (Qaraba\u011f, Nax\u00e7\u0131van, G\u0259nc\u0259 v\u0259 L\u0259nk\u0259ran) ita\u0259td\u0259n \u00e7\u0131xm\u0131\u015fd\u0131. El\u00e7ib\u0259y komandas\u0131n\u0131n xarici siyas\u0259tinin m\u0259ntiqi n\u0259tic\u0259si olaraq AXC hakimiyy\u0259tinin devrilm\u0259sind\u0259 Rusiya, T\u00fcrkiy\u0259 v\u0259 \u0130ran \u0259lbir olaraq Heyd\u0259r \u018fliyevin r\u0259hb\u0259rliy\u0259 g\u0259tirilm\u0259sin\u0259\u00a0 i\u015fl\u0259yirdi, d\u00fcnya d\u00f6vl\u0259tl\u0259ri \u00f6z\u00fcn\u00fc \u0259sass\u0131z olaraq \u201cdemokrat\u201d adland\u0131ran h\u00f6kum\u0259t\u0259 t\u0259sad\u00fcfi insan y\u0131\u011fna\u011f\u0131 kimi bax\u0131rd\u0131.<\/p>\n\n\n\n<p>Eyni qism\u0259ti indi Putin Rusiyas\u0131 ya\u015fay\u0131r. Putinin d\u00f6vr\u00fcnd\u0259 sovetd\u0259n miras qalm\u0131\u015f g\u00fccl\u00fc s\u0259naye v\u0259 elmi potensial tam tarmar edildi, t\u0259hsil v\u0259 s\u0259hiyy\u0259 sisteml\u0259ri u\u00e7uruma a\u015f\u0131r\u0131ld\u0131. Putinin Ukraynaya a\u011flas\u0131\u011fmaz t\u0259cav\u00fcz q\u0259rar\u0131ndan sonra Rusiya b\u00f6y\u00fck z\u0259hm\u0259t hesab\u0131na \u0259ld\u0259 etdiyi b\u00fct\u00fcn g\u0259lirli bazarlar\u0131 itirdi, indi ar\u015f\u0131nmal\u00e7\u0131 kimi d\u00fcnyan\u0131 dola\u015f\u0131b neftini, qaz\u0131n\u0131, da\u015f k\u00f6m\u00fcr\u00fcn\u00fc, me\u015f\u0259sini, g\u00fcbr\u0259sini, tax\u0131l\u0131n\u0131 yar\u0131qiym\u0259t\u0259 satma\u011fa \u00e7al\u0131\u015f\u0131r.<\/p>\n\n\n\n<p>Bel\u0259 \u015f\u0259raitd\u0259 Yevgeniy Priqojinin Rusiya d\u00f6vl\u0259t pill\u0259kan\u0131nda \u0259n y\u00fcks\u0259k m\u0259qam sahibl\u0259rini t\u0259hqir etm\u0259si, h\u0259d\u0259l\u0259m\u0259si, daima K\u0130V-in diqq\u0259t m\u0259rk\u0259zind\u0259 durmas\u0131 prezident Putin\u0259 \u0259l verir. Bu \u0259caib davran\u0131\u015f xam \u0259halinin diqq\u0259tini \u0259sas m\u0259tl\u0259bl\u0259rd\u0259n yay\u0131nd\u0131rma\u011fa imkan yarad\u0131r, d\u00f6vl\u0259t siyas\u0259tinin u\u011fursuzlu\u011funa qar\u015f\u0131 etiraz etm\u0259k ist\u0259y\u0259n insanlar\u0131 fikirl\u0259rind\u0259n da\u015f\u0131nma\u011fa t\u0259hrik edir.<\/p>\n\n\n\n<p>Putinl\u0259 El\u00e7ib\u0259y aras\u0131nda g\u00fccl\u00fc tipoloji ox\u015farl\u0131q var. H\u0259r ikisin\u0259 tutduqlar\u0131 m\u0259qam g\u00f6yd\u0259n z\u0259nbill\u0259 d\u00fc\u015f\u00fcb, daha d\u0259qiq des\u0259k, KQB t\u0259dbiri say\u0259sind\u0259 n\u0259sib olub. H\u0259r ikisi f\u00fcrs\u0259td\u0259n istifad\u0259 sah\u0259sind\u0259 m\u00fcst\u0259sna bacar\u0131q n\u00fcmayi\u015f etdirib. H\u0259r ikisi r\u0259hb\u0259rlik etdikl\u0259ri d\u00f6vl\u0259tin t\u0259n\u0259zz\u00fcl\u00fcn\u00fcn qar\u015f\u0131s\u0131n\u0131 n\u0259inki almay\u0131b, \u0259ksin\u0259, bu t\u0259n\u0259zz\u00fcl\u00fc s\u00fcr\u0259tl\u0259ndirib. H\u0259r ikisi ger\u00e7\u0259k v\u0259ziyy\u0259ti d\u00fczg\u00fcn qiym\u0259tl\u0259ndir\u0259 bilm\u0259yib s\u0259hv q\u0259rarlar\u0131 il\u0259 d\u00f6vl\u0259ti d\u0259rin b\u00f6hrana s\u00fcr\u00fckl\u0259yib.<\/p>\n\n\n\n<p>H\u0259r ikisi bu b\u00f6hrandan \u00e7\u0131x\u0131\u015f yolunu tapa bilm\u0259yib, g\u00f6zl\u0259m\u0259 m\u00f6vqeyin\u0259 \u00fcst\u00fcnl\u00fck verib. El\u00e7ib\u0259y he\u00e7 bir q\u0259tiyy\u0259tli v\u0259 t\u0259sirli q\u0259rar q\u0259bul etm\u0259yib, son anda m\u0259suliyy\u0259ti Heyd\u0259r \u018fliyevin \u00fcz\u0259rin\u0259 ataraq k\u0259ndin\u0259 qa\u00e7\u0131b.<\/p>\n\n\n\n<p>Putinin qa\u00e7\u0131\u015f\u0131 v\u0259 ya gedi\u015fi is\u0259 h\u0259l\u0259 qar\u015f\u0131dad\u0131r, lakin \u015f\u00fcbh\u0259siz ki, bu hadis\u0259 d\u0259 \u00e7ox biab\u0131r\u00e7\u0131 t\u0259rzd\u0259 ba\u015f ver\u0259c\u0259k. Bel\u0259 g\u00fcmanlar s\u0259sl\u0259ndirilir ki, n\u00f6vb\u0259ti rus hakimiyy\u0259ti, bir \u00e7ox alimin \u00f6nc\u0259g\u00f6rm\u0259sin\u0259 uy\u011fun olaraq, \u015eimali Koreyan\u0131n siyasi qurulu\u015funa \u00e7ox b\u0259nz\u0259y\u0259c\u0259k.<br>Dem\u0259li, Az\u0259rbaycan\u0131n b\u0259xt\u0259v\u0259r g\u00fcnl\u0259ri h\u0259l\u0259 ir\u0259lid\u0259dir.<\/p>\n","protected":false},"excerpt":{"rendered":"<p>Z\u0259rd\u00fc\u015ft \u018flizad\u0259 H\u0259r ikisi ger\u00e7\u0259k v\u0259ziyy\u0259ti d\u00fczg\u00fcn qiym\u0259tl\u0259ndir\u0259 bilm\u0259yib s\u0259hv &#8230; <\/p>\n<p class=\"read-more-container\"><a title=\"Putin El\u00e7ib\u0259y\u0259 \u00e7evrilir\" class=\"read-more button\" href=\"https:\/\/www.meydan.tv\/az\/article\/putin-elcibeye-cevrilir\/#more-277168\" aria-label=\"Read more about Putin El\u00e7ib\u0259y\u0259 \u00e7evrilir\">Davam\u0131<\/a><\/p>\n","protected":false},"author":8,"featured_media":126823,"comment_status":"closed","ping_status":"closed","sticky":false,"template":"","format":"standard","meta":{"_acf_changed":false,"_sitemap_exclude":false,"_sitemap_priority":"","_sitemap_frequency":"","footnotes":""},"categories":[57],"tags":[],"class_list":["post-277168","post","type-post","status-publish","format-standard","has-post-thumbnail","hentry","category-menim-fikrimce","infinite-scroll-item","generate-columns","tablet-grid-50","mobile-grid-100","grid-parent","grid-33","no-featured-image-padding"],"acf":[],"yoast_head":"<!-- This site is optimized with the Yoast SEO plugin v27.4 - https:\/\/yoast.com\/product\/yoast-seo-wordpress\/ -->\n<title>Putin El\u00e7ib\u0259y\u0259 \u00e7evrilir - MEYDAN.TV<\/title>\n<meta name=\"robots\" content=\"index, follow, max-snippet:-1, max-image-preview:large, max-video-preview:-1\" \/>\n<link rel=\"canonical\" href=\"https:\/\/www.meydan.tv\/az\/article\/putin-elcibeye-cevrilir\/\" \/>\n<meta property=\"og:locale\" content=\"az_AZ\" \/>\n<meta property=\"og:type\" content=\"article\" \/>\n<meta property=\"og:title\" content=\"Putin El\u00e7ib\u0259y\u0259 \u00e7evrilir - MEYDAN.TV\" \/>\n<meta property=\"og:description\" content=\"Z\u0259rd\u00fc\u015ft \u018flizad\u0259 H\u0259r ikisi ger\u00e7\u0259k v\u0259ziyy\u0259ti d\u00fczg\u00fcn qiym\u0259tl\u0259ndir\u0259 bilm\u0259yib s\u0259hv ... Davam\u0131\" \/>\n<meta property=\"og:url\" content=\"https:\/\/www.meydan.tv\/az\/article\/putin-elcibeye-cevrilir\/\" \/>\n<meta property=\"og:site_name\" content=\"MEYDAN.TV\" \/>\n<meta property=\"article:published_time\" content=\"2023-06-09T10:35:51+00:00\" \/>\n<meta property=\"article:modified_time\" content=\"2023-06-09T10:35:53+00:00\" \/>\n<meta property=\"og:image\" content=\"https:\/\/www.meydan.tv\/wp-content\/uploads\/image_from_ios_2_p52ittc.original.original-scaled-e1682070233838.jpg\" \/>\n\t<meta property=\"og:image:width\" content=\"2560\" \/>\n\t<meta property=\"og:image:height\" content=\"1158\" \/>\n\t<meta property=\"og:image:type\" content=\"image\/jpeg\" \/>\n<meta name=\"author\" content=\"elli\" \/>\n<meta name=\"twitter:card\" content=\"summary_large_image\" \/>\n<meta name=\"twitter:creator\" content=\"@elli\" \/>\n<script type=\"application\/ld+json\" class=\"yoast-schema-graph\">{\"@context\":\"https:\\\/\\\/schema.org\",\"@graph\":[{\"@type\":\"Article\",\"@id\":\"https:\\\/\\\/www.meydan.tv\\\/az\\\/article\\\/putin-elcibeye-cevrilir\\\/#article\",\"isPartOf\":{\"@id\":\"https:\\\/\\\/www.meydan.tv\\\/az\\\/article\\\/putin-elcibeye-cevrilir\\\/\"},\"author\":{\"name\":\"elli\",\"@id\":\"https:\\\/\\\/www.meydan.tv\\\/az\\\/#\\\/schema\\\/person\\\/9cdbecf90d17180ce1dfbd95b08dcf47\"},\"headline\":\"Putin El\u00e7ib\u0259y\u0259 \u00e7evrilir\",\"datePublished\":\"2023-06-09T10:35:51+00:00\",\"dateModified\":\"2023-06-09T10:35:53+00:00\",\"mainEntityOfPage\":{\"@id\":\"https:\\\/\\\/www.meydan.tv\\\/az\\\/article\\\/putin-elcibeye-cevrilir\\\/\"},\"wordCount\":1155,\"publisher\":{\"@id\":\"https:\\\/\\\/www.meydan.tv\\\/az\\\/#organization\"},\"image\":{\"@id\":\"https:\\\/\\\/www.meydan.tv\\\/az\\\/article\\\/putin-elcibeye-cevrilir\\\/#primaryimage\"},\"thumbnailUrl\":\"https:\\\/\\\/www.meydan.tv\\\/wp-content\\\/uploads\\\/image_from_ios_2_p52ittc.original.original-scaled-e1682070233838.jpg\",\"articleSection\":[\"M\u0259nim Fikrimc\u0259\"],\"inLanguage\":\"az\"},{\"@type\":\"WebPage\",\"@id\":\"https:\\\/\\\/www.meydan.tv\\\/az\\\/article\\\/putin-elcibeye-cevrilir\\\/\",\"url\":\"https:\\\/\\\/www.meydan.tv\\\/az\\\/article\\\/putin-elcibeye-cevrilir\\\/\",\"name\":\"Putin El\u00e7ib\u0259y\u0259 \u00e7evrilir - MEYDAN.TV\",\"isPartOf\":{\"@id\":\"https:\\\/\\\/www.meydan.tv\\\/az\\\/#website\"},\"primaryImageOfPage\":{\"@id\":\"https:\\\/\\\/www.meydan.tv\\\/az\\\/article\\\/putin-elcibeye-cevrilir\\\/#primaryimage\"},\"image\":{\"@id\":\"https:\\\/\\\/www.meydan.tv\\\/az\\\/article\\\/putin-elcibeye-cevrilir\\\/#primaryimage\"},\"thumbnailUrl\":\"https:\\\/\\\/www.meydan.tv\\\/wp-content\\\/uploads\\\/image_from_ios_2_p52ittc.original.original-scaled-e1682070233838.jpg\",\"datePublished\":\"2023-06-09T10:35:51+00:00\",\"dateModified\":\"2023-06-09T10:35:53+00:00\",\"breadcrumb\":{\"@id\":\"https:\\\/\\\/www.meydan.tv\\\/az\\\/article\\\/putin-elcibeye-cevrilir\\\/#breadcrumb\"},\"inLanguage\":\"az\",\"potentialAction\":[{\"@type\":\"ReadAction\",\"target\":[\"https:\\\/\\\/www.meydan.tv\\\/az\\\/article\\\/putin-elcibeye-cevrilir\\\/\"]}]},{\"@type\":\"ImageObject\",\"inLanguage\":\"az\",\"@id\":\"https:\\\/\\\/www.meydan.tv\\\/az\\\/article\\\/putin-elcibeye-cevrilir\\\/#primaryimage\",\"url\":\"https:\\\/\\\/www.meydan.tv\\\/wp-content\\\/uploads\\\/image_from_ios_2_p52ittc.original.original-scaled-e1682070233838.jpg\",\"contentUrl\":\"https:\\\/\\\/www.meydan.tv\\\/wp-content\\\/uploads\\\/image_from_ios_2_p52ittc.original.original-scaled-e1682070233838.jpg\",\"width\":2560,\"height\":1158,\"caption\":\"Foto: Meydan TV\"},{\"@type\":\"BreadcrumbList\",\"@id\":\"https:\\\/\\\/www.meydan.tv\\\/az\\\/article\\\/putin-elcibeye-cevrilir\\\/#breadcrumb\",\"itemListElement\":[{\"@type\":\"ListItem\",\"position\":1,\"name\":\"Ana s\u0259hif\u0259\",\"item\":\"https:\\\/\\\/www.meydan.tv\\\/az\\\/\"},{\"@type\":\"ListItem\",\"position\":2,\"name\":\"M\u0259nim Fikrimc\u0259\",\"item\":\"https:\\\/\\\/www.meydan.tv\\\/az\\\/section\\\/menim-fikrimce\\\/\"},{\"@type\":\"ListItem\",\"position\":3,\"name\":\"Putin El\u00e7ib\u0259y\u0259 \u00e7evrilir\"}]},{\"@type\":\"WebSite\",\"@id\":\"https:\\\/\\\/www.meydan.tv\\\/az\\\/#website\",\"url\":\"https:\\\/\\\/www.meydan.tv\\\/az\\\/\",\"name\":\"MEYDAN.TV\",\"description\":\"Meydan TV Az\u0259rbaycan\u0131n media m\u0259kan\u0131ndak\u0131 alternativ s\u0259sidir\",\"publisher\":{\"@id\":\"https:\\\/\\\/www.meydan.tv\\\/az\\\/#organization\"},\"potentialAction\":[{\"@type\":\"SearchAction\",\"target\":{\"@type\":\"EntryPoint\",\"urlTemplate\":\"https:\\\/\\\/www.meydan.tv\\\/az\\\/?s={search_term_string}\"},\"query-input\":{\"@type\":\"PropertyValueSpecification\",\"valueRequired\":true,\"valueName\":\"search_term_string\"}}],\"inLanguage\":\"az\"},{\"@type\":\"Organization\",\"@id\":\"https:\\\/\\\/www.meydan.tv\\\/az\\\/#organization\",\"name\":\"Meydan TV\",\"url\":\"https:\\\/\\\/www.meydan.tv\\\/az\\\/\",\"logo\":{\"@type\":\"ImageObject\",\"inLanguage\":\"az\",\"@id\":\"https:\\\/\\\/www.meydan.tv\\\/az\\\/#\\\/schema\\\/logo\\\/image\\\/\",\"url\":\"https:\\\/\\\/www.meydan.tv\\\/wp-content\\\/uploads\\\/2021\\\/07\\\/meydan-logo.svg\",\"contentUrl\":\"https:\\\/\\\/www.meydan.tv\\\/wp-content\\\/uploads\\\/2021\\\/07\\\/meydan-logo.svg\",\"width\":195,\"height\":46,\"caption\":\"Meydan TV\"},\"image\":{\"@id\":\"https:\\\/\\\/www.meydan.tv\\\/az\\\/#\\\/schema\\\/logo\\\/image\\\/\"}},{\"@type\":\"Person\",\"@id\":\"https:\\\/\\\/www.meydan.tv\\\/az\\\/#\\\/schema\\\/person\\\/9cdbecf90d17180ce1dfbd95b08dcf47\",\"name\":\"elli\",\"sameAs\":[\"https:\\\/\\\/x.com\\\/elli\"]}]}<\/script>\n<!-- \/ Yoast SEO plugin. -->","yoast_head_json":{"title":"Putin El\u00e7ib\u0259y\u0259 \u00e7evrilir - MEYDAN.TV","robots":{"index":"index","follow":"follow","max-snippet":"max-snippet:-1","max-image-preview":"max-image-preview:large","max-video-preview":"max-video-preview:-1"},"canonical":"https:\/\/www.meydan.tv\/az\/article\/putin-elcibeye-cevrilir\/","og_locale":"az_AZ","og_type":"article","og_title":"Putin El\u00e7ib\u0259y\u0259 \u00e7evrilir - MEYDAN.TV","og_description":"Z\u0259rd\u00fc\u015ft \u018flizad\u0259 H\u0259r ikisi ger\u00e7\u0259k v\u0259ziyy\u0259ti d\u00fczg\u00fcn qiym\u0259tl\u0259ndir\u0259 bilm\u0259yib s\u0259hv ... Davam\u0131","og_url":"https:\/\/www.meydan.tv\/az\/article\/putin-elcibeye-cevrilir\/","og_site_name":"MEYDAN.TV","article_published_time":"2023-06-09T10:35:51+00:00","article_modified_time":"2023-06-09T10:35:53+00:00","og_image":[{"width":2560,"height":1158,"url":"https:\/\/www.meydan.tv\/wp-content\/uploads\/image_from_ios_2_p52ittc.original.original-scaled-e1682070233838.jpg","type":"image\/jpeg"}],"author":"elli","twitter_card":"summary_large_image","twitter_creator":"@elli","schema":{"@context":"https:\/\/schema.org","@graph":[{"@type":"Article","@id":"https:\/\/www.meydan.tv\/az\/article\/putin-elcibeye-cevrilir\/#article","isPartOf":{"@id":"https:\/\/www.meydan.tv\/az\/article\/putin-elcibeye-cevrilir\/"},"author":{"name":"elli","@id":"https:\/\/www.meydan.tv\/az\/#\/schema\/person\/9cdbecf90d17180ce1dfbd95b08dcf47"},"headline":"Putin El\u00e7ib\u0259y\u0259 \u00e7evrilir","datePublished":"2023-06-09T10:35:51+00:00","dateModified":"2023-06-09T10:35:53+00:00","mainEntityOfPage":{"@id":"https:\/\/www.meydan.tv\/az\/article\/putin-elcibeye-cevrilir\/"},"wordCount":1155,"publisher":{"@id":"https:\/\/www.meydan.tv\/az\/#organization"},"image":{"@id":"https:\/\/www.meydan.tv\/az\/article\/putin-elcibeye-cevrilir\/#primaryimage"},"thumbnailUrl":"https:\/\/www.meydan.tv\/wp-content\/uploads\/image_from_ios_2_p52ittc.original.original-scaled-e1682070233838.jpg","articleSection":["M\u0259nim Fikrimc\u0259"],"inLanguage":"az"},{"@type":"WebPage","@id":"https:\/\/www.meydan.tv\/az\/article\/putin-elcibeye-cevrilir\/","url":"https:\/\/www.meydan.tv\/az\/article\/putin-elcibeye-cevrilir\/","name":"Putin El\u00e7ib\u0259y\u0259 \u00e7evrilir - MEYDAN.TV","isPartOf":{"@id":"https:\/\/www.meydan.tv\/az\/#website"},"primaryImageOfPage":{"@id":"https:\/\/www.meydan.tv\/az\/article\/putin-elcibeye-cevrilir\/#primaryimage"},"image":{"@id":"https:\/\/www.meydan.tv\/az\/article\/putin-elcibeye-cevrilir\/#primaryimage"},"thumbnailUrl":"https:\/\/www.meydan.tv\/wp-content\/uploads\/image_from_ios_2_p52ittc.original.original-scaled-e1682070233838.jpg","datePublished":"2023-06-09T10:35:51+00:00","dateModified":"2023-06-09T10:35:53+00:00","breadcrumb":{"@id":"https:\/\/www.meydan.tv\/az\/article\/putin-elcibeye-cevrilir\/#breadcrumb"},"inLanguage":"az","potentialAction":[{"@type":"ReadAction","target":["https:\/\/www.meydan.tv\/az\/article\/putin-elcibeye-cevrilir\/"]}]},{"@type":"ImageObject","inLanguage":"az","@id":"https:\/\/www.meydan.tv\/az\/article\/putin-elcibeye-cevrilir\/#primaryimage","url":"https:\/\/www.meydan.tv\/wp-content\/uploads\/image_from_ios_2_p52ittc.original.original-scaled-e1682070233838.jpg","contentUrl":"https:\/\/www.meydan.tv\/wp-content\/uploads\/image_from_ios_2_p52ittc.original.original-scaled-e1682070233838.jpg","width":2560,"height":1158,"caption":"Foto: Meydan TV"},{"@type":"BreadcrumbList","@id":"https:\/\/www.meydan.tv\/az\/article\/putin-elcibeye-cevrilir\/#breadcrumb","itemListElement":[{"@type":"ListItem","position":1,"name":"Ana s\u0259hif\u0259","item":"https:\/\/www.meydan.tv\/az\/"},{"@type":"ListItem","position":2,"name":"M\u0259nim Fikrimc\u0259","item":"https:\/\/www.meydan.tv\/az\/section\/menim-fikrimce\/"},{"@type":"ListItem","position":3,"name":"Putin El\u00e7ib\u0259y\u0259 \u00e7evrilir"}]},{"@type":"WebSite","@id":"https:\/\/www.meydan.tv\/az\/#website","url":"https:\/\/www.meydan.tv\/az\/","name":"MEYDAN.TV","description":"Meydan TV Az\u0259rbaycan\u0131n media m\u0259kan\u0131ndak\u0131 alternativ s\u0259sidir","publisher":{"@id":"https:\/\/www.meydan.tv\/az\/#organization"},"potentialAction":[{"@type":"SearchAction","target":{"@type":"EntryPoint","urlTemplate":"https:\/\/www.meydan.tv\/az\/?s={search_term_string}"},"query-input":{"@type":"PropertyValueSpecification","valueRequired":true,"valueName":"search_term_string"}}],"inLanguage":"az"},{"@type":"Organization","@id":"https:\/\/www.meydan.tv\/az\/#organization","name":"Meydan TV","url":"https:\/\/www.meydan.tv\/az\/","logo":{"@type":"ImageObject","inLanguage":"az","@id":"https:\/\/www.meydan.tv\/az\/#\/schema\/logo\/image\/","url":"https:\/\/www.meydan.tv\/wp-content\/uploads\/2021\/07\/meydan-logo.svg","contentUrl":"https:\/\/www.meydan.tv\/wp-content\/uploads\/2021\/07\/meydan-logo.svg","width":195,"height":46,"caption":"Meydan TV"},"image":{"@id":"https:\/\/www.meydan.tv\/az\/#\/schema\/logo\/image\/"}},{"@type":"Person","@id":"https:\/\/www.meydan.tv\/az\/#\/schema\/person\/9cdbecf90d17180ce1dfbd95b08dcf47","name":"elli","sameAs":["https:\/\/x.com\/elli"]}]}},"_links":{"self":[{"href":"https:\/\/www.meydan.tv\/az\/wp-json\/wp\/v2\/posts\/277168","targetHints":{"allow":["GET"]}}],"collection":[{"href":"https:\/\/www.meydan.tv\/az\/wp-json\/wp\/v2\/posts"}],"about":[{"href":"https:\/\/www.meydan.tv\/az\/wp-json\/wp\/v2\/types\/post"}],"author":[{"embeddable":true,"href":"https:\/\/www.meydan.tv\/az\/wp-json\/wp\/v2\/users\/8"}],"replies":[{"embeddable":true,"href":"https:\/\/www.meydan.tv\/az\/wp-json\/wp\/v2\/comments?post=277168"}],"version-history":[{"count":1,"href":"https:\/\/www.meydan.tv\/az\/wp-json\/wp\/v2\/posts\/277168\/revisions"}],"predecessor-version":[{"id":277170,"href":"https:\/\/www.meydan.tv\/az\/wp-json\/wp\/v2\/posts\/277168\/revisions\/277170"}],"wp:featuredmedia":[{"embeddable":true,"href":"https:\/\/www.meydan.tv\/az\/wp-json\/wp\/v2\/media\/126823"}],"wp:attachment":[{"href":"https:\/\/www.meydan.tv\/az\/wp-json\/wp\/v2\/media?parent=277168"}],"wp:term":[{"taxonomy":"category","embeddable":true,"href":"https:\/\/www.meydan.tv\/az\/wp-json\/wp\/v2\/categories?post=277168"},{"taxonomy":"post_tag","embeddable":true,"href":"https:\/\/www.meydan.tv\/az\/wp-json\/wp\/v2\/tags?post=277168"}],"curies":[{"name":"wp","href":"https:\/\/api.w.org\/{rel}","templated":true}]}}