{"id":277051,"date":"2023-06-07T11:38:56","date_gmt":"2023-06-07T07:38:56","guid":{"rendered":"https:\/\/www.meydan.tv\/?p=277051"},"modified":"2023-06-07T11:38:58","modified_gmt":"2023-06-07T07:38:58","slug":"qaxda-20-den-cox-evi-sel-basib","status":"publish","type":"post","link":"https:\/\/www.meydan.tv\/az\/article\/qaxda-20-den-cox-evi-sel-basib\/","title":{"rendered":"Qaxda 20-d\u0259n \u00e7ox evi sel bas\u0131b"},"content":{"rendered":"\n<p><\/p>\n\n\n\n<p><em><strong>A\u011faclar\u0131n a\u015fmas\u0131 v\u0259 lil s\u0259b\u0259bind\u0259n yollar ba\u011flan\u0131b<\/strong><\/em><\/p>\n\n\n\n<p>\u0130yunun 6-s\u0131 ax\u015famdan ya\u011fan ya\u011f\u0131\u015f Qax\u0131n \u018fmircan k\u0259ndind\u0259 ciddi f\u0259sadlar t\u00f6r\u0259dib. T\u0259xmin\u0259n 20-d\u0259n \u00e7ox evin su i\u00e7ind\u0259 qald\u0131\u011f\u0131 bildirilir. Ba\u011flara, t\u0259s\u0259rr\u00fcfatlara su dolub.<\/p>\n\n\n\n<p>Sakinl\u0259r bildiribl\u0259r ki, yollar lill\u0259 dolub, avtomobill\u0259rin h\u0259r\u0259k\u0259ti \u00e7\u0259tinl\u0259\u015fib.<\/p>\n\n\n\n<p>Sakinl\u0259rd\u0259n biri Meydan TV-y\u0259 deyib ki, s\u0259h\u0259r saatlar\u0131nad\u0259k d\u0259f\u0259l\u0259rl\u0259 m\u00fcraci\u0259t etm\u0259l\u0259rin\u0259 baxmayaraq k\u0259nd\u0259 g\u0259lib v\u0259ziyy\u0259tl\u0259ri il\u0259 maraqlanan olmay\u0131b. \u0130\u015f\u0131q k\u0259sildiyind\u0259n su da g\u0259lmir, internet i\u015fl\u0259mir. Sakinl\u0259rin \u00e7oxu evl\u0259rin\u0259 gir\u0259 bilmir.<\/p>\n\n\n\n<p><em>&#8220;Motorlarla su \u00e7\u0259kilm\u0259lidir. Adamlar vedr\u0259l\u0259rl\u0259 evl\u0259r\u0259 dolmu\u015f suyu t\u0259mizl\u0259yirl\u0259r. Internet yoxdur ki, v\u0259ziyy\u0259timizi \u00e7\u0259kib g\u00f6st\u0259r\u0259k&#8221;,<\/em>&#8211; sakin deyib. Qeyd edib ki, t\u00f6vl\u0259l\u0259r d\u0259 su alt\u0131ndad\u0131r, toyuq-c\u00fcc\u0259 t\u0259l\u0259f olub.<\/p>\n\n\n\n<p>Qax Rayon \u0130cra Hakimiyy\u0259tind\u0259n bildiribl\u0259r ki, bir ne\u00e7\u0259 k\u0259ndd\u0259n m\u00fcraci\u0259tl\u0259r var, haz\u0131rda ara\u015fd\u0131rma gedir. B\u00fct\u00fcn \u0259m\u0259kda\u015flar yollardad\u0131r.<\/p>\n\n\n\n<p>Avtomobil Yollar\u0131 D\u00f6vl\u0259t Xidm\u0259tind\u0259n bildirilib ki, g\u00fccl\u00fc k\u00fcl\u0259k v\u0259 ya\u011f\u0131\u015f s\u0259b\u0259bind\u0259n \u015e\u0259ki-Qax, Qax-Zaqatala v\u0259 Qora\u011fan-Qax avtomobil yollar\u0131nda bir ne\u00e7\u0259 \u0259razid\u0259 a\u011faclar\u0131n yollara a\u015fmas\u0131 n\u0259tic\u0259sind\u0259 h\u0259r\u0259k\u0259t m\u0259hdudla\u015f\u0131b. Bundan ba\u015fqa, rayonun \u0130lisu k\u0259ndi \u0259razisind\u0259 sel sular\u0131 \u00f6z\u00fc il\u0259 b\u0259rab\u0259r lil v\u0259 qaya par\u00e7alar\u0131 g\u0259tir\u0259r\u0259k yolun h\u0259r\u0259k\u0259t hiss\u0259sini doldurub.<\/p>\n\n\n\n<p><em>\u201cG\u00f6r\u00fcl\u0259n t\u0259dbirl\u0259r n\u0259tic\u0259sind\u0259 yollar boyunca h\u0259r\u0259k\u0259tin fasil\u0259sizliyi v\u0259 t\u0259hl\u00fck\u0259sizliyi t\u0259min olunub\u201d, &#8211;<\/em> qurumdan deyilir.<\/p>\n","protected":false},"excerpt":{"rendered":"<p>A\u011faclar\u0131n a\u015fmas\u0131 v\u0259 lil s\u0259b\u0259bind\u0259n yollar ba\u011flan\u0131b \u0130yunun 6-s\u0131 ax\u015famdan &#8230; <\/p>\n<p class=\"read-more-container\"><a title=\"Qaxda 20-d\u0259n \u00e7ox evi sel bas\u0131b\" class=\"read-more button\" href=\"https:\/\/www.meydan.tv\/az\/article\/qaxda-20-den-cox-evi-sel-basib\/#more-277051\" aria-label=\"Read more about Qaxda 20-d\u0259n \u00e7ox evi sel bas\u0131b\">Davam\u0131<\/a><\/p>\n","protected":false},"author":8,"featured_media":277048,"comment_status":"closed","ping_status":"closed","sticky":false,"template":"","format":"standard","meta":{"_acf_changed":false,"_sitemap_exclude":false,"_sitemap_priority":"","_sitemap_frequency":"","footnotes":""},"categories":[60,56],"tags":[],"class_list":["post-277051","post","type-post","status-publish","format-standard","has-post-thumbnail","hentry","category-bolge","category-xeberler","infinite-scroll-item","generate-columns","tablet-grid-50","mobile-grid-100","grid-parent","grid-33","no-featured-image-padding"],"acf":[],"yoast_head":"<!-- This site is optimized with the Yoast SEO plugin v27.5 - https:\/\/yoast.com\/product\/yoast-seo-wordpress\/ -->\n<title>Qaxda 20-d\u0259n \u00e7ox evi sel bas\u0131b - MEYDAN.TV<\/title>\n<meta name=\"robots\" content=\"index, follow, max-snippet:-1, max-image-preview:large, max-video-preview:-1\" \/>\n<link rel=\"canonical\" href=\"https:\/\/www.meydan.tv\/az\/article\/qaxda-20-den-cox-evi-sel-basib\/\" \/>\n<meta property=\"og:locale\" content=\"az_AZ\" \/>\n<meta property=\"og:type\" content=\"article\" \/>\n<meta property=\"og:title\" content=\"Qaxda 20-d\u0259n \u00e7ox evi sel bas\u0131b - MEYDAN.TV\" \/>\n<meta property=\"og:description\" content=\"A\u011faclar\u0131n a\u015fmas\u0131 v\u0259 lil s\u0259b\u0259bind\u0259n yollar ba\u011flan\u0131b \u0130yunun 6-s\u0131 ax\u015famdan ... Davam\u0131\" \/>\n<meta property=\"og:url\" content=\"https:\/\/www.meydan.tv\/az\/article\/qaxda-20-den-cox-evi-sel-basib\/\" \/>\n<meta property=\"og:site_name\" content=\"MEYDAN.TV\" \/>\n<meta property=\"article:published_time\" content=\"2023-06-07T07:38:56+00:00\" \/>\n<meta property=\"article:modified_time\" content=\"2023-06-07T07:38:58+00:00\" \/>\n<meta property=\"og:image\" content=\"https:\/\/www.meydan.tv\/wp-content\/uploads\/trend_wind_tree_251018_3.jpg\" \/>\n\t<meta property=\"og:image:width\" content=\"1200\" \/>\n\t<meta property=\"og:image:height\" content=\"820\" \/>\n\t<meta property=\"og:image:type\" content=\"image\/jpeg\" \/>\n<meta name=\"author\" content=\"elli\" \/>\n<meta name=\"twitter:card\" content=\"summary_large_image\" \/>\n<meta name=\"twitter:creator\" content=\"@elli\" \/>\n<script type=\"application\/ld+json\" class=\"yoast-schema-graph\">{\"@context\":\"https:\\\/\\\/schema.org\",\"@graph\":[{\"@type\":\"Article\",\"@id\":\"https:\\\/\\\/www.meydan.tv\\\/az\\\/article\\\/qaxda-20-den-cox-evi-sel-basib\\\/#article\",\"isPartOf\":{\"@id\":\"https:\\\/\\\/www.meydan.tv\\\/az\\\/article\\\/qaxda-20-den-cox-evi-sel-basib\\\/\"},\"author\":{\"name\":\"elli\",\"@id\":\"https:\\\/\\\/www.meydan.tv\\\/az\\\/#\\\/schema\\\/person\\\/9cdbecf90d17180ce1dfbd95b08dcf47\"},\"headline\":\"Qaxda 20-d\u0259n \u00e7ox evi sel bas\u0131b\",\"datePublished\":\"2023-06-07T07:38:56+00:00\",\"dateModified\":\"2023-06-07T07:38:58+00:00\",\"mainEntityOfPage\":{\"@id\":\"https:\\\/\\\/www.meydan.tv\\\/az\\\/article\\\/qaxda-20-den-cox-evi-sel-basib\\\/\"},\"wordCount\":323,\"publisher\":{\"@id\":\"https:\\\/\\\/www.meydan.tv\\\/az\\\/#organization\"},\"image\":{\"@id\":\"https:\\\/\\\/www.meydan.tv\\\/az\\\/article\\\/qaxda-20-den-cox-evi-sel-basib\\\/#primaryimage\"},\"thumbnailUrl\":\"https:\\\/\\\/www.meydan.tv\\\/wp-content\\\/uploads\\\/trend_wind_tree_251018_3.jpg\",\"articleSection\":[\"B\u00f6lg\u0259\",\"X\u0259b\u0259rl\u0259r\"],\"inLanguage\":\"az\"},{\"@type\":\"WebPage\",\"@id\":\"https:\\\/\\\/www.meydan.tv\\\/az\\\/article\\\/qaxda-20-den-cox-evi-sel-basib\\\/\",\"url\":\"https:\\\/\\\/www.meydan.tv\\\/az\\\/article\\\/qaxda-20-den-cox-evi-sel-basib\\\/\",\"name\":\"Qaxda 20-d\u0259n \u00e7ox evi sel bas\u0131b - MEYDAN.TV\",\"isPartOf\":{\"@id\":\"https:\\\/\\\/www.meydan.tv\\\/az\\\/#website\"},\"primaryImageOfPage\":{\"@id\":\"https:\\\/\\\/www.meydan.tv\\\/az\\\/article\\\/qaxda-20-den-cox-evi-sel-basib\\\/#primaryimage\"},\"image\":{\"@id\":\"https:\\\/\\\/www.meydan.tv\\\/az\\\/article\\\/qaxda-20-den-cox-evi-sel-basib\\\/#primaryimage\"},\"thumbnailUrl\":\"https:\\\/\\\/www.meydan.tv\\\/wp-content\\\/uploads\\\/trend_wind_tree_251018_3.jpg\",\"datePublished\":\"2023-06-07T07:38:56+00:00\",\"dateModified\":\"2023-06-07T07:38:58+00:00\",\"breadcrumb\":{\"@id\":\"https:\\\/\\\/www.meydan.tv\\\/az\\\/article\\\/qaxda-20-den-cox-evi-sel-basib\\\/#breadcrumb\"},\"inLanguage\":\"az\",\"potentialAction\":[{\"@type\":\"ReadAction\",\"target\":[\"https:\\\/\\\/www.meydan.tv\\\/az\\\/article\\\/qaxda-20-den-cox-evi-sel-basib\\\/\"]}]},{\"@type\":\"ImageObject\",\"inLanguage\":\"az\",\"@id\":\"https:\\\/\\\/www.meydan.tv\\\/az\\\/article\\\/qaxda-20-den-cox-evi-sel-basib\\\/#primaryimage\",\"url\":\"https:\\\/\\\/www.meydan.tv\\\/wp-content\\\/uploads\\\/trend_wind_tree_251018_3.jpg\",\"contentUrl\":\"https:\\\/\\\/www.meydan.tv\\\/wp-content\\\/uploads\\\/trend_wind_tree_251018_3.jpg\",\"width\":1200,\"height\":820,\"caption\":\"Foto: \\\"trend.az\\\"\"},{\"@type\":\"BreadcrumbList\",\"@id\":\"https:\\\/\\\/www.meydan.tv\\\/az\\\/article\\\/qaxda-20-den-cox-evi-sel-basib\\\/#breadcrumb\",\"itemListElement\":[{\"@type\":\"ListItem\",\"position\":1,\"name\":\"Ana s\u0259hif\u0259\",\"item\":\"https:\\\/\\\/www.meydan.tv\\\/az\\\/\"},{\"@type\":\"ListItem\",\"position\":2,\"name\":\"B\u00f6lg\u0259\",\"item\":\"https:\\\/\\\/www.meydan.tv\\\/az\\\/section\\\/bolge\\\/\"},{\"@type\":\"ListItem\",\"position\":3,\"name\":\"Qaxda 20-d\u0259n \u00e7ox evi sel bas\u0131b\"}]},{\"@type\":\"WebSite\",\"@id\":\"https:\\\/\\\/www.meydan.tv\\\/az\\\/#website\",\"url\":\"https:\\\/\\\/www.meydan.tv\\\/az\\\/\",\"name\":\"MEYDAN.TV\",\"description\":\"Meydan TV Az\u0259rbaycan\u0131n media m\u0259kan\u0131ndak\u0131 alternativ s\u0259sidir\",\"publisher\":{\"@id\":\"https:\\\/\\\/www.meydan.tv\\\/az\\\/#organization\"},\"potentialAction\":[{\"@type\":\"SearchAction\",\"target\":{\"@type\":\"EntryPoint\",\"urlTemplate\":\"https:\\\/\\\/www.meydan.tv\\\/az\\\/?s={search_term_string}\"},\"query-input\":{\"@type\":\"PropertyValueSpecification\",\"valueRequired\":true,\"valueName\":\"search_term_string\"}}],\"inLanguage\":\"az\"},{\"@type\":\"Organization\",\"@id\":\"https:\\\/\\\/www.meydan.tv\\\/az\\\/#organization\",\"name\":\"Meydan TV\",\"url\":\"https:\\\/\\\/www.meydan.tv\\\/az\\\/\",\"logo\":{\"@type\":\"ImageObject\",\"inLanguage\":\"az\",\"@id\":\"https:\\\/\\\/www.meydan.tv\\\/az\\\/#\\\/schema\\\/logo\\\/image\\\/\",\"url\":\"https:\\\/\\\/www.meydan.tv\\\/wp-content\\\/uploads\\\/2021\\\/07\\\/meydan-logo.svg\",\"contentUrl\":\"https:\\\/\\\/www.meydan.tv\\\/wp-content\\\/uploads\\\/2021\\\/07\\\/meydan-logo.svg\",\"width\":195,\"height\":46,\"caption\":\"Meydan TV\"},\"image\":{\"@id\":\"https:\\\/\\\/www.meydan.tv\\\/az\\\/#\\\/schema\\\/logo\\\/image\\\/\"}},{\"@type\":\"Person\",\"@id\":\"https:\\\/\\\/www.meydan.tv\\\/az\\\/#\\\/schema\\\/person\\\/9cdbecf90d17180ce1dfbd95b08dcf47\",\"name\":\"elli\",\"sameAs\":[\"https:\\\/\\\/x.com\\\/elli\"]}]}<\/script>\n<!-- \/ Yoast SEO plugin. -->","yoast_head_json":{"title":"Qaxda 20-d\u0259n \u00e7ox evi sel bas\u0131b - MEYDAN.TV","robots":{"index":"index","follow":"follow","max-snippet":"max-snippet:-1","max-image-preview":"max-image-preview:large","max-video-preview":"max-video-preview:-1"},"canonical":"https:\/\/www.meydan.tv\/az\/article\/qaxda-20-den-cox-evi-sel-basib\/","og_locale":"az_AZ","og_type":"article","og_title":"Qaxda 20-d\u0259n \u00e7ox evi sel bas\u0131b - MEYDAN.TV","og_description":"A\u011faclar\u0131n a\u015fmas\u0131 v\u0259 lil s\u0259b\u0259bind\u0259n yollar ba\u011flan\u0131b \u0130yunun 6-s\u0131 ax\u015famdan ... Davam\u0131","og_url":"https:\/\/www.meydan.tv\/az\/article\/qaxda-20-den-cox-evi-sel-basib\/","og_site_name":"MEYDAN.TV","article_published_time":"2023-06-07T07:38:56+00:00","article_modified_time":"2023-06-07T07:38:58+00:00","og_image":[{"width":1200,"height":820,"url":"https:\/\/www.meydan.tv\/wp-content\/uploads\/trend_wind_tree_251018_3.jpg","type":"image\/jpeg"}],"author":"elli","twitter_card":"summary_large_image","twitter_creator":"@elli","schema":{"@context":"https:\/\/schema.org","@graph":[{"@type":"Article","@id":"https:\/\/www.meydan.tv\/az\/article\/qaxda-20-den-cox-evi-sel-basib\/#article","isPartOf":{"@id":"https:\/\/www.meydan.tv\/az\/article\/qaxda-20-den-cox-evi-sel-basib\/"},"author":{"name":"elli","@id":"https:\/\/www.meydan.tv\/az\/#\/schema\/person\/9cdbecf90d17180ce1dfbd95b08dcf47"},"headline":"Qaxda 20-d\u0259n \u00e7ox evi sel bas\u0131b","datePublished":"2023-06-07T07:38:56+00:00","dateModified":"2023-06-07T07:38:58+00:00","mainEntityOfPage":{"@id":"https:\/\/www.meydan.tv\/az\/article\/qaxda-20-den-cox-evi-sel-basib\/"},"wordCount":323,"publisher":{"@id":"https:\/\/www.meydan.tv\/az\/#organization"},"image":{"@id":"https:\/\/www.meydan.tv\/az\/article\/qaxda-20-den-cox-evi-sel-basib\/#primaryimage"},"thumbnailUrl":"https:\/\/www.meydan.tv\/wp-content\/uploads\/trend_wind_tree_251018_3.jpg","articleSection":["B\u00f6lg\u0259","X\u0259b\u0259rl\u0259r"],"inLanguage":"az"},{"@type":"WebPage","@id":"https:\/\/www.meydan.tv\/az\/article\/qaxda-20-den-cox-evi-sel-basib\/","url":"https:\/\/www.meydan.tv\/az\/article\/qaxda-20-den-cox-evi-sel-basib\/","name":"Qaxda 20-d\u0259n \u00e7ox evi sel bas\u0131b - MEYDAN.TV","isPartOf":{"@id":"https:\/\/www.meydan.tv\/az\/#website"},"primaryImageOfPage":{"@id":"https:\/\/www.meydan.tv\/az\/article\/qaxda-20-den-cox-evi-sel-basib\/#primaryimage"},"image":{"@id":"https:\/\/www.meydan.tv\/az\/article\/qaxda-20-den-cox-evi-sel-basib\/#primaryimage"},"thumbnailUrl":"https:\/\/www.meydan.tv\/wp-content\/uploads\/trend_wind_tree_251018_3.jpg","datePublished":"2023-06-07T07:38:56+00:00","dateModified":"2023-06-07T07:38:58+00:00","breadcrumb":{"@id":"https:\/\/www.meydan.tv\/az\/article\/qaxda-20-den-cox-evi-sel-basib\/#breadcrumb"},"inLanguage":"az","potentialAction":[{"@type":"ReadAction","target":["https:\/\/www.meydan.tv\/az\/article\/qaxda-20-den-cox-evi-sel-basib\/"]}]},{"@type":"ImageObject","inLanguage":"az","@id":"https:\/\/www.meydan.tv\/az\/article\/qaxda-20-den-cox-evi-sel-basib\/#primaryimage","url":"https:\/\/www.meydan.tv\/wp-content\/uploads\/trend_wind_tree_251018_3.jpg","contentUrl":"https:\/\/www.meydan.tv\/wp-content\/uploads\/trend_wind_tree_251018_3.jpg","width":1200,"height":820,"caption":"Foto: \"trend.az\""},{"@type":"BreadcrumbList","@id":"https:\/\/www.meydan.tv\/az\/article\/qaxda-20-den-cox-evi-sel-basib\/#breadcrumb","itemListElement":[{"@type":"ListItem","position":1,"name":"Ana s\u0259hif\u0259","item":"https:\/\/www.meydan.tv\/az\/"},{"@type":"ListItem","position":2,"name":"B\u00f6lg\u0259","item":"https:\/\/www.meydan.tv\/az\/section\/bolge\/"},{"@type":"ListItem","position":3,"name":"Qaxda 20-d\u0259n \u00e7ox evi sel bas\u0131b"}]},{"@type":"WebSite","@id":"https:\/\/www.meydan.tv\/az\/#website","url":"https:\/\/www.meydan.tv\/az\/","name":"MEYDAN.TV","description":"Meydan TV Az\u0259rbaycan\u0131n media m\u0259kan\u0131ndak\u0131 alternativ s\u0259sidir","publisher":{"@id":"https:\/\/www.meydan.tv\/az\/#organization"},"potentialAction":[{"@type":"SearchAction","target":{"@type":"EntryPoint","urlTemplate":"https:\/\/www.meydan.tv\/az\/?s={search_term_string}"},"query-input":{"@type":"PropertyValueSpecification","valueRequired":true,"valueName":"search_term_string"}}],"inLanguage":"az"},{"@type":"Organization","@id":"https:\/\/www.meydan.tv\/az\/#organization","name":"Meydan TV","url":"https:\/\/www.meydan.tv\/az\/","logo":{"@type":"ImageObject","inLanguage":"az","@id":"https:\/\/www.meydan.tv\/az\/#\/schema\/logo\/image\/","url":"https:\/\/www.meydan.tv\/wp-content\/uploads\/2021\/07\/meydan-logo.svg","contentUrl":"https:\/\/www.meydan.tv\/wp-content\/uploads\/2021\/07\/meydan-logo.svg","width":195,"height":46,"caption":"Meydan TV"},"image":{"@id":"https:\/\/www.meydan.tv\/az\/#\/schema\/logo\/image\/"}},{"@type":"Person","@id":"https:\/\/www.meydan.tv\/az\/#\/schema\/person\/9cdbecf90d17180ce1dfbd95b08dcf47","name":"elli","sameAs":["https:\/\/x.com\/elli"]}]}},"_links":{"self":[{"href":"https:\/\/www.meydan.tv\/az\/wp-json\/wp\/v2\/posts\/277051","targetHints":{"allow":["GET"]}}],"collection":[{"href":"https:\/\/www.meydan.tv\/az\/wp-json\/wp\/v2\/posts"}],"about":[{"href":"https:\/\/www.meydan.tv\/az\/wp-json\/wp\/v2\/types\/post"}],"author":[{"embeddable":true,"href":"https:\/\/www.meydan.tv\/az\/wp-json\/wp\/v2\/users\/8"}],"replies":[{"embeddable":true,"href":"https:\/\/www.meydan.tv\/az\/wp-json\/wp\/v2\/comments?post=277051"}],"version-history":[{"count":1,"href":"https:\/\/www.meydan.tv\/az\/wp-json\/wp\/v2\/posts\/277051\/revisions"}],"predecessor-version":[{"id":277052,"href":"https:\/\/www.meydan.tv\/az\/wp-json\/wp\/v2\/posts\/277051\/revisions\/277052"}],"wp:featuredmedia":[{"embeddable":true,"href":"https:\/\/www.meydan.tv\/az\/wp-json\/wp\/v2\/media\/277048"}],"wp:attachment":[{"href":"https:\/\/www.meydan.tv\/az\/wp-json\/wp\/v2\/media?parent=277051"}],"wp:term":[{"taxonomy":"category","embeddable":true,"href":"https:\/\/www.meydan.tv\/az\/wp-json\/wp\/v2\/categories?post=277051"},{"taxonomy":"post_tag","embeddable":true,"href":"https:\/\/www.meydan.tv\/az\/wp-json\/wp\/v2\/tags?post=277051"}],"curies":[{"name":"wp","href":"https:\/\/api.w.org\/{rel}","templated":true}]}}