{"id":277040,"date":"2023-06-07T10:42:32","date_gmt":"2023-06-07T06:42:32","guid":{"rendered":"https:\/\/www.meydan.tv\/?p=277040"},"modified":"2023-06-07T11:24:22","modified_gmt":"2023-06-07T07:24:22","slug":"ismayillida-bir-kendi-sel-basib-diger-kendlere-geden-yollar-siradan-cixib","status":"publish","type":"post","link":"https:\/\/www.meydan.tv\/az\/article\/ismayillida-bir-kendi-sel-basib-diger-kendlere-geden-yollar-siradan-cixib\/","title":{"rendered":"\u0130smay\u0131ll\u0131da bir k\u0259ndi sel bas\u0131b, dig\u0259r k\u0259ndl\u0259r\u0259 ged\u0259n yollar s\u0131radan \u00e7\u0131x\u0131b"},"content":{"rendered":"\n<p><\/p>\n\n\n\n<p><strong><em>Sel k\u0259nd t\u0259s\u0259rr\u00fcfatna, istirah\u0259t m\u0259rk\u0259zl\u0259ri, restoran v\u0259&nbsp; ma\u011fazalara da z\u0259r\u0259r vurub<\/em><\/strong><\/p>\n\n\n\n<p>\u0130smay\u0131ll\u0131da bir ne\u00e7\u0259 saat davam ed\u0259n&nbsp; g\u00fccl\u00fc leysan ya\u011f\u0131\u015fdan sonra Namazgah k\u0259ndini sel bas\u0131b.<\/p>\n\n\n\n<p>K\u0259nd sakinl\u0259ri bildiribl\u0259r ki, t\u0259s\u0259rr\u00fcfatlar\u0131, h\u0259yatyani sah\u0259l\u0259ri su alt\u0131nda qal\u0131b. Evl\u0259r\u0259 dolan su n\u0259tic\u0259sind\u0259 m\u0259i\u015f\u0259t texnikalar\u0131 s\u0131radan \u00e7\u0131x\u0131b. M\u0259hsullar\u0131 m\u0259hv olub. Sakinl\u0259rd\u0259n biri dan\u0131\u015f\u0131b ki, son onillikd\u0259 bel\u0259 hadis\u0259 il\u0259 rastla\u015fmay\u0131blar.<\/p>\n\n\n\n<p>Sel h\u0259m\u00e7inin istirah\u0259t m\u0259rk\u0259zl\u0259ri, restoran v\u0259&nbsp; ma\u011fazalara da z\u0259r\u0259r vurub. El\u0259c\u0259 d\u0259 i\u015f\u0131q, qaz x\u0259tl\u0259rin\u0259 z\u0259r\u0259r d\u0259yib, bir ne\u00e7\u0259 k\u0259nd\u0259 i\u015f\u0131q verili\u015fi dayand\u0131r\u0131l\u0131b.<\/p>\n\n\n\n<p><em>&#8220;I\u015f\u0131q ke\u00e7ib, evl\u0259r su alt\u0131nda qal\u0131b. Biz can\u0131m\u0131z\u0131 g\u00f6t\u00fcr\u00fcb evi t\u0259rk etmi\u015fik. H\u0259r \u015fey su alt\u0131nda qal\u0131b, bilmirik n\u0259yi xilas etm\u0259k m\u00fcm\u00fck\u00fcn olacaq&#8221;<\/em>,- sakinl\u0259rd\u0259n Tariyel M\u0259mm\u0259dov Meydan TV-y\u0259 bildirib.<\/p>\n\n\n\n<p>Sel s\u0259b\u0259bind\u0259n yollar s\u0131radan \u00e7\u0131x\u0131b,&nbsp; yollar\u0131 qal\u0131n lil qat\u0131 \u00f6rt\u00fcb, n\u0259qliyyat\u0131n h\u0259r\u0259k\u0259ti \u00e7\u0259tinl\u0259\u015fib.<br>G\u00fccl\u00fc leysan s\u0259b\u0259bind\u0259n&nbsp;&nbsp; \u0130smay\u0131ll\u0131-Lah\u0131c yolu ba\u011flan\u0131b.<\/p>\n\n\n\n<p>Rayonun&nbsp; Yuxar\u0131 Z\u0259rnava k\u0259ndin\u0259 ged\u0259n yol da seld\u0259n z\u0259r\u0259r g\u00f6r\u00fcb.&nbsp; Girdiman \u00e7ay\u0131n\u0131n suyunda da art\u0131m m\u00fc\u015fahid\u0259 olunur.<\/p>\n\n\n\n<p>Avtomobil Yollar\u0131 D\u00f6vl\u0259t Agentliyind\u0259n bildirilib ki,&nbsp; sel v\u0259 da\u015fq\u0131nlar Lah\u0131c yolunda h\u0259r\u0259k\u0259ti m\u0259hdudla\u015fd\u0131r\u0131b, yol ba\u011flan\u0131b.<\/p>\n\n\n\n<p>Bildirilib ki, qurumun \u0259m\u0259kda\u015flar\u0131 m\u0259lumat daxil olan andan \u0259raziy\u0259 g\u00f6nd\u0259rilibl\u0259r, orada i\u015fl\u0259r gedir. Lah\u0131c yolunun bir ne\u00e7\u0259 hiss\u0259sind\u0259 iri qaya par\u00e7alar\u0131 yola t\u00f6k\u00fcl\u00fcb. Haz\u0131rda yolun a\u00e7\u0131lmas\u0131 \u00fc\u00e7\u00fcn t\u0259dbirl\u0259r g\u00f6r\u00fcl\u00fcr.&nbsp;<\/p>\n\n\n\n<p>Rayon \u0130cra Hakimiyy\u0259tind\u0259n is\u0259 bildirilib ki, sel v\u0259 ya\u011f\u0131\u015f\u0131n vurdu\u011fu z\u0259r\u0259rin aradan qald\u0131r\u0131lmas\u0131 istiqam\u0259tind\u0259 i\u015fl\u0259r g\u00f6r\u00fcl\u00fcr. H\u0259l\u0259lik d\u0259y\u0259n z\u0259r\u0259r m\u00fc\u0259yy\u0259n edilm\u0259yib.<\/p>\n\n\n\n<p>Milli Hidrometeorologiya Xidm\u0259tind\u0259n bildirilib ki, iyunun 7-si saat 09:00-a olan m\u0259lumat\u0131na \u0259sas\u0259n \u00f6lk\u0259 \u0259razisind\u0259 qeyri-sabit hava \u015f\u0259raiti davam edib, ayr\u0131-ayr\u0131 yerl\u0259rd\u0259 \u015fim\u015f\u0259k \u00e7ax\u0131b, arabir leysan xarakterli ya\u011f\u0131\u015f ya\u011f\u0131b, Balak\u0259n-\u015e\u0259ki zonas\u0131n\u0131n b\u0259zi yerl\u0259rind\u0259 intensiv v\u0259 g\u00fccl\u00fc olub.<\/p>\n\n\n\n<p>Ya\u011fan leysan ya\u011f\u0131\u015flar n\u0259tic\u0259sind\u0259 \u0130smay\u0131ll\u0131 rayonu \u0259razisind\u0259n ke\u00e7\u0259n G\u00f6y\u00e7ay \u00e7ay\u0131ndan, O\u011fuz rayonundan ke\u00e7\u0259n \u018fyri\u00e7aydan, Zaqatala rayonu \u0259razisind\u0259n ke\u00e7\u0259n Muxax \u00e7ay\u0131 v\u0259 Tala\u00e7aydan, Qax rayonundan ke\u00e7\u0259n K\u00fcrm\u00fck\u00e7aydan, Q\u0259b\u0259l\u0259 rayonundan ke\u00e7\u0259n D\u0259miraparan\u00e7aydan, Quba rayonu \u0259razisind\u0259n axan V\u0259lv\u0259l\u0259\u00e7aydan sel ke\u00e7ib.<\/p>\n\n\n\n<p>D\u00fc\u015f\u0259n ya\u011f\u0131nt\u0131n\u0131n miqdar\u0131 Qaxda 156 mm (ayl\u0131q norman\u0131n 121 faizi), Q\u0259b\u0259l\u0259d\u0259 53 mm (ayl\u0131q norman\u0131n 47 faizi), Zaqatalada 48 mm (ayl\u0131q norman\u0131n 37 faizi), \u015e\u0259kid\u0259 37 mm (ayl\u0131q norman\u0131n 37 faizi),&nbsp; Balak\u0259nd\u0259 27 mm (ayl\u0131q norman\u0131n 21 faizi),&nbsp; \u015eahda\u011fda 23 mm (ayl\u0131q norman\u0131n 48 faizi),&nbsp; O\u011fuzda 23 mm (ayl\u0131q norman\u0131n 19 faizi),&nbsp; Alt\u0131a\u011facda 16 mm (ayl\u0131q norman\u0131n 25 faizi),&nbsp; Qusarda 15 mm, G\u0259d\u0259b\u0259y, Xaltanda 12 mm, Da\u015fk\u0259s\u0259n, Quba, \u015e\u0259mkir, \u015eamax\u0131, Yevlax, G\u0259nc\u0259, G\u00f6yg\u00f6l, A\u011fstafa, Ceyran\u00e7\u00f6l, Nax\u00e7\u0131van, \u015eahbuz, S\u0259d\u0259r\u0259k, Naftalan, Tovuz, \u0130smay\u0131ll\u0131, Qobustan, Pirallah\u0131, Ming\u0259\u00e7evird\u0259 5-10 mm-d\u0259k olub.<\/p>\n\n\n\n<p>\u00d6nc\u0259d\u0259n&nbsp; x\u0259b\u0259r verildiyi kimi, \u00f6lk\u0259 \u0259razisind\u0259 k\u00fcl\u0259kli hava \u015f\u0259raiti davam edib. \u0130yunun 6-da \u015fimal-q\u0259rb k\u00fcl\u0259yi arabir Naftalanda 22, Neft\u00e7ala, Ming\u0259\u00e7evir, \u015e\u0259ki, G\u0259nc\u0259, Zaqatala, Balak\u0259nd\u0259 20, A\u011fdamda 18, Sabirabad v\u0259 Qaxda is\u0259 17 m\/s-d\u0259k g\u00fccl\u0259nib.<\/p>\n\n\n\n<p>Da\u015fk\u0259s\u0259n, G\u00f6yg\u00f6l, \u015e\u0259mkir, Quba, Qusar, \u015eahda\u011f, Alt\u0131a\u011fac, Balak\u0259n, \u015eamax\u0131, Qr\u0131z, Lerikd\u0259 duman m\u00fc\u015fahid\u0259 olunub.<\/p>\n","protected":false},"excerpt":{"rendered":"<p>Sel k\u0259nd t\u0259s\u0259rr\u00fcfatna, istirah\u0259t m\u0259rk\u0259zl\u0259ri, restoran v\u0259&nbsp; ma\u011fazalara da z\u0259r\u0259r &#8230; <\/p>\n<p class=\"read-more-container\"><a title=\"\u0130smay\u0131ll\u0131da bir k\u0259ndi sel bas\u0131b, dig\u0259r k\u0259ndl\u0259r\u0259 ged\u0259n yollar s\u0131radan \u00e7\u0131x\u0131b\" class=\"read-more button\" href=\"https:\/\/www.meydan.tv\/az\/article\/ismayillida-bir-kendi-sel-basib-diger-kendlere-geden-yollar-siradan-cixib\/#more-277040\" aria-label=\"Read more about \u0130smay\u0131ll\u0131da bir k\u0259ndi sel bas\u0131b, dig\u0259r k\u0259ndl\u0259r\u0259 ged\u0259n yollar s\u0131radan \u00e7\u0131x\u0131b\">Davam\u0131<\/a><\/p>\n","protected":false},"author":8,"featured_media":277037,"comment_status":"closed","ping_status":"closed","sticky":false,"template":"","format":"standard","meta":{"_acf_changed":false,"_sitemap_exclude":false,"_sitemap_priority":"","_sitemap_frequency":"","footnotes":""},"categories":[60,79,56],"tags":[],"class_list":["post-277040","post","type-post","status-publish","format-standard","has-post-thumbnail","hentry","category-bolge","category-featured","category-xeberler","infinite-scroll-item","generate-columns","tablet-grid-50","mobile-grid-100","grid-parent","grid-33","no-featured-image-padding"],"acf":[],"yoast_head":"<!-- This site is optimized with the Yoast SEO plugin v27.5 - https:\/\/yoast.com\/product\/yoast-seo-wordpress\/ -->\n<title>\u0130smay\u0131ll\u0131da bir k\u0259ndi sel bas\u0131b, dig\u0259r k\u0259ndl\u0259r\u0259 ged\u0259n yollar s\u0131radan \u00e7\u0131x\u0131b - MEYDAN.TV<\/title>\n<meta name=\"robots\" content=\"index, follow, max-snippet:-1, max-image-preview:large, max-video-preview:-1\" \/>\n<link rel=\"canonical\" href=\"https:\/\/www.meydan.tv\/az\/article\/ismayillida-bir-kendi-sel-basib-diger-kendlere-geden-yollar-siradan-cixib\/\" \/>\n<meta property=\"og:locale\" content=\"az_AZ\" \/>\n<meta property=\"og:type\" content=\"article\" \/>\n<meta property=\"og:title\" content=\"\u0130smay\u0131ll\u0131da bir k\u0259ndi sel bas\u0131b, dig\u0259r k\u0259ndl\u0259r\u0259 ged\u0259n yollar s\u0131radan \u00e7\u0131x\u0131b - MEYDAN.TV\" \/>\n<meta property=\"og:description\" content=\"Sel k\u0259nd t\u0259s\u0259rr\u00fcfatna, istirah\u0259t m\u0259rk\u0259zl\u0259ri, restoran v\u0259&nbsp; ma\u011fazalara da z\u0259r\u0259r ... Davam\u0131\" \/>\n<meta property=\"og:url\" content=\"https:\/\/www.meydan.tv\/az\/article\/ismayillida-bir-kendi-sel-basib-diger-kendlere-geden-yollar-siradan-cixib\/\" \/>\n<meta property=\"og:site_name\" content=\"MEYDAN.TV\" \/>\n<meta property=\"article:published_time\" content=\"2023-06-07T06:42:32+00:00\" \/>\n<meta property=\"article:modified_time\" content=\"2023-06-07T07:24:22+00:00\" \/>\n<meta property=\"og:image\" content=\"https:\/\/www.meydan.tv\/wp-content\/uploads\/photo-2023-06-07-09-40-10.jpg\" \/>\n\t<meta property=\"og:image:width\" content=\"1200\" \/>\n\t<meta property=\"og:image:height\" content=\"800\" \/>\n\t<meta property=\"og:image:type\" content=\"image\/jpeg\" \/>\n<meta name=\"author\" content=\"elli\" \/>\n<meta name=\"twitter:card\" content=\"summary_large_image\" \/>\n<meta name=\"twitter:creator\" content=\"@elli\" \/>\n<script type=\"application\/ld+json\" class=\"yoast-schema-graph\">{\"@context\":\"https:\\\/\\\/schema.org\",\"@graph\":[{\"@type\":\"Article\",\"@id\":\"https:\\\/\\\/www.meydan.tv\\\/az\\\/article\\\/ismayillida-bir-kendi-sel-basib-diger-kendlere-geden-yollar-siradan-cixib\\\/#article\",\"isPartOf\":{\"@id\":\"https:\\\/\\\/www.meydan.tv\\\/az\\\/article\\\/ismayillida-bir-kendi-sel-basib-diger-kendlere-geden-yollar-siradan-cixib\\\/\"},\"author\":{\"name\":\"elli\",\"@id\":\"https:\\\/\\\/www.meydan.tv\\\/az\\\/#\\\/schema\\\/person\\\/9cdbecf90d17180ce1dfbd95b08dcf47\"},\"headline\":\"\u0130smay\u0131ll\u0131da bir k\u0259ndi sel bas\u0131b, dig\u0259r k\u0259ndl\u0259r\u0259 ged\u0259n yollar s\u0131radan \u00e7\u0131x\u0131b\",\"datePublished\":\"2023-06-07T06:42:32+00:00\",\"dateModified\":\"2023-06-07T07:24:22+00:00\",\"mainEntityOfPage\":{\"@id\":\"https:\\\/\\\/www.meydan.tv\\\/az\\\/article\\\/ismayillida-bir-kendi-sel-basib-diger-kendlere-geden-yollar-siradan-cixib\\\/\"},\"wordCount\":736,\"publisher\":{\"@id\":\"https:\\\/\\\/www.meydan.tv\\\/az\\\/#organization\"},\"image\":{\"@id\":\"https:\\\/\\\/www.meydan.tv\\\/az\\\/article\\\/ismayillida-bir-kendi-sel-basib-diger-kendlere-geden-yollar-siradan-cixib\\\/#primaryimage\"},\"thumbnailUrl\":\"https:\\\/\\\/www.meydan.tv\\\/wp-content\\\/uploads\\\/photo-2023-06-07-09-40-10.jpg\",\"articleSection\":[\"B\u00f6lg\u0259\",\"T\u00f6vsiy\u0259\",\"X\u0259b\u0259rl\u0259r\"],\"inLanguage\":\"az\"},{\"@type\":\"WebPage\",\"@id\":\"https:\\\/\\\/www.meydan.tv\\\/az\\\/article\\\/ismayillida-bir-kendi-sel-basib-diger-kendlere-geden-yollar-siradan-cixib\\\/\",\"url\":\"https:\\\/\\\/www.meydan.tv\\\/az\\\/article\\\/ismayillida-bir-kendi-sel-basib-diger-kendlere-geden-yollar-siradan-cixib\\\/\",\"name\":\"\u0130smay\u0131ll\u0131da bir k\u0259ndi sel bas\u0131b, dig\u0259r k\u0259ndl\u0259r\u0259 ged\u0259n yollar s\u0131radan \u00e7\u0131x\u0131b - MEYDAN.TV\",\"isPartOf\":{\"@id\":\"https:\\\/\\\/www.meydan.tv\\\/az\\\/#website\"},\"primaryImageOfPage\":{\"@id\":\"https:\\\/\\\/www.meydan.tv\\\/az\\\/article\\\/ismayillida-bir-kendi-sel-basib-diger-kendlere-geden-yollar-siradan-cixib\\\/#primaryimage\"},\"image\":{\"@id\":\"https:\\\/\\\/www.meydan.tv\\\/az\\\/article\\\/ismayillida-bir-kendi-sel-basib-diger-kendlere-geden-yollar-siradan-cixib\\\/#primaryimage\"},\"thumbnailUrl\":\"https:\\\/\\\/www.meydan.tv\\\/wp-content\\\/uploads\\\/photo-2023-06-07-09-40-10.jpg\",\"datePublished\":\"2023-06-07T06:42:32+00:00\",\"dateModified\":\"2023-06-07T07:24:22+00:00\",\"breadcrumb\":{\"@id\":\"https:\\\/\\\/www.meydan.tv\\\/az\\\/article\\\/ismayillida-bir-kendi-sel-basib-diger-kendlere-geden-yollar-siradan-cixib\\\/#breadcrumb\"},\"inLanguage\":\"az\",\"potentialAction\":[{\"@type\":\"ReadAction\",\"target\":[\"https:\\\/\\\/www.meydan.tv\\\/az\\\/article\\\/ismayillida-bir-kendi-sel-basib-diger-kendlere-geden-yollar-siradan-cixib\\\/\"]}]},{\"@type\":\"ImageObject\",\"inLanguage\":\"az\",\"@id\":\"https:\\\/\\\/www.meydan.tv\\\/az\\\/article\\\/ismayillida-bir-kendi-sel-basib-diger-kendlere-geden-yollar-siradan-cixib\\\/#primaryimage\",\"url\":\"https:\\\/\\\/www.meydan.tv\\\/wp-content\\\/uploads\\\/photo-2023-06-07-09-40-10.jpg\",\"contentUrl\":\"https:\\\/\\\/www.meydan.tv\\\/wp-content\\\/uploads\\\/photo-2023-06-07-09-40-10.jpg\",\"width\":1200,\"height\":800,\"caption\":\"Foto: sosial \u015f\u0259b\u0259k\u0259d\u0259ki videolardan screen\"},{\"@type\":\"BreadcrumbList\",\"@id\":\"https:\\\/\\\/www.meydan.tv\\\/az\\\/article\\\/ismayillida-bir-kendi-sel-basib-diger-kendlere-geden-yollar-siradan-cixib\\\/#breadcrumb\",\"itemListElement\":[{\"@type\":\"ListItem\",\"position\":1,\"name\":\"Ana s\u0259hif\u0259\",\"item\":\"https:\\\/\\\/www.meydan.tv\\\/az\\\/\"},{\"@type\":\"ListItem\",\"position\":2,\"name\":\"B\u00f6lg\u0259\",\"item\":\"https:\\\/\\\/www.meydan.tv\\\/az\\\/section\\\/bolge\\\/\"},{\"@type\":\"ListItem\",\"position\":3,\"name\":\"\u0130smay\u0131ll\u0131da bir k\u0259ndi sel bas\u0131b, dig\u0259r k\u0259ndl\u0259r\u0259 ged\u0259n yollar s\u0131radan \u00e7\u0131x\u0131b\"}]},{\"@type\":\"WebSite\",\"@id\":\"https:\\\/\\\/www.meydan.tv\\\/az\\\/#website\",\"url\":\"https:\\\/\\\/www.meydan.tv\\\/az\\\/\",\"name\":\"MEYDAN.TV\",\"description\":\"Meydan TV Az\u0259rbaycan\u0131n media m\u0259kan\u0131ndak\u0131 alternativ s\u0259sidir\",\"publisher\":{\"@id\":\"https:\\\/\\\/www.meydan.tv\\\/az\\\/#organization\"},\"potentialAction\":[{\"@type\":\"SearchAction\",\"target\":{\"@type\":\"EntryPoint\",\"urlTemplate\":\"https:\\\/\\\/www.meydan.tv\\\/az\\\/?s={search_term_string}\"},\"query-input\":{\"@type\":\"PropertyValueSpecification\",\"valueRequired\":true,\"valueName\":\"search_term_string\"}}],\"inLanguage\":\"az\"},{\"@type\":\"Organization\",\"@id\":\"https:\\\/\\\/www.meydan.tv\\\/az\\\/#organization\",\"name\":\"Meydan TV\",\"url\":\"https:\\\/\\\/www.meydan.tv\\\/az\\\/\",\"logo\":{\"@type\":\"ImageObject\",\"inLanguage\":\"az\",\"@id\":\"https:\\\/\\\/www.meydan.tv\\\/az\\\/#\\\/schema\\\/logo\\\/image\\\/\",\"url\":\"https:\\\/\\\/www.meydan.tv\\\/wp-content\\\/uploads\\\/2021\\\/07\\\/meydan-logo.svg\",\"contentUrl\":\"https:\\\/\\\/www.meydan.tv\\\/wp-content\\\/uploads\\\/2021\\\/07\\\/meydan-logo.svg\",\"width\":195,\"height\":46,\"caption\":\"Meydan TV\"},\"image\":{\"@id\":\"https:\\\/\\\/www.meydan.tv\\\/az\\\/#\\\/schema\\\/logo\\\/image\\\/\"}},{\"@type\":\"Person\",\"@id\":\"https:\\\/\\\/www.meydan.tv\\\/az\\\/#\\\/schema\\\/person\\\/9cdbecf90d17180ce1dfbd95b08dcf47\",\"name\":\"elli\",\"sameAs\":[\"https:\\\/\\\/x.com\\\/elli\"]}]}<\/script>\n<!-- \/ Yoast SEO plugin. -->","yoast_head_json":{"title":"\u0130smay\u0131ll\u0131da bir k\u0259ndi sel bas\u0131b, dig\u0259r k\u0259ndl\u0259r\u0259 ged\u0259n yollar s\u0131radan \u00e7\u0131x\u0131b - MEYDAN.TV","robots":{"index":"index","follow":"follow","max-snippet":"max-snippet:-1","max-image-preview":"max-image-preview:large","max-video-preview":"max-video-preview:-1"},"canonical":"https:\/\/www.meydan.tv\/az\/article\/ismayillida-bir-kendi-sel-basib-diger-kendlere-geden-yollar-siradan-cixib\/","og_locale":"az_AZ","og_type":"article","og_title":"\u0130smay\u0131ll\u0131da bir k\u0259ndi sel bas\u0131b, dig\u0259r k\u0259ndl\u0259r\u0259 ged\u0259n yollar s\u0131radan \u00e7\u0131x\u0131b - MEYDAN.TV","og_description":"Sel k\u0259nd t\u0259s\u0259rr\u00fcfatna, istirah\u0259t m\u0259rk\u0259zl\u0259ri, restoran v\u0259&nbsp; ma\u011fazalara da z\u0259r\u0259r ... Davam\u0131","og_url":"https:\/\/www.meydan.tv\/az\/article\/ismayillida-bir-kendi-sel-basib-diger-kendlere-geden-yollar-siradan-cixib\/","og_site_name":"MEYDAN.TV","article_published_time":"2023-06-07T06:42:32+00:00","article_modified_time":"2023-06-07T07:24:22+00:00","og_image":[{"width":1200,"height":800,"url":"https:\/\/www.meydan.tv\/wp-content\/uploads\/photo-2023-06-07-09-40-10.jpg","type":"image\/jpeg"}],"author":"elli","twitter_card":"summary_large_image","twitter_creator":"@elli","schema":{"@context":"https:\/\/schema.org","@graph":[{"@type":"Article","@id":"https:\/\/www.meydan.tv\/az\/article\/ismayillida-bir-kendi-sel-basib-diger-kendlere-geden-yollar-siradan-cixib\/#article","isPartOf":{"@id":"https:\/\/www.meydan.tv\/az\/article\/ismayillida-bir-kendi-sel-basib-diger-kendlere-geden-yollar-siradan-cixib\/"},"author":{"name":"elli","@id":"https:\/\/www.meydan.tv\/az\/#\/schema\/person\/9cdbecf90d17180ce1dfbd95b08dcf47"},"headline":"\u0130smay\u0131ll\u0131da bir k\u0259ndi sel bas\u0131b, dig\u0259r k\u0259ndl\u0259r\u0259 ged\u0259n yollar s\u0131radan \u00e7\u0131x\u0131b","datePublished":"2023-06-07T06:42:32+00:00","dateModified":"2023-06-07T07:24:22+00:00","mainEntityOfPage":{"@id":"https:\/\/www.meydan.tv\/az\/article\/ismayillida-bir-kendi-sel-basib-diger-kendlere-geden-yollar-siradan-cixib\/"},"wordCount":736,"publisher":{"@id":"https:\/\/www.meydan.tv\/az\/#organization"},"image":{"@id":"https:\/\/www.meydan.tv\/az\/article\/ismayillida-bir-kendi-sel-basib-diger-kendlere-geden-yollar-siradan-cixib\/#primaryimage"},"thumbnailUrl":"https:\/\/www.meydan.tv\/wp-content\/uploads\/photo-2023-06-07-09-40-10.jpg","articleSection":["B\u00f6lg\u0259","T\u00f6vsiy\u0259","X\u0259b\u0259rl\u0259r"],"inLanguage":"az"},{"@type":"WebPage","@id":"https:\/\/www.meydan.tv\/az\/article\/ismayillida-bir-kendi-sel-basib-diger-kendlere-geden-yollar-siradan-cixib\/","url":"https:\/\/www.meydan.tv\/az\/article\/ismayillida-bir-kendi-sel-basib-diger-kendlere-geden-yollar-siradan-cixib\/","name":"\u0130smay\u0131ll\u0131da bir k\u0259ndi sel bas\u0131b, dig\u0259r k\u0259ndl\u0259r\u0259 ged\u0259n yollar s\u0131radan \u00e7\u0131x\u0131b - MEYDAN.TV","isPartOf":{"@id":"https:\/\/www.meydan.tv\/az\/#website"},"primaryImageOfPage":{"@id":"https:\/\/www.meydan.tv\/az\/article\/ismayillida-bir-kendi-sel-basib-diger-kendlere-geden-yollar-siradan-cixib\/#primaryimage"},"image":{"@id":"https:\/\/www.meydan.tv\/az\/article\/ismayillida-bir-kendi-sel-basib-diger-kendlere-geden-yollar-siradan-cixib\/#primaryimage"},"thumbnailUrl":"https:\/\/www.meydan.tv\/wp-content\/uploads\/photo-2023-06-07-09-40-10.jpg","datePublished":"2023-06-07T06:42:32+00:00","dateModified":"2023-06-07T07:24:22+00:00","breadcrumb":{"@id":"https:\/\/www.meydan.tv\/az\/article\/ismayillida-bir-kendi-sel-basib-diger-kendlere-geden-yollar-siradan-cixib\/#breadcrumb"},"inLanguage":"az","potentialAction":[{"@type":"ReadAction","target":["https:\/\/www.meydan.tv\/az\/article\/ismayillida-bir-kendi-sel-basib-diger-kendlere-geden-yollar-siradan-cixib\/"]}]},{"@type":"ImageObject","inLanguage":"az","@id":"https:\/\/www.meydan.tv\/az\/article\/ismayillida-bir-kendi-sel-basib-diger-kendlere-geden-yollar-siradan-cixib\/#primaryimage","url":"https:\/\/www.meydan.tv\/wp-content\/uploads\/photo-2023-06-07-09-40-10.jpg","contentUrl":"https:\/\/www.meydan.tv\/wp-content\/uploads\/photo-2023-06-07-09-40-10.jpg","width":1200,"height":800,"caption":"Foto: sosial \u015f\u0259b\u0259k\u0259d\u0259ki videolardan screen"},{"@type":"BreadcrumbList","@id":"https:\/\/www.meydan.tv\/az\/article\/ismayillida-bir-kendi-sel-basib-diger-kendlere-geden-yollar-siradan-cixib\/#breadcrumb","itemListElement":[{"@type":"ListItem","position":1,"name":"Ana s\u0259hif\u0259","item":"https:\/\/www.meydan.tv\/az\/"},{"@type":"ListItem","position":2,"name":"B\u00f6lg\u0259","item":"https:\/\/www.meydan.tv\/az\/section\/bolge\/"},{"@type":"ListItem","position":3,"name":"\u0130smay\u0131ll\u0131da bir k\u0259ndi sel bas\u0131b, dig\u0259r k\u0259ndl\u0259r\u0259 ged\u0259n yollar s\u0131radan \u00e7\u0131x\u0131b"}]},{"@type":"WebSite","@id":"https:\/\/www.meydan.tv\/az\/#website","url":"https:\/\/www.meydan.tv\/az\/","name":"MEYDAN.TV","description":"Meydan TV Az\u0259rbaycan\u0131n media m\u0259kan\u0131ndak\u0131 alternativ s\u0259sidir","publisher":{"@id":"https:\/\/www.meydan.tv\/az\/#organization"},"potentialAction":[{"@type":"SearchAction","target":{"@type":"EntryPoint","urlTemplate":"https:\/\/www.meydan.tv\/az\/?s={search_term_string}"},"query-input":{"@type":"PropertyValueSpecification","valueRequired":true,"valueName":"search_term_string"}}],"inLanguage":"az"},{"@type":"Organization","@id":"https:\/\/www.meydan.tv\/az\/#organization","name":"Meydan TV","url":"https:\/\/www.meydan.tv\/az\/","logo":{"@type":"ImageObject","inLanguage":"az","@id":"https:\/\/www.meydan.tv\/az\/#\/schema\/logo\/image\/","url":"https:\/\/www.meydan.tv\/wp-content\/uploads\/2021\/07\/meydan-logo.svg","contentUrl":"https:\/\/www.meydan.tv\/wp-content\/uploads\/2021\/07\/meydan-logo.svg","width":195,"height":46,"caption":"Meydan TV"},"image":{"@id":"https:\/\/www.meydan.tv\/az\/#\/schema\/logo\/image\/"}},{"@type":"Person","@id":"https:\/\/www.meydan.tv\/az\/#\/schema\/person\/9cdbecf90d17180ce1dfbd95b08dcf47","name":"elli","sameAs":["https:\/\/x.com\/elli"]}]}},"_links":{"self":[{"href":"https:\/\/www.meydan.tv\/az\/wp-json\/wp\/v2\/posts\/277040","targetHints":{"allow":["GET"]}}],"collection":[{"href":"https:\/\/www.meydan.tv\/az\/wp-json\/wp\/v2\/posts"}],"about":[{"href":"https:\/\/www.meydan.tv\/az\/wp-json\/wp\/v2\/types\/post"}],"author":[{"embeddable":true,"href":"https:\/\/www.meydan.tv\/az\/wp-json\/wp\/v2\/users\/8"}],"replies":[{"embeddable":true,"href":"https:\/\/www.meydan.tv\/az\/wp-json\/wp\/v2\/comments?post=277040"}],"version-history":[{"count":2,"href":"https:\/\/www.meydan.tv\/az\/wp-json\/wp\/v2\/posts\/277040\/revisions"}],"predecessor-version":[{"id":277047,"href":"https:\/\/www.meydan.tv\/az\/wp-json\/wp\/v2\/posts\/277040\/revisions\/277047"}],"wp:featuredmedia":[{"embeddable":true,"href":"https:\/\/www.meydan.tv\/az\/wp-json\/wp\/v2\/media\/277037"}],"wp:attachment":[{"href":"https:\/\/www.meydan.tv\/az\/wp-json\/wp\/v2\/media?parent=277040"}],"wp:term":[{"taxonomy":"category","embeddable":true,"href":"https:\/\/www.meydan.tv\/az\/wp-json\/wp\/v2\/categories?post=277040"},{"taxonomy":"post_tag","embeddable":true,"href":"https:\/\/www.meydan.tv\/az\/wp-json\/wp\/v2\/tags?post=277040"}],"curies":[{"name":"wp","href":"https:\/\/api.w.org\/{rel}","templated":true}]}}