{"id":276976,"date":"2023-06-06T15:13:03","date_gmt":"2023-06-06T11:13:03","guid":{"rendered":"https:\/\/www.meydan.tv\/?p=276976"},"modified":"2023-06-06T15:13:06","modified_gmt":"2023-06-06T11:13:06","slug":"lenkeranda-icra-bascisinin-kecmis-muavini-xuliqanliqda-ittiham-olunur","status":"publish","type":"post","link":"https:\/\/www.meydan.tv\/az\/article\/lenkeranda-icra-bascisinin-kecmis-muavini-xuliqanliqda-ittiham-olunur\/","title":{"rendered":"L\u0259nk\u0259randa icra ba\u015f\u00e7\u0131s\u0131n\u0131n ke\u00e7mi\u015f m\u00fcavini xuliqanl\u0131qda ittiham olunur"},"content":{"rendered":"\n<p><\/p>\n\n\n\n<p><strong><em>Xalid R\u0259himovla ba\u011fl\u0131 2 ayl\u0131q h\u0259bs q\u0259timkan t\u0259dbiri se\u00e7ilib<\/em><\/strong><\/p>\n\n\n\n<p>L\u0259nk\u0259ran \u015e\u0259h\u0259r \u0130cra Hakimiyy\u0259ti ba\u015f\u00e7\u0131s\u0131n\u0131n ke\u00e7mi\u015f m\u00fcavini Xalid R\u0259himov h\u0259bs olunub. Ona qar\u015f\u0131 Cinay\u0259t M\u0259c\u0259ll\u0259sinin 221 (xuliqanl\u0131q) v\u0259 315-ci (hakimiyy\u0259t n\u00fcmay\u0259nd\u0259sin\u0259 qar\u015f\u0131 zor t\u0259tbiq etm\u0259) madd\u0259l\u0259ril\u0259 ittiham ir\u0259li s\u00fcr\u00fcl\u00fcb.<\/p>\n\n\n\n<p>Xalid R\u0259himov iyunun 3-d\u0259 L\u0259nk\u0259ran rayonunun G\u0259rm\u0259t\u00fck k\u0259ndind\u0259 \u201cMercedes\u201d markal\u0131 avtomobili idar\u0259 ed\u0259rk\u0259n yol polisl\u0259ri t\u0259r\u0259find\u0259n saxlan\u0131l\u0131b. Bu zaman onunla polisl\u0259r aras\u0131nda m\u00fcbahis\u0259 yaran\u0131b. \u0130ddia olunur ki, polisl\u0259r Xalid R\u0259himovu s\u0259rxo\u015fluqla ba\u011fl\u0131 m\u00fcayin\u0259d\u0259n ke\u00e7irm\u0259k ist\u0259s\u0259l\u0259r d\u0259, o, buna etiraz edib. Bu s\u0259b\u0259bd\u0259n saxlan\u0131laraq, L\u0259nk\u0259ran Rayon Polis \u015e\u00f6b\u0259sin\u0259 apar\u0131l\u0131b.<\/p>\n\n\n\n<p>M\u00fcbahis\u0259nin polis \u015f\u00f6b\u0259sind\u0259 d\u0259 davam etdiyi, n\u0259tic\u0259d\u0259 onun bar\u0259sind\u0259 cinay\u0259t i\u015fi ba\u015flanmas\u0131na q\u0259rar verildiyi bildirilir.<\/p>\n\n\n\n<p>\u0130ddia olunur ki, Xalid R\u0259himov saxland\u0131qdan sonra m\u00fcayin\u0259d\u0259n ke\u00e7irilib v\u0259 onun avtomobili s\u0259rxo\u015f v\u0259ziyy\u0259td\u0259 idar\u0259 etdiyi m\u0259lum olub.<\/p>\n\n\n\n<p>Xalid R\u0259himov bar\u0259sind\u0259 ilkin istintaq d\u00f6vr\u00fc \u00fc\u00e7\u00fcn 2 ayl\u0131q h\u0259bs q\u0259timkan t\u0259dbiri se\u00e7ilib.<\/p>\n\n\n\n<p>Daxili \u0130\u015fl\u0259r Nazirliyinin M\u0259tbuat Xidm\u0259tinin L\u0259nk\u0259ran regional qrupunun ba\u015f inspektoru M\u0259h\u0259mm\u0259d Rzayev d\u0259 Xalid R\u0259himovun saxland\u0131\u011f\u0131n\u0131 t\u0259sdiql\u0259yib. O bildirib ki, cinay\u0259t i\u015finin materiallar\u0131 aidiyy\u0259ti \u00fczr\u0259 L\u0259nk\u0259ran Rayon Prokurorlu\u011funa g\u00f6nd\u0259rilib.<\/p>\n\n\n\n<p>Xalid R\u0259himov 2021-ci ild\u0259 icra ba\u015f\u00e7\u0131s\u0131n\u0131n m\u00fcavini v\u0259zif\u0259sind\u0259 \u00e7al\u0131\u015f\u0131b.<\/p>\n\n\n\n<p>Onun \u00f6z\u00fcn\u00fcn v\u0259 ya yax\u0131nlar\u0131n\u0131n bu ittihamlara m\u00fcnasib\u0259ti m\u0259lum deyil.<\/p>\n","protected":false},"excerpt":{"rendered":"<p>Xalid R\u0259himovla ba\u011fl\u0131 2 ayl\u0131q h\u0259bs q\u0259timkan t\u0259dbiri se\u00e7ilib L\u0259nk\u0259ran &#8230; <\/p>\n<p class=\"read-more-container\"><a title=\"L\u0259nk\u0259randa icra ba\u015f\u00e7\u0131s\u0131n\u0131n ke\u00e7mi\u015f m\u00fcavini xuliqanl\u0131qda ittiham olunur\" class=\"read-more button\" href=\"https:\/\/www.meydan.tv\/az\/article\/lenkeranda-icra-bascisinin-kecmis-muavini-xuliqanliqda-ittiham-olunur\/#more-276976\" aria-label=\"Read more about L\u0259nk\u0259randa icra ba\u015f\u00e7\u0131s\u0131n\u0131n ke\u00e7mi\u015f m\u00fcavini xuliqanl\u0131qda ittiham olunur\">Davam\u0131<\/a><\/p>\n","protected":false},"author":8,"featured_media":276973,"comment_status":"closed","ping_status":"closed","sticky":false,"template":"","format":"standard","meta":{"_acf_changed":false,"_sitemap_exclude":false,"_sitemap_priority":"","_sitemap_frequency":"","footnotes":""},"categories":[60,56],"tags":[],"class_list":["post-276976","post","type-post","status-publish","format-standard","has-post-thumbnail","hentry","category-bolge","category-xeberler","infinite-scroll-item","generate-columns","tablet-grid-50","mobile-grid-100","grid-parent","grid-33","no-featured-image-padding"],"acf":[],"yoast_head":"<!-- This site is optimized with the Yoast SEO plugin v27.5 - https:\/\/yoast.com\/product\/yoast-seo-wordpress\/ -->\n<title>L\u0259nk\u0259randa icra ba\u015f\u00e7\u0131s\u0131n\u0131n ke\u00e7mi\u015f m\u00fcavini xuliqanl\u0131qda ittiham olunur - MEYDAN.TV<\/title>\n<meta name=\"robots\" content=\"index, follow, max-snippet:-1, max-image-preview:large, max-video-preview:-1\" \/>\n<link rel=\"canonical\" href=\"https:\/\/www.meydan.tv\/az\/article\/lenkeranda-icra-bascisinin-kecmis-muavini-xuliqanliqda-ittiham-olunur\/\" \/>\n<meta property=\"og:locale\" content=\"az_AZ\" \/>\n<meta property=\"og:type\" content=\"article\" \/>\n<meta property=\"og:title\" content=\"L\u0259nk\u0259randa icra ba\u015f\u00e7\u0131s\u0131n\u0131n ke\u00e7mi\u015f m\u00fcavini xuliqanl\u0131qda ittiham olunur - MEYDAN.TV\" \/>\n<meta property=\"og:description\" content=\"Xalid R\u0259himovla ba\u011fl\u0131 2 ayl\u0131q h\u0259bs q\u0259timkan t\u0259dbiri se\u00e7ilib L\u0259nk\u0259ran ... Davam\u0131\" \/>\n<meta property=\"og:url\" content=\"https:\/\/www.meydan.tv\/az\/article\/lenkeranda-icra-bascisinin-kecmis-muavini-xuliqanliqda-ittiham-olunur\/\" \/>\n<meta property=\"og:site_name\" content=\"MEYDAN.TV\" \/>\n<meta property=\"article:published_time\" content=\"2023-06-06T11:13:03+00:00\" \/>\n<meta property=\"article:modified_time\" content=\"2023-06-06T11:13:06+00:00\" \/>\n<meta property=\"og:image\" content=\"https:\/\/www.meydan.tv\/wp-content\/uploads\/c7eee04e-f03c-39ee-99f4-82d75eebcdf3_850-e1686049941530.jpg\" \/>\n\t<meta property=\"og:image:width\" content=\"1200\" \/>\n\t<meta property=\"og:image:height\" content=\"522\" \/>\n\t<meta property=\"og:image:type\" content=\"image\/jpeg\" \/>\n<meta name=\"author\" content=\"elli\" \/>\n<meta name=\"twitter:card\" content=\"summary_large_image\" \/>\n<meta name=\"twitter:creator\" content=\"@elli\" \/>\n<script type=\"application\/ld+json\" class=\"yoast-schema-graph\">{\"@context\":\"https:\\\/\\\/schema.org\",\"@graph\":[{\"@type\":\"Article\",\"@id\":\"https:\\\/\\\/www.meydan.tv\\\/az\\\/article\\\/lenkeranda-icra-bascisinin-kecmis-muavini-xuliqanliqda-ittiham-olunur\\\/#article\",\"isPartOf\":{\"@id\":\"https:\\\/\\\/www.meydan.tv\\\/az\\\/article\\\/lenkeranda-icra-bascisinin-kecmis-muavini-xuliqanliqda-ittiham-olunur\\\/\"},\"author\":{\"name\":\"elli\",\"@id\":\"https:\\\/\\\/www.meydan.tv\\\/az\\\/#\\\/schema\\\/person\\\/9cdbecf90d17180ce1dfbd95b08dcf47\"},\"headline\":\"L\u0259nk\u0259randa icra ba\u015f\u00e7\u0131s\u0131n\u0131n ke\u00e7mi\u015f m\u00fcavini xuliqanl\u0131qda ittiham olunur\",\"datePublished\":\"2023-06-06T11:13:03+00:00\",\"dateModified\":\"2023-06-06T11:13:06+00:00\",\"mainEntityOfPage\":{\"@id\":\"https:\\\/\\\/www.meydan.tv\\\/az\\\/article\\\/lenkeranda-icra-bascisinin-kecmis-muavini-xuliqanliqda-ittiham-olunur\\\/\"},\"wordCount\":333,\"publisher\":{\"@id\":\"https:\\\/\\\/www.meydan.tv\\\/az\\\/#organization\"},\"image\":{\"@id\":\"https:\\\/\\\/www.meydan.tv\\\/az\\\/article\\\/lenkeranda-icra-bascisinin-kecmis-muavini-xuliqanliqda-ittiham-olunur\\\/#primaryimage\"},\"thumbnailUrl\":\"https:\\\/\\\/www.meydan.tv\\\/wp-content\\\/uploads\\\/c7eee04e-f03c-39ee-99f4-82d75eebcdf3_850-e1686049941530.jpg\",\"articleSection\":[\"B\u00f6lg\u0259\",\"X\u0259b\u0259rl\u0259r\"],\"inLanguage\":\"az\"},{\"@type\":\"WebPage\",\"@id\":\"https:\\\/\\\/www.meydan.tv\\\/az\\\/article\\\/lenkeranda-icra-bascisinin-kecmis-muavini-xuliqanliqda-ittiham-olunur\\\/\",\"url\":\"https:\\\/\\\/www.meydan.tv\\\/az\\\/article\\\/lenkeranda-icra-bascisinin-kecmis-muavini-xuliqanliqda-ittiham-olunur\\\/\",\"name\":\"L\u0259nk\u0259randa icra ba\u015f\u00e7\u0131s\u0131n\u0131n ke\u00e7mi\u015f m\u00fcavini xuliqanl\u0131qda ittiham olunur - MEYDAN.TV\",\"isPartOf\":{\"@id\":\"https:\\\/\\\/www.meydan.tv\\\/az\\\/#website\"},\"primaryImageOfPage\":{\"@id\":\"https:\\\/\\\/www.meydan.tv\\\/az\\\/article\\\/lenkeranda-icra-bascisinin-kecmis-muavini-xuliqanliqda-ittiham-olunur\\\/#primaryimage\"},\"image\":{\"@id\":\"https:\\\/\\\/www.meydan.tv\\\/az\\\/article\\\/lenkeranda-icra-bascisinin-kecmis-muavini-xuliqanliqda-ittiham-olunur\\\/#primaryimage\"},\"thumbnailUrl\":\"https:\\\/\\\/www.meydan.tv\\\/wp-content\\\/uploads\\\/c7eee04e-f03c-39ee-99f4-82d75eebcdf3_850-e1686049941530.jpg\",\"datePublished\":\"2023-06-06T11:13:03+00:00\",\"dateModified\":\"2023-06-06T11:13:06+00:00\",\"breadcrumb\":{\"@id\":\"https:\\\/\\\/www.meydan.tv\\\/az\\\/article\\\/lenkeranda-icra-bascisinin-kecmis-muavini-xuliqanliqda-ittiham-olunur\\\/#breadcrumb\"},\"inLanguage\":\"az\",\"potentialAction\":[{\"@type\":\"ReadAction\",\"target\":[\"https:\\\/\\\/www.meydan.tv\\\/az\\\/article\\\/lenkeranda-icra-bascisinin-kecmis-muavini-xuliqanliqda-ittiham-olunur\\\/\"]}]},{\"@type\":\"ImageObject\",\"inLanguage\":\"az\",\"@id\":\"https:\\\/\\\/www.meydan.tv\\\/az\\\/article\\\/lenkeranda-icra-bascisinin-kecmis-muavini-xuliqanliqda-ittiham-olunur\\\/#primaryimage\",\"url\":\"https:\\\/\\\/www.meydan.tv\\\/wp-content\\\/uploads\\\/c7eee04e-f03c-39ee-99f4-82d75eebcdf3_850-e1686049941530.jpg\",\"contentUrl\":\"https:\\\/\\\/www.meydan.tv\\\/wp-content\\\/uploads\\\/c7eee04e-f03c-39ee-99f4-82d75eebcdf3_850-e1686049941530.jpg\",\"width\":1200,\"height\":522,\"caption\":\"Xalid R\u0259himov. Foto: report\"},{\"@type\":\"BreadcrumbList\",\"@id\":\"https:\\\/\\\/www.meydan.tv\\\/az\\\/article\\\/lenkeranda-icra-bascisinin-kecmis-muavini-xuliqanliqda-ittiham-olunur\\\/#breadcrumb\",\"itemListElement\":[{\"@type\":\"ListItem\",\"position\":1,\"name\":\"Ana s\u0259hif\u0259\",\"item\":\"https:\\\/\\\/www.meydan.tv\\\/az\\\/\"},{\"@type\":\"ListItem\",\"position\":2,\"name\":\"B\u00f6lg\u0259\",\"item\":\"https:\\\/\\\/www.meydan.tv\\\/az\\\/section\\\/bolge\\\/\"},{\"@type\":\"ListItem\",\"position\":3,\"name\":\"L\u0259nk\u0259randa icra ba\u015f\u00e7\u0131s\u0131n\u0131n ke\u00e7mi\u015f m\u00fcavini xuliqanl\u0131qda ittiham olunur\"}]},{\"@type\":\"WebSite\",\"@id\":\"https:\\\/\\\/www.meydan.tv\\\/az\\\/#website\",\"url\":\"https:\\\/\\\/www.meydan.tv\\\/az\\\/\",\"name\":\"MEYDAN.TV\",\"description\":\"Meydan TV Az\u0259rbaycan\u0131n media m\u0259kan\u0131ndak\u0131 alternativ s\u0259sidir\",\"publisher\":{\"@id\":\"https:\\\/\\\/www.meydan.tv\\\/az\\\/#organization\"},\"potentialAction\":[{\"@type\":\"SearchAction\",\"target\":{\"@type\":\"EntryPoint\",\"urlTemplate\":\"https:\\\/\\\/www.meydan.tv\\\/az\\\/?s={search_term_string}\"},\"query-input\":{\"@type\":\"PropertyValueSpecification\",\"valueRequired\":true,\"valueName\":\"search_term_string\"}}],\"inLanguage\":\"az\"},{\"@type\":\"Organization\",\"@id\":\"https:\\\/\\\/www.meydan.tv\\\/az\\\/#organization\",\"name\":\"Meydan TV\",\"url\":\"https:\\\/\\\/www.meydan.tv\\\/az\\\/\",\"logo\":{\"@type\":\"ImageObject\",\"inLanguage\":\"az\",\"@id\":\"https:\\\/\\\/www.meydan.tv\\\/az\\\/#\\\/schema\\\/logo\\\/image\\\/\",\"url\":\"https:\\\/\\\/www.meydan.tv\\\/wp-content\\\/uploads\\\/2021\\\/07\\\/meydan-logo.svg\",\"contentUrl\":\"https:\\\/\\\/www.meydan.tv\\\/wp-content\\\/uploads\\\/2021\\\/07\\\/meydan-logo.svg\",\"width\":195,\"height\":46,\"caption\":\"Meydan TV\"},\"image\":{\"@id\":\"https:\\\/\\\/www.meydan.tv\\\/az\\\/#\\\/schema\\\/logo\\\/image\\\/\"}},{\"@type\":\"Person\",\"@id\":\"https:\\\/\\\/www.meydan.tv\\\/az\\\/#\\\/schema\\\/person\\\/9cdbecf90d17180ce1dfbd95b08dcf47\",\"name\":\"elli\",\"sameAs\":[\"https:\\\/\\\/x.com\\\/elli\"]}]}<\/script>\n<!-- \/ Yoast SEO plugin. -->","yoast_head_json":{"title":"L\u0259nk\u0259randa icra ba\u015f\u00e7\u0131s\u0131n\u0131n ke\u00e7mi\u015f m\u00fcavini xuliqanl\u0131qda ittiham olunur - MEYDAN.TV","robots":{"index":"index","follow":"follow","max-snippet":"max-snippet:-1","max-image-preview":"max-image-preview:large","max-video-preview":"max-video-preview:-1"},"canonical":"https:\/\/www.meydan.tv\/az\/article\/lenkeranda-icra-bascisinin-kecmis-muavini-xuliqanliqda-ittiham-olunur\/","og_locale":"az_AZ","og_type":"article","og_title":"L\u0259nk\u0259randa icra ba\u015f\u00e7\u0131s\u0131n\u0131n ke\u00e7mi\u015f m\u00fcavini xuliqanl\u0131qda ittiham olunur - MEYDAN.TV","og_description":"Xalid R\u0259himovla ba\u011fl\u0131 2 ayl\u0131q h\u0259bs q\u0259timkan t\u0259dbiri se\u00e7ilib L\u0259nk\u0259ran ... Davam\u0131","og_url":"https:\/\/www.meydan.tv\/az\/article\/lenkeranda-icra-bascisinin-kecmis-muavini-xuliqanliqda-ittiham-olunur\/","og_site_name":"MEYDAN.TV","article_published_time":"2023-06-06T11:13:03+00:00","article_modified_time":"2023-06-06T11:13:06+00:00","og_image":[{"width":1200,"height":522,"url":"https:\/\/www.meydan.tv\/wp-content\/uploads\/c7eee04e-f03c-39ee-99f4-82d75eebcdf3_850-e1686049941530.jpg","type":"image\/jpeg"}],"author":"elli","twitter_card":"summary_large_image","twitter_creator":"@elli","schema":{"@context":"https:\/\/schema.org","@graph":[{"@type":"Article","@id":"https:\/\/www.meydan.tv\/az\/article\/lenkeranda-icra-bascisinin-kecmis-muavini-xuliqanliqda-ittiham-olunur\/#article","isPartOf":{"@id":"https:\/\/www.meydan.tv\/az\/article\/lenkeranda-icra-bascisinin-kecmis-muavini-xuliqanliqda-ittiham-olunur\/"},"author":{"name":"elli","@id":"https:\/\/www.meydan.tv\/az\/#\/schema\/person\/9cdbecf90d17180ce1dfbd95b08dcf47"},"headline":"L\u0259nk\u0259randa icra ba\u015f\u00e7\u0131s\u0131n\u0131n ke\u00e7mi\u015f m\u00fcavini xuliqanl\u0131qda ittiham olunur","datePublished":"2023-06-06T11:13:03+00:00","dateModified":"2023-06-06T11:13:06+00:00","mainEntityOfPage":{"@id":"https:\/\/www.meydan.tv\/az\/article\/lenkeranda-icra-bascisinin-kecmis-muavini-xuliqanliqda-ittiham-olunur\/"},"wordCount":333,"publisher":{"@id":"https:\/\/www.meydan.tv\/az\/#organization"},"image":{"@id":"https:\/\/www.meydan.tv\/az\/article\/lenkeranda-icra-bascisinin-kecmis-muavini-xuliqanliqda-ittiham-olunur\/#primaryimage"},"thumbnailUrl":"https:\/\/www.meydan.tv\/wp-content\/uploads\/c7eee04e-f03c-39ee-99f4-82d75eebcdf3_850-e1686049941530.jpg","articleSection":["B\u00f6lg\u0259","X\u0259b\u0259rl\u0259r"],"inLanguage":"az"},{"@type":"WebPage","@id":"https:\/\/www.meydan.tv\/az\/article\/lenkeranda-icra-bascisinin-kecmis-muavini-xuliqanliqda-ittiham-olunur\/","url":"https:\/\/www.meydan.tv\/az\/article\/lenkeranda-icra-bascisinin-kecmis-muavini-xuliqanliqda-ittiham-olunur\/","name":"L\u0259nk\u0259randa icra ba\u015f\u00e7\u0131s\u0131n\u0131n ke\u00e7mi\u015f m\u00fcavini xuliqanl\u0131qda ittiham olunur - MEYDAN.TV","isPartOf":{"@id":"https:\/\/www.meydan.tv\/az\/#website"},"primaryImageOfPage":{"@id":"https:\/\/www.meydan.tv\/az\/article\/lenkeranda-icra-bascisinin-kecmis-muavini-xuliqanliqda-ittiham-olunur\/#primaryimage"},"image":{"@id":"https:\/\/www.meydan.tv\/az\/article\/lenkeranda-icra-bascisinin-kecmis-muavini-xuliqanliqda-ittiham-olunur\/#primaryimage"},"thumbnailUrl":"https:\/\/www.meydan.tv\/wp-content\/uploads\/c7eee04e-f03c-39ee-99f4-82d75eebcdf3_850-e1686049941530.jpg","datePublished":"2023-06-06T11:13:03+00:00","dateModified":"2023-06-06T11:13:06+00:00","breadcrumb":{"@id":"https:\/\/www.meydan.tv\/az\/article\/lenkeranda-icra-bascisinin-kecmis-muavini-xuliqanliqda-ittiham-olunur\/#breadcrumb"},"inLanguage":"az","potentialAction":[{"@type":"ReadAction","target":["https:\/\/www.meydan.tv\/az\/article\/lenkeranda-icra-bascisinin-kecmis-muavini-xuliqanliqda-ittiham-olunur\/"]}]},{"@type":"ImageObject","inLanguage":"az","@id":"https:\/\/www.meydan.tv\/az\/article\/lenkeranda-icra-bascisinin-kecmis-muavini-xuliqanliqda-ittiham-olunur\/#primaryimage","url":"https:\/\/www.meydan.tv\/wp-content\/uploads\/c7eee04e-f03c-39ee-99f4-82d75eebcdf3_850-e1686049941530.jpg","contentUrl":"https:\/\/www.meydan.tv\/wp-content\/uploads\/c7eee04e-f03c-39ee-99f4-82d75eebcdf3_850-e1686049941530.jpg","width":1200,"height":522,"caption":"Xalid R\u0259himov. Foto: report"},{"@type":"BreadcrumbList","@id":"https:\/\/www.meydan.tv\/az\/article\/lenkeranda-icra-bascisinin-kecmis-muavini-xuliqanliqda-ittiham-olunur\/#breadcrumb","itemListElement":[{"@type":"ListItem","position":1,"name":"Ana s\u0259hif\u0259","item":"https:\/\/www.meydan.tv\/az\/"},{"@type":"ListItem","position":2,"name":"B\u00f6lg\u0259","item":"https:\/\/www.meydan.tv\/az\/section\/bolge\/"},{"@type":"ListItem","position":3,"name":"L\u0259nk\u0259randa icra ba\u015f\u00e7\u0131s\u0131n\u0131n ke\u00e7mi\u015f m\u00fcavini xuliqanl\u0131qda ittiham olunur"}]},{"@type":"WebSite","@id":"https:\/\/www.meydan.tv\/az\/#website","url":"https:\/\/www.meydan.tv\/az\/","name":"MEYDAN.TV","description":"Meydan TV Az\u0259rbaycan\u0131n media m\u0259kan\u0131ndak\u0131 alternativ s\u0259sidir","publisher":{"@id":"https:\/\/www.meydan.tv\/az\/#organization"},"potentialAction":[{"@type":"SearchAction","target":{"@type":"EntryPoint","urlTemplate":"https:\/\/www.meydan.tv\/az\/?s={search_term_string}"},"query-input":{"@type":"PropertyValueSpecification","valueRequired":true,"valueName":"search_term_string"}}],"inLanguage":"az"},{"@type":"Organization","@id":"https:\/\/www.meydan.tv\/az\/#organization","name":"Meydan TV","url":"https:\/\/www.meydan.tv\/az\/","logo":{"@type":"ImageObject","inLanguage":"az","@id":"https:\/\/www.meydan.tv\/az\/#\/schema\/logo\/image\/","url":"https:\/\/www.meydan.tv\/wp-content\/uploads\/2021\/07\/meydan-logo.svg","contentUrl":"https:\/\/www.meydan.tv\/wp-content\/uploads\/2021\/07\/meydan-logo.svg","width":195,"height":46,"caption":"Meydan TV"},"image":{"@id":"https:\/\/www.meydan.tv\/az\/#\/schema\/logo\/image\/"}},{"@type":"Person","@id":"https:\/\/www.meydan.tv\/az\/#\/schema\/person\/9cdbecf90d17180ce1dfbd95b08dcf47","name":"elli","sameAs":["https:\/\/x.com\/elli"]}]}},"_links":{"self":[{"href":"https:\/\/www.meydan.tv\/az\/wp-json\/wp\/v2\/posts\/276976","targetHints":{"allow":["GET"]}}],"collection":[{"href":"https:\/\/www.meydan.tv\/az\/wp-json\/wp\/v2\/posts"}],"about":[{"href":"https:\/\/www.meydan.tv\/az\/wp-json\/wp\/v2\/types\/post"}],"author":[{"embeddable":true,"href":"https:\/\/www.meydan.tv\/az\/wp-json\/wp\/v2\/users\/8"}],"replies":[{"embeddable":true,"href":"https:\/\/www.meydan.tv\/az\/wp-json\/wp\/v2\/comments?post=276976"}],"version-history":[{"count":1,"href":"https:\/\/www.meydan.tv\/az\/wp-json\/wp\/v2\/posts\/276976\/revisions"}],"predecessor-version":[{"id":276977,"href":"https:\/\/www.meydan.tv\/az\/wp-json\/wp\/v2\/posts\/276976\/revisions\/276977"}],"wp:featuredmedia":[{"embeddable":true,"href":"https:\/\/www.meydan.tv\/az\/wp-json\/wp\/v2\/media\/276973"}],"wp:attachment":[{"href":"https:\/\/www.meydan.tv\/az\/wp-json\/wp\/v2\/media?parent=276976"}],"wp:term":[{"taxonomy":"category","embeddable":true,"href":"https:\/\/www.meydan.tv\/az\/wp-json\/wp\/v2\/categories?post=276976"},{"taxonomy":"post_tag","embeddable":true,"href":"https:\/\/www.meydan.tv\/az\/wp-json\/wp\/v2\/tags?post=276976"}],"curies":[{"name":"wp","href":"https:\/\/api.w.org\/{rel}","templated":true}]}}