{"id":276765,"date":"2023-06-02T19:12:24","date_gmt":"2023-06-02T15:12:24","guid":{"rendered":"https:\/\/www.meydan.tv\/?p=276765"},"modified":"2023-06-02T19:12:27","modified_gmt":"2023-06-02T15:12:27","slug":"ilkin-suleymanov-ailesi-nerminin-basina-gelenlerin-arasdirilmasinda-maraqli-deyil","status":"publish","type":"post","link":"https:\/\/www.meydan.tv\/az\/article\/ilkin-suleymanov-ailesi-nerminin-basina-gelenlerin-arasdirilmasinda-maraqli-deyil\/","title":{"rendered":"\u0130lkin S\u00fcleymanov: \u201cAil\u0259si N\u0259rminin ba\u015f\u0131na g\u0259l\u0259nl\u0259rin ara\u015fd\u0131r\u0131lmas\u0131nda maraql\u0131 deyil\u201d"},"content":{"rendered":"\n<p><\/p>\n\n\n\n<p><strong><em>Hakim t\u0259qsirl\u0259ndiril\u0259n \u015f\u0259xsin son s\u00f6z dem\u0259sin\u0259 mane olub<\/em><\/strong><\/p>\n\n\n\n<p><em>&#8220;N\u0259rminin ail\u0259sinin m\u0259n\u0259 qar\u015f\u0131 q\u0259r\u0259zind\u0259n dan\u0131\u015fmaq ist\u0259yir\u0259m. Meyitl\u0259 ba\u011fl\u0131 \u015f\u00fcbh\u0259l\u0259rimiz var. Amma ail\u0259si ekskumasiyaya q\u0259ti \u015f\u0259kild\u0259 etiraz etdi. T\u0259\u0259ss\u00fcf edir\u0259m ki, ail\u0259 N\u0259rminin ba\u015f\u0131na g\u0259l\u0259nl\u0259rin obyektiv ara\u015fd\u0131r\u0131lmas\u0131nda maraql\u0131 deyil. \u018fksin\u0259, onlar\u0131n bir m\u00f6vqeyi var ki, \u0130lkin S\u00fcleymanov tutulub, o da c\u0259za als\u0131n\u201d,<\/em> &#8211; bu, Tovuz rayonunun Dondar Qu\u015f\u00e7u k\u0259ndind\u0259 11 ya\u015fl\u0131 N\u0259rmin Quliyevan\u0131 o\u011furlay\u0131b \u00f6ld\u00fcrm\u0259kd\u0259, meyiti is\u0259 yand\u0131rmaqda ittiham olunan \u0130lkin S\u00fcleymanovun fikirl\u0259ridir.<\/p>\n\n\n\n<p>O, iyunun 2-d\u0259 m\u0259hk\u0259m\u0259d\u0259 son s\u00f6z\u00fcn\u00fc deyib.<\/p>\n\n\n\n<p>G\u0259nc\u0259 A\u011f\u0131r Cinay\u0259tl\u0259r M\u0259hk\u0259m\u0259sind\u0259 bu i\u015f \u00fczr\u0259 iki ildir davam ed\u0259n m\u0259hk\u0259m\u0259 prosesi art\u0131q yekunla\u015f\u0131r. \u0130yunun 5-d\u0259 bu i\u015f \u00fczr\u0259 h\u00f6km elan olunacaq.<\/p>\n\n\n\n<p>\u0130lkin S\u00fcleymanov iyunun 2-d\u0259 son s\u00f6z\u00fcn\u00fc dey\u0259nd\u0259 hakim bir ne\u00e7\u0259 d\u0259f\u0259 onun \u00e7\u0131x\u0131\u015f\u0131n\u0131 k\u0259sib. <\/p>\n\n\n\n<p>Lap \u0259vv\u0259ld\u0259 t\u0259qsirl\u0259ndiril\u0259n \u015f\u0259xs \u00f6z\u00fcn\u00fc s\u0259ciyy\u0259l\u0259ndir\u0259n hallar\u0131 sadalamaq ist\u0259yib. O, ziyal\u0131 ail\u0259sind\u0259 do\u011fuldunu bildirib, lakin hakim s\u00f6z\u00fcn\u00fc k\u0259sib: <em>&#8220;Xahi\u015fin n\u0259di, onu de&#8230;&#8221;.<\/em><br>\u0130lkin S\u00fcleymanov bildirib ki, bu cinay\u0259t i\u015fg\u0259nc\u0259 yoluyla onun \u00fcz\u0259rin\u0259 qoyulub.<\/p>\n\n\n\n<p><em>\u201cM\u0259hk\u0259m\u0259d\u0259 \u00e7\u0131x\u0131\u015flar\u0131m\u0131zda \u00fcz\u0259 \u00e7\u0131xartd\u0131\u011f\u0131m\u0131z saxtakarl\u0131qlar\u0131n he\u00e7 biri onlar\u0131 maraqland\u0131rm\u0131r. Halbuki, bunlar ilk n\u00f6vb\u0259d\u0259 ata olaraq \u015e\u0259rifin \u00f6z\u00fcn\u00fc maraqland\u0131rmal\u0131yd\u0131\u201d,<\/em> &#8211; \u0130lkin S\u00fcleymanov N\u0259rminin ail\u0259si il\u0259 ba\u011fl\u0131 deyib.<\/p>\n\n\n\n<p>Onun s\u00f6zl\u0259rin\u0259 g\u00f6r\u0259, t\u0259hdid, t\u0259zyiq prosesind\u0259 Daxili \u0130\u015fl\u0259r Nazirliyinin Ba\u015f Cinay\u0259t Axtar\u0131\u015f \u0130dar\u0259sinin r\u0259isi Arzu Da\u015fd\u0259mirov, Ba\u015f Prokurorlu\u011fun idar\u0259 r\u0259isi Kamal Q\u0131l\u0131cov, Tovuzun o vaxtk\u0131 polis r\u0259isi \u015eirzad \u018fsg\u0259rov, onun m\u00fcavini \u015eahlar C\u0259f\u0259rov v\u0259 dig\u0259rl\u0259rinin adlar\u0131n\u0131 \u00e7\u0259kib.<\/p>\n\n\n\n<p>O, cinay\u0259tin motivi haqda cinay\u0259t i\u015finin materiallar\u0131nda yaz\u0131lanlara da toxunub:<\/p>\n\n\n\n<p><em>&#8220;M\u0259n \u00f6vladl\u0131\u011fa u\u015faq g\u00f6t\u00fcr\u00fcrd\u00fcms\u0259, onu niy\u0259 47 g\u00fcn soyuq otaqda saxlay\u0131rd\u0131m, ona niy\u0259 \u0259zab verirdim? Burada m\u0259ntiq yoxdur. \u0130kincisi, m\u0259nim yax\u0131nlar\u0131m\u0131n u\u015faqlar\u0131 var, onlardan g\u00f6t\u00fcr\u00fcb saxlayard\u0131m. \u00dc\u00e7\u00fcnc\u00fcs\u00fc, ekspertiza r\u0259y verib ki, m\u0259n t\u0259kliy\u0259 meylli, \u00fcnsiyy\u0259tcil olmayan biriy\u0259m. Do\u011frudur. M\u0259n niy\u0259 \u00f6vladl\u0131\u011fa u\u015faq g\u00f6t\u00fcrm\u0259k ist\u0259yim? Ekspertiza m\u0259nim psixi bax\u0131mdan sa\u011flam olma\u011f\u0131m haqda r\u0259y verib. Halbuki, h\u0259m \u00f6vladl\u0131\u011fa g\u00f6t\u00fcrm\u0259k m\u0259qs\u0259dil\u0259 u\u015faq o\u011furlas\u0131n, h\u0259m d\u0259 onu soyuq otaqda saxlas\u0131n, \u0259zab versin &#8211; bunu anlaqs\u0131z, psixi x\u0259st\u0259 adam el\u0259y\u0259r&#8230;&#8221;.<\/em><\/p>\n\n\n\n<p>\u0130lkin S\u00fcleymanov bildirib ki, N\u0259rmin itkin d\u00fc\u015f\u0259nd\u0259 \u0259lind\u0259 atas\u0131na m\u0259xsus g\u00f6d\u0259k\u00e7\u0259, qula\u011f\u0131nda s\u0131r\u011fa oldu\u011fu yaz\u0131l\u0131b. Lakin istintaq bu geyim v\u0259 \u0259\u015fyalar\u0131n aqib\u0259tini ara\u015fd\u0131rmay\u0131b: <\/p>\n\n\n\n<p><em>&#8220;H\u0259y\u0259timizd\u0259 metalaxtaranla axtar\u0131\u015f apar\u0131l\u0131b, he\u00e7 n\u0259 tap\u0131lmay\u0131b. Han\u0131 o s\u0131r\u011fa, g\u00f6d\u0259k\u00e7\u0259?&#8221;<\/em>.<\/p>\n\n\n\n<p>Hakim \u0130lkin S\u00fcleymanova prokurorun \u00e7\u0131x\u0131\u015f\u0131na &#8211; ona 20 il h\u0259bs c\u0259zas\u0131 t\u0259l\u0259bin\u0259 d\u0259 m\u00fcnasib\u0259t bildirm\u0259y\u0259 imkan verm\u0259yib:<br><em>\u00a0&#8220;\u00d6z\u00fcnd\u0259n dan\u0131\u015f, xahi\u015fin n\u0259di, onu de&#8230;&#8221;.<\/em><\/p>\n\n\n\n<p>\u0130lkin S\u00fcleymanov bu \u00fczd\u0259n son s\u00f6z\u00fcn\u00fc yekunla\u015fd\u0131r\u0131b:<\/p>\n\n\n\n<p><em>&#8220;M\u0259n bu cinay\u0259td\u0259 \u015f\u0259rl\u0259n\u0259r\u0259k, he\u00e7 bir g\u00fcnah\u0131m olmadan h\u0259bs olunmu\u015fam. 3 il yar\u0131md\u0131r ki, h\u0259bsd\u0259 saxlan\u0131l\u0131ram. M\u0259hk\u0259m\u0259d\u0259n d\u0259 xahi\u015fim budur ki, bu \u0259dal\u0259tsizliy\u0259 son qoyulsun. \u018fdal\u0259tsizliy\u0259 son qoyulmas\u0131 is\u0259 b\u0259ra\u0259t h\u00f6km\u00fc \u00e7\u0131xar\u0131lmas\u0131 olar\u201d.<\/em><\/p>\n\n\n\n<p>2009-cu il t\u0259v\u0259ll\u00fcdl\u00fc N\u0259rmin Quliyeva 2019-cu il noyabr\u0131n 21-d\u0259 ya\u015fad\u0131\u011f\u0131 Tovuz rayonunun Dondar Qu\u015f\u00e7u k\u0259ndind\u0259 itkin d\u00fc\u015f\u00fcb. 2020-ci il yanvar\u0131n 6-da k\u0259ndd\u0259 \u0130lkin S\u00fcleymanovgilin evinin qar\u015f\u0131s\u0131nda yand\u0131r\u0131lm\u0131\u015f meyit tap\u0131l\u0131b.<\/p>\n\n\n\n<p>1973-c\u00fc il t\u0259v\u0259ll\u00fcdl\u00fc \u0130lkin S\u00fcleymanov Cinay\u0259t M\u0259c\u0259ll\u0259sinin 120.2.4 (x\u00fcsusi amans\u0131zl\u0131qla q\u0259sd\u0259n adam \u00f6ld\u00fcrm\u0259), 120.2.9 (t\u0259qsirkar \u015f\u0259xs \u00fc\u00e7\u00fcn a\u015fkar sur\u0259td\u0259 k\u00f6m\u0259ksiz v\u0259ziyy\u0259td\u0259 olan adam\u0131 q\u0259sd\u0259n \u00f6ld\u00fcrm\u0259), 133.2.1 (o\u011furlanm\u0131\u015f \u015f\u0259xs\u0259 \u0259zab verm\u0259), 133.2.4 (yetkinlik ya\u015f\u0131na \u00e7atmayan, k\u00f6m\u0259ksiz v\u0259ziyy\u0259td\u0259 olan \u015f\u0259xs\u0259 \u0259zab verm\u0259), 144-c\u00fc (adam o\u011furlu\u011fu) madd\u0259l\u0259ril\u0259 ittiham olunur.<\/p>\n\n\n\n<p>\u0130ttihama \u0259sas\u0259n, o, sinif yolda\u015f\u0131 \u015e\u0259rif Quliyevin ail\u0259si, u\u015faqlar\u0131 oldu\u011funa g\u00f6r\u0259 onu q\u0131sqan\u0131b, buna g\u00f6r\u0259 d\u0259 onun q\u0131z\u0131 N\u0259rmini \u00f6vladl\u0131\u011fa g\u00f6t\u00fcrm\u0259k m\u0259qs\u0259dil\u0259 o\u011furlay\u0131b. Daha sonra q\u0259tl\u0259 yetir\u0259r\u0259k meyiti evl\u0259rinin yax\u0131nl\u0131\u011f\u0131nda yand\u0131r\u0131b.<\/p>\n\n\n\n<p>\u0130lkin S\u00fcleymanov is\u0259 azya\u015fl\u0131n\u0131n \u00f6l\u00fcm\u00fcn\u0259 aidiyy\u0259ti olmad\u0131\u011f\u0131n\u0131 deyir. \u0130stintaqdak\u0131 fad\u0259sind\u0259ki etirafa g\u0259linc\u0259, o bildirib ki, 2020-ci il yanvar\u0131n 6-dan 10-na q\u0259d\u0259r Tovuz rayon Polis \u015e\u00f6b\u0259sind\u0259 i\u015fg\u0259nc\u0259y\u0259 m\u0259ruz qal\u0131b. D\u00f6rd g\u00fcn sonra i\u015fg\u0259nc\u0259l\u0259r\u0259 d\u00f6zm\u0259y\u0259r\u0259k, etiraf ifad\u0259sin\u0259 imza atma\u011fa m\u0259cbur olub.<\/p>\n\n\n\n<p>Ba\u015f Prokurorluq is\u0259 i\u015fg\u0259nc\u0259 iddialar\u0131n\u0131 t\u0259kzib edib.<\/p>\n","protected":false},"excerpt":{"rendered":"<p>Hakim t\u0259qsirl\u0259ndiril\u0259n \u015f\u0259xsin son s\u00f6z dem\u0259sin\u0259 mane olub &#8220;N\u0259rminin ail\u0259sinin &#8230; <\/p>\n<p class=\"read-more-container\"><a title=\"\u0130lkin S\u00fcleymanov: \u201cAil\u0259si N\u0259rminin ba\u015f\u0131na g\u0259l\u0259nl\u0259rin ara\u015fd\u0131r\u0131lmas\u0131nda maraql\u0131 deyil\u201d\" class=\"read-more button\" href=\"https:\/\/www.meydan.tv\/az\/article\/ilkin-suleymanov-ailesi-nerminin-basina-gelenlerin-arasdirilmasinda-maraqli-deyil\/#more-276765\" aria-label=\"Read more about \u0130lkin S\u00fcleymanov: \u201cAil\u0259si N\u0259rminin ba\u015f\u0131na g\u0259l\u0259nl\u0259rin ara\u015fd\u0131r\u0131lmas\u0131nda maraql\u0131 deyil\u201d\">Davam\u0131<\/a><\/p>\n","protected":false},"author":8,"featured_media":255098,"comment_status":"closed","ping_status":"closed","sticky":false,"template":"","format":"standard","meta":{"_acf_changed":false,"_sitemap_exclude":false,"_sitemap_priority":"","_sitemap_frequency":"","footnotes":""},"categories":[60,88,56],"tags":[],"class_list":["post-276765","post","type-post","status-publish","format-standard","has-post-thumbnail","hentry","category-bolge","category-redaktor-secimi","category-xeberler","infinite-scroll-item","generate-columns","tablet-grid-50","mobile-grid-100","grid-parent","grid-33","no-featured-image-padding"],"acf":[],"yoast_head":"<!-- This site is optimized with the Yoast SEO plugin v27.5 - https:\/\/yoast.com\/product\/yoast-seo-wordpress\/ -->\n<title>\u0130lkin S\u00fcleymanov: \u201cAil\u0259si N\u0259rminin ba\u015f\u0131na g\u0259l\u0259nl\u0259rin ara\u015fd\u0131r\u0131lmas\u0131nda maraql\u0131 deyil\u201d - MEYDAN.TV<\/title>\n<meta name=\"robots\" content=\"index, follow, max-snippet:-1, max-image-preview:large, max-video-preview:-1\" \/>\n<link rel=\"canonical\" href=\"https:\/\/www.meydan.tv\/az\/article\/ilkin-suleymanov-ailesi-nerminin-basina-gelenlerin-arasdirilmasinda-maraqli-deyil\/\" \/>\n<meta property=\"og:locale\" content=\"az_AZ\" \/>\n<meta property=\"og:type\" content=\"article\" \/>\n<meta property=\"og:title\" content=\"\u0130lkin S\u00fcleymanov: \u201cAil\u0259si N\u0259rminin ba\u015f\u0131na g\u0259l\u0259nl\u0259rin ara\u015fd\u0131r\u0131lmas\u0131nda maraql\u0131 deyil\u201d - MEYDAN.TV\" \/>\n<meta property=\"og:description\" content=\"Hakim t\u0259qsirl\u0259ndiril\u0259n \u015f\u0259xsin son s\u00f6z dem\u0259sin\u0259 mane olub &#8220;N\u0259rminin ail\u0259sinin ... Davam\u0131\" \/>\n<meta property=\"og:url\" content=\"https:\/\/www.meydan.tv\/az\/article\/ilkin-suleymanov-ailesi-nerminin-basina-gelenlerin-arasdirilmasinda-maraqli-deyil\/\" \/>\n<meta property=\"og:site_name\" content=\"MEYDAN.TV\" \/>\n<meta property=\"article:published_time\" content=\"2023-06-02T15:12:24+00:00\" \/>\n<meta property=\"article:modified_time\" content=\"2023-06-02T15:12:27+00:00\" \/>\n<meta property=\"og:image\" content=\"https:\/\/www.meydan.tv\/wp-content\/uploads\/photo-2022-09-07-17-11-47.jpg\" \/>\n\t<meta property=\"og:image:width\" content=\"1200\" \/>\n\t<meta property=\"og:image:height\" content=\"675\" \/>\n\t<meta property=\"og:image:type\" content=\"image\/jpeg\" \/>\n<meta name=\"author\" content=\"elli\" \/>\n<meta name=\"twitter:card\" content=\"summary_large_image\" \/>\n<meta name=\"twitter:creator\" content=\"@elli\" \/>\n<script type=\"application\/ld+json\" class=\"yoast-schema-graph\">{\"@context\":\"https:\\\/\\\/schema.org\",\"@graph\":[{\"@type\":\"Article\",\"@id\":\"https:\\\/\\\/www.meydan.tv\\\/az\\\/article\\\/ilkin-suleymanov-ailesi-nerminin-basina-gelenlerin-arasdirilmasinda-maraqli-deyil\\\/#article\",\"isPartOf\":{\"@id\":\"https:\\\/\\\/www.meydan.tv\\\/az\\\/article\\\/ilkin-suleymanov-ailesi-nerminin-basina-gelenlerin-arasdirilmasinda-maraqli-deyil\\\/\"},\"author\":{\"name\":\"elli\",\"@id\":\"https:\\\/\\\/www.meydan.tv\\\/az\\\/#\\\/schema\\\/person\\\/9cdbecf90d17180ce1dfbd95b08dcf47\"},\"headline\":\"\u0130lkin S\u00fcleymanov: \u201cAil\u0259si N\u0259rminin ba\u015f\u0131na g\u0259l\u0259nl\u0259rin ara\u015fd\u0131r\u0131lmas\u0131nda maraql\u0131 deyil\u201d\",\"datePublished\":\"2023-06-02T15:12:24+00:00\",\"dateModified\":\"2023-06-02T15:12:27+00:00\",\"mainEntityOfPage\":{\"@id\":\"https:\\\/\\\/www.meydan.tv\\\/az\\\/article\\\/ilkin-suleymanov-ailesi-nerminin-basina-gelenlerin-arasdirilmasinda-maraqli-deyil\\\/\"},\"wordCount\":944,\"publisher\":{\"@id\":\"https:\\\/\\\/www.meydan.tv\\\/az\\\/#organization\"},\"image\":{\"@id\":\"https:\\\/\\\/www.meydan.tv\\\/az\\\/article\\\/ilkin-suleymanov-ailesi-nerminin-basina-gelenlerin-arasdirilmasinda-maraqli-deyil\\\/#primaryimage\"},\"thumbnailUrl\":\"https:\\\/\\\/www.meydan.tv\\\/wp-content\\\/uploads\\\/photo-2022-09-07-17-11-47.jpg\",\"articleSection\":[\"B\u00f6lg\u0259\",\"Redaktor se\u00e7imi\",\"X\u0259b\u0259rl\u0259r\"],\"inLanguage\":\"az\"},{\"@type\":\"WebPage\",\"@id\":\"https:\\\/\\\/www.meydan.tv\\\/az\\\/article\\\/ilkin-suleymanov-ailesi-nerminin-basina-gelenlerin-arasdirilmasinda-maraqli-deyil\\\/\",\"url\":\"https:\\\/\\\/www.meydan.tv\\\/az\\\/article\\\/ilkin-suleymanov-ailesi-nerminin-basina-gelenlerin-arasdirilmasinda-maraqli-deyil\\\/\",\"name\":\"\u0130lkin S\u00fcleymanov: \u201cAil\u0259si N\u0259rminin ba\u015f\u0131na g\u0259l\u0259nl\u0259rin ara\u015fd\u0131r\u0131lmas\u0131nda maraql\u0131 deyil\u201d - MEYDAN.TV\",\"isPartOf\":{\"@id\":\"https:\\\/\\\/www.meydan.tv\\\/az\\\/#website\"},\"primaryImageOfPage\":{\"@id\":\"https:\\\/\\\/www.meydan.tv\\\/az\\\/article\\\/ilkin-suleymanov-ailesi-nerminin-basina-gelenlerin-arasdirilmasinda-maraqli-deyil\\\/#primaryimage\"},\"image\":{\"@id\":\"https:\\\/\\\/www.meydan.tv\\\/az\\\/article\\\/ilkin-suleymanov-ailesi-nerminin-basina-gelenlerin-arasdirilmasinda-maraqli-deyil\\\/#primaryimage\"},\"thumbnailUrl\":\"https:\\\/\\\/www.meydan.tv\\\/wp-content\\\/uploads\\\/photo-2022-09-07-17-11-47.jpg\",\"datePublished\":\"2023-06-02T15:12:24+00:00\",\"dateModified\":\"2023-06-02T15:12:27+00:00\",\"breadcrumb\":{\"@id\":\"https:\\\/\\\/www.meydan.tv\\\/az\\\/article\\\/ilkin-suleymanov-ailesi-nerminin-basina-gelenlerin-arasdirilmasinda-maraqli-deyil\\\/#breadcrumb\"},\"inLanguage\":\"az\",\"potentialAction\":[{\"@type\":\"ReadAction\",\"target\":[\"https:\\\/\\\/www.meydan.tv\\\/az\\\/article\\\/ilkin-suleymanov-ailesi-nerminin-basina-gelenlerin-arasdirilmasinda-maraqli-deyil\\\/\"]}]},{\"@type\":\"ImageObject\",\"inLanguage\":\"az\",\"@id\":\"https:\\\/\\\/www.meydan.tv\\\/az\\\/article\\\/ilkin-suleymanov-ailesi-nerminin-basina-gelenlerin-arasdirilmasinda-maraqli-deyil\\\/#primaryimage\",\"url\":\"https:\\\/\\\/www.meydan.tv\\\/wp-content\\\/uploads\\\/photo-2022-09-07-17-11-47.jpg\",\"contentUrl\":\"https:\\\/\\\/www.meydan.tv\\\/wp-content\\\/uploads\\\/photo-2022-09-07-17-11-47.jpg\",\"width\":1200,\"height\":675,\"caption\":\"\u0130lkin S\u00fcleymanov. Foto: Meydan TV\"},{\"@type\":\"BreadcrumbList\",\"@id\":\"https:\\\/\\\/www.meydan.tv\\\/az\\\/article\\\/ilkin-suleymanov-ailesi-nerminin-basina-gelenlerin-arasdirilmasinda-maraqli-deyil\\\/#breadcrumb\",\"itemListElement\":[{\"@type\":\"ListItem\",\"position\":1,\"name\":\"Ana s\u0259hif\u0259\",\"item\":\"https:\\\/\\\/www.meydan.tv\\\/az\\\/\"},{\"@type\":\"ListItem\",\"position\":2,\"name\":\"B\u00f6lg\u0259\",\"item\":\"https:\\\/\\\/www.meydan.tv\\\/az\\\/section\\\/bolge\\\/\"},{\"@type\":\"ListItem\",\"position\":3,\"name\":\"\u0130lkin S\u00fcleymanov: \u201cAil\u0259si N\u0259rminin ba\u015f\u0131na g\u0259l\u0259nl\u0259rin ara\u015fd\u0131r\u0131lmas\u0131nda maraql\u0131 deyil\u201d\"}]},{\"@type\":\"WebSite\",\"@id\":\"https:\\\/\\\/www.meydan.tv\\\/az\\\/#website\",\"url\":\"https:\\\/\\\/www.meydan.tv\\\/az\\\/\",\"name\":\"MEYDAN.TV\",\"description\":\"Meydan TV Az\u0259rbaycan\u0131n media m\u0259kan\u0131ndak\u0131 alternativ s\u0259sidir\",\"publisher\":{\"@id\":\"https:\\\/\\\/www.meydan.tv\\\/az\\\/#organization\"},\"potentialAction\":[{\"@type\":\"SearchAction\",\"target\":{\"@type\":\"EntryPoint\",\"urlTemplate\":\"https:\\\/\\\/www.meydan.tv\\\/az\\\/?s={search_term_string}\"},\"query-input\":{\"@type\":\"PropertyValueSpecification\",\"valueRequired\":true,\"valueName\":\"search_term_string\"}}],\"inLanguage\":\"az\"},{\"@type\":\"Organization\",\"@id\":\"https:\\\/\\\/www.meydan.tv\\\/az\\\/#organization\",\"name\":\"Meydan TV\",\"url\":\"https:\\\/\\\/www.meydan.tv\\\/az\\\/\",\"logo\":{\"@type\":\"ImageObject\",\"inLanguage\":\"az\",\"@id\":\"https:\\\/\\\/www.meydan.tv\\\/az\\\/#\\\/schema\\\/logo\\\/image\\\/\",\"url\":\"https:\\\/\\\/www.meydan.tv\\\/wp-content\\\/uploads\\\/2021\\\/07\\\/meydan-logo.svg\",\"contentUrl\":\"https:\\\/\\\/www.meydan.tv\\\/wp-content\\\/uploads\\\/2021\\\/07\\\/meydan-logo.svg\",\"width\":195,\"height\":46,\"caption\":\"Meydan TV\"},\"image\":{\"@id\":\"https:\\\/\\\/www.meydan.tv\\\/az\\\/#\\\/schema\\\/logo\\\/image\\\/\"}},{\"@type\":\"Person\",\"@id\":\"https:\\\/\\\/www.meydan.tv\\\/az\\\/#\\\/schema\\\/person\\\/9cdbecf90d17180ce1dfbd95b08dcf47\",\"name\":\"elli\",\"sameAs\":[\"https:\\\/\\\/x.com\\\/elli\"]}]}<\/script>\n<!-- \/ Yoast SEO plugin. -->","yoast_head_json":{"title":"\u0130lkin S\u00fcleymanov: \u201cAil\u0259si N\u0259rminin ba\u015f\u0131na g\u0259l\u0259nl\u0259rin ara\u015fd\u0131r\u0131lmas\u0131nda maraql\u0131 deyil\u201d - MEYDAN.TV","robots":{"index":"index","follow":"follow","max-snippet":"max-snippet:-1","max-image-preview":"max-image-preview:large","max-video-preview":"max-video-preview:-1"},"canonical":"https:\/\/www.meydan.tv\/az\/article\/ilkin-suleymanov-ailesi-nerminin-basina-gelenlerin-arasdirilmasinda-maraqli-deyil\/","og_locale":"az_AZ","og_type":"article","og_title":"\u0130lkin S\u00fcleymanov: \u201cAil\u0259si N\u0259rminin ba\u015f\u0131na g\u0259l\u0259nl\u0259rin ara\u015fd\u0131r\u0131lmas\u0131nda maraql\u0131 deyil\u201d - MEYDAN.TV","og_description":"Hakim t\u0259qsirl\u0259ndiril\u0259n \u015f\u0259xsin son s\u00f6z dem\u0259sin\u0259 mane olub &#8220;N\u0259rminin ail\u0259sinin ... Davam\u0131","og_url":"https:\/\/www.meydan.tv\/az\/article\/ilkin-suleymanov-ailesi-nerminin-basina-gelenlerin-arasdirilmasinda-maraqli-deyil\/","og_site_name":"MEYDAN.TV","article_published_time":"2023-06-02T15:12:24+00:00","article_modified_time":"2023-06-02T15:12:27+00:00","og_image":[{"width":1200,"height":675,"url":"https:\/\/www.meydan.tv\/wp-content\/uploads\/photo-2022-09-07-17-11-47.jpg","type":"image\/jpeg"}],"author":"elli","twitter_card":"summary_large_image","twitter_creator":"@elli","schema":{"@context":"https:\/\/schema.org","@graph":[{"@type":"Article","@id":"https:\/\/www.meydan.tv\/az\/article\/ilkin-suleymanov-ailesi-nerminin-basina-gelenlerin-arasdirilmasinda-maraqli-deyil\/#article","isPartOf":{"@id":"https:\/\/www.meydan.tv\/az\/article\/ilkin-suleymanov-ailesi-nerminin-basina-gelenlerin-arasdirilmasinda-maraqli-deyil\/"},"author":{"name":"elli","@id":"https:\/\/www.meydan.tv\/az\/#\/schema\/person\/9cdbecf90d17180ce1dfbd95b08dcf47"},"headline":"\u0130lkin S\u00fcleymanov: \u201cAil\u0259si N\u0259rminin ba\u015f\u0131na g\u0259l\u0259nl\u0259rin ara\u015fd\u0131r\u0131lmas\u0131nda maraql\u0131 deyil\u201d","datePublished":"2023-06-02T15:12:24+00:00","dateModified":"2023-06-02T15:12:27+00:00","mainEntityOfPage":{"@id":"https:\/\/www.meydan.tv\/az\/article\/ilkin-suleymanov-ailesi-nerminin-basina-gelenlerin-arasdirilmasinda-maraqli-deyil\/"},"wordCount":944,"publisher":{"@id":"https:\/\/www.meydan.tv\/az\/#organization"},"image":{"@id":"https:\/\/www.meydan.tv\/az\/article\/ilkin-suleymanov-ailesi-nerminin-basina-gelenlerin-arasdirilmasinda-maraqli-deyil\/#primaryimage"},"thumbnailUrl":"https:\/\/www.meydan.tv\/wp-content\/uploads\/photo-2022-09-07-17-11-47.jpg","articleSection":["B\u00f6lg\u0259","Redaktor se\u00e7imi","X\u0259b\u0259rl\u0259r"],"inLanguage":"az"},{"@type":"WebPage","@id":"https:\/\/www.meydan.tv\/az\/article\/ilkin-suleymanov-ailesi-nerminin-basina-gelenlerin-arasdirilmasinda-maraqli-deyil\/","url":"https:\/\/www.meydan.tv\/az\/article\/ilkin-suleymanov-ailesi-nerminin-basina-gelenlerin-arasdirilmasinda-maraqli-deyil\/","name":"\u0130lkin S\u00fcleymanov: \u201cAil\u0259si N\u0259rminin ba\u015f\u0131na g\u0259l\u0259nl\u0259rin ara\u015fd\u0131r\u0131lmas\u0131nda maraql\u0131 deyil\u201d - MEYDAN.TV","isPartOf":{"@id":"https:\/\/www.meydan.tv\/az\/#website"},"primaryImageOfPage":{"@id":"https:\/\/www.meydan.tv\/az\/article\/ilkin-suleymanov-ailesi-nerminin-basina-gelenlerin-arasdirilmasinda-maraqli-deyil\/#primaryimage"},"image":{"@id":"https:\/\/www.meydan.tv\/az\/article\/ilkin-suleymanov-ailesi-nerminin-basina-gelenlerin-arasdirilmasinda-maraqli-deyil\/#primaryimage"},"thumbnailUrl":"https:\/\/www.meydan.tv\/wp-content\/uploads\/photo-2022-09-07-17-11-47.jpg","datePublished":"2023-06-02T15:12:24+00:00","dateModified":"2023-06-02T15:12:27+00:00","breadcrumb":{"@id":"https:\/\/www.meydan.tv\/az\/article\/ilkin-suleymanov-ailesi-nerminin-basina-gelenlerin-arasdirilmasinda-maraqli-deyil\/#breadcrumb"},"inLanguage":"az","potentialAction":[{"@type":"ReadAction","target":["https:\/\/www.meydan.tv\/az\/article\/ilkin-suleymanov-ailesi-nerminin-basina-gelenlerin-arasdirilmasinda-maraqli-deyil\/"]}]},{"@type":"ImageObject","inLanguage":"az","@id":"https:\/\/www.meydan.tv\/az\/article\/ilkin-suleymanov-ailesi-nerminin-basina-gelenlerin-arasdirilmasinda-maraqli-deyil\/#primaryimage","url":"https:\/\/www.meydan.tv\/wp-content\/uploads\/photo-2022-09-07-17-11-47.jpg","contentUrl":"https:\/\/www.meydan.tv\/wp-content\/uploads\/photo-2022-09-07-17-11-47.jpg","width":1200,"height":675,"caption":"\u0130lkin S\u00fcleymanov. Foto: Meydan TV"},{"@type":"BreadcrumbList","@id":"https:\/\/www.meydan.tv\/az\/article\/ilkin-suleymanov-ailesi-nerminin-basina-gelenlerin-arasdirilmasinda-maraqli-deyil\/#breadcrumb","itemListElement":[{"@type":"ListItem","position":1,"name":"Ana s\u0259hif\u0259","item":"https:\/\/www.meydan.tv\/az\/"},{"@type":"ListItem","position":2,"name":"B\u00f6lg\u0259","item":"https:\/\/www.meydan.tv\/az\/section\/bolge\/"},{"@type":"ListItem","position":3,"name":"\u0130lkin S\u00fcleymanov: \u201cAil\u0259si N\u0259rminin ba\u015f\u0131na g\u0259l\u0259nl\u0259rin ara\u015fd\u0131r\u0131lmas\u0131nda maraql\u0131 deyil\u201d"}]},{"@type":"WebSite","@id":"https:\/\/www.meydan.tv\/az\/#website","url":"https:\/\/www.meydan.tv\/az\/","name":"MEYDAN.TV","description":"Meydan TV Az\u0259rbaycan\u0131n media m\u0259kan\u0131ndak\u0131 alternativ s\u0259sidir","publisher":{"@id":"https:\/\/www.meydan.tv\/az\/#organization"},"potentialAction":[{"@type":"SearchAction","target":{"@type":"EntryPoint","urlTemplate":"https:\/\/www.meydan.tv\/az\/?s={search_term_string}"},"query-input":{"@type":"PropertyValueSpecification","valueRequired":true,"valueName":"search_term_string"}}],"inLanguage":"az"},{"@type":"Organization","@id":"https:\/\/www.meydan.tv\/az\/#organization","name":"Meydan TV","url":"https:\/\/www.meydan.tv\/az\/","logo":{"@type":"ImageObject","inLanguage":"az","@id":"https:\/\/www.meydan.tv\/az\/#\/schema\/logo\/image\/","url":"https:\/\/www.meydan.tv\/wp-content\/uploads\/2021\/07\/meydan-logo.svg","contentUrl":"https:\/\/www.meydan.tv\/wp-content\/uploads\/2021\/07\/meydan-logo.svg","width":195,"height":46,"caption":"Meydan TV"},"image":{"@id":"https:\/\/www.meydan.tv\/az\/#\/schema\/logo\/image\/"}},{"@type":"Person","@id":"https:\/\/www.meydan.tv\/az\/#\/schema\/person\/9cdbecf90d17180ce1dfbd95b08dcf47","name":"elli","sameAs":["https:\/\/x.com\/elli"]}]}},"_links":{"self":[{"href":"https:\/\/www.meydan.tv\/az\/wp-json\/wp\/v2\/posts\/276765","targetHints":{"allow":["GET"]}}],"collection":[{"href":"https:\/\/www.meydan.tv\/az\/wp-json\/wp\/v2\/posts"}],"about":[{"href":"https:\/\/www.meydan.tv\/az\/wp-json\/wp\/v2\/types\/post"}],"author":[{"embeddable":true,"href":"https:\/\/www.meydan.tv\/az\/wp-json\/wp\/v2\/users\/8"}],"replies":[{"embeddable":true,"href":"https:\/\/www.meydan.tv\/az\/wp-json\/wp\/v2\/comments?post=276765"}],"version-history":[{"count":1,"href":"https:\/\/www.meydan.tv\/az\/wp-json\/wp\/v2\/posts\/276765\/revisions"}],"predecessor-version":[{"id":276767,"href":"https:\/\/www.meydan.tv\/az\/wp-json\/wp\/v2\/posts\/276765\/revisions\/276767"}],"wp:featuredmedia":[{"embeddable":true,"href":"https:\/\/www.meydan.tv\/az\/wp-json\/wp\/v2\/media\/255098"}],"wp:attachment":[{"href":"https:\/\/www.meydan.tv\/az\/wp-json\/wp\/v2\/media?parent=276765"}],"wp:term":[{"taxonomy":"category","embeddable":true,"href":"https:\/\/www.meydan.tv\/az\/wp-json\/wp\/v2\/categories?post=276765"},{"taxonomy":"post_tag","embeddable":true,"href":"https:\/\/www.meydan.tv\/az\/wp-json\/wp\/v2\/tags?post=276765"}],"curies":[{"name":"wp","href":"https:\/\/api.w.org\/{rel}","templated":true}]}}