{"id":276741,"date":"2023-06-02T18:32:07","date_gmt":"2023-06-02T14:32:07","guid":{"rendered":"https:\/\/www.meydan.tv\/?p=276741"},"modified":"2023-06-02T18:32:18","modified_gmt":"2023-06-02T14:32:18","slug":"sahbaz-xuduoglu-gorulen-her-ise-miz-qoymaq-lazim-deyil","status":"publish","type":"post","link":"https:\/\/www.meydan.tv\/az\/article\/sahbaz-xuduoglu-gorulen-her-ise-miz-qoymaq-lazim-deyil\/","title":{"rendered":"\u015eahbaz Xuduo\u011flu: \u201cG\u00f6r\u00fcl\u0259n h\u0259r i\u015f\u0259 m\u0131z qoymaq laz\u0131m deyil&#8221;"},"content":{"rendered":"\n<p><\/p>\n\n\n\n<p><strong><em>G\u0259nc yazar n\u0259\u015friyyatlar\u0131 m\u00fcqavil\u0259siz i\u015fl\u0259m\u0259kd\u0259 ittiham edir, na\u015firl\u0259r raz\u0131la\u015fm\u0131r<\/em><\/strong><\/p>\n\n\n\n<p>Az\u0259rbaycanda yaz\u0131\u00e7\u0131 v\u0259 \u015fairl\u0259r zaman-zaman m\u0259tbuatda \u00f6z kitablar\u0131ndan g\u0259lir \u0259ld\u0259 ed\u0259 bilm\u0259dikl\u0259rind\u0259n \u015fikay\u0259tl\u0259nirl\u0259r.<\/p>\n\n\n\n<p>Bir \u00e7oxu indiki v\u0259ziyy\u0259ti sovet d\u00f6n\u0259mi il\u0259 m\u00fcqayis\u0259 edirl\u0259r. M\u0259s\u0259l\u0259n, deyirl\u0259r ki, sovet d\u00f6vr\u00fcnd\u0259 n\u0259\u015friyyatlar kitab\u0131n sat\u0131\u015f\u0131na g\u00f6r\u0259 m\u00fc\u0259llif\u0259 pul \u00f6d\u0259yirdil\u0259r. Bu g\u00fcn is\u0259 v\u0259ziyy\u0259t f\u0259rqlidir. Kitab\u0131n\u0131 \u00f6z hesab\u0131na n\u0259\u015fr etdir\u0259n m\u00fc\u0259llif sat\u0131\u015fdan qazanc \u0259ld\u0259 ed\u0259 bilmir.<\/p>\n\n\n\n<p>N\u0259\u015friyyatlar m\u00fc\u0259llif\u0259 ya qonorar \u00f6d\u0259mir, ya da hans\u0131sa \u015f\u0259rtl\u0259rl\u0259 c\u00fczi m\u0259bl\u0259\u011f verirl\u0259r.<\/p>\n\n\n\n<p>Bel\u0259 olanda m\u00fc\u0259llifl\u0259rd\u0259 yazmaq \u00fc\u00e7\u00fcn h\u0259v\u0259s v\u0259 sevgi il\u0259 b\u0259rab\u0259r, bir o q\u0259d\u0259r d\u0259 yazd\u0131qlar\u0131ndan qazanmamaq \u00fcmidsizliyi yaran\u0131r.<\/p>\n\n\n\n<p>Yaz\u0131\u00e7\u0131 Ulucay Akif bug\u00fcnl\u0259rd\u0259 yazd\u0131\u011f\u0131 k\u00f6\u015f\u0259 yaz\u0131s\u0131nda bu m\u0259s\u0259l\u0259y\u0259 <a href=\"https:\/\/kulis.az\/xeber\/media\/yazicilari-el-meymununa-ceviren-sahbaz-xuduoglu-ulucay-akif-yazir-47589\" target=\"_blank\" rel=\"noreferrer noopener\">toxunub.<\/a><\/p>\n\n\n\n<p>O bildirib ki, d\u00f6vl\u0259t kitab s\u0259nayesinin yarad\u0131lmas\u0131, kitablar\u0131n \u00f6lk\u0259 s\u0259viyy\u0259sind\u0259 sat\u0131lmas\u0131 v\u0259 yaz\u0131\u00e7\u0131lar\u0131n da yazd\u0131qlar\u0131 \u0259s\u0259rl\u0259r hesab\u0131na \u00f6z dolan\u0131\u015f\u0131\u011f\u0131n\u0131 t\u0259min etm\u0259si \u00fc\u00e7\u00fcn \u015f\u0259rait yaratm\u0131r.<\/p>\n\n\n<div class=\"wp-block-image\">\n<figure class=\"aligncenter size-full\"><img decoding=\"async\" width=\"1200\" height=\"800\" data-src=\"https:\/\/www.meydan.tv\/wp-content\/uploads\/627e7478961b9627e7478961ba1652454520627e7478961b7627e7478961b8.jpg\" alt=\"\" class=\"wp-image-276751 lazyload\" src=\"data:image\/svg+xml;base64,PHN2ZyB3aWR0aD0iMSIgaGVpZ2h0PSIxIiB4bWxucz0iaHR0cDovL3d3dy53My5vcmcvMjAwMC9zdmciPjwvc3ZnPg==\" style=\"--smush-placeholder-width: 1200px; --smush-placeholder-aspect-ratio: 1200\/800;\" \/><figcaption class=\"wp-element-caption\">Ulucay Akif. Foto: &#8220;Kulis.az&#8221;<\/figcaption><\/figure>\n<\/div>\n\n\n<p>\u201c<em>M\u00fcvafiq qurumlar, M\u0259d\u0259niyy\u0259t Nazirliyi, Az\u0259rbaycan Yaz\u0131\u00e7\u0131lar Birliyi bu v\u0259ziyy\u0259tin d\u00fcz\u0259lm\u0259si \u00fc\u00e7\u00fcn he\u00e7 n\u0259 el\u0259mir. V\u0259ziyy\u0259t get-ged\u0259 daha da b\u0259rbad hala d\u00fc\u015f\u00fcr. N\u0259\u015friyyatlar da yaz\u0131\u00e7\u0131lar\u0131 istismar edirl\u0259r, onlarla m\u00fcqavil\u0259 ba\u011flam\u0131rlar\u201d,-<\/em> Ulucay Akif qeyd edib.<\/p>\n\n\n\n<p>Meydan TV m\u0259s\u0259l\u0259 il\u0259 ba\u011fl\u0131 yaz\u0131\u00e7\u0131 v\u0259 \u015fairl\u0259rin, h\u0259m\u00e7inin aidiyy\u0259ti olan qurumlar\u0131n m\u00f6vqeyini \u00f6yr\u0259nib.<\/p>\n\n\n\n<p><strong><em>&#8220;<\/em>Ulucay\u0131n yaz\u0131s\u0131nda a\u011fr\u0131l\u0131, h\u0259qiq\u0259ti \u0259ks etdir\u0259n m\u0259qamlar var&#8221;<\/strong><\/p>\n\n\n\n<p>Az\u0259rbaycan Yaz\u0131\u00e7\u0131lar Birliyinin s\u0259dr m\u00fcavini R\u0259\u015fad M\u0259cid hesab edir ki, \u0259d\u0259bi m\u00fchitd\u0259 \u0259ks\u0259riyy\u0259t h\u0259l\u0259 d\u0259 sovetl\u0259r d\u00f6n\u0259minin nostalgiyas\u0131 il\u0259 ya\u015fay\u0131r, amma indi z\u0259man\u0259 d\u0259yi\u015fib:<\/p>\n\n\n\n<p>\u201c<em>B\u0259z\u0259n d\u0259 ba\u015fqa \u00f6lk\u0259l\u0259rin yaz\u0131\u00e7\u0131lar\u0131n\u0131n qonorarlar\u0131 il\u0259 m\u00fcqayis\u0259 apar\u0131rlar. Halbuki h\u0259min yaz\u0131\u00e7\u0131lar da n\u0259inki \u00f6z \u00f6lk\u0259sind\u0259, b\u00fct\u00fcn d\u00fcnyada \u00e7ox populyard\u0131lar. Bizd\u0259 Ramiz R\u00f6v\u015f\u0259nin kitablar\u0131n\u0131n imza g\u00fcnl\u0259rin\u0259 insanlar ax\u0131\u015f\u0131r. Ham\u0131 da kitablar\u0131n\u0131 al\u0131r. M\u00fc\u0259llifin kitab\u0131n\u0131n sat\u0131lmas\u0131 onun populyarl\u0131\u011f\u0131, yazd\u0131qlar\u0131n\u0131n d\u0259y\u0259ri il\u0259 \u00f6l\u00e7\u00fcl\u00fcr\u201d<\/em>.<\/p>\n\n\n\n<p>R\u0259\u015fad M\u0259cidin s\u00f6zl\u0259rin\u0259 g\u00f6r\u0259, d\u00f6vl\u0259t t\u0259r\u0259find\u0259n \u0259d\u0259biyyat adamlar\u0131na kifay\u0259t q\u0259d\u0259r d\u0259st\u0259k verilir. M\u00fcsabiq\u0259 v\u0259 layih\u0259l\u0259r t\u0259\u015fkil olunur, m\u00fckafatlar verilir.<\/p>\n\n\n<div class=\"wp-block-image\">\n<figure class=\"aligncenter size-full\"><img decoding=\"async\" width=\"1200\" height=\"800\" data-src=\"https:\/\/www.meydan.tv\/wp-content\/uploads\/untitled-design-138.jpg\" alt=\"\" class=\"wp-image-276748 lazyload\" src=\"data:image\/svg+xml;base64,PHN2ZyB3aWR0aD0iMSIgaGVpZ2h0PSIxIiB4bWxucz0iaHR0cDovL3d3dy53My5vcmcvMjAwMC9zdmciPjwvc3ZnPg==\" style=\"--smush-placeholder-width: 1200px; --smush-placeholder-aspect-ratio: 1200\/800;\" \/><figcaption class=\"wp-element-caption\">R\u0259\u015fad M\u0259cid. Foto: Wikipedia<\/figcaption><\/figure>\n<\/div>\n\n\n<p>O, m\u00f6vcud problemin k\u00f6k\u00fcnd\u0259 sosial \u015f\u0259b\u0259k\u0259l\u0259rin, internet platformalar\u0131n\u0131n olmas\u0131 q\u0259na\u0259tind\u0259dir v\u0259 hesab edir ki, m\u0259hz buna g\u00f6r\u0259 \u0259d\u0259biyyata maraq azal\u0131b. Maraq azald\u0131\u011f\u0131 \u00fc\u00e7\u00fcn d\u0259 kitab bazar\u0131nda t\u0259l\u0259bat yoxdur:<\/p>\n\n\n\n<p><em>\u201c\u201cTikTok\u201d, \u201cYouTube\u201d, \u201c\u0130nstagram\u201d bu kimi&nbsp; platformalar\u0131n \u00fcz\u0259 \u00e7\u0131xmas\u0131 ist\u0259r-ist\u0259m\u0259z \u0259d\u0259biyyat\u0131n, yaz\u0131\u00e7\u0131lar\u0131n \u0259vv\u0259lki populyarl\u0131\u011f\u0131n\u0131 azald\u0131r. Ulucay\u0131n yaz\u0131s\u0131nda a\u011fr\u0131l\u0131, h\u0259qiq\u0259ti \u0259ks etdir\u0259n m\u0259qamlar var. Amma bu, konkret kimins\u0259 yox, texnologiyalar\u0131n inki\u015faf\u0131n\u0131n, \u00fcmumi d\u00fcnyadak\u0131 m\u00fchitin g\u00fcnah\u0131d\u0131r. Haz\u0131rda T\u00fcrkiy\u0259d\u0259y\u0259m. Burada da \u00fc\u00e7-be\u015f yaz\u0131\u00e7\u0131 var ki, onlar\u0131n \u0259s\u0259rl\u0259ri sat\u0131l\u0131r. Yerd\u0259 qalanlar\u0131n is\u0259 dem\u0259k olar ki, oxucusu yoxdur. Bu, d\u00f6vr\u00fcn g\u0259tirdiyi problmedir\u201d.<\/em><\/p>\n\n\n\n<p><strong>&#8220;\u018fd\u0259biyyat sah\u0259sin\u0259 ayr\u0131lan imtiyazlardan konkret adamlar yararlan\u0131r&#8221;<\/strong><\/p>\n\n\n\n<p>\u201cM\u00fccr\u00fc\u201dn\u0259\u015friyyat\u0131n\u0131n t\u0259sis\u00e7isi v\u0259 r\u0259hb\u0259ri M\u00fc\u015ffiq Xan deyir ki, pe\u015f\u0259kar n\u0259\u015friyyatlar b\u00fct\u00fcn m\u00fc\u0259llifl\u0259rl\u0259 m\u00fcqavil\u0259 \u0259sas\u0131nda i\u015fl\u0259yirl\u0259r:<\/p>\n\n\n\n<p>\u201c<em>O c\u00fcml\u0259d\u0259n d\u0259 biz. Kitab \u00e7ap\u0131 \u00fc\u00e7\u00fcn m\u00fcraci\u0259t ed\u0259n m\u00fc\u0259llifl\u0259rin ham\u0131s\u0131 birm\u0259nal\u0131 m\u00fcqavil\u0259 \u0259sas\u0131nda raz\u0131la\u015fd\u0131r\u0131l\u0131r. Kitab\u0131n \u00e7ap maliyy\u0259si iki c\u00fcr formada t\u0259\u015fkil oluna bil\u0259r: birincisi, ilk kitab m\u00fc\u0259llifl\u0259ri il\u0259 m\u00fcqavil\u0259 ba\u011flan\u0131r. N\u0259\u015friyyat kitab\u0131 \u00f6z hesab\u0131na \u00e7ap edir. Birinci tan\u0131t\u0131m n\u0259\u015fri m\u0259hdud tirajla \u00e7ap olunur. Yaz\u0131\u00e7\u0131ya m\u00fc\u0259yy\u0259n sayda n\u00fcsx\u0259 verilir. Kitab\u0131n sat\u0131l\u0131b-sat\u0131lmayaca\u011f\u0131 riskini yaln\u0131z n\u0259\u015friyyat \u00f6z \u00fcz\u0259rin\u0259 g\u00f6t\u00fcr\u00fcr. \u0130kinci n\u0259\u015frd\u0259n etibar\u0259n is\u0259 n\u0259\u015friyyat m\u00fc\u0259llifl\u0259r\u0259 g\u0259lirin 40 faizini \u00f6d\u0259yir\u201d.<\/em><\/p>\n\n\n<div class=\"wp-block-image\">\n<figure class=\"aligncenter size-full\"><img decoding=\"async\" width=\"960\" height=\"641\" data-src=\"https:\/\/www.meydan.tv\/wp-content\/uploads\/6055533.jpg\" alt=\"\" class=\"wp-image-276745 lazyload\" src=\"data:image\/svg+xml;base64,PHN2ZyB3aWR0aD0iMSIgaGVpZ2h0PSIxIiB4bWxucz0iaHR0cDovL3d3dy53My5vcmcvMjAwMC9zdmciPjwvc3ZnPg==\" style=\"--smush-placeholder-width: 960px; --smush-placeholder-aspect-ratio: 960\/641;\" \/><figcaption class=\"wp-element-caption\">M\u00fc\u015ffiq Xan. Foto: &#8220;azerforum.com&#8221; <\/figcaption><\/figure>\n<\/div>\n\n\n<p>N\u0259\u015friyyat r\u0259hb\u0259ri deyir ki, d\u00f6vl\u0259t t\u0259r\u0259find\u0259n \u0259d\u0259biyyat sah\u0259sin\u0259 ayr\u0131lan imtiyazlardan konkret adamlar yararlan\u0131r:<\/p>\n\n\n\n<p>\u201c<em>Onlar\u0131 h\u0259tta siyah\u0131la\u015fd\u0131r\u0131b saymaq olar ki, ne\u00e7\u0259 n\u0259f\u0259rdirl\u0259r. Harada bir \u0259d\u0259bi layih\u0259, m\u00fcsabiq\u0259, m\u00fckafat varsa, yaln\u0131z bir-birini t\u0259qdim edirl\u0259r, \u00f6zl\u0259ri d\u0259 al\u0131rlar. Haqq\u0131 olmayanlar pul qazanma\u011fa \u00e7al\u0131\u015f\u0131rlar. Bunlar da kobud s\u0259sl\u0259ns\u0259 d\u0259, m\u0259ni iyr\u0259ndirir\u201d.<\/em><\/p>\n\n\n\n<p><strong><em>&#8220;<\/em>Yaz\u0131\u00e7\u0131 kitab satmamal\u0131d\u0131r, yazmal\u0131d\u0131r&#8221;<\/strong><\/p>\n\n\n\n<p>Yaz\u0131\u00e7\u0131 P\u0259rviz C\u0259bray\u0131l bildirir ki, m\u00fc\u0259llifl\u0259r kitablar\u0131n\u0131n qonorar\u0131 il\u0259 dolana bilmir v\u0259 ba\u015fqa yerl\u0259rd\u0259 i\u015fl\u0259m\u0259y\u0259 m\u0259cbur olurlar:<\/p>\n\n\n\n<p><em>\u201cBa\u015fqa yerl\u0259r d\u0259 jurnalistikad\u0131r. Ona g\u00f6r\u0259 d\u0259 yarad\u0131c\u0131l\u0131q qal\u0131r bir t\u0259r\u0259fd\u0259. Kitab bazar\u0131 olmayan yerd\u0259 m\u00fc\u0259llifl\u0259 n\u0259\u015friyyat aras\u0131nda ba\u011flanan m\u00fcqavil\u0259nin d\u0259y\u0259ri var. Yaz\u0131\u00e7\u0131 kitab satmamal\u0131d\u0131r, yazmal\u0131d\u0131r. \u0130ki kitab\u0131m\u0131 \u00f6z hesab\u0131ma \u00e7ap etdirib, satmaq q\u0259rar\u0131na g\u0259ldim. \u00d6z\u00fcm\u00fc bazarda pomidor-xiyar, kartof satan kimi hiss etdim. Sonra bundan imtina etdim. Kitablar\u0131 da dostlara paylad\u0131m. Bir hiss\u0259si d\u0259 evd\u0259 xarab oldu\u201d.<\/em><\/p>\n\n\n<div class=\"wp-block-image\">\n<figure class=\"aligncenter size-full\"><img decoding=\"async\" width=\"1200\" height=\"797\" data-src=\"https:\/\/www.meydan.tv\/wp-content\/uploads\/photo_1056.jpg\" alt=\"\" class=\"wp-image-276742 lazyload\" src=\"data:image\/svg+xml;base64,PHN2ZyB3aWR0aD0iMSIgaGVpZ2h0PSIxIiB4bWxucz0iaHR0cDovL3d3dy53My5vcmcvMjAwMC9zdmciPjwvc3ZnPg==\" style=\"--smush-placeholder-width: 1200px; --smush-placeholder-aspect-ratio: 1200\/797;\" \/><figcaption class=\"wp-element-caption\">Foto: P\u0259rviz C\u0259bray\u0131l\u0131n &#8220;Facebook&#8221; s\u0259hif\u0259sind\u0259n g\u00f6t\u00fcr\u00fcl\u00fcb<\/figcaption><\/figure>\n<\/div>\n\n\n<p>P\u0259rviz C\u0259bray\u0131l deyir ki, d\u00f6vl\u0259t bu m\u0259s\u0259l\u0259d\u0259 maraql\u0131 olmal\u0131d\u0131r:<\/p>\n\n\n\n<p><em>\u201cD\u00f6vl\u0259tin alt\u0131 min kitabxanas\u0131 var. Hans\u0131sa meyar \u0259sas\u0131nda, b\u0259zi yaz\u0131\u00e7\u0131lar\u0131n kitablar\u0131 al\u0131n\u0131b, kitabxanalara paylan\u0131lmal\u0131d\u0131r. Bel\u0259 edils\u0259, Az\u0259rbaycan reall\u0131\u011f\u0131 il\u0259 n\u0259\u015friyyata v\u0259 yaz\u0131\u00e7\u0131ya xeyli pul g\u0259l\u0259 bil\u0259r. D\u00f6vl\u0259tin bu m\u0259s\u0259l\u0259d\u0259, \u00fcmumiyy\u0259tl\u0259, siyas\u0259ti yoxdur. Bizd\u0259, b\u0259lk\u0259 d\u0259, kitab sat\u0131\u015f\u0131n\u0131n qar\u015f\u0131s\u0131 al\u0131n\u0131r, n\u0259inki k\u00f6m\u0259k olunur\u201d.<\/em><\/p>\n\n\n\n<p><strong><em>&#8220;<\/em>Yaz\u0131\u00e7\u0131 il\u0259 nec\u0259 m\u00fcqavil\u0259 ba\u011flanmaya bil\u0259r?&#8221;<\/strong><\/p>\n\n\n\n<p>\u201cQanun\u201d n\u0259\u015friyyat\u0131n\u0131n r\u0259hb\u0259ri \u015eahbaz Xuduo\u011flu Ulucay Akifin fikirl\u0259rini b\u00f6l\u00fc\u015fm\u00fcr:<\/p>\n\n\n\n<p>\u201c<em>G\u00f6r\u00fcl\u0259n h\u0259r i\u015f\u0259 bir m\u0131z qoymaq laz\u0131m deyil. Biz kitab\u0131 el\u0259 yer\u0259 g\u0259tiririk ki, c\u0259miyy\u0259t g\u00f6rs\u00fcn, tan\u0131\u015f olsun. \u018fg\u0259r yaz\u0131\u00e7\u0131 \u00f6z\u00fcn\u00fc bu c\u0259miyy\u0259td\u0259, na\u015fir qar\u015f\u0131s\u0131nda istismar olunmu\u015f hesab edirs\u0259, onda o n\u0259 yaz\u0131\u00e7\u0131d\u0131r ki?&#8221;.<\/em><\/p>\n\n\n<div class=\"wp-block-image\">\n<figure class=\"aligncenter size-large\"><img decoding=\"async\" width=\"1200\" height=\"542\" data-src=\"https:\/\/www.meydan.tv\/wp-content\/uploads\/sahbaz-xuduoglu-e1671795011683-1200x542.jpg\" alt=\"\u015eahbaz Xuduo\u011flu\" class=\"wp-image-132798 lazyload\" src=\"data:image\/svg+xml;base64,PHN2ZyB3aWR0aD0iMSIgaGVpZ2h0PSIxIiB4bWxucz0iaHR0cDovL3d3dy53My5vcmcvMjAwMC9zdmciPjwvc3ZnPg==\" style=\"--smush-placeholder-width: 1200px; --smush-placeholder-aspect-ratio: 1200\/542;\" \/><figcaption class=\"wp-element-caption\">Foto: Meydan TV<\/figcaption><\/figure>\n<\/div>\n\n\n<p><em>&#8220;Yaz\u0131\u00e7\u0131 il\u0259 nec\u0259 m\u00fcqavil\u0259 ba\u011flanmaya bil\u0259r? H\u0259tta 2009-cu ild\u0259 yaz\u0131\u00e7\u0131lar \u201cQanun\u201d n\u0259\u015friyyat\u0131n\u0131n hesab\u0131na \u0259s\u0259rl\u0259rini \u00e7ap etdiribl\u0259r. Biri be\u015f y\u00fcz, dig\u0259ri min tirajla n\u0259\u015fr olunub. O vaxta q\u0259d\u0259r b\u00fct\u00fcn yaz\u0131\u00e7\u0131lar kitablar\u0131n\u0131 \u00f6z pullar\u0131 il\u0259 n\u0259\u015fr edirdil\u0259r. Bunu biz ba\u015flam\u0131\u015f\u0131q. Sonra is\u0259 t\u0259dric\u0259n, min tiraj\u0131 a\u015fan yaz\u0131\u00e7\u0131lara qonorar verm\u0259y\u0259 ba\u015flam\u0131\u015f\u0131q. X\u0131rda, az, h\u0259r halda imkanlar\u0131m\u0131z\u0131 s\u0259f\u0259rb\u0259r edib, \u00e7al\u0131\u015fm\u0131\u015f\u0131q ki, yaz\u0131\u00e7\u0131lara qism\u0259n d\u0259 olsa, qonorar ver\u0259k. Yerli kitablar, x\u00fcsus\u0259n d\u0259,&nbsp; \u015feir kitablar\u0131 \u00e7ox az sat\u0131l\u0131r. Daha \u00e7ox sat\u0131lanlar Elxan Elatl\u0131, \u00c7ingiz Abdullayevin kitablar\u0131d\u0131r. Onlar da \u0259sas\u0259n, qonorarlar\u0131 hesab\u0131na ya\u015fay\u0131rlar. Ciddi qonorar al\u0131rlar\u201d, <\/em>&#8211; Xuduo\u011flu bel\u0259 deyir.<\/p>\n\n\n\n<p><strong><em>&#8220;<\/em>Az\u0259rbaycanda n\u0259inki kitab, pomidor-xiyar bazarlar\u0131nda da h\u0259r \u015fey \u0259yridir&#8221;<\/strong><\/p>\n\n\n\n<p>\u015eair Elnur Astanb\u0259yli deyir ki, Az\u0259rbaycanda n\u0259 bazar iqtisadiyyat\u0131, n\u0259 d\u0259 ki sovet d\u00f6vr\u00fcnd\u0259ki sistem var:<\/p>\n\n\n\n<p>&#8220;<em>Ona g\u00f6r\u0259 d\u0259 anormal bir v\u0259ziyy\u0259t yaran\u0131b. Bu da b\u00fct\u00fcn sah\u0259l\u0259r\u0259, h\u0259m\u00e7inin kitab bazar\u0131na da t\u0259sir edir. Q\u0259rar verm\u0259k laz\u0131md\u0131r, Az\u0259rbaycanda m\u00fc\u0259llifl\u0259r, t\u0259rc\u00fcm\u0259\u00e7il\u0259r, na\u015firl\u0259r hans\u0131 bir sistemin t\u0259r\u0259fdar\u0131d\u0131rlar? \u018fg\u0259r ist\u0259yirl\u0259r ki, yeni bir sistem olsun, h\u0259r n\u0259\u015friyyat \u00f6z sistemini qura bilsin, onda z\u0259hm\u0259t \u00e7\u0259ksinl\u0259r, bu \u00f6lk\u0259d\u0259 ifad\u0259, s\u00f6z, fikir azadl\u0131\u011f\u0131n\u0131 t\u0259l\u0259b etsinl\u0259r. Bir sistem arzu olunursa, onda bu \u00f6lk\u0259d\u0259 yazar\u0131n da, t\u0259rc\u00fcm\u0259\u00e7inin d\u0259, \u00fcmumiyy\u0259tl\u0259, yarad\u0131c\u0131 t\u0259b\u0259qinin d\u0259 qar\u015f\u0131 t\u0259r\u0259fin na\u015firin d\u0259 m\u00f6vqeyi ortaq olmal\u0131d\u0131r\u201d.<\/em><\/p>\n\n\n<div class=\"wp-block-image\">\n<figure class=\"aligncenter size-large\"><img decoding=\"async\" width=\"1200\" height=\"800\" data-src=\"https:\/\/www.meydan.tv\/wp-content\/uploads\/elnur_astanbey-1200x800.jpg\" alt=\"Elnur Astanb\u0259yli\" class=\"wp-image-125824 lazyload\" src=\"data:image\/svg+xml;base64,PHN2ZyB3aWR0aD0iMSIgaGVpZ2h0PSIxIiB4bWxucz0iaHR0cDovL3d3dy53My5vcmcvMjAwMC9zdmciPjwvc3ZnPg==\" style=\"--smush-placeholder-width: 1200px; --smush-placeholder-aspect-ratio: 1200\/800;\" \/><figcaption class=\"wp-element-caption\">Foto: Meydan TV<\/figcaption><\/figure>\n<\/div>\n\n\n<p>\u201c<em>Bir n\u0259\u015friyyat deputata, nazir\u0259, icra ba\u015f\u00e7\u0131s\u0131na, prezident\u0259 t\u0259rif yazan bir adam\u0131n kitab\u0131n\u0131 niy\u0259 \u00e7ap etm\u0259lidir? Yaxud yarad\u0131c\u0131 t\u0259b\u0259q\u0259 d\u00fcnya v\u0259 Az\u0259rbaycan \u0259d\u0259biyyat\u0131nda ged\u0259n prosesl\u0259r\u0259 cavab ver\u0259n n\u0259 yaz\u0131b? H\u0259r hans\u0131 bir n\u0259\u015friyyat bu g\u00fcn siyasi hakimiyy\u0259ti q\u0131c\u0131qland\u0131racaq bir n\u0259\u015fri \u00e7ap etm\u0259k iqtidar\u0131ndad\u0131rm\u0131? Sanki \u00f6lk\u0259d\u0259 h\u0259r \u015fey d\u00fczd\u00fcr, birc\u0259 n\u0259\u015friyyatlar sistemind\u0259 yanl\u0131\u015fl\u0131q var. Az\u0259rbaycanda n\u0259inki kitab bazar\u0131nda, kartof, pomidor-xiyar bazarlar\u0131nda da h\u0259r \u015fey \u0259yridir. \u00d6lk\u0259nin probleml\u0259rin k\u00f6k\u00fcn\u00fcn n\u0259 oldu\u011funa baxmaq laz\u0131md\u0131r\u201d, &#8211;<\/em> Elnur Astanb\u0259yli bildirib.<\/p>\n\n\n\n<p>S\u0259sl\u0259ndiril\u0259n fikirl\u0259rl\u0259 ba\u011fl\u0131 M\u0259d\u0259niyy\u0259t Nazirliyind\u0259n m\u00fcnasib\u0259t \u00f6yr\u0259nm\u0259k m\u00fcmk\u00fcn olmay\u0131b.<\/p>\n","protected":false},"excerpt":{"rendered":"<p>G\u0259nc yazar n\u0259\u015friyyatlar\u0131 m\u00fcqavil\u0259siz i\u015fl\u0259m\u0259kd\u0259 ittiham edir, na\u015firl\u0259r raz\u0131la\u015fm\u0131r Az\u0259rbaycanda &#8230; <\/p>\n<p class=\"read-more-container\"><a title=\"\u015eahbaz Xuduo\u011flu: \u201cG\u00f6r\u00fcl\u0259n h\u0259r i\u015f\u0259 m\u0131z qoymaq laz\u0131m deyil&#8221;\" class=\"read-more button\" href=\"https:\/\/www.meydan.tv\/az\/article\/sahbaz-xuduoglu-gorulen-her-ise-miz-qoymaq-lazim-deyil\/#more-276741\" aria-label=\"Read more about \u015eahbaz Xuduo\u011flu: \u201cG\u00f6r\u00fcl\u0259n h\u0259r i\u015f\u0259 m\u0131z qoymaq laz\u0131m deyil&#8221;\">Davam\u0131<\/a><\/p>\n","protected":false},"author":8,"featured_media":276755,"comment_status":"closed","ping_status":"closed","sticky":false,"template":"","format":"standard","meta":{"_acf_changed":false,"_sitemap_exclude":false,"_sitemap_priority":"","_sitemap_frequency":"","footnotes":""},"categories":[52,56],"tags":[],"class_list":["post-276741","post","type-post","status-publish","format-standard","has-post-thumbnail","hentry","category-medeniyyet","category-xeberler","infinite-scroll-item","generate-columns","tablet-grid-50","mobile-grid-100","grid-parent","grid-33","no-featured-image-padding"],"acf":[],"yoast_head":"<!-- This site is optimized with the Yoast SEO plugin v27.4 - https:\/\/yoast.com\/product\/yoast-seo-wordpress\/ -->\n<title>\u015eahbaz Xuduo\u011flu: \u201cG\u00f6r\u00fcl\u0259n h\u0259r i\u015f\u0259 m\u0131z qoymaq laz\u0131m deyil&quot; - MEYDAN.TV<\/title>\n<meta name=\"robots\" content=\"index, follow, max-snippet:-1, max-image-preview:large, max-video-preview:-1\" \/>\n<link rel=\"canonical\" href=\"https:\/\/www.meydan.tv\/az\/article\/sahbaz-xuduoglu-gorulen-her-ise-miz-qoymaq-lazim-deyil\/\" \/>\n<meta property=\"og:locale\" content=\"az_AZ\" \/>\n<meta property=\"og:type\" content=\"article\" \/>\n<meta property=\"og:title\" content=\"\u015eahbaz Xuduo\u011flu: \u201cG\u00f6r\u00fcl\u0259n h\u0259r i\u015f\u0259 m\u0131z qoymaq laz\u0131m deyil&quot; - MEYDAN.TV\" \/>\n<meta property=\"og:description\" content=\"G\u0259nc yazar n\u0259\u015friyyatlar\u0131 m\u00fcqavil\u0259siz i\u015fl\u0259m\u0259kd\u0259 ittiham edir, na\u015firl\u0259r raz\u0131la\u015fm\u0131r Az\u0259rbaycanda ... Davam\u0131\" \/>\n<meta property=\"og:url\" content=\"https:\/\/www.meydan.tv\/az\/article\/sahbaz-xuduoglu-gorulen-her-ise-miz-qoymaq-lazim-deyil\/\" \/>\n<meta property=\"og:site_name\" content=\"MEYDAN.TV\" \/>\n<meta property=\"article:published_time\" content=\"2023-06-02T14:32:07+00:00\" \/>\n<meta property=\"article:modified_time\" content=\"2023-06-02T14:32:18+00:00\" \/>\n<meta property=\"og:image\" content=\"https:\/\/www.meydan.tv\/wp-content\/uploads\/349086137_783199796817958_3505580239529047658_n-e1685715807660.jpg\" \/>\n\t<meta property=\"og:image:width\" content=\"1200\" \/>\n\t<meta property=\"og:image:height\" content=\"708\" \/>\n\t<meta property=\"og:image:type\" content=\"image\/jpeg\" \/>\n<meta name=\"author\" content=\"elli\" \/>\n<meta name=\"twitter:card\" content=\"summary_large_image\" \/>\n<meta name=\"twitter:creator\" content=\"@elli\" \/>\n<script type=\"application\/ld+json\" class=\"yoast-schema-graph\">{\"@context\":\"https:\\\/\\\/schema.org\",\"@graph\":[{\"@type\":\"Article\",\"@id\":\"https:\\\/\\\/www.meydan.tv\\\/az\\\/article\\\/sahbaz-xuduoglu-gorulen-her-ise-miz-qoymaq-lazim-deyil\\\/#article\",\"isPartOf\":{\"@id\":\"https:\\\/\\\/www.meydan.tv\\\/az\\\/article\\\/sahbaz-xuduoglu-gorulen-her-ise-miz-qoymaq-lazim-deyil\\\/\"},\"author\":{\"name\":\"elli\",\"@id\":\"https:\\\/\\\/www.meydan.tv\\\/az\\\/#\\\/schema\\\/person\\\/9cdbecf90d17180ce1dfbd95b08dcf47\"},\"headline\":\"\u015eahbaz Xuduo\u011flu: \u201cG\u00f6r\u00fcl\u0259n h\u0259r i\u015f\u0259 m\u0131z qoymaq laz\u0131m deyil&#8221;\",\"datePublished\":\"2023-06-02T14:32:07+00:00\",\"dateModified\":\"2023-06-02T14:32:18+00:00\",\"mainEntityOfPage\":{\"@id\":\"https:\\\/\\\/www.meydan.tv\\\/az\\\/article\\\/sahbaz-xuduoglu-gorulen-her-ise-miz-qoymaq-lazim-deyil\\\/\"},\"wordCount\":1698,\"publisher\":{\"@id\":\"https:\\\/\\\/www.meydan.tv\\\/az\\\/#organization\"},\"image\":{\"@id\":\"https:\\\/\\\/www.meydan.tv\\\/az\\\/article\\\/sahbaz-xuduoglu-gorulen-her-ise-miz-qoymaq-lazim-deyil\\\/#primaryimage\"},\"thumbnailUrl\":\"https:\\\/\\\/www.meydan.tv\\\/wp-content\\\/uploads\\\/349086137_783199796817958_3505580239529047658_n-e1685715807660.jpg\",\"articleSection\":[\"M\u0259d\u0259niyy\u0259t\",\"X\u0259b\u0259rl\u0259r\"],\"inLanguage\":\"az\"},{\"@type\":\"WebPage\",\"@id\":\"https:\\\/\\\/www.meydan.tv\\\/az\\\/article\\\/sahbaz-xuduoglu-gorulen-her-ise-miz-qoymaq-lazim-deyil\\\/\",\"url\":\"https:\\\/\\\/www.meydan.tv\\\/az\\\/article\\\/sahbaz-xuduoglu-gorulen-her-ise-miz-qoymaq-lazim-deyil\\\/\",\"name\":\"\u015eahbaz Xuduo\u011flu: \u201cG\u00f6r\u00fcl\u0259n h\u0259r i\u015f\u0259 m\u0131z qoymaq laz\u0131m deyil\\\" - MEYDAN.TV\",\"isPartOf\":{\"@id\":\"https:\\\/\\\/www.meydan.tv\\\/az\\\/#website\"},\"primaryImageOfPage\":{\"@id\":\"https:\\\/\\\/www.meydan.tv\\\/az\\\/article\\\/sahbaz-xuduoglu-gorulen-her-ise-miz-qoymaq-lazim-deyil\\\/#primaryimage\"},\"image\":{\"@id\":\"https:\\\/\\\/www.meydan.tv\\\/az\\\/article\\\/sahbaz-xuduoglu-gorulen-her-ise-miz-qoymaq-lazim-deyil\\\/#primaryimage\"},\"thumbnailUrl\":\"https:\\\/\\\/www.meydan.tv\\\/wp-content\\\/uploads\\\/349086137_783199796817958_3505580239529047658_n-e1685715807660.jpg\",\"datePublished\":\"2023-06-02T14:32:07+00:00\",\"dateModified\":\"2023-06-02T14:32:18+00:00\",\"breadcrumb\":{\"@id\":\"https:\\\/\\\/www.meydan.tv\\\/az\\\/article\\\/sahbaz-xuduoglu-gorulen-her-ise-miz-qoymaq-lazim-deyil\\\/#breadcrumb\"},\"inLanguage\":\"az\",\"potentialAction\":[{\"@type\":\"ReadAction\",\"target\":[\"https:\\\/\\\/www.meydan.tv\\\/az\\\/article\\\/sahbaz-xuduoglu-gorulen-her-ise-miz-qoymaq-lazim-deyil\\\/\"]}]},{\"@type\":\"ImageObject\",\"inLanguage\":\"az\",\"@id\":\"https:\\\/\\\/www.meydan.tv\\\/az\\\/article\\\/sahbaz-xuduoglu-gorulen-her-ise-miz-qoymaq-lazim-deyil\\\/#primaryimage\",\"url\":\"https:\\\/\\\/www.meydan.tv\\\/wp-content\\\/uploads\\\/349086137_783199796817958_3505580239529047658_n-e1685715807660.jpg\",\"contentUrl\":\"https:\\\/\\\/www.meydan.tv\\\/wp-content\\\/uploads\\\/349086137_783199796817958_3505580239529047658_n-e1685715807660.jpg\",\"width\":1200,\"height\":708,\"caption\":\"Kitab s\u0259rgisi. Foto: arxiv\"},{\"@type\":\"BreadcrumbList\",\"@id\":\"https:\\\/\\\/www.meydan.tv\\\/az\\\/article\\\/sahbaz-xuduoglu-gorulen-her-ise-miz-qoymaq-lazim-deyil\\\/#breadcrumb\",\"itemListElement\":[{\"@type\":\"ListItem\",\"position\":1,\"name\":\"Ana s\u0259hif\u0259\",\"item\":\"https:\\\/\\\/www.meydan.tv\\\/az\\\/\"},{\"@type\":\"ListItem\",\"position\":2,\"name\":\"M\u0259d\u0259niyy\u0259t\",\"item\":\"https:\\\/\\\/www.meydan.tv\\\/az\\\/section\\\/medeniyyet\\\/\"},{\"@type\":\"ListItem\",\"position\":3,\"name\":\"\u015eahbaz Xuduo\u011flu: \u201cG\u00f6r\u00fcl\u0259n h\u0259r i\u015f\u0259 m\u0131z qoymaq laz\u0131m deyil&#8221;\"}]},{\"@type\":\"WebSite\",\"@id\":\"https:\\\/\\\/www.meydan.tv\\\/az\\\/#website\",\"url\":\"https:\\\/\\\/www.meydan.tv\\\/az\\\/\",\"name\":\"MEYDAN.TV\",\"description\":\"Meydan TV Az\u0259rbaycan\u0131n media m\u0259kan\u0131ndak\u0131 alternativ s\u0259sidir\",\"publisher\":{\"@id\":\"https:\\\/\\\/www.meydan.tv\\\/az\\\/#organization\"},\"potentialAction\":[{\"@type\":\"SearchAction\",\"target\":{\"@type\":\"EntryPoint\",\"urlTemplate\":\"https:\\\/\\\/www.meydan.tv\\\/az\\\/?s={search_term_string}\"},\"query-input\":{\"@type\":\"PropertyValueSpecification\",\"valueRequired\":true,\"valueName\":\"search_term_string\"}}],\"inLanguage\":\"az\"},{\"@type\":\"Organization\",\"@id\":\"https:\\\/\\\/www.meydan.tv\\\/az\\\/#organization\",\"name\":\"Meydan TV\",\"url\":\"https:\\\/\\\/www.meydan.tv\\\/az\\\/\",\"logo\":{\"@type\":\"ImageObject\",\"inLanguage\":\"az\",\"@id\":\"https:\\\/\\\/www.meydan.tv\\\/az\\\/#\\\/schema\\\/logo\\\/image\\\/\",\"url\":\"https:\\\/\\\/www.meydan.tv\\\/wp-content\\\/uploads\\\/2021\\\/07\\\/meydan-logo.svg\",\"contentUrl\":\"https:\\\/\\\/www.meydan.tv\\\/wp-content\\\/uploads\\\/2021\\\/07\\\/meydan-logo.svg\",\"width\":195,\"height\":46,\"caption\":\"Meydan TV\"},\"image\":{\"@id\":\"https:\\\/\\\/www.meydan.tv\\\/az\\\/#\\\/schema\\\/logo\\\/image\\\/\"}},{\"@type\":\"Person\",\"@id\":\"https:\\\/\\\/www.meydan.tv\\\/az\\\/#\\\/schema\\\/person\\\/9cdbecf90d17180ce1dfbd95b08dcf47\",\"name\":\"elli\",\"sameAs\":[\"https:\\\/\\\/x.com\\\/elli\"]}]}<\/script>\n<!-- \/ Yoast SEO plugin. -->","yoast_head_json":{"title":"\u015eahbaz Xuduo\u011flu: \u201cG\u00f6r\u00fcl\u0259n h\u0259r i\u015f\u0259 m\u0131z qoymaq laz\u0131m deyil\" - MEYDAN.TV","robots":{"index":"index","follow":"follow","max-snippet":"max-snippet:-1","max-image-preview":"max-image-preview:large","max-video-preview":"max-video-preview:-1"},"canonical":"https:\/\/www.meydan.tv\/az\/article\/sahbaz-xuduoglu-gorulen-her-ise-miz-qoymaq-lazim-deyil\/","og_locale":"az_AZ","og_type":"article","og_title":"\u015eahbaz Xuduo\u011flu: \u201cG\u00f6r\u00fcl\u0259n h\u0259r i\u015f\u0259 m\u0131z qoymaq laz\u0131m deyil\" - MEYDAN.TV","og_description":"G\u0259nc yazar n\u0259\u015friyyatlar\u0131 m\u00fcqavil\u0259siz i\u015fl\u0259m\u0259kd\u0259 ittiham edir, na\u015firl\u0259r raz\u0131la\u015fm\u0131r Az\u0259rbaycanda ... Davam\u0131","og_url":"https:\/\/www.meydan.tv\/az\/article\/sahbaz-xuduoglu-gorulen-her-ise-miz-qoymaq-lazim-deyil\/","og_site_name":"MEYDAN.TV","article_published_time":"2023-06-02T14:32:07+00:00","article_modified_time":"2023-06-02T14:32:18+00:00","og_image":[{"width":1200,"height":708,"url":"https:\/\/www.meydan.tv\/wp-content\/uploads\/349086137_783199796817958_3505580239529047658_n-e1685715807660.jpg","type":"image\/jpeg"}],"author":"elli","twitter_card":"summary_large_image","twitter_creator":"@elli","schema":{"@context":"https:\/\/schema.org","@graph":[{"@type":"Article","@id":"https:\/\/www.meydan.tv\/az\/article\/sahbaz-xuduoglu-gorulen-her-ise-miz-qoymaq-lazim-deyil\/#article","isPartOf":{"@id":"https:\/\/www.meydan.tv\/az\/article\/sahbaz-xuduoglu-gorulen-her-ise-miz-qoymaq-lazim-deyil\/"},"author":{"name":"elli","@id":"https:\/\/www.meydan.tv\/az\/#\/schema\/person\/9cdbecf90d17180ce1dfbd95b08dcf47"},"headline":"\u015eahbaz Xuduo\u011flu: \u201cG\u00f6r\u00fcl\u0259n h\u0259r i\u015f\u0259 m\u0131z qoymaq laz\u0131m deyil&#8221;","datePublished":"2023-06-02T14:32:07+00:00","dateModified":"2023-06-02T14:32:18+00:00","mainEntityOfPage":{"@id":"https:\/\/www.meydan.tv\/az\/article\/sahbaz-xuduoglu-gorulen-her-ise-miz-qoymaq-lazim-deyil\/"},"wordCount":1698,"publisher":{"@id":"https:\/\/www.meydan.tv\/az\/#organization"},"image":{"@id":"https:\/\/www.meydan.tv\/az\/article\/sahbaz-xuduoglu-gorulen-her-ise-miz-qoymaq-lazim-deyil\/#primaryimage"},"thumbnailUrl":"https:\/\/www.meydan.tv\/wp-content\/uploads\/349086137_783199796817958_3505580239529047658_n-e1685715807660.jpg","articleSection":["M\u0259d\u0259niyy\u0259t","X\u0259b\u0259rl\u0259r"],"inLanguage":"az"},{"@type":"WebPage","@id":"https:\/\/www.meydan.tv\/az\/article\/sahbaz-xuduoglu-gorulen-her-ise-miz-qoymaq-lazim-deyil\/","url":"https:\/\/www.meydan.tv\/az\/article\/sahbaz-xuduoglu-gorulen-her-ise-miz-qoymaq-lazim-deyil\/","name":"\u015eahbaz Xuduo\u011flu: \u201cG\u00f6r\u00fcl\u0259n h\u0259r i\u015f\u0259 m\u0131z qoymaq laz\u0131m deyil\" - MEYDAN.TV","isPartOf":{"@id":"https:\/\/www.meydan.tv\/az\/#website"},"primaryImageOfPage":{"@id":"https:\/\/www.meydan.tv\/az\/article\/sahbaz-xuduoglu-gorulen-her-ise-miz-qoymaq-lazim-deyil\/#primaryimage"},"image":{"@id":"https:\/\/www.meydan.tv\/az\/article\/sahbaz-xuduoglu-gorulen-her-ise-miz-qoymaq-lazim-deyil\/#primaryimage"},"thumbnailUrl":"https:\/\/www.meydan.tv\/wp-content\/uploads\/349086137_783199796817958_3505580239529047658_n-e1685715807660.jpg","datePublished":"2023-06-02T14:32:07+00:00","dateModified":"2023-06-02T14:32:18+00:00","breadcrumb":{"@id":"https:\/\/www.meydan.tv\/az\/article\/sahbaz-xuduoglu-gorulen-her-ise-miz-qoymaq-lazim-deyil\/#breadcrumb"},"inLanguage":"az","potentialAction":[{"@type":"ReadAction","target":["https:\/\/www.meydan.tv\/az\/article\/sahbaz-xuduoglu-gorulen-her-ise-miz-qoymaq-lazim-deyil\/"]}]},{"@type":"ImageObject","inLanguage":"az","@id":"https:\/\/www.meydan.tv\/az\/article\/sahbaz-xuduoglu-gorulen-her-ise-miz-qoymaq-lazim-deyil\/#primaryimage","url":"https:\/\/www.meydan.tv\/wp-content\/uploads\/349086137_783199796817958_3505580239529047658_n-e1685715807660.jpg","contentUrl":"https:\/\/www.meydan.tv\/wp-content\/uploads\/349086137_783199796817958_3505580239529047658_n-e1685715807660.jpg","width":1200,"height":708,"caption":"Kitab s\u0259rgisi. Foto: arxiv"},{"@type":"BreadcrumbList","@id":"https:\/\/www.meydan.tv\/az\/article\/sahbaz-xuduoglu-gorulen-her-ise-miz-qoymaq-lazim-deyil\/#breadcrumb","itemListElement":[{"@type":"ListItem","position":1,"name":"Ana s\u0259hif\u0259","item":"https:\/\/www.meydan.tv\/az\/"},{"@type":"ListItem","position":2,"name":"M\u0259d\u0259niyy\u0259t","item":"https:\/\/www.meydan.tv\/az\/section\/medeniyyet\/"},{"@type":"ListItem","position":3,"name":"\u015eahbaz Xuduo\u011flu: \u201cG\u00f6r\u00fcl\u0259n h\u0259r i\u015f\u0259 m\u0131z qoymaq laz\u0131m deyil&#8221;"}]},{"@type":"WebSite","@id":"https:\/\/www.meydan.tv\/az\/#website","url":"https:\/\/www.meydan.tv\/az\/","name":"MEYDAN.TV","description":"Meydan TV Az\u0259rbaycan\u0131n media m\u0259kan\u0131ndak\u0131 alternativ s\u0259sidir","publisher":{"@id":"https:\/\/www.meydan.tv\/az\/#organization"},"potentialAction":[{"@type":"SearchAction","target":{"@type":"EntryPoint","urlTemplate":"https:\/\/www.meydan.tv\/az\/?s={search_term_string}"},"query-input":{"@type":"PropertyValueSpecification","valueRequired":true,"valueName":"search_term_string"}}],"inLanguage":"az"},{"@type":"Organization","@id":"https:\/\/www.meydan.tv\/az\/#organization","name":"Meydan TV","url":"https:\/\/www.meydan.tv\/az\/","logo":{"@type":"ImageObject","inLanguage":"az","@id":"https:\/\/www.meydan.tv\/az\/#\/schema\/logo\/image\/","url":"https:\/\/www.meydan.tv\/wp-content\/uploads\/2021\/07\/meydan-logo.svg","contentUrl":"https:\/\/www.meydan.tv\/wp-content\/uploads\/2021\/07\/meydan-logo.svg","width":195,"height":46,"caption":"Meydan TV"},"image":{"@id":"https:\/\/www.meydan.tv\/az\/#\/schema\/logo\/image\/"}},{"@type":"Person","@id":"https:\/\/www.meydan.tv\/az\/#\/schema\/person\/9cdbecf90d17180ce1dfbd95b08dcf47","name":"elli","sameAs":["https:\/\/x.com\/elli"]}]}},"_links":{"self":[{"href":"https:\/\/www.meydan.tv\/az\/wp-json\/wp\/v2\/posts\/276741","targetHints":{"allow":["GET"]}}],"collection":[{"href":"https:\/\/www.meydan.tv\/az\/wp-json\/wp\/v2\/posts"}],"about":[{"href":"https:\/\/www.meydan.tv\/az\/wp-json\/wp\/v2\/types\/post"}],"author":[{"embeddable":true,"href":"https:\/\/www.meydan.tv\/az\/wp-json\/wp\/v2\/users\/8"}],"replies":[{"embeddable":true,"href":"https:\/\/www.meydan.tv\/az\/wp-json\/wp\/v2\/comments?post=276741"}],"version-history":[{"count":3,"href":"https:\/\/www.meydan.tv\/az\/wp-json\/wp\/v2\/posts\/276741\/revisions"}],"predecessor-version":[{"id":276759,"href":"https:\/\/www.meydan.tv\/az\/wp-json\/wp\/v2\/posts\/276741\/revisions\/276759"}],"wp:featuredmedia":[{"embeddable":true,"href":"https:\/\/www.meydan.tv\/az\/wp-json\/wp\/v2\/media\/276755"}],"wp:attachment":[{"href":"https:\/\/www.meydan.tv\/az\/wp-json\/wp\/v2\/media?parent=276741"}],"wp:term":[{"taxonomy":"category","embeddable":true,"href":"https:\/\/www.meydan.tv\/az\/wp-json\/wp\/v2\/categories?post=276741"},{"taxonomy":"post_tag","embeddable":true,"href":"https:\/\/www.meydan.tv\/az\/wp-json\/wp\/v2\/tags?post=276741"}],"curies":[{"name":"wp","href":"https:\/\/api.w.org\/{rel}","templated":true}]}}