{"id":276729,"date":"2023-06-02T16:57:59","date_gmt":"2023-06-02T12:57:59","guid":{"rendered":"https:\/\/www.meydan.tv\/?p=276729"},"modified":"2023-06-02T16:58:02","modified_gmt":"2023-06-02T12:58:02","slug":"a-kisi-el-cekin","status":"publish","type":"post","link":"https:\/\/www.meydan.tv\/az\/article\/a-kisi-el-cekin\/","title":{"rendered":"A ki\u015fi, \u0259l \u00e7\u0259kin!"},"content":{"rendered":"\n<p><\/p>\n\n\n\n<p><strong>Z\u0259rd\u00fc\u015ft \u018flizad\u0259<\/strong><\/p>\n\n\n\n<p><strong><em>Bu neft pullar\u0131 ata mal\u0131d\u0131r, kefin ist\u0259y\u0259n kimi x\u0259rcl\u0259<\/em><\/strong><\/p>\n\n\n\n<p>Simas\u0131ndan z\u0259ka ya\u011fan nazirl\u0259rimizd\u0259n birisi \u0259haliy\u0259 mu\u015ftuluq verdi: d\u00f6vl\u0259t taksi xidm\u0259tl\u0259ri sah\u0259sini t\u0259nziml\u0259m\u0259y\u0259 ba\u015flayacaq.<\/p>\n\n\n\n<p>M\u0259n he\u00e7, m\u0259nim \u015f\u0259xsi minik avtomobilim var v\u0259 taksid\u0259n \u00e7ox nadir hallarda istifad\u0259 edir\u0259m. F\u0259q\u0259t xeyli sayda dost-tan\u0131\u015f\u0131m var ki, taksi ma\u015f\u0131nlar\u0131na minir v\u0259 taksi bazar\u0131nda azad r\u0259qab\u0259t say\u0259sind\u0259 ayaq tutmu\u015f ucuzlu\u011fa g\u00f6r\u0259 Allah-t\u0259alaya durmadan \u015f\u00fckr-s\u0259na edir.<\/p>\n\n\n\n<p>Nazirin bu mu\u015ftulu\u011fundan sonra m\u0259nim onlara yaz\u0131\u011f\u0131m g\u0259lir. D\u00f6vl\u0259t m\u0259murlar\u0131 taksi bazar\u0131na m\u00fcdaxil\u0259 ed\u0259c\u0259kl\u0259r, onu bahala\u015fd\u0131r\u0131b cibl\u0259rini dolduracaqlar. Buna he\u00e7 k\u0259sin \u015f\u00fcbh\u0259si yoxdur v\u0259 ola da bilm\u0259z. M\u00fcasir Az\u0259rbaycan\u0131n son 30 illik tarixi bunu dan\u0131lmaz t\u0259rzd\u0259 s\u00fcbut edir. D\u00f6vl\u0259t m\u0259murlar\u0131 hara soxulursa, ora quraql\u0131q d\u00fc\u015f\u00fcr, v\u0259ziyy\u0259t a\u011f\u0131rla\u015f\u0131r, v\u0259t\u0259nda\u015f soyulur.<\/p>\n\n\n\n<p>D\u00fcnyamiqyasl\u0131 taksi \u015firk\u0259tl\u0259ri Az\u0259rbaycana g\u0259lm\u0259mi\u015fd\u0259n \u0259vv\u0259l \u00fcmid qalm\u0131\u015fd\u0131 bizim milli taksi s\u00fcr\u00fcc\u00fcl\u0259rinin m\u0259rh\u0259m\u0259tin\u0259, onlar da milli ad\u0259t-\u0259n\u0259n\u0259y\u0259 uy\u011fun olaraq m\u00fc\u015ft\u0259rinin t\u0259k pulunu deyil, az qala can\u0131n\u0131 al\u0131rd\u0131lar. AzTV-d\u0259n BDU-ya m\u0259saf\u0259 he\u00e7 iki kilometr olmaz, taksi s\u00fcr\u00fcc\u00fcl\u0259ri bu m\u0259saf\u0259y\u0259 g\u00f6r\u0259 be\u015f manatdan az t\u0259l\u0259b etmirdil\u0259r. \u0130ndi m\u00fc\u015ft\u0259ri bu m\u0259saf\u0259y\u0259 g\u00f6r\u0259 bir manat \u00f6d\u0259y\u0259nd\u0259, s\u00fcr\u00fcc\u00fc t\u0259\u015f\u0259kk\u00fcr edir.<\/p>\n\n\n\n<p>Ucuzlu\u011fa baxmayaraq, taksi bazar\u0131nda qazanc da, g\u0259lir d\u0259 var, olmasayd\u0131, taksil\u0259rin say\u0131 artmazd\u0131.O \u015fey ki, g\u0259lir g\u0259tirir, onun say\u0131 art\u0131r. Bak\u0131da indi n\u0259 q\u0259d\u0259r aptek var? N\u0259 q\u0259d\u0259r b\u0259rb\u0259rxana, g\u00f6z\u0259llik salonu a\u00e7\u0131l\u0131b? N\u0259 q\u0259d\u0259r supermarket \u015f\u0259h\u0259ri b\u00fcr\u00fcy\u00fcb? B\u00fct\u00fcn bu ticar\u0259t v\u0259 xidm\u0259t m\u0259nt\u0259q\u0259l\u0259ri g\u0259lirl\u0259 i\u015fl\u0259yir. F\u0259q\u0259t o m\u0259nt\u0259q\u0259l\u0259r\u0259 ki, d\u00f6vl\u0259t \u0259l qoyub, orada bahala\u015fman\u0131n qar\u015f\u0131s\u0131n\u0131 he\u00e7 bir azad bazar qanunlar\u0131 ala bilmir, \u00e7\u00fcnki bu sah\u0259ni bazar qanunlar\u0131 deyil, \u0259sas\u0131nda m\u0259mur i\u015ftah\u0131 duran d\u00f6vl\u0259t \u00f6zba\u015f\u0131nal\u0131\u011f\u0131 t\u0259nziml\u0259yir.<\/p>\n\n\n\n<p>Bak\u0131da m\u0259nzil tikintisin\u0259 d\u00f6vl\u0259t \u0259rbablar\u0131 soxulmam\u0131\u015fdan \u0259vv\u0259l m\u0259nzilin bir kvadratmetri 250-300 dollardan yuxar\u0131 deyildi. El\u0259 ki, d\u00f6vl\u0259t m\u0259murlar\u0131 m\u0259nzil tikintisi bazar\u0131na girdil\u0259r, qiym\u0259tl\u0259r \u00fc\u00e7qat, be\u015fqat yuxar\u0131 s\u0131\u00e7rad\u0131. Varl\u0131\u011fa n\u0259 darl\u0131q! V\u0259t\u0259nda\u015f\u0131n a\u011fz\u0131 n\u0259dir dill\u0259nsin, polis onun dilini dibind\u0259n k\u0259s\u0259r. T\u0259ki pul g\u0259lsin!<\/p>\n\n\n\n<p>Bu, h\u0259min bizim m\u0259murlar deyilmi ki, Q\u0259rb \u00f6lk\u0259l\u0259rind\u0259 kilometri 1 milyon 500 min dollara ba\u015fa g\u0259l\u0259n eyni yolu Az\u0259rbaycanda 10-15 milyon dollara \u00e7\u0259kirl\u0259r?<\/p>\n\n\n\n<p>Bu neft pullar\u0131 ata mal\u0131d\u0131r, kefin ist\u0259y\u0259n kimi x\u0259rcl\u0259!<\/p>\n\n\n\n<p>B\u0259s g\u0259l\u0259c\u0259k n\u0259sill\u0259r? G\u0259l\u0259c\u0259k n\u0259sill\u0259r d\u0259, indiki n\u0259sil d\u0259 q\u0259l\u0259t edir, ba\u015f\u0131n\u0131 divara vurur.<\/p>\n\n\n\n<p>N\u0259 olsun ki, 30-40 illik t\u0259mirsiz istifad\u0259 \u00fc\u00e7\u00fcn n\u0259z\u0259rd\u0259 tutulmu\u015f yollar 2-3 ild\u0259n sonra ba\u015flay\u0131r da\u011f\u0131lma\u011fa. N\u0259 olsun? H\u00f6rm\u0259tli Ziya M\u0259mm\u0259dovun o\u011flu Londonda topda\u011f\u0131tmaz, az\u0131 100 milyon funt sterlinq d\u0259y\u0259rind\u0259 m\u00fclk\u00fcn sahibidir. Ziya m\u00fc\u0259llim is\u0259 do\u011fma rayonunda fermerlik edir.<\/p>\n\n\n\n<p>Sovet d\u00f6vr\u00fcnd\u0259 Az\u0259rbaycan k\u0259ndlisi birt\u0259h\u0259r dolan\u0131rd\u0131. M\u00fcst\u0259qillik ill\u0259rind\u0259 d\u00f6vl\u0259t qeyri-neft sektoru say\u0131lan k\u0259nd t\u0259s\u0259rr\u00fcfat\u0131na xeyli pul ay\u0131rd\u0131. \u0130ki yol var idi: bu pulu k\u0259ndli babaya verib ona \u015f\u0259rait yaratmaq, ya da m\u0259mura tap\u015f\u0131rmaq. T\u0259bii ki, m\u0259murlar \u0259n d\u00fczg\u00fcn yolu se\u00e7dil\u0259r&nbsp; v\u0259 \u00e7\u0131rmalan\u0131b giri\u015fdil\u0259r k\u0259ndistan\u0131n i\u015fl\u0259rin\u0259. D\u00f6vl\u0259t \u00f6z\u00fc!<\/p>\n\n\n\n<p>Bel\u0259 m\u00fch\u00fcm i\u015fi k\u0259msavad k\u0259ndliy\u0259 etibar etm\u0259k \u0259sla olmazd\u0131!<\/p>\n\n\n\n<p>Parlaq n\u0259tic\u0259l\u0259r g\u00f6z \u00f6n\u00fcnd\u0259! Un v\u0259 \u015f\u0259k\u0259r bahala\u015f\u0131b, \u0259tin qiym\u0259ti ceyran belind\u0259, \u0259sas \u0259rzaq xaricd\u0259n al\u0131n\u0131r, k\u0259nd \u0259halisi paytaxta ax\u0131\u015f\u0131r&#8230;&nbsp;&nbsp; \u0130ki sabiq k\u0259nd t\u0259s\u0259rr\u00fcfat\u0131 nazirinin o\u011fullar\u0131n\u0131n h\u0259r\u0259si Londonda \u0259la villa al\u0131b bahal\u0131 ma\u015f\u0131nlarda g\u0259zir. H\u0259r\u0259sinin h\u0259yat t\u0259rzi hesablar\u0131nda az\u0131 100 milyon funt oldu\u011funu s\u00fcbut edir.<\/p>\n\n\n\n<p>\u018fg\u0259r az t\u0259xmin etmi\u015f\u0259ms\u0259, ke\u00e7in g\u00fcnah\u0131mdan, yaz\u0131n m\u0259nim daimi kas\u0131bl\u0131\u011f\u0131m\u0131n aya\u011f\u0131na.<\/p>\n\n\n\n<p>Qaraba\u011f \u0259traf\u0131nda b\u00f6y\u00fck xam, \u015fumlanmam\u0131\u015f Haram\u0131 \u00e7\u00f6l\u00fc var idi, aran Qaraba\u011f\u0131n k\u0259ndlil\u0259ri ondan \u00f6r\u00fc\u015f kimi istifad\u0259 edir, orada on minl\u0259rl\u0259 ba\u015f mal-qara, qoyun-quzu saxlay\u0131rd\u0131. \u018ft gedirdi k\u0259ndlinin \u00f6z yem\u0259yin\u0259, \u015f\u0259h\u0259r bazarlar\u0131na.<\/p>\n\n\n\n<p>El\u0259 ki, m\u0259murlar bunu g\u00f6rd\u00fcl\u0259r, laz\u0131mi \u201cinki\u015faf, t\u0259nziml\u0259m\u0259 v\u0259 yax\u015f\u0131la\u015fd\u0131rma\u201d t\u0259klifl\u0259ri haz\u0131rlan\u0131b getdi ali m\u0259qama v\u0259 qoyuldu masan\u0131n \u00fcst\u00fcn\u0259. M\u00fcbar\u0259k imza at\u0131ld\u0131 v\u0259 m\u0259murlar haram\u0131 kimi giri\u015fdil\u0259r Haram\u0131 \u00e7\u00f6l\u00fcn\u0259, k\u0259ndlil\u0259ri oradan, prezident demi\u015fk\u0259n, \u201citi qovan kimi\u201d qovdular v\u0259 \u00f6r\u00fc\u015f\u00fc m\u00fcxt\u0259lif Bak\u0131 MMC-l\u0259ri aras\u0131nda b\u00f6l\u00fc\u015fd\u00fcr\u00fcb \u015fumlad\u0131lar.<\/p>\n\n\n\n<p>K\u0259ndli heyvanat\u0131n\u0131 sat\u0131b \u00fcz tutdu \u015f\u0259h\u0259r\u0259 v\u0259 q\u00fcrb\u0259t\u0259, m\u0259mur MMC-l\u0259ri is\u0259, t\u0259bii ki, \u00f6lk\u0259ni \u0259rzaq il\u0259 t\u0259min ed\u0259 bilm\u0259dil\u0259r. Amma m\u0259hsul s\u0131\u011fortas\u0131 ad\u0131 il\u0259 yax\u015f\u0131ca qazand\u0131lar.<\/p>\n\n\n\n<p>D\u00f6vl\u0259tin c\u0259miyy\u0259t\u0259 m\u00fctl\u0259q a\u011fal\u0131q h\u0259risliyinin qa\u00e7\u0131lmaz n\u0259tic\u0259l\u0259ri bar\u0259d\u0259 daha bir k\u0259d\u0259rli hekay\u0259t v\u0259t\u0259nda\u015f c\u0259miyy\u0259ti v\u0259 partiyalarla ba\u011fl\u0131d\u0131r. Hans\u0131ndan ba\u015flay\u0131m? H\u0259r ikisini yax\u0131ndan v\u0259 bilavasit\u0259 bilir\u0259m.<\/p>\n\n\n\n<p>6 il A\u00e7\u0131q C\u0259miyy\u0259t \u0130nstitunun (Soros Fondu) r\u0259hb\u0259rliyind\u0259 v\u0259t\u0259nini t\u0259m\u0259nnas\u0131z sev\u0259n l\u0259yaq\u0259tli v\u0259 savadl\u0131 7-8 n\u0259f\u0259r ziyal\u0131 il\u0259 yana\u015f\u0131 \u00e7al\u0131\u015fm\u0131\u015fam. H\u0259r il a\u015fkar t\u0259rzd\u0259 xaricd\u0259n Az\u0259rbaycana g\u0259l\u0259n t\u0259xmin\u0259n 3 milyon dollar pulu a\u015fkar r\u0259qab\u0259t v\u0259 m\u00fcsabiq\u0259 \u0259sas\u0131nda \u00f6lk\u0259mizd\u0259 t\u0259z\u0259c\u0259 t\u0259\u015f\u0259kk\u00fcl tapan v\u0259t\u0259nda\u015f c\u0259miyy\u0259ti d\u0259rn\u0259k v\u0259 \u00f6z\u0259kl\u0259ri aras\u0131nda b\u00f6l\u00fc\u015fd\u00fcr\u00fcrd\u00fck. Hans\u0131 m\u0259qs\u0259dl\u0259r\u0259? V\u0259t\u0259nda\u015flar\u0131n siyasi bilik v\u0259 v\u0259rdi\u015fl\u0259rinin t\u0259kmill\u0259\u015fdirilm\u0259sin\u0259, v\u0259t\u0259nda\u015f c\u0259miyy\u0259tinin d\u00f6vl\u0259t i\u015fl\u0259rinin gedi\u015fat\u0131na n\u0259zar\u0259t h\u00fcququnun ger\u00e7\u0259kl\u0259\u015fdirilm\u0259sin\u0259, m\u0259kt\u0259blil\u0259rin komp\u00fcter bilikl\u0259rinin art\u0131r\u0131lmas\u0131na, b\u0259l\u0259diyy\u0259l\u0259rin f\u0259aliyy\u0259tinin d\u0259st\u0259kl\u0259nm\u0259sin\u0259, d\u00f6vl\u0259t v\u0259saitinin o\u011fru m\u0259murlar t\u0259r\u0259find\u0259n m\u0259nims\u0259nilm\u0259sinin m\u0259hdudla\u015fd\u0131r\u0131lmas\u0131na.<\/p>\n\n\n\n<p>M\u0259n bu 6 illik f\u0259aliyy\u0259timl\u0259 f\u0259xr edir\u0259m, h\u0259mkarlar\u0131mla birlikd\u0259 Sorosun pullar\u0131n\u0131 \u00f6lk\u0259mizd\u0259 ger\u00e7\u0259k, sa\u011flam xalq hakimiyy\u0259tinin t\u0259m\u0259linin m\u00f6hk\u0259ml\u0259ndirilm\u0259sin\u0259 y\u00f6n\u0259ltmi\u015f\u0259m.<\/p>\n\n\n\n<p>\u00c7ox g\u00fcman ki, f\u0259aliyy\u0259timizd\u0259 naraz\u0131l\u0131q do\u011furan m\u0259qamlar olub. Qrant iddia\u00e7\u0131s\u0131 \u00e7ox, m\u0259bl\u0259\u011f m\u0259hdud, kims\u0259 alanda, kims\u0259y\u0259 \u00e7atmayanda, bunu haqs\u0131zl\u0131q say\u0131blar. Soros Fondu t\u0259nqid v\u0259 m\u00fczakir\u0259y\u0259 daim a\u00e7\u0131q idi.<\/p>\n\n\n\n<p>Fondun \u0259n b\u00f6y\u00fck u\u011furu d\u00f6vl\u0259t m\u0259murunun \u0259lin\u0259 baxmayan c\u0259sar\u0259tli, demokratik d\u0259y\u0259rl\u0259r\u0259 sadiq v\u0259 dikba\u015f g\u0259nc z\u00fcmr\u0259nin t\u0259\u015f\u0259kk\u00fcl\u00fc oldu. Bu z\u00fcmr\u0259 2003 v\u0259 2005-ci ill\u0259rin prezident v\u0259 parlament se\u00e7kil\u0259rini dem\u0259k olar ki, tam m\u00fc\u015fahid\u0259 ed\u0259 bildi v\u0259 ortaya hakimiyy\u0259tin total saxtakarl\u0131\u011f\u0131n\u0131 s\u00fcbut ed\u0259n dan\u0131lmaz d\u0259lill\u0259r qoydu.<\/p>\n\n\n\n<p>Buna m\u0259murlar art\u0131q d\u00f6z\u0259 bilm\u0259zdi. N\u0259h\u0259ng t\u0259zyiq, b\u00f6htan v\u0259 yalan ma\u015f\u0131n\u0131 i\u015f\u0259 d\u00fc\u015fd\u00fc, xarici donor t\u0259\u015fkilatlar\u0131 \u00f6lk\u0259d\u0259n \u00e7\u0131xar\u0131ld\u0131.<\/p>\n\n\n\n<p>N\u0259yin \u0259sas\u0131nda? G\u00fclm\u0259yin, \u0259ziz v\u0259 d\u0259y\u0259rli milli suverenlik na\u011f\u0131l\u0131 yen\u0259 i\u015f\u0259 d\u00fc\u015fd\u00fc. \u201cBiz imkan verm\u0259rik yad xarici \u0259ll\u0259r bizim \u0259ziz suverenliyimiz\u0259 uzans\u0131n, erm\u0259ni i\u015f\u011fal\u00e7\u0131s\u0131 il\u0259 s\u0259s-s\u0259s\u0259 verib bizim do\u011fma d\u00f6vl\u0259timizin m\u00fcst\u0259qil siyas\u0259tin\u0259 k\u00f6lg\u0259 sals\u0131n\u201d v\u0259 sair\u0259 v\u0259 ilax\u0131ra.<\/p>\n\n\n\n<p>Salt\u0131kov-\u015eedrin nec\u0259 d\u0259 s\u0259rrast deyib: \u201cSon vaxtlar n\u0259ys\u0259 v\u0259t\u0259np\u0259rv\u0259rlikd\u0259n \u00e7ox dan\u0131\u015f\u0131rlar, \u00e7ox g\u00fcman, h\u0259dd\u0259n ziyad\u0259 o\u011furlay\u0131blar\u201d.<\/p>\n\n\n\n<p>Bu f\u0259ndl\u0259 h\u0259r il \u00f6lk\u0259miz\u0259 m\u00fcxt\u0259lif donor t\u0259\u015fkilatlar\u0131ndan g\u0259l\u0259n az\u0131 20 milyon dollar\u0131n yolunu k\u0259sdil\u0259r. Hakimiyy\u0259t \u00f6z\u00fc h\u0259r il xaricd\u0259n y\u00fcz milyonlarla inki\u015faf \u00fc\u00e7\u00fcn qrant al\u0131b he\u00e7 bir inki\u015fafa yol vermirdi, f\u0259q\u0259t qrant alma\u011f\u0131 v\u0259t\u0259nda\u015f c\u0259miyy\u0259ti \u00fc\u00e7\u00fcn v\u0259t\u0259n\u0259 x\u0259yan\u0259t h\u0259ddin\u0259 \u00e7atd\u0131rm\u0131\u015fd\u0131.<\/p>\n\n\n\n<p>N\u0259tic\u0259d\u0259 Az\u0259rbaycanda m\u00fcst\u0259qil v\u0259t\u0259nda\u015f c\u0259miyy\u0259ti yox d\u0259r\u0259c\u0259sin\u0259 endi. Q\u0259rbd\u0259n C\u0259nubi Qafqaz \u00fc\u00e7\u00fcn ayr\u0131lan pullar y\u00f6n\u0259ldi Erm\u0259nistana v\u0259 G\u00fcrc\u00fcstana.<\/p>\n\n\n\n<p>Az\u0259rbaycan\u0131n qeyri-h\u00f6kum\u0259t t\u0259\u015fkilatlar\u0131 is\u0259 yeni, d\u00f6vl\u0259t oyununa c\u0259lb edildil\u0259r. \u201cQHT-l\u0259r\u0259 D\u00f6vl\u0259t D\u0259st\u0259k Fondu\u201d t\u0259sis edildi, onun r\u0259hb\u0259rliyin\u0259 hakimiyy\u0259t\u0259 s\u00f6zs\u00fcz v\u0259 s\u0259ssiz sadiq bir v\u00fccud t\u0259yin olundu v\u0259 d\u00f6vl\u0259td\u0259n qrant almaq ist\u0259y\u0259nl\u0259r\u0259 t\u0259z\u0259 oyunun \u015f\u0259rtl\u0259ri elan edildi. T\u0259bii ki, bu yeni \u015f\u0259rtl\u0259r\u0259 g\u00f6r\u0259 m\u0259murlar\u0131n \u0259yri i\u015fl\u0259rini if\u015fa etm\u0259k olmazd\u0131, v\u0259t\u0259nda\u015f c\u0259miyy\u0259ti f\u0259allar\u0131 \u00f6zl\u0259rini \u201cab\u0131rl\u0131\u201d apar\u0131b xalq mal\u0131n\u0131 talayan m\u0259murlara qar\u015f\u0131 t\u0259nqidi s\u00f6z dey\u0259 bilm\u0259zdi. Qrantlara deputatlar, onlar\u0131n qohumlar\u0131 giri\u015fdi, ham\u0131s\u0131 d\u00f6vl\u0259tin pulu hesab\u0131na v\u0259t\u0259np\u0259rv\u0259rlikl\u0259 m\u0259\u015f\u011ful olma\u011fa ba\u015flad\u0131.<\/p>\n\n\n\n<p>Son ac\u0131 hadis\u0259 La\u00e7\u0131n yolu il\u0259 ba\u011fl\u0131d\u0131r. Ekof\u0259allar\u0131n piketi ba\u011flanandan sonra v\u0259t\u0259n namin\u0259 soyuqda-qarda c\u0259fa \u00e7\u0259kmi\u015f \u201cd\u00f6vl\u0259t f\u0259allar\u0131\u201d g\u0259libl\u0259r onlara v\u0259d edilmi\u015f adamba\u015f\u0131na 10-15 min manat qrant dal\u0131nca. Onlar\u0131n h\u0259r\u0259sin\u0259 5-6 min ayr\u0131l\u0131b. Bu haqs\u0131zl\u0131\u011fa d\u00f6zm\u0259y\u0259n v\u0259t\u0259np\u0259rv\u0259r ekoloqlar Preziden saray\u0131n\u0131n qar\u015f\u0131s\u0131nda etiraz piketi t\u0259\u015fkil edib t\u0259l\u0259bl\u0259rini s\u0259sl\u0259ndiribl\u0259r. Bu zaman onlar\u0131n dem\u0259k olar ki, 6 ayl\u0131q piket t\u0259cr\u00fcb\u0259si karlar\u0131na g\u0259lib.<\/p>\n\n\n\n<p>S\u0259s yay\u0131l\u0131b gedib \u00e7at\u0131b \u0130r\u0259vana. Erm\u0259ni c\u0259miyy\u0259ti indi Az\u0259rbaycan\u0131 la\u011fa qoyur. Deyirl\u0259r ki,&nbsp; bu turkes m\u0259murlar\u0131 Qaraba\u011f erm\u0259nil\u0259rini d\u0259 aldadacaqlar, onlar\u0131n evl\u0259rinin, torpaqlar\u0131n\u0131n pulunu m\u0259nims\u0259y\u0259c\u0259kl\u0259r.<\/p>\n\n\n\n<p>\u0130nsaf\u0259n, d\u00f6vl\u0259timizin yeti\u015fdirdiyi ekof\u0259allar el\u0259 d\u00f6vl\u0259timiz\u0259 layiqdirl\u0259r.<\/p>\n\n\n\n<p>D\u00f6vl\u0259timizin ikinci \u201cb\u00f6y\u00fck u\u011furu\u201d siyasi partiyalar sah\u0259sind\u0259dir.&nbsp; Uzaq Moskvadan, sonra is\u0259 daha yax\u0131n Nax\u00e7\u0131vandan Bak\u0131 hakimiyy\u0259tin\u0259 qar\u015f\u0131 d\u00f6y\u00fc\u015f\u0259n m\u00fcxalif\u0259t marallar\u0131 il\u0259 b\u0259z\u0259n h\u0259mr\u0259y, b\u0259z\u0259ns\u0259 m\u00fctt\u0259fiq olan Ulu \u00f6nd\u0259r hakimiyy\u0259t s\u00fckan\u0131ndan yap\u0131\u015fan kimi val\u0131 \u00e7evirdi. \u018fvv\u0259l d\u00fcn\u0259nki m\u00fctt\u0259fiqi olan silahl\u0131 m\u00fcxalif\u0259ti m\u0259hv etdi, sonra ba\u015flad\u0131 dinc, silahs\u0131z m\u00fcxalif\u0259tin z\u0259r\u0259sizl\u0259\u015fdirilm\u0259si \u0259m\u0259liyyat\u0131na. KQB t\u0259limat kitablar\u0131nda yaz\u0131lm\u0131\u015f b\u00fct\u00fcn z\u0259ngin t\u0259xribat v\u0259 t\u0259zyiq c\u0259bb\u0259xanas\u0131 i\u015f\u0259 sal\u0131nd\u0131, sat\u0131nalmadan, kompromat t\u0259dar\u00fck\u00fcnd\u0259n tutmu\u015f klassik \u201day\u0131r-buyur\u201d f\u0259ndin\u0259 q\u0259d\u0259r. Bu i\u015fd\u0259 onun \u0259v\u0259zedilm\u0259z \u0259lalt\u0131s\u0131 Ramiz Mehdiyev oldu. \u018fmin\u0259m ki, bu adam\u0131n h\u0259yat\u0131n\u0131n \u0259n \u015firin anlar\u0131 n\u00f6vb\u0259ti m\u00fcxalif\u0259t partiyas\u0131n\u0131n v\u0259 ya liderinin \u00e7\u0131xda\u015f edilm\u0259si olmu\u015fdu. T\u0259bii ki, xalq mal\u0131n\u0131n g\u00f6z\u0259g\u0259l\u0259si par\u00e7as\u0131n\u0131n h\u0259zme-rabe edilm\u0259si \u0259m\u0259liyyatlar\u0131ndan sonra.<\/p>\n\n\n\n<p>Az\u0259rbaycan Sosial-Demokrat Partiyas\u0131n\u0131n \u0259n b\u00f6y\u00fck siyasi u\u011furu 1994-c\u00fc ild\u0259 Sosialist \u0130nternasional\u0131n\u0131n Budape\u015ft konqresind\u0259 Fransa Sosialist v\u0259 Da\u015fnaksutyun partiyalar\u0131n\u0131n k\u0259skin etiraz\u0131na r\u0259\u011fm\u0259n Erm\u0259nistan\u0131 t\u0259cav\u00fczkar elan ed\u0259n q\u0259tnam\u0259nin q\u0259bulu oldu. Konqresd\u0259n sonra AT\u018fT-in sammiti ba\u015flay\u0131rd\u0131 v\u0259 konqresd\u0259 bu q\u0259tnam\u0259y\u0259 s\u0259s vermi\u015f h\u00f6kum\u0259t ba\u015f\u00e7\u0131lar\u0131 sammit\u0259 qat\u0131l\u0131rd\u0131lar. Biz sevin\u0259-sevin\u0259 bu q\u0259tnam\u0259 s\u0259n\u0259dini Az\u0259rbaycan\u0131n h\u00f6kum\u0259t n\u00fcmay\u0259nd\u0259 hey\u0259tinin po\u00e7t qutusuna sald\u0131q. G\u00f6zl\u0259dik ki, bu q\u0259tnam\u0259d\u0259n k\u0259s\u0259rli siyasi silah kimi istifad\u0259 ed\u0259c\u0259kl\u0259r.<\/p>\n\n\n\n<p>Heyhat, Ulu \u00f6nd\u0259rin t\u00fck\u00fc bel\u0259 t\u0259rp\u0259nm\u0259di. Onun \u00f6z qay\u011f\u0131lar\u0131, \u00f6z n\u0259q\u015f\u0259si var idi. Bu n\u0259q\u015f\u0259y\u0259 g\u00f6r\u0259 ASDP m\u0259hv edilm\u0259li idi, edildi d\u0259. T\u0259k o yox, Az\u0259rbaycanda dem\u0259k olar ki, b\u00fct\u00fcn siyasi t\u0259\u015fkilatlar \u00e7\u0131xda\u015f edilib. D\u00fcnyan\u0131n siyasi partiya x\u0259rit\u0259sind\u0259 Az\u0259rbaycan adl\u0131 m\u0259kan yoxdur.<\/p>\n\n\n\n<p>G\u00f6r\u00fcn\u00fcr, hakimiyy\u0259tin fikrin\u0259 g\u00f6r\u0259, bu yoxluq \u0259n b\u00f6y\u00fck nailiyy\u0259tdir.<\/p>\n\n\n\n<p>44-g\u00fcnl\u00fck m\u00fcharib\u0259d\u0259 q\u0259l\u0259b\u0259d\u0259n sonra \u0259halinin \u0259ks\u0259r hiss\u0259si d\u00fcnya i\u015fl\u0259rinin gedi\u015fat\u0131 bar\u0259d\u0259 t\u0259s\u0259vv\u00fcrl\u0259rini unudublar. Guya h\u0259yat t\u0259k Qaraba\u011f\u0131n qaytar\u0131lmas\u0131ndan v\u0259 neft-qaz g\u0259lirl\u0259rinin x\u0259rcl\u0259nm\u0259sind\u0259n ibar\u0259tdir.<\/p>\n\n\n\n<p>\u018fmin\u0259m ki, h\u0259yat bu yanl\u0131\u015f t\u0259s\u0259vv\u00fcr\u00fc tarmar ed\u0259c\u0259k.<\/p>\n\n\n\n<p>D\u00f6vl\u0259timizin siyas\u0259tin\u0259 tama\u015fa etdikc\u0259 yad\u0131ma Molla P\u0259nah Vaqifin s\u00f6zl\u0259ri d\u00fc\u015f\u00fcr:<\/p>\n\n\n\n<p><em>\u201cH\u0259r n\u0259 g\u00f6rd\u00fcm, \u0259yri g\u00f6rd\u00fcm, \u00f6zg\u0259 bab\u0259t g\u00f6rm\u0259dim\u201d&#8230;\u00a0\u00a0\u00a0\u00a0\u00a0\u00a0\u00a0\u00a0<\/em><\/p>\n","protected":false},"excerpt":{"rendered":"<p>Z\u0259rd\u00fc\u015ft \u018flizad\u0259 Bu neft pullar\u0131 ata mal\u0131d\u0131r, kefin ist\u0259y\u0259n kimi &#8230; <\/p>\n<p class=\"read-more-container\"><a title=\"A ki\u015fi, \u0259l \u00e7\u0259kin!\" class=\"read-more button\" href=\"https:\/\/www.meydan.tv\/az\/article\/a-kisi-el-cekin\/#more-276729\" aria-label=\"Read more about A ki\u015fi, \u0259l \u00e7\u0259kin!\">Davam\u0131<\/a><\/p>\n","protected":false},"author":8,"featured_media":126823,"comment_status":"closed","ping_status":"closed","sticky":false,"template":"","format":"standard","meta":{"_acf_changed":false,"_sitemap_exclude":false,"_sitemap_priority":"","_sitemap_frequency":"","footnotes":""},"categories":[57],"tags":[],"class_list":["post-276729","post","type-post","status-publish","format-standard","has-post-thumbnail","hentry","category-menim-fikrimce","infinite-scroll-item","generate-columns","tablet-grid-50","mobile-grid-100","grid-parent","grid-33","no-featured-image-padding"],"acf":[],"yoast_head":"<!-- This site is optimized with the Yoast SEO plugin v27.4 - https:\/\/yoast.com\/product\/yoast-seo-wordpress\/ -->\n<title>A ki\u015fi, \u0259l \u00e7\u0259kin! - MEYDAN.TV<\/title>\n<meta name=\"robots\" content=\"index, follow, max-snippet:-1, max-image-preview:large, max-video-preview:-1\" \/>\n<link rel=\"canonical\" href=\"https:\/\/www.meydan.tv\/az\/article\/a-kisi-el-cekin\/\" \/>\n<meta property=\"og:locale\" content=\"az_AZ\" \/>\n<meta property=\"og:type\" content=\"article\" \/>\n<meta property=\"og:title\" content=\"A ki\u015fi, \u0259l \u00e7\u0259kin! - MEYDAN.TV\" \/>\n<meta property=\"og:description\" content=\"Z\u0259rd\u00fc\u015ft \u018flizad\u0259 Bu neft pullar\u0131 ata mal\u0131d\u0131r, kefin ist\u0259y\u0259n kimi ... Davam\u0131\" \/>\n<meta property=\"og:url\" content=\"https:\/\/www.meydan.tv\/az\/article\/a-kisi-el-cekin\/\" \/>\n<meta property=\"og:site_name\" content=\"MEYDAN.TV\" \/>\n<meta property=\"article:published_time\" content=\"2023-06-02T12:57:59+00:00\" \/>\n<meta property=\"article:modified_time\" content=\"2023-06-02T12:58:02+00:00\" \/>\n<meta property=\"og:image\" content=\"https:\/\/www.meydan.tv\/wp-content\/uploads\/image_from_ios_2_p52ittc.original.original-scaled-e1682070233838.jpg\" \/>\n\t<meta property=\"og:image:width\" content=\"2560\" \/>\n\t<meta property=\"og:image:height\" content=\"1158\" \/>\n\t<meta property=\"og:image:type\" content=\"image\/jpeg\" \/>\n<meta name=\"author\" content=\"elli\" \/>\n<meta name=\"twitter:card\" content=\"summary_large_image\" \/>\n<meta name=\"twitter:creator\" content=\"@elli\" \/>\n<script type=\"application\/ld+json\" class=\"yoast-schema-graph\">{\"@context\":\"https:\\\/\\\/schema.org\",\"@graph\":[{\"@type\":\"Article\",\"@id\":\"https:\\\/\\\/www.meydan.tv\\\/az\\\/article\\\/a-kisi-el-cekin\\\/#article\",\"isPartOf\":{\"@id\":\"https:\\\/\\\/www.meydan.tv\\\/az\\\/article\\\/a-kisi-el-cekin\\\/\"},\"author\":{\"name\":\"elli\",\"@id\":\"https:\\\/\\\/www.meydan.tv\\\/az\\\/#\\\/schema\\\/person\\\/9cdbecf90d17180ce1dfbd95b08dcf47\"},\"headline\":\"A ki\u015fi, \u0259l \u00e7\u0259kin!\",\"datePublished\":\"2023-06-02T12:57:59+00:00\",\"dateModified\":\"2023-06-02T12:58:02+00:00\",\"mainEntityOfPage\":{\"@id\":\"https:\\\/\\\/www.meydan.tv\\\/az\\\/article\\\/a-kisi-el-cekin\\\/\"},\"wordCount\":2470,\"publisher\":{\"@id\":\"https:\\\/\\\/www.meydan.tv\\\/az\\\/#organization\"},\"image\":{\"@id\":\"https:\\\/\\\/www.meydan.tv\\\/az\\\/article\\\/a-kisi-el-cekin\\\/#primaryimage\"},\"thumbnailUrl\":\"https:\\\/\\\/www.meydan.tv\\\/wp-content\\\/uploads\\\/image_from_ios_2_p52ittc.original.original-scaled-e1682070233838.jpg\",\"articleSection\":[\"M\u0259nim Fikrimc\u0259\"],\"inLanguage\":\"az\"},{\"@type\":\"WebPage\",\"@id\":\"https:\\\/\\\/www.meydan.tv\\\/az\\\/article\\\/a-kisi-el-cekin\\\/\",\"url\":\"https:\\\/\\\/www.meydan.tv\\\/az\\\/article\\\/a-kisi-el-cekin\\\/\",\"name\":\"A ki\u015fi, \u0259l \u00e7\u0259kin! - MEYDAN.TV\",\"isPartOf\":{\"@id\":\"https:\\\/\\\/www.meydan.tv\\\/az\\\/#website\"},\"primaryImageOfPage\":{\"@id\":\"https:\\\/\\\/www.meydan.tv\\\/az\\\/article\\\/a-kisi-el-cekin\\\/#primaryimage\"},\"image\":{\"@id\":\"https:\\\/\\\/www.meydan.tv\\\/az\\\/article\\\/a-kisi-el-cekin\\\/#primaryimage\"},\"thumbnailUrl\":\"https:\\\/\\\/www.meydan.tv\\\/wp-content\\\/uploads\\\/image_from_ios_2_p52ittc.original.original-scaled-e1682070233838.jpg\",\"datePublished\":\"2023-06-02T12:57:59+00:00\",\"dateModified\":\"2023-06-02T12:58:02+00:00\",\"breadcrumb\":{\"@id\":\"https:\\\/\\\/www.meydan.tv\\\/az\\\/article\\\/a-kisi-el-cekin\\\/#breadcrumb\"},\"inLanguage\":\"az\",\"potentialAction\":[{\"@type\":\"ReadAction\",\"target\":[\"https:\\\/\\\/www.meydan.tv\\\/az\\\/article\\\/a-kisi-el-cekin\\\/\"]}]},{\"@type\":\"ImageObject\",\"inLanguage\":\"az\",\"@id\":\"https:\\\/\\\/www.meydan.tv\\\/az\\\/article\\\/a-kisi-el-cekin\\\/#primaryimage\",\"url\":\"https:\\\/\\\/www.meydan.tv\\\/wp-content\\\/uploads\\\/image_from_ios_2_p52ittc.original.original-scaled-e1682070233838.jpg\",\"contentUrl\":\"https:\\\/\\\/www.meydan.tv\\\/wp-content\\\/uploads\\\/image_from_ios_2_p52ittc.original.original-scaled-e1682070233838.jpg\",\"width\":2560,\"height\":1158,\"caption\":\"Foto: Meydan TV\"},{\"@type\":\"BreadcrumbList\",\"@id\":\"https:\\\/\\\/www.meydan.tv\\\/az\\\/article\\\/a-kisi-el-cekin\\\/#breadcrumb\",\"itemListElement\":[{\"@type\":\"ListItem\",\"position\":1,\"name\":\"Ana s\u0259hif\u0259\",\"item\":\"https:\\\/\\\/www.meydan.tv\\\/az\\\/\"},{\"@type\":\"ListItem\",\"position\":2,\"name\":\"M\u0259nim Fikrimc\u0259\",\"item\":\"https:\\\/\\\/www.meydan.tv\\\/az\\\/section\\\/menim-fikrimce\\\/\"},{\"@type\":\"ListItem\",\"position\":3,\"name\":\"A ki\u015fi, \u0259l \u00e7\u0259kin!\"}]},{\"@type\":\"WebSite\",\"@id\":\"https:\\\/\\\/www.meydan.tv\\\/az\\\/#website\",\"url\":\"https:\\\/\\\/www.meydan.tv\\\/az\\\/\",\"name\":\"MEYDAN.TV\",\"description\":\"Meydan TV Az\u0259rbaycan\u0131n media m\u0259kan\u0131ndak\u0131 alternativ s\u0259sidir\",\"publisher\":{\"@id\":\"https:\\\/\\\/www.meydan.tv\\\/az\\\/#organization\"},\"potentialAction\":[{\"@type\":\"SearchAction\",\"target\":{\"@type\":\"EntryPoint\",\"urlTemplate\":\"https:\\\/\\\/www.meydan.tv\\\/az\\\/?s={search_term_string}\"},\"query-input\":{\"@type\":\"PropertyValueSpecification\",\"valueRequired\":true,\"valueName\":\"search_term_string\"}}],\"inLanguage\":\"az\"},{\"@type\":\"Organization\",\"@id\":\"https:\\\/\\\/www.meydan.tv\\\/az\\\/#organization\",\"name\":\"Meydan TV\",\"url\":\"https:\\\/\\\/www.meydan.tv\\\/az\\\/\",\"logo\":{\"@type\":\"ImageObject\",\"inLanguage\":\"az\",\"@id\":\"https:\\\/\\\/www.meydan.tv\\\/az\\\/#\\\/schema\\\/logo\\\/image\\\/\",\"url\":\"https:\\\/\\\/www.meydan.tv\\\/wp-content\\\/uploads\\\/2021\\\/07\\\/meydan-logo.svg\",\"contentUrl\":\"https:\\\/\\\/www.meydan.tv\\\/wp-content\\\/uploads\\\/2021\\\/07\\\/meydan-logo.svg\",\"width\":195,\"height\":46,\"caption\":\"Meydan TV\"},\"image\":{\"@id\":\"https:\\\/\\\/www.meydan.tv\\\/az\\\/#\\\/schema\\\/logo\\\/image\\\/\"}},{\"@type\":\"Person\",\"@id\":\"https:\\\/\\\/www.meydan.tv\\\/az\\\/#\\\/schema\\\/person\\\/9cdbecf90d17180ce1dfbd95b08dcf47\",\"name\":\"elli\",\"sameAs\":[\"https:\\\/\\\/x.com\\\/elli\"]}]}<\/script>\n<!-- \/ Yoast SEO plugin. -->","yoast_head_json":{"title":"A ki\u015fi, \u0259l \u00e7\u0259kin! - MEYDAN.TV","robots":{"index":"index","follow":"follow","max-snippet":"max-snippet:-1","max-image-preview":"max-image-preview:large","max-video-preview":"max-video-preview:-1"},"canonical":"https:\/\/www.meydan.tv\/az\/article\/a-kisi-el-cekin\/","og_locale":"az_AZ","og_type":"article","og_title":"A ki\u015fi, \u0259l \u00e7\u0259kin! - MEYDAN.TV","og_description":"Z\u0259rd\u00fc\u015ft \u018flizad\u0259 Bu neft pullar\u0131 ata mal\u0131d\u0131r, kefin ist\u0259y\u0259n kimi ... Davam\u0131","og_url":"https:\/\/www.meydan.tv\/az\/article\/a-kisi-el-cekin\/","og_site_name":"MEYDAN.TV","article_published_time":"2023-06-02T12:57:59+00:00","article_modified_time":"2023-06-02T12:58:02+00:00","og_image":[{"width":2560,"height":1158,"url":"https:\/\/www.meydan.tv\/wp-content\/uploads\/image_from_ios_2_p52ittc.original.original-scaled-e1682070233838.jpg","type":"image\/jpeg"}],"author":"elli","twitter_card":"summary_large_image","twitter_creator":"@elli","schema":{"@context":"https:\/\/schema.org","@graph":[{"@type":"Article","@id":"https:\/\/www.meydan.tv\/az\/article\/a-kisi-el-cekin\/#article","isPartOf":{"@id":"https:\/\/www.meydan.tv\/az\/article\/a-kisi-el-cekin\/"},"author":{"name":"elli","@id":"https:\/\/www.meydan.tv\/az\/#\/schema\/person\/9cdbecf90d17180ce1dfbd95b08dcf47"},"headline":"A ki\u015fi, \u0259l \u00e7\u0259kin!","datePublished":"2023-06-02T12:57:59+00:00","dateModified":"2023-06-02T12:58:02+00:00","mainEntityOfPage":{"@id":"https:\/\/www.meydan.tv\/az\/article\/a-kisi-el-cekin\/"},"wordCount":2470,"publisher":{"@id":"https:\/\/www.meydan.tv\/az\/#organization"},"image":{"@id":"https:\/\/www.meydan.tv\/az\/article\/a-kisi-el-cekin\/#primaryimage"},"thumbnailUrl":"https:\/\/www.meydan.tv\/wp-content\/uploads\/image_from_ios_2_p52ittc.original.original-scaled-e1682070233838.jpg","articleSection":["M\u0259nim Fikrimc\u0259"],"inLanguage":"az"},{"@type":"WebPage","@id":"https:\/\/www.meydan.tv\/az\/article\/a-kisi-el-cekin\/","url":"https:\/\/www.meydan.tv\/az\/article\/a-kisi-el-cekin\/","name":"A ki\u015fi, \u0259l \u00e7\u0259kin! - MEYDAN.TV","isPartOf":{"@id":"https:\/\/www.meydan.tv\/az\/#website"},"primaryImageOfPage":{"@id":"https:\/\/www.meydan.tv\/az\/article\/a-kisi-el-cekin\/#primaryimage"},"image":{"@id":"https:\/\/www.meydan.tv\/az\/article\/a-kisi-el-cekin\/#primaryimage"},"thumbnailUrl":"https:\/\/www.meydan.tv\/wp-content\/uploads\/image_from_ios_2_p52ittc.original.original-scaled-e1682070233838.jpg","datePublished":"2023-06-02T12:57:59+00:00","dateModified":"2023-06-02T12:58:02+00:00","breadcrumb":{"@id":"https:\/\/www.meydan.tv\/az\/article\/a-kisi-el-cekin\/#breadcrumb"},"inLanguage":"az","potentialAction":[{"@type":"ReadAction","target":["https:\/\/www.meydan.tv\/az\/article\/a-kisi-el-cekin\/"]}]},{"@type":"ImageObject","inLanguage":"az","@id":"https:\/\/www.meydan.tv\/az\/article\/a-kisi-el-cekin\/#primaryimage","url":"https:\/\/www.meydan.tv\/wp-content\/uploads\/image_from_ios_2_p52ittc.original.original-scaled-e1682070233838.jpg","contentUrl":"https:\/\/www.meydan.tv\/wp-content\/uploads\/image_from_ios_2_p52ittc.original.original-scaled-e1682070233838.jpg","width":2560,"height":1158,"caption":"Foto: Meydan TV"},{"@type":"BreadcrumbList","@id":"https:\/\/www.meydan.tv\/az\/article\/a-kisi-el-cekin\/#breadcrumb","itemListElement":[{"@type":"ListItem","position":1,"name":"Ana s\u0259hif\u0259","item":"https:\/\/www.meydan.tv\/az\/"},{"@type":"ListItem","position":2,"name":"M\u0259nim Fikrimc\u0259","item":"https:\/\/www.meydan.tv\/az\/section\/menim-fikrimce\/"},{"@type":"ListItem","position":3,"name":"A ki\u015fi, \u0259l \u00e7\u0259kin!"}]},{"@type":"WebSite","@id":"https:\/\/www.meydan.tv\/az\/#website","url":"https:\/\/www.meydan.tv\/az\/","name":"MEYDAN.TV","description":"Meydan TV Az\u0259rbaycan\u0131n media m\u0259kan\u0131ndak\u0131 alternativ s\u0259sidir","publisher":{"@id":"https:\/\/www.meydan.tv\/az\/#organization"},"potentialAction":[{"@type":"SearchAction","target":{"@type":"EntryPoint","urlTemplate":"https:\/\/www.meydan.tv\/az\/?s={search_term_string}"},"query-input":{"@type":"PropertyValueSpecification","valueRequired":true,"valueName":"search_term_string"}}],"inLanguage":"az"},{"@type":"Organization","@id":"https:\/\/www.meydan.tv\/az\/#organization","name":"Meydan TV","url":"https:\/\/www.meydan.tv\/az\/","logo":{"@type":"ImageObject","inLanguage":"az","@id":"https:\/\/www.meydan.tv\/az\/#\/schema\/logo\/image\/","url":"https:\/\/www.meydan.tv\/wp-content\/uploads\/2021\/07\/meydan-logo.svg","contentUrl":"https:\/\/www.meydan.tv\/wp-content\/uploads\/2021\/07\/meydan-logo.svg","width":195,"height":46,"caption":"Meydan TV"},"image":{"@id":"https:\/\/www.meydan.tv\/az\/#\/schema\/logo\/image\/"}},{"@type":"Person","@id":"https:\/\/www.meydan.tv\/az\/#\/schema\/person\/9cdbecf90d17180ce1dfbd95b08dcf47","name":"elli","sameAs":["https:\/\/x.com\/elli"]}]}},"_links":{"self":[{"href":"https:\/\/www.meydan.tv\/az\/wp-json\/wp\/v2\/posts\/276729","targetHints":{"allow":["GET"]}}],"collection":[{"href":"https:\/\/www.meydan.tv\/az\/wp-json\/wp\/v2\/posts"}],"about":[{"href":"https:\/\/www.meydan.tv\/az\/wp-json\/wp\/v2\/types\/post"}],"author":[{"embeddable":true,"href":"https:\/\/www.meydan.tv\/az\/wp-json\/wp\/v2\/users\/8"}],"replies":[{"embeddable":true,"href":"https:\/\/www.meydan.tv\/az\/wp-json\/wp\/v2\/comments?post=276729"}],"version-history":[{"count":1,"href":"https:\/\/www.meydan.tv\/az\/wp-json\/wp\/v2\/posts\/276729\/revisions"}],"predecessor-version":[{"id":276730,"href":"https:\/\/www.meydan.tv\/az\/wp-json\/wp\/v2\/posts\/276729\/revisions\/276730"}],"wp:featuredmedia":[{"embeddable":true,"href":"https:\/\/www.meydan.tv\/az\/wp-json\/wp\/v2\/media\/126823"}],"wp:attachment":[{"href":"https:\/\/www.meydan.tv\/az\/wp-json\/wp\/v2\/media?parent=276729"}],"wp:term":[{"taxonomy":"category","embeddable":true,"href":"https:\/\/www.meydan.tv\/az\/wp-json\/wp\/v2\/categories?post=276729"},{"taxonomy":"post_tag","embeddable":true,"href":"https:\/\/www.meydan.tv\/az\/wp-json\/wp\/v2\/tags?post=276729"}],"curies":[{"name":"wp","href":"https:\/\/api.w.org\/{rel}","templated":true}]}}