{"id":276700,"date":"2023-06-02T11:08:12","date_gmt":"2023-06-02T07:08:12","guid":{"rendered":"https:\/\/www.meydan.tv\/?p=276700"},"modified":"2023-06-02T11:08:15","modified_gmt":"2023-06-02T07:08:15","slug":"salyanda-qebirlerden-defn-olunanlarin-qizil-disleri-ogurlanib","status":"publish","type":"post","link":"https:\/\/www.meydan.tv\/az\/article\/salyanda-qebirlerden-defn-olunanlarin-qizil-disleri-ogurlanib\/","title":{"rendered":"Salyanda q\u0259birl\u0259rd\u0259n d\u0259fn olunanlar\u0131n q\u0131z\u0131l di\u015fl\u0259ri o\u011furlan\u0131b"},"content":{"rendered":"\n<p><\/p>\n\n\n\n<p><strong><em>Hadis\u0259 il\u0259 ba\u011fl\u0131 \u00fc\u00e7 n\u0259f\u0259rin saxlan\u0131ld\u0131\u011f\u0131 bildirilir<\/em><\/strong><\/p>\n\n\n\n<p>Salyan\u0131n Arbatan v\u0259 K\u00fcrqaraqa\u015fl\u0131 k\u0259ndl\u0259rind\u0259ki q\u0259biristanl\u0131qlarda d\u0259fn olunanlar\u0131n q\u0131z\u0131l di\u015fl\u0259rinin o\u011furland\u0131\u011f\u0131 bildirilir. Daxili \u0130\u015fl\u0259r Nazirliyinin M\u0259tbuat Xidm\u0259tinin yayd\u0131\u011f\u0131 m\u0259lumata g\u00f6r\u0259, bununla \u0259laq\u0259dar \u00fc\u00e7 n\u0259f\u0259r saxlan\u0131l\u0131b.<\/p>\n\n\n\n<p>Salyan Rayon Polis \u015e\u00f6b\u0259sin\u0259 adlar\u0131 \u00e7\u0259kil\u0259n k\u0259ndl\u0259rd\u0259 iki m\u0259zar\u0131n nam\u0259lum \u015f\u0259xsl\u0259r t\u0259r\u0259find\u0259n qaz\u0131lmas\u0131, d\u0259fn olunanlar\u0131n q\u0131z\u0131l di\u015fl\u0259rinin o\u011furlanmas\u0131 haqda m\u0259lumat daxil olub. H\u0259min m\u0259lumat \u0259sas\u0131nda apar\u0131lan ara\u015fd\u0131rma n\u0259tic\u0259sind\u0259 Ab\u015feron rayon sakinl\u0259ri Abas Abasov, X\u0259yal Mustafayev v\u0259 R\u0259sul Elyasov saxlan\u0131laraq, Salyan rayon Polis \u015e\u00f6b\u0259sin\u0259 g\u0259tirilib.<\/p>\n\n\n\n<p>\u201c<em>Ara\u015fd\u0131rmalar zaman\u0131 m\u0259lum olub ki, onlar may\u0131n 7-d\u0259 g\u00fcnd\u00fcz saatlar\u0131nda rayonun Arbatan k\u0259ndind\u0259ki q\u0259biristanl\u0131qda R\u0259sul Elyasovun v\u0259fat ed\u0259n bibisinin m\u0259zar\u0131n\u0131 qaz\u0131blar. Onun iki q\u0131z\u0131l di\u015fini \u00e7\u0131xararaq oradan uzaqla\u015f\u0131blar. Gec\u0259 saatlar\u0131nda is\u0259 K\u00fcrqaraqa\u015fl\u0131 k\u0259ndind\u0259ki q\u0259biristanl\u0131\u011fa g\u0259l\u0259r\u0259k bu s\u0259f\u0259r ba\u015fqa bir m\u0259zar\u0131 qaz\u0131blar v\u0259 orada d\u0259fn olunan \u015f\u0259xsin 4 q\u0131z\u0131l di\u015fini g\u00f6t\u00fcr\u00fcbl\u0259r. Hadis\u0259d\u0259n sonra rayonu t\u0259rk edibl\u0259r. Q\u0131z\u0131l di\u015fl\u0259ri sat\u0131b, pullar\u0131 \u00f6z aralar\u0131nda b\u00f6l\u00fcbl\u0259r\u201d,<\/em> &#8211; D\u0130N-in M\u0259tbuat Xidm\u0259tinin \u015eirvan regional qrupundan bildirilib.<\/p>\n\n\n\n<p>D\u0130N-in m\u0259lumat\u0131nda iddia olunur ki, saxlan\u0131lark\u0259n Abas Abasov v\u0259 R\u0259sul Elyasovdan narkotik d\u0259 tap\u0131l\u0131b.<\/p>\n\n\n\n<p>Faktla ba\u011fl\u0131 Salyan Rayon Poliq \u015e\u00f6b\u0259sinin \u0130stintaq B\u00f6lm\u0259sind\u0259 cinay\u0259t i\u015fi a\u00e7\u0131l\u0131b. Saxlan\u0131lan \u015f\u0259xsl\u0259r bar\u0259sind\u0259 m\u0259hk\u0259m\u0259 q\u0259rar\u0131yla istintaq d\u00f6vr\u00fc \u00fc\u00e7\u00fcn h\u0259bs q\u0259timkan t\u0259dbiri se\u00e7ilib.<\/p>\n\n\n\n<p>H\u0259bs olunanlar\u0131n yax\u0131nlar\u0131 v\u0259 ya v\u0259kill\u0259rind\u0259n onlara qar\u015f\u0131 ir\u0259li s\u00fcr\u00fcl\u0259n ittihamlara m\u00fcnasib\u0259t \u00f6yr\u0259nm\u0259k m\u00fcmk\u00fcn olmay\u0131b.<\/p>\n","protected":false},"excerpt":{"rendered":"<p>Hadis\u0259 il\u0259 ba\u011fl\u0131 \u00fc\u00e7 n\u0259f\u0259rin saxlan\u0131ld\u0131\u011f\u0131 bildirilir Salyan\u0131n Arbatan v\u0259 &#8230; <\/p>\n<p class=\"read-more-container\"><a title=\"Salyanda q\u0259birl\u0259rd\u0259n d\u0259fn olunanlar\u0131n q\u0131z\u0131l di\u015fl\u0259ri o\u011furlan\u0131b\" class=\"read-more button\" href=\"https:\/\/www.meydan.tv\/az\/article\/salyanda-qebirlerden-defn-olunanlarin-qizil-disleri-ogurlanib\/#more-276700\" aria-label=\"Read more about Salyanda q\u0259birl\u0259rd\u0259n d\u0259fn olunanlar\u0131n q\u0131z\u0131l di\u015fl\u0259ri o\u011furlan\u0131b\">Davam\u0131<\/a><\/p>\n","protected":false},"author":8,"featured_media":276701,"comment_status":"closed","ping_status":"closed","sticky":false,"template":"","format":"standard","meta":{"_acf_changed":false,"_sitemap_exclude":false,"_sitemap_priority":"","_sitemap_frequency":"","footnotes":""},"categories":[60,56],"tags":[],"class_list":["post-276700","post","type-post","status-publish","format-standard","has-post-thumbnail","hentry","category-bolge","category-xeberler","infinite-scroll-item","generate-columns","tablet-grid-50","mobile-grid-100","grid-parent","grid-33","no-featured-image-padding"],"acf":[],"yoast_head":"<!-- This site is optimized with the Yoast SEO plugin v27.5 - https:\/\/yoast.com\/product\/yoast-seo-wordpress\/ -->\n<title>Salyanda q\u0259birl\u0259rd\u0259n d\u0259fn olunanlar\u0131n q\u0131z\u0131l di\u015fl\u0259ri o\u011furlan\u0131b - MEYDAN.TV<\/title>\n<meta name=\"robots\" content=\"index, follow, max-snippet:-1, max-image-preview:large, max-video-preview:-1\" \/>\n<link rel=\"canonical\" href=\"https:\/\/www.meydan.tv\/az\/article\/salyanda-qebirlerden-defn-olunanlarin-qizil-disleri-ogurlanib\/\" \/>\n<meta property=\"og:locale\" content=\"az_AZ\" \/>\n<meta property=\"og:type\" content=\"article\" \/>\n<meta property=\"og:title\" content=\"Salyanda q\u0259birl\u0259rd\u0259n d\u0259fn olunanlar\u0131n q\u0131z\u0131l di\u015fl\u0259ri o\u011furlan\u0131b - MEYDAN.TV\" \/>\n<meta property=\"og:description\" content=\"Hadis\u0259 il\u0259 ba\u011fl\u0131 \u00fc\u00e7 n\u0259f\u0259rin saxlan\u0131ld\u0131\u011f\u0131 bildirilir Salyan\u0131n Arbatan v\u0259 ... Davam\u0131\" \/>\n<meta property=\"og:url\" content=\"https:\/\/www.meydan.tv\/az\/article\/salyanda-qebirlerden-defn-olunanlarin-qizil-disleri-ogurlanib\/\" \/>\n<meta property=\"og:site_name\" content=\"MEYDAN.TV\" \/>\n<meta property=\"article:published_time\" content=\"2023-06-02T07:08:12+00:00\" \/>\n<meta property=\"article:modified_time\" content=\"2023-06-02T07:08:15+00:00\" \/>\n<meta property=\"og:image\" content=\"https:\/\/www.meydan.tv\/wp-content\/uploads\/be805274add34313a0dad9baa0bab13b.jpg\" \/>\n\t<meta property=\"og:image:width\" content=\"1200\" \/>\n\t<meta property=\"og:image:height\" content=\"675\" \/>\n\t<meta property=\"og:image:type\" content=\"image\/jpeg\" \/>\n<meta name=\"author\" content=\"elli\" \/>\n<meta name=\"twitter:card\" content=\"summary_large_image\" \/>\n<meta name=\"twitter:creator\" content=\"@elli\" \/>\n<script type=\"application\/ld+json\" class=\"yoast-schema-graph\">{\"@context\":\"https:\\\/\\\/schema.org\",\"@graph\":[{\"@type\":\"Article\",\"@id\":\"https:\\\/\\\/www.meydan.tv\\\/az\\\/article\\\/salyanda-qebirlerden-defn-olunanlarin-qizil-disleri-ogurlanib\\\/#article\",\"isPartOf\":{\"@id\":\"https:\\\/\\\/www.meydan.tv\\\/az\\\/article\\\/salyanda-qebirlerden-defn-olunanlarin-qizil-disleri-ogurlanib\\\/\"},\"author\":{\"name\":\"elli\",\"@id\":\"https:\\\/\\\/www.meydan.tv\\\/az\\\/#\\\/schema\\\/person\\\/9cdbecf90d17180ce1dfbd95b08dcf47\"},\"headline\":\"Salyanda q\u0259birl\u0259rd\u0259n d\u0259fn olunanlar\u0131n q\u0131z\u0131l di\u015fl\u0259ri o\u011furlan\u0131b\",\"datePublished\":\"2023-06-02T07:08:12+00:00\",\"dateModified\":\"2023-06-02T07:08:15+00:00\",\"mainEntityOfPage\":{\"@id\":\"https:\\\/\\\/www.meydan.tv\\\/az\\\/article\\\/salyanda-qebirlerden-defn-olunanlarin-qizil-disleri-ogurlanib\\\/\"},\"wordCount\":382,\"publisher\":{\"@id\":\"https:\\\/\\\/www.meydan.tv\\\/az\\\/#organization\"},\"image\":{\"@id\":\"https:\\\/\\\/www.meydan.tv\\\/az\\\/article\\\/salyanda-qebirlerden-defn-olunanlarin-qizil-disleri-ogurlanib\\\/#primaryimage\"},\"thumbnailUrl\":\"https:\\\/\\\/www.meydan.tv\\\/wp-content\\\/uploads\\\/be805274add34313a0dad9baa0bab13b.jpg\",\"articleSection\":[\"B\u00f6lg\u0259\",\"X\u0259b\u0259rl\u0259r\"],\"inLanguage\":\"az\"},{\"@type\":\"WebPage\",\"@id\":\"https:\\\/\\\/www.meydan.tv\\\/az\\\/article\\\/salyanda-qebirlerden-defn-olunanlarin-qizil-disleri-ogurlanib\\\/\",\"url\":\"https:\\\/\\\/www.meydan.tv\\\/az\\\/article\\\/salyanda-qebirlerden-defn-olunanlarin-qizil-disleri-ogurlanib\\\/\",\"name\":\"Salyanda q\u0259birl\u0259rd\u0259n d\u0259fn olunanlar\u0131n q\u0131z\u0131l di\u015fl\u0259ri o\u011furlan\u0131b - MEYDAN.TV\",\"isPartOf\":{\"@id\":\"https:\\\/\\\/www.meydan.tv\\\/az\\\/#website\"},\"primaryImageOfPage\":{\"@id\":\"https:\\\/\\\/www.meydan.tv\\\/az\\\/article\\\/salyanda-qebirlerden-defn-olunanlarin-qizil-disleri-ogurlanib\\\/#primaryimage\"},\"image\":{\"@id\":\"https:\\\/\\\/www.meydan.tv\\\/az\\\/article\\\/salyanda-qebirlerden-defn-olunanlarin-qizil-disleri-ogurlanib\\\/#primaryimage\"},\"thumbnailUrl\":\"https:\\\/\\\/www.meydan.tv\\\/wp-content\\\/uploads\\\/be805274add34313a0dad9baa0bab13b.jpg\",\"datePublished\":\"2023-06-02T07:08:12+00:00\",\"dateModified\":\"2023-06-02T07:08:15+00:00\",\"breadcrumb\":{\"@id\":\"https:\\\/\\\/www.meydan.tv\\\/az\\\/article\\\/salyanda-qebirlerden-defn-olunanlarin-qizil-disleri-ogurlanib\\\/#breadcrumb\"},\"inLanguage\":\"az\",\"potentialAction\":[{\"@type\":\"ReadAction\",\"target\":[\"https:\\\/\\\/www.meydan.tv\\\/az\\\/article\\\/salyanda-qebirlerden-defn-olunanlarin-qizil-disleri-ogurlanib\\\/\"]}]},{\"@type\":\"ImageObject\",\"inLanguage\":\"az\",\"@id\":\"https:\\\/\\\/www.meydan.tv\\\/az\\\/article\\\/salyanda-qebirlerden-defn-olunanlarin-qizil-disleri-ogurlanib\\\/#primaryimage\",\"url\":\"https:\\\/\\\/www.meydan.tv\\\/wp-content\\\/uploads\\\/be805274add34313a0dad9baa0bab13b.jpg\",\"contentUrl\":\"https:\\\/\\\/www.meydan.tv\\\/wp-content\\\/uploads\\\/be805274add34313a0dad9baa0bab13b.jpg\",\"width\":1200,\"height\":675,\"caption\":\"Salyan Rayon Poliq \u015e\u00f6b\u0259si. Foto: Sosial \u015f\u0259b\u0259k\u0259\"},{\"@type\":\"BreadcrumbList\",\"@id\":\"https:\\\/\\\/www.meydan.tv\\\/az\\\/article\\\/salyanda-qebirlerden-defn-olunanlarin-qizil-disleri-ogurlanib\\\/#breadcrumb\",\"itemListElement\":[{\"@type\":\"ListItem\",\"position\":1,\"name\":\"Ana s\u0259hif\u0259\",\"item\":\"https:\\\/\\\/www.meydan.tv\\\/az\\\/\"},{\"@type\":\"ListItem\",\"position\":2,\"name\":\"B\u00f6lg\u0259\",\"item\":\"https:\\\/\\\/www.meydan.tv\\\/az\\\/section\\\/bolge\\\/\"},{\"@type\":\"ListItem\",\"position\":3,\"name\":\"Salyanda q\u0259birl\u0259rd\u0259n d\u0259fn olunanlar\u0131n q\u0131z\u0131l di\u015fl\u0259ri o\u011furlan\u0131b\"}]},{\"@type\":\"WebSite\",\"@id\":\"https:\\\/\\\/www.meydan.tv\\\/az\\\/#website\",\"url\":\"https:\\\/\\\/www.meydan.tv\\\/az\\\/\",\"name\":\"MEYDAN.TV\",\"description\":\"Meydan TV Az\u0259rbaycan\u0131n media m\u0259kan\u0131ndak\u0131 alternativ s\u0259sidir\",\"publisher\":{\"@id\":\"https:\\\/\\\/www.meydan.tv\\\/az\\\/#organization\"},\"potentialAction\":[{\"@type\":\"SearchAction\",\"target\":{\"@type\":\"EntryPoint\",\"urlTemplate\":\"https:\\\/\\\/www.meydan.tv\\\/az\\\/?s={search_term_string}\"},\"query-input\":{\"@type\":\"PropertyValueSpecification\",\"valueRequired\":true,\"valueName\":\"search_term_string\"}}],\"inLanguage\":\"az\"},{\"@type\":\"Organization\",\"@id\":\"https:\\\/\\\/www.meydan.tv\\\/az\\\/#organization\",\"name\":\"Meydan TV\",\"url\":\"https:\\\/\\\/www.meydan.tv\\\/az\\\/\",\"logo\":{\"@type\":\"ImageObject\",\"inLanguage\":\"az\",\"@id\":\"https:\\\/\\\/www.meydan.tv\\\/az\\\/#\\\/schema\\\/logo\\\/image\\\/\",\"url\":\"https:\\\/\\\/www.meydan.tv\\\/wp-content\\\/uploads\\\/2021\\\/07\\\/meydan-logo.svg\",\"contentUrl\":\"https:\\\/\\\/www.meydan.tv\\\/wp-content\\\/uploads\\\/2021\\\/07\\\/meydan-logo.svg\",\"width\":195,\"height\":46,\"caption\":\"Meydan TV\"},\"image\":{\"@id\":\"https:\\\/\\\/www.meydan.tv\\\/az\\\/#\\\/schema\\\/logo\\\/image\\\/\"}},{\"@type\":\"Person\",\"@id\":\"https:\\\/\\\/www.meydan.tv\\\/az\\\/#\\\/schema\\\/person\\\/9cdbecf90d17180ce1dfbd95b08dcf47\",\"name\":\"elli\",\"sameAs\":[\"https:\\\/\\\/x.com\\\/elli\"]}]}<\/script>\n<!-- \/ Yoast SEO plugin. -->","yoast_head_json":{"title":"Salyanda q\u0259birl\u0259rd\u0259n d\u0259fn olunanlar\u0131n q\u0131z\u0131l di\u015fl\u0259ri o\u011furlan\u0131b - MEYDAN.TV","robots":{"index":"index","follow":"follow","max-snippet":"max-snippet:-1","max-image-preview":"max-image-preview:large","max-video-preview":"max-video-preview:-1"},"canonical":"https:\/\/www.meydan.tv\/az\/article\/salyanda-qebirlerden-defn-olunanlarin-qizil-disleri-ogurlanib\/","og_locale":"az_AZ","og_type":"article","og_title":"Salyanda q\u0259birl\u0259rd\u0259n d\u0259fn olunanlar\u0131n q\u0131z\u0131l di\u015fl\u0259ri o\u011furlan\u0131b - MEYDAN.TV","og_description":"Hadis\u0259 il\u0259 ba\u011fl\u0131 \u00fc\u00e7 n\u0259f\u0259rin saxlan\u0131ld\u0131\u011f\u0131 bildirilir Salyan\u0131n Arbatan v\u0259 ... Davam\u0131","og_url":"https:\/\/www.meydan.tv\/az\/article\/salyanda-qebirlerden-defn-olunanlarin-qizil-disleri-ogurlanib\/","og_site_name":"MEYDAN.TV","article_published_time":"2023-06-02T07:08:12+00:00","article_modified_time":"2023-06-02T07:08:15+00:00","og_image":[{"width":1200,"height":675,"url":"https:\/\/www.meydan.tv\/wp-content\/uploads\/be805274add34313a0dad9baa0bab13b.jpg","type":"image\/jpeg"}],"author":"elli","twitter_card":"summary_large_image","twitter_creator":"@elli","schema":{"@context":"https:\/\/schema.org","@graph":[{"@type":"Article","@id":"https:\/\/www.meydan.tv\/az\/article\/salyanda-qebirlerden-defn-olunanlarin-qizil-disleri-ogurlanib\/#article","isPartOf":{"@id":"https:\/\/www.meydan.tv\/az\/article\/salyanda-qebirlerden-defn-olunanlarin-qizil-disleri-ogurlanib\/"},"author":{"name":"elli","@id":"https:\/\/www.meydan.tv\/az\/#\/schema\/person\/9cdbecf90d17180ce1dfbd95b08dcf47"},"headline":"Salyanda q\u0259birl\u0259rd\u0259n d\u0259fn olunanlar\u0131n q\u0131z\u0131l di\u015fl\u0259ri o\u011furlan\u0131b","datePublished":"2023-06-02T07:08:12+00:00","dateModified":"2023-06-02T07:08:15+00:00","mainEntityOfPage":{"@id":"https:\/\/www.meydan.tv\/az\/article\/salyanda-qebirlerden-defn-olunanlarin-qizil-disleri-ogurlanib\/"},"wordCount":382,"publisher":{"@id":"https:\/\/www.meydan.tv\/az\/#organization"},"image":{"@id":"https:\/\/www.meydan.tv\/az\/article\/salyanda-qebirlerden-defn-olunanlarin-qizil-disleri-ogurlanib\/#primaryimage"},"thumbnailUrl":"https:\/\/www.meydan.tv\/wp-content\/uploads\/be805274add34313a0dad9baa0bab13b.jpg","articleSection":["B\u00f6lg\u0259","X\u0259b\u0259rl\u0259r"],"inLanguage":"az"},{"@type":"WebPage","@id":"https:\/\/www.meydan.tv\/az\/article\/salyanda-qebirlerden-defn-olunanlarin-qizil-disleri-ogurlanib\/","url":"https:\/\/www.meydan.tv\/az\/article\/salyanda-qebirlerden-defn-olunanlarin-qizil-disleri-ogurlanib\/","name":"Salyanda q\u0259birl\u0259rd\u0259n d\u0259fn olunanlar\u0131n q\u0131z\u0131l di\u015fl\u0259ri o\u011furlan\u0131b - MEYDAN.TV","isPartOf":{"@id":"https:\/\/www.meydan.tv\/az\/#website"},"primaryImageOfPage":{"@id":"https:\/\/www.meydan.tv\/az\/article\/salyanda-qebirlerden-defn-olunanlarin-qizil-disleri-ogurlanib\/#primaryimage"},"image":{"@id":"https:\/\/www.meydan.tv\/az\/article\/salyanda-qebirlerden-defn-olunanlarin-qizil-disleri-ogurlanib\/#primaryimage"},"thumbnailUrl":"https:\/\/www.meydan.tv\/wp-content\/uploads\/be805274add34313a0dad9baa0bab13b.jpg","datePublished":"2023-06-02T07:08:12+00:00","dateModified":"2023-06-02T07:08:15+00:00","breadcrumb":{"@id":"https:\/\/www.meydan.tv\/az\/article\/salyanda-qebirlerden-defn-olunanlarin-qizil-disleri-ogurlanib\/#breadcrumb"},"inLanguage":"az","potentialAction":[{"@type":"ReadAction","target":["https:\/\/www.meydan.tv\/az\/article\/salyanda-qebirlerden-defn-olunanlarin-qizil-disleri-ogurlanib\/"]}]},{"@type":"ImageObject","inLanguage":"az","@id":"https:\/\/www.meydan.tv\/az\/article\/salyanda-qebirlerden-defn-olunanlarin-qizil-disleri-ogurlanib\/#primaryimage","url":"https:\/\/www.meydan.tv\/wp-content\/uploads\/be805274add34313a0dad9baa0bab13b.jpg","contentUrl":"https:\/\/www.meydan.tv\/wp-content\/uploads\/be805274add34313a0dad9baa0bab13b.jpg","width":1200,"height":675,"caption":"Salyan Rayon Poliq \u015e\u00f6b\u0259si. Foto: Sosial \u015f\u0259b\u0259k\u0259"},{"@type":"BreadcrumbList","@id":"https:\/\/www.meydan.tv\/az\/article\/salyanda-qebirlerden-defn-olunanlarin-qizil-disleri-ogurlanib\/#breadcrumb","itemListElement":[{"@type":"ListItem","position":1,"name":"Ana s\u0259hif\u0259","item":"https:\/\/www.meydan.tv\/az\/"},{"@type":"ListItem","position":2,"name":"B\u00f6lg\u0259","item":"https:\/\/www.meydan.tv\/az\/section\/bolge\/"},{"@type":"ListItem","position":3,"name":"Salyanda q\u0259birl\u0259rd\u0259n d\u0259fn olunanlar\u0131n q\u0131z\u0131l di\u015fl\u0259ri o\u011furlan\u0131b"}]},{"@type":"WebSite","@id":"https:\/\/www.meydan.tv\/az\/#website","url":"https:\/\/www.meydan.tv\/az\/","name":"MEYDAN.TV","description":"Meydan TV Az\u0259rbaycan\u0131n media m\u0259kan\u0131ndak\u0131 alternativ s\u0259sidir","publisher":{"@id":"https:\/\/www.meydan.tv\/az\/#organization"},"potentialAction":[{"@type":"SearchAction","target":{"@type":"EntryPoint","urlTemplate":"https:\/\/www.meydan.tv\/az\/?s={search_term_string}"},"query-input":{"@type":"PropertyValueSpecification","valueRequired":true,"valueName":"search_term_string"}}],"inLanguage":"az"},{"@type":"Organization","@id":"https:\/\/www.meydan.tv\/az\/#organization","name":"Meydan TV","url":"https:\/\/www.meydan.tv\/az\/","logo":{"@type":"ImageObject","inLanguage":"az","@id":"https:\/\/www.meydan.tv\/az\/#\/schema\/logo\/image\/","url":"https:\/\/www.meydan.tv\/wp-content\/uploads\/2021\/07\/meydan-logo.svg","contentUrl":"https:\/\/www.meydan.tv\/wp-content\/uploads\/2021\/07\/meydan-logo.svg","width":195,"height":46,"caption":"Meydan TV"},"image":{"@id":"https:\/\/www.meydan.tv\/az\/#\/schema\/logo\/image\/"}},{"@type":"Person","@id":"https:\/\/www.meydan.tv\/az\/#\/schema\/person\/9cdbecf90d17180ce1dfbd95b08dcf47","name":"elli","sameAs":["https:\/\/x.com\/elli"]}]}},"_links":{"self":[{"href":"https:\/\/www.meydan.tv\/az\/wp-json\/wp\/v2\/posts\/276700","targetHints":{"allow":["GET"]}}],"collection":[{"href":"https:\/\/www.meydan.tv\/az\/wp-json\/wp\/v2\/posts"}],"about":[{"href":"https:\/\/www.meydan.tv\/az\/wp-json\/wp\/v2\/types\/post"}],"author":[{"embeddable":true,"href":"https:\/\/www.meydan.tv\/az\/wp-json\/wp\/v2\/users\/8"}],"replies":[{"embeddable":true,"href":"https:\/\/www.meydan.tv\/az\/wp-json\/wp\/v2\/comments?post=276700"}],"version-history":[{"count":1,"href":"https:\/\/www.meydan.tv\/az\/wp-json\/wp\/v2\/posts\/276700\/revisions"}],"predecessor-version":[{"id":276704,"href":"https:\/\/www.meydan.tv\/az\/wp-json\/wp\/v2\/posts\/276700\/revisions\/276704"}],"wp:featuredmedia":[{"embeddable":true,"href":"https:\/\/www.meydan.tv\/az\/wp-json\/wp\/v2\/media\/276701"}],"wp:attachment":[{"href":"https:\/\/www.meydan.tv\/az\/wp-json\/wp\/v2\/media?parent=276700"}],"wp:term":[{"taxonomy":"category","embeddable":true,"href":"https:\/\/www.meydan.tv\/az\/wp-json\/wp\/v2\/categories?post=276700"},{"taxonomy":"post_tag","embeddable":true,"href":"https:\/\/www.meydan.tv\/az\/wp-json\/wp\/v2\/tags?post=276700"}],"curies":[{"name":"wp","href":"https:\/\/api.w.org\/{rel}","templated":true}]}}