{"id":276685,"date":"2023-06-01T21:27:43","date_gmt":"2023-06-01T17:27:43","guid":{"rendered":"https:\/\/www.meydan.tv\/?p=276685"},"modified":"2023-06-01T21:53:22","modified_gmt":"2023-06-01T17:53:22","slug":"kisinyov-gorusunde-de-sulh-muqavilesi-imzalanmadi","status":"publish","type":"post","link":"https:\/\/www.meydan.tv\/az\/article\/kisinyov-gorusunde-de-sulh-muqavilesi-imzalanmadi\/","title":{"rendered":"Ki\u015finyov g\u00f6r\u00fc\u015f\u00fcnd\u0259 d\u0259 s\u00fclh m\u00fcqavil\u0259si imzalanmad\u0131"},"content":{"rendered":"\n<p><\/p>\n\n\n\n<p><strong><em>\u015earl Mi\u015fel Az\u0259rbaycan v\u0259 Erm\u0259nistan liderl\u0259rinin g\u00f6r\u00fc\u015f\u00fc bar\u0259d\u0259 a\u00e7\u0131qlama verdi<\/em><\/strong><\/p>\n\n\n\n<p>Fransa Prezidenti v\u0259 Almaniya kanslerinin i\u015ftirak\u0131 il\u0259 Az\u0259rbaycan v\u0259 Erm\u0259nistan liderl\u0259rinin 1 iyun g\u00f6r\u00fc\u015f\u00fcnd\u0259 h\u00fcquqlar m\u0259s\u0259l\u0259si, s\u00fclh m\u00fcqavil\u0259si, s\u0259rh\u0259dl\u0259rin delimitasiyas\u0131 m\u00fczakir\u0259 olunub.<\/p>\n\n\n\n<p>Ki\u015finyovda ke\u00e7iril\u0259n be\u015ft\u0259r\u0259fli g\u00f6r\u00fc\u015f\u00fcn sonunda jurnalistl\u0259r\u0259 a\u00e7\u0131qlama ver\u0259n Avropa \u0130ttifaq\u0131 \u015euras\u0131n\u0131n r\u0259hb\u0259ri \u015earl Mi\u015fel bel\u0259 deyib.<\/p>\n\n\n\n<p>\u015earl Mi\u015felin s\u00f6zl\u0259rin\u0259 g\u00f6r\u0259, h\u0259min m\u0259s\u0259l\u0259l\u0259r 15 mayda Br\u00fcsseld\u0259 m\u00fczakir\u0259 predmeti idi:<\/p>\n\n\n\n<p><em>\u201cBiz f\u0259al i\u015fl\u0259yirik, Az\u0259rbaycan v\u0259 Erm\u0259nistan aras\u0131nda m\u00fcnasib\u0259tl\u0259rin normalla\u015fmas\u0131 \u00fc\u00e7\u00fcn b\u00fct\u00fcn m\u00fcsb\u0259t add\u0131mlar\u0131 d\u0259st\u0259kl\u0259m\u0259k niyy\u0259tind\u0259yik\u201d.<\/em><\/p>\n\n\n\n<p>Diplomat h\u0259m\u00e7inin \u0259lav\u0259 edib ki, ox\u015far be\u015ft\u0259r\u0259fli g\u00f6r\u00fc\u015f Avropa Siyasi Birliyinin \u0130spaniyada ke\u00e7iril\u0259c\u0259k n\u00f6vb\u0259ti sammitind\u0259 d\u0259 ba\u015f tutacaq. Ancaq \u015earl Mi\u015fel \u018fliyevl\u0259 Pa\u015finyan\u0131n bu g\u00fcn n\u0259 bar\u0259d\u0259 raz\u0131l\u0131\u011fa g\u0259ldiyini a\u00e7\u0131qlamay\u0131b.<\/p>\n\n\n\n<p>Az\u0259rbaycan v\u0259 Erm\u0259nistan liderl\u0259ri d\u0259 h\u0259l\u0259 g\u00f6r\u00fc\u015f\u00fcn yekunlar\u0131 il\u0259 ba\u011fl\u0131 a\u00e7\u0131qlama verm\u0259yibl\u0259r.<\/p>\n\n\n\n<p>\u00a0Ki\u015finyovda q\u0259rara al\u0131n\u0131b ki, t\u0259r\u0259fl\u0259r iyulun 21-d\u0259 Br\u00fcsseld\u0259 g\u00f6r\u00fc\u015fs\u00fcnl\u0259r.<\/p>\n\n\n\n<p>Ki\u015finyovda iki \u00f6lk\u0259nin xarici i\u015fl\u0259r nazirl\u0259ri Ceyhun Bayramov v\u0259 Ararat Mirzoyan da qeyri-r\u0259smi g\u00f6r\u00fc\u015f\u00fcbl\u0259r.<\/p>\n\n\n\n<p>May\u0131n 25-d\u0259 Moskvada Rusiya, Az\u0259rbaycan v\u0259 Erm\u0259nistan r\u0259hb\u0259rl\u0259rinin \u00fc\u00e7t\u0259r\u0259fli g\u00f6r\u00fc\u015f\u00fc ke\u00e7irilib.<\/p>\n\n\n\n<p>G\u00f6r\u00fc\u015fd\u0259 h\u0259r \u00fc\u00e7 \u00f6lk\u0259nin Ba\u015f nazirl\u0259rinin m\u00fcavinl\u0259rinin g\u0259l\u0259n h\u0259ft\u0259 bir araya g\u0259l\u0259c\u0259kl\u0259ri <a href=\"https:\/\/storage.googleapis.com\/qurium\/www.meydan.tv\/az-article-olke-bascilarinin-moskva-gorusu-putinin-qarsisinda-vahid-movqe-sergilediler.html\" target=\"_blank\" rel=\"noreferrer noopener\">raz\u0131la\u015fd\u0131r\u0131l\u0131b<\/a>.<\/p>\n\n\n\n<p><strong>Br\u00fcssel v\u0259 Va\u015finqton g\u00f6r\u00fc\u015f\u00fc<\/strong><\/p>\n\n\n\n<p>May\u0131n 14-d\u0259 Br\u00fcsseld\u0259 Az\u0259rbaycan v\u0259 Erm\u0259nistan liderl\u0259ri Avropa \u0130ttifaq\u0131 \u015euras\u0131n\u0131n r\u0259hb\u0259ri \u015earl Mi\u015felin vasit\u0259\u00e7iliyi il\u0259 g\u00f6r\u00fc\u015f\u00fcbl\u0259r.<\/p>\n\n\n\n<p>G\u00f6r\u00fc\u015fd\u0259n sonra b\u0259yanat yayan \u015earl Mi\u015fel Br\u00fcssel dan\u0131\u015f\u0131qlardan m\u0259mnun qald\u0131\u011f\u0131n\u0131 ifad\u0259 edib.<\/p>\n\n\n\n<p>B\u0259yanatda qeyd olunur ki, liderl\u0259r C\u0259nubi Qafqazda s\u00fclh\u00fcn b\u0259rq\u0259rar olmas\u0131na haz\u0131rl\u0131\u011f\u0131 m\u00fczakir\u0259 edibl\u0259r.<\/p>\n\n\n\n<p>\u201c<em>AB\u015e-da s\u00fclh m\u00fcqavil\u0259si il\u0259 ba\u011fl\u0131 son m\u00fcsb\u0259t dan\u0131\u015f\u0131qlardan sonra Erm\u0259nistan v\u0259 Az\u0259rbaycan aras\u0131nda h\u0259rt\u0259r\u0259fli s\u00fclh sazi\u015finin imzalanmas\u0131 istiqam\u0259tind\u0259 q\u0259ti add\u0131mlar\u0131n at\u0131lmas\u0131 \u00fc\u00e7\u00fcn s\u0259yl\u0259r saxlan\u0131lmal\u0131d\u0131r\u201d, <\/em>\u2013 \u015earl Mi\u015fel <a href=\"https:\/\/www.meydan.tv\/az\/article\/sarl-misel-brussel-gorusunden-memnun-qalib\/\" target=\"_blank\" rel=\"noreferrer noopener\">deyib<\/a>.<\/p>\n\n\n\n<p>May\u0131n 1-4 tarixl\u0259rind\u0259 Az\u0259rbaycan v\u0259 Erm\u0259nistan xarici i\u015fl\u0259r nazirl\u0259ri Va\u015finqtonda g\u00f6r\u00fc\u015fm\u00fc\u015fd\u00fc.<\/p>\n\n\n\n<p>AB\u015e-\u0131n D\u00f6vl\u0259t katibi Entoni Blinken may\u0131n 4-d\u0259 ke\u00e7irdiyi m\u0259tbuat konfrans\u0131nda Az\u0259rbaycan v\u0259 Erm\u0259nistan\u0131n davaml\u0131 s\u00fclh sazi\u015fi istiqam\u0259tind\u0259 n\u0259z\u0259r\u0259 \u00e7arpacaq ir\u0259lil\u0259yi\u015f \u0259ld\u0259 etdiyini <a href=\"https:\/\/storage.googleapis.com\/qurium\/www.meydan.tv\/az-article-nazirlerin-abs-gorusu-basa-catib-bezi-maddeler-uzre-razilasmalar-elde-edilib.html\" target=\"_blank\" rel=\"noreferrer noopener\">bildirmi\u015fdi<\/a>.<\/p>\n\n\n\n<p><strong>M\u00fcnaqi\u015f\u0259nin q\u0131sa xronikas\u0131<\/strong><\/p>\n\n\n\n<p>Az\u0259rbaycan v\u0259 Erm\u0259nistan aras\u0131nda olan Qaraba\u011f m\u00fcnaqi\u015f\u0259sinin ilkin m\u0259rh\u0259l\u0259si 1988-ci ild\u0259 ba\u015flay\u0131b.<\/p>\n\n\n\n<p>Erm\u0259nistan\u0131n Az\u0259rbaycana \u0259razi iddialar\u0131 il\u0259 ba\u015flayan v\u0259 1994-c\u00fc ild\u0259 imzalanan at\u0259\u015fk\u0259s raz\u0131la\u015fmas\u0131 il\u0259 bit\u0259n Birinci Qaraba\u011f m\u00fcharib\u0259si zaman\u0131 Az\u0259rbaycan\u0131n Da\u011fl\u0131q Qaraba\u011f b\u00f6lg\u0259si v\u0259 ona biti\u015fik 7 rayonu i\u015f\u011fal edilib.<\/p>\n\n\n\n<p>2020-ci ilin sentyabr\u0131nda Az\u0259rbaycan v\u0259 Erm\u0259nistan silahl\u0131 q\u00fcvv\u0259l\u0259ri aras\u0131nda ba\u015f vermi\u015f 44 g\u00fcnl\u00fck \u0130kinci Qaraba\u011f m\u00fcharib\u0259si n\u0259tic\u0259sind\u0259 is\u0259 Az\u0259rbaycan Qaraba\u011f\u0131n bir hiss\u0259sin\u0259 v\u0259 \u0259traf 7 rayona n\u0259zar\u0259ti b\u0259rpa edib.<\/p>\n\n\n\n<p>Az\u0259rbaycan, Erm\u0259nistan v\u0259 Rusiya r\u0259hb\u0259rliyinin imzalad\u0131\u011f\u0131 \u00fc\u00e7t\u0259r\u0259fli birg\u0259 b\u0259yanatla d\u00f6y\u00fc\u015fl\u0259r dayand\u0131r\u0131landan sonra La\u00e7\u0131n d\u0259hlizind\u0259 v\u0259 Qaraba\u011fdak\u0131 t\u0259mas x\u0259ttind\u0259 Rusiya s\u00fclhm\u0259raml\u0131lar\u0131 yerl\u0259\u015fdirilib.<\/p>\n\n\n\n<p>Haz\u0131rk\u0131 m\u0259rh\u0259l\u0259d\u0259 \u0259razid\u0259 tez-tez at\u0259\u015fk\u0259s pozulur, h\u0259tta g\u00fcnl\u0259rl\u0259 s\u00fcr\u0259n d\u00f6y\u00fc\u015fl\u0259r ba\u015f verir.<\/p>\n\n\n\n<p>N\u0259tic\u0259d\u0259 h\u0259r iki t\u0259r\u0259f itki verir v\u0259 buna g\u00f6r\u0259 bir-birl\u0259rini g\u00fcnahland\u0131r\u0131rlar.<\/p>\n","protected":false},"excerpt":{"rendered":"<p>\u015earl Mi\u015fel Az\u0259rbaycan v\u0259 Erm\u0259nistan liderl\u0259rinin g\u00f6r\u00fc\u015f\u00fc bar\u0259d\u0259 a\u00e7\u0131qlama verdi &#8230; <\/p>\n<p class=\"read-more-container\"><a title=\"Ki\u015finyov g\u00f6r\u00fc\u015f\u00fcnd\u0259 d\u0259 s\u00fclh m\u00fcqavil\u0259si imzalanmad\u0131\" class=\"read-more button\" href=\"https:\/\/www.meydan.tv\/az\/article\/kisinyov-gorusunde-de-sulh-muqavilesi-imzalanmadi\/#more-276685\" aria-label=\"Read more about Ki\u015finyov g\u00f6r\u00fc\u015f\u00fcnd\u0259 d\u0259 s\u00fclh m\u00fcqavil\u0259si imzalanmad\u0131\">Davam\u0131<\/a><\/p>\n","protected":false},"author":8,"featured_media":276682,"comment_status":"closed","ping_status":"closed","sticky":false,"template":"","format":"standard","meta":{"_acf_changed":false,"_sitemap_exclude":false,"_sitemap_priority":"","_sitemap_frequency":"","footnotes":""},"categories":[59,79,56],"tags":[],"class_list":["post-276685","post","type-post","status-publish","format-standard","has-post-thumbnail","hentry","category-siyaset","category-featured","category-xeberler","infinite-scroll-item","generate-columns","tablet-grid-50","mobile-grid-100","grid-parent","grid-33","no-featured-image-padding"],"acf":[],"yoast_head":"<!-- This site is optimized with the Yoast SEO plugin v27.4 - https:\/\/yoast.com\/product\/yoast-seo-wordpress\/ -->\n<title>Ki\u015finyov g\u00f6r\u00fc\u015f\u00fcnd\u0259 d\u0259 s\u00fclh m\u00fcqavil\u0259si imzalanmad\u0131 - MEYDAN.TV<\/title>\n<meta name=\"robots\" content=\"index, follow, max-snippet:-1, max-image-preview:large, max-video-preview:-1\" \/>\n<link rel=\"canonical\" href=\"https:\/\/www.meydan.tv\/az\/article\/kisinyov-gorusunde-de-sulh-muqavilesi-imzalanmadi\/\" \/>\n<meta property=\"og:locale\" content=\"az_AZ\" \/>\n<meta property=\"og:type\" content=\"article\" \/>\n<meta property=\"og:title\" content=\"Ki\u015finyov g\u00f6r\u00fc\u015f\u00fcnd\u0259 d\u0259 s\u00fclh m\u00fcqavil\u0259si imzalanmad\u0131 - MEYDAN.TV\" \/>\n<meta property=\"og:description\" content=\"\u015earl Mi\u015fel Az\u0259rbaycan v\u0259 Erm\u0259nistan liderl\u0259rinin g\u00f6r\u00fc\u015f\u00fc bar\u0259d\u0259 a\u00e7\u0131qlama verdi ... Davam\u0131\" \/>\n<meta property=\"og:url\" content=\"https:\/\/www.meydan.tv\/az\/article\/kisinyov-gorusunde-de-sulh-muqavilesi-imzalanmadi\/\" \/>\n<meta property=\"og:site_name\" content=\"MEYDAN.TV\" \/>\n<meta property=\"article:published_time\" content=\"2023-06-01T17:27:43+00:00\" \/>\n<meta property=\"article:modified_time\" content=\"2023-06-01T17:53:22+00:00\" \/>\n<meta property=\"og:image\" content=\"https:\/\/www.meydan.tv\/wp-content\/uploads\/b81ba7c0eb8e1f5d77ad7436b128b4f2_5060340.jpg\" \/>\n\t<meta property=\"og:image:width\" content=\"1200\" \/>\n\t<meta property=\"og:image:height\" content=\"716\" \/>\n\t<meta property=\"og:image:type\" content=\"image\/jpeg\" \/>\n<meta name=\"author\" content=\"elli\" \/>\n<meta name=\"twitter:card\" content=\"summary_large_image\" \/>\n<meta name=\"twitter:creator\" content=\"@elli\" \/>\n<script type=\"application\/ld+json\" class=\"yoast-schema-graph\">{\"@context\":\"https:\\\/\\\/schema.org\",\"@graph\":[{\"@type\":\"Article\",\"@id\":\"https:\\\/\\\/www.meydan.tv\\\/az\\\/article\\\/kisinyov-gorusunde-de-sulh-muqavilesi-imzalanmadi\\\/#article\",\"isPartOf\":{\"@id\":\"https:\\\/\\\/www.meydan.tv\\\/az\\\/article\\\/kisinyov-gorusunde-de-sulh-muqavilesi-imzalanmadi\\\/\"},\"author\":{\"name\":\"elli\",\"@id\":\"https:\\\/\\\/www.meydan.tv\\\/az\\\/#\\\/schema\\\/person\\\/9cdbecf90d17180ce1dfbd95b08dcf47\"},\"headline\":\"Ki\u015finyov g\u00f6r\u00fc\u015f\u00fcnd\u0259 d\u0259 s\u00fclh m\u00fcqavil\u0259si imzalanmad\u0131\",\"datePublished\":\"2023-06-01T17:27:43+00:00\",\"dateModified\":\"2023-06-01T17:53:22+00:00\",\"mainEntityOfPage\":{\"@id\":\"https:\\\/\\\/www.meydan.tv\\\/az\\\/article\\\/kisinyov-gorusunde-de-sulh-muqavilesi-imzalanmadi\\\/\"},\"wordCount\":737,\"publisher\":{\"@id\":\"https:\\\/\\\/www.meydan.tv\\\/az\\\/#organization\"},\"image\":{\"@id\":\"https:\\\/\\\/www.meydan.tv\\\/az\\\/article\\\/kisinyov-gorusunde-de-sulh-muqavilesi-imzalanmadi\\\/#primaryimage\"},\"thumbnailUrl\":\"https:\\\/\\\/www.meydan.tv\\\/wp-content\\\/uploads\\\/b81ba7c0eb8e1f5d77ad7436b128b4f2_5060340.jpg\",\"articleSection\":[\"Siyas\u0259t\",\"T\u00f6vsiy\u0259\",\"X\u0259b\u0259rl\u0259r\"],\"inLanguage\":\"az\"},{\"@type\":\"WebPage\",\"@id\":\"https:\\\/\\\/www.meydan.tv\\\/az\\\/article\\\/kisinyov-gorusunde-de-sulh-muqavilesi-imzalanmadi\\\/\",\"url\":\"https:\\\/\\\/www.meydan.tv\\\/az\\\/article\\\/kisinyov-gorusunde-de-sulh-muqavilesi-imzalanmadi\\\/\",\"name\":\"Ki\u015finyov g\u00f6r\u00fc\u015f\u00fcnd\u0259 d\u0259 s\u00fclh m\u00fcqavil\u0259si imzalanmad\u0131 - MEYDAN.TV\",\"isPartOf\":{\"@id\":\"https:\\\/\\\/www.meydan.tv\\\/az\\\/#website\"},\"primaryImageOfPage\":{\"@id\":\"https:\\\/\\\/www.meydan.tv\\\/az\\\/article\\\/kisinyov-gorusunde-de-sulh-muqavilesi-imzalanmadi\\\/#primaryimage\"},\"image\":{\"@id\":\"https:\\\/\\\/www.meydan.tv\\\/az\\\/article\\\/kisinyov-gorusunde-de-sulh-muqavilesi-imzalanmadi\\\/#primaryimage\"},\"thumbnailUrl\":\"https:\\\/\\\/www.meydan.tv\\\/wp-content\\\/uploads\\\/b81ba7c0eb8e1f5d77ad7436b128b4f2_5060340.jpg\",\"datePublished\":\"2023-06-01T17:27:43+00:00\",\"dateModified\":\"2023-06-01T17:53:22+00:00\",\"breadcrumb\":{\"@id\":\"https:\\\/\\\/www.meydan.tv\\\/az\\\/article\\\/kisinyov-gorusunde-de-sulh-muqavilesi-imzalanmadi\\\/#breadcrumb\"},\"inLanguage\":\"az\",\"potentialAction\":[{\"@type\":\"ReadAction\",\"target\":[\"https:\\\/\\\/www.meydan.tv\\\/az\\\/article\\\/kisinyov-gorusunde-de-sulh-muqavilesi-imzalanmadi\\\/\"]}]},{\"@type\":\"ImageObject\",\"inLanguage\":\"az\",\"@id\":\"https:\\\/\\\/www.meydan.tv\\\/az\\\/article\\\/kisinyov-gorusunde-de-sulh-muqavilesi-imzalanmadi\\\/#primaryimage\",\"url\":\"https:\\\/\\\/www.meydan.tv\\\/wp-content\\\/uploads\\\/b81ba7c0eb8e1f5d77ad7436b128b4f2_5060340.jpg\",\"contentUrl\":\"https:\\\/\\\/www.meydan.tv\\\/wp-content\\\/uploads\\\/b81ba7c0eb8e1f5d77ad7436b128b4f2_5060340.jpg\",\"width\":1200,\"height\":716,\"caption\":\"Ki\u015finyov g\u00f6r\u00fc\u015f\u00fc. Foto: president.az\"},{\"@type\":\"BreadcrumbList\",\"@id\":\"https:\\\/\\\/www.meydan.tv\\\/az\\\/article\\\/kisinyov-gorusunde-de-sulh-muqavilesi-imzalanmadi\\\/#breadcrumb\",\"itemListElement\":[{\"@type\":\"ListItem\",\"position\":1,\"name\":\"Ana s\u0259hif\u0259\",\"item\":\"https:\\\/\\\/www.meydan.tv\\\/az\\\/\"},{\"@type\":\"ListItem\",\"position\":2,\"name\":\"Siyas\u0259t\",\"item\":\"https:\\\/\\\/www.meydan.tv\\\/az\\\/section\\\/siyaset\\\/\"},{\"@type\":\"ListItem\",\"position\":3,\"name\":\"Ki\u015finyov g\u00f6r\u00fc\u015f\u00fcnd\u0259 d\u0259 s\u00fclh m\u00fcqavil\u0259si imzalanmad\u0131\"}]},{\"@type\":\"WebSite\",\"@id\":\"https:\\\/\\\/www.meydan.tv\\\/az\\\/#website\",\"url\":\"https:\\\/\\\/www.meydan.tv\\\/az\\\/\",\"name\":\"MEYDAN.TV\",\"description\":\"Meydan TV Az\u0259rbaycan\u0131n media m\u0259kan\u0131ndak\u0131 alternativ s\u0259sidir\",\"publisher\":{\"@id\":\"https:\\\/\\\/www.meydan.tv\\\/az\\\/#organization\"},\"potentialAction\":[{\"@type\":\"SearchAction\",\"target\":{\"@type\":\"EntryPoint\",\"urlTemplate\":\"https:\\\/\\\/www.meydan.tv\\\/az\\\/?s={search_term_string}\"},\"query-input\":{\"@type\":\"PropertyValueSpecification\",\"valueRequired\":true,\"valueName\":\"search_term_string\"}}],\"inLanguage\":\"az\"},{\"@type\":\"Organization\",\"@id\":\"https:\\\/\\\/www.meydan.tv\\\/az\\\/#organization\",\"name\":\"Meydan TV\",\"url\":\"https:\\\/\\\/www.meydan.tv\\\/az\\\/\",\"logo\":{\"@type\":\"ImageObject\",\"inLanguage\":\"az\",\"@id\":\"https:\\\/\\\/www.meydan.tv\\\/az\\\/#\\\/schema\\\/logo\\\/image\\\/\",\"url\":\"https:\\\/\\\/www.meydan.tv\\\/wp-content\\\/uploads\\\/2021\\\/07\\\/meydan-logo.svg\",\"contentUrl\":\"https:\\\/\\\/www.meydan.tv\\\/wp-content\\\/uploads\\\/2021\\\/07\\\/meydan-logo.svg\",\"width\":195,\"height\":46,\"caption\":\"Meydan TV\"},\"image\":{\"@id\":\"https:\\\/\\\/www.meydan.tv\\\/az\\\/#\\\/schema\\\/logo\\\/image\\\/\"}},{\"@type\":\"Person\",\"@id\":\"https:\\\/\\\/www.meydan.tv\\\/az\\\/#\\\/schema\\\/person\\\/9cdbecf90d17180ce1dfbd95b08dcf47\",\"name\":\"elli\",\"sameAs\":[\"https:\\\/\\\/x.com\\\/elli\"]}]}<\/script>\n<!-- \/ Yoast SEO plugin. -->","yoast_head_json":{"title":"Ki\u015finyov g\u00f6r\u00fc\u015f\u00fcnd\u0259 d\u0259 s\u00fclh m\u00fcqavil\u0259si imzalanmad\u0131 - MEYDAN.TV","robots":{"index":"index","follow":"follow","max-snippet":"max-snippet:-1","max-image-preview":"max-image-preview:large","max-video-preview":"max-video-preview:-1"},"canonical":"https:\/\/www.meydan.tv\/az\/article\/kisinyov-gorusunde-de-sulh-muqavilesi-imzalanmadi\/","og_locale":"az_AZ","og_type":"article","og_title":"Ki\u015finyov g\u00f6r\u00fc\u015f\u00fcnd\u0259 d\u0259 s\u00fclh m\u00fcqavil\u0259si imzalanmad\u0131 - MEYDAN.TV","og_description":"\u015earl Mi\u015fel Az\u0259rbaycan v\u0259 Erm\u0259nistan liderl\u0259rinin g\u00f6r\u00fc\u015f\u00fc bar\u0259d\u0259 a\u00e7\u0131qlama verdi ... Davam\u0131","og_url":"https:\/\/www.meydan.tv\/az\/article\/kisinyov-gorusunde-de-sulh-muqavilesi-imzalanmadi\/","og_site_name":"MEYDAN.TV","article_published_time":"2023-06-01T17:27:43+00:00","article_modified_time":"2023-06-01T17:53:22+00:00","og_image":[{"width":1200,"height":716,"url":"https:\/\/www.meydan.tv\/wp-content\/uploads\/b81ba7c0eb8e1f5d77ad7436b128b4f2_5060340.jpg","type":"image\/jpeg"}],"author":"elli","twitter_card":"summary_large_image","twitter_creator":"@elli","schema":{"@context":"https:\/\/schema.org","@graph":[{"@type":"Article","@id":"https:\/\/www.meydan.tv\/az\/article\/kisinyov-gorusunde-de-sulh-muqavilesi-imzalanmadi\/#article","isPartOf":{"@id":"https:\/\/www.meydan.tv\/az\/article\/kisinyov-gorusunde-de-sulh-muqavilesi-imzalanmadi\/"},"author":{"name":"elli","@id":"https:\/\/www.meydan.tv\/az\/#\/schema\/person\/9cdbecf90d17180ce1dfbd95b08dcf47"},"headline":"Ki\u015finyov g\u00f6r\u00fc\u015f\u00fcnd\u0259 d\u0259 s\u00fclh m\u00fcqavil\u0259si imzalanmad\u0131","datePublished":"2023-06-01T17:27:43+00:00","dateModified":"2023-06-01T17:53:22+00:00","mainEntityOfPage":{"@id":"https:\/\/www.meydan.tv\/az\/article\/kisinyov-gorusunde-de-sulh-muqavilesi-imzalanmadi\/"},"wordCount":737,"publisher":{"@id":"https:\/\/www.meydan.tv\/az\/#organization"},"image":{"@id":"https:\/\/www.meydan.tv\/az\/article\/kisinyov-gorusunde-de-sulh-muqavilesi-imzalanmadi\/#primaryimage"},"thumbnailUrl":"https:\/\/www.meydan.tv\/wp-content\/uploads\/b81ba7c0eb8e1f5d77ad7436b128b4f2_5060340.jpg","articleSection":["Siyas\u0259t","T\u00f6vsiy\u0259","X\u0259b\u0259rl\u0259r"],"inLanguage":"az"},{"@type":"WebPage","@id":"https:\/\/www.meydan.tv\/az\/article\/kisinyov-gorusunde-de-sulh-muqavilesi-imzalanmadi\/","url":"https:\/\/www.meydan.tv\/az\/article\/kisinyov-gorusunde-de-sulh-muqavilesi-imzalanmadi\/","name":"Ki\u015finyov g\u00f6r\u00fc\u015f\u00fcnd\u0259 d\u0259 s\u00fclh m\u00fcqavil\u0259si imzalanmad\u0131 - MEYDAN.TV","isPartOf":{"@id":"https:\/\/www.meydan.tv\/az\/#website"},"primaryImageOfPage":{"@id":"https:\/\/www.meydan.tv\/az\/article\/kisinyov-gorusunde-de-sulh-muqavilesi-imzalanmadi\/#primaryimage"},"image":{"@id":"https:\/\/www.meydan.tv\/az\/article\/kisinyov-gorusunde-de-sulh-muqavilesi-imzalanmadi\/#primaryimage"},"thumbnailUrl":"https:\/\/www.meydan.tv\/wp-content\/uploads\/b81ba7c0eb8e1f5d77ad7436b128b4f2_5060340.jpg","datePublished":"2023-06-01T17:27:43+00:00","dateModified":"2023-06-01T17:53:22+00:00","breadcrumb":{"@id":"https:\/\/www.meydan.tv\/az\/article\/kisinyov-gorusunde-de-sulh-muqavilesi-imzalanmadi\/#breadcrumb"},"inLanguage":"az","potentialAction":[{"@type":"ReadAction","target":["https:\/\/www.meydan.tv\/az\/article\/kisinyov-gorusunde-de-sulh-muqavilesi-imzalanmadi\/"]}]},{"@type":"ImageObject","inLanguage":"az","@id":"https:\/\/www.meydan.tv\/az\/article\/kisinyov-gorusunde-de-sulh-muqavilesi-imzalanmadi\/#primaryimage","url":"https:\/\/www.meydan.tv\/wp-content\/uploads\/b81ba7c0eb8e1f5d77ad7436b128b4f2_5060340.jpg","contentUrl":"https:\/\/www.meydan.tv\/wp-content\/uploads\/b81ba7c0eb8e1f5d77ad7436b128b4f2_5060340.jpg","width":1200,"height":716,"caption":"Ki\u015finyov g\u00f6r\u00fc\u015f\u00fc. Foto: president.az"},{"@type":"BreadcrumbList","@id":"https:\/\/www.meydan.tv\/az\/article\/kisinyov-gorusunde-de-sulh-muqavilesi-imzalanmadi\/#breadcrumb","itemListElement":[{"@type":"ListItem","position":1,"name":"Ana s\u0259hif\u0259","item":"https:\/\/www.meydan.tv\/az\/"},{"@type":"ListItem","position":2,"name":"Siyas\u0259t","item":"https:\/\/www.meydan.tv\/az\/section\/siyaset\/"},{"@type":"ListItem","position":3,"name":"Ki\u015finyov g\u00f6r\u00fc\u015f\u00fcnd\u0259 d\u0259 s\u00fclh m\u00fcqavil\u0259si imzalanmad\u0131"}]},{"@type":"WebSite","@id":"https:\/\/www.meydan.tv\/az\/#website","url":"https:\/\/www.meydan.tv\/az\/","name":"MEYDAN.TV","description":"Meydan TV Az\u0259rbaycan\u0131n media m\u0259kan\u0131ndak\u0131 alternativ s\u0259sidir","publisher":{"@id":"https:\/\/www.meydan.tv\/az\/#organization"},"potentialAction":[{"@type":"SearchAction","target":{"@type":"EntryPoint","urlTemplate":"https:\/\/www.meydan.tv\/az\/?s={search_term_string}"},"query-input":{"@type":"PropertyValueSpecification","valueRequired":true,"valueName":"search_term_string"}}],"inLanguage":"az"},{"@type":"Organization","@id":"https:\/\/www.meydan.tv\/az\/#organization","name":"Meydan TV","url":"https:\/\/www.meydan.tv\/az\/","logo":{"@type":"ImageObject","inLanguage":"az","@id":"https:\/\/www.meydan.tv\/az\/#\/schema\/logo\/image\/","url":"https:\/\/www.meydan.tv\/wp-content\/uploads\/2021\/07\/meydan-logo.svg","contentUrl":"https:\/\/www.meydan.tv\/wp-content\/uploads\/2021\/07\/meydan-logo.svg","width":195,"height":46,"caption":"Meydan TV"},"image":{"@id":"https:\/\/www.meydan.tv\/az\/#\/schema\/logo\/image\/"}},{"@type":"Person","@id":"https:\/\/www.meydan.tv\/az\/#\/schema\/person\/9cdbecf90d17180ce1dfbd95b08dcf47","name":"elli","sameAs":["https:\/\/x.com\/elli"]}]}},"_links":{"self":[{"href":"https:\/\/www.meydan.tv\/az\/wp-json\/wp\/v2\/posts\/276685","targetHints":{"allow":["GET"]}}],"collection":[{"href":"https:\/\/www.meydan.tv\/az\/wp-json\/wp\/v2\/posts"}],"about":[{"href":"https:\/\/www.meydan.tv\/az\/wp-json\/wp\/v2\/types\/post"}],"author":[{"embeddable":true,"href":"https:\/\/www.meydan.tv\/az\/wp-json\/wp\/v2\/users\/8"}],"replies":[{"embeddable":true,"href":"https:\/\/www.meydan.tv\/az\/wp-json\/wp\/v2\/comments?post=276685"}],"version-history":[{"count":2,"href":"https:\/\/www.meydan.tv\/az\/wp-json\/wp\/v2\/posts\/276685\/revisions"}],"predecessor-version":[{"id":276689,"href":"https:\/\/www.meydan.tv\/az\/wp-json\/wp\/v2\/posts\/276685\/revisions\/276689"}],"wp:featuredmedia":[{"embeddable":true,"href":"https:\/\/www.meydan.tv\/az\/wp-json\/wp\/v2\/media\/276682"}],"wp:attachment":[{"href":"https:\/\/www.meydan.tv\/az\/wp-json\/wp\/v2\/media?parent=276685"}],"wp:term":[{"taxonomy":"category","embeddable":true,"href":"https:\/\/www.meydan.tv\/az\/wp-json\/wp\/v2\/categories?post=276685"},{"taxonomy":"post_tag","embeddable":true,"href":"https:\/\/www.meydan.tv\/az\/wp-json\/wp\/v2\/tags?post=276685"}],"curies":[{"name":"wp","href":"https:\/\/api.w.org\/{rel}","templated":true}]}}