{"id":276659,"date":"2023-06-01T20:05:45","date_gmt":"2023-06-01T16:05:45","guid":{"rendered":"https:\/\/www.meydan.tv\/?p=276659"},"modified":"2023-06-01T20:05:49","modified_gmt":"2023-06-01T16:05:49","slug":"polad-bulbuloglunun-youtubea-qanunsuz-yerlesdirilmis-eserleri-silinib","status":"publish","type":"post","link":"https:\/\/www.meydan.tv\/az\/article\/polad-bulbuloglunun-youtubea-qanunsuz-yerlesdirilmis-eserleri-silinib\/","title":{"rendered":"Polad B\u00fclb\u00fclo\u011flunun &#8220;YouTube&#8221;a qanunsuz yerl\u0259\u015fdirilmi\u015f \u0259s\u0259rl\u0259ri silinib"},"content":{"rendered":"\n<p><\/p>\n\n\n\n<p><strong><em>\u018fqli M\u00fclkiyy\u0259t Agentliyi \u201cUniversal Music Publishing Group\u201da m\u00fcraci\u0259t edib<\/em><\/strong><\/p>\n\n\n\n<p>Sabiq m\u0259d\u0259niyy\u0259t naziri,&nbsp; Az\u0259rbaycan\u0131n Rusiyadak\u0131 f\u00f6vq\u0259lad\u0259 v\u0259 s\u0259lahiyy\u0259tli s\u0259firi, Xalq artisti, b\u0259st\u0259kar v\u0259 m\u00fc\u011f\u0259nni Polad B\u00fclb\u00fclo\u011flunun m\u00fc\u0259llifi oldu\u011fu \u201cHeyif bel\u0259 oldu\u201d mahn\u0131s\u0131n\u0131n \u201cYouTube\u201d platformas\u0131nda icaz\u0259siz v\u0259 qanunsuz yerl\u0259\u015fdirilm\u0259si il\u0259 \u0259laq\u0259dar olaraq \u018fqli M\u00fclkiyy\u0259t Agentliyin\u0259 m\u00fcraci\u0259t daxil olub.<\/p>\n\n\n\n<p>Bu haqda Agentlik m\u0259lumat <a href=\"https:\/\/www.copat.gov.az\/az\/news\/qli-mulkiyyt-agentliyi-mullif-huquqlarinin-pozulmasinin-qarsisinin-alinmasi-sahsind-tdbirlri-davam-etdirir\" target=\"_blank\" rel=\"noreferrer noopener\">yay\u0131b.<\/a><\/p>\n\n\n\n<p>Bildirilib ki, Agentliyin tabeliyind\u0259 olan \u018fqli M\u00fclkiyy\u0259t H\u00fcquqlar\u0131n\u0131n T\u0259minat\u0131 M\u0259rk\u0259zi t\u0259r\u0259find\u0259n m\u0259s\u0259l\u0259 il\u0259 ba\u011fl\u0131 ara\u015fd\u0131rma apar\u0131l\u0131b.<\/p>\n\n\n\n<p>M\u0259lum olub ki, \u201cUniversal Azerbaijan Music\u201d adl\u0131 \u201cYouTube\u201d kanal\u0131nda \u201cG\u0259l Ey S\u0259h\u0259r\u201d albomu formas\u0131nda y\u00fckl\u0259n\u0259n fayllardan biri \u201cHeyif bel\u0259 oldu\u201d kompozisiyas\u0131d\u0131r.<\/p>\n\n\n\n<p>B\u0259st\u0259kar\u0131n dig\u0259r \u0259s\u0259rl\u0259ri d\u0259 burada yerl\u0259\u015fdirilib.<\/p>\n\n\n\n<p>Bu kanal 2018-ci il oktyabr\u0131n 25-d\u0259 \u201cFolklore Azerbaijan Music Academy\u201d ad\u0131 il\u0259 yarad\u0131l\u0131b.<\/p>\n\n\n\n<p>Polad B\u00fclb\u00fclo\u011flunun m\u00fc\u0259llif h\u00fcquqlar\u0131n\u0131n pozulmas\u0131n\u0131n qar\u015f\u0131s\u0131n\u0131n al\u0131nmas\u0131 m\u0259qs\u0259dil\u0259 Agentlikd\u0259 \u0259laq\u0259li h\u00fcquq sahibl\u0259rinin h\u00fcquqlar\u0131n\u0131n kollektiv \u0259sasda idar\u0259 olunmas\u0131 \u00fczr\u0259 akkreditasiyadan ke\u00e7mi\u015f \u201cR\u0259q\u0259mli v\u0259 Audiovizual Yay\u0131m S\u0259nayesi\u201d \u0130ctimai Birliyi (Beat Music \u015firk\u0259ti \u00fcz\u0259rind\u0259n) il\u0259 birg\u0259 \u201cUniversal Music Publishing Group\u201d il\u0259 \u0259laq\u0259 saxlan\u0131l\u0131b.<\/p>\n\n\n\n<p>N\u0259tic\u0259d\u0259 \u201cUniversal Azerbaijan Music\u201d \u201cYouTube\u201d kanal\u0131nda qanunsuz yerl\u0259\u015fdirilmi\u015f \u0259s\u0259r silinib.<\/p>\n\n\n\n<p>\u201cHeyif bel\u0259 oldu\u201d&nbsp; mahn\u0131s\u0131 Xalq \u015fairi Fikr\u0259t Qocan\u0131n &#8220;Baxd\u0131n s\u0259n \u00fcz\u00fcm\u0259&#8221; \u015feirin\u0259 b\u0259st\u0259l\u0259nib.<\/p>\n\n\n\n<p>Musiqinin b\u0259st\u0259si v\u0259 ifa\u00e7\u0131s\u0131 Polad <a href=\"https:\/\/www.youtube.com\/watch?v=xTRUgU-1PAU\" target=\"_blank\" rel=\"noreferrer noopener\">B\u00fclbl\u00fco\u011fludur.<\/a><\/p>\n","protected":false},"excerpt":{"rendered":"<p>\u018fqli M\u00fclkiyy\u0259t Agentliyi \u201cUniversal Music Publishing Group\u201da m\u00fcraci\u0259t edib Sabiq &#8230; <\/p>\n<p class=\"read-more-container\"><a title=\"Polad B\u00fclb\u00fclo\u011flunun &#8220;YouTube&#8221;a qanunsuz yerl\u0259\u015fdirilmi\u015f \u0259s\u0259rl\u0259ri silinib\" class=\"read-more button\" href=\"https:\/\/www.meydan.tv\/az\/article\/polad-bulbuloglunun-youtubea-qanunsuz-yerlesdirilmis-eserleri-silinib\/#more-276659\" aria-label=\"Read more about Polad B\u00fclb\u00fclo\u011flunun &#8220;YouTube&#8221;a qanunsuz yerl\u0259\u015fdirilmi\u015f \u0259s\u0259rl\u0259ri silinib\">Davam\u0131<\/a><\/p>\n","protected":false},"author":8,"featured_media":276664,"comment_status":"closed","ping_status":"closed","sticky":false,"template":"","format":"standard","meta":{"_acf_changed":false,"_sitemap_exclude":false,"_sitemap_priority":"","_sitemap_frequency":"","footnotes":""},"categories":[52,56],"tags":[],"class_list":["post-276659","post","type-post","status-publish","format-standard","has-post-thumbnail","hentry","category-medeniyyet","category-xeberler","infinite-scroll-item","generate-columns","tablet-grid-50","mobile-grid-100","grid-parent","grid-33","no-featured-image-padding"],"acf":[],"yoast_head":"<!-- This site is optimized with the Yoast SEO plugin v27.4 - https:\/\/yoast.com\/product\/yoast-seo-wordpress\/ -->\n<title>Polad B\u00fclb\u00fclo\u011flunun &quot;YouTube&quot;a qanunsuz yerl\u0259\u015fdirilmi\u015f \u0259s\u0259rl\u0259ri silinib - MEYDAN.TV<\/title>\n<meta name=\"robots\" content=\"index, follow, max-snippet:-1, max-image-preview:large, max-video-preview:-1\" \/>\n<link rel=\"canonical\" href=\"https:\/\/www.meydan.tv\/az\/article\/polad-bulbuloglunun-youtubea-qanunsuz-yerlesdirilmis-eserleri-silinib\/\" \/>\n<meta property=\"og:locale\" content=\"az_AZ\" \/>\n<meta property=\"og:type\" content=\"article\" \/>\n<meta property=\"og:title\" content=\"Polad B\u00fclb\u00fclo\u011flunun &quot;YouTube&quot;a qanunsuz yerl\u0259\u015fdirilmi\u015f \u0259s\u0259rl\u0259ri silinib - MEYDAN.TV\" \/>\n<meta property=\"og:description\" content=\"\u018fqli M\u00fclkiyy\u0259t Agentliyi \u201cUniversal Music Publishing Group\u201da m\u00fcraci\u0259t edib Sabiq ... Davam\u0131\" \/>\n<meta property=\"og:url\" content=\"https:\/\/www.meydan.tv\/az\/article\/polad-bulbuloglunun-youtubea-qanunsuz-yerlesdirilmis-eserleri-silinib\/\" \/>\n<meta property=\"og:site_name\" content=\"MEYDAN.TV\" \/>\n<meta property=\"article:published_time\" content=\"2023-06-01T16:05:45+00:00\" \/>\n<meta property=\"article:modified_time\" content=\"2023-06-01T16:05:49+00:00\" \/>\n<meta property=\"og:image\" content=\"https:\/\/www.meydan.tv\/wp-content\/uploads\/polad_bulbuloglu_2019-09-07-e1685635336345.jpg\" \/>\n\t<meta property=\"og:image:width\" content=\"1880\" \/>\n\t<meta property=\"og:image:height\" content=\"893\" \/>\n\t<meta property=\"og:image:type\" content=\"image\/jpeg\" \/>\n<meta name=\"author\" content=\"elli\" \/>\n<meta name=\"twitter:card\" content=\"summary_large_image\" \/>\n<meta name=\"twitter:creator\" content=\"@elli\" \/>\n<script type=\"application\/ld+json\" class=\"yoast-schema-graph\">{\"@context\":\"https:\\\/\\\/schema.org\",\"@graph\":[{\"@type\":\"Article\",\"@id\":\"https:\\\/\\\/www.meydan.tv\\\/az\\\/article\\\/polad-bulbuloglunun-youtubea-qanunsuz-yerlesdirilmis-eserleri-silinib\\\/#article\",\"isPartOf\":{\"@id\":\"https:\\\/\\\/www.meydan.tv\\\/az\\\/article\\\/polad-bulbuloglunun-youtubea-qanunsuz-yerlesdirilmis-eserleri-silinib\\\/\"},\"author\":{\"name\":\"elli\",\"@id\":\"https:\\\/\\\/www.meydan.tv\\\/az\\\/#\\\/schema\\\/person\\\/9cdbecf90d17180ce1dfbd95b08dcf47\"},\"headline\":\"Polad B\u00fclb\u00fclo\u011flunun &#8220;YouTube&#8221;a qanunsuz yerl\u0259\u015fdirilmi\u015f \u0259s\u0259rl\u0259ri silinib\",\"datePublished\":\"2023-06-01T16:05:45+00:00\",\"dateModified\":\"2023-06-01T16:05:49+00:00\",\"mainEntityOfPage\":{\"@id\":\"https:\\\/\\\/www.meydan.tv\\\/az\\\/article\\\/polad-bulbuloglunun-youtubea-qanunsuz-yerlesdirilmis-eserleri-silinib\\\/\"},\"wordCount\":319,\"publisher\":{\"@id\":\"https:\\\/\\\/www.meydan.tv\\\/az\\\/#organization\"},\"image\":{\"@id\":\"https:\\\/\\\/www.meydan.tv\\\/az\\\/article\\\/polad-bulbuloglunun-youtubea-qanunsuz-yerlesdirilmis-eserleri-silinib\\\/#primaryimage\"},\"thumbnailUrl\":\"https:\\\/\\\/www.meydan.tv\\\/wp-content\\\/uploads\\\/polad_bulbuloglu_2019-09-07-e1685635336345.jpg\",\"articleSection\":[\"M\u0259d\u0259niyy\u0259t\",\"X\u0259b\u0259rl\u0259r\"],\"inLanguage\":\"az\"},{\"@type\":\"WebPage\",\"@id\":\"https:\\\/\\\/www.meydan.tv\\\/az\\\/article\\\/polad-bulbuloglunun-youtubea-qanunsuz-yerlesdirilmis-eserleri-silinib\\\/\",\"url\":\"https:\\\/\\\/www.meydan.tv\\\/az\\\/article\\\/polad-bulbuloglunun-youtubea-qanunsuz-yerlesdirilmis-eserleri-silinib\\\/\",\"name\":\"Polad B\u00fclb\u00fclo\u011flunun \\\"YouTube\\\"a qanunsuz yerl\u0259\u015fdirilmi\u015f \u0259s\u0259rl\u0259ri silinib - MEYDAN.TV\",\"isPartOf\":{\"@id\":\"https:\\\/\\\/www.meydan.tv\\\/az\\\/#website\"},\"primaryImageOfPage\":{\"@id\":\"https:\\\/\\\/www.meydan.tv\\\/az\\\/article\\\/polad-bulbuloglunun-youtubea-qanunsuz-yerlesdirilmis-eserleri-silinib\\\/#primaryimage\"},\"image\":{\"@id\":\"https:\\\/\\\/www.meydan.tv\\\/az\\\/article\\\/polad-bulbuloglunun-youtubea-qanunsuz-yerlesdirilmis-eserleri-silinib\\\/#primaryimage\"},\"thumbnailUrl\":\"https:\\\/\\\/www.meydan.tv\\\/wp-content\\\/uploads\\\/polad_bulbuloglu_2019-09-07-e1685635336345.jpg\",\"datePublished\":\"2023-06-01T16:05:45+00:00\",\"dateModified\":\"2023-06-01T16:05:49+00:00\",\"breadcrumb\":{\"@id\":\"https:\\\/\\\/www.meydan.tv\\\/az\\\/article\\\/polad-bulbuloglunun-youtubea-qanunsuz-yerlesdirilmis-eserleri-silinib\\\/#breadcrumb\"},\"inLanguage\":\"az\",\"potentialAction\":[{\"@type\":\"ReadAction\",\"target\":[\"https:\\\/\\\/www.meydan.tv\\\/az\\\/article\\\/polad-bulbuloglunun-youtubea-qanunsuz-yerlesdirilmis-eserleri-silinib\\\/\"]}]},{\"@type\":\"ImageObject\",\"inLanguage\":\"az\",\"@id\":\"https:\\\/\\\/www.meydan.tv\\\/az\\\/article\\\/polad-bulbuloglunun-youtubea-qanunsuz-yerlesdirilmis-eserleri-silinib\\\/#primaryimage\",\"url\":\"https:\\\/\\\/www.meydan.tv\\\/wp-content\\\/uploads\\\/polad_bulbuloglu_2019-09-07-e1685635336345.jpg\",\"contentUrl\":\"https:\\\/\\\/www.meydan.tv\\\/wp-content\\\/uploads\\\/polad_bulbuloglu_2019-09-07-e1685635336345.jpg\",\"width\":1880,\"height\":893,\"caption\":\"Polad B\u00fclb\u00fclo\u011flu. Foto: Wikipedia\"},{\"@type\":\"BreadcrumbList\",\"@id\":\"https:\\\/\\\/www.meydan.tv\\\/az\\\/article\\\/polad-bulbuloglunun-youtubea-qanunsuz-yerlesdirilmis-eserleri-silinib\\\/#breadcrumb\",\"itemListElement\":[{\"@type\":\"ListItem\",\"position\":1,\"name\":\"Ana s\u0259hif\u0259\",\"item\":\"https:\\\/\\\/www.meydan.tv\\\/az\\\/\"},{\"@type\":\"ListItem\",\"position\":2,\"name\":\"M\u0259d\u0259niyy\u0259t\",\"item\":\"https:\\\/\\\/www.meydan.tv\\\/az\\\/section\\\/medeniyyet\\\/\"},{\"@type\":\"ListItem\",\"position\":3,\"name\":\"Polad B\u00fclb\u00fclo\u011flunun &#8220;YouTube&#8221;a qanunsuz yerl\u0259\u015fdirilmi\u015f \u0259s\u0259rl\u0259ri silinib\"}]},{\"@type\":\"WebSite\",\"@id\":\"https:\\\/\\\/www.meydan.tv\\\/az\\\/#website\",\"url\":\"https:\\\/\\\/www.meydan.tv\\\/az\\\/\",\"name\":\"MEYDAN.TV\",\"description\":\"Meydan TV Az\u0259rbaycan\u0131n media m\u0259kan\u0131ndak\u0131 alternativ s\u0259sidir\",\"publisher\":{\"@id\":\"https:\\\/\\\/www.meydan.tv\\\/az\\\/#organization\"},\"potentialAction\":[{\"@type\":\"SearchAction\",\"target\":{\"@type\":\"EntryPoint\",\"urlTemplate\":\"https:\\\/\\\/www.meydan.tv\\\/az\\\/?s={search_term_string}\"},\"query-input\":{\"@type\":\"PropertyValueSpecification\",\"valueRequired\":true,\"valueName\":\"search_term_string\"}}],\"inLanguage\":\"az\"},{\"@type\":\"Organization\",\"@id\":\"https:\\\/\\\/www.meydan.tv\\\/az\\\/#organization\",\"name\":\"Meydan TV\",\"url\":\"https:\\\/\\\/www.meydan.tv\\\/az\\\/\",\"logo\":{\"@type\":\"ImageObject\",\"inLanguage\":\"az\",\"@id\":\"https:\\\/\\\/www.meydan.tv\\\/az\\\/#\\\/schema\\\/logo\\\/image\\\/\",\"url\":\"https:\\\/\\\/www.meydan.tv\\\/wp-content\\\/uploads\\\/2021\\\/07\\\/meydan-logo.svg\",\"contentUrl\":\"https:\\\/\\\/www.meydan.tv\\\/wp-content\\\/uploads\\\/2021\\\/07\\\/meydan-logo.svg\",\"width\":195,\"height\":46,\"caption\":\"Meydan TV\"},\"image\":{\"@id\":\"https:\\\/\\\/www.meydan.tv\\\/az\\\/#\\\/schema\\\/logo\\\/image\\\/\"}},{\"@type\":\"Person\",\"@id\":\"https:\\\/\\\/www.meydan.tv\\\/az\\\/#\\\/schema\\\/person\\\/9cdbecf90d17180ce1dfbd95b08dcf47\",\"name\":\"elli\",\"sameAs\":[\"https:\\\/\\\/x.com\\\/elli\"]}]}<\/script>\n<!-- \/ Yoast SEO plugin. -->","yoast_head_json":{"title":"Polad B\u00fclb\u00fclo\u011flunun \"YouTube\"a qanunsuz yerl\u0259\u015fdirilmi\u015f \u0259s\u0259rl\u0259ri silinib - MEYDAN.TV","robots":{"index":"index","follow":"follow","max-snippet":"max-snippet:-1","max-image-preview":"max-image-preview:large","max-video-preview":"max-video-preview:-1"},"canonical":"https:\/\/www.meydan.tv\/az\/article\/polad-bulbuloglunun-youtubea-qanunsuz-yerlesdirilmis-eserleri-silinib\/","og_locale":"az_AZ","og_type":"article","og_title":"Polad B\u00fclb\u00fclo\u011flunun \"YouTube\"a qanunsuz yerl\u0259\u015fdirilmi\u015f \u0259s\u0259rl\u0259ri silinib - MEYDAN.TV","og_description":"\u018fqli M\u00fclkiyy\u0259t Agentliyi \u201cUniversal Music Publishing Group\u201da m\u00fcraci\u0259t edib Sabiq ... Davam\u0131","og_url":"https:\/\/www.meydan.tv\/az\/article\/polad-bulbuloglunun-youtubea-qanunsuz-yerlesdirilmis-eserleri-silinib\/","og_site_name":"MEYDAN.TV","article_published_time":"2023-06-01T16:05:45+00:00","article_modified_time":"2023-06-01T16:05:49+00:00","og_image":[{"width":1880,"height":893,"url":"https:\/\/www.meydan.tv\/wp-content\/uploads\/polad_bulbuloglu_2019-09-07-e1685635336345.jpg","type":"image\/jpeg"}],"author":"elli","twitter_card":"summary_large_image","twitter_creator":"@elli","schema":{"@context":"https:\/\/schema.org","@graph":[{"@type":"Article","@id":"https:\/\/www.meydan.tv\/az\/article\/polad-bulbuloglunun-youtubea-qanunsuz-yerlesdirilmis-eserleri-silinib\/#article","isPartOf":{"@id":"https:\/\/www.meydan.tv\/az\/article\/polad-bulbuloglunun-youtubea-qanunsuz-yerlesdirilmis-eserleri-silinib\/"},"author":{"name":"elli","@id":"https:\/\/www.meydan.tv\/az\/#\/schema\/person\/9cdbecf90d17180ce1dfbd95b08dcf47"},"headline":"Polad B\u00fclb\u00fclo\u011flunun &#8220;YouTube&#8221;a qanunsuz yerl\u0259\u015fdirilmi\u015f \u0259s\u0259rl\u0259ri silinib","datePublished":"2023-06-01T16:05:45+00:00","dateModified":"2023-06-01T16:05:49+00:00","mainEntityOfPage":{"@id":"https:\/\/www.meydan.tv\/az\/article\/polad-bulbuloglunun-youtubea-qanunsuz-yerlesdirilmis-eserleri-silinib\/"},"wordCount":319,"publisher":{"@id":"https:\/\/www.meydan.tv\/az\/#organization"},"image":{"@id":"https:\/\/www.meydan.tv\/az\/article\/polad-bulbuloglunun-youtubea-qanunsuz-yerlesdirilmis-eserleri-silinib\/#primaryimage"},"thumbnailUrl":"https:\/\/www.meydan.tv\/wp-content\/uploads\/polad_bulbuloglu_2019-09-07-e1685635336345.jpg","articleSection":["M\u0259d\u0259niyy\u0259t","X\u0259b\u0259rl\u0259r"],"inLanguage":"az"},{"@type":"WebPage","@id":"https:\/\/www.meydan.tv\/az\/article\/polad-bulbuloglunun-youtubea-qanunsuz-yerlesdirilmis-eserleri-silinib\/","url":"https:\/\/www.meydan.tv\/az\/article\/polad-bulbuloglunun-youtubea-qanunsuz-yerlesdirilmis-eserleri-silinib\/","name":"Polad B\u00fclb\u00fclo\u011flunun \"YouTube\"a qanunsuz yerl\u0259\u015fdirilmi\u015f \u0259s\u0259rl\u0259ri silinib - MEYDAN.TV","isPartOf":{"@id":"https:\/\/www.meydan.tv\/az\/#website"},"primaryImageOfPage":{"@id":"https:\/\/www.meydan.tv\/az\/article\/polad-bulbuloglunun-youtubea-qanunsuz-yerlesdirilmis-eserleri-silinib\/#primaryimage"},"image":{"@id":"https:\/\/www.meydan.tv\/az\/article\/polad-bulbuloglunun-youtubea-qanunsuz-yerlesdirilmis-eserleri-silinib\/#primaryimage"},"thumbnailUrl":"https:\/\/www.meydan.tv\/wp-content\/uploads\/polad_bulbuloglu_2019-09-07-e1685635336345.jpg","datePublished":"2023-06-01T16:05:45+00:00","dateModified":"2023-06-01T16:05:49+00:00","breadcrumb":{"@id":"https:\/\/www.meydan.tv\/az\/article\/polad-bulbuloglunun-youtubea-qanunsuz-yerlesdirilmis-eserleri-silinib\/#breadcrumb"},"inLanguage":"az","potentialAction":[{"@type":"ReadAction","target":["https:\/\/www.meydan.tv\/az\/article\/polad-bulbuloglunun-youtubea-qanunsuz-yerlesdirilmis-eserleri-silinib\/"]}]},{"@type":"ImageObject","inLanguage":"az","@id":"https:\/\/www.meydan.tv\/az\/article\/polad-bulbuloglunun-youtubea-qanunsuz-yerlesdirilmis-eserleri-silinib\/#primaryimage","url":"https:\/\/www.meydan.tv\/wp-content\/uploads\/polad_bulbuloglu_2019-09-07-e1685635336345.jpg","contentUrl":"https:\/\/www.meydan.tv\/wp-content\/uploads\/polad_bulbuloglu_2019-09-07-e1685635336345.jpg","width":1880,"height":893,"caption":"Polad B\u00fclb\u00fclo\u011flu. Foto: Wikipedia"},{"@type":"BreadcrumbList","@id":"https:\/\/www.meydan.tv\/az\/article\/polad-bulbuloglunun-youtubea-qanunsuz-yerlesdirilmis-eserleri-silinib\/#breadcrumb","itemListElement":[{"@type":"ListItem","position":1,"name":"Ana s\u0259hif\u0259","item":"https:\/\/www.meydan.tv\/az\/"},{"@type":"ListItem","position":2,"name":"M\u0259d\u0259niyy\u0259t","item":"https:\/\/www.meydan.tv\/az\/section\/medeniyyet\/"},{"@type":"ListItem","position":3,"name":"Polad B\u00fclb\u00fclo\u011flunun &#8220;YouTube&#8221;a qanunsuz yerl\u0259\u015fdirilmi\u015f \u0259s\u0259rl\u0259ri silinib"}]},{"@type":"WebSite","@id":"https:\/\/www.meydan.tv\/az\/#website","url":"https:\/\/www.meydan.tv\/az\/","name":"MEYDAN.TV","description":"Meydan TV Az\u0259rbaycan\u0131n media m\u0259kan\u0131ndak\u0131 alternativ s\u0259sidir","publisher":{"@id":"https:\/\/www.meydan.tv\/az\/#organization"},"potentialAction":[{"@type":"SearchAction","target":{"@type":"EntryPoint","urlTemplate":"https:\/\/www.meydan.tv\/az\/?s={search_term_string}"},"query-input":{"@type":"PropertyValueSpecification","valueRequired":true,"valueName":"search_term_string"}}],"inLanguage":"az"},{"@type":"Organization","@id":"https:\/\/www.meydan.tv\/az\/#organization","name":"Meydan TV","url":"https:\/\/www.meydan.tv\/az\/","logo":{"@type":"ImageObject","inLanguage":"az","@id":"https:\/\/www.meydan.tv\/az\/#\/schema\/logo\/image\/","url":"https:\/\/www.meydan.tv\/wp-content\/uploads\/2021\/07\/meydan-logo.svg","contentUrl":"https:\/\/www.meydan.tv\/wp-content\/uploads\/2021\/07\/meydan-logo.svg","width":195,"height":46,"caption":"Meydan TV"},"image":{"@id":"https:\/\/www.meydan.tv\/az\/#\/schema\/logo\/image\/"}},{"@type":"Person","@id":"https:\/\/www.meydan.tv\/az\/#\/schema\/person\/9cdbecf90d17180ce1dfbd95b08dcf47","name":"elli","sameAs":["https:\/\/x.com\/elli"]}]}},"_links":{"self":[{"href":"https:\/\/www.meydan.tv\/az\/wp-json\/wp\/v2\/posts\/276659","targetHints":{"allow":["GET"]}}],"collection":[{"href":"https:\/\/www.meydan.tv\/az\/wp-json\/wp\/v2\/posts"}],"about":[{"href":"https:\/\/www.meydan.tv\/az\/wp-json\/wp\/v2\/types\/post"}],"author":[{"embeddable":true,"href":"https:\/\/www.meydan.tv\/az\/wp-json\/wp\/v2\/users\/8"}],"replies":[{"embeddable":true,"href":"https:\/\/www.meydan.tv\/az\/wp-json\/wp\/v2\/comments?post=276659"}],"version-history":[{"count":1,"href":"https:\/\/www.meydan.tv\/az\/wp-json\/wp\/v2\/posts\/276659\/revisions"}],"predecessor-version":[{"id":276663,"href":"https:\/\/www.meydan.tv\/az\/wp-json\/wp\/v2\/posts\/276659\/revisions\/276663"}],"wp:featuredmedia":[{"embeddable":true,"href":"https:\/\/www.meydan.tv\/az\/wp-json\/wp\/v2\/media\/276664"}],"wp:attachment":[{"href":"https:\/\/www.meydan.tv\/az\/wp-json\/wp\/v2\/media?parent=276659"}],"wp:term":[{"taxonomy":"category","embeddable":true,"href":"https:\/\/www.meydan.tv\/az\/wp-json\/wp\/v2\/categories?post=276659"},{"taxonomy":"post_tag","embeddable":true,"href":"https:\/\/www.meydan.tv\/az\/wp-json\/wp\/v2\/tags?post=276659"}],"curies":[{"name":"wp","href":"https:\/\/api.w.org\/{rel}","templated":true}]}}