{"id":276652,"date":"2023-06-01T17:59:24","date_gmt":"2023-06-01T13:59:24","guid":{"rendered":"https:\/\/www.meydan.tv\/?p=276652"},"modified":"2023-06-01T17:59:29","modified_gmt":"2023-06-01T13:59:29","slug":"saatli-sakini-nazirliyin-regional-idaresinden-sikayetcidir","status":"publish","type":"post","link":"https:\/\/www.meydan.tv\/az\/article\/saatli-sakini-nazirliyin-regional-idaresinden-sikayetcidir\/","title":{"rendered":"Saatl\u0131 sakini nazirliyin regional idar\u0259sind\u0259n \u015fikay\u0259t\u00e7idir"},"content":{"rendered":"\n<p><\/p>\n\n\n\n<p><strong><em>&#8220;\u018fmimin h\u0259y\u0259tyan\u0131 torpa\u011f\u0131n\u0131 m\u0259nim \u00fc\u00e7\u00fcn hesablay\u0131blar&#8221;<\/em><\/strong><\/p>\n\n\n\n<p>\u201cSaatl\u0131da yoxsul ail\u0259l\u0259rin \u00fcnvanl\u0131 sosial yard\u0131m almas\u0131na ciddi \u0259ng\u0259ll\u0259r t\u00f6r\u0259dilir. Ail\u0259 v\u0259ziyy\u0259tim a\u011f\u0131r olmas\u0131na baxmayaraq m\u0259n\u0259 sosial yard\u0131m vermirl\u0259r. D\u0259f\u0259l\u0259rl\u0259 m\u00fcraci\u0259t ets\u0259m d\u0259, h\u0259r d\u0259f\u0259 imtina cavab\u0131 g\u0259lir\u201d.<\/p>\n\n\n\n<p>Bunu Meydan TV-y\u0259 Saatl\u0131n\u0131n Orta Mu\u011fan k\u0259nd sakini \u018fsg\u0259rov \u015eamxal G\u00fclverdi o\u011flu deyir.<\/p>\n\n\n\n<p>V\u0259t\u0259nda\u015f\u0131n s\u00f6zl\u0259rin\u0259 g\u00f6r\u0259, \u018fm\u0259k v\u0259 \u018fhalinin Sosial M\u00fcdafi\u0259si Nazirliyinin (\u018f\u018fSMN) regional idar\u0259sinin n\u00fcmay\u0259nd\u0259l\u0259ri ail\u0259nin maddi-m\u0259i\u015f\u0259t \u015f\u0259raitini yoxlasalar da, h\u0259r d\u0259f\u0259 m\u00fcxt\u0259lif b\u0259han\u0259l\u0259rl\u0259 imtina cavab\u0131 verirl\u0259r:<\/p>\n\n\n\n<p><em>\u201cBirinci d\u0259f\u0259 dedil\u0259r ki, sizin ad\u0131n\u0131za ma\u015f\u0131n var. Halbuki ma\u015f\u0131n\u0131m yoxdur. Q\u0131\u015fda q\u0131z\u0131m x\u0259st\u0259 idi. Onu m\u0259kt\u0259b\u0259 aparmaq \u00fc\u00e7\u00fcn atam\u0131n 1973-c\u00fc ild\u0259n qalma k\u00f6hn\u0259 \u201cJiquli\u201dsin\u0259 bir manatl\u0131q benzin vurub, u\u015fa\u011f\u0131 d\u0259rs\u0259 apar\u0131b-g\u0259tirmi\u015f\u0259m\u201d.<\/em><\/p>\n\n\n\n<p>Haz\u0131rda \u0259misin\u0259 m\u0259xsus evd\u0259 kiray\u0259 ya\u015fayan \u015eamxal \u018fsg\u0259rov deyir ki, \u018f\u018fSMN-nin \u0259m\u0259kda\u015flar\u0131 evd\u0259 bax\u0131\u015f ke\u00e7ir\u0259rk\u0259n h\u0259y\u0259tyan\u0131 torpaq sah\u0259sini onun ad\u0131na hesablay\u0131blar:<\/p>\n\n\n\n<p><em>\u201cHalbuki ev d\u0259, torpaq da \u0259mimindir. M\u0259n burada ay\u0131 50 manata kiray\u0259 ya\u015fay\u0131ram. \u018fmim sa\u011f olsun, bir ay\u0131n pulunu alanda, be\u015f ay\u0131n pulunu g\u00f6t\u00fcrm\u00fcr. \u00c7\u00fcnki ail\u0259 v\u0259ziyy\u0259timin a\u011f\u0131r oldu\u011funu g\u00f6r\u00fcr. Bu ilin aprelind\u0259 m\u00fcraci\u0259t etdim, mayda yen\u0259 imtina cavab\u0131 g\u0259ldi. Onlar torpa\u011f\u0131 hesablayanda dedim ki, buran\u0131n m\u0259n\u0259 aidiyy\u0259ti yoxdur. \u00c7\u00fcnki burada kiray\u0259d\u0259 ya\u015fay\u0131ram. Dedil\u0259r ki, siz \u00e7\u0259km\u0259y\u0259 icaz\u0259 verm\u0259s\u0259niz, biz d\u0259 siz\u0259 imtina ver\u0259c\u0259yik. Qayda bel\u0259dir, \u00e7\u0259kilm\u0259lidir. N\u0259tic\u0259d\u0259 d\u0259 imtina verdil\u0259r\u201d.<\/em><\/p>\n\n\n\n<p>\u018f\u018fSMN-nin Saatl\u0131 regional idar\u0259sind\u0259n z\u0259ngl\u0259r\u0259 cavab verilm\u0259yib.<\/p>\n\n\n\n<p>Meydan TV-nin \u018f\u018fSMN-\u0259 m\u0259s\u0259l\u0259 il\u0259 \u0259laq\u0259dar g\u00f6nd\u0259rdiyi sor\u011fu cavabland\u0131r\u0131lmay\u0131b.<\/p>\n\n\n<div class=\"wp-block-image\">\n<figure class=\"aligncenter size-large\"><img decoding=\"async\" width=\"1095\" height=\"821\" data-src=\"https:\/\/www.meydan.tv\/wp-content\/uploads\/img-20230526-wa0011-1095x821.jpg\" alt=\"\" class=\"wp-image-276646 lazyload\" src=\"data:image\/svg+xml;base64,PHN2ZyB3aWR0aD0iMSIgaGVpZ2h0PSIxIiB4bWxucz0iaHR0cDovL3d3dy53My5vcmcvMjAwMC9zdmciPjwvc3ZnPg==\" style=\"--smush-placeholder-width: 1095px; --smush-placeholder-aspect-ratio: 1095\/821;\" \/><\/figure>\n<\/div>\n\n\n<p>2023-c\u00fc il yanvar\u0131n 1-d\u0259n ayr\u0131-ayr\u0131 kateqoriyadan olan \u015f\u0259xsl\u0259r\u0259 t\u0259yin edil\u0259n m\u00fcxt\u0259lif n\u00f6v ayl\u0131q sosial m\u00fcavin\u0259tl\u0259rin m\u0259bl\u0259\u011fl\u0259ri art\u0131r\u0131laraq ya\u015fa g\u00f6r\u0259 180 manatdan 220 manata, orqanizmin funksiyalar\u0131n\u0131n 81-100 faiz pozulmas\u0131na g\u00f6r\u0259 \u0259lilliyi m\u00fc\u0259yy\u0259n edilmi\u015f \u015f\u0259xsl\u0259r\u0259 220 manatdan 270 manata, orqanizmin funksiyalar\u0131n\u0131n 61-80 faiz pozulmas\u0131na g\u00f6r\u0259 \u0259lilliyi m\u00fc\u0259yy\u0259n edilmi\u015f \u015f\u0259xsl\u0259r\u0259 180 manatdan 220 manata, orqanizmin funksiyalar\u0131n\u0131n 31-60 faiz pozulmas\u0131na g\u00f6r\u0259 \u0259lilliyi m\u00fc\u0259yy\u0259n edilmi\u015f \u015f\u0259xsl\u0259r\u0259 120 manatdan 150 manata qald\u0131r\u0131l\u0131b.<\/p>\n\n\n\n<p>H\u0259m\u00e7inin ail\u0259 ba\u015f\u00e7\u0131s\u0131n\u0131 itirm\u0259y\u0259 g\u00f6r\u0259 100 manatdan 120 manata, bir ya\u015f\u0131nad\u0259k u\u015fa\u011f\u0131 olan azt\u0259minatl\u0131 ail\u0259l\u0259r\u0259 v\u0259 be\u015fd\u0259n \u00e7ox u\u015fa\u011f\u0131 olan qad\u0131nlara h\u0259r u\u015faq \u00fc\u00e7\u00fcn 70 manatdan m\u00fcvafiq olaraq 100 v\u0259 105 manata \u00e7atd\u0131r\u0131l\u0131b.<\/p>\n\n\n\n<p>D\u00f6vl\u0259t Statistika Komit\u0259sinin son hesabat\u0131na g\u00f6r\u0259, bu ilin aprel ay\u0131n\u0131n 1-\u0259 q\u0259d\u0259r olan m\u00fcdd\u0259td\u0259 72,6 min azt\u0259minatl\u0131 ail\u0259nin 321,1 min \u00fczv\u00fc \u00fcnvanl\u0131 d\u00f6vl\u0259t sosial yard\u0131m\u0131 al\u0131b.<\/p>\n\n\n\n<p>Bir n\u0259f\u0259r\u0259 d\u00fc\u015f\u0259n orta ayl\u0131q m\u0259bl\u0259\u011f 95,50 manat t\u0259\u015fkil edib.<\/p>\n","protected":false},"excerpt":{"rendered":"<p>&#8220;\u018fmimin h\u0259y\u0259tyan\u0131 torpa\u011f\u0131n\u0131 m\u0259nim \u00fc\u00e7\u00fcn hesablay\u0131blar&#8221; \u201cSaatl\u0131da yoxsul ail\u0259l\u0259rin \u00fcnvanl\u0131 &#8230; <\/p>\n<p class=\"read-more-container\"><a title=\"Saatl\u0131 sakini nazirliyin regional idar\u0259sind\u0259n \u015fikay\u0259t\u00e7idir\" class=\"read-more button\" href=\"https:\/\/www.meydan.tv\/az\/article\/saatli-sakini-nazirliyin-regional-idaresinden-sikayetcidir\/#more-276652\" aria-label=\"Read more about Saatl\u0131 sakini nazirliyin regional idar\u0259sind\u0259n \u015fikay\u0259t\u00e7idir\">Davam\u0131<\/a><\/p>\n","protected":false},"author":8,"featured_media":276649,"comment_status":"closed","ping_status":"closed","sticky":false,"template":"","format":"standard","meta":{"_acf_changed":false,"_sitemap_exclude":false,"_sitemap_priority":"","_sitemap_frequency":"","footnotes":""},"categories":[60,56],"tags":[],"class_list":["post-276652","post","type-post","status-publish","format-standard","has-post-thumbnail","hentry","category-bolge","category-xeberler","infinite-scroll-item","generate-columns","tablet-grid-50","mobile-grid-100","grid-parent","grid-33","no-featured-image-padding"],"acf":[],"yoast_head":"<!-- This site is optimized with the Yoast SEO plugin v27.5 - https:\/\/yoast.com\/product\/yoast-seo-wordpress\/ -->\n<title>Saatl\u0131 sakini nazirliyin regional idar\u0259sind\u0259n \u015fikay\u0259t\u00e7idir - MEYDAN.TV<\/title>\n<meta name=\"robots\" content=\"index, follow, max-snippet:-1, max-image-preview:large, max-video-preview:-1\" \/>\n<link rel=\"canonical\" href=\"https:\/\/www.meydan.tv\/az\/article\/saatli-sakini-nazirliyin-regional-idaresinden-sikayetcidir\/\" \/>\n<meta property=\"og:locale\" content=\"az_AZ\" \/>\n<meta property=\"og:type\" content=\"article\" \/>\n<meta property=\"og:title\" content=\"Saatl\u0131 sakini nazirliyin regional idar\u0259sind\u0259n \u015fikay\u0259t\u00e7idir - MEYDAN.TV\" \/>\n<meta property=\"og:description\" content=\"&#8220;\u018fmimin h\u0259y\u0259tyan\u0131 torpa\u011f\u0131n\u0131 m\u0259nim \u00fc\u00e7\u00fcn hesablay\u0131blar&#8221; \u201cSaatl\u0131da yoxsul ail\u0259l\u0259rin \u00fcnvanl\u0131 ... Davam\u0131\" \/>\n<meta property=\"og:url\" content=\"https:\/\/www.meydan.tv\/az\/article\/saatli-sakini-nazirliyin-regional-idaresinden-sikayetcidir\/\" \/>\n<meta property=\"og:site_name\" content=\"MEYDAN.TV\" \/>\n<meta property=\"article:published_time\" content=\"2023-06-01T13:59:24+00:00\" \/>\n<meta property=\"article:modified_time\" content=\"2023-06-01T13:59:29+00:00\" \/>\n<meta property=\"og:image\" content=\"https:\/\/www.meydan.tv\/wp-content\/uploads\/img-20230526-wa0010-e1685627422294.jpg\" \/>\n\t<meta property=\"og:image:width\" content=\"1200\" \/>\n\t<meta property=\"og:image:height\" content=\"579\" \/>\n\t<meta property=\"og:image:type\" content=\"image\/jpeg\" \/>\n<meta name=\"author\" content=\"elli\" \/>\n<meta name=\"twitter:card\" content=\"summary_large_image\" \/>\n<meta name=\"twitter:creator\" content=\"@elli\" \/>\n<script type=\"application\/ld+json\" class=\"yoast-schema-graph\">{\"@context\":\"https:\\\/\\\/schema.org\",\"@graph\":[{\"@type\":\"Article\",\"@id\":\"https:\\\/\\\/www.meydan.tv\\\/az\\\/article\\\/saatli-sakini-nazirliyin-regional-idaresinden-sikayetcidir\\\/#article\",\"isPartOf\":{\"@id\":\"https:\\\/\\\/www.meydan.tv\\\/az\\\/article\\\/saatli-sakini-nazirliyin-regional-idaresinden-sikayetcidir\\\/\"},\"author\":{\"name\":\"elli\",\"@id\":\"https:\\\/\\\/www.meydan.tv\\\/az\\\/#\\\/schema\\\/person\\\/9cdbecf90d17180ce1dfbd95b08dcf47\"},\"headline\":\"Saatl\u0131 sakini nazirliyin regional idar\u0259sind\u0259n \u015fikay\u0259t\u00e7idir\",\"datePublished\":\"2023-06-01T13:59:24+00:00\",\"dateModified\":\"2023-06-01T13:59:29+00:00\",\"mainEntityOfPage\":{\"@id\":\"https:\\\/\\\/www.meydan.tv\\\/az\\\/article\\\/saatli-sakini-nazirliyin-regional-idaresinden-sikayetcidir\\\/\"},\"wordCount\":576,\"publisher\":{\"@id\":\"https:\\\/\\\/www.meydan.tv\\\/az\\\/#organization\"},\"image\":{\"@id\":\"https:\\\/\\\/www.meydan.tv\\\/az\\\/article\\\/saatli-sakini-nazirliyin-regional-idaresinden-sikayetcidir\\\/#primaryimage\"},\"thumbnailUrl\":\"https:\\\/\\\/www.meydan.tv\\\/wp-content\\\/uploads\\\/img-20230526-wa0010-e1685627422294.jpg\",\"articleSection\":[\"B\u00f6lg\u0259\",\"X\u0259b\u0259rl\u0259r\"],\"inLanguage\":\"az\"},{\"@type\":\"WebPage\",\"@id\":\"https:\\\/\\\/www.meydan.tv\\\/az\\\/article\\\/saatli-sakini-nazirliyin-regional-idaresinden-sikayetcidir\\\/\",\"url\":\"https:\\\/\\\/www.meydan.tv\\\/az\\\/article\\\/saatli-sakini-nazirliyin-regional-idaresinden-sikayetcidir\\\/\",\"name\":\"Saatl\u0131 sakini nazirliyin regional idar\u0259sind\u0259n \u015fikay\u0259t\u00e7idir - MEYDAN.TV\",\"isPartOf\":{\"@id\":\"https:\\\/\\\/www.meydan.tv\\\/az\\\/#website\"},\"primaryImageOfPage\":{\"@id\":\"https:\\\/\\\/www.meydan.tv\\\/az\\\/article\\\/saatli-sakini-nazirliyin-regional-idaresinden-sikayetcidir\\\/#primaryimage\"},\"image\":{\"@id\":\"https:\\\/\\\/www.meydan.tv\\\/az\\\/article\\\/saatli-sakini-nazirliyin-regional-idaresinden-sikayetcidir\\\/#primaryimage\"},\"thumbnailUrl\":\"https:\\\/\\\/www.meydan.tv\\\/wp-content\\\/uploads\\\/img-20230526-wa0010-e1685627422294.jpg\",\"datePublished\":\"2023-06-01T13:59:24+00:00\",\"dateModified\":\"2023-06-01T13:59:29+00:00\",\"breadcrumb\":{\"@id\":\"https:\\\/\\\/www.meydan.tv\\\/az\\\/article\\\/saatli-sakini-nazirliyin-regional-idaresinden-sikayetcidir\\\/#breadcrumb\"},\"inLanguage\":\"az\",\"potentialAction\":[{\"@type\":\"ReadAction\",\"target\":[\"https:\\\/\\\/www.meydan.tv\\\/az\\\/article\\\/saatli-sakini-nazirliyin-regional-idaresinden-sikayetcidir\\\/\"]}]},{\"@type\":\"ImageObject\",\"inLanguage\":\"az\",\"@id\":\"https:\\\/\\\/www.meydan.tv\\\/az\\\/article\\\/saatli-sakini-nazirliyin-regional-idaresinden-sikayetcidir\\\/#primaryimage\",\"url\":\"https:\\\/\\\/www.meydan.tv\\\/wp-content\\\/uploads\\\/img-20230526-wa0010-e1685627422294.jpg\",\"contentUrl\":\"https:\\\/\\\/www.meydan.tv\\\/wp-content\\\/uploads\\\/img-20230526-wa0010-e1685627422294.jpg\",\"width\":1200,\"height\":579,\"caption\":\"\u015eamxal \u018fsg\u0259rov. Foto: Meydan TV\"},{\"@type\":\"BreadcrumbList\",\"@id\":\"https:\\\/\\\/www.meydan.tv\\\/az\\\/article\\\/saatli-sakini-nazirliyin-regional-idaresinden-sikayetcidir\\\/#breadcrumb\",\"itemListElement\":[{\"@type\":\"ListItem\",\"position\":1,\"name\":\"Ana s\u0259hif\u0259\",\"item\":\"https:\\\/\\\/www.meydan.tv\\\/az\\\/\"},{\"@type\":\"ListItem\",\"position\":2,\"name\":\"B\u00f6lg\u0259\",\"item\":\"https:\\\/\\\/www.meydan.tv\\\/az\\\/section\\\/bolge\\\/\"},{\"@type\":\"ListItem\",\"position\":3,\"name\":\"Saatl\u0131 sakini nazirliyin regional idar\u0259sind\u0259n \u015fikay\u0259t\u00e7idir\"}]},{\"@type\":\"WebSite\",\"@id\":\"https:\\\/\\\/www.meydan.tv\\\/az\\\/#website\",\"url\":\"https:\\\/\\\/www.meydan.tv\\\/az\\\/\",\"name\":\"MEYDAN.TV\",\"description\":\"Meydan TV Az\u0259rbaycan\u0131n media m\u0259kan\u0131ndak\u0131 alternativ s\u0259sidir\",\"publisher\":{\"@id\":\"https:\\\/\\\/www.meydan.tv\\\/az\\\/#organization\"},\"potentialAction\":[{\"@type\":\"SearchAction\",\"target\":{\"@type\":\"EntryPoint\",\"urlTemplate\":\"https:\\\/\\\/www.meydan.tv\\\/az\\\/?s={search_term_string}\"},\"query-input\":{\"@type\":\"PropertyValueSpecification\",\"valueRequired\":true,\"valueName\":\"search_term_string\"}}],\"inLanguage\":\"az\"},{\"@type\":\"Organization\",\"@id\":\"https:\\\/\\\/www.meydan.tv\\\/az\\\/#organization\",\"name\":\"Meydan TV\",\"url\":\"https:\\\/\\\/www.meydan.tv\\\/az\\\/\",\"logo\":{\"@type\":\"ImageObject\",\"inLanguage\":\"az\",\"@id\":\"https:\\\/\\\/www.meydan.tv\\\/az\\\/#\\\/schema\\\/logo\\\/image\\\/\",\"url\":\"https:\\\/\\\/www.meydan.tv\\\/wp-content\\\/uploads\\\/2021\\\/07\\\/meydan-logo.svg\",\"contentUrl\":\"https:\\\/\\\/www.meydan.tv\\\/wp-content\\\/uploads\\\/2021\\\/07\\\/meydan-logo.svg\",\"width\":195,\"height\":46,\"caption\":\"Meydan TV\"},\"image\":{\"@id\":\"https:\\\/\\\/www.meydan.tv\\\/az\\\/#\\\/schema\\\/logo\\\/image\\\/\"}},{\"@type\":\"Person\",\"@id\":\"https:\\\/\\\/www.meydan.tv\\\/az\\\/#\\\/schema\\\/person\\\/9cdbecf90d17180ce1dfbd95b08dcf47\",\"name\":\"elli\",\"sameAs\":[\"https:\\\/\\\/x.com\\\/elli\"]}]}<\/script>\n<!-- \/ Yoast SEO plugin. -->","yoast_head_json":{"title":"Saatl\u0131 sakini nazirliyin regional idar\u0259sind\u0259n \u015fikay\u0259t\u00e7idir - MEYDAN.TV","robots":{"index":"index","follow":"follow","max-snippet":"max-snippet:-1","max-image-preview":"max-image-preview:large","max-video-preview":"max-video-preview:-1"},"canonical":"https:\/\/www.meydan.tv\/az\/article\/saatli-sakini-nazirliyin-regional-idaresinden-sikayetcidir\/","og_locale":"az_AZ","og_type":"article","og_title":"Saatl\u0131 sakini nazirliyin regional idar\u0259sind\u0259n \u015fikay\u0259t\u00e7idir - MEYDAN.TV","og_description":"&#8220;\u018fmimin h\u0259y\u0259tyan\u0131 torpa\u011f\u0131n\u0131 m\u0259nim \u00fc\u00e7\u00fcn hesablay\u0131blar&#8221; \u201cSaatl\u0131da yoxsul ail\u0259l\u0259rin \u00fcnvanl\u0131 ... Davam\u0131","og_url":"https:\/\/www.meydan.tv\/az\/article\/saatli-sakini-nazirliyin-regional-idaresinden-sikayetcidir\/","og_site_name":"MEYDAN.TV","article_published_time":"2023-06-01T13:59:24+00:00","article_modified_time":"2023-06-01T13:59:29+00:00","og_image":[{"width":1200,"height":579,"url":"https:\/\/www.meydan.tv\/wp-content\/uploads\/img-20230526-wa0010-e1685627422294.jpg","type":"image\/jpeg"}],"author":"elli","twitter_card":"summary_large_image","twitter_creator":"@elli","schema":{"@context":"https:\/\/schema.org","@graph":[{"@type":"Article","@id":"https:\/\/www.meydan.tv\/az\/article\/saatli-sakini-nazirliyin-regional-idaresinden-sikayetcidir\/#article","isPartOf":{"@id":"https:\/\/www.meydan.tv\/az\/article\/saatli-sakini-nazirliyin-regional-idaresinden-sikayetcidir\/"},"author":{"name":"elli","@id":"https:\/\/www.meydan.tv\/az\/#\/schema\/person\/9cdbecf90d17180ce1dfbd95b08dcf47"},"headline":"Saatl\u0131 sakini nazirliyin regional idar\u0259sind\u0259n \u015fikay\u0259t\u00e7idir","datePublished":"2023-06-01T13:59:24+00:00","dateModified":"2023-06-01T13:59:29+00:00","mainEntityOfPage":{"@id":"https:\/\/www.meydan.tv\/az\/article\/saatli-sakini-nazirliyin-regional-idaresinden-sikayetcidir\/"},"wordCount":576,"publisher":{"@id":"https:\/\/www.meydan.tv\/az\/#organization"},"image":{"@id":"https:\/\/www.meydan.tv\/az\/article\/saatli-sakini-nazirliyin-regional-idaresinden-sikayetcidir\/#primaryimage"},"thumbnailUrl":"https:\/\/www.meydan.tv\/wp-content\/uploads\/img-20230526-wa0010-e1685627422294.jpg","articleSection":["B\u00f6lg\u0259","X\u0259b\u0259rl\u0259r"],"inLanguage":"az"},{"@type":"WebPage","@id":"https:\/\/www.meydan.tv\/az\/article\/saatli-sakini-nazirliyin-regional-idaresinden-sikayetcidir\/","url":"https:\/\/www.meydan.tv\/az\/article\/saatli-sakini-nazirliyin-regional-idaresinden-sikayetcidir\/","name":"Saatl\u0131 sakini nazirliyin regional idar\u0259sind\u0259n \u015fikay\u0259t\u00e7idir - MEYDAN.TV","isPartOf":{"@id":"https:\/\/www.meydan.tv\/az\/#website"},"primaryImageOfPage":{"@id":"https:\/\/www.meydan.tv\/az\/article\/saatli-sakini-nazirliyin-regional-idaresinden-sikayetcidir\/#primaryimage"},"image":{"@id":"https:\/\/www.meydan.tv\/az\/article\/saatli-sakini-nazirliyin-regional-idaresinden-sikayetcidir\/#primaryimage"},"thumbnailUrl":"https:\/\/www.meydan.tv\/wp-content\/uploads\/img-20230526-wa0010-e1685627422294.jpg","datePublished":"2023-06-01T13:59:24+00:00","dateModified":"2023-06-01T13:59:29+00:00","breadcrumb":{"@id":"https:\/\/www.meydan.tv\/az\/article\/saatli-sakini-nazirliyin-regional-idaresinden-sikayetcidir\/#breadcrumb"},"inLanguage":"az","potentialAction":[{"@type":"ReadAction","target":["https:\/\/www.meydan.tv\/az\/article\/saatli-sakini-nazirliyin-regional-idaresinden-sikayetcidir\/"]}]},{"@type":"ImageObject","inLanguage":"az","@id":"https:\/\/www.meydan.tv\/az\/article\/saatli-sakini-nazirliyin-regional-idaresinden-sikayetcidir\/#primaryimage","url":"https:\/\/www.meydan.tv\/wp-content\/uploads\/img-20230526-wa0010-e1685627422294.jpg","contentUrl":"https:\/\/www.meydan.tv\/wp-content\/uploads\/img-20230526-wa0010-e1685627422294.jpg","width":1200,"height":579,"caption":"\u015eamxal \u018fsg\u0259rov. Foto: Meydan TV"},{"@type":"BreadcrumbList","@id":"https:\/\/www.meydan.tv\/az\/article\/saatli-sakini-nazirliyin-regional-idaresinden-sikayetcidir\/#breadcrumb","itemListElement":[{"@type":"ListItem","position":1,"name":"Ana s\u0259hif\u0259","item":"https:\/\/www.meydan.tv\/az\/"},{"@type":"ListItem","position":2,"name":"B\u00f6lg\u0259","item":"https:\/\/www.meydan.tv\/az\/section\/bolge\/"},{"@type":"ListItem","position":3,"name":"Saatl\u0131 sakini nazirliyin regional idar\u0259sind\u0259n \u015fikay\u0259t\u00e7idir"}]},{"@type":"WebSite","@id":"https:\/\/www.meydan.tv\/az\/#website","url":"https:\/\/www.meydan.tv\/az\/","name":"MEYDAN.TV","description":"Meydan TV Az\u0259rbaycan\u0131n media m\u0259kan\u0131ndak\u0131 alternativ s\u0259sidir","publisher":{"@id":"https:\/\/www.meydan.tv\/az\/#organization"},"potentialAction":[{"@type":"SearchAction","target":{"@type":"EntryPoint","urlTemplate":"https:\/\/www.meydan.tv\/az\/?s={search_term_string}"},"query-input":{"@type":"PropertyValueSpecification","valueRequired":true,"valueName":"search_term_string"}}],"inLanguage":"az"},{"@type":"Organization","@id":"https:\/\/www.meydan.tv\/az\/#organization","name":"Meydan TV","url":"https:\/\/www.meydan.tv\/az\/","logo":{"@type":"ImageObject","inLanguage":"az","@id":"https:\/\/www.meydan.tv\/az\/#\/schema\/logo\/image\/","url":"https:\/\/www.meydan.tv\/wp-content\/uploads\/2021\/07\/meydan-logo.svg","contentUrl":"https:\/\/www.meydan.tv\/wp-content\/uploads\/2021\/07\/meydan-logo.svg","width":195,"height":46,"caption":"Meydan TV"},"image":{"@id":"https:\/\/www.meydan.tv\/az\/#\/schema\/logo\/image\/"}},{"@type":"Person","@id":"https:\/\/www.meydan.tv\/az\/#\/schema\/person\/9cdbecf90d17180ce1dfbd95b08dcf47","name":"elli","sameAs":["https:\/\/x.com\/elli"]}]}},"_links":{"self":[{"href":"https:\/\/www.meydan.tv\/az\/wp-json\/wp\/v2\/posts\/276652","targetHints":{"allow":["GET"]}}],"collection":[{"href":"https:\/\/www.meydan.tv\/az\/wp-json\/wp\/v2\/posts"}],"about":[{"href":"https:\/\/www.meydan.tv\/az\/wp-json\/wp\/v2\/types\/post"}],"author":[{"embeddable":true,"href":"https:\/\/www.meydan.tv\/az\/wp-json\/wp\/v2\/users\/8"}],"replies":[{"embeddable":true,"href":"https:\/\/www.meydan.tv\/az\/wp-json\/wp\/v2\/comments?post=276652"}],"version-history":[{"count":1,"href":"https:\/\/www.meydan.tv\/az\/wp-json\/wp\/v2\/posts\/276652\/revisions"}],"predecessor-version":[{"id":276653,"href":"https:\/\/www.meydan.tv\/az\/wp-json\/wp\/v2\/posts\/276652\/revisions\/276653"}],"wp:featuredmedia":[{"embeddable":true,"href":"https:\/\/www.meydan.tv\/az\/wp-json\/wp\/v2\/media\/276649"}],"wp:attachment":[{"href":"https:\/\/www.meydan.tv\/az\/wp-json\/wp\/v2\/media?parent=276652"}],"wp:term":[{"taxonomy":"category","embeddable":true,"href":"https:\/\/www.meydan.tv\/az\/wp-json\/wp\/v2\/categories?post=276652"},{"taxonomy":"post_tag","embeddable":true,"href":"https:\/\/www.meydan.tv\/az\/wp-json\/wp\/v2\/tags?post=276652"}],"curies":[{"name":"wp","href":"https:\/\/api.w.org\/{rel}","templated":true}]}}