{"id":276593,"date":"2023-05-31T21:58:45","date_gmt":"2023-05-31T17:58:45","guid":{"rendered":"https:\/\/www.meydan.tv\/?p=276593"},"modified":"2023-06-01T11:15:41","modified_gmt":"2023-06-01T07:15:41","slug":"goycayda-kulek-iki-neferin-yaralanmasina-sebeb-olub","status":"publish","type":"post","link":"https:\/\/www.meydan.tv\/az\/article\/goycayda-kulek-iki-neferin-yaralanmasina-sebeb-olub\/","title":{"rendered":"G\u00f6y\u00e7ayda k\u00fcl\u0259k iki n\u0259f\u0259rin yaralanmas\u0131na s\u0259b\u0259b olub"},"content":{"rendered":"\n<p><\/p>\n\n\n\n<p><strong><em>Yaralanan qad\u0131nlardan birinin bel f\u0259q\u0259r\u0259sinin q\u0131r\u0131ld\u0131\u011f\u0131 bildirilir<\/em><\/strong><\/p>\n\n\n\n<p>G\u00fccl\u00fc k\u00fcl\u0259kl\u0259 m\u00fc\u015fayi\u0259t olunan ya\u011f\u0131\u015f G\u00f6y\u00e7ayda f\u0259sadlar t\u00f6r\u0259dib. A\u011faclar a\u015f\u0131b, kommunal xidm\u0259tl\u0259r s\u0131radan \u00e7\u0131x\u0131b. \u0130ki n\u0259f\u0259r yaralan\u0131b.<\/p>\n\n\n\n<p>Daxili \u0130\u015fl\u0259r Nazirliyinin M\u0259tbuat Xidm\u0259tinin \u015e\u0259ki regional qrupunun ba\u015f inspektoru, polis kapitan\u0131 Mahir M\u0259simov bildirib ki, G\u00f6y\u00e7ayda t\u0259bii f\u0259lak\u0259t n\u0259tic\u0259sind\u0259 iki n\u0259f\u0259rin h\u0259yat\u0131n\u0131 itirm\u0259si il\u0259 ba\u011fl\u0131 yay\u0131lan x\u0259b\u0259rl\u0259r h\u0259qiq\u0259ti \u0259ks etdirmir.&nbsp;<\/p>\n\n\n\n<p>Bel\u0259 ki, avtomobilin \u00fcz\u0259rin\u0259 a\u011fac d\u00fc\u015fm\u0259si n\u0259tic\u0259sind\u0259 \u00f6l\u0259n \u015f\u0259xs kimi t\u0259qdim edil\u0259n rayon sakini, 1959-cu il t\u0259v\u0259ll\u00fcdl\u00fc F. Abdullayev ma\u015f\u0131n\u0131nda ged\u0259rk\u0259n&nbsp; \u00fcr\u0259ktutmadan h\u0259yat\u0131n\u0131 itirib. <\/p>\n\n\n\n<p>Rayonun M\u0131rt\u0131&nbsp; k\u0259nd sakini olan bir n\u0259f\u0259r \u00fcz\u0259rin\u0259 a\u011fac buda\u011f\u0131 a\u015fmas\u0131, Qarabaqqal k\u0259ndind\u0259 bir n\u0259f\u0259r&nbsp; is\u0259 evin u\u00e7mas\u0131 n\u0259tic\u0259sind\u0259&nbsp; x\u0259sar\u0259t al\u0131blar.<\/p>\n\n\n\n<p>G\u00f6y\u00e7ayda g\u00fccl\u00fc k\u00fcl\u0259k v\u0259 qas\u0131r\u011fa s\u0259b\u0259bind\u0259n T\u018fB\u0130B-in tabeliyind\u0259ki G\u00f6y\u00e7ay Rayon M\u0259rk\u0259zi X\u0259st\u0259xanas\u0131 g\u00fccl\u0259ndirilmi\u015f i\u015f rejimin\u0259 ke\u00e7ib. T\u018fB\u0130B-d\u0259n veril\u0259n m\u0259lumata g\u00f6r\u0259, haz\u0131rda tibb m\u00fc\u0259ssis\u0259sinin \u0259ks\u0259r tibb v\u0259 qeyri-tibb hey\u0259ti i\u015f\u0259 c\u0259lb edilib.<\/p>\n\n\n\n<p>Ba\u015f ver\u0259n t\u0259bi\u0259t hadis\u0259l\u0259ri il\u0259 ba\u011fl\u0131 2 n\u0259f\u0259r G\u00f6y\u00e7ay Rayon M\u0259rk\u0259zi X\u0259st\u0259xanas\u0131na yerl\u0259\u015fdirilib. Onlar\u0131n h\u0259r birin\u0259 z\u0259ruri tibbi xidm\u0259tl\u0259r g\u00f6st\u0259rilib.<\/p>\n\n\n\n<p>1964-c\u00fc il t\u0259v\u0259ll\u00fcdl\u00fc qad\u0131n pasiyentin m\u00fcalic\u0259si tibb m\u00fc\u0259ssis\u0259sinin T\u0259cili Tibbi Yard\u0131m \u015f\u00f6b\u0259sind\u0259 davam etdirilir. Ona ba\u015f\u0131n t\u0259p\u0259 v\u0259 burun nahiy\u0259sinin \u0259zilmi\u015f, c\u0131r\u0131lm\u0131\u015f yaralar\u0131 diaqnozu qoyulub. V\u0259ziyy\u0259ti stabil qiym\u0259tl\u0259ndirilir.<\/p>\n\n\n\n<p>Dig\u0259r 1995-ci il t\u0259v\u0259ll\u00fcdl\u00fc qad\u0131n pasiyent bel (L2, L3) f\u0259q\u0259r\u0259l\u0259rinin s\u0131n\u0131\u011f\u0131 diaqnozu il\u0259 T\u018fB\u0130B-in tabeliyind\u0259ki Respublika Neyroc\u0259rrahiyy\u0259 X\u0259st\u0259xanas\u0131na t\u0259xliy\u0259 olunur.<\/p>\n","protected":false},"excerpt":{"rendered":"<p>Yaralanan qad\u0131nlardan birinin bel f\u0259q\u0259r\u0259sinin q\u0131r\u0131ld\u0131\u011f\u0131 bildirilir G\u00fccl\u00fc k\u00fcl\u0259kl\u0259 m\u00fc\u015fayi\u0259t &#8230; <\/p>\n<p class=\"read-more-container\"><a title=\"G\u00f6y\u00e7ayda k\u00fcl\u0259k iki n\u0259f\u0259rin yaralanmas\u0131na s\u0259b\u0259b olub\" class=\"read-more button\" href=\"https:\/\/www.meydan.tv\/az\/article\/goycayda-kulek-iki-neferin-yaralanmasina-sebeb-olub\/#more-276593\" aria-label=\"Read more about G\u00f6y\u00e7ayda k\u00fcl\u0259k iki n\u0259f\u0259rin yaralanmas\u0131na s\u0259b\u0259b olub\">Davam\u0131<\/a><\/p>\n","protected":false},"author":8,"featured_media":145434,"comment_status":"closed","ping_status":"closed","sticky":false,"template":"","format":"standard","meta":{"_acf_changed":false,"_sitemap_exclude":false,"_sitemap_priority":"","_sitemap_frequency":"","footnotes":""},"categories":[60,56],"tags":[],"class_list":["post-276593","post","type-post","status-publish","format-standard","has-post-thumbnail","hentry","category-bolge","category-xeberler","infinite-scroll-item","generate-columns","tablet-grid-50","mobile-grid-100","grid-parent","grid-33","no-featured-image-padding"],"acf":[],"yoast_head":"<!-- This site is optimized with the Yoast SEO plugin v27.5 - https:\/\/yoast.com\/product\/yoast-seo-wordpress\/ -->\n<title>G\u00f6y\u00e7ayda k\u00fcl\u0259k iki n\u0259f\u0259rin yaralanmas\u0131na s\u0259b\u0259b olub - MEYDAN.TV<\/title>\n<meta name=\"robots\" content=\"index, follow, max-snippet:-1, max-image-preview:large, max-video-preview:-1\" \/>\n<link rel=\"canonical\" href=\"https:\/\/www.meydan.tv\/az\/article\/goycayda-kulek-iki-neferin-yaralanmasina-sebeb-olub\/\" \/>\n<meta property=\"og:locale\" content=\"az_AZ\" \/>\n<meta property=\"og:type\" content=\"article\" \/>\n<meta property=\"og:title\" content=\"G\u00f6y\u00e7ayda k\u00fcl\u0259k iki n\u0259f\u0259rin yaralanmas\u0131na s\u0259b\u0259b olub - MEYDAN.TV\" \/>\n<meta property=\"og:description\" content=\"Yaralanan qad\u0131nlardan birinin bel f\u0259q\u0259r\u0259sinin q\u0131r\u0131ld\u0131\u011f\u0131 bildirilir G\u00fccl\u00fc k\u00fcl\u0259kl\u0259 m\u00fc\u015fayi\u0259t ... Davam\u0131\" \/>\n<meta property=\"og:url\" content=\"https:\/\/www.meydan.tv\/az\/article\/goycayda-kulek-iki-neferin-yaralanmasina-sebeb-olub\/\" \/>\n<meta property=\"og:site_name\" content=\"MEYDAN.TV\" \/>\n<meta property=\"article:published_time\" content=\"2023-05-31T17:58:45+00:00\" \/>\n<meta property=\"article:modified_time\" content=\"2023-06-01T07:15:41+00:00\" \/>\n<meta property=\"og:image\" content=\"https:\/\/www.meydan.tv\/wp-content\/uploads\/413315821.jpg\" \/>\n\t<meta property=\"og:image:width\" content=\"1000\" \/>\n\t<meta property=\"og:image:height\" content=\"541\" \/>\n\t<meta property=\"og:image:type\" content=\"image\/jpeg\" \/>\n<meta name=\"author\" content=\"elli\" \/>\n<meta name=\"twitter:card\" content=\"summary_large_image\" \/>\n<meta name=\"twitter:creator\" content=\"@elli\" \/>\n<script type=\"application\/ld+json\" class=\"yoast-schema-graph\">{\"@context\":\"https:\\\/\\\/schema.org\",\"@graph\":[{\"@type\":\"Article\",\"@id\":\"https:\\\/\\\/www.meydan.tv\\\/az\\\/article\\\/goycayda-kulek-iki-neferin-yaralanmasina-sebeb-olub\\\/#article\",\"isPartOf\":{\"@id\":\"https:\\\/\\\/www.meydan.tv\\\/az\\\/article\\\/goycayda-kulek-iki-neferin-yaralanmasina-sebeb-olub\\\/\"},\"author\":{\"name\":\"elli\",\"@id\":\"https:\\\/\\\/www.meydan.tv\\\/az\\\/#\\\/schema\\\/person\\\/9cdbecf90d17180ce1dfbd95b08dcf47\"},\"headline\":\"G\u00f6y\u00e7ayda k\u00fcl\u0259k iki n\u0259f\u0259rin yaralanmas\u0131na s\u0259b\u0259b olub\",\"datePublished\":\"2023-05-31T17:58:45+00:00\",\"dateModified\":\"2023-06-01T07:15:41+00:00\",\"mainEntityOfPage\":{\"@id\":\"https:\\\/\\\/www.meydan.tv\\\/az\\\/article\\\/goycayda-kulek-iki-neferin-yaralanmasina-sebeb-olub\\\/\"},\"wordCount\":397,\"publisher\":{\"@id\":\"https:\\\/\\\/www.meydan.tv\\\/az\\\/#organization\"},\"image\":{\"@id\":\"https:\\\/\\\/www.meydan.tv\\\/az\\\/article\\\/goycayda-kulek-iki-neferin-yaralanmasina-sebeb-olub\\\/#primaryimage\"},\"thumbnailUrl\":\"https:\\\/\\\/www.meydan.tv\\\/wp-content\\\/uploads\\\/413315821.jpg\",\"articleSection\":[\"B\u00f6lg\u0259\",\"X\u0259b\u0259rl\u0259r\"],\"inLanguage\":\"az\"},{\"@type\":\"WebPage\",\"@id\":\"https:\\\/\\\/www.meydan.tv\\\/az\\\/article\\\/goycayda-kulek-iki-neferin-yaralanmasina-sebeb-olub\\\/\",\"url\":\"https:\\\/\\\/www.meydan.tv\\\/az\\\/article\\\/goycayda-kulek-iki-neferin-yaralanmasina-sebeb-olub\\\/\",\"name\":\"G\u00f6y\u00e7ayda k\u00fcl\u0259k iki n\u0259f\u0259rin yaralanmas\u0131na s\u0259b\u0259b olub - MEYDAN.TV\",\"isPartOf\":{\"@id\":\"https:\\\/\\\/www.meydan.tv\\\/az\\\/#website\"},\"primaryImageOfPage\":{\"@id\":\"https:\\\/\\\/www.meydan.tv\\\/az\\\/article\\\/goycayda-kulek-iki-neferin-yaralanmasina-sebeb-olub\\\/#primaryimage\"},\"image\":{\"@id\":\"https:\\\/\\\/www.meydan.tv\\\/az\\\/article\\\/goycayda-kulek-iki-neferin-yaralanmasina-sebeb-olub\\\/#primaryimage\"},\"thumbnailUrl\":\"https:\\\/\\\/www.meydan.tv\\\/wp-content\\\/uploads\\\/413315821.jpg\",\"datePublished\":\"2023-05-31T17:58:45+00:00\",\"dateModified\":\"2023-06-01T07:15:41+00:00\",\"breadcrumb\":{\"@id\":\"https:\\\/\\\/www.meydan.tv\\\/az\\\/article\\\/goycayda-kulek-iki-neferin-yaralanmasina-sebeb-olub\\\/#breadcrumb\"},\"inLanguage\":\"az\",\"potentialAction\":[{\"@type\":\"ReadAction\",\"target\":[\"https:\\\/\\\/www.meydan.tv\\\/az\\\/article\\\/goycayda-kulek-iki-neferin-yaralanmasina-sebeb-olub\\\/\"]}]},{\"@type\":\"ImageObject\",\"inLanguage\":\"az\",\"@id\":\"https:\\\/\\\/www.meydan.tv\\\/az\\\/article\\\/goycayda-kulek-iki-neferin-yaralanmasina-sebeb-olub\\\/#primaryimage\",\"url\":\"https:\\\/\\\/www.meydan.tv\\\/wp-content\\\/uploads\\\/413315821.jpg\",\"contentUrl\":\"https:\\\/\\\/www.meydan.tv\\\/wp-content\\\/uploads\\\/413315821.jpg\",\"width\":1000,\"height\":541,\"caption\":\"M\u0259nb\u0259: G\u00f6y\u00e7ay Rayon \u0130cra Hakimiyy\u0259ti\"},{\"@type\":\"BreadcrumbList\",\"@id\":\"https:\\\/\\\/www.meydan.tv\\\/az\\\/article\\\/goycayda-kulek-iki-neferin-yaralanmasina-sebeb-olub\\\/#breadcrumb\",\"itemListElement\":[{\"@type\":\"ListItem\",\"position\":1,\"name\":\"Ana s\u0259hif\u0259\",\"item\":\"https:\\\/\\\/www.meydan.tv\\\/az\\\/\"},{\"@type\":\"ListItem\",\"position\":2,\"name\":\"B\u00f6lg\u0259\",\"item\":\"https:\\\/\\\/www.meydan.tv\\\/az\\\/section\\\/bolge\\\/\"},{\"@type\":\"ListItem\",\"position\":3,\"name\":\"G\u00f6y\u00e7ayda k\u00fcl\u0259k iki n\u0259f\u0259rin yaralanmas\u0131na s\u0259b\u0259b olub\"}]},{\"@type\":\"WebSite\",\"@id\":\"https:\\\/\\\/www.meydan.tv\\\/az\\\/#website\",\"url\":\"https:\\\/\\\/www.meydan.tv\\\/az\\\/\",\"name\":\"MEYDAN.TV\",\"description\":\"Meydan TV Az\u0259rbaycan\u0131n media m\u0259kan\u0131ndak\u0131 alternativ s\u0259sidir\",\"publisher\":{\"@id\":\"https:\\\/\\\/www.meydan.tv\\\/az\\\/#organization\"},\"potentialAction\":[{\"@type\":\"SearchAction\",\"target\":{\"@type\":\"EntryPoint\",\"urlTemplate\":\"https:\\\/\\\/www.meydan.tv\\\/az\\\/?s={search_term_string}\"},\"query-input\":{\"@type\":\"PropertyValueSpecification\",\"valueRequired\":true,\"valueName\":\"search_term_string\"}}],\"inLanguage\":\"az\"},{\"@type\":\"Organization\",\"@id\":\"https:\\\/\\\/www.meydan.tv\\\/az\\\/#organization\",\"name\":\"Meydan TV\",\"url\":\"https:\\\/\\\/www.meydan.tv\\\/az\\\/\",\"logo\":{\"@type\":\"ImageObject\",\"inLanguage\":\"az\",\"@id\":\"https:\\\/\\\/www.meydan.tv\\\/az\\\/#\\\/schema\\\/logo\\\/image\\\/\",\"url\":\"https:\\\/\\\/www.meydan.tv\\\/wp-content\\\/uploads\\\/2021\\\/07\\\/meydan-logo.svg\",\"contentUrl\":\"https:\\\/\\\/www.meydan.tv\\\/wp-content\\\/uploads\\\/2021\\\/07\\\/meydan-logo.svg\",\"width\":195,\"height\":46,\"caption\":\"Meydan TV\"},\"image\":{\"@id\":\"https:\\\/\\\/www.meydan.tv\\\/az\\\/#\\\/schema\\\/logo\\\/image\\\/\"}},{\"@type\":\"Person\",\"@id\":\"https:\\\/\\\/www.meydan.tv\\\/az\\\/#\\\/schema\\\/person\\\/9cdbecf90d17180ce1dfbd95b08dcf47\",\"name\":\"elli\",\"sameAs\":[\"https:\\\/\\\/x.com\\\/elli\"]}]}<\/script>\n<!-- \/ Yoast SEO plugin. -->","yoast_head_json":{"title":"G\u00f6y\u00e7ayda k\u00fcl\u0259k iki n\u0259f\u0259rin yaralanmas\u0131na s\u0259b\u0259b olub - MEYDAN.TV","robots":{"index":"index","follow":"follow","max-snippet":"max-snippet:-1","max-image-preview":"max-image-preview:large","max-video-preview":"max-video-preview:-1"},"canonical":"https:\/\/www.meydan.tv\/az\/article\/goycayda-kulek-iki-neferin-yaralanmasina-sebeb-olub\/","og_locale":"az_AZ","og_type":"article","og_title":"G\u00f6y\u00e7ayda k\u00fcl\u0259k iki n\u0259f\u0259rin yaralanmas\u0131na s\u0259b\u0259b olub - MEYDAN.TV","og_description":"Yaralanan qad\u0131nlardan birinin bel f\u0259q\u0259r\u0259sinin q\u0131r\u0131ld\u0131\u011f\u0131 bildirilir G\u00fccl\u00fc k\u00fcl\u0259kl\u0259 m\u00fc\u015fayi\u0259t ... Davam\u0131","og_url":"https:\/\/www.meydan.tv\/az\/article\/goycayda-kulek-iki-neferin-yaralanmasina-sebeb-olub\/","og_site_name":"MEYDAN.TV","article_published_time":"2023-05-31T17:58:45+00:00","article_modified_time":"2023-06-01T07:15:41+00:00","og_image":[{"width":1000,"height":541,"url":"https:\/\/www.meydan.tv\/wp-content\/uploads\/413315821.jpg","type":"image\/jpeg"}],"author":"elli","twitter_card":"summary_large_image","twitter_creator":"@elli","schema":{"@context":"https:\/\/schema.org","@graph":[{"@type":"Article","@id":"https:\/\/www.meydan.tv\/az\/article\/goycayda-kulek-iki-neferin-yaralanmasina-sebeb-olub\/#article","isPartOf":{"@id":"https:\/\/www.meydan.tv\/az\/article\/goycayda-kulek-iki-neferin-yaralanmasina-sebeb-olub\/"},"author":{"name":"elli","@id":"https:\/\/www.meydan.tv\/az\/#\/schema\/person\/9cdbecf90d17180ce1dfbd95b08dcf47"},"headline":"G\u00f6y\u00e7ayda k\u00fcl\u0259k iki n\u0259f\u0259rin yaralanmas\u0131na s\u0259b\u0259b olub","datePublished":"2023-05-31T17:58:45+00:00","dateModified":"2023-06-01T07:15:41+00:00","mainEntityOfPage":{"@id":"https:\/\/www.meydan.tv\/az\/article\/goycayda-kulek-iki-neferin-yaralanmasina-sebeb-olub\/"},"wordCount":397,"publisher":{"@id":"https:\/\/www.meydan.tv\/az\/#organization"},"image":{"@id":"https:\/\/www.meydan.tv\/az\/article\/goycayda-kulek-iki-neferin-yaralanmasina-sebeb-olub\/#primaryimage"},"thumbnailUrl":"https:\/\/www.meydan.tv\/wp-content\/uploads\/413315821.jpg","articleSection":["B\u00f6lg\u0259","X\u0259b\u0259rl\u0259r"],"inLanguage":"az"},{"@type":"WebPage","@id":"https:\/\/www.meydan.tv\/az\/article\/goycayda-kulek-iki-neferin-yaralanmasina-sebeb-olub\/","url":"https:\/\/www.meydan.tv\/az\/article\/goycayda-kulek-iki-neferin-yaralanmasina-sebeb-olub\/","name":"G\u00f6y\u00e7ayda k\u00fcl\u0259k iki n\u0259f\u0259rin yaralanmas\u0131na s\u0259b\u0259b olub - MEYDAN.TV","isPartOf":{"@id":"https:\/\/www.meydan.tv\/az\/#website"},"primaryImageOfPage":{"@id":"https:\/\/www.meydan.tv\/az\/article\/goycayda-kulek-iki-neferin-yaralanmasina-sebeb-olub\/#primaryimage"},"image":{"@id":"https:\/\/www.meydan.tv\/az\/article\/goycayda-kulek-iki-neferin-yaralanmasina-sebeb-olub\/#primaryimage"},"thumbnailUrl":"https:\/\/www.meydan.tv\/wp-content\/uploads\/413315821.jpg","datePublished":"2023-05-31T17:58:45+00:00","dateModified":"2023-06-01T07:15:41+00:00","breadcrumb":{"@id":"https:\/\/www.meydan.tv\/az\/article\/goycayda-kulek-iki-neferin-yaralanmasina-sebeb-olub\/#breadcrumb"},"inLanguage":"az","potentialAction":[{"@type":"ReadAction","target":["https:\/\/www.meydan.tv\/az\/article\/goycayda-kulek-iki-neferin-yaralanmasina-sebeb-olub\/"]}]},{"@type":"ImageObject","inLanguage":"az","@id":"https:\/\/www.meydan.tv\/az\/article\/goycayda-kulek-iki-neferin-yaralanmasina-sebeb-olub\/#primaryimage","url":"https:\/\/www.meydan.tv\/wp-content\/uploads\/413315821.jpg","contentUrl":"https:\/\/www.meydan.tv\/wp-content\/uploads\/413315821.jpg","width":1000,"height":541,"caption":"M\u0259nb\u0259: G\u00f6y\u00e7ay Rayon \u0130cra Hakimiyy\u0259ti"},{"@type":"BreadcrumbList","@id":"https:\/\/www.meydan.tv\/az\/article\/goycayda-kulek-iki-neferin-yaralanmasina-sebeb-olub\/#breadcrumb","itemListElement":[{"@type":"ListItem","position":1,"name":"Ana s\u0259hif\u0259","item":"https:\/\/www.meydan.tv\/az\/"},{"@type":"ListItem","position":2,"name":"B\u00f6lg\u0259","item":"https:\/\/www.meydan.tv\/az\/section\/bolge\/"},{"@type":"ListItem","position":3,"name":"G\u00f6y\u00e7ayda k\u00fcl\u0259k iki n\u0259f\u0259rin yaralanmas\u0131na s\u0259b\u0259b olub"}]},{"@type":"WebSite","@id":"https:\/\/www.meydan.tv\/az\/#website","url":"https:\/\/www.meydan.tv\/az\/","name":"MEYDAN.TV","description":"Meydan TV Az\u0259rbaycan\u0131n media m\u0259kan\u0131ndak\u0131 alternativ s\u0259sidir","publisher":{"@id":"https:\/\/www.meydan.tv\/az\/#organization"},"potentialAction":[{"@type":"SearchAction","target":{"@type":"EntryPoint","urlTemplate":"https:\/\/www.meydan.tv\/az\/?s={search_term_string}"},"query-input":{"@type":"PropertyValueSpecification","valueRequired":true,"valueName":"search_term_string"}}],"inLanguage":"az"},{"@type":"Organization","@id":"https:\/\/www.meydan.tv\/az\/#organization","name":"Meydan TV","url":"https:\/\/www.meydan.tv\/az\/","logo":{"@type":"ImageObject","inLanguage":"az","@id":"https:\/\/www.meydan.tv\/az\/#\/schema\/logo\/image\/","url":"https:\/\/www.meydan.tv\/wp-content\/uploads\/2021\/07\/meydan-logo.svg","contentUrl":"https:\/\/www.meydan.tv\/wp-content\/uploads\/2021\/07\/meydan-logo.svg","width":195,"height":46,"caption":"Meydan TV"},"image":{"@id":"https:\/\/www.meydan.tv\/az\/#\/schema\/logo\/image\/"}},{"@type":"Person","@id":"https:\/\/www.meydan.tv\/az\/#\/schema\/person\/9cdbecf90d17180ce1dfbd95b08dcf47","name":"elli","sameAs":["https:\/\/x.com\/elli"]}]}},"_links":{"self":[{"href":"https:\/\/www.meydan.tv\/az\/wp-json\/wp\/v2\/posts\/276593","targetHints":{"allow":["GET"]}}],"collection":[{"href":"https:\/\/www.meydan.tv\/az\/wp-json\/wp\/v2\/posts"}],"about":[{"href":"https:\/\/www.meydan.tv\/az\/wp-json\/wp\/v2\/types\/post"}],"author":[{"embeddable":true,"href":"https:\/\/www.meydan.tv\/az\/wp-json\/wp\/v2\/users\/8"}],"replies":[{"embeddable":true,"href":"https:\/\/www.meydan.tv\/az\/wp-json\/wp\/v2\/comments?post=276593"}],"version-history":[{"count":2,"href":"https:\/\/www.meydan.tv\/az\/wp-json\/wp\/v2\/posts\/276593\/revisions"}],"predecessor-version":[{"id":276603,"href":"https:\/\/www.meydan.tv\/az\/wp-json\/wp\/v2\/posts\/276593\/revisions\/276603"}],"wp:featuredmedia":[{"embeddable":true,"href":"https:\/\/www.meydan.tv\/az\/wp-json\/wp\/v2\/media\/145434"}],"wp:attachment":[{"href":"https:\/\/www.meydan.tv\/az\/wp-json\/wp\/v2\/media?parent=276593"}],"wp:term":[{"taxonomy":"category","embeddable":true,"href":"https:\/\/www.meydan.tv\/az\/wp-json\/wp\/v2\/categories?post=276593"},{"taxonomy":"post_tag","embeddable":true,"href":"https:\/\/www.meydan.tv\/az\/wp-json\/wp\/v2\/tags?post=276593"}],"curies":[{"name":"wp","href":"https:\/\/api.w.org\/{rel}","templated":true}]}}