{"id":276582,"date":"2023-05-31T21:30:24","date_gmt":"2023-05-31T17:30:24","guid":{"rendered":"https:\/\/www.meydan.tv\/?p=276582"},"modified":"2023-05-31T21:33:58","modified_gmt":"2023-05-31T17:33:58","slug":"yagis-dolu-ekin-sahekerine-ziyan-vurub","status":"publish","type":"post","link":"https:\/\/www.meydan.tv\/az\/article\/yagis-dolu-ekin-sahekerine-ziyan-vurub\/","title":{"rendered":"Ya\u011f\u0131\u015f, dolu \u0259kin sah\u0259l\u0259rin\u0259 ziyan vurub"},"content":{"rendered":"\n<p><\/p>\n\n\n\n<p><strong><em>Fermerl\u0259r kompensasiya ala bilm\u0259dikl\u0259rini deyir<\/em><\/strong><\/p>\n\n\n\n<p>\u201c<em>\u00d6t\u0259n ay\u0131n sonunda arams\u0131z ya\u011fan ya\u011f\u0131\u015flar, dolu \u0259kin sah\u0259l\u0259rin\u0259 ziyan vurdu. Kartof sah\u0259l\u0259ri suyun alt\u0131nda qald\u0131. Amma d\u0259ymi\u015f z\u0259r\u0259r\u0259 g\u00f6r\u0259 kompensasiya ala bilm\u0259dik, dedil\u0259r ki, vaxt\u0131nda s\u0131\u011forta etdirm\u0259misiz\u201d.<\/em><\/p>\n\n\n\n<p>Bunu Meydan TV-y\u0259 c\u0259lilabadl\u0131 fermer&nbsp; Ramil C\u0259f\u0259rov deyib. Onun s\u00f6zl\u0259rin\u0259 g\u00f6r\u0259,&nbsp; C\u0259lilabadda \u0259ks\u0259r fermerl\u0259r fara\u015f kartof\u00e7uluqla dolan\u0131r. Y\u0131\u011flan m\u0259hsulun b\u00f6y\u00fck hiss\u0259si Rusiya bazarlar\u0131na g\u00f6nd\u0259rilir.<\/p>\n\n\n\n<p>Fermerl\u0259r deyir ki, G\u00f6yt\u0259p\u0259d\u0259 hektarlarla sah\u0259d\u0259 m\u0259hsuldarlq a\u015fa\u011f\u0131 d\u00fc\u015f\u00fcb:<\/p>\n\n\n\n<p>&nbsp;<em>\u201cK\u00fcl\u0259k, dolu da bir t\u0259r\u0259fd\u0259n sah\u0259l\u0259ri m\u0259hv etdi. Yaln\u0131z m\u0259nim sah\u0259l\u0259rim deyil, yax\u0131n qon\u015fular\u0131n, qohumlar\u0131n da kartof, \u00e7iy\u0259l\u0259k sah\u0259l\u0259rin\u0259 z\u0259r\u0259r d\u0259ydi, amma n\u0259 g\u0259lib baxan, n\u0259 d\u0259 maraqlanan oldu\u201d.<\/em><\/p>\n\n\n\n<p>Arams\u0131z ya\u011f\u0131\u015flar T\u0259rt\u0259r, A\u011fdam v\u0259 dig\u0259r rayonlarda t\u0259s\u0259rr\u00fcfatlara ciddi ziyan vurub. Goranboy rayonunun B\u00f6r\u00fc, D\u0259lim\u0259mm\u0259dli \u015f\u0259h\u0259ri, A\u015fa\u011f\u0131 A\u011fcak\u0259nd, Yuxar\u0131 A\u011fcak\u0259nd v\u0259 Qazanbulaq q\u0259s\u0259b\u0259l\u0259rind\u0259, Borsunlu, Y\u0259h\u0259r\u00e7i Qazaxlar, Sarov, Veyisli, Sarovlu v\u0259 Muzdurlar k\u0259ndl\u0259rind\u0259 mal-qaraya v\u0259 \u0259kin sah\u0259l\u0259rin\u0259 ziyan d\u0259yib.<\/p>\n\n\n\n<p>Fermer Cavad M\u0259mm\u0259dov deyib ki, onun tax\u0131l sah\u0259sin\u0259 z\u0259r\u0259r d\u0259yib, el\u0259c\u0259 d\u0259 h\u0259y\u0259tyani sah\u0259sind\u0259 \u0259kdiyi nar a\u011faclar\u0131 ziyan g\u00f6r\u00fcb, toyuq-c\u00fcc\u0259sini sel apar\u0131b. Rayon icra hakimiyy\u0259tinin komissiyas\u0131na m\u00fcrai\u0259t ets\u0259 d\u0259, kompensasiya ala bilm\u0259yib.<\/p>\n\n\n\n<p>C\u0259lilabad D\u00f6vl\u0259t Aqrar \u0130nki\u015faf M\u0259rk\u0259zind\u0259n Meydan TV-y\u0259 bildiribl\u0259r ki, yaln\u0131z s\u0131\u011forta olunmu\u015f t\u0259s\u0259rr\u00fcfatlara d\u0259ymi\u015f z\u0259r\u0259r qar\u015f\u0131lan\u0131r. Buna g\u00f6r\u0259 d\u0259 s\u0131\u011fortan\u0131n \u0259h\u0259miyy\u0259ti il\u0259 ba\u011fl\u0131 maarifl\u0259ndirm\u0259 i\u015fl\u0259ri apar\u0131l\u0131r, lakin yen\u0259 d\u0259 fermerl\u0259rin bu sah\u0259y\u0259 mara\u011f\u0131 yet\u0259rli deyil.<\/p>\n\n\n\n<p>M\u0259rk\u0259zd\u0259n hektarlarla kartof sah\u0259sin\u0259 z\u0259r\u0259r d\u0259ydiyini t\u0259sdiql\u0259yibl\u0259r.<\/p>\n\n\n\n<p>Goranboy Rayon \u0130cra Hakimiyy\u0259tind\u0259n is\u0259 m\u0259s\u0259l\u0259y\u0259 m\u00fcnasib\u0259t bildirilm\u0259yib.<\/p>\n\n\n\n<p>Eksperl\u0259r hesab edirl\u0259r ki, k\u0259nd t\u0259s\u0259rr\u00fcfat\u0131 riskli sah\u0259 oldu\u011fundan s\u0131\u011forta \u015f\u0259rtl\u0259ri fermerl\u0259ri qane etmir. B\u0259zi hallarda is\u0259 d\u0259ymi\u015f z\u0259r\u0259r tam \u00f6d\u0259nilmir.<\/p>\n","protected":false},"excerpt":{"rendered":"<p>Fermerl\u0259r kompensasiya ala bilm\u0259dikl\u0259rini deyir \u201c\u00d6t\u0259n ay\u0131n sonunda arams\u0131z ya\u011fan &#8230; <\/p>\n<p class=\"read-more-container\"><a title=\"Ya\u011f\u0131\u015f, dolu \u0259kin sah\u0259l\u0259rin\u0259 ziyan vurub\" class=\"read-more button\" href=\"https:\/\/www.meydan.tv\/az\/article\/yagis-dolu-ekin-sahekerine-ziyan-vurub\/#more-276582\" aria-label=\"Read more about Ya\u011f\u0131\u015f, dolu \u0259kin sah\u0259l\u0259rin\u0259 ziyan vurub\">Davam\u0131<\/a><\/p>\n","protected":false},"author":8,"featured_media":276585,"comment_status":"closed","ping_status":"closed","sticky":false,"template":"","format":"standard","meta":{"_acf_changed":false,"_sitemap_exclude":false,"_sitemap_priority":"","_sitemap_frequency":"","footnotes":""},"categories":[60,56],"tags":[],"class_list":["post-276582","post","type-post","status-publish","format-standard","has-post-thumbnail","hentry","category-bolge","category-xeberler","infinite-scroll-item","generate-columns","tablet-grid-50","mobile-grid-100","grid-parent","grid-33","no-featured-image-padding"],"acf":[],"yoast_head":"<!-- This site is optimized with the Yoast SEO plugin v27.5 - https:\/\/yoast.com\/product\/yoast-seo-wordpress\/ -->\n<title>Ya\u011f\u0131\u015f, dolu \u0259kin sah\u0259l\u0259rin\u0259 ziyan vurub - MEYDAN.TV<\/title>\n<meta name=\"robots\" content=\"index, follow, max-snippet:-1, max-image-preview:large, max-video-preview:-1\" \/>\n<link rel=\"canonical\" href=\"https:\/\/www.meydan.tv\/az\/article\/yagis-dolu-ekin-sahekerine-ziyan-vurub\/\" \/>\n<meta property=\"og:locale\" content=\"az_AZ\" \/>\n<meta property=\"og:type\" content=\"article\" \/>\n<meta property=\"og:title\" content=\"Ya\u011f\u0131\u015f, dolu \u0259kin sah\u0259l\u0259rin\u0259 ziyan vurub - MEYDAN.TV\" \/>\n<meta property=\"og:description\" content=\"Fermerl\u0259r kompensasiya ala bilm\u0259dikl\u0259rini deyir \u201c\u00d6t\u0259n ay\u0131n sonunda arams\u0131z ya\u011fan ... Davam\u0131\" \/>\n<meta property=\"og:url\" content=\"https:\/\/www.meydan.tv\/az\/article\/yagis-dolu-ekin-sahekerine-ziyan-vurub\/\" \/>\n<meta property=\"og:site_name\" content=\"MEYDAN.TV\" \/>\n<meta property=\"article:published_time\" content=\"2023-05-31T17:30:24+00:00\" \/>\n<meta property=\"article:modified_time\" content=\"2023-05-31T17:33:58+00:00\" \/>\n<meta property=\"og:image\" content=\"https:\/\/www.meydan.tv\/wp-content\/uploads\/437996685_0_0_1439_1079_1920x0_80_0_0_53f377472b7c6e34693495938b3212aa.jpg\" \/>\n\t<meta property=\"og:image:width\" content=\"1200\" \/>\n\t<meta property=\"og:image:height\" content=\"899\" \/>\n\t<meta property=\"og:image:type\" content=\"image\/jpeg\" \/>\n<meta name=\"author\" content=\"elli\" \/>\n<meta name=\"twitter:card\" content=\"summary_large_image\" \/>\n<meta name=\"twitter:creator\" content=\"@elli\" \/>\n<script type=\"application\/ld+json\" class=\"yoast-schema-graph\">{\"@context\":\"https:\\\/\\\/schema.org\",\"@graph\":[{\"@type\":\"Article\",\"@id\":\"https:\\\/\\\/www.meydan.tv\\\/az\\\/article\\\/yagis-dolu-ekin-sahekerine-ziyan-vurub\\\/#article\",\"isPartOf\":{\"@id\":\"https:\\\/\\\/www.meydan.tv\\\/az\\\/article\\\/yagis-dolu-ekin-sahekerine-ziyan-vurub\\\/\"},\"author\":{\"name\":\"elli\",\"@id\":\"https:\\\/\\\/www.meydan.tv\\\/az\\\/#\\\/schema\\\/person\\\/9cdbecf90d17180ce1dfbd95b08dcf47\"},\"headline\":\"Ya\u011f\u0131\u015f, dolu \u0259kin sah\u0259l\u0259rin\u0259 ziyan vurub\",\"datePublished\":\"2023-05-31T17:30:24+00:00\",\"dateModified\":\"2023-05-31T17:33:58+00:00\",\"mainEntityOfPage\":{\"@id\":\"https:\\\/\\\/www.meydan.tv\\\/az\\\/article\\\/yagis-dolu-ekin-sahekerine-ziyan-vurub\\\/\"},\"wordCount\":438,\"publisher\":{\"@id\":\"https:\\\/\\\/www.meydan.tv\\\/az\\\/#organization\"},\"image\":{\"@id\":\"https:\\\/\\\/www.meydan.tv\\\/az\\\/article\\\/yagis-dolu-ekin-sahekerine-ziyan-vurub\\\/#primaryimage\"},\"thumbnailUrl\":\"https:\\\/\\\/www.meydan.tv\\\/wp-content\\\/uploads\\\/437996685_0_0_1439_1079_1920x0_80_0_0_53f377472b7c6e34693495938b3212aa.jpg\",\"articleSection\":[\"B\u00f6lg\u0259\",\"X\u0259b\u0259rl\u0259r\"],\"inLanguage\":\"az\"},{\"@type\":\"WebPage\",\"@id\":\"https:\\\/\\\/www.meydan.tv\\\/az\\\/article\\\/yagis-dolu-ekin-sahekerine-ziyan-vurub\\\/\",\"url\":\"https:\\\/\\\/www.meydan.tv\\\/az\\\/article\\\/yagis-dolu-ekin-sahekerine-ziyan-vurub\\\/\",\"name\":\"Ya\u011f\u0131\u015f, dolu \u0259kin sah\u0259l\u0259rin\u0259 ziyan vurub - MEYDAN.TV\",\"isPartOf\":{\"@id\":\"https:\\\/\\\/www.meydan.tv\\\/az\\\/#website\"},\"primaryImageOfPage\":{\"@id\":\"https:\\\/\\\/www.meydan.tv\\\/az\\\/article\\\/yagis-dolu-ekin-sahekerine-ziyan-vurub\\\/#primaryimage\"},\"image\":{\"@id\":\"https:\\\/\\\/www.meydan.tv\\\/az\\\/article\\\/yagis-dolu-ekin-sahekerine-ziyan-vurub\\\/#primaryimage\"},\"thumbnailUrl\":\"https:\\\/\\\/www.meydan.tv\\\/wp-content\\\/uploads\\\/437996685_0_0_1439_1079_1920x0_80_0_0_53f377472b7c6e34693495938b3212aa.jpg\",\"datePublished\":\"2023-05-31T17:30:24+00:00\",\"dateModified\":\"2023-05-31T17:33:58+00:00\",\"breadcrumb\":{\"@id\":\"https:\\\/\\\/www.meydan.tv\\\/az\\\/article\\\/yagis-dolu-ekin-sahekerine-ziyan-vurub\\\/#breadcrumb\"},\"inLanguage\":\"az\",\"potentialAction\":[{\"@type\":\"ReadAction\",\"target\":[\"https:\\\/\\\/www.meydan.tv\\\/az\\\/article\\\/yagis-dolu-ekin-sahekerine-ziyan-vurub\\\/\"]}]},{\"@type\":\"ImageObject\",\"inLanguage\":\"az\",\"@id\":\"https:\\\/\\\/www.meydan.tv\\\/az\\\/article\\\/yagis-dolu-ekin-sahekerine-ziyan-vurub\\\/#primaryimage\",\"url\":\"https:\\\/\\\/www.meydan.tv\\\/wp-content\\\/uploads\\\/437996685_0_0_1439_1079_1920x0_80_0_0_53f377472b7c6e34693495938b3212aa.jpg\",\"contentUrl\":\"https:\\\/\\\/www.meydan.tv\\\/wp-content\\\/uploads\\\/437996685_0_0_1439_1079_1920x0_80_0_0_53f377472b7c6e34693495938b3212aa.jpg\",\"width\":1200,\"height\":899,\"caption\":\"\u018fkin sah\u0259si.Foto: arxiv\"},{\"@type\":\"BreadcrumbList\",\"@id\":\"https:\\\/\\\/www.meydan.tv\\\/az\\\/article\\\/yagis-dolu-ekin-sahekerine-ziyan-vurub\\\/#breadcrumb\",\"itemListElement\":[{\"@type\":\"ListItem\",\"position\":1,\"name\":\"Ana s\u0259hif\u0259\",\"item\":\"https:\\\/\\\/www.meydan.tv\\\/az\\\/\"},{\"@type\":\"ListItem\",\"position\":2,\"name\":\"B\u00f6lg\u0259\",\"item\":\"https:\\\/\\\/www.meydan.tv\\\/az\\\/section\\\/bolge\\\/\"},{\"@type\":\"ListItem\",\"position\":3,\"name\":\"Ya\u011f\u0131\u015f, dolu \u0259kin sah\u0259l\u0259rin\u0259 ziyan vurub\"}]},{\"@type\":\"WebSite\",\"@id\":\"https:\\\/\\\/www.meydan.tv\\\/az\\\/#website\",\"url\":\"https:\\\/\\\/www.meydan.tv\\\/az\\\/\",\"name\":\"MEYDAN.TV\",\"description\":\"Meydan TV Az\u0259rbaycan\u0131n media m\u0259kan\u0131ndak\u0131 alternativ s\u0259sidir\",\"publisher\":{\"@id\":\"https:\\\/\\\/www.meydan.tv\\\/az\\\/#organization\"},\"potentialAction\":[{\"@type\":\"SearchAction\",\"target\":{\"@type\":\"EntryPoint\",\"urlTemplate\":\"https:\\\/\\\/www.meydan.tv\\\/az\\\/?s={search_term_string}\"},\"query-input\":{\"@type\":\"PropertyValueSpecification\",\"valueRequired\":true,\"valueName\":\"search_term_string\"}}],\"inLanguage\":\"az\"},{\"@type\":\"Organization\",\"@id\":\"https:\\\/\\\/www.meydan.tv\\\/az\\\/#organization\",\"name\":\"Meydan TV\",\"url\":\"https:\\\/\\\/www.meydan.tv\\\/az\\\/\",\"logo\":{\"@type\":\"ImageObject\",\"inLanguage\":\"az\",\"@id\":\"https:\\\/\\\/www.meydan.tv\\\/az\\\/#\\\/schema\\\/logo\\\/image\\\/\",\"url\":\"https:\\\/\\\/www.meydan.tv\\\/wp-content\\\/uploads\\\/2021\\\/07\\\/meydan-logo.svg\",\"contentUrl\":\"https:\\\/\\\/www.meydan.tv\\\/wp-content\\\/uploads\\\/2021\\\/07\\\/meydan-logo.svg\",\"width\":195,\"height\":46,\"caption\":\"Meydan TV\"},\"image\":{\"@id\":\"https:\\\/\\\/www.meydan.tv\\\/az\\\/#\\\/schema\\\/logo\\\/image\\\/\"}},{\"@type\":\"Person\",\"@id\":\"https:\\\/\\\/www.meydan.tv\\\/az\\\/#\\\/schema\\\/person\\\/9cdbecf90d17180ce1dfbd95b08dcf47\",\"name\":\"elli\",\"sameAs\":[\"https:\\\/\\\/x.com\\\/elli\"]}]}<\/script>\n<!-- \/ Yoast SEO plugin. -->","yoast_head_json":{"title":"Ya\u011f\u0131\u015f, dolu \u0259kin sah\u0259l\u0259rin\u0259 ziyan vurub - MEYDAN.TV","robots":{"index":"index","follow":"follow","max-snippet":"max-snippet:-1","max-image-preview":"max-image-preview:large","max-video-preview":"max-video-preview:-1"},"canonical":"https:\/\/www.meydan.tv\/az\/article\/yagis-dolu-ekin-sahekerine-ziyan-vurub\/","og_locale":"az_AZ","og_type":"article","og_title":"Ya\u011f\u0131\u015f, dolu \u0259kin sah\u0259l\u0259rin\u0259 ziyan vurub - MEYDAN.TV","og_description":"Fermerl\u0259r kompensasiya ala bilm\u0259dikl\u0259rini deyir \u201c\u00d6t\u0259n ay\u0131n sonunda arams\u0131z ya\u011fan ... Davam\u0131","og_url":"https:\/\/www.meydan.tv\/az\/article\/yagis-dolu-ekin-sahekerine-ziyan-vurub\/","og_site_name":"MEYDAN.TV","article_published_time":"2023-05-31T17:30:24+00:00","article_modified_time":"2023-05-31T17:33:58+00:00","og_image":[{"width":1200,"height":899,"url":"https:\/\/www.meydan.tv\/wp-content\/uploads\/437996685_0_0_1439_1079_1920x0_80_0_0_53f377472b7c6e34693495938b3212aa.jpg","type":"image\/jpeg"}],"author":"elli","twitter_card":"summary_large_image","twitter_creator":"@elli","schema":{"@context":"https:\/\/schema.org","@graph":[{"@type":"Article","@id":"https:\/\/www.meydan.tv\/az\/article\/yagis-dolu-ekin-sahekerine-ziyan-vurub\/#article","isPartOf":{"@id":"https:\/\/www.meydan.tv\/az\/article\/yagis-dolu-ekin-sahekerine-ziyan-vurub\/"},"author":{"name":"elli","@id":"https:\/\/www.meydan.tv\/az\/#\/schema\/person\/9cdbecf90d17180ce1dfbd95b08dcf47"},"headline":"Ya\u011f\u0131\u015f, dolu \u0259kin sah\u0259l\u0259rin\u0259 ziyan vurub","datePublished":"2023-05-31T17:30:24+00:00","dateModified":"2023-05-31T17:33:58+00:00","mainEntityOfPage":{"@id":"https:\/\/www.meydan.tv\/az\/article\/yagis-dolu-ekin-sahekerine-ziyan-vurub\/"},"wordCount":438,"publisher":{"@id":"https:\/\/www.meydan.tv\/az\/#organization"},"image":{"@id":"https:\/\/www.meydan.tv\/az\/article\/yagis-dolu-ekin-sahekerine-ziyan-vurub\/#primaryimage"},"thumbnailUrl":"https:\/\/www.meydan.tv\/wp-content\/uploads\/437996685_0_0_1439_1079_1920x0_80_0_0_53f377472b7c6e34693495938b3212aa.jpg","articleSection":["B\u00f6lg\u0259","X\u0259b\u0259rl\u0259r"],"inLanguage":"az"},{"@type":"WebPage","@id":"https:\/\/www.meydan.tv\/az\/article\/yagis-dolu-ekin-sahekerine-ziyan-vurub\/","url":"https:\/\/www.meydan.tv\/az\/article\/yagis-dolu-ekin-sahekerine-ziyan-vurub\/","name":"Ya\u011f\u0131\u015f, dolu \u0259kin sah\u0259l\u0259rin\u0259 ziyan vurub - MEYDAN.TV","isPartOf":{"@id":"https:\/\/www.meydan.tv\/az\/#website"},"primaryImageOfPage":{"@id":"https:\/\/www.meydan.tv\/az\/article\/yagis-dolu-ekin-sahekerine-ziyan-vurub\/#primaryimage"},"image":{"@id":"https:\/\/www.meydan.tv\/az\/article\/yagis-dolu-ekin-sahekerine-ziyan-vurub\/#primaryimage"},"thumbnailUrl":"https:\/\/www.meydan.tv\/wp-content\/uploads\/437996685_0_0_1439_1079_1920x0_80_0_0_53f377472b7c6e34693495938b3212aa.jpg","datePublished":"2023-05-31T17:30:24+00:00","dateModified":"2023-05-31T17:33:58+00:00","breadcrumb":{"@id":"https:\/\/www.meydan.tv\/az\/article\/yagis-dolu-ekin-sahekerine-ziyan-vurub\/#breadcrumb"},"inLanguage":"az","potentialAction":[{"@type":"ReadAction","target":["https:\/\/www.meydan.tv\/az\/article\/yagis-dolu-ekin-sahekerine-ziyan-vurub\/"]}]},{"@type":"ImageObject","inLanguage":"az","@id":"https:\/\/www.meydan.tv\/az\/article\/yagis-dolu-ekin-sahekerine-ziyan-vurub\/#primaryimage","url":"https:\/\/www.meydan.tv\/wp-content\/uploads\/437996685_0_0_1439_1079_1920x0_80_0_0_53f377472b7c6e34693495938b3212aa.jpg","contentUrl":"https:\/\/www.meydan.tv\/wp-content\/uploads\/437996685_0_0_1439_1079_1920x0_80_0_0_53f377472b7c6e34693495938b3212aa.jpg","width":1200,"height":899,"caption":"\u018fkin sah\u0259si.Foto: arxiv"},{"@type":"BreadcrumbList","@id":"https:\/\/www.meydan.tv\/az\/article\/yagis-dolu-ekin-sahekerine-ziyan-vurub\/#breadcrumb","itemListElement":[{"@type":"ListItem","position":1,"name":"Ana s\u0259hif\u0259","item":"https:\/\/www.meydan.tv\/az\/"},{"@type":"ListItem","position":2,"name":"B\u00f6lg\u0259","item":"https:\/\/www.meydan.tv\/az\/section\/bolge\/"},{"@type":"ListItem","position":3,"name":"Ya\u011f\u0131\u015f, dolu \u0259kin sah\u0259l\u0259rin\u0259 ziyan vurub"}]},{"@type":"WebSite","@id":"https:\/\/www.meydan.tv\/az\/#website","url":"https:\/\/www.meydan.tv\/az\/","name":"MEYDAN.TV","description":"Meydan TV Az\u0259rbaycan\u0131n media m\u0259kan\u0131ndak\u0131 alternativ s\u0259sidir","publisher":{"@id":"https:\/\/www.meydan.tv\/az\/#organization"},"potentialAction":[{"@type":"SearchAction","target":{"@type":"EntryPoint","urlTemplate":"https:\/\/www.meydan.tv\/az\/?s={search_term_string}"},"query-input":{"@type":"PropertyValueSpecification","valueRequired":true,"valueName":"search_term_string"}}],"inLanguage":"az"},{"@type":"Organization","@id":"https:\/\/www.meydan.tv\/az\/#organization","name":"Meydan TV","url":"https:\/\/www.meydan.tv\/az\/","logo":{"@type":"ImageObject","inLanguage":"az","@id":"https:\/\/www.meydan.tv\/az\/#\/schema\/logo\/image\/","url":"https:\/\/www.meydan.tv\/wp-content\/uploads\/2021\/07\/meydan-logo.svg","contentUrl":"https:\/\/www.meydan.tv\/wp-content\/uploads\/2021\/07\/meydan-logo.svg","width":195,"height":46,"caption":"Meydan TV"},"image":{"@id":"https:\/\/www.meydan.tv\/az\/#\/schema\/logo\/image\/"}},{"@type":"Person","@id":"https:\/\/www.meydan.tv\/az\/#\/schema\/person\/9cdbecf90d17180ce1dfbd95b08dcf47","name":"elli","sameAs":["https:\/\/x.com\/elli"]}]}},"_links":{"self":[{"href":"https:\/\/www.meydan.tv\/az\/wp-json\/wp\/v2\/posts\/276582","targetHints":{"allow":["GET"]}}],"collection":[{"href":"https:\/\/www.meydan.tv\/az\/wp-json\/wp\/v2\/posts"}],"about":[{"href":"https:\/\/www.meydan.tv\/az\/wp-json\/wp\/v2\/types\/post"}],"author":[{"embeddable":true,"href":"https:\/\/www.meydan.tv\/az\/wp-json\/wp\/v2\/users\/8"}],"replies":[{"embeddable":true,"href":"https:\/\/www.meydan.tv\/az\/wp-json\/wp\/v2\/comments?post=276582"}],"version-history":[{"count":3,"href":"https:\/\/www.meydan.tv\/az\/wp-json\/wp\/v2\/posts\/276582\/revisions"}],"predecessor-version":[{"id":276588,"href":"https:\/\/www.meydan.tv\/az\/wp-json\/wp\/v2\/posts\/276582\/revisions\/276588"}],"wp:featuredmedia":[{"embeddable":true,"href":"https:\/\/www.meydan.tv\/az\/wp-json\/wp\/v2\/media\/276585"}],"wp:attachment":[{"href":"https:\/\/www.meydan.tv\/az\/wp-json\/wp\/v2\/media?parent=276582"}],"wp:term":[{"taxonomy":"category","embeddable":true,"href":"https:\/\/www.meydan.tv\/az\/wp-json\/wp\/v2\/categories?post=276582"},{"taxonomy":"post_tag","embeddable":true,"href":"https:\/\/www.meydan.tv\/az\/wp-json\/wp\/v2\/tags?post=276582"}],"curies":[{"name":"wp","href":"https:\/\/api.w.org\/{rel}","templated":true}]}}