{"id":276484,"date":"2023-05-30T21:20:57","date_gmt":"2023-05-30T17:20:57","guid":{"rendered":"https:\/\/www.meydan.tv\/?p=276484"},"modified":"2023-05-30T21:21:04","modified_gmt":"2023-05-30T17:21:04","slug":"merve-dizdar-kanndaki-cixisina-gore-tenqid-olundu","status":"publish","type":"post","link":"https:\/\/www.meydan.tv\/az\/article\/merve-dizdar-kanndaki-cixisina-gore-tenqid-olundu\/","title":{"rendered":"Merve Dizdar Kanndak\u0131 \u00e7\u0131x\u0131\u015f\u0131na g\u00f6r\u0259 t\u0259nqid olundu"},"content":{"rendered":"\n<p><\/p>\n\n\n\n<p><strong><em>\u201cMerve Fransan\u0131n ill\u0259rl\u0259 i\u015f\u011falda saxlad\u0131\u011f\u0131 \u018flc\u0259zair haqq\u0131nda da eyni \u015feyl\u0259ri d\u00fc\u015f\u00fcn\u00fcrm\u00fc?\u201d<\/em><\/strong><\/p>\n\n\n\n<p>T\u00fcrkiy\u0259li aktyor Tamer Karada\u011fl\u0131 h\u0259mkar\u0131 Merve Dizdar\u0131 Kann Film Festival\u0131ndak\u0131 \u00e7\u0131x\u0131\u015f\u0131na g\u00f6r\u0259 t\u0259nqid edib.<\/p>\n\n\n\n<p>Karada\u011fl\u0131 bu haqda \u201c\u0130nstagram\u201d s\u0259hif\u0259sind\u0259 <a href=\"https:\/\/www.instagram.com\/p\/Cs1AzIrMACh\/\" target=\"_blank\" rel=\"noreferrer noopener\">yaz\u0131b:<\/a><\/p>\n\n\n\n<p><em>\u201cMerve Dizdar\u0131 ald\u0131\u011f\u0131 m\u00fckafata g\u00f6r\u0259 \u00fcr\u0259kd\u0259n t\u0259brik edir\u0259m. \u00c7ox b\u00f6y\u00fck u\u011furdur. H\u0259m h\u0259mkar\u0131, h\u0259m d\u0259 t\u00fcrk v\u0259t\u0259nda\u015f\u0131 olaraq q\u00fcrur hissi ke\u00e7irdim. Amma \u00e7\u0131x\u0131\u015f\u0131 il\u0259 ba\u011fl\u0131 eyni fikirl\u0259ri s\u00f6yl\u0259y\u0259 bilm\u0259y\u0259c\u0259y\u0259m\u201d.<\/em><\/p>\n\n\n\n<p><em>\u201cG\u00f6r\u0259s\u0259n, Merve Fransan\u0131n ill\u0259rl\u0259 i\u015f\u011falda saxlad\u0131\u011f\u0131 \u018flc\u0259zair haqq\u0131nda da eyni \u015feyl\u0259ri d\u00fc\u015f\u00fcn\u00fcrm\u00fc? S\u00f6yl\u0259dikl\u0259ri \u0259lcazairli q\u0131zlar \u00fc\u00e7\u00fcn d\u0259 ke\u00e7\u0259rlidirmi? \u00c7\u00fcnki m\u00fckafat\u0131 Fransada al\u0131b. Yaxud da dedikl\u0259ri u\u015faqlar\u0131 zorla da\u011flara (PKK terror t\u0259\u015fkilat\u0131 t\u0259r\u0259find\u0259n-red) qa\u00e7\u0131r\u0131lan diyarb\u0259kirli analar \u00fc\u00e7\u00fcn d\u0259 ke\u00e7\u0259rlidirmi? Bel\u0259 bir m\u00fckafata onu bu \u00f6lk\u0259nin m\u0259kt\u0259bl\u0259ri, televiziya kanallar\u0131 apar\u0131b \u00e7\u0131xar\u0131b. \u018fn m\u0259\u015fhur i\u015fi d\u0259 TRT-d\u0259 yay\u0131mlanan seriald\u0131r (\u201cMasumlar apartman\u0131\u201d serial\u0131 -red). Ona m\u0259\u015fhurluq g\u0259tir\u0259n i\u015fini d\u00f6vl\u0259tin kanal\u0131nda canland\u0131r\u0131b, milyonlar\u0131n sevgisini v\u0259 pul qazan\u0131b. Xaricd\u0259 \u00f6n\u0259mli m\u00fckafat al\u0131b, ilk f\u00fcrs\u0259td\u0259 \u00f6lk\u0259sind\u0259n \u015fikay\u0259t etm\u0259si, m\u0259nc\u0259, do\u011fru deyil\u201d, &#8211;<\/em> dey\u0259 o bildirib.<\/p>\n\n\n<div class=\"wp-block-image\">\n<figure class=\"aligncenter size-full\"><img decoding=\"async\" width=\"1200\" height=\"800\" data-src=\"https:\/\/www.meydan.tv\/wp-content\/uploads\/untitled-design-4-74.jpg\" alt=\"\" class=\"wp-image-276486 lazyload\" src=\"data:image\/svg+xml;base64,PHN2ZyB3aWR0aD0iMSIgaGVpZ2h0PSIxIiB4bWxucz0iaHR0cDovL3d3dy53My5vcmcvMjAwMC9zdmciPjwvc3ZnPg==\" style=\"--smush-placeholder-width: 1200px; --smush-placeholder-aspect-ratio: 1200\/800;\" \/><figcaption class=\"wp-element-caption\">Tamer Karada\u011fl\u0131. Foto: instagram<\/figcaption><\/figure>\n<\/div>\n\n\n<p>May\u0131n 16-dan 27-d\u0259k Fransada Kann Film Festival\u0131 ke\u00e7irilib.<\/p>\n\n\n\n<p>T\u00fcrkiy\u0259li aktrisa Merve Dizdar Kann Film Festival\u0131nda rejissor Nuri Bilge Ceylan\u0131n \u201cQuru otlar \u00fcst\u00fcn\u0259\u201d filmind\u0259ki obraz\u0131na g\u00f6r\u0259 \u201c\u018fn yax\u015f\u0131 aktrisa\u201d nominasiyas\u0131na layiq g\u00f6r\u00fcl\u00fcb.<\/p>\n\n\n\n<p>Aktrisa \u00e7\u0131x\u0131\u015f\u0131 zaman\u0131 filmd\u0259ki Nuray m\u00fc\u0259llim obraz\u0131n\u0131 canland\u0131rmaqda \u00e7ox da \u00e7\u0259tinlik \u00e7\u0259km\u0259diyini s\u00f6yl\u0259yib:<\/p>\n\n\n\n<p>\u201c<em>\u00c7\u00fcnki ya\u015fad\u0131\u011f\u0131m co\u011frafiyada qad\u0131n olmaq, m\u0259n\u0259 Nuraylar\u0131n duy\u011fusunu do\u011fuldu\u011fum g\u00fcnd\u0259n \u0259zb\u0259r bilm\u0259yi \u00f6yr\u0259dib. O, inand\u0131\u011f\u0131 \u015feyl\u0259r \u00fc\u00e7\u00fcn m\u00fcbariz\u0259 aparan v\u0259 bunun \u00fc\u00e7\u00fcn a\u011f\u0131r s\u0131naqlardan ke\u00e7m\u0259y\u0259 m\u0259cbur olan qad\u0131nd\u0131r. Bu m\u00fckafat\u0131 Nuray v\u0259 onun kimi qad\u0131nlar\u0131n m\u00fcbariz\u0259sin\u0259 g\u00fcc verm\u0259k, \u00f6z\u00fcn\u0259 layiq g\u00f6r\u00fcl\u0259nl\u0259r\u0259 boyun \u0259ym\u0259y\u0259n, bunun \u00fc\u00e7\u00fcn m\u00fcbariz\u0259 aparan v\u0259 \u00fcmidini itirm\u0259y\u0259n b\u00fct\u00fcn qad\u0131nlara v\u0259 T\u00fcrkiy\u0259d\u0259 g\u00f6z\u0259l g\u00fcnl\u0259ri ya\u015fama\u011f\u0131 g\u00f6zl\u0259y\u0259n m\u00fcbariz\u0259 aparan ruhlara h\u0259diyy\u0259 edir\u0259m\u201d.<\/em><\/p>\n\n\n\n<p>\u201cQuru otlar \u00fcst\u00fcn\u0259\u201d filminin rejissoru Nuri Bilge Ceylan, ssenaristl\u0259ri Ebru Ceylan v\u0259 Ak\u0131n Aksudur.<\/p>\n\n\n\n<p>Filmin yarad\u0131c\u0131 hey\u0259ti festivalda d\u0259qiq\u0259l\u0259rl\u0259 ayaq \u00fcst\u00fcnd\u0259 alq\u0131\u015flan\u0131b.<\/p>\n\n\n\n<p>T\u00fcrk dram filmi 2023-c\u00fc il istehsal\u0131d\u0131r.<\/p>\n\n\n\n<p>Filmd\u0259 ba\u015f rollar\u0131 Deniz Celilo\u011flu, Merve Dizdar v\u0259 Musab Ekici canland\u0131r\u0131b.<\/p>\n\n\n\n<p>Ekran i\u015find\u0259 \u015e\u0259rqi Anadolunun ucqar k\u0259ndind\u0259 i\u015fl\u0259y\u0259n v\u0259 \u0130stanbula t\u0259yinat alma\u011f\u0131 \u00fcmid ed\u0259n r\u0259sm m\u00fc\u0259llimi (Deniz Celilo\u011flu) \u015fagirdin\u0259 sata\u015fmaqda ittiham olunur.<\/p>\n","protected":false},"excerpt":{"rendered":"<p>\u201cMerve Fransan\u0131n ill\u0259rl\u0259 i\u015f\u011falda saxlad\u0131\u011f\u0131 \u018flc\u0259zair haqq\u0131nda da eyni \u015feyl\u0259ri &#8230; <\/p>\n<p class=\"read-more-container\"><a title=\"Merve Dizdar Kanndak\u0131 \u00e7\u0131x\u0131\u015f\u0131na g\u00f6r\u0259 t\u0259nqid olundu\" class=\"read-more button\" href=\"https:\/\/www.meydan.tv\/az\/article\/merve-dizdar-kanndaki-cixisina-gore-tenqid-olundu\/#more-276484\" aria-label=\"Read more about Merve Dizdar Kanndak\u0131 \u00e7\u0131x\u0131\u015f\u0131na g\u00f6r\u0259 t\u0259nqid olundu\">Davam\u0131<\/a><\/p>\n","protected":false},"author":8,"featured_media":276275,"comment_status":"closed","ping_status":"closed","sticky":false,"template":"","format":"standard","meta":{"_acf_changed":false,"_sitemap_exclude":false,"_sitemap_priority":"","_sitemap_frequency":"","footnotes":""},"categories":[52,56],"tags":[],"class_list":["post-276484","post","type-post","status-publish","format-standard","has-post-thumbnail","hentry","category-medeniyyet","category-xeberler","infinite-scroll-item","generate-columns","tablet-grid-50","mobile-grid-100","grid-parent","grid-33","no-featured-image-padding"],"acf":[],"yoast_head":"<!-- This site is optimized with the Yoast SEO plugin v27.4 - https:\/\/yoast.com\/product\/yoast-seo-wordpress\/ -->\n<title>Merve Dizdar Kanndak\u0131 \u00e7\u0131x\u0131\u015f\u0131na g\u00f6r\u0259 t\u0259nqid olundu - MEYDAN.TV<\/title>\n<meta name=\"robots\" content=\"index, follow, max-snippet:-1, max-image-preview:large, max-video-preview:-1\" \/>\n<link rel=\"canonical\" href=\"https:\/\/www.meydan.tv\/az\/article\/merve-dizdar-kanndaki-cixisina-gore-tenqid-olundu\/\" \/>\n<meta property=\"og:locale\" content=\"az_AZ\" \/>\n<meta property=\"og:type\" content=\"article\" \/>\n<meta property=\"og:title\" content=\"Merve Dizdar Kanndak\u0131 \u00e7\u0131x\u0131\u015f\u0131na g\u00f6r\u0259 t\u0259nqid olundu - MEYDAN.TV\" \/>\n<meta property=\"og:description\" content=\"\u201cMerve Fransan\u0131n ill\u0259rl\u0259 i\u015f\u011falda saxlad\u0131\u011f\u0131 \u018flc\u0259zair haqq\u0131nda da eyni \u015feyl\u0259ri ... Davam\u0131\" \/>\n<meta property=\"og:url\" content=\"https:\/\/www.meydan.tv\/az\/article\/merve-dizdar-kanndaki-cixisina-gore-tenqid-olundu\/\" \/>\n<meta property=\"og:site_name\" content=\"MEYDAN.TV\" \/>\n<meta property=\"article:published_time\" content=\"2023-05-30T17:20:57+00:00\" \/>\n<meta property=\"article:modified_time\" content=\"2023-05-30T17:21:04+00:00\" \/>\n<meta property=\"og:image\" content=\"https:\/\/www.meydan.tv\/wp-content\/uploads\/untitled-design-134-e1685457164283.jpg\" \/>\n\t<meta property=\"og:image:width\" content=\"1200\" \/>\n\t<meta property=\"og:image:height\" content=\"513\" \/>\n\t<meta property=\"og:image:type\" content=\"image\/jpeg\" \/>\n<meta name=\"author\" content=\"elli\" \/>\n<meta name=\"twitter:card\" content=\"summary_large_image\" \/>\n<meta name=\"twitter:creator\" content=\"@elli\" \/>\n<script type=\"application\/ld+json\" class=\"yoast-schema-graph\">{\"@context\":\"https:\\\/\\\/schema.org\",\"@graph\":[{\"@type\":\"Article\",\"@id\":\"https:\\\/\\\/www.meydan.tv\\\/az\\\/article\\\/merve-dizdar-kanndaki-cixisina-gore-tenqid-olundu\\\/#article\",\"isPartOf\":{\"@id\":\"https:\\\/\\\/www.meydan.tv\\\/az\\\/article\\\/merve-dizdar-kanndaki-cixisina-gore-tenqid-olundu\\\/\"},\"author\":{\"name\":\"elli\",\"@id\":\"https:\\\/\\\/www.meydan.tv\\\/az\\\/#\\\/schema\\\/person\\\/9cdbecf90d17180ce1dfbd95b08dcf47\"},\"headline\":\"Merve Dizdar Kanndak\u0131 \u00e7\u0131x\u0131\u015f\u0131na g\u00f6r\u0259 t\u0259nqid olundu\",\"datePublished\":\"2023-05-30T17:20:57+00:00\",\"dateModified\":\"2023-05-30T17:21:04+00:00\",\"mainEntityOfPage\":{\"@id\":\"https:\\\/\\\/www.meydan.tv\\\/az\\\/article\\\/merve-dizdar-kanndaki-cixisina-gore-tenqid-olundu\\\/\"},\"wordCount\":543,\"publisher\":{\"@id\":\"https:\\\/\\\/www.meydan.tv\\\/az\\\/#organization\"},\"image\":{\"@id\":\"https:\\\/\\\/www.meydan.tv\\\/az\\\/article\\\/merve-dizdar-kanndaki-cixisina-gore-tenqid-olundu\\\/#primaryimage\"},\"thumbnailUrl\":\"https:\\\/\\\/www.meydan.tv\\\/wp-content\\\/uploads\\\/untitled-design-134-e1685457164283.jpg\",\"articleSection\":[\"M\u0259d\u0259niyy\u0259t\",\"X\u0259b\u0259rl\u0259r\"],\"inLanguage\":\"az\"},{\"@type\":\"WebPage\",\"@id\":\"https:\\\/\\\/www.meydan.tv\\\/az\\\/article\\\/merve-dizdar-kanndaki-cixisina-gore-tenqid-olundu\\\/\",\"url\":\"https:\\\/\\\/www.meydan.tv\\\/az\\\/article\\\/merve-dizdar-kanndaki-cixisina-gore-tenqid-olundu\\\/\",\"name\":\"Merve Dizdar Kanndak\u0131 \u00e7\u0131x\u0131\u015f\u0131na g\u00f6r\u0259 t\u0259nqid olundu - MEYDAN.TV\",\"isPartOf\":{\"@id\":\"https:\\\/\\\/www.meydan.tv\\\/az\\\/#website\"},\"primaryImageOfPage\":{\"@id\":\"https:\\\/\\\/www.meydan.tv\\\/az\\\/article\\\/merve-dizdar-kanndaki-cixisina-gore-tenqid-olundu\\\/#primaryimage\"},\"image\":{\"@id\":\"https:\\\/\\\/www.meydan.tv\\\/az\\\/article\\\/merve-dizdar-kanndaki-cixisina-gore-tenqid-olundu\\\/#primaryimage\"},\"thumbnailUrl\":\"https:\\\/\\\/www.meydan.tv\\\/wp-content\\\/uploads\\\/untitled-design-134-e1685457164283.jpg\",\"datePublished\":\"2023-05-30T17:20:57+00:00\",\"dateModified\":\"2023-05-30T17:21:04+00:00\",\"breadcrumb\":{\"@id\":\"https:\\\/\\\/www.meydan.tv\\\/az\\\/article\\\/merve-dizdar-kanndaki-cixisina-gore-tenqid-olundu\\\/#breadcrumb\"},\"inLanguage\":\"az\",\"potentialAction\":[{\"@type\":\"ReadAction\",\"target\":[\"https:\\\/\\\/www.meydan.tv\\\/az\\\/article\\\/merve-dizdar-kanndaki-cixisina-gore-tenqid-olundu\\\/\"]}]},{\"@type\":\"ImageObject\",\"inLanguage\":\"az\",\"@id\":\"https:\\\/\\\/www.meydan.tv\\\/az\\\/article\\\/merve-dizdar-kanndaki-cixisina-gore-tenqid-olundu\\\/#primaryimage\",\"url\":\"https:\\\/\\\/www.meydan.tv\\\/wp-content\\\/uploads\\\/untitled-design-134-e1685457164283.jpg\",\"contentUrl\":\"https:\\\/\\\/www.meydan.tv\\\/wp-content\\\/uploads\\\/untitled-design-134-e1685457164283.jpg\",\"width\":1200,\"height\":513,\"caption\":\"Foto: \\\"medyascope.tv\\\"\"},{\"@type\":\"BreadcrumbList\",\"@id\":\"https:\\\/\\\/www.meydan.tv\\\/az\\\/article\\\/merve-dizdar-kanndaki-cixisina-gore-tenqid-olundu\\\/#breadcrumb\",\"itemListElement\":[{\"@type\":\"ListItem\",\"position\":1,\"name\":\"Ana s\u0259hif\u0259\",\"item\":\"https:\\\/\\\/www.meydan.tv\\\/az\\\/\"},{\"@type\":\"ListItem\",\"position\":2,\"name\":\"M\u0259d\u0259niyy\u0259t\",\"item\":\"https:\\\/\\\/www.meydan.tv\\\/az\\\/section\\\/medeniyyet\\\/\"},{\"@type\":\"ListItem\",\"position\":3,\"name\":\"Merve Dizdar Kanndak\u0131 \u00e7\u0131x\u0131\u015f\u0131na g\u00f6r\u0259 t\u0259nqid olundu\"}]},{\"@type\":\"WebSite\",\"@id\":\"https:\\\/\\\/www.meydan.tv\\\/az\\\/#website\",\"url\":\"https:\\\/\\\/www.meydan.tv\\\/az\\\/\",\"name\":\"MEYDAN.TV\",\"description\":\"Meydan TV Az\u0259rbaycan\u0131n media m\u0259kan\u0131ndak\u0131 alternativ s\u0259sidir\",\"publisher\":{\"@id\":\"https:\\\/\\\/www.meydan.tv\\\/az\\\/#organization\"},\"potentialAction\":[{\"@type\":\"SearchAction\",\"target\":{\"@type\":\"EntryPoint\",\"urlTemplate\":\"https:\\\/\\\/www.meydan.tv\\\/az\\\/?s={search_term_string}\"},\"query-input\":{\"@type\":\"PropertyValueSpecification\",\"valueRequired\":true,\"valueName\":\"search_term_string\"}}],\"inLanguage\":\"az\"},{\"@type\":\"Organization\",\"@id\":\"https:\\\/\\\/www.meydan.tv\\\/az\\\/#organization\",\"name\":\"Meydan TV\",\"url\":\"https:\\\/\\\/www.meydan.tv\\\/az\\\/\",\"logo\":{\"@type\":\"ImageObject\",\"inLanguage\":\"az\",\"@id\":\"https:\\\/\\\/www.meydan.tv\\\/az\\\/#\\\/schema\\\/logo\\\/image\\\/\",\"url\":\"https:\\\/\\\/www.meydan.tv\\\/wp-content\\\/uploads\\\/2021\\\/07\\\/meydan-logo.svg\",\"contentUrl\":\"https:\\\/\\\/www.meydan.tv\\\/wp-content\\\/uploads\\\/2021\\\/07\\\/meydan-logo.svg\",\"width\":195,\"height\":46,\"caption\":\"Meydan TV\"},\"image\":{\"@id\":\"https:\\\/\\\/www.meydan.tv\\\/az\\\/#\\\/schema\\\/logo\\\/image\\\/\"}},{\"@type\":\"Person\",\"@id\":\"https:\\\/\\\/www.meydan.tv\\\/az\\\/#\\\/schema\\\/person\\\/9cdbecf90d17180ce1dfbd95b08dcf47\",\"name\":\"elli\",\"sameAs\":[\"https:\\\/\\\/x.com\\\/elli\"]}]}<\/script>\n<!-- \/ Yoast SEO plugin. -->","yoast_head_json":{"title":"Merve Dizdar Kanndak\u0131 \u00e7\u0131x\u0131\u015f\u0131na g\u00f6r\u0259 t\u0259nqid olundu - MEYDAN.TV","robots":{"index":"index","follow":"follow","max-snippet":"max-snippet:-1","max-image-preview":"max-image-preview:large","max-video-preview":"max-video-preview:-1"},"canonical":"https:\/\/www.meydan.tv\/az\/article\/merve-dizdar-kanndaki-cixisina-gore-tenqid-olundu\/","og_locale":"az_AZ","og_type":"article","og_title":"Merve Dizdar Kanndak\u0131 \u00e7\u0131x\u0131\u015f\u0131na g\u00f6r\u0259 t\u0259nqid olundu - MEYDAN.TV","og_description":"\u201cMerve Fransan\u0131n ill\u0259rl\u0259 i\u015f\u011falda saxlad\u0131\u011f\u0131 \u018flc\u0259zair haqq\u0131nda da eyni \u015feyl\u0259ri ... Davam\u0131","og_url":"https:\/\/www.meydan.tv\/az\/article\/merve-dizdar-kanndaki-cixisina-gore-tenqid-olundu\/","og_site_name":"MEYDAN.TV","article_published_time":"2023-05-30T17:20:57+00:00","article_modified_time":"2023-05-30T17:21:04+00:00","og_image":[{"width":1200,"height":513,"url":"https:\/\/www.meydan.tv\/wp-content\/uploads\/untitled-design-134-e1685457164283.jpg","type":"image\/jpeg"}],"author":"elli","twitter_card":"summary_large_image","twitter_creator":"@elli","schema":{"@context":"https:\/\/schema.org","@graph":[{"@type":"Article","@id":"https:\/\/www.meydan.tv\/az\/article\/merve-dizdar-kanndaki-cixisina-gore-tenqid-olundu\/#article","isPartOf":{"@id":"https:\/\/www.meydan.tv\/az\/article\/merve-dizdar-kanndaki-cixisina-gore-tenqid-olundu\/"},"author":{"name":"elli","@id":"https:\/\/www.meydan.tv\/az\/#\/schema\/person\/9cdbecf90d17180ce1dfbd95b08dcf47"},"headline":"Merve Dizdar Kanndak\u0131 \u00e7\u0131x\u0131\u015f\u0131na g\u00f6r\u0259 t\u0259nqid olundu","datePublished":"2023-05-30T17:20:57+00:00","dateModified":"2023-05-30T17:21:04+00:00","mainEntityOfPage":{"@id":"https:\/\/www.meydan.tv\/az\/article\/merve-dizdar-kanndaki-cixisina-gore-tenqid-olundu\/"},"wordCount":543,"publisher":{"@id":"https:\/\/www.meydan.tv\/az\/#organization"},"image":{"@id":"https:\/\/www.meydan.tv\/az\/article\/merve-dizdar-kanndaki-cixisina-gore-tenqid-olundu\/#primaryimage"},"thumbnailUrl":"https:\/\/www.meydan.tv\/wp-content\/uploads\/untitled-design-134-e1685457164283.jpg","articleSection":["M\u0259d\u0259niyy\u0259t","X\u0259b\u0259rl\u0259r"],"inLanguage":"az"},{"@type":"WebPage","@id":"https:\/\/www.meydan.tv\/az\/article\/merve-dizdar-kanndaki-cixisina-gore-tenqid-olundu\/","url":"https:\/\/www.meydan.tv\/az\/article\/merve-dizdar-kanndaki-cixisina-gore-tenqid-olundu\/","name":"Merve Dizdar Kanndak\u0131 \u00e7\u0131x\u0131\u015f\u0131na g\u00f6r\u0259 t\u0259nqid olundu - MEYDAN.TV","isPartOf":{"@id":"https:\/\/www.meydan.tv\/az\/#website"},"primaryImageOfPage":{"@id":"https:\/\/www.meydan.tv\/az\/article\/merve-dizdar-kanndaki-cixisina-gore-tenqid-olundu\/#primaryimage"},"image":{"@id":"https:\/\/www.meydan.tv\/az\/article\/merve-dizdar-kanndaki-cixisina-gore-tenqid-olundu\/#primaryimage"},"thumbnailUrl":"https:\/\/www.meydan.tv\/wp-content\/uploads\/untitled-design-134-e1685457164283.jpg","datePublished":"2023-05-30T17:20:57+00:00","dateModified":"2023-05-30T17:21:04+00:00","breadcrumb":{"@id":"https:\/\/www.meydan.tv\/az\/article\/merve-dizdar-kanndaki-cixisina-gore-tenqid-olundu\/#breadcrumb"},"inLanguage":"az","potentialAction":[{"@type":"ReadAction","target":["https:\/\/www.meydan.tv\/az\/article\/merve-dizdar-kanndaki-cixisina-gore-tenqid-olundu\/"]}]},{"@type":"ImageObject","inLanguage":"az","@id":"https:\/\/www.meydan.tv\/az\/article\/merve-dizdar-kanndaki-cixisina-gore-tenqid-olundu\/#primaryimage","url":"https:\/\/www.meydan.tv\/wp-content\/uploads\/untitled-design-134-e1685457164283.jpg","contentUrl":"https:\/\/www.meydan.tv\/wp-content\/uploads\/untitled-design-134-e1685457164283.jpg","width":1200,"height":513,"caption":"Foto: \"medyascope.tv\""},{"@type":"BreadcrumbList","@id":"https:\/\/www.meydan.tv\/az\/article\/merve-dizdar-kanndaki-cixisina-gore-tenqid-olundu\/#breadcrumb","itemListElement":[{"@type":"ListItem","position":1,"name":"Ana s\u0259hif\u0259","item":"https:\/\/www.meydan.tv\/az\/"},{"@type":"ListItem","position":2,"name":"M\u0259d\u0259niyy\u0259t","item":"https:\/\/www.meydan.tv\/az\/section\/medeniyyet\/"},{"@type":"ListItem","position":3,"name":"Merve Dizdar Kanndak\u0131 \u00e7\u0131x\u0131\u015f\u0131na g\u00f6r\u0259 t\u0259nqid olundu"}]},{"@type":"WebSite","@id":"https:\/\/www.meydan.tv\/az\/#website","url":"https:\/\/www.meydan.tv\/az\/","name":"MEYDAN.TV","description":"Meydan TV Az\u0259rbaycan\u0131n media m\u0259kan\u0131ndak\u0131 alternativ s\u0259sidir","publisher":{"@id":"https:\/\/www.meydan.tv\/az\/#organization"},"potentialAction":[{"@type":"SearchAction","target":{"@type":"EntryPoint","urlTemplate":"https:\/\/www.meydan.tv\/az\/?s={search_term_string}"},"query-input":{"@type":"PropertyValueSpecification","valueRequired":true,"valueName":"search_term_string"}}],"inLanguage":"az"},{"@type":"Organization","@id":"https:\/\/www.meydan.tv\/az\/#organization","name":"Meydan TV","url":"https:\/\/www.meydan.tv\/az\/","logo":{"@type":"ImageObject","inLanguage":"az","@id":"https:\/\/www.meydan.tv\/az\/#\/schema\/logo\/image\/","url":"https:\/\/www.meydan.tv\/wp-content\/uploads\/2021\/07\/meydan-logo.svg","contentUrl":"https:\/\/www.meydan.tv\/wp-content\/uploads\/2021\/07\/meydan-logo.svg","width":195,"height":46,"caption":"Meydan TV"},"image":{"@id":"https:\/\/www.meydan.tv\/az\/#\/schema\/logo\/image\/"}},{"@type":"Person","@id":"https:\/\/www.meydan.tv\/az\/#\/schema\/person\/9cdbecf90d17180ce1dfbd95b08dcf47","name":"elli","sameAs":["https:\/\/x.com\/elli"]}]}},"_links":{"self":[{"href":"https:\/\/www.meydan.tv\/az\/wp-json\/wp\/v2\/posts\/276484","targetHints":{"allow":["GET"]}}],"collection":[{"href":"https:\/\/www.meydan.tv\/az\/wp-json\/wp\/v2\/posts"}],"about":[{"href":"https:\/\/www.meydan.tv\/az\/wp-json\/wp\/v2\/types\/post"}],"author":[{"embeddable":true,"href":"https:\/\/www.meydan.tv\/az\/wp-json\/wp\/v2\/users\/8"}],"replies":[{"embeddable":true,"href":"https:\/\/www.meydan.tv\/az\/wp-json\/wp\/v2\/comments?post=276484"}],"version-history":[{"count":2,"href":"https:\/\/www.meydan.tv\/az\/wp-json\/wp\/v2\/posts\/276484\/revisions"}],"predecessor-version":[{"id":276499,"href":"https:\/\/www.meydan.tv\/az\/wp-json\/wp\/v2\/posts\/276484\/revisions\/276499"}],"wp:featuredmedia":[{"embeddable":true,"href":"https:\/\/www.meydan.tv\/az\/wp-json\/wp\/v2\/media\/276275"}],"wp:attachment":[{"href":"https:\/\/www.meydan.tv\/az\/wp-json\/wp\/v2\/media?parent=276484"}],"wp:term":[{"taxonomy":"category","embeddable":true,"href":"https:\/\/www.meydan.tv\/az\/wp-json\/wp\/v2\/categories?post=276484"},{"taxonomy":"post_tag","embeddable":true,"href":"https:\/\/www.meydan.tv\/az\/wp-json\/wp\/v2\/tags?post=276484"}],"curies":[{"name":"wp","href":"https:\/\/api.w.org\/{rel}","templated":true}]}}