{"id":276481,"date":"2023-05-30T18:31:24","date_gmt":"2023-05-30T14:31:24","guid":{"rendered":"https:\/\/www.meydan.tv\/?p=276481"},"modified":"2023-05-30T18:31:33","modified_gmt":"2023-05-30T14:31:33","slug":"qazax-sakini-dezgah-barmaqlarimi-kesdi-tezminat-odemedi-isden-qovdu","status":"publish","type":"post","link":"https:\/\/www.meydan.tv\/az\/article\/qazax-sakini-dezgah-barmaqlarimi-kesdi-tezminat-odemedi-isden-qovdu\/","title":{"rendered":"Qazax sakini: &#8220;D\u0259zgah barmaqlar\u0131m\u0131 k\u0259sdi, t\u0259zminat \u00f6d\u0259m\u0259di, i\u015fd\u0259n qovdu&#8230;&#8221;"},"content":{"rendered":"\n<p><\/p>\n\n\n\n<p><strong><em>Teymur M\u0259mm\u0259dov i\u015fl\u0259diyi sexin sahibind\u0259n \u015fikay\u0259\u00e7i oldu\u011funu deyir<\/em><\/strong><\/p>\n\n\n\n<p>Qazax\u0131n Xanl\u0131qlar k\u0259nd sakini Teymur Fariz o\u011flu M\u0259mm\u0259dov i\u015fl\u0259diyi taxta sexinin sahibind\u0259n \u015fikay\u0259t\u00e7idir.<\/p>\n\n\n\n<p>V\u0259t\u0259nda\u015f Meydan TV-y\u0259 deyir ki, 2017-ci il mart\u0131n 26-da sahibkar Qalib Binn\u0259t o\u011flu M\u0259mm\u0259dov i\u015f saat\u0131 bitm\u0259sin\u0259 baxmayaraq, onu gec\u0259 saat 11-d\u0259 i\u015fl\u0259m\u0259y\u0259 m\u0259cbur edib.<\/p>\n\n\n\n<p>N\u0259tic\u0259d\u0259 yor\u011fun olan Teymur M\u0259mm\u0259dovun sol \u0259li d\u0259zgahda ciddi x\u0259sar\u0259t al\u0131b.<\/p>\n\n\n\n<p><em>\u201cHadis\u0259 gec\u0259 saatlar\u0131nda olub. Qalib m\u0259n\u0259 z\u0259ng etdi ki, restorana \u201cbesedka\u201d d\u00fcz\u0259ltm\u0259k laz\u0131md\u0131r. Etiraz etdim ki, h\u0259m gecdir, yor\u011funam, h\u0259m d\u0259 bu m\u0259nim i\u015fim deyil. Cavab\u0131nda m\u0259ni i\u015fd\u0259n \u00e7\u0131xarmaqla h\u0259d\u0259l\u0259di. \u0130\u015fimi itirm\u0259k qorxusu il\u0259 dediyini etm\u0259li oldum. \u00c7\u00fcnki aram\u0131zda he\u00e7 bir \u0259m\u0259k m\u00fcqavil\u0259si ba\u011flanmam\u0131\u015fd\u0131. Havada idim, h\u0259r an i\u015fd\u0259n qovula bil\u0259rdim. \u00c7ox yor\u011fun oldu\u011fumdan barmaqlar\u0131m d\u0259zgah\u0131n di\u015fl\u0259ri aras\u0131nda qald\u0131, a\u011fr\u0131dan hu\u015fumu itirdim, ay\u0131landa g\u00f6rd\u00fcm ki, evd\u0259y\u0259m. H\u0259yat yolda\u015f\u0131m da q\u0131\u015fq\u0131ra-q\u0131\u015fq\u0131ra a\u011flay\u0131r\u201d, <\/em>&#8211; \u015fikay\u0259t\u00e7i deyir.<\/p>\n\n\n\n<p>O bildirir ki, hadis\u0259 n\u0259tic\u0259sind\u0259 sol \u0259linin bir barma\u011f\u0131 tamamil\u0259 k\u0259silib, dig\u0259r barmaqlar is\u0259 funksiyas\u0131n\u0131 itirib:<\/p>\n\n\n\n<p>\u201c<em>Hadis\u0259 ba\u015f ver\u0259n vaxt Qalibin \u0259misi o\u011flu Telman da sexd\u0259 idi. Hu\u015fumu itir\u0259nd\u0259n sonra o, m\u0259ni s\u00fcr\u00fcy\u0259r\u0259k, su kran\u0131n\u0131n yan\u0131na g\u0259tirib, \u00fcz\u00fcm\u0259 su vurub. El\u0259 bu vaxt sexin dig\u0259r i\u015f\u00e7isi Natiq g\u0259lib, v\u0259ziyy\u0259ti bel\u0259 g\u00f6r\u00fcb, Qalib\u0259 z\u0259ng edib ki, Teymur barmaqlar\u0131n\u0131 itirib, x\u0259st\u0259xanaya aparmaq laz\u0131md\u0131r. O da deyib ki, n\u0259 x\u0259st\u0259xana, evin\u0259 apar\u0131n. H\u0259yat yolda\u015f\u0131m\u0131n hay-k\u00fcy\u00fcnd\u0259n sonra Qalib m\u0259ni \u0259vv\u0259lc\u0259 Qazax M\u00fcalic\u0259 Diaqnostika M\u0259rk\u0259zin\u0259 apard\u0131\u201d.<\/em><\/p>\n\n\n\n<p>\u015eikay\u0259t\u00e7inin s\u00f6zl\u0259rin\u0259 g\u00f6r\u0259, Qazax M\u00fcalic\u0259 Diaqnostika M\u0259rk\u0259zind\u0259 g\u00f6st\u0259ril\u0259n ilk tibbi yard\u0131mdan sonra onu Bak\u0131ya, Travmatologiya v\u0259 Ortopediya \u0130nstitutuna apar\u0131blar:<\/p>\n\n\n\n<p>\u201c<em>T\u0259xmin\u0259n bir ay orada m\u00fcalic\u0259 olundum. Alt\u0131 ay \u0259rzind\u0259 tez-tez h\u0259min x\u0259st\u0259xanaya ged\u0259r\u0259k h\u0259kim m\u00fcayin\u0259sind\u0259n ke\u00e7irdim. X\u0259sar\u0259t ald\u0131\u011f\u0131m ilk g\u00fcn Qalib m\u0259n\u0259 dedi ki, ondan \u015fikay\u0259t\u00e7i olmay\u0131m. \u018fv\u0259zind\u0259 is\u0259 m\u0259ni daimi i\u015fl\u0259 t\u0259min ed\u0259c\u0259yin\u0259, h\u0259m d\u0259 iyirmi be\u015f-otuz min manat t\u0259zminat \u00f6d\u0259y\u0259c\u0259yin\u0259 v\u0259d verdi. Ona g\u00f6r\u0259 d\u0259 2017-ci ild\u0259 rayon prokurorlu\u011funa verdiyim izahatda \u00f6z evimd\u0259 i\u015fl\u0259y\u0259rk\u0259n x\u0259sar\u0259t ald\u0131\u011f\u0131m\u0131 qeyd etmi\u015fdim. Bel\u0259c\u0259, \u00fc\u00e7-d\u00f6rd il ba\u015f\u0131m\u0131 qatd\u0131, m\u0259ni aldatd\u0131. 2021-ci ilin oktyabr\u0131nda m\u0259ni i\u015fd\u0259n qovdu\u201d.<\/em><\/p>\n\n\n<div class=\"wp-block-image\">\n<figure class=\"aligncenter size-full\"><img decoding=\"async\" width=\"1200\" height=\"800\" data-src=\"https:\/\/www.meydan.tv\/wp-content\/uploads\/untitled-design-2-102.jpg\" alt=\"\" class=\"wp-image-276478 lazyload\" src=\"data:image\/svg+xml;base64,PHN2ZyB3aWR0aD0iMSIgaGVpZ2h0PSIxIiB4bWxucz0iaHR0cDovL3d3dy53My5vcmcvMjAwMC9zdmciPjwvc3ZnPg==\" style=\"--smush-placeholder-width: 1200px; --smush-placeholder-aspect-ratio: 1200\/800;\" \/><\/figure>\n<\/div>\n\n\n<p>Teymur M\u0259mm\u0259dov aidiyy\u0259ti qurumlardan ona k\u00f6m\u0259klik g\u00f6st\u0259rilm\u0259sini ist\u0259yir:<\/p>\n\n\n\n<p>\u201c<em>Qalib M\u0259mm\u0259dov m\u0259n\u0259 deyir ki, get, hara ist\u0259yirs\u0259n \u015fikay\u0259t et. Y\u00fcz min manat paylayaca\u011fam, amma s\u0259n\u0259 bir q\u0259pik d\u0259 verm\u0259y\u0259c\u0259y\u0259m\u201d<\/em>.<\/p>\n\n\n\n<p>Sahibkar Qalib M\u0259mm\u0259dov Meydan TV \u0259m\u0259kda\u015f\u0131na <em>\u201cTeymur M\u0259mm\u0259dov m\u0259s\u0259l\u0259sin\u0259 g\u00f6r\u0259 m\u0259ni narahat etm\u0259yin\u201d, &#8211;<\/em> dem\u0259kl\u0259 kifay\u0259tl\u0259nib.<\/p>\n\n\n\n<p>Prezident \u0130lham \u018fliyev 2015-ci ild\u0259 \u201cSahibkarl\u0131q sah\u0259sind\u0259 apar\u0131lan yoxlamalar\u0131n dayand\u0131r\u0131lmas\u0131 haqq\u0131nda&#8221; Qanunu imzalay\u0131b.<\/p>\n\n\n\n<p>Yoxlamalar\u0131n dayand\u0131r\u0131lmas\u0131ndan sonra m\u0259tbuatda sahibkarlar\u0131n \u00f6z tabe\u00e7iliyind\u0259 \u00e7al\u0131\u015fan i\u015f\u00e7il\u0259ri x\u0131rda bir n\u00f6qsanla i\u015fd\u0259n azad etm\u0259l\u0259ri, \u0259m\u0259khaqq\u0131lar\u0131n\u0131n vaxt\u0131-vaxt\u0131nda verilm\u0259m\u0259si, t\u0259hl\u00fck\u0259sizlik texnikas\u0131 qaydalar\u0131na riay\u0259t edilm\u0259m\u0259si hallar\u0131 il\u0259 \u0259laq\u0259dar m\u0259lumatlar yer al\u0131r.<\/p>\n\n\n<div class=\"wp-block-image\">\n<figure class=\"aligncenter size-large\"><img decoding=\"async\" width=\"1200\" height=\"675\" data-src=\"https:\/\/www.meydan.tv\/wp-content\/uploads\/sahib_memmedov2-1200x675.jpg\" alt=\"\" class=\"wp-image-226886 lazyload\" src=\"data:image\/svg+xml;base64,PHN2ZyB3aWR0aD0iMSIgaGVpZ2h0PSIxIiB4bWxucz0iaHR0cDovL3d3dy53My5vcmcvMjAwMC9zdmciPjwvc3ZnPg==\" style=\"--smush-placeholder-width: 1200px; --smush-placeholder-aspect-ratio: 1200\/675;\" \/><figcaption class=\"wp-element-caption\">Sahib M\u0259mm\u0259dov, Foto: axar.az<\/figcaption><\/figure>\n<\/div>\n\n\n<p>V\u0259t\u0259nda\u015flar\u0131n \u018fm\u0259k H\u00fcquqlar\u0131n\u0131 M\u00fcdafi\u0259 Liqas\u0131 \u0130craiyy\u0259 Komit\u0259sinin s\u0259dri Sahib M\u0259mm\u0259dov Meydan TV-y\u0259 deyir ki, \u201cSahibkarl\u0131q sah\u0259sind\u0259 apar\u0131lan yoxlamalar\u0131n dayand\u0131r\u0131lmas\u0131\u201d Qanununun l\u0259\u011fvi ciddi probleml\u0259r\u0259 yol a\u00e7\u0131b:<\/p>\n\n\n\n<p><em>\u201cH\u0259min qanundan sonra D\u00f6vl\u0259t \u018fm\u0259k M\u00fcf\u0259tti\u015fliyi sahibkarl\u0131q subyektl\u0259rind\u0259 yoxlamalar apara bilmir. Yaln\u0131z \u015fikay\u0259t olduqda i\u015f\u0259 qar\u0131\u015fa bilir. N\u0259tic\u0259d\u0259 y\u00fczl\u0259rl\u0259 insan aldad\u0131l\u0131r, \u0259m\u0259k m\u00fcqavil\u0259si olmadan i\u015fl\u0259dilir. Sonra istehsalatda b\u0259db\u0259xt hadis\u0259 ba\u015f ver\u0259nd\u0259 d\u0259 bir az pul verirl\u0259r ki, get m\u00fcalic\u0259 olun. Sonra da i\u015fd\u0259n qovurlar, \u00e7\u0131x\u0131b gedir. M\u0259n v\u0259t\u0259nda\u015fa t\u00f6vsiy\u0259 edir\u0259m ki, D\u00f6vl\u0259t \u018fm\u0259k M\u00fcf\u0259tti\u015fliyin\u0259 \u015fikay\u0259t versin. \u0130\u015f yerind\u0259 sa\u011flaml\u0131\u011fa d\u0259ymi\u015f ziyana g\u00f6r\u0259 m\u0259hkm\u0259y\u0259 m\u00fcraci\u0259t etm\u0259yin m\u00fcdd\u0259ti yoxdur. M\u0259hk\u0259m\u0259 vasit\u0259sil\u0259 h\u0259min m\u00fc\u0259ssis\u0259d\u0259 i\u015fl\u0259diyini, orada b\u0259db\u0259xt hadis\u0259 ba\u015f verdiyini v\u0259 ald\u0131\u011f\u0131 maa\u015f\u0131n miqdar\u0131n\u0131 m\u00fc\u0259yy\u0259n etsin. Bundan sonra ona kompensasiya t\u0259yin oluna bil\u0259r\u201d.<\/em><\/p>\n\n\n<div class=\"wp-block-image\">\n<figure class=\"aligncenter size-full\"><img decoding=\"async\" width=\"1200\" height=\"555\" data-src=\"https:\/\/www.meydan.tv\/wp-content\/uploads\/fazil_mustafa_2504-e1680029419145.jpg\" alt=\"Deputat Fazil Mustafa\" class=\"wp-image-131519 lazyload\" src=\"data:image\/svg+xml;base64,PHN2ZyB3aWR0aD0iMSIgaGVpZ2h0PSIxIiB4bWxucz0iaHR0cDovL3d3dy53My5vcmcvMjAwMC9zdmciPjwvc3ZnPg==\" style=\"--smush-placeholder-width: 1200px; --smush-placeholder-aspect-ratio: 1200\/555;\" \/><figcaption class=\"wp-element-caption\">Foto: Meydan TV<\/figcaption><\/figure>\n<\/div>\n\n\n<p>Milli M\u0259clisin \u0130nsan h\u00fcquqlar\u0131 komit\u0259sinin \u00fczv\u00fc,&nbsp; deputat Fazil Mustafa hesab edir ki, sahibkarl\u0131qda yoxlamalar\u0131n ba\u015flamas\u0131 \u00fc\u00e7\u00fcn prezident s\u0259r\u0259ncam\u0131na ehtiyac yoxdur.<\/p>\n\n\n\n<p>O, Meydan TV-y\u0259 deyir ki, ba\u015f ver\u0259n bu kimi hallar\u0131n qar\u015f\u0131s\u0131n\u0131 m\u0259hk\u0259m\u0259 yolu il\u0259 d\u0259 h\u0259ll etm\u0259k olar:<\/p>\n\n\n\n<p><em>\u201cBel\u0259 hadis\u0259l\u0259r sahibkarlar\u0131n yoxlan\u0131lmas\u0131na b\u0259han\u0259 olmamal\u0131d\u0131r. Bu prosesl\u0259rd\u0259 sahibkarlara qar\u015f\u0131 y\u00f6n\u0259lm\u0259y\u0259 \u00e7al\u0131\u015fmamaq laz\u0131md\u0131r. \u00c7\u00fcnki sonradan sui-istifad\u0259y\u0259 yola a\u00e7a bil\u0259r. M\u0259hk\u0259m\u0259nin ixtiyar\u0131 var ki, bu kimi hallar\u0131 icraata g\u00f6t\u00fcr\u00fcb, ona qar\u015f\u0131 \u00f6z m\u00f6vqeyini ifad\u0259 etsin. Ona g\u00f6r\u0259 d\u0259 burada, m\u0259nc\u0259, m\u0259hk\u0259m\u0259 prosedurundan istifad\u0259 etm\u0259k daha do\u011fru olar\u201d.<\/em><\/p>\n","protected":false},"excerpt":{"rendered":"<p>Teymur M\u0259mm\u0259dov i\u015fl\u0259diyi sexin sahibind\u0259n \u015fikay\u0259\u00e7i oldu\u011funu deyir Qazax\u0131n Xanl\u0131qlar &#8230; <\/p>\n<p class=\"read-more-container\"><a title=\"Qazax sakini: &#8220;D\u0259zgah barmaqlar\u0131m\u0131 k\u0259sdi, t\u0259zminat \u00f6d\u0259m\u0259di, i\u015fd\u0259n qovdu&#8230;&#8221;\" class=\"read-more button\" href=\"https:\/\/www.meydan.tv\/az\/article\/qazax-sakini-dezgah-barmaqlarimi-kesdi-tezminat-odemedi-isden-qovdu\/#more-276481\" aria-label=\"Read more about Qazax sakini: &#8220;D\u0259zgah barmaqlar\u0131m\u0131 k\u0259sdi, t\u0259zminat \u00f6d\u0259m\u0259di, i\u015fd\u0259n qovdu&#8230;&#8221;\">Davam\u0131<\/a><\/p>\n","protected":false},"author":8,"featured_media":276472,"comment_status":"closed","ping_status":"closed","sticky":false,"template":"","format":"standard","meta":{"_acf_changed":false,"_sitemap_exclude":false,"_sitemap_priority":"","_sitemap_frequency":"","footnotes":""},"categories":[60,56],"tags":[],"class_list":["post-276481","post","type-post","status-publish","format-standard","has-post-thumbnail","hentry","category-bolge","category-xeberler","infinite-scroll-item","generate-columns","tablet-grid-50","mobile-grid-100","grid-parent","grid-33","no-featured-image-padding"],"acf":[],"yoast_head":"<!-- This site is optimized with the Yoast SEO plugin v27.5 - https:\/\/yoast.com\/product\/yoast-seo-wordpress\/ -->\n<title>Qazax sakini: &quot;D\u0259zgah barmaqlar\u0131m\u0131 k\u0259sdi, t\u0259zminat \u00f6d\u0259m\u0259di, i\u015fd\u0259n qovdu...&quot; - MEYDAN.TV<\/title>\n<meta name=\"robots\" content=\"index, follow, max-snippet:-1, max-image-preview:large, max-video-preview:-1\" \/>\n<link rel=\"canonical\" href=\"https:\/\/www.meydan.tv\/az\/article\/qazax-sakini-dezgah-barmaqlarimi-kesdi-tezminat-odemedi-isden-qovdu\/\" \/>\n<meta property=\"og:locale\" content=\"az_AZ\" \/>\n<meta property=\"og:type\" content=\"article\" \/>\n<meta property=\"og:title\" content=\"Qazax sakini: &quot;D\u0259zgah barmaqlar\u0131m\u0131 k\u0259sdi, t\u0259zminat \u00f6d\u0259m\u0259di, i\u015fd\u0259n qovdu...&quot; - MEYDAN.TV\" \/>\n<meta property=\"og:description\" content=\"Teymur M\u0259mm\u0259dov i\u015fl\u0259diyi sexin sahibind\u0259n \u015fikay\u0259\u00e7i oldu\u011funu deyir Qazax\u0131n Xanl\u0131qlar ... Davam\u0131\" \/>\n<meta property=\"og:url\" content=\"https:\/\/www.meydan.tv\/az\/article\/qazax-sakini-dezgah-barmaqlarimi-kesdi-tezminat-odemedi-isden-qovdu\/\" \/>\n<meta property=\"og:site_name\" content=\"MEYDAN.TV\" \/>\n<meta property=\"article:published_time\" content=\"2023-05-30T14:31:24+00:00\" \/>\n<meta property=\"article:modified_time\" content=\"2023-05-30T14:31:33+00:00\" \/>\n<meta property=\"og:image\" content=\"https:\/\/www.meydan.tv\/wp-content\/uploads\/untitled-design-3-89-e1685455443646.jpg\" \/>\n\t<meta property=\"og:image:width\" content=\"1200\" \/>\n\t<meta property=\"og:image:height\" content=\"579\" \/>\n\t<meta property=\"og:image:type\" content=\"image\/jpeg\" \/>\n<meta name=\"author\" content=\"elli\" \/>\n<meta name=\"twitter:card\" content=\"summary_large_image\" \/>\n<meta name=\"twitter:creator\" content=\"@elli\" \/>\n<script type=\"application\/ld+json\" class=\"yoast-schema-graph\">{\"@context\":\"https:\\\/\\\/schema.org\",\"@graph\":[{\"@type\":\"Article\",\"@id\":\"https:\\\/\\\/www.meydan.tv\\\/az\\\/article\\\/qazax-sakini-dezgah-barmaqlarimi-kesdi-tezminat-odemedi-isden-qovdu\\\/#article\",\"isPartOf\":{\"@id\":\"https:\\\/\\\/www.meydan.tv\\\/az\\\/article\\\/qazax-sakini-dezgah-barmaqlarimi-kesdi-tezminat-odemedi-isden-qovdu\\\/\"},\"author\":{\"name\":\"elli\",\"@id\":\"https:\\\/\\\/www.meydan.tv\\\/az\\\/#\\\/schema\\\/person\\\/9cdbecf90d17180ce1dfbd95b08dcf47\"},\"headline\":\"Qazax sakini: &#8220;D\u0259zgah barmaqlar\u0131m\u0131 k\u0259sdi, t\u0259zminat \u00f6d\u0259m\u0259di, i\u015fd\u0259n qovdu&#8230;&#8221;\",\"datePublished\":\"2023-05-30T14:31:24+00:00\",\"dateModified\":\"2023-05-30T14:31:33+00:00\",\"mainEntityOfPage\":{\"@id\":\"https:\\\/\\\/www.meydan.tv\\\/az\\\/article\\\/qazax-sakini-dezgah-barmaqlarimi-kesdi-tezminat-odemedi-isden-qovdu\\\/\"},\"wordCount\":1046,\"publisher\":{\"@id\":\"https:\\\/\\\/www.meydan.tv\\\/az\\\/#organization\"},\"image\":{\"@id\":\"https:\\\/\\\/www.meydan.tv\\\/az\\\/article\\\/qazax-sakini-dezgah-barmaqlarimi-kesdi-tezminat-odemedi-isden-qovdu\\\/#primaryimage\"},\"thumbnailUrl\":\"https:\\\/\\\/www.meydan.tv\\\/wp-content\\\/uploads\\\/untitled-design-3-89-e1685455443646.jpg\",\"articleSection\":[\"B\u00f6lg\u0259\",\"X\u0259b\u0259rl\u0259r\"],\"inLanguage\":\"az\"},{\"@type\":\"WebPage\",\"@id\":\"https:\\\/\\\/www.meydan.tv\\\/az\\\/article\\\/qazax-sakini-dezgah-barmaqlarimi-kesdi-tezminat-odemedi-isden-qovdu\\\/\",\"url\":\"https:\\\/\\\/www.meydan.tv\\\/az\\\/article\\\/qazax-sakini-dezgah-barmaqlarimi-kesdi-tezminat-odemedi-isden-qovdu\\\/\",\"name\":\"Qazax sakini: \\\"D\u0259zgah barmaqlar\u0131m\u0131 k\u0259sdi, t\u0259zminat \u00f6d\u0259m\u0259di, i\u015fd\u0259n qovdu...\\\" - MEYDAN.TV\",\"isPartOf\":{\"@id\":\"https:\\\/\\\/www.meydan.tv\\\/az\\\/#website\"},\"primaryImageOfPage\":{\"@id\":\"https:\\\/\\\/www.meydan.tv\\\/az\\\/article\\\/qazax-sakini-dezgah-barmaqlarimi-kesdi-tezminat-odemedi-isden-qovdu\\\/#primaryimage\"},\"image\":{\"@id\":\"https:\\\/\\\/www.meydan.tv\\\/az\\\/article\\\/qazax-sakini-dezgah-barmaqlarimi-kesdi-tezminat-odemedi-isden-qovdu\\\/#primaryimage\"},\"thumbnailUrl\":\"https:\\\/\\\/www.meydan.tv\\\/wp-content\\\/uploads\\\/untitled-design-3-89-e1685455443646.jpg\",\"datePublished\":\"2023-05-30T14:31:24+00:00\",\"dateModified\":\"2023-05-30T14:31:33+00:00\",\"breadcrumb\":{\"@id\":\"https:\\\/\\\/www.meydan.tv\\\/az\\\/article\\\/qazax-sakini-dezgah-barmaqlarimi-kesdi-tezminat-odemedi-isden-qovdu\\\/#breadcrumb\"},\"inLanguage\":\"az\",\"potentialAction\":[{\"@type\":\"ReadAction\",\"target\":[\"https:\\\/\\\/www.meydan.tv\\\/az\\\/article\\\/qazax-sakini-dezgah-barmaqlarimi-kesdi-tezminat-odemedi-isden-qovdu\\\/\"]}]},{\"@type\":\"ImageObject\",\"inLanguage\":\"az\",\"@id\":\"https:\\\/\\\/www.meydan.tv\\\/az\\\/article\\\/qazax-sakini-dezgah-barmaqlarimi-kesdi-tezminat-odemedi-isden-qovdu\\\/#primaryimage\",\"url\":\"https:\\\/\\\/www.meydan.tv\\\/wp-content\\\/uploads\\\/untitled-design-3-89-e1685455443646.jpg\",\"contentUrl\":\"https:\\\/\\\/www.meydan.tv\\\/wp-content\\\/uploads\\\/untitled-design-3-89-e1685455443646.jpg\",\"width\":1200,\"height\":579,\"caption\":\"Teymur M\u0259mm\u0259dov. Foto: Meydan TV\"},{\"@type\":\"BreadcrumbList\",\"@id\":\"https:\\\/\\\/www.meydan.tv\\\/az\\\/article\\\/qazax-sakini-dezgah-barmaqlarimi-kesdi-tezminat-odemedi-isden-qovdu\\\/#breadcrumb\",\"itemListElement\":[{\"@type\":\"ListItem\",\"position\":1,\"name\":\"Ana s\u0259hif\u0259\",\"item\":\"https:\\\/\\\/www.meydan.tv\\\/az\\\/\"},{\"@type\":\"ListItem\",\"position\":2,\"name\":\"B\u00f6lg\u0259\",\"item\":\"https:\\\/\\\/www.meydan.tv\\\/az\\\/section\\\/bolge\\\/\"},{\"@type\":\"ListItem\",\"position\":3,\"name\":\"Qazax sakini: &#8220;D\u0259zgah barmaqlar\u0131m\u0131 k\u0259sdi, t\u0259zminat \u00f6d\u0259m\u0259di, i\u015fd\u0259n qovdu&#8230;&#8221;\"}]},{\"@type\":\"WebSite\",\"@id\":\"https:\\\/\\\/www.meydan.tv\\\/az\\\/#website\",\"url\":\"https:\\\/\\\/www.meydan.tv\\\/az\\\/\",\"name\":\"MEYDAN.TV\",\"description\":\"Meydan TV Az\u0259rbaycan\u0131n media m\u0259kan\u0131ndak\u0131 alternativ s\u0259sidir\",\"publisher\":{\"@id\":\"https:\\\/\\\/www.meydan.tv\\\/az\\\/#organization\"},\"potentialAction\":[{\"@type\":\"SearchAction\",\"target\":{\"@type\":\"EntryPoint\",\"urlTemplate\":\"https:\\\/\\\/www.meydan.tv\\\/az\\\/?s={search_term_string}\"},\"query-input\":{\"@type\":\"PropertyValueSpecification\",\"valueRequired\":true,\"valueName\":\"search_term_string\"}}],\"inLanguage\":\"az\"},{\"@type\":\"Organization\",\"@id\":\"https:\\\/\\\/www.meydan.tv\\\/az\\\/#organization\",\"name\":\"Meydan TV\",\"url\":\"https:\\\/\\\/www.meydan.tv\\\/az\\\/\",\"logo\":{\"@type\":\"ImageObject\",\"inLanguage\":\"az\",\"@id\":\"https:\\\/\\\/www.meydan.tv\\\/az\\\/#\\\/schema\\\/logo\\\/image\\\/\",\"url\":\"https:\\\/\\\/www.meydan.tv\\\/wp-content\\\/uploads\\\/2021\\\/07\\\/meydan-logo.svg\",\"contentUrl\":\"https:\\\/\\\/www.meydan.tv\\\/wp-content\\\/uploads\\\/2021\\\/07\\\/meydan-logo.svg\",\"width\":195,\"height\":46,\"caption\":\"Meydan TV\"},\"image\":{\"@id\":\"https:\\\/\\\/www.meydan.tv\\\/az\\\/#\\\/schema\\\/logo\\\/image\\\/\"}},{\"@type\":\"Person\",\"@id\":\"https:\\\/\\\/www.meydan.tv\\\/az\\\/#\\\/schema\\\/person\\\/9cdbecf90d17180ce1dfbd95b08dcf47\",\"name\":\"elli\",\"sameAs\":[\"https:\\\/\\\/x.com\\\/elli\"]}]}<\/script>\n<!-- \/ Yoast SEO plugin. -->","yoast_head_json":{"title":"Qazax sakini: \"D\u0259zgah barmaqlar\u0131m\u0131 k\u0259sdi, t\u0259zminat \u00f6d\u0259m\u0259di, i\u015fd\u0259n qovdu...\" - MEYDAN.TV","robots":{"index":"index","follow":"follow","max-snippet":"max-snippet:-1","max-image-preview":"max-image-preview:large","max-video-preview":"max-video-preview:-1"},"canonical":"https:\/\/www.meydan.tv\/az\/article\/qazax-sakini-dezgah-barmaqlarimi-kesdi-tezminat-odemedi-isden-qovdu\/","og_locale":"az_AZ","og_type":"article","og_title":"Qazax sakini: \"D\u0259zgah barmaqlar\u0131m\u0131 k\u0259sdi, t\u0259zminat \u00f6d\u0259m\u0259di, i\u015fd\u0259n qovdu...\" - MEYDAN.TV","og_description":"Teymur M\u0259mm\u0259dov i\u015fl\u0259diyi sexin sahibind\u0259n \u015fikay\u0259\u00e7i oldu\u011funu deyir Qazax\u0131n Xanl\u0131qlar ... Davam\u0131","og_url":"https:\/\/www.meydan.tv\/az\/article\/qazax-sakini-dezgah-barmaqlarimi-kesdi-tezminat-odemedi-isden-qovdu\/","og_site_name":"MEYDAN.TV","article_published_time":"2023-05-30T14:31:24+00:00","article_modified_time":"2023-05-30T14:31:33+00:00","og_image":[{"width":1200,"height":579,"url":"https:\/\/www.meydan.tv\/wp-content\/uploads\/untitled-design-3-89-e1685455443646.jpg","type":"image\/jpeg"}],"author":"elli","twitter_card":"summary_large_image","twitter_creator":"@elli","schema":{"@context":"https:\/\/schema.org","@graph":[{"@type":"Article","@id":"https:\/\/www.meydan.tv\/az\/article\/qazax-sakini-dezgah-barmaqlarimi-kesdi-tezminat-odemedi-isden-qovdu\/#article","isPartOf":{"@id":"https:\/\/www.meydan.tv\/az\/article\/qazax-sakini-dezgah-barmaqlarimi-kesdi-tezminat-odemedi-isden-qovdu\/"},"author":{"name":"elli","@id":"https:\/\/www.meydan.tv\/az\/#\/schema\/person\/9cdbecf90d17180ce1dfbd95b08dcf47"},"headline":"Qazax sakini: &#8220;D\u0259zgah barmaqlar\u0131m\u0131 k\u0259sdi, t\u0259zminat \u00f6d\u0259m\u0259di, i\u015fd\u0259n qovdu&#8230;&#8221;","datePublished":"2023-05-30T14:31:24+00:00","dateModified":"2023-05-30T14:31:33+00:00","mainEntityOfPage":{"@id":"https:\/\/www.meydan.tv\/az\/article\/qazax-sakini-dezgah-barmaqlarimi-kesdi-tezminat-odemedi-isden-qovdu\/"},"wordCount":1046,"publisher":{"@id":"https:\/\/www.meydan.tv\/az\/#organization"},"image":{"@id":"https:\/\/www.meydan.tv\/az\/article\/qazax-sakini-dezgah-barmaqlarimi-kesdi-tezminat-odemedi-isden-qovdu\/#primaryimage"},"thumbnailUrl":"https:\/\/www.meydan.tv\/wp-content\/uploads\/untitled-design-3-89-e1685455443646.jpg","articleSection":["B\u00f6lg\u0259","X\u0259b\u0259rl\u0259r"],"inLanguage":"az"},{"@type":"WebPage","@id":"https:\/\/www.meydan.tv\/az\/article\/qazax-sakini-dezgah-barmaqlarimi-kesdi-tezminat-odemedi-isden-qovdu\/","url":"https:\/\/www.meydan.tv\/az\/article\/qazax-sakini-dezgah-barmaqlarimi-kesdi-tezminat-odemedi-isden-qovdu\/","name":"Qazax sakini: \"D\u0259zgah barmaqlar\u0131m\u0131 k\u0259sdi, t\u0259zminat \u00f6d\u0259m\u0259di, i\u015fd\u0259n qovdu...\" - MEYDAN.TV","isPartOf":{"@id":"https:\/\/www.meydan.tv\/az\/#website"},"primaryImageOfPage":{"@id":"https:\/\/www.meydan.tv\/az\/article\/qazax-sakini-dezgah-barmaqlarimi-kesdi-tezminat-odemedi-isden-qovdu\/#primaryimage"},"image":{"@id":"https:\/\/www.meydan.tv\/az\/article\/qazax-sakini-dezgah-barmaqlarimi-kesdi-tezminat-odemedi-isden-qovdu\/#primaryimage"},"thumbnailUrl":"https:\/\/www.meydan.tv\/wp-content\/uploads\/untitled-design-3-89-e1685455443646.jpg","datePublished":"2023-05-30T14:31:24+00:00","dateModified":"2023-05-30T14:31:33+00:00","breadcrumb":{"@id":"https:\/\/www.meydan.tv\/az\/article\/qazax-sakini-dezgah-barmaqlarimi-kesdi-tezminat-odemedi-isden-qovdu\/#breadcrumb"},"inLanguage":"az","potentialAction":[{"@type":"ReadAction","target":["https:\/\/www.meydan.tv\/az\/article\/qazax-sakini-dezgah-barmaqlarimi-kesdi-tezminat-odemedi-isden-qovdu\/"]}]},{"@type":"ImageObject","inLanguage":"az","@id":"https:\/\/www.meydan.tv\/az\/article\/qazax-sakini-dezgah-barmaqlarimi-kesdi-tezminat-odemedi-isden-qovdu\/#primaryimage","url":"https:\/\/www.meydan.tv\/wp-content\/uploads\/untitled-design-3-89-e1685455443646.jpg","contentUrl":"https:\/\/www.meydan.tv\/wp-content\/uploads\/untitled-design-3-89-e1685455443646.jpg","width":1200,"height":579,"caption":"Teymur M\u0259mm\u0259dov. Foto: Meydan TV"},{"@type":"BreadcrumbList","@id":"https:\/\/www.meydan.tv\/az\/article\/qazax-sakini-dezgah-barmaqlarimi-kesdi-tezminat-odemedi-isden-qovdu\/#breadcrumb","itemListElement":[{"@type":"ListItem","position":1,"name":"Ana s\u0259hif\u0259","item":"https:\/\/www.meydan.tv\/az\/"},{"@type":"ListItem","position":2,"name":"B\u00f6lg\u0259","item":"https:\/\/www.meydan.tv\/az\/section\/bolge\/"},{"@type":"ListItem","position":3,"name":"Qazax sakini: &#8220;D\u0259zgah barmaqlar\u0131m\u0131 k\u0259sdi, t\u0259zminat \u00f6d\u0259m\u0259di, i\u015fd\u0259n qovdu&#8230;&#8221;"}]},{"@type":"WebSite","@id":"https:\/\/www.meydan.tv\/az\/#website","url":"https:\/\/www.meydan.tv\/az\/","name":"MEYDAN.TV","description":"Meydan TV Az\u0259rbaycan\u0131n media m\u0259kan\u0131ndak\u0131 alternativ s\u0259sidir","publisher":{"@id":"https:\/\/www.meydan.tv\/az\/#organization"},"potentialAction":[{"@type":"SearchAction","target":{"@type":"EntryPoint","urlTemplate":"https:\/\/www.meydan.tv\/az\/?s={search_term_string}"},"query-input":{"@type":"PropertyValueSpecification","valueRequired":true,"valueName":"search_term_string"}}],"inLanguage":"az"},{"@type":"Organization","@id":"https:\/\/www.meydan.tv\/az\/#organization","name":"Meydan TV","url":"https:\/\/www.meydan.tv\/az\/","logo":{"@type":"ImageObject","inLanguage":"az","@id":"https:\/\/www.meydan.tv\/az\/#\/schema\/logo\/image\/","url":"https:\/\/www.meydan.tv\/wp-content\/uploads\/2021\/07\/meydan-logo.svg","contentUrl":"https:\/\/www.meydan.tv\/wp-content\/uploads\/2021\/07\/meydan-logo.svg","width":195,"height":46,"caption":"Meydan TV"},"image":{"@id":"https:\/\/www.meydan.tv\/az\/#\/schema\/logo\/image\/"}},{"@type":"Person","@id":"https:\/\/www.meydan.tv\/az\/#\/schema\/person\/9cdbecf90d17180ce1dfbd95b08dcf47","name":"elli","sameAs":["https:\/\/x.com\/elli"]}]}},"_links":{"self":[{"href":"https:\/\/www.meydan.tv\/az\/wp-json\/wp\/v2\/posts\/276481","targetHints":{"allow":["GET"]}}],"collection":[{"href":"https:\/\/www.meydan.tv\/az\/wp-json\/wp\/v2\/posts"}],"about":[{"href":"https:\/\/www.meydan.tv\/az\/wp-json\/wp\/v2\/types\/post"}],"author":[{"embeddable":true,"href":"https:\/\/www.meydan.tv\/az\/wp-json\/wp\/v2\/users\/8"}],"replies":[{"embeddable":true,"href":"https:\/\/www.meydan.tv\/az\/wp-json\/wp\/v2\/comments?post=276481"}],"version-history":[{"count":1,"href":"https:\/\/www.meydan.tv\/az\/wp-json\/wp\/v2\/posts\/276481\/revisions"}],"predecessor-version":[{"id":276483,"href":"https:\/\/www.meydan.tv\/az\/wp-json\/wp\/v2\/posts\/276481\/revisions\/276483"}],"wp:featuredmedia":[{"embeddable":true,"href":"https:\/\/www.meydan.tv\/az\/wp-json\/wp\/v2\/media\/276472"}],"wp:attachment":[{"href":"https:\/\/www.meydan.tv\/az\/wp-json\/wp\/v2\/media?parent=276481"}],"wp:term":[{"taxonomy":"category","embeddable":true,"href":"https:\/\/www.meydan.tv\/az\/wp-json\/wp\/v2\/categories?post=276481"},{"taxonomy":"post_tag","embeddable":true,"href":"https:\/\/www.meydan.tv\/az\/wp-json\/wp\/v2\/tags?post=276481"}],"curies":[{"name":"wp","href":"https:\/\/api.w.org\/{rel}","templated":true}]}}