{"id":276459,"date":"2023-05-30T15:34:09","date_gmt":"2023-05-30T11:34:09","guid":{"rendered":"https:\/\/www.meydan.tv\/?p=276459"},"modified":"2023-05-30T15:34:12","modified_gmt":"2023-05-30T11:34:12","slug":"28-mayda-atesfesanliq","status":"publish","type":"post","link":"https:\/\/www.meydan.tv\/az\/article\/28-mayda-atesfesanliq\/","title":{"rendered":"28 Mayda at\u0259\u015ff\u0259\u015fanl\u0131q&#8230;"},"content":{"rendered":"\n<p><\/p>\n\n\n\n<p><strong>R\u00f6v\u015f\u0259n Hac\u0131b\u0259yli<\/strong><\/p>\n\n\n\n<p><em><strong>Fi\u015f\u0259ngl\u0259r C\u00fcmhuriy\u0259tin \u015f\u0259r\u0259fin\u0259 at\u0131lm\u0131rd\u0131<\/strong><br><\/em><br>28 May Az\u0259rbaycan tarixind\u0259 \u0259n \u015fanl\u0131, q\u00fcrurverici, mill\u0259t olaraq varl\u0131\u011f\u0131m\u0131z\u0131 s\u00fcbut ed\u0259n, imzalar i\u00e7ind\u0259 imzam\u0131z\u0131n g\u00f6r\u00fcnd\u00fcy\u00fc g\u00fcnd\u00fcr. Qurucu babalar\u0131m\u0131z bu g\u00fcnd\u0259 \u00fc\u00e7r\u0259ngli m\u00fcq\u0259dd\u0259s bayra\u011f\u0131m\u0131z\u0131 qald\u0131r\u0131blar v\u0259 onu biz\u0259 \u0259man\u0259t edibl\u0259r, o bayra\u011f\u0131 enm\u0259y\u0259 qoymama\u011f\u0131 tap\u015f\u0131r\u0131blar biz\u0259. H\u0259r il bu g\u00fcn \u00f6lk\u0259 boyu k\u00fc\u00e7\u0259 y\u00fcr\u00fc\u015fl\u0259ri, n\u00fcmayi\u015fl\u0259r, mitinql\u0259r, aksiyalar ke\u00e7irm\u0259k, \u015fadyanal\u0131q etm\u0259k bizim qurucu babalar, o g\u00fcn\u00fc biz\u0259 \u0259man\u0259t ed\u0259n ki\u015fil\u0259r qar\u015f\u0131s\u0131nda h\u0259m d\u0259 borcumuzdur. \u00c7ox t\u0259\u0259ss\u00fcf, bu borcumuzu layiqli \u015f\u0259kild\u0259 verm\u0259y\u0259 g\u00fcc\u00fcm\u00fcz, irad\u0259miz yoxdur&#8230;<\/p>\n\n\n\n<p>Ancaq bu g\u00fcn yaln\u0131z bir k\u0259ndd\u0259 &#8211; Novxan\u0131da qeyd edilir, onu da h\u0259r il \u00e7ox b\u00f6y\u00fck basq\u0131lar, hakimiyy\u0259tin yeni-yeni s\u00fcrprizl\u0259ri alt\u0131nda ki\u00e7ik bir qrup qutlay\u0131r. M\u0259s\u0259l\u0259n, bu il Milli \u015eura v\u0259 AXCP t\u0259r\u0259fdarlar\u0131n\u0131n birg\u0259 ke\u00e7irdiyi aksiyaya polis m\u00fcdaxil\u0259sind\u0259 yenilik vard\u0131. Aksiya\u00e7\u0131lar y\u00fcr\u00fc\u015fl\u0259 heyk\u0259l\u0259 do\u011fru ir\u0259lil\u0259y\u0259n vaxt PPX ma\u015f\u0131nlar\u0131n\u0131 onlar\u0131n \u00fcst\u00fcn\u0259 s\u00fcrm\u0259k \u0259mri verildi. Eyni zamanda aksiya\u00e7\u0131lar\u0131n arxas\u0131nca yen\u0259 PPX, y\u00fck ma\u015f\u0131nlar\u0131, traktorlar, iki evakuator h\u0259r\u0259k\u0259t edirdi. M\u0259qs\u0259d a\u00e7\u0131q \u015f\u0259kild\u0259 aksiya\u00e7\u0131lar\u0131 s\u0131x\u0131\u015fd\u0131rmaq, q\u0259z\u0259bl\u0259ndirm\u0259k, provokasiyaya \u00e7\u0259km\u0259k, qar\u0131\u015f\u0131ql\u0131q salmaq idi. \u00c7\u00fcnki kolonu h\u0259m \u00f6nd\u0259n, h\u0259m d\u0259 arxadan s\u0131x\u0131\u015fd\u0131r\u0131r, s\u0259sg\u00fccl\u0259ndiricil\u0259rl\u0259 hay-k\u00fcy yarad\u0131r, adamlar\u0131 yoldan \u00e7\u0131xma\u011fa m\u0259cbur edirdil\u0259r. El\u0259 d\u0259 i\u015fl\u0259k olmayan h\u0259min yoldan g\u00fcn \u0259rzind\u0259 ke\u00e7\u0259n ma\u015f\u0131nlar\u0131n say\u0131 q\u0259d\u0259r ma\u015f\u0131n\u0131 bir ne\u00e7\u0259 d\u0259qiq\u0259nin i\u00e7ind\u0259 polis ora c\u0259lb etmi\u015fdi. A\u00e7\u0131\u011f\u0131, \u00e7ox iyr\u0259nc m\u0259nz\u0259r\u0259 idi&#8230;<\/p>\n\n\n<div class=\"wp-block-image\">\n<figure class=\"aligncenter size-large\"><img decoding=\"async\" width=\"1097\" height=\"821\" data-src=\"https:\/\/www.meydan.tv\/wp-content\/uploads\/348358260_783694496777321_2268242940815587570_n-1097x821.jpg\" alt=\"\" class=\"wp-image-276453 lazyload\" src=\"data:image\/svg+xml;base64,PHN2ZyB3aWR0aD0iMSIgaGVpZ2h0PSIxIiB4bWxucz0iaHR0cDovL3d3dy53My5vcmcvMjAwMC9zdmciPjwvc3ZnPg==\" style=\"--smush-placeholder-width: 1097px; --smush-placeholder-aspect-ratio: 1097\/821;\" \/><\/figure>\n<\/div>\n\n\n<p>\u018fslind\u0259, ba\u015fqa c\u00fcr, el\u0259 polisl\u0259r d\u0259 \u0259ll\u0259rind\u0259 g\u00fcl d\u0259st\u0259l\u0259ri o adamlarla birg\u0259 olmal\u0131yd\u0131, onlarla yana\u015f\u0131 add\u0131mlamal\u0131yd\u0131, h\u0259tta \u00e7\u0131x\u0131\u015f etm\u0259k ist\u0259y\u0259n\u0259 bel\u0259 s\u00f6z verilm\u0259liydi. \u00c7\u00fcnki bu, C\u00fcmhuriy\u0259timizin, s\u0259nin, m\u0259nim, onun&#8230; bayram\u0131d\u0131. M\u00fcst\u0259qillikd\u0259n daha \u00e7ox yararlanan, sad\u0259 v\u0259t\u0259nda\u015flardan yax\u015f\u0131 dolanan, imtiyazlar\u0131 olan h\u0259m d\u0259\u00a0 polisl\u0259rdir. Ancaq \u00f6lk\u0259d\u0259 f\u0259rqli durum yarad\u0131l\u0131b, sanki polis xalqdan deyil, kosmosdan g\u0259tirilmi\u015f qoluzorlu \u0259caib varl\u0131q, mill\u0259tin d\u00fc\u015fm\u0259nidir.<\/p>\n\n\n\n<p>Xat\u0131rlay\u0131rs\u0131n\u0131zsa, 2018-ci ild\u0259 &#8211; C\u00fcmhuriy\u0259tin 100 illiyind\u0259 d\u0259 polis dinc aksiya\u00e7\u0131lara qar\u015f\u0131 zorak\u0131l\u0131q etdi. H\u0259min vaxt aksiyan\u0131n t\u0259\u015fkilat\u00e7\u0131lar\u0131ndan olan Az\u0259r Qas\u0131ml\u0131 v\u0259 bir ne\u00e7\u0259 n\u0259f\u0259r h\u0259bs edildi. Niy\u0259? \u00d6lk\u0259sinin 100 illik bayram\u0131n\u0131 dinc \u015f\u0259kild\u0259 ba\u015fqalar\u0131yla birg\u0259 qutlad\u0131\u011f\u0131 \u00fc\u00e7\u00fcn. H\u0259bsin r\u0259smi s\u0259b\u0259bi is\u0259 onun \u201ck\u00fc\u00e7\u0259d\u0259 \u00fcnvans\u0131z s\u00f6y\u00fc\u015f s\u00f6ym\u0259si\u201d idi. Onda bizi \u2013 aksiya\u00e7\u0131lar\u0131 bayram g\u0259zintisi \u00fc\u00e7\u00fcn bulvara buraxmad\u0131lar, Nat\u0259van\u0131n heyk\u0259li yan\u0131nda qar\u015f\u0131m\u0131z\u0131 k\u0259sib geri qaytard\u0131lar, sonra da\u011f\u0131l\u0131\u015fmaq \u00fc\u00e7\u00fcn \u0259ll\u0259rind\u0259n g\u0259l\u0259ni etdil\u0259r.<\/p>\n\n\n\n<p>Builki 28 May f\u0259rqli oldu Az\u0259rbaycanda. B\u0259li, C\u00fcmhuriy\u0259t G\u00fcn\u00fcn\u00fc ki\u00e7ik d\u0259st\u0259l\u0259rl\u0259 bir k\u0259ndd\u0259 ke\u00e7ir\u0259n adamlara qar\u015f\u0131 h\u0259dsiz q\u0259z\u0259b, nifr\u0259t vard\u0131 polisl\u0259rd\u0259, polis rejimi yaradan hakimiyy\u0259td\u0259. Ancaq el\u0259 h\u0259min g\u00fcn adamlar he\u00e7 bir problemsiz, qorxusuz-\u00fcrk\u00fcs\u00fcz d\u0259st\u0259l\u0259rl\u0259 k\u00fc\u00e7\u0259l\u0259r\u0259 ax\u0131\u015fd\u0131lar, h\u0259m d\u0259 \u015f\u0259h\u0259rin m\u0259rk\u0259zind\u0259, regionlarda bel\u0259. \u0130ctimai asayi\u015fi d\u0259 pozdular, yollar\u0131 da k\u0259sdil\u0259r, ma\u015f\u0131nlar\u0131n h\u0259r\u0259k\u0259tin\u0259 d\u0259 mane oldular, buna baxmayaraq, onlar\u0131n qar\u015f\u0131s\u0131na n\u0259 PPX, n\u0259 Daxili Qo\u015funlar, n\u0259 d\u0259 ordu \u00e7\u0131xar\u0131ld\u0131. Onlar siqnal ver\u0259-ver\u0259, \u015f\u00fcarlar s\u0259sl\u0259ndir\u0259-s\u0259sl\u0259ndir\u0259, paytaxt sakinl\u0259rinin rahatl\u0131\u011f\u0131n\u0131 poza-poza ist\u0259dikl\u0259ri q\u0259d\u0259r \u015f\u0259h\u0259rd\u0259 doland\u0131lar. \u00d6lk\u0259y\u0259 g\u0259tirilm\u0259si v\u0259 sat\u0131\u015f\u0131 qada\u011fan edil\u0259n fi\u015f\u0259ngl\u0259r d\u0259 atd\u0131lar. Fi\u015f\u0259ngd\u0259n yaralanan da oldu&#8230; Onlar \u00f6z \u00f6lk\u0259l\u0259rind\u0259 C\u00fcmhuriy\u0259t G\u00fcn\u00fcn\u00fc yox, T\u00fcrkiy\u0259d\u0259 se\u00e7kid\u0259 q\u0259l\u0259b\u0259 qazanan R\u0259c\u0259b Tayyib \u018frdo\u011fan\u0131n \u201cz\u0259f\u0259rini\u201d bayram edirdil\u0259r. He\u00e7 bir \u00f6lk\u0259d\u0259 bel\u0259 utancverici h\u0259r\u0259k\u0259t kims\u0259nin a\u011fl\u0131na g\u0259lm\u0259z. Ancaq az\u0259rbaycanl\u0131lar Bak\u0131 k\u00fc\u00e7\u0259l\u0259rind\u0259 bunu etdil\u0259r, 21 ildir hakimiyy\u0259t kreslosundan yap\u0131\u015f\u0131b onu buraxmaq ist\u0259m\u0259y\u0259n birinin \u015f\u0259r\u0259fin\u0259 \u015f\u00fcarlar dey\u0259-dey\u0259 oynad\u0131lar. T\u0259hsilsiz, manqurtla\u015fd\u0131r\u0131lm\u0131\u015f c\u0259miyy\u0259t \u00e7al\u0131nan b\u00fct\u00fcn havalara h\u0259v\u0259sl\u0259 oynay\u0131r, n\u0259y\u0259, hans\u0131 g\u00fcn\u00fcn\u0259 oynad\u0131\u011f\u0131n\u0131 bilm\u0259d\u0259n&#8230;<\/p>\n\n\n<div class=\"wp-block-image\">\n<figure class=\"aligncenter size-large\"><img decoding=\"async\" width=\"1097\" height=\"821\" data-src=\"https:\/\/www.meydan.tv\/wp-content\/uploads\/348358027_980435696639915_3265280827157250093_n-1097x821.jpg\" alt=\"\" class=\"wp-image-276456 lazyload\" src=\"data:image\/svg+xml;base64,PHN2ZyB3aWR0aD0iMSIgaGVpZ2h0PSIxIiB4bWxucz0iaHR0cDovL3d3dy53My5vcmcvMjAwMC9zdmciPjwvc3ZnPg==\" style=\"--smush-placeholder-width: 1097px; --smush-placeholder-aspect-ratio: 1097\/821;\" \/><figcaption class=\"wp-element-caption\">Fotolar: m\u00fc\u0259llifindir<\/figcaption><\/figure>\n<\/div>\n\n\n<p>Yeri g\u0259lmi\u015fk\u0259n, Bak\u0131da, 28 Mayda gec\u0259 adamlara s\u0259rb\u0259st topla\u015fmaq azadl\u0131\u011f\u0131 verilm\u0259si s\u0259b\u0259bsiz deyildi. Hakimiyy\u0259td\u0259kil\u0259r d\u0259 T\u00fcrkiy\u0259d\u0259ki se\u00e7kinin n\u0259tic\u0259l\u0259rin\u0259 sevinirdi. Yada salaq, birinci turda &#8211; 14 may se\u00e7kisind\u0259, n\u0259tic\u0259ni g\u00f6zl\u0259m\u0259d\u0259n \u0130lham \u018fliyev gec\u0259 saat 03.30-da \u018frdo\u011fana z\u0259ng vurub onu q\u0259l\u0259b\u0259 m\u00fcnasib\u0259ti il\u0259 t\u0259brik etmi\u015fdi, baxmayaraq ki, se\u00e7ki ikinci tura qalm\u0131\u015fd\u0131. May\u0131n 28-d\u0259 is\u0259 z\u0259ng daha tez \u2013 ax\u015fam saat 21.05-d\u0259 olmu\u015fdu. 22.45-d\u0259s\u0259 bizim, y\u0259ni xalq\u0131n ad\u0131ndan \u018frdo\u011fana t\u0259brik yaz\u0131lm\u0131\u015fd\u0131: \u201cYenid\u0259n qazan\u0131lan q\u0259l\u0259b\u0259 m\u00fcnasib\u0259til\u0259&#8230;\u201d.<\/p>\n\n\n\n<p>C\u00fcmhuriy\u0259t G\u00fcn\u00fcm\u00fcz qutlu olsun!<\/p>\n","protected":false},"excerpt":{"rendered":"<p>R\u00f6v\u015f\u0259n Hac\u0131b\u0259yli Fi\u015f\u0259ngl\u0259r C\u00fcmhuriy\u0259tin \u015f\u0259r\u0259fin\u0259 at\u0131lm\u0131rd\u013128 May Az\u0259rbaycan tarixind\u0259 \u0259n &#8230; <\/p>\n<p class=\"read-more-container\"><a title=\"28 Mayda at\u0259\u015ff\u0259\u015fanl\u0131q&#8230;\" class=\"read-more button\" href=\"https:\/\/www.meydan.tv\/az\/article\/28-mayda-atesfesanliq\/#more-276459\" aria-label=\"Read more about 28 Mayda at\u0259\u015ff\u0259\u015fanl\u0131q&#8230;\">Davam\u0131<\/a><\/p>\n","protected":false},"author":8,"featured_media":125837,"comment_status":"closed","ping_status":"closed","sticky":false,"template":"","format":"standard","meta":{"_acf_changed":false,"_sitemap_exclude":false,"_sitemap_priority":"","_sitemap_frequency":"","footnotes":""},"categories":[57],"tags":[],"class_list":["post-276459","post","type-post","status-publish","format-standard","has-post-thumbnail","hentry","category-menim-fikrimce","infinite-scroll-item","generate-columns","tablet-grid-50","mobile-grid-100","grid-parent","grid-33","no-featured-image-padding"],"acf":[],"yoast_head":"<!-- This site is optimized with the Yoast SEO plugin v27.4 - https:\/\/yoast.com\/product\/yoast-seo-wordpress\/ -->\n<title>28 Mayda at\u0259\u015ff\u0259\u015fanl\u0131q... - MEYDAN.TV<\/title>\n<meta name=\"robots\" content=\"index, follow, max-snippet:-1, max-image-preview:large, max-video-preview:-1\" \/>\n<link rel=\"canonical\" href=\"https:\/\/www.meydan.tv\/az\/article\/28-mayda-atesfesanliq\/\" \/>\n<meta property=\"og:locale\" content=\"az_AZ\" \/>\n<meta property=\"og:type\" content=\"article\" \/>\n<meta property=\"og:title\" content=\"28 Mayda at\u0259\u015ff\u0259\u015fanl\u0131q... - MEYDAN.TV\" \/>\n<meta property=\"og:description\" content=\"R\u00f6v\u015f\u0259n Hac\u0131b\u0259yli Fi\u015f\u0259ngl\u0259r C\u00fcmhuriy\u0259tin \u015f\u0259r\u0259fin\u0259 at\u0131lm\u0131rd\u013128 May Az\u0259rbaycan tarixind\u0259 \u0259n ... Davam\u0131\" \/>\n<meta property=\"og:url\" content=\"https:\/\/www.meydan.tv\/az\/article\/28-mayda-atesfesanliq\/\" \/>\n<meta property=\"og:site_name\" content=\"MEYDAN.TV\" \/>\n<meta property=\"article:published_time\" content=\"2023-05-30T11:34:09+00:00\" \/>\n<meta property=\"article:modified_time\" content=\"2023-05-30T11:34:12+00:00\" \/>\n<meta property=\"og:image\" content=\"https:\/\/www.meydan.tv\/wp-content\/uploads\/image_from_ios_unrqckb.original-scaled-e1685106480202.jpg\" \/>\n\t<meta property=\"og:image:width\" content=\"2560\" \/>\n\t<meta property=\"og:image:height\" content=\"1228\" \/>\n\t<meta property=\"og:image:type\" content=\"image\/jpeg\" \/>\n<meta name=\"author\" content=\"elli\" \/>\n<meta name=\"twitter:card\" content=\"summary_large_image\" \/>\n<meta name=\"twitter:creator\" content=\"@elli\" \/>\n<script type=\"application\/ld+json\" class=\"yoast-schema-graph\">{\"@context\":\"https:\\\/\\\/schema.org\",\"@graph\":[{\"@type\":\"Article\",\"@id\":\"https:\\\/\\\/www.meydan.tv\\\/az\\\/article\\\/28-mayda-atesfesanliq\\\/#article\",\"isPartOf\":{\"@id\":\"https:\\\/\\\/www.meydan.tv\\\/az\\\/article\\\/28-mayda-atesfesanliq\\\/\"},\"author\":{\"name\":\"elli\",\"@id\":\"https:\\\/\\\/www.meydan.tv\\\/az\\\/#\\\/schema\\\/person\\\/9cdbecf90d17180ce1dfbd95b08dcf47\"},\"headline\":\"28 Mayda at\u0259\u015ff\u0259\u015fanl\u0131q&#8230;\",\"datePublished\":\"2023-05-30T11:34:09+00:00\",\"dateModified\":\"2023-05-30T11:34:12+00:00\",\"mainEntityOfPage\":{\"@id\":\"https:\\\/\\\/www.meydan.tv\\\/az\\\/article\\\/28-mayda-atesfesanliq\\\/\"},\"wordCount\":997,\"publisher\":{\"@id\":\"https:\\\/\\\/www.meydan.tv\\\/az\\\/#organization\"},\"image\":{\"@id\":\"https:\\\/\\\/www.meydan.tv\\\/az\\\/article\\\/28-mayda-atesfesanliq\\\/#primaryimage\"},\"thumbnailUrl\":\"https:\\\/\\\/www.meydan.tv\\\/wp-content\\\/uploads\\\/image_from_ios_unrqckb.original-scaled-e1685106480202.jpg\",\"articleSection\":[\"M\u0259nim Fikrimc\u0259\"],\"inLanguage\":\"az\"},{\"@type\":\"WebPage\",\"@id\":\"https:\\\/\\\/www.meydan.tv\\\/az\\\/article\\\/28-mayda-atesfesanliq\\\/\",\"url\":\"https:\\\/\\\/www.meydan.tv\\\/az\\\/article\\\/28-mayda-atesfesanliq\\\/\",\"name\":\"28 Mayda at\u0259\u015ff\u0259\u015fanl\u0131q... - MEYDAN.TV\",\"isPartOf\":{\"@id\":\"https:\\\/\\\/www.meydan.tv\\\/az\\\/#website\"},\"primaryImageOfPage\":{\"@id\":\"https:\\\/\\\/www.meydan.tv\\\/az\\\/article\\\/28-mayda-atesfesanliq\\\/#primaryimage\"},\"image\":{\"@id\":\"https:\\\/\\\/www.meydan.tv\\\/az\\\/article\\\/28-mayda-atesfesanliq\\\/#primaryimage\"},\"thumbnailUrl\":\"https:\\\/\\\/www.meydan.tv\\\/wp-content\\\/uploads\\\/image_from_ios_unrqckb.original-scaled-e1685106480202.jpg\",\"datePublished\":\"2023-05-30T11:34:09+00:00\",\"dateModified\":\"2023-05-30T11:34:12+00:00\",\"breadcrumb\":{\"@id\":\"https:\\\/\\\/www.meydan.tv\\\/az\\\/article\\\/28-mayda-atesfesanliq\\\/#breadcrumb\"},\"inLanguage\":\"az\",\"potentialAction\":[{\"@type\":\"ReadAction\",\"target\":[\"https:\\\/\\\/www.meydan.tv\\\/az\\\/article\\\/28-mayda-atesfesanliq\\\/\"]}]},{\"@type\":\"ImageObject\",\"inLanguage\":\"az\",\"@id\":\"https:\\\/\\\/www.meydan.tv\\\/az\\\/article\\\/28-mayda-atesfesanliq\\\/#primaryimage\",\"url\":\"https:\\\/\\\/www.meydan.tv\\\/wp-content\\\/uploads\\\/image_from_ios_unrqckb.original-scaled-e1685106480202.jpg\",\"contentUrl\":\"https:\\\/\\\/www.meydan.tv\\\/wp-content\\\/uploads\\\/image_from_ios_unrqckb.original-scaled-e1685106480202.jpg\",\"width\":2560,\"height\":1228,\"caption\":\"M\u0259nb\u0259: Meydan TV\"},{\"@type\":\"BreadcrumbList\",\"@id\":\"https:\\\/\\\/www.meydan.tv\\\/az\\\/article\\\/28-mayda-atesfesanliq\\\/#breadcrumb\",\"itemListElement\":[{\"@type\":\"ListItem\",\"position\":1,\"name\":\"Ana s\u0259hif\u0259\",\"item\":\"https:\\\/\\\/www.meydan.tv\\\/az\\\/\"},{\"@type\":\"ListItem\",\"position\":2,\"name\":\"M\u0259nim Fikrimc\u0259\",\"item\":\"https:\\\/\\\/www.meydan.tv\\\/az\\\/section\\\/menim-fikrimce\\\/\"},{\"@type\":\"ListItem\",\"position\":3,\"name\":\"28 Mayda at\u0259\u015ff\u0259\u015fanl\u0131q&#8230;\"}]},{\"@type\":\"WebSite\",\"@id\":\"https:\\\/\\\/www.meydan.tv\\\/az\\\/#website\",\"url\":\"https:\\\/\\\/www.meydan.tv\\\/az\\\/\",\"name\":\"MEYDAN.TV\",\"description\":\"Meydan TV Az\u0259rbaycan\u0131n media m\u0259kan\u0131ndak\u0131 alternativ s\u0259sidir\",\"publisher\":{\"@id\":\"https:\\\/\\\/www.meydan.tv\\\/az\\\/#organization\"},\"potentialAction\":[{\"@type\":\"SearchAction\",\"target\":{\"@type\":\"EntryPoint\",\"urlTemplate\":\"https:\\\/\\\/www.meydan.tv\\\/az\\\/?s={search_term_string}\"},\"query-input\":{\"@type\":\"PropertyValueSpecification\",\"valueRequired\":true,\"valueName\":\"search_term_string\"}}],\"inLanguage\":\"az\"},{\"@type\":\"Organization\",\"@id\":\"https:\\\/\\\/www.meydan.tv\\\/az\\\/#organization\",\"name\":\"Meydan TV\",\"url\":\"https:\\\/\\\/www.meydan.tv\\\/az\\\/\",\"logo\":{\"@type\":\"ImageObject\",\"inLanguage\":\"az\",\"@id\":\"https:\\\/\\\/www.meydan.tv\\\/az\\\/#\\\/schema\\\/logo\\\/image\\\/\",\"url\":\"https:\\\/\\\/www.meydan.tv\\\/wp-content\\\/uploads\\\/2021\\\/07\\\/meydan-logo.svg\",\"contentUrl\":\"https:\\\/\\\/www.meydan.tv\\\/wp-content\\\/uploads\\\/2021\\\/07\\\/meydan-logo.svg\",\"width\":195,\"height\":46,\"caption\":\"Meydan TV\"},\"image\":{\"@id\":\"https:\\\/\\\/www.meydan.tv\\\/az\\\/#\\\/schema\\\/logo\\\/image\\\/\"}},{\"@type\":\"Person\",\"@id\":\"https:\\\/\\\/www.meydan.tv\\\/az\\\/#\\\/schema\\\/person\\\/9cdbecf90d17180ce1dfbd95b08dcf47\",\"name\":\"elli\",\"sameAs\":[\"https:\\\/\\\/x.com\\\/elli\"]}]}<\/script>\n<!-- \/ Yoast SEO plugin. -->","yoast_head_json":{"title":"28 Mayda at\u0259\u015ff\u0259\u015fanl\u0131q... - MEYDAN.TV","robots":{"index":"index","follow":"follow","max-snippet":"max-snippet:-1","max-image-preview":"max-image-preview:large","max-video-preview":"max-video-preview:-1"},"canonical":"https:\/\/www.meydan.tv\/az\/article\/28-mayda-atesfesanliq\/","og_locale":"az_AZ","og_type":"article","og_title":"28 Mayda at\u0259\u015ff\u0259\u015fanl\u0131q... - MEYDAN.TV","og_description":"R\u00f6v\u015f\u0259n Hac\u0131b\u0259yli Fi\u015f\u0259ngl\u0259r C\u00fcmhuriy\u0259tin \u015f\u0259r\u0259fin\u0259 at\u0131lm\u0131rd\u013128 May Az\u0259rbaycan tarixind\u0259 \u0259n ... Davam\u0131","og_url":"https:\/\/www.meydan.tv\/az\/article\/28-mayda-atesfesanliq\/","og_site_name":"MEYDAN.TV","article_published_time":"2023-05-30T11:34:09+00:00","article_modified_time":"2023-05-30T11:34:12+00:00","og_image":[{"width":2560,"height":1228,"url":"https:\/\/www.meydan.tv\/wp-content\/uploads\/image_from_ios_unrqckb.original-scaled-e1685106480202.jpg","type":"image\/jpeg"}],"author":"elli","twitter_card":"summary_large_image","twitter_creator":"@elli","schema":{"@context":"https:\/\/schema.org","@graph":[{"@type":"Article","@id":"https:\/\/www.meydan.tv\/az\/article\/28-mayda-atesfesanliq\/#article","isPartOf":{"@id":"https:\/\/www.meydan.tv\/az\/article\/28-mayda-atesfesanliq\/"},"author":{"name":"elli","@id":"https:\/\/www.meydan.tv\/az\/#\/schema\/person\/9cdbecf90d17180ce1dfbd95b08dcf47"},"headline":"28 Mayda at\u0259\u015ff\u0259\u015fanl\u0131q&#8230;","datePublished":"2023-05-30T11:34:09+00:00","dateModified":"2023-05-30T11:34:12+00:00","mainEntityOfPage":{"@id":"https:\/\/www.meydan.tv\/az\/article\/28-mayda-atesfesanliq\/"},"wordCount":997,"publisher":{"@id":"https:\/\/www.meydan.tv\/az\/#organization"},"image":{"@id":"https:\/\/www.meydan.tv\/az\/article\/28-mayda-atesfesanliq\/#primaryimage"},"thumbnailUrl":"https:\/\/www.meydan.tv\/wp-content\/uploads\/image_from_ios_unrqckb.original-scaled-e1685106480202.jpg","articleSection":["M\u0259nim Fikrimc\u0259"],"inLanguage":"az"},{"@type":"WebPage","@id":"https:\/\/www.meydan.tv\/az\/article\/28-mayda-atesfesanliq\/","url":"https:\/\/www.meydan.tv\/az\/article\/28-mayda-atesfesanliq\/","name":"28 Mayda at\u0259\u015ff\u0259\u015fanl\u0131q... - MEYDAN.TV","isPartOf":{"@id":"https:\/\/www.meydan.tv\/az\/#website"},"primaryImageOfPage":{"@id":"https:\/\/www.meydan.tv\/az\/article\/28-mayda-atesfesanliq\/#primaryimage"},"image":{"@id":"https:\/\/www.meydan.tv\/az\/article\/28-mayda-atesfesanliq\/#primaryimage"},"thumbnailUrl":"https:\/\/www.meydan.tv\/wp-content\/uploads\/image_from_ios_unrqckb.original-scaled-e1685106480202.jpg","datePublished":"2023-05-30T11:34:09+00:00","dateModified":"2023-05-30T11:34:12+00:00","breadcrumb":{"@id":"https:\/\/www.meydan.tv\/az\/article\/28-mayda-atesfesanliq\/#breadcrumb"},"inLanguage":"az","potentialAction":[{"@type":"ReadAction","target":["https:\/\/www.meydan.tv\/az\/article\/28-mayda-atesfesanliq\/"]}]},{"@type":"ImageObject","inLanguage":"az","@id":"https:\/\/www.meydan.tv\/az\/article\/28-mayda-atesfesanliq\/#primaryimage","url":"https:\/\/www.meydan.tv\/wp-content\/uploads\/image_from_ios_unrqckb.original-scaled-e1685106480202.jpg","contentUrl":"https:\/\/www.meydan.tv\/wp-content\/uploads\/image_from_ios_unrqckb.original-scaled-e1685106480202.jpg","width":2560,"height":1228,"caption":"M\u0259nb\u0259: Meydan TV"},{"@type":"BreadcrumbList","@id":"https:\/\/www.meydan.tv\/az\/article\/28-mayda-atesfesanliq\/#breadcrumb","itemListElement":[{"@type":"ListItem","position":1,"name":"Ana s\u0259hif\u0259","item":"https:\/\/www.meydan.tv\/az\/"},{"@type":"ListItem","position":2,"name":"M\u0259nim Fikrimc\u0259","item":"https:\/\/www.meydan.tv\/az\/section\/menim-fikrimce\/"},{"@type":"ListItem","position":3,"name":"28 Mayda at\u0259\u015ff\u0259\u015fanl\u0131q&#8230;"}]},{"@type":"WebSite","@id":"https:\/\/www.meydan.tv\/az\/#website","url":"https:\/\/www.meydan.tv\/az\/","name":"MEYDAN.TV","description":"Meydan TV Az\u0259rbaycan\u0131n media m\u0259kan\u0131ndak\u0131 alternativ s\u0259sidir","publisher":{"@id":"https:\/\/www.meydan.tv\/az\/#organization"},"potentialAction":[{"@type":"SearchAction","target":{"@type":"EntryPoint","urlTemplate":"https:\/\/www.meydan.tv\/az\/?s={search_term_string}"},"query-input":{"@type":"PropertyValueSpecification","valueRequired":true,"valueName":"search_term_string"}}],"inLanguage":"az"},{"@type":"Organization","@id":"https:\/\/www.meydan.tv\/az\/#organization","name":"Meydan TV","url":"https:\/\/www.meydan.tv\/az\/","logo":{"@type":"ImageObject","inLanguage":"az","@id":"https:\/\/www.meydan.tv\/az\/#\/schema\/logo\/image\/","url":"https:\/\/www.meydan.tv\/wp-content\/uploads\/2021\/07\/meydan-logo.svg","contentUrl":"https:\/\/www.meydan.tv\/wp-content\/uploads\/2021\/07\/meydan-logo.svg","width":195,"height":46,"caption":"Meydan TV"},"image":{"@id":"https:\/\/www.meydan.tv\/az\/#\/schema\/logo\/image\/"}},{"@type":"Person","@id":"https:\/\/www.meydan.tv\/az\/#\/schema\/person\/9cdbecf90d17180ce1dfbd95b08dcf47","name":"elli","sameAs":["https:\/\/x.com\/elli"]}]}},"_links":{"self":[{"href":"https:\/\/www.meydan.tv\/az\/wp-json\/wp\/v2\/posts\/276459","targetHints":{"allow":["GET"]}}],"collection":[{"href":"https:\/\/www.meydan.tv\/az\/wp-json\/wp\/v2\/posts"}],"about":[{"href":"https:\/\/www.meydan.tv\/az\/wp-json\/wp\/v2\/types\/post"}],"author":[{"embeddable":true,"href":"https:\/\/www.meydan.tv\/az\/wp-json\/wp\/v2\/users\/8"}],"replies":[{"embeddable":true,"href":"https:\/\/www.meydan.tv\/az\/wp-json\/wp\/v2\/comments?post=276459"}],"version-history":[{"count":1,"href":"https:\/\/www.meydan.tv\/az\/wp-json\/wp\/v2\/posts\/276459\/revisions"}],"predecessor-version":[{"id":276460,"href":"https:\/\/www.meydan.tv\/az\/wp-json\/wp\/v2\/posts\/276459\/revisions\/276460"}],"wp:featuredmedia":[{"embeddable":true,"href":"https:\/\/www.meydan.tv\/az\/wp-json\/wp\/v2\/media\/125837"}],"wp:attachment":[{"href":"https:\/\/www.meydan.tv\/az\/wp-json\/wp\/v2\/media?parent=276459"}],"wp:term":[{"taxonomy":"category","embeddable":true,"href":"https:\/\/www.meydan.tv\/az\/wp-json\/wp\/v2\/categories?post=276459"},{"taxonomy":"post_tag","embeddable":true,"href":"https:\/\/www.meydan.tv\/az\/wp-json\/wp\/v2\/tags?post=276459"}],"curies":[{"name":"wp","href":"https:\/\/api.w.org\/{rel}","templated":true}]}}