{"id":276425,"date":"2023-05-30T13:50:44","date_gmt":"2023-05-30T09:50:44","guid":{"rendered":"https:\/\/www.meydan.tv\/?p=276425"},"modified":"2023-05-30T13:50:46","modified_gmt":"2023-05-30T09:50:46","slug":"goycayda-yataqxana-kanalizasiya-islemir-otaga-su-damir-divarlar-nemislikden-qaralib","status":"publish","type":"post","link":"https:\/\/www.meydan.tv\/az\/article\/goycayda-yataqxana-kanalizasiya-islemir-otaga-su-damir-divarlar-nemislikden-qaralib\/","title":{"rendered":"G\u00f6y\u00e7ayda yataqxana: Kanalizasiya i\u015fl\u0259mir, ota\u011fa su dam\u0131r, divarlar n\u0259mi\u015flikd\u0259n qaral\u0131b&#8230;"},"content":{"rendered":"\n<p><\/p>\n\n\n\n<p><strong><em>Sakinl\u0259r deyir ki, yataqxana q\u0259zal\u0131 v\u0259ziyy\u0259td\u0259 olsa da, \u0259laq\u0259dar qurumlar maraqlanm\u0131r<\/em><\/strong><\/p>\n\n\n\n<p>G\u00f6y\u00e7ay \u015f\u0259h\u0259r Heyd\u0259r \u018fliyev prospekti 209 \u00fcnvan\u0131nda yerl\u0259\u015f\u0259n yataqxanan\u0131n sakinl\u0259ri \u015f\u0259raitl\u0259rinin d\u00f6z\u00fclm\u0259z oldu\u011funu deyirl\u0259r.<\/p>\n\n\n\n<p>Yataqxana 106 sayl\u0131 pe\u015f\u0259 litseyin\u0259 m\u0259xsusdur.<\/p>\n\n\n\n<p>20 ild\u0259n art\u0131qd\u0131r burada ya\u015fayan Valid\u0259 R\u0259himova deyir ki, \u015fikay\u0259t ets\u0259l\u0259r d\u0259, s\u0259sl\u0259rini e\u015fid\u0259n yoxdur.<\/p>\n\n\n\n<p><em>\u201c\u015e\u0259raitsizlik \u00fccbat\u0131ndan bir ne\u00e7\u0259 il \u0259vv\u0259l yeniyetm\u0259 n\u0259v\u0259m x\u0259st\u0259l\u0259n\u0259r\u0259k \u00f6ld\u00fc. H\u0259r d\u0259f\u0259 \u015fikay\u0259t edirik, uzaqba\u015f\u0131 v\u0259dl\u0259r ver\u0259r\u0259k yola sal\u0131rlar. D\u00f6z\u00fclm\u0259z \u015f\u0259raitd\u0259 ya\u015fay\u0131r\u0131q\u201d,<\/em> &#8211; qad\u0131n bildirib.<br>Yataqxanan\u0131n kanalizasiya sistemi i\u015fl\u0259mir. Bina uzun ill\u0259rdir t\u0259mir edilm\u0259diyind\u0259n q\u0259zal\u0131 v\u0259ziyy\u0259t\u0259 d\u00fc\u015f\u00fcb. Binan\u0131n dam\u0131, d\u00f6\u015f\u0259m\u0259si s\u0131radan \u00e7\u0131x\u0131b. Divarlar\u0131n r\u0259ngi n\u0259mi\u015flikd\u0259n qara boya \u00e7\u0259kilmi\u015f kimi qaral\u0131b.<\/p>\n\n\n\n<figure class=\"wp-block-image size-full\"><img decoding=\"async\" width=\"828\" height=\"373\" data-src=\"https:\/\/www.meydan.tv\/wp-content\/uploads\/ffa4cff2-b85e-4f0d-bb98-c213ce611539.jpg\" alt=\"\" class=\"wp-image-276419 lazyload\" src=\"data:image\/svg+xml;base64,PHN2ZyB3aWR0aD0iMSIgaGVpZ2h0PSIxIiB4bWxucz0iaHR0cDovL3d3dy53My5vcmcvMjAwMC9zdmciPjwvc3ZnPg==\" style=\"--smush-placeholder-width: 828px; --smush-placeholder-aspect-ratio: 828\/373;\" \/><\/figure>\n\n\n\n<p>\u201c<em>Binan\u0131n yuxar\u0131 m\u0259rt\u0259b\u0259sind\u0259n kanalizasiya suyu birba\u015fa a\u015fa\u011f\u0131da olan evl\u0259rin i\u00e7in\u0259 ax\u0131r. Divarlar n\u0259mi\u015flikd\u0259n ovulub t\u00f6k\u00fcl\u00fcr. Evin h\u0259r t\u0259r\u0259fini torbalarla \u00f6rtm\u00fc\u015f\u00fck ki, ba\u015f\u0131m\u0131za \u00e7irkab sular axmas\u0131n. Ya\u011f\u0131\u015f ya\u011fanda birinci m\u0259rt\u0259b\u0259y\u0259 q\u0259d\u0259r su dam\u0131r\u201d,<\/em> &#8211; V.R\u0259himova bildirib.<\/p>\n\n\n\n<p>\u015eikay\u0259t\u00e7i deyib ki, d\u0259f\u0259l\u0259rl\u0259 G\u00f6y\u00e7ay Su Kanal \u0130dar\u0259sin\u0259 m\u00fcraci\u0259t ets\u0259l\u0259r d\u0259, problem\u0259 \u00e7ar\u0259 tap\u0131lmay\u0131b. \u0130ll\u0259r ke\u00e7dikc\u0259, bina daha da yarars\u0131z hala d\u00fc\u015f\u00fcr, h\u0259yatlar\u0131 \u00fc\u00e7\u00fcn t\u0259hl\u00fck\u0259 art\u0131r:<\/p>\n\n\n\n<figure class=\"wp-block-image size-full\"><img decoding=\"async\" width=\"1200\" height=\"515\" data-src=\"https:\/\/www.meydan.tv\/wp-content\/uploads\/50e3cdcf-55a9-4573-9a29-bf8a43db2113.jpg\" alt=\"\" class=\"wp-image-276422 lazyload\" src=\"data:image\/svg+xml;base64,PHN2ZyB3aWR0aD0iMSIgaGVpZ2h0PSIxIiB4bWxucz0iaHR0cDovL3d3dy53My5vcmcvMjAwMC9zdmciPjwvc3ZnPg==\" style=\"--smush-placeholder-width: 1200px; --smush-placeholder-aspect-ratio: 1200\/515;\" \/><\/figure>\n\n\n\n<p><em>\u201cH\u0259tta suyun vaxt\u0131- vaxt\u0131nda verilm\u0259si il\u0259 ba\u011fl\u0131 m\u00fcraci\u0259tl\u0259rimiz\u0259 d\u0259 baxan yoxdur. \u0130dar\u0259d\u0259n deyirl\u0259r ki, balansda kifay\u0259t q\u0259d\u0259r v\u0259sait olmad\u0131\u011f\u0131 \u00fc\u00e7\u00fcn t\u0259dbir g\u00f6r\u0259 bilmirl\u0259r. B\u0259s ne\u00e7\u0259 il bu d\u00f6z\u00fclm\u0259z \u015f\u0259raitd\u0259 ya\u015fayaca\u011f\u0131q?\u201d.<\/em><\/p>\n\n\n\n<p>G\u00f6y\u00e7ay Su Kanal \u0130dar\u0259sind\u0259n Meydan TV-y\u0259 bildiribl\u0259r ki, v\u0259ziyy\u0259td\u0259n x\u0259b\u0259rdard\u0131lar. Amma n\u0259 vaxt t\u0259dbir g\u00f6r\u00fcl\u0259c\u0259yi il\u0259 ba\u011fl\u0131 sual cavabland\u0131r\u0131lmay\u0131b. Litseyd\u0259n d\u0259 yataqxanadak\u0131 v\u0259ziyy\u0259td\u0259n x\u0259b\u0259rdar olduqlar\u0131n\u0131, bununla ba\u011fl\u0131 he\u00e7 bir t\u0259dbir g\u00f6r\u0259 bilm\u0259dikl\u0259rini deyibl\u0259r.<br>G\u00f6y\u00e7ay Rayon \u0130cra Hakimiyy\u0259tind\u0259n sor\u011funu cavabland\u0131rmay\u0131blar.<\/p>\n","protected":false},"excerpt":{"rendered":"<p>Sakinl\u0259r deyir ki, yataqxana q\u0259zal\u0131 v\u0259ziyy\u0259td\u0259 olsa da, \u0259laq\u0259dar qurumlar &#8230; <\/p>\n<p class=\"read-more-container\"><a title=\"G\u00f6y\u00e7ayda yataqxana: Kanalizasiya i\u015fl\u0259mir, ota\u011fa su dam\u0131r, divarlar n\u0259mi\u015flikd\u0259n qaral\u0131b&#8230;\" class=\"read-more button\" href=\"https:\/\/www.meydan.tv\/az\/article\/goycayda-yataqxana-kanalizasiya-islemir-otaga-su-damir-divarlar-nemislikden-qaralib\/#more-276425\" aria-label=\"Read more about G\u00f6y\u00e7ayda yataqxana: Kanalizasiya i\u015fl\u0259mir, ota\u011fa su dam\u0131r, divarlar n\u0259mi\u015flikd\u0259n qaral\u0131b&#8230;\">Davam\u0131<\/a><\/p>\n","protected":false},"author":8,"featured_media":276416,"comment_status":"closed","ping_status":"closed","sticky":false,"template":"","format":"standard","meta":{"_acf_changed":false,"_sitemap_exclude":false,"_sitemap_priority":"","_sitemap_frequency":"","footnotes":""},"categories":[60,79,56],"tags":[],"class_list":["post-276425","post","type-post","status-publish","format-standard","has-post-thumbnail","hentry","category-bolge","category-featured","category-xeberler","infinite-scroll-item","generate-columns","tablet-grid-50","mobile-grid-100","grid-parent","grid-33","no-featured-image-padding"],"acf":[],"yoast_head":"<!-- This site is optimized with the Yoast SEO plugin v27.5 - https:\/\/yoast.com\/product\/yoast-seo-wordpress\/ -->\n<title>G\u00f6y\u00e7ayda yataqxana: Kanalizasiya i\u015fl\u0259mir, ota\u011fa su dam\u0131r, divarlar n\u0259mi\u015flikd\u0259n qaral\u0131b... - MEYDAN.TV<\/title>\n<meta name=\"robots\" content=\"index, follow, max-snippet:-1, max-image-preview:large, max-video-preview:-1\" \/>\n<link rel=\"canonical\" href=\"https:\/\/www.meydan.tv\/az\/article\/goycayda-yataqxana-kanalizasiya-islemir-otaga-su-damir-divarlar-nemislikden-qaralib\/\" \/>\n<meta property=\"og:locale\" content=\"az_AZ\" \/>\n<meta property=\"og:type\" content=\"article\" \/>\n<meta property=\"og:title\" content=\"G\u00f6y\u00e7ayda yataqxana: Kanalizasiya i\u015fl\u0259mir, ota\u011fa su dam\u0131r, divarlar n\u0259mi\u015flikd\u0259n qaral\u0131b... - MEYDAN.TV\" \/>\n<meta property=\"og:description\" content=\"Sakinl\u0259r deyir ki, yataqxana q\u0259zal\u0131 v\u0259ziyy\u0259td\u0259 olsa da, \u0259laq\u0259dar qurumlar ... Davam\u0131\" \/>\n<meta property=\"og:url\" content=\"https:\/\/www.meydan.tv\/az\/article\/goycayda-yataqxana-kanalizasiya-islemir-otaga-su-damir-divarlar-nemislikden-qaralib\/\" \/>\n<meta property=\"og:site_name\" content=\"MEYDAN.TV\" \/>\n<meta property=\"article:published_time\" content=\"2023-05-30T09:50:44+00:00\" \/>\n<meta property=\"article:modified_time\" content=\"2023-05-30T09:50:46+00:00\" \/>\n<meta property=\"og:image\" content=\"https:\/\/www.meydan.tv\/wp-content\/uploads\/3979dd4e-4304-43da-8005-5f63a2d42e3e.jpg\" \/>\n\t<meta property=\"og:image:width\" content=\"1200\" \/>\n\t<meta property=\"og:image:height\" content=\"544\" \/>\n\t<meta property=\"og:image:type\" content=\"image\/jpeg\" \/>\n<meta name=\"author\" content=\"elli\" \/>\n<meta name=\"twitter:card\" content=\"summary_large_image\" \/>\n<meta name=\"twitter:creator\" content=\"@elli\" \/>\n<script type=\"application\/ld+json\" class=\"yoast-schema-graph\">{\"@context\":\"https:\\\/\\\/schema.org\",\"@graph\":[{\"@type\":\"Article\",\"@id\":\"https:\\\/\\\/www.meydan.tv\\\/az\\\/article\\\/goycayda-yataqxana-kanalizasiya-islemir-otaga-su-damir-divarlar-nemislikden-qaralib\\\/#article\",\"isPartOf\":{\"@id\":\"https:\\\/\\\/www.meydan.tv\\\/az\\\/article\\\/goycayda-yataqxana-kanalizasiya-islemir-otaga-su-damir-divarlar-nemislikden-qaralib\\\/\"},\"author\":{\"name\":\"elli\",\"@id\":\"https:\\\/\\\/www.meydan.tv\\\/az\\\/#\\\/schema\\\/person\\\/9cdbecf90d17180ce1dfbd95b08dcf47\"},\"headline\":\"G\u00f6y\u00e7ayda yataqxana: Kanalizasiya i\u015fl\u0259mir, ota\u011fa su dam\u0131r, divarlar n\u0259mi\u015flikd\u0259n qaral\u0131b&#8230;\",\"datePublished\":\"2023-05-30T09:50:44+00:00\",\"dateModified\":\"2023-05-30T09:50:46+00:00\",\"mainEntityOfPage\":{\"@id\":\"https:\\\/\\\/www.meydan.tv\\\/az\\\/article\\\/goycayda-yataqxana-kanalizasiya-islemir-otaga-su-damir-divarlar-nemislikden-qaralib\\\/\"},\"wordCount\":441,\"publisher\":{\"@id\":\"https:\\\/\\\/www.meydan.tv\\\/az\\\/#organization\"},\"image\":{\"@id\":\"https:\\\/\\\/www.meydan.tv\\\/az\\\/article\\\/goycayda-yataqxana-kanalizasiya-islemir-otaga-su-damir-divarlar-nemislikden-qaralib\\\/#primaryimage\"},\"thumbnailUrl\":\"https:\\\/\\\/www.meydan.tv\\\/wp-content\\\/uploads\\\/3979dd4e-4304-43da-8005-5f63a2d42e3e.jpg\",\"articleSection\":[\"B\u00f6lg\u0259\",\"T\u00f6vsiy\u0259\",\"X\u0259b\u0259rl\u0259r\"],\"inLanguage\":\"az\"},{\"@type\":\"WebPage\",\"@id\":\"https:\\\/\\\/www.meydan.tv\\\/az\\\/article\\\/goycayda-yataqxana-kanalizasiya-islemir-otaga-su-damir-divarlar-nemislikden-qaralib\\\/\",\"url\":\"https:\\\/\\\/www.meydan.tv\\\/az\\\/article\\\/goycayda-yataqxana-kanalizasiya-islemir-otaga-su-damir-divarlar-nemislikden-qaralib\\\/\",\"name\":\"G\u00f6y\u00e7ayda yataqxana: Kanalizasiya i\u015fl\u0259mir, ota\u011fa su dam\u0131r, divarlar n\u0259mi\u015flikd\u0259n qaral\u0131b... - MEYDAN.TV\",\"isPartOf\":{\"@id\":\"https:\\\/\\\/www.meydan.tv\\\/az\\\/#website\"},\"primaryImageOfPage\":{\"@id\":\"https:\\\/\\\/www.meydan.tv\\\/az\\\/article\\\/goycayda-yataqxana-kanalizasiya-islemir-otaga-su-damir-divarlar-nemislikden-qaralib\\\/#primaryimage\"},\"image\":{\"@id\":\"https:\\\/\\\/www.meydan.tv\\\/az\\\/article\\\/goycayda-yataqxana-kanalizasiya-islemir-otaga-su-damir-divarlar-nemislikden-qaralib\\\/#primaryimage\"},\"thumbnailUrl\":\"https:\\\/\\\/www.meydan.tv\\\/wp-content\\\/uploads\\\/3979dd4e-4304-43da-8005-5f63a2d42e3e.jpg\",\"datePublished\":\"2023-05-30T09:50:44+00:00\",\"dateModified\":\"2023-05-30T09:50:46+00:00\",\"breadcrumb\":{\"@id\":\"https:\\\/\\\/www.meydan.tv\\\/az\\\/article\\\/goycayda-yataqxana-kanalizasiya-islemir-otaga-su-damir-divarlar-nemislikden-qaralib\\\/#breadcrumb\"},\"inLanguage\":\"az\",\"potentialAction\":[{\"@type\":\"ReadAction\",\"target\":[\"https:\\\/\\\/www.meydan.tv\\\/az\\\/article\\\/goycayda-yataqxana-kanalizasiya-islemir-otaga-su-damir-divarlar-nemislikden-qaralib\\\/\"]}]},{\"@type\":\"ImageObject\",\"inLanguage\":\"az\",\"@id\":\"https:\\\/\\\/www.meydan.tv\\\/az\\\/article\\\/goycayda-yataqxana-kanalizasiya-islemir-otaga-su-damir-divarlar-nemislikden-qaralib\\\/#primaryimage\",\"url\":\"https:\\\/\\\/www.meydan.tv\\\/wp-content\\\/uploads\\\/3979dd4e-4304-43da-8005-5f63a2d42e3e.jpg\",\"contentUrl\":\"https:\\\/\\\/www.meydan.tv\\\/wp-content\\\/uploads\\\/3979dd4e-4304-43da-8005-5f63a2d42e3e.jpg\",\"width\":1200,\"height\":544,\"caption\":\"Fotolar: Meydan TV\"},{\"@type\":\"BreadcrumbList\",\"@id\":\"https:\\\/\\\/www.meydan.tv\\\/az\\\/article\\\/goycayda-yataqxana-kanalizasiya-islemir-otaga-su-damir-divarlar-nemislikden-qaralib\\\/#breadcrumb\",\"itemListElement\":[{\"@type\":\"ListItem\",\"position\":1,\"name\":\"Ana s\u0259hif\u0259\",\"item\":\"https:\\\/\\\/www.meydan.tv\\\/az\\\/\"},{\"@type\":\"ListItem\",\"position\":2,\"name\":\"B\u00f6lg\u0259\",\"item\":\"https:\\\/\\\/www.meydan.tv\\\/az\\\/section\\\/bolge\\\/\"},{\"@type\":\"ListItem\",\"position\":3,\"name\":\"G\u00f6y\u00e7ayda yataqxana: Kanalizasiya i\u015fl\u0259mir, ota\u011fa su dam\u0131r, divarlar n\u0259mi\u015flikd\u0259n qaral\u0131b&#8230;\"}]},{\"@type\":\"WebSite\",\"@id\":\"https:\\\/\\\/www.meydan.tv\\\/az\\\/#website\",\"url\":\"https:\\\/\\\/www.meydan.tv\\\/az\\\/\",\"name\":\"MEYDAN.TV\",\"description\":\"Meydan TV Az\u0259rbaycan\u0131n media m\u0259kan\u0131ndak\u0131 alternativ s\u0259sidir\",\"publisher\":{\"@id\":\"https:\\\/\\\/www.meydan.tv\\\/az\\\/#organization\"},\"potentialAction\":[{\"@type\":\"SearchAction\",\"target\":{\"@type\":\"EntryPoint\",\"urlTemplate\":\"https:\\\/\\\/www.meydan.tv\\\/az\\\/?s={search_term_string}\"},\"query-input\":{\"@type\":\"PropertyValueSpecification\",\"valueRequired\":true,\"valueName\":\"search_term_string\"}}],\"inLanguage\":\"az\"},{\"@type\":\"Organization\",\"@id\":\"https:\\\/\\\/www.meydan.tv\\\/az\\\/#organization\",\"name\":\"Meydan TV\",\"url\":\"https:\\\/\\\/www.meydan.tv\\\/az\\\/\",\"logo\":{\"@type\":\"ImageObject\",\"inLanguage\":\"az\",\"@id\":\"https:\\\/\\\/www.meydan.tv\\\/az\\\/#\\\/schema\\\/logo\\\/image\\\/\",\"url\":\"https:\\\/\\\/www.meydan.tv\\\/wp-content\\\/uploads\\\/2021\\\/07\\\/meydan-logo.svg\",\"contentUrl\":\"https:\\\/\\\/www.meydan.tv\\\/wp-content\\\/uploads\\\/2021\\\/07\\\/meydan-logo.svg\",\"width\":195,\"height\":46,\"caption\":\"Meydan TV\"},\"image\":{\"@id\":\"https:\\\/\\\/www.meydan.tv\\\/az\\\/#\\\/schema\\\/logo\\\/image\\\/\"}},{\"@type\":\"Person\",\"@id\":\"https:\\\/\\\/www.meydan.tv\\\/az\\\/#\\\/schema\\\/person\\\/9cdbecf90d17180ce1dfbd95b08dcf47\",\"name\":\"elli\",\"sameAs\":[\"https:\\\/\\\/x.com\\\/elli\"]}]}<\/script>\n<!-- \/ Yoast SEO plugin. -->","yoast_head_json":{"title":"G\u00f6y\u00e7ayda yataqxana: Kanalizasiya i\u015fl\u0259mir, ota\u011fa su dam\u0131r, divarlar n\u0259mi\u015flikd\u0259n qaral\u0131b... - MEYDAN.TV","robots":{"index":"index","follow":"follow","max-snippet":"max-snippet:-1","max-image-preview":"max-image-preview:large","max-video-preview":"max-video-preview:-1"},"canonical":"https:\/\/www.meydan.tv\/az\/article\/goycayda-yataqxana-kanalizasiya-islemir-otaga-su-damir-divarlar-nemislikden-qaralib\/","og_locale":"az_AZ","og_type":"article","og_title":"G\u00f6y\u00e7ayda yataqxana: Kanalizasiya i\u015fl\u0259mir, ota\u011fa su dam\u0131r, divarlar n\u0259mi\u015flikd\u0259n qaral\u0131b... - MEYDAN.TV","og_description":"Sakinl\u0259r deyir ki, yataqxana q\u0259zal\u0131 v\u0259ziyy\u0259td\u0259 olsa da, \u0259laq\u0259dar qurumlar ... Davam\u0131","og_url":"https:\/\/www.meydan.tv\/az\/article\/goycayda-yataqxana-kanalizasiya-islemir-otaga-su-damir-divarlar-nemislikden-qaralib\/","og_site_name":"MEYDAN.TV","article_published_time":"2023-05-30T09:50:44+00:00","article_modified_time":"2023-05-30T09:50:46+00:00","og_image":[{"width":1200,"height":544,"url":"https:\/\/www.meydan.tv\/wp-content\/uploads\/3979dd4e-4304-43da-8005-5f63a2d42e3e.jpg","type":"image\/jpeg"}],"author":"elli","twitter_card":"summary_large_image","twitter_creator":"@elli","schema":{"@context":"https:\/\/schema.org","@graph":[{"@type":"Article","@id":"https:\/\/www.meydan.tv\/az\/article\/goycayda-yataqxana-kanalizasiya-islemir-otaga-su-damir-divarlar-nemislikden-qaralib\/#article","isPartOf":{"@id":"https:\/\/www.meydan.tv\/az\/article\/goycayda-yataqxana-kanalizasiya-islemir-otaga-su-damir-divarlar-nemislikden-qaralib\/"},"author":{"name":"elli","@id":"https:\/\/www.meydan.tv\/az\/#\/schema\/person\/9cdbecf90d17180ce1dfbd95b08dcf47"},"headline":"G\u00f6y\u00e7ayda yataqxana: Kanalizasiya i\u015fl\u0259mir, ota\u011fa su dam\u0131r, divarlar n\u0259mi\u015flikd\u0259n qaral\u0131b&#8230;","datePublished":"2023-05-30T09:50:44+00:00","dateModified":"2023-05-30T09:50:46+00:00","mainEntityOfPage":{"@id":"https:\/\/www.meydan.tv\/az\/article\/goycayda-yataqxana-kanalizasiya-islemir-otaga-su-damir-divarlar-nemislikden-qaralib\/"},"wordCount":441,"publisher":{"@id":"https:\/\/www.meydan.tv\/az\/#organization"},"image":{"@id":"https:\/\/www.meydan.tv\/az\/article\/goycayda-yataqxana-kanalizasiya-islemir-otaga-su-damir-divarlar-nemislikden-qaralib\/#primaryimage"},"thumbnailUrl":"https:\/\/www.meydan.tv\/wp-content\/uploads\/3979dd4e-4304-43da-8005-5f63a2d42e3e.jpg","articleSection":["B\u00f6lg\u0259","T\u00f6vsiy\u0259","X\u0259b\u0259rl\u0259r"],"inLanguage":"az"},{"@type":"WebPage","@id":"https:\/\/www.meydan.tv\/az\/article\/goycayda-yataqxana-kanalizasiya-islemir-otaga-su-damir-divarlar-nemislikden-qaralib\/","url":"https:\/\/www.meydan.tv\/az\/article\/goycayda-yataqxana-kanalizasiya-islemir-otaga-su-damir-divarlar-nemislikden-qaralib\/","name":"G\u00f6y\u00e7ayda yataqxana: Kanalizasiya i\u015fl\u0259mir, ota\u011fa su dam\u0131r, divarlar n\u0259mi\u015flikd\u0259n qaral\u0131b... - MEYDAN.TV","isPartOf":{"@id":"https:\/\/www.meydan.tv\/az\/#website"},"primaryImageOfPage":{"@id":"https:\/\/www.meydan.tv\/az\/article\/goycayda-yataqxana-kanalizasiya-islemir-otaga-su-damir-divarlar-nemislikden-qaralib\/#primaryimage"},"image":{"@id":"https:\/\/www.meydan.tv\/az\/article\/goycayda-yataqxana-kanalizasiya-islemir-otaga-su-damir-divarlar-nemislikden-qaralib\/#primaryimage"},"thumbnailUrl":"https:\/\/www.meydan.tv\/wp-content\/uploads\/3979dd4e-4304-43da-8005-5f63a2d42e3e.jpg","datePublished":"2023-05-30T09:50:44+00:00","dateModified":"2023-05-30T09:50:46+00:00","breadcrumb":{"@id":"https:\/\/www.meydan.tv\/az\/article\/goycayda-yataqxana-kanalizasiya-islemir-otaga-su-damir-divarlar-nemislikden-qaralib\/#breadcrumb"},"inLanguage":"az","potentialAction":[{"@type":"ReadAction","target":["https:\/\/www.meydan.tv\/az\/article\/goycayda-yataqxana-kanalizasiya-islemir-otaga-su-damir-divarlar-nemislikden-qaralib\/"]}]},{"@type":"ImageObject","inLanguage":"az","@id":"https:\/\/www.meydan.tv\/az\/article\/goycayda-yataqxana-kanalizasiya-islemir-otaga-su-damir-divarlar-nemislikden-qaralib\/#primaryimage","url":"https:\/\/www.meydan.tv\/wp-content\/uploads\/3979dd4e-4304-43da-8005-5f63a2d42e3e.jpg","contentUrl":"https:\/\/www.meydan.tv\/wp-content\/uploads\/3979dd4e-4304-43da-8005-5f63a2d42e3e.jpg","width":1200,"height":544,"caption":"Fotolar: Meydan TV"},{"@type":"BreadcrumbList","@id":"https:\/\/www.meydan.tv\/az\/article\/goycayda-yataqxana-kanalizasiya-islemir-otaga-su-damir-divarlar-nemislikden-qaralib\/#breadcrumb","itemListElement":[{"@type":"ListItem","position":1,"name":"Ana s\u0259hif\u0259","item":"https:\/\/www.meydan.tv\/az\/"},{"@type":"ListItem","position":2,"name":"B\u00f6lg\u0259","item":"https:\/\/www.meydan.tv\/az\/section\/bolge\/"},{"@type":"ListItem","position":3,"name":"G\u00f6y\u00e7ayda yataqxana: Kanalizasiya i\u015fl\u0259mir, ota\u011fa su dam\u0131r, divarlar n\u0259mi\u015flikd\u0259n qaral\u0131b&#8230;"}]},{"@type":"WebSite","@id":"https:\/\/www.meydan.tv\/az\/#website","url":"https:\/\/www.meydan.tv\/az\/","name":"MEYDAN.TV","description":"Meydan TV Az\u0259rbaycan\u0131n media m\u0259kan\u0131ndak\u0131 alternativ s\u0259sidir","publisher":{"@id":"https:\/\/www.meydan.tv\/az\/#organization"},"potentialAction":[{"@type":"SearchAction","target":{"@type":"EntryPoint","urlTemplate":"https:\/\/www.meydan.tv\/az\/?s={search_term_string}"},"query-input":{"@type":"PropertyValueSpecification","valueRequired":true,"valueName":"search_term_string"}}],"inLanguage":"az"},{"@type":"Organization","@id":"https:\/\/www.meydan.tv\/az\/#organization","name":"Meydan TV","url":"https:\/\/www.meydan.tv\/az\/","logo":{"@type":"ImageObject","inLanguage":"az","@id":"https:\/\/www.meydan.tv\/az\/#\/schema\/logo\/image\/","url":"https:\/\/www.meydan.tv\/wp-content\/uploads\/2021\/07\/meydan-logo.svg","contentUrl":"https:\/\/www.meydan.tv\/wp-content\/uploads\/2021\/07\/meydan-logo.svg","width":195,"height":46,"caption":"Meydan TV"},"image":{"@id":"https:\/\/www.meydan.tv\/az\/#\/schema\/logo\/image\/"}},{"@type":"Person","@id":"https:\/\/www.meydan.tv\/az\/#\/schema\/person\/9cdbecf90d17180ce1dfbd95b08dcf47","name":"elli","sameAs":["https:\/\/x.com\/elli"]}]}},"_links":{"self":[{"href":"https:\/\/www.meydan.tv\/az\/wp-json\/wp\/v2\/posts\/276425","targetHints":{"allow":["GET"]}}],"collection":[{"href":"https:\/\/www.meydan.tv\/az\/wp-json\/wp\/v2\/posts"}],"about":[{"href":"https:\/\/www.meydan.tv\/az\/wp-json\/wp\/v2\/types\/post"}],"author":[{"embeddable":true,"href":"https:\/\/www.meydan.tv\/az\/wp-json\/wp\/v2\/users\/8"}],"replies":[{"embeddable":true,"href":"https:\/\/www.meydan.tv\/az\/wp-json\/wp\/v2\/comments?post=276425"}],"version-history":[{"count":1,"href":"https:\/\/www.meydan.tv\/az\/wp-json\/wp\/v2\/posts\/276425\/revisions"}],"predecessor-version":[{"id":276426,"href":"https:\/\/www.meydan.tv\/az\/wp-json\/wp\/v2\/posts\/276425\/revisions\/276426"}],"wp:featuredmedia":[{"embeddable":true,"href":"https:\/\/www.meydan.tv\/az\/wp-json\/wp\/v2\/media\/276416"}],"wp:attachment":[{"href":"https:\/\/www.meydan.tv\/az\/wp-json\/wp\/v2\/media?parent=276425"}],"wp:term":[{"taxonomy":"category","embeddable":true,"href":"https:\/\/www.meydan.tv\/az\/wp-json\/wp\/v2\/categories?post=276425"},{"taxonomy":"post_tag","embeddable":true,"href":"https:\/\/www.meydan.tv\/az\/wp-json\/wp\/v2\/tags?post=276425"}],"curies":[{"name":"wp","href":"https:\/\/api.w.org\/{rel}","templated":true}]}}