{"id":276408,"date":"2023-05-30T13:41:43","date_gmt":"2023-05-30T09:41:43","guid":{"rendered":"https:\/\/www.meydan.tv\/?p=276408"},"modified":"2023-05-30T13:41:46","modified_gmt":"2023-05-30T09:41:46","slug":"daskesen-sakini-sinemden-ele-vurublar-ele-bil-dusmen-balasiyam","status":"publish","type":"post","link":"https:\/\/www.meydan.tv\/az\/article\/daskesen-sakini-sinemden-ele-vurublar-ele-bil-dusmen-balasiyam\/","title":{"rendered":"Da\u015fk\u0259s\u0259n sakini: \u201cSin\u0259md\u0259n el\u0259 vurublar, el\u0259 bil d\u00fc\u015fm\u0259n balas\u0131yam&#8230;\u201d"},"content":{"rendered":"\n<p><\/p>\n\n\n\n<p><strong><em>Ruzi Ba\u011f\u0131rov: \u201cM\u0259n m\u00fcharib\u0259 veteran\u0131yam, medallar\u0131m da var, d\u00f6vl\u0259tin, mill\u0259tin m\u0259nafeyini qoruyanlara qar\u015f\u0131 m\u00fcnasib\u0259t budur?\u201d<\/em><\/strong><\/p>\n\n\n\n<p>Da\u015fk\u0259s\u0259n rayonunun Xo\u015fbulaq k\u0259nd sakinl\u0259ri deyir ki, k\u0259ndd\u0259ki \u00f6r\u00fc\u015f yerl\u0259ri tamam ba\u015fqa rayon v\u0259 \u015f\u0259h\u0259rl\u0259rd\u0259n olan s\u00fcr\u00fc sahibl\u0259rin\u0259 sat\u0131l\u0131b. Onlar\u0131n s\u00f6zl\u0259rin\u0259 g\u00f6r\u0259, rayon r\u0259hb\u0259rliyi buna etiraz ed\u0259nl\u0259ri is\u0259 polisl\u0259rin vasit\u0259siyl\u0259 c\u0259zaland\u0131r\u0131r. Xo\u015fbulaq sakinl\u0259ri bildirir ki, sonuncu d\u0259f\u0259 bel\u0259 hal may\u0131n 19-da ya\u015fan\u0131b v\u0259 n\u0259tic\u0259d\u0259 bir ne\u00e7\u0259 n\u0259f\u0259r polis zorak\u0131l\u0131\u011f\u0131na m\u0259ruz qal\u0131b.<\/p>\n\n\n\n<p><strong>\u201cM\u0259ni d\u00f6y\u0259-d\u00f6y\u0259 ma\u015f\u0131na bas\u0131b apard\u0131lar polis \u015f\u00f6b\u0259sin\u0259&#8230;\u201d<\/strong><\/p>\n\n\n\n<p>Bu bar\u0259d\u0259 Meydan TV-y\u0259 dan\u0131\u015fan k\u0259nd sakinl\u0259rind\u0259n Ruzi Ba\u011f\u0131rov deyir ki, zorak\u0131l\u0131\u011fa m\u0259ruz qalanlardan biri d\u0259 \u00f6z\u00fc olub. Qaraba\u011f m\u00fcharib\u0259si veteran\u0131 oldu\u011funu vur\u011fulayan Ba\u011f\u0131rovun s\u00f6zl\u0259rin\u0259 g\u00f6r\u0259, Xo\u015fbulaq sakinl\u0259ri dolan\u0131\u015f\u0131\u011f\u0131n\u0131 t\u0259s\u0259rr\u00fcfatla, heyvandarl\u0131qla t\u0259min etm\u0259y\u0259 \u00e7al\u0131\u015f\u0131r. Buna da imkan vermirl\u0259r.<\/p>\n\n\n\n<p>O, may\u0131n 19-da ya\u015fananlar\u0131 is\u0259 bel\u0259 xat\u0131rlay\u0131r:<\/p>\n\n\n\n<p><em>\u201cS\u0259h\u0259r saat 10-11 rad\u0259l\u0259rind\u0259 \u00f6r\u00fc\u015f sah\u0259sin\u0259 \u00e7atanda g\u00f6rd\u00fck ki, k\u0259nar bir adam \u00fc\u00e7\u00fcn orada \u00e7ad\u0131r tikirl\u0259r. Halbuki, ora k\u0259nd sakinl\u0259rinin, o c\u00fcml\u0259d\u0259n k\u0259ndimizd\u0259n olan \u015f\u0259hid ail\u0259l\u0259rinin \u00f6r\u00fc\u015f sah\u0259l\u0259ridir. Biz k\u0259nd camaat\u0131 olaraq, buna etiraz el\u0259dik ki, bura bizim ot t\u0259dar\u00fck el\u0259diyimiz yerdir. Bu zaman polis ma\u015f\u0131nlar\u0131yla polisl\u0259r g\u0259ldi. 5 n\u0259f\u0259r k\u0259nd sakinini, o c\u00fcml\u0259d\u0259n m\u0259ni d\u00f6y\u0259-d\u00f6y\u0259 ma\u015f\u0131na bas\u0131b apard\u0131lar polis \u015f\u00f6b\u0259sin\u0259\u201d.<\/em><\/p>\n\n\n\n<p>33 ya\u015fl\u0131 Ruzi Ba\u011f\u0131rov deyir ki, h\u0259m yolda apar\u0131landa, h\u0259m d\u0259 sonradan polis \u015f\u00f6b\u0259sind\u0259 polisl\u0259r t\u0259r\u0259find\u0259n d\u00f6y\u00fcl\u00fcb. Onun s\u00f6zl\u0259rin\u0259 g\u00f6r\u0259, bir g\u00fcn polis \u015f\u00f6b\u0259sind\u0259 saxland\u0131qdan sonra may\u0131n 20-d\u0259 burax\u0131l\u0131b. \u00dcz\u0259rind\u0259ki x\u0259sar\u0259t izl\u0259rinin qeyd\u0259 al\u0131nmas\u0131ndan \u00f6tr\u00fc ekspertizadan ke\u00e7m\u0259k ist\u0259yib, prokurorlu\u011fa da m\u00fcraci\u0259t edib ki, ona g\u00f6nd\u0259ri\u015f verilsin:<\/p>\n\n\n\n<p><em>\u201cM\u0259niml\u0259 birlikd\u0259 olan daha bir n\u0259f\u0259rl\u0259 prokurorlu\u011fa getdik. Orada dedil\u0259r ki, g\u00f6nd\u0259ri\u015fi polisd\u0259n al\u0131n. Biz polisin h\u0259r\u0259k\u0259tind\u0259n \u015fikay\u0259t\u00e7iyiks\u0259, ged\u0259k polis\u0259 dey\u0259k ki, biz\u0259 sizin h\u0259r\u0259k\u0259tl\u0259riniz\u0259 g\u00f6r\u0259 ekspertizadan ke\u00e7m\u0259k \u00fc\u00e7\u00fcn s\u0259n\u0259d verin? M\u0259ntiq yoxdur ax\u0131. Qab\u0131r\u011fam\u0131n \u00fcst\u00fcnd\u0259, d\u00f6\u015f q\u0259f\u0259simd\u0259 x\u0259sar\u0259t izl\u0259ri, a\u011fr\u0131lar h\u0259l\u0259 d\u0259 qal\u0131r. Sin\u0259md\u0259n z\u0259rb\u0259ni el\u0259 vurublar, indi d\u0259 \u00e7\u0259tinlikl\u0259 n\u0259f\u0259s al\u0131ram. El\u0259 bil d\u00fc\u015fm\u0259n balas\u0131yam&#8230;\u201d.<\/em><\/p>\n\n\n\n<p>Ruzi Ba\u011f\u0131rov \u0259lav\u0259 edib ki, b\u00fct\u00fcn bu ba\u015f ver\u0259nl\u0259r k\u0259nd sakinl\u0259rinin g\u00f6z\u00fc qar\u015f\u0131s\u0131nda olub, xeyli \u015fahidl\u0259r, \u00fcst\u0259lik videog\u00f6r\u00fcnt\u00fc var.<\/p>\n\n\n<div class=\"wp-block-image\">\n<figure class=\"aligncenter size-full\"><img decoding=\"async\" width=\"1200\" height=\"800\" data-src=\"https:\/\/www.meydan.tv\/wp-content\/uploads\/untitled-design-1-86.jpg\" alt=\"\" class=\"wp-image-276405 lazyload\" src=\"data:image\/svg+xml;base64,PHN2ZyB3aWR0aD0iMSIgaGVpZ2h0PSIxIiB4bWxucz0iaHR0cDovL3d3dy53My5vcmcvMjAwMC9zdmciPjwvc3ZnPg==\" style=\"--smush-placeholder-width: 1200px; --smush-placeholder-aspect-ratio: 1200\/800;\" \/><figcaption class=\"wp-element-caption\">Foto: Ruzi Ba\u011f\u0131rovun arxivind\u0259n<\/figcaption><\/figure>\n<\/div>\n\n\n<p><strong>\u201c\u00d6r\u00fc\u015f yerl\u0259ri ba\u015fqalar\u0131na sat\u0131lmasa, bel\u0259 probleml\u0259r ya\u015fanmaz\u201d<\/strong><\/p>\n\n\n\n<p>Ruzi Ba\u011f\u0131rov polis zorak\u0131l\u0131\u011f\u0131ndan \u015fikay\u0259t\u00e7i olsa da, problemin k\u00f6k\u00fcnd\u0259 Da\u015fk\u0259s\u0259n Rayon \u0130cra Hakimiyy\u0259tinin ba\u015f\u00e7\u0131s\u0131 \u018fh\u0259d Ab\u0131yevin dayand\u0131\u011f\u0131n\u0131 d\u00fc\u015f\u00fcn\u00fcr. Onun fikrinc\u0259, Xo\u015fbulaq sakinl\u0259rinin \u00f6r\u00fc\u015f yerl\u0259ri ba\u015fqalar\u0131na sat\u0131lmasa, bel\u0259 probleml\u0259r d\u0259 ya\u015fanmaz:<br><em>\u201c\u0130\u015f yox, g\u00fcc yox, b\u0259s bu k\u0259ndli nec\u0259 dolans\u0131n? M\u0259n \u0130kinci Qaraba\u011f M\u00fcharib\u0259sinin i\u015ftirak\u00e7\u0131s\u0131 olmu\u015fam, medallar\u0131m var. D\u00f6vl\u0259tin, mill\u0259tin m\u0259nafeyini qoruyan insanlara qar\u015f\u0131 m\u00fcnasib\u0259t budur?\u201d<\/em>.<\/p>\n\n\n\n<p>Xo\u015fbula\u011f\u0131n ba\u015fqa bir sakini Sahib M\u0259mm\u0259dzad\u0259 d\u0259 h\u0259mk\u0259ndlisinin dan\u0131\u015fd\u0131qlar\u0131n\u0131n \u015fahidi oldu\u011funu t\u0259sdiql\u0259yir. Deyir ki, Ruzi Ba\u011f\u0131rov v\u0259 daha 4 n\u0259f\u0259ri d\u00f6y\u0259-d\u00f6y\u0259 apard\u0131lar:<\/p>\n\n\n\n<p><em>\u201cS\u0259b\u0259b d\u0259 budur ki, adamlar torpaq alverin\u0259 etiraz edirdil\u0259r. K\u0259nd \u0259traf\u0131 \u0259razid\u0259 eyni yerl\u0259r bir ne\u00e7\u0259 n\u0259f\u0259r\u0259 sat\u0131l\u0131b. Eyni \u0259raziy\u0259 3-4 n\u0259f\u0259rin \u0259lind\u0259 s\u0259r\u0259ncam var. Birin\u0259 verilib, sonra onun s\u0259r\u0259ncam\u0131 l\u0259\u011fv olunub, ba\u015fqas\u0131na sat\u0131l\u0131b. N\u0259tic\u0259d\u0259 n\u0259 q\u0259d\u0259r adam \u00fcz-\u00fcz\u0259 qal\u0131b. D\u0259f\u0259l\u0259rl\u0259 m\u00fcraci\u0259t el\u0259mi\u015fik, t\u0259dbir g\u00f6r\u00fclm\u0259yib. S\u00f6z\u00fcn\u00fc dey\u0259n insanlara qar\u015f\u0131 zorak\u0131l\u0131q \u00e7\u0131x\u0131\u015f yolu deyil. \u015e\u0259hid E\u015fqin Ba\u011f\u0131rovun anas\u0131 Nazil\u0259 Ba\u011f\u0131rovan\u0131n \u00fcst\u00fcn\u0259 ma\u015f\u0131n s\u00fcrm\u0259k n\u0259 h\u0259r\u0259k\u0259t idi?\u201d<\/em>.<\/p>\n\n\n\n<p>Qaraba\u011f d\u00f6y\u00fc\u015fl\u0259rind\u0259 h\u0259lak olmu\u015f E\u015fqin Ba\u011f\u0131rov Ruzi Ba\u011f\u0131rovun \u0259misi o\u011fludur.<\/p>\n\n\n\n<p><strong>D\u0130N: \u201cPolisl\u0259r t\u0259r\u0259find\u0259n d\u00f6y\u00fcld\u00fcy\u00fcn\u00fc bildirib, fakt t\u0259sdiqini tapmay\u0131b\u201d<\/strong><\/p>\n\n\n\n<p>Daxili \u0130\u015fl\u0259r Nazirliyinin M\u0259tbuat Xidm\u0259tinin G\u0259nc\u0259 regional qrupunun ba\u015f inspektoru E\u015fqin Qas\u0131mov Ruzi Ba\u011f\u0131rovun Da\u015fk\u0259s\u0259n rayon Polis \u015e\u00f6b\u0259sinin \u0259m\u0259kda\u015flar\u0131 t\u0259r\u0259find\u0259n d\u00f6y\u00fclm\u0259si haqda dedikl\u0259rini t\u0259kzib edib. O, Meydan TV-y\u0259 a\u00e7\u0131qlamas\u0131nda bildirib ki, Ruzi Ba\u011f\u0131rovun bu haqda dedikl\u0259ri h\u0259qiq\u0259t\u0259uy\u011fun deyil:<\/p>\n\n\n\n<p><em>\u201c\u0130lk n\u00f6vb\u0259d\u0259 qeyd edim ki, v\u0259t\u0259nda\u015f\u0131n Xo\u015fbulaq k\u0259ndin\u0259 aid \u00f6r\u00fc\u015f yeri olaraq bildirdiyi torpaq sah\u0259si h\u0259m h\u0259min k\u0259nd\u0259 aid deyil, h\u0259m d\u0259 qanunsuz z\u0259bt edilm\u0259yib. S\u00f6z\u00fcged\u0259n torpaq sah\u0259si il\u0259 ba\u011fl\u0131 aidiyy\u0259ti qurumlarla La\u00e7\u0131n rayon sakini \u0130ntiqam Tanr\u0131verdiyev aras\u0131nda h\u00fcquqi m\u00fcqavil\u0259 ba\u011flan\u0131l\u0131b v\u0259 onun icar\u0259sind\u0259dir. Buna baxmayaraq, Ruzi Ba\u011f\u0131rov art\u0131q bir ne\u00e7\u0259 ildir ki, qanunsuz h\u0259r\u0259k\u0259tl\u0259r ed\u0259r\u0259k \u0130ntiqam Tanr\u0131verdiyev\u0259 mane\u0259 yaratma\u011fa \u00e7al\u0131\u015f\u0131b, buna g\u00f6r\u0259 inzibati m\u0259suliyy\u0259t\u0259 d\u0259 c\u0259lb olunub.<\/em> <em>Sonuncu d\u0259f\u0259 d\u0259 h\u0259min m\u0259s\u0259l\u0259 il\u0259 ba\u011fl\u0131 t\u0259r\u0259fl\u0259r aras\u0131nda m\u00fcnaqi\u015f\u0259 yaran\u0131b. \u0130car\u0259dar\u0131n r\u0259smi m\u00fcraci\u0259ti \u0259sas\u0131nda Ruzi Ba\u011f\u0131rov v\u0259 4 n\u0259f\u0259r \u015f\u0259xs Da\u015fk\u0259s\u0259n Rayon Polis \u015e\u00f6b\u0259sin\u0259 g\u0259tirilib, bar\u0259l\u0259rind\u0259 inzibati protokol t\u0259rtib olunub. Ruzi Ba\u011f\u0131rov 4 g\u00fcn sonra d\u00f6y\u00fclm\u0259si il\u0259 ba\u011fl\u0131 m\u00fcraci\u0259t edib. \u0130lkin ifad\u0259sind\u0259 tan\u0131mad\u0131\u011f\u0131 \u015f\u0259xsl\u0259r, sonrak\u0131 ifad\u0259sind\u0259 is\u0259 tan\u0131mad\u0131\u011f\u0131 polisl\u0259r t\u0259r\u0259find\u0259n d\u00f6y\u00fcld\u00fcy\u00fcn\u00fc bildirib. Ara\u015fd\u0131rmalar zaman\u0131 bu fakt da \u00f6z t\u0259sdiqini tapmay\u0131b\u201d.<\/em><\/p>\n","protected":false},"excerpt":{"rendered":"<p>Ruzi Ba\u011f\u0131rov: \u201cM\u0259n m\u00fcharib\u0259 veteran\u0131yam, medallar\u0131m da var, d\u00f6vl\u0259tin, mill\u0259tin &#8230; <\/p>\n<p class=\"read-more-container\"><a title=\"Da\u015fk\u0259s\u0259n sakini: \u201cSin\u0259md\u0259n el\u0259 vurublar, el\u0259 bil d\u00fc\u015fm\u0259n balas\u0131yam&#8230;\u201d\" class=\"read-more button\" href=\"https:\/\/www.meydan.tv\/az\/article\/daskesen-sakini-sinemden-ele-vurublar-ele-bil-dusmen-balasiyam\/#more-276408\" aria-label=\"Read more about Da\u015fk\u0259s\u0259n sakini: \u201cSin\u0259md\u0259n el\u0259 vurublar, el\u0259 bil d\u00fc\u015fm\u0259n balas\u0131yam&#8230;\u201d\">Davam\u0131<\/a><\/p>\n","protected":false},"author":8,"featured_media":133986,"comment_status":"closed","ping_status":"closed","sticky":false,"template":"","format":"standard","meta":{"_acf_changed":false,"_sitemap_exclude":false,"_sitemap_priority":"","_sitemap_frequency":"","footnotes":""},"categories":[60,56],"tags":[],"class_list":["post-276408","post","type-post","status-publish","format-standard","has-post-thumbnail","hentry","category-bolge","category-xeberler","infinite-scroll-item","generate-columns","tablet-grid-50","mobile-grid-100","grid-parent","grid-33","no-featured-image-padding"],"acf":[],"yoast_head":"<!-- This site is optimized with the Yoast SEO plugin v27.5 - https:\/\/yoast.com\/product\/yoast-seo-wordpress\/ -->\n<title>Da\u015fk\u0259s\u0259n sakini: \u201cSin\u0259md\u0259n el\u0259 vurublar, el\u0259 bil d\u00fc\u015fm\u0259n balas\u0131yam...\u201d - MEYDAN.TV<\/title>\n<meta name=\"robots\" content=\"index, follow, max-snippet:-1, max-image-preview:large, max-video-preview:-1\" \/>\n<link rel=\"canonical\" href=\"https:\/\/www.meydan.tv\/az\/article\/daskesen-sakini-sinemden-ele-vurublar-ele-bil-dusmen-balasiyam\/\" \/>\n<meta property=\"og:locale\" content=\"az_AZ\" \/>\n<meta property=\"og:type\" content=\"article\" \/>\n<meta property=\"og:title\" content=\"Da\u015fk\u0259s\u0259n sakini: \u201cSin\u0259md\u0259n el\u0259 vurublar, el\u0259 bil d\u00fc\u015fm\u0259n balas\u0131yam...\u201d - MEYDAN.TV\" \/>\n<meta property=\"og:description\" content=\"Ruzi Ba\u011f\u0131rov: \u201cM\u0259n m\u00fcharib\u0259 veteran\u0131yam, medallar\u0131m da var, d\u00f6vl\u0259tin, mill\u0259tin ... Davam\u0131\" \/>\n<meta property=\"og:url\" content=\"https:\/\/www.meydan.tv\/az\/article\/daskesen-sakini-sinemden-ele-vurublar-ele-bil-dusmen-balasiyam\/\" \/>\n<meta property=\"og:site_name\" content=\"MEYDAN.TV\" \/>\n<meta property=\"article:published_time\" content=\"2023-05-30T09:41:43+00:00\" \/>\n<meta property=\"article:modified_time\" content=\"2023-05-30T09:41:46+00:00\" \/>\n<meta property=\"og:image\" content=\"https:\/\/www.meydan.tv\/wp-content\/uploads\/image_from_ios_mbye9mk-scaled.jpg\" \/>\n\t<meta property=\"og:image:width\" content=\"2560\" \/>\n\t<meta property=\"og:image:height\" content=\"1707\" \/>\n\t<meta property=\"og:image:type\" content=\"image\/jpeg\" \/>\n<meta name=\"author\" content=\"elli\" \/>\n<meta name=\"twitter:card\" content=\"summary_large_image\" \/>\n<meta name=\"twitter:creator\" content=\"@elli\" \/>\n<script type=\"application\/ld+json\" class=\"yoast-schema-graph\">{\"@context\":\"https:\\\/\\\/schema.org\",\"@graph\":[{\"@type\":\"Article\",\"@id\":\"https:\\\/\\\/www.meydan.tv\\\/az\\\/article\\\/daskesen-sakini-sinemden-ele-vurublar-ele-bil-dusmen-balasiyam\\\/#article\",\"isPartOf\":{\"@id\":\"https:\\\/\\\/www.meydan.tv\\\/az\\\/article\\\/daskesen-sakini-sinemden-ele-vurublar-ele-bil-dusmen-balasiyam\\\/\"},\"author\":{\"name\":\"elli\",\"@id\":\"https:\\\/\\\/www.meydan.tv\\\/az\\\/#\\\/schema\\\/person\\\/9cdbecf90d17180ce1dfbd95b08dcf47\"},\"headline\":\"Da\u015fk\u0259s\u0259n sakini: \u201cSin\u0259md\u0259n el\u0259 vurublar, el\u0259 bil d\u00fc\u015fm\u0259n balas\u0131yam&#8230;\u201d\",\"datePublished\":\"2023-05-30T09:41:43+00:00\",\"dateModified\":\"2023-05-30T09:41:46+00:00\",\"mainEntityOfPage\":{\"@id\":\"https:\\\/\\\/www.meydan.tv\\\/az\\\/article\\\/daskesen-sakini-sinemden-ele-vurublar-ele-bil-dusmen-balasiyam\\\/\"},\"wordCount\":1161,\"publisher\":{\"@id\":\"https:\\\/\\\/www.meydan.tv\\\/az\\\/#organization\"},\"image\":{\"@id\":\"https:\\\/\\\/www.meydan.tv\\\/az\\\/article\\\/daskesen-sakini-sinemden-ele-vurublar-ele-bil-dusmen-balasiyam\\\/#primaryimage\"},\"thumbnailUrl\":\"https:\\\/\\\/www.meydan.tv\\\/wp-content\\\/uploads\\\/image_from_ios_mbye9mk-scaled.jpg\",\"articleSection\":[\"B\u00f6lg\u0259\",\"X\u0259b\u0259rl\u0259r\"],\"inLanguage\":\"az\"},{\"@type\":\"WebPage\",\"@id\":\"https:\\\/\\\/www.meydan.tv\\\/az\\\/article\\\/daskesen-sakini-sinemden-ele-vurublar-ele-bil-dusmen-balasiyam\\\/\",\"url\":\"https:\\\/\\\/www.meydan.tv\\\/az\\\/article\\\/daskesen-sakini-sinemden-ele-vurublar-ele-bil-dusmen-balasiyam\\\/\",\"name\":\"Da\u015fk\u0259s\u0259n sakini: \u201cSin\u0259md\u0259n el\u0259 vurublar, el\u0259 bil d\u00fc\u015fm\u0259n balas\u0131yam...\u201d - MEYDAN.TV\",\"isPartOf\":{\"@id\":\"https:\\\/\\\/www.meydan.tv\\\/az\\\/#website\"},\"primaryImageOfPage\":{\"@id\":\"https:\\\/\\\/www.meydan.tv\\\/az\\\/article\\\/daskesen-sakini-sinemden-ele-vurublar-ele-bil-dusmen-balasiyam\\\/#primaryimage\"},\"image\":{\"@id\":\"https:\\\/\\\/www.meydan.tv\\\/az\\\/article\\\/daskesen-sakini-sinemden-ele-vurublar-ele-bil-dusmen-balasiyam\\\/#primaryimage\"},\"thumbnailUrl\":\"https:\\\/\\\/www.meydan.tv\\\/wp-content\\\/uploads\\\/image_from_ios_mbye9mk-scaled.jpg\",\"datePublished\":\"2023-05-30T09:41:43+00:00\",\"dateModified\":\"2023-05-30T09:41:46+00:00\",\"breadcrumb\":{\"@id\":\"https:\\\/\\\/www.meydan.tv\\\/az\\\/article\\\/daskesen-sakini-sinemden-ele-vurublar-ele-bil-dusmen-balasiyam\\\/#breadcrumb\"},\"inLanguage\":\"az\",\"potentialAction\":[{\"@type\":\"ReadAction\",\"target\":[\"https:\\\/\\\/www.meydan.tv\\\/az\\\/article\\\/daskesen-sakini-sinemden-ele-vurublar-ele-bil-dusmen-balasiyam\\\/\"]}]},{\"@type\":\"ImageObject\",\"inLanguage\":\"az\",\"@id\":\"https:\\\/\\\/www.meydan.tv\\\/az\\\/article\\\/daskesen-sakini-sinemden-ele-vurublar-ele-bil-dusmen-balasiyam\\\/#primaryimage\",\"url\":\"https:\\\/\\\/www.meydan.tv\\\/wp-content\\\/uploads\\\/image_from_ios_mbye9mk-scaled.jpg\",\"contentUrl\":\"https:\\\/\\\/www.meydan.tv\\\/wp-content\\\/uploads\\\/image_from_ios_mbye9mk-scaled.jpg\",\"width\":2560,\"height\":1707,\"caption\":\"Foto: Meydan TV\"},{\"@type\":\"BreadcrumbList\",\"@id\":\"https:\\\/\\\/www.meydan.tv\\\/az\\\/article\\\/daskesen-sakini-sinemden-ele-vurublar-ele-bil-dusmen-balasiyam\\\/#breadcrumb\",\"itemListElement\":[{\"@type\":\"ListItem\",\"position\":1,\"name\":\"Ana s\u0259hif\u0259\",\"item\":\"https:\\\/\\\/www.meydan.tv\\\/az\\\/\"},{\"@type\":\"ListItem\",\"position\":2,\"name\":\"B\u00f6lg\u0259\",\"item\":\"https:\\\/\\\/www.meydan.tv\\\/az\\\/section\\\/bolge\\\/\"},{\"@type\":\"ListItem\",\"position\":3,\"name\":\"Da\u015fk\u0259s\u0259n sakini: \u201cSin\u0259md\u0259n el\u0259 vurublar, el\u0259 bil d\u00fc\u015fm\u0259n balas\u0131yam&#8230;\u201d\"}]},{\"@type\":\"WebSite\",\"@id\":\"https:\\\/\\\/www.meydan.tv\\\/az\\\/#website\",\"url\":\"https:\\\/\\\/www.meydan.tv\\\/az\\\/\",\"name\":\"MEYDAN.TV\",\"description\":\"Meydan TV Az\u0259rbaycan\u0131n media m\u0259kan\u0131ndak\u0131 alternativ s\u0259sidir\",\"publisher\":{\"@id\":\"https:\\\/\\\/www.meydan.tv\\\/az\\\/#organization\"},\"potentialAction\":[{\"@type\":\"SearchAction\",\"target\":{\"@type\":\"EntryPoint\",\"urlTemplate\":\"https:\\\/\\\/www.meydan.tv\\\/az\\\/?s={search_term_string}\"},\"query-input\":{\"@type\":\"PropertyValueSpecification\",\"valueRequired\":true,\"valueName\":\"search_term_string\"}}],\"inLanguage\":\"az\"},{\"@type\":\"Organization\",\"@id\":\"https:\\\/\\\/www.meydan.tv\\\/az\\\/#organization\",\"name\":\"Meydan TV\",\"url\":\"https:\\\/\\\/www.meydan.tv\\\/az\\\/\",\"logo\":{\"@type\":\"ImageObject\",\"inLanguage\":\"az\",\"@id\":\"https:\\\/\\\/www.meydan.tv\\\/az\\\/#\\\/schema\\\/logo\\\/image\\\/\",\"url\":\"https:\\\/\\\/www.meydan.tv\\\/wp-content\\\/uploads\\\/2021\\\/07\\\/meydan-logo.svg\",\"contentUrl\":\"https:\\\/\\\/www.meydan.tv\\\/wp-content\\\/uploads\\\/2021\\\/07\\\/meydan-logo.svg\",\"width\":195,\"height\":46,\"caption\":\"Meydan TV\"},\"image\":{\"@id\":\"https:\\\/\\\/www.meydan.tv\\\/az\\\/#\\\/schema\\\/logo\\\/image\\\/\"}},{\"@type\":\"Person\",\"@id\":\"https:\\\/\\\/www.meydan.tv\\\/az\\\/#\\\/schema\\\/person\\\/9cdbecf90d17180ce1dfbd95b08dcf47\",\"name\":\"elli\",\"sameAs\":[\"https:\\\/\\\/x.com\\\/elli\"]}]}<\/script>\n<!-- \/ Yoast SEO plugin. -->","yoast_head_json":{"title":"Da\u015fk\u0259s\u0259n sakini: \u201cSin\u0259md\u0259n el\u0259 vurublar, el\u0259 bil d\u00fc\u015fm\u0259n balas\u0131yam...\u201d - MEYDAN.TV","robots":{"index":"index","follow":"follow","max-snippet":"max-snippet:-1","max-image-preview":"max-image-preview:large","max-video-preview":"max-video-preview:-1"},"canonical":"https:\/\/www.meydan.tv\/az\/article\/daskesen-sakini-sinemden-ele-vurublar-ele-bil-dusmen-balasiyam\/","og_locale":"az_AZ","og_type":"article","og_title":"Da\u015fk\u0259s\u0259n sakini: \u201cSin\u0259md\u0259n el\u0259 vurublar, el\u0259 bil d\u00fc\u015fm\u0259n balas\u0131yam...\u201d - MEYDAN.TV","og_description":"Ruzi Ba\u011f\u0131rov: \u201cM\u0259n m\u00fcharib\u0259 veteran\u0131yam, medallar\u0131m da var, d\u00f6vl\u0259tin, mill\u0259tin ... Davam\u0131","og_url":"https:\/\/www.meydan.tv\/az\/article\/daskesen-sakini-sinemden-ele-vurublar-ele-bil-dusmen-balasiyam\/","og_site_name":"MEYDAN.TV","article_published_time":"2023-05-30T09:41:43+00:00","article_modified_time":"2023-05-30T09:41:46+00:00","og_image":[{"width":2560,"height":1707,"url":"https:\/\/www.meydan.tv\/wp-content\/uploads\/image_from_ios_mbye9mk-scaled.jpg","type":"image\/jpeg"}],"author":"elli","twitter_card":"summary_large_image","twitter_creator":"@elli","schema":{"@context":"https:\/\/schema.org","@graph":[{"@type":"Article","@id":"https:\/\/www.meydan.tv\/az\/article\/daskesen-sakini-sinemden-ele-vurublar-ele-bil-dusmen-balasiyam\/#article","isPartOf":{"@id":"https:\/\/www.meydan.tv\/az\/article\/daskesen-sakini-sinemden-ele-vurublar-ele-bil-dusmen-balasiyam\/"},"author":{"name":"elli","@id":"https:\/\/www.meydan.tv\/az\/#\/schema\/person\/9cdbecf90d17180ce1dfbd95b08dcf47"},"headline":"Da\u015fk\u0259s\u0259n sakini: \u201cSin\u0259md\u0259n el\u0259 vurublar, el\u0259 bil d\u00fc\u015fm\u0259n balas\u0131yam&#8230;\u201d","datePublished":"2023-05-30T09:41:43+00:00","dateModified":"2023-05-30T09:41:46+00:00","mainEntityOfPage":{"@id":"https:\/\/www.meydan.tv\/az\/article\/daskesen-sakini-sinemden-ele-vurublar-ele-bil-dusmen-balasiyam\/"},"wordCount":1161,"publisher":{"@id":"https:\/\/www.meydan.tv\/az\/#organization"},"image":{"@id":"https:\/\/www.meydan.tv\/az\/article\/daskesen-sakini-sinemden-ele-vurublar-ele-bil-dusmen-balasiyam\/#primaryimage"},"thumbnailUrl":"https:\/\/www.meydan.tv\/wp-content\/uploads\/image_from_ios_mbye9mk-scaled.jpg","articleSection":["B\u00f6lg\u0259","X\u0259b\u0259rl\u0259r"],"inLanguage":"az"},{"@type":"WebPage","@id":"https:\/\/www.meydan.tv\/az\/article\/daskesen-sakini-sinemden-ele-vurublar-ele-bil-dusmen-balasiyam\/","url":"https:\/\/www.meydan.tv\/az\/article\/daskesen-sakini-sinemden-ele-vurublar-ele-bil-dusmen-balasiyam\/","name":"Da\u015fk\u0259s\u0259n sakini: \u201cSin\u0259md\u0259n el\u0259 vurublar, el\u0259 bil d\u00fc\u015fm\u0259n balas\u0131yam...\u201d - MEYDAN.TV","isPartOf":{"@id":"https:\/\/www.meydan.tv\/az\/#website"},"primaryImageOfPage":{"@id":"https:\/\/www.meydan.tv\/az\/article\/daskesen-sakini-sinemden-ele-vurublar-ele-bil-dusmen-balasiyam\/#primaryimage"},"image":{"@id":"https:\/\/www.meydan.tv\/az\/article\/daskesen-sakini-sinemden-ele-vurublar-ele-bil-dusmen-balasiyam\/#primaryimage"},"thumbnailUrl":"https:\/\/www.meydan.tv\/wp-content\/uploads\/image_from_ios_mbye9mk-scaled.jpg","datePublished":"2023-05-30T09:41:43+00:00","dateModified":"2023-05-30T09:41:46+00:00","breadcrumb":{"@id":"https:\/\/www.meydan.tv\/az\/article\/daskesen-sakini-sinemden-ele-vurublar-ele-bil-dusmen-balasiyam\/#breadcrumb"},"inLanguage":"az","potentialAction":[{"@type":"ReadAction","target":["https:\/\/www.meydan.tv\/az\/article\/daskesen-sakini-sinemden-ele-vurublar-ele-bil-dusmen-balasiyam\/"]}]},{"@type":"ImageObject","inLanguage":"az","@id":"https:\/\/www.meydan.tv\/az\/article\/daskesen-sakini-sinemden-ele-vurublar-ele-bil-dusmen-balasiyam\/#primaryimage","url":"https:\/\/www.meydan.tv\/wp-content\/uploads\/image_from_ios_mbye9mk-scaled.jpg","contentUrl":"https:\/\/www.meydan.tv\/wp-content\/uploads\/image_from_ios_mbye9mk-scaled.jpg","width":2560,"height":1707,"caption":"Foto: Meydan TV"},{"@type":"BreadcrumbList","@id":"https:\/\/www.meydan.tv\/az\/article\/daskesen-sakini-sinemden-ele-vurublar-ele-bil-dusmen-balasiyam\/#breadcrumb","itemListElement":[{"@type":"ListItem","position":1,"name":"Ana s\u0259hif\u0259","item":"https:\/\/www.meydan.tv\/az\/"},{"@type":"ListItem","position":2,"name":"B\u00f6lg\u0259","item":"https:\/\/www.meydan.tv\/az\/section\/bolge\/"},{"@type":"ListItem","position":3,"name":"Da\u015fk\u0259s\u0259n sakini: \u201cSin\u0259md\u0259n el\u0259 vurublar, el\u0259 bil d\u00fc\u015fm\u0259n balas\u0131yam&#8230;\u201d"}]},{"@type":"WebSite","@id":"https:\/\/www.meydan.tv\/az\/#website","url":"https:\/\/www.meydan.tv\/az\/","name":"MEYDAN.TV","description":"Meydan TV Az\u0259rbaycan\u0131n media m\u0259kan\u0131ndak\u0131 alternativ s\u0259sidir","publisher":{"@id":"https:\/\/www.meydan.tv\/az\/#organization"},"potentialAction":[{"@type":"SearchAction","target":{"@type":"EntryPoint","urlTemplate":"https:\/\/www.meydan.tv\/az\/?s={search_term_string}"},"query-input":{"@type":"PropertyValueSpecification","valueRequired":true,"valueName":"search_term_string"}}],"inLanguage":"az"},{"@type":"Organization","@id":"https:\/\/www.meydan.tv\/az\/#organization","name":"Meydan TV","url":"https:\/\/www.meydan.tv\/az\/","logo":{"@type":"ImageObject","inLanguage":"az","@id":"https:\/\/www.meydan.tv\/az\/#\/schema\/logo\/image\/","url":"https:\/\/www.meydan.tv\/wp-content\/uploads\/2021\/07\/meydan-logo.svg","contentUrl":"https:\/\/www.meydan.tv\/wp-content\/uploads\/2021\/07\/meydan-logo.svg","width":195,"height":46,"caption":"Meydan TV"},"image":{"@id":"https:\/\/www.meydan.tv\/az\/#\/schema\/logo\/image\/"}},{"@type":"Person","@id":"https:\/\/www.meydan.tv\/az\/#\/schema\/person\/9cdbecf90d17180ce1dfbd95b08dcf47","name":"elli","sameAs":["https:\/\/x.com\/elli"]}]}},"_links":{"self":[{"href":"https:\/\/www.meydan.tv\/az\/wp-json\/wp\/v2\/posts\/276408","targetHints":{"allow":["GET"]}}],"collection":[{"href":"https:\/\/www.meydan.tv\/az\/wp-json\/wp\/v2\/posts"}],"about":[{"href":"https:\/\/www.meydan.tv\/az\/wp-json\/wp\/v2\/types\/post"}],"author":[{"embeddable":true,"href":"https:\/\/www.meydan.tv\/az\/wp-json\/wp\/v2\/users\/8"}],"replies":[{"embeddable":true,"href":"https:\/\/www.meydan.tv\/az\/wp-json\/wp\/v2\/comments?post=276408"}],"version-history":[{"count":1,"href":"https:\/\/www.meydan.tv\/az\/wp-json\/wp\/v2\/posts\/276408\/revisions"}],"predecessor-version":[{"id":276413,"href":"https:\/\/www.meydan.tv\/az\/wp-json\/wp\/v2\/posts\/276408\/revisions\/276413"}],"wp:featuredmedia":[{"embeddable":true,"href":"https:\/\/www.meydan.tv\/az\/wp-json\/wp\/v2\/media\/133986"}],"wp:attachment":[{"href":"https:\/\/www.meydan.tv\/az\/wp-json\/wp\/v2\/media?parent=276408"}],"wp:term":[{"taxonomy":"category","embeddable":true,"href":"https:\/\/www.meydan.tv\/az\/wp-json\/wp\/v2\/categories?post=276408"},{"taxonomy":"post_tag","embeddable":true,"href":"https:\/\/www.meydan.tv\/az\/wp-json\/wp\/v2\/tags?post=276408"}],"curies":[{"name":"wp","href":"https:\/\/api.w.org\/{rel}","templated":true}]}}