{"id":276388,"date":"2023-05-30T13:03:13","date_gmt":"2023-05-30T09:03:13","guid":{"rendered":"https:\/\/www.meydan.tv\/?p=276388"},"modified":"2023-05-30T13:03:16","modified_gmt":"2023-05-30T09:03:16","slug":"emekdar-artistle-vida-merasimi-kecirilib-2","status":"publish","type":"post","link":"https:\/\/www.meydan.tv\/az\/article\/emekdar-artistle-vida-merasimi-kecirilib-2\/","title":{"rendered":"\u018fm\u0259kdar artistl\u0259 vida m\u0259rasimi ke\u00e7irilib"},"content":{"rendered":"\n<p><\/p>\n\n\n\n<p><strong><em>Elxan Qas\u0131mov X\u0131rdalan q\u0259bristanl\u0131\u011f\u0131nda d\u0259fn olunacaq<\/em><\/strong><\/p>\n\n\n\n<p>\u018fm\u0259kdar artist, kinoaktyor Elxan Qas\u0131movla vida m\u0259rasimi ke\u00e7irilib.<\/p>\n\n\n\n<p>M\u0259rhumun evind\u0259 ke\u00e7iril\u0259n m\u0259rasimd\u0259 inc\u0259s\u0259n\u0259t xadiml\u0259ri, m\u0259rhumun ail\u0259 \u00fczvl\u0259ri, s\u0259n\u0259t dostlar\u0131 v\u0259 yax\u0131nlar\u0131 i\u015ftirak edibl\u0259r.<\/p>\n\n\n\n<p>Elxan Qas\u0131mov X\u0131rdalan q\u0259bristanl\u0131\u011f\u0131nda d\u0259fn olunacaq.<\/p>\n\n\n\n<p>Elxan Qas\u0131mov \u201c\u018fhm\u0259d haradad\u0131r?\u201d filmind\u0259n \u201cs\u00fcr\u00fcc\u00fc \u018fhm\u0259d\u201d kimi tan\u0131n\u0131rd\u0131.<\/p>\n\n\n\n<p>Bu, aktyorun kinoda ilk i\u015fi olub.<\/p>\n\n\n\n<p>O, 1945-ci il aprelin 24-d\u0259 Nax\u00e7\u0131vanda do\u011fulub.<\/p>\n\n\n\n<p>1969-cu ild\u0259n \u201cAz\u0259rbaycanfilm\u201d kinostudiyas\u0131nda i\u015fl\u0259yib.<\/p>\n\n\n\n<p>B\u0259dii, s\u0259n\u0259dli filml\u0259rin, \u201cMozalan\u201d s\u00fcjetl\u0259rinin m\u00fc\u0259llifi olub.<\/p>\n\n\n\n<p>2000-ci ild\u0259 \u018fm\u0259kdar artist f\u0259xri ad\u0131na layiq g\u00f6r\u00fcl\u00fcb.<\/p>\n\n\n\n<p>Aktyor indiy\u0259d\u0259k q\u0131rxdan yuxar\u0131 film\u0259 \u00e7\u0259kilib.<\/p>\n\n\n\n<p>Aktyorun may\u0131n 29-da aorta anevrizmas\u0131n\u0131n partlamas\u0131 s\u0259b\u0259bi il\u0259 v\u0259fat etdiyi bildirilir.<\/p>\n","protected":false},"excerpt":{"rendered":"<p>Elxan Qas\u0131mov X\u0131rdalan q\u0259bristanl\u0131\u011f\u0131nda d\u0259fn olunacaq \u018fm\u0259kdar artist, kinoaktyor Elxan &#8230; <\/p>\n<p class=\"read-more-container\"><a title=\"\u018fm\u0259kdar artistl\u0259 vida m\u0259rasimi ke\u00e7irilib\" class=\"read-more button\" href=\"https:\/\/www.meydan.tv\/az\/article\/emekdar-artistle-vida-merasimi-kecirilib-2\/#more-276388\" aria-label=\"Read more about \u018fm\u0259kdar artistl\u0259 vida m\u0259rasimi ke\u00e7irilib\">Davam\u0131<\/a><\/p>\n","protected":false},"author":8,"featured_media":276390,"comment_status":"closed","ping_status":"closed","sticky":false,"template":"","format":"standard","meta":{"_acf_changed":false,"_sitemap_exclude":false,"_sitemap_priority":"","_sitemap_frequency":"","footnotes":""},"categories":[52,56],"tags":[],"class_list":["post-276388","post","type-post","status-publish","format-standard","has-post-thumbnail","hentry","category-medeniyyet","category-xeberler","infinite-scroll-item","generate-columns","tablet-grid-50","mobile-grid-100","grid-parent","grid-33","no-featured-image-padding"],"acf":[],"yoast_head":"<!-- This site is optimized with the Yoast SEO plugin v27.4 - https:\/\/yoast.com\/product\/yoast-seo-wordpress\/ -->\n<title>\u018fm\u0259kdar artistl\u0259 vida m\u0259rasimi ke\u00e7irilib - MEYDAN.TV<\/title>\n<meta name=\"robots\" content=\"index, follow, max-snippet:-1, max-image-preview:large, max-video-preview:-1\" \/>\n<link rel=\"canonical\" href=\"https:\/\/www.meydan.tv\/az\/article\/emekdar-artistle-vida-merasimi-kecirilib-2\/\" \/>\n<meta property=\"og:locale\" content=\"az_AZ\" \/>\n<meta property=\"og:type\" content=\"article\" \/>\n<meta property=\"og:title\" content=\"\u018fm\u0259kdar artistl\u0259 vida m\u0259rasimi ke\u00e7irilib - MEYDAN.TV\" \/>\n<meta property=\"og:description\" content=\"Elxan Qas\u0131mov X\u0131rdalan q\u0259bristanl\u0131\u011f\u0131nda d\u0259fn olunacaq \u018fm\u0259kdar artist, kinoaktyor Elxan ... Davam\u0131\" \/>\n<meta property=\"og:url\" content=\"https:\/\/www.meydan.tv\/az\/article\/emekdar-artistle-vida-merasimi-kecirilib-2\/\" \/>\n<meta property=\"og:site_name\" content=\"MEYDAN.TV\" \/>\n<meta property=\"article:published_time\" content=\"2023-05-30T09:03:13+00:00\" \/>\n<meta property=\"article:modified_time\" content=\"2023-05-30T09:03:16+00:00\" \/>\n<meta property=\"og:image\" content=\"https:\/\/www.meydan.tv\/wp-content\/uploads\/elkan-e1685435545183.jpg\" \/>\n\t<meta property=\"og:image:width\" content=\"1192\" \/>\n\t<meta property=\"og:image:height\" content=\"458\" \/>\n\t<meta property=\"og:image:type\" content=\"image\/jpeg\" \/>\n<meta name=\"author\" content=\"elli\" \/>\n<meta name=\"twitter:card\" content=\"summary_large_image\" \/>\n<meta name=\"twitter:creator\" content=\"@elli\" \/>\n<script type=\"application\/ld+json\" class=\"yoast-schema-graph\">{\"@context\":\"https:\\\/\\\/schema.org\",\"@graph\":[{\"@type\":\"Article\",\"@id\":\"https:\\\/\\\/www.meydan.tv\\\/az\\\/article\\\/emekdar-artistle-vida-merasimi-kecirilib-2\\\/#article\",\"isPartOf\":{\"@id\":\"https:\\\/\\\/www.meydan.tv\\\/az\\\/article\\\/emekdar-artistle-vida-merasimi-kecirilib-2\\\/\"},\"author\":{\"name\":\"elli\",\"@id\":\"https:\\\/\\\/www.meydan.tv\\\/az\\\/#\\\/schema\\\/person\\\/9cdbecf90d17180ce1dfbd95b08dcf47\"},\"headline\":\"\u018fm\u0259kdar artistl\u0259 vida m\u0259rasimi ke\u00e7irilib\",\"datePublished\":\"2023-05-30T09:03:13+00:00\",\"dateModified\":\"2023-05-30T09:03:16+00:00\",\"mainEntityOfPage\":{\"@id\":\"https:\\\/\\\/www.meydan.tv\\\/az\\\/article\\\/emekdar-artistle-vida-merasimi-kecirilib-2\\\/\"},\"wordCount\":170,\"publisher\":{\"@id\":\"https:\\\/\\\/www.meydan.tv\\\/az\\\/#organization\"},\"image\":{\"@id\":\"https:\\\/\\\/www.meydan.tv\\\/az\\\/article\\\/emekdar-artistle-vida-merasimi-kecirilib-2\\\/#primaryimage\"},\"thumbnailUrl\":\"https:\\\/\\\/www.meydan.tv\\\/wp-content\\\/uploads\\\/elkan-e1685435545183.jpg\",\"articleSection\":[\"M\u0259d\u0259niyy\u0259t\",\"X\u0259b\u0259rl\u0259r\"],\"inLanguage\":\"az\"},{\"@type\":\"WebPage\",\"@id\":\"https:\\\/\\\/www.meydan.tv\\\/az\\\/article\\\/emekdar-artistle-vida-merasimi-kecirilib-2\\\/\",\"url\":\"https:\\\/\\\/www.meydan.tv\\\/az\\\/article\\\/emekdar-artistle-vida-merasimi-kecirilib-2\\\/\",\"name\":\"\u018fm\u0259kdar artistl\u0259 vida m\u0259rasimi ke\u00e7irilib - MEYDAN.TV\",\"isPartOf\":{\"@id\":\"https:\\\/\\\/www.meydan.tv\\\/az\\\/#website\"},\"primaryImageOfPage\":{\"@id\":\"https:\\\/\\\/www.meydan.tv\\\/az\\\/article\\\/emekdar-artistle-vida-merasimi-kecirilib-2\\\/#primaryimage\"},\"image\":{\"@id\":\"https:\\\/\\\/www.meydan.tv\\\/az\\\/article\\\/emekdar-artistle-vida-merasimi-kecirilib-2\\\/#primaryimage\"},\"thumbnailUrl\":\"https:\\\/\\\/www.meydan.tv\\\/wp-content\\\/uploads\\\/elkan-e1685435545183.jpg\",\"datePublished\":\"2023-05-30T09:03:13+00:00\",\"dateModified\":\"2023-05-30T09:03:16+00:00\",\"breadcrumb\":{\"@id\":\"https:\\\/\\\/www.meydan.tv\\\/az\\\/article\\\/emekdar-artistle-vida-merasimi-kecirilib-2\\\/#breadcrumb\"},\"inLanguage\":\"az\",\"potentialAction\":[{\"@type\":\"ReadAction\",\"target\":[\"https:\\\/\\\/www.meydan.tv\\\/az\\\/article\\\/emekdar-artistle-vida-merasimi-kecirilib-2\\\/\"]}]},{\"@type\":\"ImageObject\",\"inLanguage\":\"az\",\"@id\":\"https:\\\/\\\/www.meydan.tv\\\/az\\\/article\\\/emekdar-artistle-vida-merasimi-kecirilib-2\\\/#primaryimage\",\"url\":\"https:\\\/\\\/www.meydan.tv\\\/wp-content\\\/uploads\\\/elkan-e1685435545183.jpg\",\"contentUrl\":\"https:\\\/\\\/www.meydan.tv\\\/wp-content\\\/uploads\\\/elkan-e1685435545183.jpg\",\"width\":1192,\"height\":458,\"caption\":\"Foto: Az\u0259rbaycan Kinematoqraf\u00e7\u0131lar \u0130ttifaq\u0131\"},{\"@type\":\"BreadcrumbList\",\"@id\":\"https:\\\/\\\/www.meydan.tv\\\/az\\\/article\\\/emekdar-artistle-vida-merasimi-kecirilib-2\\\/#breadcrumb\",\"itemListElement\":[{\"@type\":\"ListItem\",\"position\":1,\"name\":\"Ana s\u0259hif\u0259\",\"item\":\"https:\\\/\\\/www.meydan.tv\\\/az\\\/\"},{\"@type\":\"ListItem\",\"position\":2,\"name\":\"M\u0259d\u0259niyy\u0259t\",\"item\":\"https:\\\/\\\/www.meydan.tv\\\/az\\\/section\\\/medeniyyet\\\/\"},{\"@type\":\"ListItem\",\"position\":3,\"name\":\"\u018fm\u0259kdar artistl\u0259 vida m\u0259rasimi ke\u00e7irilib\"}]},{\"@type\":\"WebSite\",\"@id\":\"https:\\\/\\\/www.meydan.tv\\\/az\\\/#website\",\"url\":\"https:\\\/\\\/www.meydan.tv\\\/az\\\/\",\"name\":\"MEYDAN.TV\",\"description\":\"Meydan TV Az\u0259rbaycan\u0131n media m\u0259kan\u0131ndak\u0131 alternativ s\u0259sidir\",\"publisher\":{\"@id\":\"https:\\\/\\\/www.meydan.tv\\\/az\\\/#organization\"},\"potentialAction\":[{\"@type\":\"SearchAction\",\"target\":{\"@type\":\"EntryPoint\",\"urlTemplate\":\"https:\\\/\\\/www.meydan.tv\\\/az\\\/?s={search_term_string}\"},\"query-input\":{\"@type\":\"PropertyValueSpecification\",\"valueRequired\":true,\"valueName\":\"search_term_string\"}}],\"inLanguage\":\"az\"},{\"@type\":\"Organization\",\"@id\":\"https:\\\/\\\/www.meydan.tv\\\/az\\\/#organization\",\"name\":\"Meydan TV\",\"url\":\"https:\\\/\\\/www.meydan.tv\\\/az\\\/\",\"logo\":{\"@type\":\"ImageObject\",\"inLanguage\":\"az\",\"@id\":\"https:\\\/\\\/www.meydan.tv\\\/az\\\/#\\\/schema\\\/logo\\\/image\\\/\",\"url\":\"https:\\\/\\\/www.meydan.tv\\\/wp-content\\\/uploads\\\/2021\\\/07\\\/meydan-logo.svg\",\"contentUrl\":\"https:\\\/\\\/www.meydan.tv\\\/wp-content\\\/uploads\\\/2021\\\/07\\\/meydan-logo.svg\",\"width\":195,\"height\":46,\"caption\":\"Meydan TV\"},\"image\":{\"@id\":\"https:\\\/\\\/www.meydan.tv\\\/az\\\/#\\\/schema\\\/logo\\\/image\\\/\"}},{\"@type\":\"Person\",\"@id\":\"https:\\\/\\\/www.meydan.tv\\\/az\\\/#\\\/schema\\\/person\\\/9cdbecf90d17180ce1dfbd95b08dcf47\",\"name\":\"elli\",\"sameAs\":[\"https:\\\/\\\/x.com\\\/elli\"]}]}<\/script>\n<!-- \/ Yoast SEO plugin. -->","yoast_head_json":{"title":"\u018fm\u0259kdar artistl\u0259 vida m\u0259rasimi ke\u00e7irilib - MEYDAN.TV","robots":{"index":"index","follow":"follow","max-snippet":"max-snippet:-1","max-image-preview":"max-image-preview:large","max-video-preview":"max-video-preview:-1"},"canonical":"https:\/\/www.meydan.tv\/az\/article\/emekdar-artistle-vida-merasimi-kecirilib-2\/","og_locale":"az_AZ","og_type":"article","og_title":"\u018fm\u0259kdar artistl\u0259 vida m\u0259rasimi ke\u00e7irilib - MEYDAN.TV","og_description":"Elxan Qas\u0131mov X\u0131rdalan q\u0259bristanl\u0131\u011f\u0131nda d\u0259fn olunacaq \u018fm\u0259kdar artist, kinoaktyor Elxan ... Davam\u0131","og_url":"https:\/\/www.meydan.tv\/az\/article\/emekdar-artistle-vida-merasimi-kecirilib-2\/","og_site_name":"MEYDAN.TV","article_published_time":"2023-05-30T09:03:13+00:00","article_modified_time":"2023-05-30T09:03:16+00:00","og_image":[{"width":1192,"height":458,"url":"https:\/\/www.meydan.tv\/wp-content\/uploads\/elkan-e1685435545183.jpg","type":"image\/jpeg"}],"author":"elli","twitter_card":"summary_large_image","twitter_creator":"@elli","schema":{"@context":"https:\/\/schema.org","@graph":[{"@type":"Article","@id":"https:\/\/www.meydan.tv\/az\/article\/emekdar-artistle-vida-merasimi-kecirilib-2\/#article","isPartOf":{"@id":"https:\/\/www.meydan.tv\/az\/article\/emekdar-artistle-vida-merasimi-kecirilib-2\/"},"author":{"name":"elli","@id":"https:\/\/www.meydan.tv\/az\/#\/schema\/person\/9cdbecf90d17180ce1dfbd95b08dcf47"},"headline":"\u018fm\u0259kdar artistl\u0259 vida m\u0259rasimi ke\u00e7irilib","datePublished":"2023-05-30T09:03:13+00:00","dateModified":"2023-05-30T09:03:16+00:00","mainEntityOfPage":{"@id":"https:\/\/www.meydan.tv\/az\/article\/emekdar-artistle-vida-merasimi-kecirilib-2\/"},"wordCount":170,"publisher":{"@id":"https:\/\/www.meydan.tv\/az\/#organization"},"image":{"@id":"https:\/\/www.meydan.tv\/az\/article\/emekdar-artistle-vida-merasimi-kecirilib-2\/#primaryimage"},"thumbnailUrl":"https:\/\/www.meydan.tv\/wp-content\/uploads\/elkan-e1685435545183.jpg","articleSection":["M\u0259d\u0259niyy\u0259t","X\u0259b\u0259rl\u0259r"],"inLanguage":"az"},{"@type":"WebPage","@id":"https:\/\/www.meydan.tv\/az\/article\/emekdar-artistle-vida-merasimi-kecirilib-2\/","url":"https:\/\/www.meydan.tv\/az\/article\/emekdar-artistle-vida-merasimi-kecirilib-2\/","name":"\u018fm\u0259kdar artistl\u0259 vida m\u0259rasimi ke\u00e7irilib - MEYDAN.TV","isPartOf":{"@id":"https:\/\/www.meydan.tv\/az\/#website"},"primaryImageOfPage":{"@id":"https:\/\/www.meydan.tv\/az\/article\/emekdar-artistle-vida-merasimi-kecirilib-2\/#primaryimage"},"image":{"@id":"https:\/\/www.meydan.tv\/az\/article\/emekdar-artistle-vida-merasimi-kecirilib-2\/#primaryimage"},"thumbnailUrl":"https:\/\/www.meydan.tv\/wp-content\/uploads\/elkan-e1685435545183.jpg","datePublished":"2023-05-30T09:03:13+00:00","dateModified":"2023-05-30T09:03:16+00:00","breadcrumb":{"@id":"https:\/\/www.meydan.tv\/az\/article\/emekdar-artistle-vida-merasimi-kecirilib-2\/#breadcrumb"},"inLanguage":"az","potentialAction":[{"@type":"ReadAction","target":["https:\/\/www.meydan.tv\/az\/article\/emekdar-artistle-vida-merasimi-kecirilib-2\/"]}]},{"@type":"ImageObject","inLanguage":"az","@id":"https:\/\/www.meydan.tv\/az\/article\/emekdar-artistle-vida-merasimi-kecirilib-2\/#primaryimage","url":"https:\/\/www.meydan.tv\/wp-content\/uploads\/elkan-e1685435545183.jpg","contentUrl":"https:\/\/www.meydan.tv\/wp-content\/uploads\/elkan-e1685435545183.jpg","width":1192,"height":458,"caption":"Foto: Az\u0259rbaycan Kinematoqraf\u00e7\u0131lar \u0130ttifaq\u0131"},{"@type":"BreadcrumbList","@id":"https:\/\/www.meydan.tv\/az\/article\/emekdar-artistle-vida-merasimi-kecirilib-2\/#breadcrumb","itemListElement":[{"@type":"ListItem","position":1,"name":"Ana s\u0259hif\u0259","item":"https:\/\/www.meydan.tv\/az\/"},{"@type":"ListItem","position":2,"name":"M\u0259d\u0259niyy\u0259t","item":"https:\/\/www.meydan.tv\/az\/section\/medeniyyet\/"},{"@type":"ListItem","position":3,"name":"\u018fm\u0259kdar artistl\u0259 vida m\u0259rasimi ke\u00e7irilib"}]},{"@type":"WebSite","@id":"https:\/\/www.meydan.tv\/az\/#website","url":"https:\/\/www.meydan.tv\/az\/","name":"MEYDAN.TV","description":"Meydan TV Az\u0259rbaycan\u0131n media m\u0259kan\u0131ndak\u0131 alternativ s\u0259sidir","publisher":{"@id":"https:\/\/www.meydan.tv\/az\/#organization"},"potentialAction":[{"@type":"SearchAction","target":{"@type":"EntryPoint","urlTemplate":"https:\/\/www.meydan.tv\/az\/?s={search_term_string}"},"query-input":{"@type":"PropertyValueSpecification","valueRequired":true,"valueName":"search_term_string"}}],"inLanguage":"az"},{"@type":"Organization","@id":"https:\/\/www.meydan.tv\/az\/#organization","name":"Meydan TV","url":"https:\/\/www.meydan.tv\/az\/","logo":{"@type":"ImageObject","inLanguage":"az","@id":"https:\/\/www.meydan.tv\/az\/#\/schema\/logo\/image\/","url":"https:\/\/www.meydan.tv\/wp-content\/uploads\/2021\/07\/meydan-logo.svg","contentUrl":"https:\/\/www.meydan.tv\/wp-content\/uploads\/2021\/07\/meydan-logo.svg","width":195,"height":46,"caption":"Meydan TV"},"image":{"@id":"https:\/\/www.meydan.tv\/az\/#\/schema\/logo\/image\/"}},{"@type":"Person","@id":"https:\/\/www.meydan.tv\/az\/#\/schema\/person\/9cdbecf90d17180ce1dfbd95b08dcf47","name":"elli","sameAs":["https:\/\/x.com\/elli"]}]}},"_links":{"self":[{"href":"https:\/\/www.meydan.tv\/az\/wp-json\/wp\/v2\/posts\/276388","targetHints":{"allow":["GET"]}}],"collection":[{"href":"https:\/\/www.meydan.tv\/az\/wp-json\/wp\/v2\/posts"}],"about":[{"href":"https:\/\/www.meydan.tv\/az\/wp-json\/wp\/v2\/types\/post"}],"author":[{"embeddable":true,"href":"https:\/\/www.meydan.tv\/az\/wp-json\/wp\/v2\/users\/8"}],"replies":[{"embeddable":true,"href":"https:\/\/www.meydan.tv\/az\/wp-json\/wp\/v2\/comments?post=276388"}],"version-history":[{"count":1,"href":"https:\/\/www.meydan.tv\/az\/wp-json\/wp\/v2\/posts\/276388\/revisions"}],"predecessor-version":[{"id":276393,"href":"https:\/\/www.meydan.tv\/az\/wp-json\/wp\/v2\/posts\/276388\/revisions\/276393"}],"wp:featuredmedia":[{"embeddable":true,"href":"https:\/\/www.meydan.tv\/az\/wp-json\/wp\/v2\/media\/276390"}],"wp:attachment":[{"href":"https:\/\/www.meydan.tv\/az\/wp-json\/wp\/v2\/media?parent=276388"}],"wp:term":[{"taxonomy":"category","embeddable":true,"href":"https:\/\/www.meydan.tv\/az\/wp-json\/wp\/v2\/categories?post=276388"},{"taxonomy":"post_tag","embeddable":true,"href":"https:\/\/www.meydan.tv\/az\/wp-json\/wp\/v2\/tags?post=276388"}],"curies":[{"name":"wp","href":"https:\/\/api.w.org\/{rel}","templated":true}]}}