{"id":276386,"date":"2023-05-30T12:30:28","date_gmt":"2023-05-30T08:30:28","guid":{"rendered":"https:\/\/www.meydan.tv\/?p=276386"},"modified":"2023-05-30T18:27:38","modified_gmt":"2023-05-30T14:27:38","slug":"iranli-aktrisa-edam-kendirli-geyim-dekoltesinde-kann-festivalinda","status":"publish","type":"post","link":"https:\/\/www.meydan.tv\/az\/article\/iranli-aktrisa-edam-kendirli-geyim-dekoltesinde-kann-festivalinda\/","title":{"rendered":"\u0130ranl\u0131 aktrisa edam k\u0259ndirli dekolte geyimd\u0259 Kann Festival\u0131nda"},"content":{"rendered":"\n<p><\/p>\n\n\n\n<p><strong><em>Mahlaqa Caberi \u00f6lk\u0259sind\u0259ki edamlara etiraz\u0131n\u0131 bel\u0259 ifad\u0259 edib<\/em><\/strong><\/p>\n\n\n\n<p>\u0130ranl\u0131 aktrisa Mahlaqa Caberi Kann Beyn\u0259lxalq Film Festival\u0131n\u0131n q\u0131rm\u0131z\u0131 xal\u0131s\u0131nda geyimi il\u0259 diqq\u0259t \u00e7\u0259kib.<\/p>\n\n\n\n<p>Onun d\u0259rin dekolteli paltar\u0131n\u0131n boyun hiss\u0259si edam k\u0259ndirini xat\u0131rlad\u0131b.<\/p>\n\n\n\n<p>Aktrisa bununla \u00f6lk\u0259sind\u0259ki edamlara etiraz\u0131n\u0131 ifad\u0259 edib.<\/p>\n\n\n\n<p>Mahlaqa Caberi q\u0131rm\u0131z\u0131 m\u0259rasimd\u0259 lent\u0259 al\u0131nan <a href=\"https:\/\/www.instagram.com\/p\/Csv6yZqIOfK\/\" target=\"_blank\" rel=\"noreferrer noopener\">video<\/a>&nbsp;v\u0259 <a href=\"https:\/\/www.instagram.com\/p\/Cs1OHdLri1Z\/\" target=\"_blank\" rel=\"noreferrer noopener\">fotolar\u0131n\u0131<\/a>&nbsp;&nbsp;\u201c\u0130nstagram\u201d s\u0259hif\u0259sind\u0259 payla\u015faraq, \u201cEdamlar\u0131 dayand\u0131r\u0131n\u201d, &#8211; qeydini yaz\u0131b.<\/p>\n\n\n\n<p>Geyimi modelyer Gila Saber haz\u0131rlay\u0131b.<\/p>\n\n\n\n<p>2023-c\u00fc ilin \u0259vv\u0259lind\u0259n indiy\u0259d\u0259k \u0130ran hakimiyy\u0259t orqanlar\u0131n\u0131n 209 n\u0259f\u0259ri edam etdiyi bildirilir.<\/p>\n\n\n\n<p>Bu statistikan\u0131 BMT-nin \u0130nsan Haqlar\u0131 B\u00fcrosunun n\u00fcmay\u0259nd\u0259si Ravina \u015eamdasani may\u0131n \u0259vv\u0259lind\u0259 Cenevr\u0259d\u0259 ke\u00e7irdiyi brifinq zaman\u0131 <a href=\"https:\/\/www.reuters.com\/world\/middle-east\/un-rights-office-iran-has-executed-more-than-200-people-this-year-2023-05-09\/\" target=\"_blank\" rel=\"noreferrer noopener\">a\u00e7\u0131qlay\u0131b.<\/a><\/p>\n\n\n\n<p>B\u00fcro n\u00fcmay\u0259nd\u0259si qeyd edib ki, \u0130randa h\u0259r h\u0259ft\u0259 orta hesabla ondan \u00e7ox adam edam edilib.<\/p>\n\n\n\n<p>H\u00f6kml\u0259rin \u0259ks\u0259riyy\u0259ti narkotikl\u0259 \u0259laq\u0259li cinay\u0259tl\u0259r\u0259 g\u00f6r\u0259 oldu\u011fu bildirilir.<\/p>\n","protected":false},"excerpt":{"rendered":"<p>Mahlaqa Caberi \u00f6lk\u0259sind\u0259ki edamlara etiraz\u0131n\u0131 bel\u0259 ifad\u0259 edib \u0130ranl\u0131 aktrisa &#8230; <\/p>\n<p class=\"read-more-container\"><a title=\"\u0130ranl\u0131 aktrisa edam k\u0259ndirli dekolte geyimd\u0259 Kann Festival\u0131nda\" class=\"read-more button\" href=\"https:\/\/www.meydan.tv\/az\/article\/iranli-aktrisa-edam-kendirli-geyim-dekoltesinde-kann-festivalinda\/#more-276386\" aria-label=\"Read more about \u0130ranl\u0131 aktrisa edam k\u0259ndirli dekolte geyimd\u0259 Kann Festival\u0131nda\">Davam\u0131<\/a><\/p>\n","protected":false},"author":8,"featured_media":276383,"comment_status":"closed","ping_status":"closed","sticky":false,"template":"","format":"standard","meta":{"_acf_changed":false,"_sitemap_exclude":false,"_sitemap_priority":"","_sitemap_frequency":"","footnotes":""},"categories":[52,56],"tags":[],"class_list":["post-276386","post","type-post","status-publish","format-standard","has-post-thumbnail","hentry","category-medeniyyet","category-xeberler","infinite-scroll-item","generate-columns","tablet-grid-50","mobile-grid-100","grid-parent","grid-33","no-featured-image-padding"],"acf":[],"yoast_head":"<!-- This site is optimized with the Yoast SEO plugin v27.4 - https:\/\/yoast.com\/product\/yoast-seo-wordpress\/ -->\n<title>\u0130ranl\u0131 aktrisa edam k\u0259ndirli dekolte geyimd\u0259 Kann Festival\u0131nda - MEYDAN.TV<\/title>\n<meta name=\"robots\" content=\"index, follow, max-snippet:-1, max-image-preview:large, max-video-preview:-1\" \/>\n<link rel=\"canonical\" href=\"https:\/\/www.meydan.tv\/az\/article\/iranli-aktrisa-edam-kendirli-geyim-dekoltesinde-kann-festivalinda\/\" \/>\n<meta property=\"og:locale\" content=\"az_AZ\" \/>\n<meta property=\"og:type\" content=\"article\" \/>\n<meta property=\"og:title\" content=\"\u0130ranl\u0131 aktrisa edam k\u0259ndirli dekolte geyimd\u0259 Kann Festival\u0131nda - MEYDAN.TV\" \/>\n<meta property=\"og:description\" content=\"Mahlaqa Caberi \u00f6lk\u0259sind\u0259ki edamlara etiraz\u0131n\u0131 bel\u0259 ifad\u0259 edib \u0130ranl\u0131 aktrisa ... Davam\u0131\" \/>\n<meta property=\"og:url\" content=\"https:\/\/www.meydan.tv\/az\/article\/iranli-aktrisa-edam-kendirli-geyim-dekoltesinde-kann-festivalinda\/\" \/>\n<meta property=\"og:site_name\" content=\"MEYDAN.TV\" \/>\n<meta property=\"article:published_time\" content=\"2023-05-30T08:30:28+00:00\" \/>\n<meta property=\"article:modified_time\" content=\"2023-05-30T14:27:38+00:00\" \/>\n<meta property=\"og:image\" content=\"https:\/\/www.meydan.tv\/wp-content\/uploads\/untitled-design-136-e1685435120414.jpg\" \/>\n\t<meta property=\"og:image:width\" content=\"1200\" \/>\n\t<meta property=\"og:image:height\" content=\"639\" \/>\n\t<meta property=\"og:image:type\" content=\"image\/jpeg\" \/>\n<meta name=\"author\" content=\"elli\" \/>\n<meta name=\"twitter:card\" content=\"summary_large_image\" \/>\n<meta name=\"twitter:creator\" content=\"@elli\" \/>\n<script type=\"application\/ld+json\" class=\"yoast-schema-graph\">{\"@context\":\"https:\\\/\\\/schema.org\",\"@graph\":[{\"@type\":\"Article\",\"@id\":\"https:\\\/\\\/www.meydan.tv\\\/az\\\/article\\\/iranli-aktrisa-edam-kendirli-geyim-dekoltesinde-kann-festivalinda\\\/#article\",\"isPartOf\":{\"@id\":\"https:\\\/\\\/www.meydan.tv\\\/az\\\/article\\\/iranli-aktrisa-edam-kendirli-geyim-dekoltesinde-kann-festivalinda\\\/\"},\"author\":{\"name\":\"elli\",\"@id\":\"https:\\\/\\\/www.meydan.tv\\\/az\\\/#\\\/schema\\\/person\\\/9cdbecf90d17180ce1dfbd95b08dcf47\"},\"headline\":\"\u0130ranl\u0131 aktrisa edam k\u0259ndirli dekolte geyimd\u0259 Kann Festival\u0131nda\",\"datePublished\":\"2023-05-30T08:30:28+00:00\",\"dateModified\":\"2023-05-30T14:27:38+00:00\",\"mainEntityOfPage\":{\"@id\":\"https:\\\/\\\/www.meydan.tv\\\/az\\\/article\\\/iranli-aktrisa-edam-kendirli-geyim-dekoltesinde-kann-festivalinda\\\/\"},\"wordCount\":191,\"publisher\":{\"@id\":\"https:\\\/\\\/www.meydan.tv\\\/az\\\/#organization\"},\"image\":{\"@id\":\"https:\\\/\\\/www.meydan.tv\\\/az\\\/article\\\/iranli-aktrisa-edam-kendirli-geyim-dekoltesinde-kann-festivalinda\\\/#primaryimage\"},\"thumbnailUrl\":\"https:\\\/\\\/www.meydan.tv\\\/wp-content\\\/uploads\\\/untitled-design-136-e1685435120414.jpg\",\"articleSection\":[\"M\u0259d\u0259niyy\u0259t\",\"X\u0259b\u0259rl\u0259r\"],\"inLanguage\":\"az\"},{\"@type\":\"WebPage\",\"@id\":\"https:\\\/\\\/www.meydan.tv\\\/az\\\/article\\\/iranli-aktrisa-edam-kendirli-geyim-dekoltesinde-kann-festivalinda\\\/\",\"url\":\"https:\\\/\\\/www.meydan.tv\\\/az\\\/article\\\/iranli-aktrisa-edam-kendirli-geyim-dekoltesinde-kann-festivalinda\\\/\",\"name\":\"\u0130ranl\u0131 aktrisa edam k\u0259ndirli dekolte geyimd\u0259 Kann Festival\u0131nda - MEYDAN.TV\",\"isPartOf\":{\"@id\":\"https:\\\/\\\/www.meydan.tv\\\/az\\\/#website\"},\"primaryImageOfPage\":{\"@id\":\"https:\\\/\\\/www.meydan.tv\\\/az\\\/article\\\/iranli-aktrisa-edam-kendirli-geyim-dekoltesinde-kann-festivalinda\\\/#primaryimage\"},\"image\":{\"@id\":\"https:\\\/\\\/www.meydan.tv\\\/az\\\/article\\\/iranli-aktrisa-edam-kendirli-geyim-dekoltesinde-kann-festivalinda\\\/#primaryimage\"},\"thumbnailUrl\":\"https:\\\/\\\/www.meydan.tv\\\/wp-content\\\/uploads\\\/untitled-design-136-e1685435120414.jpg\",\"datePublished\":\"2023-05-30T08:30:28+00:00\",\"dateModified\":\"2023-05-30T14:27:38+00:00\",\"breadcrumb\":{\"@id\":\"https:\\\/\\\/www.meydan.tv\\\/az\\\/article\\\/iranli-aktrisa-edam-kendirli-geyim-dekoltesinde-kann-festivalinda\\\/#breadcrumb\"},\"inLanguage\":\"az\",\"potentialAction\":[{\"@type\":\"ReadAction\",\"target\":[\"https:\\\/\\\/www.meydan.tv\\\/az\\\/article\\\/iranli-aktrisa-edam-kendirli-geyim-dekoltesinde-kann-festivalinda\\\/\"]}]},{\"@type\":\"ImageObject\",\"inLanguage\":\"az\",\"@id\":\"https:\\\/\\\/www.meydan.tv\\\/az\\\/article\\\/iranli-aktrisa-edam-kendirli-geyim-dekoltesinde-kann-festivalinda\\\/#primaryimage\",\"url\":\"https:\\\/\\\/www.meydan.tv\\\/wp-content\\\/uploads\\\/untitled-design-136-e1685435120414.jpg\",\"contentUrl\":\"https:\\\/\\\/www.meydan.tv\\\/wp-content\\\/uploads\\\/untitled-design-136-e1685435120414.jpg\",\"width\":1200,\"height\":639,\"caption\":\"Foto: Mahlaqa Caberin\u0131n instagram s\u0259hif\u0259si\"},{\"@type\":\"BreadcrumbList\",\"@id\":\"https:\\\/\\\/www.meydan.tv\\\/az\\\/article\\\/iranli-aktrisa-edam-kendirli-geyim-dekoltesinde-kann-festivalinda\\\/#breadcrumb\",\"itemListElement\":[{\"@type\":\"ListItem\",\"position\":1,\"name\":\"Ana s\u0259hif\u0259\",\"item\":\"https:\\\/\\\/www.meydan.tv\\\/az\\\/\"},{\"@type\":\"ListItem\",\"position\":2,\"name\":\"M\u0259d\u0259niyy\u0259t\",\"item\":\"https:\\\/\\\/www.meydan.tv\\\/az\\\/section\\\/medeniyyet\\\/\"},{\"@type\":\"ListItem\",\"position\":3,\"name\":\"\u0130ranl\u0131 aktrisa edam k\u0259ndirli dekolte geyimd\u0259 Kann Festival\u0131nda\"}]},{\"@type\":\"WebSite\",\"@id\":\"https:\\\/\\\/www.meydan.tv\\\/az\\\/#website\",\"url\":\"https:\\\/\\\/www.meydan.tv\\\/az\\\/\",\"name\":\"MEYDAN.TV\",\"description\":\"Meydan TV Az\u0259rbaycan\u0131n media m\u0259kan\u0131ndak\u0131 alternativ s\u0259sidir\",\"publisher\":{\"@id\":\"https:\\\/\\\/www.meydan.tv\\\/az\\\/#organization\"},\"potentialAction\":[{\"@type\":\"SearchAction\",\"target\":{\"@type\":\"EntryPoint\",\"urlTemplate\":\"https:\\\/\\\/www.meydan.tv\\\/az\\\/?s={search_term_string}\"},\"query-input\":{\"@type\":\"PropertyValueSpecification\",\"valueRequired\":true,\"valueName\":\"search_term_string\"}}],\"inLanguage\":\"az\"},{\"@type\":\"Organization\",\"@id\":\"https:\\\/\\\/www.meydan.tv\\\/az\\\/#organization\",\"name\":\"Meydan TV\",\"url\":\"https:\\\/\\\/www.meydan.tv\\\/az\\\/\",\"logo\":{\"@type\":\"ImageObject\",\"inLanguage\":\"az\",\"@id\":\"https:\\\/\\\/www.meydan.tv\\\/az\\\/#\\\/schema\\\/logo\\\/image\\\/\",\"url\":\"https:\\\/\\\/www.meydan.tv\\\/wp-content\\\/uploads\\\/2021\\\/07\\\/meydan-logo.svg\",\"contentUrl\":\"https:\\\/\\\/www.meydan.tv\\\/wp-content\\\/uploads\\\/2021\\\/07\\\/meydan-logo.svg\",\"width\":195,\"height\":46,\"caption\":\"Meydan TV\"},\"image\":{\"@id\":\"https:\\\/\\\/www.meydan.tv\\\/az\\\/#\\\/schema\\\/logo\\\/image\\\/\"}},{\"@type\":\"Person\",\"@id\":\"https:\\\/\\\/www.meydan.tv\\\/az\\\/#\\\/schema\\\/person\\\/9cdbecf90d17180ce1dfbd95b08dcf47\",\"name\":\"elli\",\"sameAs\":[\"https:\\\/\\\/x.com\\\/elli\"]}]}<\/script>\n<!-- \/ Yoast SEO plugin. -->","yoast_head_json":{"title":"\u0130ranl\u0131 aktrisa edam k\u0259ndirli dekolte geyimd\u0259 Kann Festival\u0131nda - MEYDAN.TV","robots":{"index":"index","follow":"follow","max-snippet":"max-snippet:-1","max-image-preview":"max-image-preview:large","max-video-preview":"max-video-preview:-1"},"canonical":"https:\/\/www.meydan.tv\/az\/article\/iranli-aktrisa-edam-kendirli-geyim-dekoltesinde-kann-festivalinda\/","og_locale":"az_AZ","og_type":"article","og_title":"\u0130ranl\u0131 aktrisa edam k\u0259ndirli dekolte geyimd\u0259 Kann Festival\u0131nda - MEYDAN.TV","og_description":"Mahlaqa Caberi \u00f6lk\u0259sind\u0259ki edamlara etiraz\u0131n\u0131 bel\u0259 ifad\u0259 edib \u0130ranl\u0131 aktrisa ... Davam\u0131","og_url":"https:\/\/www.meydan.tv\/az\/article\/iranli-aktrisa-edam-kendirli-geyim-dekoltesinde-kann-festivalinda\/","og_site_name":"MEYDAN.TV","article_published_time":"2023-05-30T08:30:28+00:00","article_modified_time":"2023-05-30T14:27:38+00:00","og_image":[{"width":1200,"height":639,"url":"https:\/\/www.meydan.tv\/wp-content\/uploads\/untitled-design-136-e1685435120414.jpg","type":"image\/jpeg"}],"author":"elli","twitter_card":"summary_large_image","twitter_creator":"@elli","schema":{"@context":"https:\/\/schema.org","@graph":[{"@type":"Article","@id":"https:\/\/www.meydan.tv\/az\/article\/iranli-aktrisa-edam-kendirli-geyim-dekoltesinde-kann-festivalinda\/#article","isPartOf":{"@id":"https:\/\/www.meydan.tv\/az\/article\/iranli-aktrisa-edam-kendirli-geyim-dekoltesinde-kann-festivalinda\/"},"author":{"name":"elli","@id":"https:\/\/www.meydan.tv\/az\/#\/schema\/person\/9cdbecf90d17180ce1dfbd95b08dcf47"},"headline":"\u0130ranl\u0131 aktrisa edam k\u0259ndirli dekolte geyimd\u0259 Kann Festival\u0131nda","datePublished":"2023-05-30T08:30:28+00:00","dateModified":"2023-05-30T14:27:38+00:00","mainEntityOfPage":{"@id":"https:\/\/www.meydan.tv\/az\/article\/iranli-aktrisa-edam-kendirli-geyim-dekoltesinde-kann-festivalinda\/"},"wordCount":191,"publisher":{"@id":"https:\/\/www.meydan.tv\/az\/#organization"},"image":{"@id":"https:\/\/www.meydan.tv\/az\/article\/iranli-aktrisa-edam-kendirli-geyim-dekoltesinde-kann-festivalinda\/#primaryimage"},"thumbnailUrl":"https:\/\/www.meydan.tv\/wp-content\/uploads\/untitled-design-136-e1685435120414.jpg","articleSection":["M\u0259d\u0259niyy\u0259t","X\u0259b\u0259rl\u0259r"],"inLanguage":"az"},{"@type":"WebPage","@id":"https:\/\/www.meydan.tv\/az\/article\/iranli-aktrisa-edam-kendirli-geyim-dekoltesinde-kann-festivalinda\/","url":"https:\/\/www.meydan.tv\/az\/article\/iranli-aktrisa-edam-kendirli-geyim-dekoltesinde-kann-festivalinda\/","name":"\u0130ranl\u0131 aktrisa edam k\u0259ndirli dekolte geyimd\u0259 Kann Festival\u0131nda - MEYDAN.TV","isPartOf":{"@id":"https:\/\/www.meydan.tv\/az\/#website"},"primaryImageOfPage":{"@id":"https:\/\/www.meydan.tv\/az\/article\/iranli-aktrisa-edam-kendirli-geyim-dekoltesinde-kann-festivalinda\/#primaryimage"},"image":{"@id":"https:\/\/www.meydan.tv\/az\/article\/iranli-aktrisa-edam-kendirli-geyim-dekoltesinde-kann-festivalinda\/#primaryimage"},"thumbnailUrl":"https:\/\/www.meydan.tv\/wp-content\/uploads\/untitled-design-136-e1685435120414.jpg","datePublished":"2023-05-30T08:30:28+00:00","dateModified":"2023-05-30T14:27:38+00:00","breadcrumb":{"@id":"https:\/\/www.meydan.tv\/az\/article\/iranli-aktrisa-edam-kendirli-geyim-dekoltesinde-kann-festivalinda\/#breadcrumb"},"inLanguage":"az","potentialAction":[{"@type":"ReadAction","target":["https:\/\/www.meydan.tv\/az\/article\/iranli-aktrisa-edam-kendirli-geyim-dekoltesinde-kann-festivalinda\/"]}]},{"@type":"ImageObject","inLanguage":"az","@id":"https:\/\/www.meydan.tv\/az\/article\/iranli-aktrisa-edam-kendirli-geyim-dekoltesinde-kann-festivalinda\/#primaryimage","url":"https:\/\/www.meydan.tv\/wp-content\/uploads\/untitled-design-136-e1685435120414.jpg","contentUrl":"https:\/\/www.meydan.tv\/wp-content\/uploads\/untitled-design-136-e1685435120414.jpg","width":1200,"height":639,"caption":"Foto: Mahlaqa Caberin\u0131n instagram s\u0259hif\u0259si"},{"@type":"BreadcrumbList","@id":"https:\/\/www.meydan.tv\/az\/article\/iranli-aktrisa-edam-kendirli-geyim-dekoltesinde-kann-festivalinda\/#breadcrumb","itemListElement":[{"@type":"ListItem","position":1,"name":"Ana s\u0259hif\u0259","item":"https:\/\/www.meydan.tv\/az\/"},{"@type":"ListItem","position":2,"name":"M\u0259d\u0259niyy\u0259t","item":"https:\/\/www.meydan.tv\/az\/section\/medeniyyet\/"},{"@type":"ListItem","position":3,"name":"\u0130ranl\u0131 aktrisa edam k\u0259ndirli dekolte geyimd\u0259 Kann Festival\u0131nda"}]},{"@type":"WebSite","@id":"https:\/\/www.meydan.tv\/az\/#website","url":"https:\/\/www.meydan.tv\/az\/","name":"MEYDAN.TV","description":"Meydan TV Az\u0259rbaycan\u0131n media m\u0259kan\u0131ndak\u0131 alternativ s\u0259sidir","publisher":{"@id":"https:\/\/www.meydan.tv\/az\/#organization"},"potentialAction":[{"@type":"SearchAction","target":{"@type":"EntryPoint","urlTemplate":"https:\/\/www.meydan.tv\/az\/?s={search_term_string}"},"query-input":{"@type":"PropertyValueSpecification","valueRequired":true,"valueName":"search_term_string"}}],"inLanguage":"az"},{"@type":"Organization","@id":"https:\/\/www.meydan.tv\/az\/#organization","name":"Meydan TV","url":"https:\/\/www.meydan.tv\/az\/","logo":{"@type":"ImageObject","inLanguage":"az","@id":"https:\/\/www.meydan.tv\/az\/#\/schema\/logo\/image\/","url":"https:\/\/www.meydan.tv\/wp-content\/uploads\/2021\/07\/meydan-logo.svg","contentUrl":"https:\/\/www.meydan.tv\/wp-content\/uploads\/2021\/07\/meydan-logo.svg","width":195,"height":46,"caption":"Meydan TV"},"image":{"@id":"https:\/\/www.meydan.tv\/az\/#\/schema\/logo\/image\/"}},{"@type":"Person","@id":"https:\/\/www.meydan.tv\/az\/#\/schema\/person\/9cdbecf90d17180ce1dfbd95b08dcf47","name":"elli","sameAs":["https:\/\/x.com\/elli"]}]}},"_links":{"self":[{"href":"https:\/\/www.meydan.tv\/az\/wp-json\/wp\/v2\/posts\/276386","targetHints":{"allow":["GET"]}}],"collection":[{"href":"https:\/\/www.meydan.tv\/az\/wp-json\/wp\/v2\/posts"}],"about":[{"href":"https:\/\/www.meydan.tv\/az\/wp-json\/wp\/v2\/types\/post"}],"author":[{"embeddable":true,"href":"https:\/\/www.meydan.tv\/az\/wp-json\/wp\/v2\/users\/8"}],"replies":[{"embeddable":true,"href":"https:\/\/www.meydan.tv\/az\/wp-json\/wp\/v2\/comments?post=276386"}],"version-history":[{"count":3,"href":"https:\/\/www.meydan.tv\/az\/wp-json\/wp\/v2\/posts\/276386\/revisions"}],"predecessor-version":[{"id":276485,"href":"https:\/\/www.meydan.tv\/az\/wp-json\/wp\/v2\/posts\/276386\/revisions\/276485"}],"wp:featuredmedia":[{"embeddable":true,"href":"https:\/\/www.meydan.tv\/az\/wp-json\/wp\/v2\/media\/276383"}],"wp:attachment":[{"href":"https:\/\/www.meydan.tv\/az\/wp-json\/wp\/v2\/media?parent=276386"}],"wp:term":[{"taxonomy":"category","embeddable":true,"href":"https:\/\/www.meydan.tv\/az\/wp-json\/wp\/v2\/categories?post=276386"},{"taxonomy":"post_tag","embeddable":true,"href":"https:\/\/www.meydan.tv\/az\/wp-json\/wp\/v2\/tags?post=276386"}],"curies":[{"name":"wp","href":"https:\/\/api.w.org\/{rel}","templated":true}]}}