{"id":276373,"date":"2023-05-29T19:40:18","date_gmt":"2023-05-29T15:40:18","guid":{"rendered":"https:\/\/www.meydan.tv\/?p=276373"},"modified":"2023-05-29T19:40:20","modified_gmt":"2023-05-29T15:40:20","slug":"goycayda-yeniyetme-qiza-qarsi-cinayet-aile-istintaqdan-narazi-qalib","status":"publish","type":"post","link":"https:\/\/www.meydan.tv\/az\/article\/goycayda-yeniyetme-qiza-qarsi-cinayet-aile-istintaqdan-narazi-qalib\/","title":{"rendered":"G\u00f6y\u00e7ayda yeniyetm\u0259 q\u0131za qar\u015f\u0131 cinay\u0259t: ail\u0259 istintaqdan naraz\u0131 qal\u0131b"},"content":{"rendered":"\n<p><\/p>\n\n\n\n<p>\u201c<strong><em>Biz\u0259 demi\u015fdil\u0259r ki, zorlama madd\u0259sil\u0259 i\u015f a\u00e7\u0131lacaq, ittiham akt\u0131n\u0131 \u0259limiz\u0259 alanda g\u00f6rd\u00fck ki, aldad\u0131blar\u201d<\/em><\/strong><\/p>\n\n\n\n<p>G\u00f6y\u00e7ayda 15 ya\u015fl\u0131 q\u0131z\u0131n ail\u0259si onun t\u0259cav\u00fcz\u0259 m\u0259ruz qald\u0131\u011f\u0131n\u0131, istintaq\u0131n bu cinay\u0259t\u0259 d\u00fczg\u00fcn h\u00fcquqi qiym\u0259t verm\u0259diyini deyir. Ail\u0259 iddia edir ki, m\u00fcst\u0259ntiq z\u0259r\u0259r\u00e7\u0259k\u0259nin ifad\u0259l\u0259rini t\u0259hrif edib, n\u0259tic\u0259d\u0259 t\u0259qsirl\u0259ndiril\u0259n \u015f\u0259xs\u0259 qar\u015f\u0131 daha y\u00fcng\u00fcl madd\u0259 il\u0259 ittiham ir\u0259li s\u00fcr\u00fcl\u00fcb.<\/p>\n\n\n\n<p>\u201c<strong>\u0130\u015f m\u0259hk\u0259m\u0259y\u0259 g\u00f6nd\u0259ril\u0259nd\u0259 g\u00f6rd\u00fck ki, yalan dan\u0131\u015f\u0131blar\u201d<\/strong><\/p>\n\n\n\n<p><em>\u201c\u0130stintaqda bizi aldatd\u0131lar. Biz\u0259 demi\u015fdil\u0259r ki, guya Cinay\u0259t M\u0259c\u0259ll\u0259sinin 149-cu (zorlama) madd\u0259sil\u0259 i\u015f a\u00e7acaqlar. \u0130\u015f m\u0259hk\u0259m\u0259y\u0259 veril\u0259nd\u0259 ittiham akt\u0131n\u0131 \u0259limiz\u0259 al\u0131r\u0131q, g\u00f6r\u00fcr\u00fck ki, yalan deyibl\u0259r, bizi aldad\u0131blar\u201d, <\/em>&#8211; z\u0259r\u0259r\u00e7\u0259kmi\u015fin \u0259misi R\u0259van Da\u015fd\u0131yev Meydan TV-y\u0259 dan\u0131\u015f\u0131r.<\/p>\n\n\n\n<p>S\u00f6z\u00fcged\u0259n cinay\u0259t i\u015fi art\u0131q bir ayd\u0131r ki, G\u00f6y\u00e7ay Rayon M\u0259hk\u0259m\u0259sinin icraat\u0131ndad\u0131r. T\u0259qsirl\u0259ndiril\u0259n Ramiz C\u0259f\u0259rov Cinay\u0259t M\u0259c\u0259ll\u0259sinin 152.1 (14 ya\u015f\u0131na \u00e7atm\u0131\u015f, lakin 16 ya\u015f\u0131na \u00e7atmayan \u015f\u0259xsl\u0259 cinsi \u0259laq\u0259d\u0259 olma v\u0259 ya seksual xarakterli dig\u0259r h\u0259r\u0259k\u0259tl\u0259r etm\u0259) madd\u0259sil\u0259 ittiham olunur.<\/p>\n\n\n\n<p>Bu madd\u0259nin sanksiyas\u0131nda 3 il\u0259 q\u0259d\u0259r azadl\u0131qdan m\u0259hrumetm\u0259 c\u0259zas\u0131 n\u0259z\u0259rd\u0259 tutulub.<br>Z\u0259r\u0259r\u00e7\u0259kmi\u015f t\u0259r\u0259f is\u0259 Ramiz C\u0259f\u0259rovun Cinay\u0259t M\u0259c\u0259ll\u0259sinin 149.2-1.1 \u201czorlama, yetkinlik ya\u015f\u0131na \u00e7atmayan \u015f\u0259xs\u0259 qar\u015f\u0131 t\u00f6r\u0259dildikd\u0259) madd\u0259sil\u0259 cinay\u0259t m\u0259suliyy\u0259tin\u0259 c\u0259lb olunmas\u0131n\u0131 t\u0259l\u0259b edir. Bu madd\u0259d\u0259 10 ild\u0259n 15 il\u0259 q\u0259d\u0259r azadl\u0131qdan m\u0259hrumetm\u0259 c\u0259zas\u0131 n\u0259z\u0259rd\u0259 tutulub.<\/p>\n\n\n\n<p><strong>\u201cU\u015fa\u011f\u0131 h\u0259d\u0259l\u0259yib\u201d<\/strong><\/p>\n\n\n\n<p>Cinay\u0259t i\u015finin materiallar\u0131nda iddia olunur ki, t\u0259qsirl\u0259ndiril\u0259n \u015f\u0259xsl\u0259 z\u0259r\u0259r\u00e7\u0259kmi\u015f aras\u0131nda cinsi m\u00fcnasib\u0259tl\u0259r k\u00f6n\u00fcll\u00fc \u015f\u0259kild\u0259 olub, C\u0259f\u0259rov buna g\u00f6r\u0259 q\u0131za zor t\u0259tbiq etm\u0259yib, onu h\u0259d\u0259l\u0259m\u0259yib.<\/p>\n\n\n\n<p>Lakin R\u0259van Da\u015fdiyev deyir ki, z\u0259r\u0259r\u00e7\u0259kmi\u015f K.K. istintaqa f\u0259rqli ifad\u0259 verib, t\u0259qsirl\u0259ndiril\u0259n \u015f\u0259xsin v\u0259ziyy\u0259tini y\u00fcng\u00fcll\u0259\u015fdirm\u0259k \u00fc\u00e7\u00fcn onun dedikl\u0259rini saxtala\u015fd\u0131r\u0131blar:<\/p>\n\n\n\n<p>\u201c<em>Q\u0131z yetkinlik ya\u015f\u0131na \u00e7atmad\u0131\u011f\u0131na g\u00f6r\u0259 anas\u0131yla birlikd\u0259 ifad\u0259 verib. H\u0259r d\u0259f\u0259 istintaqa m\u0259n aparm\u0131\u015fam. O u\u015faq 4 ay m\u0259nim evimd\u0259 qal\u0131b. Deyirdi ki, nec\u0259 varsa, el\u0259 d\u0259 ifad\u0259 vermi\u015f\u0259m. Atas\u0131na, ail\u0259sin\u0259 dem\u0259kl\u0259, biab\u0131r el\u0259m\u0259kl\u0259, ba\u015fqa \u015feyl\u0259rl\u0259 nec\u0259 h\u0259d\u0259l\u0259yib, n\u0259l\u0259r el\u0259yib, ham\u0131s\u0131n\u0131 oldu\u011fu kimi dan\u0131\u015f\u0131b. \u0130ndi onun dedikl\u0259ri yoxdur i\u015fin i\u00e7ind\u0259. Bu i\u015fin \u00fcst\u00fcn\u00fc birinci m\u0259n a\u00e7m\u0131\u015fam. X\u0259b\u0259r tutandan sonra u\u015faqla dan\u0131\u015fm\u0131\u015fam, n\u00f6mr\u0259sini al\u0131b buna z\u0259ng el\u0259mi\u015f\u0259m, a\u011fz\u0131na g\u0259l\u0259ni dan\u0131\u015f\u0131b. \u015e\u0259xs\u0259n m\u0259n\u0259 deyib ki, \u201cG\u00f6y\u00e7ay\u0131n i\u00e7ind\u0259 \u0259limd\u0259 ba\u015fla g\u0259z\u0259r\u0259m, he\u00e7 kim d\u0259 m\u0259n\u0259 he\u00e7 n\u0259 dem\u0259z\u201d. Bunu m\u00fcst\u0259ntiqin yan\u0131nda da dedim. H\u0259tta m\u00fcst\u0259ntiq onda ona bir \u015fill\u0259 d\u0259 vurdu. M\u0259n\u0259 dedikl\u0259rinin d\u0259 he\u00e7 biri yoxdur i\u015fd\u0259&#8230;\u201d.<\/em><\/p>\n\n\n\n<p><strong>\u201cBizim \u00fc\u00e7\u00fcn prisipial m\u0259s\u0259l\u0259dir, geri \u00e7\u0259kilm\u0259y\u0259c\u0259yik\u201d<\/strong><\/p>\n\n\n\n<p>Z\u0259r\u0259r\u00e7\u0259kmi\u015f t\u0259r\u0259f bildirir ki, istintaq d\u00f6vr\u00fcnd\u0259 v\u0259kill\u0259ri olmay\u0131b. Ona g\u00f6r\u0259 istintaq\u0131n gedi\u015fi haqda \u0259trafl\u0131 m\u0259lumat ala bilm\u0259yibl\u0259r:<\/p>\n\n\n\n<p><em>\u201cU\u015faq da ifad\u0259 ver\u0259nd\u0259n sonra anas\u0131 da oxumay\u0131b orada olanlar\u0131. \u00c7\u00fcnki m\u00fcst\u0259ntiq\u0259 g\u00fcv\u0259nimiz olub. El\u0259 dan\u0131\u015f\u0131rd\u0131 ki, ona r\u0259\u011fb\u0259timiz yaranm\u0131\u015fd\u0131. H\u0259r k\u0259sin balas\u0131 var. He\u00e7 kim dem\u0259sin ki, m\u0259nim ba\u015f\u0131ma g\u0259lm\u0259z. Bu h\u0259yatda he\u00e7 kim he\u00e7 n\u0259d\u0259n s\u0131\u011fortalanmay\u0131b. \u015e\u0259xs\u0259n m\u0259n usta adamam, h\u00fcquqdan, qanunlardan bir o q\u0259d\u0259r ba\u015f\u0131m \u00e7\u0131xm\u0131r. Amma o dem\u0259k deyil ki, v\u0259t\u0259nda\u015f\u0131 aldatmal\u0131san&#8230;\u201d.<\/em><\/p>\n\n\n\n<p>R\u0259van Da\u015fdiyev \u0259lav\u0259 edib ki, t\u0259qsirl\u0259ndiril\u0259n \u015f\u0259xsin qohumlar\u0131 istintaq d\u00f6vr\u00fcnd\u0259 \u015fikay\u0259t\u00e7i olmamalar\u0131 \u00fc\u00e7\u00fcn onlara b\u00f6y\u00fck m\u0259bl\u0259\u011fd\u0259 pul, h\u0259tta m\u0259nzil d\u0259 t\u0259klif edibl\u0259r. Lakin onlar raz\u0131la\u015fmay\u0131blar:<br><em>\u201cBizim \u00fc\u00e7\u00fcn bu, prinsipial m\u0259s\u0259l\u0259dir. Pulun v\u0259 ya ba\u015fqa n\u0259yins\u0259 qar\u015f\u0131l\u0131\u011f\u0131nda biz geri \u00e7\u0259kil\u0259n deyilik. \u0130stintaqa n\u0259zar\u0259t orqan\u0131 prokurorluqdur. \u0130ttiham akt\u0131n\u0131 prokurorluq t\u0259sdiql\u0259yib. Ona g\u00f6r\u0259 biz aprelin 28-d\u0259 Ba\u015f Prokurorlu\u011fa getdik. Dedil\u0259r ki, art\u0131q i\u015f m\u0259hk\u0259m\u0259dir. Amma m\u0259hk\u0259m\u0259d\u0259 d\u00f6vl\u0259t ittiham\u0131n\u0131 m\u00fcdafi\u0259 ed\u0259n prokuror var, i\u015fi n\u0259zar\u0259td\u0259 saxlayaca\u011f\u0131q. Qay\u0131dandan sonra m\u0259n\u0259 bu t\u0259r\u0259f mesaj g\u00f6nd\u0259rir ki, getm\u0259kl\u0259 n\u0259 \u0259ld\u0259 etdin? H\u0259tta bu d\u0259f\u0259 \u0259ld\u0259 etm\u0259s\u0259m bel\u0259, yen\u0259 d\u0259 \u0259l \u00e7\u0259k\u0259n deyil\u0259m&#8230;\u201d.<\/em><\/p>\n\n\n<div class=\"wp-block-image\">\n<figure class=\"aligncenter size-full is-resized\"><img decoding=\"async\" data-src=\"https:\/\/www.meydan.tv\/wp-content\/uploads\/photo-2023-05-29-15-19-57_720.jpg\" alt=\"\" class=\"wp-image-276370 lazyload\" width=\"803\" height=\"603\" src=\"data:image\/svg+xml;base64,PHN2ZyB3aWR0aD0iMSIgaGVpZ2h0PSIxIiB4bWxucz0iaHR0cDovL3d3dy53My5vcmcvMjAwMC9zdmciPjwvc3ZnPg==\" style=\"--smush-placeholder-width: 803px; --smush-placeholder-aspect-ratio: 803\/603;\" \/><figcaption class=\"wp-element-caption\">Foto: Meydan TV<\/figcaption><\/figure>\n<\/div>\n\n\n<p><strong>T\u0259qsirl\u0259ndiril\u0259n \u015f\u0259xs n\u0259 deyir?<\/strong><\/p>\n\n\n\n<p>2001-ci il t\u0259v\u0259ll\u00fcdl\u00fc Ramiz C\u0259f\u0259rov istintaqa ifad\u0259sind\u0259 deyib ki, \u00f6z\u00fcn\u00fc 152.1 madd\u0259sil\u0259 t\u0259qsirli bilir, \u0259m\u0259lind\u0259n pe\u015fmand\u0131r. K.K. il\u0259 aralar\u0131nda sevgi m\u00fcnasib\u0259tl\u0259ri oldu\u011funu dey\u0259n t\u0259qsirl\u0259ndiril\u0259n \u015f\u0259xs deyib ki, bir ne\u00e7\u0259 d\u0259f\u0259 onunla \u00f6z raz\u0131l\u0131\u011f\u0131yla cinsi \u0259laq\u0259d\u0259 olub v\u0259 onun 15 ya\u015f\u0131 oldu\u011funu bilib. C\u0259f\u0259rov iddia edib ki, onlar birinci d\u0259f\u0259 cinsi m\u00fcnasib\u0259td\u0259 olanda art\u0131q z\u0259r\u0259r\u00e7\u0259kmi\u015fin bakir\u0259liyi pozulmu\u015fdu.<\/p>\n\n\n\n<p>K.K. is\u0259 bildirib ki, o, yalan dan\u0131\u015f\u0131r. Onun ilk d\u0259f\u0259 cinsi \u0259laq\u0259d\u0259 oldu\u011fu \u015f\u0259xs el\u0259 Ramiz C\u0259f\u0259rov olub.<\/p>\n\n\n\n<p>Z\u0259r\u0259r\u00e7\u0259kmi\u015fin istintaqa ifad\u0259sind\u0259 g\u00f6st\u0259rilib ki, Ramiz C\u0259f\u0259rov g\u0259l\u0259c\u0259kd\u0259 evl\u0259n\u0259c\u0259kl\u0259rin\u0259 s\u00f6z verdiyi \u00fc\u00e7\u00fcn onunla k\u00f6n\u00fcll\u00fc \u015f\u0259kild\u0259 cinsi \u0259laq\u0259d\u0259 olub.<\/p>\n\n\n\n<p><strong>D\u0130N: \u201cEkspertiza r\u0259yin\u0259 \u0259sas\u0259n, zorlama hal\u0131 olmay\u0131b\u201d<\/strong><\/p>\n\n\n\n<p>Daxili \u0130\u015fl\u0259r Nazirliyi z\u0259r\u0259r\u00e7\u0259kmi\u015fin ifad\u0259l\u0259rinin saxtala\u015fd\u0131r\u0131lmas\u0131 haqda iddialar\u0131 r\u0259dd edib.<br>Nazirliyin M\u0259tbuat Xidm\u0259tinin \u015e\u0259ki regional qrupunun ba\u015f inapektoru, polis kapitan\u0131 Mahir M\u0259simov Meydan TV-y\u0259 bildirib ki, 2023-c\u00fc ilin yanvar\u0131nda G\u00f6y\u00e7ay Rayon Polis \u015e\u00f6b\u0259sin\u0259 m\u00fcraci\u0259t ed\u0259n qad\u0131n R.C\u0259f\u0259rov adl\u0131 \u015f\u0259xsin onun yeniyetm\u0259 q\u0131z\u0131n\u0131 evl\u0259nm\u0259k ad\u0131yla aldad\u0131b, cinsi \u0259laq\u0259d\u0259 olmas\u0131 bar\u0259d\u0259 m\u0259lumat verib. H\u0259min m\u00fcraci\u0259t \u0259sas\u0131nda \u015f\u00f6b\u0259d\u0259 ara\u015fd\u0131rmalar ba\u015flan\u0131l\u0131b, ekspertizalar t\u0259yin olunub v\u0259 \u00fczl\u0259\u015fdirm\u0259 ke\u00e7irilib:<\/p>\n\n\n\n<p><em>\u201cEkspertizalar\u0131n r\u0259yl\u0259rin\u0259 \u0259sas\u0259n C\u0259f\u0259rovun t\u0259qsiri s\u00fcbuta yetirilib v\u0259 faktla ba\u011fl\u0131 Cinay\u0259t M\u0259c\u0259ll\u0259sinin 152.1-ci (on alt\u0131 ya\u015f\u0131na \u00e7atmayan \u015f\u0259xsl\u0259 cinsi \u0259laq\u0259d\u0259 olma v\u0259 ya seksual xarakterli dig\u0259r h\u0259r\u0259k\u0259tl\u0259r etm\u0259) madd\u0259si il\u0259 cinay\u0259t i\u015fi ba\u015flan\u0131l\u0131b. M\u0259hk\u0259m\u0259nin q\u0259rar\u0131 il\u0259 t\u0259qsirl\u0259ndiril\u0259n \u015f\u0259xs bar\u0259sind\u0259 h\u0259bs q\u0259timkan t\u0259dbiri se\u00e7ilib. \u0130stintaq m\u00fcdd\u0259tind\u0259 ifad\u0259si al\u0131nan yeniyetm\u0259 C\u0259f\u0259rovla k\u00f6n\u00fcll\u00fc cinsi \u0259laq\u0259d\u0259 oldu\u011funu bildirib. Ekspertizan\u0131n da r\u0259yin\u0259 \u0259sas\u0259n, h\u0259r hans\u0131 bir zorlama hal\u0131na rast g\u0259linm\u0259yib. Ba\u015flanm\u0131\u015f cinay\u0259t i\u015finin istintaq\u0131 yekunla\u015fd\u0131r\u0131laraq m\u0259hk\u0259m\u0259y\u0259 g\u00f6nd\u0259rilib\u201d.<\/em><\/p>\n\n\n\n<p><strong>H\u00fcquq\u015f\u00fcnas r\u0259yi\u2026<\/strong><\/p>\n\n\n\n<p>H\u00fcquq\u015f\u00fcnas Emin Abbasov deyir ki, Az\u0259rbaycan\u0131n cinay\u0259t qanunvericiliyi zorlama cinay\u0259tinin t\u0259rkibinin yaranmas\u0131 \u00fc\u00e7\u00fcn t\u0259kc\u0259\u00a0 z\u0259r\u0259r\u00e7\u0259kmi\u015fin cinsi aktla ba\u011fl\u0131 raz\u0131l\u0131\u011f\u0131n\u0131n olmamas\u0131n\u0131 yet\u0259rli saym\u0131r. \u00dcst\u0259lik, zor t\u0259tbiq etm\u0259, bununla h\u0259d\u0259l\u0259m\u0259, yaxud da z\u0259r\u0259r\u00e7\u0259k\u0259nin k\u00f6m\u0259ksiz v\u0259ziyy\u0259tind\u0259n istifad\u0259 etm\u0259 olduqda bu cinay\u0259tin t\u0259rkibi yaran\u0131r:<\/p>\n\n\n\n<p><em>\u201cAz\u0259rbaycan cinay\u0259t qanunvericiliyind\u0259 zorlaman\u0131n t\u0259kc\u0259 raz\u0131l\u0131\u011fa istinad ed\u0259n t\u0259rifinin olmamas\u0131 zorlaman\u0131 z\u0259r\u0259r\u00e7\u0259kmi\u015fin fiziki m\u00fcqavim\u0259t g\u00f6st\u0259rdiyi fiziki zorak\u0131l\u0131q akt\u0131 (zorak\u0131l\u0131q h\u0259d\u0259si) v\u0259 \u015f\u0259raitd\u0259n as\u0131l\u0131 olaraq z\u0259r\u0259r\u00e7\u0259kmi\u015fin k\u00f6m\u0259ksiz v\u0259ziyy\u0259tind\u0259 t\u00f6r\u0259dilm\u0259si kimi q\u0259bul edildiyi t\u0259cr\u00fcb\u0259y\u0259 g\u0259tirib \u00e7\u0131xar\u0131r. Az\u0259rbaycan Cinay\u0259t M\u0259c\u0259ll\u0259si zorlama cinay\u0259tinin t\u0259rkibinin yaranmas\u0131 \u00fc\u00e7\u00fcn t\u0259kc\u0259\u00a0 z\u0259r\u0259r\u00e7\u0259kmi\u015f \u015f\u0259xsinin cinsi aktla ba\u011fl\u0131 raz\u0131l\u0131\u011f\u0131n\u0131n olmamas\u0131n\u0131 kifay\u0259tedici hesab etmir. \u018fv\u0259zind\u0259 zorlama il\u0259 ba\u011fl\u0131 madd\u0259 t\u0259qsirli \u015f\u0259xsin zor t\u0259tbiq etm\u0259sini v\u0259 ya bel\u0259 zor t\u0259tbiq etm\u0259 h\u0259d\u0259sinin, yaxud z\u0259r\u0259r\u00e7\u0259kmi\u015f \u015f\u0259xsin k\u00f6m\u0259ksiz v\u0259ziyy\u0259tinin m\u00f6vcudlu\u011funu t\u0259l\u0259b edir. Bu \u015f\u0259rtl\u0259r yetkinlik ya\u015f\u0131na \u00e7atmayan (14-16 ya\u015f) \u015f\u0259xsl\u0259rin cinsi \u0259laq\u0259 \u00fc\u00e7\u00fcn h\u0259qiqi azad irad\u0259si (raz\u0131l\u0131q ifad\u0259si) olub-olmad\u0131\u011f\u0131na \u0259h\u0259miyy\u0259t verilm\u0259m\u0259si il\u0259 n\u0259tic\u0259l\u0259nir. M\u0259s\u0259l\u0259n cinay\u0259t t\u0259kc\u0259 zorak\u0131l\u0131q h\u0259d\u0259si il\u0259 deyil, ba\u015fqa t\u0259zyiql\u0259r (r\u00fcsvay ed\u0259c\u0259yi il\u0259 h\u0259d\u0259l\u0259m\u0259, ail\u0259sin\u0259 v\u0259 ya dostlar\u0131na x\u0259b\u0259r verm\u0259 v\u0259 s) il\u0259 t\u00f6r\u0259dildikd\u0259 bel\u0259 \u0259m\u0259ll\u0259r ya c\u0259zas\u0131z qal\u0131r, ya da daha y\u00fcng\u00fcl cinay\u0259t \u0259m\u0259ll\u0259rin\u0259 t\u00f6vsif edilir\u201d.<\/em><\/p>\n","protected":false},"excerpt":{"rendered":"<p>\u201cBiz\u0259 demi\u015fdil\u0259r ki, zorlama madd\u0259sil\u0259 i\u015f a\u00e7\u0131lacaq, ittiham akt\u0131n\u0131 \u0259limiz\u0259 &#8230; <\/p>\n<p class=\"read-more-container\"><a title=\"G\u00f6y\u00e7ayda yeniyetm\u0259 q\u0131za qar\u015f\u0131 cinay\u0259t: ail\u0259 istintaqdan naraz\u0131 qal\u0131b\" class=\"read-more button\" href=\"https:\/\/www.meydan.tv\/az\/article\/goycayda-yeniyetme-qiza-qarsi-cinayet-aile-istintaqdan-narazi-qalib\/#more-276373\" aria-label=\"Read more about G\u00f6y\u00e7ayda yeniyetm\u0259 q\u0131za qar\u015f\u0131 cinay\u0259t: ail\u0259 istintaqdan naraz\u0131 qal\u0131b\">Davam\u0131<\/a><\/p>\n","protected":false},"author":8,"featured_media":155631,"comment_status":"closed","ping_status":"closed","sticky":false,"template":"","format":"standard","meta":{"_acf_changed":false,"_sitemap_exclude":false,"_sitemap_priority":"","_sitemap_frequency":"","footnotes":""},"categories":[60,56],"tags":[],"class_list":["post-276373","post","type-post","status-publish","format-standard","has-post-thumbnail","hentry","category-bolge","category-xeberler","infinite-scroll-item","generate-columns","tablet-grid-50","mobile-grid-100","grid-parent","grid-33","no-featured-image-padding"],"acf":[],"yoast_head":"<!-- This site is optimized with the Yoast SEO plugin v27.5 - https:\/\/yoast.com\/product\/yoast-seo-wordpress\/ -->\n<title>G\u00f6y\u00e7ayda yeniyetm\u0259 q\u0131za qar\u015f\u0131 cinay\u0259t: ail\u0259 istintaqdan naraz\u0131 qal\u0131b - MEYDAN.TV<\/title>\n<meta name=\"robots\" content=\"index, follow, max-snippet:-1, max-image-preview:large, max-video-preview:-1\" \/>\n<link rel=\"canonical\" href=\"https:\/\/www.meydan.tv\/az\/article\/goycayda-yeniyetme-qiza-qarsi-cinayet-aile-istintaqdan-narazi-qalib\/\" \/>\n<meta property=\"og:locale\" content=\"az_AZ\" \/>\n<meta property=\"og:type\" content=\"article\" \/>\n<meta property=\"og:title\" content=\"G\u00f6y\u00e7ayda yeniyetm\u0259 q\u0131za qar\u015f\u0131 cinay\u0259t: ail\u0259 istintaqdan naraz\u0131 qal\u0131b - MEYDAN.TV\" \/>\n<meta property=\"og:description\" content=\"\u201cBiz\u0259 demi\u015fdil\u0259r ki, zorlama madd\u0259sil\u0259 i\u015f a\u00e7\u0131lacaq, ittiham akt\u0131n\u0131 \u0259limiz\u0259 ... Davam\u0131\" \/>\n<meta property=\"og:url\" content=\"https:\/\/www.meydan.tv\/az\/article\/goycayda-yeniyetme-qiza-qarsi-cinayet-aile-istintaqdan-narazi-qalib\/\" \/>\n<meta property=\"og:site_name\" content=\"MEYDAN.TV\" \/>\n<meta property=\"article:published_time\" content=\"2023-05-29T15:40:18+00:00\" \/>\n<meta property=\"article:modified_time\" content=\"2023-05-29T15:40:20+00:00\" \/>\n<meta property=\"og:image\" content=\"https:\/\/www.meydan.tv\/wp-content\/uploads\/mehkeme19-scaled.jpg\" \/>\n\t<meta property=\"og:image:width\" content=\"2560\" \/>\n\t<meta property=\"og:image:height\" content=\"1440\" \/>\n\t<meta property=\"og:image:type\" content=\"image\/jpeg\" \/>\n<meta name=\"author\" content=\"elli\" \/>\n<meta name=\"twitter:card\" content=\"summary_large_image\" \/>\n<meta name=\"twitter:creator\" content=\"@elli\" \/>\n<script type=\"application\/ld+json\" class=\"yoast-schema-graph\">{\"@context\":\"https:\\\/\\\/schema.org\",\"@graph\":[{\"@type\":\"Article\",\"@id\":\"https:\\\/\\\/www.meydan.tv\\\/az\\\/article\\\/goycayda-yeniyetme-qiza-qarsi-cinayet-aile-istintaqdan-narazi-qalib\\\/#article\",\"isPartOf\":{\"@id\":\"https:\\\/\\\/www.meydan.tv\\\/az\\\/article\\\/goycayda-yeniyetme-qiza-qarsi-cinayet-aile-istintaqdan-narazi-qalib\\\/\"},\"author\":{\"name\":\"elli\",\"@id\":\"https:\\\/\\\/www.meydan.tv\\\/az\\\/#\\\/schema\\\/person\\\/9cdbecf90d17180ce1dfbd95b08dcf47\"},\"headline\":\"G\u00f6y\u00e7ayda yeniyetm\u0259 q\u0131za qar\u015f\u0131 cinay\u0259t: ail\u0259 istintaqdan naraz\u0131 qal\u0131b\",\"datePublished\":\"2023-05-29T15:40:18+00:00\",\"dateModified\":\"2023-05-29T15:40:20+00:00\",\"mainEntityOfPage\":{\"@id\":\"https:\\\/\\\/www.meydan.tv\\\/az\\\/article\\\/goycayda-yeniyetme-qiza-qarsi-cinayet-aile-istintaqdan-narazi-qalib\\\/\"},\"wordCount\":1676,\"publisher\":{\"@id\":\"https:\\\/\\\/www.meydan.tv\\\/az\\\/#organization\"},\"image\":{\"@id\":\"https:\\\/\\\/www.meydan.tv\\\/az\\\/article\\\/goycayda-yeniyetme-qiza-qarsi-cinayet-aile-istintaqdan-narazi-qalib\\\/#primaryimage\"},\"thumbnailUrl\":\"https:\\\/\\\/www.meydan.tv\\\/wp-content\\\/uploads\\\/mehkeme19-scaled.jpg\",\"articleSection\":[\"B\u00f6lg\u0259\",\"X\u0259b\u0259rl\u0259r\"],\"inLanguage\":\"az\"},{\"@type\":\"WebPage\",\"@id\":\"https:\\\/\\\/www.meydan.tv\\\/az\\\/article\\\/goycayda-yeniyetme-qiza-qarsi-cinayet-aile-istintaqdan-narazi-qalib\\\/\",\"url\":\"https:\\\/\\\/www.meydan.tv\\\/az\\\/article\\\/goycayda-yeniyetme-qiza-qarsi-cinayet-aile-istintaqdan-narazi-qalib\\\/\",\"name\":\"G\u00f6y\u00e7ayda yeniyetm\u0259 q\u0131za qar\u015f\u0131 cinay\u0259t: ail\u0259 istintaqdan naraz\u0131 qal\u0131b - MEYDAN.TV\",\"isPartOf\":{\"@id\":\"https:\\\/\\\/www.meydan.tv\\\/az\\\/#website\"},\"primaryImageOfPage\":{\"@id\":\"https:\\\/\\\/www.meydan.tv\\\/az\\\/article\\\/goycayda-yeniyetme-qiza-qarsi-cinayet-aile-istintaqdan-narazi-qalib\\\/#primaryimage\"},\"image\":{\"@id\":\"https:\\\/\\\/www.meydan.tv\\\/az\\\/article\\\/goycayda-yeniyetme-qiza-qarsi-cinayet-aile-istintaqdan-narazi-qalib\\\/#primaryimage\"},\"thumbnailUrl\":\"https:\\\/\\\/www.meydan.tv\\\/wp-content\\\/uploads\\\/mehkeme19-scaled.jpg\",\"datePublished\":\"2023-05-29T15:40:18+00:00\",\"dateModified\":\"2023-05-29T15:40:20+00:00\",\"breadcrumb\":{\"@id\":\"https:\\\/\\\/www.meydan.tv\\\/az\\\/article\\\/goycayda-yeniyetme-qiza-qarsi-cinayet-aile-istintaqdan-narazi-qalib\\\/#breadcrumb\"},\"inLanguage\":\"az\",\"potentialAction\":[{\"@type\":\"ReadAction\",\"target\":[\"https:\\\/\\\/www.meydan.tv\\\/az\\\/article\\\/goycayda-yeniyetme-qiza-qarsi-cinayet-aile-istintaqdan-narazi-qalib\\\/\"]}]},{\"@type\":\"ImageObject\",\"inLanguage\":\"az\",\"@id\":\"https:\\\/\\\/www.meydan.tv\\\/az\\\/article\\\/goycayda-yeniyetme-qiza-qarsi-cinayet-aile-istintaqdan-narazi-qalib\\\/#primaryimage\",\"url\":\"https:\\\/\\\/www.meydan.tv\\\/wp-content\\\/uploads\\\/mehkeme19-scaled.jpg\",\"contentUrl\":\"https:\\\/\\\/www.meydan.tv\\\/wp-content\\\/uploads\\\/mehkeme19-scaled.jpg\",\"width\":2560,\"height\":1440,\"caption\":\"M\u0259nb\u0259: Meydan TV\"},{\"@type\":\"BreadcrumbList\",\"@id\":\"https:\\\/\\\/www.meydan.tv\\\/az\\\/article\\\/goycayda-yeniyetme-qiza-qarsi-cinayet-aile-istintaqdan-narazi-qalib\\\/#breadcrumb\",\"itemListElement\":[{\"@type\":\"ListItem\",\"position\":1,\"name\":\"Ana s\u0259hif\u0259\",\"item\":\"https:\\\/\\\/www.meydan.tv\\\/az\\\/\"},{\"@type\":\"ListItem\",\"position\":2,\"name\":\"B\u00f6lg\u0259\",\"item\":\"https:\\\/\\\/www.meydan.tv\\\/az\\\/section\\\/bolge\\\/\"},{\"@type\":\"ListItem\",\"position\":3,\"name\":\"G\u00f6y\u00e7ayda yeniyetm\u0259 q\u0131za qar\u015f\u0131 cinay\u0259t: ail\u0259 istintaqdan naraz\u0131 qal\u0131b\"}]},{\"@type\":\"WebSite\",\"@id\":\"https:\\\/\\\/www.meydan.tv\\\/az\\\/#website\",\"url\":\"https:\\\/\\\/www.meydan.tv\\\/az\\\/\",\"name\":\"MEYDAN.TV\",\"description\":\"Meydan TV Az\u0259rbaycan\u0131n media m\u0259kan\u0131ndak\u0131 alternativ s\u0259sidir\",\"publisher\":{\"@id\":\"https:\\\/\\\/www.meydan.tv\\\/az\\\/#organization\"},\"potentialAction\":[{\"@type\":\"SearchAction\",\"target\":{\"@type\":\"EntryPoint\",\"urlTemplate\":\"https:\\\/\\\/www.meydan.tv\\\/az\\\/?s={search_term_string}\"},\"query-input\":{\"@type\":\"PropertyValueSpecification\",\"valueRequired\":true,\"valueName\":\"search_term_string\"}}],\"inLanguage\":\"az\"},{\"@type\":\"Organization\",\"@id\":\"https:\\\/\\\/www.meydan.tv\\\/az\\\/#organization\",\"name\":\"Meydan TV\",\"url\":\"https:\\\/\\\/www.meydan.tv\\\/az\\\/\",\"logo\":{\"@type\":\"ImageObject\",\"inLanguage\":\"az\",\"@id\":\"https:\\\/\\\/www.meydan.tv\\\/az\\\/#\\\/schema\\\/logo\\\/image\\\/\",\"url\":\"https:\\\/\\\/www.meydan.tv\\\/wp-content\\\/uploads\\\/2021\\\/07\\\/meydan-logo.svg\",\"contentUrl\":\"https:\\\/\\\/www.meydan.tv\\\/wp-content\\\/uploads\\\/2021\\\/07\\\/meydan-logo.svg\",\"width\":195,\"height\":46,\"caption\":\"Meydan TV\"},\"image\":{\"@id\":\"https:\\\/\\\/www.meydan.tv\\\/az\\\/#\\\/schema\\\/logo\\\/image\\\/\"}},{\"@type\":\"Person\",\"@id\":\"https:\\\/\\\/www.meydan.tv\\\/az\\\/#\\\/schema\\\/person\\\/9cdbecf90d17180ce1dfbd95b08dcf47\",\"name\":\"elli\",\"sameAs\":[\"https:\\\/\\\/x.com\\\/elli\"]}]}<\/script>\n<!-- \/ Yoast SEO plugin. -->","yoast_head_json":{"title":"G\u00f6y\u00e7ayda yeniyetm\u0259 q\u0131za qar\u015f\u0131 cinay\u0259t: ail\u0259 istintaqdan naraz\u0131 qal\u0131b - MEYDAN.TV","robots":{"index":"index","follow":"follow","max-snippet":"max-snippet:-1","max-image-preview":"max-image-preview:large","max-video-preview":"max-video-preview:-1"},"canonical":"https:\/\/www.meydan.tv\/az\/article\/goycayda-yeniyetme-qiza-qarsi-cinayet-aile-istintaqdan-narazi-qalib\/","og_locale":"az_AZ","og_type":"article","og_title":"G\u00f6y\u00e7ayda yeniyetm\u0259 q\u0131za qar\u015f\u0131 cinay\u0259t: ail\u0259 istintaqdan naraz\u0131 qal\u0131b - MEYDAN.TV","og_description":"\u201cBiz\u0259 demi\u015fdil\u0259r ki, zorlama madd\u0259sil\u0259 i\u015f a\u00e7\u0131lacaq, ittiham akt\u0131n\u0131 \u0259limiz\u0259 ... Davam\u0131","og_url":"https:\/\/www.meydan.tv\/az\/article\/goycayda-yeniyetme-qiza-qarsi-cinayet-aile-istintaqdan-narazi-qalib\/","og_site_name":"MEYDAN.TV","article_published_time":"2023-05-29T15:40:18+00:00","article_modified_time":"2023-05-29T15:40:20+00:00","og_image":[{"width":2560,"height":1440,"url":"https:\/\/www.meydan.tv\/wp-content\/uploads\/mehkeme19-scaled.jpg","type":"image\/jpeg"}],"author":"elli","twitter_card":"summary_large_image","twitter_creator":"@elli","schema":{"@context":"https:\/\/schema.org","@graph":[{"@type":"Article","@id":"https:\/\/www.meydan.tv\/az\/article\/goycayda-yeniyetme-qiza-qarsi-cinayet-aile-istintaqdan-narazi-qalib\/#article","isPartOf":{"@id":"https:\/\/www.meydan.tv\/az\/article\/goycayda-yeniyetme-qiza-qarsi-cinayet-aile-istintaqdan-narazi-qalib\/"},"author":{"name":"elli","@id":"https:\/\/www.meydan.tv\/az\/#\/schema\/person\/9cdbecf90d17180ce1dfbd95b08dcf47"},"headline":"G\u00f6y\u00e7ayda yeniyetm\u0259 q\u0131za qar\u015f\u0131 cinay\u0259t: ail\u0259 istintaqdan naraz\u0131 qal\u0131b","datePublished":"2023-05-29T15:40:18+00:00","dateModified":"2023-05-29T15:40:20+00:00","mainEntityOfPage":{"@id":"https:\/\/www.meydan.tv\/az\/article\/goycayda-yeniyetme-qiza-qarsi-cinayet-aile-istintaqdan-narazi-qalib\/"},"wordCount":1676,"publisher":{"@id":"https:\/\/www.meydan.tv\/az\/#organization"},"image":{"@id":"https:\/\/www.meydan.tv\/az\/article\/goycayda-yeniyetme-qiza-qarsi-cinayet-aile-istintaqdan-narazi-qalib\/#primaryimage"},"thumbnailUrl":"https:\/\/www.meydan.tv\/wp-content\/uploads\/mehkeme19-scaled.jpg","articleSection":["B\u00f6lg\u0259","X\u0259b\u0259rl\u0259r"],"inLanguage":"az"},{"@type":"WebPage","@id":"https:\/\/www.meydan.tv\/az\/article\/goycayda-yeniyetme-qiza-qarsi-cinayet-aile-istintaqdan-narazi-qalib\/","url":"https:\/\/www.meydan.tv\/az\/article\/goycayda-yeniyetme-qiza-qarsi-cinayet-aile-istintaqdan-narazi-qalib\/","name":"G\u00f6y\u00e7ayda yeniyetm\u0259 q\u0131za qar\u015f\u0131 cinay\u0259t: ail\u0259 istintaqdan naraz\u0131 qal\u0131b - MEYDAN.TV","isPartOf":{"@id":"https:\/\/www.meydan.tv\/az\/#website"},"primaryImageOfPage":{"@id":"https:\/\/www.meydan.tv\/az\/article\/goycayda-yeniyetme-qiza-qarsi-cinayet-aile-istintaqdan-narazi-qalib\/#primaryimage"},"image":{"@id":"https:\/\/www.meydan.tv\/az\/article\/goycayda-yeniyetme-qiza-qarsi-cinayet-aile-istintaqdan-narazi-qalib\/#primaryimage"},"thumbnailUrl":"https:\/\/www.meydan.tv\/wp-content\/uploads\/mehkeme19-scaled.jpg","datePublished":"2023-05-29T15:40:18+00:00","dateModified":"2023-05-29T15:40:20+00:00","breadcrumb":{"@id":"https:\/\/www.meydan.tv\/az\/article\/goycayda-yeniyetme-qiza-qarsi-cinayet-aile-istintaqdan-narazi-qalib\/#breadcrumb"},"inLanguage":"az","potentialAction":[{"@type":"ReadAction","target":["https:\/\/www.meydan.tv\/az\/article\/goycayda-yeniyetme-qiza-qarsi-cinayet-aile-istintaqdan-narazi-qalib\/"]}]},{"@type":"ImageObject","inLanguage":"az","@id":"https:\/\/www.meydan.tv\/az\/article\/goycayda-yeniyetme-qiza-qarsi-cinayet-aile-istintaqdan-narazi-qalib\/#primaryimage","url":"https:\/\/www.meydan.tv\/wp-content\/uploads\/mehkeme19-scaled.jpg","contentUrl":"https:\/\/www.meydan.tv\/wp-content\/uploads\/mehkeme19-scaled.jpg","width":2560,"height":1440,"caption":"M\u0259nb\u0259: Meydan TV"},{"@type":"BreadcrumbList","@id":"https:\/\/www.meydan.tv\/az\/article\/goycayda-yeniyetme-qiza-qarsi-cinayet-aile-istintaqdan-narazi-qalib\/#breadcrumb","itemListElement":[{"@type":"ListItem","position":1,"name":"Ana s\u0259hif\u0259","item":"https:\/\/www.meydan.tv\/az\/"},{"@type":"ListItem","position":2,"name":"B\u00f6lg\u0259","item":"https:\/\/www.meydan.tv\/az\/section\/bolge\/"},{"@type":"ListItem","position":3,"name":"G\u00f6y\u00e7ayda yeniyetm\u0259 q\u0131za qar\u015f\u0131 cinay\u0259t: ail\u0259 istintaqdan naraz\u0131 qal\u0131b"}]},{"@type":"WebSite","@id":"https:\/\/www.meydan.tv\/az\/#website","url":"https:\/\/www.meydan.tv\/az\/","name":"MEYDAN.TV","description":"Meydan TV Az\u0259rbaycan\u0131n media m\u0259kan\u0131ndak\u0131 alternativ s\u0259sidir","publisher":{"@id":"https:\/\/www.meydan.tv\/az\/#organization"},"potentialAction":[{"@type":"SearchAction","target":{"@type":"EntryPoint","urlTemplate":"https:\/\/www.meydan.tv\/az\/?s={search_term_string}"},"query-input":{"@type":"PropertyValueSpecification","valueRequired":true,"valueName":"search_term_string"}}],"inLanguage":"az"},{"@type":"Organization","@id":"https:\/\/www.meydan.tv\/az\/#organization","name":"Meydan TV","url":"https:\/\/www.meydan.tv\/az\/","logo":{"@type":"ImageObject","inLanguage":"az","@id":"https:\/\/www.meydan.tv\/az\/#\/schema\/logo\/image\/","url":"https:\/\/www.meydan.tv\/wp-content\/uploads\/2021\/07\/meydan-logo.svg","contentUrl":"https:\/\/www.meydan.tv\/wp-content\/uploads\/2021\/07\/meydan-logo.svg","width":195,"height":46,"caption":"Meydan TV"},"image":{"@id":"https:\/\/www.meydan.tv\/az\/#\/schema\/logo\/image\/"}},{"@type":"Person","@id":"https:\/\/www.meydan.tv\/az\/#\/schema\/person\/9cdbecf90d17180ce1dfbd95b08dcf47","name":"elli","sameAs":["https:\/\/x.com\/elli"]}]}},"_links":{"self":[{"href":"https:\/\/www.meydan.tv\/az\/wp-json\/wp\/v2\/posts\/276373","targetHints":{"allow":["GET"]}}],"collection":[{"href":"https:\/\/www.meydan.tv\/az\/wp-json\/wp\/v2\/posts"}],"about":[{"href":"https:\/\/www.meydan.tv\/az\/wp-json\/wp\/v2\/types\/post"}],"author":[{"embeddable":true,"href":"https:\/\/www.meydan.tv\/az\/wp-json\/wp\/v2\/users\/8"}],"replies":[{"embeddable":true,"href":"https:\/\/www.meydan.tv\/az\/wp-json\/wp\/v2\/comments?post=276373"}],"version-history":[{"count":1,"href":"https:\/\/www.meydan.tv\/az\/wp-json\/wp\/v2\/posts\/276373\/revisions"}],"predecessor-version":[{"id":276374,"href":"https:\/\/www.meydan.tv\/az\/wp-json\/wp\/v2\/posts\/276373\/revisions\/276374"}],"wp:featuredmedia":[{"embeddable":true,"href":"https:\/\/www.meydan.tv\/az\/wp-json\/wp\/v2\/media\/155631"}],"wp:attachment":[{"href":"https:\/\/www.meydan.tv\/az\/wp-json\/wp\/v2\/media?parent=276373"}],"wp:term":[{"taxonomy":"category","embeddable":true,"href":"https:\/\/www.meydan.tv\/az\/wp-json\/wp\/v2\/categories?post=276373"},{"taxonomy":"post_tag","embeddable":true,"href":"https:\/\/www.meydan.tv\/az\/wp-json\/wp\/v2\/tags?post=276373"}],"curies":[{"name":"wp","href":"https:\/\/api.w.org\/{rel}","templated":true}]}}