{"id":276278,"date":"2023-05-28T13:31:16","date_gmt":"2023-05-28T09:31:16","guid":{"rendered":"https:\/\/www.meydan.tv\/?p=276278"},"modified":"2023-05-28T13:34:52","modified_gmt":"2023-05-28T09:34:52","slug":"merve-dizdar-en-yaxsi-aktrisa-nominasiyasina-layiq-gorulub","status":"publish","type":"post","link":"https:\/\/www.meydan.tv\/az\/article\/merve-dizdar-en-yaxsi-aktrisa-nominasiyasina-layiq-gorulub\/","title":{"rendered":"Merve Dizdar \u201c\u018fn yax\u015f\u0131 aktrisa\u201d nominasiyas\u0131na layiq g\u00f6r\u00fcl\u00fcb"},"content":{"rendered":"\n<p><\/p>\n\n\n\n<p><strong><em>Yarad\u0131c\u0131 hey\u0259t d\u0259qiq\u0259l\u0259rl\u0259 ayaq \u00fcst\u00fcnd\u0259 alq\u0131\u015flan\u0131b<\/em><\/strong><\/p>\n\n\n\n<p>T\u00fcrkiy\u0259li aktrisa Merve Dizdar Kann Film Festival\u0131nda rejissor Nuri Bilge Ceylan\u0131n \u201cKuru otlar \u00fcst\u00fcn\u0259\u201d filmind\u0259ki obraz\u0131na g\u00f6r\u0259 \u201c\u018fn yax\u015f\u0131 aktrisa\u201d nominasiyas\u0131na layiq g\u00f6r\u00fcl\u00fcb.<\/p>\n\n\n\n<p>Aktrisa \u00e7\u0131x\u0131\u015f\u0131 zaman\u0131 filmd\u0259ki Nuray m\u00fc\u0259llim obraz\u0131n\u0131 canland\u0131rmaqda \u00e7ox da \u00e7\u0259tinlik \u00e7\u0259km\u0259diyini<a href=\"\" target=\"_blank\" rel=\"noreferrer noopener\"> <\/a><a href=\"https:\/\/www.youtube.com\/watch?v=1EP1qD1XiuA\">s\u00f6yl\u0259yib:<\/a><\/p>\n\n\n\n<p>\u00a0\u201c<em>\u00c7\u00fcnki ya\u015fad\u0131\u011f\u0131m co\u011frafiyada qad\u0131n olmaq, m\u0259n\u0259 Nuraylar\u0131n duy\u011fusunu do\u011fuldu\u011fum g\u00fcnd\u0259n \u0259zb\u0259r bilm\u0259yi \u00f6yr\u0259dib. O, inand\u0131\u011f\u0131 \u015feyl\u0259r \u00fc\u00e7\u00fcn m\u00fcbariz\u0259 aparan v\u0259 bunun \u00fc\u00e7\u00fcn a\u011f\u0131r s\u0131naqlardan ke\u00e7m\u0259y\u0259 m\u0259cbur olan qad\u0131nd\u0131r. Bu m\u00fckafat\u0131 Nuray v\u0259 onun kimi qad\u0131nlar\u0131n m\u00fcbariz\u0259sin\u0259 g\u00fcc verm\u0259k, \u00f6z\u00fcn\u0259 layiq g\u00f6r\u00fcl\u0259nl\u0259r\u0259 boyun \u0259ym\u0259y\u0259n, bunun \u00fc\u00e7\u00fcn m\u00fcbariz\u0259 aparan v\u0259 \u00fcmidini itirm\u0259y\u0259n b\u00fct\u00fcn qad\u0131nlar v\u0259 T\u00fcrkiy\u0259d\u0259 g\u00f6z\u0259l g\u00fcnl\u0259ri ya\u015fama\u011f\u0131 g\u00f6zl\u0259y\u0259n m\u00fcbariz\u0259 aparan ruhlara h\u0259diyy\u0259 edir\u0259m&#8221;.<\/em><\/p>\n\n\n\n<p>\u201cQuru otlar \u00fcst\u00fcn\u0259\u201d filminin rejissoru Nuri Bilge Ceylan, ssenaristl\u0259ri Ebru Ceylan v\u0259 Ak\u0131n Aksudur.<\/p>\n\n\n\n<p>Filmin yarad\u0131c\u0131 hey\u0259ti festivalda d\u0259qiq\u0259l\u0259rl\u0259 ayaq \u00fcst\u00fcnd\u0259 alq\u0131\u015flan\u0131b.<br>T\u00fcrk dram filmi 2023-c\u00fc il istehsal\u0131d\u0131r.<\/p>\n\n\n\n<p>Filmd\u0259 ba\u015f rollar\u0131 Deniz Celilo\u011flu, Merve Dizdar v\u0259 Musab Ekici canland\u0131r\u0131b.<\/p>\n\n\n\n<p>Ekran i\u015find\u0259 \u015e\u0259rqi Anadolunun ucqar k\u0259ndind\u0259 i\u015fl\u0259y\u0259n v\u0259\u00a0 \u0130stanbula t\u0259yinat alma\u011f\u0131 \u00fcmid ed\u0259n r\u0259sm m\u00fc\u0259llimi (Deniz Celilo\u011flu) \u015fagirdin\u0259 sata\u015fmaqda ittiham olunur.<\/p>\n\n\n\n<p>Filmin premyeras\u0131 19 may 2023-c\u00fc ild\u0259 76-c\u0131 Kann Film Festival\u0131n\u0131n \u0259sas m\u00fcsabiq\u0259 b\u00f6lm\u0259sind\u0259 olub.<\/p>\n\n\n\n<p>Kann Film Festival\u0131 may\u0131n 16-dan 27-d\u0259k davam edib.<\/p>\n","protected":false},"excerpt":{"rendered":"<p>Yarad\u0131c\u0131 hey\u0259t d\u0259qiq\u0259l\u0259rl\u0259 ayaq \u00fcst\u00fcnd\u0259 alq\u0131\u015flan\u0131b T\u00fcrkiy\u0259li aktrisa Merve Dizdar &#8230; <\/p>\n<p class=\"read-more-container\"><a title=\"Merve Dizdar \u201c\u018fn yax\u015f\u0131 aktrisa\u201d nominasiyas\u0131na layiq g\u00f6r\u00fcl\u00fcb\" class=\"read-more button\" href=\"https:\/\/www.meydan.tv\/az\/article\/merve-dizdar-en-yaxsi-aktrisa-nominasiyasina-layiq-gorulub\/#more-276278\" aria-label=\"Read more about Merve Dizdar \u201c\u018fn yax\u015f\u0131 aktrisa\u201d nominasiyas\u0131na layiq g\u00f6r\u00fcl\u00fcb\">Davam\u0131<\/a><\/p>\n","protected":false},"author":8,"featured_media":276275,"comment_status":"closed","ping_status":"closed","sticky":false,"template":"","format":"standard","meta":{"_acf_changed":false,"_sitemap_exclude":false,"_sitemap_priority":"","_sitemap_frequency":"","footnotes":""},"categories":[52,56],"tags":[],"class_list":["post-276278","post","type-post","status-publish","format-standard","has-post-thumbnail","hentry","category-medeniyyet","category-xeberler","infinite-scroll-item","generate-columns","tablet-grid-50","mobile-grid-100","grid-parent","grid-33","no-featured-image-padding"],"acf":[],"yoast_head":"<!-- This site is optimized with the Yoast SEO plugin v27.4 - https:\/\/yoast.com\/product\/yoast-seo-wordpress\/ -->\n<title>Merve Dizdar \u201c\u018fn yax\u015f\u0131 aktrisa\u201d nominasiyas\u0131na layiq g\u00f6r\u00fcl\u00fcb - MEYDAN.TV<\/title>\n<meta name=\"robots\" content=\"index, follow, max-snippet:-1, max-image-preview:large, max-video-preview:-1\" \/>\n<link rel=\"canonical\" href=\"https:\/\/www.meydan.tv\/az\/article\/merve-dizdar-en-yaxsi-aktrisa-nominasiyasina-layiq-gorulub\/\" \/>\n<meta property=\"og:locale\" content=\"az_AZ\" \/>\n<meta property=\"og:type\" content=\"article\" \/>\n<meta property=\"og:title\" content=\"Merve Dizdar \u201c\u018fn yax\u015f\u0131 aktrisa\u201d nominasiyas\u0131na layiq g\u00f6r\u00fcl\u00fcb - MEYDAN.TV\" \/>\n<meta property=\"og:description\" content=\"Yarad\u0131c\u0131 hey\u0259t d\u0259qiq\u0259l\u0259rl\u0259 ayaq \u00fcst\u00fcnd\u0259 alq\u0131\u015flan\u0131b T\u00fcrkiy\u0259li aktrisa Merve Dizdar ... Davam\u0131\" \/>\n<meta property=\"og:url\" content=\"https:\/\/www.meydan.tv\/az\/article\/merve-dizdar-en-yaxsi-aktrisa-nominasiyasina-layiq-gorulub\/\" \/>\n<meta property=\"og:site_name\" content=\"MEYDAN.TV\" \/>\n<meta property=\"article:published_time\" content=\"2023-05-28T09:31:16+00:00\" \/>\n<meta property=\"article:modified_time\" content=\"2023-05-28T09:34:52+00:00\" \/>\n<meta property=\"og:image\" content=\"https:\/\/www.meydan.tv\/wp-content\/uploads\/untitled-design-134-e1685266264603.jpg\" \/>\n\t<meta property=\"og:image:width\" content=\"1200\" \/>\n\t<meta property=\"og:image:height\" content=\"585\" \/>\n\t<meta property=\"og:image:type\" content=\"image\/jpeg\" \/>\n<meta name=\"author\" content=\"elli\" \/>\n<meta name=\"twitter:card\" content=\"summary_large_image\" \/>\n<meta name=\"twitter:creator\" content=\"@elli\" \/>\n<script type=\"application\/ld+json\" class=\"yoast-schema-graph\">{\"@context\":\"https:\\\/\\\/schema.org\",\"@graph\":[{\"@type\":\"Article\",\"@id\":\"https:\\\/\\\/www.meydan.tv\\\/az\\\/article\\\/merve-dizdar-en-yaxsi-aktrisa-nominasiyasina-layiq-gorulub\\\/#article\",\"isPartOf\":{\"@id\":\"https:\\\/\\\/www.meydan.tv\\\/az\\\/article\\\/merve-dizdar-en-yaxsi-aktrisa-nominasiyasina-layiq-gorulub\\\/\"},\"author\":{\"name\":\"elli\",\"@id\":\"https:\\\/\\\/www.meydan.tv\\\/az\\\/#\\\/schema\\\/person\\\/9cdbecf90d17180ce1dfbd95b08dcf47\"},\"headline\":\"Merve Dizdar \u201c\u018fn yax\u015f\u0131 aktrisa\u201d nominasiyas\u0131na layiq g\u00f6r\u00fcl\u00fcb\",\"datePublished\":\"2023-05-28T09:31:16+00:00\",\"dateModified\":\"2023-05-28T09:34:52+00:00\",\"mainEntityOfPage\":{\"@id\":\"https:\\\/\\\/www.meydan.tv\\\/az\\\/article\\\/merve-dizdar-en-yaxsi-aktrisa-nominasiyasina-layiq-gorulub\\\/\"},\"wordCount\":316,\"publisher\":{\"@id\":\"https:\\\/\\\/www.meydan.tv\\\/az\\\/#organization\"},\"image\":{\"@id\":\"https:\\\/\\\/www.meydan.tv\\\/az\\\/article\\\/merve-dizdar-en-yaxsi-aktrisa-nominasiyasina-layiq-gorulub\\\/#primaryimage\"},\"thumbnailUrl\":\"https:\\\/\\\/www.meydan.tv\\\/wp-content\\\/uploads\\\/untitled-design-134-e1685457164283.jpg\",\"articleSection\":[\"M\u0259d\u0259niyy\u0259t\",\"X\u0259b\u0259rl\u0259r\"],\"inLanguage\":\"az\"},{\"@type\":\"WebPage\",\"@id\":\"https:\\\/\\\/www.meydan.tv\\\/az\\\/article\\\/merve-dizdar-en-yaxsi-aktrisa-nominasiyasina-layiq-gorulub\\\/\",\"url\":\"https:\\\/\\\/www.meydan.tv\\\/az\\\/article\\\/merve-dizdar-en-yaxsi-aktrisa-nominasiyasina-layiq-gorulub\\\/\",\"name\":\"Merve Dizdar \u201c\u018fn yax\u015f\u0131 aktrisa\u201d nominasiyas\u0131na layiq g\u00f6r\u00fcl\u00fcb - MEYDAN.TV\",\"isPartOf\":{\"@id\":\"https:\\\/\\\/www.meydan.tv\\\/az\\\/#website\"},\"primaryImageOfPage\":{\"@id\":\"https:\\\/\\\/www.meydan.tv\\\/az\\\/article\\\/merve-dizdar-en-yaxsi-aktrisa-nominasiyasina-layiq-gorulub\\\/#primaryimage\"},\"image\":{\"@id\":\"https:\\\/\\\/www.meydan.tv\\\/az\\\/article\\\/merve-dizdar-en-yaxsi-aktrisa-nominasiyasina-layiq-gorulub\\\/#primaryimage\"},\"thumbnailUrl\":\"https:\\\/\\\/www.meydan.tv\\\/wp-content\\\/uploads\\\/untitled-design-134-e1685457164283.jpg\",\"datePublished\":\"2023-05-28T09:31:16+00:00\",\"dateModified\":\"2023-05-28T09:34:52+00:00\",\"breadcrumb\":{\"@id\":\"https:\\\/\\\/www.meydan.tv\\\/az\\\/article\\\/merve-dizdar-en-yaxsi-aktrisa-nominasiyasina-layiq-gorulub\\\/#breadcrumb\"},\"inLanguage\":\"az\",\"potentialAction\":[{\"@type\":\"ReadAction\",\"target\":[\"https:\\\/\\\/www.meydan.tv\\\/az\\\/article\\\/merve-dizdar-en-yaxsi-aktrisa-nominasiyasina-layiq-gorulub\\\/\"]}]},{\"@type\":\"ImageObject\",\"inLanguage\":\"az\",\"@id\":\"https:\\\/\\\/www.meydan.tv\\\/az\\\/article\\\/merve-dizdar-en-yaxsi-aktrisa-nominasiyasina-layiq-gorulub\\\/#primaryimage\",\"url\":\"https:\\\/\\\/www.meydan.tv\\\/wp-content\\\/uploads\\\/untitled-design-134-e1685457164283.jpg\",\"contentUrl\":\"https:\\\/\\\/www.meydan.tv\\\/wp-content\\\/uploads\\\/untitled-design-134-e1685457164283.jpg\",\"width\":1200,\"height\":513,\"caption\":\"Foto: \\\"medyascope.tv\\\"\"},{\"@type\":\"BreadcrumbList\",\"@id\":\"https:\\\/\\\/www.meydan.tv\\\/az\\\/article\\\/merve-dizdar-en-yaxsi-aktrisa-nominasiyasina-layiq-gorulub\\\/#breadcrumb\",\"itemListElement\":[{\"@type\":\"ListItem\",\"position\":1,\"name\":\"Ana s\u0259hif\u0259\",\"item\":\"https:\\\/\\\/www.meydan.tv\\\/az\\\/\"},{\"@type\":\"ListItem\",\"position\":2,\"name\":\"M\u0259d\u0259niyy\u0259t\",\"item\":\"https:\\\/\\\/www.meydan.tv\\\/az\\\/section\\\/medeniyyet\\\/\"},{\"@type\":\"ListItem\",\"position\":3,\"name\":\"Merve Dizdar \u201c\u018fn yax\u015f\u0131 aktrisa\u201d nominasiyas\u0131na layiq g\u00f6r\u00fcl\u00fcb\"}]},{\"@type\":\"WebSite\",\"@id\":\"https:\\\/\\\/www.meydan.tv\\\/az\\\/#website\",\"url\":\"https:\\\/\\\/www.meydan.tv\\\/az\\\/\",\"name\":\"MEYDAN.TV\",\"description\":\"Meydan TV Az\u0259rbaycan\u0131n media m\u0259kan\u0131ndak\u0131 alternativ s\u0259sidir\",\"publisher\":{\"@id\":\"https:\\\/\\\/www.meydan.tv\\\/az\\\/#organization\"},\"potentialAction\":[{\"@type\":\"SearchAction\",\"target\":{\"@type\":\"EntryPoint\",\"urlTemplate\":\"https:\\\/\\\/www.meydan.tv\\\/az\\\/?s={search_term_string}\"},\"query-input\":{\"@type\":\"PropertyValueSpecification\",\"valueRequired\":true,\"valueName\":\"search_term_string\"}}],\"inLanguage\":\"az\"},{\"@type\":\"Organization\",\"@id\":\"https:\\\/\\\/www.meydan.tv\\\/az\\\/#organization\",\"name\":\"Meydan TV\",\"url\":\"https:\\\/\\\/www.meydan.tv\\\/az\\\/\",\"logo\":{\"@type\":\"ImageObject\",\"inLanguage\":\"az\",\"@id\":\"https:\\\/\\\/www.meydan.tv\\\/az\\\/#\\\/schema\\\/logo\\\/image\\\/\",\"url\":\"https:\\\/\\\/www.meydan.tv\\\/wp-content\\\/uploads\\\/2021\\\/07\\\/meydan-logo.svg\",\"contentUrl\":\"https:\\\/\\\/www.meydan.tv\\\/wp-content\\\/uploads\\\/2021\\\/07\\\/meydan-logo.svg\",\"width\":195,\"height\":46,\"caption\":\"Meydan TV\"},\"image\":{\"@id\":\"https:\\\/\\\/www.meydan.tv\\\/az\\\/#\\\/schema\\\/logo\\\/image\\\/\"}},{\"@type\":\"Person\",\"@id\":\"https:\\\/\\\/www.meydan.tv\\\/az\\\/#\\\/schema\\\/person\\\/9cdbecf90d17180ce1dfbd95b08dcf47\",\"name\":\"elli\",\"sameAs\":[\"https:\\\/\\\/x.com\\\/elli\"]}]}<\/script>\n<!-- \/ Yoast SEO plugin. -->","yoast_head_json":{"title":"Merve Dizdar \u201c\u018fn yax\u015f\u0131 aktrisa\u201d nominasiyas\u0131na layiq g\u00f6r\u00fcl\u00fcb - MEYDAN.TV","robots":{"index":"index","follow":"follow","max-snippet":"max-snippet:-1","max-image-preview":"max-image-preview:large","max-video-preview":"max-video-preview:-1"},"canonical":"https:\/\/www.meydan.tv\/az\/article\/merve-dizdar-en-yaxsi-aktrisa-nominasiyasina-layiq-gorulub\/","og_locale":"az_AZ","og_type":"article","og_title":"Merve Dizdar \u201c\u018fn yax\u015f\u0131 aktrisa\u201d nominasiyas\u0131na layiq g\u00f6r\u00fcl\u00fcb - MEYDAN.TV","og_description":"Yarad\u0131c\u0131 hey\u0259t d\u0259qiq\u0259l\u0259rl\u0259 ayaq \u00fcst\u00fcnd\u0259 alq\u0131\u015flan\u0131b T\u00fcrkiy\u0259li aktrisa Merve Dizdar ... Davam\u0131","og_url":"https:\/\/www.meydan.tv\/az\/article\/merve-dizdar-en-yaxsi-aktrisa-nominasiyasina-layiq-gorulub\/","og_site_name":"MEYDAN.TV","article_published_time":"2023-05-28T09:31:16+00:00","article_modified_time":"2023-05-28T09:34:52+00:00","og_image":[{"width":1200,"height":585,"url":"https:\/\/www.meydan.tv\/wp-content\/uploads\/untitled-design-134-e1685266264603.jpg","type":"image\/jpeg"}],"author":"elli","twitter_card":"summary_large_image","twitter_creator":"@elli","schema":{"@context":"https:\/\/schema.org","@graph":[{"@type":"Article","@id":"https:\/\/www.meydan.tv\/az\/article\/merve-dizdar-en-yaxsi-aktrisa-nominasiyasina-layiq-gorulub\/#article","isPartOf":{"@id":"https:\/\/www.meydan.tv\/az\/article\/merve-dizdar-en-yaxsi-aktrisa-nominasiyasina-layiq-gorulub\/"},"author":{"name":"elli","@id":"https:\/\/www.meydan.tv\/az\/#\/schema\/person\/9cdbecf90d17180ce1dfbd95b08dcf47"},"headline":"Merve Dizdar \u201c\u018fn yax\u015f\u0131 aktrisa\u201d nominasiyas\u0131na layiq g\u00f6r\u00fcl\u00fcb","datePublished":"2023-05-28T09:31:16+00:00","dateModified":"2023-05-28T09:34:52+00:00","mainEntityOfPage":{"@id":"https:\/\/www.meydan.tv\/az\/article\/merve-dizdar-en-yaxsi-aktrisa-nominasiyasina-layiq-gorulub\/"},"wordCount":316,"publisher":{"@id":"https:\/\/www.meydan.tv\/az\/#organization"},"image":{"@id":"https:\/\/www.meydan.tv\/az\/article\/merve-dizdar-en-yaxsi-aktrisa-nominasiyasina-layiq-gorulub\/#primaryimage"},"thumbnailUrl":"https:\/\/www.meydan.tv\/wp-content\/uploads\/untitled-design-134-e1685457164283.jpg","articleSection":["M\u0259d\u0259niyy\u0259t","X\u0259b\u0259rl\u0259r"],"inLanguage":"az"},{"@type":"WebPage","@id":"https:\/\/www.meydan.tv\/az\/article\/merve-dizdar-en-yaxsi-aktrisa-nominasiyasina-layiq-gorulub\/","url":"https:\/\/www.meydan.tv\/az\/article\/merve-dizdar-en-yaxsi-aktrisa-nominasiyasina-layiq-gorulub\/","name":"Merve Dizdar \u201c\u018fn yax\u015f\u0131 aktrisa\u201d nominasiyas\u0131na layiq g\u00f6r\u00fcl\u00fcb - MEYDAN.TV","isPartOf":{"@id":"https:\/\/www.meydan.tv\/az\/#website"},"primaryImageOfPage":{"@id":"https:\/\/www.meydan.tv\/az\/article\/merve-dizdar-en-yaxsi-aktrisa-nominasiyasina-layiq-gorulub\/#primaryimage"},"image":{"@id":"https:\/\/www.meydan.tv\/az\/article\/merve-dizdar-en-yaxsi-aktrisa-nominasiyasina-layiq-gorulub\/#primaryimage"},"thumbnailUrl":"https:\/\/www.meydan.tv\/wp-content\/uploads\/untitled-design-134-e1685457164283.jpg","datePublished":"2023-05-28T09:31:16+00:00","dateModified":"2023-05-28T09:34:52+00:00","breadcrumb":{"@id":"https:\/\/www.meydan.tv\/az\/article\/merve-dizdar-en-yaxsi-aktrisa-nominasiyasina-layiq-gorulub\/#breadcrumb"},"inLanguage":"az","potentialAction":[{"@type":"ReadAction","target":["https:\/\/www.meydan.tv\/az\/article\/merve-dizdar-en-yaxsi-aktrisa-nominasiyasina-layiq-gorulub\/"]}]},{"@type":"ImageObject","inLanguage":"az","@id":"https:\/\/www.meydan.tv\/az\/article\/merve-dizdar-en-yaxsi-aktrisa-nominasiyasina-layiq-gorulub\/#primaryimage","url":"https:\/\/www.meydan.tv\/wp-content\/uploads\/untitled-design-134-e1685457164283.jpg","contentUrl":"https:\/\/www.meydan.tv\/wp-content\/uploads\/untitled-design-134-e1685457164283.jpg","width":1200,"height":513,"caption":"Foto: \"medyascope.tv\""},{"@type":"BreadcrumbList","@id":"https:\/\/www.meydan.tv\/az\/article\/merve-dizdar-en-yaxsi-aktrisa-nominasiyasina-layiq-gorulub\/#breadcrumb","itemListElement":[{"@type":"ListItem","position":1,"name":"Ana s\u0259hif\u0259","item":"https:\/\/www.meydan.tv\/az\/"},{"@type":"ListItem","position":2,"name":"M\u0259d\u0259niyy\u0259t","item":"https:\/\/www.meydan.tv\/az\/section\/medeniyyet\/"},{"@type":"ListItem","position":3,"name":"Merve Dizdar \u201c\u018fn yax\u015f\u0131 aktrisa\u201d nominasiyas\u0131na layiq g\u00f6r\u00fcl\u00fcb"}]},{"@type":"WebSite","@id":"https:\/\/www.meydan.tv\/az\/#website","url":"https:\/\/www.meydan.tv\/az\/","name":"MEYDAN.TV","description":"Meydan TV Az\u0259rbaycan\u0131n media m\u0259kan\u0131ndak\u0131 alternativ s\u0259sidir","publisher":{"@id":"https:\/\/www.meydan.tv\/az\/#organization"},"potentialAction":[{"@type":"SearchAction","target":{"@type":"EntryPoint","urlTemplate":"https:\/\/www.meydan.tv\/az\/?s={search_term_string}"},"query-input":{"@type":"PropertyValueSpecification","valueRequired":true,"valueName":"search_term_string"}}],"inLanguage":"az"},{"@type":"Organization","@id":"https:\/\/www.meydan.tv\/az\/#organization","name":"Meydan TV","url":"https:\/\/www.meydan.tv\/az\/","logo":{"@type":"ImageObject","inLanguage":"az","@id":"https:\/\/www.meydan.tv\/az\/#\/schema\/logo\/image\/","url":"https:\/\/www.meydan.tv\/wp-content\/uploads\/2021\/07\/meydan-logo.svg","contentUrl":"https:\/\/www.meydan.tv\/wp-content\/uploads\/2021\/07\/meydan-logo.svg","width":195,"height":46,"caption":"Meydan TV"},"image":{"@id":"https:\/\/www.meydan.tv\/az\/#\/schema\/logo\/image\/"}},{"@type":"Person","@id":"https:\/\/www.meydan.tv\/az\/#\/schema\/person\/9cdbecf90d17180ce1dfbd95b08dcf47","name":"elli","sameAs":["https:\/\/x.com\/elli"]}]}},"_links":{"self":[{"href":"https:\/\/www.meydan.tv\/az\/wp-json\/wp\/v2\/posts\/276278","targetHints":{"allow":["GET"]}}],"collection":[{"href":"https:\/\/www.meydan.tv\/az\/wp-json\/wp\/v2\/posts"}],"about":[{"href":"https:\/\/www.meydan.tv\/az\/wp-json\/wp\/v2\/types\/post"}],"author":[{"embeddable":true,"href":"https:\/\/www.meydan.tv\/az\/wp-json\/wp\/v2\/users\/8"}],"replies":[{"embeddable":true,"href":"https:\/\/www.meydan.tv\/az\/wp-json\/wp\/v2\/comments?post=276278"}],"version-history":[{"count":5,"href":"https:\/\/www.meydan.tv\/az\/wp-json\/wp\/v2\/posts\/276278\/revisions"}],"predecessor-version":[{"id":276283,"href":"https:\/\/www.meydan.tv\/az\/wp-json\/wp\/v2\/posts\/276278\/revisions\/276283"}],"wp:featuredmedia":[{"embeddable":true,"href":"https:\/\/www.meydan.tv\/az\/wp-json\/wp\/v2\/media\/276275"}],"wp:attachment":[{"href":"https:\/\/www.meydan.tv\/az\/wp-json\/wp\/v2\/media?parent=276278"}],"wp:term":[{"taxonomy":"category","embeddable":true,"href":"https:\/\/www.meydan.tv\/az\/wp-json\/wp\/v2\/categories?post=276278"},{"taxonomy":"post_tag","embeddable":true,"href":"https:\/\/www.meydan.tv\/az\/wp-json\/wp\/v2\/tags?post=276278"}],"curies":[{"name":"wp","href":"https:\/\/api.w.org\/{rel}","templated":true}]}}