{"id":276269,"date":"2023-05-28T12:49:27","date_gmt":"2023-05-28T08:49:27","guid":{"rendered":"https:\/\/www.meydan.tv\/?p=276269"},"modified":"2023-05-28T12:49:29","modified_gmt":"2023-05-28T08:49:29","slug":"azerbaycan-105-yasli-respublika-gununu-qeyd-edir","status":"publish","type":"post","link":"https:\/\/www.meydan.tv\/az\/article\/azerbaycan-105-yasli-respublika-gununu-qeyd-edir\/","title":{"rendered":"Az\u0259rbaycan 105 ya\u015fl\u0131 Respublika G\u00fcn\u00fcn\u00fc qeyd edir"},"content":{"rendered":"\n<p><\/p>\n\n\n\n<p><em><strong>Az\u0259rbaycan Milli \u015euras\u0131 18 g\u00fcn \u0259rzind\u0259 Tbilisid\u0259 f\u0259aliyy\u0259t g\u00f6st\u0259rib, sonradan G\u0259nc\u0259y\u0259 k\u00f6\u00e7\u00fcb<\/strong><\/em><\/p>\n\n\n\n<p>Bu g\u00fcn Az\u0259rbaycanda Respublika G\u00fcn\u00fc qeyd edilir. 105 il \u0259vv\u0259l, 1918-ci ilin 28 may\u0131nda \u015e\u0259rqd\u0259 ilk respublika -Az\u0259rbaycan Xalq C\u00fcmhuriyy\u0259ti (AXC) elan edilib.<\/p>\n\n\n\n<p>Az\u0259rbaycan\u0131n, G\u00fcrc\u00fcstan\u0131n v\u0259 Erm\u0259nistan\u0131n m\u00fcst\u0259qilliyi I D\u00fcnya M\u00fcharib\u0259si ba\u015fa \u00e7atd\u0131qdan v\u0259 Rusiya imperiyas\u0131 da\u011f\u0131ld\u0131qdan sonra m\u00fcmk\u00fcn olub. 1918-ci il may\u0131n 26-da Zaqafqaziya Seymind\u0259 fikir ayr\u0131l\u0131qlar\u0131 n\u0259tic\u0259sind\u0259 Zaqafqaziya Demokratik Federativ Respublikas\u0131n\u0131n (ZDFR) da\u011f\u0131lmas\u0131ndan sonra Az\u0259rbaycan \u00f6z m\u00fcst\u0259qilliyini elan edib. El\u0259 h\u0259min iclasda M\u0259h\u0259mm\u0259d \u018fmin R\u0259sulzad\u0259 Az\u0259rbaycan Milli \u015euras\u0131n\u0131n s\u0259dri se\u00e7ilib.<br>May\u0131n 28-d\u0259 yay\u0131lan \u0130stiqlal B\u0259yannam\u0259sind\u0259 qeyd edilirdi ki, Az\u0259rbaycan xalqlar\u0131 suveren h\u00fcquq da\u015f\u0131y\u0131c\u0131lar\u0131d\u0131r v\u0259 Az\u0259rbaycan tamh\u00fcquqlu m\u00fcst\u0259qil d\u00f6vl\u0259t elan olunur.<\/p>\n\n\n\n<p>Az\u0259rbaycan Milli \u015euras\u0131 18 g\u00fcn \u0259rzind\u0259 Tbilisid\u0259 f\u0259aliyy\u0259t g\u00f6st\u0259rib, sonradan G\u0259nc\u0259y\u0259 k\u00f6\u00e7\u00fcb. H\u0259min vaxt Bak\u0131 ba\u015fda Stepan \u015eaumyan olmaqla, Bak\u0131 kommunas\u0131n\u0131n n\u0259zar\u0259ti alt\u0131nda idi.<br>AXC h\u00f6kum\u0259ti 1918-ci ilin sentyabr\u0131nda Qafqaz T\u00fcrk \u0130slam Ordusunun Bak\u0131 komissarlar\u0131n\u0131 \u0259v\u0259z ed\u0259n eser-men\u015fevik &#8220;M\u0259rk\u0259zi Kaspi Diktaturas\u0131&#8221; h\u00f6kum\u0259tind\u0259n azad etm\u0259sind\u0259n sonra Bak\u0131ya k\u00f6\u00e7\u00fcb.<\/p>\n\n\n\n<p>AXC-d\u0259 milli v\u0259 dini m\u0259nsubiyy\u0259tind\u0259n as\u0131l\u0131 olmayaraq, b\u00fct\u00fcn v\u0259t\u0259nda\u015flar\u0131n h\u00fcquq v\u0259 azadl\u0131qlar\u0131 t\u0259min edilib. M\u00fcs\u0259lman d\u00fcnyas\u0131nda ilk d\u0259f\u0259 olaraq qad\u0131nlar\u0131n se\u00e7ki h\u00fcququ tan\u0131n\u0131b. M\u00f6vcud oldu\u011fu 23 ayda AXC-d\u0259 bir s\u0131ra qanunlar q\u0259bul edilib, siyasi, h\u0259rbi, h\u00fcquqi v\u0259 iqtisadi islahatlar h\u0259yata ke\u00e7irilib, ilk universitet yarad\u0131l\u0131b.<\/p>\n\n\n\n<p>Az\u0259rbaycan Demokratik Respublikas\u0131 1920-ci il aprelin 28-d\u0259 bol\u015fevik Rusiyas\u0131 t\u0259r\u0259find\u0259n i\u015f\u011fal olunub.<\/p>\n\n\n\n<p>1991-ci ild\u0259 SSR\u0130 da\u011f\u0131ld\u0131qdan sonra Az\u0259rbaycan yenid\u0259n m\u00fcst\u0259qillik \u0259ld\u0259 edib v\u0259 \u00f6z\u00fcn\u00fc AXC-nin varisi elan edib.<\/p>\n","protected":false},"excerpt":{"rendered":"<p>Az\u0259rbaycan Milli \u015euras\u0131 18 g\u00fcn \u0259rzind\u0259 Tbilisid\u0259 f\u0259aliyy\u0259t g\u00f6st\u0259rib, sonradan &#8230; <\/p>\n<p class=\"read-more-container\"><a title=\"Az\u0259rbaycan 105 ya\u015fl\u0131 Respublika G\u00fcn\u00fcn\u00fc qeyd edir\" class=\"read-more button\" href=\"https:\/\/www.meydan.tv\/az\/article\/azerbaycan-105-yasli-respublika-gununu-qeyd-edir\/#more-276269\" aria-label=\"Read more about Az\u0259rbaycan 105 ya\u015fl\u0131 Respublika G\u00fcn\u00fcn\u00fc qeyd edir\">Davam\u0131<\/a><\/p>\n","protected":false},"author":8,"featured_media":264450,"comment_status":"closed","ping_status":"closed","sticky":false,"template":"","format":"standard","meta":{"_acf_changed":false,"_sitemap_exclude":false,"_sitemap_priority":"","_sitemap_frequency":"","footnotes":""},"categories":[59,56],"tags":[],"class_list":["post-276269","post","type-post","status-publish","format-standard","has-post-thumbnail","hentry","category-siyaset","category-xeberler","infinite-scroll-item","generate-columns","tablet-grid-50","mobile-grid-100","grid-parent","grid-33","no-featured-image-padding"],"acf":[],"yoast_head":"<!-- This site is optimized with the Yoast SEO plugin v27.4 - https:\/\/yoast.com\/product\/yoast-seo-wordpress\/ -->\n<title>Az\u0259rbaycan 105 ya\u015fl\u0131 Respublika G\u00fcn\u00fcn\u00fc qeyd edir - MEYDAN.TV<\/title>\n<meta name=\"robots\" content=\"index, follow, max-snippet:-1, max-image-preview:large, max-video-preview:-1\" \/>\n<link rel=\"canonical\" href=\"https:\/\/www.meydan.tv\/az\/article\/azerbaycan-105-yasli-respublika-gununu-qeyd-edir\/\" \/>\n<meta property=\"og:locale\" content=\"az_AZ\" \/>\n<meta property=\"og:type\" content=\"article\" \/>\n<meta property=\"og:title\" content=\"Az\u0259rbaycan 105 ya\u015fl\u0131 Respublika G\u00fcn\u00fcn\u00fc qeyd edir - MEYDAN.TV\" \/>\n<meta property=\"og:description\" content=\"Az\u0259rbaycan Milli \u015euras\u0131 18 g\u00fcn \u0259rzind\u0259 Tbilisid\u0259 f\u0259aliyy\u0259t g\u00f6st\u0259rib, sonradan ... Davam\u0131\" \/>\n<meta property=\"og:url\" content=\"https:\/\/www.meydan.tv\/az\/article\/azerbaycan-105-yasli-respublika-gununu-qeyd-edir\/\" \/>\n<meta property=\"og:site_name\" content=\"MEYDAN.TV\" \/>\n<meta property=\"article:published_time\" content=\"2023-05-28T08:49:27+00:00\" \/>\n<meta property=\"article:modified_time\" content=\"2023-05-28T08:49:29+00:00\" \/>\n<meta property=\"og:image\" content=\"https:\/\/www.meydan.tv\/wp-content\/uploads\/shutterstock_2141765823.jpg\" \/>\n\t<meta property=\"og:image:width\" content=\"1200\" \/>\n\t<meta property=\"og:image:height\" content=\"800\" \/>\n\t<meta property=\"og:image:type\" content=\"image\/jpeg\" \/>\n<meta name=\"author\" content=\"elli\" \/>\n<meta name=\"twitter:card\" content=\"summary_large_image\" \/>\n<meta name=\"twitter:creator\" content=\"@elli\" \/>\n<script type=\"application\/ld+json\" class=\"yoast-schema-graph\">{\"@context\":\"https:\\\/\\\/schema.org\",\"@graph\":[{\"@type\":\"Article\",\"@id\":\"https:\\\/\\\/www.meydan.tv\\\/az\\\/article\\\/azerbaycan-105-yasli-respublika-gununu-qeyd-edir\\\/#article\",\"isPartOf\":{\"@id\":\"https:\\\/\\\/www.meydan.tv\\\/az\\\/article\\\/azerbaycan-105-yasli-respublika-gununu-qeyd-edir\\\/\"},\"author\":{\"name\":\"elli\",\"@id\":\"https:\\\/\\\/www.meydan.tv\\\/az\\\/#\\\/schema\\\/person\\\/9cdbecf90d17180ce1dfbd95b08dcf47\"},\"headline\":\"Az\u0259rbaycan 105 ya\u015fl\u0131 Respublika G\u00fcn\u00fcn\u00fc qeyd edir\",\"datePublished\":\"2023-05-28T08:49:27+00:00\",\"dateModified\":\"2023-05-28T08:49:29+00:00\",\"mainEntityOfPage\":{\"@id\":\"https:\\\/\\\/www.meydan.tv\\\/az\\\/article\\\/azerbaycan-105-yasli-respublika-gununu-qeyd-edir\\\/\"},\"wordCount\":382,\"publisher\":{\"@id\":\"https:\\\/\\\/www.meydan.tv\\\/az\\\/#organization\"},\"image\":{\"@id\":\"https:\\\/\\\/www.meydan.tv\\\/az\\\/article\\\/azerbaycan-105-yasli-respublika-gununu-qeyd-edir\\\/#primaryimage\"},\"thumbnailUrl\":\"https:\\\/\\\/www.meydan.tv\\\/wp-content\\\/uploads\\\/shutterstock_2141765823.jpg\",\"articleSection\":[\"Siyas\u0259t\",\"X\u0259b\u0259rl\u0259r\"],\"inLanguage\":\"az\"},{\"@type\":\"WebPage\",\"@id\":\"https:\\\/\\\/www.meydan.tv\\\/az\\\/article\\\/azerbaycan-105-yasli-respublika-gununu-qeyd-edir\\\/\",\"url\":\"https:\\\/\\\/www.meydan.tv\\\/az\\\/article\\\/azerbaycan-105-yasli-respublika-gununu-qeyd-edir\\\/\",\"name\":\"Az\u0259rbaycan 105 ya\u015fl\u0131 Respublika G\u00fcn\u00fcn\u00fc qeyd edir - MEYDAN.TV\",\"isPartOf\":{\"@id\":\"https:\\\/\\\/www.meydan.tv\\\/az\\\/#website\"},\"primaryImageOfPage\":{\"@id\":\"https:\\\/\\\/www.meydan.tv\\\/az\\\/article\\\/azerbaycan-105-yasli-respublika-gununu-qeyd-edir\\\/#primaryimage\"},\"image\":{\"@id\":\"https:\\\/\\\/www.meydan.tv\\\/az\\\/article\\\/azerbaycan-105-yasli-respublika-gununu-qeyd-edir\\\/#primaryimage\"},\"thumbnailUrl\":\"https:\\\/\\\/www.meydan.tv\\\/wp-content\\\/uploads\\\/shutterstock_2141765823.jpg\",\"datePublished\":\"2023-05-28T08:49:27+00:00\",\"dateModified\":\"2023-05-28T08:49:29+00:00\",\"breadcrumb\":{\"@id\":\"https:\\\/\\\/www.meydan.tv\\\/az\\\/article\\\/azerbaycan-105-yasli-respublika-gununu-qeyd-edir\\\/#breadcrumb\"},\"inLanguage\":\"az\",\"potentialAction\":[{\"@type\":\"ReadAction\",\"target\":[\"https:\\\/\\\/www.meydan.tv\\\/az\\\/article\\\/azerbaycan-105-yasli-respublika-gununu-qeyd-edir\\\/\"]}]},{\"@type\":\"ImageObject\",\"inLanguage\":\"az\",\"@id\":\"https:\\\/\\\/www.meydan.tv\\\/az\\\/article\\\/azerbaycan-105-yasli-respublika-gununu-qeyd-edir\\\/#primaryimage\",\"url\":\"https:\\\/\\\/www.meydan.tv\\\/wp-content\\\/uploads\\\/shutterstock_2141765823.jpg\",\"contentUrl\":\"https:\\\/\\\/www.meydan.tv\\\/wp-content\\\/uploads\\\/shutterstock_2141765823.jpg\",\"width\":1200,\"height\":800,\"caption\":\"28 May. Foto: Sergio Delle Vedove\\\/shutterstock\"},{\"@type\":\"BreadcrumbList\",\"@id\":\"https:\\\/\\\/www.meydan.tv\\\/az\\\/article\\\/azerbaycan-105-yasli-respublika-gununu-qeyd-edir\\\/#breadcrumb\",\"itemListElement\":[{\"@type\":\"ListItem\",\"position\":1,\"name\":\"Ana s\u0259hif\u0259\",\"item\":\"https:\\\/\\\/www.meydan.tv\\\/az\\\/\"},{\"@type\":\"ListItem\",\"position\":2,\"name\":\"Siyas\u0259t\",\"item\":\"https:\\\/\\\/www.meydan.tv\\\/az\\\/section\\\/siyaset\\\/\"},{\"@type\":\"ListItem\",\"position\":3,\"name\":\"Az\u0259rbaycan 105 ya\u015fl\u0131 Respublika G\u00fcn\u00fcn\u00fc qeyd edir\"}]},{\"@type\":\"WebSite\",\"@id\":\"https:\\\/\\\/www.meydan.tv\\\/az\\\/#website\",\"url\":\"https:\\\/\\\/www.meydan.tv\\\/az\\\/\",\"name\":\"MEYDAN.TV\",\"description\":\"Meydan TV Az\u0259rbaycan\u0131n media m\u0259kan\u0131ndak\u0131 alternativ s\u0259sidir\",\"publisher\":{\"@id\":\"https:\\\/\\\/www.meydan.tv\\\/az\\\/#organization\"},\"potentialAction\":[{\"@type\":\"SearchAction\",\"target\":{\"@type\":\"EntryPoint\",\"urlTemplate\":\"https:\\\/\\\/www.meydan.tv\\\/az\\\/?s={search_term_string}\"},\"query-input\":{\"@type\":\"PropertyValueSpecification\",\"valueRequired\":true,\"valueName\":\"search_term_string\"}}],\"inLanguage\":\"az\"},{\"@type\":\"Organization\",\"@id\":\"https:\\\/\\\/www.meydan.tv\\\/az\\\/#organization\",\"name\":\"Meydan TV\",\"url\":\"https:\\\/\\\/www.meydan.tv\\\/az\\\/\",\"logo\":{\"@type\":\"ImageObject\",\"inLanguage\":\"az\",\"@id\":\"https:\\\/\\\/www.meydan.tv\\\/az\\\/#\\\/schema\\\/logo\\\/image\\\/\",\"url\":\"https:\\\/\\\/www.meydan.tv\\\/wp-content\\\/uploads\\\/2021\\\/07\\\/meydan-logo.svg\",\"contentUrl\":\"https:\\\/\\\/www.meydan.tv\\\/wp-content\\\/uploads\\\/2021\\\/07\\\/meydan-logo.svg\",\"width\":195,\"height\":46,\"caption\":\"Meydan TV\"},\"image\":{\"@id\":\"https:\\\/\\\/www.meydan.tv\\\/az\\\/#\\\/schema\\\/logo\\\/image\\\/\"}},{\"@type\":\"Person\",\"@id\":\"https:\\\/\\\/www.meydan.tv\\\/az\\\/#\\\/schema\\\/person\\\/9cdbecf90d17180ce1dfbd95b08dcf47\",\"name\":\"elli\",\"sameAs\":[\"https:\\\/\\\/x.com\\\/elli\"]}]}<\/script>\n<!-- \/ Yoast SEO plugin. -->","yoast_head_json":{"title":"Az\u0259rbaycan 105 ya\u015fl\u0131 Respublika G\u00fcn\u00fcn\u00fc qeyd edir - MEYDAN.TV","robots":{"index":"index","follow":"follow","max-snippet":"max-snippet:-1","max-image-preview":"max-image-preview:large","max-video-preview":"max-video-preview:-1"},"canonical":"https:\/\/www.meydan.tv\/az\/article\/azerbaycan-105-yasli-respublika-gununu-qeyd-edir\/","og_locale":"az_AZ","og_type":"article","og_title":"Az\u0259rbaycan 105 ya\u015fl\u0131 Respublika G\u00fcn\u00fcn\u00fc qeyd edir - MEYDAN.TV","og_description":"Az\u0259rbaycan Milli \u015euras\u0131 18 g\u00fcn \u0259rzind\u0259 Tbilisid\u0259 f\u0259aliyy\u0259t g\u00f6st\u0259rib, sonradan ... Davam\u0131","og_url":"https:\/\/www.meydan.tv\/az\/article\/azerbaycan-105-yasli-respublika-gununu-qeyd-edir\/","og_site_name":"MEYDAN.TV","article_published_time":"2023-05-28T08:49:27+00:00","article_modified_time":"2023-05-28T08:49:29+00:00","og_image":[{"width":1200,"height":800,"url":"https:\/\/www.meydan.tv\/wp-content\/uploads\/shutterstock_2141765823.jpg","type":"image\/jpeg"}],"author":"elli","twitter_card":"summary_large_image","twitter_creator":"@elli","schema":{"@context":"https:\/\/schema.org","@graph":[{"@type":"Article","@id":"https:\/\/www.meydan.tv\/az\/article\/azerbaycan-105-yasli-respublika-gununu-qeyd-edir\/#article","isPartOf":{"@id":"https:\/\/www.meydan.tv\/az\/article\/azerbaycan-105-yasli-respublika-gununu-qeyd-edir\/"},"author":{"name":"elli","@id":"https:\/\/www.meydan.tv\/az\/#\/schema\/person\/9cdbecf90d17180ce1dfbd95b08dcf47"},"headline":"Az\u0259rbaycan 105 ya\u015fl\u0131 Respublika G\u00fcn\u00fcn\u00fc qeyd edir","datePublished":"2023-05-28T08:49:27+00:00","dateModified":"2023-05-28T08:49:29+00:00","mainEntityOfPage":{"@id":"https:\/\/www.meydan.tv\/az\/article\/azerbaycan-105-yasli-respublika-gununu-qeyd-edir\/"},"wordCount":382,"publisher":{"@id":"https:\/\/www.meydan.tv\/az\/#organization"},"image":{"@id":"https:\/\/www.meydan.tv\/az\/article\/azerbaycan-105-yasli-respublika-gununu-qeyd-edir\/#primaryimage"},"thumbnailUrl":"https:\/\/www.meydan.tv\/wp-content\/uploads\/shutterstock_2141765823.jpg","articleSection":["Siyas\u0259t","X\u0259b\u0259rl\u0259r"],"inLanguage":"az"},{"@type":"WebPage","@id":"https:\/\/www.meydan.tv\/az\/article\/azerbaycan-105-yasli-respublika-gununu-qeyd-edir\/","url":"https:\/\/www.meydan.tv\/az\/article\/azerbaycan-105-yasli-respublika-gununu-qeyd-edir\/","name":"Az\u0259rbaycan 105 ya\u015fl\u0131 Respublika G\u00fcn\u00fcn\u00fc qeyd edir - MEYDAN.TV","isPartOf":{"@id":"https:\/\/www.meydan.tv\/az\/#website"},"primaryImageOfPage":{"@id":"https:\/\/www.meydan.tv\/az\/article\/azerbaycan-105-yasli-respublika-gununu-qeyd-edir\/#primaryimage"},"image":{"@id":"https:\/\/www.meydan.tv\/az\/article\/azerbaycan-105-yasli-respublika-gununu-qeyd-edir\/#primaryimage"},"thumbnailUrl":"https:\/\/www.meydan.tv\/wp-content\/uploads\/shutterstock_2141765823.jpg","datePublished":"2023-05-28T08:49:27+00:00","dateModified":"2023-05-28T08:49:29+00:00","breadcrumb":{"@id":"https:\/\/www.meydan.tv\/az\/article\/azerbaycan-105-yasli-respublika-gununu-qeyd-edir\/#breadcrumb"},"inLanguage":"az","potentialAction":[{"@type":"ReadAction","target":["https:\/\/www.meydan.tv\/az\/article\/azerbaycan-105-yasli-respublika-gununu-qeyd-edir\/"]}]},{"@type":"ImageObject","inLanguage":"az","@id":"https:\/\/www.meydan.tv\/az\/article\/azerbaycan-105-yasli-respublika-gununu-qeyd-edir\/#primaryimage","url":"https:\/\/www.meydan.tv\/wp-content\/uploads\/shutterstock_2141765823.jpg","contentUrl":"https:\/\/www.meydan.tv\/wp-content\/uploads\/shutterstock_2141765823.jpg","width":1200,"height":800,"caption":"28 May. Foto: Sergio Delle Vedove\/shutterstock"},{"@type":"BreadcrumbList","@id":"https:\/\/www.meydan.tv\/az\/article\/azerbaycan-105-yasli-respublika-gununu-qeyd-edir\/#breadcrumb","itemListElement":[{"@type":"ListItem","position":1,"name":"Ana s\u0259hif\u0259","item":"https:\/\/www.meydan.tv\/az\/"},{"@type":"ListItem","position":2,"name":"Siyas\u0259t","item":"https:\/\/www.meydan.tv\/az\/section\/siyaset\/"},{"@type":"ListItem","position":3,"name":"Az\u0259rbaycan 105 ya\u015fl\u0131 Respublika G\u00fcn\u00fcn\u00fc qeyd edir"}]},{"@type":"WebSite","@id":"https:\/\/www.meydan.tv\/az\/#website","url":"https:\/\/www.meydan.tv\/az\/","name":"MEYDAN.TV","description":"Meydan TV Az\u0259rbaycan\u0131n media m\u0259kan\u0131ndak\u0131 alternativ s\u0259sidir","publisher":{"@id":"https:\/\/www.meydan.tv\/az\/#organization"},"potentialAction":[{"@type":"SearchAction","target":{"@type":"EntryPoint","urlTemplate":"https:\/\/www.meydan.tv\/az\/?s={search_term_string}"},"query-input":{"@type":"PropertyValueSpecification","valueRequired":true,"valueName":"search_term_string"}}],"inLanguage":"az"},{"@type":"Organization","@id":"https:\/\/www.meydan.tv\/az\/#organization","name":"Meydan TV","url":"https:\/\/www.meydan.tv\/az\/","logo":{"@type":"ImageObject","inLanguage":"az","@id":"https:\/\/www.meydan.tv\/az\/#\/schema\/logo\/image\/","url":"https:\/\/www.meydan.tv\/wp-content\/uploads\/2021\/07\/meydan-logo.svg","contentUrl":"https:\/\/www.meydan.tv\/wp-content\/uploads\/2021\/07\/meydan-logo.svg","width":195,"height":46,"caption":"Meydan TV"},"image":{"@id":"https:\/\/www.meydan.tv\/az\/#\/schema\/logo\/image\/"}},{"@type":"Person","@id":"https:\/\/www.meydan.tv\/az\/#\/schema\/person\/9cdbecf90d17180ce1dfbd95b08dcf47","name":"elli","sameAs":["https:\/\/x.com\/elli"]}]}},"_links":{"self":[{"href":"https:\/\/www.meydan.tv\/az\/wp-json\/wp\/v2\/posts\/276269","targetHints":{"allow":["GET"]}}],"collection":[{"href":"https:\/\/www.meydan.tv\/az\/wp-json\/wp\/v2\/posts"}],"about":[{"href":"https:\/\/www.meydan.tv\/az\/wp-json\/wp\/v2\/types\/post"}],"author":[{"embeddable":true,"href":"https:\/\/www.meydan.tv\/az\/wp-json\/wp\/v2\/users\/8"}],"replies":[{"embeddable":true,"href":"https:\/\/www.meydan.tv\/az\/wp-json\/wp\/v2\/comments?post=276269"}],"version-history":[{"count":1,"href":"https:\/\/www.meydan.tv\/az\/wp-json\/wp\/v2\/posts\/276269\/revisions"}],"predecessor-version":[{"id":276270,"href":"https:\/\/www.meydan.tv\/az\/wp-json\/wp\/v2\/posts\/276269\/revisions\/276270"}],"wp:featuredmedia":[{"embeddable":true,"href":"https:\/\/www.meydan.tv\/az\/wp-json\/wp\/v2\/media\/264450"}],"wp:attachment":[{"href":"https:\/\/www.meydan.tv\/az\/wp-json\/wp\/v2\/media?parent=276269"}],"wp:term":[{"taxonomy":"category","embeddable":true,"href":"https:\/\/www.meydan.tv\/az\/wp-json\/wp\/v2\/categories?post=276269"},{"taxonomy":"post_tag","embeddable":true,"href":"https:\/\/www.meydan.tv\/az\/wp-json\/wp\/v2\/tags?post=276269"}],"curies":[{"name":"wp","href":"https:\/\/api.w.org\/{rel}","templated":true}]}}