{"id":276247,"date":"2023-05-27T23:02:38","date_gmt":"2023-05-27T19:02:38","guid":{"rendered":"https:\/\/www.meydan.tv\/?p=276247"},"modified":"2023-05-27T23:04:36","modified_gmt":"2023-05-27T19:04:36","slug":"quba-sakini-gorun-ogluma-ne-qeder-isgence-veribler-ki-o-xestexanaliq-olub","status":"publish","type":"post","link":"https:\/\/www.meydan.tv\/az\/article\/quba-sakini-gorun-ogluma-ne-qeder-isgence-veribler-ki-o-xestexanaliq-olub\/","title":{"rendered":"Quba sakini: \u201cG\u00f6r\u00fcn o\u011fluma n\u0259 q\u0259d\u0259r i\u015fg\u0259nc\u0259 veribl\u0259r ki, o, x\u0259st\u0259xanal\u0131q olub&#8230;\u201d"},"content":{"rendered":"\n<p><\/p>\n\n\n\n<p><strong><em>G\u00fcll\u0259r M\u0259mm\u0259dova o\u011flunun sifari\u015fl\u0259 h\u0259bs olundu\u011funu deyir<\/em><\/strong><\/p>\n\n\n\n<p>Quba sakini G\u00fcll\u0259r M\u0259mm\u0259dova 4 aydan \u00e7oxdur ki, o\u011flunun \u015f\u0259rl\u0259n\u0259r\u0259k h\u0259bs olundu\u011funu, onun i\u015fg\u0259nc\u0259l\u0259r\u0259 m\u0259ruz qald\u0131\u011f\u0131n\u0131 deyir. Onun s\u00f6zl\u0259rin\u0259 g\u00f6r\u0259, Ba\u015f M\u00fct\u0259\u015f\u0259kkil Cinay\u0259tkarl\u0131qla M\u00fcbariz\u0259 \u0130dar\u0259sind\u0259 o\u011flu R\u0259\u015fid M\u0259mm\u0259dova o q\u0259d\u0259r i\u015fg\u0259nc\u0259 veribl\u0259r, \u00f6l\u00fcmc\u00fcl v\u0259ziyy\u0259t\u0259 d\u00fc\u015f\u00fcb. M\u0259cbur olub, onu x\u0259st\u0259xanaya \u00e7atd\u0131r\u0131blar. R\u0259\u015fid M\u0259mm\u0259dovun x\u0259st\u0259xanaya apar\u0131lmas\u0131n\u0131, onun \u00fcz\u0259rind\u0259 \u00e7oxsayl\u0131 x\u0259sar\u0259tl\u0259r olmas\u0131n\u0131 t\u0259sdiql\u0259y\u0259n s\u0259n\u0259dl\u0259r-s\u00fcbutlar da var.<\/p>\n\n\n\n<p><strong>\u201cO sistemd\u0259 el\u0259l\u0259ri var ki, s\u0259n\u0259dd\u0259 az\u0259rbaycanl\u0131d\u0131r, \u0259m\u0259ld\u0259 is\u0259 \u00fcmumiyy\u0259tl\u0259, insan deyil&#8230;\u201d<\/strong><\/p>\n\n\n\n<p>G\u00fcll\u0259r M\u0259mm\u0259dova Meydan TV-y\u0259 dan\u0131\u015f\u0131r ki, o\u011flu yanvar\u0131n 12-d\u0259 h\u0259bs olunub:<\/p>\n\n\n\n<p>\u201c<em>Balam\u0131n ba\u015f\u0131na el\u0259 oyun a\u00e7\u0131blar, onu el\u0259 g\u00fcn\u0259 sal\u0131blar, h\u0259r d\u0259f\u0259 yad\u0131ma d\u00fc\u015f\u0259nd\u0259 az qal\u0131r, \u00fcr\u0259yim dayans\u0131n. Bunu n\u0259inki bir az\u0259rbaycanl\u0131 az\u0259rbaycanl\u0131ya, \u00fcmumiyy\u0259tl\u0259, insan ad\u0131n\u0131 da\u015f\u0131yan biri ba\u015fqas\u0131na el\u0259m\u0259zdi. 30 ild\u0259n sonra Xocal\u0131 faci\u0259sini m\u0259nim ail\u0259min ba\u015f\u0131na Bak\u0131da g\u0259tirdil\u0259r. Polis, prokurorluq, m\u0259hk\u0259m\u0259 sistemind\u0259 el\u0259 adamlar var ki, s\u0259n\u0259dd\u0259 az\u0259rbaycanl\u0131d\u0131lar, \u0259m\u0259ld\u0259 \u00fcmumiyy\u0259tl\u0259, insan deyill\u0259r. \u00c7\u00fcnki insan el\u0259 h\u0259r\u0259k\u0259t el\u0259m\u0259z. G\u00f6r\u00fcn n\u0259 q\u0259d\u0259r i\u015fg\u0259nc\u0259 veribl\u0259r ki, x\u0259st\u0259xanal\u0131q olub&#8230;\u201d.<\/em><\/p>\n\n\n\n<p>R\u0259\u015fid M\u0259mm\u0259dov haz\u0131rda Cinay\u0259t M\u0259c\u0259ll\u0259sinin 182-ci (h\u0259d\u0259-qorxu il\u0259 t\u0259l\u0259b etm\u0259) madd\u0259sil\u0259 h\u0259bsd\u0259dir. O, K\u00fcrd\u0259xan\u0131 q\u0259s\u0259b\u0259sind\u0259 yerl\u0259\u015f\u0259n Bak\u0131 \u0130stintaq T\u0259cridxanas\u0131nda saxlan\u0131l\u0131r. Cinay\u0259t i\u015fi \u00fczr\u0259 istintaq is\u0259 Ba\u015f M\u00fct\u0259\u015f\u0259kkil Cinay\u0259tkarl\u0131qla M\u00fcbariz\u0259 \u0130dar\u0259sind\u0259 apar\u0131l\u0131r. Onu el\u0259 bu idar\u0259nin \u0259m\u0259kda\u015flar\u0131 tutub.<\/p>\n\n\n\n<p>\u201c<strong>O\u011fluma deyibl\u0259r ki, rayon s\u0259viyy\u0259sind\u0259 ona batmaq m\u00fcmk\u00fcn deyil\u201d<\/strong><\/p>\n\n\n\n<p>Anas\u0131 deyir ki, bu cinay\u0259t i\u015find\u0259n \u00f6nc\u0259 R\u0259\u015fid M\u0259mm\u0259dov haqq\u0131nda sifari\u015fl\u0259 15 g\u00fcnl\u00fck inzibati h\u0259bs q\u0259rar\u0131 \u00e7\u0131xar\u0131l\u0131b. Onun s\u00f6zl\u0259rin\u0259 g\u00f6r\u0259, b\u00fct\u00fcn bu ba\u015f ver\u0259nl\u0259rin k\u00f6k\u00fcnd\u0259 Qubadak\u0131 alma ba\u011flar\u0131 dayan\u0131r.<\/p>\n\n\n\n<p>G\u00fcll\u0259r M\u0259mm\u0259dova dan\u0131\u015f\u0131r ki, o\u011flunun ya\u015fad\u0131qlar\u0131 Quba rayonunun Z\u0259rdabi q\u0259s\u0259b\u0259sind\u0259 alma ba\u011flar\u0131 vard\u0131. Onun s\u00f6zl\u0259rin\u0259 g\u00f6r\u0259, R\u0259\u015fid M\u0259mm\u0259dov icar\u0259y\u0259 g\u00f6t\u00fcrd\u00fcy\u00fc torpaq sah\u0259sind\u0259n y\u0131\u011f\u0131lan m\u0259hsullar\u0131n Rusiya bazar\u0131na ixrac\u0131yla m\u0259\u015f\u011ful idi. H\u0259bsind\u0259n bir m\u00fcdd\u0259t \u00f6nc\u0259 ona m\u0259xsus torpaq sah\u0259l\u0259rinin ba\u015fqa adamlar\u0131n adlar\u0131na r\u0259smil\u0259\u015fdirildiyini \u00f6yr\u0259nib:<\/p>\n\n\n\n<p>\u201c<em>Ona deyibl\u0259r ki, h\u0259min adamlar da \u015eahin \u018fsg\u0259rovun (\u201cFoodcity Agropark\u201d MMC-nin t\u0259msil\u00e7isi-red.) adamlar\u0131d\u0131r. Bunu da ona g\u00f6r\u0259 el\u0259yibl\u0259r ki, Rusiyaya g\u00f6nd\u0259ril\u0259n alman\u0131 \u00f6z m\u0259hsullar\u0131 kimi g\u00f6st\u0259rsinl\u0259r. Bel\u0259 olanda vergid\u0259n azad olurlar. O\u011flum ona aid torpaqlarla ba\u011fl\u0131 ba\u015fqa adamlar\u0131n ad\u0131na icar\u0259 m\u00fcqavil\u0259si ba\u011flanmas\u0131na etiraz edib. M\u0259s\u0259l\u0259 il\u0259 \u0259laq\u0259dar Z\u0259rdabi b\u0259l\u0259diyy\u0259sin\u0259 m\u00fcraci\u0259t edib. B\u0259l\u0259diyy\u0259 deyib ki, o adamlar \u00f6zl\u0259ri g\u0259lib m\u00fcqavil\u0259ni l\u0259\u011fv el\u0259m\u0259lidir. O\u011flum onun \u0259v\u0259zin\u0259 saxta m\u00fcqavil\u0259 ba\u011flayan adamlarla g\u00f6r\u00fc\u015f\u00fcb. O\u011fluma deyibl\u0259r ki, onlar\u0131n r\u0259hb\u0259ri \u015eahin \u018fsg\u0259rov, onu yer \u00fcz\u00fcnd\u0259n sil\u0259r. O\u011flum rayonda prokurorlu\u011fa, polis\u0259 \u015fikay\u0259t edib. O\u011fluma deyibl\u0259r ki, daha yuxar\u0131dan adam tapmal\u0131san, \u00e7\u00fcnki ona rayon s\u0259viyy\u0259sind\u0259 batmaq m\u00fcmk\u00fcn deyil\u201d.<\/em><\/p>\n\n\n\n<p>\u201c<strong>O\u011flum hakim\u0259 i\u015fg\u0259nc\u0259 izl\u0259rini g\u00f6st\u0259rib, o is\u0259 he\u00e7 bir t\u0259dbir g\u00f6rm\u0259yib\u201d<\/strong><\/p>\n\n\n\n<p>G\u00fcll\u0259r M\u0259mm\u0259dova deyir ki, yanvar\u0131n 12-d\u0259 Ba\u015f M\u00fct\u0259\u015f\u0259kkil Cinay\u0259tkarl\u0131qla M\u00fcbariz\u0259 \u0130dar\u0259sinin 4-5 \u0259m\u0259kda\u015f\u0131 o\u011flunu yer\u0259 y\u0131x\u0131b, \u0259ll\u0259rini qandallayaraq, idar\u0259y\u0259 g\u0259tirib. Onun s\u00f6zl\u0259rin\u0259 g\u00f6r\u0259, idar\u0259d\u0259 R\u0259\u015fid M\u0259mm\u0259dovu d\u00f6y\u0259-d\u00f6y\u0259 \u015eahin \u018fsg\u0259rova \u201cili\u015fm\u0259sini\u201d irad tutublar:<\/p>\n\n\n\n<p>\u201c<em>Onu bir xeyli d\u00f6y\u00fcb, \u00fcst-ba\u015f\u0131 qan i\u00e7ind\u0259 olandan sonra \u015eahin \u018fsg\u0259rova g\u00f6r\u00fcnt\u00fcl\u00fc z\u0259ng edib g\u00f6st\u0259ribl\u0259r. Sonra qar\u015f\u0131s\u0131na narkotik qoyublar ki, boynuna g\u00f6t\u00fcrs\u00fcn. N\u0259 q\u0259d\u0259r d\u00f6y\u00fcbl\u0259r, g\u00f6t\u00fcrm\u0259yib. Ondan sonra el\u0259 r\u0259smil\u0259\u015fdiribl\u0259r ki, guya k\u00fc\u00e7\u0259d\u0259 s\u00f6y\u00fc\u015f s\u00f6y\u00fcb, polis\u0259 m\u00fcqavim\u0259t g\u00f6st\u0259rib. Qan i\u00e7ind\u0259 d\u0259 m\u0259hk\u0259m\u0259y\u0259 apar\u0131blar, 15 sutka h\u0259bs q\u0259rar\u0131 al\u0131blar. \u0130\u015fg\u0259nc\u0259d\u0259n el\u0259 v\u0259ziyy\u0259t\u0259 d\u00fc\u015f\u00fcb ki, \u201cRespublikanski\u201dy\u0259 (Mirqas\u0131mov ad\u0131na Respublika X\u0259st\u0259xanas\u0131) apar\u0131blar. G\u00fclt\u0259kin adl\u0131 hakim olub. Ona i\u015fg\u0259nc\u0259l\u0259rin izl\u0259rini d\u0259 g\u00f6st\u0259rib. Hakim he\u00e7 bir add\u0131m atmay\u0131b. Bel\u0259 hakimlik olar? O v\u0259ziyy\u0259td\u0259 d\u0259 yalan-palan s\u0259n\u0259dl\u0259rl\u0259 h\u0259bs q\u0259rar\u0131 verib. V\u0259zif\u0259d\u0259n \u00f6tr\u00fc insanl\u0131\u011f\u0131 yaddan \u00e7\u0131xarmaq olmaz ax\u0131\u201d.<\/em><\/p>\n\n\n\n<p><strong>\u201cBir ail\u0259nin ba\u015f\u0131na bu faci\u0259ni g\u0259tirm\u0259k hara s\u0131\u011far?\u201d<\/strong><\/p>\n\n\n\n<p>15 sutkal\u0131q h\u0259bs m\u00fcdd\u0259ti tamam olandan sonra da R\u0259\u015fid M\u0259mm\u0259dov burax\u0131lmay\u0131b. Bu d\u0259f\u0259 Ba\u015f M\u00fct\u0259\u015f\u0259kkil Cinay\u0259tkarl\u0131qla M\u00fcbariz\u0259 \u0130dar\u0259sind\u0259 onun bar\u0259sind\u0259 cinay\u0259t i\u015fi ba\u015flan\u0131b, Cinay\u0259t M\u0259c\u0259ll\u0259sinin 182.3.2 (k\u00fclli miqdarda h\u0259d\u0259-qorxu il\u0259 t\u0259l\u0259b etm\u0259) madd\u0259sil\u0259 ittiham ir\u0259li s\u00fcr\u00fcl\u00fcb. Cinay\u0259t i\u015finin materiallar\u0131nda iddia olunur ki, o, \u015eahin \u018fsg\u0259rova yax\u0131n olan 7 n\u0259f\u0259rd\u0259n h\u0259d\u0259-qorxu il\u0259 pul t\u0259l\u0259b edib. H\u0259min \u015f\u0259xsl\u0259r R\u0259\u015fid M\u0259mm\u0259dovun \u0259leyhin\u0259 ifad\u0259 ver\u0259r\u0259k, onlardan pul t\u0259l\u0259b etdiyini deyibl\u0259r:<\/p>\n\n\n<div class=\"wp-block-image\">\n<figure class=\"alignright size-large is-resized\"><img decoding=\"async\" data-src=\"https:\/\/www.meydan.tv\/wp-content\/uploads\/photo-2023-05-27-16-23-31-499x821.jpg\" alt=\"\" class=\"wp-image-276249 lazyload\" width=\"243\" height=\"400\" src=\"data:image\/svg+xml;base64,PHN2ZyB3aWR0aD0iMSIgaGVpZ2h0PSIxIiB4bWxucz0iaHR0cDovL3d3dy53My5vcmcvMjAwMC9zdmciPjwvc3ZnPg==\" style=\"--smush-placeholder-width: 243px; --smush-placeholder-aspect-ratio: 243\/400;\" \/><\/figure>\n<\/div>\n\n\n<p><em>\u201cO\u011flum tutulandan sonra ordan-burdan pul y\u0131\u011fd\u0131m, onun \u00fc\u00e7\u00fcn v\u0259kil tutdum. 15 g\u00fcn onun yan\u0131na v\u0259kil qoymad\u0131lar. Onu qan\u0131na q\u0259ltan el\u0259dikl\u0259ri g\u00fcnl\u0259rd\u0259&#8230; \u018fg\u0259r d\u00fcz adam idinizs\u0259, o\u011flumun g\u00fcnah\u0131 vard\u0131sa, niy\u0259 yan\u0131na v\u0259kili qoymurdunuz? G\u00fcnah\u0131 varsa, s\u00fcbutunuzu qoyun ortaya. Qoya bilm\u0259zl\u0259r, \u00e7\u00fcnki yoxdur. Bel\u0259 d\u00f6vl\u0259t idar\u0259\u00e7iliyi olar? Ba\u015f ver\u0259nl\u0259rd\u0259n sonra g\u00f6z\u00fcm tutuldu, b\u00f6y\u00fck o\u011flum kredit g\u00f6t\u00fcr\u00fcb \u0259m\u0259liyyat el\u0259tdirdi. Yolda\u015f\u0131m\u0131n nitqind\u0259 q\u00fcsur yarand\u0131. Bir ail\u0259nin ba\u015f\u0131na bu faci\u0259ni g\u0259tirm\u0259k hara s\u0131\u011far? R\u0259\u015fidin iki u\u015fa\u011f\u0131n\u0131n, yolda\u015f\u0131n\u0131n g\u00f6z\u00fc yolda qal\u0131b. Bizim g\u00fcnah\u0131m\u0131z n\u0259dir ax\u0131?!\u201d.<\/em><\/p>\n\n\n\n<p><strong>Ekspertiza da x\u0259sar\u0259tl\u0259ri t\u0259sdiql\u0259yir, prokurorluq is\u0259&#8230;<\/strong><\/p>\n\n\n\n<p>Ekspertiza da R\u0259\u015fid M\u0259mm\u0259dovun \u00fcz\u0259rind\u0259 x\u0259sar\u0259tl\u0259r olmas\u0131 haqda r\u0259y verib. R\u0259yd\u0259 g\u00f6st\u0259rilib ki, h\u0259min x\u0259sar\u0259tl\u0259rin yaranma tarixi onun tutuldu\u011fu vaxta uy\u011fun g\u0259lir.<\/p>\n\n\n\n<p>Bundan ba\u015fqa, Respublika Klinik X\u0259st\u0259xanas\u0131na \u00e7atd\u0131r\u0131lmas\u0131 v\u0259 orada tibbi yard\u0131m g\u00f6st\u0259rilm\u0259si haqda da s\u0259n\u0259dl\u0259r var.<\/p>\n\n\n\n<p>N\u0259rimanov Rayon Prokurorlu\u011fu R\u0259\u015fid M\u0259mm\u0259dovun i\u015fg\u0259nc\u0259 iddialar\u0131yla ba\u011fl\u0131 \u015fikay\u0259tini \u0259sass\u0131z say\u0131b. Prokurorluq 2 aprel 2023-c\u00fc il tarixli q\u0259rar\u0131yla cinay\u0259t i\u015fi ba\u015flanmas\u0131n\u0131 r\u0259dd edib.<\/p>\n","protected":false},"excerpt":{"rendered":"<p>G\u00fcll\u0259r M\u0259mm\u0259dova o\u011flunun sifari\u015fl\u0259 h\u0259bs olundu\u011funu deyir Quba sakini G\u00fcll\u0259r &#8230; <\/p>\n<p class=\"read-more-container\"><a title=\"Quba sakini: \u201cG\u00f6r\u00fcn o\u011fluma n\u0259 q\u0259d\u0259r i\u015fg\u0259nc\u0259 veribl\u0259r ki, o, x\u0259st\u0259xanal\u0131q olub&#8230;\u201d\" class=\"read-more button\" href=\"https:\/\/www.meydan.tv\/az\/article\/quba-sakini-gorun-ogluma-ne-qeder-isgence-veribler-ki-o-xestexanaliq-olub\/#more-276247\" aria-label=\"Read more about Quba sakini: \u201cG\u00f6r\u00fcn o\u011fluma n\u0259 q\u0259d\u0259r i\u015fg\u0259nc\u0259 veribl\u0259r ki, o, x\u0259st\u0259xanal\u0131q olub&#8230;\u201d\">Davam\u0131<\/a><\/p>\n","protected":false},"author":8,"featured_media":276244,"comment_status":"closed","ping_status":"closed","sticky":false,"template":"","format":"standard","meta":{"_acf_changed":false,"_sitemap_exclude":false,"_sitemap_priority":"","_sitemap_frequency":"","footnotes":""},"categories":[60,56],"tags":[],"class_list":["post-276247","post","type-post","status-publish","format-standard","has-post-thumbnail","hentry","category-bolge","category-xeberler","infinite-scroll-item","generate-columns","tablet-grid-50","mobile-grid-100","grid-parent","grid-33","no-featured-image-padding"],"acf":[],"yoast_head":"<!-- This site is optimized with the Yoast SEO plugin v27.5 - https:\/\/yoast.com\/product\/yoast-seo-wordpress\/ -->\n<title>Quba sakini: \u201cG\u00f6r\u00fcn o\u011fluma n\u0259 q\u0259d\u0259r i\u015fg\u0259nc\u0259 veribl\u0259r ki, o, x\u0259st\u0259xanal\u0131q olub...\u201d - MEYDAN.TV<\/title>\n<meta name=\"robots\" content=\"index, follow, max-snippet:-1, max-image-preview:large, max-video-preview:-1\" \/>\n<link rel=\"canonical\" href=\"https:\/\/www.meydan.tv\/az\/article\/quba-sakini-gorun-ogluma-ne-qeder-isgence-veribler-ki-o-xestexanaliq-olub\/\" \/>\n<meta property=\"og:locale\" content=\"az_AZ\" \/>\n<meta property=\"og:type\" content=\"article\" \/>\n<meta property=\"og:title\" content=\"Quba sakini: \u201cG\u00f6r\u00fcn o\u011fluma n\u0259 q\u0259d\u0259r i\u015fg\u0259nc\u0259 veribl\u0259r ki, o, x\u0259st\u0259xanal\u0131q olub...\u201d - MEYDAN.TV\" \/>\n<meta property=\"og:description\" content=\"G\u00fcll\u0259r M\u0259mm\u0259dova o\u011flunun sifari\u015fl\u0259 h\u0259bs olundu\u011funu deyir Quba sakini G\u00fcll\u0259r ... Davam\u0131\" \/>\n<meta property=\"og:url\" content=\"https:\/\/www.meydan.tv\/az\/article\/quba-sakini-gorun-ogluma-ne-qeder-isgence-veribler-ki-o-xestexanaliq-olub\/\" \/>\n<meta property=\"og:site_name\" content=\"MEYDAN.TV\" \/>\n<meta property=\"article:published_time\" content=\"2023-05-27T19:02:38+00:00\" \/>\n<meta property=\"article:modified_time\" content=\"2023-05-27T19:04:36+00:00\" \/>\n<meta property=\"og:image\" content=\"https:\/\/www.meydan.tv\/wp-content\/uploads\/untitled-design-133-e1685214148689.jpg\" \/>\n\t<meta property=\"og:image:width\" content=\"1200\" \/>\n\t<meta property=\"og:image:height\" content=\"648\" \/>\n\t<meta property=\"og:image:type\" content=\"image\/jpeg\" \/>\n<meta name=\"author\" content=\"elli\" \/>\n<meta name=\"twitter:card\" content=\"summary_large_image\" \/>\n<meta name=\"twitter:creator\" content=\"@elli\" \/>\n<script type=\"application\/ld+json\" class=\"yoast-schema-graph\">{\"@context\":\"https:\\\/\\\/schema.org\",\"@graph\":[{\"@type\":\"Article\",\"@id\":\"https:\\\/\\\/www.meydan.tv\\\/az\\\/article\\\/quba-sakini-gorun-ogluma-ne-qeder-isgence-veribler-ki-o-xestexanaliq-olub\\\/#article\",\"isPartOf\":{\"@id\":\"https:\\\/\\\/www.meydan.tv\\\/az\\\/article\\\/quba-sakini-gorun-ogluma-ne-qeder-isgence-veribler-ki-o-xestexanaliq-olub\\\/\"},\"author\":{\"name\":\"elli\",\"@id\":\"https:\\\/\\\/www.meydan.tv\\\/az\\\/#\\\/schema\\\/person\\\/9cdbecf90d17180ce1dfbd95b08dcf47\"},\"headline\":\"Quba sakini: \u201cG\u00f6r\u00fcn o\u011fluma n\u0259 q\u0259d\u0259r i\u015fg\u0259nc\u0259 veribl\u0259r ki, o, x\u0259st\u0259xanal\u0131q olub&#8230;\u201d\",\"datePublished\":\"2023-05-27T19:02:38+00:00\",\"dateModified\":\"2023-05-27T19:04:36+00:00\",\"mainEntityOfPage\":{\"@id\":\"https:\\\/\\\/www.meydan.tv\\\/az\\\/article\\\/quba-sakini-gorun-ogluma-ne-qeder-isgence-veribler-ki-o-xestexanaliq-olub\\\/\"},\"wordCount\":1357,\"publisher\":{\"@id\":\"https:\\\/\\\/www.meydan.tv\\\/az\\\/#organization\"},\"image\":{\"@id\":\"https:\\\/\\\/www.meydan.tv\\\/az\\\/article\\\/quba-sakini-gorun-ogluma-ne-qeder-isgence-veribler-ki-o-xestexanaliq-olub\\\/#primaryimage\"},\"thumbnailUrl\":\"https:\\\/\\\/www.meydan.tv\\\/wp-content\\\/uploads\\\/untitled-design-133-e1685214148689.jpg\",\"articleSection\":[\"B\u00f6lg\u0259\",\"X\u0259b\u0259rl\u0259r\"],\"inLanguage\":\"az\"},{\"@type\":\"WebPage\",\"@id\":\"https:\\\/\\\/www.meydan.tv\\\/az\\\/article\\\/quba-sakini-gorun-ogluma-ne-qeder-isgence-veribler-ki-o-xestexanaliq-olub\\\/\",\"url\":\"https:\\\/\\\/www.meydan.tv\\\/az\\\/article\\\/quba-sakini-gorun-ogluma-ne-qeder-isgence-veribler-ki-o-xestexanaliq-olub\\\/\",\"name\":\"Quba sakini: \u201cG\u00f6r\u00fcn o\u011fluma n\u0259 q\u0259d\u0259r i\u015fg\u0259nc\u0259 veribl\u0259r ki, o, x\u0259st\u0259xanal\u0131q olub...\u201d - MEYDAN.TV\",\"isPartOf\":{\"@id\":\"https:\\\/\\\/www.meydan.tv\\\/az\\\/#website\"},\"primaryImageOfPage\":{\"@id\":\"https:\\\/\\\/www.meydan.tv\\\/az\\\/article\\\/quba-sakini-gorun-ogluma-ne-qeder-isgence-veribler-ki-o-xestexanaliq-olub\\\/#primaryimage\"},\"image\":{\"@id\":\"https:\\\/\\\/www.meydan.tv\\\/az\\\/article\\\/quba-sakini-gorun-ogluma-ne-qeder-isgence-veribler-ki-o-xestexanaliq-olub\\\/#primaryimage\"},\"thumbnailUrl\":\"https:\\\/\\\/www.meydan.tv\\\/wp-content\\\/uploads\\\/untitled-design-133-e1685214148689.jpg\",\"datePublished\":\"2023-05-27T19:02:38+00:00\",\"dateModified\":\"2023-05-27T19:04:36+00:00\",\"breadcrumb\":{\"@id\":\"https:\\\/\\\/www.meydan.tv\\\/az\\\/article\\\/quba-sakini-gorun-ogluma-ne-qeder-isgence-veribler-ki-o-xestexanaliq-olub\\\/#breadcrumb\"},\"inLanguage\":\"az\",\"potentialAction\":[{\"@type\":\"ReadAction\",\"target\":[\"https:\\\/\\\/www.meydan.tv\\\/az\\\/article\\\/quba-sakini-gorun-ogluma-ne-qeder-isgence-veribler-ki-o-xestexanaliq-olub\\\/\"]}]},{\"@type\":\"ImageObject\",\"inLanguage\":\"az\",\"@id\":\"https:\\\/\\\/www.meydan.tv\\\/az\\\/article\\\/quba-sakini-gorun-ogluma-ne-qeder-isgence-veribler-ki-o-xestexanaliq-olub\\\/#primaryimage\",\"url\":\"https:\\\/\\\/www.meydan.tv\\\/wp-content\\\/uploads\\\/untitled-design-133-e1685214148689.jpg\",\"contentUrl\":\"https:\\\/\\\/www.meydan.tv\\\/wp-content\\\/uploads\\\/untitled-design-133-e1685214148689.jpg\",\"width\":1200,\"height\":648,\"caption\":\"R\u0259\u015fid M\u0259mm\u0259dov. Foto: ail\u0259 albomundan\"},{\"@type\":\"BreadcrumbList\",\"@id\":\"https:\\\/\\\/www.meydan.tv\\\/az\\\/article\\\/quba-sakini-gorun-ogluma-ne-qeder-isgence-veribler-ki-o-xestexanaliq-olub\\\/#breadcrumb\",\"itemListElement\":[{\"@type\":\"ListItem\",\"position\":1,\"name\":\"Ana s\u0259hif\u0259\",\"item\":\"https:\\\/\\\/www.meydan.tv\\\/az\\\/\"},{\"@type\":\"ListItem\",\"position\":2,\"name\":\"B\u00f6lg\u0259\",\"item\":\"https:\\\/\\\/www.meydan.tv\\\/az\\\/section\\\/bolge\\\/\"},{\"@type\":\"ListItem\",\"position\":3,\"name\":\"Quba sakini: \u201cG\u00f6r\u00fcn o\u011fluma n\u0259 q\u0259d\u0259r i\u015fg\u0259nc\u0259 veribl\u0259r ki, o, x\u0259st\u0259xanal\u0131q olub&#8230;\u201d\"}]},{\"@type\":\"WebSite\",\"@id\":\"https:\\\/\\\/www.meydan.tv\\\/az\\\/#website\",\"url\":\"https:\\\/\\\/www.meydan.tv\\\/az\\\/\",\"name\":\"MEYDAN.TV\",\"description\":\"Meydan TV Az\u0259rbaycan\u0131n media m\u0259kan\u0131ndak\u0131 alternativ s\u0259sidir\",\"publisher\":{\"@id\":\"https:\\\/\\\/www.meydan.tv\\\/az\\\/#organization\"},\"potentialAction\":[{\"@type\":\"SearchAction\",\"target\":{\"@type\":\"EntryPoint\",\"urlTemplate\":\"https:\\\/\\\/www.meydan.tv\\\/az\\\/?s={search_term_string}\"},\"query-input\":{\"@type\":\"PropertyValueSpecification\",\"valueRequired\":true,\"valueName\":\"search_term_string\"}}],\"inLanguage\":\"az\"},{\"@type\":\"Organization\",\"@id\":\"https:\\\/\\\/www.meydan.tv\\\/az\\\/#organization\",\"name\":\"Meydan TV\",\"url\":\"https:\\\/\\\/www.meydan.tv\\\/az\\\/\",\"logo\":{\"@type\":\"ImageObject\",\"inLanguage\":\"az\",\"@id\":\"https:\\\/\\\/www.meydan.tv\\\/az\\\/#\\\/schema\\\/logo\\\/image\\\/\",\"url\":\"https:\\\/\\\/www.meydan.tv\\\/wp-content\\\/uploads\\\/2021\\\/07\\\/meydan-logo.svg\",\"contentUrl\":\"https:\\\/\\\/www.meydan.tv\\\/wp-content\\\/uploads\\\/2021\\\/07\\\/meydan-logo.svg\",\"width\":195,\"height\":46,\"caption\":\"Meydan TV\"},\"image\":{\"@id\":\"https:\\\/\\\/www.meydan.tv\\\/az\\\/#\\\/schema\\\/logo\\\/image\\\/\"}},{\"@type\":\"Person\",\"@id\":\"https:\\\/\\\/www.meydan.tv\\\/az\\\/#\\\/schema\\\/person\\\/9cdbecf90d17180ce1dfbd95b08dcf47\",\"name\":\"elli\",\"sameAs\":[\"https:\\\/\\\/x.com\\\/elli\"]}]}<\/script>\n<!-- \/ Yoast SEO plugin. -->","yoast_head_json":{"title":"Quba sakini: \u201cG\u00f6r\u00fcn o\u011fluma n\u0259 q\u0259d\u0259r i\u015fg\u0259nc\u0259 veribl\u0259r ki, o, x\u0259st\u0259xanal\u0131q olub...\u201d - MEYDAN.TV","robots":{"index":"index","follow":"follow","max-snippet":"max-snippet:-1","max-image-preview":"max-image-preview:large","max-video-preview":"max-video-preview:-1"},"canonical":"https:\/\/www.meydan.tv\/az\/article\/quba-sakini-gorun-ogluma-ne-qeder-isgence-veribler-ki-o-xestexanaliq-olub\/","og_locale":"az_AZ","og_type":"article","og_title":"Quba sakini: \u201cG\u00f6r\u00fcn o\u011fluma n\u0259 q\u0259d\u0259r i\u015fg\u0259nc\u0259 veribl\u0259r ki, o, x\u0259st\u0259xanal\u0131q olub...\u201d - MEYDAN.TV","og_description":"G\u00fcll\u0259r M\u0259mm\u0259dova o\u011flunun sifari\u015fl\u0259 h\u0259bs olundu\u011funu deyir Quba sakini G\u00fcll\u0259r ... Davam\u0131","og_url":"https:\/\/www.meydan.tv\/az\/article\/quba-sakini-gorun-ogluma-ne-qeder-isgence-veribler-ki-o-xestexanaliq-olub\/","og_site_name":"MEYDAN.TV","article_published_time":"2023-05-27T19:02:38+00:00","article_modified_time":"2023-05-27T19:04:36+00:00","og_image":[{"width":1200,"height":648,"url":"https:\/\/www.meydan.tv\/wp-content\/uploads\/untitled-design-133-e1685214148689.jpg","type":"image\/jpeg"}],"author":"elli","twitter_card":"summary_large_image","twitter_creator":"@elli","schema":{"@context":"https:\/\/schema.org","@graph":[{"@type":"Article","@id":"https:\/\/www.meydan.tv\/az\/article\/quba-sakini-gorun-ogluma-ne-qeder-isgence-veribler-ki-o-xestexanaliq-olub\/#article","isPartOf":{"@id":"https:\/\/www.meydan.tv\/az\/article\/quba-sakini-gorun-ogluma-ne-qeder-isgence-veribler-ki-o-xestexanaliq-olub\/"},"author":{"name":"elli","@id":"https:\/\/www.meydan.tv\/az\/#\/schema\/person\/9cdbecf90d17180ce1dfbd95b08dcf47"},"headline":"Quba sakini: \u201cG\u00f6r\u00fcn o\u011fluma n\u0259 q\u0259d\u0259r i\u015fg\u0259nc\u0259 veribl\u0259r ki, o, x\u0259st\u0259xanal\u0131q olub&#8230;\u201d","datePublished":"2023-05-27T19:02:38+00:00","dateModified":"2023-05-27T19:04:36+00:00","mainEntityOfPage":{"@id":"https:\/\/www.meydan.tv\/az\/article\/quba-sakini-gorun-ogluma-ne-qeder-isgence-veribler-ki-o-xestexanaliq-olub\/"},"wordCount":1357,"publisher":{"@id":"https:\/\/www.meydan.tv\/az\/#organization"},"image":{"@id":"https:\/\/www.meydan.tv\/az\/article\/quba-sakini-gorun-ogluma-ne-qeder-isgence-veribler-ki-o-xestexanaliq-olub\/#primaryimage"},"thumbnailUrl":"https:\/\/www.meydan.tv\/wp-content\/uploads\/untitled-design-133-e1685214148689.jpg","articleSection":["B\u00f6lg\u0259","X\u0259b\u0259rl\u0259r"],"inLanguage":"az"},{"@type":"WebPage","@id":"https:\/\/www.meydan.tv\/az\/article\/quba-sakini-gorun-ogluma-ne-qeder-isgence-veribler-ki-o-xestexanaliq-olub\/","url":"https:\/\/www.meydan.tv\/az\/article\/quba-sakini-gorun-ogluma-ne-qeder-isgence-veribler-ki-o-xestexanaliq-olub\/","name":"Quba sakini: \u201cG\u00f6r\u00fcn o\u011fluma n\u0259 q\u0259d\u0259r i\u015fg\u0259nc\u0259 veribl\u0259r ki, o, x\u0259st\u0259xanal\u0131q olub...\u201d - MEYDAN.TV","isPartOf":{"@id":"https:\/\/www.meydan.tv\/az\/#website"},"primaryImageOfPage":{"@id":"https:\/\/www.meydan.tv\/az\/article\/quba-sakini-gorun-ogluma-ne-qeder-isgence-veribler-ki-o-xestexanaliq-olub\/#primaryimage"},"image":{"@id":"https:\/\/www.meydan.tv\/az\/article\/quba-sakini-gorun-ogluma-ne-qeder-isgence-veribler-ki-o-xestexanaliq-olub\/#primaryimage"},"thumbnailUrl":"https:\/\/www.meydan.tv\/wp-content\/uploads\/untitled-design-133-e1685214148689.jpg","datePublished":"2023-05-27T19:02:38+00:00","dateModified":"2023-05-27T19:04:36+00:00","breadcrumb":{"@id":"https:\/\/www.meydan.tv\/az\/article\/quba-sakini-gorun-ogluma-ne-qeder-isgence-veribler-ki-o-xestexanaliq-olub\/#breadcrumb"},"inLanguage":"az","potentialAction":[{"@type":"ReadAction","target":["https:\/\/www.meydan.tv\/az\/article\/quba-sakini-gorun-ogluma-ne-qeder-isgence-veribler-ki-o-xestexanaliq-olub\/"]}]},{"@type":"ImageObject","inLanguage":"az","@id":"https:\/\/www.meydan.tv\/az\/article\/quba-sakini-gorun-ogluma-ne-qeder-isgence-veribler-ki-o-xestexanaliq-olub\/#primaryimage","url":"https:\/\/www.meydan.tv\/wp-content\/uploads\/untitled-design-133-e1685214148689.jpg","contentUrl":"https:\/\/www.meydan.tv\/wp-content\/uploads\/untitled-design-133-e1685214148689.jpg","width":1200,"height":648,"caption":"R\u0259\u015fid M\u0259mm\u0259dov. Foto: ail\u0259 albomundan"},{"@type":"BreadcrumbList","@id":"https:\/\/www.meydan.tv\/az\/article\/quba-sakini-gorun-ogluma-ne-qeder-isgence-veribler-ki-o-xestexanaliq-olub\/#breadcrumb","itemListElement":[{"@type":"ListItem","position":1,"name":"Ana s\u0259hif\u0259","item":"https:\/\/www.meydan.tv\/az\/"},{"@type":"ListItem","position":2,"name":"B\u00f6lg\u0259","item":"https:\/\/www.meydan.tv\/az\/section\/bolge\/"},{"@type":"ListItem","position":3,"name":"Quba sakini: \u201cG\u00f6r\u00fcn o\u011fluma n\u0259 q\u0259d\u0259r i\u015fg\u0259nc\u0259 veribl\u0259r ki, o, x\u0259st\u0259xanal\u0131q olub&#8230;\u201d"}]},{"@type":"WebSite","@id":"https:\/\/www.meydan.tv\/az\/#website","url":"https:\/\/www.meydan.tv\/az\/","name":"MEYDAN.TV","description":"Meydan TV Az\u0259rbaycan\u0131n media m\u0259kan\u0131ndak\u0131 alternativ s\u0259sidir","publisher":{"@id":"https:\/\/www.meydan.tv\/az\/#organization"},"potentialAction":[{"@type":"SearchAction","target":{"@type":"EntryPoint","urlTemplate":"https:\/\/www.meydan.tv\/az\/?s={search_term_string}"},"query-input":{"@type":"PropertyValueSpecification","valueRequired":true,"valueName":"search_term_string"}}],"inLanguage":"az"},{"@type":"Organization","@id":"https:\/\/www.meydan.tv\/az\/#organization","name":"Meydan TV","url":"https:\/\/www.meydan.tv\/az\/","logo":{"@type":"ImageObject","inLanguage":"az","@id":"https:\/\/www.meydan.tv\/az\/#\/schema\/logo\/image\/","url":"https:\/\/www.meydan.tv\/wp-content\/uploads\/2021\/07\/meydan-logo.svg","contentUrl":"https:\/\/www.meydan.tv\/wp-content\/uploads\/2021\/07\/meydan-logo.svg","width":195,"height":46,"caption":"Meydan TV"},"image":{"@id":"https:\/\/www.meydan.tv\/az\/#\/schema\/logo\/image\/"}},{"@type":"Person","@id":"https:\/\/www.meydan.tv\/az\/#\/schema\/person\/9cdbecf90d17180ce1dfbd95b08dcf47","name":"elli","sameAs":["https:\/\/x.com\/elli"]}]}},"_links":{"self":[{"href":"https:\/\/www.meydan.tv\/az\/wp-json\/wp\/v2\/posts\/276247","targetHints":{"allow":["GET"]}}],"collection":[{"href":"https:\/\/www.meydan.tv\/az\/wp-json\/wp\/v2\/posts"}],"about":[{"href":"https:\/\/www.meydan.tv\/az\/wp-json\/wp\/v2\/types\/post"}],"author":[{"embeddable":true,"href":"https:\/\/www.meydan.tv\/az\/wp-json\/wp\/v2\/users\/8"}],"replies":[{"embeddable":true,"href":"https:\/\/www.meydan.tv\/az\/wp-json\/wp\/v2\/comments?post=276247"}],"version-history":[{"count":2,"href":"https:\/\/www.meydan.tv\/az\/wp-json\/wp\/v2\/posts\/276247\/revisions"}],"predecessor-version":[{"id":276252,"href":"https:\/\/www.meydan.tv\/az\/wp-json\/wp\/v2\/posts\/276247\/revisions\/276252"}],"wp:featuredmedia":[{"embeddable":true,"href":"https:\/\/www.meydan.tv\/az\/wp-json\/wp\/v2\/media\/276244"}],"wp:attachment":[{"href":"https:\/\/www.meydan.tv\/az\/wp-json\/wp\/v2\/media?parent=276247"}],"wp:term":[{"taxonomy":"category","embeddable":true,"href":"https:\/\/www.meydan.tv\/az\/wp-json\/wp\/v2\/categories?post=276247"},{"taxonomy":"post_tag","embeddable":true,"href":"https:\/\/www.meydan.tv\/az\/wp-json\/wp\/v2\/tags?post=276247"}],"curies":[{"name":"wp","href":"https:\/\/api.w.org\/{rel}","templated":true}]}}