{"id":276228,"date":"2023-05-27T14:04:37","date_gmt":"2023-05-27T10:04:37","guid":{"rendered":"https:\/\/www.meydan.tv\/?p=276228"},"modified":"2023-05-27T14:04:40","modified_gmt":"2023-05-27T10:04:40","slug":"goycayda-renglerin-mocuzesi-adli-sergi-kecirilir","status":"publish","type":"post","link":"https:\/\/www.meydan.tv\/az\/article\/goycayda-renglerin-mocuzesi-adli-sergi-kecirilir\/","title":{"rendered":"G\u00f6y\u00e7ayda \u201cR\u0259ngl\u0259rin m\u00f6c\u00fcz\u0259si\u201d adl\u0131 s\u0259rgi ke\u00e7irilir"},"content":{"rendered":"\n<p><\/p>\n\n\n\n<p><strong><em>R\u0259ssamlar hesab edirl\u0259r ki, t\u0259\u015fkilatlanmaq laz\u0131md\u0131r<\/em><\/strong><\/p>\n\n\n\n<p>G\u00f6y\u00e7ayda r\u0259ssamlar\u0131n \u0259l i\u015fl\u0259rind\u0259n ibar\u0259t &#8220;R\u0259ngl\u0259rin m\u00f6c\u00fcz\u0259si&#8221; adl\u0131 qrup s\u0259rgisi ke\u00e7irilib. S\u0259rgid\u0259 40 illik t\u0259cr\u00fcb\u0259y\u0259 malik r\u0259ssam-pedaqoq Ehtiram K\u0259rimov v\u0259&nbsp; 5 t\u0259l\u0259b\u0259sinin \u00fcmumilikd\u0259 80 tablosu yer al\u0131b.&nbsp;<\/p>\n\n\n\n<p>Ali t\u0259hsil alm\u0131\u015f bu r\u0259ssamlar do\u011fma rayonlar\u0131nda bu c\u00fcr s\u0259rgil\u0259rin t\u0259\u015fkilini m\u0259d\u0259ni inki\u015faf ad\u0131na yenilik kimi qiym\u0259tl\u0259ndirirl\u0259r.<\/p>\n\n\n<div class=\"wp-block-image\">\n<figure class=\"aligncenter size-large\"><img decoding=\"async\" width=\"1200\" height=\"675\" data-src=\"https:\/\/www.meydan.tv\/wp-content\/uploads\/img-20230526-wa0176-1200x675.jpg\" alt=\"\" class=\"wp-image-276225 lazyload\" src=\"data:image\/svg+xml;base64,PHN2ZyB3aWR0aD0iMSIgaGVpZ2h0PSIxIiB4bWxucz0iaHR0cDovL3d3dy53My5vcmcvMjAwMC9zdmciPjwvc3ZnPg==\" style=\"--smush-placeholder-width: 1200px; --smush-placeholder-aspect-ratio: 1200\/675;\" \/><\/figure>\n<\/div>\n\n\n<p>Xal\u00e7a\u00e7\u0131 r\u0259ssam Elminaz Q\u0259hr\u0259manova bu s\u0259rgiy\u0259 17 \u0259l i\u015fi il\u0259 qat\u0131l\u0131b. O, &#8220;daha \u00e7ox s\u0259rgi, daha \u00e7ox m\u0259d\u0259niyy\u0259tdir&#8221;,-deyir. Region m\u0259d\u0259niyy\u0259ti is\u0259 bundan ill\u0259rdir m\u0259hrumdur:<\/p>\n\n\n\n<p><em>&#8220;T\u0259klif g\u0259l\u0259nd\u0259 d\u00fc\u015f\u00fcnd\u00fcm ki, bu, bir f\u0259rqli yenilikdir. M\u0259n \u00e7ox \u0259s\u0259rl\u0259rimi g\u0259tir\u0259c\u0259kdim, ancaq m\u0259kanda\u00a0 17 \u0259l i\u015fimin s\u0259rgil\u0259nm\u0259si\u00a0 m\u00fcmk\u00fcn oldu. 15-i k\u0259tan \u00fcz\u0259rind\u0259\u00a0 ya\u011fl\u0131 boya, ikisi is\u0259 t\u0259k\u0259lduz, y\u0259ni \u0259l il\u0259 i\u015fl\u0259nmi\u015f portretdir. \u018fs\u0259rl\u0259rimd\u0259 x\u00fcsusil\u0259 Qaraba\u011f m\u0259d\u0259niyy\u0259tini v\u0259 milli-m\u0259n\u0259vi d\u0259y\u0259rl\u0259ri \u0259ks etdirmi\u015f\u0259m. X\u00fcsusil\u0259 d\u0259 r\u0259ng \u00e7alarlar\u0131na diqq\u0259t etmi\u015f\u0259m. M\u0259qs\u0259dim regionda\u00a0 yeti\u015fm\u0259kd\u0259 olan g\u0259nc r\u0259ssamlara, istedadl\u0131 u\u015faqlara stimul verm\u0259kdir ki, bacar\u0131qlar\u0131na sahib \u00e7\u0131xs\u0131nlar v\u0259 s\u0259n\u0259tin m\u00fchiti geni\u015fl\u0259nsin&#8221;.<\/em><\/p>\n\n\n<div class=\"wp-block-image\">\n<figure class=\"aligncenter size-large\"><img decoding=\"async\" width=\"1200\" height=\"675\" data-src=\"https:\/\/www.meydan.tv\/wp-content\/uploads\/img-20230526-wa0193-1-1200x675.jpg\" alt=\"\" class=\"wp-image-276216 lazyload\" src=\"data:image\/svg+xml;base64,PHN2ZyB3aWR0aD0iMSIgaGVpZ2h0PSIxIiB4bWxucz0iaHR0cDovL3d3dy53My5vcmcvMjAwMC9zdmciPjwvc3ZnPg==\" style=\"--smush-placeholder-width: 1200px; --smush-placeholder-aspect-ratio: 1200\/675;\" \/><\/figure>\n<\/div>\n\n\n<p>Simalar\u0131ndan sevgi, maraq v\u0259 bir o q\u0259d\u0259r heyranl\u0131q \u0259ks olunan rayon sakinl\u0259ri s\u0259rgid\u0259 yer alan tablolar\u0131n \u00f6n\u00fcnd\u0259n ke\u00e7ir, boylanan r\u0259sml\u0259r\u0259 diqq\u0259t k\u0259silir, m\u00fczakir\u0259 edir, xatir\u0259 \u015f\u0259kill\u0259ri \u00e7\u0259kdirirdil\u0259r. S\u0259rgid\u0259 m\u0259nz\u0259r\u0259, nat\u00fcrmort v\u0259 portret janrlar\u0131 \u00fcst\u00fcnl\u00fck t\u0259\u015fkil edib.<\/p>\n\n\n\n<p>S\u0259rgi i\u015ftirak\u00e7\u0131s\u0131 Mehriban \u0130brahimli deyir ki, al-\u0259lvan&nbsp; tablolar seyr\u00e7il\u0259r\u0259 na\u011f\u0131l kimi g\u00f6r\u00fcns\u0259 d\u0259, onlar\u0131n \u0259rs\u0259y\u0259 g\u0259lm\u0259sind\u0259 ill\u0259rin z\u0259hm\u0259ti var. Bu z\u0259hm\u0259t is\u0259 seyr\u00e7il\u0259rin g\u00f6z\u00fcnd\u0259n yay\u0131nm\u0131r:<\/p>\n\n\n<div class=\"wp-block-image\">\n<figure class=\"aligncenter size-large\"><img decoding=\"async\" width=\"1200\" height=\"675\" data-src=\"https:\/\/www.meydan.tv\/wp-content\/uploads\/img-20230526-wa0163-1200x675.jpg\" alt=\"\" class=\"wp-image-276219 lazyload\" src=\"data:image\/svg+xml;base64,PHN2ZyB3aWR0aD0iMSIgaGVpZ2h0PSIxIiB4bWxucz0iaHR0cDovL3d3dy53My5vcmcvMjAwMC9zdmciPjwvc3ZnPg==\" style=\"--smush-placeholder-width: 1200px; --smush-placeholder-aspect-ratio: 1200\/675;\" \/><\/figure>\n<\/div>\n\n\n<p><em>&#8220;S\u0259rgini s\u0259birsizlikl\u0259 g\u00f6zl\u0259y\u0259nl\u0259rd\u0259n\u0259m. K\u0259ndl\u0259rd\u0259n bel\u0259 qat\u0131lanlar var.\u00a0 Teatr, kino yox. M\u0259d\u0259niyy\u0259t\u0259 h\u0259v\u0259sli insanlar\u0131 d\u00fc\u015f\u00fcnm\u0259y\u0259 d\u0259y\u0259r. M\u00fc\u015fahid\u0259 etdikc\u0259 anlay\u0131rsan ki, bu g\u00f6z\u0259llikl\u0259r uzun ill\u0259rin z\u0259hm\u0259ti hesab\u0131na yaran\u0131b. D\u0259rin d\u00fc\u015f\u00fcnc\u0259l\u0259r v\u0259 istedadl\u0131 \u0259ll\u0259r hesab\u0131na r\u0259ngl\u0259rin m\u00f6c\u00fcz\u0259sin\u0259 tama\u015fa etm\u0259k d\u0259, ondan \u00f6yr\u0259nm\u0259k d\u0259 xo\u015fdur. R\u0259ssam\u0131n daxili d\u00fcnyas\u0131n\u0131n t\u0259zah\u00fcr\u00fcd\u00fcr b\u00fct\u00fcn \u0259s\u0259rl\u0259r&#8221;.<\/em><\/p>\n\n\n\n<p>G\u0259ncl\u0259r v\u0259 yeniyetm\u0259l\u0259r, x\u00fcsusil\u0259 d\u0259 r\u0259ssaml\u0131q s\u0259n\u0259tin\u0259 meyilli&nbsp; istedadl\u0131 \u015f\u0259xsl\u0259r \u00fc\u00e7\u00fcn s\u0259rgi stimuldur. \u0130\u015ftirak\u00e7\u0131 Mehdi A\u011fazad\u0259 bel\u0259 d\u00fc\u015f\u00fcn\u00fcr. Onun fikrinc\u0259, s\u0259rgil\u0259r davam\u0131 olarsa, onlar da \u00f6z g\u0259l\u0259c\u0259yini bu s\u0259n\u0259tl\u0259 ba\u011flayar.<\/p>\n\n\n<div class=\"wp-block-image\">\n<figure class=\"aligncenter size-large\"><img decoding=\"async\" width=\"1200\" height=\"675\" data-src=\"https:\/\/www.meydan.tv\/wp-content\/uploads\/img-20230526-wa0148-1200x675.jpg\" alt=\"\" class=\"wp-image-276210 lazyload\" src=\"data:image\/svg+xml;base64,PHN2ZyB3aWR0aD0iMSIgaGVpZ2h0PSIxIiB4bWxucz0iaHR0cDovL3d3dy53My5vcmcvMjAwMC9zdmciPjwvc3ZnPg==\" style=\"--smush-placeholder-width: 1200px; --smush-placeholder-aspect-ratio: 1200\/675;\" \/><\/figure>\n<\/div>\n\n\n<p>Region m\u0259d\u0259niyy\u0259tind\u0259ki dur\u011funluq onlar\u0131 narahat ets\u0259 bel\u0259, bu s\u0259rgi qaranl\u0131q fonunda i\u015f\u0131qd\u0131r:<\/p>\n\n\n\n<p><em>&#8220;S\u0259rgi v\u0259 s\u0259rgi i\u015ftirak\u00e7\u0131lar\u0131 m\u0259n\u0259 m\u0259n\u0259n g\u00fcc verir, d\u00fc\u015f\u00fcn\u00fcr\u0259m r\u0259ssam olsam, bel\u0259 s\u0259rgil\u0259rim olar. \u00c7\u00fcnki uzun ill\u0259rdir ki, regionlarda r\u0259ssamlar\u0131n bel\u0259 i\u015f birliyi, qrup\u00a0 s\u0259rgil\u0259ri yoxdur. \u015e\u0259rait v\u0259 d\u0259st\u0259k ver\u0259n d\u0259 yoxdur. H\u0259v\u0259sd\u0259n d\u00fc\u015fm\u0259m\u0259k \u00fc\u00e7\u00fcn bel\u0259 s\u0259rgi \u00fcm\u00fcddir&#8221;.<\/em><\/p>\n\n\n<div class=\"wp-block-image\">\n<figure class=\"aligncenter size-large\"><img decoding=\"async\" width=\"1200\" height=\"675\" data-src=\"https:\/\/www.meydan.tv\/wp-content\/uploads\/img-20230526-wa0145-1200x675.jpg\" alt=\"\" class=\"wp-image-276207 lazyload\" src=\"data:image\/svg+xml;base64,PHN2ZyB3aWR0aD0iMSIgaGVpZ2h0PSIxIiB4bWxucz0iaHR0cDovL3d3dy53My5vcmcvMjAwMC9zdmciPjwvc3ZnPg==\" style=\"--smush-placeholder-width: 1200px; --smush-placeholder-aspect-ratio: 1200\/675;\" \/><\/figure>\n<\/div>\n\n\n<p>\u0130ndiy\u0259 q\u0259d\u0259r y\u00fczl\u0259rl\u0259 t\u0259l\u0259b\u0259si olan, 120 pe\u015f\u0259kar r\u0259ssam\u0131n ilk m\u00fc\u0259llimi Ehtiram K\u0259rimov is\u0259 deyir ki, bu, \u00f6z\u00fcn\u00fcn t\u0259\u015fkil etdiyi ikinci s\u0259rgidir. Rayon v\u0259 d\u00f6vl\u0259t&nbsp; s\u0259viyy\u0259sind\u0259 bu c\u00fcr s\u0259rgil\u0259r d\u0259st\u0259kl\u0259m\u0259li oldu\u011fu halda, istedadl\u0131 insanlar b\u00fct\u00fcn z\u0259hm\u0259ti \u00f6zl\u0259ri \u00e7\u0259kir.<\/p>\n\n\n\n<p>\u00c7\u0259tinlikl\u0259r\u0259 r\u0259\u011fm\u0259n onun&nbsp; s\u0259n\u0259t v\u0259 g\u0259nc yetirm\u0259l\u0259ri il\u0259 ba\u011fl\u0131 b\u00f6y\u00fck h\u0259d\u0259fl\u0259ri var:<\/p>\n\n\n<div class=\"wp-block-image\">\n<figure class=\"aligncenter size-large\"><img decoding=\"async\" width=\"1200\" height=\"675\" data-src=\"https:\/\/www.meydan.tv\/wp-content\/uploads\/img-20230526-wa0143-1200x675.jpg\" alt=\"\" class=\"wp-image-276204 lazyload\" src=\"data:image\/svg+xml;base64,PHN2ZyB3aWR0aD0iMSIgaGVpZ2h0PSIxIiB4bWxucz0iaHR0cDovL3d3dy53My5vcmcvMjAwMC9zdmciPjwvc3ZnPg==\" style=\"--smush-placeholder-width: 1200px; --smush-placeholder-aspect-ratio: 1200\/675;\" \/><\/figure>\n<\/div>\n\n\n<p><em>&#8220;S\u0259rgid\u0259ki 45 tablo m\u0259nim ill\u0259rdir i\u015fl\u0259diyim \u0259s\u0259rl\u0259rdir.\u00a0 \u0130nsanlar\u0131n s\u0259n\u0259t anlay\u0131\u015f\u0131, mara\u011f\u0131, g\u0259lib seyr etm\u0259k ist\u0259yi var. M\u0259qs\u0259dimiz d\u0259 inc\u0259s\u0259n\u0259ti, r\u0259ssaml\u0131\u011f\u0131 tan\u0131tmaq, sevdirm\u0259k, yarad\u0131lan \u0259s\u0259rl\u0259ri insanlara n\u00fcmayi\u015f etdirm\u0259kdir. H\u0259m r\u0259ssamlar\u0131 tan\u0131s\u0131nlar, h\u0259m s\u0259n\u0259ti sevsinl\u0259r, d\u00fcnyag\u00f6r\u00fc\u015fl\u0259ri arts\u0131n, h\u0259m d\u0259 istedadlar\u0131n\u0131 k\u0259\u015ff etsinl\u0259r. \u00d6z g\u00fcc\u00fcm\u00fcz\u0259, t\u0259l\u0259b\u0259l\u0259riml\u0259 bunu davaml\u0131 ed\u0259c\u0259yik ki, s\u0259n\u0259t v\u0259 s\u0259n\u0259ti d\u0259rk ed\u0259nl\u0259r arts\u0131n. R\u0259sm qalereyam\u0131z, c\u0259miyy\u0259timiz olsun, birl\u0259\u015f\u0259k, s\u0259n\u0259t g\u00f6z\u0259llikl\u0259rini art\u0131raq ki, azaltmayaq. \u00c7\u00fcnki s\u0259rgiy\u0259 qat\u0131lmaq ist\u0259y\u0259n ba\u015fqa\u00a0 r\u0259ssamlar da var&#8221;.<\/em><\/p>\n\n\n<div class=\"wp-block-image\">\n<figure class=\"aligncenter size-large\"><img decoding=\"async\" width=\"1200\" height=\"582\" data-src=\"https:\/\/www.meydan.tv\/wp-content\/uploads\/img-20230526-wa0221-1200x582.jpg\" alt=\"\" class=\"wp-image-276201 lazyload\" src=\"data:image\/svg+xml;base64,PHN2ZyB3aWR0aD0iMSIgaGVpZ2h0PSIxIiB4bWxucz0iaHR0cDovL3d3dy53My5vcmcvMjAwMC9zdmciPjwvc3ZnPg==\" style=\"--smush-placeholder-width: 1200px; --smush-placeholder-aspect-ratio: 1200\/582;\" \/><\/figure>\n<\/div>\n\n\n<p>S\u0259rgid\u0259 11 \u0259s\u0259ri il\u0259 yer alan xal\u00e7a\u00e7\u0131 &#8211; r\u0259ssam Yunis H\u0259midov deyir ki, G\u00f6y\u00e7ayda ilk d\u0259f\u0259dir, bel\u0259 s\u0259rgid\u0259 i\u015ftirak edir. Davaml\u0131 olmas\u0131 \u00fc\u00e7\u00fcn is\u0259 mane\u0259l\u0259r a\u015f\u0131lmal\u0131d\u0131r:<\/p>\n\n\n\n<p>&#8220;<em>\u00c7ox ist\u0259yirdik ki, ill\u0259r \u00f6nc\u0259 bunu ed\u0259k. Ancaq mane\u0259l\u0259r \u00e7ox idi. Yer tapm\u0131r\u0131q, birg\u0259 i\u015fl\u0259y\u0259 bilmirik, s\u0259n\u0259tin d\u0259y\u0259ri verilmir. Biz insanlara \u0259sl s\u0259n\u0259ti g\u00f6st\u0259rm\u0259k ist\u0259yirik. Burda ideya, psixologiya var. \u018fs\u0259rl\u0259rimizd\u0259 d\u0259 bunu \u00e7atd\u0131r\u0131r\u0131q. Biz t\u0259k regionla kifay\u0259tl\u0259nm\u0259k ist\u0259mirik, dig\u0259r regionlara, paytaxta s\u0259simizi \u00e7atd\u0131rmaqd\u0131r amac\u0131m\u0131z. Burada \u0259d\u0259bi &#8211; ictimai qurulu\u015fa ehtiyac var. Qalereya, c\u0259miyy\u0259t olmal\u0131d\u0131r ki, s\u0259rb\u0259st v\u0259 tez-tez s\u0259rgil\u0259rimizi ke\u00e7ir\u0259k&#8221;.<\/em><\/p>\n\n\n\n<p>R\u0259ssam Sur\u0259 Mustafayeva, M\u0259h\u0259bb\u0259t Kaz\u0131mova v\u0259 Rahim \u0130brahimova m\u0259xsus \u0259l i\u015fl\u0259ri\u00a0 d\u0259 s\u0259rgid\u0259\u00a0 n\u00fcmayi\u015f olunur. \u0130ki g\u00fcn davam ed\u0259c\u0259k s\u0259rgini\u00a0 tarda ifalar\u0131 il\u0259 tarz\u0259n\u00a0 R\u00f6v\u015f\u0259n Zamanov m\u00fc\u015fayi\u0259t edir.<\/p>\n\n\n<div class=\"wp-block-image\">\n<figure class=\"aligncenter size-large\"><img decoding=\"async\" width=\"1200\" height=\"675\" data-src=\"https:\/\/www.meydan.tv\/wp-content\/uploads\/img-20230526-wa0072-1200x675.jpg\" alt=\"\" class=\"wp-image-276229 lazyload\" src=\"data:image\/svg+xml;base64,PHN2ZyB3aWR0aD0iMSIgaGVpZ2h0PSIxIiB4bWxucz0iaHR0cDovL3d3dy53My5vcmcvMjAwMC9zdmciPjwvc3ZnPg==\" style=\"--smush-placeholder-width: 1200px; --smush-placeholder-aspect-ratio: 1200\/675;\" \/><\/figure>\n<\/div>","protected":false},"excerpt":{"rendered":"<p>R\u0259ssamlar hesab edirl\u0259r ki, t\u0259\u015fkilatlanmaq laz\u0131md\u0131r G\u00f6y\u00e7ayda r\u0259ssamlar\u0131n \u0259l i\u015fl\u0259rind\u0259n &#8230; <\/p>\n<p class=\"read-more-container\"><a title=\"G\u00f6y\u00e7ayda \u201cR\u0259ngl\u0259rin m\u00f6c\u00fcz\u0259si\u201d adl\u0131 s\u0259rgi ke\u00e7irilir\" class=\"read-more button\" href=\"https:\/\/www.meydan.tv\/az\/article\/goycayda-renglerin-mocuzesi-adli-sergi-kecirilir\/#more-276228\" aria-label=\"Read more about G\u00f6y\u00e7ayda \u201cR\u0259ngl\u0259rin m\u00f6c\u00fcz\u0259si\u201d adl\u0131 s\u0259rgi ke\u00e7irilir\">Davam\u0131<\/a><\/p>\n","protected":false},"author":8,"featured_media":276222,"comment_status":"closed","ping_status":"closed","sticky":false,"template":"","format":"standard","meta":{"_acf_changed":false,"_sitemap_exclude":false,"_sitemap_priority":"","_sitemap_frequency":"","footnotes":""},"categories":[60,56],"tags":[],"class_list":["post-276228","post","type-post","status-publish","format-standard","has-post-thumbnail","hentry","category-bolge","category-xeberler","infinite-scroll-item","generate-columns","tablet-grid-50","mobile-grid-100","grid-parent","grid-33","no-featured-image-padding"],"acf":[],"yoast_head":"<!-- This site is optimized with the Yoast SEO plugin v27.5 - https:\/\/yoast.com\/product\/yoast-seo-wordpress\/ -->\n<title>G\u00f6y\u00e7ayda \u201cR\u0259ngl\u0259rin m\u00f6c\u00fcz\u0259si\u201d adl\u0131 s\u0259rgi ke\u00e7irilir - MEYDAN.TV<\/title>\n<meta name=\"robots\" content=\"index, follow, max-snippet:-1, max-image-preview:large, max-video-preview:-1\" \/>\n<link rel=\"canonical\" href=\"https:\/\/www.meydan.tv\/az\/article\/goycayda-renglerin-mocuzesi-adli-sergi-kecirilir\/\" \/>\n<meta property=\"og:locale\" content=\"az_AZ\" \/>\n<meta property=\"og:type\" content=\"article\" \/>\n<meta property=\"og:title\" content=\"G\u00f6y\u00e7ayda \u201cR\u0259ngl\u0259rin m\u00f6c\u00fcz\u0259si\u201d adl\u0131 s\u0259rgi ke\u00e7irilir - MEYDAN.TV\" \/>\n<meta property=\"og:description\" content=\"R\u0259ssamlar hesab edirl\u0259r ki, t\u0259\u015fkilatlanmaq laz\u0131md\u0131r G\u00f6y\u00e7ayda r\u0259ssamlar\u0131n \u0259l i\u015fl\u0259rind\u0259n ... Davam\u0131\" \/>\n<meta property=\"og:url\" content=\"https:\/\/www.meydan.tv\/az\/article\/goycayda-renglerin-mocuzesi-adli-sergi-kecirilir\/\" \/>\n<meta property=\"og:site_name\" content=\"MEYDAN.TV\" \/>\n<meta property=\"article:published_time\" content=\"2023-05-27T10:04:37+00:00\" \/>\n<meta property=\"article:modified_time\" content=\"2023-05-27T10:04:40+00:00\" \/>\n<meta property=\"og:image\" content=\"https:\/\/www.meydan.tv\/wp-content\/uploads\/img-20230526-wa0085.jpg\" \/>\n\t<meta property=\"og:image:width\" content=\"1280\" \/>\n\t<meta property=\"og:image:height\" content=\"720\" \/>\n\t<meta property=\"og:image:type\" content=\"image\/jpeg\" \/>\n<meta name=\"author\" content=\"elli\" \/>\n<meta name=\"twitter:card\" content=\"summary_large_image\" \/>\n<meta name=\"twitter:creator\" content=\"@elli\" \/>\n<script type=\"application\/ld+json\" class=\"yoast-schema-graph\">{\"@context\":\"https:\\\/\\\/schema.org\",\"@graph\":[{\"@type\":\"Article\",\"@id\":\"https:\\\/\\\/www.meydan.tv\\\/az\\\/article\\\/goycayda-renglerin-mocuzesi-adli-sergi-kecirilir\\\/#article\",\"isPartOf\":{\"@id\":\"https:\\\/\\\/www.meydan.tv\\\/az\\\/article\\\/goycayda-renglerin-mocuzesi-adli-sergi-kecirilir\\\/\"},\"author\":{\"name\":\"elli\",\"@id\":\"https:\\\/\\\/www.meydan.tv\\\/az\\\/#\\\/schema\\\/person\\\/9cdbecf90d17180ce1dfbd95b08dcf47\"},\"headline\":\"G\u00f6y\u00e7ayda \u201cR\u0259ngl\u0259rin m\u00f6c\u00fcz\u0259si\u201d adl\u0131 s\u0259rgi ke\u00e7irilir\",\"datePublished\":\"2023-05-27T10:04:37+00:00\",\"dateModified\":\"2023-05-27T10:04:40+00:00\",\"mainEntityOfPage\":{\"@id\":\"https:\\\/\\\/www.meydan.tv\\\/az\\\/article\\\/goycayda-renglerin-mocuzesi-adli-sergi-kecirilir\\\/\"},\"wordCount\":1075,\"publisher\":{\"@id\":\"https:\\\/\\\/www.meydan.tv\\\/az\\\/#organization\"},\"image\":{\"@id\":\"https:\\\/\\\/www.meydan.tv\\\/az\\\/article\\\/goycayda-renglerin-mocuzesi-adli-sergi-kecirilir\\\/#primaryimage\"},\"thumbnailUrl\":\"https:\\\/\\\/www.meydan.tv\\\/wp-content\\\/uploads\\\/img-20230526-wa0085.jpg\",\"articleSection\":[\"B\u00f6lg\u0259\",\"X\u0259b\u0259rl\u0259r\"],\"inLanguage\":\"az\"},{\"@type\":\"WebPage\",\"@id\":\"https:\\\/\\\/www.meydan.tv\\\/az\\\/article\\\/goycayda-renglerin-mocuzesi-adli-sergi-kecirilir\\\/\",\"url\":\"https:\\\/\\\/www.meydan.tv\\\/az\\\/article\\\/goycayda-renglerin-mocuzesi-adli-sergi-kecirilir\\\/\",\"name\":\"G\u00f6y\u00e7ayda \u201cR\u0259ngl\u0259rin m\u00f6c\u00fcz\u0259si\u201d adl\u0131 s\u0259rgi ke\u00e7irilir - MEYDAN.TV\",\"isPartOf\":{\"@id\":\"https:\\\/\\\/www.meydan.tv\\\/az\\\/#website\"},\"primaryImageOfPage\":{\"@id\":\"https:\\\/\\\/www.meydan.tv\\\/az\\\/article\\\/goycayda-renglerin-mocuzesi-adli-sergi-kecirilir\\\/#primaryimage\"},\"image\":{\"@id\":\"https:\\\/\\\/www.meydan.tv\\\/az\\\/article\\\/goycayda-renglerin-mocuzesi-adli-sergi-kecirilir\\\/#primaryimage\"},\"thumbnailUrl\":\"https:\\\/\\\/www.meydan.tv\\\/wp-content\\\/uploads\\\/img-20230526-wa0085.jpg\",\"datePublished\":\"2023-05-27T10:04:37+00:00\",\"dateModified\":\"2023-05-27T10:04:40+00:00\",\"breadcrumb\":{\"@id\":\"https:\\\/\\\/www.meydan.tv\\\/az\\\/article\\\/goycayda-renglerin-mocuzesi-adli-sergi-kecirilir\\\/#breadcrumb\"},\"inLanguage\":\"az\",\"potentialAction\":[{\"@type\":\"ReadAction\",\"target\":[\"https:\\\/\\\/www.meydan.tv\\\/az\\\/article\\\/goycayda-renglerin-mocuzesi-adli-sergi-kecirilir\\\/\"]}]},{\"@type\":\"ImageObject\",\"inLanguage\":\"az\",\"@id\":\"https:\\\/\\\/www.meydan.tv\\\/az\\\/article\\\/goycayda-renglerin-mocuzesi-adli-sergi-kecirilir\\\/#primaryimage\",\"url\":\"https:\\\/\\\/www.meydan.tv\\\/wp-content\\\/uploads\\\/img-20230526-wa0085.jpg\",\"contentUrl\":\"https:\\\/\\\/www.meydan.tv\\\/wp-content\\\/uploads\\\/img-20230526-wa0085.jpg\",\"width\":1280,\"height\":720,\"caption\":\"Fotolar: Meydan TV\"},{\"@type\":\"BreadcrumbList\",\"@id\":\"https:\\\/\\\/www.meydan.tv\\\/az\\\/article\\\/goycayda-renglerin-mocuzesi-adli-sergi-kecirilir\\\/#breadcrumb\",\"itemListElement\":[{\"@type\":\"ListItem\",\"position\":1,\"name\":\"Ana s\u0259hif\u0259\",\"item\":\"https:\\\/\\\/www.meydan.tv\\\/az\\\/\"},{\"@type\":\"ListItem\",\"position\":2,\"name\":\"B\u00f6lg\u0259\",\"item\":\"https:\\\/\\\/www.meydan.tv\\\/az\\\/section\\\/bolge\\\/\"},{\"@type\":\"ListItem\",\"position\":3,\"name\":\"G\u00f6y\u00e7ayda \u201cR\u0259ngl\u0259rin m\u00f6c\u00fcz\u0259si\u201d adl\u0131 s\u0259rgi ke\u00e7irilir\"}]},{\"@type\":\"WebSite\",\"@id\":\"https:\\\/\\\/www.meydan.tv\\\/az\\\/#website\",\"url\":\"https:\\\/\\\/www.meydan.tv\\\/az\\\/\",\"name\":\"MEYDAN.TV\",\"description\":\"Meydan TV Az\u0259rbaycan\u0131n media m\u0259kan\u0131ndak\u0131 alternativ s\u0259sidir\",\"publisher\":{\"@id\":\"https:\\\/\\\/www.meydan.tv\\\/az\\\/#organization\"},\"potentialAction\":[{\"@type\":\"SearchAction\",\"target\":{\"@type\":\"EntryPoint\",\"urlTemplate\":\"https:\\\/\\\/www.meydan.tv\\\/az\\\/?s={search_term_string}\"},\"query-input\":{\"@type\":\"PropertyValueSpecification\",\"valueRequired\":true,\"valueName\":\"search_term_string\"}}],\"inLanguage\":\"az\"},{\"@type\":\"Organization\",\"@id\":\"https:\\\/\\\/www.meydan.tv\\\/az\\\/#organization\",\"name\":\"Meydan TV\",\"url\":\"https:\\\/\\\/www.meydan.tv\\\/az\\\/\",\"logo\":{\"@type\":\"ImageObject\",\"inLanguage\":\"az\",\"@id\":\"https:\\\/\\\/www.meydan.tv\\\/az\\\/#\\\/schema\\\/logo\\\/image\\\/\",\"url\":\"https:\\\/\\\/www.meydan.tv\\\/wp-content\\\/uploads\\\/2021\\\/07\\\/meydan-logo.svg\",\"contentUrl\":\"https:\\\/\\\/www.meydan.tv\\\/wp-content\\\/uploads\\\/2021\\\/07\\\/meydan-logo.svg\",\"width\":195,\"height\":46,\"caption\":\"Meydan TV\"},\"image\":{\"@id\":\"https:\\\/\\\/www.meydan.tv\\\/az\\\/#\\\/schema\\\/logo\\\/image\\\/\"}},{\"@type\":\"Person\",\"@id\":\"https:\\\/\\\/www.meydan.tv\\\/az\\\/#\\\/schema\\\/person\\\/9cdbecf90d17180ce1dfbd95b08dcf47\",\"name\":\"elli\",\"sameAs\":[\"https:\\\/\\\/x.com\\\/elli\"]}]}<\/script>\n<!-- \/ Yoast SEO plugin. -->","yoast_head_json":{"title":"G\u00f6y\u00e7ayda \u201cR\u0259ngl\u0259rin m\u00f6c\u00fcz\u0259si\u201d adl\u0131 s\u0259rgi ke\u00e7irilir - MEYDAN.TV","robots":{"index":"index","follow":"follow","max-snippet":"max-snippet:-1","max-image-preview":"max-image-preview:large","max-video-preview":"max-video-preview:-1"},"canonical":"https:\/\/www.meydan.tv\/az\/article\/goycayda-renglerin-mocuzesi-adli-sergi-kecirilir\/","og_locale":"az_AZ","og_type":"article","og_title":"G\u00f6y\u00e7ayda \u201cR\u0259ngl\u0259rin m\u00f6c\u00fcz\u0259si\u201d adl\u0131 s\u0259rgi ke\u00e7irilir - MEYDAN.TV","og_description":"R\u0259ssamlar hesab edirl\u0259r ki, t\u0259\u015fkilatlanmaq laz\u0131md\u0131r G\u00f6y\u00e7ayda r\u0259ssamlar\u0131n \u0259l i\u015fl\u0259rind\u0259n ... Davam\u0131","og_url":"https:\/\/www.meydan.tv\/az\/article\/goycayda-renglerin-mocuzesi-adli-sergi-kecirilir\/","og_site_name":"MEYDAN.TV","article_published_time":"2023-05-27T10:04:37+00:00","article_modified_time":"2023-05-27T10:04:40+00:00","og_image":[{"width":1280,"height":720,"url":"https:\/\/www.meydan.tv\/wp-content\/uploads\/img-20230526-wa0085.jpg","type":"image\/jpeg"}],"author":"elli","twitter_card":"summary_large_image","twitter_creator":"@elli","schema":{"@context":"https:\/\/schema.org","@graph":[{"@type":"Article","@id":"https:\/\/www.meydan.tv\/az\/article\/goycayda-renglerin-mocuzesi-adli-sergi-kecirilir\/#article","isPartOf":{"@id":"https:\/\/www.meydan.tv\/az\/article\/goycayda-renglerin-mocuzesi-adli-sergi-kecirilir\/"},"author":{"name":"elli","@id":"https:\/\/www.meydan.tv\/az\/#\/schema\/person\/9cdbecf90d17180ce1dfbd95b08dcf47"},"headline":"G\u00f6y\u00e7ayda \u201cR\u0259ngl\u0259rin m\u00f6c\u00fcz\u0259si\u201d adl\u0131 s\u0259rgi ke\u00e7irilir","datePublished":"2023-05-27T10:04:37+00:00","dateModified":"2023-05-27T10:04:40+00:00","mainEntityOfPage":{"@id":"https:\/\/www.meydan.tv\/az\/article\/goycayda-renglerin-mocuzesi-adli-sergi-kecirilir\/"},"wordCount":1075,"publisher":{"@id":"https:\/\/www.meydan.tv\/az\/#organization"},"image":{"@id":"https:\/\/www.meydan.tv\/az\/article\/goycayda-renglerin-mocuzesi-adli-sergi-kecirilir\/#primaryimage"},"thumbnailUrl":"https:\/\/www.meydan.tv\/wp-content\/uploads\/img-20230526-wa0085.jpg","articleSection":["B\u00f6lg\u0259","X\u0259b\u0259rl\u0259r"],"inLanguage":"az"},{"@type":"WebPage","@id":"https:\/\/www.meydan.tv\/az\/article\/goycayda-renglerin-mocuzesi-adli-sergi-kecirilir\/","url":"https:\/\/www.meydan.tv\/az\/article\/goycayda-renglerin-mocuzesi-adli-sergi-kecirilir\/","name":"G\u00f6y\u00e7ayda \u201cR\u0259ngl\u0259rin m\u00f6c\u00fcz\u0259si\u201d adl\u0131 s\u0259rgi ke\u00e7irilir - MEYDAN.TV","isPartOf":{"@id":"https:\/\/www.meydan.tv\/az\/#website"},"primaryImageOfPage":{"@id":"https:\/\/www.meydan.tv\/az\/article\/goycayda-renglerin-mocuzesi-adli-sergi-kecirilir\/#primaryimage"},"image":{"@id":"https:\/\/www.meydan.tv\/az\/article\/goycayda-renglerin-mocuzesi-adli-sergi-kecirilir\/#primaryimage"},"thumbnailUrl":"https:\/\/www.meydan.tv\/wp-content\/uploads\/img-20230526-wa0085.jpg","datePublished":"2023-05-27T10:04:37+00:00","dateModified":"2023-05-27T10:04:40+00:00","breadcrumb":{"@id":"https:\/\/www.meydan.tv\/az\/article\/goycayda-renglerin-mocuzesi-adli-sergi-kecirilir\/#breadcrumb"},"inLanguage":"az","potentialAction":[{"@type":"ReadAction","target":["https:\/\/www.meydan.tv\/az\/article\/goycayda-renglerin-mocuzesi-adli-sergi-kecirilir\/"]}]},{"@type":"ImageObject","inLanguage":"az","@id":"https:\/\/www.meydan.tv\/az\/article\/goycayda-renglerin-mocuzesi-adli-sergi-kecirilir\/#primaryimage","url":"https:\/\/www.meydan.tv\/wp-content\/uploads\/img-20230526-wa0085.jpg","contentUrl":"https:\/\/www.meydan.tv\/wp-content\/uploads\/img-20230526-wa0085.jpg","width":1280,"height":720,"caption":"Fotolar: Meydan TV"},{"@type":"BreadcrumbList","@id":"https:\/\/www.meydan.tv\/az\/article\/goycayda-renglerin-mocuzesi-adli-sergi-kecirilir\/#breadcrumb","itemListElement":[{"@type":"ListItem","position":1,"name":"Ana s\u0259hif\u0259","item":"https:\/\/www.meydan.tv\/az\/"},{"@type":"ListItem","position":2,"name":"B\u00f6lg\u0259","item":"https:\/\/www.meydan.tv\/az\/section\/bolge\/"},{"@type":"ListItem","position":3,"name":"G\u00f6y\u00e7ayda \u201cR\u0259ngl\u0259rin m\u00f6c\u00fcz\u0259si\u201d adl\u0131 s\u0259rgi ke\u00e7irilir"}]},{"@type":"WebSite","@id":"https:\/\/www.meydan.tv\/az\/#website","url":"https:\/\/www.meydan.tv\/az\/","name":"MEYDAN.TV","description":"Meydan TV Az\u0259rbaycan\u0131n media m\u0259kan\u0131ndak\u0131 alternativ s\u0259sidir","publisher":{"@id":"https:\/\/www.meydan.tv\/az\/#organization"},"potentialAction":[{"@type":"SearchAction","target":{"@type":"EntryPoint","urlTemplate":"https:\/\/www.meydan.tv\/az\/?s={search_term_string}"},"query-input":{"@type":"PropertyValueSpecification","valueRequired":true,"valueName":"search_term_string"}}],"inLanguage":"az"},{"@type":"Organization","@id":"https:\/\/www.meydan.tv\/az\/#organization","name":"Meydan TV","url":"https:\/\/www.meydan.tv\/az\/","logo":{"@type":"ImageObject","inLanguage":"az","@id":"https:\/\/www.meydan.tv\/az\/#\/schema\/logo\/image\/","url":"https:\/\/www.meydan.tv\/wp-content\/uploads\/2021\/07\/meydan-logo.svg","contentUrl":"https:\/\/www.meydan.tv\/wp-content\/uploads\/2021\/07\/meydan-logo.svg","width":195,"height":46,"caption":"Meydan TV"},"image":{"@id":"https:\/\/www.meydan.tv\/az\/#\/schema\/logo\/image\/"}},{"@type":"Person","@id":"https:\/\/www.meydan.tv\/az\/#\/schema\/person\/9cdbecf90d17180ce1dfbd95b08dcf47","name":"elli","sameAs":["https:\/\/x.com\/elli"]}]}},"_links":{"self":[{"href":"https:\/\/www.meydan.tv\/az\/wp-json\/wp\/v2\/posts\/276228","targetHints":{"allow":["GET"]}}],"collection":[{"href":"https:\/\/www.meydan.tv\/az\/wp-json\/wp\/v2\/posts"}],"about":[{"href":"https:\/\/www.meydan.tv\/az\/wp-json\/wp\/v2\/types\/post"}],"author":[{"embeddable":true,"href":"https:\/\/www.meydan.tv\/az\/wp-json\/wp\/v2\/users\/8"}],"replies":[{"embeddable":true,"href":"https:\/\/www.meydan.tv\/az\/wp-json\/wp\/v2\/comments?post=276228"}],"version-history":[{"count":1,"href":"https:\/\/www.meydan.tv\/az\/wp-json\/wp\/v2\/posts\/276228\/revisions"}],"predecessor-version":[{"id":276232,"href":"https:\/\/www.meydan.tv\/az\/wp-json\/wp\/v2\/posts\/276228\/revisions\/276232"}],"wp:featuredmedia":[{"embeddable":true,"href":"https:\/\/www.meydan.tv\/az\/wp-json\/wp\/v2\/media\/276222"}],"wp:attachment":[{"href":"https:\/\/www.meydan.tv\/az\/wp-json\/wp\/v2\/media?parent=276228"}],"wp:term":[{"taxonomy":"category","embeddable":true,"href":"https:\/\/www.meydan.tv\/az\/wp-json\/wp\/v2\/categories?post=276228"},{"taxonomy":"post_tag","embeddable":true,"href":"https:\/\/www.meydan.tv\/az\/wp-json\/wp\/v2\/tags?post=276228"}],"curies":[{"name":"wp","href":"https:\/\/api.w.org\/{rel}","templated":true}]}}