{"id":276162,"date":"2023-05-26T17:06:33","date_gmt":"2023-05-26T13:06:33","guid":{"rendered":"https:\/\/www.meydan.tv\/?p=276162"},"modified":"2023-05-26T17:20:28","modified_gmt":"2023-05-26T13:20:28","slug":"bagislanmaz-sehv","status":"publish","type":"post","link":"https:\/\/www.meydan.tv\/az\/article\/bagislanmaz-sehv\/","title":{"rendered":"Ba\u011f\u0131\u015flanmaz s\u0259hv"},"content":{"rendered":"\n<p><\/p>\n\n\n\n<p><strong>R\u00f6v\u015f\u0259n Hac\u0131b\u0259yli<\/strong><\/p>\n\n\n\n<p><em><strong>Mahmud M\u0259mm\u0259dovun m\u00fcsahib\u0259si yerin\u0259 d\u00fc\u015fm\u0259di<\/strong><\/em><\/p>\n\n\n\n<p>Ham\u0131 \u00f6t\u0259n ild\u0259n bilir: bu il Heyd\u0259r \u018fliyev ilidir. Ad\u0259t\u0259n, ill\u0259r\u0259 ad yeni il ba\u015flayandan sonra verilir, ancaq builki ad \u00f6t\u0259n il elan olunan \u201c\u015eu\u015fa ili\u201d ba\u015fa \u00e7atmadan verilib \u2013 29 sentyabr 2022-ci ild\u0259. \u0130l\u0259 qabaqcadan ad verilm\u0259si d\u0259 t\u0259sad\u00fcfi deyil, ham\u0131 bilm\u0259li, haz\u0131rla\u015fmal\u0131d\u0131r. Heyd\u0259r \u018fliyevl\u0259 ba\u011fl\u0131 xatir\u0259si olan da, olmayan da n\u0259s\u0259 yazmal\u0131d\u0131r.<\/p>\n\n\n\n<p>Q\u0259zet-jurnal redaktorlar\u0131na x\u00fcsusi tap\u015f\u0131r\u0131q verilib, ham\u0131s\u0131 \u0259n az\u0131 bir s\u0259hif\u0259lik n\u0259s\u0259 yazmal\u0131d\u0131r, eyni zamanda m\u00fcxt\u0259lif pe\u015f\u0259 sahibl\u0259rinin d\u0259 Heyd\u0259r \u018fliyevl\u0259 ba\u011fl\u0131 yaz\u0131lar\u0131n\u0131 d\u0259rc etm\u0259lidir, yaza bilm\u0259y\u0259nin yerin\u0259 d\u0259. H\u0259r redaksiya ayr\u0131ca burax\u0131l\u0131\u015f haz\u0131rlamal\u0131, q\u0259zetin, jurnal\u0131n bir n\u00f6mr\u0259si b\u00fct\u00fcnl\u00fckl\u0259 Heyd\u0259r \u018fliyev\u0259 h\u0259sr olunmal\u0131d\u0131r. M\u00fcxt\u0259lif sah\u0259l\u0259r \u00fczr\u0259 kitablar \u00e7ap edilm\u0259lidir. El\u0259c\u0259 d\u0259 \u0259d\u0259biyyat, inc\u0259s\u0259n\u0259t adamlar\u0131 da \u00f6z s\u00f6z\u00fcn\u00fc dem\u0259lidir. \u015eairl\u0259r ilhamlar\u0131n\u0131 i\u015f\u0259 sal\u0131b \u015feirl\u0259rini yazmal\u0131d\u0131r. Saxta mandatl\u0131 deputatlar, akademikl\u0259r, aliml\u0259r d\u0259 ya yaz\u0131, ya da m\u00fcsahib\u0259 il\u0259 100 illiy\u0259 \u00f6z t\u00f6hf\u0259l\u0259rini verirl\u0259r.<\/p>\n\n\n\n<p>Bankir Mahmud M\u0259mm\u0259dov da&nbsp;<em>\u201cd\u0259st\u0259d\u0259n gerid\u0259 qalmamaq \u00fc\u015f\u00fcn\u201d<\/em>&nbsp;Heyd\u0259r \u018fliyevl\u0259 ba\u011fl\u0131 xatir\u0259 yaz\u0131s\u0131n\u0131<a href=\"http:\/\/qafqazinfo.az\/\" target=\"_blank\" rel=\"noreferrer noopener\">  <\/a>&#8220;<a href=\"https:\/\/qafqazinfo.az\/news\/detail\/heyder-eliyevle-bagli-cekilen-filme-gore-sui-qesd-mahmud-memmedovun-xatireleri-399080\" target=\"_blank\" rel=\"noreferrer noopener\">qafqazinfo<\/a>&#8221; sayt\u0131na yollay\u0131b. H\u0259min yaz\u0131 bu il may\u0131n 2-d\u0259 sayta qoyulub.<br>Xatir\u0259 yaz\u0131s\u0131nda oxucular \u00fc\u00e7\u00fcn maraql\u0131 m\u0259qamlar, gizlinl\u0259r var. Ola bilsin, bu m\u0259qamlardan b\u0259zil\u0259ri hakimiyy\u0259td\u0259kil\u0259rl\u0259 yana\u015f\u0131, Eynulla F\u0259tullayevin d\u0259 diqq\u0259tini \u00e7\u0259kib v\u0259 onda Mahmud m\u00fc\u0259lliml\u0259 m\u00fcsahib\u0259y\u0259 ehtiyac yaran\u0131b&#8230;<\/p>\n\n\n\n<p>Ancaq el\u0259 \u201cqafqazinfo.az\u201d sayt\u0131ndak\u0131 yaz\u0131 da d\u00fc\u015f\u00fcnm\u0259y\u0259 xeyli \u0259sas verir. Mahmud M\u0259mm\u0259dov Ayaz M\u00fct\u0259llibov hakimiyy\u0259ti zaman\u0131 parlay\u0131b, sahibi oldu\u011fu \u201cG\u00fcnaybank\u201d 1992-ci ild\u0259 yaran\u0131b, y\u0259ni Ayaz m\u00fc\u0259llimin hakimiyy\u0259ti ill\u0259rind\u0259. Maraql\u0131d\u0131r ki, o ill\u0259rd\u0259 Ayaz M\u00fct\u0259llibovla Heyd\u0259r \u018fliyevin m\u00fcnasib\u0259tl\u0259ri yax\u015f\u0131 olmay\u0131b. Nec\u0259 ola bil\u0259r ki, M\u00fct\u0259llibovun adam\u0131 kimi tan\u0131nan, eyni zamanda ona yax\u0131nl\u0131\u011f\u0131 il\u0259 m\u00fc\u0259yy\u0259n imtiyazlara sahib olan biri \u018fliyevin hakimiyy\u0259t\u0259 g\u0259lm\u0259si \u00fc\u00e7\u00fcn \u00e7al\u0131\u015f\u0131b (\u00f6z\u00fcn\u00fcn dediyin\u0259 g\u00f6r\u0259). Ayaz M\u00fct\u0259llibovun yan\u0131nda ola-ola, Heyd\u0259r \u018fliyev haqq\u0131nda \u00e7\u0259kil\u0259c\u0259k filmin maliyy\u0259sini \u00fcz\u0259rin\u0259 g\u00f6t\u00fcr\u00fcb, h\u0259m d\u0259 ozamank\u0131 prezidentin \u018fliyev\u0259 m\u00fcnasib\u0259tini bil\u0259-bil\u0259. \u00dcst\u0259lik, rabit\u0259 nazirinin m\u00fcavini Nadir \u018fhm\u0259dov (Ayaz M\u00fct\u0259llibovun vaxt\u0131nda, 1991-ci ild\u0259 nazir m\u00fcavini olub) Mahmud M\u0259mm\u0259dovun ofisin\u0259 \u00f6z\u0259l telefon x\u0259tti \u00e7\u0259kdirir. Xatir\u0259 yaz\u0131s\u0131ndan sitat:\u00a0<strong><em>\u201c&#8230;O zaman rabit\u0259 nazirinin m\u00fcavini olan m\u0259rhum Nadir \u018fhm\u0259dov Nax\u00e7\u0131vanla rahat \u0259laq\u0259 saxlamaq olsun dey\u0259, ofisim\u0259 \u00f6z\u0259l telefon x\u0259tti \u00e7\u0259kdirdi. Bunun say\u0259sind\u0259 Ulu \u00d6nd\u0259rl\u0259 tez-tez telefonla dan\u0131\u015fa bilirdim&#8230;\u201d<\/em><\/strong>.<\/p>\n\n\n\n<p>Bu, o ill\u0259r idi ki, Heyd\u0259r \u018fliyev h\u0259l\u0259 hakimiyy\u0259t iddias\u0131n\u0131 tam a\u00e7\u0131q \u015f\u0259kild\u0259 ortaya qoymam\u0131\u015fd\u0131. Az\u0259rbaycan Xalq C\u0259bh\u0259sinins\u0259 \u00e7ox g\u00fccl\u00fc v\u0259 hakimiyy\u0259t\u0259 iddial\u0131 vaxtlar\u0131yd\u0131, Ayaz M\u00fct\u0259llibov da hakimiyy\u0259tini, prezidentliyini qorumaq \u00fc\u00e7\u00fcn \u201cQarda\u015fl\u0131q\u201dla birg\u0259 m\u00fcbariz\u0259 apar\u0131rd\u0131. Yeri g\u0259lmi\u015fk\u0259n, \u018fb\u00fclf\u0259z El\u00e7ib\u0259yin d\u0259, Ayaz M\u00fct\u0259llibovdan f\u0259rqli olaraq, Heyd\u0259r \u018fliyev\u0259 m\u00fcnasib\u0259ti m\u00fcsb\u0259t idi&#8230;<\/p>\n\n\n\n<p>Bundan ba\u015fqa, xatir\u0259 yaz\u0131s\u0131nda v\u0259 m\u00fcsahib\u0259d\u0259, a\u00e7\u0131lmas\u0131 m\u0259sl\u0259h\u0259t olmayan m\u0259s\u0259l\u0259l\u0259rd\u0259n dan\u0131\u015f\u0131l\u0131r. G\u00f6r\u00fcn\u00fcr, Mahmud M\u0259mm\u0259dovun 100 illiyi f\u00fcrs\u0259t bilib \u018fliyevl\u0259r \u00fc\u00e7\u00fcn el\u0259dikl\u0259rini ill\u0259r sonra dil\u0259 g\u0259tirm\u0259si he\u00e7 d\u0259 yerin\u0259 d\u00fc\u015fm\u0259yib. Eynulla F\u0259tullayevl\u0259 <a href=\"https:\/\/www.youtube.com\/watch?v=GAOBFTw1Rdk\" target=\"_blank\" rel=\"noreferrer noopener\">m\u00fcsahib\u0259si <\/a> sayta qoyulan g\u00fcn (7 may 2023) onun giley dolu ba\u015fqa bir a\u00e7\u0131qlamas\u0131 da var:&nbsp;<em>\u201cBank\u0131n ehtiyac\u0131 olsa da, M\u0259rk\u0259zi Bank &#8220;G\u00fcnay Bank&#8221;-a v\u0259sait ay\u0131rmay\u0131b. El\u0259 banklar vard\u0131 ki, 500-600 milyon manat kredit verirdi, biz\u0259 is\u0259 1-2 milyon manat kredit verm\u0259yi d\u0259 \u00e7ox g\u00f6r\u00fcrd\u00fc\u201d.<\/em><\/p>\n\n\n\n<p>Ola bilsin, M\u0259rk\u0259zi Bank\u0131n \u0130dar\u0259 Hey\u0259tinin 16 may 2023-c\u00fc il tarixli Q\u0259rar\u0131 il\u0259 \u201cG\u00fcnay Bank\u201d\u0131n&nbsp;<em>\u201cm\u0259cmu kapital\u0131n\u0131n miqdar\u0131n\u0131n banklar \u00fc\u00e7\u00fcn m\u00fc\u0259yy\u0259n edilmi\u015f minimum miqdar\u0131ndan (50 milyon) az olmas\u0131\u201d<\/em>n\u0131n s\u0259b\u0259bini el\u0259 o xatir\u0259 yaz\u0131s\u0131nda v\u0259 m\u00fcsahib\u0259d\u0259 axtarmaq g\u0259r\u0259kdir&#8230;<\/p>\n","protected":false},"excerpt":{"rendered":"<p>R\u00f6v\u015f\u0259n Hac\u0131b\u0259yli Mahmud M\u0259mm\u0259dovun m\u00fcsahib\u0259si yerin\u0259 d\u00fc\u015fm\u0259di Ham\u0131 \u00f6t\u0259n ild\u0259n &#8230; <\/p>\n<p class=\"read-more-container\"><a title=\"Ba\u011f\u0131\u015flanmaz s\u0259hv\" class=\"read-more button\" href=\"https:\/\/www.meydan.tv\/az\/article\/bagislanmaz-sehv\/#more-276162\" aria-label=\"Read more about Ba\u011f\u0131\u015flanmaz s\u0259hv\">Davam\u0131<\/a><\/p>\n","protected":false},"author":8,"featured_media":125837,"comment_status":"closed","ping_status":"closed","sticky":false,"template":"","format":"standard","meta":{"_acf_changed":false,"_sitemap_exclude":false,"_sitemap_priority":"","_sitemap_frequency":"","footnotes":""},"categories":[57],"tags":[],"class_list":["post-276162","post","type-post","status-publish","format-standard","has-post-thumbnail","hentry","category-menim-fikrimce","infinite-scroll-item","generate-columns","tablet-grid-50","mobile-grid-100","grid-parent","grid-33","no-featured-image-padding"],"acf":[],"yoast_head":"<!-- This site is optimized with the Yoast SEO plugin v27.4 - https:\/\/yoast.com\/product\/yoast-seo-wordpress\/ -->\n<title>Ba\u011f\u0131\u015flanmaz s\u0259hv - MEYDAN.TV<\/title>\n<meta name=\"robots\" content=\"index, follow, max-snippet:-1, max-image-preview:large, max-video-preview:-1\" \/>\n<link rel=\"canonical\" href=\"https:\/\/www.meydan.tv\/az\/article\/bagislanmaz-sehv\/\" \/>\n<meta property=\"og:locale\" content=\"az_AZ\" \/>\n<meta property=\"og:type\" content=\"article\" \/>\n<meta property=\"og:title\" content=\"Ba\u011f\u0131\u015flanmaz s\u0259hv - MEYDAN.TV\" \/>\n<meta property=\"og:description\" content=\"R\u00f6v\u015f\u0259n Hac\u0131b\u0259yli Mahmud M\u0259mm\u0259dovun m\u00fcsahib\u0259si yerin\u0259 d\u00fc\u015fm\u0259di Ham\u0131 \u00f6t\u0259n ild\u0259n ... Davam\u0131\" \/>\n<meta property=\"og:url\" content=\"https:\/\/www.meydan.tv\/az\/article\/bagislanmaz-sehv\/\" \/>\n<meta property=\"og:site_name\" content=\"MEYDAN.TV\" \/>\n<meta property=\"article:published_time\" content=\"2023-05-26T13:06:33+00:00\" \/>\n<meta property=\"article:modified_time\" content=\"2023-05-26T13:20:28+00:00\" \/>\n<meta property=\"og:image\" content=\"https:\/\/www.meydan.tv\/wp-content\/uploads\/image_from_ios_unrqckb.original-scaled-e1685106480202.jpg\" \/>\n\t<meta property=\"og:image:width\" content=\"2560\" \/>\n\t<meta property=\"og:image:height\" content=\"1228\" \/>\n\t<meta property=\"og:image:type\" content=\"image\/jpeg\" \/>\n<meta name=\"author\" content=\"elli\" \/>\n<meta name=\"twitter:card\" content=\"summary_large_image\" \/>\n<meta name=\"twitter:creator\" content=\"@elli\" \/>\n<script type=\"application\/ld+json\" class=\"yoast-schema-graph\">{\"@context\":\"https:\\\/\\\/schema.org\",\"@graph\":[{\"@type\":\"Article\",\"@id\":\"https:\\\/\\\/www.meydan.tv\\\/az\\\/article\\\/bagislanmaz-sehv\\\/#article\",\"isPartOf\":{\"@id\":\"https:\\\/\\\/www.meydan.tv\\\/az\\\/article\\\/bagislanmaz-sehv\\\/\"},\"author\":{\"name\":\"elli\",\"@id\":\"https:\\\/\\\/www.meydan.tv\\\/az\\\/#\\\/schema\\\/person\\\/9cdbecf90d17180ce1dfbd95b08dcf47\"},\"headline\":\"Ba\u011f\u0131\u015flanmaz s\u0259hv\",\"datePublished\":\"2023-05-26T13:06:33+00:00\",\"dateModified\":\"2023-05-26T13:20:28+00:00\",\"mainEntityOfPage\":{\"@id\":\"https:\\\/\\\/www.meydan.tv\\\/az\\\/article\\\/bagislanmaz-sehv\\\/\"},\"wordCount\":803,\"publisher\":{\"@id\":\"https:\\\/\\\/www.meydan.tv\\\/az\\\/#organization\"},\"image\":{\"@id\":\"https:\\\/\\\/www.meydan.tv\\\/az\\\/article\\\/bagislanmaz-sehv\\\/#primaryimage\"},\"thumbnailUrl\":\"https:\\\/\\\/www.meydan.tv\\\/wp-content\\\/uploads\\\/image_from_ios_unrqckb.original-scaled-e1685106480202.jpg\",\"articleSection\":[\"M\u0259nim Fikrimc\u0259\"],\"inLanguage\":\"az\"},{\"@type\":\"WebPage\",\"@id\":\"https:\\\/\\\/www.meydan.tv\\\/az\\\/article\\\/bagislanmaz-sehv\\\/\",\"url\":\"https:\\\/\\\/www.meydan.tv\\\/az\\\/article\\\/bagislanmaz-sehv\\\/\",\"name\":\"Ba\u011f\u0131\u015flanmaz s\u0259hv - MEYDAN.TV\",\"isPartOf\":{\"@id\":\"https:\\\/\\\/www.meydan.tv\\\/az\\\/#website\"},\"primaryImageOfPage\":{\"@id\":\"https:\\\/\\\/www.meydan.tv\\\/az\\\/article\\\/bagislanmaz-sehv\\\/#primaryimage\"},\"image\":{\"@id\":\"https:\\\/\\\/www.meydan.tv\\\/az\\\/article\\\/bagislanmaz-sehv\\\/#primaryimage\"},\"thumbnailUrl\":\"https:\\\/\\\/www.meydan.tv\\\/wp-content\\\/uploads\\\/image_from_ios_unrqckb.original-scaled-e1685106480202.jpg\",\"datePublished\":\"2023-05-26T13:06:33+00:00\",\"dateModified\":\"2023-05-26T13:20:28+00:00\",\"breadcrumb\":{\"@id\":\"https:\\\/\\\/www.meydan.tv\\\/az\\\/article\\\/bagislanmaz-sehv\\\/#breadcrumb\"},\"inLanguage\":\"az\",\"potentialAction\":[{\"@type\":\"ReadAction\",\"target\":[\"https:\\\/\\\/www.meydan.tv\\\/az\\\/article\\\/bagislanmaz-sehv\\\/\"]}]},{\"@type\":\"ImageObject\",\"inLanguage\":\"az\",\"@id\":\"https:\\\/\\\/www.meydan.tv\\\/az\\\/article\\\/bagislanmaz-sehv\\\/#primaryimage\",\"url\":\"https:\\\/\\\/www.meydan.tv\\\/wp-content\\\/uploads\\\/image_from_ios_unrqckb.original-scaled-e1685106480202.jpg\",\"contentUrl\":\"https:\\\/\\\/www.meydan.tv\\\/wp-content\\\/uploads\\\/image_from_ios_unrqckb.original-scaled-e1685106480202.jpg\",\"width\":2560,\"height\":1228,\"caption\":\"M\u0259nb\u0259: Meydan TV\"},{\"@type\":\"BreadcrumbList\",\"@id\":\"https:\\\/\\\/www.meydan.tv\\\/az\\\/article\\\/bagislanmaz-sehv\\\/#breadcrumb\",\"itemListElement\":[{\"@type\":\"ListItem\",\"position\":1,\"name\":\"Ana s\u0259hif\u0259\",\"item\":\"https:\\\/\\\/www.meydan.tv\\\/az\\\/\"},{\"@type\":\"ListItem\",\"position\":2,\"name\":\"M\u0259nim Fikrimc\u0259\",\"item\":\"https:\\\/\\\/www.meydan.tv\\\/az\\\/section\\\/menim-fikrimce\\\/\"},{\"@type\":\"ListItem\",\"position\":3,\"name\":\"Ba\u011f\u0131\u015flanmaz s\u0259hv\"}]},{\"@type\":\"WebSite\",\"@id\":\"https:\\\/\\\/www.meydan.tv\\\/az\\\/#website\",\"url\":\"https:\\\/\\\/www.meydan.tv\\\/az\\\/\",\"name\":\"MEYDAN.TV\",\"description\":\"Meydan TV Az\u0259rbaycan\u0131n media m\u0259kan\u0131ndak\u0131 alternativ s\u0259sidir\",\"publisher\":{\"@id\":\"https:\\\/\\\/www.meydan.tv\\\/az\\\/#organization\"},\"potentialAction\":[{\"@type\":\"SearchAction\",\"target\":{\"@type\":\"EntryPoint\",\"urlTemplate\":\"https:\\\/\\\/www.meydan.tv\\\/az\\\/?s={search_term_string}\"},\"query-input\":{\"@type\":\"PropertyValueSpecification\",\"valueRequired\":true,\"valueName\":\"search_term_string\"}}],\"inLanguage\":\"az\"},{\"@type\":\"Organization\",\"@id\":\"https:\\\/\\\/www.meydan.tv\\\/az\\\/#organization\",\"name\":\"Meydan TV\",\"url\":\"https:\\\/\\\/www.meydan.tv\\\/az\\\/\",\"logo\":{\"@type\":\"ImageObject\",\"inLanguage\":\"az\",\"@id\":\"https:\\\/\\\/www.meydan.tv\\\/az\\\/#\\\/schema\\\/logo\\\/image\\\/\",\"url\":\"https:\\\/\\\/www.meydan.tv\\\/wp-content\\\/uploads\\\/2021\\\/07\\\/meydan-logo.svg\",\"contentUrl\":\"https:\\\/\\\/www.meydan.tv\\\/wp-content\\\/uploads\\\/2021\\\/07\\\/meydan-logo.svg\",\"width\":195,\"height\":46,\"caption\":\"Meydan TV\"},\"image\":{\"@id\":\"https:\\\/\\\/www.meydan.tv\\\/az\\\/#\\\/schema\\\/logo\\\/image\\\/\"}},{\"@type\":\"Person\",\"@id\":\"https:\\\/\\\/www.meydan.tv\\\/az\\\/#\\\/schema\\\/person\\\/9cdbecf90d17180ce1dfbd95b08dcf47\",\"name\":\"elli\",\"sameAs\":[\"https:\\\/\\\/x.com\\\/elli\"]}]}<\/script>\n<!-- \/ Yoast SEO plugin. -->","yoast_head_json":{"title":"Ba\u011f\u0131\u015flanmaz s\u0259hv - MEYDAN.TV","robots":{"index":"index","follow":"follow","max-snippet":"max-snippet:-1","max-image-preview":"max-image-preview:large","max-video-preview":"max-video-preview:-1"},"canonical":"https:\/\/www.meydan.tv\/az\/article\/bagislanmaz-sehv\/","og_locale":"az_AZ","og_type":"article","og_title":"Ba\u011f\u0131\u015flanmaz s\u0259hv - MEYDAN.TV","og_description":"R\u00f6v\u015f\u0259n Hac\u0131b\u0259yli Mahmud M\u0259mm\u0259dovun m\u00fcsahib\u0259si yerin\u0259 d\u00fc\u015fm\u0259di Ham\u0131 \u00f6t\u0259n ild\u0259n ... Davam\u0131","og_url":"https:\/\/www.meydan.tv\/az\/article\/bagislanmaz-sehv\/","og_site_name":"MEYDAN.TV","article_published_time":"2023-05-26T13:06:33+00:00","article_modified_time":"2023-05-26T13:20:28+00:00","og_image":[{"width":2560,"height":1228,"url":"https:\/\/www.meydan.tv\/wp-content\/uploads\/image_from_ios_unrqckb.original-scaled-e1685106480202.jpg","type":"image\/jpeg"}],"author":"elli","twitter_card":"summary_large_image","twitter_creator":"@elli","schema":{"@context":"https:\/\/schema.org","@graph":[{"@type":"Article","@id":"https:\/\/www.meydan.tv\/az\/article\/bagislanmaz-sehv\/#article","isPartOf":{"@id":"https:\/\/www.meydan.tv\/az\/article\/bagislanmaz-sehv\/"},"author":{"name":"elli","@id":"https:\/\/www.meydan.tv\/az\/#\/schema\/person\/9cdbecf90d17180ce1dfbd95b08dcf47"},"headline":"Ba\u011f\u0131\u015flanmaz s\u0259hv","datePublished":"2023-05-26T13:06:33+00:00","dateModified":"2023-05-26T13:20:28+00:00","mainEntityOfPage":{"@id":"https:\/\/www.meydan.tv\/az\/article\/bagislanmaz-sehv\/"},"wordCount":803,"publisher":{"@id":"https:\/\/www.meydan.tv\/az\/#organization"},"image":{"@id":"https:\/\/www.meydan.tv\/az\/article\/bagislanmaz-sehv\/#primaryimage"},"thumbnailUrl":"https:\/\/www.meydan.tv\/wp-content\/uploads\/image_from_ios_unrqckb.original-scaled-e1685106480202.jpg","articleSection":["M\u0259nim Fikrimc\u0259"],"inLanguage":"az"},{"@type":"WebPage","@id":"https:\/\/www.meydan.tv\/az\/article\/bagislanmaz-sehv\/","url":"https:\/\/www.meydan.tv\/az\/article\/bagislanmaz-sehv\/","name":"Ba\u011f\u0131\u015flanmaz s\u0259hv - MEYDAN.TV","isPartOf":{"@id":"https:\/\/www.meydan.tv\/az\/#website"},"primaryImageOfPage":{"@id":"https:\/\/www.meydan.tv\/az\/article\/bagislanmaz-sehv\/#primaryimage"},"image":{"@id":"https:\/\/www.meydan.tv\/az\/article\/bagislanmaz-sehv\/#primaryimage"},"thumbnailUrl":"https:\/\/www.meydan.tv\/wp-content\/uploads\/image_from_ios_unrqckb.original-scaled-e1685106480202.jpg","datePublished":"2023-05-26T13:06:33+00:00","dateModified":"2023-05-26T13:20:28+00:00","breadcrumb":{"@id":"https:\/\/www.meydan.tv\/az\/article\/bagislanmaz-sehv\/#breadcrumb"},"inLanguage":"az","potentialAction":[{"@type":"ReadAction","target":["https:\/\/www.meydan.tv\/az\/article\/bagislanmaz-sehv\/"]}]},{"@type":"ImageObject","inLanguage":"az","@id":"https:\/\/www.meydan.tv\/az\/article\/bagislanmaz-sehv\/#primaryimage","url":"https:\/\/www.meydan.tv\/wp-content\/uploads\/image_from_ios_unrqckb.original-scaled-e1685106480202.jpg","contentUrl":"https:\/\/www.meydan.tv\/wp-content\/uploads\/image_from_ios_unrqckb.original-scaled-e1685106480202.jpg","width":2560,"height":1228,"caption":"M\u0259nb\u0259: Meydan TV"},{"@type":"BreadcrumbList","@id":"https:\/\/www.meydan.tv\/az\/article\/bagislanmaz-sehv\/#breadcrumb","itemListElement":[{"@type":"ListItem","position":1,"name":"Ana s\u0259hif\u0259","item":"https:\/\/www.meydan.tv\/az\/"},{"@type":"ListItem","position":2,"name":"M\u0259nim Fikrimc\u0259","item":"https:\/\/www.meydan.tv\/az\/section\/menim-fikrimce\/"},{"@type":"ListItem","position":3,"name":"Ba\u011f\u0131\u015flanmaz s\u0259hv"}]},{"@type":"WebSite","@id":"https:\/\/www.meydan.tv\/az\/#website","url":"https:\/\/www.meydan.tv\/az\/","name":"MEYDAN.TV","description":"Meydan TV Az\u0259rbaycan\u0131n media m\u0259kan\u0131ndak\u0131 alternativ s\u0259sidir","publisher":{"@id":"https:\/\/www.meydan.tv\/az\/#organization"},"potentialAction":[{"@type":"SearchAction","target":{"@type":"EntryPoint","urlTemplate":"https:\/\/www.meydan.tv\/az\/?s={search_term_string}"},"query-input":{"@type":"PropertyValueSpecification","valueRequired":true,"valueName":"search_term_string"}}],"inLanguage":"az"},{"@type":"Organization","@id":"https:\/\/www.meydan.tv\/az\/#organization","name":"Meydan TV","url":"https:\/\/www.meydan.tv\/az\/","logo":{"@type":"ImageObject","inLanguage":"az","@id":"https:\/\/www.meydan.tv\/az\/#\/schema\/logo\/image\/","url":"https:\/\/www.meydan.tv\/wp-content\/uploads\/2021\/07\/meydan-logo.svg","contentUrl":"https:\/\/www.meydan.tv\/wp-content\/uploads\/2021\/07\/meydan-logo.svg","width":195,"height":46,"caption":"Meydan TV"},"image":{"@id":"https:\/\/www.meydan.tv\/az\/#\/schema\/logo\/image\/"}},{"@type":"Person","@id":"https:\/\/www.meydan.tv\/az\/#\/schema\/person\/9cdbecf90d17180ce1dfbd95b08dcf47","name":"elli","sameAs":["https:\/\/x.com\/elli"]}]}},"_links":{"self":[{"href":"https:\/\/www.meydan.tv\/az\/wp-json\/wp\/v2\/posts\/276162","targetHints":{"allow":["GET"]}}],"collection":[{"href":"https:\/\/www.meydan.tv\/az\/wp-json\/wp\/v2\/posts"}],"about":[{"href":"https:\/\/www.meydan.tv\/az\/wp-json\/wp\/v2\/types\/post"}],"author":[{"embeddable":true,"href":"https:\/\/www.meydan.tv\/az\/wp-json\/wp\/v2\/users\/8"}],"replies":[{"embeddable":true,"href":"https:\/\/www.meydan.tv\/az\/wp-json\/wp\/v2\/comments?post=276162"}],"version-history":[{"count":5,"href":"https:\/\/www.meydan.tv\/az\/wp-json\/wp\/v2\/posts\/276162\/revisions"}],"predecessor-version":[{"id":276170,"href":"https:\/\/www.meydan.tv\/az\/wp-json\/wp\/v2\/posts\/276162\/revisions\/276170"}],"wp:featuredmedia":[{"embeddable":true,"href":"https:\/\/www.meydan.tv\/az\/wp-json\/wp\/v2\/media\/125837"}],"wp:attachment":[{"href":"https:\/\/www.meydan.tv\/az\/wp-json\/wp\/v2\/media?parent=276162"}],"wp:term":[{"taxonomy":"category","embeddable":true,"href":"https:\/\/www.meydan.tv\/az\/wp-json\/wp\/v2\/categories?post=276162"},{"taxonomy":"post_tag","embeddable":true,"href":"https:\/\/www.meydan.tv\/az\/wp-json\/wp\/v2\/tags?post=276162"}],"curies":[{"name":"wp","href":"https:\/\/api.w.org\/{rel}","templated":true}]}}